{"id":7895,"date":"2021-04-08T08:35:45","date_gmt":"2021-04-08T06:35:45","guid":{"rendered":"https:\/\/www.organisator.ch\/?p=7895"},"modified":"2021-04-08T08:35:45","modified_gmt":"2021-04-08T06:35:45","slug":"digitaler-reifegrad-von-kmu-hohe-digitalisierungs-bereitschaft-aber-mit-vorsicht","status":"publish","type":"post","link":"https:\/\/www.organisator.ch\/fr\/management\/it\/2021-04-08\/digitaler-reifegrad-von-kmu-hohe-digitalisierungs-bereitschaft-aber-mit-vorsicht\/","title":{"rendered":"Maturit\u00e9 num\u00e9rique des PME : une forte propension \u00e0 la num\u00e9risation - mais avec prudence"},"content":{"rendered":"<figure id=\"attachment_7896\" aria-describedby=\"caption-attachment-7896\" style=\"width: 680px\" class=\"wp-caption alignnone\"><img loading=\"lazy\" decoding=\"async\" class=\"size-medium wp-image-7896\" src=\"https:\/\/www.organisator.ch\/wp-content\/uploads\/2021\/04\/Digitaler-Reifegrad-von-KMU-Hohe-Digitalisierungs-Bereitschaft-aber-mit-Vorsicht-1_Organisator.jpg\" alt=\"\" width=\"680\" height=\"337\" srcset=\"https:\/\/www.organisator.ch\/wp-content\/uploads\/2021\/04\/Digitaler-Reifegrad-von-KMU-Hohe-Digitalisierungs-Bereitschaft-aber-mit-Vorsicht-1_Organisator.jpg 680w, https:\/\/www.organisator.ch\/wp-content\/uploads\/2021\/04\/Digitaler-Reifegrad-von-KMU-Hohe-Digitalisierungs-Bereitschaft-aber-mit-Vorsicht-1_Organisator-16x8.jpg 16w, https:\/\/www.organisator.ch\/wp-content\/uploads\/2021\/04\/Digitaler-Reifegrad-von-KMU-Hohe-Digitalisierungs-Bereitschaft-aber-mit-Vorsicht-1_Organisator-353x175.jpg 353w, https:\/\/www.organisator.ch\/wp-content\/uploads\/2021\/04\/Digitaler-Reifegrad-von-KMU-Hohe-Digitalisierungs-Bereitschaft-aber-mit-Vorsicht-1_Organisator-300x149.jpg 300w\" sizes=\"auto, (max-width: 680px) 100vw, 680px\" \/><figcaption id=\"caption-attachment-7896\" class=\"wp-caption-text\">Maturit\u00e9 num\u00e9rique dans les PME : il y a encore beaucoup de retard \u00e0 rattraper. (Graphique : ABRA Software)<\/figcaption><\/figure>\n<p>Quelle est la situation en mati\u00e8re de \"maturit\u00e9 num\u00e9rique\" dans les entreprises suisses ? L'\u00e9diteur international de logiciels ABRA s'est pench\u00e9 sur cette question. Plus de 60 entreprises de diff\u00e9rents secteurs ont particip\u00e9 \u00e0 une enqu\u00eate men\u00e9e \u00e0 cet effet. Environ 90 % d'entre elles \u00e9taient des entreprises suisses de l'espace \u00e9conomique germanophone. La taille des entreprises variait de l'artisanat aux entreprises de taille moyenne. Les questions portaient sur 11 domaines, comme par exemple la strat\u00e9gie, l'organisation, l'exp\u00e9rience client, l'innovation produit ou la collaboration. Les facteurs d'influence externes et les effets de la pand\u00e9mie ont \u00e9galement \u00e9t\u00e9 pris en compte.<\/p>\n<h2><strong>Maturit\u00e9 num\u00e9rique : il reste encore beaucoup \u00e0 faire au niveau des processus<\/strong><\/h2>\n<p>Il ressort de l'enqu\u00eate que les entreprises suisses sont majoritairement conscientes de l'importance et de l'urgence des changements num\u00e9riques. 73 % des entreprises interrog\u00e9es estiment que la num\u00e9risation est d\u00e9terminante pour leur succ\u00e8s \u00e9conomique futur. Toutefois, il reste encore beaucoup \u00e0 faire en ce qui concerne l'int\u00e9gration des processus, les \u00e9valuations assist\u00e9es par des syst\u00e8mes ou l'utilisation des possibilit\u00e9s num\u00e9riques pour l'interaction avec les clients - par ex. les m\u00e9dias sociaux, le marketing automation.<\/p>\n<h2><strong>Impact sur les mod\u00e8les commerciaux<\/strong><\/h2>\n<p>Avec une pertinence \u00e9valu\u00e9e \u00e0 84 % et 79 %, les th\u00e8mes de la strat\u00e9gie et de l'organisation refl\u00e8tent la conscience que les th\u00e8mes et les projets num\u00e9riques doivent \u00eatre int\u00e9gr\u00e9s dans les mod\u00e8les commerciaux. Dans 71 % des PME interrog\u00e9es, on est conscient que les produits et les services doivent \u00e9galement \u00eatre num\u00e9ris\u00e9s. Toutefois, les entreprises sont prudentes en ce qui concerne la num\u00e9risation des processus (voir graphique ci-dessous).<\/p>\n<figure id=\"attachment_7897\" aria-describedby=\"caption-attachment-7897\" style=\"width: 680px\" class=\"wp-caption alignnone\"><img loading=\"lazy\" decoding=\"async\" class=\"wp-image-7897 size-medium\" src=\"https:\/\/www.organisator.ch\/wp-content\/uploads\/2021\/04\/Digitaler-Reifegrad-von-KMU-Hohe-Digitalisierungs-Bereitschaft-aber-mit-Vorsicht-2_Organisator.jpg\" alt=\"\" width=\"680\" height=\"343\" srcset=\"https:\/\/www.organisator.ch\/wp-content\/uploads\/2021\/04\/Digitaler-Reifegrad-von-KMU-Hohe-Digitalisierungs-Bereitschaft-aber-mit-Vorsicht-2_Organisator.jpg 680w, https:\/\/www.organisator.ch\/wp-content\/uploads\/2021\/04\/Digitaler-Reifegrad-von-KMU-Hohe-Digitalisierungs-Bereitschaft-aber-mit-Vorsicht-2_Organisator-16x8.jpg 16w, https:\/\/www.organisator.ch\/wp-content\/uploads\/2021\/04\/Digitaler-Reifegrad-von-KMU-Hohe-Digitalisierungs-Bereitschaft-aber-mit-Vorsicht-2_Organisator-347x175.jpg 347w, https:\/\/www.organisator.ch\/wp-content\/uploads\/2021\/04\/Digitaler-Reifegrad-von-KMU-Hohe-Digitalisierungs-Bereitschaft-aber-mit-Vorsicht-2_Organisator-300x151.jpg 300w\" sizes=\"auto, (max-width: 680px) 100vw, 680px\" \/><figcaption id=\"caption-attachment-7897\" class=\"wp-caption-text\">(Graphique : ABRA Software)<\/figcaption><\/figure>\n<h2><strong>La transformation est l'affaire du chef<\/strong><\/h2>\n<p>Pr\u00e8s de 80 % des entreprises sont conscientes que les d\u00e9fis num\u00e9riques de l'avenir ne pourront pas \u00eatre relev\u00e9s sans les technologies de l'information et une gestion ad\u00e9quate de la transformation. Un tiers des personnes interrog\u00e9es estiment toutefois que l'influence de la num\u00e9risation dans les business plans est encore trop faible. Dans l'ensemble, le management est toutefois bien not\u00e9 en ce qui concerne le changement num\u00e9rique.<\/p>\n<p><em>Source et informations compl\u00e9mentaires : <a href=\"http:\/\/www.abrasoftware.ch\">ABRA Software AG<\/a><\/em><\/p>","protected":false},"excerpt":{"rendered":"<p>Wie steht es in Sachen &#8222;Digitaler Reifegrad&#8220; in Schweizer Unternehmen? Mit dieser Frage besch\u00e4ftigt hat sich der internationale Softwarehersteller ABRA. An einer zu diesem Zweck durchgef\u00fchrten Umfrage nahmen \u00fcber 60 Unternehmen aus diversen Branchen teil. Rund 90 % davon waren Schweizer Firmen im deutschsprachigen Wirtschaftsraum. Die Unternehmensgr\u00f6ssen variierten dabei von Gewerbebetrieben bis zu mittelgrossen Firmen. [&hellip;]<\/p>\n","protected":false},"author":4,"featured_media":7896,"comment_status":"closed","ping_status":"closed","sticky":false,"template":"","format":"standard","meta":{"_acf_changed":false,"_yoast_wpseo_focuskw":"Digitaler Reifegrad","_yoast_wpseo_metadesc":"Wo stehen Unternehmen in Sachen digitaler Reifegrad? Welche Themen besch\u00e4ftigen KMU am meisten? Der Software-Herstellers ABRA ging diesen Fragen nach.","articlekey":"","footnotes":""},"categories":[27],"tags":[156,288,487],"class_list":["post-7895","post","type-post","status-publish","format-standard","has-post-thumbnail","hentry","category-it","tag-digitalisierung","tag-it-business-software","tag-umfrage"],"acf":[],"yoast_head":"<!-- This site is optimized with the Yoast SEO plugin v27.4 - https:\/\/yoast.com\/product\/yoast-seo-wordpress\/ -->\n<title>Digitaler Reifegrad von KMU: Hohe Digitalisierungs-Bereitschaft - aber mit Vorsicht - Organisator<\/title>\n<meta name=\"description\" content=\"Wo stehen Unternehmen in Sachen digitaler Reifegrad? Welche Themen besch\u00e4ftigen KMU am meisten? Der Software-Herstellers ABRA ging diesen Fragen nach.\" \/>\n<meta name=\"robots\" content=\"index, follow, max-snippet:-1, max-image-preview:large, max-video-preview:-1\" \/>\n<link rel=\"canonical\" href=\"https:\/\/www.organisator.ch\/fr\/gestion-2\/it\/2021-04-08\/digitaler-reifegrad-von-kmu-hohe-digitalisierungs-bereitschaft-aber-mit-vorsicht\/\" \/>\n<meta property=\"og:locale\" content=\"fr_FR\" \/>\n<meta property=\"og:type\" content=\"article\" \/>\n<meta property=\"og:title\" content=\"Digitaler Reifegrad von KMU: Hohe Digitalisierungs-Bereitschaft - aber mit Vorsicht\" \/>\n<meta property=\"og:description\" content=\"Wo stehen Unternehmen in Sachen digitaler Reifegrad? Welche Themen besch\u00e4ftigen KMU am meisten? Der Software-Herstellers ABRA ging diesen Fragen nach.\" \/>\n<meta property=\"og:url\" content=\"https:\/\/www.organisator.ch\/fr\/gestion-2\/it\/2021-04-08\/digitaler-reifegrad-von-kmu-hohe-digitalisierungs-bereitschaft-aber-mit-vorsicht\/\" \/>\n<meta property=\"og:site_name\" content=\"Organisator\" \/>\n<meta property=\"article:publisher\" content=\"https:\/\/www.facebook.com\/OrganisatorFachmagazin\" \/>\n<meta property=\"article:published_time\" content=\"2021-04-08T06:35:45+00:00\" \/>\n<meta property=\"og:image\" content=\"https:\/\/www.organisator.ch\/wp-content\/uploads\/2021\/04\/Digitaler-Reifegrad-von-KMU-Hohe-Digitalisierungs-Bereitschaft-aber-mit-Vorsicht-1_Organisator.jpg\" \/>\n\t<meta property=\"og:image:width\" content=\"680\" \/>\n\t<meta property=\"og:image:height\" content=\"337\" \/>\n\t<meta property=\"og:image:type\" content=\"image\/jpeg\" \/>\n<meta name=\"author\" content=\"thomas.berner\" \/>\n<meta name=\"twitter:card\" content=\"summary_large_image\" \/>\n<meta name=\"twitter:title\" content=\"Digitaler Reifegrad von KMU: Hohe #Digitalisierungs-Bereitschaft - aber mit Vorsicht\" \/>\n<meta name=\"twitter:description\" content=\"Wo stehen Unternehmen in Sachen digitaler #Reifegrad? Welche Themen besch\u00e4ftigen KMU am meisten? Der Software-Herstellers #ABRA ging diesen Fragen nach.\" \/>\n<meta name=\"twitter:image\" content=\"https:\/\/www.organisator.ch\/wp-content\/uploads\/2021\/04\/Digitaler-Reifegrad-von-KMU-Hohe-Digitalisierungs-Bereitschaft-aber-mit-Vorsicht-1_Organisator.jpg\" \/>\n<script type=\"application\/ld+json\" class=\"yoast-schema-graph\">{\"@context\":\"https:\\\/\\\/schema.org\",\"@graph\":[{\"@type\":\"Article\",\"@id\":\"https:\\\/\\\/www.organisator.ch\\\/management\\\/it\\\/2021-04-08\\\/digitaler-reifegrad-von-kmu-hohe-digitalisierungs-bereitschaft-aber-mit-vorsicht\\\/#article\",\"isPartOf\":{\"@id\":\"https:\\\/\\\/www.organisator.ch\\\/management\\\/it\\\/2021-04-08\\\/digitaler-reifegrad-von-kmu-hohe-digitalisierungs-bereitschaft-aber-mit-vorsicht\\\/\"},\"author\":{\"name\":\"thomas.berner\",\"@id\":\"https:\\\/\\\/www.organisator.ch\\\/#\\\/schema\\\/person\\\/6f650f90b2842cd4c0cc334b4e36f67e\"},\"headline\":\"Digitaler Reifegrad von KMU: Hohe Digitalisierungs-Bereitschaft &#8211; aber mit Vorsicht\",\"datePublished\":\"2021-04-08T06:35:45+00:00\",\"mainEntityOfPage\":{\"@id\":\"https:\\\/\\\/www.organisator.ch\\\/management\\\/it\\\/2021-04-08\\\/digitaler-reifegrad-von-kmu-hohe-digitalisierungs-bereitschaft-aber-mit-vorsicht\\\/\"},\"wordCount\":316,\"publisher\":{\"@id\":\"https:\\\/\\\/www.organisator.ch\\\/#organization\"},\"image\":{\"@id\":\"https:\\\/\\\/www.organisator.ch\\\/management\\\/it\\\/2021-04-08\\\/digitaler-reifegrad-von-kmu-hohe-digitalisierungs-bereitschaft-aber-mit-vorsicht\\\/#primaryimage\"},\"thumbnailUrl\":\"https:\\\/\\\/www.organisator.ch\\\/wp-content\\\/uploads\\\/2021\\\/04\\\/Digitaler-Reifegrad-von-KMU-Hohe-Digitalisierungs-Bereitschaft-aber-mit-Vorsicht-1_Organisator.jpg\",\"keywords\":[\"Digitalisierung\",\"IT &amp; Business Software\",\"Umfrage\"],\"articleSection\":[\"IT\"],\"inLanguage\":\"fr-FR\"},{\"@type\":\"WebPage\",\"@id\":\"https:\\\/\\\/www.organisator.ch\\\/management\\\/it\\\/2021-04-08\\\/digitaler-reifegrad-von-kmu-hohe-digitalisierungs-bereitschaft-aber-mit-vorsicht\\\/\",\"url\":\"https:\\\/\\\/www.organisator.ch\\\/management\\\/it\\\/2021-04-08\\\/digitaler-reifegrad-von-kmu-hohe-digitalisierungs-bereitschaft-aber-mit-vorsicht\\\/\",\"name\":\"Digitaler Reifegrad von KMU: Hohe Digitalisierungs-Bereitschaft - aber mit Vorsicht - Organisator\",\"isPartOf\":{\"@id\":\"https:\\\/\\\/www.organisator.ch\\\/#website\"},\"primaryImageOfPage\":{\"@id\":\"https:\\\/\\\/www.organisator.ch\\\/management\\\/it\\\/2021-04-08\\\/digitaler-reifegrad-von-kmu-hohe-digitalisierungs-bereitschaft-aber-mit-vorsicht\\\/#primaryimage\"},\"image\":{\"@id\":\"https:\\\/\\\/www.organisator.ch\\\/management\\\/it\\\/2021-04-08\\\/digitaler-reifegrad-von-kmu-hohe-digitalisierungs-bereitschaft-aber-mit-vorsicht\\\/#primaryimage\"},\"thumbnailUrl\":\"https:\\\/\\\/www.organisator.ch\\\/wp-content\\\/uploads\\\/2021\\\/04\\\/Digitaler-Reifegrad-von-KMU-Hohe-Digitalisierungs-Bereitschaft-aber-mit-Vorsicht-1_Organisator.jpg\",\"datePublished\":\"2021-04-08T06:35:45+00:00\",\"description\":\"Wo stehen Unternehmen in Sachen digitaler Reifegrad? Welche Themen besch\u00e4ftigen KMU am meisten? Der Software-Herstellers ABRA ging diesen Fragen nach.\",\"breadcrumb\":{\"@id\":\"https:\\\/\\\/www.organisator.ch\\\/management\\\/it\\\/2021-04-08\\\/digitaler-reifegrad-von-kmu-hohe-digitalisierungs-bereitschaft-aber-mit-vorsicht\\\/#breadcrumb\"},\"inLanguage\":\"fr-FR\",\"potentialAction\":[{\"@type\":\"ReadAction\",\"target\":[\"https:\\\/\\\/www.organisator.ch\\\/management\\\/it\\\/2021-04-08\\\/digitaler-reifegrad-von-kmu-hohe-digitalisierungs-bereitschaft-aber-mit-vorsicht\\\/\"]}]},{\"@type\":\"ImageObject\",\"inLanguage\":\"fr-FR\",\"@id\":\"https:\\\/\\\/www.organisator.ch\\\/management\\\/it\\\/2021-04-08\\\/digitaler-reifegrad-von-kmu-hohe-digitalisierungs-bereitschaft-aber-mit-vorsicht\\\/#primaryimage\",\"url\":\"https:\\\/\\\/www.organisator.ch\\\/wp-content\\\/uploads\\\/2021\\\/04\\\/Digitaler-Reifegrad-von-KMU-Hohe-Digitalisierungs-Bereitschaft-aber-mit-Vorsicht-1_Organisator.jpg\",\"contentUrl\":\"https:\\\/\\\/www.organisator.ch\\\/wp-content\\\/uploads\\\/2021\\\/04\\\/Digitaler-Reifegrad-von-KMU-Hohe-Digitalisierungs-Bereitschaft-aber-mit-Vorsicht-1_Organisator.jpg\",\"width\":680,\"height\":337,\"caption\":\"Digitaler Reifegrad in KMU: Es besteht noch viel Nachholbedarf. (Grafik: ABRA Software)\"},{\"@type\":\"BreadcrumbList\",\"@id\":\"https:\\\/\\\/www.organisator.ch\\\/management\\\/it\\\/2021-04-08\\\/digitaler-reifegrad-von-kmu-hohe-digitalisierungs-bereitschaft-aber-mit-vorsicht\\\/#breadcrumb\",\"itemListElement\":[{\"@type\":\"ListItem\",\"position\":1,\"name\":\"Home\",\"item\":\"https:\\\/\\\/www.organisator.ch\\\/\"},{\"@type\":\"ListItem\",\"position\":2,\"name\":\"Digitaler Reifegrad von KMU: Hohe Digitalisierungs-Bereitschaft &#8211; aber mit Vorsicht\"}]},{\"@type\":\"WebSite\",\"@id\":\"https:\\\/\\\/www.organisator.ch\\\/#website\",\"url\":\"https:\\\/\\\/www.organisator.ch\\\/\",\"name\":\"Organisator\",\"description\":\"Kompetent. Praxisnah. Der ORGANISATOR bereitet in 10 Ausgaben pro Jahr die wesentlichen Themen f\u00fcr F\u00fchrungskr\u00e4fte von KMU auf.\",\"publisher\":{\"@id\":\"https:\\\/\\\/www.organisator.ch\\\/#organization\"},\"potentialAction\":[{\"@type\":\"SearchAction\",\"target\":{\"@type\":\"EntryPoint\",\"urlTemplate\":\"https:\\\/\\\/www.organisator.ch\\\/?s={search_term_string}\"},\"query-input\":{\"@type\":\"PropertyValueSpecification\",\"valueRequired\":true,\"valueName\":\"search_term_string\"}}],\"inLanguage\":\"fr-FR\"},{\"@type\":\"Organization\",\"@id\":\"https:\\\/\\\/www.organisator.ch\\\/#organization\",\"name\":\"Organisator\",\"url\":\"https:\\\/\\\/www.organisator.ch\\\/\",\"logo\":{\"@type\":\"ImageObject\",\"inLanguage\":\"fr-FR\",\"@id\":\"https:\\\/\\\/www.organisator.ch\\\/#\\\/schema\\\/logo\\\/image\\\/\",\"url\":\"https:\\\/\\\/www.organisator.ch\\\/wp-content\\\/uploads\\\/2022\\\/01\\\/Logo_Organisator_Website.png\",\"contentUrl\":\"https:\\\/\\\/www.organisator.ch\\\/wp-content\\\/uploads\\\/2022\\\/01\\\/Logo_Organisator_Website.png\",\"width\":800,\"height\":77,\"caption\":\"Organisator\"},\"image\":{\"@id\":\"https:\\\/\\\/www.organisator.ch\\\/#\\\/schema\\\/logo\\\/image\\\/\"},\"sameAs\":[\"https:\\\/\\\/www.facebook.com\\\/OrganisatorFachmagazin\",\"https:\\\/\\\/www.linkedin.com\\\/showcase\\\/organisator-das-magazin-fr-kmu\",\"https:\\\/\\\/www.xing.com\\\/news\\\/pages\\\/organisator-ch-695\",\"https:\\\/\\\/www.youtube.com\\\/channel\\\/UCGP2Sq0iWaZwT3BdIAQFYpw\"]},{\"@type\":\"Person\",\"@id\":\"https:\\\/\\\/www.organisator.ch\\\/#\\\/schema\\\/person\\\/6f650f90b2842cd4c0cc334b4e36f67e\",\"name\":\"thomas.berner\",\"image\":{\"@type\":\"ImageObject\",\"inLanguage\":\"fr-FR\",\"@id\":\"https:\\\/\\\/secure.gravatar.com\\\/avatar\\\/ac5001d2a36cb6c6cd3e50789007ffca834b477b74a2144564522e944eabff61?s=96&d=mm&r=g\",\"url\":\"https:\\\/\\\/secure.gravatar.com\\\/avatar\\\/ac5001d2a36cb6c6cd3e50789007ffca834b477b74a2144564522e944eabff61?s=96&d=mm&r=g\",\"contentUrl\":\"https:\\\/\\\/secure.gravatar.com\\\/avatar\\\/ac5001d2a36cb6c6cd3e50789007ffca834b477b74a2144564522e944eabff61?s=96&d=mm&r=g\",\"caption\":\"thomas.berner\"},\"url\":\"https:\\\/\\\/www.organisator.ch\\\/fr\\\/author\\\/thomas-berner\\\/\"}]}<\/script>\n<!-- \/ Yoast SEO plugin. -->","yoast_head_json":{"title":"Maturit\u00e9 num\u00e9rique des PME : une forte propension \u00e0 la num\u00e9risation - mais avec prudence - Organisateur","description":"O\u00f9 se situent les entreprises en mati\u00e8re de maturit\u00e9 num\u00e9rique ? Quels sont les sujets qui pr\u00e9occupent le plus les PME ? L'\u00e9diteur de logiciels ABRA s'est pench\u00e9 sur ces questions.","robots":{"index":"index","follow":"follow","max-snippet":"max-snippet:-1","max-image-preview":"max-image-preview:large","max-video-preview":"max-video-preview:-1"},"canonical":"https:\/\/www.organisator.ch\/fr\/gestion-2\/it\/2021-04-08\/digitaler-reifegrad-von-kmu-hohe-digitalisierungs-bereitschaft-aber-mit-vorsicht\/","og_locale":"fr_FR","og_type":"article","og_title":"Digitaler Reifegrad von KMU: Hohe Digitalisierungs-Bereitschaft - aber mit Vorsicht","og_description":"Wo stehen Unternehmen in Sachen digitaler Reifegrad? Welche Themen besch\u00e4ftigen KMU am meisten? Der Software-Herstellers ABRA ging diesen Fragen nach.","og_url":"https:\/\/www.organisator.ch\/fr\/gestion-2\/it\/2021-04-08\/digitaler-reifegrad-von-kmu-hohe-digitalisierungs-bereitschaft-aber-mit-vorsicht\/","og_site_name":"Organisator","article_publisher":"https:\/\/www.facebook.com\/OrganisatorFachmagazin","article_published_time":"2021-04-08T06:35:45+00:00","og_image":[{"width":680,"height":337,"url":"https:\/\/www.organisator.ch\/wp-content\/uploads\/2021\/04\/Digitaler-Reifegrad-von-KMU-Hohe-Digitalisierungs-Bereitschaft-aber-mit-Vorsicht-1_Organisator.jpg","type":"image\/jpeg"}],"author":"thomas.berner","twitter_card":"summary_large_image","twitter_title":"Digitaler Reifegrad von KMU: Hohe #Digitalisierungs-Bereitschaft - aber mit Vorsicht","twitter_description":"Wo stehen Unternehmen in Sachen digitaler #Reifegrad? Welche Themen besch\u00e4ftigen KMU am meisten? Der Software-Herstellers #ABRA ging diesen Fragen nach.","twitter_image":"https:\/\/www.organisator.ch\/wp-content\/uploads\/2021\/04\/Digitaler-Reifegrad-von-KMU-Hohe-Digitalisierungs-Bereitschaft-aber-mit-Vorsicht-1_Organisator.jpg","schema":{"@context":"https:\/\/schema.org","@graph":[{"@type":"Article","@id":"https:\/\/www.organisator.ch\/management\/it\/2021-04-08\/digitaler-reifegrad-von-kmu-hohe-digitalisierungs-bereitschaft-aber-mit-vorsicht\/#article","isPartOf":{"@id":"https:\/\/www.organisator.ch\/management\/it\/2021-04-08\/digitaler-reifegrad-von-kmu-hohe-digitalisierungs-bereitschaft-aber-mit-vorsicht\/"},"author":{"name":"thomas.berner","@id":"https:\/\/www.organisator.ch\/#\/schema\/person\/6f650f90b2842cd4c0cc334b4e36f67e"},"headline":"Digitaler Reifegrad von KMU: Hohe Digitalisierungs-Bereitschaft &#8211; aber mit Vorsicht","datePublished":"2021-04-08T06:35:45+00:00","mainEntityOfPage":{"@id":"https:\/\/www.organisator.ch\/management\/it\/2021-04-08\/digitaler-reifegrad-von-kmu-hohe-digitalisierungs-bereitschaft-aber-mit-vorsicht\/"},"wordCount":316,"publisher":{"@id":"https:\/\/www.organisator.ch\/#organization"},"image":{"@id":"https:\/\/www.organisator.ch\/management\/it\/2021-04-08\/digitaler-reifegrad-von-kmu-hohe-digitalisierungs-bereitschaft-aber-mit-vorsicht\/#primaryimage"},"thumbnailUrl":"https:\/\/www.organisator.ch\/wp-content\/uploads\/2021\/04\/Digitaler-Reifegrad-von-KMU-Hohe-Digitalisierungs-Bereitschaft-aber-mit-Vorsicht-1_Organisator.jpg","keywords":["Digitalisierung","IT &amp; Business Software","Umfrage"],"articleSection":["IT"],"inLanguage":"fr-FR"},{"@type":"WebPage","@id":"https:\/\/www.organisator.ch\/management\/it\/2021-04-08\/digitaler-reifegrad-von-kmu-hohe-digitalisierungs-bereitschaft-aber-mit-vorsicht\/","url":"https:\/\/www.organisator.ch\/management\/it\/2021-04-08\/digitaler-reifegrad-von-kmu-hohe-digitalisierungs-bereitschaft-aber-mit-vorsicht\/","name":"Maturit\u00e9 num\u00e9rique des PME : une forte propension \u00e0 la num\u00e9risation - mais avec prudence - Organisateur","isPartOf":{"@id":"https:\/\/www.organisator.ch\/#website"},"primaryImageOfPage":{"@id":"https:\/\/www.organisator.ch\/management\/it\/2021-04-08\/digitaler-reifegrad-von-kmu-hohe-digitalisierungs-bereitschaft-aber-mit-vorsicht\/#primaryimage"},"image":{"@id":"https:\/\/www.organisator.ch\/management\/it\/2021-04-08\/digitaler-reifegrad-von-kmu-hohe-digitalisierungs-bereitschaft-aber-mit-vorsicht\/#primaryimage"},"thumbnailUrl":"https:\/\/www.organisator.ch\/wp-content\/uploads\/2021\/04\/Digitaler-Reifegrad-von-KMU-Hohe-Digitalisierungs-Bereitschaft-aber-mit-Vorsicht-1_Organisator.jpg","datePublished":"2021-04-08T06:35:45+00:00","description":"O\u00f9 se situent les entreprises en mati\u00e8re de maturit\u00e9 num\u00e9rique ? Quels sont les sujets qui pr\u00e9occupent le plus les PME ? L'\u00e9diteur de logiciels ABRA s'est pench\u00e9 sur ces questions.","breadcrumb":{"@id":"https:\/\/www.organisator.ch\/management\/it\/2021-04-08\/digitaler-reifegrad-von-kmu-hohe-digitalisierungs-bereitschaft-aber-mit-vorsicht\/#breadcrumb"},"inLanguage":"fr-FR","potentialAction":[{"@type":"ReadAction","target":["https:\/\/www.organisator.ch\/management\/it\/2021-04-08\/digitaler-reifegrad-von-kmu-hohe-digitalisierungs-bereitschaft-aber-mit-vorsicht\/"]}]},{"@type":"ImageObject","inLanguage":"fr-FR","@id":"https:\/\/www.organisator.ch\/management\/it\/2021-04-08\/digitaler-reifegrad-von-kmu-hohe-digitalisierungs-bereitschaft-aber-mit-vorsicht\/#primaryimage","url":"https:\/\/www.organisator.ch\/wp-content\/uploads\/2021\/04\/Digitaler-Reifegrad-von-KMU-Hohe-Digitalisierungs-Bereitschaft-aber-mit-Vorsicht-1_Organisator.jpg","contentUrl":"https:\/\/www.organisator.ch\/wp-content\/uploads\/2021\/04\/Digitaler-Reifegrad-von-KMU-Hohe-Digitalisierungs-Bereitschaft-aber-mit-Vorsicht-1_Organisator.jpg","width":680,"height":337,"caption":"Digitaler Reifegrad in KMU: Es besteht noch viel Nachholbedarf. (Grafik: ABRA Software)"},{"@type":"BreadcrumbList","@id":"https:\/\/www.organisator.ch\/management\/it\/2021-04-08\/digitaler-reifegrad-von-kmu-hohe-digitalisierungs-bereitschaft-aber-mit-vorsicht\/#breadcrumb","itemListElement":[{"@type":"ListItem","position":1,"name":"Home","item":"https:\/\/www.organisator.ch\/"},{"@type":"ListItem","position":2,"name":"Digitaler Reifegrad von KMU: Hohe Digitalisierungs-Bereitschaft &#8211; aber mit Vorsicht"}]},{"@type":"WebSite","@id":"https:\/\/www.organisator.ch\/#website","url":"https:\/\/www.organisator.ch\/","name":"Organisateur","description":"Comp\u00e9tence et comp\u00e9tence. Proches de la pratique. L'ORGANISATEUR pr\u00e9pare 10 num\u00e9ros par an sur les th\u00e8mes essentiels pour les dirigeants de PME.","publisher":{"@id":"https:\/\/www.organisator.ch\/#organization"},"potentialAction":[{"@type":"SearchAction","target":{"@type":"EntryPoint","urlTemplate":"https:\/\/www.organisator.ch\/?s={search_term_string}"},"query-input":{"@type":"PropertyValueSpecification","valueRequired":true,"valueName":"search_term_string"}}],"inLanguage":"fr-FR"},{"@type":"Organization","@id":"https:\/\/www.organisator.ch\/#organization","name":"Organisateur","url":"https:\/\/www.organisator.ch\/","logo":{"@type":"ImageObject","inLanguage":"fr-FR","@id":"https:\/\/www.organisator.ch\/#\/schema\/logo\/image\/","url":"https:\/\/www.organisator.ch\/wp-content\/uploads\/2022\/01\/Logo_Organisator_Website.png","contentUrl":"https:\/\/www.organisator.ch\/wp-content\/uploads\/2022\/01\/Logo_Organisator_Website.png","width":800,"height":77,"caption":"Organisator"},"image":{"@id":"https:\/\/www.organisator.ch\/#\/schema\/logo\/image\/"},"sameAs":["https:\/\/www.facebook.com\/OrganisatorFachmagazin","https:\/\/www.linkedin.com\/showcase\/organisator-das-magazin-fr-kmu","https:\/\/www.xing.com\/news\/pages\/organisator-ch-695","https:\/\/www.youtube.com\/channel\/UCGP2Sq0iWaZwT3BdIAQFYpw"]},{"@type":"Person","@id":"https:\/\/www.organisator.ch\/#\/schema\/person\/6f650f90b2842cd4c0cc334b4e36f67e","name":"thomas.berner","image":{"@type":"ImageObject","inLanguage":"fr-FR","@id":"https:\/\/secure.gravatar.com\/avatar\/ac5001d2a36cb6c6cd3e50789007ffca834b477b74a2144564522e944eabff61?s=96&d=mm&r=g","url":"https:\/\/secure.gravatar.com\/avatar\/ac5001d2a36cb6c6cd3e50789007ffca834b477b74a2144564522e944eabff61?s=96&d=mm&r=g","contentUrl":"https:\/\/secure.gravatar.com\/avatar\/ac5001d2a36cb6c6cd3e50789007ffca834b477b74a2144564522e944eabff61?s=96&d=mm&r=g","caption":"thomas.berner"},"url":"https:\/\/www.organisator.ch\/fr\/author\/thomas-berner\/"}]}},"_links":{"self":[{"href":"https:\/\/www.organisator.ch\/fr\/wp-json\/wp\/v2\/posts\/7895","targetHints":{"allow":["GET"]}}],"collection":[{"href":"https:\/\/www.organisator.ch\/fr\/wp-json\/wp\/v2\/posts"}],"about":[{"href":"https:\/\/www.organisator.ch\/fr\/wp-json\/wp\/v2\/types\/post"}],"author":[{"embeddable":true,"href":"https:\/\/www.organisator.ch\/fr\/wp-json\/wp\/v2\/users\/4"}],"replies":[{"embeddable":true,"href":"https:\/\/www.organisator.ch\/fr\/wp-json\/wp\/v2\/comments?post=7895"}],"version-history":[{"count":0,"href":"https:\/\/www.organisator.ch\/fr\/wp-json\/wp\/v2\/posts\/7895\/revisions"}],"wp:featuredmedia":[{"embeddable":true,"href":"https:\/\/www.organisator.ch\/fr\/wp-json\/wp\/v2\/media\/7896"}],"wp:attachment":[{"href":"https:\/\/www.organisator.ch\/fr\/wp-json\/wp\/v2\/media?parent=7895"}],"wp:term":[{"taxonomy":"category","embeddable":true,"href":"https:\/\/www.organisator.ch\/fr\/wp-json\/wp\/v2\/categories?post=7895"},{"taxonomy":"post_tag","embeddable":true,"href":"https:\/\/www.organisator.ch\/fr\/wp-json\/wp\/v2\/tags?post=7895"}],"curies":[{"name":"wp","href":"https:\/\/api.w.org\/{rel}","templated":true}]}}