{"id":7914,"date":"2021-04-14T13:44:15","date_gmt":"2021-04-14T11:44:15","guid":{"rendered":"https:\/\/www.organisator.ch\/?p=7914"},"modified":"2021-04-14T13:44:15","modified_gmt":"2021-04-14T11:44:15","slug":"kommunikationstools-so-verhindern-sie-den-wildwuchs","status":"publish","type":"post","link":"https:\/\/www.organisator.ch\/fr\/management\/it\/2021-04-14\/kommunikationstools-so-verhindern-sie-den-wildwuchs\/","title":{"rendered":"Outils de communication : comment \u00e9viter la prolif\u00e9ration des outils ?"},"content":{"rendered":"<figure id=\"attachment_7915\" aria-describedby=\"caption-attachment-7915\" style=\"width: 680px\" class=\"wp-caption alignnone\"><img loading=\"lazy\" decoding=\"async\" class=\"size-medium wp-image-7915\" src=\"https:\/\/www.organisator.ch\/wp-content\/uploads\/2021\/04\/Kommunikationstools-So-verhindern-Sie-den-Wildwuchs-1_Organisator.jpg\" alt=\"\" width=\"680\" height=\"489\" srcset=\"https:\/\/www.organisator.ch\/wp-content\/uploads\/2021\/04\/Kommunikationstools-So-verhindern-Sie-den-Wildwuchs-1_Organisator.jpg 680w, https:\/\/www.organisator.ch\/wp-content\/uploads\/2021\/04\/Kommunikationstools-So-verhindern-Sie-den-Wildwuchs-1_Organisator-16x12.jpg 16w, https:\/\/www.organisator.ch\/wp-content\/uploads\/2021\/04\/Kommunikationstools-So-verhindern-Sie-den-Wildwuchs-1_Organisator-243x175.jpg 243w, https:\/\/www.organisator.ch\/wp-content\/uploads\/2021\/04\/Kommunikationstools-So-verhindern-Sie-den-Wildwuchs-1_Organisator-487x350.jpg 487w, https:\/\/www.organisator.ch\/wp-content\/uploads\/2021\/04\/Kommunikationstools-So-verhindern-Sie-den-Wildwuchs-1_Organisator-300x216.jpg 300w\" sizes=\"auto, (max-width: 680px) 100vw, 680px\" \/><figcaption id=\"caption-attachment-7915\" class=\"wp-caption-text\">Les messageries, les chats vid\u00e9o et autres outils de communication font d\u00e9sormais partie de notre quotidien professionnel. Mais de quoi faut-il tenir compte pour les utiliser en toute s\u00e9curit\u00e9 ? (Image : Pixabay.com)<\/figcaption><\/figure>\n<p>L'utilisation de nouveaux outils de collaboration et de communication a \u00e9galement augment\u00e9 avec l'expansion fulgurante du t\u00e9l\u00e9travail due \u00e0 Corona. Mais ceux-ci ne sont pas toujours s\u00fbrs et dignes de confiance. De nombreux collaborateurs ne se pr\u00e9occupent pas des donn\u00e9es sensibles qu'ils envoient via ces applications. C'est souvent parce que les entreprises n'ont pas communiqu\u00e9 de directives concr\u00e8tes sur l'utilisation de ces nouveaux outils ou qu'elles ont introduit des solutions inad\u00e9quates sous la pression du temps. Selon VNC, le principal d\u00e9veloppeur d'applications d'entreprise bas\u00e9es sur l'open source, les recommandations les plus importantes pour les entreprises qui souhaitent permettre \u00e0 leurs collaborateurs d'\u00e9changer des informations en toute s\u00e9curit\u00e9 et dans le respect de la protection des donn\u00e9es sont les suivantes :<\/p>\n<ol>\n<li><strong>Des directives claires sur les outils :<\/strong> Les entreprises doivent non seulement mettre \u00e0 la disposition de leurs collaborateurs des outils de communication s\u00e9curis\u00e9s, mais aussi des outils qui r\u00e9pondent \u00e0 leurs besoins. Dans le cas contraire, ils ne peuvent pas collaborer efficacement et cherchent leurs propres solutions - et ce sont g\u00e9n\u00e9ralement celles qu'ils utilisent \u00e9galement \u00e0 titre priv\u00e9. La plupart du temps, elles ne sont pas adapt\u00e9es \u00e0 l'\u00e9change de donn\u00e9es sensibles de l'entreprise. C'est pourquoi les entreprises devraient indiquer clairement les outils \u00e0 utiliser, mais aussi signaler explicitement que d'autres applications ne doivent pas \u00eatre utilis\u00e9es - et bloquer leur utilisation dans la mesure o\u00f9 cela est techniquement possible.<\/li>\n<li><strong>S\u00e9lection de produits s\u00fbrs : <\/strong>Les entreprises ne devraient pas se contenter de choisir les noms les plus connus, mais s'int\u00e9resser de pr\u00e8s aux solutions disponibles. Les services Cloud, par exemple, peuvent \u00eatre introduits rapidement, mais sont souvent probl\u00e9matiques du point de vue de la protection des donn\u00e9es. Les services des fournisseurs am\u00e9ricains, en particulier, sont g\u00e9n\u00e9ralement exclus en vertu du RGPD, car le \"Cloud Act\" permet aux autorit\u00e9s am\u00e9ricaines d'acc\u00e9der aux donn\u00e9es, quel que soit le lieu d'h\u00e9bergement du service et le si\u00e8ge de l'entreprise qui l'utilise. Toutefois, m\u00eame l'exploitation d'une application sur sa propre infrastructure ne garantit pas une s\u00e9curit\u00e9 et une protection des donn\u00e9es maximales, car les entreprises manquent souvent de savoir-faire ou utilisent des solutions \u00e0 source ferm\u00e9e. Avec ces derni\u00e8res, personne, \u00e0 l'exception des d\u00e9veloppeurs, ne sait ce qu'il advient des donn\u00e9es et si des points faibles se trouvent dans le logiciel. L'open source est une alternative s\u00fbre qui, en outre, prend g\u00e9n\u00e9ralement en charge diff\u00e9rents modes d'exploitation : sur sa propre infrastructure par l'entreprise elle-m\u00eame ou par un prestataire de services fiable, ou dans un environnement s\u00e9curis\u00e9 chez un fournisseur de services de confiance.<\/li>\n<li><strong>Concertation sur les moyens et les voies de communication :<\/strong> L'un des plus grands d\u00e9fis de la collaboration au sein d'\u00e9quipes dispers\u00e9es est de communiquer efficacement. Tous les outils ne sont pas adapt\u00e9s \u00e0 toutes les concertations et \u00e0 tous les \u00e9changes de donn\u00e9es. Les entreprises devraient donc d\u00e9terminer avec leurs collaborateurs quelles solutions sont les plus utiles dans quelles situations. Ce faisant, elles peuvent \u00e9galement d\u00e9finir des canaux alternatifs, d\u00e9signer des interlocuteurs et convenir de possibilit\u00e9s de consultation, afin que les processus soient clairement r\u00e9glement\u00e9s et que les collaborateurs ne tombent pas dans le pi\u00e8ge de tentatives d'escroquerie telles que des appels t\u00e9l\u00e9phoniques frauduleux ou de faux e-mails.<\/li>\n<li><strong>Des terminaux et une infrastructure s\u00e9curis\u00e9s : <\/strong>Les solutions de communication et de collaboration s\u00e9curis\u00e9es ne suffisent pas \u00e0 elles seules, car si les cybercriminels utilisent d'autres portes d'entr\u00e9e, les donn\u00e9es de l'entreprise sont encore plus vuln\u00e9rables. Les entreprises doivent donc prot\u00e9ger syst\u00e9matiquement tous les terminaux et toute leur infrastructure. Cela signifie non seulement utiliser des solutions de s\u00e9curit\u00e9 fiables, mais aussi appliquer rapidement toutes les mises \u00e0 jour logicielles et les correctifs afin de r\u00e9duire la surface d'attaque.<\/li>\n<li><strong>Formation et directives pour les employ\u00e9s : <\/strong>Les employ\u00e9s ont besoin d'une formation pour utiliser correctement les outils propos\u00e9s et ne pas les laisser de c\u00f4t\u00e9 parce qu'ils ne savent pas les utiliser. Ces formations leur permettent \u00e9galement d'apprendre \u00e0 utiliser les nouveaux outils en toute s\u00e9curit\u00e9 et d'en savoir plus sur les politiques de s\u00e9curit\u00e9 de l'entreprise en mati\u00e8re de travail \u00e0 distance, comme le fait d'\u00e9viter les appels t\u00e9l\u00e9phoniques professionnels en public, de ne pas laisser leur ordinateur portable sans surveillance dans ces lieux et de le verrouiller dans la colocation s'ils ne sont pas assis devant.<\/li>\n<\/ol>\n<p>\"Les entreprises doivent mettre \u00e0 la disposition de leurs collaborateurs des outils s\u00fbrs et conformes \u00e0 la protection des donn\u00e9es, mais aussi faciles \u00e0 utiliser pour \u00e9changer avec leurs coll\u00e8gues, afin qu'ils puissent collaborer efficacement dans leur bureau \u00e0 domicile ou en d\u00e9placement. Si les entreprises ne le font pas, elles risquent de cr\u00e9er un Shadow IT, car les collaborateurs cherchent leurs propres applications pour \u00e9changer\", explique Andrea W\u00f6rrlein, directrice de VNC \u00e0 Berlin et membre du conseil d'administration de VNC AG \u00e0 Zoug. \"Pour que les outils de collaboration et de communication utilis\u00e9s correspondent aux besoins des collaborateurs, les entreprises devraient les impliquer d\u00e8s le d\u00e9but dans le processus de s\u00e9lection et les associer \u00e9troitement \u00e0 l'introduction\".<\/p>\n<figure id=\"attachment_7916\" aria-describedby=\"caption-attachment-7916\" style=\"width: 340px\" class=\"wp-caption alignnone\"><img loading=\"lazy\" decoding=\"async\" class=\"size-full wp-image-7916\" src=\"https:\/\/www.organisator.ch\/wp-content\/uploads\/2021\/04\/Kommunikationstools-So-verhindern-Sie-den-Wildwuchs-2_Organisator.jpg\" alt=\"\" width=\"340\" height=\"410\" srcset=\"https:\/\/www.organisator.ch\/wp-content\/uploads\/2021\/04\/Kommunikationstools-So-verhindern-Sie-den-Wildwuchs-2_Organisator.jpg 340w, https:\/\/www.organisator.ch\/wp-content\/uploads\/2021\/04\/Kommunikationstools-So-verhindern-Sie-den-Wildwuchs-2_Organisator-10x12.jpg 10w, https:\/\/www.organisator.ch\/wp-content\/uploads\/2021\/04\/Kommunikationstools-So-verhindern-Sie-den-Wildwuchs-2_Organisator-145x175.jpg 145w, https:\/\/www.organisator.ch\/wp-content\/uploads\/2021\/04\/Kommunikationstools-So-verhindern-Sie-den-Wildwuchs-2_Organisator-290x350.jpg 290w, https:\/\/www.organisator.ch\/wp-content\/uploads\/2021\/04\/Kommunikationstools-So-verhindern-Sie-den-Wildwuchs-2_Organisator-300x362.jpg 300w\" sizes=\"auto, (max-width: 340px) 100vw, 340px\" \/><figcaption id=\"caption-attachment-7916\" class=\"wp-caption-text\">(Source : VNC)<\/figcaption><\/figure>\n<p><em><strong>A propos de l'auteur :<\/strong><br \/>\n<\/em><em>Andrea W\u00f6rrlein est la directrice g\u00e9n\u00e9rale de <a href=\"https:\/\/vnclagoon.com\/\">VNC<\/a> \u00e0 Berlin et membre du conseil d'administration de VNC AG \u00e0 Zoug.<\/em><\/p>","protected":false},"excerpt":{"rendered":"<p>Mit der Corona-bedingt rasant gestiegenen Verbreitung von Homeoffice hat auch die Nutzung neuer Kollaborations- und Kommunikationstools zugenommen. Doch diese sind nicht immer sicher und vertrauensw\u00fcrdig. Viele Mitarbeiter machen sich keine Gedanken dar\u00fcber, welche sensiblen Daten sie \u00fcber solche Anwendungen verschicken. Oft liegt das daran, dass Unternehmen keine konkreten Vorgaben zur Verwendung der neuen Werkzeuge kommuniziert [&hellip;]<\/p>\n","protected":false},"author":4,"featured_media":7915,"comment_status":"closed","ping_status":"closed","sticky":false,"template":"","format":"standard","meta":{"_acf_changed":false,"_yoast_wpseo_focuskw":"Kommunikationstools","_yoast_wpseo_metadesc":"Messenger, Videochats und andere Kommunikationstools geh\u00f6ren inzwischen zum Arbeitsalltag. Wie gestaltet sich eine sichere Zusammenarbeit?","articlekey":"","footnotes":""},"categories":[27],"tags":[115,286,308],"class_list":["post-7914","post","type-post","status-publish","format-standard","has-post-thumbnail","hentry","category-it","tag-checklisten","tag-it","tag-kommunikation"],"acf":[],"yoast_head":"<!-- This site is optimized with the Yoast SEO plugin v27.5 - https:\/\/yoast.com\/product\/yoast-seo-wordpress\/ -->\n<title>Kommunikationstools: So verhindern Sie den Wildwuchs - Organisator<\/title>\n<meta name=\"description\" content=\"Messenger, Videochats und andere Kommunikationstools geh\u00f6ren inzwischen zum Arbeitsalltag. Wie gestaltet sich eine sichere Zusammenarbeit?\" \/>\n<meta name=\"robots\" content=\"index, follow, max-snippet:-1, max-image-preview:large, max-video-preview:-1\" \/>\n<link rel=\"canonical\" href=\"https:\/\/www.organisator.ch\/fr\/gestion-2\/it\/2021-04-14\/kommunikationstools-so-verhindern-sie-den-wildwuchs\/\" \/>\n<meta property=\"og:locale\" content=\"fr_FR\" \/>\n<meta property=\"og:type\" content=\"article\" \/>\n<meta property=\"og:title\" content=\"Kommunikationstools: So verhindern Sie den Wildwuchs\" \/>\n<meta property=\"og:description\" content=\"Messenger, Videochats und andere Kommunikationstools geh\u00f6ren inzwischen zum Arbeitsalltag. Wie gestaltet sich eine sichere Zusammenarbeit?\" \/>\n<meta property=\"og:url\" content=\"https:\/\/www.organisator.ch\/fr\/gestion-2\/it\/2021-04-14\/kommunikationstools-so-verhindern-sie-den-wildwuchs\/\" \/>\n<meta property=\"og:site_name\" content=\"Organisator\" \/>\n<meta property=\"article:publisher\" content=\"https:\/\/www.facebook.com\/OrganisatorFachmagazin\" \/>\n<meta property=\"article:published_time\" content=\"2021-04-14T11:44:15+00:00\" \/>\n<meta property=\"og:image\" content=\"https:\/\/www.organisator.ch\/wp-content\/uploads\/2021\/04\/Kommunikationstools-So-verhindern-Sie-den-Wildwuchs-1_Organisator.jpg\" \/>\n\t<meta property=\"og:image:width\" content=\"680\" \/>\n\t<meta property=\"og:image:height\" content=\"489\" \/>\n\t<meta property=\"og:image:type\" content=\"image\/jpeg\" \/>\n<meta name=\"author\" content=\"thomas.berner\" \/>\n<meta name=\"twitter:card\" content=\"summary_large_image\" \/>\n<meta name=\"twitter:title\" content=\"#Kommunikationstools: So verhindern Sie den #Wildwuchs\" \/>\n<meta name=\"twitter:description\" content=\"#Messenger, #Videochats und andere #Kommunikationstools geh\u00f6ren inzwischen zum Arbeitsalltag. Wie gestaltet sich eine sichere Zusammenarbeit?\" \/>\n<meta name=\"twitter:image\" content=\"https:\/\/www.organisator.ch\/wp-content\/uploads\/2021\/04\/Kommunikationstools-So-verhindern-Sie-den-Wildwuchs-1_Organisator.jpg\" \/>\n<script type=\"application\/ld+json\" class=\"yoast-schema-graph\">{\"@context\":\"https:\\\/\\\/schema.org\",\"@graph\":[{\"@type\":\"Article\",\"@id\":\"https:\\\/\\\/www.organisator.ch\\\/management\\\/it\\\/2021-04-14\\\/kommunikationstools-so-verhindern-sie-den-wildwuchs\\\/#article\",\"isPartOf\":{\"@id\":\"https:\\\/\\\/www.organisator.ch\\\/management\\\/it\\\/2021-04-14\\\/kommunikationstools-so-verhindern-sie-den-wildwuchs\\\/\"},\"author\":{\"name\":\"thomas.berner\",\"@id\":\"https:\\\/\\\/www.organisator.ch\\\/#\\\/schema\\\/person\\\/6f650f90b2842cd4c0cc334b4e36f67e\"},\"headline\":\"Kommunikationstools: So verhindern Sie den Wildwuchs\",\"datePublished\":\"2021-04-14T11:44:15+00:00\",\"mainEntityOfPage\":{\"@id\":\"https:\\\/\\\/www.organisator.ch\\\/management\\\/it\\\/2021-04-14\\\/kommunikationstools-so-verhindern-sie-den-wildwuchs\\\/\"},\"wordCount\":738,\"publisher\":{\"@id\":\"https:\\\/\\\/www.organisator.ch\\\/#organization\"},\"image\":{\"@id\":\"https:\\\/\\\/www.organisator.ch\\\/management\\\/it\\\/2021-04-14\\\/kommunikationstools-so-verhindern-sie-den-wildwuchs\\\/#primaryimage\"},\"thumbnailUrl\":\"https:\\\/\\\/www.organisator.ch\\\/wp-content\\\/uploads\\\/2021\\\/04\\\/Kommunikationstools-So-verhindern-Sie-den-Wildwuchs-1_Organisator.jpg\",\"keywords\":[\"Checklisten\",\"IT\",\"Kommunikation\"],\"articleSection\":[\"IT\"],\"inLanguage\":\"fr-FR\"},{\"@type\":\"WebPage\",\"@id\":\"https:\\\/\\\/www.organisator.ch\\\/management\\\/it\\\/2021-04-14\\\/kommunikationstools-so-verhindern-sie-den-wildwuchs\\\/\",\"url\":\"https:\\\/\\\/www.organisator.ch\\\/management\\\/it\\\/2021-04-14\\\/kommunikationstools-so-verhindern-sie-den-wildwuchs\\\/\",\"name\":\"Kommunikationstools: So verhindern Sie den Wildwuchs - Organisator\",\"isPartOf\":{\"@id\":\"https:\\\/\\\/www.organisator.ch\\\/#website\"},\"primaryImageOfPage\":{\"@id\":\"https:\\\/\\\/www.organisator.ch\\\/management\\\/it\\\/2021-04-14\\\/kommunikationstools-so-verhindern-sie-den-wildwuchs\\\/#primaryimage\"},\"image\":{\"@id\":\"https:\\\/\\\/www.organisator.ch\\\/management\\\/it\\\/2021-04-14\\\/kommunikationstools-so-verhindern-sie-den-wildwuchs\\\/#primaryimage\"},\"thumbnailUrl\":\"https:\\\/\\\/www.organisator.ch\\\/wp-content\\\/uploads\\\/2021\\\/04\\\/Kommunikationstools-So-verhindern-Sie-den-Wildwuchs-1_Organisator.jpg\",\"datePublished\":\"2021-04-14T11:44:15+00:00\",\"description\":\"Messenger, Videochats und andere Kommunikationstools geh\u00f6ren inzwischen zum Arbeitsalltag. Wie gestaltet sich eine sichere Zusammenarbeit?\",\"breadcrumb\":{\"@id\":\"https:\\\/\\\/www.organisator.ch\\\/management\\\/it\\\/2021-04-14\\\/kommunikationstools-so-verhindern-sie-den-wildwuchs\\\/#breadcrumb\"},\"inLanguage\":\"fr-FR\",\"potentialAction\":[{\"@type\":\"ReadAction\",\"target\":[\"https:\\\/\\\/www.organisator.ch\\\/management\\\/it\\\/2021-04-14\\\/kommunikationstools-so-verhindern-sie-den-wildwuchs\\\/\"]}]},{\"@type\":\"ImageObject\",\"inLanguage\":\"fr-FR\",\"@id\":\"https:\\\/\\\/www.organisator.ch\\\/management\\\/it\\\/2021-04-14\\\/kommunikationstools-so-verhindern-sie-den-wildwuchs\\\/#primaryimage\",\"url\":\"https:\\\/\\\/www.organisator.ch\\\/wp-content\\\/uploads\\\/2021\\\/04\\\/Kommunikationstools-So-verhindern-Sie-den-Wildwuchs-1_Organisator.jpg\",\"contentUrl\":\"https:\\\/\\\/www.organisator.ch\\\/wp-content\\\/uploads\\\/2021\\\/04\\\/Kommunikationstools-So-verhindern-Sie-den-Wildwuchs-1_Organisator.jpg\",\"width\":680,\"height\":489,\"caption\":\"Messenger, Videochats und andere Kommunikationstools geh\u00f6ren inzwischen zum Arbeitsalltag. Doch was muss f\u00fcr einen sicheren Umgang damit beachtet werden? (Bild: Pixabay.com)\"},{\"@type\":\"BreadcrumbList\",\"@id\":\"https:\\\/\\\/www.organisator.ch\\\/management\\\/it\\\/2021-04-14\\\/kommunikationstools-so-verhindern-sie-den-wildwuchs\\\/#breadcrumb\",\"itemListElement\":[{\"@type\":\"ListItem\",\"position\":1,\"name\":\"Home\",\"item\":\"https:\\\/\\\/www.organisator.ch\\\/\"},{\"@type\":\"ListItem\",\"position\":2,\"name\":\"Kommunikationstools: So verhindern Sie den Wildwuchs\"}]},{\"@type\":\"WebSite\",\"@id\":\"https:\\\/\\\/www.organisator.ch\\\/#website\",\"url\":\"https:\\\/\\\/www.organisator.ch\\\/\",\"name\":\"Organisator\",\"description\":\"Kompetent. Praxisnah. Der ORGANISATOR bereitet in 10 Ausgaben pro Jahr die wesentlichen Themen f\u00fcr F\u00fchrungskr\u00e4fte von KMU auf.\",\"publisher\":{\"@id\":\"https:\\\/\\\/www.organisator.ch\\\/#organization\"},\"potentialAction\":[{\"@type\":\"SearchAction\",\"target\":{\"@type\":\"EntryPoint\",\"urlTemplate\":\"https:\\\/\\\/www.organisator.ch\\\/?s={search_term_string}\"},\"query-input\":{\"@type\":\"PropertyValueSpecification\",\"valueRequired\":true,\"valueName\":\"search_term_string\"}}],\"inLanguage\":\"fr-FR\"},{\"@type\":\"Organization\",\"@id\":\"https:\\\/\\\/www.organisator.ch\\\/#organization\",\"name\":\"Organisator\",\"url\":\"https:\\\/\\\/www.organisator.ch\\\/\",\"logo\":{\"@type\":\"ImageObject\",\"inLanguage\":\"fr-FR\",\"@id\":\"https:\\\/\\\/www.organisator.ch\\\/#\\\/schema\\\/logo\\\/image\\\/\",\"url\":\"https:\\\/\\\/www.organisator.ch\\\/wp-content\\\/uploads\\\/2022\\\/01\\\/Logo_Organisator_Website.png\",\"contentUrl\":\"https:\\\/\\\/www.organisator.ch\\\/wp-content\\\/uploads\\\/2022\\\/01\\\/Logo_Organisator_Website.png\",\"width\":800,\"height\":77,\"caption\":\"Organisator\"},\"image\":{\"@id\":\"https:\\\/\\\/www.organisator.ch\\\/#\\\/schema\\\/logo\\\/image\\\/\"},\"sameAs\":[\"https:\\\/\\\/www.facebook.com\\\/OrganisatorFachmagazin\",\"https:\\\/\\\/www.linkedin.com\\\/showcase\\\/organisator-das-magazin-fr-kmu\",\"https:\\\/\\\/www.xing.com\\\/news\\\/pages\\\/organisator-ch-695\",\"https:\\\/\\\/www.youtube.com\\\/channel\\\/UCGP2Sq0iWaZwT3BdIAQFYpw\"]},{\"@type\":\"Person\",\"@id\":\"https:\\\/\\\/www.organisator.ch\\\/#\\\/schema\\\/person\\\/6f650f90b2842cd4c0cc334b4e36f67e\",\"name\":\"thomas.berner\",\"image\":{\"@type\":\"ImageObject\",\"inLanguage\":\"fr-FR\",\"@id\":\"https:\\\/\\\/secure.gravatar.com\\\/avatar\\\/ac5001d2a36cb6c6cd3e50789007ffca834b477b74a2144564522e944eabff61?s=96&d=mm&r=g\",\"url\":\"https:\\\/\\\/secure.gravatar.com\\\/avatar\\\/ac5001d2a36cb6c6cd3e50789007ffca834b477b74a2144564522e944eabff61?s=96&d=mm&r=g\",\"contentUrl\":\"https:\\\/\\\/secure.gravatar.com\\\/avatar\\\/ac5001d2a36cb6c6cd3e50789007ffca834b477b74a2144564522e944eabff61?s=96&d=mm&r=g\",\"caption\":\"thomas.berner\"},\"url\":\"https:\\\/\\\/www.organisator.ch\\\/fr\\\/author\\\/thomas-berner\\\/\"}]}<\/script>\n<!-- \/ Yoast SEO plugin. -->","yoast_head_json":{"title":"Outils de communication : comment \u00e9viter la prolif\u00e9ration - Organisateur","description":"Les messageries, les chats vid\u00e9o et autres outils de communication font d\u00e9sormais partie de notre quotidien professionnel. Comment assurer une collaboration s\u00fbre ?","robots":{"index":"index","follow":"follow","max-snippet":"max-snippet:-1","max-image-preview":"max-image-preview:large","max-video-preview":"max-video-preview:-1"},"canonical":"https:\/\/www.organisator.ch\/fr\/gestion-2\/it\/2021-04-14\/kommunikationstools-so-verhindern-sie-den-wildwuchs\/","og_locale":"fr_FR","og_type":"article","og_title":"Kommunikationstools: So verhindern Sie den Wildwuchs","og_description":"Messenger, Videochats und andere Kommunikationstools geh\u00f6ren inzwischen zum Arbeitsalltag. Wie gestaltet sich eine sichere Zusammenarbeit?","og_url":"https:\/\/www.organisator.ch\/fr\/gestion-2\/it\/2021-04-14\/kommunikationstools-so-verhindern-sie-den-wildwuchs\/","og_site_name":"Organisator","article_publisher":"https:\/\/www.facebook.com\/OrganisatorFachmagazin","article_published_time":"2021-04-14T11:44:15+00:00","og_image":[{"width":680,"height":489,"url":"https:\/\/www.organisator.ch\/wp-content\/uploads\/2021\/04\/Kommunikationstools-So-verhindern-Sie-den-Wildwuchs-1_Organisator.jpg","type":"image\/jpeg"}],"author":"thomas.berner","twitter_card":"summary_large_image","twitter_title":"#Kommunikationstools: So verhindern Sie den #Wildwuchs","twitter_description":"#Messenger, #Videochats und andere #Kommunikationstools geh\u00f6ren inzwischen zum Arbeitsalltag. Wie gestaltet sich eine sichere Zusammenarbeit?","twitter_image":"https:\/\/www.organisator.ch\/wp-content\/uploads\/2021\/04\/Kommunikationstools-So-verhindern-Sie-den-Wildwuchs-1_Organisator.jpg","schema":{"@context":"https:\/\/schema.org","@graph":[{"@type":"Article","@id":"https:\/\/www.organisator.ch\/management\/it\/2021-04-14\/kommunikationstools-so-verhindern-sie-den-wildwuchs\/#article","isPartOf":{"@id":"https:\/\/www.organisator.ch\/management\/it\/2021-04-14\/kommunikationstools-so-verhindern-sie-den-wildwuchs\/"},"author":{"name":"thomas.berner","@id":"https:\/\/www.organisator.ch\/#\/schema\/person\/6f650f90b2842cd4c0cc334b4e36f67e"},"headline":"Kommunikationstools: So verhindern Sie den Wildwuchs","datePublished":"2021-04-14T11:44:15+00:00","mainEntityOfPage":{"@id":"https:\/\/www.organisator.ch\/management\/it\/2021-04-14\/kommunikationstools-so-verhindern-sie-den-wildwuchs\/"},"wordCount":738,"publisher":{"@id":"https:\/\/www.organisator.ch\/#organization"},"image":{"@id":"https:\/\/www.organisator.ch\/management\/it\/2021-04-14\/kommunikationstools-so-verhindern-sie-den-wildwuchs\/#primaryimage"},"thumbnailUrl":"https:\/\/www.organisator.ch\/wp-content\/uploads\/2021\/04\/Kommunikationstools-So-verhindern-Sie-den-Wildwuchs-1_Organisator.jpg","keywords":["Checklisten","IT","Kommunikation"],"articleSection":["IT"],"inLanguage":"fr-FR"},{"@type":"WebPage","@id":"https:\/\/www.organisator.ch\/management\/it\/2021-04-14\/kommunikationstools-so-verhindern-sie-den-wildwuchs\/","url":"https:\/\/www.organisator.ch\/management\/it\/2021-04-14\/kommunikationstools-so-verhindern-sie-den-wildwuchs\/","name":"Outils de communication : comment \u00e9viter la prolif\u00e9ration - Organisateur","isPartOf":{"@id":"https:\/\/www.organisator.ch\/#website"},"primaryImageOfPage":{"@id":"https:\/\/www.organisator.ch\/management\/it\/2021-04-14\/kommunikationstools-so-verhindern-sie-den-wildwuchs\/#primaryimage"},"image":{"@id":"https:\/\/www.organisator.ch\/management\/it\/2021-04-14\/kommunikationstools-so-verhindern-sie-den-wildwuchs\/#primaryimage"},"thumbnailUrl":"https:\/\/www.organisator.ch\/wp-content\/uploads\/2021\/04\/Kommunikationstools-So-verhindern-Sie-den-Wildwuchs-1_Organisator.jpg","datePublished":"2021-04-14T11:44:15+00:00","description":"Les messageries, les chats vid\u00e9o et autres outils de communication font d\u00e9sormais partie de notre quotidien professionnel. Comment assurer une collaboration s\u00fbre ?","breadcrumb":{"@id":"https:\/\/www.organisator.ch\/management\/it\/2021-04-14\/kommunikationstools-so-verhindern-sie-den-wildwuchs\/#breadcrumb"},"inLanguage":"fr-FR","potentialAction":[{"@type":"ReadAction","target":["https:\/\/www.organisator.ch\/management\/it\/2021-04-14\/kommunikationstools-so-verhindern-sie-den-wildwuchs\/"]}]},{"@type":"ImageObject","inLanguage":"fr-FR","@id":"https:\/\/www.organisator.ch\/management\/it\/2021-04-14\/kommunikationstools-so-verhindern-sie-den-wildwuchs\/#primaryimage","url":"https:\/\/www.organisator.ch\/wp-content\/uploads\/2021\/04\/Kommunikationstools-So-verhindern-Sie-den-Wildwuchs-1_Organisator.jpg","contentUrl":"https:\/\/www.organisator.ch\/wp-content\/uploads\/2021\/04\/Kommunikationstools-So-verhindern-Sie-den-Wildwuchs-1_Organisator.jpg","width":680,"height":489,"caption":"Messenger, Videochats und andere Kommunikationstools geh\u00f6ren inzwischen zum Arbeitsalltag. Doch was muss f\u00fcr einen sicheren Umgang damit beachtet werden? (Bild: Pixabay.com)"},{"@type":"BreadcrumbList","@id":"https:\/\/www.organisator.ch\/management\/it\/2021-04-14\/kommunikationstools-so-verhindern-sie-den-wildwuchs\/#breadcrumb","itemListElement":[{"@type":"ListItem","position":1,"name":"Home","item":"https:\/\/www.organisator.ch\/"},{"@type":"ListItem","position":2,"name":"Kommunikationstools: So verhindern Sie den Wildwuchs"}]},{"@type":"WebSite","@id":"https:\/\/www.organisator.ch\/#website","url":"https:\/\/www.organisator.ch\/","name":"Organisateur","description":"Comp\u00e9tence et comp\u00e9tence. Proches de la pratique. L'ORGANISATEUR pr\u00e9pare 10 num\u00e9ros par an sur les th\u00e8mes essentiels pour les dirigeants de PME.","publisher":{"@id":"https:\/\/www.organisator.ch\/#organization"},"potentialAction":[{"@type":"SearchAction","target":{"@type":"EntryPoint","urlTemplate":"https:\/\/www.organisator.ch\/?s={search_term_string}"},"query-input":{"@type":"PropertyValueSpecification","valueRequired":true,"valueName":"search_term_string"}}],"inLanguage":"fr-FR"},{"@type":"Organization","@id":"https:\/\/www.organisator.ch\/#organization","name":"Organisateur","url":"https:\/\/www.organisator.ch\/","logo":{"@type":"ImageObject","inLanguage":"fr-FR","@id":"https:\/\/www.organisator.ch\/#\/schema\/logo\/image\/","url":"https:\/\/www.organisator.ch\/wp-content\/uploads\/2022\/01\/Logo_Organisator_Website.png","contentUrl":"https:\/\/www.organisator.ch\/wp-content\/uploads\/2022\/01\/Logo_Organisator_Website.png","width":800,"height":77,"caption":"Organisator"},"image":{"@id":"https:\/\/www.organisator.ch\/#\/schema\/logo\/image\/"},"sameAs":["https:\/\/www.facebook.com\/OrganisatorFachmagazin","https:\/\/www.linkedin.com\/showcase\/organisator-das-magazin-fr-kmu","https:\/\/www.xing.com\/news\/pages\/organisator-ch-695","https:\/\/www.youtube.com\/channel\/UCGP2Sq0iWaZwT3BdIAQFYpw"]},{"@type":"Person","@id":"https:\/\/www.organisator.ch\/#\/schema\/person\/6f650f90b2842cd4c0cc334b4e36f67e","name":"thomas.berner","image":{"@type":"ImageObject","inLanguage":"fr-FR","@id":"https:\/\/secure.gravatar.com\/avatar\/ac5001d2a36cb6c6cd3e50789007ffca834b477b74a2144564522e944eabff61?s=96&d=mm&r=g","url":"https:\/\/secure.gravatar.com\/avatar\/ac5001d2a36cb6c6cd3e50789007ffca834b477b74a2144564522e944eabff61?s=96&d=mm&r=g","contentUrl":"https:\/\/secure.gravatar.com\/avatar\/ac5001d2a36cb6c6cd3e50789007ffca834b477b74a2144564522e944eabff61?s=96&d=mm&r=g","caption":"thomas.berner"},"url":"https:\/\/www.organisator.ch\/fr\/author\/thomas-berner\/"}]}},"_links":{"self":[{"href":"https:\/\/www.organisator.ch\/fr\/wp-json\/wp\/v2\/posts\/7914","targetHints":{"allow":["GET"]}}],"collection":[{"href":"https:\/\/www.organisator.ch\/fr\/wp-json\/wp\/v2\/posts"}],"about":[{"href":"https:\/\/www.organisator.ch\/fr\/wp-json\/wp\/v2\/types\/post"}],"author":[{"embeddable":true,"href":"https:\/\/www.organisator.ch\/fr\/wp-json\/wp\/v2\/users\/4"}],"replies":[{"embeddable":true,"href":"https:\/\/www.organisator.ch\/fr\/wp-json\/wp\/v2\/comments?post=7914"}],"version-history":[{"count":0,"href":"https:\/\/www.organisator.ch\/fr\/wp-json\/wp\/v2\/posts\/7914\/revisions"}],"wp:featuredmedia":[{"embeddable":true,"href":"https:\/\/www.organisator.ch\/fr\/wp-json\/wp\/v2\/media\/7915"}],"wp:attachment":[{"href":"https:\/\/www.organisator.ch\/fr\/wp-json\/wp\/v2\/media?parent=7914"}],"wp:term":[{"taxonomy":"category","embeddable":true,"href":"https:\/\/www.organisator.ch\/fr\/wp-json\/wp\/v2\/categories?post=7914"},{"taxonomy":"post_tag","embeddable":true,"href":"https:\/\/www.organisator.ch\/fr\/wp-json\/wp\/v2\/tags?post=7914"}],"curies":[{"name":"wp","href":"https:\/\/api.w.org\/{rel}","templated":true}]}}