{"id":7926,"date":"2021-04-15T12:06:31","date_gmt":"2021-04-15T10:06:31","guid":{"rendered":"https:\/\/www.organisator.ch\/?p=7926"},"modified":"2021-04-15T12:06:31","modified_gmt":"2021-04-15T10:06:31","slug":"cyber-vorfaelle-tipps-zur-richtigen-reaktion","status":"publish","type":"post","link":"https:\/\/www.organisator.ch\/fr\/management\/it\/2021-04-15\/cyber-vorfaelle-tipps-zur-richtigen-reaktion\/","title":{"rendered":"Incidents cybern\u00e9tiques : Conseils pour bien r\u00e9agir"},"content":{"rendered":"<figure id=\"attachment_7927\" aria-describedby=\"caption-attachment-7927\" style=\"width: 680px\" class=\"wp-caption alignnone\"><img loading=\"lazy\" decoding=\"async\" class=\"size-medium wp-image-7927\" src=\"https:\/\/www.organisator.ch\/wp-content\/uploads\/2021\/04\/Cyber-Vorfaelle-Tipps-zur-richtigen-Reaktion_Organisator.jpg\" alt=\"\" width=\"680\" height=\"453\" srcset=\"https:\/\/www.organisator.ch\/wp-content\/uploads\/2021\/04\/Cyber-Vorfaelle-Tipps-zur-richtigen-Reaktion_Organisator.jpg 680w, https:\/\/www.organisator.ch\/wp-content\/uploads\/2021\/04\/Cyber-Vorfaelle-Tipps-zur-richtigen-Reaktion_Organisator-16x12.jpg 16w, https:\/\/www.organisator.ch\/wp-content\/uploads\/2021\/04\/Cyber-Vorfaelle-Tipps-zur-richtigen-Reaktion_Organisator-263x175.jpg 263w, https:\/\/www.organisator.ch\/wp-content\/uploads\/2021\/04\/Cyber-Vorfaelle-Tipps-zur-richtigen-Reaktion_Organisator-525x350.jpg 525w, https:\/\/www.organisator.ch\/wp-content\/uploads\/2021\/04\/Cyber-Vorfaelle-Tipps-zur-richtigen-Reaktion_Organisator-300x200.jpg 300w\" sizes=\"auto, (max-width: 680px) 100vw, 680px\" \/><figcaption id=\"caption-attachment-7927\" class=\"wp-caption-text\">Quand le syst\u00e8me sonne l'alarme : Comment r\u00e9agir aux cyberincidents ? (Image : Pixabay.com)<\/figcaption><\/figure>\n<p>Selon les m\u00e9dias, une PME suisse bien connue a r\u00e9cemment subi une nouvelle cyberattaque : l'entreprise de stores Griesser a \u00e9t\u00e9 attaqu\u00e9e par un ransomware et a mis tout en \u0153uvre pour limiter les d\u00e9g\u00e2ts. Comme le fait savoir l'entreprise, une taskforce informatique et une cellule de crise sont en train de remettre les syst\u00e8mes en \u00e9tat afin de pouvoir revenir progressivement \u00e0 une exploitation normale.<\/p>\n<h2>Les cyberincidents peuvent d\u00e9sormais se produire partout<\/h2>\n<p>Les cyberincidents peuvent toucher toutes les entreprises. Les dangers sont d\u00e9sormais partout et les cybercriminels sont de plus en plus perfides dans leurs m\u00e9thodes. Il suffit d'un clic de trop pour que le mal s'installe. Que faut-il alors faire ? Les experts en r\u00e9ponse aux incidents du fournisseur de services de s\u00e9curit\u00e9 informatique Sophos ont donc d\u00e9velopp\u00e9 un guide qui devrait aider les entreprises \u00e0 surmonter cette t\u00e2che difficile. Les quatre conseils suivants sont bas\u00e9s sur l'exp\u00e9rience pratique des \u00e9quipes de r\u00e9ponse g\u00e9r\u00e9e aux menaces et de r\u00e9ponse rapide qui, ensemble, ont d\u00e9j\u00e0 r\u00e9pondu \u00e0 des milliers d'incidents de cybers\u00e9curit\u00e9.<\/p>\n<h2><strong>Conseil n\u00b0 1 : r\u00e9agir le plus rapidement possible<\/strong><\/h2>\n<p>Lorsque les entreprises sont attaqu\u00e9es, chaque seconde compte. Or, les \u00e9quipes de s\u00e9curit\u00e9 internes mettent souvent trop de temps \u00e0 r\u00e9agir de mani\u00e8re ad\u00e9quate et rapide. La raison la plus fr\u00e9quente est qu'elles ne reconnaissent pas \u00e0 temps la gravit\u00e9 de la situation et l'urgence. De plus, de nombreux cyberincidents se produisent les jours f\u00e9ri\u00e9s, les week-ends et la nuit. Comme la plupart des \u00e9quipes informatiques et de s\u00e9curit\u00e9 sont nettement sous-\u00e9quip\u00e9es, la r\u00e9action \u00e0 une attaque \u00e0 ces moments-l\u00e0 est souvent trop tardive pour pouvoir limiter \u00e0 temps les effets de l'attaque.<\/p>\n<p>De plus, une certaine lassitude face aux alarmes r\u00e9duit la rapidit\u00e9 d'action. Et m\u00eame si la r\u00e9action est correcte et opportune, les \u00e9quipes de s\u00e9curit\u00e9 n'ont souvent pas l'exp\u00e9rience n\u00e9cessaire pour prendre les mesures ad\u00e9quates. C'est pourquoi il convient de planifier \u00e0 l'avance et en d\u00e9tail les incidents possibles et la r\u00e9action \u00e0 ceux-ci. Les dix \u00e9tapes les plus importantes d'un tel plan de cybercrise ont \u00e9t\u00e9 d\u00e9crites par Sophos dans son guide de r\u00e9ponse aux incidents \u00e0 l'adresse suivante <a href=\"https:\/\/secure2.sophos.com\/en-us\/security-news-trends\/whitepapers\/gated-wp\/incident-response-guide.aspx\">https:\/\/secure2.sophos.com\/en-us\/security-news-trends\/whitepapers\/gated-wp\/incident-response-guide.aspx<\/a> est r\u00e9pertori\u00e9e.<\/p>\n<h2><strong>Conseil 2 : ne pas d\u00e9clarer trop vite les actions comme \"mission accomplie<\/strong><\/h2>\n<p>En cas de cyberincident, il ne suffit pas de traiter les sympt\u00f4mes. Il faut \u00e9galement en rechercher les causes. Par exemple, la suppression r\u00e9ussie d'un logiciel malveillant et l'effacement d'une alarme ne signifient pas que l'attaquant a \u00e9t\u00e9 chass\u00e9 de l'environnement. En effet, il pourrait simplement s'agir d'un test de l'attaquant pour d\u00e9terminer les mesures de d\u00e9fense auxquelles il est confront\u00e9. Si l'attaquant a toujours acc\u00e8s \u00e0 l'infrastructure, il est probable qu'il frappera \u00e0 nouveau, mais avec une plus grande force destructrice. L'attaquant a-t-il toujours un pied dans l'environnement ? Pr\u00e9voit-il de lancer une deuxi\u00e8me vague ? Les personnes exp\u00e9riment\u00e9es en mati\u00e8re de r\u00e9ponse aux incidents savent quand et o\u00f9 elles doivent enqu\u00eater plus pr\u00e9cis\u00e9ment. Ils recherchent tout ce que les agresseurs font, ont fait ou pr\u00e9voient \u00e9ventuellement de faire sur le r\u00e9seau et neutralisent \u00e9galement ces activit\u00e9s.<\/p>\n<h2><strong>Conseil n\u00b0 3 : une visibilit\u00e9 totale est d\u00e9cisive <\/strong><\/h2>\n<p>En cas d'attaque, il est important d'avoir acc\u00e8s \u00e0 des donn\u00e9es correctes et de qualit\u00e9. Seules ces informations permettent d'identifier avec pr\u00e9cision les indicateurs potentiels d'une attaque et d'en d\u00e9terminer la cause. Des \u00e9quipes sp\u00e9cialis\u00e9es collectent des donn\u00e9es pertinentes pour d\u00e9tecter les signaux et elles savent comment les classer par ordre de priorit\u00e9. Ce faisant, elles tiennent compte des points suivants :<\/p>\n<ul>\n<li><strong>Collecte de signaux : <\/strong>Une visibilit\u00e9 limit\u00e9e d'un environnement est un moyen s\u00fbr de manquer des attaques. Les outils de big data permettent de rem\u00e9dier \u00e0 cette situation. Ceux-ci collectent suffisamment de donn\u00e9es pour fournir des informations pertinentes pour l'\u00e9tude et la r\u00e9action aux attaques. La collecte de donn\u00e9es appropri\u00e9es et de qualit\u00e9 \u00e0 partir d'une multitude de sources garantit une vision compl\u00e8te des outils, tactiques et proc\u00e9dures d'un attaquant.<\/li>\n<li><strong>R\u00e9duire le bruit de fond : <\/strong>Par crainte de ne pas disposer des donn\u00e9es qui pourraient donner une image compl\u00e8te d'une attaque, certaines entreprises et certains outils de s\u00e9curit\u00e9 collectent g\u00e9n\u00e9ralement toutes les informations disponibles. Cette approche rend toutefois la recherche des attaques plus difficile et g\u00e9n\u00e8re plus de donn\u00e9es qu'il n'en faudrait. Non seulement cela augmente les co\u00fbts de collecte et de stockage des donn\u00e9es, mais cela g\u00e9n\u00e8re \u00e9galement un bruit de fond \u00e9lev\u00e9 d'incidents potentiels, ce qui entra\u00eene une lassitude vis-\u00e0-vis des alarmes et une perte de temps dans la chasse aux vraies fausses alertes.<\/li>\n<li><strong>Appliquer le contexte : <\/strong>Pour pouvoir mener un programme de r\u00e9ponse aux incidents efficace, il faut non seulement disposer du contenu (donn\u00e9es), mais aussi du contexte. En appliquant des m\u00e9tadonn\u00e9es significatives associ\u00e9es aux signaux, les analystes en s\u00e9curit\u00e9 peuvent d\u00e9terminer si ces signaux sont malveillants ou b\u00e9nins. L'une des composantes les plus importantes d'une d\u00e9tection et d'une r\u00e9ponse efficaces aux menaces est la hi\u00e9rarchisation des signaux. La meilleure fa\u00e7on d'identifier les alertes les plus importantes est de combiner le contexte fourni par les outils de s\u00e9curit\u00e9 (c'est-\u00e0-dire les solutions de d\u00e9tection et de r\u00e9ponse aux points d'acc\u00e8s), l'intelligence artificielle, le renseignement sur les menaces et la base de connaissances de l'op\u00e9rateur humain. Le contexte aide \u00e0 d\u00e9terminer l'origine d'un signal, le stade actuel de l'attaque, les \u00e9v\u00e9nements associ\u00e9s et l'impact potentiel sur l'entreprise.<\/li>\n<\/ul>\n<h2><strong>Conseil n\u00b0 4 : c'est normal de demander de l'aide<\/strong><\/h2>\n<p>Le manque de ressources qualifi\u00e9es pour enqu\u00eater sur les incidents et y r\u00e9pondre est l'un des principaux probl\u00e8mes auxquels le secteur de la cybers\u00e9curit\u00e9 est confront\u00e9 aujourd'hui. De nombreuses \u00e9quipes informatiques et de s\u00e9curit\u00e9, soumises \u00e0 une forte pression lors de cyber-attaques, se retrouvent dans des situations pour lesquelles elles n'ont pas l'exp\u00e9rience et les comp\u00e9tences n\u00e9cessaires. Ce dilemme a laiss\u00e9 place \u00e0 une alternative : les services de s\u00e9curit\u00e9 g\u00e9r\u00e9s. Plus pr\u00e9cis\u00e9ment, les services de d\u00e9tection et de r\u00e9ponse g\u00e9r\u00e9s (MDR). Les services MDR sont des op\u00e9rations de s\u00e9curit\u00e9 externalis\u00e9es, fournies par une \u00e9quipe de sp\u00e9cialistes, et constituent une extension de l'\u00e9quipe de s\u00e9curit\u00e9 interne de l'entreprise. Ces services combinent des enqu\u00eates dirig\u00e9es par des personnes, une surveillance en temps r\u00e9el et une r\u00e9ponse aux incidents avec des technologies de collecte et d'analyse des informations.<\/p>\n<p>Pour les entreprises qui n'ont pas encore fait appel \u00e0 un service MDR et qui doivent r\u00e9agir \u00e0 une attaque active, les services sp\u00e9cialis\u00e9s de r\u00e9ponse aux incidents sont une bonne option. On fait appel \u00e0 des r\u00e9pondeurs d'incident lorsque l'\u00e9quipe de s\u00e9curit\u00e9 est d\u00e9bord\u00e9e et que des experts externes sont n\u00e9cessaires pour \u00e9valuer l'attaque et s'assurer que l'attaquant est neutralis\u00e9. Les entreprises qui disposent d'une \u00e9quipe d'analystes de s\u00e9curit\u00e9 qualifi\u00e9s peuvent \u00e9galement tirer profit de la collaboration avec un service de r\u00e9ponse aux incidents. Cela permet par exemple de combler les lacunes en mati\u00e8re de couverture (par exemple la nuit, les week-ends et les jours f\u00e9ri\u00e9s) ou d'attribuer des t\u00e2ches sp\u00e9cialis\u00e9es n\u00e9cessaires \u00e0 la r\u00e9ponse aux cyberincidents.<\/p>\n<p><em>Source : <a href=\"https:\/\/www.sophos.com\/de-de.aspx\">Sophos<\/a><\/em><\/p>","protected":false},"excerpt":{"rendered":"<p>Gem\u00e4ss Medienberichten erfolgte k\u00fcrzlich erneut ein Cyber-Angriff auf ein bekanntes Schweizer KMU: Die Storenfirma Griesser ist mit Ransomware angegriffen worden und hat entsprechend alle Hebel in Bewegung gesetzt, den Schaden in Grenzen zu halten. Wie das Unternehmen mitteilt, seien eine IT-Taskforce und ein Krisenstab daran, die Systeme wieder herzurichten, damit man schrittweise wieder zu einem [&hellip;]<\/p>\n","protected":false},"author":4,"featured_media":7927,"comment_status":"closed","ping_status":"closed","sticky":false,"template":"","format":"standard","meta":{"_acf_changed":false,"_yoast_wpseo_focuskw":"Cyber-Vorf\u00e4lle","_yoast_wpseo_metadesc":"Unternehmen stehen bei einem Cyberangriff unter Druck. Die richtige Reaktion auf Cyber-Vorf\u00e4lle erfordert Zeit, aber gleichzeitig ein schnelles Handeln.","articlekey":"","footnotes":""},"categories":[27],"tags":[115,142,260,286,335],"class_list":["post-7926","post","type-post","status-publish","format-standard","has-post-thumbnail","hentry","category-it","tag-checklisten","tag-cyber-crime","tag-ict-sicherheit","tag-it","tag-management-und-unternehmensfuehrung"],"acf":[],"yoast_head":"<!-- This site is optimized with the Yoast SEO plugin v27.5 - https:\/\/yoast.com\/product\/yoast-seo-wordpress\/ -->\n<title>Cyber-Vorf\u00e4lle: Tipps zur richtigen Reaktion - Organisator<\/title>\n<meta name=\"description\" content=\"Unternehmen stehen bei einem Cyberangriff unter Druck. Die richtige Reaktion auf Cyber-Vorf\u00e4lle erfordert Zeit, aber gleichzeitig ein schnelles Handeln.\" \/>\n<meta name=\"robots\" content=\"index, follow, max-snippet:-1, max-image-preview:large, max-video-preview:-1\" \/>\n<link rel=\"canonical\" href=\"https:\/\/www.organisator.ch\/fr\/gestion-2\/it\/2021-04-15\/cyber-vorfaelle-tipps-zur-richtigen-reaktion\/\" \/>\n<meta property=\"og:locale\" content=\"fr_FR\" \/>\n<meta property=\"og:type\" content=\"article\" \/>\n<meta property=\"og:title\" content=\"Cyber-Vorf\u00e4lle: Tipps zur richtigen Reaktion\" \/>\n<meta property=\"og:description\" content=\"Unternehmen stehen bei einem Cyberangriff unter Druck. Die richtige Reaktion auf Cyber-Vorf\u00e4lle erfordert Zeit, aber gleichzeitig ein schnelles Handeln.\" \/>\n<meta property=\"og:url\" content=\"https:\/\/www.organisator.ch\/fr\/gestion-2\/it\/2021-04-15\/cyber-vorfaelle-tipps-zur-richtigen-reaktion\/\" \/>\n<meta property=\"og:site_name\" content=\"Organisator\" \/>\n<meta property=\"article:publisher\" content=\"https:\/\/www.facebook.com\/OrganisatorFachmagazin\" \/>\n<meta property=\"article:published_time\" content=\"2021-04-15T10:06:31+00:00\" \/>\n<meta property=\"og:image\" content=\"https:\/\/www.organisator.ch\/wp-content\/uploads\/2021\/04\/Cyber-Vorfaelle-Tipps-zur-richtigen-Reaktion_Organisator.jpg\" \/>\n\t<meta property=\"og:image:width\" content=\"680\" \/>\n\t<meta property=\"og:image:height\" content=\"453\" \/>\n\t<meta property=\"og:image:type\" content=\"image\/jpeg\" \/>\n<meta name=\"author\" content=\"thomas.berner\" \/>\n<meta name=\"twitter:card\" content=\"summary_large_image\" \/>\n<meta name=\"twitter:title\" content=\"#Cyber-Vorf\u00e4lle: Tipps zur richtigen Reaktion\" \/>\n<meta name=\"twitter:description\" content=\"Unternehmen stehen bei einem #Cyberangriff unter Druck. Die richtige Reaktion auf #Cyber-Vorf\u00e4lle erfordert Zeit, aber gleichzeitig ein schnelles Handeln.\" \/>\n<meta name=\"twitter:image\" content=\"https:\/\/www.organisator.ch\/wp-content\/uploads\/2021\/04\/Cyber-Vorfaelle-Tipps-zur-richtigen-Reaktion_Organisator.jpg\" \/>\n<script type=\"application\/ld+json\" class=\"yoast-schema-graph\">{\"@context\":\"https:\\\/\\\/schema.org\",\"@graph\":[{\"@type\":\"Article\",\"@id\":\"https:\\\/\\\/www.organisator.ch\\\/management\\\/it\\\/2021-04-15\\\/cyber-vorfaelle-tipps-zur-richtigen-reaktion\\\/#article\",\"isPartOf\":{\"@id\":\"https:\\\/\\\/www.organisator.ch\\\/management\\\/it\\\/2021-04-15\\\/cyber-vorfaelle-tipps-zur-richtigen-reaktion\\\/\"},\"author\":{\"name\":\"thomas.berner\",\"@id\":\"https:\\\/\\\/www.organisator.ch\\\/#\\\/schema\\\/person\\\/6f650f90b2842cd4c0cc334b4e36f67e\"},\"headline\":\"Cyber-Vorf\u00e4lle: Tipps zur richtigen Reaktion\",\"datePublished\":\"2021-04-15T10:06:31+00:00\",\"mainEntityOfPage\":{\"@id\":\"https:\\\/\\\/www.organisator.ch\\\/management\\\/it\\\/2021-04-15\\\/cyber-vorfaelle-tipps-zur-richtigen-reaktion\\\/\"},\"wordCount\":1062,\"publisher\":{\"@id\":\"https:\\\/\\\/www.organisator.ch\\\/#organization\"},\"image\":{\"@id\":\"https:\\\/\\\/www.organisator.ch\\\/management\\\/it\\\/2021-04-15\\\/cyber-vorfaelle-tipps-zur-richtigen-reaktion\\\/#primaryimage\"},\"thumbnailUrl\":\"https:\\\/\\\/www.organisator.ch\\\/wp-content\\\/uploads\\\/2021\\\/04\\\/Cyber-Vorfaelle-Tipps-zur-richtigen-Reaktion_Organisator.jpg\",\"keywords\":[\"Checklisten\",\"Cyber-Crime\",\"ICT-Sicherheit\",\"IT\",\"Management und Unternehmensf\u00fchrung\"],\"articleSection\":[\"IT\"],\"inLanguage\":\"fr-FR\"},{\"@type\":\"WebPage\",\"@id\":\"https:\\\/\\\/www.organisator.ch\\\/management\\\/it\\\/2021-04-15\\\/cyber-vorfaelle-tipps-zur-richtigen-reaktion\\\/\",\"url\":\"https:\\\/\\\/www.organisator.ch\\\/management\\\/it\\\/2021-04-15\\\/cyber-vorfaelle-tipps-zur-richtigen-reaktion\\\/\",\"name\":\"Cyber-Vorf\u00e4lle: Tipps zur richtigen Reaktion - Organisator\",\"isPartOf\":{\"@id\":\"https:\\\/\\\/www.organisator.ch\\\/#website\"},\"primaryImageOfPage\":{\"@id\":\"https:\\\/\\\/www.organisator.ch\\\/management\\\/it\\\/2021-04-15\\\/cyber-vorfaelle-tipps-zur-richtigen-reaktion\\\/#primaryimage\"},\"image\":{\"@id\":\"https:\\\/\\\/www.organisator.ch\\\/management\\\/it\\\/2021-04-15\\\/cyber-vorfaelle-tipps-zur-richtigen-reaktion\\\/#primaryimage\"},\"thumbnailUrl\":\"https:\\\/\\\/www.organisator.ch\\\/wp-content\\\/uploads\\\/2021\\\/04\\\/Cyber-Vorfaelle-Tipps-zur-richtigen-Reaktion_Organisator.jpg\",\"datePublished\":\"2021-04-15T10:06:31+00:00\",\"description\":\"Unternehmen stehen bei einem Cyberangriff unter Druck. Die richtige Reaktion auf Cyber-Vorf\u00e4lle erfordert Zeit, aber gleichzeitig ein schnelles Handeln.\",\"breadcrumb\":{\"@id\":\"https:\\\/\\\/www.organisator.ch\\\/management\\\/it\\\/2021-04-15\\\/cyber-vorfaelle-tipps-zur-richtigen-reaktion\\\/#breadcrumb\"},\"inLanguage\":\"fr-FR\",\"potentialAction\":[{\"@type\":\"ReadAction\",\"target\":[\"https:\\\/\\\/www.organisator.ch\\\/management\\\/it\\\/2021-04-15\\\/cyber-vorfaelle-tipps-zur-richtigen-reaktion\\\/\"]}]},{\"@type\":\"ImageObject\",\"inLanguage\":\"fr-FR\",\"@id\":\"https:\\\/\\\/www.organisator.ch\\\/management\\\/it\\\/2021-04-15\\\/cyber-vorfaelle-tipps-zur-richtigen-reaktion\\\/#primaryimage\",\"url\":\"https:\\\/\\\/www.organisator.ch\\\/wp-content\\\/uploads\\\/2021\\\/04\\\/Cyber-Vorfaelle-Tipps-zur-richtigen-Reaktion_Organisator.jpg\",\"contentUrl\":\"https:\\\/\\\/www.organisator.ch\\\/wp-content\\\/uploads\\\/2021\\\/04\\\/Cyber-Vorfaelle-Tipps-zur-richtigen-Reaktion_Organisator.jpg\",\"width\":680,\"height\":453,\"caption\":\"Wenn das System Alarm schl\u00e4gt: Wie reagiert man auf Cyber-Vorf\u00e4lle? (Bild: Pixabay.com)\"},{\"@type\":\"BreadcrumbList\",\"@id\":\"https:\\\/\\\/www.organisator.ch\\\/management\\\/it\\\/2021-04-15\\\/cyber-vorfaelle-tipps-zur-richtigen-reaktion\\\/#breadcrumb\",\"itemListElement\":[{\"@type\":\"ListItem\",\"position\":1,\"name\":\"Home\",\"item\":\"https:\\\/\\\/www.organisator.ch\\\/\"},{\"@type\":\"ListItem\",\"position\":2,\"name\":\"Cyber-Vorf\u00e4lle: Tipps zur richtigen Reaktion\"}]},{\"@type\":\"WebSite\",\"@id\":\"https:\\\/\\\/www.organisator.ch\\\/#website\",\"url\":\"https:\\\/\\\/www.organisator.ch\\\/\",\"name\":\"Organisator\",\"description\":\"Kompetent. Praxisnah. Der ORGANISATOR bereitet in 10 Ausgaben pro Jahr die wesentlichen Themen f\u00fcr F\u00fchrungskr\u00e4fte von KMU auf.\",\"publisher\":{\"@id\":\"https:\\\/\\\/www.organisator.ch\\\/#organization\"},\"potentialAction\":[{\"@type\":\"SearchAction\",\"target\":{\"@type\":\"EntryPoint\",\"urlTemplate\":\"https:\\\/\\\/www.organisator.ch\\\/?s={search_term_string}\"},\"query-input\":{\"@type\":\"PropertyValueSpecification\",\"valueRequired\":true,\"valueName\":\"search_term_string\"}}],\"inLanguage\":\"fr-FR\"},{\"@type\":\"Organization\",\"@id\":\"https:\\\/\\\/www.organisator.ch\\\/#organization\",\"name\":\"Organisator\",\"url\":\"https:\\\/\\\/www.organisator.ch\\\/\",\"logo\":{\"@type\":\"ImageObject\",\"inLanguage\":\"fr-FR\",\"@id\":\"https:\\\/\\\/www.organisator.ch\\\/#\\\/schema\\\/logo\\\/image\\\/\",\"url\":\"https:\\\/\\\/www.organisator.ch\\\/wp-content\\\/uploads\\\/2022\\\/01\\\/Logo_Organisator_Website.png\",\"contentUrl\":\"https:\\\/\\\/www.organisator.ch\\\/wp-content\\\/uploads\\\/2022\\\/01\\\/Logo_Organisator_Website.png\",\"width\":800,\"height\":77,\"caption\":\"Organisator\"},\"image\":{\"@id\":\"https:\\\/\\\/www.organisator.ch\\\/#\\\/schema\\\/logo\\\/image\\\/\"},\"sameAs\":[\"https:\\\/\\\/www.facebook.com\\\/OrganisatorFachmagazin\",\"https:\\\/\\\/www.linkedin.com\\\/showcase\\\/organisator-das-magazin-fr-kmu\",\"https:\\\/\\\/www.xing.com\\\/news\\\/pages\\\/organisator-ch-695\",\"https:\\\/\\\/www.youtube.com\\\/channel\\\/UCGP2Sq0iWaZwT3BdIAQFYpw\"]},{\"@type\":\"Person\",\"@id\":\"https:\\\/\\\/www.organisator.ch\\\/#\\\/schema\\\/person\\\/6f650f90b2842cd4c0cc334b4e36f67e\",\"name\":\"thomas.berner\",\"image\":{\"@type\":\"ImageObject\",\"inLanguage\":\"fr-FR\",\"@id\":\"https:\\\/\\\/secure.gravatar.com\\\/avatar\\\/ac5001d2a36cb6c6cd3e50789007ffca834b477b74a2144564522e944eabff61?s=96&d=mm&r=g\",\"url\":\"https:\\\/\\\/secure.gravatar.com\\\/avatar\\\/ac5001d2a36cb6c6cd3e50789007ffca834b477b74a2144564522e944eabff61?s=96&d=mm&r=g\",\"contentUrl\":\"https:\\\/\\\/secure.gravatar.com\\\/avatar\\\/ac5001d2a36cb6c6cd3e50789007ffca834b477b74a2144564522e944eabff61?s=96&d=mm&r=g\",\"caption\":\"thomas.berner\"},\"url\":\"https:\\\/\\\/www.organisator.ch\\\/fr\\\/author\\\/thomas-berner\\\/\"}]}<\/script>\n<!-- \/ Yoast SEO plugin. -->","yoast_head_json":{"title":"Incidents cybern\u00e9tiques : Conseils pour bien r\u00e9agir - Organisateur","description":"Les entreprises sont sous pression en cas de cyber-attaque. R\u00e9pondre correctement aux cyberincidents demande du temps, mais en m\u00eame temps une action rapide.","robots":{"index":"index","follow":"follow","max-snippet":"max-snippet:-1","max-image-preview":"max-image-preview:large","max-video-preview":"max-video-preview:-1"},"canonical":"https:\/\/www.organisator.ch\/fr\/gestion-2\/it\/2021-04-15\/cyber-vorfaelle-tipps-zur-richtigen-reaktion\/","og_locale":"fr_FR","og_type":"article","og_title":"Cyber-Vorf\u00e4lle: Tipps zur richtigen Reaktion","og_description":"Unternehmen stehen bei einem Cyberangriff unter Druck. Die richtige Reaktion auf Cyber-Vorf\u00e4lle erfordert Zeit, aber gleichzeitig ein schnelles Handeln.","og_url":"https:\/\/www.organisator.ch\/fr\/gestion-2\/it\/2021-04-15\/cyber-vorfaelle-tipps-zur-richtigen-reaktion\/","og_site_name":"Organisator","article_publisher":"https:\/\/www.facebook.com\/OrganisatorFachmagazin","article_published_time":"2021-04-15T10:06:31+00:00","og_image":[{"width":680,"height":453,"url":"https:\/\/www.organisator.ch\/wp-content\/uploads\/2021\/04\/Cyber-Vorfaelle-Tipps-zur-richtigen-Reaktion_Organisator.jpg","type":"image\/jpeg"}],"author":"thomas.berner","twitter_card":"summary_large_image","twitter_title":"#Cyber-Vorf\u00e4lle: Tipps zur richtigen Reaktion","twitter_description":"Unternehmen stehen bei einem #Cyberangriff unter Druck. Die richtige Reaktion auf #Cyber-Vorf\u00e4lle erfordert Zeit, aber gleichzeitig ein schnelles Handeln.","twitter_image":"https:\/\/www.organisator.ch\/wp-content\/uploads\/2021\/04\/Cyber-Vorfaelle-Tipps-zur-richtigen-Reaktion_Organisator.jpg","schema":{"@context":"https:\/\/schema.org","@graph":[{"@type":"Article","@id":"https:\/\/www.organisator.ch\/management\/it\/2021-04-15\/cyber-vorfaelle-tipps-zur-richtigen-reaktion\/#article","isPartOf":{"@id":"https:\/\/www.organisator.ch\/management\/it\/2021-04-15\/cyber-vorfaelle-tipps-zur-richtigen-reaktion\/"},"author":{"name":"thomas.berner","@id":"https:\/\/www.organisator.ch\/#\/schema\/person\/6f650f90b2842cd4c0cc334b4e36f67e"},"headline":"Cyber-Vorf\u00e4lle: Tipps zur richtigen Reaktion","datePublished":"2021-04-15T10:06:31+00:00","mainEntityOfPage":{"@id":"https:\/\/www.organisator.ch\/management\/it\/2021-04-15\/cyber-vorfaelle-tipps-zur-richtigen-reaktion\/"},"wordCount":1062,"publisher":{"@id":"https:\/\/www.organisator.ch\/#organization"},"image":{"@id":"https:\/\/www.organisator.ch\/management\/it\/2021-04-15\/cyber-vorfaelle-tipps-zur-richtigen-reaktion\/#primaryimage"},"thumbnailUrl":"https:\/\/www.organisator.ch\/wp-content\/uploads\/2021\/04\/Cyber-Vorfaelle-Tipps-zur-richtigen-Reaktion_Organisator.jpg","keywords":["Checklisten","Cyber-Crime","ICT-Sicherheit","IT","Management und Unternehmensf\u00fchrung"],"articleSection":["IT"],"inLanguage":"fr-FR"},{"@type":"WebPage","@id":"https:\/\/www.organisator.ch\/management\/it\/2021-04-15\/cyber-vorfaelle-tipps-zur-richtigen-reaktion\/","url":"https:\/\/www.organisator.ch\/management\/it\/2021-04-15\/cyber-vorfaelle-tipps-zur-richtigen-reaktion\/","name":"Incidents cybern\u00e9tiques : Conseils pour bien r\u00e9agir - Organisateur","isPartOf":{"@id":"https:\/\/www.organisator.ch\/#website"},"primaryImageOfPage":{"@id":"https:\/\/www.organisator.ch\/management\/it\/2021-04-15\/cyber-vorfaelle-tipps-zur-richtigen-reaktion\/#primaryimage"},"image":{"@id":"https:\/\/www.organisator.ch\/management\/it\/2021-04-15\/cyber-vorfaelle-tipps-zur-richtigen-reaktion\/#primaryimage"},"thumbnailUrl":"https:\/\/www.organisator.ch\/wp-content\/uploads\/2021\/04\/Cyber-Vorfaelle-Tipps-zur-richtigen-Reaktion_Organisator.jpg","datePublished":"2021-04-15T10:06:31+00:00","description":"Les entreprises sont sous pression en cas de cyber-attaque. R\u00e9pondre correctement aux cyberincidents demande du temps, mais en m\u00eame temps une action rapide.","breadcrumb":{"@id":"https:\/\/www.organisator.ch\/management\/it\/2021-04-15\/cyber-vorfaelle-tipps-zur-richtigen-reaktion\/#breadcrumb"},"inLanguage":"fr-FR","potentialAction":[{"@type":"ReadAction","target":["https:\/\/www.organisator.ch\/management\/it\/2021-04-15\/cyber-vorfaelle-tipps-zur-richtigen-reaktion\/"]}]},{"@type":"ImageObject","inLanguage":"fr-FR","@id":"https:\/\/www.organisator.ch\/management\/it\/2021-04-15\/cyber-vorfaelle-tipps-zur-richtigen-reaktion\/#primaryimage","url":"https:\/\/www.organisator.ch\/wp-content\/uploads\/2021\/04\/Cyber-Vorfaelle-Tipps-zur-richtigen-Reaktion_Organisator.jpg","contentUrl":"https:\/\/www.organisator.ch\/wp-content\/uploads\/2021\/04\/Cyber-Vorfaelle-Tipps-zur-richtigen-Reaktion_Organisator.jpg","width":680,"height":453,"caption":"Wenn das System Alarm schl\u00e4gt: Wie reagiert man auf Cyber-Vorf\u00e4lle? (Bild: Pixabay.com)"},{"@type":"BreadcrumbList","@id":"https:\/\/www.organisator.ch\/management\/it\/2021-04-15\/cyber-vorfaelle-tipps-zur-richtigen-reaktion\/#breadcrumb","itemListElement":[{"@type":"ListItem","position":1,"name":"Home","item":"https:\/\/www.organisator.ch\/"},{"@type":"ListItem","position":2,"name":"Cyber-Vorf\u00e4lle: Tipps zur richtigen Reaktion"}]},{"@type":"WebSite","@id":"https:\/\/www.organisator.ch\/#website","url":"https:\/\/www.organisator.ch\/","name":"Organisateur","description":"Comp\u00e9tence et comp\u00e9tence. Proches de la pratique. L'ORGANISATEUR pr\u00e9pare 10 num\u00e9ros par an sur les th\u00e8mes essentiels pour les dirigeants de PME.","publisher":{"@id":"https:\/\/www.organisator.ch\/#organization"},"potentialAction":[{"@type":"SearchAction","target":{"@type":"EntryPoint","urlTemplate":"https:\/\/www.organisator.ch\/?s={search_term_string}"},"query-input":{"@type":"PropertyValueSpecification","valueRequired":true,"valueName":"search_term_string"}}],"inLanguage":"fr-FR"},{"@type":"Organization","@id":"https:\/\/www.organisator.ch\/#organization","name":"Organisateur","url":"https:\/\/www.organisator.ch\/","logo":{"@type":"ImageObject","inLanguage":"fr-FR","@id":"https:\/\/www.organisator.ch\/#\/schema\/logo\/image\/","url":"https:\/\/www.organisator.ch\/wp-content\/uploads\/2022\/01\/Logo_Organisator_Website.png","contentUrl":"https:\/\/www.organisator.ch\/wp-content\/uploads\/2022\/01\/Logo_Organisator_Website.png","width":800,"height":77,"caption":"Organisator"},"image":{"@id":"https:\/\/www.organisator.ch\/#\/schema\/logo\/image\/"},"sameAs":["https:\/\/www.facebook.com\/OrganisatorFachmagazin","https:\/\/www.linkedin.com\/showcase\/organisator-das-magazin-fr-kmu","https:\/\/www.xing.com\/news\/pages\/organisator-ch-695","https:\/\/www.youtube.com\/channel\/UCGP2Sq0iWaZwT3BdIAQFYpw"]},{"@type":"Person","@id":"https:\/\/www.organisator.ch\/#\/schema\/person\/6f650f90b2842cd4c0cc334b4e36f67e","name":"thomas.berner","image":{"@type":"ImageObject","inLanguage":"fr-FR","@id":"https:\/\/secure.gravatar.com\/avatar\/ac5001d2a36cb6c6cd3e50789007ffca834b477b74a2144564522e944eabff61?s=96&d=mm&r=g","url":"https:\/\/secure.gravatar.com\/avatar\/ac5001d2a36cb6c6cd3e50789007ffca834b477b74a2144564522e944eabff61?s=96&d=mm&r=g","contentUrl":"https:\/\/secure.gravatar.com\/avatar\/ac5001d2a36cb6c6cd3e50789007ffca834b477b74a2144564522e944eabff61?s=96&d=mm&r=g","caption":"thomas.berner"},"url":"https:\/\/www.organisator.ch\/fr\/author\/thomas-berner\/"}]}},"_links":{"self":[{"href":"https:\/\/www.organisator.ch\/fr\/wp-json\/wp\/v2\/posts\/7926","targetHints":{"allow":["GET"]}}],"collection":[{"href":"https:\/\/www.organisator.ch\/fr\/wp-json\/wp\/v2\/posts"}],"about":[{"href":"https:\/\/www.organisator.ch\/fr\/wp-json\/wp\/v2\/types\/post"}],"author":[{"embeddable":true,"href":"https:\/\/www.organisator.ch\/fr\/wp-json\/wp\/v2\/users\/4"}],"replies":[{"embeddable":true,"href":"https:\/\/www.organisator.ch\/fr\/wp-json\/wp\/v2\/comments?post=7926"}],"version-history":[{"count":0,"href":"https:\/\/www.organisator.ch\/fr\/wp-json\/wp\/v2\/posts\/7926\/revisions"}],"wp:featuredmedia":[{"embeddable":true,"href":"https:\/\/www.organisator.ch\/fr\/wp-json\/wp\/v2\/media\/7927"}],"wp:attachment":[{"href":"https:\/\/www.organisator.ch\/fr\/wp-json\/wp\/v2\/media?parent=7926"}],"wp:term":[{"taxonomy":"category","embeddable":true,"href":"https:\/\/www.organisator.ch\/fr\/wp-json\/wp\/v2\/categories?post=7926"},{"taxonomy":"post_tag","embeddable":true,"href":"https:\/\/www.organisator.ch\/fr\/wp-json\/wp\/v2\/tags?post=7926"}],"curies":[{"name":"wp","href":"https:\/\/api.w.org\/{rel}","templated":true}]}}