{"id":7937,"date":"2021-04-21T11:38:03","date_gmt":"2021-04-21T09:38:03","guid":{"rendered":"https:\/\/www.organisator.ch\/?p=7937"},"modified":"2021-04-21T11:38:03","modified_gmt":"2021-04-21T09:38:03","slug":"klimaschutzprojekte-von-kmu-2020-war-ein-rekordjahr","status":"publish","type":"post","link":"https:\/\/www.organisator.ch\/fr\/allgemein\/2021-04-21\/klimaschutzprojekte-von-kmu-2020-war-ein-rekordjahr\/","title":{"rendered":"Projets de protection climatique des PME : 2020 a \u00e9t\u00e9 une ann\u00e9e record"},"content":{"rendered":"<figure id=\"attachment_7938\" aria-describedby=\"caption-attachment-7938\" style=\"width: 680px\" class=\"wp-caption alignnone\"><img loading=\"lazy\" decoding=\"async\" class=\"size-medium wp-image-7938\" src=\"https:\/\/www.organisator.ch\/wp-content\/uploads\/2021\/04\/Klimaschutzprojekte-von-KMU-2020-war-ein-Rekordjahr_Organisator.jpg\" alt=\"\" width=\"680\" height=\"454\" srcset=\"https:\/\/www.organisator.ch\/wp-content\/uploads\/2021\/04\/Klimaschutzprojekte-von-KMU-2020-war-ein-Rekordjahr_Organisator.jpg 680w, https:\/\/www.organisator.ch\/wp-content\/uploads\/2021\/04\/Klimaschutzprojekte-von-KMU-2020-war-ein-Rekordjahr_Organisator-16x12.jpg 16w, https:\/\/www.organisator.ch\/wp-content\/uploads\/2021\/04\/Klimaschutzprojekte-von-KMU-2020-war-ein-Rekordjahr_Organisator-262x175.jpg 262w, https:\/\/www.organisator.ch\/wp-content\/uploads\/2021\/04\/Klimaschutzprojekte-von-KMU-2020-war-ein-Rekordjahr_Organisator-524x350.jpg 524w, https:\/\/www.organisator.ch\/wp-content\/uploads\/2021\/04\/Klimaschutzprojekte-von-KMU-2020-war-ein-Rekordjahr_Organisator-300x200.jpg 300w\" sizes=\"auto, (max-width: 680px) 100vw, 680px\" \/><figcaption id=\"caption-attachment-7938\" class=\"wp-caption-text\">En 2020, la Fondation Suisse pour le Climat a soutenu des projets de protection du climat dans des PME avec un montant record de 5 millions de francs. (Image symbolique \/ Source : Pixabay.com)<\/figcaption><\/figure>\n<p>L'immeuble de bureaux se transforme en centrale solaire, le b\u00e9ton recycl\u00e9 devient neutre en CO<sub>2<\/sub>-Les PME suisses et liechtensteinoises ont fait preuve d'une grande cr\u00e9ativit\u00e9 pour prot\u00e9ger le climat, m\u00eame en 2020. La Fondation Suisse pour le Climat a de nouveau re\u00e7u de nombreuses demandes de soutien. Le conseil de fondation et le comit\u00e9 consultatif ont accord\u00e9 environ 5 millions de francs de soutien \u00e0 des projets de protection du climat en 2020. Cela repr\u00e9sente 16% de plus que l'ann\u00e9e pr\u00e9c\u00e9dente.<\/p>\n<h2><strong>Les technologies innovantes au c\u0153ur de la promotion\u00a0<\/strong><\/h2>\n<p>En 2020, la plus grande partie de la somme d'encouragement a \u00e9galement \u00e9t\u00e9 consacr\u00e9e au domaine de l'innovation : 23 projets au total peuvent d\u00e9sormais compter sur le soutien de la fondation, pour un montant total de 2,7 millions de francs. Parmi les innovations soutenues, on trouve par exemple une technologie de stockage du CO<sub>2<\/sub>\u00a0dans le b\u00e9ton recycl\u00e9 (<a href=\"https:\/\/maxcomm.us12.list-manage.com\/track\/click?u=74090039ecde65db808b5baa9&amp;id=eb5f66b006&amp;e=4a105d0b7c\">neustark<\/a>), de nouveaux proc\u00e9d\u00e9s de fabrication de mat\u00e9riaux d'isolation durables \u00e0 partir de cendres (<a href=\"https:\/\/maxcomm.us12.list-manage.com\/track\/click?u=74090039ecde65db808b5baa9&amp;id=dee6da2167&amp;e=4a105d0b7c\">FenX<\/a>) ou pour la transformation de d\u00e9chets v\u00e9g\u00e9taux en produits chimiques de haute qualit\u00e9 comme alternative au p\u00e9trole (<a href=\"https:\/\/maxcomm.us12.list-manage.com\/track\/click?u=74090039ecde65db808b5baa9&amp;id=2f1831e961&amp;e=4a105d0b7c\">Bloom Biorenewables<\/a>) ainsi qu'une taxe sur le CO<sub>2<\/sub>-Chauffage neutre des serres avec des d\u00e9chets de graisse organique (Oekokraft).<\/p>\n<p>\"Si nous voulons atteindre les objectifs climatiques nationaux, nous avons un besoin urgent de telles technologies d'avenir, notamment dans les domaines du b\u00e2timent, de l'agriculture et de l'\u00e9conomie circulaire\", explique Thomas H\u00fcgli, pr\u00e9sident du conseil de fondation de la Fondation Suisse pour le Climat. \"Il ne suffira pas que l'\u00e9conomie r\u00e9duise ou compense ses \u00e9missions de CO2. C'est pourquoi nous rassemblons les forces des diff\u00e9rentes entreprises partenaires au sein de la fondation commune afin de continuer \u00e0 d\u00e9velopper la promotion des innovations climatiques de mani\u00e8re efficace et cibl\u00e9e\".<\/p>\n<h2><strong>Plus de deux fois plus de projets de protection climatique financ\u00e9s que l'ann\u00e9e pr\u00e9c\u00e9dente\u00a0<\/strong><\/h2>\n<p>Plus de 350 projets d'efficacit\u00e9 \u00e9nerg\u00e9tique b\u00e9n\u00e9ficieront \u00e9galement \u00e0 l'avenir du soutien de la Fondation Suisse pour le Climat. Parmi eux, on trouve, outre de nombreuses mesures standard pour une meilleure efficacit\u00e9 \u00e9nerg\u00e9tique dans l'entreprise (projets tels que le passage \u00e0 la mobilit\u00e9 \u00e9lectrique, l'utilisation de la chaleur r\u00e9siduelle ou le remplacement d'appareils), douze grands projets de promotion et de traitement du biogaz. S'y ajoutent une trentaine de projets issus du programme d'entretien des for\u00eats, dans le cadre duquel la fondation soutient le rajeunissement des for\u00eats trop \u00e2g\u00e9es afin de r\u00e9duire leurs \u00e9missions de CO<sub>2<\/sub>-capacit\u00e9 d'absorption. Au total, le nombre de projets individuels financ\u00e9s en 2020 s'\u00e9l\u00e8ve \u00e0 plus de 400, soit plus du double de l'ann\u00e9e pr\u00e9c\u00e9dente.<\/p>\n<h2><strong>Redistribution \u00e0 partir du CO<sub>2<\/sub>-La taxe sur le tabac a le plus grand impact possible\u00a0<\/strong><\/h2>\n<p>Ce soutien est rendu possible par plus de 20 entreprises suisses et liechtensteinoises qui font don \u00e0 la fondation de la redistribution qui leur revient de la taxe d'incitation sur le CO2. La Fondation Suisse pour le Climat est ouverte \u00e0 d'autres entreprises qui souhaitent soutenir cet engagement commun de l'\u00e9conomie pour atteindre les objectifs climatiques nationaux en tant que futurs partenaires.<\/p>\n<p><em>Source <a href=\"http:\/\/www.klimastiftung.ch\">Fondation Suisse pour le Climat<\/a><\/em><\/p>","protected":false},"excerpt":{"rendered":"<p>Das B\u00fcrohaus wird zum Solarkraftwerk, der Recycling-Beton wird zum CO2-Speicher, aus Abfall werden Treibstoff und Parf\u00fcm: Die Kreativit\u00e4t der Schweizer und Liechtensteiner KMU zum Schutz des Klimas haben auch im anspruchsvollen 2020 nicht nachgelassen. Die Klimastiftung Schweiz hat erneut zahlreiche F\u00f6rderantr\u00e4ge erhalten. Rund 5 Millionen Franken F\u00f6rderung f\u00fcr Klimaschutzprojekte haben Stiftungs- und Beirat im Jahr [&hellip;]<\/p>\n","protected":false},"author":4,"featured_media":7938,"comment_status":"closed","ping_status":"closed","sticky":false,"template":"","format":"standard","meta":{"_acf_changed":false,"_yoast_wpseo_focuskw":"Klimaschutzprojekte","_yoast_wpseo_metadesc":"Die Klimastiftung Schweiz hat 2020 5 Millionen Franken F\u00f6rdergelder gesprochen. Diese gehen an \u00fcber 400 Klimaschutzprojekte von KMU.","articlekey":"","footnotes":""},"categories":[1],"tags":[300,335,488,492],"class_list":["post-7937","post","type-post","status-publish","format-standard","has-post-thumbnail","hentry","category-allgemein","tag-klimaschutz","tag-management-und-unternehmensfuehrung","tag-umweltmanagement","tag-unternehmen"],"acf":[],"yoast_head":"<!-- This site is optimized with the Yoast SEO plugin v27.5 - https:\/\/yoast.com\/product\/yoast-seo-wordpress\/ -->\n<title>Klimaschutzprojekte von KMU: 2020 war ein Rekordjahr - Organisator<\/title>\n<meta name=\"description\" content=\"Die Klimastiftung Schweiz hat 2020 5 Millionen Franken F\u00f6rdergelder gesprochen. Diese gehen an \u00fcber 400 Klimaschutzprojekte von KMU.\" \/>\n<meta name=\"robots\" content=\"index, follow, max-snippet:-1, max-image-preview:large, max-video-preview:-1\" \/>\n<link rel=\"canonical\" href=\"https:\/\/www.organisator.ch\/fr\/general\/2021-04-21\/klimaschutzprojekte-von-kmu-2020-war-ein-rekordjahr\/\" \/>\n<meta property=\"og:locale\" content=\"fr_FR\" \/>\n<meta property=\"og:type\" content=\"article\" \/>\n<meta property=\"og:title\" content=\"Klimaschutzprojekte von KMU: 2020 war ein Rekordjahr\" \/>\n<meta property=\"og:description\" content=\"Die Klimastiftung Schweiz hat 2020 5 Millionen Franken F\u00f6rdergelder gesprochen. Diese gehen an \u00fcber 400 Klimaschutzprojekte von KMU.\" \/>\n<meta property=\"og:url\" content=\"https:\/\/www.organisator.ch\/fr\/general\/2021-04-21\/klimaschutzprojekte-von-kmu-2020-war-ein-rekordjahr\/\" \/>\n<meta property=\"og:site_name\" content=\"Organisator\" \/>\n<meta property=\"article:publisher\" content=\"https:\/\/www.facebook.com\/OrganisatorFachmagazin\" \/>\n<meta property=\"article:published_time\" content=\"2021-04-21T09:38:03+00:00\" \/>\n<meta property=\"og:image\" content=\"https:\/\/www.organisator.ch\/wp-content\/uploads\/2021\/04\/Klimaschutzprojekte-von-KMU-2020-war-ein-Rekordjahr_Organisator.jpg\" \/>\n\t<meta property=\"og:image:width\" content=\"680\" \/>\n\t<meta property=\"og:image:height\" content=\"454\" \/>\n\t<meta property=\"og:image:type\" content=\"image\/jpeg\" \/>\n<meta name=\"author\" content=\"thomas.berner\" \/>\n<meta name=\"twitter:card\" content=\"summary_large_image\" \/>\n<meta name=\"twitter:title\" content=\"#Klimaschutzprojekte von KMU: 2020 war ein #Rekordjahr\" \/>\n<meta name=\"twitter:description\" content=\"Die #Klimastiftung Schweiz hat 2020 5 Millionen Franken #F\u00f6rdergelder gesprochen. Diese gehen an \u00fcber 400 #Klimaschutzprojekte von KMU.\" \/>\n<meta name=\"twitter:image\" content=\"https:\/\/www.organisator.ch\/wp-content\/uploads\/2021\/04\/Klimaschutzprojekte-von-KMU-2020-war-ein-Rekordjahr_Organisator.jpg\" \/>\n<script type=\"application\/ld+json\" class=\"yoast-schema-graph\">{\"@context\":\"https:\\\/\\\/schema.org\",\"@graph\":[{\"@type\":\"Article\",\"@id\":\"https:\\\/\\\/www.organisator.ch\\\/de\\\/allgemein\\\/2021-04-21\\\/klimaschutzprojekte-von-kmu-2020-war-ein-rekordjahr\\\/#article\",\"isPartOf\":{\"@id\":\"https:\\\/\\\/www.organisator.ch\\\/de\\\/allgemein\\\/2021-04-21\\\/klimaschutzprojekte-von-kmu-2020-war-ein-rekordjahr\\\/\"},\"author\":{\"name\":\"thomas.berner\",\"@id\":\"https:\\\/\\\/www.organisator.ch\\\/#\\\/schema\\\/person\\\/6f650f90b2842cd4c0cc334b4e36f67e\"},\"headline\":\"Klimaschutzprojekte von KMU: 2020 war ein Rekordjahr\",\"datePublished\":\"2021-04-21T09:38:03+00:00\",\"mainEntityOfPage\":{\"@id\":\"https:\\\/\\\/www.organisator.ch\\\/de\\\/allgemein\\\/2021-04-21\\\/klimaschutzprojekte-von-kmu-2020-war-ein-rekordjahr\\\/\"},\"wordCount\":447,\"publisher\":{\"@id\":\"https:\\\/\\\/www.organisator.ch\\\/#organization\"},\"image\":{\"@id\":\"https:\\\/\\\/www.organisator.ch\\\/de\\\/allgemein\\\/2021-04-21\\\/klimaschutzprojekte-von-kmu-2020-war-ein-rekordjahr\\\/#primaryimage\"},\"thumbnailUrl\":\"https:\\\/\\\/www.organisator.ch\\\/wp-content\\\/uploads\\\/2021\\\/04\\\/Klimaschutzprojekte-von-KMU-2020-war-ein-Rekordjahr_Organisator.jpg\",\"keywords\":[\"Klimaschutz\",\"Management und Unternehmensf\u00fchrung\",\"Umweltmanagement\",\"Unternehmen\"],\"articleSection\":[\"Allgemein\"],\"inLanguage\":\"fr-FR\"},{\"@type\":\"WebPage\",\"@id\":\"https:\\\/\\\/www.organisator.ch\\\/de\\\/allgemein\\\/2021-04-21\\\/klimaschutzprojekte-von-kmu-2020-war-ein-rekordjahr\\\/\",\"url\":\"https:\\\/\\\/www.organisator.ch\\\/de\\\/allgemein\\\/2021-04-21\\\/klimaschutzprojekte-von-kmu-2020-war-ein-rekordjahr\\\/\",\"name\":\"Klimaschutzprojekte von KMU: 2020 war ein Rekordjahr - Organisator\",\"isPartOf\":{\"@id\":\"https:\\\/\\\/www.organisator.ch\\\/#website\"},\"primaryImageOfPage\":{\"@id\":\"https:\\\/\\\/www.organisator.ch\\\/de\\\/allgemein\\\/2021-04-21\\\/klimaschutzprojekte-von-kmu-2020-war-ein-rekordjahr\\\/#primaryimage\"},\"image\":{\"@id\":\"https:\\\/\\\/www.organisator.ch\\\/de\\\/allgemein\\\/2021-04-21\\\/klimaschutzprojekte-von-kmu-2020-war-ein-rekordjahr\\\/#primaryimage\"},\"thumbnailUrl\":\"https:\\\/\\\/www.organisator.ch\\\/wp-content\\\/uploads\\\/2021\\\/04\\\/Klimaschutzprojekte-von-KMU-2020-war-ein-Rekordjahr_Organisator.jpg\",\"datePublished\":\"2021-04-21T09:38:03+00:00\",\"description\":\"Die Klimastiftung Schweiz hat 2020 5 Millionen Franken F\u00f6rdergelder gesprochen. Diese gehen an \u00fcber 400 Klimaschutzprojekte von KMU.\",\"breadcrumb\":{\"@id\":\"https:\\\/\\\/www.organisator.ch\\\/de\\\/allgemein\\\/2021-04-21\\\/klimaschutzprojekte-von-kmu-2020-war-ein-rekordjahr\\\/#breadcrumb\"},\"inLanguage\":\"fr-FR\",\"potentialAction\":[{\"@type\":\"ReadAction\",\"target\":[\"https:\\\/\\\/www.organisator.ch\\\/de\\\/allgemein\\\/2021-04-21\\\/klimaschutzprojekte-von-kmu-2020-war-ein-rekordjahr\\\/\"]}]},{\"@type\":\"ImageObject\",\"inLanguage\":\"fr-FR\",\"@id\":\"https:\\\/\\\/www.organisator.ch\\\/de\\\/allgemein\\\/2021-04-21\\\/klimaschutzprojekte-von-kmu-2020-war-ein-rekordjahr\\\/#primaryimage\",\"url\":\"https:\\\/\\\/www.organisator.ch\\\/wp-content\\\/uploads\\\/2021\\\/04\\\/Klimaschutzprojekte-von-KMU-2020-war-ein-Rekordjahr_Organisator.jpg\",\"contentUrl\":\"https:\\\/\\\/www.organisator.ch\\\/wp-content\\\/uploads\\\/2021\\\/04\\\/Klimaschutzprojekte-von-KMU-2020-war-ein-Rekordjahr_Organisator.jpg\",\"width\":680,\"height\":454,\"caption\":\"Im Jahr 2020 hat die Klimastiftung Schweiz rekordverd\u00e4chtige 5 Millionen Franken f\u00fcr Klimaschutzprojekte in KMU ausgegeben.\"},{\"@type\":\"BreadcrumbList\",\"@id\":\"https:\\\/\\\/www.organisator.ch\\\/de\\\/allgemein\\\/2021-04-21\\\/klimaschutzprojekte-von-kmu-2020-war-ein-rekordjahr\\\/#breadcrumb\",\"itemListElement\":[{\"@type\":\"ListItem\",\"position\":1,\"name\":\"Home\",\"item\":\"https:\\\/\\\/www.organisator.ch\\\/\"},{\"@type\":\"ListItem\",\"position\":2,\"name\":\"Klimaschutzprojekte von KMU: 2020 war ein Rekordjahr\"}]},{\"@type\":\"WebSite\",\"@id\":\"https:\\\/\\\/www.organisator.ch\\\/#website\",\"url\":\"https:\\\/\\\/www.organisator.ch\\\/\",\"name\":\"Organisator\",\"description\":\"Kompetent. Praxisnah. Der ORGANISATOR bereitet in 10 Ausgaben pro Jahr die wesentlichen Themen f\u00fcr F\u00fchrungskr\u00e4fte von KMU auf.\",\"publisher\":{\"@id\":\"https:\\\/\\\/www.organisator.ch\\\/#organization\"},\"potentialAction\":[{\"@type\":\"SearchAction\",\"target\":{\"@type\":\"EntryPoint\",\"urlTemplate\":\"https:\\\/\\\/www.organisator.ch\\\/?s={search_term_string}\"},\"query-input\":{\"@type\":\"PropertyValueSpecification\",\"valueRequired\":true,\"valueName\":\"search_term_string\"}}],\"inLanguage\":\"fr-FR\"},{\"@type\":\"Organization\",\"@id\":\"https:\\\/\\\/www.organisator.ch\\\/#organization\",\"name\":\"Organisator\",\"url\":\"https:\\\/\\\/www.organisator.ch\\\/\",\"logo\":{\"@type\":\"ImageObject\",\"inLanguage\":\"fr-FR\",\"@id\":\"https:\\\/\\\/www.organisator.ch\\\/#\\\/schema\\\/logo\\\/image\\\/\",\"url\":\"https:\\\/\\\/www.organisator.ch\\\/wp-content\\\/uploads\\\/2022\\\/01\\\/Logo_Organisator_Website.png\",\"contentUrl\":\"https:\\\/\\\/www.organisator.ch\\\/wp-content\\\/uploads\\\/2022\\\/01\\\/Logo_Organisator_Website.png\",\"width\":800,\"height\":77,\"caption\":\"Organisator\"},\"image\":{\"@id\":\"https:\\\/\\\/www.organisator.ch\\\/#\\\/schema\\\/logo\\\/image\\\/\"},\"sameAs\":[\"https:\\\/\\\/www.facebook.com\\\/OrganisatorFachmagazin\",\"https:\\\/\\\/www.linkedin.com\\\/showcase\\\/organisator-das-magazin-fr-kmu\",\"https:\\\/\\\/www.xing.com\\\/news\\\/pages\\\/organisator-ch-695\",\"https:\\\/\\\/www.youtube.com\\\/channel\\\/UCGP2Sq0iWaZwT3BdIAQFYpw\"]},{\"@type\":\"Person\",\"@id\":\"https:\\\/\\\/www.organisator.ch\\\/#\\\/schema\\\/person\\\/6f650f90b2842cd4c0cc334b4e36f67e\",\"name\":\"thomas.berner\",\"image\":{\"@type\":\"ImageObject\",\"inLanguage\":\"fr-FR\",\"@id\":\"https:\\\/\\\/secure.gravatar.com\\\/avatar\\\/ac5001d2a36cb6c6cd3e50789007ffca834b477b74a2144564522e944eabff61?s=96&d=mm&r=g\",\"url\":\"https:\\\/\\\/secure.gravatar.com\\\/avatar\\\/ac5001d2a36cb6c6cd3e50789007ffca834b477b74a2144564522e944eabff61?s=96&d=mm&r=g\",\"contentUrl\":\"https:\\\/\\\/secure.gravatar.com\\\/avatar\\\/ac5001d2a36cb6c6cd3e50789007ffca834b477b74a2144564522e944eabff61?s=96&d=mm&r=g\",\"caption\":\"thomas.berner\"},\"url\":\"https:\\\/\\\/www.organisator.ch\\\/fr\\\/author\\\/thomas-berner\\\/\"}]}<\/script>\n<!-- \/ Yoast SEO plugin. -->","yoast_head_json":{"title":"Projets de protection climatique des PME : 2020 a \u00e9t\u00e9 une ann\u00e9e record - Organisateur","description":"La Fondation Suisse pour le Climat a allou\u00e9 5 millions de francs de subventions en 2020. Ceux-ci iront \u00e0 plus de 400 projets de protection climatique men\u00e9s par des PME.","robots":{"index":"index","follow":"follow","max-snippet":"max-snippet:-1","max-image-preview":"max-image-preview:large","max-video-preview":"max-video-preview:-1"},"canonical":"https:\/\/www.organisator.ch\/fr\/general\/2021-04-21\/klimaschutzprojekte-von-kmu-2020-war-ein-rekordjahr\/","og_locale":"fr_FR","og_type":"article","og_title":"Klimaschutzprojekte von KMU: 2020 war ein Rekordjahr","og_description":"Die Klimastiftung Schweiz hat 2020 5 Millionen Franken F\u00f6rdergelder gesprochen. Diese gehen an \u00fcber 400 Klimaschutzprojekte von KMU.","og_url":"https:\/\/www.organisator.ch\/fr\/general\/2021-04-21\/klimaschutzprojekte-von-kmu-2020-war-ein-rekordjahr\/","og_site_name":"Organisator","article_publisher":"https:\/\/www.facebook.com\/OrganisatorFachmagazin","article_published_time":"2021-04-21T09:38:03+00:00","og_image":[{"width":680,"height":454,"url":"https:\/\/www.organisator.ch\/wp-content\/uploads\/2021\/04\/Klimaschutzprojekte-von-KMU-2020-war-ein-Rekordjahr_Organisator.jpg","type":"image\/jpeg"}],"author":"thomas.berner","twitter_card":"summary_large_image","twitter_title":"#Klimaschutzprojekte von KMU: 2020 war ein #Rekordjahr","twitter_description":"Die #Klimastiftung Schweiz hat 2020 5 Millionen Franken #F\u00f6rdergelder gesprochen. Diese gehen an \u00fcber 400 #Klimaschutzprojekte von KMU.","twitter_image":"https:\/\/www.organisator.ch\/wp-content\/uploads\/2021\/04\/Klimaschutzprojekte-von-KMU-2020-war-ein-Rekordjahr_Organisator.jpg","schema":{"@context":"https:\/\/schema.org","@graph":[{"@type":"Article","@id":"https:\/\/www.organisator.ch\/de\/allgemein\/2021-04-21\/klimaschutzprojekte-von-kmu-2020-war-ein-rekordjahr\/#article","isPartOf":{"@id":"https:\/\/www.organisator.ch\/de\/allgemein\/2021-04-21\/klimaschutzprojekte-von-kmu-2020-war-ein-rekordjahr\/"},"author":{"name":"thomas.berner","@id":"https:\/\/www.organisator.ch\/#\/schema\/person\/6f650f90b2842cd4c0cc334b4e36f67e"},"headline":"Klimaschutzprojekte von KMU: 2020 war ein Rekordjahr","datePublished":"2021-04-21T09:38:03+00:00","mainEntityOfPage":{"@id":"https:\/\/www.organisator.ch\/de\/allgemein\/2021-04-21\/klimaschutzprojekte-von-kmu-2020-war-ein-rekordjahr\/"},"wordCount":447,"publisher":{"@id":"https:\/\/www.organisator.ch\/#organization"},"image":{"@id":"https:\/\/www.organisator.ch\/de\/allgemein\/2021-04-21\/klimaschutzprojekte-von-kmu-2020-war-ein-rekordjahr\/#primaryimage"},"thumbnailUrl":"https:\/\/www.organisator.ch\/wp-content\/uploads\/2021\/04\/Klimaschutzprojekte-von-KMU-2020-war-ein-Rekordjahr_Organisator.jpg","keywords":["Klimaschutz","Management und Unternehmensf\u00fchrung","Umweltmanagement","Unternehmen"],"articleSection":["Allgemein"],"inLanguage":"fr-FR"},{"@type":"WebPage","@id":"https:\/\/www.organisator.ch\/de\/allgemein\/2021-04-21\/klimaschutzprojekte-von-kmu-2020-war-ein-rekordjahr\/","url":"https:\/\/www.organisator.ch\/de\/allgemein\/2021-04-21\/klimaschutzprojekte-von-kmu-2020-war-ein-rekordjahr\/","name":"Projets de protection climatique des PME : 2020 a \u00e9t\u00e9 une ann\u00e9e record - Organisateur","isPartOf":{"@id":"https:\/\/www.organisator.ch\/#website"},"primaryImageOfPage":{"@id":"https:\/\/www.organisator.ch\/de\/allgemein\/2021-04-21\/klimaschutzprojekte-von-kmu-2020-war-ein-rekordjahr\/#primaryimage"},"image":{"@id":"https:\/\/www.organisator.ch\/de\/allgemein\/2021-04-21\/klimaschutzprojekte-von-kmu-2020-war-ein-rekordjahr\/#primaryimage"},"thumbnailUrl":"https:\/\/www.organisator.ch\/wp-content\/uploads\/2021\/04\/Klimaschutzprojekte-von-KMU-2020-war-ein-Rekordjahr_Organisator.jpg","datePublished":"2021-04-21T09:38:03+00:00","description":"La Fondation Suisse pour le Climat a allou\u00e9 5 millions de francs de subventions en 2020. Ceux-ci iront \u00e0 plus de 400 projets de protection climatique men\u00e9s par des PME.","breadcrumb":{"@id":"https:\/\/www.organisator.ch\/de\/allgemein\/2021-04-21\/klimaschutzprojekte-von-kmu-2020-war-ein-rekordjahr\/#breadcrumb"},"inLanguage":"fr-FR","potentialAction":[{"@type":"ReadAction","target":["https:\/\/www.organisator.ch\/de\/allgemein\/2021-04-21\/klimaschutzprojekte-von-kmu-2020-war-ein-rekordjahr\/"]}]},{"@type":"ImageObject","inLanguage":"fr-FR","@id":"https:\/\/www.organisator.ch\/de\/allgemein\/2021-04-21\/klimaschutzprojekte-von-kmu-2020-war-ein-rekordjahr\/#primaryimage","url":"https:\/\/www.organisator.ch\/wp-content\/uploads\/2021\/04\/Klimaschutzprojekte-von-KMU-2020-war-ein-Rekordjahr_Organisator.jpg","contentUrl":"https:\/\/www.organisator.ch\/wp-content\/uploads\/2021\/04\/Klimaschutzprojekte-von-KMU-2020-war-ein-Rekordjahr_Organisator.jpg","width":680,"height":454,"caption":"Im Jahr 2020 hat die Klimastiftung Schweiz rekordverd\u00e4chtige 5 Millionen Franken f\u00fcr Klimaschutzprojekte in KMU ausgegeben."},{"@type":"BreadcrumbList","@id":"https:\/\/www.organisator.ch\/de\/allgemein\/2021-04-21\/klimaschutzprojekte-von-kmu-2020-war-ein-rekordjahr\/#breadcrumb","itemListElement":[{"@type":"ListItem","position":1,"name":"Home","item":"https:\/\/www.organisator.ch\/"},{"@type":"ListItem","position":2,"name":"Klimaschutzprojekte von KMU: 2020 war ein Rekordjahr"}]},{"@type":"WebSite","@id":"https:\/\/www.organisator.ch\/#website","url":"https:\/\/www.organisator.ch\/","name":"Organisateur","description":"Comp\u00e9tence et comp\u00e9tence. Proches de la pratique. L'ORGANISATEUR pr\u00e9pare 10 num\u00e9ros par an sur les th\u00e8mes essentiels pour les dirigeants de PME.","publisher":{"@id":"https:\/\/www.organisator.ch\/#organization"},"potentialAction":[{"@type":"SearchAction","target":{"@type":"EntryPoint","urlTemplate":"https:\/\/www.organisator.ch\/?s={search_term_string}"},"query-input":{"@type":"PropertyValueSpecification","valueRequired":true,"valueName":"search_term_string"}}],"inLanguage":"fr-FR"},{"@type":"Organization","@id":"https:\/\/www.organisator.ch\/#organization","name":"Organisateur","url":"https:\/\/www.organisator.ch\/","logo":{"@type":"ImageObject","inLanguage":"fr-FR","@id":"https:\/\/www.organisator.ch\/#\/schema\/logo\/image\/","url":"https:\/\/www.organisator.ch\/wp-content\/uploads\/2022\/01\/Logo_Organisator_Website.png","contentUrl":"https:\/\/www.organisator.ch\/wp-content\/uploads\/2022\/01\/Logo_Organisator_Website.png","width":800,"height":77,"caption":"Organisator"},"image":{"@id":"https:\/\/www.organisator.ch\/#\/schema\/logo\/image\/"},"sameAs":["https:\/\/www.facebook.com\/OrganisatorFachmagazin","https:\/\/www.linkedin.com\/showcase\/organisator-das-magazin-fr-kmu","https:\/\/www.xing.com\/news\/pages\/organisator-ch-695","https:\/\/www.youtube.com\/channel\/UCGP2Sq0iWaZwT3BdIAQFYpw"]},{"@type":"Person","@id":"https:\/\/www.organisator.ch\/#\/schema\/person\/6f650f90b2842cd4c0cc334b4e36f67e","name":"thomas.berner","image":{"@type":"ImageObject","inLanguage":"fr-FR","@id":"https:\/\/secure.gravatar.com\/avatar\/ac5001d2a36cb6c6cd3e50789007ffca834b477b74a2144564522e944eabff61?s=96&d=mm&r=g","url":"https:\/\/secure.gravatar.com\/avatar\/ac5001d2a36cb6c6cd3e50789007ffca834b477b74a2144564522e944eabff61?s=96&d=mm&r=g","contentUrl":"https:\/\/secure.gravatar.com\/avatar\/ac5001d2a36cb6c6cd3e50789007ffca834b477b74a2144564522e944eabff61?s=96&d=mm&r=g","caption":"thomas.berner"},"url":"https:\/\/www.organisator.ch\/fr\/author\/thomas-berner\/"}]}},"_links":{"self":[{"href":"https:\/\/www.organisator.ch\/fr\/wp-json\/wp\/v2\/posts\/7937","targetHints":{"allow":["GET"]}}],"collection":[{"href":"https:\/\/www.organisator.ch\/fr\/wp-json\/wp\/v2\/posts"}],"about":[{"href":"https:\/\/www.organisator.ch\/fr\/wp-json\/wp\/v2\/types\/post"}],"author":[{"embeddable":true,"href":"https:\/\/www.organisator.ch\/fr\/wp-json\/wp\/v2\/users\/4"}],"replies":[{"embeddable":true,"href":"https:\/\/www.organisator.ch\/fr\/wp-json\/wp\/v2\/comments?post=7937"}],"version-history":[{"count":0,"href":"https:\/\/www.organisator.ch\/fr\/wp-json\/wp\/v2\/posts\/7937\/revisions"}],"wp:featuredmedia":[{"embeddable":true,"href":"https:\/\/www.organisator.ch\/fr\/wp-json\/wp\/v2\/media\/7938"}],"wp:attachment":[{"href":"https:\/\/www.organisator.ch\/fr\/wp-json\/wp\/v2\/media?parent=7937"}],"wp:term":[{"taxonomy":"category","embeddable":true,"href":"https:\/\/www.organisator.ch\/fr\/wp-json\/wp\/v2\/categories?post=7937"},{"taxonomy":"post_tag","embeddable":true,"href":"https:\/\/www.organisator.ch\/fr\/wp-json\/wp\/v2\/tags?post=7937"}],"curies":[{"name":"wp","href":"https:\/\/api.w.org\/{rel}","templated":true}]}}