{"id":7941,"date":"2021-04-22T10:47:10","date_gmt":"2021-04-22T08:47:10","guid":{"rendered":"https:\/\/www.organisator.ch\/?p=7941"},"modified":"2021-04-22T10:47:10","modified_gmt":"2021-04-22T08:47:10","slug":"hunn-gartenmoebel-ag-mit-neuem-mitinhaber","status":"publish","type":"post","link":"https:\/\/www.organisator.ch\/fr\/management\/2021-04-22\/hunn-gartenmoebel-ag-mit-neuem-mitinhaber\/","title":{"rendered":"Hunn Gartenm\u00f6bel AG a un nouveau copropri\u00e9taire"},"content":{"rendered":"<figure id=\"attachment_7942\" aria-describedby=\"caption-attachment-7942\" style=\"width: 680px\" class=\"wp-caption alignnone\"><img loading=\"lazy\" decoding=\"async\" class=\"size-medium wp-image-7942\" src=\"https:\/\/www.organisator.ch\/wp-content\/uploads\/2021\/04\/Hunn-Gartenmoebel-AG-mit-neuem-Mitinhaber_Organisator.jpg\" alt=\"\" width=\"680\" height=\"510\" srcset=\"https:\/\/www.organisator.ch\/wp-content\/uploads\/2021\/04\/Hunn-Gartenmoebel-AG-mit-neuem-Mitinhaber_Organisator.jpg 680w, https:\/\/www.organisator.ch\/wp-content\/uploads\/2021\/04\/Hunn-Gartenmoebel-AG-mit-neuem-Mitinhaber_Organisator-16x12.jpg 16w, https:\/\/www.organisator.ch\/wp-content\/uploads\/2021\/04\/Hunn-Gartenmoebel-AG-mit-neuem-Mitinhaber_Organisator-233x175.jpg 233w, https:\/\/www.organisator.ch\/wp-content\/uploads\/2021\/04\/Hunn-Gartenmoebel-AG-mit-neuem-Mitinhaber_Organisator-467x350.jpg 467w, https:\/\/www.organisator.ch\/wp-content\/uploads\/2021\/04\/Hunn-Gartenmoebel-AG-mit-neuem-Mitinhaber_Organisator-300x225.jpg 300w\" sizes=\"auto, (max-width: 680px) 100vw, 680px\" \/><figcaption id=\"caption-attachment-7942\" class=\"wp-caption-text\">Jean-Pierre Iacopetta (tout \u00e0 droite) a rejoint l'\u00e9quipe des propri\u00e9taires de Hunn Gartenm\u00f6bel AG. (Image : zVg)<\/figcaption><\/figure>\n<p>Le r\u00e8glement de la succession occupe Hunn depuis de nombreuses ann\u00e9es. L'entreprise et la marque de meubles de jardin Hunn ont \u00e9t\u00e9 d\u00e9velopp\u00e9es avec beaucoup de passion par le couple B\u00e4nninger pendant 33 ans et emploient aujourd'hui pr\u00e8s de 100 collaborateurs. L'entreprise propose le plus grand choix de meubles de jardin en Suisse et est, selon ses propres dires, leader du march\u00e9 dans la branche. Comme l'explique Hunn, l'entreprise s'est donn\u00e9 beaucoup de temps pour trouver un acheteur et un successeur appropri\u00e9s. \"Nous cherchions un successeur qui comprenne les valeurs fondamentales et la philosophie de l'entreprise Hunn et qui les fasse vivre. Il n'a jamais \u00e9t\u00e9 question pour nous de vendre \u00e0 un gros investisseur ou \u00e0 une entreprise \u00e9trang\u00e8re\", explique J\u00fcrg B\u00e4nninger. Avec Jean-Pierre Iacopetta, les B\u00e4nninger ont trouv\u00e9 un nouveau copropri\u00e9taire qui poursuit l'entreprise \u00e0 long terme dans le m\u00eame esprit et qui appr\u00e9cie chacun des collaborateurs de l'entreprise, comme on dit.<\/p>\n<h2><strong>Pourquoi des meubles de jardin Hunn ?<\/strong><\/h2>\n<p>Jean-Pierre Iacopetta s'est enthousiasm\u00e9 d\u00e8s le d\u00e9but pour les meubles de jardin Hunn, car Hunn se concentre sur le client et le produit et regarde ce qui convient vraiment au client. Hunn est une entreprise exemplaire de par son engagement, son expertise et ses exigences de qualit\u00e9 \u00e9lev\u00e9es en mati\u00e8re de produits et de services, poursuit le nouveau copropri\u00e9taire en expliquant sa motivation. Il estime que les relations entre les collaborateurs et les propri\u00e9taires sont tr\u00e8s respectueuses et coll\u00e9giales. En outre, Hunn est devenu le leader du march\u00e9 au cours des 33 derni\u00e8res ann\u00e9es et b\u00e9n\u00e9ficie d'une grande notori\u00e9t\u00e9, de collaborateurs de longue date et d'une structure d'entreprise tr\u00e8s solide et durable.<\/p>\n<h2><strong>Qui est Jean-Pierre Iacopetta ?<\/strong><\/h2>\n<p>Jean-Pierre Iacopetta est n\u00e9 en Belgique et a obtenu un master en ing\u00e9nierie, sp\u00e9cialit\u00e9 Business &amp; Administration, \u00e0 la Solvay Business School de Bruxelles. Il a travaill\u00e9 pendant quatre ans comme Senior Portfolio Manager \u00e0 la banque BNP Paribas Fortis SA \u00e0 Bruxelles. Il a ensuite rejoint la Compagnie Nationale \u00e0 Portefeuille SA, le plus grand groupe d'investissement familial de Belgique, o\u00f9 il a acquis de l'exp\u00e9rience en tant que gestionnaire d'investissement senior dans le domaine des investissements dans les entreprises et des rachats d'entreprises familiales. Il a ensuite d\u00e9m\u00e9nag\u00e9 en Suisse et a travaill\u00e9 dans le canton de Zoug, d'abord dans le commerce du p\u00e9trole, puis comme pr\u00e9sident et directeur g\u00e9n\u00e9ral de deux autres entreprises. Depuis d\u00e9but 2017, il est pr\u00e9sident du conseil d'administration et copropri\u00e9taire de GKM Gewerbek\u00fchlm\u00f6bel AG \u00e0 Sarnen OW, l'un des principaux fournisseurs suisses dans le domaine de la technique du froid pour la restauration et l'industrie du froid et de la cong\u00e9lation, ainsi que de Tempco AG, sp\u00e9cialis\u00e9e dans la location de meubles r\u00e9frig\u00e9r\u00e9s professionnels. Ensemble, ces entreprises emploient actuellement environ 45 personnes.<\/p>\n<p>Jean-Pierre Iacopetta a grandi dans une famille d'entrepreneurs en Belgique. Il est mari\u00e9 et p\u00e8re de quatre enfants - deux fois des jumelles.<\/p>\n<h2><strong>Quelle est la suite des \u00e9v\u00e9nements ?<\/strong><\/h2>\n<p>La soci\u00e9t\u00e9 Hunn Gartenm\u00f6bel AG conserve sa raison sociale et sa forme commerciale et restera \u00e0 l'avenir une entreprise familiale suisse ind\u00e9pendante. Le bien-\u00eatre des collaborateurs est tr\u00e8s important pour tous les copropri\u00e9taires. Le succ\u00e8s de l'entreprise n'est garanti qu'avec un personnel satisfait et motiv\u00e9, raison pour laquelle l'ensemble du personnel sera maintenu. \"L'\u00e9quipe Hunn est une grande famille, c'est pourquoi chacun de nos collaborateurs nous tient \u00e0 c\u0153ur\", d\u00e9clare Barbara B\u00e4nninger.<\/p>\n<p>Hunn Gartenm\u00f6bel AG continue de se concentrer sur son activit\u00e9 principale, \u00e0 savoir la vente de meubles de jardin haut de gamme aux particuliers et aux entreprises, et met tout en \u0153uvre pour rester le leader du march\u00e9 dans le commerce sp\u00e9cialis\u00e9 de meubles de jardin. Avec Jean-Pierre Iacopetta, Hunn poursuit sur la voie du succ\u00e8s et souhaite s'am\u00e9liorer et grandir continuellement.<\/p>\n<p>Le r\u00e8glement de la succession de la soci\u00e9t\u00e9 Hunn Gartenm\u00f6bel AG marque une nouvelle \u00e9tape dans l'histoire de l'entreprise. Le conseil d'administration envisage l'avenir de mani\u00e8re tr\u00e8s positive et avec beaucoup de joie. Il est convaincu que Hunn continuera \u00e0 s'affirmer avec succ\u00e8s sur le march\u00e9 dans les ann\u00e9es \u00e0 venir et \u00e0 se d\u00e9marquer de ses concurrents.<\/p>\n<p><a href=\"http:\/\/www.hunn.ch\"><em>Source et informations compl\u00e9mentaires<\/em><\/a><\/p>","protected":false},"excerpt":{"rendered":"<p>Die Nachfolgeregelung besch\u00e4ftigt Hunn seit vielen Jahren. Die Firma und die Marke Hunn Gartenm\u00f6bel wurden vom Ehepaar B\u00e4nninger w\u00e4hrend 33 Jahren mit viel Herzblut aufgebaut und besch\u00e4ftigt heute knapp 100 Mitarbeitende. Das Unternehmen bietet die gr\u00f6sste Gartenm\u00f6bel-Auswahl der Schweiz und ist nach eigener Darstellung Marktf\u00fchrer in der Branche. Wie Hunn weiter berichtet, habe man sich [&hellip;]<\/p>\n","protected":false},"author":4,"featured_media":7942,"comment_status":"closed","ping_status":"closed","sticky":false,"template":"","format":"standard","meta":{"_acf_changed":false,"_yoast_wpseo_focuskw":"Hunn Gartenm\u00f6bel","_yoast_wpseo_metadesc":"Seit 1. April 2021 hat die Hunn Gartenm\u00f6bel AG mit Jean-Pierre Iacopetta einen neuen Mitinhaber und Hauptaktion\u00e4r und stellt die Weichen f\u00fcr die Nachfolge.","articlekey":"","footnotes":""},"categories":[28],"tags":[207,335,492],"class_list":["post-7941","post","type-post","status-publish","format-standard","has-post-thumbnail","hentry","category-management","tag-firmennachfolge","tag-management-und-unternehmensfuehrung","tag-unternehmen"],"acf":[],"yoast_head":"<!-- This site is optimized with the Yoast SEO plugin v27.5 - https:\/\/yoast.com\/product\/yoast-seo-wordpress\/ -->\n<title>Hunn Gartenm\u00f6bel AG mit neuem Mitinhaber - Organisator<\/title>\n<meta name=\"description\" content=\"Seit 1. April 2021 hat die Hunn Gartenm\u00f6bel AG mit Jean-Pierre Iacopetta einen neuen Mitinhaber und Hauptaktion\u00e4r und stellt die Weichen f\u00fcr die Nachfolge.\" \/>\n<meta name=\"robots\" content=\"index, follow, max-snippet:-1, max-image-preview:large, max-video-preview:-1\" \/>\n<link rel=\"canonical\" href=\"https:\/\/www.organisator.ch\/fr\/gestion-2\/2021-04-22\/hunn-gartenmoebel-ag-mit-neuem-mitinhaber\/\" \/>\n<meta property=\"og:locale\" content=\"fr_FR\" \/>\n<meta property=\"og:type\" content=\"article\" \/>\n<meta property=\"og:title\" content=\"Hunn Gartenm\u00f6bel AG mit neuem Mitinhaber\" \/>\n<meta property=\"og:description\" content=\"Seit 1. April 2021 hat die Hunn Gartenm\u00f6bel AG mit Jean-Pierre Iacopetta einen neuen Mitinhaber und Hauptaktion\u00e4r und stellt die Weichen f\u00fcr die Nachfolge.\" \/>\n<meta property=\"og:url\" content=\"https:\/\/www.organisator.ch\/fr\/gestion-2\/2021-04-22\/hunn-gartenmoebel-ag-mit-neuem-mitinhaber\/\" \/>\n<meta property=\"og:site_name\" content=\"Organisator\" \/>\n<meta property=\"article:publisher\" content=\"https:\/\/www.facebook.com\/OrganisatorFachmagazin\" \/>\n<meta property=\"article:published_time\" content=\"2021-04-22T08:47:10+00:00\" \/>\n<meta property=\"og:image\" content=\"https:\/\/www.organisator.ch\/wp-content\/uploads\/2021\/04\/Hunn-Gartenmoebel-AG-mit-neuem-Mitinhaber_Organisator.jpg\" \/>\n\t<meta property=\"og:image:width\" content=\"680\" \/>\n\t<meta property=\"og:image:height\" content=\"510\" \/>\n\t<meta property=\"og:image:type\" content=\"image\/jpeg\" \/>\n<meta name=\"author\" content=\"thomas.berner\" \/>\n<meta name=\"twitter:card\" content=\"summary_large_image\" \/>\n<meta name=\"twitter:title\" content=\"#Hunn #Gartenm\u00f6bel AG mit neuem Mitinhaber\" \/>\n<meta name=\"twitter:description\" content=\"Seit 1. April 2021 hat die #Hunn Gartenm\u00f6bel AG mit Jean-Pierre #Iacopetta einen neuen #Mitinhaber und Hauptaktion\u00e4r und stellt die Weichen f\u00fcr die #Nachfolge.\" \/>\n<meta name=\"twitter:image\" content=\"https:\/\/www.organisator.ch\/wp-content\/uploads\/2021\/04\/Hunn-Gartenmoebel-AG-mit-neuem-Mitinhaber_Organisator.jpg\" \/>\n<script type=\"application\/ld+json\" class=\"yoast-schema-graph\">{\"@context\":\"https:\\\/\\\/schema.org\",\"@graph\":[{\"@type\":\"Article\",\"@id\":\"https:\\\/\\\/www.organisator.ch\\\/management\\\/2021-04-22\\\/hunn-gartenmoebel-ag-mit-neuem-mitinhaber\\\/#article\",\"isPartOf\":{\"@id\":\"https:\\\/\\\/www.organisator.ch\\\/management\\\/2021-04-22\\\/hunn-gartenmoebel-ag-mit-neuem-mitinhaber\\\/\"},\"author\":{\"name\":\"thomas.berner\",\"@id\":\"https:\\\/\\\/www.organisator.ch\\\/#\\\/schema\\\/person\\\/6f650f90b2842cd4c0cc334b4e36f67e\"},\"headline\":\"Hunn Gartenm\u00f6bel AG mit neuem Mitinhaber\",\"datePublished\":\"2021-04-22T08:47:10+00:00\",\"mainEntityOfPage\":{\"@id\":\"https:\\\/\\\/www.organisator.ch\\\/management\\\/2021-04-22\\\/hunn-gartenmoebel-ag-mit-neuem-mitinhaber\\\/\"},\"wordCount\":643,\"publisher\":{\"@id\":\"https:\\\/\\\/www.organisator.ch\\\/#organization\"},\"image\":{\"@id\":\"https:\\\/\\\/www.organisator.ch\\\/management\\\/2021-04-22\\\/hunn-gartenmoebel-ag-mit-neuem-mitinhaber\\\/#primaryimage\"},\"thumbnailUrl\":\"https:\\\/\\\/www.organisator.ch\\\/wp-content\\\/uploads\\\/2021\\\/04\\\/Hunn-Gartenmoebel-AG-mit-neuem-Mitinhaber_Organisator.jpg\",\"keywords\":[\"Firmennachfolge\",\"Management und Unternehmensf\u00fchrung\",\"Unternehmen\"],\"articleSection\":[\"MANAGEMENT\"],\"inLanguage\":\"fr-FR\"},{\"@type\":\"WebPage\",\"@id\":\"https:\\\/\\\/www.organisator.ch\\\/management\\\/2021-04-22\\\/hunn-gartenmoebel-ag-mit-neuem-mitinhaber\\\/\",\"url\":\"https:\\\/\\\/www.organisator.ch\\\/management\\\/2021-04-22\\\/hunn-gartenmoebel-ag-mit-neuem-mitinhaber\\\/\",\"name\":\"Hunn Gartenm\u00f6bel AG mit neuem Mitinhaber - Organisator\",\"isPartOf\":{\"@id\":\"https:\\\/\\\/www.organisator.ch\\\/#website\"},\"primaryImageOfPage\":{\"@id\":\"https:\\\/\\\/www.organisator.ch\\\/management\\\/2021-04-22\\\/hunn-gartenmoebel-ag-mit-neuem-mitinhaber\\\/#primaryimage\"},\"image\":{\"@id\":\"https:\\\/\\\/www.organisator.ch\\\/management\\\/2021-04-22\\\/hunn-gartenmoebel-ag-mit-neuem-mitinhaber\\\/#primaryimage\"},\"thumbnailUrl\":\"https:\\\/\\\/www.organisator.ch\\\/wp-content\\\/uploads\\\/2021\\\/04\\\/Hunn-Gartenmoebel-AG-mit-neuem-Mitinhaber_Organisator.jpg\",\"datePublished\":\"2021-04-22T08:47:10+00:00\",\"description\":\"Seit 1. April 2021 hat die Hunn Gartenm\u00f6bel AG mit Jean-Pierre Iacopetta einen neuen Mitinhaber und Hauptaktion\u00e4r und stellt die Weichen f\u00fcr die Nachfolge.\",\"breadcrumb\":{\"@id\":\"https:\\\/\\\/www.organisator.ch\\\/management\\\/2021-04-22\\\/hunn-gartenmoebel-ag-mit-neuem-mitinhaber\\\/#breadcrumb\"},\"inLanguage\":\"fr-FR\",\"potentialAction\":[{\"@type\":\"ReadAction\",\"target\":[\"https:\\\/\\\/www.organisator.ch\\\/management\\\/2021-04-22\\\/hunn-gartenmoebel-ag-mit-neuem-mitinhaber\\\/\"]}]},{\"@type\":\"ImageObject\",\"inLanguage\":\"fr-FR\",\"@id\":\"https:\\\/\\\/www.organisator.ch\\\/management\\\/2021-04-22\\\/hunn-gartenmoebel-ag-mit-neuem-mitinhaber\\\/#primaryimage\",\"url\":\"https:\\\/\\\/www.organisator.ch\\\/wp-content\\\/uploads\\\/2021\\\/04\\\/Hunn-Gartenmoebel-AG-mit-neuem-Mitinhaber_Organisator.jpg\",\"contentUrl\":\"https:\\\/\\\/www.organisator.ch\\\/wp-content\\\/uploads\\\/2021\\\/04\\\/Hunn-Gartenmoebel-AG-mit-neuem-Mitinhaber_Organisator.jpg\",\"width\":680,\"height\":510,\"caption\":\"Die Inhaberschaft von Hunn Gartenm\u00f6bel AG wurde um Jean-Pierre Iacopetta (ganz rechts) erweitert. (Bild: zVg)\"},{\"@type\":\"BreadcrumbList\",\"@id\":\"https:\\\/\\\/www.organisator.ch\\\/management\\\/2021-04-22\\\/hunn-gartenmoebel-ag-mit-neuem-mitinhaber\\\/#breadcrumb\",\"itemListElement\":[{\"@type\":\"ListItem\",\"position\":1,\"name\":\"Home\",\"item\":\"https:\\\/\\\/www.organisator.ch\\\/\"},{\"@type\":\"ListItem\",\"position\":2,\"name\":\"Hunn Gartenm\u00f6bel AG mit neuem Mitinhaber\"}]},{\"@type\":\"WebSite\",\"@id\":\"https:\\\/\\\/www.organisator.ch\\\/#website\",\"url\":\"https:\\\/\\\/www.organisator.ch\\\/\",\"name\":\"Organisator\",\"description\":\"Kompetent. Praxisnah. Der ORGANISATOR bereitet in 10 Ausgaben pro Jahr die wesentlichen Themen f\u00fcr F\u00fchrungskr\u00e4fte von KMU auf.\",\"publisher\":{\"@id\":\"https:\\\/\\\/www.organisator.ch\\\/#organization\"},\"potentialAction\":[{\"@type\":\"SearchAction\",\"target\":{\"@type\":\"EntryPoint\",\"urlTemplate\":\"https:\\\/\\\/www.organisator.ch\\\/?s={search_term_string}\"},\"query-input\":{\"@type\":\"PropertyValueSpecification\",\"valueRequired\":true,\"valueName\":\"search_term_string\"}}],\"inLanguage\":\"fr-FR\"},{\"@type\":\"Organization\",\"@id\":\"https:\\\/\\\/www.organisator.ch\\\/#organization\",\"name\":\"Organisator\",\"url\":\"https:\\\/\\\/www.organisator.ch\\\/\",\"logo\":{\"@type\":\"ImageObject\",\"inLanguage\":\"fr-FR\",\"@id\":\"https:\\\/\\\/www.organisator.ch\\\/#\\\/schema\\\/logo\\\/image\\\/\",\"url\":\"https:\\\/\\\/www.organisator.ch\\\/wp-content\\\/uploads\\\/2022\\\/01\\\/Logo_Organisator_Website.png\",\"contentUrl\":\"https:\\\/\\\/www.organisator.ch\\\/wp-content\\\/uploads\\\/2022\\\/01\\\/Logo_Organisator_Website.png\",\"width\":800,\"height\":77,\"caption\":\"Organisator\"},\"image\":{\"@id\":\"https:\\\/\\\/www.organisator.ch\\\/#\\\/schema\\\/logo\\\/image\\\/\"},\"sameAs\":[\"https:\\\/\\\/www.facebook.com\\\/OrganisatorFachmagazin\",\"https:\\\/\\\/www.linkedin.com\\\/showcase\\\/organisator-das-magazin-fr-kmu\",\"https:\\\/\\\/www.xing.com\\\/news\\\/pages\\\/organisator-ch-695\",\"https:\\\/\\\/www.youtube.com\\\/channel\\\/UCGP2Sq0iWaZwT3BdIAQFYpw\"]},{\"@type\":\"Person\",\"@id\":\"https:\\\/\\\/www.organisator.ch\\\/#\\\/schema\\\/person\\\/6f650f90b2842cd4c0cc334b4e36f67e\",\"name\":\"thomas.berner\",\"image\":{\"@type\":\"ImageObject\",\"inLanguage\":\"fr-FR\",\"@id\":\"https:\\\/\\\/secure.gravatar.com\\\/avatar\\\/ac5001d2a36cb6c6cd3e50789007ffca834b477b74a2144564522e944eabff61?s=96&d=mm&r=g\",\"url\":\"https:\\\/\\\/secure.gravatar.com\\\/avatar\\\/ac5001d2a36cb6c6cd3e50789007ffca834b477b74a2144564522e944eabff61?s=96&d=mm&r=g\",\"contentUrl\":\"https:\\\/\\\/secure.gravatar.com\\\/avatar\\\/ac5001d2a36cb6c6cd3e50789007ffca834b477b74a2144564522e944eabff61?s=96&d=mm&r=g\",\"caption\":\"thomas.berner\"},\"url\":\"https:\\\/\\\/www.organisator.ch\\\/fr\\\/author\\\/thomas-berner\\\/\"}]}<\/script>\n<!-- \/ Yoast SEO plugin. -->","yoast_head_json":{"title":"Hunn Gartenm\u00f6bel AG a un nouveau copropri\u00e9taire - Organisateur","description":"Depuis le 1er avril 2021, Hunn Gartenm\u00f6bel AG a un nouveau copropri\u00e9taire et actionnaire principal en la personne de Jean-Pierre Iacopetta et pose les jalons de sa succession.","robots":{"index":"index","follow":"follow","max-snippet":"max-snippet:-1","max-image-preview":"max-image-preview:large","max-video-preview":"max-video-preview:-1"},"canonical":"https:\/\/www.organisator.ch\/fr\/gestion-2\/2021-04-22\/hunn-gartenmoebel-ag-mit-neuem-mitinhaber\/","og_locale":"fr_FR","og_type":"article","og_title":"Hunn Gartenm\u00f6bel AG mit neuem Mitinhaber","og_description":"Seit 1. April 2021 hat die Hunn Gartenm\u00f6bel AG mit Jean-Pierre Iacopetta einen neuen Mitinhaber und Hauptaktion\u00e4r und stellt die Weichen f\u00fcr die Nachfolge.","og_url":"https:\/\/www.organisator.ch\/fr\/gestion-2\/2021-04-22\/hunn-gartenmoebel-ag-mit-neuem-mitinhaber\/","og_site_name":"Organisator","article_publisher":"https:\/\/www.facebook.com\/OrganisatorFachmagazin","article_published_time":"2021-04-22T08:47:10+00:00","og_image":[{"width":680,"height":510,"url":"https:\/\/www.organisator.ch\/wp-content\/uploads\/2021\/04\/Hunn-Gartenmoebel-AG-mit-neuem-Mitinhaber_Organisator.jpg","type":"image\/jpeg"}],"author":"thomas.berner","twitter_card":"summary_large_image","twitter_title":"#Hunn #Gartenm\u00f6bel AG mit neuem Mitinhaber","twitter_description":"Seit 1. April 2021 hat die #Hunn Gartenm\u00f6bel AG mit Jean-Pierre #Iacopetta einen neuen #Mitinhaber und Hauptaktion\u00e4r und stellt die Weichen f\u00fcr die #Nachfolge.","twitter_image":"https:\/\/www.organisator.ch\/wp-content\/uploads\/2021\/04\/Hunn-Gartenmoebel-AG-mit-neuem-Mitinhaber_Organisator.jpg","schema":{"@context":"https:\/\/schema.org","@graph":[{"@type":"Article","@id":"https:\/\/www.organisator.ch\/management\/2021-04-22\/hunn-gartenmoebel-ag-mit-neuem-mitinhaber\/#article","isPartOf":{"@id":"https:\/\/www.organisator.ch\/management\/2021-04-22\/hunn-gartenmoebel-ag-mit-neuem-mitinhaber\/"},"author":{"name":"thomas.berner","@id":"https:\/\/www.organisator.ch\/#\/schema\/person\/6f650f90b2842cd4c0cc334b4e36f67e"},"headline":"Hunn Gartenm\u00f6bel AG mit neuem Mitinhaber","datePublished":"2021-04-22T08:47:10+00:00","mainEntityOfPage":{"@id":"https:\/\/www.organisator.ch\/management\/2021-04-22\/hunn-gartenmoebel-ag-mit-neuem-mitinhaber\/"},"wordCount":643,"publisher":{"@id":"https:\/\/www.organisator.ch\/#organization"},"image":{"@id":"https:\/\/www.organisator.ch\/management\/2021-04-22\/hunn-gartenmoebel-ag-mit-neuem-mitinhaber\/#primaryimage"},"thumbnailUrl":"https:\/\/www.organisator.ch\/wp-content\/uploads\/2021\/04\/Hunn-Gartenmoebel-AG-mit-neuem-Mitinhaber_Organisator.jpg","keywords":["Firmennachfolge","Management und Unternehmensf\u00fchrung","Unternehmen"],"articleSection":["MANAGEMENT"],"inLanguage":"fr-FR"},{"@type":"WebPage","@id":"https:\/\/www.organisator.ch\/management\/2021-04-22\/hunn-gartenmoebel-ag-mit-neuem-mitinhaber\/","url":"https:\/\/www.organisator.ch\/management\/2021-04-22\/hunn-gartenmoebel-ag-mit-neuem-mitinhaber\/","name":"Hunn Gartenm\u00f6bel AG a un nouveau copropri\u00e9taire - Organisateur","isPartOf":{"@id":"https:\/\/www.organisator.ch\/#website"},"primaryImageOfPage":{"@id":"https:\/\/www.organisator.ch\/management\/2021-04-22\/hunn-gartenmoebel-ag-mit-neuem-mitinhaber\/#primaryimage"},"image":{"@id":"https:\/\/www.organisator.ch\/management\/2021-04-22\/hunn-gartenmoebel-ag-mit-neuem-mitinhaber\/#primaryimage"},"thumbnailUrl":"https:\/\/www.organisator.ch\/wp-content\/uploads\/2021\/04\/Hunn-Gartenmoebel-AG-mit-neuem-Mitinhaber_Organisator.jpg","datePublished":"2021-04-22T08:47:10+00:00","description":"Depuis le 1er avril 2021, Hunn Gartenm\u00f6bel AG a un nouveau copropri\u00e9taire et actionnaire principal en la personne de Jean-Pierre Iacopetta et pose les jalons de sa succession.","breadcrumb":{"@id":"https:\/\/www.organisator.ch\/management\/2021-04-22\/hunn-gartenmoebel-ag-mit-neuem-mitinhaber\/#breadcrumb"},"inLanguage":"fr-FR","potentialAction":[{"@type":"ReadAction","target":["https:\/\/www.organisator.ch\/management\/2021-04-22\/hunn-gartenmoebel-ag-mit-neuem-mitinhaber\/"]}]},{"@type":"ImageObject","inLanguage":"fr-FR","@id":"https:\/\/www.organisator.ch\/management\/2021-04-22\/hunn-gartenmoebel-ag-mit-neuem-mitinhaber\/#primaryimage","url":"https:\/\/www.organisator.ch\/wp-content\/uploads\/2021\/04\/Hunn-Gartenmoebel-AG-mit-neuem-Mitinhaber_Organisator.jpg","contentUrl":"https:\/\/www.organisator.ch\/wp-content\/uploads\/2021\/04\/Hunn-Gartenmoebel-AG-mit-neuem-Mitinhaber_Organisator.jpg","width":680,"height":510,"caption":"Die Inhaberschaft von Hunn Gartenm\u00f6bel AG wurde um Jean-Pierre Iacopetta (ganz rechts) erweitert. (Bild: zVg)"},{"@type":"BreadcrumbList","@id":"https:\/\/www.organisator.ch\/management\/2021-04-22\/hunn-gartenmoebel-ag-mit-neuem-mitinhaber\/#breadcrumb","itemListElement":[{"@type":"ListItem","position":1,"name":"Home","item":"https:\/\/www.organisator.ch\/"},{"@type":"ListItem","position":2,"name":"Hunn Gartenm\u00f6bel AG mit neuem Mitinhaber"}]},{"@type":"WebSite","@id":"https:\/\/www.organisator.ch\/#website","url":"https:\/\/www.organisator.ch\/","name":"Organisateur","description":"Comp\u00e9tence et comp\u00e9tence. Proches de la pratique. L'ORGANISATEUR pr\u00e9pare 10 num\u00e9ros par an sur les th\u00e8mes essentiels pour les dirigeants de PME.","publisher":{"@id":"https:\/\/www.organisator.ch\/#organization"},"potentialAction":[{"@type":"SearchAction","target":{"@type":"EntryPoint","urlTemplate":"https:\/\/www.organisator.ch\/?s={search_term_string}"},"query-input":{"@type":"PropertyValueSpecification","valueRequired":true,"valueName":"search_term_string"}}],"inLanguage":"fr-FR"},{"@type":"Organization","@id":"https:\/\/www.organisator.ch\/#organization","name":"Organisateur","url":"https:\/\/www.organisator.ch\/","logo":{"@type":"ImageObject","inLanguage":"fr-FR","@id":"https:\/\/www.organisator.ch\/#\/schema\/logo\/image\/","url":"https:\/\/www.organisator.ch\/wp-content\/uploads\/2022\/01\/Logo_Organisator_Website.png","contentUrl":"https:\/\/www.organisator.ch\/wp-content\/uploads\/2022\/01\/Logo_Organisator_Website.png","width":800,"height":77,"caption":"Organisator"},"image":{"@id":"https:\/\/www.organisator.ch\/#\/schema\/logo\/image\/"},"sameAs":["https:\/\/www.facebook.com\/OrganisatorFachmagazin","https:\/\/www.linkedin.com\/showcase\/organisator-das-magazin-fr-kmu","https:\/\/www.xing.com\/news\/pages\/organisator-ch-695","https:\/\/www.youtube.com\/channel\/UCGP2Sq0iWaZwT3BdIAQFYpw"]},{"@type":"Person","@id":"https:\/\/www.organisator.ch\/#\/schema\/person\/6f650f90b2842cd4c0cc334b4e36f67e","name":"thomas.berner","image":{"@type":"ImageObject","inLanguage":"fr-FR","@id":"https:\/\/secure.gravatar.com\/avatar\/ac5001d2a36cb6c6cd3e50789007ffca834b477b74a2144564522e944eabff61?s=96&d=mm&r=g","url":"https:\/\/secure.gravatar.com\/avatar\/ac5001d2a36cb6c6cd3e50789007ffca834b477b74a2144564522e944eabff61?s=96&d=mm&r=g","contentUrl":"https:\/\/secure.gravatar.com\/avatar\/ac5001d2a36cb6c6cd3e50789007ffca834b477b74a2144564522e944eabff61?s=96&d=mm&r=g","caption":"thomas.berner"},"url":"https:\/\/www.organisator.ch\/fr\/author\/thomas-berner\/"}]}},"_links":{"self":[{"href":"https:\/\/www.organisator.ch\/fr\/wp-json\/wp\/v2\/posts\/7941","targetHints":{"allow":["GET"]}}],"collection":[{"href":"https:\/\/www.organisator.ch\/fr\/wp-json\/wp\/v2\/posts"}],"about":[{"href":"https:\/\/www.organisator.ch\/fr\/wp-json\/wp\/v2\/types\/post"}],"author":[{"embeddable":true,"href":"https:\/\/www.organisator.ch\/fr\/wp-json\/wp\/v2\/users\/4"}],"replies":[{"embeddable":true,"href":"https:\/\/www.organisator.ch\/fr\/wp-json\/wp\/v2\/comments?post=7941"}],"version-history":[{"count":0,"href":"https:\/\/www.organisator.ch\/fr\/wp-json\/wp\/v2\/posts\/7941\/revisions"}],"wp:featuredmedia":[{"embeddable":true,"href":"https:\/\/www.organisator.ch\/fr\/wp-json\/wp\/v2\/media\/7942"}],"wp:attachment":[{"href":"https:\/\/www.organisator.ch\/fr\/wp-json\/wp\/v2\/media?parent=7941"}],"wp:term":[{"taxonomy":"category","embeddable":true,"href":"https:\/\/www.organisator.ch\/fr\/wp-json\/wp\/v2\/categories?post=7941"},{"taxonomy":"post_tag","embeddable":true,"href":"https:\/\/www.organisator.ch\/fr\/wp-json\/wp\/v2\/tags?post=7941"}],"curies":[{"name":"wp","href":"https:\/\/api.w.org\/{rel}","templated":true}]}}