{"id":7963,"date":"2021-04-29T07:45:15","date_gmt":"2021-04-29T05:45:15","guid":{"rendered":"https:\/\/www.organisator.ch\/?p=7963"},"modified":"2021-04-29T07:45:15","modified_gmt":"2021-04-29T05:45:15","slug":"das-digitale-nachfolgemagazin-2021-ist-erschienen","status":"publish","type":"post","link":"https:\/\/www.organisator.ch\/fr\/management\/2021-04-29\/das-digitale-nachfolgemagazin-2021-ist-erschienen\/","title":{"rendered":"Le magazine num\u00e9rique 2021 qui lui succ\u00e8de est paru"},"content":{"rendered":"<figure id=\"attachment_7966\" aria-describedby=\"caption-attachment-7966\" style=\"width: 680px\" class=\"wp-caption alignnone\"><img loading=\"lazy\" decoding=\"async\" class=\"size-medium wp-image-7966\" src=\"https:\/\/www.organisator.ch\/wp-content\/uploads\/2021\/04\/Das-digitale-Nachfolgemagazin-2021-ist-erschienen_Organisator.jpg\" alt=\"\" width=\"680\" height=\"879\" srcset=\"https:\/\/www.organisator.ch\/wp-content\/uploads\/2021\/04\/Das-digitale-Nachfolgemagazin-2021-ist-erschienen_Organisator.jpg 680w, https:\/\/www.organisator.ch\/wp-content\/uploads\/2021\/04\/Das-digitale-Nachfolgemagazin-2021-ist-erschienen_Organisator-9x12.jpg 9w, https:\/\/www.organisator.ch\/wp-content\/uploads\/2021\/04\/Das-digitale-Nachfolgemagazin-2021-ist-erschienen_Organisator-135x175.jpg 135w, https:\/\/www.organisator.ch\/wp-content\/uploads\/2021\/04\/Das-digitale-Nachfolgemagazin-2021-ist-erschienen_Organisator-271x350.jpg 271w, https:\/\/www.organisator.ch\/wp-content\/uploads\/2021\/04\/Das-digitale-Nachfolgemagazin-2021-ist-erschienen_Organisator-619x800.jpg 619w, https:\/\/www.organisator.ch\/wp-content\/uploads\/2021\/04\/Das-digitale-Nachfolgemagazin-2021-ist-erschienen_Organisator-300x388.jpg 300w\" sizes=\"auto, (max-width: 680px) 100vw, 680px\" \/><figcaption id=\"caption-attachment-7966\" class=\"wp-caption-text\">Le magazine 2021 qui lui succ\u00e8de vient de para\u00eetre en version num\u00e9rique.<\/figcaption><\/figure>\n<p>Avec la parution aujourd'hui de l'\u00e9dition de printemps du magazine 2021 qui lui succ\u00e8de, la campagne men\u00e9e conjointement par ORGANISATOR et la <a href=\"https:\/\/nachfolgebus.ch\/\">Initiative bus successeur.ch<\/a> a \u00e9t\u00e9 lanc\u00e9 pour la deuxi\u00e8me fois. Le magazine qui lui succ\u00e8de a \u00e9t\u00e9 lanc\u00e9 pour la premi\u00e8re fois l'ann\u00e9e derni\u00e8re. La publication sp\u00e9cialis\u00e9e para\u00eet au printemps sous forme num\u00e9rique et en automne sous forme imprim\u00e9e.<\/p>\n<h2>Successeur du magazine 2021 avec des th\u00e8mes vari\u00e9s<\/h2>\n<p>Cette ann\u00e9e, la vente de maintien est au c\u0153ur d'une offre d'information et de formation continue compl\u00e8te sur la succession d'entreprise, adapt\u00e9e aux besoins des PME. L'initiative Nachfolgebus.ch accompagne et soutient ainsi en particulier les entrepreneurs qui manquent de temps pour r\u00e9gler leur succession. Le magazine Succession 2021 offre \u00e0 cet effet aux vendeurs et aux acheteurs d'entreprises un aper\u00e7u syst\u00e9matique du processus de succession en sept \u00e9tapes gr\u00e2ce \u00e0 des listes de contr\u00f4le d\u00e9taill\u00e9es. Des articles d'experts et des exemples pratiques fournissent un large \u00e9ventail de conseils. En compl\u00e9ment, des articles de fond sur l'importance de la diversit\u00e9 dans le cadre de la succession et sur des m\u00e9thodes de r\u00e9flexion sp\u00e9cifiques \u00e0 l'entrepreneuriat donnent des impulsions suppl\u00e9mentaires \u00e0 l'entrepreneuriat. L'\u00e9dition actuelle peut \u00eatre command\u00e9e en ligne au prix de CHF 25 : <a href=\"http:\/\/www.companymarket.ch\/nachfolgeshop\/\">www.companymarket.ch\/nachfolgeshop<\/a><\/p>\n<h2><strong>Vente d'entretien - quand il faut aller vite <\/strong><\/h2>\n<p>Actuellement, plus de 87 000 entreprises sont confront\u00e9es \u00e0 une succession non r\u00e9gl\u00e9e. La transmission d'une entreprise ne se fait pas toujours sans heurts, et parfois le temps presse tout simplement. Que ce soit par exemple en raison d'une situation de crise ou parce que la succession au sein de la famille \u00e9choue au dernier moment, les causes pour lesquelles un r\u00e8glement de succession est soudainement press\u00e9 par le temps sont multiples et g\u00e9n\u00e9ralement inattendues. Pour de telles situations et tous les autres sc\u00e9narios de succession, l'initiative Bus de la succession propose un vaste savoir-faire d'experts, dont certains sont gratuits. Outre le magazine de succession 2021 :<\/p>\n<ul>\n<li><strong>Le bus successeur digital <\/strong>pour des entretiens num\u00e9riques gratuits 1:1 avec des experts*.<\/li>\n<li>Le site <a href=\"https:\/\/nachfolgetag.online\/\"><strong>Succession Ateliers pratiques en ligne<\/strong><\/a> comme plateforme de formation continue disponible en permanence. Avec des vid\u00e9os, des podcasts et des dossiers disponibles par t\u00e9l\u00e9chargement.<\/li>\n<\/ul>\n<h2><strong>D\u00e9di\u00e9 \u00e0 la succession - le Phoenix Award<\/strong><\/h2>\n<p>Un engagement cons\u00e9quent en faveur de la succession d'entreprise signifie \u00e9galement pr\u00e9server et renforcer l'entrepreneuriat \u00e0 long terme en Suisse, qui se compose en grande partie d'une multitude de PME vieilles de plusieurs d\u00e9cennies, voire de plusieurs si\u00e8cles. C'est pourquoi l'initiative Successbus.ch 2020 a lanc\u00e9 pour la premi\u00e8re fois le <a href=\"https:\/\/www.organisator.ch\/phoenix-award-2021-100-jaehrige-schweizer-unternehmen-gesucht\/\">Prix Phoenix<\/a> pour l'entrepreneuriat suisse \u00e0 long terme. Chaque ann\u00e9e, des entreprises suisses qui ma\u00eetrisent avec succ\u00e8s la succession d'entreprise depuis au moins un si\u00e8cle sont ainsi honor\u00e9es. Elles ont g\u00e9n\u00e9ralement d\u00fb surmonter quelques crises et se relever tel le \"Phoenix qui rena\u00eet de ses cendres\".<\/p>\n<p>Les laur\u00e9ats potentiels sont d'une part toutes les PME suisses inscrites au registre du commerce depuis 100 ans dans l'ann\u00e9e concern\u00e9e. D'autre part, il s'agit des PME cr\u00e9\u00e9es il y a 100 ans dans l'ann\u00e9e concern\u00e9e. Un jury sp\u00e9cialis\u00e9 compos\u00e9 de repr\u00e9sentants* de l'entrepreneuriat, de la science et des m\u00e9dias d\u00e9signe les laur\u00e9ats dans les cat\u00e9gories Innovation\/Disruption\/Capacit\u00e9 de renouvellement, Impact et performance en tant qu'\u00e9quipe et Contribution \u00e0 la soci\u00e9t\u00e9\/l'\u00e9conomie. Les membres du jury sont en 2021 Dr Corinne M\u00fchlebach, charg\u00e9e de cours en marketing strat\u00e9gique, management strat\u00e9gique et entrepreneuriat \u00e0 la FHNW Hochschule f\u00fcr Wirtschaft et co-propri\u00e9taire et directrice de M\u00fchlebach AG,\u00a0<strong>Barbara Sch\u00e4r<\/strong>La Progressia GmbH, entrepreneuse et experte en successions, propri\u00e9taire et directrice de La Progressia GmbH, et <strong>Ren\u00e9 Spielmann<\/strong>Les membres du comit\u00e9 consultatif du jury, compos\u00e9 de trois personnes, sont les suivants <strong>Corin Ballhaus<\/strong>, experte en positionnement pour les PME, propri\u00e9taire de Ballhaus Profiling, <strong>Giacomo Garaventa, <\/strong>Expert en succession, propri\u00e9taire et directeur de nachfolger.ch ainsi que <strong>Thomas Berner<\/strong>, r\u00e9dacteur en chef ORGANISATEUR.<\/p>","protected":false},"excerpt":{"rendered":"<p>Mit dem heutigen Erscheinen der Fr\u00fchjahrsausgabe des Nachfolgemagazin 2021 geht die gemeinsam von ORGANISATOR und der Initiative Nachfolgebus.ch herausgegebene Sonderpublikation in die zweite Runde. Erstmals lanciert wurde das Nachfolgemagazin im vergangenen Jahr. Die Fachpublikation erscheint jeweils im Fr\u00fchjahr als digitale und im Herbst als gedruckte Ausgabe. Nachfolgemagazin 2021 mit vielf\u00e4ltigen Themen Im Fokus eines umfassenden, [&hellip;]<\/p>\n","protected":false},"author":4,"featured_media":7966,"comment_status":"closed","ping_status":"closed","sticky":false,"template":"","format":"standard","meta":{"_acf_changed":false,"_yoast_wpseo_focuskw":"Nachfolgemagazin 2021","_yoast_wpseo_metadesc":"Das digitale Nachfolgemagazin 2021 ist erschienen. Damit geht die gemeinsam mit Nachfolgebus.ch herausgegebene Publikation in die zweite Runde.","articlekey":"","footnotes":""},"categories":[28],"tags":[207,335,357,393],"class_list":["post-7963","post","type-post","status-publish","format-standard","has-post-thumbnail","hentry","category-management","tag-firmennachfolge","tag-management-und-unternehmensfuehrung","tag-nachfolgeregelung","tag-produkte"],"acf":[],"yoast_head":"<!-- This site is optimized with the Yoast SEO plugin v27.5 - https:\/\/yoast.com\/product\/yoast-seo-wordpress\/ -->\n<title>Das digitale Nachfolgemagazin 2021 ist erschienen - Organisator<\/title>\n<meta name=\"description\" content=\"Das digitale Nachfolgemagazin 2021 ist erschienen. Damit geht die gemeinsam mit Nachfolgebus.ch herausgegebene Publikation in die zweite Runde.\" \/>\n<meta name=\"robots\" content=\"index, follow, max-snippet:-1, max-image-preview:large, max-video-preview:-1\" \/>\n<link rel=\"canonical\" href=\"https:\/\/www.organisator.ch\/fr\/gestion-2\/2021-04-29\/das-digitale-nachfolgemagazin-2021-ist-erschienen\/\" \/>\n<meta property=\"og:locale\" content=\"fr_FR\" \/>\n<meta property=\"og:type\" content=\"article\" \/>\n<meta property=\"og:title\" content=\"Das digitale Nachfolgemagazin 2021 ist erschienen\" \/>\n<meta property=\"og:description\" content=\"Das digitale Nachfolgemagazin 2021 ist erschienen. Damit geht die gemeinsam mit Nachfolgebus.ch herausgegebene Publikation in die zweite Runde.\" \/>\n<meta property=\"og:url\" content=\"https:\/\/www.organisator.ch\/fr\/gestion-2\/2021-04-29\/das-digitale-nachfolgemagazin-2021-ist-erschienen\/\" \/>\n<meta property=\"og:site_name\" content=\"Organisator\" \/>\n<meta property=\"article:publisher\" content=\"https:\/\/www.facebook.com\/OrganisatorFachmagazin\" \/>\n<meta property=\"article:published_time\" content=\"2021-04-29T05:45:15+00:00\" \/>\n<meta property=\"og:image\" content=\"https:\/\/www.organisator.ch\/wp-content\/uploads\/2021\/04\/Das-digitale-Nachfolgemagazin-2021-ist-erschienen_Organisator.jpg\" \/>\n\t<meta property=\"og:image:width\" content=\"680\" \/>\n\t<meta property=\"og:image:height\" content=\"879\" \/>\n\t<meta property=\"og:image:type\" content=\"image\/jpeg\" \/>\n<meta name=\"author\" content=\"thomas.berner\" \/>\n<meta name=\"twitter:card\" content=\"summary_large_image\" \/>\n<meta name=\"twitter:title\" content=\"Das digitale #Nachfolgemagazin 2021 ist erschienen\" \/>\n<meta name=\"twitter:description\" content=\"Das digitale #Nachfolgemagazin 2021 ist erschienen. Damit geht die gemeinsam mit #Nachfolgebus.ch herausgegebene Publikation in die zweite Runde.\" \/>\n<meta name=\"twitter:image\" content=\"https:\/\/www.organisator.ch\/wp-content\/uploads\/2021\/04\/Das-digitale-Nachfolgemagazin-2021-ist-erschienen_Organisator.jpg\" \/>\n<script type=\"application\/ld+json\" class=\"yoast-schema-graph\">{\"@context\":\"https:\\\/\\\/schema.org\",\"@graph\":[{\"@type\":\"Article\",\"@id\":\"https:\\\/\\\/www.organisator.ch\\\/management\\\/2021-04-29\\\/das-digitale-nachfolgemagazin-2021-ist-erschienen\\\/#article\",\"isPartOf\":{\"@id\":\"https:\\\/\\\/www.organisator.ch\\\/management\\\/2021-04-29\\\/das-digitale-nachfolgemagazin-2021-ist-erschienen\\\/\"},\"author\":{\"name\":\"thomas.berner\",\"@id\":\"https:\\\/\\\/www.organisator.ch\\\/#\\\/schema\\\/person\\\/6f650f90b2842cd4c0cc334b4e36f67e\"},\"headline\":\"Das digitale Nachfolgemagazin 2021 ist erschienen\",\"datePublished\":\"2021-04-29T05:45:15+00:00\",\"mainEntityOfPage\":{\"@id\":\"https:\\\/\\\/www.organisator.ch\\\/management\\\/2021-04-29\\\/das-digitale-nachfolgemagazin-2021-ist-erschienen\\\/\"},\"wordCount\":556,\"publisher\":{\"@id\":\"https:\\\/\\\/www.organisator.ch\\\/#organization\"},\"image\":{\"@id\":\"https:\\\/\\\/www.organisator.ch\\\/management\\\/2021-04-29\\\/das-digitale-nachfolgemagazin-2021-ist-erschienen\\\/#primaryimage\"},\"thumbnailUrl\":\"https:\\\/\\\/www.organisator.ch\\\/wp-content\\\/uploads\\\/2021\\\/04\\\/Das-digitale-Nachfolgemagazin-2021-ist-erschienen_Organisator.jpg\",\"keywords\":[\"Firmennachfolge\",\"Management und Unternehmensf\u00fchrung\",\"Nachfolgeregelung\",\"Produkte\"],\"articleSection\":[\"MANAGEMENT\"],\"inLanguage\":\"fr-FR\"},{\"@type\":\"WebPage\",\"@id\":\"https:\\\/\\\/www.organisator.ch\\\/management\\\/2021-04-29\\\/das-digitale-nachfolgemagazin-2021-ist-erschienen\\\/\",\"url\":\"https:\\\/\\\/www.organisator.ch\\\/management\\\/2021-04-29\\\/das-digitale-nachfolgemagazin-2021-ist-erschienen\\\/\",\"name\":\"Das digitale Nachfolgemagazin 2021 ist erschienen - Organisator\",\"isPartOf\":{\"@id\":\"https:\\\/\\\/www.organisator.ch\\\/#website\"},\"primaryImageOfPage\":{\"@id\":\"https:\\\/\\\/www.organisator.ch\\\/management\\\/2021-04-29\\\/das-digitale-nachfolgemagazin-2021-ist-erschienen\\\/#primaryimage\"},\"image\":{\"@id\":\"https:\\\/\\\/www.organisator.ch\\\/management\\\/2021-04-29\\\/das-digitale-nachfolgemagazin-2021-ist-erschienen\\\/#primaryimage\"},\"thumbnailUrl\":\"https:\\\/\\\/www.organisator.ch\\\/wp-content\\\/uploads\\\/2021\\\/04\\\/Das-digitale-Nachfolgemagazin-2021-ist-erschienen_Organisator.jpg\",\"datePublished\":\"2021-04-29T05:45:15+00:00\",\"description\":\"Das digitale Nachfolgemagazin 2021 ist erschienen. Damit geht die gemeinsam mit Nachfolgebus.ch herausgegebene Publikation in die zweite Runde.\",\"breadcrumb\":{\"@id\":\"https:\\\/\\\/www.organisator.ch\\\/management\\\/2021-04-29\\\/das-digitale-nachfolgemagazin-2021-ist-erschienen\\\/#breadcrumb\"},\"inLanguage\":\"fr-FR\",\"potentialAction\":[{\"@type\":\"ReadAction\",\"target\":[\"https:\\\/\\\/www.organisator.ch\\\/management\\\/2021-04-29\\\/das-digitale-nachfolgemagazin-2021-ist-erschienen\\\/\"]}]},{\"@type\":\"ImageObject\",\"inLanguage\":\"fr-FR\",\"@id\":\"https:\\\/\\\/www.organisator.ch\\\/management\\\/2021-04-29\\\/das-digitale-nachfolgemagazin-2021-ist-erschienen\\\/#primaryimage\",\"url\":\"https:\\\/\\\/www.organisator.ch\\\/wp-content\\\/uploads\\\/2021\\\/04\\\/Das-digitale-Nachfolgemagazin-2021-ist-erschienen_Organisator.jpg\",\"contentUrl\":\"https:\\\/\\\/www.organisator.ch\\\/wp-content\\\/uploads\\\/2021\\\/04\\\/Das-digitale-Nachfolgemagazin-2021-ist-erschienen_Organisator.jpg\",\"width\":680,\"height\":879,\"caption\":\"Das Nachfolgemagazin 2021 ist eben in einer digitalen Version erschienen.\"},{\"@type\":\"BreadcrumbList\",\"@id\":\"https:\\\/\\\/www.organisator.ch\\\/management\\\/2021-04-29\\\/das-digitale-nachfolgemagazin-2021-ist-erschienen\\\/#breadcrumb\",\"itemListElement\":[{\"@type\":\"ListItem\",\"position\":1,\"name\":\"Home\",\"item\":\"https:\\\/\\\/www.organisator.ch\\\/\"},{\"@type\":\"ListItem\",\"position\":2,\"name\":\"Das digitale Nachfolgemagazin 2021 ist erschienen\"}]},{\"@type\":\"WebSite\",\"@id\":\"https:\\\/\\\/www.organisator.ch\\\/#website\",\"url\":\"https:\\\/\\\/www.organisator.ch\\\/\",\"name\":\"Organisator\",\"description\":\"Kompetent. Praxisnah. Der ORGANISATOR bereitet in 10 Ausgaben pro Jahr die wesentlichen Themen f\u00fcr F\u00fchrungskr\u00e4fte von KMU auf.\",\"publisher\":{\"@id\":\"https:\\\/\\\/www.organisator.ch\\\/#organization\"},\"potentialAction\":[{\"@type\":\"SearchAction\",\"target\":{\"@type\":\"EntryPoint\",\"urlTemplate\":\"https:\\\/\\\/www.organisator.ch\\\/?s={search_term_string}\"},\"query-input\":{\"@type\":\"PropertyValueSpecification\",\"valueRequired\":true,\"valueName\":\"search_term_string\"}}],\"inLanguage\":\"fr-FR\"},{\"@type\":\"Organization\",\"@id\":\"https:\\\/\\\/www.organisator.ch\\\/#organization\",\"name\":\"Organisator\",\"url\":\"https:\\\/\\\/www.organisator.ch\\\/\",\"logo\":{\"@type\":\"ImageObject\",\"inLanguage\":\"fr-FR\",\"@id\":\"https:\\\/\\\/www.organisator.ch\\\/#\\\/schema\\\/logo\\\/image\\\/\",\"url\":\"https:\\\/\\\/www.organisator.ch\\\/wp-content\\\/uploads\\\/2022\\\/01\\\/Logo_Organisator_Website.png\",\"contentUrl\":\"https:\\\/\\\/www.organisator.ch\\\/wp-content\\\/uploads\\\/2022\\\/01\\\/Logo_Organisator_Website.png\",\"width\":800,\"height\":77,\"caption\":\"Organisator\"},\"image\":{\"@id\":\"https:\\\/\\\/www.organisator.ch\\\/#\\\/schema\\\/logo\\\/image\\\/\"},\"sameAs\":[\"https:\\\/\\\/www.facebook.com\\\/OrganisatorFachmagazin\",\"https:\\\/\\\/www.linkedin.com\\\/showcase\\\/organisator-das-magazin-fr-kmu\",\"https:\\\/\\\/www.xing.com\\\/news\\\/pages\\\/organisator-ch-695\",\"https:\\\/\\\/www.youtube.com\\\/channel\\\/UCGP2Sq0iWaZwT3BdIAQFYpw\"]},{\"@type\":\"Person\",\"@id\":\"https:\\\/\\\/www.organisator.ch\\\/#\\\/schema\\\/person\\\/6f650f90b2842cd4c0cc334b4e36f67e\",\"name\":\"thomas.berner\",\"image\":{\"@type\":\"ImageObject\",\"inLanguage\":\"fr-FR\",\"@id\":\"https:\\\/\\\/secure.gravatar.com\\\/avatar\\\/ac5001d2a36cb6c6cd3e50789007ffca834b477b74a2144564522e944eabff61?s=96&d=mm&r=g\",\"url\":\"https:\\\/\\\/secure.gravatar.com\\\/avatar\\\/ac5001d2a36cb6c6cd3e50789007ffca834b477b74a2144564522e944eabff61?s=96&d=mm&r=g\",\"contentUrl\":\"https:\\\/\\\/secure.gravatar.com\\\/avatar\\\/ac5001d2a36cb6c6cd3e50789007ffca834b477b74a2144564522e944eabff61?s=96&d=mm&r=g\",\"caption\":\"thomas.berner\"},\"url\":\"https:\\\/\\\/www.organisator.ch\\\/fr\\\/author\\\/thomas-berner\\\/\"}]}<\/script>\n<!-- \/ Yoast SEO plugin. -->","yoast_head_json":{"title":"Le magazine num\u00e9rique 2021 qui lui succ\u00e8de est paru - Organisateur","description":"Le magazine num\u00e9rique de la rel\u00e8ve 2021 vient de para\u00eetre. Cette publication, \u00e9dit\u00e9e en collaboration avec Nachfolgebus.ch, entre ainsi dans sa deuxi\u00e8me phase.","robots":{"index":"index","follow":"follow","max-snippet":"max-snippet:-1","max-image-preview":"max-image-preview:large","max-video-preview":"max-video-preview:-1"},"canonical":"https:\/\/www.organisator.ch\/fr\/gestion-2\/2021-04-29\/das-digitale-nachfolgemagazin-2021-ist-erschienen\/","og_locale":"fr_FR","og_type":"article","og_title":"Das digitale Nachfolgemagazin 2021 ist erschienen","og_description":"Das digitale Nachfolgemagazin 2021 ist erschienen. Damit geht die gemeinsam mit Nachfolgebus.ch herausgegebene Publikation in die zweite Runde.","og_url":"https:\/\/www.organisator.ch\/fr\/gestion-2\/2021-04-29\/das-digitale-nachfolgemagazin-2021-ist-erschienen\/","og_site_name":"Organisator","article_publisher":"https:\/\/www.facebook.com\/OrganisatorFachmagazin","article_published_time":"2021-04-29T05:45:15+00:00","og_image":[{"width":680,"height":879,"url":"https:\/\/www.organisator.ch\/wp-content\/uploads\/2021\/04\/Das-digitale-Nachfolgemagazin-2021-ist-erschienen_Organisator.jpg","type":"image\/jpeg"}],"author":"thomas.berner","twitter_card":"summary_large_image","twitter_title":"Das digitale #Nachfolgemagazin 2021 ist erschienen","twitter_description":"Das digitale #Nachfolgemagazin 2021 ist erschienen. Damit geht die gemeinsam mit #Nachfolgebus.ch herausgegebene Publikation in die zweite Runde.","twitter_image":"https:\/\/www.organisator.ch\/wp-content\/uploads\/2021\/04\/Das-digitale-Nachfolgemagazin-2021-ist-erschienen_Organisator.jpg","schema":{"@context":"https:\/\/schema.org","@graph":[{"@type":"Article","@id":"https:\/\/www.organisator.ch\/management\/2021-04-29\/das-digitale-nachfolgemagazin-2021-ist-erschienen\/#article","isPartOf":{"@id":"https:\/\/www.organisator.ch\/management\/2021-04-29\/das-digitale-nachfolgemagazin-2021-ist-erschienen\/"},"author":{"name":"thomas.berner","@id":"https:\/\/www.organisator.ch\/#\/schema\/person\/6f650f90b2842cd4c0cc334b4e36f67e"},"headline":"Das digitale Nachfolgemagazin 2021 ist erschienen","datePublished":"2021-04-29T05:45:15+00:00","mainEntityOfPage":{"@id":"https:\/\/www.organisator.ch\/management\/2021-04-29\/das-digitale-nachfolgemagazin-2021-ist-erschienen\/"},"wordCount":556,"publisher":{"@id":"https:\/\/www.organisator.ch\/#organization"},"image":{"@id":"https:\/\/www.organisator.ch\/management\/2021-04-29\/das-digitale-nachfolgemagazin-2021-ist-erschienen\/#primaryimage"},"thumbnailUrl":"https:\/\/www.organisator.ch\/wp-content\/uploads\/2021\/04\/Das-digitale-Nachfolgemagazin-2021-ist-erschienen_Organisator.jpg","keywords":["Firmennachfolge","Management und Unternehmensf\u00fchrung","Nachfolgeregelung","Produkte"],"articleSection":["MANAGEMENT"],"inLanguage":"fr-FR"},{"@type":"WebPage","@id":"https:\/\/www.organisator.ch\/management\/2021-04-29\/das-digitale-nachfolgemagazin-2021-ist-erschienen\/","url":"https:\/\/www.organisator.ch\/management\/2021-04-29\/das-digitale-nachfolgemagazin-2021-ist-erschienen\/","name":"Le magazine num\u00e9rique 2021 qui lui succ\u00e8de est paru - Organisateur","isPartOf":{"@id":"https:\/\/www.organisator.ch\/#website"},"primaryImageOfPage":{"@id":"https:\/\/www.organisator.ch\/management\/2021-04-29\/das-digitale-nachfolgemagazin-2021-ist-erschienen\/#primaryimage"},"image":{"@id":"https:\/\/www.organisator.ch\/management\/2021-04-29\/das-digitale-nachfolgemagazin-2021-ist-erschienen\/#primaryimage"},"thumbnailUrl":"https:\/\/www.organisator.ch\/wp-content\/uploads\/2021\/04\/Das-digitale-Nachfolgemagazin-2021-ist-erschienen_Organisator.jpg","datePublished":"2021-04-29T05:45:15+00:00","description":"Le magazine num\u00e9rique de la rel\u00e8ve 2021 vient de para\u00eetre. Cette publication, \u00e9dit\u00e9e en collaboration avec Nachfolgebus.ch, entre ainsi dans sa deuxi\u00e8me phase.","breadcrumb":{"@id":"https:\/\/www.organisator.ch\/management\/2021-04-29\/das-digitale-nachfolgemagazin-2021-ist-erschienen\/#breadcrumb"},"inLanguage":"fr-FR","potentialAction":[{"@type":"ReadAction","target":["https:\/\/www.organisator.ch\/management\/2021-04-29\/das-digitale-nachfolgemagazin-2021-ist-erschienen\/"]}]},{"@type":"ImageObject","inLanguage":"fr-FR","@id":"https:\/\/www.organisator.ch\/management\/2021-04-29\/das-digitale-nachfolgemagazin-2021-ist-erschienen\/#primaryimage","url":"https:\/\/www.organisator.ch\/wp-content\/uploads\/2021\/04\/Das-digitale-Nachfolgemagazin-2021-ist-erschienen_Organisator.jpg","contentUrl":"https:\/\/www.organisator.ch\/wp-content\/uploads\/2021\/04\/Das-digitale-Nachfolgemagazin-2021-ist-erschienen_Organisator.jpg","width":680,"height":879,"caption":"Das Nachfolgemagazin 2021 ist eben in einer digitalen Version erschienen."},{"@type":"BreadcrumbList","@id":"https:\/\/www.organisator.ch\/management\/2021-04-29\/das-digitale-nachfolgemagazin-2021-ist-erschienen\/#breadcrumb","itemListElement":[{"@type":"ListItem","position":1,"name":"Home","item":"https:\/\/www.organisator.ch\/"},{"@type":"ListItem","position":2,"name":"Das digitale Nachfolgemagazin 2021 ist erschienen"}]},{"@type":"WebSite","@id":"https:\/\/www.organisator.ch\/#website","url":"https:\/\/www.organisator.ch\/","name":"Organisateur","description":"Comp\u00e9tence et comp\u00e9tence. Proches de la pratique. L'ORGANISATEUR pr\u00e9pare 10 num\u00e9ros par an sur les th\u00e8mes essentiels pour les dirigeants de PME.","publisher":{"@id":"https:\/\/www.organisator.ch\/#organization"},"potentialAction":[{"@type":"SearchAction","target":{"@type":"EntryPoint","urlTemplate":"https:\/\/www.organisator.ch\/?s={search_term_string}"},"query-input":{"@type":"PropertyValueSpecification","valueRequired":true,"valueName":"search_term_string"}}],"inLanguage":"fr-FR"},{"@type":"Organization","@id":"https:\/\/www.organisator.ch\/#organization","name":"Organisateur","url":"https:\/\/www.organisator.ch\/","logo":{"@type":"ImageObject","inLanguage":"fr-FR","@id":"https:\/\/www.organisator.ch\/#\/schema\/logo\/image\/","url":"https:\/\/www.organisator.ch\/wp-content\/uploads\/2022\/01\/Logo_Organisator_Website.png","contentUrl":"https:\/\/www.organisator.ch\/wp-content\/uploads\/2022\/01\/Logo_Organisator_Website.png","width":800,"height":77,"caption":"Organisator"},"image":{"@id":"https:\/\/www.organisator.ch\/#\/schema\/logo\/image\/"},"sameAs":["https:\/\/www.facebook.com\/OrganisatorFachmagazin","https:\/\/www.linkedin.com\/showcase\/organisator-das-magazin-fr-kmu","https:\/\/www.xing.com\/news\/pages\/organisator-ch-695","https:\/\/www.youtube.com\/channel\/UCGP2Sq0iWaZwT3BdIAQFYpw"]},{"@type":"Person","@id":"https:\/\/www.organisator.ch\/#\/schema\/person\/6f650f90b2842cd4c0cc334b4e36f67e","name":"thomas.berner","image":{"@type":"ImageObject","inLanguage":"fr-FR","@id":"https:\/\/secure.gravatar.com\/avatar\/ac5001d2a36cb6c6cd3e50789007ffca834b477b74a2144564522e944eabff61?s=96&d=mm&r=g","url":"https:\/\/secure.gravatar.com\/avatar\/ac5001d2a36cb6c6cd3e50789007ffca834b477b74a2144564522e944eabff61?s=96&d=mm&r=g","contentUrl":"https:\/\/secure.gravatar.com\/avatar\/ac5001d2a36cb6c6cd3e50789007ffca834b477b74a2144564522e944eabff61?s=96&d=mm&r=g","caption":"thomas.berner"},"url":"https:\/\/www.organisator.ch\/fr\/author\/thomas-berner\/"}]}},"_links":{"self":[{"href":"https:\/\/www.organisator.ch\/fr\/wp-json\/wp\/v2\/posts\/7963","targetHints":{"allow":["GET"]}}],"collection":[{"href":"https:\/\/www.organisator.ch\/fr\/wp-json\/wp\/v2\/posts"}],"about":[{"href":"https:\/\/www.organisator.ch\/fr\/wp-json\/wp\/v2\/types\/post"}],"author":[{"embeddable":true,"href":"https:\/\/www.organisator.ch\/fr\/wp-json\/wp\/v2\/users\/4"}],"replies":[{"embeddable":true,"href":"https:\/\/www.organisator.ch\/fr\/wp-json\/wp\/v2\/comments?post=7963"}],"version-history":[{"count":0,"href":"https:\/\/www.organisator.ch\/fr\/wp-json\/wp\/v2\/posts\/7963\/revisions"}],"wp:featuredmedia":[{"embeddable":true,"href":"https:\/\/www.organisator.ch\/fr\/wp-json\/wp\/v2\/media\/7966"}],"wp:attachment":[{"href":"https:\/\/www.organisator.ch\/fr\/wp-json\/wp\/v2\/media?parent=7963"}],"wp:term":[{"taxonomy":"category","embeddable":true,"href":"https:\/\/www.organisator.ch\/fr\/wp-json\/wp\/v2\/categories?post=7963"},{"taxonomy":"post_tag","embeddable":true,"href":"https:\/\/www.organisator.ch\/fr\/wp-json\/wp\/v2\/tags?post=7963"}],"curies":[{"name":"wp","href":"https:\/\/api.w.org\/{rel}","templated":true}]}}