{"id":7991,"date":"2021-05-04T16:51:39","date_gmt":"2021-05-04T14:51:39","guid":{"rendered":"https:\/\/www.organisator.ch\/?p=7991"},"modified":"2021-05-04T16:51:39","modified_gmt":"2021-05-04T14:51:39","slug":"unterbrueche-in-den-lieferketten-aber-mem-kmu-sind-trotzdem-optimistisch","status":"publish","type":"post","link":"https:\/\/www.organisator.ch\/fr\/allgemein\/2021-05-04\/unterbrueche-in-den-lieferketten-aber-mem-kmu-sind-trotzdem-optimistisch\/","title":{"rendered":"Interruptions dans les cha\u00eenes d'approvisionnement - mais les PME MEM sont malgr\u00e9 tout optimistes"},"content":{"rendered":"<figure id=\"attachment_7992\" aria-describedby=\"caption-attachment-7992\" style=\"width: 680px\" class=\"wp-caption alignnone\"><img loading=\"lazy\" decoding=\"async\" class=\"size-medium wp-image-7992\" src=\"https:\/\/www.organisator.ch\/wp-content\/uploads\/2021\/05\/Unterbrueche-in-den-Lieferketten-aber-KMU-MEM-sind-trotzdem-optimistisch_Organisator.jpg\" alt=\"\" width=\"680\" height=\"337\" srcset=\"https:\/\/www.organisator.ch\/wp-content\/uploads\/2021\/05\/Unterbrueche-in-den-Lieferketten-aber-KMU-MEM-sind-trotzdem-optimistisch_Organisator.jpg 680w, https:\/\/www.organisator.ch\/wp-content\/uploads\/2021\/05\/Unterbrueche-in-den-Lieferketten-aber-KMU-MEM-sind-trotzdem-optimistisch_Organisator-16x8.jpg 16w, https:\/\/www.organisator.ch\/wp-content\/uploads\/2021\/05\/Unterbrueche-in-den-Lieferketten-aber-KMU-MEM-sind-trotzdem-optimistisch_Organisator-353x175.jpg 353w, https:\/\/www.organisator.ch\/wp-content\/uploads\/2021\/05\/Unterbrueche-in-den-Lieferketten-aber-KMU-MEM-sind-trotzdem-optimistisch_Organisator-300x149.jpg 300w\" sizes=\"auto, (max-width: 680px) 100vw, 680px\" \/><figcaption id=\"caption-attachment-7992\" class=\"wp-caption-text\">Les bateaux passent \u00e0 nouveau le canal de Suez : Les interruptions dans les cha\u00eenes d'approvisionnement, comme celles provoqu\u00e9es par le naufrage d'avril 2021, donnent du fil \u00e0 retordre aux PME MEM. Malgr\u00e9 tout, l'optimisme r\u00e8gne. (Image : Unsplash.com)<\/figcaption><\/figure>\n<p>Les chiffres-cl\u00e9s de Corona \u00e9voluent dans une direction r\u00e9jouissante. A une exception pr\u00e8s : les interruptions dans les cha\u00eenes d'approvisionnement donnent \u00e0 nouveau plus de fil \u00e0 retordre aux PME-MEM. C'est ce que montre l'enqu\u00eate men\u00e9e en avril 2021 aupr\u00e8s des entreprises membres de Swissmechanic.<\/p>\n<h2>Moins de probl\u00e8mes de liquidit\u00e9s et moins de ch\u00f4mage partiel ...<\/h2>\n<p>En avril 2021, on constate, selon l'enqu\u00eate, une nette am\u00e9lioration des chiffres-cl\u00e9s de Corona. Par rapport \u00e0 janvier, la situation financi\u00e8re tendue des PME-MEM interrog\u00e9es s'est att\u00e9nu\u00e9e ; les entreprises sont confront\u00e9es \u00e0 moins de probl\u00e8mes de liquidit\u00e9s et \u00e0 un risque de faillite plus faible. La situation des commandes s'est \u00e9galement am\u00e9lior\u00e9e et le nombre de demandes de ch\u00f4mage partiel a diminu\u00e9.<\/p>\n<h2>... mais davantage d'interruptions dans les cha\u00eenes d'approvisionnement<\/h2>\n<p>Parmi les plus grands d\u00e9fis des PME-MEM figurent actuellement les interruptions de la cha\u00eene d'approvisionnement, qui ont \u00e0 nouveau fortement augment\u00e9. Alors qu'en janvier 2021, elles \u00e9taient encore 23%, en avril 2021, 43% des entreprises sont confront\u00e9es \u00e0 des interruptions dans les cha\u00eenes d'approvisionnement. On atteint ainsi un ordre de grandeur similaire \u00e0 celui d'il y a un an, lorsque 42% des entreprises interrog\u00e9es avaient mentionn\u00e9 le probl\u00e8me des cha\u00eenes d'approvisionnement interrompues. Mais les causes ont chang\u00e9. Il y a un an, les fronti\u00e8res ferm\u00e9es en de nombreux endroits et les mesures de lockdown \u00e9taient responsables des interruptions dans les cha\u00eenes d'approvisionnement. Aujourd'hui, des changements globaux dans les mod\u00e8les de consommation et des effets de rattrapage conjoncturel entra\u00eenent des goulets d'\u00e9tranglement dans le commerce international de fret, de mati\u00e8res premi\u00e8res et de micro-puces. Le probl\u00e8me a \u00e9t\u00e9 temporairement aggrav\u00e9 par le naufrage de Suez, aujourd'hui r\u00e9solu.<\/p>\n<h2>Perspectives<\/h2>\n<p>Malgr\u00e9 des interruptions dans les cha\u00eenes d'approvisionnement, le directeur de Swissmechanic, J\u00fcrg Marti, voit une lueur d'espoir \u00e0 l'horizon : \"Nous avons des signes clairs que la situation conjoncturelle s'am\u00e9liore et que de nombreuses entreprises ont pass\u00e9 le creux de la vague\".<\/p>\n<p><em>Source : <a href=\"http:\/\/www.swissmechanic.ch\">Swissmechanic<\/a><\/em><\/p>","protected":false},"excerpt":{"rendered":"<p>Die Corona-Kennzahlen entwickeln sich in eine erfreuliche Richtung. Mit einer Ausnahme: Die Unterbr\u00fcche in den Lieferketten machen den KMU-MEM-Betrieben wieder vermehrt zu schaffen. Das zeigt die im April 2021 bei den Swissmechanic-Mitgliedsunternehmen durchgef\u00fchrte Befragung. Weniger Liquidit\u00e4tsprobleme und weniger Kurzarbeit \u2026 Im April 2021 ist gem\u00e4ss der Erhebung bei den Corona-Kennzahlen eine deutliche Verbesserung feststellbar. Gegen\u00fcber [&hellip;]<\/p>\n","protected":false},"author":4,"featured_media":7992,"comment_status":"closed","ping_status":"closed","sticky":false,"template":"","format":"standard","meta":{"_acf_changed":false,"_yoast_wpseo_focuskw":"Unterbr\u00fcche in den Lieferketten","_yoast_wpseo_metadesc":"Im April 2021 hat sich die Situation der MEM-KMU deutlich verbessert. Mit einer Ausnahme: Die Unterbr\u00fcche in den Lieferketten haben zugenommen.","articlekey":"","footnotes":""},"categories":[1],"tags":[310,335,492,528],"class_list":["post-7991","post","type-post","status-publish","format-standard","has-post-thumbnail","hentry","category-allgemein","tag-konjunktur","tag-management-und-unternehmensfuehrung","tag-unternehmen","tag-wirtschaftskennzahlen"],"acf":[],"yoast_head":"<!-- This site is optimized with the Yoast SEO plugin v27.5 - https:\/\/yoast.com\/product\/yoast-seo-wordpress\/ -->\n<title>Unterbr\u00fcche in den Lieferketten - aber MEM-KMU sind trotzdem optimistisch - Organisator<\/title>\n<meta name=\"description\" content=\"Im April 2021 hat sich die Situation der MEM-KMU deutlich verbessert. Mit einer Ausnahme: Die Unterbr\u00fcche in den Lieferketten haben zugenommen.\" \/>\n<meta name=\"robots\" content=\"index, follow, max-snippet:-1, max-image-preview:large, max-video-preview:-1\" \/>\n<link rel=\"canonical\" href=\"https:\/\/www.organisator.ch\/fr\/general\/2021-05-04\/unterbrueche-in-den-lieferketten-aber-mem-kmu-sind-trotzdem-optimistisch\/\" \/>\n<meta property=\"og:locale\" content=\"fr_FR\" \/>\n<meta property=\"og:type\" content=\"article\" \/>\n<meta property=\"og:title\" content=\"Unterbr\u00fcche in den Lieferketten - aber MEM-KMU sind trotzdem optimistisch\" \/>\n<meta property=\"og:description\" content=\"Im April 2021 hat sich die Situation der MEM-KMU deutlich verbessert. Mit einer Ausnahme: Die Unterbr\u00fcche in den Lieferketten haben zugenommen.\" \/>\n<meta property=\"og:url\" content=\"https:\/\/www.organisator.ch\/fr\/general\/2021-05-04\/unterbrueche-in-den-lieferketten-aber-mem-kmu-sind-trotzdem-optimistisch\/\" \/>\n<meta property=\"og:site_name\" content=\"Organisator\" \/>\n<meta property=\"article:publisher\" content=\"https:\/\/www.facebook.com\/OrganisatorFachmagazin\" \/>\n<meta property=\"article:published_time\" content=\"2021-05-04T14:51:39+00:00\" \/>\n<meta property=\"og:image\" content=\"https:\/\/www.organisator.ch\/wp-content\/uploads\/2021\/05\/Unterbrueche-in-den-Lieferketten-aber-KMU-MEM-sind-trotzdem-optimistisch_Organisator.jpg\" \/>\n\t<meta property=\"og:image:width\" content=\"680\" \/>\n\t<meta property=\"og:image:height\" content=\"337\" \/>\n\t<meta property=\"og:image:type\" content=\"image\/jpeg\" \/>\n<meta name=\"author\" content=\"thomas.berner\" \/>\n<meta name=\"twitter:card\" content=\"summary_large_image\" \/>\n<meta name=\"twitter:title\" content=\"Unterbr\u00fcche in den #Lieferketten - aber #MEM-KMU sind trotzdem optimistisch\" \/>\n<meta name=\"twitter:description\" content=\"Im April 2021 hat sich die Situation der #MEM-KMU deutlich verbessert. Mit einer Ausnahme: Die Unterbr\u00fcche in den #Lieferketten haben zugenommen.\" \/>\n<meta name=\"twitter:image\" content=\"https:\/\/www.organisator.ch\/wp-content\/uploads\/2021\/05\/Unterbrueche-in-den-Lieferketten-aber-KMU-MEM-sind-trotzdem-optimistisch_Organisator.jpg\" \/>\n<script type=\"application\/ld+json\" class=\"yoast-schema-graph\">{\"@context\":\"https:\\\/\\\/schema.org\",\"@graph\":[{\"@type\":\"Article\",\"@id\":\"https:\\\/\\\/www.organisator.ch\\\/en\\\/general\\\/2021-05-04\\\/unterbrueche-in-den-lieferketten-aber-mem-kmu-sind-trotzdem-optimistisch\\\/#article\",\"isPartOf\":{\"@id\":\"https:\\\/\\\/www.organisator.ch\\\/en\\\/general\\\/2021-05-04\\\/unterbrueche-in-den-lieferketten-aber-mem-kmu-sind-trotzdem-optimistisch\\\/\"},\"author\":{\"name\":\"thomas.berner\",\"@id\":\"https:\\\/\\\/www.organisator.ch\\\/#\\\/schema\\\/person\\\/6f650f90b2842cd4c0cc334b4e36f67e\"},\"headline\":\"Unterbr\u00fcche in den Lieferketten &#8211; aber MEM-KMU sind trotzdem optimistisch\",\"datePublished\":\"2021-05-04T14:51:39+00:00\",\"mainEntityOfPage\":{\"@id\":\"https:\\\/\\\/www.organisator.ch\\\/en\\\/general\\\/2021-05-04\\\/unterbrueche-in-den-lieferketten-aber-mem-kmu-sind-trotzdem-optimistisch\\\/\"},\"wordCount\":302,\"publisher\":{\"@id\":\"https:\\\/\\\/www.organisator.ch\\\/#organization\"},\"image\":{\"@id\":\"https:\\\/\\\/www.organisator.ch\\\/en\\\/general\\\/2021-05-04\\\/unterbrueche-in-den-lieferketten-aber-mem-kmu-sind-trotzdem-optimistisch\\\/#primaryimage\"},\"thumbnailUrl\":\"https:\\\/\\\/www.organisator.ch\\\/wp-content\\\/uploads\\\/2021\\\/05\\\/Unterbrueche-in-den-Lieferketten-aber-KMU-MEM-sind-trotzdem-optimistisch_Organisator.jpg\",\"keywords\":[\"Konjunktur\",\"Management und Unternehmensf\u00fchrung\",\"Unternehmen\",\"Wirtschaftskennzahlen\"],\"articleSection\":[\"Allgemein\"],\"inLanguage\":\"fr-FR\"},{\"@type\":\"WebPage\",\"@id\":\"https:\\\/\\\/www.organisator.ch\\\/en\\\/general\\\/2021-05-04\\\/unterbrueche-in-den-lieferketten-aber-mem-kmu-sind-trotzdem-optimistisch\\\/\",\"url\":\"https:\\\/\\\/www.organisator.ch\\\/en\\\/general\\\/2021-05-04\\\/unterbrueche-in-den-lieferketten-aber-mem-kmu-sind-trotzdem-optimistisch\\\/\",\"name\":\"Unterbr\u00fcche in den Lieferketten - aber MEM-KMU sind trotzdem optimistisch - Organisator\",\"isPartOf\":{\"@id\":\"https:\\\/\\\/www.organisator.ch\\\/#website\"},\"primaryImageOfPage\":{\"@id\":\"https:\\\/\\\/www.organisator.ch\\\/en\\\/general\\\/2021-05-04\\\/unterbrueche-in-den-lieferketten-aber-mem-kmu-sind-trotzdem-optimistisch\\\/#primaryimage\"},\"image\":{\"@id\":\"https:\\\/\\\/www.organisator.ch\\\/en\\\/general\\\/2021-05-04\\\/unterbrueche-in-den-lieferketten-aber-mem-kmu-sind-trotzdem-optimistisch\\\/#primaryimage\"},\"thumbnailUrl\":\"https:\\\/\\\/www.organisator.ch\\\/wp-content\\\/uploads\\\/2021\\\/05\\\/Unterbrueche-in-den-Lieferketten-aber-KMU-MEM-sind-trotzdem-optimistisch_Organisator.jpg\",\"datePublished\":\"2021-05-04T14:51:39+00:00\",\"description\":\"Im April 2021 hat sich die Situation der MEM-KMU deutlich verbessert. Mit einer Ausnahme: Die Unterbr\u00fcche in den Lieferketten haben zugenommen.\",\"breadcrumb\":{\"@id\":\"https:\\\/\\\/www.organisator.ch\\\/en\\\/general\\\/2021-05-04\\\/unterbrueche-in-den-lieferketten-aber-mem-kmu-sind-trotzdem-optimistisch\\\/#breadcrumb\"},\"inLanguage\":\"fr-FR\",\"potentialAction\":[{\"@type\":\"ReadAction\",\"target\":[\"https:\\\/\\\/www.organisator.ch\\\/en\\\/general\\\/2021-05-04\\\/unterbrueche-in-den-lieferketten-aber-mem-kmu-sind-trotzdem-optimistisch\\\/\"]}]},{\"@type\":\"ImageObject\",\"inLanguage\":\"fr-FR\",\"@id\":\"https:\\\/\\\/www.organisator.ch\\\/en\\\/general\\\/2021-05-04\\\/unterbrueche-in-den-lieferketten-aber-mem-kmu-sind-trotzdem-optimistisch\\\/#primaryimage\",\"url\":\"https:\\\/\\\/www.organisator.ch\\\/wp-content\\\/uploads\\\/2021\\\/05\\\/Unterbrueche-in-den-Lieferketten-aber-KMU-MEM-sind-trotzdem-optimistisch_Organisator.jpg\",\"contentUrl\":\"https:\\\/\\\/www.organisator.ch\\\/wp-content\\\/uploads\\\/2021\\\/05\\\/Unterbrueche-in-den-Lieferketten-aber-KMU-MEM-sind-trotzdem-optimistisch_Organisator.jpg\",\"width\":680,\"height\":337,\"caption\":\"Die Schiffe passieren wieder den Suezkanal: Unterbr\u00fcche in den Lieferketten, wie durch die Havarie im April 2021, machen den MEM-KMU zu schaffen. Trotzdem herrscht Optimismus. (Bild: Unsplash.com)\"},{\"@type\":\"BreadcrumbList\",\"@id\":\"https:\\\/\\\/www.organisator.ch\\\/en\\\/general\\\/2021-05-04\\\/unterbrueche-in-den-lieferketten-aber-mem-kmu-sind-trotzdem-optimistisch\\\/#breadcrumb\",\"itemListElement\":[{\"@type\":\"ListItem\",\"position\":1,\"name\":\"Home\",\"item\":\"https:\\\/\\\/www.organisator.ch\\\/\"},{\"@type\":\"ListItem\",\"position\":2,\"name\":\"Unterbr\u00fcche in den Lieferketten &#8211; aber MEM-KMU sind trotzdem optimistisch\"}]},{\"@type\":\"WebSite\",\"@id\":\"https:\\\/\\\/www.organisator.ch\\\/#website\",\"url\":\"https:\\\/\\\/www.organisator.ch\\\/\",\"name\":\"Organisator\",\"description\":\"Kompetent. Praxisnah. Der ORGANISATOR bereitet in 10 Ausgaben pro Jahr die wesentlichen Themen f\u00fcr F\u00fchrungskr\u00e4fte von KMU auf.\",\"publisher\":{\"@id\":\"https:\\\/\\\/www.organisator.ch\\\/#organization\"},\"potentialAction\":[{\"@type\":\"SearchAction\",\"target\":{\"@type\":\"EntryPoint\",\"urlTemplate\":\"https:\\\/\\\/www.organisator.ch\\\/?s={search_term_string}\"},\"query-input\":{\"@type\":\"PropertyValueSpecification\",\"valueRequired\":true,\"valueName\":\"search_term_string\"}}],\"inLanguage\":\"fr-FR\"},{\"@type\":\"Organization\",\"@id\":\"https:\\\/\\\/www.organisator.ch\\\/#organization\",\"name\":\"Organisator\",\"url\":\"https:\\\/\\\/www.organisator.ch\\\/\",\"logo\":{\"@type\":\"ImageObject\",\"inLanguage\":\"fr-FR\",\"@id\":\"https:\\\/\\\/www.organisator.ch\\\/#\\\/schema\\\/logo\\\/image\\\/\",\"url\":\"https:\\\/\\\/www.organisator.ch\\\/wp-content\\\/uploads\\\/2022\\\/01\\\/Logo_Organisator_Website.png\",\"contentUrl\":\"https:\\\/\\\/www.organisator.ch\\\/wp-content\\\/uploads\\\/2022\\\/01\\\/Logo_Organisator_Website.png\",\"width\":800,\"height\":77,\"caption\":\"Organisator\"},\"image\":{\"@id\":\"https:\\\/\\\/www.organisator.ch\\\/#\\\/schema\\\/logo\\\/image\\\/\"},\"sameAs\":[\"https:\\\/\\\/www.facebook.com\\\/OrganisatorFachmagazin\",\"https:\\\/\\\/www.linkedin.com\\\/showcase\\\/organisator-das-magazin-fr-kmu\",\"https:\\\/\\\/www.xing.com\\\/news\\\/pages\\\/organisator-ch-695\",\"https:\\\/\\\/www.youtube.com\\\/channel\\\/UCGP2Sq0iWaZwT3BdIAQFYpw\"]},{\"@type\":\"Person\",\"@id\":\"https:\\\/\\\/www.organisator.ch\\\/#\\\/schema\\\/person\\\/6f650f90b2842cd4c0cc334b4e36f67e\",\"name\":\"thomas.berner\",\"image\":{\"@type\":\"ImageObject\",\"inLanguage\":\"fr-FR\",\"@id\":\"https:\\\/\\\/secure.gravatar.com\\\/avatar\\\/ac5001d2a36cb6c6cd3e50789007ffca834b477b74a2144564522e944eabff61?s=96&d=mm&r=g\",\"url\":\"https:\\\/\\\/secure.gravatar.com\\\/avatar\\\/ac5001d2a36cb6c6cd3e50789007ffca834b477b74a2144564522e944eabff61?s=96&d=mm&r=g\",\"contentUrl\":\"https:\\\/\\\/secure.gravatar.com\\\/avatar\\\/ac5001d2a36cb6c6cd3e50789007ffca834b477b74a2144564522e944eabff61?s=96&d=mm&r=g\",\"caption\":\"thomas.berner\"},\"url\":\"https:\\\/\\\/www.organisator.ch\\\/fr\\\/author\\\/thomas-berner\\\/\"}]}<\/script>\n<!-- \/ Yoast SEO plugin. -->","yoast_head_json":{"title":"Interruptions dans les cha\u00eenes d'approvisionnement - mais les PME MEM sont malgr\u00e9 tout optimistes - Organisateur","description":"En avril 2021, la situation des PME MEM s'est nettement am\u00e9lior\u00e9e. A une exception pr\u00e8s : les interruptions dans les cha\u00eenes d'approvisionnement ont augment\u00e9.","robots":{"index":"index","follow":"follow","max-snippet":"max-snippet:-1","max-image-preview":"max-image-preview:large","max-video-preview":"max-video-preview:-1"},"canonical":"https:\/\/www.organisator.ch\/fr\/general\/2021-05-04\/unterbrueche-in-den-lieferketten-aber-mem-kmu-sind-trotzdem-optimistisch\/","og_locale":"fr_FR","og_type":"article","og_title":"Unterbr\u00fcche in den Lieferketten - aber MEM-KMU sind trotzdem optimistisch","og_description":"Im April 2021 hat sich die Situation der MEM-KMU deutlich verbessert. Mit einer Ausnahme: Die Unterbr\u00fcche in den Lieferketten haben zugenommen.","og_url":"https:\/\/www.organisator.ch\/fr\/general\/2021-05-04\/unterbrueche-in-den-lieferketten-aber-mem-kmu-sind-trotzdem-optimistisch\/","og_site_name":"Organisator","article_publisher":"https:\/\/www.facebook.com\/OrganisatorFachmagazin","article_published_time":"2021-05-04T14:51:39+00:00","og_image":[{"width":680,"height":337,"url":"https:\/\/www.organisator.ch\/wp-content\/uploads\/2021\/05\/Unterbrueche-in-den-Lieferketten-aber-KMU-MEM-sind-trotzdem-optimistisch_Organisator.jpg","type":"image\/jpeg"}],"author":"thomas.berner","twitter_card":"summary_large_image","twitter_title":"Unterbr\u00fcche in den #Lieferketten - aber #MEM-KMU sind trotzdem optimistisch","twitter_description":"Im April 2021 hat sich die Situation der #MEM-KMU deutlich verbessert. Mit einer Ausnahme: Die Unterbr\u00fcche in den #Lieferketten haben zugenommen.","twitter_image":"https:\/\/www.organisator.ch\/wp-content\/uploads\/2021\/05\/Unterbrueche-in-den-Lieferketten-aber-KMU-MEM-sind-trotzdem-optimistisch_Organisator.jpg","schema":{"@context":"https:\/\/schema.org","@graph":[{"@type":"Article","@id":"https:\/\/www.organisator.ch\/en\/general\/2021-05-04\/unterbrueche-in-den-lieferketten-aber-mem-kmu-sind-trotzdem-optimistisch\/#article","isPartOf":{"@id":"https:\/\/www.organisator.ch\/en\/general\/2021-05-04\/unterbrueche-in-den-lieferketten-aber-mem-kmu-sind-trotzdem-optimistisch\/"},"author":{"name":"thomas.berner","@id":"https:\/\/www.organisator.ch\/#\/schema\/person\/6f650f90b2842cd4c0cc334b4e36f67e"},"headline":"Unterbr\u00fcche in den Lieferketten &#8211; aber MEM-KMU sind trotzdem optimistisch","datePublished":"2021-05-04T14:51:39+00:00","mainEntityOfPage":{"@id":"https:\/\/www.organisator.ch\/en\/general\/2021-05-04\/unterbrueche-in-den-lieferketten-aber-mem-kmu-sind-trotzdem-optimistisch\/"},"wordCount":302,"publisher":{"@id":"https:\/\/www.organisator.ch\/#organization"},"image":{"@id":"https:\/\/www.organisator.ch\/en\/general\/2021-05-04\/unterbrueche-in-den-lieferketten-aber-mem-kmu-sind-trotzdem-optimistisch\/#primaryimage"},"thumbnailUrl":"https:\/\/www.organisator.ch\/wp-content\/uploads\/2021\/05\/Unterbrueche-in-den-Lieferketten-aber-KMU-MEM-sind-trotzdem-optimistisch_Organisator.jpg","keywords":["Konjunktur","Management und Unternehmensf\u00fchrung","Unternehmen","Wirtschaftskennzahlen"],"articleSection":["Allgemein"],"inLanguage":"fr-FR"},{"@type":"WebPage","@id":"https:\/\/www.organisator.ch\/en\/general\/2021-05-04\/unterbrueche-in-den-lieferketten-aber-mem-kmu-sind-trotzdem-optimistisch\/","url":"https:\/\/www.organisator.ch\/en\/general\/2021-05-04\/unterbrueche-in-den-lieferketten-aber-mem-kmu-sind-trotzdem-optimistisch\/","name":"Interruptions dans les cha\u00eenes d'approvisionnement - mais les PME MEM sont malgr\u00e9 tout optimistes - Organisateur","isPartOf":{"@id":"https:\/\/www.organisator.ch\/#website"},"primaryImageOfPage":{"@id":"https:\/\/www.organisator.ch\/en\/general\/2021-05-04\/unterbrueche-in-den-lieferketten-aber-mem-kmu-sind-trotzdem-optimistisch\/#primaryimage"},"image":{"@id":"https:\/\/www.organisator.ch\/en\/general\/2021-05-04\/unterbrueche-in-den-lieferketten-aber-mem-kmu-sind-trotzdem-optimistisch\/#primaryimage"},"thumbnailUrl":"https:\/\/www.organisator.ch\/wp-content\/uploads\/2021\/05\/Unterbrueche-in-den-Lieferketten-aber-KMU-MEM-sind-trotzdem-optimistisch_Organisator.jpg","datePublished":"2021-05-04T14:51:39+00:00","description":"En avril 2021, la situation des PME MEM s'est nettement am\u00e9lior\u00e9e. A une exception pr\u00e8s : les interruptions dans les cha\u00eenes d'approvisionnement ont augment\u00e9.","breadcrumb":{"@id":"https:\/\/www.organisator.ch\/en\/general\/2021-05-04\/unterbrueche-in-den-lieferketten-aber-mem-kmu-sind-trotzdem-optimistisch\/#breadcrumb"},"inLanguage":"fr-FR","potentialAction":[{"@type":"ReadAction","target":["https:\/\/www.organisator.ch\/en\/general\/2021-05-04\/unterbrueche-in-den-lieferketten-aber-mem-kmu-sind-trotzdem-optimistisch\/"]}]},{"@type":"ImageObject","inLanguage":"fr-FR","@id":"https:\/\/www.organisator.ch\/en\/general\/2021-05-04\/unterbrueche-in-den-lieferketten-aber-mem-kmu-sind-trotzdem-optimistisch\/#primaryimage","url":"https:\/\/www.organisator.ch\/wp-content\/uploads\/2021\/05\/Unterbrueche-in-den-Lieferketten-aber-KMU-MEM-sind-trotzdem-optimistisch_Organisator.jpg","contentUrl":"https:\/\/www.organisator.ch\/wp-content\/uploads\/2021\/05\/Unterbrueche-in-den-Lieferketten-aber-KMU-MEM-sind-trotzdem-optimistisch_Organisator.jpg","width":680,"height":337,"caption":"Die Schiffe passieren wieder den Suezkanal: Unterbr\u00fcche in den Lieferketten, wie durch die Havarie im April 2021, machen den MEM-KMU zu schaffen. Trotzdem herrscht Optimismus. (Bild: Unsplash.com)"},{"@type":"BreadcrumbList","@id":"https:\/\/www.organisator.ch\/en\/general\/2021-05-04\/unterbrueche-in-den-lieferketten-aber-mem-kmu-sind-trotzdem-optimistisch\/#breadcrumb","itemListElement":[{"@type":"ListItem","position":1,"name":"Home","item":"https:\/\/www.organisator.ch\/"},{"@type":"ListItem","position":2,"name":"Unterbr\u00fcche in den Lieferketten &#8211; aber MEM-KMU sind trotzdem optimistisch"}]},{"@type":"WebSite","@id":"https:\/\/www.organisator.ch\/#website","url":"https:\/\/www.organisator.ch\/","name":"Organisateur","description":"Comp\u00e9tence et comp\u00e9tence. Proches de la pratique. L'ORGANISATEUR pr\u00e9pare 10 num\u00e9ros par an sur les th\u00e8mes essentiels pour les dirigeants de PME.","publisher":{"@id":"https:\/\/www.organisator.ch\/#organization"},"potentialAction":[{"@type":"SearchAction","target":{"@type":"EntryPoint","urlTemplate":"https:\/\/www.organisator.ch\/?s={search_term_string}"},"query-input":{"@type":"PropertyValueSpecification","valueRequired":true,"valueName":"search_term_string"}}],"inLanguage":"fr-FR"},{"@type":"Organization","@id":"https:\/\/www.organisator.ch\/#organization","name":"Organisateur","url":"https:\/\/www.organisator.ch\/","logo":{"@type":"ImageObject","inLanguage":"fr-FR","@id":"https:\/\/www.organisator.ch\/#\/schema\/logo\/image\/","url":"https:\/\/www.organisator.ch\/wp-content\/uploads\/2022\/01\/Logo_Organisator_Website.png","contentUrl":"https:\/\/www.organisator.ch\/wp-content\/uploads\/2022\/01\/Logo_Organisator_Website.png","width":800,"height":77,"caption":"Organisator"},"image":{"@id":"https:\/\/www.organisator.ch\/#\/schema\/logo\/image\/"},"sameAs":["https:\/\/www.facebook.com\/OrganisatorFachmagazin","https:\/\/www.linkedin.com\/showcase\/organisator-das-magazin-fr-kmu","https:\/\/www.xing.com\/news\/pages\/organisator-ch-695","https:\/\/www.youtube.com\/channel\/UCGP2Sq0iWaZwT3BdIAQFYpw"]},{"@type":"Person","@id":"https:\/\/www.organisator.ch\/#\/schema\/person\/6f650f90b2842cd4c0cc334b4e36f67e","name":"thomas.berner","image":{"@type":"ImageObject","inLanguage":"fr-FR","@id":"https:\/\/secure.gravatar.com\/avatar\/ac5001d2a36cb6c6cd3e50789007ffca834b477b74a2144564522e944eabff61?s=96&d=mm&r=g","url":"https:\/\/secure.gravatar.com\/avatar\/ac5001d2a36cb6c6cd3e50789007ffca834b477b74a2144564522e944eabff61?s=96&d=mm&r=g","contentUrl":"https:\/\/secure.gravatar.com\/avatar\/ac5001d2a36cb6c6cd3e50789007ffca834b477b74a2144564522e944eabff61?s=96&d=mm&r=g","caption":"thomas.berner"},"url":"https:\/\/www.organisator.ch\/fr\/author\/thomas-berner\/"}]}},"_links":{"self":[{"href":"https:\/\/www.organisator.ch\/fr\/wp-json\/wp\/v2\/posts\/7991","targetHints":{"allow":["GET"]}}],"collection":[{"href":"https:\/\/www.organisator.ch\/fr\/wp-json\/wp\/v2\/posts"}],"about":[{"href":"https:\/\/www.organisator.ch\/fr\/wp-json\/wp\/v2\/types\/post"}],"author":[{"embeddable":true,"href":"https:\/\/www.organisator.ch\/fr\/wp-json\/wp\/v2\/users\/4"}],"replies":[{"embeddable":true,"href":"https:\/\/www.organisator.ch\/fr\/wp-json\/wp\/v2\/comments?post=7991"}],"version-history":[{"count":0,"href":"https:\/\/www.organisator.ch\/fr\/wp-json\/wp\/v2\/posts\/7991\/revisions"}],"wp:featuredmedia":[{"embeddable":true,"href":"https:\/\/www.organisator.ch\/fr\/wp-json\/wp\/v2\/media\/7992"}],"wp:attachment":[{"href":"https:\/\/www.organisator.ch\/fr\/wp-json\/wp\/v2\/media?parent=7991"}],"wp:term":[{"taxonomy":"category","embeddable":true,"href":"https:\/\/www.organisator.ch\/fr\/wp-json\/wp\/v2\/categories?post=7991"},{"taxonomy":"post_tag","embeddable":true,"href":"https:\/\/www.organisator.ch\/fr\/wp-json\/wp\/v2\/tags?post=7991"}],"curies":[{"name":"wp","href":"https:\/\/api.w.org\/{rel}","templated":true}]}}