{"id":8006,"date":"2021-05-07T08:17:28","date_gmt":"2021-05-07T06:17:28","guid":{"rendered":"https:\/\/www.organisator.ch\/?p=8006"},"modified":"2021-05-07T08:17:28","modified_gmt":"2021-05-07T06:17:28","slug":"mit-chamaeleon-strategie-gegen-die-corona-krise","status":"publish","type":"post","link":"https:\/\/www.organisator.ch\/fr\/marketing\/2021-05-07\/mit-chamaeleon-strategie-gegen-die-corona-krise\/","title":{"rendered":"Une strat\u00e9gie cam\u00e9l\u00e9on contre la crise de Corona"},"content":{"rendered":"<figure id=\"attachment_8007\" aria-describedby=\"caption-attachment-8007\" style=\"width: 680px\" class=\"wp-caption alignnone\"><img loading=\"lazy\" decoding=\"async\" class=\"size-medium wp-image-8007\" src=\"https:\/\/www.organisator.ch\/wp-content\/uploads\/2021\/05\/Mit-Chamaeleon-Strategie-gegen-die-Corona-Krise-1_Organisator.jpg\" alt=\"\" width=\"680\" height=\"449\" srcset=\"https:\/\/www.organisator.ch\/wp-content\/uploads\/2021\/05\/Mit-Chamaeleon-Strategie-gegen-die-Corona-Krise-1_Organisator.jpg 680w, https:\/\/www.organisator.ch\/wp-content\/uploads\/2021\/05\/Mit-Chamaeleon-Strategie-gegen-die-Corona-Krise-1_Organisator-16x12.jpg 16w, https:\/\/www.organisator.ch\/wp-content\/uploads\/2021\/05\/Mit-Chamaeleon-Strategie-gegen-die-Corona-Krise-1_Organisator-265x175.jpg 265w, https:\/\/www.organisator.ch\/wp-content\/uploads\/2021\/05\/Mit-Chamaeleon-Strategie-gegen-die-Corona-Krise-1_Organisator-530x350.jpg 530w, https:\/\/www.organisator.ch\/wp-content\/uploads\/2021\/05\/Mit-Chamaeleon-Strategie-gegen-die-Corona-Krise-1_Organisator-300x198.jpg 300w\" sizes=\"auto, (max-width: 680px) 100vw, 680px\" \/><figcaption id=\"caption-attachment-8007\" class=\"wp-caption-text\">Savoir s'adapter en permanence \u00e0 de nouvelles situations : C'est en cela que consiste la strat\u00e9gie du cam\u00e9l\u00e9on. (Image : zVg \/ Ansatz Werbung)<\/figcaption><\/figure>\n<p>Depuis sa cr\u00e9ation, Ansatz Werbung GmbH assiste les PME dans les questions de technique publicitaire. Hier comme aujourd'hui, l'entreprise propose des mesures publicitaires efficaces, du marketing cibl\u00e9 \u00e0 la livraison de l'afficheur en passant par le conseil. Le directeur g\u00e9n\u00e9ral est Hans J\u00fcrg Domenig. Il a cr\u00e9\u00e9 plus de 300 franchises en Allemagne, en Autriche et en Suisse. C'est sans doute pour cette raison qu'il est d\u00e9crit par Wikipedia comme le \"pionnier de la franchise en Suisse\". Il emploie aujourd'hui 10 personnes dans sa propre entreprise.<\/p>\n<h2>Sur le march\u00e9 depuis 30 ans<\/h2>\n<p>Cette entreprise existe maintenant depuis plus de 30 ans. Gr\u00e2ce \u00e0 une adaptation constante \u00e0 l'esprit du temps et \u00e0 la situation politique, Ansatz Werbung est dans les chiffres noirs, m\u00eame en 2020, ann\u00e9e de crise. Au d\u00e9but, Hans J\u00fcrg Domenig ne vendait que des concepts publicitaires pour les PME, ce qui \u00e9tait auparavant r\u00e9serv\u00e9 aux moyennes et grandes entreprises. Il a rapidement \u00e9tendu son assortiment \u00e0 la technique publicitaire, car les PME en avaient particuli\u00e8rement besoin. C'est ainsi qu'est n\u00e9 le syst\u00e8me de franchise, qui s'est d\u00e9velopp\u00e9 de la Suisse \u00e0 l'Allemagne et \u00e0 l'Autriche.<\/p>\n<p>M\u00eame pendant la crise provoqu\u00e9e par Corona, l'\u00e9quipe d'approche s'est rapidement lanc\u00e9e dans une nouvelle activit\u00e9 : l'impression de masques. Cette nouvelle activit\u00e9 a permis \u00e0 l'entreprise de r\u00e9aliser 50% de son chiffre d'affaires. Mais cette demande s'est d\u00e9j\u00e0 essouffl\u00e9e.<\/p>\n<h2>S'adapter en permanence : La strat\u00e9gie du cam\u00e9l\u00e9on<\/h2>\n<p>C'est pourquoi le prochain projet de l'entreprise s'appelle le filmage de meubles. Comme la pand\u00e9mie de Corona retient les gens chez eux depuis plus d'un an, le d\u00e9sir de changer d'environnement se fait de plus en plus pressant. L'id\u00e9e de durabilit\u00e9 rend toutefois impossible un ameublement enti\u00e8rement nouveau. En effet, les manifestations climatiques sont toujours dans la t\u00eate des gens et le th\u00e8me de l'environnement et de la crise climatique est toujours pr\u00e9sent dans les m\u00e9dias. Les meubles doivent donc \u00eatre r\u00e9utilis\u00e9s, mais ils n'en sont pas moins ennuyeux. Alors que faire ?<\/p>\n<figure id=\"attachment_8008\" aria-describedby=\"caption-attachment-8008\" style=\"width: 680px\" class=\"wp-caption alignnone\"><img loading=\"lazy\" decoding=\"async\" class=\"size-medium wp-image-8008\" src=\"https:\/\/www.organisator.ch\/wp-content\/uploads\/2021\/05\/Mit-Chamaeleon-Strategie-gegen-die-Corona-Krise-2_Organisator.jpg\" alt=\"\" width=\"680\" height=\"330\" srcset=\"https:\/\/www.organisator.ch\/wp-content\/uploads\/2021\/05\/Mit-Chamaeleon-Strategie-gegen-die-Corona-Krise-2_Organisator.jpg 680w, https:\/\/www.organisator.ch\/wp-content\/uploads\/2021\/05\/Mit-Chamaeleon-Strategie-gegen-die-Corona-Krise-2_Organisator-16x8.jpg 16w, https:\/\/www.organisator.ch\/wp-content\/uploads\/2021\/05\/Mit-Chamaeleon-Strategie-gegen-die-Corona-Krise-2_Organisator-361x175.jpg 361w, https:\/\/www.organisator.ch\/wp-content\/uploads\/2021\/05\/Mit-Chamaeleon-Strategie-gegen-die-Corona-Krise-2_Organisator-300x146.jpg 300w\" sizes=\"auto, (max-width: 680px) 100vw, 680px\" \/><figcaption id=\"caption-attachment-8008\" class=\"wp-caption-text\">M\u00eame les meubles devenus ennuyeux peuvent toujours \u00eatre transform\u00e9s : Les films pour meubles sont le nouveau projet de Ansatz Werbung. (Image : zVg \/ Ansatz Werbung)<\/figcaption><\/figure>\n<p>C'est dans ce contexte que l'\u00e9quipe de Hans J\u00fcrg Domenig a eu l'id\u00e9e de mettre un film sur les meubles. Si les meubles existants sont recouverts d'un nouveau film, une seconde vie peut leur \u00eatre offerte. Le film a une longue dur\u00e9e de vie, il ne s'\u00e9caille pas et ne s'alt\u00e8re pas comme la peinture, mais il peut aussi \u00eatre chang\u00e9 \u00e0 tout moment ; une solution optimale donc. Une fois de plus, on a identifi\u00e9 rapidement et avec flexibilit\u00e9 une tendance et on cr\u00e9e un nouveau secteur d'activit\u00e9. S'adapter en permanence : C'est la strat\u00e9gie cam\u00e9l\u00e9on de l'approche publicitaire.<\/p>\n<p><em>Plus d'informations : <a href=\"http:\/\/www.ansatz.ch\">www.ansatz.ch<\/a><\/em><\/p>","protected":false},"excerpt":{"rendered":"<p>Die Ansatz Werbung GmbH steht seit ihrer Gr\u00fcndung KMU\u2019s in werbetechnischen Fragen zur Seite. Damals wie heute bietet das Unternehmen wirkungsvolle Werbemassnahmen, von zielgerichtetem Marketing \u00fcber Beratung bis zur Lieferung des Strassenstellers. Gesch\u00e4ftsf\u00fchrer ist Hans J\u00fcrg Domenig. Er hat \u00fcber 300 Franchisebetriebe in Deutschland, \u00d6sterreich und der Schweiz aufgebaut. Deshalb wohl wird er denn auch [&hellip;]<\/p>\n","protected":false},"author":4,"featured_media":8007,"comment_status":"closed","ping_status":"closed","sticky":false,"template":"","format":"standard","meta":{"_acf_changed":false,"_yoast_wpseo_focuskw":"Cham\u00e4leon-Strategie","_yoast_wpseo_metadesc":"Schnell und flexibel sich anpassen \u2013 das ist die Cham\u00e4leon-Strategie. Wie diese funktioniert, zeigt etwa die Ansatz Werbung GmbH in Bad Zurzach.","articlekey":"","footnotes":""},"categories":[29],"tags":[132,335,339,492],"class_list":["post-8006","post","type-post","status-publish","format-standard","has-post-thumbnail","hentry","category-marketing","tag-coronavirus","tag-management-und-unternehmensfuehrung","tag-marketing","tag-unternehmen"],"acf":[],"yoast_head":"<!-- This site is optimized with the Yoast SEO plugin v27.4 - https:\/\/yoast.com\/product\/yoast-seo-wordpress\/ -->\n<title>Mit Cham\u00e4leon-Strategie gegen die Corona-Krise - Organisator<\/title>\n<meta name=\"description\" content=\"Schnell und flexibel sich anpassen \u2013 das ist die Cham\u00e4leon-Strategie. Wie diese funktioniert, zeigt etwa die Ansatz Werbung GmbH in Bad Zurzach.\" \/>\n<meta name=\"robots\" content=\"index, follow, max-snippet:-1, max-image-preview:large, max-video-preview:-1\" \/>\n<link rel=\"canonical\" href=\"https:\/\/www.organisator.ch\/fr\/marketing\/2021-05-07\/mit-chamaeleon-strategie-gegen-die-corona-krise\/\" \/>\n<meta property=\"og:locale\" content=\"fr_FR\" \/>\n<meta property=\"og:type\" content=\"article\" \/>\n<meta property=\"og:title\" content=\"Mit Cham\u00e4leon-Strategie gegen die Corona-Krise\" \/>\n<meta property=\"og:description\" content=\"Schnell und flexibel sich anpassen \u2013 das ist die Cham\u00e4leon-Strategie. Wie diese funktioniert, zeigt etwa die Ansatz Werbung GmbH in Bad Zurzach.\" \/>\n<meta property=\"og:url\" content=\"https:\/\/www.organisator.ch\/fr\/marketing\/2021-05-07\/mit-chamaeleon-strategie-gegen-die-corona-krise\/\" \/>\n<meta property=\"og:site_name\" content=\"Organisator\" \/>\n<meta property=\"article:publisher\" content=\"https:\/\/www.facebook.com\/OrganisatorFachmagazin\" \/>\n<meta property=\"article:published_time\" content=\"2021-05-07T06:17:28+00:00\" \/>\n<meta property=\"og:image\" content=\"https:\/\/www.organisator.ch\/wp-content\/uploads\/2021\/05\/Mit-Chamaeleon-Strategie-gegen-die-Corona-Krise-1_Organisator.jpg\" \/>\n\t<meta property=\"og:image:width\" content=\"680\" \/>\n\t<meta property=\"og:image:height\" content=\"449\" \/>\n\t<meta property=\"og:image:type\" content=\"image\/jpeg\" \/>\n<meta name=\"author\" content=\"thomas.berner\" \/>\n<meta name=\"twitter:card\" content=\"summary_large_image\" \/>\n<meta name=\"twitter:title\" content=\"Mit #Cham\u00e4leon-Strategie gegen die #Corona-Krise\" \/>\n<meta name=\"twitter:description\" content=\"Schnell und flexibel sich anpassen \u2013 das ist die #Cham\u00e4leon-Strategie. Wie diese funktioniert, zeigt etwa die #AnsatzWerbung GmbH in Bad Zurzach.\" \/>\n<meta name=\"twitter:image\" content=\"https:\/\/www.organisator.ch\/wp-content\/uploads\/2021\/05\/Mit-Chamaeleon-Strategie-gegen-die-Corona-Krise-1_Organisator.jpg\" \/>\n<script type=\"application\/ld+json\" class=\"yoast-schema-graph\">{\"@context\":\"https:\\\/\\\/schema.org\",\"@graph\":[{\"@type\":\"Article\",\"@id\":\"https:\\\/\\\/www.organisator.ch\\\/marketing\\\/2021-05-07\\\/mit-chamaeleon-strategie-gegen-die-corona-krise\\\/#article\",\"isPartOf\":{\"@id\":\"https:\\\/\\\/www.organisator.ch\\\/marketing\\\/2021-05-07\\\/mit-chamaeleon-strategie-gegen-die-corona-krise\\\/\"},\"author\":{\"name\":\"thomas.berner\",\"@id\":\"https:\\\/\\\/www.organisator.ch\\\/#\\\/schema\\\/person\\\/6f650f90b2842cd4c0cc334b4e36f67e\"},\"headline\":\"Mit Cham\u00e4leon-Strategie gegen die Corona-Krise\",\"datePublished\":\"2021-05-07T06:17:28+00:00\",\"mainEntityOfPage\":{\"@id\":\"https:\\\/\\\/www.organisator.ch\\\/marketing\\\/2021-05-07\\\/mit-chamaeleon-strategie-gegen-die-corona-krise\\\/\"},\"wordCount\":445,\"publisher\":{\"@id\":\"https:\\\/\\\/www.organisator.ch\\\/#organization\"},\"image\":{\"@id\":\"https:\\\/\\\/www.organisator.ch\\\/marketing\\\/2021-05-07\\\/mit-chamaeleon-strategie-gegen-die-corona-krise\\\/#primaryimage\"},\"thumbnailUrl\":\"https:\\\/\\\/www.organisator.ch\\\/wp-content\\\/uploads\\\/2021\\\/05\\\/Mit-Chamaeleon-Strategie-gegen-die-Corona-Krise-1_Organisator.jpg\",\"keywords\":[\"Coronavirus\",\"Management und Unternehmensf\u00fchrung\",\"Marketing\",\"Unternehmen\"],\"articleSection\":[\"MARKETING\"],\"inLanguage\":\"fr-FR\"},{\"@type\":\"WebPage\",\"@id\":\"https:\\\/\\\/www.organisator.ch\\\/marketing\\\/2021-05-07\\\/mit-chamaeleon-strategie-gegen-die-corona-krise\\\/\",\"url\":\"https:\\\/\\\/www.organisator.ch\\\/marketing\\\/2021-05-07\\\/mit-chamaeleon-strategie-gegen-die-corona-krise\\\/\",\"name\":\"Mit Cham\u00e4leon-Strategie gegen die Corona-Krise - Organisator\",\"isPartOf\":{\"@id\":\"https:\\\/\\\/www.organisator.ch\\\/#website\"},\"primaryImageOfPage\":{\"@id\":\"https:\\\/\\\/www.organisator.ch\\\/marketing\\\/2021-05-07\\\/mit-chamaeleon-strategie-gegen-die-corona-krise\\\/#primaryimage\"},\"image\":{\"@id\":\"https:\\\/\\\/www.organisator.ch\\\/marketing\\\/2021-05-07\\\/mit-chamaeleon-strategie-gegen-die-corona-krise\\\/#primaryimage\"},\"thumbnailUrl\":\"https:\\\/\\\/www.organisator.ch\\\/wp-content\\\/uploads\\\/2021\\\/05\\\/Mit-Chamaeleon-Strategie-gegen-die-Corona-Krise-1_Organisator.jpg\",\"datePublished\":\"2021-05-07T06:17:28+00:00\",\"description\":\"Schnell und flexibel sich anpassen \u2013 das ist die Cham\u00e4leon-Strategie. Wie diese funktioniert, zeigt etwa die Ansatz Werbung GmbH in Bad Zurzach.\",\"breadcrumb\":{\"@id\":\"https:\\\/\\\/www.organisator.ch\\\/marketing\\\/2021-05-07\\\/mit-chamaeleon-strategie-gegen-die-corona-krise\\\/#breadcrumb\"},\"inLanguage\":\"fr-FR\",\"potentialAction\":[{\"@type\":\"ReadAction\",\"target\":[\"https:\\\/\\\/www.organisator.ch\\\/marketing\\\/2021-05-07\\\/mit-chamaeleon-strategie-gegen-die-corona-krise\\\/\"]}]},{\"@type\":\"ImageObject\",\"inLanguage\":\"fr-FR\",\"@id\":\"https:\\\/\\\/www.organisator.ch\\\/marketing\\\/2021-05-07\\\/mit-chamaeleon-strategie-gegen-die-corona-krise\\\/#primaryimage\",\"url\":\"https:\\\/\\\/www.organisator.ch\\\/wp-content\\\/uploads\\\/2021\\\/05\\\/Mit-Chamaeleon-Strategie-gegen-die-Corona-Krise-1_Organisator.jpg\",\"contentUrl\":\"https:\\\/\\\/www.organisator.ch\\\/wp-content\\\/uploads\\\/2021\\\/05\\\/Mit-Chamaeleon-Strategie-gegen-die-Corona-Krise-1_Organisator.jpg\",\"width\":680,\"height\":449,\"caption\":\"Sich immer wieder an neue Situationen anpassen k\u00f6nnen: Darin besteht die Cham\u00e4leon-Strategie. (Bild: zVg \\\/ Ansatz Werbung)\"},{\"@type\":\"BreadcrumbList\",\"@id\":\"https:\\\/\\\/www.organisator.ch\\\/marketing\\\/2021-05-07\\\/mit-chamaeleon-strategie-gegen-die-corona-krise\\\/#breadcrumb\",\"itemListElement\":[{\"@type\":\"ListItem\",\"position\":1,\"name\":\"Home\",\"item\":\"https:\\\/\\\/www.organisator.ch\\\/\"},{\"@type\":\"ListItem\",\"position\":2,\"name\":\"Mit Cham\u00e4leon-Strategie gegen die Corona-Krise\"}]},{\"@type\":\"WebSite\",\"@id\":\"https:\\\/\\\/www.organisator.ch\\\/#website\",\"url\":\"https:\\\/\\\/www.organisator.ch\\\/\",\"name\":\"Organisator\",\"description\":\"Kompetent. Praxisnah. Der ORGANISATOR bereitet in 10 Ausgaben pro Jahr die wesentlichen Themen f\u00fcr F\u00fchrungskr\u00e4fte von KMU auf.\",\"publisher\":{\"@id\":\"https:\\\/\\\/www.organisator.ch\\\/#organization\"},\"potentialAction\":[{\"@type\":\"SearchAction\",\"target\":{\"@type\":\"EntryPoint\",\"urlTemplate\":\"https:\\\/\\\/www.organisator.ch\\\/?s={search_term_string}\"},\"query-input\":{\"@type\":\"PropertyValueSpecification\",\"valueRequired\":true,\"valueName\":\"search_term_string\"}}],\"inLanguage\":\"fr-FR\"},{\"@type\":\"Organization\",\"@id\":\"https:\\\/\\\/www.organisator.ch\\\/#organization\",\"name\":\"Organisator\",\"url\":\"https:\\\/\\\/www.organisator.ch\\\/\",\"logo\":{\"@type\":\"ImageObject\",\"inLanguage\":\"fr-FR\",\"@id\":\"https:\\\/\\\/www.organisator.ch\\\/#\\\/schema\\\/logo\\\/image\\\/\",\"url\":\"https:\\\/\\\/www.organisator.ch\\\/wp-content\\\/uploads\\\/2022\\\/01\\\/Logo_Organisator_Website.png\",\"contentUrl\":\"https:\\\/\\\/www.organisator.ch\\\/wp-content\\\/uploads\\\/2022\\\/01\\\/Logo_Organisator_Website.png\",\"width\":800,\"height\":77,\"caption\":\"Organisator\"},\"image\":{\"@id\":\"https:\\\/\\\/www.organisator.ch\\\/#\\\/schema\\\/logo\\\/image\\\/\"},\"sameAs\":[\"https:\\\/\\\/www.facebook.com\\\/OrganisatorFachmagazin\",\"https:\\\/\\\/www.linkedin.com\\\/showcase\\\/organisator-das-magazin-fr-kmu\",\"https:\\\/\\\/www.xing.com\\\/news\\\/pages\\\/organisator-ch-695\",\"https:\\\/\\\/www.youtube.com\\\/channel\\\/UCGP2Sq0iWaZwT3BdIAQFYpw\"]},{\"@type\":\"Person\",\"@id\":\"https:\\\/\\\/www.organisator.ch\\\/#\\\/schema\\\/person\\\/6f650f90b2842cd4c0cc334b4e36f67e\",\"name\":\"thomas.berner\",\"image\":{\"@type\":\"ImageObject\",\"inLanguage\":\"fr-FR\",\"@id\":\"https:\\\/\\\/secure.gravatar.com\\\/avatar\\\/ac5001d2a36cb6c6cd3e50789007ffca834b477b74a2144564522e944eabff61?s=96&d=mm&r=g\",\"url\":\"https:\\\/\\\/secure.gravatar.com\\\/avatar\\\/ac5001d2a36cb6c6cd3e50789007ffca834b477b74a2144564522e944eabff61?s=96&d=mm&r=g\",\"contentUrl\":\"https:\\\/\\\/secure.gravatar.com\\\/avatar\\\/ac5001d2a36cb6c6cd3e50789007ffca834b477b74a2144564522e944eabff61?s=96&d=mm&r=g\",\"caption\":\"thomas.berner\"},\"url\":\"https:\\\/\\\/www.organisator.ch\\\/fr\\\/author\\\/thomas-berner\\\/\"}]}<\/script>\n<!-- \/ Yoast SEO plugin. -->","yoast_head_json":{"title":"Une strat\u00e9gie cam\u00e9l\u00e9on contre la crise de la couronne - Organisateur","description":"S'adapter rapidement et de mani\u00e8re flexible - c'est la strat\u00e9gie du cam\u00e9l\u00e9on. L'entreprise Ansatz Werbung GmbH \u00e0 Bad Zurzach montre par exemple comment elle fonctionne.","robots":{"index":"index","follow":"follow","max-snippet":"max-snippet:-1","max-image-preview":"max-image-preview:large","max-video-preview":"max-video-preview:-1"},"canonical":"https:\/\/www.organisator.ch\/fr\/marketing\/2021-05-07\/mit-chamaeleon-strategie-gegen-die-corona-krise\/","og_locale":"fr_FR","og_type":"article","og_title":"Mit Cham\u00e4leon-Strategie gegen die Corona-Krise","og_description":"Schnell und flexibel sich anpassen \u2013 das ist die Cham\u00e4leon-Strategie. Wie diese funktioniert, zeigt etwa die Ansatz Werbung GmbH in Bad Zurzach.","og_url":"https:\/\/www.organisator.ch\/fr\/marketing\/2021-05-07\/mit-chamaeleon-strategie-gegen-die-corona-krise\/","og_site_name":"Organisator","article_publisher":"https:\/\/www.facebook.com\/OrganisatorFachmagazin","article_published_time":"2021-05-07T06:17:28+00:00","og_image":[{"width":680,"height":449,"url":"https:\/\/www.organisator.ch\/wp-content\/uploads\/2021\/05\/Mit-Chamaeleon-Strategie-gegen-die-Corona-Krise-1_Organisator.jpg","type":"image\/jpeg"}],"author":"thomas.berner","twitter_card":"summary_large_image","twitter_title":"Mit #Cham\u00e4leon-Strategie gegen die #Corona-Krise","twitter_description":"Schnell und flexibel sich anpassen \u2013 das ist die #Cham\u00e4leon-Strategie. Wie diese funktioniert, zeigt etwa die #AnsatzWerbung GmbH in Bad Zurzach.","twitter_image":"https:\/\/www.organisator.ch\/wp-content\/uploads\/2021\/05\/Mit-Chamaeleon-Strategie-gegen-die-Corona-Krise-1_Organisator.jpg","schema":{"@context":"https:\/\/schema.org","@graph":[{"@type":"Article","@id":"https:\/\/www.organisator.ch\/marketing\/2021-05-07\/mit-chamaeleon-strategie-gegen-die-corona-krise\/#article","isPartOf":{"@id":"https:\/\/www.organisator.ch\/marketing\/2021-05-07\/mit-chamaeleon-strategie-gegen-die-corona-krise\/"},"author":{"name":"thomas.berner","@id":"https:\/\/www.organisator.ch\/#\/schema\/person\/6f650f90b2842cd4c0cc334b4e36f67e"},"headline":"Mit Cham\u00e4leon-Strategie gegen die Corona-Krise","datePublished":"2021-05-07T06:17:28+00:00","mainEntityOfPage":{"@id":"https:\/\/www.organisator.ch\/marketing\/2021-05-07\/mit-chamaeleon-strategie-gegen-die-corona-krise\/"},"wordCount":445,"publisher":{"@id":"https:\/\/www.organisator.ch\/#organization"},"image":{"@id":"https:\/\/www.organisator.ch\/marketing\/2021-05-07\/mit-chamaeleon-strategie-gegen-die-corona-krise\/#primaryimage"},"thumbnailUrl":"https:\/\/www.organisator.ch\/wp-content\/uploads\/2021\/05\/Mit-Chamaeleon-Strategie-gegen-die-Corona-Krise-1_Organisator.jpg","keywords":["Coronavirus","Management und Unternehmensf\u00fchrung","Marketing","Unternehmen"],"articleSection":["MARKETING"],"inLanguage":"fr-FR"},{"@type":"WebPage","@id":"https:\/\/www.organisator.ch\/marketing\/2021-05-07\/mit-chamaeleon-strategie-gegen-die-corona-krise\/","url":"https:\/\/www.organisator.ch\/marketing\/2021-05-07\/mit-chamaeleon-strategie-gegen-die-corona-krise\/","name":"Une strat\u00e9gie cam\u00e9l\u00e9on contre la crise de la couronne - Organisateur","isPartOf":{"@id":"https:\/\/www.organisator.ch\/#website"},"primaryImageOfPage":{"@id":"https:\/\/www.organisator.ch\/marketing\/2021-05-07\/mit-chamaeleon-strategie-gegen-die-corona-krise\/#primaryimage"},"image":{"@id":"https:\/\/www.organisator.ch\/marketing\/2021-05-07\/mit-chamaeleon-strategie-gegen-die-corona-krise\/#primaryimage"},"thumbnailUrl":"https:\/\/www.organisator.ch\/wp-content\/uploads\/2021\/05\/Mit-Chamaeleon-Strategie-gegen-die-Corona-Krise-1_Organisator.jpg","datePublished":"2021-05-07T06:17:28+00:00","description":"S'adapter rapidement et de mani\u00e8re flexible - c'est la strat\u00e9gie du cam\u00e9l\u00e9on. L'entreprise Ansatz Werbung GmbH \u00e0 Bad Zurzach montre par exemple comment elle fonctionne.","breadcrumb":{"@id":"https:\/\/www.organisator.ch\/marketing\/2021-05-07\/mit-chamaeleon-strategie-gegen-die-corona-krise\/#breadcrumb"},"inLanguage":"fr-FR","potentialAction":[{"@type":"ReadAction","target":["https:\/\/www.organisator.ch\/marketing\/2021-05-07\/mit-chamaeleon-strategie-gegen-die-corona-krise\/"]}]},{"@type":"ImageObject","inLanguage":"fr-FR","@id":"https:\/\/www.organisator.ch\/marketing\/2021-05-07\/mit-chamaeleon-strategie-gegen-die-corona-krise\/#primaryimage","url":"https:\/\/www.organisator.ch\/wp-content\/uploads\/2021\/05\/Mit-Chamaeleon-Strategie-gegen-die-Corona-Krise-1_Organisator.jpg","contentUrl":"https:\/\/www.organisator.ch\/wp-content\/uploads\/2021\/05\/Mit-Chamaeleon-Strategie-gegen-die-Corona-Krise-1_Organisator.jpg","width":680,"height":449,"caption":"Sich immer wieder an neue Situationen anpassen k\u00f6nnen: Darin besteht die Cham\u00e4leon-Strategie. (Bild: zVg \/ Ansatz Werbung)"},{"@type":"BreadcrumbList","@id":"https:\/\/www.organisator.ch\/marketing\/2021-05-07\/mit-chamaeleon-strategie-gegen-die-corona-krise\/#breadcrumb","itemListElement":[{"@type":"ListItem","position":1,"name":"Home","item":"https:\/\/www.organisator.ch\/"},{"@type":"ListItem","position":2,"name":"Mit Cham\u00e4leon-Strategie gegen die Corona-Krise"}]},{"@type":"WebSite","@id":"https:\/\/www.organisator.ch\/#website","url":"https:\/\/www.organisator.ch\/","name":"Organisateur","description":"Comp\u00e9tence et comp\u00e9tence. Proches de la pratique. L'ORGANISATEUR pr\u00e9pare 10 num\u00e9ros par an sur les th\u00e8mes essentiels pour les dirigeants de PME.","publisher":{"@id":"https:\/\/www.organisator.ch\/#organization"},"potentialAction":[{"@type":"SearchAction","target":{"@type":"EntryPoint","urlTemplate":"https:\/\/www.organisator.ch\/?s={search_term_string}"},"query-input":{"@type":"PropertyValueSpecification","valueRequired":true,"valueName":"search_term_string"}}],"inLanguage":"fr-FR"},{"@type":"Organization","@id":"https:\/\/www.organisator.ch\/#organization","name":"Organisateur","url":"https:\/\/www.organisator.ch\/","logo":{"@type":"ImageObject","inLanguage":"fr-FR","@id":"https:\/\/www.organisator.ch\/#\/schema\/logo\/image\/","url":"https:\/\/www.organisator.ch\/wp-content\/uploads\/2022\/01\/Logo_Organisator_Website.png","contentUrl":"https:\/\/www.organisator.ch\/wp-content\/uploads\/2022\/01\/Logo_Organisator_Website.png","width":800,"height":77,"caption":"Organisator"},"image":{"@id":"https:\/\/www.organisator.ch\/#\/schema\/logo\/image\/"},"sameAs":["https:\/\/www.facebook.com\/OrganisatorFachmagazin","https:\/\/www.linkedin.com\/showcase\/organisator-das-magazin-fr-kmu","https:\/\/www.xing.com\/news\/pages\/organisator-ch-695","https:\/\/www.youtube.com\/channel\/UCGP2Sq0iWaZwT3BdIAQFYpw"]},{"@type":"Person","@id":"https:\/\/www.organisator.ch\/#\/schema\/person\/6f650f90b2842cd4c0cc334b4e36f67e","name":"thomas.berner","image":{"@type":"ImageObject","inLanguage":"fr-FR","@id":"https:\/\/secure.gravatar.com\/avatar\/ac5001d2a36cb6c6cd3e50789007ffca834b477b74a2144564522e944eabff61?s=96&d=mm&r=g","url":"https:\/\/secure.gravatar.com\/avatar\/ac5001d2a36cb6c6cd3e50789007ffca834b477b74a2144564522e944eabff61?s=96&d=mm&r=g","contentUrl":"https:\/\/secure.gravatar.com\/avatar\/ac5001d2a36cb6c6cd3e50789007ffca834b477b74a2144564522e944eabff61?s=96&d=mm&r=g","caption":"thomas.berner"},"url":"https:\/\/www.organisator.ch\/fr\/author\/thomas-berner\/"}]}},"_links":{"self":[{"href":"https:\/\/www.organisator.ch\/fr\/wp-json\/wp\/v2\/posts\/8006","targetHints":{"allow":["GET"]}}],"collection":[{"href":"https:\/\/www.organisator.ch\/fr\/wp-json\/wp\/v2\/posts"}],"about":[{"href":"https:\/\/www.organisator.ch\/fr\/wp-json\/wp\/v2\/types\/post"}],"author":[{"embeddable":true,"href":"https:\/\/www.organisator.ch\/fr\/wp-json\/wp\/v2\/users\/4"}],"replies":[{"embeddable":true,"href":"https:\/\/www.organisator.ch\/fr\/wp-json\/wp\/v2\/comments?post=8006"}],"version-history":[{"count":0,"href":"https:\/\/www.organisator.ch\/fr\/wp-json\/wp\/v2\/posts\/8006\/revisions"}],"wp:featuredmedia":[{"embeddable":true,"href":"https:\/\/www.organisator.ch\/fr\/wp-json\/wp\/v2\/media\/8007"}],"wp:attachment":[{"href":"https:\/\/www.organisator.ch\/fr\/wp-json\/wp\/v2\/media?parent=8006"}],"wp:term":[{"taxonomy":"category","embeddable":true,"href":"https:\/\/www.organisator.ch\/fr\/wp-json\/wp\/v2\/categories?post=8006"},{"taxonomy":"post_tag","embeddable":true,"href":"https:\/\/www.organisator.ch\/fr\/wp-json\/wp\/v2\/tags?post=8006"}],"curies":[{"name":"wp","href":"https:\/\/api.w.org\/{rel}","templated":true}]}}