{"id":8021,"date":"2021-05-12T09:48:14","date_gmt":"2021-05-12T07:48:14","guid":{"rendered":"https:\/\/www.organisator.ch\/?p=8021"},"modified":"2021-05-12T09:48:14","modified_gmt":"2021-05-12T07:48:14","slug":"karriereplanung-weshalb-sich-weiterbildung-lohnt","status":"publish","type":"post","link":"https:\/\/www.organisator.ch\/fr\/weiterbildung\/2021-05-12\/karriereplanung-weshalb-sich-weiterbildung-lohnt\/","title":{"rendered":"Planification de carri\u00e8re : pourquoi la formation continue vaut-elle la peine ?"},"content":{"rendered":"<figure id=\"attachment_8025\" aria-describedby=\"caption-attachment-8025\" style=\"width: 680px\" class=\"wp-caption alignnone\"><img loading=\"lazy\" decoding=\"async\" class=\"size-medium wp-image-8025\" src=\"https:\/\/www.organisator.ch\/wp-content\/uploads\/2021\/05\/Karriereplanung-Weshalb-sich-Weiterbildung-lohnt_Organisator.jpg\" alt=\"\" width=\"680\" height=\"481\" srcset=\"https:\/\/www.organisator.ch\/wp-content\/uploads\/2021\/05\/Karriereplanung-Weshalb-sich-Weiterbildung-lohnt_Organisator.jpg 680w, https:\/\/www.organisator.ch\/wp-content\/uploads\/2021\/05\/Karriereplanung-Weshalb-sich-Weiterbildung-lohnt_Organisator-16x12.jpg 16w, https:\/\/www.organisator.ch\/wp-content\/uploads\/2021\/05\/Karriereplanung-Weshalb-sich-Weiterbildung-lohnt_Organisator-247x175.jpg 247w, https:\/\/www.organisator.ch\/wp-content\/uploads\/2021\/05\/Karriereplanung-Weshalb-sich-Weiterbildung-lohnt_Organisator-495x350.jpg 495w, https:\/\/www.organisator.ch\/wp-content\/uploads\/2021\/05\/Karriereplanung-Weshalb-sich-Weiterbildung-lohnt_Organisator-300x212.jpg 300w\" sizes=\"auto, (max-width: 680px) 100vw, 680px\" \/><figcaption id=\"caption-attachment-8025\" class=\"wp-caption-text\">Pas \u00e0 pas vers le haut : La formation continue s'av\u00e8re \u00eatre une partie gratifiante de la planification de carri\u00e8re. (Image : Pixabay.com)<\/figcaption><\/figure>\n<p>La formation continue vaut la peine pour son propre plan de carri\u00e8re - \u00e9galement en ce qui concerne le salaire : le salaire m\u00e9dian des 13'000 dipl\u00f4m\u00e9-e-s des hautes \u00e9coles sp\u00e9cialis\u00e9es qui ont particip\u00e9 \u00e0 l'\u00e9tude salariale 2021 de FH Suisse est de 99'450 francs par an. 97 pour cent des personnes interrog\u00e9es ont au moins pu maintenir leur niveau de salaire, 48 pour cent l'ont m\u00eame augment\u00e9. Dans presque toutes les branches, les \u00e9conomistes gagnent plus que les dipl\u00f4m\u00e9-e-s HES d'autres domaines. Les secteurs les plus lucratifs sont la pharmacie, la chimie ainsi que la finance et les assurances. Le lieu de travail influence \u00e9galement le salaire : Zurich est en t\u00eate avec un salaire m\u00e9dian de 108'000 francs par an, suivi des autres cantons al\u00e9maniques et de l'\u00e9tranger avec un salaire m\u00e9dian d'environ 100'000 francs par an.<\/p>\n<h2><strong>La majorit\u00e9 des dipl\u00f4m\u00e9s HES interrog\u00e9s sont des cadres<\/strong><\/h2>\n<p>Bien que plus de 70% des participants \u00e0 l'\u00e9tude aient moins de 40 ans, pr\u00e8s de 60% de toutes les personnes interrog\u00e9es occupent une fonction de cadre. Ils gagnent entre 101'000 et 133'000 francs par an. \"Cette \u00e9tude confirme une fois de plus que les dipl\u00f4m\u00e9-e-s des hautes \u00e9coles sp\u00e9cialis\u00e9es jouent un r\u00f4le porteur dans la soci\u00e9t\u00e9 et l'\u00e9conomie\", d\u00e9clare Toni Schmid, directeur de FH Suisse. Plus ils sont \u00e2g\u00e9s, plus les dipl\u00f4m\u00e9s des HES ont tendance \u00e0 occuper un poste de cadre sup\u00e9rieur. En cons\u00e9quence, le salaire m\u00e9dian augmente continuellement avec l'\u00e2ge.<\/p>\n<table>\n<tbody>\n<tr>\n<td width=\"604\">\n<table width=\"549\">\n<tbody>\n<tr>\n<td colspan=\"2\" width=\"236\"><strong>Structure d'\u00e2ge des participants<\/strong><\/td>\n<td width=\"21\"><strong>\u00a0<\/strong><\/td>\n<td colspan=\"2\" width=\"293\"><strong>Salaires par \u00e2ge (m\u00e9diane\/ann\u00e9e en francs)<\/strong><\/td>\n<\/tr>\n<tr>\n<td width=\"127\">jusqu'\u00e0 30 ans<\/td>\n<td width=\"108\">35.2%<\/td>\n<td width=\"21\">&nbsp;<\/td>\n<td width=\"151\">jusqu'\u00e0 30 ans<\/td>\n<td width=\"142\">81'900<\/td>\n<\/tr>\n<tr>\n<td width=\"127\">31 \u00e0 40 ans<\/td>\n<td width=\"108\">36.9%<\/td>\n<td width=\"21\">&nbsp;<\/td>\n<td width=\"151\">31 \u00e0 40 ans<\/td>\n<td width=\"142\">101'500<\/td>\n<\/tr>\n<tr>\n<td width=\"127\">41 \u00e0 50 ans<\/td>\n<td width=\"108\">16.4%<\/td>\n<td width=\"21\">&nbsp;<\/td>\n<td width=\"151\">41 \u00e0 50 ans<\/td>\n<td width=\"142\">130'000<\/td>\n<\/tr>\n<tr>\n<td width=\"127\">51 \u00e0 60 ans<\/td>\n<td width=\"108\">9.9%<\/td>\n<td width=\"21\">&nbsp;<\/td>\n<td width=\"151\">51 \u00e0 60 ans<\/td>\n<td width=\"142\">135'200<\/td>\n<\/tr>\n<tr>\n<td width=\"127\">plus de 60 ans<\/td>\n<td width=\"108\">1.6%<\/td>\n<td width=\"21\">&nbsp;<\/td>\n<td width=\"151\">plus de 60 ans<\/td>\n<td width=\"142\">138'125<\/td>\n<\/tr>\n<\/tbody>\n<\/table>\n<\/td>\n<\/tr>\n<\/tbody>\n<\/table>\n<h2><\/h2>\n<h2><strong>La formation continue est donc un atout pour la planification de carri\u00e8re<\/strong><\/h2>\n<p>Les participants \u00e0 l'\u00e9tude ayant suivi une formation continue de type master (MAS) occupent plus souvent (plus de 80%) une fonction de cadre que ceux ayant obtenu un autre dipl\u00f4me, plus de 25% occupant m\u00eame une fonction de cadre sup\u00e9rieur. Parall\u00e8lement, ce sont les titulaires d'un MAS qui gagnent nettement le plus : Leur salaire m\u00e9dian s'\u00e9l\u00e8ve \u00e0 133'000 francs par an. De tr\u00e8s nombreuses personnes pr\u00e9voient une formation continue dans un avenir proche. Le plus souvent, il s'agit d'un CAS (35 %), mais les MAS, MBA et EMBA, qui demandent beaucoup plus de temps, sont \u00e9galement appr\u00e9ci\u00e9s (pr\u00e8s de 20 %). La demande de formation continue reste donc \u00e9lev\u00e9e.<\/p>\n<table style=\"width: 53.2788%;\" width=\"313\">\n<tbody>\n<tr>\n<td style=\"width: 121.104%;\" colspan=\"2\" width=\"313\"><strong>Formation continue pr\u00e9vue<\/strong><\/td>\n<\/tr>\n<tr>\n<td style=\"width: 65.5844%;\" width=\"199\">CAS, DAS<\/td>\n<td style=\"width: 55.5195%;\" width=\"113\">35.3%<\/td>\n<\/tr>\n<tr>\n<td style=\"width: 65.5844%;\" width=\"199\">Cours sp\u00e9cialis\u00e9s\/de gestion<\/td>\n<td style=\"width: 55.5195%;\" width=\"113\">17.1%<\/td>\n<\/tr>\n<tr>\n<td style=\"width: 65.5844%;\" width=\"199\">Dipl\u00f4me f\u00e9d\u00e9ral sup\u00e9rieur<\/td>\n<td style=\"width: 55.5195%;\" width=\"113\">2.2%<\/td>\n<\/tr>\n<tr>\n<td style=\"width: 65.5844%;\" width=\"199\">MAS, MBA, EMBA<\/td>\n<td style=\"width: 55.5195%;\" width=\"113\">18.1%<\/td>\n<\/tr>\n<tr>\n<td style=\"width: 65.5844%;\" width=\"199\">MSc, MA<\/td>\n<td style=\"width: 55.5195%;\" width=\"113\">2.9%<\/td>\n<\/tr>\n<tr>\n<td style=\"width: 65.5844%;\" width=\"199\">D\u00e9veloppement personnel<\/td>\n<td style=\"width: 55.5195%;\" width=\"113\">12.3%<\/td>\n<\/tr>\n<tr>\n<td style=\"width: 65.5844%;\" width=\"199\">Langue\/s\u00e9jour \u00e0 l'\u00e9tranger<\/td>\n<td style=\"width: 55.5195%;\" width=\"113\">14.8%<\/td>\n<\/tr>\n<tr>\n<td style=\"width: 65.5844%;\" width=\"199\">Pas de<\/td>\n<td style=\"width: 55.5195%;\" width=\"113\">30.5%<\/td>\n<\/tr>\n<\/tbody>\n<\/table>\n<p>&nbsp;<\/p>\n<h2><strong>L'employabilit\u00e9 reste \u00e9lev\u00e9e<\/strong><\/h2>\n<p>L'estimation des participants \u00e0 l'\u00e9tude selon laquelle ils trouveraient un emploi ou un emploi \u00e9quivalent dans les six mois diminue l\u00e9g\u00e8rement par rapport \u00e0 l'estimation des participants \u00e0 l'\u00e9tude de 2019. N\u00e9anmoins, la majorit\u00e9 pense toujours qu'ils trouveraient un emploi \u00e9quivalent. Chez les personnes de plus de 50 ans, l'\u00e9valuation de leur propre capacit\u00e9 \u00e0 int\u00e9grer le march\u00e9 du travail diminue nettement.<\/p>\n<h2><strong>Comp\u00e9tences demand\u00e9es actuellement et \u00e0 l'avenir<\/strong><\/h2>\n<p>Cette ann\u00e9e, en collaboration avec la ZGP, Z\u00fcrcher Gesellschaft f\u00fcr Personal-Management, des questions sur les comp\u00e9tences actuelles et futures demand\u00e9es ont \u00e9t\u00e9 int\u00e9gr\u00e9es en plus des salaires. 10 000 personnes issues de diff\u00e9rents milieux de formation ont fait part de leurs estimations. Les comp\u00e9tences que les travailleurs consid\u00e8rent aujourd'hui comme importantes le resteront dans cinq ans. N\u00e9anmoins, la tendance suivante se d\u00e9gage : les connaissances sp\u00e9cialis\u00e9es sont jug\u00e9es tr\u00e8s importantes aujourd'hui. Les personnes interrog\u00e9es pensent toutefois que l'importance des connaissances techniques diminuera au cours des cinq prochaines ann\u00e9es. En revanche, ils s'attendent \u00e0 ce que les comp\u00e9tences m\u00e9thodologiques et sociales gagnent en importance. Ils sont 80% \u00e0 se sentir responsables de l'acquisition des comp\u00e9tences. Pour ce qui est des comp\u00e9tences de direction, les personnes interrog\u00e9es estiment que l'employeur est le plus souvent responsable. Le coaching, le mentoring et la formation continue sont mis en avant comme m\u00e9thodes appropri\u00e9es pour l'acquisition des comp\u00e9tences.<\/p>\n<h2><strong>Des informations vari\u00e9es compl\u00e8tent le plan de carri\u00e8re<\/strong><\/h2>\n<p>D'autres r\u00e9sultats de l'\u00e9tude salariale FH sont disponibles sur <a href=\"http:\/\/www.fhlohn.ch\">www.fhlohn.ch<\/a> peut \u00eatre consult\u00e9 moyennant paiement. Le site donne acc\u00e8s \u00e0 un nombre illimit\u00e9 de salaires de r\u00e9f\u00e9rence. Un masque de saisie permet d'affiner les profils salariaux selon des crit\u00e8res tels que l'\u00e2ge, le type de dipl\u00f4me, le secteur, la fili\u00e8re, la r\u00e9gion et d'autres param\u00e8tres. \"Ces salaires de r\u00e9f\u00e9rence sont parfaitement \u00e0 jour et, gr\u00e2ce aux nombreuses donn\u00e9es, tr\u00e8s pertinents. C'est unique\", d\u00e9clare Susanne Baldinger, responsable de projet de l'\u00e9tude salariale FH.<\/p>\n<p><em>Source : <a href=\"http:\/\/www.fhschweiz.ch\">FH Suisse<\/a><\/em><\/p>","protected":false},"excerpt":{"rendered":"<p>Weiterbildung lohnt sich f\u00fcr die eigene Karriereplanung &#8211; auch in Bezug auf das Sal\u00e4r: Der Medianlohn der 13&#8217;000 Fachhochschul-Absolventinnen und -Absolventen, die an der Lohnstudie 2021 von FH Schweiz teilgenommen haben, liegt bei 99\u2019450 Franken pro Jahr. 97 Prozent der Befragten konnten ihr Lohnniveau mindestens halten, 48 Prozent sogar steigern. Die \u00d6konomen verdienen in fast [&hellip;]<\/p>\n","protected":false},"author":4,"featured_media":8025,"comment_status":"closed","ping_status":"closed","sticky":false,"template":"","format":"standard","meta":{"_acf_changed":false,"_yoast_wpseo_focuskw":"Karriereplanung","_yoast_wpseo_metadesc":"Die diesj\u00e4hrige Lohn- und Kompetenzstudie von FH Schweiz zeigt: Die Weiterbildung als Teil der Karriereplanung lohnt sich - auch im Portemonnaie.","articlekey":"","footnotes":""},"categories":[30],"tags":[62,254,294,329,459],"class_list":["post-8021","post","type-post","status-publish","format-standard","has-post-thumbnail","hentry","category-weiterbildung","tag-aus-weiterbildung","tag-hrm","tag-karriere","tag-loehne","tag-studie"],"acf":[],"yoast_head":"<!-- This site is optimized with the Yoast SEO plugin v27.5 - https:\/\/yoast.com\/product\/yoast-seo-wordpress\/ -->\n<title>Karriereplanung: Weshalb sich Weiterbildung lohnt - Organisator<\/title>\n<meta name=\"description\" content=\"Die diesj\u00e4hrige Lohn- und Kompetenzstudie von FH Schweiz zeigt: Die Weiterbildung als Teil der Karriereplanung lohnt sich - auch im Portemonnaie.\" \/>\n<meta name=\"robots\" content=\"index, follow, max-snippet:-1, max-image-preview:large, max-video-preview:-1\" \/>\n<link rel=\"canonical\" href=\"https:\/\/www.organisator.ch\/fr\/formation-continue-2\/2021-05-12\/karriereplanung-weshalb-sich-weiterbildung-lohnt\/\" \/>\n<meta property=\"og:locale\" content=\"fr_FR\" \/>\n<meta property=\"og:type\" content=\"article\" \/>\n<meta property=\"og:title\" content=\"Karriereplanung: Weshalb sich Weiterbildung lohnt\" \/>\n<meta property=\"og:description\" content=\"Die diesj\u00e4hrige Lohn- und Kompetenzstudie von FH Schweiz zeigt: Die Weiterbildung als Teil der Karriereplanung lohnt sich - auch im Portemonnaie.\" \/>\n<meta property=\"og:url\" content=\"https:\/\/www.organisator.ch\/fr\/formation-continue-2\/2021-05-12\/karriereplanung-weshalb-sich-weiterbildung-lohnt\/\" \/>\n<meta property=\"og:site_name\" content=\"Organisator\" \/>\n<meta property=\"article:publisher\" content=\"https:\/\/www.facebook.com\/OrganisatorFachmagazin\" \/>\n<meta property=\"article:published_time\" content=\"2021-05-12T07:48:14+00:00\" \/>\n<meta property=\"og:image\" content=\"https:\/\/www.organisator.ch\/wp-content\/uploads\/2021\/05\/Karriereplanung-Weshalb-sich-Weiterbildung-lohnt_Organisator.jpg\" \/>\n\t<meta property=\"og:image:width\" content=\"680\" \/>\n\t<meta property=\"og:image:height\" content=\"481\" \/>\n\t<meta property=\"og:image:type\" content=\"image\/jpeg\" \/>\n<meta name=\"author\" content=\"thomas.berner\" \/>\n<meta name=\"twitter:card\" content=\"summary_large_image\" \/>\n<meta name=\"twitter:title\" content=\"#Karriereplanung: Weshalb sich #Weiterbildung lohnt\" \/>\n<meta name=\"twitter:description\" content=\"Die diesj\u00e4hrige Lohn- und #Kompetenzstudie von FH Schweiz zeigt: Die #Weiterbildung als Teil der #Karriereplanung lohnt sich - auch im Portemonnaie.\" \/>\n<meta name=\"twitter:image\" content=\"https:\/\/www.organisator.ch\/wp-content\/uploads\/2021\/05\/Karriereplanung-Weshalb-sich-Weiterbildung-lohnt_Organisator.jpg\" \/>\n<script type=\"application\/ld+json\" class=\"yoast-schema-graph\">{\"@context\":\"https:\\\/\\\/schema.org\",\"@graph\":[{\"@type\":\"Article\",\"@id\":\"https:\\\/\\\/www.organisator.ch\\\/weiterbildung\\\/2021-05-12\\\/karriereplanung-weshalb-sich-weiterbildung-lohnt\\\/#article\",\"isPartOf\":{\"@id\":\"https:\\\/\\\/www.organisator.ch\\\/weiterbildung\\\/2021-05-12\\\/karriereplanung-weshalb-sich-weiterbildung-lohnt\\\/\"},\"author\":{\"name\":\"thomas.berner\",\"@id\":\"https:\\\/\\\/www.organisator.ch\\\/#\\\/schema\\\/person\\\/6f650f90b2842cd4c0cc334b4e36f67e\"},\"headline\":\"Karriereplanung: Weshalb sich Weiterbildung lohnt\",\"datePublished\":\"2021-05-12T07:48:14+00:00\",\"mainEntityOfPage\":{\"@id\":\"https:\\\/\\\/www.organisator.ch\\\/weiterbildung\\\/2021-05-12\\\/karriereplanung-weshalb-sich-weiterbildung-lohnt\\\/\"},\"wordCount\":645,\"publisher\":{\"@id\":\"https:\\\/\\\/www.organisator.ch\\\/#organization\"},\"image\":{\"@id\":\"https:\\\/\\\/www.organisator.ch\\\/weiterbildung\\\/2021-05-12\\\/karriereplanung-weshalb-sich-weiterbildung-lohnt\\\/#primaryimage\"},\"thumbnailUrl\":\"https:\\\/\\\/www.organisator.ch\\\/wp-content\\\/uploads\\\/2021\\\/05\\\/Karriereplanung-Weshalb-sich-Weiterbildung-lohnt_Organisator.jpg\",\"keywords\":[\"Aus-\\\/Weiterbildung\",\"HRM\",\"Karriere\",\"L\u00f6hne\",\"Studie\"],\"articleSection\":[\"WEITERBILDUNG\"],\"inLanguage\":\"fr-FR\"},{\"@type\":\"WebPage\",\"@id\":\"https:\\\/\\\/www.organisator.ch\\\/weiterbildung\\\/2021-05-12\\\/karriereplanung-weshalb-sich-weiterbildung-lohnt\\\/\",\"url\":\"https:\\\/\\\/www.organisator.ch\\\/weiterbildung\\\/2021-05-12\\\/karriereplanung-weshalb-sich-weiterbildung-lohnt\\\/\",\"name\":\"Karriereplanung: Weshalb sich Weiterbildung lohnt - Organisator\",\"isPartOf\":{\"@id\":\"https:\\\/\\\/www.organisator.ch\\\/#website\"},\"primaryImageOfPage\":{\"@id\":\"https:\\\/\\\/www.organisator.ch\\\/weiterbildung\\\/2021-05-12\\\/karriereplanung-weshalb-sich-weiterbildung-lohnt\\\/#primaryimage\"},\"image\":{\"@id\":\"https:\\\/\\\/www.organisator.ch\\\/weiterbildung\\\/2021-05-12\\\/karriereplanung-weshalb-sich-weiterbildung-lohnt\\\/#primaryimage\"},\"thumbnailUrl\":\"https:\\\/\\\/www.organisator.ch\\\/wp-content\\\/uploads\\\/2021\\\/05\\\/Karriereplanung-Weshalb-sich-Weiterbildung-lohnt_Organisator.jpg\",\"datePublished\":\"2021-05-12T07:48:14+00:00\",\"description\":\"Die diesj\u00e4hrige Lohn- und Kompetenzstudie von FH Schweiz zeigt: Die Weiterbildung als Teil der Karriereplanung lohnt sich - auch im Portemonnaie.\",\"breadcrumb\":{\"@id\":\"https:\\\/\\\/www.organisator.ch\\\/weiterbildung\\\/2021-05-12\\\/karriereplanung-weshalb-sich-weiterbildung-lohnt\\\/#breadcrumb\"},\"inLanguage\":\"fr-FR\",\"potentialAction\":[{\"@type\":\"ReadAction\",\"target\":[\"https:\\\/\\\/www.organisator.ch\\\/weiterbildung\\\/2021-05-12\\\/karriereplanung-weshalb-sich-weiterbildung-lohnt\\\/\"]}]},{\"@type\":\"ImageObject\",\"inLanguage\":\"fr-FR\",\"@id\":\"https:\\\/\\\/www.organisator.ch\\\/weiterbildung\\\/2021-05-12\\\/karriereplanung-weshalb-sich-weiterbildung-lohnt\\\/#primaryimage\",\"url\":\"https:\\\/\\\/www.organisator.ch\\\/wp-content\\\/uploads\\\/2021\\\/05\\\/Karriereplanung-Weshalb-sich-Weiterbildung-lohnt_Organisator.jpg\",\"contentUrl\":\"https:\\\/\\\/www.organisator.ch\\\/wp-content\\\/uploads\\\/2021\\\/05\\\/Karriereplanung-Weshalb-sich-Weiterbildung-lohnt_Organisator.jpg\",\"width\":680,\"height\":481,\"caption\":\"Schritt f\u00fcr Schritt nach oben: Weiterbildung erweist sich als lohnender Teil der Karriereplanung. (Bild: Pixabay.com)\"},{\"@type\":\"BreadcrumbList\",\"@id\":\"https:\\\/\\\/www.organisator.ch\\\/weiterbildung\\\/2021-05-12\\\/karriereplanung-weshalb-sich-weiterbildung-lohnt\\\/#breadcrumb\",\"itemListElement\":[{\"@type\":\"ListItem\",\"position\":1,\"name\":\"Home\",\"item\":\"https:\\\/\\\/www.organisator.ch\\\/\"},{\"@type\":\"ListItem\",\"position\":2,\"name\":\"Karriereplanung: Weshalb sich Weiterbildung lohnt\"}]},{\"@type\":\"WebSite\",\"@id\":\"https:\\\/\\\/www.organisator.ch\\\/#website\",\"url\":\"https:\\\/\\\/www.organisator.ch\\\/\",\"name\":\"Organisator\",\"description\":\"Kompetent. Praxisnah. Der ORGANISATOR bereitet in 10 Ausgaben pro Jahr die wesentlichen Themen f\u00fcr F\u00fchrungskr\u00e4fte von KMU auf.\",\"publisher\":{\"@id\":\"https:\\\/\\\/www.organisator.ch\\\/#organization\"},\"potentialAction\":[{\"@type\":\"SearchAction\",\"target\":{\"@type\":\"EntryPoint\",\"urlTemplate\":\"https:\\\/\\\/www.organisator.ch\\\/?s={search_term_string}\"},\"query-input\":{\"@type\":\"PropertyValueSpecification\",\"valueRequired\":true,\"valueName\":\"search_term_string\"}}],\"inLanguage\":\"fr-FR\"},{\"@type\":\"Organization\",\"@id\":\"https:\\\/\\\/www.organisator.ch\\\/#organization\",\"name\":\"Organisator\",\"url\":\"https:\\\/\\\/www.organisator.ch\\\/\",\"logo\":{\"@type\":\"ImageObject\",\"inLanguage\":\"fr-FR\",\"@id\":\"https:\\\/\\\/www.organisator.ch\\\/#\\\/schema\\\/logo\\\/image\\\/\",\"url\":\"https:\\\/\\\/www.organisator.ch\\\/wp-content\\\/uploads\\\/2022\\\/01\\\/Logo_Organisator_Website.png\",\"contentUrl\":\"https:\\\/\\\/www.organisator.ch\\\/wp-content\\\/uploads\\\/2022\\\/01\\\/Logo_Organisator_Website.png\",\"width\":800,\"height\":77,\"caption\":\"Organisator\"},\"image\":{\"@id\":\"https:\\\/\\\/www.organisator.ch\\\/#\\\/schema\\\/logo\\\/image\\\/\"},\"sameAs\":[\"https:\\\/\\\/www.facebook.com\\\/OrganisatorFachmagazin\",\"https:\\\/\\\/www.linkedin.com\\\/showcase\\\/organisator-das-magazin-fr-kmu\",\"https:\\\/\\\/www.xing.com\\\/news\\\/pages\\\/organisator-ch-695\",\"https:\\\/\\\/www.youtube.com\\\/channel\\\/UCGP2Sq0iWaZwT3BdIAQFYpw\"]},{\"@type\":\"Person\",\"@id\":\"https:\\\/\\\/www.organisator.ch\\\/#\\\/schema\\\/person\\\/6f650f90b2842cd4c0cc334b4e36f67e\",\"name\":\"thomas.berner\",\"image\":{\"@type\":\"ImageObject\",\"inLanguage\":\"fr-FR\",\"@id\":\"https:\\\/\\\/secure.gravatar.com\\\/avatar\\\/ac5001d2a36cb6c6cd3e50789007ffca834b477b74a2144564522e944eabff61?s=96&d=mm&r=g\",\"url\":\"https:\\\/\\\/secure.gravatar.com\\\/avatar\\\/ac5001d2a36cb6c6cd3e50789007ffca834b477b74a2144564522e944eabff61?s=96&d=mm&r=g\",\"contentUrl\":\"https:\\\/\\\/secure.gravatar.com\\\/avatar\\\/ac5001d2a36cb6c6cd3e50789007ffca834b477b74a2144564522e944eabff61?s=96&d=mm&r=g\",\"caption\":\"thomas.berner\"},\"url\":\"https:\\\/\\\/www.organisator.ch\\\/fr\\\/author\\\/thomas-berner\\\/\"}]}<\/script>\n<!-- \/ Yoast SEO plugin. -->","yoast_head_json":{"title":"Planification de carri\u00e8re : pourquoi la formation continue vaut la peine - Organisateur","description":"L'\u00e9tude sur les salaires et les comp\u00e9tences de FH Suisse de cette ann\u00e9e le montre : La formation continue en tant que partie int\u00e9grante du plan de carri\u00e8re est payante - \u00e9galement au niveau du porte-monnaie.","robots":{"index":"index","follow":"follow","max-snippet":"max-snippet:-1","max-image-preview":"max-image-preview:large","max-video-preview":"max-video-preview:-1"},"canonical":"https:\/\/www.organisator.ch\/fr\/formation-continue-2\/2021-05-12\/karriereplanung-weshalb-sich-weiterbildung-lohnt\/","og_locale":"fr_FR","og_type":"article","og_title":"Karriereplanung: Weshalb sich Weiterbildung lohnt","og_description":"Die diesj\u00e4hrige Lohn- und Kompetenzstudie von FH Schweiz zeigt: Die Weiterbildung als Teil der Karriereplanung lohnt sich - auch im Portemonnaie.","og_url":"https:\/\/www.organisator.ch\/fr\/formation-continue-2\/2021-05-12\/karriereplanung-weshalb-sich-weiterbildung-lohnt\/","og_site_name":"Organisator","article_publisher":"https:\/\/www.facebook.com\/OrganisatorFachmagazin","article_published_time":"2021-05-12T07:48:14+00:00","og_image":[{"width":680,"height":481,"url":"https:\/\/www.organisator.ch\/wp-content\/uploads\/2021\/05\/Karriereplanung-Weshalb-sich-Weiterbildung-lohnt_Organisator.jpg","type":"image\/jpeg"}],"author":"thomas.berner","twitter_card":"summary_large_image","twitter_title":"#Karriereplanung: Weshalb sich #Weiterbildung lohnt","twitter_description":"Die diesj\u00e4hrige Lohn- und #Kompetenzstudie von FH Schweiz zeigt: Die #Weiterbildung als Teil der #Karriereplanung lohnt sich - auch im Portemonnaie.","twitter_image":"https:\/\/www.organisator.ch\/wp-content\/uploads\/2021\/05\/Karriereplanung-Weshalb-sich-Weiterbildung-lohnt_Organisator.jpg","schema":{"@context":"https:\/\/schema.org","@graph":[{"@type":"Article","@id":"https:\/\/www.organisator.ch\/weiterbildung\/2021-05-12\/karriereplanung-weshalb-sich-weiterbildung-lohnt\/#article","isPartOf":{"@id":"https:\/\/www.organisator.ch\/weiterbildung\/2021-05-12\/karriereplanung-weshalb-sich-weiterbildung-lohnt\/"},"author":{"name":"thomas.berner","@id":"https:\/\/www.organisator.ch\/#\/schema\/person\/6f650f90b2842cd4c0cc334b4e36f67e"},"headline":"Karriereplanung: Weshalb sich Weiterbildung lohnt","datePublished":"2021-05-12T07:48:14+00:00","mainEntityOfPage":{"@id":"https:\/\/www.organisator.ch\/weiterbildung\/2021-05-12\/karriereplanung-weshalb-sich-weiterbildung-lohnt\/"},"wordCount":645,"publisher":{"@id":"https:\/\/www.organisator.ch\/#organization"},"image":{"@id":"https:\/\/www.organisator.ch\/weiterbildung\/2021-05-12\/karriereplanung-weshalb-sich-weiterbildung-lohnt\/#primaryimage"},"thumbnailUrl":"https:\/\/www.organisator.ch\/wp-content\/uploads\/2021\/05\/Karriereplanung-Weshalb-sich-Weiterbildung-lohnt_Organisator.jpg","keywords":["Aus-\/Weiterbildung","HRM","Karriere","L\u00f6hne","Studie"],"articleSection":["WEITERBILDUNG"],"inLanguage":"fr-FR"},{"@type":"WebPage","@id":"https:\/\/www.organisator.ch\/weiterbildung\/2021-05-12\/karriereplanung-weshalb-sich-weiterbildung-lohnt\/","url":"https:\/\/www.organisator.ch\/weiterbildung\/2021-05-12\/karriereplanung-weshalb-sich-weiterbildung-lohnt\/","name":"Planification de carri\u00e8re : pourquoi la formation continue vaut la peine - Organisateur","isPartOf":{"@id":"https:\/\/www.organisator.ch\/#website"},"primaryImageOfPage":{"@id":"https:\/\/www.organisator.ch\/weiterbildung\/2021-05-12\/karriereplanung-weshalb-sich-weiterbildung-lohnt\/#primaryimage"},"image":{"@id":"https:\/\/www.organisator.ch\/weiterbildung\/2021-05-12\/karriereplanung-weshalb-sich-weiterbildung-lohnt\/#primaryimage"},"thumbnailUrl":"https:\/\/www.organisator.ch\/wp-content\/uploads\/2021\/05\/Karriereplanung-Weshalb-sich-Weiterbildung-lohnt_Organisator.jpg","datePublished":"2021-05-12T07:48:14+00:00","description":"L'\u00e9tude sur les salaires et les comp\u00e9tences de FH Suisse de cette ann\u00e9e le montre : La formation continue en tant que partie int\u00e9grante du plan de carri\u00e8re est payante - \u00e9galement au niveau du porte-monnaie.","breadcrumb":{"@id":"https:\/\/www.organisator.ch\/weiterbildung\/2021-05-12\/karriereplanung-weshalb-sich-weiterbildung-lohnt\/#breadcrumb"},"inLanguage":"fr-FR","potentialAction":[{"@type":"ReadAction","target":["https:\/\/www.organisator.ch\/weiterbildung\/2021-05-12\/karriereplanung-weshalb-sich-weiterbildung-lohnt\/"]}]},{"@type":"ImageObject","inLanguage":"fr-FR","@id":"https:\/\/www.organisator.ch\/weiterbildung\/2021-05-12\/karriereplanung-weshalb-sich-weiterbildung-lohnt\/#primaryimage","url":"https:\/\/www.organisator.ch\/wp-content\/uploads\/2021\/05\/Karriereplanung-Weshalb-sich-Weiterbildung-lohnt_Organisator.jpg","contentUrl":"https:\/\/www.organisator.ch\/wp-content\/uploads\/2021\/05\/Karriereplanung-Weshalb-sich-Weiterbildung-lohnt_Organisator.jpg","width":680,"height":481,"caption":"Schritt f\u00fcr Schritt nach oben: Weiterbildung erweist sich als lohnender Teil der Karriereplanung. (Bild: Pixabay.com)"},{"@type":"BreadcrumbList","@id":"https:\/\/www.organisator.ch\/weiterbildung\/2021-05-12\/karriereplanung-weshalb-sich-weiterbildung-lohnt\/#breadcrumb","itemListElement":[{"@type":"ListItem","position":1,"name":"Home","item":"https:\/\/www.organisator.ch\/"},{"@type":"ListItem","position":2,"name":"Karriereplanung: Weshalb sich Weiterbildung lohnt"}]},{"@type":"WebSite","@id":"https:\/\/www.organisator.ch\/#website","url":"https:\/\/www.organisator.ch\/","name":"Organisateur","description":"Comp\u00e9tence et comp\u00e9tence. Proches de la pratique. L'ORGANISATEUR pr\u00e9pare 10 num\u00e9ros par an sur les th\u00e8mes essentiels pour les dirigeants de PME.","publisher":{"@id":"https:\/\/www.organisator.ch\/#organization"},"potentialAction":[{"@type":"SearchAction","target":{"@type":"EntryPoint","urlTemplate":"https:\/\/www.organisator.ch\/?s={search_term_string}"},"query-input":{"@type":"PropertyValueSpecification","valueRequired":true,"valueName":"search_term_string"}}],"inLanguage":"fr-FR"},{"@type":"Organization","@id":"https:\/\/www.organisator.ch\/#organization","name":"Organisateur","url":"https:\/\/www.organisator.ch\/","logo":{"@type":"ImageObject","inLanguage":"fr-FR","@id":"https:\/\/www.organisator.ch\/#\/schema\/logo\/image\/","url":"https:\/\/www.organisator.ch\/wp-content\/uploads\/2022\/01\/Logo_Organisator_Website.png","contentUrl":"https:\/\/www.organisator.ch\/wp-content\/uploads\/2022\/01\/Logo_Organisator_Website.png","width":800,"height":77,"caption":"Organisator"},"image":{"@id":"https:\/\/www.organisator.ch\/#\/schema\/logo\/image\/"},"sameAs":["https:\/\/www.facebook.com\/OrganisatorFachmagazin","https:\/\/www.linkedin.com\/showcase\/organisator-das-magazin-fr-kmu","https:\/\/www.xing.com\/news\/pages\/organisator-ch-695","https:\/\/www.youtube.com\/channel\/UCGP2Sq0iWaZwT3BdIAQFYpw"]},{"@type":"Person","@id":"https:\/\/www.organisator.ch\/#\/schema\/person\/6f650f90b2842cd4c0cc334b4e36f67e","name":"thomas.berner","image":{"@type":"ImageObject","inLanguage":"fr-FR","@id":"https:\/\/secure.gravatar.com\/avatar\/ac5001d2a36cb6c6cd3e50789007ffca834b477b74a2144564522e944eabff61?s=96&d=mm&r=g","url":"https:\/\/secure.gravatar.com\/avatar\/ac5001d2a36cb6c6cd3e50789007ffca834b477b74a2144564522e944eabff61?s=96&d=mm&r=g","contentUrl":"https:\/\/secure.gravatar.com\/avatar\/ac5001d2a36cb6c6cd3e50789007ffca834b477b74a2144564522e944eabff61?s=96&d=mm&r=g","caption":"thomas.berner"},"url":"https:\/\/www.organisator.ch\/fr\/author\/thomas-berner\/"}]}},"_links":{"self":[{"href":"https:\/\/www.organisator.ch\/fr\/wp-json\/wp\/v2\/posts\/8021","targetHints":{"allow":["GET"]}}],"collection":[{"href":"https:\/\/www.organisator.ch\/fr\/wp-json\/wp\/v2\/posts"}],"about":[{"href":"https:\/\/www.organisator.ch\/fr\/wp-json\/wp\/v2\/types\/post"}],"author":[{"embeddable":true,"href":"https:\/\/www.organisator.ch\/fr\/wp-json\/wp\/v2\/users\/4"}],"replies":[{"embeddable":true,"href":"https:\/\/www.organisator.ch\/fr\/wp-json\/wp\/v2\/comments?post=8021"}],"version-history":[{"count":0,"href":"https:\/\/www.organisator.ch\/fr\/wp-json\/wp\/v2\/posts\/8021\/revisions"}],"wp:featuredmedia":[{"embeddable":true,"href":"https:\/\/www.organisator.ch\/fr\/wp-json\/wp\/v2\/media\/8025"}],"wp:attachment":[{"href":"https:\/\/www.organisator.ch\/fr\/wp-json\/wp\/v2\/media?parent=8021"}],"wp:term":[{"taxonomy":"category","embeddable":true,"href":"https:\/\/www.organisator.ch\/fr\/wp-json\/wp\/v2\/categories?post=8021"},{"taxonomy":"post_tag","embeddable":true,"href":"https:\/\/www.organisator.ch\/fr\/wp-json\/wp\/v2\/tags?post=8021"}],"curies":[{"name":"wp","href":"https:\/\/api.w.org\/{rel}","templated":true}]}}