{"id":8059,"date":"2021-05-26T17:33:30","date_gmt":"2021-05-26T15:33:30","guid":{"rendered":"https:\/\/www.organisator.ch\/?p=8059"},"modified":"2021-05-26T17:33:30","modified_gmt":"2021-05-26T15:33:30","slug":"gewinner-des-prix-svc-zentralschweiz-2020-renggli-ag-aus-sursee","status":"publish","type":"post","link":"https:\/\/www.organisator.ch\/fr\/management\/2021-05-26\/gewinner-des-prix-svc-zentralschweiz-2020-renggli-ag-aus-sursee\/","title":{"rendered":"Gagnant du Prix SVC Zentralschweiz 2020 : Renggli AG de Sursee"},"content":{"rendered":"<figure id=\"attachment_8065\" aria-describedby=\"caption-attachment-8065\" style=\"width: 680px\" class=\"wp-caption alignnone\"><img loading=\"lazy\" decoding=\"async\" class=\"size-medium wp-image-8065\" src=\"https:\/\/www.organisator.ch\/wp-content\/uploads\/2021\/05\/Gewinner-des-Prix-SVC-Zentralschweiz-2020-Renggli-AG-aus-Sursee-2_Organisator.jpg\" alt=\"\" width=\"680\" height=\"453\" srcset=\"https:\/\/www.organisator.ch\/wp-content\/uploads\/2021\/05\/Gewinner-des-Prix-SVC-Zentralschweiz-2020-Renggli-AG-aus-Sursee-2_Organisator.jpg 680w, https:\/\/www.organisator.ch\/wp-content\/uploads\/2021\/05\/Gewinner-des-Prix-SVC-Zentralschweiz-2020-Renggli-AG-aus-Sursee-2_Organisator-16x12.jpg 16w, https:\/\/www.organisator.ch\/wp-content\/uploads\/2021\/05\/Gewinner-des-Prix-SVC-Zentralschweiz-2020-Renggli-AG-aus-Sursee-2_Organisator-263x175.jpg 263w, https:\/\/www.organisator.ch\/wp-content\/uploads\/2021\/05\/Gewinner-des-Prix-SVC-Zentralschweiz-2020-Renggli-AG-aus-Sursee-2_Organisator-525x350.jpg 525w, https:\/\/www.organisator.ch\/wp-content\/uploads\/2021\/05\/Gewinner-des-Prix-SVC-Zentralschweiz-2020-Renggli-AG-aus-Sursee-2_Organisator-300x200.jpg 300w\" sizes=\"auto, (max-width: 680px) 100vw, 680px\" \/><figcaption id=\"caption-attachment-8065\" class=\"wp-caption-text\">Le gagnant du Prix SVC Zentralschweiz 2020 : Max Renggli, CEO &amp; pr\u00e9sident du CA de Renggli AG lors de la remise du prix au KKL Luzern. (SVC\/KEYSTONE\/Manuel Lopez)<\/figcaption><\/figure>\n<p>En fait, le Swiss Venture Club (SVC), une association ind\u00e9pendante \u00e0 but non lucratif visant \u00e0 promouvoir et \u00e0 soutenir les PME en Suisse, aurait voulu d\u00e9cerner le Prix SVC Zentralschweiz 2020 en juin 2020 d\u00e9j\u00e0. Mais la pand\u00e9mie est venue contrecarrer cette intention. Mais le moment \u00e9tait enfin venu : l'apr\u00e8s-midi du 26 mai 2021, l'animateur Nik Hartmann a accueilli les invit\u00e9s admis en direct au KKL Luzern ainsi que les plus de 180 spectateurs* du streaming en direct.<\/p>\n<h2>R\u00e9compenser l'\u00e9lite des PME<\/h2>\n<p>Selon le conseiller d'Etat uranais Urban Camenzind, pr\u00e9sident du jury, et le responsable r\u00e9gional SVC Christoph Baggenstos, il n'a jamais \u00e9t\u00e9 question d'un refus. Les six finalistes ont \u00e9galement fait l'objet d'une nouvelle v\u00e9rification afin de s'assurer qu'ils avaient conserv\u00e9 leur \"valeur de prix\" pendant la \"prolongation de la couronne\". Selon les indications du jury, rien n'a d\u00fb \u00eatre modifi\u00e9 dans le r\u00e9sultat - et les laur\u00e9ats ont pu \u00eatre tenus secrets jusqu'\u00e0 la fin. \"Nous r\u00e9compensons des entreprises qui font partie de l'\u00e9lite des PME suisses. Notre regard se porte sur des entreprises exemplaires qui cr\u00e9ent des emplois et contribuent \u00e0 fa\u00e7onner l'\u00e9conomie suisse. Avec le Prix SVC, nous offrons \u00e0 ces entreprises une plate-forme qui leur permet de montrer leur succ\u00e8s \u00e0 l'ext\u00e9rieur. Enfin, l'attention port\u00e9e \u00e0 nos laur\u00e9ats par le Prix SVC doit \u00eatre une source d'inspiration pour d'autres entreprises\", explique Baggenstos.<\/p>\n<h2>Six finalistes de haut niveau<\/h2>\n<p>Le jury a d\u00e9sign\u00e9 le laur\u00e9at du Prix SVC Zentralschweiz 2020 parmi les six finalistes suivants. Ces six entreprises ont \u00e9t\u00e9 nomin\u00e9es au terme d'un processus de s\u00e9lection en plusieurs \u00e9tapes parmi 120 entreprises de la r\u00e9gion :<\/p>\n<ul>\n<li><strong>allvisual ag, Steinhausen :<\/strong> Sur la base des meilleures pratiques, allvisual conseille et met en \u0153uvre des services et des solutions dans les domaines de la transformation num\u00e9rique, de la gestion du cycle de vie des produits, de la fabrication intelligente\/des services et de la visualisation 3D pour les entreprises des secteurs de l'a\u00e9ronautique, de l'automobile, de la construction de machines et d'installations et de la technique m\u00e9dicale. D\u00e9tail int\u00e9ressant : \u00e0 l'origine de l'entreprise, il y avait la conception et la construction d'h\u00e9licopt\u00e8res. Mais cette activit\u00e9 a finalement \u00e9t\u00e9 vendue \u00e0 une entreprise italienne qui, entre-temps, s'est lanc\u00e9e avec succ\u00e8s dans ce domaine.<\/li>\n<li><strong>Elbatech AG, Ibach :<\/strong> L'entreprise installe des syst\u00e8mes modernes de radiocommunication dans les tunnels pour les exploitants ferroviaires de toute la Suisse et assure ainsi une communication sans interruption pour tous les voyageurs. La conception et le montage d'installations de courant de traction ainsi que les forages au diamant sont d'autres domaines d'activit\u00e9 importants. Une particularit\u00e9 de l'entreprise : son parc de v\u00e9hicules comprend d\u00e9sormais sa propre locomotive.<\/li>\n<li><strong>G\u00fcbelin, Lucerne :<\/strong> L'entreprise, connue pour son expertise en mati\u00e8re de pierres pr\u00e9cieuses, cr\u00e9e et produit des bijoux dans son propre atelier sous sa propre marque G\u00fcbelin Jewellery, et distribue en outre dans ses boutiques des marques horlog\u00e8res de luxe mondialement connues. Afin de garantir que les pr\u00e9cieuses mati\u00e8res premi\u00e8res - or, pierres pr\u00e9cieuses - proviennent d'une source s\u00fbre, G\u00fcbelin mise sur la technologie blockchain.<\/li>\n<li><strong>Renggli AG, Sursee :<\/strong> Avec plus de 95 ans d'exp\u00e9rience en tant que partenaire de construction en bois et entreprise g\u00e9n\u00e9rale, Renggli AG propose des projets de construction en bois efficaces sur le plan \u00e9nerg\u00e9tique et durables dans une architecture moderne - aussi bien pour des immeubles d'habitation \u00e0 plusieurs \u00e9tages, des b\u00e2timents commerciaux et publics que pour des maisons individuelles. L'entreprise familiale, dirig\u00e9e par la quatri\u00e8me g\u00e9n\u00e9ration, f\u00eatera son centenaire en 2023.<\/li>\n<li><strong>Seiler K\u00e4serei AG, Giswil :<\/strong>\u00a0En tant qu'entreprise traditionnelle ind\u00e9pendante et g\u00e9r\u00e9e par son propri\u00e9taire, la fromagerie Seiler SA produit d'excellentes sp\u00e9cialit\u00e9s fromag\u00e8res depuis 1928. Seiler ne traite que des mati\u00e8res premi\u00e8res naturelles, sans aucun additif. Le lait provient de fermes \u00e0 l'agriculture contr\u00f4l\u00e9e, directement des coteaux et des vall\u00e9es des environs. Certaines vari\u00e9t\u00e9s de fromage sont \u00e9galement disponibles en qualit\u00e9 bio.<\/li>\n<li><strong>Shiptec AG, Lucerne :<\/strong> Avec son chantier naval et un bureau d'ing\u00e9nierie, l'entreprise fournit des prestations techniques dans les domaines de la conception et de l'ing\u00e9nierie navales, de la construction navale, des r\u00e9visions de navires, des transformations et de l'entretien de navires pour la navigation professionnelle et priv\u00e9e.<\/li>\n<\/ul>\n<h2>Le gagnant du Prix SVC Zentralschweiz 2020<\/h2>\n<p>C'est finalement l'entreprise de construction en bois innovante Renggli AG, dont le si\u00e8ge est \u00e0 Sursee, qui a re\u00e7u le prix de l'entrepreneur, d\u00e9cern\u00e9 pour la huiti\u00e8me fois. Max Renggli a remerci\u00e9 avec des mots pleins d'\u00e9motion pour l'honneur qui lui a \u00e9t\u00e9 fait de mani\u00e8re inattendue, \u00e0 lui et \u00e0 son personnel rassembl\u00e9 dans un atelier \u00e0 Sch\u00f6tz. Le pr\u00e9sident du jury, Urban Camenzind, directeur de l'\u00e9conomie publique du canton d'Uri, a rendu hommage au vainqueur dans son \u00e9loge : \"Renggli AG est connue pour ses constructions en bois efficaces sur le plan \u00e9nerg\u00e9tique et fait partie des pionniers de MINERGIE en Suisse et au-del\u00e0. L'entreprise familiale a d\u00e9j\u00e0 v\u00e9cu la durabilit\u00e9 et l'a mise en pratique alors que ce mot n'\u00e9tait encore souvent que de la th\u00e9orie. Renggli AG se caract\u00e9rise par l'innovation et l'esprit de pionnier. Cela permet \u00e0 l'entreprise de r\u00e9ussir \u00e9galement sur le plan commercial et d'\u00eatre par\u00e9e pour l'avenir\". Renggli AG emploie plus de 230 personnes sur ses sites de Sursee, Sch\u00f6tz, Granges-Paccot, Ascona et Winterthur. L'entreprise familiale est dirig\u00e9e par la quatri\u00e8me g\u00e9n\u00e9ration de Max Renggli, CEO et pr\u00e9sident du conseil d'administration.<\/p>\n<h2>Elbatech AG et Shiptec AG en deuxi\u00e8me et troisi\u00e8me position<\/h2>\n<p>La deuxi\u00e8me place revient \u00e0 Elbatech AG. Ce fabricant de syst\u00e8mes radio modernes pour tunnels se distingue par ses propres d\u00e9veloppements innovants et ses solutions globales. Elbatech a \u00e9t\u00e9 fond\u00e9e en 2007 et est dirig\u00e9e par Florian Reichmuth et Stefan Franzen.<br \/>\net emploie 45 personnes.<\/p>\n<p>Shiptec AG, l'entreprise suisse leader dans le secteur de la construction navale, d\u00e9croche le bronze. L'entreprise a \u00e9t\u00e9 fond\u00e9e en 2013 en tant que filiale de la Soci\u00e9t\u00e9 de navigation du lac des Quatre-Cantons (SGV) SA, mais son exp\u00e9rience remonte \u00e0 1931. Shiptec AG emploie aujourd'hui plus de 70 personnes et est dirig\u00e9e par Ruedi Stadelmann.<\/p>\n<p>Trois autres PME de Suisse centrale, allvisual ag, G\u00fcbelin et la fromagerie Seiler, qui se sont distingu\u00e9es par leurs performances \u00e9conomiques particuli\u00e8res, figurent sur la liste des dipl\u00f4mes.<\/p>\n<h2>Prix SVC Zentralschweiz : visibilit\u00e9 pour les PME<\/h2>\n<p>Le Prix SVC, qui est l'activit\u00e9 la plus visible du SVC, est devenu un \u00e9v\u00e9nement connu dans toute la Suisse, qui se d\u00e9roule d\u00e9sormais tous les deux ans dans huit r\u00e9gions \u00e9conomiques. Ainsi, en 2021, le Prix SVC Espace Mittelland sera d\u00e9cern\u00e9 en Suisse al\u00e9manique le 19 ao\u00fbt.<\/p>\n<p>Le Prix SVC Zentralschweiz a \u00e9t\u00e9 d\u00e9cern\u00e9 pour la huiti\u00e8me fois. Les entreprises suivantes ont \u00e9galement re\u00e7u ce prix<br \/>\nMeyer AG en 2018, Thermoplan AG en 2016, Confiseur Bachmann AG en 2014, LK International AG en 2012, Geistlich Pharma AG en 2010, Max Felchlin AG en 2008 et maxon Motor AG en 2006.<\/p>\n<p><a href=\"http:\/\/www.svc.swiss\"><em>www.svc.swiss<\/em><\/a><\/p>","protected":false},"excerpt":{"rendered":"<p>Eigentlich h\u00e4tte der Swiss Venture Club (SVC), ein unabh\u00e4ngiger, non-profit-orientierter Verein zur F\u00f6rderung und Unterst\u00fctzung von KMU in der Schweiz, den Prix SVC Zentralschweiz 2020 schon im Juni 2020 verleihen wollen. Aber die Pandemie machte dem Ansinnen einen Strich durch die Rechnung. Endlich war es aber soweit: Moderator Nik Hartmann begr\u00fcsste am Nachmittag des 26. [&hellip;]<\/p>\n","protected":false},"author":4,"featured_media":8065,"comment_status":"closed","ping_status":"closed","sticky":false,"template":"","format":"standard","meta":{"_acf_changed":false,"_yoast_wpseo_focuskw":"Gewinner des Prix SVC Zentralschweiz 2020","_yoast_wpseo_metadesc":"Am 26. Mai 2021 wurde der Gewinner des Prix SVC Zentralschweiz 2020 erkoren. Aus den sechs Finalisten machte die Renggli AG aus Sursee das Rennen.","articlekey":"","footnotes":""},"categories":[28],"tags":[66,196,335,390,492],"class_list":["post-8059","post","type-post","status-publish","format-standard","has-post-thumbnail","hentry","category-management","tag-awards","tag-familienunternehmen","tag-management-und-unternehmensfuehrung","tag-prix-svc","tag-unternehmen"],"acf":[],"yoast_head":"<!-- This site is optimized with the Yoast SEO plugin v27.5 - https:\/\/yoast.com\/product\/yoast-seo-wordpress\/ -->\n<title>Gewinner des Prix SVC Zentralschweiz 2020: Renggli AG aus Sursee - Organisator<\/title>\n<meta name=\"description\" content=\"Am 26. Mai 2021 wurde der Gewinner des Prix SVC Zentralschweiz 2020 erkoren. Aus den sechs Finalisten machte die Renggli AG aus Sursee das Rennen.\" \/>\n<meta name=\"robots\" content=\"index, follow, max-snippet:-1, max-image-preview:large, max-video-preview:-1\" \/>\n<link rel=\"canonical\" href=\"https:\/\/www.organisator.ch\/fr\/gestion-2\/2021-05-26\/gewinner-des-prix-svc-zentralschweiz-2020-renggli-ag-aus-sursee\/\" \/>\n<meta property=\"og:locale\" content=\"fr_FR\" \/>\n<meta property=\"og:type\" content=\"article\" \/>\n<meta property=\"og:title\" content=\"Gewinner des Prix SVC Zentralschweiz 2020: Renggli AG aus Sursee\" \/>\n<meta property=\"og:description\" content=\"Am 26. Mai 2021 wurde der Gewinner des Prix SVC Zentralschweiz 2020 erkoren. Aus den sechs Finalisten machte die Renggli AG aus Sursee das Rennen.\" \/>\n<meta property=\"og:url\" content=\"https:\/\/www.organisator.ch\/fr\/gestion-2\/2021-05-26\/gewinner-des-prix-svc-zentralschweiz-2020-renggli-ag-aus-sursee\/\" \/>\n<meta property=\"og:site_name\" content=\"Organisator\" \/>\n<meta property=\"article:publisher\" content=\"https:\/\/www.facebook.com\/OrganisatorFachmagazin\" \/>\n<meta property=\"article:published_time\" content=\"2021-05-26T15:33:30+00:00\" \/>\n<meta property=\"og:image\" content=\"https:\/\/www.organisator.ch\/wp-content\/uploads\/2021\/05\/Gewinner-des-Prix-SVC-Zentralschweiz-2020-Renggli-AG-aus-Sursee_Organisator.jpg\" \/>\n\t<meta property=\"og:image:width\" content=\"680\" \/>\n\t<meta property=\"og:image:height\" content=\"413\" \/>\n\t<meta property=\"og:image:type\" content=\"image\/jpeg\" \/>\n<meta name=\"author\" content=\"thomas.berner\" \/>\n<meta name=\"twitter:card\" content=\"summary_large_image\" \/>\n<meta name=\"twitter:title\" content=\"Gewinner des Prix #SVC Zentralschweiz 2020: #Renggli AG aus Sursee\" \/>\n<meta name=\"twitter:description\" content=\"Am 26. Mai 2021 wurde der Gewinner des #PrixSVC Zentralschweiz 2020 erkoren. Aus den sechs Finalisten machte die #Renggli AG aus Sursee das Rennen.\" \/>\n<meta name=\"twitter:image\" content=\"https:\/\/www.organisator.ch\/wp-content\/uploads\/2021\/05\/Gewinner-des-Prix-SVC-Zentralschweiz-2020-Renggli-AG-aus-Sursee_Organisator.jpg\" \/>\n<script type=\"application\/ld+json\" class=\"yoast-schema-graph\">{\"@context\":\"https:\\\/\\\/schema.org\",\"@graph\":[{\"@type\":\"Article\",\"@id\":\"https:\\\/\\\/www.organisator.ch\\\/management\\\/2021-05-26\\\/gewinner-des-prix-svc-zentralschweiz-2020-renggli-ag-aus-sursee\\\/#article\",\"isPartOf\":{\"@id\":\"https:\\\/\\\/www.organisator.ch\\\/management\\\/2021-05-26\\\/gewinner-des-prix-svc-zentralschweiz-2020-renggli-ag-aus-sursee\\\/\"},\"author\":{\"name\":\"thomas.berner\",\"@id\":\"https:\\\/\\\/www.organisator.ch\\\/#\\\/schema\\\/person\\\/6f650f90b2842cd4c0cc334b4e36f67e\"},\"headline\":\"Gewinner des Prix SVC Zentralschweiz 2020: Renggli AG aus Sursee\",\"datePublished\":\"2021-05-26T15:33:30+00:00\",\"mainEntityOfPage\":{\"@id\":\"https:\\\/\\\/www.organisator.ch\\\/management\\\/2021-05-26\\\/gewinner-des-prix-svc-zentralschweiz-2020-renggli-ag-aus-sursee\\\/\"},\"wordCount\":998,\"publisher\":{\"@id\":\"https:\\\/\\\/www.organisator.ch\\\/#organization\"},\"image\":{\"@id\":\"https:\\\/\\\/www.organisator.ch\\\/management\\\/2021-05-26\\\/gewinner-des-prix-svc-zentralschweiz-2020-renggli-ag-aus-sursee\\\/#primaryimage\"},\"thumbnailUrl\":\"https:\\\/\\\/www.organisator.ch\\\/wp-content\\\/uploads\\\/2021\\\/05\\\/Gewinner-des-Prix-SVC-Zentralschweiz-2020-Renggli-AG-aus-Sursee-2_Organisator.jpg\",\"keywords\":[\"Awards\",\"Familienunternehmen\",\"Management und Unternehmensf\u00fchrung\",\"Prix SVC\",\"Unternehmen\"],\"articleSection\":[\"MANAGEMENT\"],\"inLanguage\":\"fr-FR\"},{\"@type\":\"WebPage\",\"@id\":\"https:\\\/\\\/www.organisator.ch\\\/management\\\/2021-05-26\\\/gewinner-des-prix-svc-zentralschweiz-2020-renggli-ag-aus-sursee\\\/\",\"url\":\"https:\\\/\\\/www.organisator.ch\\\/management\\\/2021-05-26\\\/gewinner-des-prix-svc-zentralschweiz-2020-renggli-ag-aus-sursee\\\/\",\"name\":\"Gewinner des Prix SVC Zentralschweiz 2020: Renggli AG aus Sursee - Organisator\",\"isPartOf\":{\"@id\":\"https:\\\/\\\/www.organisator.ch\\\/#website\"},\"primaryImageOfPage\":{\"@id\":\"https:\\\/\\\/www.organisator.ch\\\/management\\\/2021-05-26\\\/gewinner-des-prix-svc-zentralschweiz-2020-renggli-ag-aus-sursee\\\/#primaryimage\"},\"image\":{\"@id\":\"https:\\\/\\\/www.organisator.ch\\\/management\\\/2021-05-26\\\/gewinner-des-prix-svc-zentralschweiz-2020-renggli-ag-aus-sursee\\\/#primaryimage\"},\"thumbnailUrl\":\"https:\\\/\\\/www.organisator.ch\\\/wp-content\\\/uploads\\\/2021\\\/05\\\/Gewinner-des-Prix-SVC-Zentralschweiz-2020-Renggli-AG-aus-Sursee-2_Organisator.jpg\",\"datePublished\":\"2021-05-26T15:33:30+00:00\",\"description\":\"Am 26. Mai 2021 wurde der Gewinner des Prix SVC Zentralschweiz 2020 erkoren. Aus den sechs Finalisten machte die Renggli AG aus Sursee das Rennen.\",\"breadcrumb\":{\"@id\":\"https:\\\/\\\/www.organisator.ch\\\/management\\\/2021-05-26\\\/gewinner-des-prix-svc-zentralschweiz-2020-renggli-ag-aus-sursee\\\/#breadcrumb\"},\"inLanguage\":\"fr-FR\",\"potentialAction\":[{\"@type\":\"ReadAction\",\"target\":[\"https:\\\/\\\/www.organisator.ch\\\/management\\\/2021-05-26\\\/gewinner-des-prix-svc-zentralschweiz-2020-renggli-ag-aus-sursee\\\/\"]}]},{\"@type\":\"ImageObject\",\"inLanguage\":\"fr-FR\",\"@id\":\"https:\\\/\\\/www.organisator.ch\\\/management\\\/2021-05-26\\\/gewinner-des-prix-svc-zentralschweiz-2020-renggli-ag-aus-sursee\\\/#primaryimage\",\"url\":\"https:\\\/\\\/www.organisator.ch\\\/wp-content\\\/uploads\\\/2021\\\/05\\\/Gewinner-des-Prix-SVC-Zentralschweiz-2020-Renggli-AG-aus-Sursee-2_Organisator.jpg\",\"contentUrl\":\"https:\\\/\\\/www.organisator.ch\\\/wp-content\\\/uploads\\\/2021\\\/05\\\/Gewinner-des-Prix-SVC-Zentralschweiz-2020-Renggli-AG-aus-Sursee-2_Organisator.jpg\",\"width\":680,\"height\":453,\"caption\":\"Der Gewinner des Prix SVC Zentralschweiz 2020: Max Renggli, CEO & VR Pr\u00e4sident von Renggli AG an der Preisverleihung im KKL Luzern. (SVC\\\/KEYSTONE\\\/Manuel Lopez)\"},{\"@type\":\"BreadcrumbList\",\"@id\":\"https:\\\/\\\/www.organisator.ch\\\/management\\\/2021-05-26\\\/gewinner-des-prix-svc-zentralschweiz-2020-renggli-ag-aus-sursee\\\/#breadcrumb\",\"itemListElement\":[{\"@type\":\"ListItem\",\"position\":1,\"name\":\"Home\",\"item\":\"https:\\\/\\\/www.organisator.ch\\\/\"},{\"@type\":\"ListItem\",\"position\":2,\"name\":\"Gewinner des Prix SVC Zentralschweiz 2020: Renggli AG aus Sursee\"}]},{\"@type\":\"WebSite\",\"@id\":\"https:\\\/\\\/www.organisator.ch\\\/#website\",\"url\":\"https:\\\/\\\/www.organisator.ch\\\/\",\"name\":\"Organisator\",\"description\":\"Kompetent. Praxisnah. Der ORGANISATOR bereitet in 10 Ausgaben pro Jahr die wesentlichen Themen f\u00fcr F\u00fchrungskr\u00e4fte von KMU auf.\",\"publisher\":{\"@id\":\"https:\\\/\\\/www.organisator.ch\\\/#organization\"},\"potentialAction\":[{\"@type\":\"SearchAction\",\"target\":{\"@type\":\"EntryPoint\",\"urlTemplate\":\"https:\\\/\\\/www.organisator.ch\\\/?s={search_term_string}\"},\"query-input\":{\"@type\":\"PropertyValueSpecification\",\"valueRequired\":true,\"valueName\":\"search_term_string\"}}],\"inLanguage\":\"fr-FR\"},{\"@type\":\"Organization\",\"@id\":\"https:\\\/\\\/www.organisator.ch\\\/#organization\",\"name\":\"Organisator\",\"url\":\"https:\\\/\\\/www.organisator.ch\\\/\",\"logo\":{\"@type\":\"ImageObject\",\"inLanguage\":\"fr-FR\",\"@id\":\"https:\\\/\\\/www.organisator.ch\\\/#\\\/schema\\\/logo\\\/image\\\/\",\"url\":\"https:\\\/\\\/www.organisator.ch\\\/wp-content\\\/uploads\\\/2022\\\/01\\\/Logo_Organisator_Website.png\",\"contentUrl\":\"https:\\\/\\\/www.organisator.ch\\\/wp-content\\\/uploads\\\/2022\\\/01\\\/Logo_Organisator_Website.png\",\"width\":800,\"height\":77,\"caption\":\"Organisator\"},\"image\":{\"@id\":\"https:\\\/\\\/www.organisator.ch\\\/#\\\/schema\\\/logo\\\/image\\\/\"},\"sameAs\":[\"https:\\\/\\\/www.facebook.com\\\/OrganisatorFachmagazin\",\"https:\\\/\\\/www.linkedin.com\\\/showcase\\\/organisator-das-magazin-fr-kmu\",\"https:\\\/\\\/www.xing.com\\\/news\\\/pages\\\/organisator-ch-695\",\"https:\\\/\\\/www.youtube.com\\\/channel\\\/UCGP2Sq0iWaZwT3BdIAQFYpw\"]},{\"@type\":\"Person\",\"@id\":\"https:\\\/\\\/www.organisator.ch\\\/#\\\/schema\\\/person\\\/6f650f90b2842cd4c0cc334b4e36f67e\",\"name\":\"thomas.berner\",\"image\":{\"@type\":\"ImageObject\",\"inLanguage\":\"fr-FR\",\"@id\":\"https:\\\/\\\/secure.gravatar.com\\\/avatar\\\/ac5001d2a36cb6c6cd3e50789007ffca834b477b74a2144564522e944eabff61?s=96&d=mm&r=g\",\"url\":\"https:\\\/\\\/secure.gravatar.com\\\/avatar\\\/ac5001d2a36cb6c6cd3e50789007ffca834b477b74a2144564522e944eabff61?s=96&d=mm&r=g\",\"contentUrl\":\"https:\\\/\\\/secure.gravatar.com\\\/avatar\\\/ac5001d2a36cb6c6cd3e50789007ffca834b477b74a2144564522e944eabff61?s=96&d=mm&r=g\",\"caption\":\"thomas.berner\"},\"url\":\"https:\\\/\\\/www.organisator.ch\\\/fr\\\/author\\\/thomas-berner\\\/\"}]}<\/script>\n<!-- \/ Yoast SEO plugin. -->","yoast_head_json":{"title":"Gagnant du Prix SVC Zentralschweiz 2020 : Renggli AG de Sursee - organisateur","description":"Le 26 mai 2021, le gagnant du Prix SVC Zentralschweiz 2020 a \u00e9t\u00e9 d\u00e9sign\u00e9. Parmi les six finalistes, c'est la soci\u00e9t\u00e9 Renggli AG de Sursee qui a remport\u00e9 la course.","robots":{"index":"index","follow":"follow","max-snippet":"max-snippet:-1","max-image-preview":"max-image-preview:large","max-video-preview":"max-video-preview:-1"},"canonical":"https:\/\/www.organisator.ch\/fr\/gestion-2\/2021-05-26\/gewinner-des-prix-svc-zentralschweiz-2020-renggli-ag-aus-sursee\/","og_locale":"fr_FR","og_type":"article","og_title":"Gewinner des Prix SVC Zentralschweiz 2020: Renggli AG aus Sursee","og_description":"Am 26. Mai 2021 wurde der Gewinner des Prix SVC Zentralschweiz 2020 erkoren. Aus den sechs Finalisten machte die Renggli AG aus Sursee das Rennen.","og_url":"https:\/\/www.organisator.ch\/fr\/gestion-2\/2021-05-26\/gewinner-des-prix-svc-zentralschweiz-2020-renggli-ag-aus-sursee\/","og_site_name":"Organisator","article_publisher":"https:\/\/www.facebook.com\/OrganisatorFachmagazin","article_published_time":"2021-05-26T15:33:30+00:00","og_image":[{"width":680,"height":413,"url":"https:\/\/www.organisator.ch\/wp-content\/uploads\/2021\/05\/Gewinner-des-Prix-SVC-Zentralschweiz-2020-Renggli-AG-aus-Sursee_Organisator.jpg","type":"image\/jpeg"}],"author":"thomas.berner","twitter_card":"summary_large_image","twitter_title":"Gewinner des Prix #SVC Zentralschweiz 2020: #Renggli AG aus Sursee","twitter_description":"Am 26. Mai 2021 wurde der Gewinner des #PrixSVC Zentralschweiz 2020 erkoren. Aus den sechs Finalisten machte die #Renggli AG aus Sursee das Rennen.","twitter_image":"https:\/\/www.organisator.ch\/wp-content\/uploads\/2021\/05\/Gewinner-des-Prix-SVC-Zentralschweiz-2020-Renggli-AG-aus-Sursee_Organisator.jpg","schema":{"@context":"https:\/\/schema.org","@graph":[{"@type":"Article","@id":"https:\/\/www.organisator.ch\/management\/2021-05-26\/gewinner-des-prix-svc-zentralschweiz-2020-renggli-ag-aus-sursee\/#article","isPartOf":{"@id":"https:\/\/www.organisator.ch\/management\/2021-05-26\/gewinner-des-prix-svc-zentralschweiz-2020-renggli-ag-aus-sursee\/"},"author":{"name":"thomas.berner","@id":"https:\/\/www.organisator.ch\/#\/schema\/person\/6f650f90b2842cd4c0cc334b4e36f67e"},"headline":"Gewinner des Prix SVC Zentralschweiz 2020: Renggli AG aus Sursee","datePublished":"2021-05-26T15:33:30+00:00","mainEntityOfPage":{"@id":"https:\/\/www.organisator.ch\/management\/2021-05-26\/gewinner-des-prix-svc-zentralschweiz-2020-renggli-ag-aus-sursee\/"},"wordCount":998,"publisher":{"@id":"https:\/\/www.organisator.ch\/#organization"},"image":{"@id":"https:\/\/www.organisator.ch\/management\/2021-05-26\/gewinner-des-prix-svc-zentralschweiz-2020-renggli-ag-aus-sursee\/#primaryimage"},"thumbnailUrl":"https:\/\/www.organisator.ch\/wp-content\/uploads\/2021\/05\/Gewinner-des-Prix-SVC-Zentralschweiz-2020-Renggli-AG-aus-Sursee-2_Organisator.jpg","keywords":["Awards","Familienunternehmen","Management und Unternehmensf\u00fchrung","Prix SVC","Unternehmen"],"articleSection":["MANAGEMENT"],"inLanguage":"fr-FR"},{"@type":"WebPage","@id":"https:\/\/www.organisator.ch\/management\/2021-05-26\/gewinner-des-prix-svc-zentralschweiz-2020-renggli-ag-aus-sursee\/","url":"https:\/\/www.organisator.ch\/management\/2021-05-26\/gewinner-des-prix-svc-zentralschweiz-2020-renggli-ag-aus-sursee\/","name":"Gagnant du Prix SVC Zentralschweiz 2020 : Renggli AG de Sursee - organisateur","isPartOf":{"@id":"https:\/\/www.organisator.ch\/#website"},"primaryImageOfPage":{"@id":"https:\/\/www.organisator.ch\/management\/2021-05-26\/gewinner-des-prix-svc-zentralschweiz-2020-renggli-ag-aus-sursee\/#primaryimage"},"image":{"@id":"https:\/\/www.organisator.ch\/management\/2021-05-26\/gewinner-des-prix-svc-zentralschweiz-2020-renggli-ag-aus-sursee\/#primaryimage"},"thumbnailUrl":"https:\/\/www.organisator.ch\/wp-content\/uploads\/2021\/05\/Gewinner-des-Prix-SVC-Zentralschweiz-2020-Renggli-AG-aus-Sursee-2_Organisator.jpg","datePublished":"2021-05-26T15:33:30+00:00","description":"Le 26 mai 2021, le gagnant du Prix SVC Zentralschweiz 2020 a \u00e9t\u00e9 d\u00e9sign\u00e9. Parmi les six finalistes, c'est la soci\u00e9t\u00e9 Renggli AG de Sursee qui a remport\u00e9 la course.","breadcrumb":{"@id":"https:\/\/www.organisator.ch\/management\/2021-05-26\/gewinner-des-prix-svc-zentralschweiz-2020-renggli-ag-aus-sursee\/#breadcrumb"},"inLanguage":"fr-FR","potentialAction":[{"@type":"ReadAction","target":["https:\/\/www.organisator.ch\/management\/2021-05-26\/gewinner-des-prix-svc-zentralschweiz-2020-renggli-ag-aus-sursee\/"]}]},{"@type":"ImageObject","inLanguage":"fr-FR","@id":"https:\/\/www.organisator.ch\/management\/2021-05-26\/gewinner-des-prix-svc-zentralschweiz-2020-renggli-ag-aus-sursee\/#primaryimage","url":"https:\/\/www.organisator.ch\/wp-content\/uploads\/2021\/05\/Gewinner-des-Prix-SVC-Zentralschweiz-2020-Renggli-AG-aus-Sursee-2_Organisator.jpg","contentUrl":"https:\/\/www.organisator.ch\/wp-content\/uploads\/2021\/05\/Gewinner-des-Prix-SVC-Zentralschweiz-2020-Renggli-AG-aus-Sursee-2_Organisator.jpg","width":680,"height":453,"caption":"Der Gewinner des Prix SVC Zentralschweiz 2020: Max Renggli, CEO & VR Pr\u00e4sident von Renggli AG an der Preisverleihung im KKL Luzern. (SVC\/KEYSTONE\/Manuel Lopez)"},{"@type":"BreadcrumbList","@id":"https:\/\/www.organisator.ch\/management\/2021-05-26\/gewinner-des-prix-svc-zentralschweiz-2020-renggli-ag-aus-sursee\/#breadcrumb","itemListElement":[{"@type":"ListItem","position":1,"name":"Home","item":"https:\/\/www.organisator.ch\/"},{"@type":"ListItem","position":2,"name":"Gewinner des Prix SVC Zentralschweiz 2020: Renggli AG aus Sursee"}]},{"@type":"WebSite","@id":"https:\/\/www.organisator.ch\/#website","url":"https:\/\/www.organisator.ch\/","name":"Organisateur","description":"Comp\u00e9tence et comp\u00e9tence. Proches de la pratique. L'ORGANISATEUR pr\u00e9pare 10 num\u00e9ros par an sur les th\u00e8mes essentiels pour les dirigeants de PME.","publisher":{"@id":"https:\/\/www.organisator.ch\/#organization"},"potentialAction":[{"@type":"SearchAction","target":{"@type":"EntryPoint","urlTemplate":"https:\/\/www.organisator.ch\/?s={search_term_string}"},"query-input":{"@type":"PropertyValueSpecification","valueRequired":true,"valueName":"search_term_string"}}],"inLanguage":"fr-FR"},{"@type":"Organization","@id":"https:\/\/www.organisator.ch\/#organization","name":"Organisateur","url":"https:\/\/www.organisator.ch\/","logo":{"@type":"ImageObject","inLanguage":"fr-FR","@id":"https:\/\/www.organisator.ch\/#\/schema\/logo\/image\/","url":"https:\/\/www.organisator.ch\/wp-content\/uploads\/2022\/01\/Logo_Organisator_Website.png","contentUrl":"https:\/\/www.organisator.ch\/wp-content\/uploads\/2022\/01\/Logo_Organisator_Website.png","width":800,"height":77,"caption":"Organisator"},"image":{"@id":"https:\/\/www.organisator.ch\/#\/schema\/logo\/image\/"},"sameAs":["https:\/\/www.facebook.com\/OrganisatorFachmagazin","https:\/\/www.linkedin.com\/showcase\/organisator-das-magazin-fr-kmu","https:\/\/www.xing.com\/news\/pages\/organisator-ch-695","https:\/\/www.youtube.com\/channel\/UCGP2Sq0iWaZwT3BdIAQFYpw"]},{"@type":"Person","@id":"https:\/\/www.organisator.ch\/#\/schema\/person\/6f650f90b2842cd4c0cc334b4e36f67e","name":"thomas.berner","image":{"@type":"ImageObject","inLanguage":"fr-FR","@id":"https:\/\/secure.gravatar.com\/avatar\/ac5001d2a36cb6c6cd3e50789007ffca834b477b74a2144564522e944eabff61?s=96&d=mm&r=g","url":"https:\/\/secure.gravatar.com\/avatar\/ac5001d2a36cb6c6cd3e50789007ffca834b477b74a2144564522e944eabff61?s=96&d=mm&r=g","contentUrl":"https:\/\/secure.gravatar.com\/avatar\/ac5001d2a36cb6c6cd3e50789007ffca834b477b74a2144564522e944eabff61?s=96&d=mm&r=g","caption":"thomas.berner"},"url":"https:\/\/www.organisator.ch\/fr\/author\/thomas-berner\/"}]}},"_links":{"self":[{"href":"https:\/\/www.organisator.ch\/fr\/wp-json\/wp\/v2\/posts\/8059","targetHints":{"allow":["GET"]}}],"collection":[{"href":"https:\/\/www.organisator.ch\/fr\/wp-json\/wp\/v2\/posts"}],"about":[{"href":"https:\/\/www.organisator.ch\/fr\/wp-json\/wp\/v2\/types\/post"}],"author":[{"embeddable":true,"href":"https:\/\/www.organisator.ch\/fr\/wp-json\/wp\/v2\/users\/4"}],"replies":[{"embeddable":true,"href":"https:\/\/www.organisator.ch\/fr\/wp-json\/wp\/v2\/comments?post=8059"}],"version-history":[{"count":0,"href":"https:\/\/www.organisator.ch\/fr\/wp-json\/wp\/v2\/posts\/8059\/revisions"}],"wp:featuredmedia":[{"embeddable":true,"href":"https:\/\/www.organisator.ch\/fr\/wp-json\/wp\/v2\/media\/8065"}],"wp:attachment":[{"href":"https:\/\/www.organisator.ch\/fr\/wp-json\/wp\/v2\/media?parent=8059"}],"wp:term":[{"taxonomy":"category","embeddable":true,"href":"https:\/\/www.organisator.ch\/fr\/wp-json\/wp\/v2\/categories?post=8059"},{"taxonomy":"post_tag","embeddable":true,"href":"https:\/\/www.organisator.ch\/fr\/wp-json\/wp\/v2\/tags?post=8059"}],"curies":[{"name":"wp","href":"https:\/\/api.w.org\/{rel}","templated":true}]}}