{"id":806,"date":"2017-03-02T10:21:38","date_gmt":"2017-03-02T09:21:38","guid":{"rendered":"https:\/\/www.umweltperspektiven.ch\/?p=806"},"modified":"2022-02-09T11:06:56","modified_gmt":"2022-02-09T10:06:56","slug":"oekologischer-wintersport-laax-will-100-nachhaltig-werden","status":"publish","type":"post","link":"https:\/\/www.organisator.ch\/fr\/sustainability\/2017-03-02\/oekologischer-wintersport-laax-will-100-nachhaltig-werden\/","title":{"rendered":"Sports d'hiver \u00e9cologiques : Laax veut devenir 100% durable"},"content":{"rendered":"<figure id=\"attachment_807\" aria-describedby=\"caption-attachment-807\" style=\"width: 680px\" class=\"wp-caption alignnone\"><img loading=\"lazy\" decoding=\"async\" class=\"size-medium wp-image-807\" src=\"\/\/www.umweltperspektiven.ch\/wp-content\/uploads\/2017\/03\/LAAX_Photovoltaikanlage_Sogn-Martin_c_Gaudenz-Danuser.jpg\" alt=\"\" width=\"680\" height=\"453\" \/><figcaption id=\"caption-attachment-807\" class=\"wp-caption-text\">Laax a re\u00e7u le prix europ\u00e9en de l'\u00e9nergie solaire pour son concept d'\u00e9nergie solaire - mais les projets de la station de sports d'hiver vont encore bien plus loin. (Photo : Laax)<\/figcaption><\/figure>\n<p>Gr\u00e2ce \u00e0 son altitude \u00e9lev\u00e9e, le domaine skiable de Laax est certes l'un des domaines skiables les plus s\u00fbrs des Alpes en termes d'enneigement, mais les effets du changement climatique s'y font \u00e9galement sentir : \"Il y a encore 20 ans, le camp d'\u00e9t\u00e9 de snowboard avait r\u00e9guli\u00e8rement lieu sur le glacier du Vorab, en plein mois de juin\", se souvient Reto Fry, responsable du d\u00e9veloppement durable de l'entreprise touristique Weisse Arena Gruppe, bas\u00e9e \u00e0 Laax. Le recul massif du glacier rend aujourd'hui cela impossible. \"Nous ne pouvons bien s\u00fbr que supposer que le changement climatique provoqu\u00e9 par l'homme en est responsable. Mais on ne peut pas nier que quelque chose est en train de changer\".<\/p>\n<p><strong>Le changement climatique dans les Alpes<\/strong><br \/>\nQuiconque s'int\u00e9resse au changement climatique en Europe jette in\u00e9vitablement un coup d'\u0153il sur les Alpes. Ce n'est pas pour rien que celles-ci sont consid\u00e9r\u00e9es comme le reflet du climat. Dans l'espace alpin, la temp\u00e9rature a augment\u00e9 deux fois plus que la moyenne mondiale au cours des 100 derni\u00e8res ann\u00e9es. Selon une pr\u00e9vision du Groupe d'experts intergouvernemental sur l'\u00e9volution du climat, la saison d'enneigement se raccourcit donc d'un \u00e0 deux jours tous les deux ans. Cette \u00e9volution est d\u00e9j\u00e0 observable aujourd'hui : Alors qu'il y a quelques ann\u00e9es encore, les h\u00f4tes pouvaient compter sur un d\u00e9but de saison pr\u00e9coce fin octobre, la neige tombe aujourd'hui souvent plus tard. Ce ph\u00e9nom\u00e8ne est \u00e9galement perceptible \u00e0 Laax : la limite des chutes de neige a augment\u00e9 et la neige arrive plus tard. Pour une r\u00e9gion r\u00e9put\u00e9e pour son tourisme de sports d'hiver, le changement des conditions climatiques est un d\u00e9fi.<\/p>\n<p><strong>Greenstyle dans la neige<br \/>\n<\/strong>\"La question n'a jamais \u00e9t\u00e9 de savoir si nous devions faire quelque chose, mais toujours de savoir ce que nous pouvions faire et comment\", explique Fry. Les destinations de sports d'hiver ont besoin de beaucoup d'\u00e9nergie pour maintenir leur activit\u00e9. Afin de mettre en \u0153uvre des solutions durables pour ce volume d'\u00e9nergie, Laax a lanc\u00e9 le concept de durabilit\u00e9 <a href=\"\/\/www.laax.com\/resort-erleben\/greenstyle\">Greenstyle <\/a>a \u00e9t\u00e9 d\u00e9velopp\u00e9. L'objectif de ce concept est de mettre en \u0153uvre des mesures pour des vacances respectueuses du climat et de prot\u00e9ger la nature et les animaux de la r\u00e9gion de montagne. Le groupe Weisse Arena mise sur les \u00e9nergies renouvelables et les technologies efficaces. Parall\u00e8lement, les \u00e9missions de CO2 doivent \u00eatre r\u00e9duites et l'\u00e9nergie \u00e9conomis\u00e9e.<\/p>\n<p><strong>\u00c9nergie renouvelable locale<\/strong><\/p>\n<p>La r\u00e9gion, riche en soleil, utilise non seulement l'\u00e9nergie hydraulique, mais aussi et surtout de nombreuses installations photovolta\u00efques en montagne et sur les nouvelles installations ferroviaires. Pour cet engagement, le groupe Weisse Arena a re\u00e7u en 2016 le prix europ\u00e9en de l'\u00e9nergie solaire. Entre-temps, Laax tire d\u00e9j\u00e0 100 pour cent de l'\u00e9lectricit\u00e9 dont elle a besoin de sources neutres en CO2. Le prochain projet - un parc \u00e9olien sur le glacier du Vorab - pr\u00e9voit la production d'\u00e9nergie par le biais de l'\u00e9nergie \u00e9olienne.<\/p>\n<p><strong>Utiliser des ressources durables<\/strong><br \/>\nPar ailleurs, d'autres mesures visent \u00e0 m\u00e9nager le climat. Ainsi, depuis cette saison, le Caff\u00e8 NoName, situ\u00e9 au-dessus du plus grand halfpipe du monde, sert \u00e0 ses clients des plats durables sous la forme d'un menu climatique. Pour ce faire, l'empreinte \u00e9cologique de chaque produit est d\u00e9termin\u00e9e en fonction de son origine et de sa qualit\u00e9. Le Caff\u00e8 NoName propose des produits r\u00e9gionaux avec des distances de transport tr\u00e8s courtes qui, en plus d'un bilan climatique positif, garantissent la grande qualit\u00e9 des repas. Les clients peuvent par exemple s'y restaurer avec de d\u00e9licieux paninis et des soupes fra\u00eeches.<\/p>\n<p>D'autres mesures \"Greenstyle\" ont d\u00e9j\u00e0 \u00e9t\u00e9 mises en \u0153uvre, notamment dans le domaine de la r\u00e9duction des d\u00e9chets et d'un concept de recyclage efficace, de l'utilisation de mat\u00e9riaux de construction durables pour prot\u00e9ger les ressources naturelles et de mesures de protection de la faune, de l'eau et des plantes. Laax soutient \u00e9galement les produits \u00e9cologiques et locaux issus du commerce \u00e9quitable et exerce une influence sur l'industrie, les fournisseurs et les partenaires afin de promouvoir la durabilit\u00e9. Outre ces mesures, Laax met en \u0153uvre d'autres projets afin de faire progresser en permanence la notion de durabilit\u00e9 dans la destination<\/p>\n<p><strong>Objectif 100% Ind\u00e9pendance durable en mati\u00e8re de ressources et d'\u00e9nergie<\/strong><br \/>\nEn tant que destination de sports d'hiver, Laax est consciente de sa responsabilit\u00e9 vis-\u00e0-vis de l'environnement et de la nature, car les g\u00e9n\u00e9rations futures doivent elles aussi pouvoir profiter de pistes larges et parfaitement pr\u00e9par\u00e9es et de paysages de neige blanche pendant les mois d'hiver. L'un des objectifs vis\u00e9s est donc d'utiliser dans un avenir proche 100% de ressources durables et de devenir la premi\u00e8re station d'hiver autosuffisante au monde.<\/p>\n<p><strong>La fondation soutient des projets r\u00e9gionaux<\/strong><br \/>\nAfin de promouvoir le d\u00e9veloppement durable en dehors de l'entreprise, le groupe Weisse Arena a cr\u00e9\u00e9, en coop\u00e9ration avec des personnes et des entreprises de la r\u00e9gion, le <a href=\"\/\/www.laax.com\/?id=250\">Fond de teint Greenstyle<\/a>. La fondation soutient des projets r\u00e9gionaux qui se consacrent \u00e0 la pr\u00e9servation et \u00e0 la protection de l'environnement et de la nature. Par ce biais, une action \u00e9cologique et durable peut \u00eatre encourag\u00e9e dans toute la r\u00e9gion.<\/p>\n<p>Outre la n\u00e9cessaire protection du climat, le domaine suisse avec Greenstyle t\u00e9moigne avant tout son respect \u00e0 la nature et aux animaux qui y vivent. \"J'essaie de donner une bonne vie \u00e0 mes enfants et je veux qu'ils respirent un air de qualit\u00e9. Pour cela, je fais de mon mieux chaque jour\", r\u00e9sume Fry. Pour lui, son m\u00e9tier est aussi une vocation. \"Tout le monde peut s'engager pour un monde meilleur\".<\/p>","protected":false},"excerpt":{"rendered":"<p>Das Skigebiet Laax ist dank seiner hohen Lage zwar eines der schneesichersten Skigebiete der Alpen, doch auch hier sind die Auswirkungen des Klimawandels sp\u00fcrbar:\u00a0\u201eNoch vor 20 Jahren fand auf dem Vorab-Gletscher regelm\u00e4ssig das Snowboard Sommercamp statt \u2013 mitten im Juni,\u201c erinnert sich Reto Fry, Nachhaltigkeitsbeauftragter des in Laax ans\u00e4ssigen Tourismusunternehmens Weisse Arena Gruppe. Der massive [&hellip;]<\/p>\n","protected":false},"author":1,"featured_media":9475,"comment_status":"open","ping_status":"open","sticky":false,"template":"","format":"standard","meta":{"_acf_changed":false,"_yoast_wpseo_focuskw":"Laax","_yoast_wpseo_metadesc":"Energetische Selbstversorgung, umfassender Naturschutz, 100% nachhaltige Ressourcen: Die Wintersportdestination Laax hat sich ehrgeizige Ziele gesetzt.","articlekey":"","footnotes":""},"categories":[580],"tags":[],"class_list":["post-806","post","type-post","status-publish","format-standard","has-post-thumbnail","hentry","category-sustainability"],"acf":[],"yoast_head":"<!-- This site is optimized with the Yoast SEO plugin v27.5 - https:\/\/yoast.com\/product\/yoast-seo-wordpress\/ -->\n<title>\u00d6kologischer Wintersport: Laax will 100% nachhaltig werden - Organisator<\/title>\n<meta name=\"description\" content=\"Energetische Selbstversorgung, umfassender Naturschutz, 100% nachhaltige Ressourcen: Die Wintersportdestination Laax hat sich ehrgeizige Ziele gesetzt.\" \/>\n<meta name=\"robots\" content=\"index, follow, max-snippet:-1, max-image-preview:large, max-video-preview:-1\" \/>\n<link rel=\"canonical\" href=\"https:\/\/www.organisator.ch\/fr\/sustainability\/2017-03-02\/oekologischer-wintersport-laax-will-100-nachhaltig-werden\/\" \/>\n<meta property=\"og:locale\" content=\"fr_FR\" \/>\n<meta property=\"og:type\" content=\"article\" \/>\n<meta property=\"og:title\" content=\"\u00d6kologischer Wintersport: Laax will 100% nachhaltig werden - Organisator\" \/>\n<meta property=\"og:description\" content=\"Energetische Selbstversorgung, umfassender Naturschutz, 100% nachhaltige Ressourcen: Die Wintersportdestination Laax hat sich ehrgeizige Ziele gesetzt.\" \/>\n<meta property=\"og:url\" content=\"https:\/\/www.organisator.ch\/fr\/sustainability\/2017-03-02\/oekologischer-wintersport-laax-will-100-nachhaltig-werden\/\" \/>\n<meta property=\"og:site_name\" content=\"Organisator\" \/>\n<meta property=\"article:publisher\" content=\"https:\/\/www.facebook.com\/OrganisatorFachmagazin\" \/>\n<meta property=\"article:published_time\" content=\"2017-03-02T09:21:38+00:00\" \/>\n<meta property=\"article:modified_time\" content=\"2022-02-09T10:06:56+00:00\" \/>\n<meta property=\"og:image\" content=\"https:\/\/www.organisator.ch\/wp-content\/uploads\/2017\/03\/LAAX_Photovoltaikanlage_Sogn-Martin_c_Gaudenz-Danuser-scaled.jpg\" \/>\n\t<meta property=\"og:image:width\" content=\"2560\" \/>\n\t<meta property=\"og:image:height\" content=\"1707\" \/>\n\t<meta property=\"og:image:type\" content=\"image\/jpeg\" \/>\n<meta name=\"author\" content=\"admin\" \/>\n<meta name=\"twitter:card\" content=\"summary_large_image\" \/>\n<script type=\"application\/ld+json\" class=\"yoast-schema-graph\">{\"@context\":\"https:\\\/\\\/schema.org\",\"@graph\":[{\"@type\":\"Article\",\"@id\":\"https:\\\/\\\/www.organisator.ch\\\/sustainability\\\/2017-03-02\\\/oekologischer-wintersport-laax-will-100-nachhaltig-werden\\\/#article\",\"isPartOf\":{\"@id\":\"https:\\\/\\\/www.organisator.ch\\\/sustainability\\\/2017-03-02\\\/oekologischer-wintersport-laax-will-100-nachhaltig-werden\\\/\"},\"author\":{\"name\":\"admin\",\"@id\":\"https:\\\/\\\/www.organisator.ch\\\/#\\\/schema\\\/person\\\/aa2bace6c5c5aad60102004a50c4eb1c\"},\"headline\":\"\u00d6kologischer Wintersport: Laax will 100% nachhaltig werden\",\"datePublished\":\"2017-03-02T09:21:38+00:00\",\"dateModified\":\"2022-02-09T10:06:56+00:00\",\"mainEntityOfPage\":{\"@id\":\"https:\\\/\\\/www.organisator.ch\\\/sustainability\\\/2017-03-02\\\/oekologischer-wintersport-laax-will-100-nachhaltig-werden\\\/\"},\"wordCount\":790,\"commentCount\":0,\"publisher\":{\"@id\":\"https:\\\/\\\/www.organisator.ch\\\/#organization\"},\"image\":{\"@id\":\"https:\\\/\\\/www.organisator.ch\\\/sustainability\\\/2017-03-02\\\/oekologischer-wintersport-laax-will-100-nachhaltig-werden\\\/#primaryimage\"},\"thumbnailUrl\":\"https:\\\/\\\/www.organisator.ch\\\/wp-content\\\/uploads\\\/2017\\\/03\\\/LAAX_Photovoltaikanlage_Sogn-Martin_c_Gaudenz-Danuser-scaled.jpg\",\"articleSection\":[\"SUSTAINABILITY\"],\"inLanguage\":\"fr-FR\"},{\"@type\":\"WebPage\",\"@id\":\"https:\\\/\\\/www.organisator.ch\\\/sustainability\\\/2017-03-02\\\/oekologischer-wintersport-laax-will-100-nachhaltig-werden\\\/\",\"url\":\"https:\\\/\\\/www.organisator.ch\\\/sustainability\\\/2017-03-02\\\/oekologischer-wintersport-laax-will-100-nachhaltig-werden\\\/\",\"name\":\"\u00d6kologischer Wintersport: Laax will 100% nachhaltig werden - Organisator\",\"isPartOf\":{\"@id\":\"https:\\\/\\\/www.organisator.ch\\\/#website\"},\"primaryImageOfPage\":{\"@id\":\"https:\\\/\\\/www.organisator.ch\\\/sustainability\\\/2017-03-02\\\/oekologischer-wintersport-laax-will-100-nachhaltig-werden\\\/#primaryimage\"},\"image\":{\"@id\":\"https:\\\/\\\/www.organisator.ch\\\/sustainability\\\/2017-03-02\\\/oekologischer-wintersport-laax-will-100-nachhaltig-werden\\\/#primaryimage\"},\"thumbnailUrl\":\"https:\\\/\\\/www.organisator.ch\\\/wp-content\\\/uploads\\\/2017\\\/03\\\/LAAX_Photovoltaikanlage_Sogn-Martin_c_Gaudenz-Danuser-scaled.jpg\",\"datePublished\":\"2017-03-02T09:21:38+00:00\",\"dateModified\":\"2022-02-09T10:06:56+00:00\",\"description\":\"Energetische Selbstversorgung, umfassender Naturschutz, 100% nachhaltige Ressourcen: Die Wintersportdestination Laax hat sich ehrgeizige Ziele gesetzt.\",\"breadcrumb\":{\"@id\":\"https:\\\/\\\/www.organisator.ch\\\/sustainability\\\/2017-03-02\\\/oekologischer-wintersport-laax-will-100-nachhaltig-werden\\\/#breadcrumb\"},\"inLanguage\":\"fr-FR\",\"potentialAction\":[{\"@type\":\"ReadAction\",\"target\":[\"https:\\\/\\\/www.organisator.ch\\\/sustainability\\\/2017-03-02\\\/oekologischer-wintersport-laax-will-100-nachhaltig-werden\\\/\"]}]},{\"@type\":\"ImageObject\",\"inLanguage\":\"fr-FR\",\"@id\":\"https:\\\/\\\/www.organisator.ch\\\/sustainability\\\/2017-03-02\\\/oekologischer-wintersport-laax-will-100-nachhaltig-werden\\\/#primaryimage\",\"url\":\"https:\\\/\\\/www.organisator.ch\\\/wp-content\\\/uploads\\\/2017\\\/03\\\/LAAX_Photovoltaikanlage_Sogn-Martin_c_Gaudenz-Danuser-scaled.jpg\",\"contentUrl\":\"https:\\\/\\\/www.organisator.ch\\\/wp-content\\\/uploads\\\/2017\\\/03\\\/LAAX_Photovoltaikanlage_Sogn-Martin_c_Gaudenz-Danuser-scaled.jpg\",\"width\":2560,\"height\":1707,\"caption\":\"F\u00fcr ihr Solarenergiekonzept wurde Laax mit dem Europ\u00e4ischen Preis f\u00fcr Solarenergie ausgezeichnet - doch die Pl\u00e4ne der Wintersportdestination gehen noch viel weiter.\"},{\"@type\":\"BreadcrumbList\",\"@id\":\"https:\\\/\\\/www.organisator.ch\\\/sustainability\\\/2017-03-02\\\/oekologischer-wintersport-laax-will-100-nachhaltig-werden\\\/#breadcrumb\",\"itemListElement\":[{\"@type\":\"ListItem\",\"position\":1,\"name\":\"Home\",\"item\":\"https:\\\/\\\/www.organisator.ch\\\/\"},{\"@type\":\"ListItem\",\"position\":2,\"name\":\"\u00d6kologischer Wintersport: Laax will 100% nachhaltig werden\"}]},{\"@type\":\"WebSite\",\"@id\":\"https:\\\/\\\/www.organisator.ch\\\/#website\",\"url\":\"https:\\\/\\\/www.organisator.ch\\\/\",\"name\":\"Organisator\",\"description\":\"Kompetent. Praxisnah. Der ORGANISATOR bereitet in 10 Ausgaben pro Jahr die wesentlichen Themen f\u00fcr F\u00fchrungskr\u00e4fte von KMU auf.\",\"publisher\":{\"@id\":\"https:\\\/\\\/www.organisator.ch\\\/#organization\"},\"potentialAction\":[{\"@type\":\"SearchAction\",\"target\":{\"@type\":\"EntryPoint\",\"urlTemplate\":\"https:\\\/\\\/www.organisator.ch\\\/?s={search_term_string}\"},\"query-input\":{\"@type\":\"PropertyValueSpecification\",\"valueRequired\":true,\"valueName\":\"search_term_string\"}}],\"inLanguage\":\"fr-FR\"},{\"@type\":\"Organization\",\"@id\":\"https:\\\/\\\/www.organisator.ch\\\/#organization\",\"name\":\"Organisator\",\"url\":\"https:\\\/\\\/www.organisator.ch\\\/\",\"logo\":{\"@type\":\"ImageObject\",\"inLanguage\":\"fr-FR\",\"@id\":\"https:\\\/\\\/www.organisator.ch\\\/#\\\/schema\\\/logo\\\/image\\\/\",\"url\":\"https:\\\/\\\/www.organisator.ch\\\/wp-content\\\/uploads\\\/2022\\\/01\\\/Logo_Organisator_Website.png\",\"contentUrl\":\"https:\\\/\\\/www.organisator.ch\\\/wp-content\\\/uploads\\\/2022\\\/01\\\/Logo_Organisator_Website.png\",\"width\":800,\"height\":77,\"caption\":\"Organisator\"},\"image\":{\"@id\":\"https:\\\/\\\/www.organisator.ch\\\/#\\\/schema\\\/logo\\\/image\\\/\"},\"sameAs\":[\"https:\\\/\\\/www.facebook.com\\\/OrganisatorFachmagazin\",\"https:\\\/\\\/www.linkedin.com\\\/showcase\\\/organisator-das-magazin-fr-kmu\",\"https:\\\/\\\/www.xing.com\\\/news\\\/pages\\\/organisator-ch-695\",\"https:\\\/\\\/www.youtube.com\\\/channel\\\/UCGP2Sq0iWaZwT3BdIAQFYpw\"]},{\"@type\":\"Person\",\"@id\":\"https:\\\/\\\/www.organisator.ch\\\/#\\\/schema\\\/person\\\/aa2bace6c5c5aad60102004a50c4eb1c\",\"name\":\"admin\",\"image\":{\"@type\":\"ImageObject\",\"inLanguage\":\"fr-FR\",\"@id\":\"https:\\\/\\\/secure.gravatar.com\\\/avatar\\\/ae2f4d718e6c49043e314ce431e7e645d646302a24a5ef5a8bc8e3f5a032e319?s=96&d=mm&r=g\",\"url\":\"https:\\\/\\\/secure.gravatar.com\\\/avatar\\\/ae2f4d718e6c49043e314ce431e7e645d646302a24a5ef5a8bc8e3f5a032e319?s=96&d=mm&r=g\",\"contentUrl\":\"https:\\\/\\\/secure.gravatar.com\\\/avatar\\\/ae2f4d718e6c49043e314ce431e7e645d646302a24a5ef5a8bc8e3f5a032e319?s=96&d=mm&r=g\",\"caption\":\"admin\"},\"sameAs\":[\"https:\\\/\\\/www.organisator.ch\"],\"url\":\"https:\\\/\\\/www.organisator.ch\\\/fr\\\/author\\\/admin\\\/\"}]}<\/script>\n<!-- \/ Yoast SEO plugin. -->","yoast_head_json":{"title":"Sports d'hiver \u00e9cologiques : Laax veut devenir 100% durable - Organisateur","description":"Autonomie \u00e9nerg\u00e9tique, protection globale de la nature, 100% de ressources durables : la destination de sports d'hiver de Laax s'est fix\u00e9 des objectifs ambitieux.","robots":{"index":"index","follow":"follow","max-snippet":"max-snippet:-1","max-image-preview":"max-image-preview:large","max-video-preview":"max-video-preview:-1"},"canonical":"https:\/\/www.organisator.ch\/fr\/sustainability\/2017-03-02\/oekologischer-wintersport-laax-will-100-nachhaltig-werden\/","og_locale":"fr_FR","og_type":"article","og_title":"\u00d6kologischer Wintersport: Laax will 100% nachhaltig werden - Organisator","og_description":"Energetische Selbstversorgung, umfassender Naturschutz, 100% nachhaltige Ressourcen: Die Wintersportdestination Laax hat sich ehrgeizige Ziele gesetzt.","og_url":"https:\/\/www.organisator.ch\/fr\/sustainability\/2017-03-02\/oekologischer-wintersport-laax-will-100-nachhaltig-werden\/","og_site_name":"Organisator","article_publisher":"https:\/\/www.facebook.com\/OrganisatorFachmagazin","article_published_time":"2017-03-02T09:21:38+00:00","article_modified_time":"2022-02-09T10:06:56+00:00","og_image":[{"width":2560,"height":1707,"url":"https:\/\/www.organisator.ch\/wp-content\/uploads\/2017\/03\/LAAX_Photovoltaikanlage_Sogn-Martin_c_Gaudenz-Danuser-scaled.jpg","type":"image\/jpeg"}],"author":"admin","twitter_card":"summary_large_image","schema":{"@context":"https:\/\/schema.org","@graph":[{"@type":"Article","@id":"https:\/\/www.organisator.ch\/sustainability\/2017-03-02\/oekologischer-wintersport-laax-will-100-nachhaltig-werden\/#article","isPartOf":{"@id":"https:\/\/www.organisator.ch\/sustainability\/2017-03-02\/oekologischer-wintersport-laax-will-100-nachhaltig-werden\/"},"author":{"name":"admin","@id":"https:\/\/www.organisator.ch\/#\/schema\/person\/aa2bace6c5c5aad60102004a50c4eb1c"},"headline":"\u00d6kologischer Wintersport: Laax will 100% nachhaltig werden","datePublished":"2017-03-02T09:21:38+00:00","dateModified":"2022-02-09T10:06:56+00:00","mainEntityOfPage":{"@id":"https:\/\/www.organisator.ch\/sustainability\/2017-03-02\/oekologischer-wintersport-laax-will-100-nachhaltig-werden\/"},"wordCount":790,"commentCount":0,"publisher":{"@id":"https:\/\/www.organisator.ch\/#organization"},"image":{"@id":"https:\/\/www.organisator.ch\/sustainability\/2017-03-02\/oekologischer-wintersport-laax-will-100-nachhaltig-werden\/#primaryimage"},"thumbnailUrl":"https:\/\/www.organisator.ch\/wp-content\/uploads\/2017\/03\/LAAX_Photovoltaikanlage_Sogn-Martin_c_Gaudenz-Danuser-scaled.jpg","articleSection":["SUSTAINABILITY"],"inLanguage":"fr-FR"},{"@type":"WebPage","@id":"https:\/\/www.organisator.ch\/sustainability\/2017-03-02\/oekologischer-wintersport-laax-will-100-nachhaltig-werden\/","url":"https:\/\/www.organisator.ch\/sustainability\/2017-03-02\/oekologischer-wintersport-laax-will-100-nachhaltig-werden\/","name":"Sports d'hiver \u00e9cologiques : Laax veut devenir 100% durable - Organisateur","isPartOf":{"@id":"https:\/\/www.organisator.ch\/#website"},"primaryImageOfPage":{"@id":"https:\/\/www.organisator.ch\/sustainability\/2017-03-02\/oekologischer-wintersport-laax-will-100-nachhaltig-werden\/#primaryimage"},"image":{"@id":"https:\/\/www.organisator.ch\/sustainability\/2017-03-02\/oekologischer-wintersport-laax-will-100-nachhaltig-werden\/#primaryimage"},"thumbnailUrl":"https:\/\/www.organisator.ch\/wp-content\/uploads\/2017\/03\/LAAX_Photovoltaikanlage_Sogn-Martin_c_Gaudenz-Danuser-scaled.jpg","datePublished":"2017-03-02T09:21:38+00:00","dateModified":"2022-02-09T10:06:56+00:00","description":"Autonomie \u00e9nerg\u00e9tique, protection globale de la nature, 100% de ressources durables : la destination de sports d'hiver de Laax s'est fix\u00e9 des objectifs ambitieux.","breadcrumb":{"@id":"https:\/\/www.organisator.ch\/sustainability\/2017-03-02\/oekologischer-wintersport-laax-will-100-nachhaltig-werden\/#breadcrumb"},"inLanguage":"fr-FR","potentialAction":[{"@type":"ReadAction","target":["https:\/\/www.organisator.ch\/sustainability\/2017-03-02\/oekologischer-wintersport-laax-will-100-nachhaltig-werden\/"]}]},{"@type":"ImageObject","inLanguage":"fr-FR","@id":"https:\/\/www.organisator.ch\/sustainability\/2017-03-02\/oekologischer-wintersport-laax-will-100-nachhaltig-werden\/#primaryimage","url":"https:\/\/www.organisator.ch\/wp-content\/uploads\/2017\/03\/LAAX_Photovoltaikanlage_Sogn-Martin_c_Gaudenz-Danuser-scaled.jpg","contentUrl":"https:\/\/www.organisator.ch\/wp-content\/uploads\/2017\/03\/LAAX_Photovoltaikanlage_Sogn-Martin_c_Gaudenz-Danuser-scaled.jpg","width":2560,"height":1707,"caption":"F\u00fcr ihr Solarenergiekonzept wurde Laax mit dem Europ\u00e4ischen Preis f\u00fcr Solarenergie ausgezeichnet - doch die Pl\u00e4ne der Wintersportdestination gehen noch viel weiter."},{"@type":"BreadcrumbList","@id":"https:\/\/www.organisator.ch\/sustainability\/2017-03-02\/oekologischer-wintersport-laax-will-100-nachhaltig-werden\/#breadcrumb","itemListElement":[{"@type":"ListItem","position":1,"name":"Home","item":"https:\/\/www.organisator.ch\/"},{"@type":"ListItem","position":2,"name":"\u00d6kologischer Wintersport: Laax will 100% nachhaltig werden"}]},{"@type":"WebSite","@id":"https:\/\/www.organisator.ch\/#website","url":"https:\/\/www.organisator.ch\/","name":"Organisateur","description":"Comp\u00e9tence et comp\u00e9tence. Proches de la pratique. L'ORGANISATEUR pr\u00e9pare 10 num\u00e9ros par an sur les th\u00e8mes essentiels pour les dirigeants de PME.","publisher":{"@id":"https:\/\/www.organisator.ch\/#organization"},"potentialAction":[{"@type":"SearchAction","target":{"@type":"EntryPoint","urlTemplate":"https:\/\/www.organisator.ch\/?s={search_term_string}"},"query-input":{"@type":"PropertyValueSpecification","valueRequired":true,"valueName":"search_term_string"}}],"inLanguage":"fr-FR"},{"@type":"Organization","@id":"https:\/\/www.organisator.ch\/#organization","name":"Organisateur","url":"https:\/\/www.organisator.ch\/","logo":{"@type":"ImageObject","inLanguage":"fr-FR","@id":"https:\/\/www.organisator.ch\/#\/schema\/logo\/image\/","url":"https:\/\/www.organisator.ch\/wp-content\/uploads\/2022\/01\/Logo_Organisator_Website.png","contentUrl":"https:\/\/www.organisator.ch\/wp-content\/uploads\/2022\/01\/Logo_Organisator_Website.png","width":800,"height":77,"caption":"Organisator"},"image":{"@id":"https:\/\/www.organisator.ch\/#\/schema\/logo\/image\/"},"sameAs":["https:\/\/www.facebook.com\/OrganisatorFachmagazin","https:\/\/www.linkedin.com\/showcase\/organisator-das-magazin-fr-kmu","https:\/\/www.xing.com\/news\/pages\/organisator-ch-695","https:\/\/www.youtube.com\/channel\/UCGP2Sq0iWaZwT3BdIAQFYpw"]},{"@type":"Person","@id":"https:\/\/www.organisator.ch\/#\/schema\/person\/aa2bace6c5c5aad60102004a50c4eb1c","name":"admin","image":{"@type":"ImageObject","inLanguage":"fr-FR","@id":"https:\/\/secure.gravatar.com\/avatar\/ae2f4d718e6c49043e314ce431e7e645d646302a24a5ef5a8bc8e3f5a032e319?s=96&d=mm&r=g","url":"https:\/\/secure.gravatar.com\/avatar\/ae2f4d718e6c49043e314ce431e7e645d646302a24a5ef5a8bc8e3f5a032e319?s=96&d=mm&r=g","contentUrl":"https:\/\/secure.gravatar.com\/avatar\/ae2f4d718e6c49043e314ce431e7e645d646302a24a5ef5a8bc8e3f5a032e319?s=96&d=mm&r=g","caption":"admin"},"sameAs":["https:\/\/www.organisator.ch"],"url":"https:\/\/www.organisator.ch\/fr\/author\/admin\/"}]}},"_links":{"self":[{"href":"https:\/\/www.organisator.ch\/fr\/wp-json\/wp\/v2\/posts\/806","targetHints":{"allow":["GET"]}}],"collection":[{"href":"https:\/\/www.organisator.ch\/fr\/wp-json\/wp\/v2\/posts"}],"about":[{"href":"https:\/\/www.organisator.ch\/fr\/wp-json\/wp\/v2\/types\/post"}],"author":[{"embeddable":true,"href":"https:\/\/www.organisator.ch\/fr\/wp-json\/wp\/v2\/users\/1"}],"replies":[{"embeddable":true,"href":"https:\/\/www.organisator.ch\/fr\/wp-json\/wp\/v2\/comments?post=806"}],"version-history":[{"count":1,"href":"https:\/\/www.organisator.ch\/fr\/wp-json\/wp\/v2\/posts\/806\/revisions"}],"predecessor-version":[{"id":10736,"href":"https:\/\/www.organisator.ch\/fr\/wp-json\/wp\/v2\/posts\/806\/revisions\/10736"}],"wp:featuredmedia":[{"embeddable":true,"href":"https:\/\/www.organisator.ch\/fr\/wp-json\/wp\/v2\/media\/9475"}],"wp:attachment":[{"href":"https:\/\/www.organisator.ch\/fr\/wp-json\/wp\/v2\/media?parent=806"}],"wp:term":[{"taxonomy":"category","embeddable":true,"href":"https:\/\/www.organisator.ch\/fr\/wp-json\/wp\/v2\/categories?post=806"},{"taxonomy":"post_tag","embeddable":true,"href":"https:\/\/www.organisator.ch\/fr\/wp-json\/wp\/v2\/tags?post=806"}],"curies":[{"name":"wp","href":"https:\/\/api.w.org\/{rel}","templated":true}]}}