{"id":8082,"date":"2021-05-28T16:15:37","date_gmt":"2021-05-28T14:15:37","guid":{"rendered":"https:\/\/www.organisator.ch\/?p=8082"},"modified":"2021-05-28T16:15:37","modified_gmt":"2021-05-28T14:15:37","slug":"boom-phase-im-export-doch-fuer-wie-lange","status":"publish","type":"post","link":"https:\/\/www.organisator.ch\/fr\/allgemein\/2021-05-28\/boom-phase-im-export-doch-fuer-wie-lange\/","title":{"rendered":"Boom des exportations - mais pour combien de temps ?"},"content":{"rendered":"<figure id=\"attachment_8083\" aria-describedby=\"caption-attachment-8083\" style=\"width: 680px\" class=\"wp-caption alignnone\"><img loading=\"lazy\" decoding=\"async\" class=\"size-medium wp-image-8083\" src=\"https:\/\/www.organisator.ch\/wp-content\/uploads\/2021\/05\/Boom-Phase-im-Export-doch-fuer-wie-lange_Organisator.jpg\" alt=\"\" width=\"680\" height=\"489\" srcset=\"https:\/\/www.organisator.ch\/wp-content\/uploads\/2021\/05\/Boom-Phase-im-Export-doch-fuer-wie-lange_Organisator.jpg 680w, https:\/\/www.organisator.ch\/wp-content\/uploads\/2021\/05\/Boom-Phase-im-Export-doch-fuer-wie-lange_Organisator-16x12.jpg 16w, https:\/\/www.organisator.ch\/wp-content\/uploads\/2021\/05\/Boom-Phase-im-Export-doch-fuer-wie-lange_Organisator-243x175.jpg 243w, https:\/\/www.organisator.ch\/wp-content\/uploads\/2021\/05\/Boom-Phase-im-Export-doch-fuer-wie-lange_Organisator-487x350.jpg 487w, https:\/\/www.organisator.ch\/wp-content\/uploads\/2021\/05\/Boom-Phase-im-Export-doch-fuer-wie-lange_Organisator-300x216.jpg 300w\" sizes=\"auto, (max-width: 680px) 100vw, 680px\" \/><figcaption id=\"caption-attachment-8083\" class=\"wp-caption-text\">Les barom\u00e8tres conjoncturels sont \u00e0 la hausse. Mais cette phase de boom est-elle durable ? (Image : Pixabay.com)<\/figcaption><\/figure>\n<p>Au premier trimestre 2021, les pr\u00e9visions des exportations suisses d'Euler Hermes s'\u00e9l\u00e8vent \u00e0 3,13 points, soit plus de deux points de plus que la valeur de 0,78 point annonc\u00e9e en janvier, et atteignent ainsi un nouveau record. En cons\u00e9quence, il faut s'attendre \u00e0 une forte hausse des exportations suisses en 2021. Cette forte hausse s'explique en partie, du c\u00f4t\u00e9 statistique, par le faible niveau de d\u00e9part des mois de l'ann\u00e9e pr\u00e9c\u00e9dente et, du c\u00f4t\u00e9 \u00e9conomique, par l'\u00e9volution conjoncturelle extr\u00eamement dynamique de certaines r\u00e9gions au cours des derniers mois, notamment en Chine et aux Etats-Unis.<\/p>\n<p>L'industrie conna\u00eet \u00e9galement actuellement une phase de boom prononc\u00e9e, \u00e0 laquelle les cha\u00eenes d'approvisionnement, toujours perturb\u00e9es, ne sont pas en mesure de faire face. C'est ce qu'affirme le commentaire conjoncturel de hpo forecasting pour le deuxi\u00e8me trimestre 2021. En raison des distorsions Covid 19, c'est-\u00e0-dire du m\u00e9lange de lockdowns, de stimuli fiscaux gigantesques et de politique mon\u00e9taire extr\u00eamement expansive, les phases de baisse et de hausse dans l'industrie se d\u00e9roulent depuis plus d'un an comme en acc\u00e9l\u00e9r\u00e9, mais de mani\u00e8re d'autant plus marqu\u00e9e.<\/p>\n<h2><strong>Le coup d'envoi de la r\u00e9surrection de la consommation priv\u00e9e a \u00e9t\u00e9 donn\u00e9<\/strong><\/h2>\n<p>Apr\u00e8s un d\u00e9but d'ann\u00e9e 2021 en demi-teinte d'un point de vue \u00e9conomique, la consommation priv\u00e9e a commenc\u00e9 \u00e0 bouger apr\u00e8s P\u00e2ques gr\u00e2ce aux premiers assouplissements des restrictions Corona. \"Compte tenu du recul r\u00e9cent des nouvelles infections et des progr\u00e8s satisfaisants de la campagne de vaccination, la conjoncture devrait passer \u00e0 la vitesse sup\u00e9rieure au second semestre. Nous nous attendons \u00e0 un fort boom de la consommation, stimul\u00e9 par l'accumulation de la demande dans un contexte de baisse de l'incertitude \u00e9conomique\", explique Katharina Uterm\u00f6hl, \u00e9conomiste Europe chez Euler Hermes. Au total, Euler Hermes pr\u00e9voit une augmentation du volume du commerce mondial de +7,9 % cette ann\u00e9e et de +6 % suppl\u00e9mentaires en 2022 (2020 : -8,1 %). L'\u00e9conomie suisse devrait cro\u00eetre de +3,6% en 2021 et de +3,0% en 2022 (2020 : -2,9%) - et ainsi atteindre son niveau d'avant la crise d\u00e8s la fin de l'\u00e9t\u00e9 2021.<\/p>\n<p>Selon hpo forecasting, la consommation s'est renforc\u00e9e, en particulier aux Etats-Unis, en raison des progr\u00e8s r\u00e9alis\u00e9s dans les programmes de vaccination et des mesures de stimulation. hpo forecasting se r\u00e9f\u00e8re \u00e0 cet \u00e9gard aux d\u00e9clarations de diff\u00e9rents observateurs du march\u00e9 selon lesquelles, malgr\u00e9 un ch\u00f4mage toujours \u00e9lev\u00e9 aux Etats-Unis, de nombreuses entreprises ont beaucoup de mal \u00e0 recruter de nouveaux collaborateurs. Les 300 USD suppl\u00e9mentaires que les ch\u00f4meurs am\u00e9ricains recevront chaque semaine jusqu'en septembre 2021 conduiraient \u00e0 la situation paradoxale suivante : les Am\u00e9ricains du secteur des bas salaires gagneraient plus en \u00e9tant au ch\u00f4mage que lorsqu'ils travaillent. De mani\u00e8re g\u00e9n\u00e9rale, les succ\u00e8s remport\u00e9s dans la lutte contre les pand\u00e9mies dans les pays industrialis\u00e9s font grimper le moral des consommateurs, selon le commentaire conjoncturel de hpo forecasting.<\/p>\n<h2><strong>P\u00e9riode de boom : l'augmentation de la demande aggrave les probl\u00e8mes de livraison<\/strong><\/h2>\n<p>L'\u00e9conomie d'exportation suisse profite de l'essor mondial de l'industrie, \u00e9crit \u00e0 nouveau Euler Hermes. Toutefois, la forte demande qui en d\u00e9coule pourrait aggraver \u00e0 court terme les tensions dans la cha\u00eene d'approvisionnement en raison de probl\u00e8mes de red\u00e9marrage du c\u00f4t\u00e9 de l'offre. Ces goulots d'\u00e9tranglement sont graves dans l'industrie des semi-conducteurs par exemple, ce qui touche entre autres l'industrie informatique et le secteur automobile. Il en r\u00e9sulte des hausses de prix, en particulier pour les m\u00e9taux industriels et les sources d'\u00e9nergie. Stefan Ruf, CEO d'Euler Hermes Suisse, commente : \"Le prix du cuivre a doubl\u00e9 en l'espace d'un an. Les prix du fret pour l'exportation de conteneurs atteignent \u00e0 nouveau des valeurs record. Ces forces pourraient freiner quelque peu le boom. Outre les risques d'inflation, le COVID-19 reste dans la ligne de mire ou, plus pr\u00e9cis\u00e9ment, la comp\u00e9tition entre les campagnes de vaccination et l'efficacit\u00e9 des vaccins d'une part et les nouvelles variantes du COVID-19 d'autre part\".<\/p>\n<p>Les experts de hpo forecasting \u00e9voquent un autre exemple : selon le magazine en ligne \"The Markt\" (groupe NZZ), de nombreux gros acheteurs de semi-conducteurs commanderaient actuellement des quantit\u00e9s de semi-conducteurs deux \u00e0 trois fois sup\u00e9rieures \u00e0 celles dont ils ont r\u00e9ellement besoin, afin que leurs commandes soient davantage prioris\u00e9es par les producteurs. Parall\u00e8lement, les fabricants de semi-conducteurs se sont surpass\u00e9s ces derni\u00e8res semaines en annon\u00e7ant des investissements de plusieurs dizaines de milliards de dollars pour \u00e9tendre leurs capacit\u00e9s de production. Ces investissements sont d'une part voulus politiquement pour r\u00e9duire la d\u00e9pendance vis-\u00e0-vis des fabricants asiatiques, et d'autre part menacent \u00e0 moyen terme de provoquer des surcapacit\u00e9s. Mais pour l'instant, les \u00e9quipementiers se r\u00e9jouiraient de recevoir de grosses commandes.<\/p>\n<h2><strong>Les exportations suisses d\u00e9passent le niveau pr\u00e9-Corona<\/strong><\/h2>\n<p>Il semble qu'une sorte de phase de boom succ\u00e8de \u00e0 la baisse due \u00e0 la pand\u00e9mie de Corona. En tout cas, selon Euler Hermes, le cours de reprise du commerce ext\u00e9rieur suisse se poursuit. Au premier trimestre 2021, les exportations ont augment\u00e9 de 4,8 % (en donn\u00e9es corrig\u00e9es des variations saisonni\u00e8res) par rapport au quatri\u00e8me trimestre 2020. Gr\u00e2ce \u00e0 cette troisi\u00e8me hausse trimestrielle cons\u00e9cutive, les exportations d\u00e9passent \u00e0 nouveau le niveau d'avant le d\u00e9but de la pand\u00e9mie de Corona. Les importations ont \u00e9galement augment\u00e9 de 1,7 pour cent par rapport au dernier trimestre 2020. La balance commerciale a cl\u00f4tur\u00e9 avec un exc\u00e9dent de 11,3 milliards de francs. Selon l'Administration f\u00e9d\u00e9rale des douanes, plus de la moiti\u00e9 de l'augmentation concerne les produits chimiques et pharmaceutiques (+ 1,4 milliard de francs), la croissance la plus forte \u00e9tant celle des m\u00e9dicaments (+ 1,2 milliard de francs). Les exportations de machines et d'\u00e9lectronique, de m\u00e9taux et de montres ont \u00e9galement augment\u00e9. Ces derni\u00e8res se rapprochent \u00e0 nouveau, avec +4,0% (+5,3 milliards de francs), de leurs valeurs de chiffre d'affaires des ann\u00e9es fortes 2018\/19. Au niveau r\u00e9gional, la Suisse a export\u00e9 davantage en valeur vers les trois principales zones \u00e9conomiques au premier trimestre 2021. Les exportations vers l'Am\u00e9rique du Nord (+18,5%) ont notamment progress\u00e9 par rapport \u00e0 l'Europe (+4,6%) et \u00e0 l'Asie (+2,6%).<\/p>\n<h2>La phase de boom n'est-elle que passag\u00e8re ?<\/h2>\n<p>Les observations cycliques, telles que celles de hpo forecasting, indiquent une \u00e9volution mod\u00e9r\u00e9e apr\u00e8s la disparition des effets de rattrapage. \"Selon nos consid\u00e9rations sur le cycle conjoncturel de l'\u00e9conomie r\u00e9elle, nous nous trouvons toujours tr\u00e8s t\u00f4t dans la phase de ralentissement du cycle qui, dans les pays industrialis\u00e9s (OCDE), n'a d\u00e9pass\u00e9 son point culminant qu'au d\u00e9but de 2020\", peut-on lire dans le commentaire conjoncturel de hpo. Bien que tous les indicateurs de confiance soient actuellement orient\u00e9s \u00e0 la hausse, les mod\u00e8les de calcul indiquent qu'apr\u00e8s une courte phase de rattrapage, la consommation continuera d'\u00eatre plut\u00f4t lente, tant en Am\u00e9rique du Nord et en Europe qu'en Asie.<\/p>\n<p><em>Sources : <a href=\"http:\/\/www.eulerhermes.com\">Euler Hermes<\/a> et <a href=\"http:\/\/www.hpo.ch\">hpo<\/a><\/em><\/p>","protected":false},"excerpt":{"rendered":"<p>Im ersten Quartal 2021 liegt der Schweizer Euler Hermes Export Forecast mit 3,13 Punkten mehr als zwei Punkte \u00fcber dem im Januar gemeldeten Wert von 0,78 Punkten und erreicht damit ein neues Rekordhoch. Entsprechend ist 2021 mit einem starken Anstieg der Schweizer Exporte zu rechnen. Mitverantwortlich f\u00fcr diesen steilen Aufw\u00e4rtsgang sind auf statistischer Seite das [&hellip;]<\/p>\n","protected":false},"author":4,"featured_media":8083,"comment_status":"closed","ping_status":"closed","sticky":false,"template":"","format":"standard","meta":{"_acf_changed":false,"_yoast_wpseo_focuskw":"Boom-Phase","_yoast_wpseo_metadesc":"2021 ist mit einer Art Boom-Phase bei den Schweizer Exporten zu rechnen. Andere Konjunkturforscher warnen allerdings, dass dieser Effekt nicht andauert.","articlekey":"","footnotes":""},"categories":[1],"tags":[189,310,531],"class_list":["post-8082","post","type-post","status-publish","format-standard","has-post-thumbnail","hentry","category-allgemein","tag-export","tag-konjunktur","tag-wirtschaftspolitik"],"acf":[],"yoast_head":"<!-- This site is optimized with the Yoast SEO plugin v27.5 - https:\/\/yoast.com\/product\/yoast-seo-wordpress\/ -->\n<title>Boom-Phase im Export - doch f\u00fcr wie lange? - Organisator<\/title>\n<meta name=\"description\" content=\"2021 ist mit einer Art Boom-Phase bei den Schweizer Exporten zu rechnen. Andere Konjunkturforscher warnen allerdings, dass dieser Effekt nicht andauert.\" \/>\n<meta name=\"robots\" content=\"index, follow, max-snippet:-1, max-image-preview:large, max-video-preview:-1\" \/>\n<link rel=\"canonical\" href=\"https:\/\/www.organisator.ch\/fr\/general\/2021-05-28\/boom-phase-im-export-doch-fuer-wie-lange\/\" \/>\n<meta property=\"og:locale\" content=\"fr_FR\" \/>\n<meta property=\"og:type\" content=\"article\" \/>\n<meta property=\"og:title\" content=\"Boom-Phase im Export - doch f\u00fcr wie lange?\" \/>\n<meta property=\"og:description\" content=\"2021 ist mit einer Art Boom-Phase bei den Schweizer Exporten zu rechnen. Andere Konjunkturforscher warnen allerdings, dass dieser Effekt nicht andauert.\" \/>\n<meta property=\"og:url\" content=\"https:\/\/www.organisator.ch\/fr\/general\/2021-05-28\/boom-phase-im-export-doch-fuer-wie-lange\/\" \/>\n<meta property=\"og:site_name\" content=\"Organisator\" \/>\n<meta property=\"article:publisher\" content=\"https:\/\/www.facebook.com\/OrganisatorFachmagazin\" \/>\n<meta property=\"article:published_time\" content=\"2021-05-28T14:15:37+00:00\" \/>\n<meta property=\"og:image\" content=\"https:\/\/www.organisator.ch\/wp-content\/uploads\/2021\/05\/Boom-Phase-im-Export-doch-fuer-wie-lange_Organisator.jpg\" \/>\n\t<meta property=\"og:image:width\" content=\"680\" \/>\n\t<meta property=\"og:image:height\" content=\"489\" \/>\n\t<meta property=\"og:image:type\" content=\"image\/jpeg\" \/>\n<meta name=\"author\" content=\"thomas.berner\" \/>\n<meta name=\"twitter:card\" content=\"summary_large_image\" \/>\n<meta name=\"twitter:title\" content=\"#Boom-Phase im Export - doch f\u00fcr wie lange?\" \/>\n<meta name=\"twitter:description\" content=\"2021 ist mit einer Art #Boom-Phase bei den Schweizer Exporten zu rechnen. Andere #Konjunkturforscher warnen allerdings, dass dieser Effekt nicht andauert.\" \/>\n<meta name=\"twitter:image\" content=\"https:\/\/www.organisator.ch\/wp-content\/uploads\/2021\/05\/Boom-Phase-im-Export-doch-fuer-wie-lange_Organisator.jpg\" \/>\n<script type=\"application\/ld+json\" class=\"yoast-schema-graph\">{\"@context\":\"https:\\\/\\\/schema.org\",\"@graph\":[{\"@type\":\"Article\",\"@id\":\"https:\\\/\\\/www.organisator.ch\\\/de\\\/allgemein\\\/2021-05-28\\\/boom-phase-im-export-doch-fuer-wie-lange\\\/#article\",\"isPartOf\":{\"@id\":\"https:\\\/\\\/www.organisator.ch\\\/de\\\/allgemein\\\/2021-05-28\\\/boom-phase-im-export-doch-fuer-wie-lange\\\/\"},\"author\":{\"name\":\"thomas.berner\",\"@id\":\"https:\\\/\\\/www.organisator.ch\\\/#\\\/schema\\\/person\\\/6f650f90b2842cd4c0cc334b4e36f67e\"},\"headline\":\"Boom-Phase im Export &#8211; doch f\u00fcr wie lange?\",\"datePublished\":\"2021-05-28T14:15:37+00:00\",\"mainEntityOfPage\":{\"@id\":\"https:\\\/\\\/www.organisator.ch\\\/de\\\/allgemein\\\/2021-05-28\\\/boom-phase-im-export-doch-fuer-wie-lange\\\/\"},\"wordCount\":923,\"publisher\":{\"@id\":\"https:\\\/\\\/www.organisator.ch\\\/#organization\"},\"image\":{\"@id\":\"https:\\\/\\\/www.organisator.ch\\\/de\\\/allgemein\\\/2021-05-28\\\/boom-phase-im-export-doch-fuer-wie-lange\\\/#primaryimage\"},\"thumbnailUrl\":\"https:\\\/\\\/www.organisator.ch\\\/wp-content\\\/uploads\\\/2021\\\/05\\\/Boom-Phase-im-Export-doch-fuer-wie-lange_Organisator.jpg\",\"keywords\":[\"Export\",\"Konjunktur\",\"Wirtschaftspolitik\"],\"articleSection\":[\"Allgemein\"],\"inLanguage\":\"fr-FR\"},{\"@type\":\"WebPage\",\"@id\":\"https:\\\/\\\/www.organisator.ch\\\/de\\\/allgemein\\\/2021-05-28\\\/boom-phase-im-export-doch-fuer-wie-lange\\\/\",\"url\":\"https:\\\/\\\/www.organisator.ch\\\/de\\\/allgemein\\\/2021-05-28\\\/boom-phase-im-export-doch-fuer-wie-lange\\\/\",\"name\":\"Boom-Phase im Export - doch f\u00fcr wie lange? - Organisator\",\"isPartOf\":{\"@id\":\"https:\\\/\\\/www.organisator.ch\\\/#website\"},\"primaryImageOfPage\":{\"@id\":\"https:\\\/\\\/www.organisator.ch\\\/de\\\/allgemein\\\/2021-05-28\\\/boom-phase-im-export-doch-fuer-wie-lange\\\/#primaryimage\"},\"image\":{\"@id\":\"https:\\\/\\\/www.organisator.ch\\\/de\\\/allgemein\\\/2021-05-28\\\/boom-phase-im-export-doch-fuer-wie-lange\\\/#primaryimage\"},\"thumbnailUrl\":\"https:\\\/\\\/www.organisator.ch\\\/wp-content\\\/uploads\\\/2021\\\/05\\\/Boom-Phase-im-Export-doch-fuer-wie-lange_Organisator.jpg\",\"datePublished\":\"2021-05-28T14:15:37+00:00\",\"description\":\"2021 ist mit einer Art Boom-Phase bei den Schweizer Exporten zu rechnen. Andere Konjunkturforscher warnen allerdings, dass dieser Effekt nicht andauert.\",\"breadcrumb\":{\"@id\":\"https:\\\/\\\/www.organisator.ch\\\/de\\\/allgemein\\\/2021-05-28\\\/boom-phase-im-export-doch-fuer-wie-lange\\\/#breadcrumb\"},\"inLanguage\":\"fr-FR\",\"potentialAction\":[{\"@type\":\"ReadAction\",\"target\":[\"https:\\\/\\\/www.organisator.ch\\\/de\\\/allgemein\\\/2021-05-28\\\/boom-phase-im-export-doch-fuer-wie-lange\\\/\"]}]},{\"@type\":\"ImageObject\",\"inLanguage\":\"fr-FR\",\"@id\":\"https:\\\/\\\/www.organisator.ch\\\/de\\\/allgemein\\\/2021-05-28\\\/boom-phase-im-export-doch-fuer-wie-lange\\\/#primaryimage\",\"url\":\"https:\\\/\\\/www.organisator.ch\\\/wp-content\\\/uploads\\\/2021\\\/05\\\/Boom-Phase-im-Export-doch-fuer-wie-lange_Organisator.jpg\",\"contentUrl\":\"https:\\\/\\\/www.organisator.ch\\\/wp-content\\\/uploads\\\/2021\\\/05\\\/Boom-Phase-im-Export-doch-fuer-wie-lange_Organisator.jpg\",\"width\":680,\"height\":489,\"caption\":\"Die Konjunkturbarometer zeigen nach oben. Doch wie nachhaltig ist die Boom-Phase? (Bild: Pixabay.com)\"},{\"@type\":\"BreadcrumbList\",\"@id\":\"https:\\\/\\\/www.organisator.ch\\\/de\\\/allgemein\\\/2021-05-28\\\/boom-phase-im-export-doch-fuer-wie-lange\\\/#breadcrumb\",\"itemListElement\":[{\"@type\":\"ListItem\",\"position\":1,\"name\":\"Home\",\"item\":\"https:\\\/\\\/www.organisator.ch\\\/\"},{\"@type\":\"ListItem\",\"position\":2,\"name\":\"Boom-Phase im Export &#8211; doch f\u00fcr wie lange?\"}]},{\"@type\":\"WebSite\",\"@id\":\"https:\\\/\\\/www.organisator.ch\\\/#website\",\"url\":\"https:\\\/\\\/www.organisator.ch\\\/\",\"name\":\"Organisator\",\"description\":\"Kompetent. Praxisnah. Der ORGANISATOR bereitet in 10 Ausgaben pro Jahr die wesentlichen Themen f\u00fcr F\u00fchrungskr\u00e4fte von KMU auf.\",\"publisher\":{\"@id\":\"https:\\\/\\\/www.organisator.ch\\\/#organization\"},\"potentialAction\":[{\"@type\":\"SearchAction\",\"target\":{\"@type\":\"EntryPoint\",\"urlTemplate\":\"https:\\\/\\\/www.organisator.ch\\\/?s={search_term_string}\"},\"query-input\":{\"@type\":\"PropertyValueSpecification\",\"valueRequired\":true,\"valueName\":\"search_term_string\"}}],\"inLanguage\":\"fr-FR\"},{\"@type\":\"Organization\",\"@id\":\"https:\\\/\\\/www.organisator.ch\\\/#organization\",\"name\":\"Organisator\",\"url\":\"https:\\\/\\\/www.organisator.ch\\\/\",\"logo\":{\"@type\":\"ImageObject\",\"inLanguage\":\"fr-FR\",\"@id\":\"https:\\\/\\\/www.organisator.ch\\\/#\\\/schema\\\/logo\\\/image\\\/\",\"url\":\"https:\\\/\\\/www.organisator.ch\\\/wp-content\\\/uploads\\\/2022\\\/01\\\/Logo_Organisator_Website.png\",\"contentUrl\":\"https:\\\/\\\/www.organisator.ch\\\/wp-content\\\/uploads\\\/2022\\\/01\\\/Logo_Organisator_Website.png\",\"width\":800,\"height\":77,\"caption\":\"Organisator\"},\"image\":{\"@id\":\"https:\\\/\\\/www.organisator.ch\\\/#\\\/schema\\\/logo\\\/image\\\/\"},\"sameAs\":[\"https:\\\/\\\/www.facebook.com\\\/OrganisatorFachmagazin\",\"https:\\\/\\\/www.linkedin.com\\\/showcase\\\/organisator-das-magazin-fr-kmu\",\"https:\\\/\\\/www.xing.com\\\/news\\\/pages\\\/organisator-ch-695\",\"https:\\\/\\\/www.youtube.com\\\/channel\\\/UCGP2Sq0iWaZwT3BdIAQFYpw\"]},{\"@type\":\"Person\",\"@id\":\"https:\\\/\\\/www.organisator.ch\\\/#\\\/schema\\\/person\\\/6f650f90b2842cd4c0cc334b4e36f67e\",\"name\":\"thomas.berner\",\"image\":{\"@type\":\"ImageObject\",\"inLanguage\":\"fr-FR\",\"@id\":\"https:\\\/\\\/secure.gravatar.com\\\/avatar\\\/ac5001d2a36cb6c6cd3e50789007ffca834b477b74a2144564522e944eabff61?s=96&d=mm&r=g\",\"url\":\"https:\\\/\\\/secure.gravatar.com\\\/avatar\\\/ac5001d2a36cb6c6cd3e50789007ffca834b477b74a2144564522e944eabff61?s=96&d=mm&r=g\",\"contentUrl\":\"https:\\\/\\\/secure.gravatar.com\\\/avatar\\\/ac5001d2a36cb6c6cd3e50789007ffca834b477b74a2144564522e944eabff61?s=96&d=mm&r=g\",\"caption\":\"thomas.berner\"},\"url\":\"https:\\\/\\\/www.organisator.ch\\\/fr\\\/author\\\/thomas-berner\\\/\"}]}<\/script>\n<!-- \/ Yoast SEO plugin. -->","yoast_head_json":{"title":"Boom des exportations - mais pour combien de temps ? - Organisateur","description":"En 2021, on peut s'attendre \u00e0 une sorte de phase de boom des exportations suisses. D'autres chercheurs en conjoncture pr\u00e9viennent toutefois que cet effet ne durera pas.","robots":{"index":"index","follow":"follow","max-snippet":"max-snippet:-1","max-image-preview":"max-image-preview:large","max-video-preview":"max-video-preview:-1"},"canonical":"https:\/\/www.organisator.ch\/fr\/general\/2021-05-28\/boom-phase-im-export-doch-fuer-wie-lange\/","og_locale":"fr_FR","og_type":"article","og_title":"Boom-Phase im Export - doch f\u00fcr wie lange?","og_description":"2021 ist mit einer Art Boom-Phase bei den Schweizer Exporten zu rechnen. Andere Konjunkturforscher warnen allerdings, dass dieser Effekt nicht andauert.","og_url":"https:\/\/www.organisator.ch\/fr\/general\/2021-05-28\/boom-phase-im-export-doch-fuer-wie-lange\/","og_site_name":"Organisator","article_publisher":"https:\/\/www.facebook.com\/OrganisatorFachmagazin","article_published_time":"2021-05-28T14:15:37+00:00","og_image":[{"width":680,"height":489,"url":"https:\/\/www.organisator.ch\/wp-content\/uploads\/2021\/05\/Boom-Phase-im-Export-doch-fuer-wie-lange_Organisator.jpg","type":"image\/jpeg"}],"author":"thomas.berner","twitter_card":"summary_large_image","twitter_title":"#Boom-Phase im Export - doch f\u00fcr wie lange?","twitter_description":"2021 ist mit einer Art #Boom-Phase bei den Schweizer Exporten zu rechnen. Andere #Konjunkturforscher warnen allerdings, dass dieser Effekt nicht andauert.","twitter_image":"https:\/\/www.organisator.ch\/wp-content\/uploads\/2021\/05\/Boom-Phase-im-Export-doch-fuer-wie-lange_Organisator.jpg","schema":{"@context":"https:\/\/schema.org","@graph":[{"@type":"Article","@id":"https:\/\/www.organisator.ch\/de\/allgemein\/2021-05-28\/boom-phase-im-export-doch-fuer-wie-lange\/#article","isPartOf":{"@id":"https:\/\/www.organisator.ch\/de\/allgemein\/2021-05-28\/boom-phase-im-export-doch-fuer-wie-lange\/"},"author":{"name":"thomas.berner","@id":"https:\/\/www.organisator.ch\/#\/schema\/person\/6f650f90b2842cd4c0cc334b4e36f67e"},"headline":"Boom-Phase im Export &#8211; doch f\u00fcr wie lange?","datePublished":"2021-05-28T14:15:37+00:00","mainEntityOfPage":{"@id":"https:\/\/www.organisator.ch\/de\/allgemein\/2021-05-28\/boom-phase-im-export-doch-fuer-wie-lange\/"},"wordCount":923,"publisher":{"@id":"https:\/\/www.organisator.ch\/#organization"},"image":{"@id":"https:\/\/www.organisator.ch\/de\/allgemein\/2021-05-28\/boom-phase-im-export-doch-fuer-wie-lange\/#primaryimage"},"thumbnailUrl":"https:\/\/www.organisator.ch\/wp-content\/uploads\/2021\/05\/Boom-Phase-im-Export-doch-fuer-wie-lange_Organisator.jpg","keywords":["Export","Konjunktur","Wirtschaftspolitik"],"articleSection":["Allgemein"],"inLanguage":"fr-FR"},{"@type":"WebPage","@id":"https:\/\/www.organisator.ch\/de\/allgemein\/2021-05-28\/boom-phase-im-export-doch-fuer-wie-lange\/","url":"https:\/\/www.organisator.ch\/de\/allgemein\/2021-05-28\/boom-phase-im-export-doch-fuer-wie-lange\/","name":"Boom des exportations - mais pour combien de temps ? - Organisateur","isPartOf":{"@id":"https:\/\/www.organisator.ch\/#website"},"primaryImageOfPage":{"@id":"https:\/\/www.organisator.ch\/de\/allgemein\/2021-05-28\/boom-phase-im-export-doch-fuer-wie-lange\/#primaryimage"},"image":{"@id":"https:\/\/www.organisator.ch\/de\/allgemein\/2021-05-28\/boom-phase-im-export-doch-fuer-wie-lange\/#primaryimage"},"thumbnailUrl":"https:\/\/www.organisator.ch\/wp-content\/uploads\/2021\/05\/Boom-Phase-im-Export-doch-fuer-wie-lange_Organisator.jpg","datePublished":"2021-05-28T14:15:37+00:00","description":"En 2021, on peut s'attendre \u00e0 une sorte de phase de boom des exportations suisses. D'autres chercheurs en conjoncture pr\u00e9viennent toutefois que cet effet ne durera pas.","breadcrumb":{"@id":"https:\/\/www.organisator.ch\/de\/allgemein\/2021-05-28\/boom-phase-im-export-doch-fuer-wie-lange\/#breadcrumb"},"inLanguage":"fr-FR","potentialAction":[{"@type":"ReadAction","target":["https:\/\/www.organisator.ch\/de\/allgemein\/2021-05-28\/boom-phase-im-export-doch-fuer-wie-lange\/"]}]},{"@type":"ImageObject","inLanguage":"fr-FR","@id":"https:\/\/www.organisator.ch\/de\/allgemein\/2021-05-28\/boom-phase-im-export-doch-fuer-wie-lange\/#primaryimage","url":"https:\/\/www.organisator.ch\/wp-content\/uploads\/2021\/05\/Boom-Phase-im-Export-doch-fuer-wie-lange_Organisator.jpg","contentUrl":"https:\/\/www.organisator.ch\/wp-content\/uploads\/2021\/05\/Boom-Phase-im-Export-doch-fuer-wie-lange_Organisator.jpg","width":680,"height":489,"caption":"Die Konjunkturbarometer zeigen nach oben. Doch wie nachhaltig ist die Boom-Phase? (Bild: Pixabay.com)"},{"@type":"BreadcrumbList","@id":"https:\/\/www.organisator.ch\/de\/allgemein\/2021-05-28\/boom-phase-im-export-doch-fuer-wie-lange\/#breadcrumb","itemListElement":[{"@type":"ListItem","position":1,"name":"Home","item":"https:\/\/www.organisator.ch\/"},{"@type":"ListItem","position":2,"name":"Boom-Phase im Export &#8211; doch f\u00fcr wie lange?"}]},{"@type":"WebSite","@id":"https:\/\/www.organisator.ch\/#website","url":"https:\/\/www.organisator.ch\/","name":"Organisateur","description":"Comp\u00e9tence et comp\u00e9tence. Proches de la pratique. L'ORGANISATEUR pr\u00e9pare 10 num\u00e9ros par an sur les th\u00e8mes essentiels pour les dirigeants de PME.","publisher":{"@id":"https:\/\/www.organisator.ch\/#organization"},"potentialAction":[{"@type":"SearchAction","target":{"@type":"EntryPoint","urlTemplate":"https:\/\/www.organisator.ch\/?s={search_term_string}"},"query-input":{"@type":"PropertyValueSpecification","valueRequired":true,"valueName":"search_term_string"}}],"inLanguage":"fr-FR"},{"@type":"Organization","@id":"https:\/\/www.organisator.ch\/#organization","name":"Organisateur","url":"https:\/\/www.organisator.ch\/","logo":{"@type":"ImageObject","inLanguage":"fr-FR","@id":"https:\/\/www.organisator.ch\/#\/schema\/logo\/image\/","url":"https:\/\/www.organisator.ch\/wp-content\/uploads\/2022\/01\/Logo_Organisator_Website.png","contentUrl":"https:\/\/www.organisator.ch\/wp-content\/uploads\/2022\/01\/Logo_Organisator_Website.png","width":800,"height":77,"caption":"Organisator"},"image":{"@id":"https:\/\/www.organisator.ch\/#\/schema\/logo\/image\/"},"sameAs":["https:\/\/www.facebook.com\/OrganisatorFachmagazin","https:\/\/www.linkedin.com\/showcase\/organisator-das-magazin-fr-kmu","https:\/\/www.xing.com\/news\/pages\/organisator-ch-695","https:\/\/www.youtube.com\/channel\/UCGP2Sq0iWaZwT3BdIAQFYpw"]},{"@type":"Person","@id":"https:\/\/www.organisator.ch\/#\/schema\/person\/6f650f90b2842cd4c0cc334b4e36f67e","name":"thomas.berner","image":{"@type":"ImageObject","inLanguage":"fr-FR","@id":"https:\/\/secure.gravatar.com\/avatar\/ac5001d2a36cb6c6cd3e50789007ffca834b477b74a2144564522e944eabff61?s=96&d=mm&r=g","url":"https:\/\/secure.gravatar.com\/avatar\/ac5001d2a36cb6c6cd3e50789007ffca834b477b74a2144564522e944eabff61?s=96&d=mm&r=g","contentUrl":"https:\/\/secure.gravatar.com\/avatar\/ac5001d2a36cb6c6cd3e50789007ffca834b477b74a2144564522e944eabff61?s=96&d=mm&r=g","caption":"thomas.berner"},"url":"https:\/\/www.organisator.ch\/fr\/author\/thomas-berner\/"}]}},"_links":{"self":[{"href":"https:\/\/www.organisator.ch\/fr\/wp-json\/wp\/v2\/posts\/8082","targetHints":{"allow":["GET"]}}],"collection":[{"href":"https:\/\/www.organisator.ch\/fr\/wp-json\/wp\/v2\/posts"}],"about":[{"href":"https:\/\/www.organisator.ch\/fr\/wp-json\/wp\/v2\/types\/post"}],"author":[{"embeddable":true,"href":"https:\/\/www.organisator.ch\/fr\/wp-json\/wp\/v2\/users\/4"}],"replies":[{"embeddable":true,"href":"https:\/\/www.organisator.ch\/fr\/wp-json\/wp\/v2\/comments?post=8082"}],"version-history":[{"count":0,"href":"https:\/\/www.organisator.ch\/fr\/wp-json\/wp\/v2\/posts\/8082\/revisions"}],"wp:featuredmedia":[{"embeddable":true,"href":"https:\/\/www.organisator.ch\/fr\/wp-json\/wp\/v2\/media\/8083"}],"wp:attachment":[{"href":"https:\/\/www.organisator.ch\/fr\/wp-json\/wp\/v2\/media?parent=8082"}],"wp:term":[{"taxonomy":"category","embeddable":true,"href":"https:\/\/www.organisator.ch\/fr\/wp-json\/wp\/v2\/categories?post=8082"},{"taxonomy":"post_tag","embeddable":true,"href":"https:\/\/www.organisator.ch\/fr\/wp-json\/wp\/v2\/tags?post=8082"}],"curies":[{"name":"wp","href":"https:\/\/api.w.org\/{rel}","templated":true}]}}