{"id":8105,"date":"2021-06-03T16:17:28","date_gmt":"2021-06-03T14:17:28","guid":{"rendered":"https:\/\/www.organisator.ch\/?p=8105"},"modified":"2021-06-03T16:17:28","modified_gmt":"2021-06-03T14:17:28","slug":"it-fachmesse-topsoft-am-1-2-september-2021-voraussichtlich-wieder-live","status":"publish","type":"post","link":"https:\/\/www.organisator.ch\/fr\/management\/it\/2021-06-03\/it-fachmesse-topsoft-am-1-2-september-2021-voraussichtlich-wieder-live\/","title":{"rendered":"Le salon professionnel IT topsoft sera probablement de retour en direct les 1er et 2 septembre 2021"},"content":{"rendered":"<figure id=\"attachment_8106\" aria-describedby=\"caption-attachment-8106\" style=\"width: 680px\" class=\"wp-caption alignnone\"><img loading=\"lazy\" decoding=\"async\" class=\"size-medium wp-image-8106\" src=\"https:\/\/www.organisator.ch\/wp-content\/uploads\/2021\/06\/IT-Fachmesse-topsoft-am-1-2-September-2021-voraussichtlich-wieder-live_Organisator.jpg\" alt=\"\" width=\"680\" height=\"256\" srcset=\"https:\/\/www.organisator.ch\/wp-content\/uploads\/2021\/06\/IT-Fachmesse-topsoft-am-1-2-September-2021-voraussichtlich-wieder-live_Organisator.jpg 680w, https:\/\/www.organisator.ch\/wp-content\/uploads\/2021\/06\/IT-Fachmesse-topsoft-am-1-2-September-2021-voraussichtlich-wieder-live_Organisator-16x6.jpg 16w, https:\/\/www.organisator.ch\/wp-content\/uploads\/2021\/06\/IT-Fachmesse-topsoft-am-1-2-September-2021-voraussichtlich-wieder-live_Organisator-375x141.jpg 375w, https:\/\/www.organisator.ch\/wp-content\/uploads\/2021\/06\/IT-Fachmesse-topsoft-am-1-2-September-2021-voraussichtlich-wieder-live_Organisator-300x113.jpg 300w\" sizes=\"auto, (max-width: 680px) 100vw, 680px\" \/><figcaption id=\"caption-attachment-8106\" class=\"wp-caption-text\">Les 1er et 2 septembre 2021, \u00e0 nouveau en direct de l'Umweltarena de Spreitenbach : le salon professionnel suisse de l'informatique topsoft.<\/figcaption><\/figure>\n<p>En mati\u00e8re d'\u00e9v\u00e9nements, une nette d\u00e9tente se dessine un peu partout. Les organisateurs du salon informatique topsoft peuvent \u00e0 nouveau esp\u00e9rer l'organiser. <a href=\"https:\/\/www.organisator.ch\/topsoft-wird-auf-2021-verschoben-hybrider-anlass-am-2-3-september-2020\/\">Derni\u00e8re ann\u00e9e<\/a> les organisateurs de l'exposition ont d\u00fb faire face \u00e0 des conditions rigoureuses. \"Nous organisons le salon professionnel topsoft depuis de nombreuses ann\u00e9es avec une grande passion, le contact personnel entre les visiteurs, les conf\u00e9renciers et les exposants est essentiel - et ni le plexiglas, ni les masques faciaux, ni les r\u00e8gles de distance n'y sont adapt\u00e9s\", \u00e9crivaient alors les organisateurs de Topsoft.<\/p>\n<h2>Une pause de r\u00e9flexion utilis\u00e9e de mani\u00e8re cr\u00e9ative<\/h2>\n<p>Il en va tout autrement aujourd'hui : \"Organiser enfin \u00e0 nouveau une grande manifestation en direct est tout simplement fantastique\", s'enthousiasme Cyrill Schmid, l'organisateur du salon. Depuis pr\u00e8s de 30 ans, l'\u00e9v\u00e9nement informatique \u00e9tait un rendez-vous incontournable dans l'agenda des principaux fournisseurs de logiciels et maisons de syst\u00e8mes. \"Le renoncement de l'ann\u00e9e derni\u00e8re n'a pas \u00e9t\u00e9 facile, bien qu'il ait \u00e9t\u00e9 justifi\u00e9. Nous avons mis \u00e0 profit de mani\u00e8re cr\u00e9ative la pause de r\u00e9flexion qui nous a \u00e9t\u00e9 prescrite et nous avons int\u00e9gr\u00e9 de nouvelles impulsions dans le salon \u00e0 venir\", explique Cyrill Schmid en revenant sur les mois pass\u00e9s. L'impatience d'assister \u00e0 l'\u00e9v\u00e9nement en septembre est palpable chez tous. Le fait qu'une soixantaine de demandes d'exposants potentiels aient d\u00e9j\u00e0 \u00e9t\u00e9 d\u00e9pos\u00e9es entre-temps est \u00e9galement motivant.<\/p>\n<h2>Re-d\u00e9marrage du salon professionnel IT topsoft dans le \"nouveau normal<\/h2>\n<p>Malgr\u00e9 l'\u00e9cho positif, le salon professionnel IT topsoft reste pour l'instant modeste. L'objectif r\u00e9aliste est de r\u00e9unir une cinquantaine d'exposants pour le red\u00e9marrage. \"Nous devons tous apprendre \u00e0 nous adapter \u00e0 la nouvelle norme. Mais les restrictions des derniers mois et l'absence de possibilit\u00e9s de contact personnel ont clairement montr\u00e9 \u00e0 quel point les \u00e9v\u00e9nements en direct sont pr\u00e9cieux et indispensables\", souligne le responsable marketing de topsoft, Christian B\u00fchlmann. L'importance de la num\u00e9risation s'est nettement accrue, surtout ces derniers mois. De nombreuses PME ont fait des exp\u00e9riences concr\u00e8tes avec les appels vid\u00e9o et le t\u00e9l\u00e9travail. Le meilleur moyen de savoir dans quels domaines sommeille encore un plus grand potentiel num\u00e9rique est d'assister \u00e0 une visite en direct du salon topsoft 2021.<\/p>\n<p><em>Source et informations compl\u00e9mentaires : <a href=\"http:\/\/www.topsoft.ch\">www.topsoft.ch<\/a><\/em><\/p>","protected":false},"excerpt":{"rendered":"<p>In Sachen Events zeichnet sich all\u00fcberall eine deutliche Entspannung ab. Nun d\u00fcrfen auch die Organisatoren der IT-Fachmesse topsoft wieder auf eine Durchf\u00fchrung hoffen. Letztes Jahr machten die rigorosen Auflagen den Ausstellungs-Machern einen Strich durch die Rechnung. &#8222;Wir organisieren die topsoft-Fachmesse seit vielen Jahren mit grosser Leidenschaft, der pers\u00f6nliche Kontakt zwischen Besuchenden, Referierenden und Ausstellenden ist [&hellip;]<\/p>\n","protected":false},"author":4,"featured_media":8106,"comment_status":"closed","ping_status":"closed","sticky":false,"template":"","format":"standard","meta":{"_acf_changed":false,"_yoast_wpseo_focuskw":"IT-Fachmesse topsoft","_yoast_wpseo_metadesc":"Nachdem letztes Jahr die IT-Fachmesse topsoft corona-bedingt abgesagt werden musste, ist f\u00fcr dieses Jahr ein Restart geplant.","articlekey":"","footnotes":""},"categories":[27],"tags":[193,288,482],"class_list":["post-8105","post","type-post","status-publish","format-standard","has-post-thumbnail","hentry","category-it","tag-fachkongressfachmesse","tag-it-business-software","tag-topsoft"],"acf":[],"yoast_head":"<!-- This site is optimized with the Yoast SEO plugin v27.4 - https:\/\/yoast.com\/product\/yoast-seo-wordpress\/ -->\n<title>IT-Fachmesse topsoft am 1.\/2. September 2021 voraussichtlich wieder live - Organisator<\/title>\n<meta name=\"description\" content=\"Nachdem letztes Jahr die IT-Fachmesse topsoft corona-bedingt abgesagt werden musste, ist f\u00fcr dieses Jahr ein Restart geplant.\" \/>\n<meta name=\"robots\" content=\"index, follow, max-snippet:-1, max-image-preview:large, max-video-preview:-1\" \/>\n<link rel=\"canonical\" href=\"https:\/\/www.organisator.ch\/fr\/gestion-2\/it\/2021-06-03\/it-fachmesse-topsoft-am-1-2-september-2021-voraussichtlich-wieder-live\/\" \/>\n<meta property=\"og:locale\" content=\"fr_FR\" \/>\n<meta property=\"og:type\" content=\"article\" \/>\n<meta property=\"og:title\" content=\"IT-Fachmesse topsoft am 1.\/2. September 2021 voraussichtlich wieder live\" \/>\n<meta property=\"og:description\" content=\"Nachdem letztes Jahr die IT-Fachmesse topsoft corona-bedingt abgesagt werden musste, ist f\u00fcr dieses Jahr ein Restart geplant.\" \/>\n<meta property=\"og:url\" content=\"https:\/\/www.organisator.ch\/fr\/gestion-2\/it\/2021-06-03\/it-fachmesse-topsoft-am-1-2-september-2021-voraussichtlich-wieder-live\/\" \/>\n<meta property=\"og:site_name\" content=\"Organisator\" \/>\n<meta property=\"article:publisher\" content=\"https:\/\/www.facebook.com\/OrganisatorFachmagazin\" \/>\n<meta property=\"article:published_time\" content=\"2021-06-03T14:17:28+00:00\" \/>\n<meta property=\"og:image\" content=\"https:\/\/www.organisator.ch\/wp-content\/uploads\/2021\/06\/IT-Fachmesse-topsoft-am-1-2-September-2021-voraussichtlich-wieder-live_Organisator.jpg\" \/>\n\t<meta property=\"og:image:width\" content=\"680\" \/>\n\t<meta property=\"og:image:height\" content=\"256\" \/>\n\t<meta property=\"og:image:type\" content=\"image\/jpeg\" \/>\n<meta name=\"author\" content=\"thomas.berner\" \/>\n<meta name=\"twitter:card\" content=\"summary_large_image\" \/>\n<meta name=\"twitter:title\" content=\"#IT-Fachmesse #topsoft am 1.\/2. September 2021 voraussichtlich wieder live\" \/>\n<meta name=\"twitter:description\" content=\"Nachdem letztes Jahr die #IT-Fachmesse #topsoft corona-bedingt abgesagt werden musste, ist f\u00fcr dieses Jahr ein Restart geplant.\" \/>\n<meta name=\"twitter:image\" content=\"https:\/\/www.organisator.ch\/wp-content\/uploads\/2021\/06\/IT-Fachmesse-topsoft-am-1-2-September-2021-voraussichtlich-wieder-live_Organisator.jpg\" \/>\n<script type=\"application\/ld+json\" class=\"yoast-schema-graph\">{\"@context\":\"https:\\\/\\\/schema.org\",\"@graph\":[{\"@type\":\"Article\",\"@id\":\"https:\\\/\\\/www.organisator.ch\\\/management\\\/it\\\/2021-06-03\\\/it-fachmesse-topsoft-am-1-2-september-2021-voraussichtlich-wieder-live\\\/#article\",\"isPartOf\":{\"@id\":\"https:\\\/\\\/www.organisator.ch\\\/management\\\/it\\\/2021-06-03\\\/it-fachmesse-topsoft-am-1-2-september-2021-voraussichtlich-wieder-live\\\/\"},\"author\":{\"name\":\"thomas.berner\",\"@id\":\"https:\\\/\\\/www.organisator.ch\\\/#\\\/schema\\\/person\\\/6f650f90b2842cd4c0cc334b4e36f67e\"},\"headline\":\"IT-Fachmesse topsoft am 1.\\\/2. September 2021 voraussichtlich wieder live\",\"datePublished\":\"2021-06-03T14:17:28+00:00\",\"mainEntityOfPage\":{\"@id\":\"https:\\\/\\\/www.organisator.ch\\\/management\\\/it\\\/2021-06-03\\\/it-fachmesse-topsoft-am-1-2-september-2021-voraussichtlich-wieder-live\\\/\"},\"wordCount\":331,\"publisher\":{\"@id\":\"https:\\\/\\\/www.organisator.ch\\\/#organization\"},\"image\":{\"@id\":\"https:\\\/\\\/www.organisator.ch\\\/management\\\/it\\\/2021-06-03\\\/it-fachmesse-topsoft-am-1-2-september-2021-voraussichtlich-wieder-live\\\/#primaryimage\"},\"thumbnailUrl\":\"https:\\\/\\\/www.organisator.ch\\\/wp-content\\\/uploads\\\/2021\\\/06\\\/IT-Fachmesse-topsoft-am-1-2-September-2021-voraussichtlich-wieder-live_Organisator.jpg\",\"keywords\":[\"Fachkongress\\\/Fachmesse\",\"IT &amp; Business Software\",\"topsoft\"],\"articleSection\":[\"IT\"],\"inLanguage\":\"fr-FR\"},{\"@type\":\"WebPage\",\"@id\":\"https:\\\/\\\/www.organisator.ch\\\/management\\\/it\\\/2021-06-03\\\/it-fachmesse-topsoft-am-1-2-september-2021-voraussichtlich-wieder-live\\\/\",\"url\":\"https:\\\/\\\/www.organisator.ch\\\/management\\\/it\\\/2021-06-03\\\/it-fachmesse-topsoft-am-1-2-september-2021-voraussichtlich-wieder-live\\\/\",\"name\":\"IT-Fachmesse topsoft am 1.\\\/2. September 2021 voraussichtlich wieder live - Organisator\",\"isPartOf\":{\"@id\":\"https:\\\/\\\/www.organisator.ch\\\/#website\"},\"primaryImageOfPage\":{\"@id\":\"https:\\\/\\\/www.organisator.ch\\\/management\\\/it\\\/2021-06-03\\\/it-fachmesse-topsoft-am-1-2-september-2021-voraussichtlich-wieder-live\\\/#primaryimage\"},\"image\":{\"@id\":\"https:\\\/\\\/www.organisator.ch\\\/management\\\/it\\\/2021-06-03\\\/it-fachmesse-topsoft-am-1-2-september-2021-voraussichtlich-wieder-live\\\/#primaryimage\"},\"thumbnailUrl\":\"https:\\\/\\\/www.organisator.ch\\\/wp-content\\\/uploads\\\/2021\\\/06\\\/IT-Fachmesse-topsoft-am-1-2-September-2021-voraussichtlich-wieder-live_Organisator.jpg\",\"datePublished\":\"2021-06-03T14:17:28+00:00\",\"description\":\"Nachdem letztes Jahr die IT-Fachmesse topsoft corona-bedingt abgesagt werden musste, ist f\u00fcr dieses Jahr ein Restart geplant.\",\"breadcrumb\":{\"@id\":\"https:\\\/\\\/www.organisator.ch\\\/management\\\/it\\\/2021-06-03\\\/it-fachmesse-topsoft-am-1-2-september-2021-voraussichtlich-wieder-live\\\/#breadcrumb\"},\"inLanguage\":\"fr-FR\",\"potentialAction\":[{\"@type\":\"ReadAction\",\"target\":[\"https:\\\/\\\/www.organisator.ch\\\/management\\\/it\\\/2021-06-03\\\/it-fachmesse-topsoft-am-1-2-september-2021-voraussichtlich-wieder-live\\\/\"]}]},{\"@type\":\"ImageObject\",\"inLanguage\":\"fr-FR\",\"@id\":\"https:\\\/\\\/www.organisator.ch\\\/management\\\/it\\\/2021-06-03\\\/it-fachmesse-topsoft-am-1-2-september-2021-voraussichtlich-wieder-live\\\/#primaryimage\",\"url\":\"https:\\\/\\\/www.organisator.ch\\\/wp-content\\\/uploads\\\/2021\\\/06\\\/IT-Fachmesse-topsoft-am-1-2-September-2021-voraussichtlich-wieder-live_Organisator.jpg\",\"contentUrl\":\"https:\\\/\\\/www.organisator.ch\\\/wp-content\\\/uploads\\\/2021\\\/06\\\/IT-Fachmesse-topsoft-am-1-2-September-2021-voraussichtlich-wieder-live_Organisator.jpg\",\"width\":680,\"height\":256,\"caption\":\"Am 1.\\\/2. September 2021 wieder live in der Umweltarena Spreitenbach: Die Schweizer IT-Fachmesse topsoft.\"},{\"@type\":\"BreadcrumbList\",\"@id\":\"https:\\\/\\\/www.organisator.ch\\\/management\\\/it\\\/2021-06-03\\\/it-fachmesse-topsoft-am-1-2-september-2021-voraussichtlich-wieder-live\\\/#breadcrumb\",\"itemListElement\":[{\"@type\":\"ListItem\",\"position\":1,\"name\":\"Home\",\"item\":\"https:\\\/\\\/www.organisator.ch\\\/\"},{\"@type\":\"ListItem\",\"position\":2,\"name\":\"IT-Fachmesse topsoft am 1.\\\/2. September 2021 voraussichtlich wieder live\"}]},{\"@type\":\"WebSite\",\"@id\":\"https:\\\/\\\/www.organisator.ch\\\/#website\",\"url\":\"https:\\\/\\\/www.organisator.ch\\\/\",\"name\":\"Organisator\",\"description\":\"Kompetent. Praxisnah. Der ORGANISATOR bereitet in 10 Ausgaben pro Jahr die wesentlichen Themen f\u00fcr F\u00fchrungskr\u00e4fte von KMU auf.\",\"publisher\":{\"@id\":\"https:\\\/\\\/www.organisator.ch\\\/#organization\"},\"potentialAction\":[{\"@type\":\"SearchAction\",\"target\":{\"@type\":\"EntryPoint\",\"urlTemplate\":\"https:\\\/\\\/www.organisator.ch\\\/?s={search_term_string}\"},\"query-input\":{\"@type\":\"PropertyValueSpecification\",\"valueRequired\":true,\"valueName\":\"search_term_string\"}}],\"inLanguage\":\"fr-FR\"},{\"@type\":\"Organization\",\"@id\":\"https:\\\/\\\/www.organisator.ch\\\/#organization\",\"name\":\"Organisator\",\"url\":\"https:\\\/\\\/www.organisator.ch\\\/\",\"logo\":{\"@type\":\"ImageObject\",\"inLanguage\":\"fr-FR\",\"@id\":\"https:\\\/\\\/www.organisator.ch\\\/#\\\/schema\\\/logo\\\/image\\\/\",\"url\":\"https:\\\/\\\/www.organisator.ch\\\/wp-content\\\/uploads\\\/2022\\\/01\\\/Logo_Organisator_Website.png\",\"contentUrl\":\"https:\\\/\\\/www.organisator.ch\\\/wp-content\\\/uploads\\\/2022\\\/01\\\/Logo_Organisator_Website.png\",\"width\":800,\"height\":77,\"caption\":\"Organisator\"},\"image\":{\"@id\":\"https:\\\/\\\/www.organisator.ch\\\/#\\\/schema\\\/logo\\\/image\\\/\"},\"sameAs\":[\"https:\\\/\\\/www.facebook.com\\\/OrganisatorFachmagazin\",\"https:\\\/\\\/www.linkedin.com\\\/showcase\\\/organisator-das-magazin-fr-kmu\",\"https:\\\/\\\/www.xing.com\\\/news\\\/pages\\\/organisator-ch-695\",\"https:\\\/\\\/www.youtube.com\\\/channel\\\/UCGP2Sq0iWaZwT3BdIAQFYpw\"]},{\"@type\":\"Person\",\"@id\":\"https:\\\/\\\/www.organisator.ch\\\/#\\\/schema\\\/person\\\/6f650f90b2842cd4c0cc334b4e36f67e\",\"name\":\"thomas.berner\",\"image\":{\"@type\":\"ImageObject\",\"inLanguage\":\"fr-FR\",\"@id\":\"https:\\\/\\\/secure.gravatar.com\\\/avatar\\\/ac5001d2a36cb6c6cd3e50789007ffca834b477b74a2144564522e944eabff61?s=96&d=mm&r=g\",\"url\":\"https:\\\/\\\/secure.gravatar.com\\\/avatar\\\/ac5001d2a36cb6c6cd3e50789007ffca834b477b74a2144564522e944eabff61?s=96&d=mm&r=g\",\"contentUrl\":\"https:\\\/\\\/secure.gravatar.com\\\/avatar\\\/ac5001d2a36cb6c6cd3e50789007ffca834b477b74a2144564522e944eabff61?s=96&d=mm&r=g\",\"caption\":\"thomas.berner\"},\"url\":\"https:\\\/\\\/www.organisator.ch\\\/fr\\\/author\\\/thomas-berner\\\/\"}]}<\/script>\n<!-- \/ Yoast SEO plugin. -->","yoast_head_json":{"title":"Le salon professionnel IT topsoft sera probablement \u00e0 nouveau en direct les 1er et 2 septembre 2021 - Organisateur","description":"Apr\u00e8s l'annulation du salon professionnel IT topsoft l'ann\u00e9e derni\u00e8re pour cause de corona, un red\u00e9marrage est pr\u00e9vu pour cette ann\u00e9e.","robots":{"index":"index","follow":"follow","max-snippet":"max-snippet:-1","max-image-preview":"max-image-preview:large","max-video-preview":"max-video-preview:-1"},"canonical":"https:\/\/www.organisator.ch\/fr\/gestion-2\/it\/2021-06-03\/it-fachmesse-topsoft-am-1-2-september-2021-voraussichtlich-wieder-live\/","og_locale":"fr_FR","og_type":"article","og_title":"IT-Fachmesse topsoft am 1.\/2. September 2021 voraussichtlich wieder live","og_description":"Nachdem letztes Jahr die IT-Fachmesse topsoft corona-bedingt abgesagt werden musste, ist f\u00fcr dieses Jahr ein Restart geplant.","og_url":"https:\/\/www.organisator.ch\/fr\/gestion-2\/it\/2021-06-03\/it-fachmesse-topsoft-am-1-2-september-2021-voraussichtlich-wieder-live\/","og_site_name":"Organisator","article_publisher":"https:\/\/www.facebook.com\/OrganisatorFachmagazin","article_published_time":"2021-06-03T14:17:28+00:00","og_image":[{"width":680,"height":256,"url":"https:\/\/www.organisator.ch\/wp-content\/uploads\/2021\/06\/IT-Fachmesse-topsoft-am-1-2-September-2021-voraussichtlich-wieder-live_Organisator.jpg","type":"image\/jpeg"}],"author":"thomas.berner","twitter_card":"summary_large_image","twitter_title":"#IT-Fachmesse #topsoft am 1.\/2. September 2021 voraussichtlich wieder live","twitter_description":"Nachdem letztes Jahr die #IT-Fachmesse #topsoft corona-bedingt abgesagt werden musste, ist f\u00fcr dieses Jahr ein Restart geplant.","twitter_image":"https:\/\/www.organisator.ch\/wp-content\/uploads\/2021\/06\/IT-Fachmesse-topsoft-am-1-2-September-2021-voraussichtlich-wieder-live_Organisator.jpg","schema":{"@context":"https:\/\/schema.org","@graph":[{"@type":"Article","@id":"https:\/\/www.organisator.ch\/management\/it\/2021-06-03\/it-fachmesse-topsoft-am-1-2-september-2021-voraussichtlich-wieder-live\/#article","isPartOf":{"@id":"https:\/\/www.organisator.ch\/management\/it\/2021-06-03\/it-fachmesse-topsoft-am-1-2-september-2021-voraussichtlich-wieder-live\/"},"author":{"name":"thomas.berner","@id":"https:\/\/www.organisator.ch\/#\/schema\/person\/6f650f90b2842cd4c0cc334b4e36f67e"},"headline":"IT-Fachmesse topsoft am 1.\/2. September 2021 voraussichtlich wieder live","datePublished":"2021-06-03T14:17:28+00:00","mainEntityOfPage":{"@id":"https:\/\/www.organisator.ch\/management\/it\/2021-06-03\/it-fachmesse-topsoft-am-1-2-september-2021-voraussichtlich-wieder-live\/"},"wordCount":331,"publisher":{"@id":"https:\/\/www.organisator.ch\/#organization"},"image":{"@id":"https:\/\/www.organisator.ch\/management\/it\/2021-06-03\/it-fachmesse-topsoft-am-1-2-september-2021-voraussichtlich-wieder-live\/#primaryimage"},"thumbnailUrl":"https:\/\/www.organisator.ch\/wp-content\/uploads\/2021\/06\/IT-Fachmesse-topsoft-am-1-2-September-2021-voraussichtlich-wieder-live_Organisator.jpg","keywords":["Fachkongress\/Fachmesse","IT &amp; Business Software","topsoft"],"articleSection":["IT"],"inLanguage":"fr-FR"},{"@type":"WebPage","@id":"https:\/\/www.organisator.ch\/management\/it\/2021-06-03\/it-fachmesse-topsoft-am-1-2-september-2021-voraussichtlich-wieder-live\/","url":"https:\/\/www.organisator.ch\/management\/it\/2021-06-03\/it-fachmesse-topsoft-am-1-2-september-2021-voraussichtlich-wieder-live\/","name":"Le salon professionnel IT topsoft sera probablement \u00e0 nouveau en direct les 1er et 2 septembre 2021 - Organisateur","isPartOf":{"@id":"https:\/\/www.organisator.ch\/#website"},"primaryImageOfPage":{"@id":"https:\/\/www.organisator.ch\/management\/it\/2021-06-03\/it-fachmesse-topsoft-am-1-2-september-2021-voraussichtlich-wieder-live\/#primaryimage"},"image":{"@id":"https:\/\/www.organisator.ch\/management\/it\/2021-06-03\/it-fachmesse-topsoft-am-1-2-september-2021-voraussichtlich-wieder-live\/#primaryimage"},"thumbnailUrl":"https:\/\/www.organisator.ch\/wp-content\/uploads\/2021\/06\/IT-Fachmesse-topsoft-am-1-2-September-2021-voraussichtlich-wieder-live_Organisator.jpg","datePublished":"2021-06-03T14:17:28+00:00","description":"Apr\u00e8s l'annulation du salon professionnel IT topsoft l'ann\u00e9e derni\u00e8re pour cause de corona, un red\u00e9marrage est pr\u00e9vu pour cette ann\u00e9e.","breadcrumb":{"@id":"https:\/\/www.organisator.ch\/management\/it\/2021-06-03\/it-fachmesse-topsoft-am-1-2-september-2021-voraussichtlich-wieder-live\/#breadcrumb"},"inLanguage":"fr-FR","potentialAction":[{"@type":"ReadAction","target":["https:\/\/www.organisator.ch\/management\/it\/2021-06-03\/it-fachmesse-topsoft-am-1-2-september-2021-voraussichtlich-wieder-live\/"]}]},{"@type":"ImageObject","inLanguage":"fr-FR","@id":"https:\/\/www.organisator.ch\/management\/it\/2021-06-03\/it-fachmesse-topsoft-am-1-2-september-2021-voraussichtlich-wieder-live\/#primaryimage","url":"https:\/\/www.organisator.ch\/wp-content\/uploads\/2021\/06\/IT-Fachmesse-topsoft-am-1-2-September-2021-voraussichtlich-wieder-live_Organisator.jpg","contentUrl":"https:\/\/www.organisator.ch\/wp-content\/uploads\/2021\/06\/IT-Fachmesse-topsoft-am-1-2-September-2021-voraussichtlich-wieder-live_Organisator.jpg","width":680,"height":256,"caption":"Am 1.\/2. September 2021 wieder live in der Umweltarena Spreitenbach: Die Schweizer IT-Fachmesse topsoft."},{"@type":"BreadcrumbList","@id":"https:\/\/www.organisator.ch\/management\/it\/2021-06-03\/it-fachmesse-topsoft-am-1-2-september-2021-voraussichtlich-wieder-live\/#breadcrumb","itemListElement":[{"@type":"ListItem","position":1,"name":"Home","item":"https:\/\/www.organisator.ch\/"},{"@type":"ListItem","position":2,"name":"IT-Fachmesse topsoft am 1.\/2. September 2021 voraussichtlich wieder live"}]},{"@type":"WebSite","@id":"https:\/\/www.organisator.ch\/#website","url":"https:\/\/www.organisator.ch\/","name":"Organisateur","description":"Comp\u00e9tence et comp\u00e9tence. Proches de la pratique. L'ORGANISATEUR pr\u00e9pare 10 num\u00e9ros par an sur les th\u00e8mes essentiels pour les dirigeants de PME.","publisher":{"@id":"https:\/\/www.organisator.ch\/#organization"},"potentialAction":[{"@type":"SearchAction","target":{"@type":"EntryPoint","urlTemplate":"https:\/\/www.organisator.ch\/?s={search_term_string}"},"query-input":{"@type":"PropertyValueSpecification","valueRequired":true,"valueName":"search_term_string"}}],"inLanguage":"fr-FR"},{"@type":"Organization","@id":"https:\/\/www.organisator.ch\/#organization","name":"Organisateur","url":"https:\/\/www.organisator.ch\/","logo":{"@type":"ImageObject","inLanguage":"fr-FR","@id":"https:\/\/www.organisator.ch\/#\/schema\/logo\/image\/","url":"https:\/\/www.organisator.ch\/wp-content\/uploads\/2022\/01\/Logo_Organisator_Website.png","contentUrl":"https:\/\/www.organisator.ch\/wp-content\/uploads\/2022\/01\/Logo_Organisator_Website.png","width":800,"height":77,"caption":"Organisator"},"image":{"@id":"https:\/\/www.organisator.ch\/#\/schema\/logo\/image\/"},"sameAs":["https:\/\/www.facebook.com\/OrganisatorFachmagazin","https:\/\/www.linkedin.com\/showcase\/organisator-das-magazin-fr-kmu","https:\/\/www.xing.com\/news\/pages\/organisator-ch-695","https:\/\/www.youtube.com\/channel\/UCGP2Sq0iWaZwT3BdIAQFYpw"]},{"@type":"Person","@id":"https:\/\/www.organisator.ch\/#\/schema\/person\/6f650f90b2842cd4c0cc334b4e36f67e","name":"thomas.berner","image":{"@type":"ImageObject","inLanguage":"fr-FR","@id":"https:\/\/secure.gravatar.com\/avatar\/ac5001d2a36cb6c6cd3e50789007ffca834b477b74a2144564522e944eabff61?s=96&d=mm&r=g","url":"https:\/\/secure.gravatar.com\/avatar\/ac5001d2a36cb6c6cd3e50789007ffca834b477b74a2144564522e944eabff61?s=96&d=mm&r=g","contentUrl":"https:\/\/secure.gravatar.com\/avatar\/ac5001d2a36cb6c6cd3e50789007ffca834b477b74a2144564522e944eabff61?s=96&d=mm&r=g","caption":"thomas.berner"},"url":"https:\/\/www.organisator.ch\/fr\/author\/thomas-berner\/"}]}},"_links":{"self":[{"href":"https:\/\/www.organisator.ch\/fr\/wp-json\/wp\/v2\/posts\/8105","targetHints":{"allow":["GET"]}}],"collection":[{"href":"https:\/\/www.organisator.ch\/fr\/wp-json\/wp\/v2\/posts"}],"about":[{"href":"https:\/\/www.organisator.ch\/fr\/wp-json\/wp\/v2\/types\/post"}],"author":[{"embeddable":true,"href":"https:\/\/www.organisator.ch\/fr\/wp-json\/wp\/v2\/users\/4"}],"replies":[{"embeddable":true,"href":"https:\/\/www.organisator.ch\/fr\/wp-json\/wp\/v2\/comments?post=8105"}],"version-history":[{"count":0,"href":"https:\/\/www.organisator.ch\/fr\/wp-json\/wp\/v2\/posts\/8105\/revisions"}],"wp:featuredmedia":[{"embeddable":true,"href":"https:\/\/www.organisator.ch\/fr\/wp-json\/wp\/v2\/media\/8106"}],"wp:attachment":[{"href":"https:\/\/www.organisator.ch\/fr\/wp-json\/wp\/v2\/media?parent=8105"}],"wp:term":[{"taxonomy":"category","embeddable":true,"href":"https:\/\/www.organisator.ch\/fr\/wp-json\/wp\/v2\/categories?post=8105"},{"taxonomy":"post_tag","embeddable":true,"href":"https:\/\/www.organisator.ch\/fr\/wp-json\/wp\/v2\/tags?post=8105"}],"curies":[{"name":"wp","href":"https:\/\/api.w.org\/{rel}","templated":true}]}}