{"id":8108,"date":"2021-06-04T12:00:34","date_gmt":"2021-06-04T10:00:34","guid":{"rendered":"https:\/\/www.organisator.ch\/?p=8108"},"modified":"2021-06-04T12:00:34","modified_gmt":"2021-06-04T10:00:34","slug":"futur-work-barometer-entreprise-prendre-pret-pour-le-monde-du-travail-4-0","status":"publish","type":"post","link":"https:\/\/www.organisator.ch\/fr\/management\/2021-06-04\/future-work-barometer-unternehmen-zunehmend-reif-fuer-arbeitswelt-4-0\/","title":{"rendered":"Barom\u00e8tre du travail du futur : Les entreprises de plus en plus m\u00fbres pour le monde du travail 4.0"},"content":{"rendered":"<p>Il y a tout juste un an, en juillet 2020, la premi\u00e8re mesure de r\u00e9f\u00e9rence du Future Work Barometer \u00e9tait disponible. Une \u00e9tude r\u00e9alis\u00e9e par la <a href=\"https:\/\/www.futureworkgroup.ch\/\">Future Work Group GmbH<\/a> en collaboration avec la FHNW Hochschule f\u00fcr Wirtschaft et ORGANISATOR. L'objectif est de suivre l'\u00e9volution des entreprises en mati\u00e8re de num\u00e9risation du monde du travail depuis le d\u00e9but de la pand\u00e9mie. La mesure effectu\u00e9e en avril 2021, \u00e0 laquelle 272 entreprises ont particip\u00e9, est d\u00e9sormais \u00e9valu\u00e9e. Le Future Work Barometer se base sur la grande \u00e9tude suisse publi\u00e9e conjointement par le Future Work Group et la FHNW \u00e0 l'automne 2019. <a href=\"https:\/\/www.arbeitswelt-zukunft.ch\/\">\"Le monde du travail 4.0\"<\/a>.<\/p>\n<h2><strong>Les investissements dans le monde du travail 4.0 atteignent des sommets<\/strong><\/h2>\n<p>Avec des pourcentages d'augmentation de 10 \u00e0 20 %, les investissements dans les trois dimensions pr\u00e9sentent des valeurs maximales dans le Barom\u00e8tre FW 2021-1. Si l'on consid\u00e8re la s\u00e9rie chronologique des trois \u00e9tudes succinctes men\u00e9es depuis juillet 2020, il appara\u00eet que les entreprises atteignent progressivement un degr\u00e9 de maturit\u00e9 qui indique l'organisation durable d'un monde du travail moderne dans lequel le home office ou le blended working jouent un r\u00f4le central. Plus de la moiti\u00e9 des entreprises interrog\u00e9es ont indiqu\u00e9 vouloir investir dans la technologie (52%), le lieu de travail (59%), mais seulement 39% dans le domaine \"People\". Ce chiffre est toutefois plus \u00e9lev\u00e9 qu'il y a un an (juillet 2020 : 32 pour cent).<\/p>\n<p><img loading=\"lazy\" decoding=\"async\" class=\"alignnone size-medium wp-image-8110\" src=\"https:\/\/www.organisator.ch\/wp-content\/uploads\/2021\/06\/Future-Work-Barometer-Unternehmen-zunehmend-reif-fuer-Arbeitswelt-4-0_Organisator.jpg\" alt=\"\" width=\"680\" height=\"623\" srcset=\"https:\/\/www.organisator.ch\/wp-content\/uploads\/2021\/06\/Future-Work-Barometer-Unternehmen-zunehmend-reif-fuer-Arbeitswelt-4-0_Organisator.jpg 680w, https:\/\/www.organisator.ch\/wp-content\/uploads\/2021\/06\/Future-Work-Barometer-Unternehmen-zunehmend-reif-fuer-Arbeitswelt-4-0_Organisator-13x12.jpg 13w, https:\/\/www.organisator.ch\/wp-content\/uploads\/2021\/06\/Future-Work-Barometer-Unternehmen-zunehmend-reif-fuer-Arbeitswelt-4-0_Organisator-191x175.jpg 191w, https:\/\/www.organisator.ch\/wp-content\/uploads\/2021\/06\/Future-Work-Barometer-Unternehmen-zunehmend-reif-fuer-Arbeitswelt-4-0_Organisator-382x350.jpg 382w, https:\/\/www.organisator.ch\/wp-content\/uploads\/2021\/06\/Future-Work-Barometer-Unternehmen-zunehmend-reif-fuer-Arbeitswelt-4-0_Organisator-300x275.jpg 300w\" sizes=\"auto, (max-width: 680px) 100vw, 680px\" \/><\/p>\n<p>Les potentiels non encore exploit\u00e9s sont class\u00e9s sp\u00e9cialement dans les domaines des strat\u00e9gies globales du monde du travail, des formes de travail, des processus de travail, de la s\u00e9curit\u00e9 des donn\u00e9es informatiques, du style de direction et des comp\u00e9tences personnelles.<\/p>\n<h2>Livre blanc et webinaire sur le barom\u00e8tre Future Work<\/h2>\n<p>Le barom\u00e8tre Future Work montre que gr\u00e2ce \u00e0 Covid-19, le monde du travail 4.0 peut \u00eatre mis en \u0153uvre rapidement et avec succ\u00e8s. Afin d'offrir aux entreprises un soutien encore plus pratique, un <a href=\"https:\/\/www.arbeitswelt-zukunft.ch\/store\/p6\/Future-Work-Barometer-2021-01.html\">Livre blanc<\/a> avec les r\u00e9sultats r\u00e9sum\u00e9s est disponible gratuitement d\u00e8s maintenant. D'autre part, un webinaire sera propos\u00e9 le jeudi 24 juin 2021 de 17h30 \u00e0 19h30 sur le th\u00e8me \"Comment les entreprises planifient la phase post-Covid-19\". Les participants y apprendront encore plus sur l'\u00e9laboration et la mise en \u0153uvre d'une strat\u00e9gie pour un monde du travail 4.0. Les informations et l'inscription sont disponibles ici :\u00a0<a href=\"https:\/\/www.eventbrite.ch\/e\/arbeitswelt-40-so-planen-unternehmen-fur-die-phase-nach-covid-19-tickets-157531947295\">Monde du travail 4.0 : comment les entreprises planifient la phase post-Covid-19 Billets, Jeu, 24\/06\/2021 \u00e0 17:30 | Eventbrite<\/a>.<\/p>","protected":false},"excerpt":{"rendered":"<p>Vor knapp einem Jahr, im Juli 2020, lag die erste Benchmark-Messung des Future Work Barometer vor. Eine von der Future Work Group GmbH in Zusammenarbeit mit der FHNW Hochschule f\u00fcr Wirtschaft und dem ORGANISATOR in regelm\u00e4ssigen Abst\u00e4nden durchgef\u00fchrten Kurzstudie. Dahinter steht die Absicht, die Entwicklung in Unternehmen hinsichtlich der Digitalisierung ihrer Arbeitswelt seit Beginn der [&hellip;]<\/p>\n","protected":false},"author":4,"featured_media":8110,"comment_status":"closed","ping_status":"closed","sticky":false,"template":"","format":"standard","meta":{"_acf_changed":false,"_yoast_wpseo_focuskw":"Future Work Barometer","_yoast_wpseo_metadesc":"In einer dritten Umfrage-Runde hat der Future Work Barometer Schweizer Unternehmen zu Entwicklungen in Sachen Arbeitswelt 4.0 befragt.","articlekey":"","footnotes":""},"categories":[28],"tags":[51,156,363,459],"class_list":["post-8108","post","type-post","status-publish","format-standard","has-post-thumbnail","hentry","category-management","tag-arbeitsplatzgestaltung","tag-digitalisierung","tag-new-work","tag-studie"],"acf":[],"yoast_head":"<!-- This site is optimized with the Yoast SEO plugin v27.4 - https:\/\/yoast.com\/product\/yoast-seo-wordpress\/ -->\n<title>Future Work Barometer: Unternehmen zunehmend reif f\u00fcr Arbeitswelt 4.0 - Organisator<\/title>\n<meta name=\"description\" content=\"In einer dritten Umfrage-Runde hat der Future Work Barometer Schweizer Unternehmen zu Entwicklungen in Sachen Arbeitswelt 4.0 befragt.\" \/>\n<meta name=\"robots\" content=\"index, follow, max-snippet:-1, max-image-preview:large, max-video-preview:-1\" \/>\n<link rel=\"canonical\" href=\"https:\/\/www.organisator.ch\/fr\/gestion-2\/2021-06-04\/futur-work-barometer-entreprise-prendre-pret-pour-le-monde-du-travail-4-0\/\" \/>\n<meta property=\"og:locale\" content=\"fr_FR\" \/>\n<meta property=\"og:type\" content=\"article\" \/>\n<meta property=\"og:title\" content=\"Future Work Barometer: Unternehmen zunehmend reif f\u00fcr Arbeitswelt 4.0\" \/>\n<meta property=\"og:description\" content=\"In einer dritten Umfrage-Runde hat der Future Work Barometer Schweizer Unternehmen zu Entwicklungen in Sachen Arbeitswelt 4.0 befragt.\" \/>\n<meta property=\"og:url\" content=\"https:\/\/www.organisator.ch\/fr\/gestion-2\/2021-06-04\/futur-work-barometer-entreprise-prendre-pret-pour-le-monde-du-travail-4-0\/\" \/>\n<meta property=\"og:site_name\" content=\"Organisator\" \/>\n<meta property=\"article:publisher\" content=\"https:\/\/www.facebook.com\/OrganisatorFachmagazin\" \/>\n<meta property=\"article:published_time\" content=\"2021-06-04T10:00:34+00:00\" \/>\n<meta property=\"og:image\" content=\"https:\/\/www.organisator.ch\/wp-content\/uploads\/2021\/06\/Future-Work-Barometer-Unternehmen-zunehmend-reif-fuer-Arbeitswelt-4-0_Organisator.jpg\" \/>\n\t<meta property=\"og:image:width\" content=\"680\" \/>\n\t<meta property=\"og:image:height\" content=\"623\" \/>\n\t<meta property=\"og:image:type\" content=\"image\/jpeg\" \/>\n<meta name=\"author\" content=\"thomas.berner\" \/>\n<meta name=\"twitter:card\" content=\"summary_large_image\" \/>\n<meta name=\"twitter:title\" content=\"#FutureWorkBarometer: Unternehmen zunehmend reif f\u00fcr Arbeitswelt 4.0\" \/>\n<meta name=\"twitter:description\" content=\"In einer dritten Umfrage-Runde hat der Future Work Barometer #FWBarometer Schweizer Unternehmen zu Entwicklungen in Sachen #Arbeitswelt 4.0 befragt.\" \/>\n<meta name=\"twitter:image\" content=\"https:\/\/www.organisator.ch\/wp-content\/uploads\/2021\/06\/Future-Work-Barometer-Unternehmen-zunehmend-reif-fuer-Arbeitswelt-4-0_Organisator.jpg\" \/>\n<script type=\"application\/ld+json\" class=\"yoast-schema-graph\">{\"@context\":\"https:\\\/\\\/schema.org\",\"@graph\":[{\"@type\":\"Article\",\"@id\":\"https:\\\/\\\/www.organisator.ch\\\/management\\\/2021-06-04\\\/future-work-barometer-unternehmen-zunehmend-reif-fuer-arbeitswelt-4-0\\\/#article\",\"isPartOf\":{\"@id\":\"https:\\\/\\\/www.organisator.ch\\\/management\\\/2021-06-04\\\/future-work-barometer-unternehmen-zunehmend-reif-fuer-arbeitswelt-4-0\\\/\"},\"author\":{\"name\":\"thomas.berner\",\"@id\":\"https:\\\/\\\/www.organisator.ch\\\/#\\\/schema\\\/person\\\/6f650f90b2842cd4c0cc334b4e36f67e\"},\"headline\":\"Future Work Barometer: Unternehmen zunehmend reif f\u00fcr Arbeitswelt 4.0\",\"datePublished\":\"2021-06-04T10:00:34+00:00\",\"mainEntityOfPage\":{\"@id\":\"https:\\\/\\\/www.organisator.ch\\\/management\\\/2021-06-04\\\/future-work-barometer-unternehmen-zunehmend-reif-fuer-arbeitswelt-4-0\\\/\"},\"wordCount\":339,\"publisher\":{\"@id\":\"https:\\\/\\\/www.organisator.ch\\\/#organization\"},\"image\":{\"@id\":\"https:\\\/\\\/www.organisator.ch\\\/management\\\/2021-06-04\\\/future-work-barometer-unternehmen-zunehmend-reif-fuer-arbeitswelt-4-0\\\/#primaryimage\"},\"thumbnailUrl\":\"https:\\\/\\\/www.organisator.ch\\\/wp-content\\\/uploads\\\/2021\\\/06\\\/Future-Work-Barometer-Unternehmen-zunehmend-reif-fuer-Arbeitswelt-4-0_Organisator.jpg\",\"keywords\":[\"Arbeitsplatzgestaltung\",\"Digitalisierung\",\"New Work\",\"Studie\"],\"articleSection\":[\"MANAGEMENT\"],\"inLanguage\":\"fr-FR\"},{\"@type\":\"WebPage\",\"@id\":\"https:\\\/\\\/www.organisator.ch\\\/management\\\/2021-06-04\\\/future-work-barometer-unternehmen-zunehmend-reif-fuer-arbeitswelt-4-0\\\/\",\"url\":\"https:\\\/\\\/www.organisator.ch\\\/management\\\/2021-06-04\\\/future-work-barometer-unternehmen-zunehmend-reif-fuer-arbeitswelt-4-0\\\/\",\"name\":\"Future Work Barometer: Unternehmen zunehmend reif f\u00fcr Arbeitswelt 4.0 - Organisator\",\"isPartOf\":{\"@id\":\"https:\\\/\\\/www.organisator.ch\\\/#website\"},\"primaryImageOfPage\":{\"@id\":\"https:\\\/\\\/www.organisator.ch\\\/management\\\/2021-06-04\\\/future-work-barometer-unternehmen-zunehmend-reif-fuer-arbeitswelt-4-0\\\/#primaryimage\"},\"image\":{\"@id\":\"https:\\\/\\\/www.organisator.ch\\\/management\\\/2021-06-04\\\/future-work-barometer-unternehmen-zunehmend-reif-fuer-arbeitswelt-4-0\\\/#primaryimage\"},\"thumbnailUrl\":\"https:\\\/\\\/www.organisator.ch\\\/wp-content\\\/uploads\\\/2021\\\/06\\\/Future-Work-Barometer-Unternehmen-zunehmend-reif-fuer-Arbeitswelt-4-0_Organisator.jpg\",\"datePublished\":\"2021-06-04T10:00:34+00:00\",\"description\":\"In einer dritten Umfrage-Runde hat der Future Work Barometer Schweizer Unternehmen zu Entwicklungen in Sachen Arbeitswelt 4.0 befragt.\",\"breadcrumb\":{\"@id\":\"https:\\\/\\\/www.organisator.ch\\\/management\\\/2021-06-04\\\/future-work-barometer-unternehmen-zunehmend-reif-fuer-arbeitswelt-4-0\\\/#breadcrumb\"},\"inLanguage\":\"fr-FR\",\"potentialAction\":[{\"@type\":\"ReadAction\",\"target\":[\"https:\\\/\\\/www.organisator.ch\\\/management\\\/2021-06-04\\\/future-work-barometer-unternehmen-zunehmend-reif-fuer-arbeitswelt-4-0\\\/\"]}]},{\"@type\":\"ImageObject\",\"inLanguage\":\"fr-FR\",\"@id\":\"https:\\\/\\\/www.organisator.ch\\\/management\\\/2021-06-04\\\/future-work-barometer-unternehmen-zunehmend-reif-fuer-arbeitswelt-4-0\\\/#primaryimage\",\"url\":\"https:\\\/\\\/www.organisator.ch\\\/wp-content\\\/uploads\\\/2021\\\/06\\\/Future-Work-Barometer-Unternehmen-zunehmend-reif-fuer-Arbeitswelt-4-0_Organisator.jpg\",\"contentUrl\":\"https:\\\/\\\/www.organisator.ch\\\/wp-content\\\/uploads\\\/2021\\\/06\\\/Future-Work-Barometer-Unternehmen-zunehmend-reif-fuer-Arbeitswelt-4-0_Organisator.jpg\",\"width\":680,\"height\":623},{\"@type\":\"BreadcrumbList\",\"@id\":\"https:\\\/\\\/www.organisator.ch\\\/management\\\/2021-06-04\\\/future-work-barometer-unternehmen-zunehmend-reif-fuer-arbeitswelt-4-0\\\/#breadcrumb\",\"itemListElement\":[{\"@type\":\"ListItem\",\"position\":1,\"name\":\"Home\",\"item\":\"https:\\\/\\\/www.organisator.ch\\\/\"},{\"@type\":\"ListItem\",\"position\":2,\"name\":\"Future Work Barometer: Unternehmen zunehmend reif f\u00fcr Arbeitswelt 4.0\"}]},{\"@type\":\"WebSite\",\"@id\":\"https:\\\/\\\/www.organisator.ch\\\/#website\",\"url\":\"https:\\\/\\\/www.organisator.ch\\\/\",\"name\":\"Organisator\",\"description\":\"Kompetent. Praxisnah. Der ORGANISATOR bereitet in 10 Ausgaben pro Jahr die wesentlichen Themen f\u00fcr F\u00fchrungskr\u00e4fte von KMU auf.\",\"publisher\":{\"@id\":\"https:\\\/\\\/www.organisator.ch\\\/#organization\"},\"potentialAction\":[{\"@type\":\"SearchAction\",\"target\":{\"@type\":\"EntryPoint\",\"urlTemplate\":\"https:\\\/\\\/www.organisator.ch\\\/?s={search_term_string}\"},\"query-input\":{\"@type\":\"PropertyValueSpecification\",\"valueRequired\":true,\"valueName\":\"search_term_string\"}}],\"inLanguage\":\"fr-FR\"},{\"@type\":\"Organization\",\"@id\":\"https:\\\/\\\/www.organisator.ch\\\/#organization\",\"name\":\"Organisator\",\"url\":\"https:\\\/\\\/www.organisator.ch\\\/\",\"logo\":{\"@type\":\"ImageObject\",\"inLanguage\":\"fr-FR\",\"@id\":\"https:\\\/\\\/www.organisator.ch\\\/#\\\/schema\\\/logo\\\/image\\\/\",\"url\":\"https:\\\/\\\/www.organisator.ch\\\/wp-content\\\/uploads\\\/2022\\\/01\\\/Logo_Organisator_Website.png\",\"contentUrl\":\"https:\\\/\\\/www.organisator.ch\\\/wp-content\\\/uploads\\\/2022\\\/01\\\/Logo_Organisator_Website.png\",\"width\":800,\"height\":77,\"caption\":\"Organisator\"},\"image\":{\"@id\":\"https:\\\/\\\/www.organisator.ch\\\/#\\\/schema\\\/logo\\\/image\\\/\"},\"sameAs\":[\"https:\\\/\\\/www.facebook.com\\\/OrganisatorFachmagazin\",\"https:\\\/\\\/www.linkedin.com\\\/showcase\\\/organisator-das-magazin-fr-kmu\",\"https:\\\/\\\/www.xing.com\\\/news\\\/pages\\\/organisator-ch-695\",\"https:\\\/\\\/www.youtube.com\\\/channel\\\/UCGP2Sq0iWaZwT3BdIAQFYpw\"]},{\"@type\":\"Person\",\"@id\":\"https:\\\/\\\/www.organisator.ch\\\/#\\\/schema\\\/person\\\/6f650f90b2842cd4c0cc334b4e36f67e\",\"name\":\"thomas.berner\",\"image\":{\"@type\":\"ImageObject\",\"inLanguage\":\"fr-FR\",\"@id\":\"https:\\\/\\\/secure.gravatar.com\\\/avatar\\\/ac5001d2a36cb6c6cd3e50789007ffca834b477b74a2144564522e944eabff61?s=96&d=mm&r=g\",\"url\":\"https:\\\/\\\/secure.gravatar.com\\\/avatar\\\/ac5001d2a36cb6c6cd3e50789007ffca834b477b74a2144564522e944eabff61?s=96&d=mm&r=g\",\"contentUrl\":\"https:\\\/\\\/secure.gravatar.com\\\/avatar\\\/ac5001d2a36cb6c6cd3e50789007ffca834b477b74a2144564522e944eabff61?s=96&d=mm&r=g\",\"caption\":\"thomas.berner\"},\"url\":\"https:\\\/\\\/www.organisator.ch\\\/fr\\\/author\\\/thomas-berner\\\/\"}]}<\/script>\n<!-- \/ Yoast SEO plugin. -->","yoast_head_json":{"title":"Barom\u00e8tre du travail du futur : Les entreprises de plus en plus m\u00fbres pour le monde du travail 4.0 - Organisateur","description":"Dans le cadre d'une troisi\u00e8me s\u00e9rie de sondages, le Future Work Barometer a interrog\u00e9 les entreprises suisses sur les d\u00e9veloppements en mati\u00e8re de monde du travail 4.0.","robots":{"index":"index","follow":"follow","max-snippet":"max-snippet:-1","max-image-preview":"max-image-preview:large","max-video-preview":"max-video-preview:-1"},"canonical":"https:\/\/www.organisator.ch\/fr\/gestion-2\/2021-06-04\/futur-work-barometer-entreprise-prendre-pret-pour-le-monde-du-travail-4-0\/","og_locale":"fr_FR","og_type":"article","og_title":"Future Work Barometer: Unternehmen zunehmend reif f\u00fcr Arbeitswelt 4.0","og_description":"In einer dritten Umfrage-Runde hat der Future Work Barometer Schweizer Unternehmen zu Entwicklungen in Sachen Arbeitswelt 4.0 befragt.","og_url":"https:\/\/www.organisator.ch\/fr\/gestion-2\/2021-06-04\/futur-work-barometer-entreprise-prendre-pret-pour-le-monde-du-travail-4-0\/","og_site_name":"Organisator","article_publisher":"https:\/\/www.facebook.com\/OrganisatorFachmagazin","article_published_time":"2021-06-04T10:00:34+00:00","og_image":[{"width":680,"height":623,"url":"https:\/\/www.organisator.ch\/wp-content\/uploads\/2021\/06\/Future-Work-Barometer-Unternehmen-zunehmend-reif-fuer-Arbeitswelt-4-0_Organisator.jpg","type":"image\/jpeg"}],"author":"thomas.berner","twitter_card":"summary_large_image","twitter_title":"#FutureWorkBarometer: Unternehmen zunehmend reif f\u00fcr Arbeitswelt 4.0","twitter_description":"In einer dritten Umfrage-Runde hat der Future Work Barometer #FWBarometer Schweizer Unternehmen zu Entwicklungen in Sachen #Arbeitswelt 4.0 befragt.","twitter_image":"https:\/\/www.organisator.ch\/wp-content\/uploads\/2021\/06\/Future-Work-Barometer-Unternehmen-zunehmend-reif-fuer-Arbeitswelt-4-0_Organisator.jpg","schema":{"@context":"https:\/\/schema.org","@graph":[{"@type":"Article","@id":"https:\/\/www.organisator.ch\/management\/2021-06-04\/future-work-barometer-unternehmen-zunehmend-reif-fuer-arbeitswelt-4-0\/#article","isPartOf":{"@id":"https:\/\/www.organisator.ch\/management\/2021-06-04\/future-work-barometer-unternehmen-zunehmend-reif-fuer-arbeitswelt-4-0\/"},"author":{"name":"thomas.berner","@id":"https:\/\/www.organisator.ch\/#\/schema\/person\/6f650f90b2842cd4c0cc334b4e36f67e"},"headline":"Future Work Barometer: Unternehmen zunehmend reif f\u00fcr Arbeitswelt 4.0","datePublished":"2021-06-04T10:00:34+00:00","mainEntityOfPage":{"@id":"https:\/\/www.organisator.ch\/management\/2021-06-04\/future-work-barometer-unternehmen-zunehmend-reif-fuer-arbeitswelt-4-0\/"},"wordCount":339,"publisher":{"@id":"https:\/\/www.organisator.ch\/#organization"},"image":{"@id":"https:\/\/www.organisator.ch\/management\/2021-06-04\/future-work-barometer-unternehmen-zunehmend-reif-fuer-arbeitswelt-4-0\/#primaryimage"},"thumbnailUrl":"https:\/\/www.organisator.ch\/wp-content\/uploads\/2021\/06\/Future-Work-Barometer-Unternehmen-zunehmend-reif-fuer-Arbeitswelt-4-0_Organisator.jpg","keywords":["Arbeitsplatzgestaltung","Digitalisierung","New Work","Studie"],"articleSection":["MANAGEMENT"],"inLanguage":"fr-FR"},{"@type":"WebPage","@id":"https:\/\/www.organisator.ch\/management\/2021-06-04\/future-work-barometer-unternehmen-zunehmend-reif-fuer-arbeitswelt-4-0\/","url":"https:\/\/www.organisator.ch\/management\/2021-06-04\/future-work-barometer-unternehmen-zunehmend-reif-fuer-arbeitswelt-4-0\/","name":"Barom\u00e8tre du travail du futur : Les entreprises de plus en plus m\u00fbres pour le monde du travail 4.0 - Organisateur","isPartOf":{"@id":"https:\/\/www.organisator.ch\/#website"},"primaryImageOfPage":{"@id":"https:\/\/www.organisator.ch\/management\/2021-06-04\/future-work-barometer-unternehmen-zunehmend-reif-fuer-arbeitswelt-4-0\/#primaryimage"},"image":{"@id":"https:\/\/www.organisator.ch\/management\/2021-06-04\/future-work-barometer-unternehmen-zunehmend-reif-fuer-arbeitswelt-4-0\/#primaryimage"},"thumbnailUrl":"https:\/\/www.organisator.ch\/wp-content\/uploads\/2021\/06\/Future-Work-Barometer-Unternehmen-zunehmend-reif-fuer-Arbeitswelt-4-0_Organisator.jpg","datePublished":"2021-06-04T10:00:34+00:00","description":"Dans le cadre d'une troisi\u00e8me s\u00e9rie de sondages, le Future Work Barometer a interrog\u00e9 les entreprises suisses sur les d\u00e9veloppements en mati\u00e8re de monde du travail 4.0.","breadcrumb":{"@id":"https:\/\/www.organisator.ch\/management\/2021-06-04\/future-work-barometer-unternehmen-zunehmend-reif-fuer-arbeitswelt-4-0\/#breadcrumb"},"inLanguage":"fr-FR","potentialAction":[{"@type":"ReadAction","target":["https:\/\/www.organisator.ch\/management\/2021-06-04\/future-work-barometer-unternehmen-zunehmend-reif-fuer-arbeitswelt-4-0\/"]}]},{"@type":"ImageObject","inLanguage":"fr-FR","@id":"https:\/\/www.organisator.ch\/management\/2021-06-04\/future-work-barometer-unternehmen-zunehmend-reif-fuer-arbeitswelt-4-0\/#primaryimage","url":"https:\/\/www.organisator.ch\/wp-content\/uploads\/2021\/06\/Future-Work-Barometer-Unternehmen-zunehmend-reif-fuer-Arbeitswelt-4-0_Organisator.jpg","contentUrl":"https:\/\/www.organisator.ch\/wp-content\/uploads\/2021\/06\/Future-Work-Barometer-Unternehmen-zunehmend-reif-fuer-Arbeitswelt-4-0_Organisator.jpg","width":680,"height":623},{"@type":"BreadcrumbList","@id":"https:\/\/www.organisator.ch\/management\/2021-06-04\/future-work-barometer-unternehmen-zunehmend-reif-fuer-arbeitswelt-4-0\/#breadcrumb","itemListElement":[{"@type":"ListItem","position":1,"name":"Home","item":"https:\/\/www.organisator.ch\/"},{"@type":"ListItem","position":2,"name":"Future Work Barometer: Unternehmen zunehmend reif f\u00fcr Arbeitswelt 4.0"}]},{"@type":"WebSite","@id":"https:\/\/www.organisator.ch\/#website","url":"https:\/\/www.organisator.ch\/","name":"Organisateur","description":"Comp\u00e9tence et comp\u00e9tence. Proches de la pratique. L'ORGANISATEUR pr\u00e9pare 10 num\u00e9ros par an sur les th\u00e8mes essentiels pour les dirigeants de PME.","publisher":{"@id":"https:\/\/www.organisator.ch\/#organization"},"potentialAction":[{"@type":"SearchAction","target":{"@type":"EntryPoint","urlTemplate":"https:\/\/www.organisator.ch\/?s={search_term_string}"},"query-input":{"@type":"PropertyValueSpecification","valueRequired":true,"valueName":"search_term_string"}}],"inLanguage":"fr-FR"},{"@type":"Organization","@id":"https:\/\/www.organisator.ch\/#organization","name":"Organisateur","url":"https:\/\/www.organisator.ch\/","logo":{"@type":"ImageObject","inLanguage":"fr-FR","@id":"https:\/\/www.organisator.ch\/#\/schema\/logo\/image\/","url":"https:\/\/www.organisator.ch\/wp-content\/uploads\/2022\/01\/Logo_Organisator_Website.png","contentUrl":"https:\/\/www.organisator.ch\/wp-content\/uploads\/2022\/01\/Logo_Organisator_Website.png","width":800,"height":77,"caption":"Organisator"},"image":{"@id":"https:\/\/www.organisator.ch\/#\/schema\/logo\/image\/"},"sameAs":["https:\/\/www.facebook.com\/OrganisatorFachmagazin","https:\/\/www.linkedin.com\/showcase\/organisator-das-magazin-fr-kmu","https:\/\/www.xing.com\/news\/pages\/organisator-ch-695","https:\/\/www.youtube.com\/channel\/UCGP2Sq0iWaZwT3BdIAQFYpw"]},{"@type":"Person","@id":"https:\/\/www.organisator.ch\/#\/schema\/person\/6f650f90b2842cd4c0cc334b4e36f67e","name":"thomas.berner","image":{"@type":"ImageObject","inLanguage":"fr-FR","@id":"https:\/\/secure.gravatar.com\/avatar\/ac5001d2a36cb6c6cd3e50789007ffca834b477b74a2144564522e944eabff61?s=96&d=mm&r=g","url":"https:\/\/secure.gravatar.com\/avatar\/ac5001d2a36cb6c6cd3e50789007ffca834b477b74a2144564522e944eabff61?s=96&d=mm&r=g","contentUrl":"https:\/\/secure.gravatar.com\/avatar\/ac5001d2a36cb6c6cd3e50789007ffca834b477b74a2144564522e944eabff61?s=96&d=mm&r=g","caption":"thomas.berner"},"url":"https:\/\/www.organisator.ch\/fr\/author\/thomas-berner\/"}]}},"_links":{"self":[{"href":"https:\/\/www.organisator.ch\/fr\/wp-json\/wp\/v2\/posts\/8108","targetHints":{"allow":["GET"]}}],"collection":[{"href":"https:\/\/www.organisator.ch\/fr\/wp-json\/wp\/v2\/posts"}],"about":[{"href":"https:\/\/www.organisator.ch\/fr\/wp-json\/wp\/v2\/types\/post"}],"author":[{"embeddable":true,"href":"https:\/\/www.organisator.ch\/fr\/wp-json\/wp\/v2\/users\/4"}],"replies":[{"embeddable":true,"href":"https:\/\/www.organisator.ch\/fr\/wp-json\/wp\/v2\/comments?post=8108"}],"version-history":[{"count":0,"href":"https:\/\/www.organisator.ch\/fr\/wp-json\/wp\/v2\/posts\/8108\/revisions"}],"wp:featuredmedia":[{"embeddable":true,"href":"https:\/\/www.organisator.ch\/fr\/wp-json\/wp\/v2\/media\/8110"}],"wp:attachment":[{"href":"https:\/\/www.organisator.ch\/fr\/wp-json\/wp\/v2\/media?parent=8108"}],"wp:term":[{"taxonomy":"category","embeddable":true,"href":"https:\/\/www.organisator.ch\/fr\/wp-json\/wp\/v2\/categories?post=8108"},{"taxonomy":"post_tag","embeddable":true,"href":"https:\/\/www.organisator.ch\/fr\/wp-json\/wp\/v2\/tags?post=8108"}],"curies":[{"name":"wp","href":"https:\/\/api.w.org\/{rel}","templated":true}]}}