{"id":8112,"date":"2021-06-04T08:17:44","date_gmt":"2021-06-04T06:17:44","guid":{"rendered":"https:\/\/www.organisator.ch\/?p=8112"},"modified":"2021-06-04T08:17:44","modified_gmt":"2021-06-04T06:17:44","slug":"zwei-neue-verwaltungsraete-bei-der-bank-wir","status":"publish","type":"post","link":"https:\/\/www.organisator.ch\/fr\/management\/finanzen_recht\/2021-06-04\/zwei-neue-verwaltungsraete-bei-der-bank-wir\/","title":{"rendered":"Deux nouveaux administrateurs \u00e0 la Banque WIR"},"content":{"rendered":"<figure id=\"attachment_8113\" aria-describedby=\"caption-attachment-8113\" style=\"width: 680px\" class=\"wp-caption alignnone\"><img loading=\"lazy\" decoding=\"async\" class=\"size-medium wp-image-8113\" src=\"https:\/\/www.organisator.ch\/wp-content\/uploads\/2021\/06\/Zwei-neue-Verwaltungsraete-bei-der-Bank-WIR_Organisator.jpg\" alt=\"\" width=\"680\" height=\"340\" srcset=\"https:\/\/www.organisator.ch\/wp-content\/uploads\/2021\/06\/Zwei-neue-Verwaltungsraete-bei-der-Bank-WIR_Organisator.jpg 680w, https:\/\/www.organisator.ch\/wp-content\/uploads\/2021\/06\/Zwei-neue-Verwaltungsraete-bei-der-Bank-WIR_Organisator-16x8.jpg 16w, https:\/\/www.organisator.ch\/wp-content\/uploads\/2021\/06\/Zwei-neue-Verwaltungsraete-bei-der-Bank-WIR_Organisator-350x175.jpg 350w, https:\/\/www.organisator.ch\/wp-content\/uploads\/2021\/06\/Zwei-neue-Verwaltungsraete-bei-der-Bank-WIR_Organisator-300x150.jpg 300w\" sizes=\"auto, (max-width: 680px) 100vw, 680px\" \/><figcaption id=\"caption-attachment-8113\" class=\"wp-caption-text\">Nouveaux membres du conseil d'administration de la Banque WIR : Heinz Fuchs (\u00e0 gauche) et Christoph Lenz. (Images : zVg)<\/figcaption><\/figure>\n<p>Comme l'ann\u00e9e pr\u00e9c\u00e9dente, l'assembl\u00e9e g\u00e9n\u00e9rale de la Banque WIR s'est d\u00e9roul\u00e9e par voie \u00e9crite. La banque coop\u00e9rative purement suisse a pu augmenter le volume des cr\u00e9dits, les d\u00e9p\u00f4ts des clients et le b\u00e9n\u00e9fice au cours de l'exercice 2020. Lors de l'assembl\u00e9e g\u00e9n\u00e9rale \u00e9crite, les soci\u00e9taires ont approuv\u00e9 le rapport de gestion ainsi que les comptes annuels, qui affichent un b\u00e9n\u00e9fice de 14,4 millions de francs. \"Notre entreprise est parfaitement saine et dispose d'une solide base de capital\", r\u00e9sume la pr\u00e9sidente du CA Karin Zahnd Cadoux, \"nous d\u00e9passons de loin les exigences r\u00e9glementaires\", poursuit-elle. D\u00e9charge a \u00e9t\u00e9 donn\u00e9e au conseil d'administration et \u00e0 la direction \u00e0 une large majorit\u00e9.<\/p>\n<h2>Dividende de 10,25 francs<\/h2>\n<p>L'assembl\u00e9e g\u00e9n\u00e9rale a \u00e9galement approuv\u00e9 l'affectation du b\u00e9n\u00e9fice et le dividende propos\u00e9s par le conseil d'administration : La distribution de 10,25 francs par part sociale se fait sous la forme d'un dividende optionnel (\"dividende avec r\u00e9investissement\" ou dividende en esp\u00e8ces) et correspond - calcul\u00e9 sur la base de la variante dividende en esp\u00e8ces - \u00e0 un rendement de 2,4 pour cent. Si les parts sociales se trouvent dans le patrimoine priv\u00e9, la distribution est exon\u00e9r\u00e9e d'imp\u00f4t. L'ann\u00e9e derni\u00e8re, le titre de participation avait pu augmenter sa valeur boursi\u00e8re de 8,4 pour cent (plus le versement du dividende) - et cette ann\u00e9e encore, les investisseurs semblent faire confiance au titre, ce qui se traduit par une nouvelle hausse du cours de 7,2 pour cent.<\/p>\n<h2>Deux nouveaux administrateurs<\/h2>\n<p>Lors des \u00e9lections, les membres actuels du conseil d'administration ont \u00e9t\u00e9 confirm\u00e9s : Karin Zahnd Cadoux (pr\u00e9sidente), Marc Reimann, Kornel Tinguely et Germann Wiggli pour deux ann\u00e9es suppl\u00e9mentaires, Petra M\u00fcller pour une ann\u00e9e suppl\u00e9mentaire en raison de la limitation de la dur\u00e9e du mandat. Heinz Fuchs et Christoph Lenz ont \u00e9t\u00e9 \u00e9lus au conseil d'administration en remplacement de Georg Anthamatten et J\u00fcrgen Bletsch, qui se retirent cette ann\u00e9e en raison de la limitation de la dur\u00e9e de leur mandat. Heinz Fuchs, 65 ans, est \u00e9conomiste d'entreprise et expert-comptable dipl\u00f4m\u00e9. Il dispose d'un r\u00e9seau national et international dans le secteur bancaire et financier. Christoph Lenz (42 ans) est agent fiduciaire dipl\u00f4m\u00e9 et travaille depuis 16 ans dans le secteur immobilier.<\/p>\n<h2>Modification des statuts pour plus de flexibilit\u00e9<\/h2>\n<p>Par ailleurs, l'assembl\u00e9e g\u00e9n\u00e9rale a approuv\u00e9 \u00e0 la majorit\u00e9 des deux tiers requise une modification des statuts permettant \u00e0 la Banque WIR d'introduire des titres de participation. \"Cela nous donne une flexibilit\u00e9 suppl\u00e9mentaire\", d\u00e9clare le CEO Bruno Stiegeler. \"Nous continuerons \u00e0 saisir nos chances, notamment dans l'optique de coop\u00e9rations et de participations\".<\/p>\n<p><em>Source et informations compl\u00e9mentaires : <a href=\"http:\/\/www.wir.ch\">Banque WIR<\/a><\/em><\/p>","protected":false},"excerpt":{"rendered":"<p>Analog dem Vorjahr fand die Generalversammlung der Bank WIR auf schriftlichem Weg statt. Die rein schweizerische Genossenschaftsbank konnte im Gesch\u00e4ftsjahr 2020 Kreditvolumen, Kundeneinlagen und Gewinn steigern. An der schriftlichen Generalversammlung haben die Genossenschafterinnen und Genossenschafter den Lagebericht sowie die Jahresrechnung, die einen Gewinn von 14,4 Millionen Franken ausweist, genehmigt. \u00abUnser Unternehmen ist kerngesund und verf\u00fcgt [&hellip;]<\/p>\n","protected":false},"author":4,"featured_media":8113,"comment_status":"closed","ping_status":"closed","sticky":false,"template":"","format":"standard","meta":{"_acf_changed":false,"_yoast_wpseo_focuskw":"neue Verwaltungsr\u00e4te","_yoast_wpseo_metadesc":"Heinz Fuchs und Christoph Lenz sind neue Verwaltungsr\u00e4te der Bank WIR. Sie wurden an der schriftlich durchgef\u00fchrten Generalversammlung gew\u00e4hlt.","articlekey":"","footnotes":""},"categories":[24],"tags":[202,334,381,513],"class_list":["post-8112","post","type-post","status-publish","format-standard","has-post-thumbnail","hentry","category-finanzen_recht","tag-finanzenrecht","tag-management","tag-personalia","tag-verwaltungsraete"],"acf":[],"yoast_head":"<!-- This site is optimized with the Yoast SEO plugin v27.4 - https:\/\/yoast.com\/product\/yoast-seo-wordpress\/ -->\n<title>Zwei neue Verwaltungsr\u00e4te bei der Bank WIR - Organisator<\/title>\n<meta name=\"description\" content=\"Heinz Fuchs und Christoph Lenz sind neue Verwaltungsr\u00e4te der Bank WIR. Sie wurden an der schriftlich durchgef\u00fchrten Generalversammlung gew\u00e4hlt.\" \/>\n<meta name=\"robots\" content=\"index, follow, max-snippet:-1, max-image-preview:large, max-video-preview:-1\" \/>\n<link rel=\"canonical\" href=\"https:\/\/www.organisator.ch\/fr\/gestion-2\/finanzen_recht\/2021-06-04\/zwei-neue-verwaltungsraete-bei-der-bank-wir\/\" \/>\n<meta property=\"og:locale\" content=\"fr_FR\" \/>\n<meta property=\"og:type\" content=\"article\" \/>\n<meta property=\"og:title\" content=\"Zwei neue Verwaltungsr\u00e4te bei der Bank WIR\" \/>\n<meta property=\"og:description\" content=\"Heinz Fuchs und Christoph Lenz sind neue Verwaltungsr\u00e4te der Bank WIR. Sie wurden an der schriftlich durchgef\u00fchrten Generalversammlung gew\u00e4hlt.\" \/>\n<meta property=\"og:url\" content=\"https:\/\/www.organisator.ch\/fr\/gestion-2\/finanzen_recht\/2021-06-04\/zwei-neue-verwaltungsraete-bei-der-bank-wir\/\" \/>\n<meta property=\"og:site_name\" content=\"Organisator\" \/>\n<meta property=\"article:publisher\" content=\"https:\/\/www.facebook.com\/OrganisatorFachmagazin\" \/>\n<meta property=\"article:published_time\" content=\"2021-06-04T06:17:44+00:00\" \/>\n<meta property=\"og:image\" content=\"https:\/\/www.organisator.ch\/wp-content\/uploads\/2021\/06\/Zwei-neue-Verwaltungsraete-bei-der-Bank-WIR_Organisator.jpg\" \/>\n\t<meta property=\"og:image:width\" content=\"680\" \/>\n\t<meta property=\"og:image:height\" content=\"340\" \/>\n\t<meta property=\"og:image:type\" content=\"image\/jpeg\" \/>\n<meta name=\"author\" content=\"thomas.berner\" \/>\n<meta name=\"twitter:card\" content=\"summary_large_image\" \/>\n<meta name=\"twitter:title\" content=\"Zwei neue #Verwaltungsr\u00e4te bei der Bank #WIR\" \/>\n<meta name=\"twitter:description\" content=\"Heinz Fuchs und Christoph Lenz sind neue #Verwaltungsr\u00e4te der Bank #WIR. Sie wurden an der schriftlich durchgef\u00fchrten Generalversammlung gew\u00e4hlt.\" \/>\n<meta name=\"twitter:image\" content=\"https:\/\/www.organisator.ch\/wp-content\/uploads\/2021\/06\/Zwei-neue-Verwaltungsraete-bei-der-Bank-WIR_Organisator.jpg\" \/>\n<script type=\"application\/ld+json\" class=\"yoast-schema-graph\">{\"@context\":\"https:\\\/\\\/schema.org\",\"@graph\":[{\"@type\":\"Article\",\"@id\":\"https:\\\/\\\/www.organisator.ch\\\/management\\\/finanzen_recht\\\/2021-06-04\\\/zwei-neue-verwaltungsraete-bei-der-bank-wir\\\/#article\",\"isPartOf\":{\"@id\":\"https:\\\/\\\/www.organisator.ch\\\/management\\\/finanzen_recht\\\/2021-06-04\\\/zwei-neue-verwaltungsraete-bei-der-bank-wir\\\/\"},\"author\":{\"name\":\"thomas.berner\",\"@id\":\"https:\\\/\\\/www.organisator.ch\\\/#\\\/schema\\\/person\\\/6f650f90b2842cd4c0cc334b4e36f67e\"},\"headline\":\"Zwei neue Verwaltungsr\u00e4te bei der Bank WIR\",\"datePublished\":\"2021-06-04T06:17:44+00:00\",\"mainEntityOfPage\":{\"@id\":\"https:\\\/\\\/www.organisator.ch\\\/management\\\/finanzen_recht\\\/2021-06-04\\\/zwei-neue-verwaltungsraete-bei-der-bank-wir\\\/\"},\"wordCount\":386,\"publisher\":{\"@id\":\"https:\\\/\\\/www.organisator.ch\\\/#organization\"},\"image\":{\"@id\":\"https:\\\/\\\/www.organisator.ch\\\/management\\\/finanzen_recht\\\/2021-06-04\\\/zwei-neue-verwaltungsraete-bei-der-bank-wir\\\/#primaryimage\"},\"thumbnailUrl\":\"https:\\\/\\\/www.organisator.ch\\\/wp-content\\\/uploads\\\/2021\\\/06\\\/Zwei-neue-Verwaltungsraete-bei-der-Bank-WIR_Organisator.jpg\",\"keywords\":[\"Finanzen\\\/Recht\",\"Management\",\"Personalia\",\"Verwaltungsr\u00e4te\"],\"articleSection\":[\"FINANZEN\\\/RECHT\"],\"inLanguage\":\"fr-FR\"},{\"@type\":\"WebPage\",\"@id\":\"https:\\\/\\\/www.organisator.ch\\\/management\\\/finanzen_recht\\\/2021-06-04\\\/zwei-neue-verwaltungsraete-bei-der-bank-wir\\\/\",\"url\":\"https:\\\/\\\/www.organisator.ch\\\/management\\\/finanzen_recht\\\/2021-06-04\\\/zwei-neue-verwaltungsraete-bei-der-bank-wir\\\/\",\"name\":\"Zwei neue Verwaltungsr\u00e4te bei der Bank WIR - Organisator\",\"isPartOf\":{\"@id\":\"https:\\\/\\\/www.organisator.ch\\\/#website\"},\"primaryImageOfPage\":{\"@id\":\"https:\\\/\\\/www.organisator.ch\\\/management\\\/finanzen_recht\\\/2021-06-04\\\/zwei-neue-verwaltungsraete-bei-der-bank-wir\\\/#primaryimage\"},\"image\":{\"@id\":\"https:\\\/\\\/www.organisator.ch\\\/management\\\/finanzen_recht\\\/2021-06-04\\\/zwei-neue-verwaltungsraete-bei-der-bank-wir\\\/#primaryimage\"},\"thumbnailUrl\":\"https:\\\/\\\/www.organisator.ch\\\/wp-content\\\/uploads\\\/2021\\\/06\\\/Zwei-neue-Verwaltungsraete-bei-der-Bank-WIR_Organisator.jpg\",\"datePublished\":\"2021-06-04T06:17:44+00:00\",\"description\":\"Heinz Fuchs und Christoph Lenz sind neue Verwaltungsr\u00e4te der Bank WIR. Sie wurden an der schriftlich durchgef\u00fchrten Generalversammlung gew\u00e4hlt.\",\"breadcrumb\":{\"@id\":\"https:\\\/\\\/www.organisator.ch\\\/management\\\/finanzen_recht\\\/2021-06-04\\\/zwei-neue-verwaltungsraete-bei-der-bank-wir\\\/#breadcrumb\"},\"inLanguage\":\"fr-FR\",\"potentialAction\":[{\"@type\":\"ReadAction\",\"target\":[\"https:\\\/\\\/www.organisator.ch\\\/management\\\/finanzen_recht\\\/2021-06-04\\\/zwei-neue-verwaltungsraete-bei-der-bank-wir\\\/\"]}]},{\"@type\":\"ImageObject\",\"inLanguage\":\"fr-FR\",\"@id\":\"https:\\\/\\\/www.organisator.ch\\\/management\\\/finanzen_recht\\\/2021-06-04\\\/zwei-neue-verwaltungsraete-bei-der-bank-wir\\\/#primaryimage\",\"url\":\"https:\\\/\\\/www.organisator.ch\\\/wp-content\\\/uploads\\\/2021\\\/06\\\/Zwei-neue-Verwaltungsraete-bei-der-Bank-WIR_Organisator.jpg\",\"contentUrl\":\"https:\\\/\\\/www.organisator.ch\\\/wp-content\\\/uploads\\\/2021\\\/06\\\/Zwei-neue-Verwaltungsraete-bei-der-Bank-WIR_Organisator.jpg\",\"width\":680,\"height\":340,\"caption\":\"Neue Verwaltungsr\u00e4te bei der Bank WIR: Heinz Fuchs (links) und Christoph Lenz. (Bilder: zVg)\"},{\"@type\":\"BreadcrumbList\",\"@id\":\"https:\\\/\\\/www.organisator.ch\\\/management\\\/finanzen_recht\\\/2021-06-04\\\/zwei-neue-verwaltungsraete-bei-der-bank-wir\\\/#breadcrumb\",\"itemListElement\":[{\"@type\":\"ListItem\",\"position\":1,\"name\":\"Home\",\"item\":\"https:\\\/\\\/www.organisator.ch\\\/\"},{\"@type\":\"ListItem\",\"position\":2,\"name\":\"Zwei neue Verwaltungsr\u00e4te bei der Bank WIR\"}]},{\"@type\":\"WebSite\",\"@id\":\"https:\\\/\\\/www.organisator.ch\\\/#website\",\"url\":\"https:\\\/\\\/www.organisator.ch\\\/\",\"name\":\"Organisator\",\"description\":\"Kompetent. Praxisnah. Der ORGANISATOR bereitet in 10 Ausgaben pro Jahr die wesentlichen Themen f\u00fcr F\u00fchrungskr\u00e4fte von KMU auf.\",\"publisher\":{\"@id\":\"https:\\\/\\\/www.organisator.ch\\\/#organization\"},\"potentialAction\":[{\"@type\":\"SearchAction\",\"target\":{\"@type\":\"EntryPoint\",\"urlTemplate\":\"https:\\\/\\\/www.organisator.ch\\\/?s={search_term_string}\"},\"query-input\":{\"@type\":\"PropertyValueSpecification\",\"valueRequired\":true,\"valueName\":\"search_term_string\"}}],\"inLanguage\":\"fr-FR\"},{\"@type\":\"Organization\",\"@id\":\"https:\\\/\\\/www.organisator.ch\\\/#organization\",\"name\":\"Organisator\",\"url\":\"https:\\\/\\\/www.organisator.ch\\\/\",\"logo\":{\"@type\":\"ImageObject\",\"inLanguage\":\"fr-FR\",\"@id\":\"https:\\\/\\\/www.organisator.ch\\\/#\\\/schema\\\/logo\\\/image\\\/\",\"url\":\"https:\\\/\\\/www.organisator.ch\\\/wp-content\\\/uploads\\\/2022\\\/01\\\/Logo_Organisator_Website.png\",\"contentUrl\":\"https:\\\/\\\/www.organisator.ch\\\/wp-content\\\/uploads\\\/2022\\\/01\\\/Logo_Organisator_Website.png\",\"width\":800,\"height\":77,\"caption\":\"Organisator\"},\"image\":{\"@id\":\"https:\\\/\\\/www.organisator.ch\\\/#\\\/schema\\\/logo\\\/image\\\/\"},\"sameAs\":[\"https:\\\/\\\/www.facebook.com\\\/OrganisatorFachmagazin\",\"https:\\\/\\\/www.linkedin.com\\\/showcase\\\/organisator-das-magazin-fr-kmu\",\"https:\\\/\\\/www.xing.com\\\/news\\\/pages\\\/organisator-ch-695\",\"https:\\\/\\\/www.youtube.com\\\/channel\\\/UCGP2Sq0iWaZwT3BdIAQFYpw\"]},{\"@type\":\"Person\",\"@id\":\"https:\\\/\\\/www.organisator.ch\\\/#\\\/schema\\\/person\\\/6f650f90b2842cd4c0cc334b4e36f67e\",\"name\":\"thomas.berner\",\"image\":{\"@type\":\"ImageObject\",\"inLanguage\":\"fr-FR\",\"@id\":\"https:\\\/\\\/secure.gravatar.com\\\/avatar\\\/ac5001d2a36cb6c6cd3e50789007ffca834b477b74a2144564522e944eabff61?s=96&d=mm&r=g\",\"url\":\"https:\\\/\\\/secure.gravatar.com\\\/avatar\\\/ac5001d2a36cb6c6cd3e50789007ffca834b477b74a2144564522e944eabff61?s=96&d=mm&r=g\",\"contentUrl\":\"https:\\\/\\\/secure.gravatar.com\\\/avatar\\\/ac5001d2a36cb6c6cd3e50789007ffca834b477b74a2144564522e944eabff61?s=96&d=mm&r=g\",\"caption\":\"thomas.berner\"},\"url\":\"https:\\\/\\\/www.organisator.ch\\\/fr\\\/author\\\/thomas-berner\\\/\"}]}<\/script>\n<!-- \/ Yoast SEO plugin. -->","yoast_head_json":{"title":"Deux nouveaux administrateurs \u00e0 la banque WIR - Organisateur","description":"Heinz Fuchs et Christoph Lenz sont les nouveaux membres du conseil d'administration de la Banque WIR. Ils ont \u00e9t\u00e9 \u00e9lus lors de l'assembl\u00e9e g\u00e9n\u00e9rale qui s'est tenue par \u00e9crit.","robots":{"index":"index","follow":"follow","max-snippet":"max-snippet:-1","max-image-preview":"max-image-preview:large","max-video-preview":"max-video-preview:-1"},"canonical":"https:\/\/www.organisator.ch\/fr\/gestion-2\/finanzen_recht\/2021-06-04\/zwei-neue-verwaltungsraete-bei-der-bank-wir\/","og_locale":"fr_FR","og_type":"article","og_title":"Zwei neue Verwaltungsr\u00e4te bei der Bank WIR","og_description":"Heinz Fuchs und Christoph Lenz sind neue Verwaltungsr\u00e4te der Bank WIR. Sie wurden an der schriftlich durchgef\u00fchrten Generalversammlung gew\u00e4hlt.","og_url":"https:\/\/www.organisator.ch\/fr\/gestion-2\/finanzen_recht\/2021-06-04\/zwei-neue-verwaltungsraete-bei-der-bank-wir\/","og_site_name":"Organisator","article_publisher":"https:\/\/www.facebook.com\/OrganisatorFachmagazin","article_published_time":"2021-06-04T06:17:44+00:00","og_image":[{"width":680,"height":340,"url":"https:\/\/www.organisator.ch\/wp-content\/uploads\/2021\/06\/Zwei-neue-Verwaltungsraete-bei-der-Bank-WIR_Organisator.jpg","type":"image\/jpeg"}],"author":"thomas.berner","twitter_card":"summary_large_image","twitter_title":"Zwei neue #Verwaltungsr\u00e4te bei der Bank #WIR","twitter_description":"Heinz Fuchs und Christoph Lenz sind neue #Verwaltungsr\u00e4te der Bank #WIR. Sie wurden an der schriftlich durchgef\u00fchrten Generalversammlung gew\u00e4hlt.","twitter_image":"https:\/\/www.organisator.ch\/wp-content\/uploads\/2021\/06\/Zwei-neue-Verwaltungsraete-bei-der-Bank-WIR_Organisator.jpg","schema":{"@context":"https:\/\/schema.org","@graph":[{"@type":"Article","@id":"https:\/\/www.organisator.ch\/management\/finanzen_recht\/2021-06-04\/zwei-neue-verwaltungsraete-bei-der-bank-wir\/#article","isPartOf":{"@id":"https:\/\/www.organisator.ch\/management\/finanzen_recht\/2021-06-04\/zwei-neue-verwaltungsraete-bei-der-bank-wir\/"},"author":{"name":"thomas.berner","@id":"https:\/\/www.organisator.ch\/#\/schema\/person\/6f650f90b2842cd4c0cc334b4e36f67e"},"headline":"Zwei neue Verwaltungsr\u00e4te bei der Bank WIR","datePublished":"2021-06-04T06:17:44+00:00","mainEntityOfPage":{"@id":"https:\/\/www.organisator.ch\/management\/finanzen_recht\/2021-06-04\/zwei-neue-verwaltungsraete-bei-der-bank-wir\/"},"wordCount":386,"publisher":{"@id":"https:\/\/www.organisator.ch\/#organization"},"image":{"@id":"https:\/\/www.organisator.ch\/management\/finanzen_recht\/2021-06-04\/zwei-neue-verwaltungsraete-bei-der-bank-wir\/#primaryimage"},"thumbnailUrl":"https:\/\/www.organisator.ch\/wp-content\/uploads\/2021\/06\/Zwei-neue-Verwaltungsraete-bei-der-Bank-WIR_Organisator.jpg","keywords":["Finanzen\/Recht","Management","Personalia","Verwaltungsr\u00e4te"],"articleSection":["FINANZEN\/RECHT"],"inLanguage":"fr-FR"},{"@type":"WebPage","@id":"https:\/\/www.organisator.ch\/management\/finanzen_recht\/2021-06-04\/zwei-neue-verwaltungsraete-bei-der-bank-wir\/","url":"https:\/\/www.organisator.ch\/management\/finanzen_recht\/2021-06-04\/zwei-neue-verwaltungsraete-bei-der-bank-wir\/","name":"Deux nouveaux administrateurs \u00e0 la banque WIR - Organisateur","isPartOf":{"@id":"https:\/\/www.organisator.ch\/#website"},"primaryImageOfPage":{"@id":"https:\/\/www.organisator.ch\/management\/finanzen_recht\/2021-06-04\/zwei-neue-verwaltungsraete-bei-der-bank-wir\/#primaryimage"},"image":{"@id":"https:\/\/www.organisator.ch\/management\/finanzen_recht\/2021-06-04\/zwei-neue-verwaltungsraete-bei-der-bank-wir\/#primaryimage"},"thumbnailUrl":"https:\/\/www.organisator.ch\/wp-content\/uploads\/2021\/06\/Zwei-neue-Verwaltungsraete-bei-der-Bank-WIR_Organisator.jpg","datePublished":"2021-06-04T06:17:44+00:00","description":"Heinz Fuchs et Christoph Lenz sont les nouveaux membres du conseil d'administration de la Banque WIR. Ils ont \u00e9t\u00e9 \u00e9lus lors de l'assembl\u00e9e g\u00e9n\u00e9rale qui s'est tenue par \u00e9crit.","breadcrumb":{"@id":"https:\/\/www.organisator.ch\/management\/finanzen_recht\/2021-06-04\/zwei-neue-verwaltungsraete-bei-der-bank-wir\/#breadcrumb"},"inLanguage":"fr-FR","potentialAction":[{"@type":"ReadAction","target":["https:\/\/www.organisator.ch\/management\/finanzen_recht\/2021-06-04\/zwei-neue-verwaltungsraete-bei-der-bank-wir\/"]}]},{"@type":"ImageObject","inLanguage":"fr-FR","@id":"https:\/\/www.organisator.ch\/management\/finanzen_recht\/2021-06-04\/zwei-neue-verwaltungsraete-bei-der-bank-wir\/#primaryimage","url":"https:\/\/www.organisator.ch\/wp-content\/uploads\/2021\/06\/Zwei-neue-Verwaltungsraete-bei-der-Bank-WIR_Organisator.jpg","contentUrl":"https:\/\/www.organisator.ch\/wp-content\/uploads\/2021\/06\/Zwei-neue-Verwaltungsraete-bei-der-Bank-WIR_Organisator.jpg","width":680,"height":340,"caption":"Neue Verwaltungsr\u00e4te bei der Bank WIR: Heinz Fuchs (links) und Christoph Lenz. (Bilder: zVg)"},{"@type":"BreadcrumbList","@id":"https:\/\/www.organisator.ch\/management\/finanzen_recht\/2021-06-04\/zwei-neue-verwaltungsraete-bei-der-bank-wir\/#breadcrumb","itemListElement":[{"@type":"ListItem","position":1,"name":"Home","item":"https:\/\/www.organisator.ch\/"},{"@type":"ListItem","position":2,"name":"Zwei neue Verwaltungsr\u00e4te bei der Bank WIR"}]},{"@type":"WebSite","@id":"https:\/\/www.organisator.ch\/#website","url":"https:\/\/www.organisator.ch\/","name":"Organisateur","description":"Comp\u00e9tence et comp\u00e9tence. Proches de la pratique. L'ORGANISATEUR pr\u00e9pare 10 num\u00e9ros par an sur les th\u00e8mes essentiels pour les dirigeants de PME.","publisher":{"@id":"https:\/\/www.organisator.ch\/#organization"},"potentialAction":[{"@type":"SearchAction","target":{"@type":"EntryPoint","urlTemplate":"https:\/\/www.organisator.ch\/?s={search_term_string}"},"query-input":{"@type":"PropertyValueSpecification","valueRequired":true,"valueName":"search_term_string"}}],"inLanguage":"fr-FR"},{"@type":"Organization","@id":"https:\/\/www.organisator.ch\/#organization","name":"Organisateur","url":"https:\/\/www.organisator.ch\/","logo":{"@type":"ImageObject","inLanguage":"fr-FR","@id":"https:\/\/www.organisator.ch\/#\/schema\/logo\/image\/","url":"https:\/\/www.organisator.ch\/wp-content\/uploads\/2022\/01\/Logo_Organisator_Website.png","contentUrl":"https:\/\/www.organisator.ch\/wp-content\/uploads\/2022\/01\/Logo_Organisator_Website.png","width":800,"height":77,"caption":"Organisator"},"image":{"@id":"https:\/\/www.organisator.ch\/#\/schema\/logo\/image\/"},"sameAs":["https:\/\/www.facebook.com\/OrganisatorFachmagazin","https:\/\/www.linkedin.com\/showcase\/organisator-das-magazin-fr-kmu","https:\/\/www.xing.com\/news\/pages\/organisator-ch-695","https:\/\/www.youtube.com\/channel\/UCGP2Sq0iWaZwT3BdIAQFYpw"]},{"@type":"Person","@id":"https:\/\/www.organisator.ch\/#\/schema\/person\/6f650f90b2842cd4c0cc334b4e36f67e","name":"thomas.berner","image":{"@type":"ImageObject","inLanguage":"fr-FR","@id":"https:\/\/secure.gravatar.com\/avatar\/ac5001d2a36cb6c6cd3e50789007ffca834b477b74a2144564522e944eabff61?s=96&d=mm&r=g","url":"https:\/\/secure.gravatar.com\/avatar\/ac5001d2a36cb6c6cd3e50789007ffca834b477b74a2144564522e944eabff61?s=96&d=mm&r=g","contentUrl":"https:\/\/secure.gravatar.com\/avatar\/ac5001d2a36cb6c6cd3e50789007ffca834b477b74a2144564522e944eabff61?s=96&d=mm&r=g","caption":"thomas.berner"},"url":"https:\/\/www.organisator.ch\/fr\/author\/thomas-berner\/"}]}},"_links":{"self":[{"href":"https:\/\/www.organisator.ch\/fr\/wp-json\/wp\/v2\/posts\/8112","targetHints":{"allow":["GET"]}}],"collection":[{"href":"https:\/\/www.organisator.ch\/fr\/wp-json\/wp\/v2\/posts"}],"about":[{"href":"https:\/\/www.organisator.ch\/fr\/wp-json\/wp\/v2\/types\/post"}],"author":[{"embeddable":true,"href":"https:\/\/www.organisator.ch\/fr\/wp-json\/wp\/v2\/users\/4"}],"replies":[{"embeddable":true,"href":"https:\/\/www.organisator.ch\/fr\/wp-json\/wp\/v2\/comments?post=8112"}],"version-history":[{"count":0,"href":"https:\/\/www.organisator.ch\/fr\/wp-json\/wp\/v2\/posts\/8112\/revisions"}],"wp:featuredmedia":[{"embeddable":true,"href":"https:\/\/www.organisator.ch\/fr\/wp-json\/wp\/v2\/media\/8113"}],"wp:attachment":[{"href":"https:\/\/www.organisator.ch\/fr\/wp-json\/wp\/v2\/media?parent=8112"}],"wp:term":[{"taxonomy":"category","embeddable":true,"href":"https:\/\/www.organisator.ch\/fr\/wp-json\/wp\/v2\/categories?post=8112"},{"taxonomy":"post_tag","embeddable":true,"href":"https:\/\/www.organisator.ch\/fr\/wp-json\/wp\/v2\/tags?post=8112"}],"curies":[{"name":"wp","href":"https:\/\/api.w.org\/{rel}","templated":true}]}}