{"id":8115,"date":"2021-06-09T11:10:41","date_gmt":"2021-06-09T09:10:41","guid":{"rendered":"https:\/\/www.organisator.ch\/?p=8115"},"modified":"2021-06-09T11:10:41","modified_gmt":"2021-06-09T09:10:41","slug":"sfb-symposium-zur-zukunft-der-beruflichen-weiterbildung","status":"publish","type":"post","link":"https:\/\/www.organisator.ch\/fr\/weiterbildung\/2021-06-09\/sfb-symposium-zur-zukunft-der-beruflichen-weiterbildung\/","title":{"rendered":"Symposium sfb sur l'avenir de la formation professionnelle continue"},"content":{"rendered":"<figure id=\"attachment_8118\" aria-describedby=\"caption-attachment-8118\" style=\"width: 680px\" class=\"wp-caption alignnone\"><img loading=\"lazy\" decoding=\"async\" class=\"size-medium wp-image-8118\" src=\"https:\/\/www.organisator.ch\/wp-content\/uploads\/2021\/06\/sfb-Symposium-zur-Zukunft-der-beruflichen-Weiterbildung_Organisator.jpg\" alt=\"\" width=\"680\" height=\"391\" srcset=\"https:\/\/www.organisator.ch\/wp-content\/uploads\/2021\/06\/sfb-Symposium-zur-Zukunft-der-beruflichen-Weiterbildung_Organisator.jpg 680w, https:\/\/www.organisator.ch\/wp-content\/uploads\/2021\/06\/sfb-Symposium-zur-Zukunft-der-beruflichen-Weiterbildung_Organisator-16x9.jpg 16w, https:\/\/www.organisator.ch\/wp-content\/uploads\/2021\/06\/sfb-Symposium-zur-Zukunft-der-beruflichen-Weiterbildung_Organisator-304x175.jpg 304w, https:\/\/www.organisator.ch\/wp-content\/uploads\/2021\/06\/sfb-Symposium-zur-Zukunft-der-beruflichen-Weiterbildung_Organisator-609x350.jpg 609w, https:\/\/www.organisator.ch\/wp-content\/uploads\/2021\/06\/sfb-Symposium-zur-Zukunft-der-beruflichen-Weiterbildung_Organisator-300x173.jpg 300w\" sizes=\"auto, (max-width: 680px) 100vw, 680px\" \/><figcaption id=\"caption-attachment-8118\" class=\"wp-caption-text\">O\u00f9 va le voyage des \u00e9coles sup\u00e9rieures dans le paysage suisse de la formation ? Le symposium sfb du 15 septembre 2021 cherche des r\u00e9ponses. (Image : sfb)<\/figcaption><\/figure>\n<p>Les \u00e9coles sup\u00e9rieures (ES) occupent une position cl\u00e9 importante en Suisse en raison de notre syst\u00e8me de formation. L'examen professionnel sup\u00e9rieur jouit d'une grande popularit\u00e9 et les chiffres sont en nette augmentation. Si l'on compare la Suisse \u00e0 l'Europe, notre pays se situe clairement dans le peloton de t\u00eate. D'ici 2045, la part actuelle d'environ 35 pour cent pourrait passer \u00e0 60 pour cent. Mais : les co\u00fbts de participation \u00e0 une \u00e9cole sup\u00e9rieure sont relativement \u00e9lev\u00e9s - par rapport au bachelor par exemple -, le caract\u00e8re international des dipl\u00f4mes n'est pas reconnu, le titre f\u00e9d\u00e9ral et le visa ou le logo de la Conf\u00e9d\u00e9ration ne figurent pas sur les dipl\u00f4mes. Les diff\u00e9rentes fili\u00e8res sont certes reconnues, mais pas l'ES en tant qu'institution. La marque \"ES\" n'est donc pas prot\u00e9g\u00e9e - cela doit changer.<\/p>\n<h2>\u00c0 quoi ressemblera l'enseignement du futur ?<\/h2>\n<p>A cette tension entre les \"perspectives \u00e9conomiques\" et la question de l'avenir de la formation professionnelle continue en g\u00e9n\u00e9ral s'ajoutent de nouveaux d\u00e9veloppements d\u00e9clench\u00e9s par la pand\u00e9mie Corona. Il s'est av\u00e9r\u00e9 clairement que l'\"enseignement par Internet\" est porteur d'avenir dans le domaine de la formation. Il se fait particuli\u00e8rement sentir dans le secteur tertiaire et exige de plus en plus de nouvelles comp\u00e9tences pour l'enseignement. Les apprenants deviennent de plus en plus flexibles et autonomes. Ils d\u00e9cident de plus en plus o\u00f9, quand et \u00e0 quelle fr\u00e9quence ils se consacrent \u00e0 la mati\u00e8re \u00e0 apprendre. Le symposium de la sfb, qui aura lieu le 15 septembre 2021, a pour but de pr\u00e9senter les conditions actuelles, \u00e9conomiques et politiques de l'apprentissage du futur dans l'environnement comp\u00e9titif du paysage de la formation en Suisse.<\/p>\n<h2>Des intervenants de renom au symposium de la sfb<\/h2>\n<p>Le symposium sfb s'adresse aux entreprises (PME), aux alumni et autres personnes int\u00e9ress\u00e9es ; aux institutions de formation et aux organes politiques tels que les associations professionnelles, les \u00e9coles (secondaire II\/tertiaire B), l'ODAS, le SBFI et les partenaires de coop\u00e9ration de sfb. Le lieu du symposium est le Gottlieb Duttweiler Institute (GDI) \u00e0 8803 R\u00fcschlikon (ZH). Robert Heinzer, chef des ressources humaines de Victorinox AG, David Bosshart, CEO du GDI, Andreas Frey, recteur de la HdBA - Hochschule der Bundesagentur f\u00fcr Arbeit Mannheim et Chantal Gallad\u00e9, sp\u00e9cialiste en sciences de l'\u00e9ducation et politicienne, seront notamment les intervenants. La manifestation sera anim\u00e9e par Hugo Bigi.<\/p>\n<p><em>Inscriptions jusqu'au 31 juillet 2021 \u00e0 <a href=\"https:\/\/sfb.ch\/symposium\">sfb.ch\/symposium<\/a><\/em><\/p>","protected":false},"excerpt":{"rendered":"<p>H\u00f6here Fachschulen (HF) haben in der Schweiz aufgrund unseres Bildungssystems eine wichtige Schl\u00fcsselposition. Die h\u00f6here Berufspr\u00fcfung erfreut sich grosser Beliebtheit, die Zahlen sind deutlich angestiegen. Vergleicht man die Schweiz mit Europa, liegt unser Land hierbei klar im vorderen Bereich. Bis 2045 k\u00f6nnte der heutige Anteil von ca. 35 auf 60 Prozent steigen. Aber: die Teilnahme-Kosten [&hellip;]<\/p>\n","protected":false},"author":4,"featured_media":8118,"comment_status":"closed","ping_status":"closed","sticky":false,"template":"","format":"standard","meta":{"_acf_changed":false,"_yoast_wpseo_focuskw":"sfb Symposium","_yoast_wpseo_metadesc":"Das sfb Symposium 2021 befasst sich mit dem Themenzirkel: \u00abZukunftsszenario Bildung im Spannungsfeld wirtschaftlicher bzw. \u00f6konomischer Perspektiven\u00bb.","articlekey":"","footnotes":""},"categories":[30],"tags":[62,73,193],"class_list":["post-8115","post","type-post","status-publish","format-standard","has-post-thumbnail","hentry","category-weiterbildung","tag-aus-weiterbildung","tag-berufsbildung","tag-fachkongressfachmesse"],"acf":[],"yoast_head":"<!-- This site is optimized with the Yoast SEO plugin v27.5 - https:\/\/yoast.com\/product\/yoast-seo-wordpress\/ -->\n<title>sfb Symposium zur Zukunft der beruflichen Weiterbildung - Organisator<\/title>\n<meta name=\"description\" content=\"Das sfb Symposium 2021 befasst sich mit dem Themenzirkel: \u00abZukunftsszenario Bildung im Spannungsfeld wirtschaftlicher bzw. \u00f6konomischer Perspektiven\u00bb.\" \/>\n<meta name=\"robots\" content=\"index, follow, max-snippet:-1, max-image-preview:large, max-video-preview:-1\" \/>\n<link rel=\"canonical\" href=\"https:\/\/www.organisator.ch\/fr\/formation-continue-2\/2021-06-09\/sfb-symposium-zur-zukunft-der-beruflichen-weiterbildung\/\" \/>\n<meta property=\"og:locale\" content=\"fr_FR\" \/>\n<meta property=\"og:type\" content=\"article\" \/>\n<meta property=\"og:title\" content=\"sfb Symposium zur Zukunft der beruflichen Weiterbildung\" \/>\n<meta property=\"og:description\" content=\"Das sfb Symposium 2021 befasst sich mit dem Themenzirkel: \u00abZukunftsszenario Bildung im Spannungsfeld wirtschaftlicher bzw. \u00f6konomischer Perspektiven\u00bb.\" \/>\n<meta property=\"og:url\" content=\"https:\/\/www.organisator.ch\/fr\/formation-continue-2\/2021-06-09\/sfb-symposium-zur-zukunft-der-beruflichen-weiterbildung\/\" \/>\n<meta property=\"og:site_name\" content=\"Organisator\" \/>\n<meta property=\"article:publisher\" content=\"https:\/\/www.facebook.com\/OrganisatorFachmagazin\" \/>\n<meta property=\"article:published_time\" content=\"2021-06-09T09:10:41+00:00\" \/>\n<meta property=\"og:image\" content=\"https:\/\/www.organisator.ch\/wp-content\/uploads\/2021\/06\/sfb-Symposium-zur-Zukunft-der-beruflichen-Weiterbildung_Organisator.jpg\" \/>\n\t<meta property=\"og:image:width\" content=\"680\" \/>\n\t<meta property=\"og:image:height\" content=\"391\" \/>\n\t<meta property=\"og:image:type\" content=\"image\/jpeg\" \/>\n<meta name=\"author\" content=\"thomas.berner\" \/>\n<meta name=\"twitter:card\" content=\"summary_large_image\" \/>\n<meta name=\"twitter:title\" content=\"sfb #Symposium zur Zukunft der beruflichen #Weiterbildung\" \/>\n<meta name=\"twitter:description\" content=\"Das sfb #Symposium 2021 befasst sich mit dem Themenzirkel: \u00abZukunftsszenario Bildung im Spannungsfeld wirtschaftlicher bzw. \u00f6konomischer Perspektiven\u00bb.\" \/>\n<meta name=\"twitter:image\" content=\"https:\/\/www.organisator.ch\/wp-content\/uploads\/2021\/06\/sfb-Symposium-zur-Zukunft-der-beruflichen-Weiterbildung_Organisator.jpg\" \/>\n<script type=\"application\/ld+json\" class=\"yoast-schema-graph\">{\"@context\":\"https:\\\/\\\/schema.org\",\"@graph\":[{\"@type\":\"Article\",\"@id\":\"https:\\\/\\\/www.organisator.ch\\\/weiterbildung\\\/2021-06-09\\\/sfb-symposium-zur-zukunft-der-beruflichen-weiterbildung\\\/#article\",\"isPartOf\":{\"@id\":\"https:\\\/\\\/www.organisator.ch\\\/weiterbildung\\\/2021-06-09\\\/sfb-symposium-zur-zukunft-der-beruflichen-weiterbildung\\\/\"},\"author\":{\"name\":\"thomas.berner\",\"@id\":\"https:\\\/\\\/www.organisator.ch\\\/#\\\/schema\\\/person\\\/6f650f90b2842cd4c0cc334b4e36f67e\"},\"headline\":\"sfb Symposium zur Zukunft der beruflichen Weiterbildung\",\"datePublished\":\"2021-06-09T09:10:41+00:00\",\"mainEntityOfPage\":{\"@id\":\"https:\\\/\\\/www.organisator.ch\\\/weiterbildung\\\/2021-06-09\\\/sfb-symposium-zur-zukunft-der-beruflichen-weiterbildung\\\/\"},\"wordCount\":367,\"publisher\":{\"@id\":\"https:\\\/\\\/www.organisator.ch\\\/#organization\"},\"image\":{\"@id\":\"https:\\\/\\\/www.organisator.ch\\\/weiterbildung\\\/2021-06-09\\\/sfb-symposium-zur-zukunft-der-beruflichen-weiterbildung\\\/#primaryimage\"},\"thumbnailUrl\":\"https:\\\/\\\/www.organisator.ch\\\/wp-content\\\/uploads\\\/2021\\\/06\\\/sfb-Symposium-zur-Zukunft-der-beruflichen-Weiterbildung_Organisator.jpg\",\"keywords\":[\"Aus-\\\/Weiterbildung\",\"Berufsbildung\",\"Fachkongress\\\/Fachmesse\"],\"articleSection\":[\"WEITERBILDUNG\"],\"inLanguage\":\"fr-FR\"},{\"@type\":\"WebPage\",\"@id\":\"https:\\\/\\\/www.organisator.ch\\\/weiterbildung\\\/2021-06-09\\\/sfb-symposium-zur-zukunft-der-beruflichen-weiterbildung\\\/\",\"url\":\"https:\\\/\\\/www.organisator.ch\\\/weiterbildung\\\/2021-06-09\\\/sfb-symposium-zur-zukunft-der-beruflichen-weiterbildung\\\/\",\"name\":\"sfb Symposium zur Zukunft der beruflichen Weiterbildung - Organisator\",\"isPartOf\":{\"@id\":\"https:\\\/\\\/www.organisator.ch\\\/#website\"},\"primaryImageOfPage\":{\"@id\":\"https:\\\/\\\/www.organisator.ch\\\/weiterbildung\\\/2021-06-09\\\/sfb-symposium-zur-zukunft-der-beruflichen-weiterbildung\\\/#primaryimage\"},\"image\":{\"@id\":\"https:\\\/\\\/www.organisator.ch\\\/weiterbildung\\\/2021-06-09\\\/sfb-symposium-zur-zukunft-der-beruflichen-weiterbildung\\\/#primaryimage\"},\"thumbnailUrl\":\"https:\\\/\\\/www.organisator.ch\\\/wp-content\\\/uploads\\\/2021\\\/06\\\/sfb-Symposium-zur-Zukunft-der-beruflichen-Weiterbildung_Organisator.jpg\",\"datePublished\":\"2021-06-09T09:10:41+00:00\",\"description\":\"Das sfb Symposium 2021 befasst sich mit dem Themenzirkel: \u00abZukunftsszenario Bildung im Spannungsfeld wirtschaftlicher bzw. \u00f6konomischer Perspektiven\u00bb.\",\"breadcrumb\":{\"@id\":\"https:\\\/\\\/www.organisator.ch\\\/weiterbildung\\\/2021-06-09\\\/sfb-symposium-zur-zukunft-der-beruflichen-weiterbildung\\\/#breadcrumb\"},\"inLanguage\":\"fr-FR\",\"potentialAction\":[{\"@type\":\"ReadAction\",\"target\":[\"https:\\\/\\\/www.organisator.ch\\\/weiterbildung\\\/2021-06-09\\\/sfb-symposium-zur-zukunft-der-beruflichen-weiterbildung\\\/\"]}]},{\"@type\":\"ImageObject\",\"inLanguage\":\"fr-FR\",\"@id\":\"https:\\\/\\\/www.organisator.ch\\\/weiterbildung\\\/2021-06-09\\\/sfb-symposium-zur-zukunft-der-beruflichen-weiterbildung\\\/#primaryimage\",\"url\":\"https:\\\/\\\/www.organisator.ch\\\/wp-content\\\/uploads\\\/2021\\\/06\\\/sfb-Symposium-zur-Zukunft-der-beruflichen-Weiterbildung_Organisator.jpg\",\"contentUrl\":\"https:\\\/\\\/www.organisator.ch\\\/wp-content\\\/uploads\\\/2021\\\/06\\\/sfb-Symposium-zur-Zukunft-der-beruflichen-Weiterbildung_Organisator.jpg\",\"width\":680,\"height\":391,\"caption\":\"Wohin geht die Reise in der Schweizer Bildungslandschaft? Das sfb Symposium vom 15. September 2021 sucht nach Antworten. (Bild sfb)\"},{\"@type\":\"BreadcrumbList\",\"@id\":\"https:\\\/\\\/www.organisator.ch\\\/weiterbildung\\\/2021-06-09\\\/sfb-symposium-zur-zukunft-der-beruflichen-weiterbildung\\\/#breadcrumb\",\"itemListElement\":[{\"@type\":\"ListItem\",\"position\":1,\"name\":\"Home\",\"item\":\"https:\\\/\\\/www.organisator.ch\\\/\"},{\"@type\":\"ListItem\",\"position\":2,\"name\":\"sfb Symposium zur Zukunft der beruflichen Weiterbildung\"}]},{\"@type\":\"WebSite\",\"@id\":\"https:\\\/\\\/www.organisator.ch\\\/#website\",\"url\":\"https:\\\/\\\/www.organisator.ch\\\/\",\"name\":\"Organisator\",\"description\":\"Kompetent. Praxisnah. Der ORGANISATOR bereitet in 10 Ausgaben pro Jahr die wesentlichen Themen f\u00fcr F\u00fchrungskr\u00e4fte von KMU auf.\",\"publisher\":{\"@id\":\"https:\\\/\\\/www.organisator.ch\\\/#organization\"},\"potentialAction\":[{\"@type\":\"SearchAction\",\"target\":{\"@type\":\"EntryPoint\",\"urlTemplate\":\"https:\\\/\\\/www.organisator.ch\\\/?s={search_term_string}\"},\"query-input\":{\"@type\":\"PropertyValueSpecification\",\"valueRequired\":true,\"valueName\":\"search_term_string\"}}],\"inLanguage\":\"fr-FR\"},{\"@type\":\"Organization\",\"@id\":\"https:\\\/\\\/www.organisator.ch\\\/#organization\",\"name\":\"Organisator\",\"url\":\"https:\\\/\\\/www.organisator.ch\\\/\",\"logo\":{\"@type\":\"ImageObject\",\"inLanguage\":\"fr-FR\",\"@id\":\"https:\\\/\\\/www.organisator.ch\\\/#\\\/schema\\\/logo\\\/image\\\/\",\"url\":\"https:\\\/\\\/www.organisator.ch\\\/wp-content\\\/uploads\\\/2022\\\/01\\\/Logo_Organisator_Website.png\",\"contentUrl\":\"https:\\\/\\\/www.organisator.ch\\\/wp-content\\\/uploads\\\/2022\\\/01\\\/Logo_Organisator_Website.png\",\"width\":800,\"height\":77,\"caption\":\"Organisator\"},\"image\":{\"@id\":\"https:\\\/\\\/www.organisator.ch\\\/#\\\/schema\\\/logo\\\/image\\\/\"},\"sameAs\":[\"https:\\\/\\\/www.facebook.com\\\/OrganisatorFachmagazin\",\"https:\\\/\\\/www.linkedin.com\\\/showcase\\\/organisator-das-magazin-fr-kmu\",\"https:\\\/\\\/www.xing.com\\\/news\\\/pages\\\/organisator-ch-695\",\"https:\\\/\\\/www.youtube.com\\\/channel\\\/UCGP2Sq0iWaZwT3BdIAQFYpw\"]},{\"@type\":\"Person\",\"@id\":\"https:\\\/\\\/www.organisator.ch\\\/#\\\/schema\\\/person\\\/6f650f90b2842cd4c0cc334b4e36f67e\",\"name\":\"thomas.berner\",\"image\":{\"@type\":\"ImageObject\",\"inLanguage\":\"fr-FR\",\"@id\":\"https:\\\/\\\/secure.gravatar.com\\\/avatar\\\/ac5001d2a36cb6c6cd3e50789007ffca834b477b74a2144564522e944eabff61?s=96&d=mm&r=g\",\"url\":\"https:\\\/\\\/secure.gravatar.com\\\/avatar\\\/ac5001d2a36cb6c6cd3e50789007ffca834b477b74a2144564522e944eabff61?s=96&d=mm&r=g\",\"contentUrl\":\"https:\\\/\\\/secure.gravatar.com\\\/avatar\\\/ac5001d2a36cb6c6cd3e50789007ffca834b477b74a2144564522e944eabff61?s=96&d=mm&r=g\",\"caption\":\"thomas.berner\"},\"url\":\"https:\\\/\\\/www.organisator.ch\\\/fr\\\/author\\\/thomas-berner\\\/\"}]}<\/script>\n<!-- \/ Yoast SEO plugin. -->","yoast_head_json":{"title":"sfb Symposium sur l'avenir de la formation professionnelle continue - Organisateur","description":"Le symposium sfb 2021 se penchera sur le cercle th\u00e9matique : \"Sc\u00e9nario d'avenir de la formation dans le champ de tension des perspectives \u00e9conomiques ou \u00e9conomiques\".","robots":{"index":"index","follow":"follow","max-snippet":"max-snippet:-1","max-image-preview":"max-image-preview:large","max-video-preview":"max-video-preview:-1"},"canonical":"https:\/\/www.organisator.ch\/fr\/formation-continue-2\/2021-06-09\/sfb-symposium-zur-zukunft-der-beruflichen-weiterbildung\/","og_locale":"fr_FR","og_type":"article","og_title":"sfb Symposium zur Zukunft der beruflichen Weiterbildung","og_description":"Das sfb Symposium 2021 befasst sich mit dem Themenzirkel: \u00abZukunftsszenario Bildung im Spannungsfeld wirtschaftlicher bzw. \u00f6konomischer Perspektiven\u00bb.","og_url":"https:\/\/www.organisator.ch\/fr\/formation-continue-2\/2021-06-09\/sfb-symposium-zur-zukunft-der-beruflichen-weiterbildung\/","og_site_name":"Organisator","article_publisher":"https:\/\/www.facebook.com\/OrganisatorFachmagazin","article_published_time":"2021-06-09T09:10:41+00:00","og_image":[{"width":680,"height":391,"url":"https:\/\/www.organisator.ch\/wp-content\/uploads\/2021\/06\/sfb-Symposium-zur-Zukunft-der-beruflichen-Weiterbildung_Organisator.jpg","type":"image\/jpeg"}],"author":"thomas.berner","twitter_card":"summary_large_image","twitter_title":"sfb #Symposium zur Zukunft der beruflichen #Weiterbildung","twitter_description":"Das sfb #Symposium 2021 befasst sich mit dem Themenzirkel: \u00abZukunftsszenario Bildung im Spannungsfeld wirtschaftlicher bzw. \u00f6konomischer Perspektiven\u00bb.","twitter_image":"https:\/\/www.organisator.ch\/wp-content\/uploads\/2021\/06\/sfb-Symposium-zur-Zukunft-der-beruflichen-Weiterbildung_Organisator.jpg","schema":{"@context":"https:\/\/schema.org","@graph":[{"@type":"Article","@id":"https:\/\/www.organisator.ch\/weiterbildung\/2021-06-09\/sfb-symposium-zur-zukunft-der-beruflichen-weiterbildung\/#article","isPartOf":{"@id":"https:\/\/www.organisator.ch\/weiterbildung\/2021-06-09\/sfb-symposium-zur-zukunft-der-beruflichen-weiterbildung\/"},"author":{"name":"thomas.berner","@id":"https:\/\/www.organisator.ch\/#\/schema\/person\/6f650f90b2842cd4c0cc334b4e36f67e"},"headline":"sfb Symposium zur Zukunft der beruflichen Weiterbildung","datePublished":"2021-06-09T09:10:41+00:00","mainEntityOfPage":{"@id":"https:\/\/www.organisator.ch\/weiterbildung\/2021-06-09\/sfb-symposium-zur-zukunft-der-beruflichen-weiterbildung\/"},"wordCount":367,"publisher":{"@id":"https:\/\/www.organisator.ch\/#organization"},"image":{"@id":"https:\/\/www.organisator.ch\/weiterbildung\/2021-06-09\/sfb-symposium-zur-zukunft-der-beruflichen-weiterbildung\/#primaryimage"},"thumbnailUrl":"https:\/\/www.organisator.ch\/wp-content\/uploads\/2021\/06\/sfb-Symposium-zur-Zukunft-der-beruflichen-Weiterbildung_Organisator.jpg","keywords":["Aus-\/Weiterbildung","Berufsbildung","Fachkongress\/Fachmesse"],"articleSection":["WEITERBILDUNG"],"inLanguage":"fr-FR"},{"@type":"WebPage","@id":"https:\/\/www.organisator.ch\/weiterbildung\/2021-06-09\/sfb-symposium-zur-zukunft-der-beruflichen-weiterbildung\/","url":"https:\/\/www.organisator.ch\/weiterbildung\/2021-06-09\/sfb-symposium-zur-zukunft-der-beruflichen-weiterbildung\/","name":"sfb Symposium sur l'avenir de la formation professionnelle continue - Organisateur","isPartOf":{"@id":"https:\/\/www.organisator.ch\/#website"},"primaryImageOfPage":{"@id":"https:\/\/www.organisator.ch\/weiterbildung\/2021-06-09\/sfb-symposium-zur-zukunft-der-beruflichen-weiterbildung\/#primaryimage"},"image":{"@id":"https:\/\/www.organisator.ch\/weiterbildung\/2021-06-09\/sfb-symposium-zur-zukunft-der-beruflichen-weiterbildung\/#primaryimage"},"thumbnailUrl":"https:\/\/www.organisator.ch\/wp-content\/uploads\/2021\/06\/sfb-Symposium-zur-Zukunft-der-beruflichen-Weiterbildung_Organisator.jpg","datePublished":"2021-06-09T09:10:41+00:00","description":"Le symposium sfb 2021 se penchera sur le cercle th\u00e9matique : \"Sc\u00e9nario d'avenir de la formation dans le champ de tension des perspectives \u00e9conomiques ou \u00e9conomiques\".","breadcrumb":{"@id":"https:\/\/www.organisator.ch\/weiterbildung\/2021-06-09\/sfb-symposium-zur-zukunft-der-beruflichen-weiterbildung\/#breadcrumb"},"inLanguage":"fr-FR","potentialAction":[{"@type":"ReadAction","target":["https:\/\/www.organisator.ch\/weiterbildung\/2021-06-09\/sfb-symposium-zur-zukunft-der-beruflichen-weiterbildung\/"]}]},{"@type":"ImageObject","inLanguage":"fr-FR","@id":"https:\/\/www.organisator.ch\/weiterbildung\/2021-06-09\/sfb-symposium-zur-zukunft-der-beruflichen-weiterbildung\/#primaryimage","url":"https:\/\/www.organisator.ch\/wp-content\/uploads\/2021\/06\/sfb-Symposium-zur-Zukunft-der-beruflichen-Weiterbildung_Organisator.jpg","contentUrl":"https:\/\/www.organisator.ch\/wp-content\/uploads\/2021\/06\/sfb-Symposium-zur-Zukunft-der-beruflichen-Weiterbildung_Organisator.jpg","width":680,"height":391,"caption":"Wohin geht die Reise in der Schweizer Bildungslandschaft? Das sfb Symposium vom 15. September 2021 sucht nach Antworten. (Bild sfb)"},{"@type":"BreadcrumbList","@id":"https:\/\/www.organisator.ch\/weiterbildung\/2021-06-09\/sfb-symposium-zur-zukunft-der-beruflichen-weiterbildung\/#breadcrumb","itemListElement":[{"@type":"ListItem","position":1,"name":"Home","item":"https:\/\/www.organisator.ch\/"},{"@type":"ListItem","position":2,"name":"sfb Symposium zur Zukunft der beruflichen Weiterbildung"}]},{"@type":"WebSite","@id":"https:\/\/www.organisator.ch\/#website","url":"https:\/\/www.organisator.ch\/","name":"Organisateur","description":"Comp\u00e9tence et comp\u00e9tence. Proches de la pratique. L'ORGANISATEUR pr\u00e9pare 10 num\u00e9ros par an sur les th\u00e8mes essentiels pour les dirigeants de PME.","publisher":{"@id":"https:\/\/www.organisator.ch\/#organization"},"potentialAction":[{"@type":"SearchAction","target":{"@type":"EntryPoint","urlTemplate":"https:\/\/www.organisator.ch\/?s={search_term_string}"},"query-input":{"@type":"PropertyValueSpecification","valueRequired":true,"valueName":"search_term_string"}}],"inLanguage":"fr-FR"},{"@type":"Organization","@id":"https:\/\/www.organisator.ch\/#organization","name":"Organisateur","url":"https:\/\/www.organisator.ch\/","logo":{"@type":"ImageObject","inLanguage":"fr-FR","@id":"https:\/\/www.organisator.ch\/#\/schema\/logo\/image\/","url":"https:\/\/www.organisator.ch\/wp-content\/uploads\/2022\/01\/Logo_Organisator_Website.png","contentUrl":"https:\/\/www.organisator.ch\/wp-content\/uploads\/2022\/01\/Logo_Organisator_Website.png","width":800,"height":77,"caption":"Organisator"},"image":{"@id":"https:\/\/www.organisator.ch\/#\/schema\/logo\/image\/"},"sameAs":["https:\/\/www.facebook.com\/OrganisatorFachmagazin","https:\/\/www.linkedin.com\/showcase\/organisator-das-magazin-fr-kmu","https:\/\/www.xing.com\/news\/pages\/organisator-ch-695","https:\/\/www.youtube.com\/channel\/UCGP2Sq0iWaZwT3BdIAQFYpw"]},{"@type":"Person","@id":"https:\/\/www.organisator.ch\/#\/schema\/person\/6f650f90b2842cd4c0cc334b4e36f67e","name":"thomas.berner","image":{"@type":"ImageObject","inLanguage":"fr-FR","@id":"https:\/\/secure.gravatar.com\/avatar\/ac5001d2a36cb6c6cd3e50789007ffca834b477b74a2144564522e944eabff61?s=96&d=mm&r=g","url":"https:\/\/secure.gravatar.com\/avatar\/ac5001d2a36cb6c6cd3e50789007ffca834b477b74a2144564522e944eabff61?s=96&d=mm&r=g","contentUrl":"https:\/\/secure.gravatar.com\/avatar\/ac5001d2a36cb6c6cd3e50789007ffca834b477b74a2144564522e944eabff61?s=96&d=mm&r=g","caption":"thomas.berner"},"url":"https:\/\/www.organisator.ch\/fr\/author\/thomas-berner\/"}]}},"_links":{"self":[{"href":"https:\/\/www.organisator.ch\/fr\/wp-json\/wp\/v2\/posts\/8115","targetHints":{"allow":["GET"]}}],"collection":[{"href":"https:\/\/www.organisator.ch\/fr\/wp-json\/wp\/v2\/posts"}],"about":[{"href":"https:\/\/www.organisator.ch\/fr\/wp-json\/wp\/v2\/types\/post"}],"author":[{"embeddable":true,"href":"https:\/\/www.organisator.ch\/fr\/wp-json\/wp\/v2\/users\/4"}],"replies":[{"embeddable":true,"href":"https:\/\/www.organisator.ch\/fr\/wp-json\/wp\/v2\/comments?post=8115"}],"version-history":[{"count":0,"href":"https:\/\/www.organisator.ch\/fr\/wp-json\/wp\/v2\/posts\/8115\/revisions"}],"wp:featuredmedia":[{"embeddable":true,"href":"https:\/\/www.organisator.ch\/fr\/wp-json\/wp\/v2\/media\/8118"}],"wp:attachment":[{"href":"https:\/\/www.organisator.ch\/fr\/wp-json\/wp\/v2\/media?parent=8115"}],"wp:term":[{"taxonomy":"category","embeddable":true,"href":"https:\/\/www.organisator.ch\/fr\/wp-json\/wp\/v2\/categories?post=8115"},{"taxonomy":"post_tag","embeddable":true,"href":"https:\/\/www.organisator.ch\/fr\/wp-json\/wp\/v2\/tags?post=8115"}],"curies":[{"name":"wp","href":"https:\/\/api.w.org\/{rel}","templated":true}]}}