{"id":8121,"date":"2021-06-09T08:15:15","date_gmt":"2021-06-09T06:15:15","guid":{"rendered":"https:\/\/www.organisator.ch\/?p=8121"},"modified":"2021-06-09T08:15:15","modified_gmt":"2021-06-09T06:15:15","slug":"emotionale-unterstuetzung-der-arbeitnehmenden-durch-die-arbeitgeber-ist-gewaehrleistet","status":"publish","type":"post","link":"https:\/\/www.organisator.ch\/fr\/human-resources\/hrm\/2021-06-09\/emotionale-unterstuetzung-der-arbeitnehmenden-durch-die-arbeitgeber-ist-gewaehrleistet\/","title":{"rendered":"Le soutien \u00e9motionnel des travailleurs par les employeurs est garanti"},"content":{"rendered":"<figure id=\"attachment_8122\" aria-describedby=\"caption-attachment-8122\" style=\"width: 680px\" class=\"wp-caption alignnone\"><img loading=\"lazy\" decoding=\"async\" class=\"size-medium wp-image-8122\" src=\"https:\/\/www.organisator.ch\/wp-content\/uploads\/2021\/06\/Emotionale-Unterstuetzung-der-Arbeitnehmenden-durch-die-Arbeitgeber-ist-gewaehrleistet-1_Organisator.jpg\" alt=\"\" width=\"680\" height=\"382\" srcset=\"https:\/\/www.organisator.ch\/wp-content\/uploads\/2021\/06\/Emotionale-Unterstuetzung-der-Arbeitnehmenden-durch-die-Arbeitgeber-ist-gewaehrleistet-1_Organisator.jpg 680w, https:\/\/www.organisator.ch\/wp-content\/uploads\/2021\/06\/Emotionale-Unterstuetzung-der-Arbeitnehmenden-durch-die-Arbeitgeber-ist-gewaehrleistet-1_Organisator-16x9.jpg 16w, https:\/\/www.organisator.ch\/wp-content\/uploads\/2021\/06\/Emotionale-Unterstuetzung-der-Arbeitnehmenden-durch-die-Arbeitgeber-ist-gewaehrleistet-1_Organisator-312x175.jpg 312w, https:\/\/www.organisator.ch\/wp-content\/uploads\/2021\/06\/Emotionale-Unterstuetzung-der-Arbeitnehmenden-durch-die-Arbeitgeber-ist-gewaehrleistet-1_Organisator-623x350.jpg 623w, https:\/\/www.organisator.ch\/wp-content\/uploads\/2021\/06\/Emotionale-Unterstuetzung-der-Arbeitnehmenden-durch-die-Arbeitgeber-ist-gewaehrleistet-1_Organisator-300x169.jpg 300w\" sizes=\"auto, (max-width: 680px) 100vw, 680px\" \/><figcaption id=\"caption-attachment-8122\" class=\"wp-caption-text\">Malgr\u00e9 l'incertitude et les restrictions La plupart des travailleurs re\u00e7oivent suffisamment de soutien \u00e9motionnel de la part de leur employeur. (Image : Pixabay.com)<\/figcaption><\/figure>\n<p>Le dernier Barom\u00e8tre de l'emploi Randstad - pour lequel des donn\u00e9es ont \u00e9t\u00e9 collect\u00e9es dans 34 pays - montre que si la plupart des personnes interrog\u00e9es sont r\u00e9silientes, elles sont \u00e9galement pr\u00e9occup\u00e9es par l'incertitude concernant la pand\u00e9mie et leur avenir.<\/p>\n<h2 style=\"font-weight: 400;\"><b>Un grand soutien \u00e9motionnel des travailleurs<\/b><\/h2>\n<p style=\"font-weight: 400;\">Au niveau mondial, une nette majorit\u00e9 (71 %) se sent soutenue \u00e9motionnellement par son employeur pendant la pand\u00e9mie. En revanche, en Suisse, seuls 66 % des employ\u00e9s indiquent avoir re\u00e7u un soutien \u00e9motionnel de la part de leur entreprise. Taco de Vries, CEO de Randstad (Suisse) SA, voit deux raisons principales \u00e0 ce r\u00e9sultat : \"D'une part, les employeurs jouent en Suisse un r\u00f4le nettement moins central dans la vie des employ\u00e9s que dans l'espace asiatique par exemple. D'autre part, il me semble que le lien \u00e9motionnel avec l'employeur est plus faible sur les march\u00e9s du travail stables que sur les march\u00e9s incertains\".<\/p>\n<figure id=\"attachment_8123\" aria-describedby=\"caption-attachment-8123\" style=\"width: 680px\" class=\"wp-caption alignnone\"><img loading=\"lazy\" decoding=\"async\" class=\"size-medium wp-image-8123\" src=\"https:\/\/www.organisator.ch\/wp-content\/uploads\/2021\/06\/Emotionale-Unterstuetzung-der-Arbeitnehmenden-durch-die-Arbeitgeber-ist-gewaehrleistet-2_Organisator.jpg\" alt=\"\" width=\"680\" height=\"306\" srcset=\"https:\/\/www.organisator.ch\/wp-content\/uploads\/2021\/06\/Emotionale-Unterstuetzung-der-Arbeitnehmenden-durch-die-Arbeitgeber-ist-gewaehrleistet-2_Organisator.jpg 680w, https:\/\/www.organisator.ch\/wp-content\/uploads\/2021\/06\/Emotionale-Unterstuetzung-der-Arbeitnehmenden-durch-die-Arbeitgeber-ist-gewaehrleistet-2_Organisator-16x7.jpg 16w, https:\/\/www.organisator.ch\/wp-content\/uploads\/2021\/06\/Emotionale-Unterstuetzung-der-Arbeitnehmenden-durch-die-Arbeitgeber-ist-gewaehrleistet-2_Organisator-375x169.jpg 375w, https:\/\/www.organisator.ch\/wp-content\/uploads\/2021\/06\/Emotionale-Unterstuetzung-der-Arbeitnehmenden-durch-die-Arbeitgeber-ist-gewaehrleistet-2_Organisator-300x135.jpg 300w\" sizes=\"auto, (max-width: 680px) 100vw, 680px\" \/><figcaption id=\"caption-attachment-8123\" class=\"wp-caption-text\">Le soutien \u00e9motionnel des employeurs est plus faible en Suisse que la moyenne mondiale. (Graphique : Randstad)<\/figcaption><\/figure>\n<p style=\"font-weight: 400;\">En seulement un an, le rapport de force s'est d\u00e9plac\u00e9 des travailleurs, qui avaient un faible taux de ch\u00f4mage avant COVID-19, vers les employeurs, qui peuvent d\u00e9sormais choisir parmi un plus grand nombre de demandeurs d'emploi actifs. M\u00eame ceux qui ont actuellement un emploi craignent d'\u00eatre licenci\u00e9s. Ces craintes ne dispara\u00eetront probablement pas de sit\u00f4t. De nombreux probl\u00e8mes qui perturbent le march\u00e9 mondial du travail vont persister pendant des mois, alors que l'\u00e9conomie mondiale tente de se redresser dans une p\u00e9riode d'incertitude.<\/p>\n<h2 style=\"font-weight: 400;\"><b>La capacit\u00e9 d'adaptation \u00e0 la num\u00e9risation n'est pas une question de technologie<\/b><\/h2>\n<p style=\"font-weight: 400;\">Au niveau mondial, 79 % des travailleurs estiment qu'ils disposent de l'\u00e9quipement et de la technologie n\u00e9cessaires pour s'adapter \u00e0 la num\u00e9risation. En Suisse, cette valeur n'est que l\u00e9g\u00e8rement inf\u00e9rieure, avec 77 %. En m\u00eame temps, la moyenne mondiale est de 40 % qui d\u00e9clarent avoir des difficult\u00e9s \u00e0 acqu\u00e9rir les comp\u00e9tences n\u00e9cessaires \u00e0 cette nouvelle \u00e8re num\u00e9rique. En Suisse, les travailleurs ont un peu moins de difficult\u00e9s. Seuls 36 % d\u00e9clarent avoir des difficult\u00e9s \u00e0 apprendre de nouvelles comp\u00e9tences num\u00e9riques.<\/p>\n<p style=\"font-weight: 400;\">L'introduction rapide de nouvelles technologies a conduit les travailleurs \u00e0 se pr\u00e9occuper davantage de leur employabilit\u00e9. C'est - outre la pand\u00e9mie - une autre raison importante pour laquelle la s\u00e9curit\u00e9 de l'emploi est une priorit\u00e9 pour beaucoup. Pour rester employ\u00e9s dans leur entreprise, 30 % dans le monde indiquent qu'ils seraient pr\u00eats \u00e0 accepter un autre r\u00f4le dans l'entreprise. En Suisse, ce sont m\u00eame 33 % qui seraient pr\u00eats \u00e0 se r\u00e9orienter dans l'entreprise. Une r\u00e9orientation au sein de l'entreprise est l'option pr\u00e9f\u00e9r\u00e9e des travailleurs en Europe pour garantir leur emploi, suivie d'une r\u00e9duction temporaire des heures de travail. Les travailleurs hors Europe sont en revanche plus dispos\u00e9s \u00e0 travailler davantage sans augmentation de salaire.<\/p>\n<h2 style=\"font-weight: 400;\"><b>Exigence pour les emplois selon COVID-19<\/b><\/h2>\n<p style=\"font-weight: 400;\">Bien que la s\u00e9curit\u00e9 de l'emploi pendant Corona soit sans aucun doute importante, il est int\u00e9ressant de noter que les donn\u00e9es de Randstad montrent que les travailleurs ne s'inqui\u00e8tent pas outre mesure de leur emploi pour l'avenir. En effet, seul un tiers des personnes interrog\u00e9es ont indiqu\u00e9 qu'elles souhaitaient une plus grande s\u00e9curit\u00e9 de l'emploi apr\u00e8s la pand\u00e9mie.<\/p>\n<p style=\"font-weight: 400;\">De nombreux travailleurs pensent que m\u00eame en p\u00e9riode de ch\u00f4mage plus \u00e9lev\u00e9, les entreprises pourraient toujours avoir du mal \u00e0 trouver les bons talents. Ce qui est s\u00fbr, c'est que bon nombre des comp\u00e9tences dont les entreprises avaient besoin avant la pand\u00e9mie sont toujours tr\u00e8s demand\u00e9es. Certains talents deviendront m\u00eame encore plus importants en raison de la num\u00e9risation acc\u00e9l\u00e9r\u00e9e par la pand\u00e9mie.<\/p>\n<p><em>Source : <a href=\"http:\/\/www.randstad.ch\">Randstad<\/a><\/em><\/p>","protected":false},"excerpt":{"rendered":"<p>Der j\u00fcngste Randstad Arbeitsbarometer &#8211; dazu wurden Daten in 34 L\u00e4ndern erhoben &#8211; zeigt, dass die meisten Befragten zwar widerstandsf\u00e4hig sind, sich aber auch Sorgen \u00fcber die Ungewissheit bez\u00fcglich der Pandemie und ihrer Zukunft machen. Grosse emotionale Unterst\u00fctzung der Arbeitnehmenden Weltweit f\u00fchlt sich eine deutliche Mehrheit (71 %) von ihrem Arbeitgeber w\u00e4hrend der Pandemie emotional [&hellip;]<\/p>\n","protected":false},"author":4,"featured_media":8122,"comment_status":"closed","ping_status":"closed","sticky":false,"template":"","format":"standard","meta":{"_acf_changed":false,"_yoast_wpseo_focuskw":"emotionale Unterst\u00fctzung","_yoast_wpseo_metadesc":"Selbst die Widerstandsf\u00e4higsten unter uns sp\u00fcren den Stress der Pandemie. Dennoch: Arbeitnehmende finden emotionale Unterst\u00fctzung durch ihre Arbeitgeber.","articlekey":"","footnotes":""},"categories":[26],"tags":[132,254,335,459],"class_list":["post-8121","post","type-post","status-publish","format-standard","has-post-thumbnail","hentry","category-hrm","tag-coronavirus","tag-hrm","tag-management-und-unternehmensfuehrung","tag-studie"],"acf":[],"yoast_head":"<!-- This site is optimized with the Yoast SEO plugin v27.5 - https:\/\/yoast.com\/product\/yoast-seo-wordpress\/ -->\n<title>Emotionale Unterst\u00fctzung der Arbeitnehmenden durch die Arbeitgeber ist gew\u00e4hrleistet - Organisator<\/title>\n<meta name=\"description\" content=\"Selbst die Widerstandsf\u00e4higsten unter uns sp\u00fcren den Stress der Pandemie. Dennoch: Arbeitnehmende finden emotionale Unterst\u00fctzung durch ihre Arbeitgeber.\" \/>\n<meta name=\"robots\" content=\"index, follow, max-snippet:-1, max-image-preview:large, max-video-preview:-1\" \/>\n<link rel=\"canonical\" href=\"https:\/\/www.organisator.ch\/fr\/ressources-humaines\/hrm\/2021-06-09\/emotionale-unterstuetzung-der-arbeitnehmenden-durch-die-arbeitgeber-ist-gewaehrleistet\/\" \/>\n<meta property=\"og:locale\" content=\"fr_FR\" \/>\n<meta property=\"og:type\" content=\"article\" \/>\n<meta property=\"og:title\" content=\"Emotionale Unterst\u00fctzung der Arbeitnehmenden durch die Arbeitgeber ist gew\u00e4hrleistet\" \/>\n<meta property=\"og:description\" content=\"Selbst die Widerstandsf\u00e4higsten unter uns sp\u00fcren den Stress der Pandemie. Dennoch: Arbeitnehmende finden emotionale Unterst\u00fctzung durch ihre Arbeitgeber.\" \/>\n<meta property=\"og:url\" content=\"https:\/\/www.organisator.ch\/fr\/ressources-humaines\/hrm\/2021-06-09\/emotionale-unterstuetzung-der-arbeitnehmenden-durch-die-arbeitgeber-ist-gewaehrleistet\/\" \/>\n<meta property=\"og:site_name\" content=\"Organisator\" \/>\n<meta property=\"article:publisher\" content=\"https:\/\/www.facebook.com\/OrganisatorFachmagazin\" \/>\n<meta property=\"article:published_time\" content=\"2021-06-09T06:15:15+00:00\" \/>\n<meta property=\"og:image\" content=\"https:\/\/www.organisator.ch\/wp-content\/uploads\/2021\/06\/Emotionale-Unterstuetzung-der-Arbeitnehmenden-durch-die-Arbeitgeber-ist-gewaehrleistet-1_Organisator.jpg\" \/>\n\t<meta property=\"og:image:width\" content=\"680\" \/>\n\t<meta property=\"og:image:height\" content=\"382\" \/>\n\t<meta property=\"og:image:type\" content=\"image\/jpeg\" \/>\n<meta name=\"author\" content=\"thomas.berner\" \/>\n<meta name=\"twitter:card\" content=\"summary_large_image\" \/>\n<meta name=\"twitter:title\" content=\"Emotionale #Unterst\u00fctzung der Arbeitnehmenden durch die Arbeitgeber ist gew\u00e4hrleistet\" \/>\n<meta name=\"twitter:description\" content=\"Selbst die #Widerstandsf\u00e4higsten unter uns sp\u00fcren den Stress der #Pandemie. Dennoch: Arbeitnehmende finden emotionale Unterst\u00fctzung durch ihre Arbeitgeber.\" \/>\n<meta name=\"twitter:image\" content=\"https:\/\/www.organisator.ch\/wp-content\/uploads\/2021\/06\/Emotionale-Unterstuetzung-der-Arbeitnehmenden-durch-die-Arbeitgeber-ist-gewaehrleistet-1_Organisator.jpg\" \/>\n<script type=\"application\/ld+json\" class=\"yoast-schema-graph\">{\"@context\":\"https:\\\/\\\/schema.org\",\"@graph\":[{\"@type\":\"Article\",\"@id\":\"https:\\\/\\\/www.organisator.ch\\\/human-resources\\\/hrm\\\/2021-06-09\\\/emotionale-unterstuetzung-der-arbeitnehmenden-durch-die-arbeitgeber-ist-gewaehrleistet\\\/#article\",\"isPartOf\":{\"@id\":\"https:\\\/\\\/www.organisator.ch\\\/human-resources\\\/hrm\\\/2021-06-09\\\/emotionale-unterstuetzung-der-arbeitnehmenden-durch-die-arbeitgeber-ist-gewaehrleistet\\\/\"},\"author\":{\"name\":\"thomas.berner\",\"@id\":\"https:\\\/\\\/www.organisator.ch\\\/#\\\/schema\\\/person\\\/6f650f90b2842cd4c0cc334b4e36f67e\"},\"headline\":\"Emotionale Unterst\u00fctzung der Arbeitnehmenden durch die Arbeitgeber ist gew\u00e4hrleistet\",\"datePublished\":\"2021-06-09T06:15:15+00:00\",\"mainEntityOfPage\":{\"@id\":\"https:\\\/\\\/www.organisator.ch\\\/human-resources\\\/hrm\\\/2021-06-09\\\/emotionale-unterstuetzung-der-arbeitnehmenden-durch-die-arbeitgeber-ist-gewaehrleistet\\\/\"},\"wordCount\":617,\"publisher\":{\"@id\":\"https:\\\/\\\/www.organisator.ch\\\/#organization\"},\"image\":{\"@id\":\"https:\\\/\\\/www.organisator.ch\\\/human-resources\\\/hrm\\\/2021-06-09\\\/emotionale-unterstuetzung-der-arbeitnehmenden-durch-die-arbeitgeber-ist-gewaehrleistet\\\/#primaryimage\"},\"thumbnailUrl\":\"https:\\\/\\\/www.organisator.ch\\\/wp-content\\\/uploads\\\/2021\\\/06\\\/Emotionale-Unterstuetzung-der-Arbeitnehmenden-durch-die-Arbeitgeber-ist-gewaehrleistet-1_Organisator.jpg\",\"keywords\":[\"Coronavirus\",\"HRM\",\"Management und Unternehmensf\u00fchrung\",\"Studie\"],\"articleSection\":[\"HRM\"],\"inLanguage\":\"fr-FR\"},{\"@type\":\"WebPage\",\"@id\":\"https:\\\/\\\/www.organisator.ch\\\/human-resources\\\/hrm\\\/2021-06-09\\\/emotionale-unterstuetzung-der-arbeitnehmenden-durch-die-arbeitgeber-ist-gewaehrleistet\\\/\",\"url\":\"https:\\\/\\\/www.organisator.ch\\\/human-resources\\\/hrm\\\/2021-06-09\\\/emotionale-unterstuetzung-der-arbeitnehmenden-durch-die-arbeitgeber-ist-gewaehrleistet\\\/\",\"name\":\"Emotionale Unterst\u00fctzung der Arbeitnehmenden durch die Arbeitgeber ist gew\u00e4hrleistet - Organisator\",\"isPartOf\":{\"@id\":\"https:\\\/\\\/www.organisator.ch\\\/#website\"},\"primaryImageOfPage\":{\"@id\":\"https:\\\/\\\/www.organisator.ch\\\/human-resources\\\/hrm\\\/2021-06-09\\\/emotionale-unterstuetzung-der-arbeitnehmenden-durch-die-arbeitgeber-ist-gewaehrleistet\\\/#primaryimage\"},\"image\":{\"@id\":\"https:\\\/\\\/www.organisator.ch\\\/human-resources\\\/hrm\\\/2021-06-09\\\/emotionale-unterstuetzung-der-arbeitnehmenden-durch-die-arbeitgeber-ist-gewaehrleistet\\\/#primaryimage\"},\"thumbnailUrl\":\"https:\\\/\\\/www.organisator.ch\\\/wp-content\\\/uploads\\\/2021\\\/06\\\/Emotionale-Unterstuetzung-der-Arbeitnehmenden-durch-die-Arbeitgeber-ist-gewaehrleistet-1_Organisator.jpg\",\"datePublished\":\"2021-06-09T06:15:15+00:00\",\"description\":\"Selbst die Widerstandsf\u00e4higsten unter uns sp\u00fcren den Stress der Pandemie. Dennoch: Arbeitnehmende finden emotionale Unterst\u00fctzung durch ihre Arbeitgeber.\",\"breadcrumb\":{\"@id\":\"https:\\\/\\\/www.organisator.ch\\\/human-resources\\\/hrm\\\/2021-06-09\\\/emotionale-unterstuetzung-der-arbeitnehmenden-durch-die-arbeitgeber-ist-gewaehrleistet\\\/#breadcrumb\"},\"inLanguage\":\"fr-FR\",\"potentialAction\":[{\"@type\":\"ReadAction\",\"target\":[\"https:\\\/\\\/www.organisator.ch\\\/human-resources\\\/hrm\\\/2021-06-09\\\/emotionale-unterstuetzung-der-arbeitnehmenden-durch-die-arbeitgeber-ist-gewaehrleistet\\\/\"]}]},{\"@type\":\"ImageObject\",\"inLanguage\":\"fr-FR\",\"@id\":\"https:\\\/\\\/www.organisator.ch\\\/human-resources\\\/hrm\\\/2021-06-09\\\/emotionale-unterstuetzung-der-arbeitnehmenden-durch-die-arbeitgeber-ist-gewaehrleistet\\\/#primaryimage\",\"url\":\"https:\\\/\\\/www.organisator.ch\\\/wp-content\\\/uploads\\\/2021\\\/06\\\/Emotionale-Unterstuetzung-der-Arbeitnehmenden-durch-die-Arbeitgeber-ist-gewaehrleistet-1_Organisator.jpg\",\"contentUrl\":\"https:\\\/\\\/www.organisator.ch\\\/wp-content\\\/uploads\\\/2021\\\/06\\\/Emotionale-Unterstuetzung-der-Arbeitnehmenden-durch-die-Arbeitgeber-ist-gewaehrleistet-1_Organisator.jpg\",\"width\":680,\"height\":382,\"caption\":\"Trotz Unsicherheit und Einschr\u00e4nkungen Die meisten Arbeitnehmenden erfahren durch ihre Arbeitgeber gen\u00fcgend emotionale Unterst\u00fctzung. (Bild: Pixabay.com)\"},{\"@type\":\"BreadcrumbList\",\"@id\":\"https:\\\/\\\/www.organisator.ch\\\/human-resources\\\/hrm\\\/2021-06-09\\\/emotionale-unterstuetzung-der-arbeitnehmenden-durch-die-arbeitgeber-ist-gewaehrleistet\\\/#breadcrumb\",\"itemListElement\":[{\"@type\":\"ListItem\",\"position\":1,\"name\":\"Home\",\"item\":\"https:\\\/\\\/www.organisator.ch\\\/\"},{\"@type\":\"ListItem\",\"position\":2,\"name\":\"Emotionale Unterst\u00fctzung der Arbeitnehmenden durch die Arbeitgeber ist gew\u00e4hrleistet\"}]},{\"@type\":\"WebSite\",\"@id\":\"https:\\\/\\\/www.organisator.ch\\\/#website\",\"url\":\"https:\\\/\\\/www.organisator.ch\\\/\",\"name\":\"Organisator\",\"description\":\"Kompetent. Praxisnah. Der ORGANISATOR bereitet in 10 Ausgaben pro Jahr die wesentlichen Themen f\u00fcr F\u00fchrungskr\u00e4fte von KMU auf.\",\"publisher\":{\"@id\":\"https:\\\/\\\/www.organisator.ch\\\/#organization\"},\"potentialAction\":[{\"@type\":\"SearchAction\",\"target\":{\"@type\":\"EntryPoint\",\"urlTemplate\":\"https:\\\/\\\/www.organisator.ch\\\/?s={search_term_string}\"},\"query-input\":{\"@type\":\"PropertyValueSpecification\",\"valueRequired\":true,\"valueName\":\"search_term_string\"}}],\"inLanguage\":\"fr-FR\"},{\"@type\":\"Organization\",\"@id\":\"https:\\\/\\\/www.organisator.ch\\\/#organization\",\"name\":\"Organisator\",\"url\":\"https:\\\/\\\/www.organisator.ch\\\/\",\"logo\":{\"@type\":\"ImageObject\",\"inLanguage\":\"fr-FR\",\"@id\":\"https:\\\/\\\/www.organisator.ch\\\/#\\\/schema\\\/logo\\\/image\\\/\",\"url\":\"https:\\\/\\\/www.organisator.ch\\\/wp-content\\\/uploads\\\/2022\\\/01\\\/Logo_Organisator_Website.png\",\"contentUrl\":\"https:\\\/\\\/www.organisator.ch\\\/wp-content\\\/uploads\\\/2022\\\/01\\\/Logo_Organisator_Website.png\",\"width\":800,\"height\":77,\"caption\":\"Organisator\"},\"image\":{\"@id\":\"https:\\\/\\\/www.organisator.ch\\\/#\\\/schema\\\/logo\\\/image\\\/\"},\"sameAs\":[\"https:\\\/\\\/www.facebook.com\\\/OrganisatorFachmagazin\",\"https:\\\/\\\/www.linkedin.com\\\/showcase\\\/organisator-das-magazin-fr-kmu\",\"https:\\\/\\\/www.xing.com\\\/news\\\/pages\\\/organisator-ch-695\",\"https:\\\/\\\/www.youtube.com\\\/channel\\\/UCGP2Sq0iWaZwT3BdIAQFYpw\"]},{\"@type\":\"Person\",\"@id\":\"https:\\\/\\\/www.organisator.ch\\\/#\\\/schema\\\/person\\\/6f650f90b2842cd4c0cc334b4e36f67e\",\"name\":\"thomas.berner\",\"image\":{\"@type\":\"ImageObject\",\"inLanguage\":\"fr-FR\",\"@id\":\"https:\\\/\\\/secure.gravatar.com\\\/avatar\\\/ac5001d2a36cb6c6cd3e50789007ffca834b477b74a2144564522e944eabff61?s=96&d=mm&r=g\",\"url\":\"https:\\\/\\\/secure.gravatar.com\\\/avatar\\\/ac5001d2a36cb6c6cd3e50789007ffca834b477b74a2144564522e944eabff61?s=96&d=mm&r=g\",\"contentUrl\":\"https:\\\/\\\/secure.gravatar.com\\\/avatar\\\/ac5001d2a36cb6c6cd3e50789007ffca834b477b74a2144564522e944eabff61?s=96&d=mm&r=g\",\"caption\":\"thomas.berner\"},\"url\":\"https:\\\/\\\/www.organisator.ch\\\/fr\\\/author\\\/thomas-berner\\\/\"}]}<\/script>\n<!-- \/ Yoast SEO plugin. -->","yoast_head_json":{"title":"Le soutien \u00e9motionnel des travailleurs par les employeurs est garanti - Organisateur","description":"M\u00eame les plus r\u00e9sistants d'entre nous ressentent le stress de la pand\u00e9mie. N\u00e9anmoins, les travailleurs trouvent un soutien \u00e9motionnel aupr\u00e8s de leur employeur.","robots":{"index":"index","follow":"follow","max-snippet":"max-snippet:-1","max-image-preview":"max-image-preview:large","max-video-preview":"max-video-preview:-1"},"canonical":"https:\/\/www.organisator.ch\/fr\/ressources-humaines\/hrm\/2021-06-09\/emotionale-unterstuetzung-der-arbeitnehmenden-durch-die-arbeitgeber-ist-gewaehrleistet\/","og_locale":"fr_FR","og_type":"article","og_title":"Emotionale Unterst\u00fctzung der Arbeitnehmenden durch die Arbeitgeber ist gew\u00e4hrleistet","og_description":"Selbst die Widerstandsf\u00e4higsten unter uns sp\u00fcren den Stress der Pandemie. Dennoch: Arbeitnehmende finden emotionale Unterst\u00fctzung durch ihre Arbeitgeber.","og_url":"https:\/\/www.organisator.ch\/fr\/ressources-humaines\/hrm\/2021-06-09\/emotionale-unterstuetzung-der-arbeitnehmenden-durch-die-arbeitgeber-ist-gewaehrleistet\/","og_site_name":"Organisator","article_publisher":"https:\/\/www.facebook.com\/OrganisatorFachmagazin","article_published_time":"2021-06-09T06:15:15+00:00","og_image":[{"width":680,"height":382,"url":"https:\/\/www.organisator.ch\/wp-content\/uploads\/2021\/06\/Emotionale-Unterstuetzung-der-Arbeitnehmenden-durch-die-Arbeitgeber-ist-gewaehrleistet-1_Organisator.jpg","type":"image\/jpeg"}],"author":"thomas.berner","twitter_card":"summary_large_image","twitter_title":"Emotionale #Unterst\u00fctzung der Arbeitnehmenden durch die Arbeitgeber ist gew\u00e4hrleistet","twitter_description":"Selbst die #Widerstandsf\u00e4higsten unter uns sp\u00fcren den Stress der #Pandemie. Dennoch: Arbeitnehmende finden emotionale Unterst\u00fctzung durch ihre Arbeitgeber.","twitter_image":"https:\/\/www.organisator.ch\/wp-content\/uploads\/2021\/06\/Emotionale-Unterstuetzung-der-Arbeitnehmenden-durch-die-Arbeitgeber-ist-gewaehrleistet-1_Organisator.jpg","schema":{"@context":"https:\/\/schema.org","@graph":[{"@type":"Article","@id":"https:\/\/www.organisator.ch\/human-resources\/hrm\/2021-06-09\/emotionale-unterstuetzung-der-arbeitnehmenden-durch-die-arbeitgeber-ist-gewaehrleistet\/#article","isPartOf":{"@id":"https:\/\/www.organisator.ch\/human-resources\/hrm\/2021-06-09\/emotionale-unterstuetzung-der-arbeitnehmenden-durch-die-arbeitgeber-ist-gewaehrleistet\/"},"author":{"name":"thomas.berner","@id":"https:\/\/www.organisator.ch\/#\/schema\/person\/6f650f90b2842cd4c0cc334b4e36f67e"},"headline":"Emotionale Unterst\u00fctzung der Arbeitnehmenden durch die Arbeitgeber ist gew\u00e4hrleistet","datePublished":"2021-06-09T06:15:15+00:00","mainEntityOfPage":{"@id":"https:\/\/www.organisator.ch\/human-resources\/hrm\/2021-06-09\/emotionale-unterstuetzung-der-arbeitnehmenden-durch-die-arbeitgeber-ist-gewaehrleistet\/"},"wordCount":617,"publisher":{"@id":"https:\/\/www.organisator.ch\/#organization"},"image":{"@id":"https:\/\/www.organisator.ch\/human-resources\/hrm\/2021-06-09\/emotionale-unterstuetzung-der-arbeitnehmenden-durch-die-arbeitgeber-ist-gewaehrleistet\/#primaryimage"},"thumbnailUrl":"https:\/\/www.organisator.ch\/wp-content\/uploads\/2021\/06\/Emotionale-Unterstuetzung-der-Arbeitnehmenden-durch-die-Arbeitgeber-ist-gewaehrleistet-1_Organisator.jpg","keywords":["Coronavirus","HRM","Management und Unternehmensf\u00fchrung","Studie"],"articleSection":["HRM"],"inLanguage":"fr-FR"},{"@type":"WebPage","@id":"https:\/\/www.organisator.ch\/human-resources\/hrm\/2021-06-09\/emotionale-unterstuetzung-der-arbeitnehmenden-durch-die-arbeitgeber-ist-gewaehrleistet\/","url":"https:\/\/www.organisator.ch\/human-resources\/hrm\/2021-06-09\/emotionale-unterstuetzung-der-arbeitnehmenden-durch-die-arbeitgeber-ist-gewaehrleistet\/","name":"Le soutien \u00e9motionnel des travailleurs par les employeurs est garanti - Organisateur","isPartOf":{"@id":"https:\/\/www.organisator.ch\/#website"},"primaryImageOfPage":{"@id":"https:\/\/www.organisator.ch\/human-resources\/hrm\/2021-06-09\/emotionale-unterstuetzung-der-arbeitnehmenden-durch-die-arbeitgeber-ist-gewaehrleistet\/#primaryimage"},"image":{"@id":"https:\/\/www.organisator.ch\/human-resources\/hrm\/2021-06-09\/emotionale-unterstuetzung-der-arbeitnehmenden-durch-die-arbeitgeber-ist-gewaehrleistet\/#primaryimage"},"thumbnailUrl":"https:\/\/www.organisator.ch\/wp-content\/uploads\/2021\/06\/Emotionale-Unterstuetzung-der-Arbeitnehmenden-durch-die-Arbeitgeber-ist-gewaehrleistet-1_Organisator.jpg","datePublished":"2021-06-09T06:15:15+00:00","description":"M\u00eame les plus r\u00e9sistants d'entre nous ressentent le stress de la pand\u00e9mie. N\u00e9anmoins, les travailleurs trouvent un soutien \u00e9motionnel aupr\u00e8s de leur employeur.","breadcrumb":{"@id":"https:\/\/www.organisator.ch\/human-resources\/hrm\/2021-06-09\/emotionale-unterstuetzung-der-arbeitnehmenden-durch-die-arbeitgeber-ist-gewaehrleistet\/#breadcrumb"},"inLanguage":"fr-FR","potentialAction":[{"@type":"ReadAction","target":["https:\/\/www.organisator.ch\/human-resources\/hrm\/2021-06-09\/emotionale-unterstuetzung-der-arbeitnehmenden-durch-die-arbeitgeber-ist-gewaehrleistet\/"]}]},{"@type":"ImageObject","inLanguage":"fr-FR","@id":"https:\/\/www.organisator.ch\/human-resources\/hrm\/2021-06-09\/emotionale-unterstuetzung-der-arbeitnehmenden-durch-die-arbeitgeber-ist-gewaehrleistet\/#primaryimage","url":"https:\/\/www.organisator.ch\/wp-content\/uploads\/2021\/06\/Emotionale-Unterstuetzung-der-Arbeitnehmenden-durch-die-Arbeitgeber-ist-gewaehrleistet-1_Organisator.jpg","contentUrl":"https:\/\/www.organisator.ch\/wp-content\/uploads\/2021\/06\/Emotionale-Unterstuetzung-der-Arbeitnehmenden-durch-die-Arbeitgeber-ist-gewaehrleistet-1_Organisator.jpg","width":680,"height":382,"caption":"Trotz Unsicherheit und Einschr\u00e4nkungen Die meisten Arbeitnehmenden erfahren durch ihre Arbeitgeber gen\u00fcgend emotionale Unterst\u00fctzung. (Bild: Pixabay.com)"},{"@type":"BreadcrumbList","@id":"https:\/\/www.organisator.ch\/human-resources\/hrm\/2021-06-09\/emotionale-unterstuetzung-der-arbeitnehmenden-durch-die-arbeitgeber-ist-gewaehrleistet\/#breadcrumb","itemListElement":[{"@type":"ListItem","position":1,"name":"Home","item":"https:\/\/www.organisator.ch\/"},{"@type":"ListItem","position":2,"name":"Emotionale Unterst\u00fctzung der Arbeitnehmenden durch die Arbeitgeber ist gew\u00e4hrleistet"}]},{"@type":"WebSite","@id":"https:\/\/www.organisator.ch\/#website","url":"https:\/\/www.organisator.ch\/","name":"Organisateur","description":"Comp\u00e9tence et comp\u00e9tence. Proches de la pratique. L'ORGANISATEUR pr\u00e9pare 10 num\u00e9ros par an sur les th\u00e8mes essentiels pour les dirigeants de PME.","publisher":{"@id":"https:\/\/www.organisator.ch\/#organization"},"potentialAction":[{"@type":"SearchAction","target":{"@type":"EntryPoint","urlTemplate":"https:\/\/www.organisator.ch\/?s={search_term_string}"},"query-input":{"@type":"PropertyValueSpecification","valueRequired":true,"valueName":"search_term_string"}}],"inLanguage":"fr-FR"},{"@type":"Organization","@id":"https:\/\/www.organisator.ch\/#organization","name":"Organisateur","url":"https:\/\/www.organisator.ch\/","logo":{"@type":"ImageObject","inLanguage":"fr-FR","@id":"https:\/\/www.organisator.ch\/#\/schema\/logo\/image\/","url":"https:\/\/www.organisator.ch\/wp-content\/uploads\/2022\/01\/Logo_Organisator_Website.png","contentUrl":"https:\/\/www.organisator.ch\/wp-content\/uploads\/2022\/01\/Logo_Organisator_Website.png","width":800,"height":77,"caption":"Organisator"},"image":{"@id":"https:\/\/www.organisator.ch\/#\/schema\/logo\/image\/"},"sameAs":["https:\/\/www.facebook.com\/OrganisatorFachmagazin","https:\/\/www.linkedin.com\/showcase\/organisator-das-magazin-fr-kmu","https:\/\/www.xing.com\/news\/pages\/organisator-ch-695","https:\/\/www.youtube.com\/channel\/UCGP2Sq0iWaZwT3BdIAQFYpw"]},{"@type":"Person","@id":"https:\/\/www.organisator.ch\/#\/schema\/person\/6f650f90b2842cd4c0cc334b4e36f67e","name":"thomas.berner","image":{"@type":"ImageObject","inLanguage":"fr-FR","@id":"https:\/\/secure.gravatar.com\/avatar\/ac5001d2a36cb6c6cd3e50789007ffca834b477b74a2144564522e944eabff61?s=96&d=mm&r=g","url":"https:\/\/secure.gravatar.com\/avatar\/ac5001d2a36cb6c6cd3e50789007ffca834b477b74a2144564522e944eabff61?s=96&d=mm&r=g","contentUrl":"https:\/\/secure.gravatar.com\/avatar\/ac5001d2a36cb6c6cd3e50789007ffca834b477b74a2144564522e944eabff61?s=96&d=mm&r=g","caption":"thomas.berner"},"url":"https:\/\/www.organisator.ch\/fr\/author\/thomas-berner\/"}]}},"_links":{"self":[{"href":"https:\/\/www.organisator.ch\/fr\/wp-json\/wp\/v2\/posts\/8121","targetHints":{"allow":["GET"]}}],"collection":[{"href":"https:\/\/www.organisator.ch\/fr\/wp-json\/wp\/v2\/posts"}],"about":[{"href":"https:\/\/www.organisator.ch\/fr\/wp-json\/wp\/v2\/types\/post"}],"author":[{"embeddable":true,"href":"https:\/\/www.organisator.ch\/fr\/wp-json\/wp\/v2\/users\/4"}],"replies":[{"embeddable":true,"href":"https:\/\/www.organisator.ch\/fr\/wp-json\/wp\/v2\/comments?post=8121"}],"version-history":[{"count":0,"href":"https:\/\/www.organisator.ch\/fr\/wp-json\/wp\/v2\/posts\/8121\/revisions"}],"wp:featuredmedia":[{"embeddable":true,"href":"https:\/\/www.organisator.ch\/fr\/wp-json\/wp\/v2\/media\/8122"}],"wp:attachment":[{"href":"https:\/\/www.organisator.ch\/fr\/wp-json\/wp\/v2\/media?parent=8121"}],"wp:term":[{"taxonomy":"category","embeddable":true,"href":"https:\/\/www.organisator.ch\/fr\/wp-json\/wp\/v2\/categories?post=8121"},{"taxonomy":"post_tag","embeddable":true,"href":"https:\/\/www.organisator.ch\/fr\/wp-json\/wp\/v2\/tags?post=8121"}],"curies":[{"name":"wp","href":"https:\/\/api.w.org\/{rel}","templated":true}]}}