{"id":8151,"date":"2021-06-15T13:28:11","date_gmt":"2021-06-15T11:28:11","guid":{"rendered":"https:\/\/www.organisator.ch\/?p=8151"},"modified":"2021-06-15T13:28:11","modified_gmt":"2021-06-15T11:28:11","slug":"prix-svc-suisse-romande-2020-der-preis-geht-in-den-kanton-jura","status":"publish","type":"post","link":"https:\/\/www.organisator.ch\/fr\/management\/2021-06-15\/prix-svc-suisse-romande-2020-der-preis-geht-in-den-kanton-jura\/","title":{"rendered":"Prix SVC Suisse Romande 2020 : le prix va au canton du Jura"},"content":{"rendered":"<figure id=\"attachment_8152\" aria-describedby=\"caption-attachment-8152\" style=\"width: 680px\" class=\"wp-caption alignnone\"><img loading=\"lazy\" decoding=\"async\" class=\"size-medium wp-image-8152\" src=\"https:\/\/www.organisator.ch\/wp-content\/uploads\/2021\/06\/Prix-SVC-Suisse-Romande-2020-Der-Preis-geht-in-den-Kanton-Jura_Organisator.jpg\" alt=\"\" width=\"680\" height=\"453\" srcset=\"https:\/\/www.organisator.ch\/wp-content\/uploads\/2021\/06\/Prix-SVC-Suisse-Romande-2020-Der-Preis-geht-in-den-Kanton-Jura_Organisator.jpg 680w, https:\/\/www.organisator.ch\/wp-content\/uploads\/2021\/06\/Prix-SVC-Suisse-Romande-2020-Der-Preis-geht-in-den-Kanton-Jura_Organisator-16x12.jpg 16w, https:\/\/www.organisator.ch\/wp-content\/uploads\/2021\/06\/Prix-SVC-Suisse-Romande-2020-Der-Preis-geht-in-den-Kanton-Jura_Organisator-263x175.jpg 263w, https:\/\/www.organisator.ch\/wp-content\/uploads\/2021\/06\/Prix-SVC-Suisse-Romande-2020-Der-Preis-geht-in-den-Kanton-Jura_Organisator-525x350.jpg 525w, https:\/\/www.organisator.ch\/wp-content\/uploads\/2021\/06\/Prix-SVC-Suisse-Romande-2020-Der-Preis-geht-in-den-Kanton-Jura_Organisator-300x200.jpg 300w\" sizes=\"auto, (max-width: 680px) 100vw, 680px\" \/><figcaption id=\"caption-attachment-8152\" class=\"wp-caption-text\">Olivier et Patrick Haegeli, directeurs adjoints de Willemin-Macodel SA, f\u00eatent leur premi\u00e8re place au Prix SVC Suisse Romande 2020, qui a \u00e9t\u00e9 d\u00e9cern\u00e9 le 7 juin 2021 au Swiss Tech Convention Center \u00e0 Lausanne. (Image : SVC\/KEYSTONE\/Manuel Lopez)<\/figcaption><\/figure>\n<p>Quelques semaines seulement apr\u00e8s la <a href=\"https:\/\/www.organisator.ch\/gewinner-des-prix-svc-zentralschweiz-2020-renggli-ag-aus-sursee\/\">Remise des Prix SVC Zentralschweiz 2020<\/a> la remise des prix et la pr\u00e9sentation des finalistes du Prix SVC Suisse Romande, organis\u00e9e par le Swiss Venture Club SVC, a eu lieu le 7 juin. L'\u00e9v\u00e9nement s'est d\u00e9roul\u00e9 au Swiss Tech Convention Center de l'EPFL et a \u00e9t\u00e9 diffus\u00e9 en direct.<\/p>\n<h2>Willemin-Macodel de Del\u00e9mont remporte le Prix SVC Suisse Romande 2020<\/h2>\n<p>Cette ann\u00e9e, l'entreprise laur\u00e9ate est originaire du canton du Jura. Gr\u00e2ce \u00e0 son savoir-faire technologique, Willemin-Macodel propose des solutions d'usinage personnalis\u00e9es de pointe pour des pi\u00e8ces complexes \u00e0 haute valeur ajout\u00e9e ainsi que des services innovants. Fond\u00e9e en 1974 et toujours bas\u00e9e \u00e0 Del\u00e9mont, l'entreprise familiale est pr\u00e9sente en Suisse, en Europe, aux Etats-Unis et en Asie. Elle est active dans les secteurs de l'horlogerie, de la bijouterie, du m\u00e9dical et du dentaire, de l'a\u00e9ronautique, de la microm\u00e9canique et du moulage industriel. La pr\u00e9sidente du jury, Isabelle Harsch, s'est r\u00e9jouie de constater que \"la v\u00e9ritable force de cette entreprise est sa capacit\u00e9 \u00e0 d\u00e9velopper et \u00e0 proposer aux utilisateurs finaux des solutions de production cl\u00e9s en main de pointe, configur\u00e9es et adapt\u00e9es \u00e0 leurs besoins\".<\/p>\n<h2>Richard Mille Group et Infomaniak \u00e9galement sur le podium<\/h2>\n<p>Le deuxi\u00e8me prix a \u00e9t\u00e9 d\u00e9cern\u00e9 au Richard Mille Watch Group, fond\u00e9 en 2001 par Richard Mille et Dominique Guenat, propri\u00e9taires des montres Valgine aux Breuleux. Gr\u00e2ce \u00e0 ses mod\u00e8les innovants, hautement techniques et exclusifs, cette nouvelle marque s'est tr\u00e8s vite impos\u00e9e dans le monde de l'horlogerie.<\/p>\n<p>Le troisi\u00e8me laur\u00e9at est Infomaniak, fond\u00e9 en 1994 \u00e0 Gen\u00e8ve. Au fil des ann\u00e9es, l'entreprise s'est sp\u00e9cialis\u00e9e dans l'enregistrement de noms de domaine et l'h\u00e9bergement de sites web et est devenue le num\u00e9ro un en Suisse romande. Forte de son savoir-faire et de son ind\u00e9pendance technologique, l'entreprise souhaite devenir une v\u00e9ritable alternative suisse aux GAFA en proposant d'ores et d\u00e9j\u00e0 ses propres services de stockage et de transfert de donn\u00e9es.<\/p>\n<h2>Des rangs de dipl\u00f4mes pour le Groupe Boschung et IMTF<\/h2>\n<p>Deux autres nomin\u00e9s pour le Prix SVC Suisse Romande ont pris la quatri\u00e8me place : le groupe Boschung, fond\u00e9 en 1947 \u00e0 Payerne. L'entreprise est le leader mondial des syst\u00e8mes de nettoyage et de d\u00e9neigement pour les a\u00e9roports et des balayeuses \u00e9lectriques. En outre, l'entreprise est sp\u00e9cialis\u00e9e dans la construction de chasse-neige, d'\u00e9pandeurs, de d\u00e9givreurs, de v\u00e9hicules polyvalents ainsi que de syst\u00e8mes de d\u00e9tection pr\u00e9coce de la glace et d'installations de pulv\u00e9risation automatiques. Enfin, IMFT de Givisiez, fond\u00e9e en 1987, d\u00e9veloppe, distribue et impl\u00e9mente des logiciels pour le secteur financier dans le monde entier. L'accent est mis sur les solutions de conformit\u00e9, la lutte contre le blanchiment d'argent et la gestion automatis\u00e9e des processus et des documents.<\/p>\n<h2>Exemples du monde des PME innovantes de Suisse romande<\/h2>\n<p>\"Les cinq finalistes de cette 9e \u00e9dition ont une fois de plus illustr\u00e9 le fantastique savoir-faire des entreprises de Suisse romande et leur diversit\u00e9. Souvent leaders dans leur domaine, s'adaptant constamment aux nouvelles exigences du march\u00e9, ces entreprises sont le fer de lance de notre \u00e9conomie. Elles m\u00e9ritent notre reconnaissance et notre admiration\", ont d\u00e9clar\u00e9 Jean-Marie Salina et Michael Willimann, managers SVC pour la Suisse romande.<\/p>\n<p><em>Source : <a href=\"http:\/\/www.svc.swiss\">Club suisse des entrepreneurs<\/a><\/em><\/p>","protected":false},"excerpt":{"rendered":"<p>Nur wenige Wochen nach der Verleihung der Prix SVC Zentralschweiz 2020 fand am 7. Juni die Preisverleihung und die Pr\u00e4sentation der Finalisten des Prix SVC Suisse Romande statt, organisiert vom Swiss Venture Club SVC. Durchgef\u00fchrt wurde der Anlass im Swiss Tech Convention Center der EPFL und als Live Streaming. Willemin-Macodel aus Delsberg gewinnt den Prix [&hellip;]<\/p>\n","protected":false},"author":4,"featured_media":8152,"comment_status":"closed","ping_status":"closed","sticky":false,"template":"","format":"standard","meta":{"_acf_changed":false,"_yoast_wpseo_focuskw":"Prix SVC Suisse Romande","_yoast_wpseo_metadesc":"Das Delsberger Familienunternehmen Willemin-Macodel, das in der Entwicklung von Werkzeugmaschinen t\u00e4tig ist, gewinnt den Prix SVC Suisse Romande 2020.","articlekey":"","footnotes":""},"categories":[28],"tags":[66,466,492],"class_list":["post-8151","post","type-post","status-publish","format-standard","has-post-thumbnail","hentry","category-management","tag-awards","tag-swiss-venture-club","tag-unternehmen"],"acf":[],"yoast_head":"<!-- This site is optimized with the Yoast SEO plugin v27.5 - https:\/\/yoast.com\/product\/yoast-seo-wordpress\/ -->\n<title>Prix SVC Suisse Romande 2020: Der Preis geht in den Kanton Jura - Organisator<\/title>\n<meta name=\"description\" content=\"Das Delsberger Familienunternehmen Willemin-Macodel, das in der Entwicklung von Werkzeugmaschinen t\u00e4tig ist, gewinnt den Prix SVC Suisse Romande 2020.\" \/>\n<meta name=\"robots\" content=\"index, follow, max-snippet:-1, max-image-preview:large, max-video-preview:-1\" \/>\n<link rel=\"canonical\" href=\"https:\/\/www.organisator.ch\/fr\/gestion-2\/2021-06-15\/prix-svc-suisse-romande-2020-der-preis-geht-in-den-kanton-jura\/\" \/>\n<meta property=\"og:locale\" content=\"fr_FR\" \/>\n<meta property=\"og:type\" content=\"article\" \/>\n<meta property=\"og:title\" content=\"Prix SVC Suisse Romande 2020: Der Preis geht in den Kanton Jura\" \/>\n<meta property=\"og:description\" content=\"Das Delsberger Familienunternehmen Willemin-Macodel, das in der Entwicklung von Werkzeugmaschinen t\u00e4tig ist, gewinnt den Prix SVC Suisse Romande 2020.\" \/>\n<meta property=\"og:url\" content=\"https:\/\/www.organisator.ch\/fr\/gestion-2\/2021-06-15\/prix-svc-suisse-romande-2020-der-preis-geht-in-den-kanton-jura\/\" \/>\n<meta property=\"og:site_name\" content=\"Organisator\" \/>\n<meta property=\"article:publisher\" content=\"https:\/\/www.facebook.com\/OrganisatorFachmagazin\" \/>\n<meta property=\"article:published_time\" content=\"2021-06-15T11:28:11+00:00\" \/>\n<meta property=\"og:image\" content=\"https:\/\/www.organisator.ch\/wp-content\/uploads\/2021\/06\/Prix-SVC-Suisse-Romande-2020-Der-Preis-geht-in-den-Kanton-Jura_Organisator.jpg\" \/>\n\t<meta property=\"og:image:width\" content=\"680\" \/>\n\t<meta property=\"og:image:height\" content=\"453\" \/>\n\t<meta property=\"og:image:type\" content=\"image\/jpeg\" \/>\n<meta name=\"author\" content=\"thomas.berner\" \/>\n<meta name=\"twitter:card\" content=\"summary_large_image\" \/>\n<meta name=\"twitter:title\" content=\"Prix SVC Suisse Romande 2020: Der Preis geht in den Kanton #Jura\" \/>\n<meta name=\"twitter:description\" content=\"Das #Delsberger Familienunternehmen #Willemin-Macodel, das in der Entwicklung von Werkzeugmaschinen t\u00e4tig ist, gewinnt den Prix SVC Suisse Romande 2020.\" \/>\n<meta name=\"twitter:image\" content=\"https:\/\/www.organisator.ch\/wp-content\/uploads\/2021\/06\/Prix-SVC-Suisse-Romande-2020-Der-Preis-geht-in-den-Kanton-Jura_Organisator.jpg\" \/>\n<script type=\"application\/ld+json\" class=\"yoast-schema-graph\">{\"@context\":\"https:\\\/\\\/schema.org\",\"@graph\":[{\"@type\":\"Article\",\"@id\":\"https:\\\/\\\/www.organisator.ch\\\/management\\\/2021-06-15\\\/prix-svc-suisse-romande-2020-der-preis-geht-in-den-kanton-jura\\\/#article\",\"isPartOf\":{\"@id\":\"https:\\\/\\\/www.organisator.ch\\\/management\\\/2021-06-15\\\/prix-svc-suisse-romande-2020-der-preis-geht-in-den-kanton-jura\\\/\"},\"author\":{\"name\":\"thomas.berner\",\"@id\":\"https:\\\/\\\/www.organisator.ch\\\/#\\\/schema\\\/person\\\/6f650f90b2842cd4c0cc334b4e36f67e\"},\"headline\":\"Prix SVC Suisse Romande 2020: Der Preis geht in den Kanton Jura\",\"datePublished\":\"2021-06-15T11:28:11+00:00\",\"mainEntityOfPage\":{\"@id\":\"https:\\\/\\\/www.organisator.ch\\\/management\\\/2021-06-15\\\/prix-svc-suisse-romande-2020-der-preis-geht-in-den-kanton-jura\\\/\"},\"wordCount\":529,\"publisher\":{\"@id\":\"https:\\\/\\\/www.organisator.ch\\\/#organization\"},\"image\":{\"@id\":\"https:\\\/\\\/www.organisator.ch\\\/management\\\/2021-06-15\\\/prix-svc-suisse-romande-2020-der-preis-geht-in-den-kanton-jura\\\/#primaryimage\"},\"thumbnailUrl\":\"https:\\\/\\\/www.organisator.ch\\\/wp-content\\\/uploads\\\/2021\\\/06\\\/Prix-SVC-Suisse-Romande-2020-Der-Preis-geht-in-den-Kanton-Jura_Organisator.jpg\",\"keywords\":[\"Awards\",\"Swiss Venture Club\",\"Unternehmen\"],\"articleSection\":[\"MANAGEMENT\"],\"inLanguage\":\"fr-FR\"},{\"@type\":\"WebPage\",\"@id\":\"https:\\\/\\\/www.organisator.ch\\\/management\\\/2021-06-15\\\/prix-svc-suisse-romande-2020-der-preis-geht-in-den-kanton-jura\\\/\",\"url\":\"https:\\\/\\\/www.organisator.ch\\\/management\\\/2021-06-15\\\/prix-svc-suisse-romande-2020-der-preis-geht-in-den-kanton-jura\\\/\",\"name\":\"Prix SVC Suisse Romande 2020: Der Preis geht in den Kanton Jura - Organisator\",\"isPartOf\":{\"@id\":\"https:\\\/\\\/www.organisator.ch\\\/#website\"},\"primaryImageOfPage\":{\"@id\":\"https:\\\/\\\/www.organisator.ch\\\/management\\\/2021-06-15\\\/prix-svc-suisse-romande-2020-der-preis-geht-in-den-kanton-jura\\\/#primaryimage\"},\"image\":{\"@id\":\"https:\\\/\\\/www.organisator.ch\\\/management\\\/2021-06-15\\\/prix-svc-suisse-romande-2020-der-preis-geht-in-den-kanton-jura\\\/#primaryimage\"},\"thumbnailUrl\":\"https:\\\/\\\/www.organisator.ch\\\/wp-content\\\/uploads\\\/2021\\\/06\\\/Prix-SVC-Suisse-Romande-2020-Der-Preis-geht-in-den-Kanton-Jura_Organisator.jpg\",\"datePublished\":\"2021-06-15T11:28:11+00:00\",\"description\":\"Das Delsberger Familienunternehmen Willemin-Macodel, das in der Entwicklung von Werkzeugmaschinen t\u00e4tig ist, gewinnt den Prix SVC Suisse Romande 2020.\",\"breadcrumb\":{\"@id\":\"https:\\\/\\\/www.organisator.ch\\\/management\\\/2021-06-15\\\/prix-svc-suisse-romande-2020-der-preis-geht-in-den-kanton-jura\\\/#breadcrumb\"},\"inLanguage\":\"fr-FR\",\"potentialAction\":[{\"@type\":\"ReadAction\",\"target\":[\"https:\\\/\\\/www.organisator.ch\\\/management\\\/2021-06-15\\\/prix-svc-suisse-romande-2020-der-preis-geht-in-den-kanton-jura\\\/\"]}]},{\"@type\":\"ImageObject\",\"inLanguage\":\"fr-FR\",\"@id\":\"https:\\\/\\\/www.organisator.ch\\\/management\\\/2021-06-15\\\/prix-svc-suisse-romande-2020-der-preis-geht-in-den-kanton-jura\\\/#primaryimage\",\"url\":\"https:\\\/\\\/www.organisator.ch\\\/wp-content\\\/uploads\\\/2021\\\/06\\\/Prix-SVC-Suisse-Romande-2020-Der-Preis-geht-in-den-Kanton-Jura_Organisator.jpg\",\"contentUrl\":\"https:\\\/\\\/www.organisator.ch\\\/wp-content\\\/uploads\\\/2021\\\/06\\\/Prix-SVC-Suisse-Romande-2020-Der-Preis-geht-in-den-Kanton-Jura_Organisator.jpg\",\"width\":680,\"height\":453,\"caption\":\"Olivier und Patrick Haegeli, stellvertretende Gesch\u00e4ftsf\u00fchrer der Willemin-Macodel SA, feiern den ersten Platz beim SVC Suisse Romande 2020 Award, diesen Montag, 07.06.2021 im Swiss Tech Convention Center in Lausanne. (SVC\\\/KEYSTONE\\\/Manuel Lopez)\"},{\"@type\":\"BreadcrumbList\",\"@id\":\"https:\\\/\\\/www.organisator.ch\\\/management\\\/2021-06-15\\\/prix-svc-suisse-romande-2020-der-preis-geht-in-den-kanton-jura\\\/#breadcrumb\",\"itemListElement\":[{\"@type\":\"ListItem\",\"position\":1,\"name\":\"Home\",\"item\":\"https:\\\/\\\/www.organisator.ch\\\/\"},{\"@type\":\"ListItem\",\"position\":2,\"name\":\"Prix SVC Suisse Romande 2020: Der Preis geht in den Kanton Jura\"}]},{\"@type\":\"WebSite\",\"@id\":\"https:\\\/\\\/www.organisator.ch\\\/#website\",\"url\":\"https:\\\/\\\/www.organisator.ch\\\/\",\"name\":\"Organisator\",\"description\":\"Kompetent. Praxisnah. Der ORGANISATOR bereitet in 10 Ausgaben pro Jahr die wesentlichen Themen f\u00fcr F\u00fchrungskr\u00e4fte von KMU auf.\",\"publisher\":{\"@id\":\"https:\\\/\\\/www.organisator.ch\\\/#organization\"},\"potentialAction\":[{\"@type\":\"SearchAction\",\"target\":{\"@type\":\"EntryPoint\",\"urlTemplate\":\"https:\\\/\\\/www.organisator.ch\\\/?s={search_term_string}\"},\"query-input\":{\"@type\":\"PropertyValueSpecification\",\"valueRequired\":true,\"valueName\":\"search_term_string\"}}],\"inLanguage\":\"fr-FR\"},{\"@type\":\"Organization\",\"@id\":\"https:\\\/\\\/www.organisator.ch\\\/#organization\",\"name\":\"Organisator\",\"url\":\"https:\\\/\\\/www.organisator.ch\\\/\",\"logo\":{\"@type\":\"ImageObject\",\"inLanguage\":\"fr-FR\",\"@id\":\"https:\\\/\\\/www.organisator.ch\\\/#\\\/schema\\\/logo\\\/image\\\/\",\"url\":\"https:\\\/\\\/www.organisator.ch\\\/wp-content\\\/uploads\\\/2022\\\/01\\\/Logo_Organisator_Website.png\",\"contentUrl\":\"https:\\\/\\\/www.organisator.ch\\\/wp-content\\\/uploads\\\/2022\\\/01\\\/Logo_Organisator_Website.png\",\"width\":800,\"height\":77,\"caption\":\"Organisator\"},\"image\":{\"@id\":\"https:\\\/\\\/www.organisator.ch\\\/#\\\/schema\\\/logo\\\/image\\\/\"},\"sameAs\":[\"https:\\\/\\\/www.facebook.com\\\/OrganisatorFachmagazin\",\"https:\\\/\\\/www.linkedin.com\\\/showcase\\\/organisator-das-magazin-fr-kmu\",\"https:\\\/\\\/www.xing.com\\\/news\\\/pages\\\/organisator-ch-695\",\"https:\\\/\\\/www.youtube.com\\\/channel\\\/UCGP2Sq0iWaZwT3BdIAQFYpw\"]},{\"@type\":\"Person\",\"@id\":\"https:\\\/\\\/www.organisator.ch\\\/#\\\/schema\\\/person\\\/6f650f90b2842cd4c0cc334b4e36f67e\",\"name\":\"thomas.berner\",\"image\":{\"@type\":\"ImageObject\",\"inLanguage\":\"fr-FR\",\"@id\":\"https:\\\/\\\/secure.gravatar.com\\\/avatar\\\/ac5001d2a36cb6c6cd3e50789007ffca834b477b74a2144564522e944eabff61?s=96&d=mm&r=g\",\"url\":\"https:\\\/\\\/secure.gravatar.com\\\/avatar\\\/ac5001d2a36cb6c6cd3e50789007ffca834b477b74a2144564522e944eabff61?s=96&d=mm&r=g\",\"contentUrl\":\"https:\\\/\\\/secure.gravatar.com\\\/avatar\\\/ac5001d2a36cb6c6cd3e50789007ffca834b477b74a2144564522e944eabff61?s=96&d=mm&r=g\",\"caption\":\"thomas.berner\"},\"url\":\"https:\\\/\\\/www.organisator.ch\\\/fr\\\/author\\\/thomas-berner\\\/\"}]}<\/script>\n<!-- \/ Yoast SEO plugin. -->","yoast_head_json":{"title":"Prix SVC Suisse Romande 2020 : Le prix va au canton du Jura - Organisateur","description":"L'entreprise familiale de Del\u00e9mont Willemin-Macodel, active dans le d\u00e9veloppement de machines-outils, remporte le Prix SVC Suisse Romande 2020.","robots":{"index":"index","follow":"follow","max-snippet":"max-snippet:-1","max-image-preview":"max-image-preview:large","max-video-preview":"max-video-preview:-1"},"canonical":"https:\/\/www.organisator.ch\/fr\/gestion-2\/2021-06-15\/prix-svc-suisse-romande-2020-der-preis-geht-in-den-kanton-jura\/","og_locale":"fr_FR","og_type":"article","og_title":"Prix SVC Suisse Romande 2020: Der Preis geht in den Kanton Jura","og_description":"Das Delsberger Familienunternehmen Willemin-Macodel, das in der Entwicklung von Werkzeugmaschinen t\u00e4tig ist, gewinnt den Prix SVC Suisse Romande 2020.","og_url":"https:\/\/www.organisator.ch\/fr\/gestion-2\/2021-06-15\/prix-svc-suisse-romande-2020-der-preis-geht-in-den-kanton-jura\/","og_site_name":"Organisator","article_publisher":"https:\/\/www.facebook.com\/OrganisatorFachmagazin","article_published_time":"2021-06-15T11:28:11+00:00","og_image":[{"width":680,"height":453,"url":"https:\/\/www.organisator.ch\/wp-content\/uploads\/2021\/06\/Prix-SVC-Suisse-Romande-2020-Der-Preis-geht-in-den-Kanton-Jura_Organisator.jpg","type":"image\/jpeg"}],"author":"thomas.berner","twitter_card":"summary_large_image","twitter_title":"Prix SVC Suisse Romande 2020: Der Preis geht in den Kanton #Jura","twitter_description":"Das #Delsberger Familienunternehmen #Willemin-Macodel, das in der Entwicklung von Werkzeugmaschinen t\u00e4tig ist, gewinnt den Prix SVC Suisse Romande 2020.","twitter_image":"https:\/\/www.organisator.ch\/wp-content\/uploads\/2021\/06\/Prix-SVC-Suisse-Romande-2020-Der-Preis-geht-in-den-Kanton-Jura_Organisator.jpg","schema":{"@context":"https:\/\/schema.org","@graph":[{"@type":"Article","@id":"https:\/\/www.organisator.ch\/management\/2021-06-15\/prix-svc-suisse-romande-2020-der-preis-geht-in-den-kanton-jura\/#article","isPartOf":{"@id":"https:\/\/www.organisator.ch\/management\/2021-06-15\/prix-svc-suisse-romande-2020-der-preis-geht-in-den-kanton-jura\/"},"author":{"name":"thomas.berner","@id":"https:\/\/www.organisator.ch\/#\/schema\/person\/6f650f90b2842cd4c0cc334b4e36f67e"},"headline":"Prix SVC Suisse Romande 2020: Der Preis geht in den Kanton Jura","datePublished":"2021-06-15T11:28:11+00:00","mainEntityOfPage":{"@id":"https:\/\/www.organisator.ch\/management\/2021-06-15\/prix-svc-suisse-romande-2020-der-preis-geht-in-den-kanton-jura\/"},"wordCount":529,"publisher":{"@id":"https:\/\/www.organisator.ch\/#organization"},"image":{"@id":"https:\/\/www.organisator.ch\/management\/2021-06-15\/prix-svc-suisse-romande-2020-der-preis-geht-in-den-kanton-jura\/#primaryimage"},"thumbnailUrl":"https:\/\/www.organisator.ch\/wp-content\/uploads\/2021\/06\/Prix-SVC-Suisse-Romande-2020-Der-Preis-geht-in-den-Kanton-Jura_Organisator.jpg","keywords":["Awards","Swiss Venture Club","Unternehmen"],"articleSection":["MANAGEMENT"],"inLanguage":"fr-FR"},{"@type":"WebPage","@id":"https:\/\/www.organisator.ch\/management\/2021-06-15\/prix-svc-suisse-romande-2020-der-preis-geht-in-den-kanton-jura\/","url":"https:\/\/www.organisator.ch\/management\/2021-06-15\/prix-svc-suisse-romande-2020-der-preis-geht-in-den-kanton-jura\/","name":"Prix SVC Suisse Romande 2020 : Le prix va au canton du Jura - Organisateur","isPartOf":{"@id":"https:\/\/www.organisator.ch\/#website"},"primaryImageOfPage":{"@id":"https:\/\/www.organisator.ch\/management\/2021-06-15\/prix-svc-suisse-romande-2020-der-preis-geht-in-den-kanton-jura\/#primaryimage"},"image":{"@id":"https:\/\/www.organisator.ch\/management\/2021-06-15\/prix-svc-suisse-romande-2020-der-preis-geht-in-den-kanton-jura\/#primaryimage"},"thumbnailUrl":"https:\/\/www.organisator.ch\/wp-content\/uploads\/2021\/06\/Prix-SVC-Suisse-Romande-2020-Der-Preis-geht-in-den-Kanton-Jura_Organisator.jpg","datePublished":"2021-06-15T11:28:11+00:00","description":"L'entreprise familiale de Del\u00e9mont Willemin-Macodel, active dans le d\u00e9veloppement de machines-outils, remporte le Prix SVC Suisse Romande 2020.","breadcrumb":{"@id":"https:\/\/www.organisator.ch\/management\/2021-06-15\/prix-svc-suisse-romande-2020-der-preis-geht-in-den-kanton-jura\/#breadcrumb"},"inLanguage":"fr-FR","potentialAction":[{"@type":"ReadAction","target":["https:\/\/www.organisator.ch\/management\/2021-06-15\/prix-svc-suisse-romande-2020-der-preis-geht-in-den-kanton-jura\/"]}]},{"@type":"ImageObject","inLanguage":"fr-FR","@id":"https:\/\/www.organisator.ch\/management\/2021-06-15\/prix-svc-suisse-romande-2020-der-preis-geht-in-den-kanton-jura\/#primaryimage","url":"https:\/\/www.organisator.ch\/wp-content\/uploads\/2021\/06\/Prix-SVC-Suisse-Romande-2020-Der-Preis-geht-in-den-Kanton-Jura_Organisator.jpg","contentUrl":"https:\/\/www.organisator.ch\/wp-content\/uploads\/2021\/06\/Prix-SVC-Suisse-Romande-2020-Der-Preis-geht-in-den-Kanton-Jura_Organisator.jpg","width":680,"height":453,"caption":"Olivier und Patrick Haegeli, stellvertretende Gesch\u00e4ftsf\u00fchrer der Willemin-Macodel SA, feiern den ersten Platz beim SVC Suisse Romande 2020 Award, diesen Montag, 07.06.2021 im Swiss Tech Convention Center in Lausanne. (SVC\/KEYSTONE\/Manuel Lopez)"},{"@type":"BreadcrumbList","@id":"https:\/\/www.organisator.ch\/management\/2021-06-15\/prix-svc-suisse-romande-2020-der-preis-geht-in-den-kanton-jura\/#breadcrumb","itemListElement":[{"@type":"ListItem","position":1,"name":"Home","item":"https:\/\/www.organisator.ch\/"},{"@type":"ListItem","position":2,"name":"Prix SVC Suisse Romande 2020: Der Preis geht in den Kanton Jura"}]},{"@type":"WebSite","@id":"https:\/\/www.organisator.ch\/#website","url":"https:\/\/www.organisator.ch\/","name":"Organisateur","description":"Comp\u00e9tence et comp\u00e9tence. Proches de la pratique. L'ORGANISATEUR pr\u00e9pare 10 num\u00e9ros par an sur les th\u00e8mes essentiels pour les dirigeants de PME.","publisher":{"@id":"https:\/\/www.organisator.ch\/#organization"},"potentialAction":[{"@type":"SearchAction","target":{"@type":"EntryPoint","urlTemplate":"https:\/\/www.organisator.ch\/?s={search_term_string}"},"query-input":{"@type":"PropertyValueSpecification","valueRequired":true,"valueName":"search_term_string"}}],"inLanguage":"fr-FR"},{"@type":"Organization","@id":"https:\/\/www.organisator.ch\/#organization","name":"Organisateur","url":"https:\/\/www.organisator.ch\/","logo":{"@type":"ImageObject","inLanguage":"fr-FR","@id":"https:\/\/www.organisator.ch\/#\/schema\/logo\/image\/","url":"https:\/\/www.organisator.ch\/wp-content\/uploads\/2022\/01\/Logo_Organisator_Website.png","contentUrl":"https:\/\/www.organisator.ch\/wp-content\/uploads\/2022\/01\/Logo_Organisator_Website.png","width":800,"height":77,"caption":"Organisator"},"image":{"@id":"https:\/\/www.organisator.ch\/#\/schema\/logo\/image\/"},"sameAs":["https:\/\/www.facebook.com\/OrganisatorFachmagazin","https:\/\/www.linkedin.com\/showcase\/organisator-das-magazin-fr-kmu","https:\/\/www.xing.com\/news\/pages\/organisator-ch-695","https:\/\/www.youtube.com\/channel\/UCGP2Sq0iWaZwT3BdIAQFYpw"]},{"@type":"Person","@id":"https:\/\/www.organisator.ch\/#\/schema\/person\/6f650f90b2842cd4c0cc334b4e36f67e","name":"thomas.berner","image":{"@type":"ImageObject","inLanguage":"fr-FR","@id":"https:\/\/secure.gravatar.com\/avatar\/ac5001d2a36cb6c6cd3e50789007ffca834b477b74a2144564522e944eabff61?s=96&d=mm&r=g","url":"https:\/\/secure.gravatar.com\/avatar\/ac5001d2a36cb6c6cd3e50789007ffca834b477b74a2144564522e944eabff61?s=96&d=mm&r=g","contentUrl":"https:\/\/secure.gravatar.com\/avatar\/ac5001d2a36cb6c6cd3e50789007ffca834b477b74a2144564522e944eabff61?s=96&d=mm&r=g","caption":"thomas.berner"},"url":"https:\/\/www.organisator.ch\/fr\/author\/thomas-berner\/"}]}},"_links":{"self":[{"href":"https:\/\/www.organisator.ch\/fr\/wp-json\/wp\/v2\/posts\/8151","targetHints":{"allow":["GET"]}}],"collection":[{"href":"https:\/\/www.organisator.ch\/fr\/wp-json\/wp\/v2\/posts"}],"about":[{"href":"https:\/\/www.organisator.ch\/fr\/wp-json\/wp\/v2\/types\/post"}],"author":[{"embeddable":true,"href":"https:\/\/www.organisator.ch\/fr\/wp-json\/wp\/v2\/users\/4"}],"replies":[{"embeddable":true,"href":"https:\/\/www.organisator.ch\/fr\/wp-json\/wp\/v2\/comments?post=8151"}],"version-history":[{"count":0,"href":"https:\/\/www.organisator.ch\/fr\/wp-json\/wp\/v2\/posts\/8151\/revisions"}],"wp:featuredmedia":[{"embeddable":true,"href":"https:\/\/www.organisator.ch\/fr\/wp-json\/wp\/v2\/media\/8152"}],"wp:attachment":[{"href":"https:\/\/www.organisator.ch\/fr\/wp-json\/wp\/v2\/media?parent=8151"}],"wp:term":[{"taxonomy":"category","embeddable":true,"href":"https:\/\/www.organisator.ch\/fr\/wp-json\/wp\/v2\/categories?post=8151"},{"taxonomy":"post_tag","embeddable":true,"href":"https:\/\/www.organisator.ch\/fr\/wp-json\/wp\/v2\/tags?post=8151"}],"curies":[{"name":"wp","href":"https:\/\/api.w.org\/{rel}","templated":true}]}}