{"id":8170,"date":"2021-06-18T08:52:59","date_gmt":"2021-06-18T06:52:59","guid":{"rendered":"https:\/\/www.organisator.ch\/?p=8170"},"modified":"2021-06-18T08:52:59","modified_gmt":"2021-06-18T06:52:59","slug":"the-circle-conference-die-erste-nationale-live-grossveranstaltung-nach-corona","status":"publish","type":"post","link":"https:\/\/www.organisator.ch\/fr\/marketing\/2021-06-18\/the-circle-conference-die-erste-nationale-live-grossveranstaltung-nach-corona\/","title":{"rendered":"The Circle Conference : le premier grand \u00e9v\u00e9nement national en direct apr\u00e8s Corona"},"content":{"rendered":"<figure id=\"attachment_8171\" aria-describedby=\"caption-attachment-8171\" style=\"width: 680px\" class=\"wp-caption alignnone\"><a href=\"https:\/\/www.organisator.ch\/wp-content\/uploads\/2021\/06\/The-Circle-Conference-Die-erste-nationale-Live-Grossveranstaltung-nach-Corona-2_Organisator.jpg\"><img loading=\"lazy\" decoding=\"async\" class=\"size-medium wp-image-8171\" src=\"https:\/\/www.organisator.ch\/wp-content\/uploads\/2021\/06\/The-Circle-Conference-Die-erste-nationale-Live-Grossveranstaltung-nach-Corona-2_Organisator.jpg\" alt=\"\" width=\"680\" height=\"449\" srcset=\"https:\/\/www.organisator.ch\/wp-content\/uploads\/2021\/06\/The-Circle-Conference-Die-erste-nationale-Live-Grossveranstaltung-nach-Corona-2_Organisator.jpg 680w, https:\/\/www.organisator.ch\/wp-content\/uploads\/2021\/06\/The-Circle-Conference-Die-erste-nationale-Live-Grossveranstaltung-nach-Corona-2_Organisator-16x12.jpg 16w, https:\/\/www.organisator.ch\/wp-content\/uploads\/2021\/06\/The-Circle-Conference-Die-erste-nationale-Live-Grossveranstaltung-nach-Corona-2_Organisator-265x175.jpg 265w, https:\/\/www.organisator.ch\/wp-content\/uploads\/2021\/06\/The-Circle-Conference-Die-erste-nationale-Live-Grossveranstaltung-nach-Corona-2_Organisator-530x350.jpg 530w, https:\/\/www.organisator.ch\/wp-content\/uploads\/2021\/06\/The-Circle-Conference-Die-erste-nationale-Live-Grossveranstaltung-nach-Corona-2_Organisator-300x198.jpg 300w\" sizes=\"auto, (max-width: 680px) 100vw, 680px\" \/><\/a><figcaption id=\"caption-attachment-8171\" class=\"wp-caption-text\">Fini le vide dans \"The Circle Convention Center\" \u00e0 l'a\u00e9roport de Zurich : avec The Circle Conference, la premi\u00e8re conf\u00e9rence nationale en direct apr\u00e8s Corona sera organis\u00e9e le 1er juillet 2021 avec jusqu'\u00e0 1'000 participants. (Image : Unsplash.com)<\/figcaption><\/figure>\n<p>Maintenant, les choses devraient enfin reprendre, l'interdiction des grandes manifestations due \u00e0 la corona est lev\u00e9e successivement. Et on ne le sent pas seulement dans le secteur MICE : le public a soif d'\u00e9v\u00e9nements en direct avec des contacts personnels sur place et est satur\u00e9 de webinaires et de conf\u00e9rences virtuels. Oliver Stoldt du MICE Service Group Suisse n'est cependant pas rest\u00e9 inactif pendant la \"p\u00e9riode glaciaire\" pour les \u00e9v\u00e9nements. Son ambition \u00e9tait d'\u00eatre parmi les premiers \u00e0 pouvoir proposer \u00e0 nouveau de grandes manifestations nationales d\u00e8s que les conditions le permettraient \u00e0 nouveau. Avec Janine Heukamp, il s'est donc attel\u00e9 \u00e0 la planification de \"The Circle Conference\". Mais il n'y a pas de \"plan B\" et Oliver Stoldt n'en a jamais eu, comme il l'a r\u00e9cemment expliqu\u00e9 \u00e0 la revue \".<a href=\"https:\/\/www.werbewoche.ch\/de\/events-mk-go\/2021-03-24\/es-gibt-keinen-plan-b-fuer-die-circle-conference\/\">Semaine de la publicit\u00e9\"<\/a> a expliqu\u00e9. Lui et Janine Heukamp croient au red\u00e9marrage du secteur.<\/p>\n<h2>The Circle Conference se met \u00e0 la page<\/h2>\n<p>Le 1er juillet 2021, ce sera chose faite : Le premier grand salon ouvert au public depuis le d\u00e9but de la pand\u00e9mie de Covid, il y a un an et demi, se tiendra dans le nouveau \"The Circle Convention Center\" \u00e0 l'a\u00e9roport de Zurich et se mettra lui-m\u00eame \u00e0 l'honneur sous le titre \"The Circle Conference\". Outre des intervenants de renom sur des th\u00e8mes d'actualit\u00e9, des repr\u00e9sentants exp\u00e9riment\u00e9s des secteurs Meetings, Incentives, Conventions &amp; Events, en bref : MICE, discuteront de l'orientation future du secteur des congr\u00e8s et des \u00e9v\u00e9nements, qui a \u00e9t\u00e9 compl\u00e8tement boulevers\u00e9 par la crise. Parmi eux, Schoscho Rufener, professionnel de l'\u00e9v\u00e9nementiel, Christian Jott Jenny, organisateur du festival de jazz et pr\u00e9sident de la commune de St-Moritz, et Claudio Kaul, vice-pr\u00e9sident Group Operations &amp; Team Lead Event Management de Swiss Re.<\/p>\n<h2>Programme exceptionnel, r\u00e9seautage et exposition<\/h2>\n<p>En outre, \"The Circle Conference\" proposera le 1er juillet un programme exceptionnellement riche avec des orateurs s\u00e9lectionn\u00e9s, des ateliers innovants, des discussions professionnelles et des d\u00e9bats sur sc\u00e8ne. Dans le cadre d'un concept de salon in\u00e9dit et interactif, des destinations, des h\u00f4tels de congr\u00e8s, des prestataires d'incentives, des lieux d'\u00e9v\u00e9nements &amp; des meetingplaces entreront en contact direct avec les visiteurs. \"Le r\u00e9seautage est un \u00e9l\u00e9ment important de notre salon professionnel\", explique Oliver Stoldt. \"L'\u00e9change direct avec les repr\u00e9sentants de la branche a fait d\u00e9faut durant l'ann\u00e9e Corona. Nous le remarquons clairement au vu des billets d\u00e9j\u00e0 vendus et des inscriptions des exposants. L'int\u00e9r\u00eat est \u00e9norme pour le red\u00e9marrage de la branche, les perspectives d'avenir et nous montre de mani\u00e8re impressionnante \u00e0 quel point le besoin est grand\".<\/p>\n<h2>Des expos\u00e9s passionnants<\/h2>\n<p>Le programme de la \"Circle Conference\" est truff\u00e9 de personnalit\u00e9s et de th\u00e8mes passionnants. Le public pourra notamment rencontrer le chercheur en \u00e9nergie solaire Bertrand Piccard, l'ex-Mr.Corona Daniel Koch et le pr\u00e9sident d'honneur du FC B\u00e2le, Bernhard Heusler. Les experts internationaux Sita Mazumder, German Ramirez et Reto Wampfler s'exprimeront sur les domaines de la num\u00e9risation, de l'innovation, du social selling et de la gestion du changement. Sur des th\u00e8mes aigus comme le New Work, les nouveaux mondes du travail, la communication, le leadership et la mobilit\u00e9, l'auditoire d\u00e9couvrira les derni\u00e8res connaissances de l'experte Leonie M\u00fcller, de l'ex-arbitre de la FIFA Urs Meier, du groupe de femmes pilotes #clearedtoland, du pilote professionnel Philip Keil et de la superstar du Cirque du Soleil \"Roi des pickpockets\" Christian Lindemann. La \"Circle Conference\" sera anim\u00e9e par la journaliste d'affaires et experte de la Chine Martina Fuchs et le pr\u00e9sentateur de la SRF Florian Inhauser.<\/p>\n<h2>The Circle Conference se nourrit de v\u00e9ritables \u00e9changes<\/h2>\n<p>Les organisateurs Janin Heukamp et Oliver Stoldt ont collabor\u00e9 \u00e0 la planification de l'\u00e9v\u00e9nement avec les partenaires d'accueil Flughafen Z\u00fcrich AG, The Circle Convention Center, Hyatt Regency Zurich Airport The Circle et Hyatt Place Zurich Airport The Circle. Pour Janin Heukamp, il \u00e9tait clair d\u00e8s le d\u00e9part que \"le salon vit d'un v\u00e9ritable \u00e9change et de v\u00e9ritables rencontres. Soit le salon peut avoir lieu physiquement, soit il est annul\u00e9\". En raison de la situation actuelle et des pr\u00e9paratifs consciencieux, les autorit\u00e9s ont donc accord\u00e9 l'autorisation d'organiser le salon en respectant un concept de protection strict et en limitant le nombre de visiteurs. Entre 800 et 1 000 visiteurs sont attendus. L'entr\u00e9e est gratuite.<\/p>\n<p><em>Plus d'informations : <a href=\"http:\/\/www.circle-conference.com\">www.circle-conference.com<\/a><\/em><\/p>","protected":false},"excerpt":{"rendered":"<p>Nun soll es endlich wieder losgehen, das corona-bedingte Verbot von Grossveranstaltungen wird sukzessive aufgehoben. Und man sp\u00fcrt es nicht nur in der MICE-Branche: Das Publikum lechzt nach Live-Events mit pers\u00f6nlichen Kontakten vor Ort und ist \u00fcbers\u00e4ttigt von virtuellen Webinaren und Konferenzen. Oliver Stoldt von der MICE Service Group Schweiz blieb w\u00e4hrend der \u00abEiszeit\u00bb f\u00fcr Events [&hellip;]<\/p>\n","protected":false},"author":4,"featured_media":8171,"comment_status":"closed","ping_status":"closed","sticky":false,"template":"","format":"standard","meta":{"_acf_changed":false,"_yoast_wpseo_focuskw":"The Circle Conference","_yoast_wpseo_metadesc":"Neue Location, neues Konzept, neue Messe: Die Organisatoren der \u00abThe Circle Conference\u00bb gehen am 1. Juli im \u00abThe Circle Convention Center\u00bb an den Start.","articlekey":"","footnotes":""},"categories":[29],"tags":[186,193,339,502],"class_list":["post-8170","post","type-post","status-publish","format-standard","has-post-thumbnail","hentry","category-marketing","tag-event","tag-fachkongressfachmesse","tag-marketing","tag-veranstaltungen"],"acf":[],"yoast_head":"<!-- This site is optimized with the Yoast SEO plugin v27.4 - https:\/\/yoast.com\/product\/yoast-seo-wordpress\/ -->\n<title>The Circle Conference: Die erste nationale Live-Grossveranstaltung nach Corona - Organisator<\/title>\n<meta name=\"description\" content=\"Neue Location, neues Konzept, neue Messe: Die Organisatoren der \u00abThe Circle Conference\u00bb gehen am 1. Juli im \u00abThe Circle Convention Center\u00bb an den Start.\" \/>\n<meta name=\"robots\" content=\"index, follow, max-snippet:-1, max-image-preview:large, max-video-preview:-1\" \/>\n<link rel=\"canonical\" href=\"https:\/\/www.organisator.ch\/fr\/marketing\/2021-06-18\/the-circle-conference-die-erste-nationale-live-grossveranstaltung-nach-corona\/\" \/>\n<meta property=\"og:locale\" content=\"fr_FR\" \/>\n<meta property=\"og:type\" content=\"article\" \/>\n<meta property=\"og:title\" content=\"The Circle Conference: Die erste nationale Live-Grossveranstaltung nach Corona\" \/>\n<meta property=\"og:description\" content=\"Neue Location, neues Konzept, neue Messe: Die Organisatoren der \u00abThe Circle Conference\u00bb gehen am 1. Juli im \u00abThe Circle Convention Center\u00bb an den Start.\" \/>\n<meta property=\"og:url\" content=\"https:\/\/www.organisator.ch\/fr\/marketing\/2021-06-18\/the-circle-conference-die-erste-nationale-live-grossveranstaltung-nach-corona\/\" \/>\n<meta property=\"og:site_name\" content=\"Organisator\" \/>\n<meta property=\"article:publisher\" content=\"https:\/\/www.facebook.com\/OrganisatorFachmagazin\" \/>\n<meta property=\"article:published_time\" content=\"2021-06-18T06:52:59+00:00\" \/>\n<meta property=\"og:image\" content=\"https:\/\/www.organisator.ch\/wp-content\/uploads\/2021\/06\/The-Circle-Conference-Die-erste-nationale-Live-Grossveranstaltung-nach-Corona-2_Organisator.jpg\" \/>\n\t<meta property=\"og:image:width\" content=\"680\" \/>\n\t<meta property=\"og:image:height\" content=\"449\" \/>\n\t<meta property=\"og:image:type\" content=\"image\/jpeg\" \/>\n<meta name=\"author\" content=\"thomas.berner\" \/>\n<meta name=\"twitter:card\" content=\"summary_large_image\" \/>\n<meta name=\"twitter:title\" content=\"The #Circle Conference: Die erste nationale #Live-Grossveranstaltung nach Corona\" \/>\n<meta name=\"twitter:description\" content=\"Neue Location, neues Konzept, neue Messe: Die Organisatoren der #TheCircleConference gehen am 1. Juli im \u00abThe Circle Convention Center\u00bb an den Start.\" \/>\n<meta name=\"twitter:image\" content=\"https:\/\/www.organisator.ch\/wp-content\/uploads\/2021\/06\/The-Circle-Conference-Die-erste-nationale-Live-Grossveranstaltung-nach-Corona-2_Organisator.jpg\" \/>\n<script type=\"application\/ld+json\" class=\"yoast-schema-graph\">{\"@context\":\"https:\\\/\\\/schema.org\",\"@graph\":[{\"@type\":\"Article\",\"@id\":\"https:\\\/\\\/www.organisator.ch\\\/marketing\\\/2021-06-18\\\/the-circle-conference-die-erste-nationale-live-grossveranstaltung-nach-corona\\\/#article\",\"isPartOf\":{\"@id\":\"https:\\\/\\\/www.organisator.ch\\\/marketing\\\/2021-06-18\\\/the-circle-conference-die-erste-nationale-live-grossveranstaltung-nach-corona\\\/\"},\"author\":{\"name\":\"thomas.berner\",\"@id\":\"https:\\\/\\\/www.organisator.ch\\\/#\\\/schema\\\/person\\\/6f650f90b2842cd4c0cc334b4e36f67e\"},\"headline\":\"The Circle Conference: Die erste nationale Live-Grossveranstaltung nach Corona\",\"datePublished\":\"2021-06-18T06:52:59+00:00\",\"mainEntityOfPage\":{\"@id\":\"https:\\\/\\\/www.organisator.ch\\\/marketing\\\/2021-06-18\\\/the-circle-conference-die-erste-nationale-live-grossveranstaltung-nach-corona\\\/\"},\"wordCount\":663,\"publisher\":{\"@id\":\"https:\\\/\\\/www.organisator.ch\\\/#organization\"},\"image\":{\"@id\":\"https:\\\/\\\/www.organisator.ch\\\/marketing\\\/2021-06-18\\\/the-circle-conference-die-erste-nationale-live-grossveranstaltung-nach-corona\\\/#primaryimage\"},\"thumbnailUrl\":\"https:\\\/\\\/www.organisator.ch\\\/wp-content\\\/uploads\\\/2021\\\/06\\\/The-Circle-Conference-Die-erste-nationale-Live-Grossveranstaltung-nach-Corona-2_Organisator.jpg\",\"keywords\":[\"Event\",\"Fachkongress\\\/Fachmesse\",\"Marketing\",\"Veranstaltungen\"],\"articleSection\":[\"MARKETING\"],\"inLanguage\":\"fr-FR\"},{\"@type\":\"WebPage\",\"@id\":\"https:\\\/\\\/www.organisator.ch\\\/marketing\\\/2021-06-18\\\/the-circle-conference-die-erste-nationale-live-grossveranstaltung-nach-corona\\\/\",\"url\":\"https:\\\/\\\/www.organisator.ch\\\/marketing\\\/2021-06-18\\\/the-circle-conference-die-erste-nationale-live-grossveranstaltung-nach-corona\\\/\",\"name\":\"The Circle Conference: Die erste nationale Live-Grossveranstaltung nach Corona - Organisator\",\"isPartOf\":{\"@id\":\"https:\\\/\\\/www.organisator.ch\\\/#website\"},\"primaryImageOfPage\":{\"@id\":\"https:\\\/\\\/www.organisator.ch\\\/marketing\\\/2021-06-18\\\/the-circle-conference-die-erste-nationale-live-grossveranstaltung-nach-corona\\\/#primaryimage\"},\"image\":{\"@id\":\"https:\\\/\\\/www.organisator.ch\\\/marketing\\\/2021-06-18\\\/the-circle-conference-die-erste-nationale-live-grossveranstaltung-nach-corona\\\/#primaryimage\"},\"thumbnailUrl\":\"https:\\\/\\\/www.organisator.ch\\\/wp-content\\\/uploads\\\/2021\\\/06\\\/The-Circle-Conference-Die-erste-nationale-Live-Grossveranstaltung-nach-Corona-2_Organisator.jpg\",\"datePublished\":\"2021-06-18T06:52:59+00:00\",\"description\":\"Neue Location, neues Konzept, neue Messe: Die Organisatoren der \u00abThe Circle Conference\u00bb gehen am 1. Juli im \u00abThe Circle Convention Center\u00bb an den Start.\",\"breadcrumb\":{\"@id\":\"https:\\\/\\\/www.organisator.ch\\\/marketing\\\/2021-06-18\\\/the-circle-conference-die-erste-nationale-live-grossveranstaltung-nach-corona\\\/#breadcrumb\"},\"inLanguage\":\"fr-FR\",\"potentialAction\":[{\"@type\":\"ReadAction\",\"target\":[\"https:\\\/\\\/www.organisator.ch\\\/marketing\\\/2021-06-18\\\/the-circle-conference-die-erste-nationale-live-grossveranstaltung-nach-corona\\\/\"]}]},{\"@type\":\"ImageObject\",\"inLanguage\":\"fr-FR\",\"@id\":\"https:\\\/\\\/www.organisator.ch\\\/marketing\\\/2021-06-18\\\/the-circle-conference-die-erste-nationale-live-grossveranstaltung-nach-corona\\\/#primaryimage\",\"url\":\"https:\\\/\\\/www.organisator.ch\\\/wp-content\\\/uploads\\\/2021\\\/06\\\/The-Circle-Conference-Die-erste-nationale-Live-Grossveranstaltung-nach-Corona-2_Organisator.jpg\",\"contentUrl\":\"https:\\\/\\\/www.organisator.ch\\\/wp-content\\\/uploads\\\/2021\\\/06\\\/The-Circle-Conference-Die-erste-nationale-Live-Grossveranstaltung-nach-Corona-2_Organisator.jpg\",\"width\":680,\"height\":449,\"caption\":\"Schluss mit der Leere im \u00abThe Circle Convention Center\u00bb am Z\u00fcrcher Flughafen: Mit The Circle Conference wird am 1. Juli 2021 die erste nationale Live-Konferenz nach Corona mit bis zu 1'000 Teilnehmenden durchgef\u00fchrt. (Bild: Unsplash.com)\"},{\"@type\":\"BreadcrumbList\",\"@id\":\"https:\\\/\\\/www.organisator.ch\\\/marketing\\\/2021-06-18\\\/the-circle-conference-die-erste-nationale-live-grossveranstaltung-nach-corona\\\/#breadcrumb\",\"itemListElement\":[{\"@type\":\"ListItem\",\"position\":1,\"name\":\"Home\",\"item\":\"https:\\\/\\\/www.organisator.ch\\\/\"},{\"@type\":\"ListItem\",\"position\":2,\"name\":\"The Circle Conference: Die erste nationale Live-Grossveranstaltung nach Corona\"}]},{\"@type\":\"WebSite\",\"@id\":\"https:\\\/\\\/www.organisator.ch\\\/#website\",\"url\":\"https:\\\/\\\/www.organisator.ch\\\/\",\"name\":\"Organisator\",\"description\":\"Kompetent. Praxisnah. Der ORGANISATOR bereitet in 10 Ausgaben pro Jahr die wesentlichen Themen f\u00fcr F\u00fchrungskr\u00e4fte von KMU auf.\",\"publisher\":{\"@id\":\"https:\\\/\\\/www.organisator.ch\\\/#organization\"},\"potentialAction\":[{\"@type\":\"SearchAction\",\"target\":{\"@type\":\"EntryPoint\",\"urlTemplate\":\"https:\\\/\\\/www.organisator.ch\\\/?s={search_term_string}\"},\"query-input\":{\"@type\":\"PropertyValueSpecification\",\"valueRequired\":true,\"valueName\":\"search_term_string\"}}],\"inLanguage\":\"fr-FR\"},{\"@type\":\"Organization\",\"@id\":\"https:\\\/\\\/www.organisator.ch\\\/#organization\",\"name\":\"Organisator\",\"url\":\"https:\\\/\\\/www.organisator.ch\\\/\",\"logo\":{\"@type\":\"ImageObject\",\"inLanguage\":\"fr-FR\",\"@id\":\"https:\\\/\\\/www.organisator.ch\\\/#\\\/schema\\\/logo\\\/image\\\/\",\"url\":\"https:\\\/\\\/www.organisator.ch\\\/wp-content\\\/uploads\\\/2022\\\/01\\\/Logo_Organisator_Website.png\",\"contentUrl\":\"https:\\\/\\\/www.organisator.ch\\\/wp-content\\\/uploads\\\/2022\\\/01\\\/Logo_Organisator_Website.png\",\"width\":800,\"height\":77,\"caption\":\"Organisator\"},\"image\":{\"@id\":\"https:\\\/\\\/www.organisator.ch\\\/#\\\/schema\\\/logo\\\/image\\\/\"},\"sameAs\":[\"https:\\\/\\\/www.facebook.com\\\/OrganisatorFachmagazin\",\"https:\\\/\\\/www.linkedin.com\\\/showcase\\\/organisator-das-magazin-fr-kmu\",\"https:\\\/\\\/www.xing.com\\\/news\\\/pages\\\/organisator-ch-695\",\"https:\\\/\\\/www.youtube.com\\\/channel\\\/UCGP2Sq0iWaZwT3BdIAQFYpw\"]},{\"@type\":\"Person\",\"@id\":\"https:\\\/\\\/www.organisator.ch\\\/#\\\/schema\\\/person\\\/6f650f90b2842cd4c0cc334b4e36f67e\",\"name\":\"thomas.berner\",\"image\":{\"@type\":\"ImageObject\",\"inLanguage\":\"fr-FR\",\"@id\":\"https:\\\/\\\/secure.gravatar.com\\\/avatar\\\/ac5001d2a36cb6c6cd3e50789007ffca834b477b74a2144564522e944eabff61?s=96&d=mm&r=g\",\"url\":\"https:\\\/\\\/secure.gravatar.com\\\/avatar\\\/ac5001d2a36cb6c6cd3e50789007ffca834b477b74a2144564522e944eabff61?s=96&d=mm&r=g\",\"contentUrl\":\"https:\\\/\\\/secure.gravatar.com\\\/avatar\\\/ac5001d2a36cb6c6cd3e50789007ffca834b477b74a2144564522e944eabff61?s=96&d=mm&r=g\",\"caption\":\"thomas.berner\"},\"url\":\"https:\\\/\\\/www.organisator.ch\\\/fr\\\/author\\\/thomas-berner\\\/\"}]}<\/script>\n<!-- \/ Yoast SEO plugin. -->","yoast_head_json":{"title":"The Circle Conference : le premier grand \u00e9v\u00e9nement national en direct apr\u00e8s Corona - Organisateur","description":"Nouveau lieu, nouveau concept, nouveau salon : Les organisateurs de la \"The Circle Conference\" se lancent le 1er juillet dans le \"The Circle Convention Center\".","robots":{"index":"index","follow":"follow","max-snippet":"max-snippet:-1","max-image-preview":"max-image-preview:large","max-video-preview":"max-video-preview:-1"},"canonical":"https:\/\/www.organisator.ch\/fr\/marketing\/2021-06-18\/the-circle-conference-die-erste-nationale-live-grossveranstaltung-nach-corona\/","og_locale":"fr_FR","og_type":"article","og_title":"The Circle Conference: Die erste nationale Live-Grossveranstaltung nach Corona","og_description":"Neue Location, neues Konzept, neue Messe: Die Organisatoren der \u00abThe Circle Conference\u00bb gehen am 1. Juli im \u00abThe Circle Convention Center\u00bb an den Start.","og_url":"https:\/\/www.organisator.ch\/fr\/marketing\/2021-06-18\/the-circle-conference-die-erste-nationale-live-grossveranstaltung-nach-corona\/","og_site_name":"Organisator","article_publisher":"https:\/\/www.facebook.com\/OrganisatorFachmagazin","article_published_time":"2021-06-18T06:52:59+00:00","og_image":[{"width":680,"height":449,"url":"https:\/\/www.organisator.ch\/wp-content\/uploads\/2021\/06\/The-Circle-Conference-Die-erste-nationale-Live-Grossveranstaltung-nach-Corona-2_Organisator.jpg","type":"image\/jpeg"}],"author":"thomas.berner","twitter_card":"summary_large_image","twitter_title":"The #Circle Conference: Die erste nationale #Live-Grossveranstaltung nach Corona","twitter_description":"Neue Location, neues Konzept, neue Messe: Die Organisatoren der #TheCircleConference gehen am 1. Juli im \u00abThe Circle Convention Center\u00bb an den Start.","twitter_image":"https:\/\/www.organisator.ch\/wp-content\/uploads\/2021\/06\/The-Circle-Conference-Die-erste-nationale-Live-Grossveranstaltung-nach-Corona-2_Organisator.jpg","schema":{"@context":"https:\/\/schema.org","@graph":[{"@type":"Article","@id":"https:\/\/www.organisator.ch\/marketing\/2021-06-18\/the-circle-conference-die-erste-nationale-live-grossveranstaltung-nach-corona\/#article","isPartOf":{"@id":"https:\/\/www.organisator.ch\/marketing\/2021-06-18\/the-circle-conference-die-erste-nationale-live-grossveranstaltung-nach-corona\/"},"author":{"name":"thomas.berner","@id":"https:\/\/www.organisator.ch\/#\/schema\/person\/6f650f90b2842cd4c0cc334b4e36f67e"},"headline":"The Circle Conference: Die erste nationale Live-Grossveranstaltung nach Corona","datePublished":"2021-06-18T06:52:59+00:00","mainEntityOfPage":{"@id":"https:\/\/www.organisator.ch\/marketing\/2021-06-18\/the-circle-conference-die-erste-nationale-live-grossveranstaltung-nach-corona\/"},"wordCount":663,"publisher":{"@id":"https:\/\/www.organisator.ch\/#organization"},"image":{"@id":"https:\/\/www.organisator.ch\/marketing\/2021-06-18\/the-circle-conference-die-erste-nationale-live-grossveranstaltung-nach-corona\/#primaryimage"},"thumbnailUrl":"https:\/\/www.organisator.ch\/wp-content\/uploads\/2021\/06\/The-Circle-Conference-Die-erste-nationale-Live-Grossveranstaltung-nach-Corona-2_Organisator.jpg","keywords":["Event","Fachkongress\/Fachmesse","Marketing","Veranstaltungen"],"articleSection":["MARKETING"],"inLanguage":"fr-FR"},{"@type":"WebPage","@id":"https:\/\/www.organisator.ch\/marketing\/2021-06-18\/the-circle-conference-die-erste-nationale-live-grossveranstaltung-nach-corona\/","url":"https:\/\/www.organisator.ch\/marketing\/2021-06-18\/the-circle-conference-die-erste-nationale-live-grossveranstaltung-nach-corona\/","name":"The Circle Conference : le premier grand \u00e9v\u00e9nement national en direct apr\u00e8s Corona - Organisateur","isPartOf":{"@id":"https:\/\/www.organisator.ch\/#website"},"primaryImageOfPage":{"@id":"https:\/\/www.organisator.ch\/marketing\/2021-06-18\/the-circle-conference-die-erste-nationale-live-grossveranstaltung-nach-corona\/#primaryimage"},"image":{"@id":"https:\/\/www.organisator.ch\/marketing\/2021-06-18\/the-circle-conference-die-erste-nationale-live-grossveranstaltung-nach-corona\/#primaryimage"},"thumbnailUrl":"https:\/\/www.organisator.ch\/wp-content\/uploads\/2021\/06\/The-Circle-Conference-Die-erste-nationale-Live-Grossveranstaltung-nach-Corona-2_Organisator.jpg","datePublished":"2021-06-18T06:52:59+00:00","description":"Nouveau lieu, nouveau concept, nouveau salon : Les organisateurs de la \"The Circle Conference\" se lancent le 1er juillet dans le \"The Circle Convention Center\".","breadcrumb":{"@id":"https:\/\/www.organisator.ch\/marketing\/2021-06-18\/the-circle-conference-die-erste-nationale-live-grossveranstaltung-nach-corona\/#breadcrumb"},"inLanguage":"fr-FR","potentialAction":[{"@type":"ReadAction","target":["https:\/\/www.organisator.ch\/marketing\/2021-06-18\/the-circle-conference-die-erste-nationale-live-grossveranstaltung-nach-corona\/"]}]},{"@type":"ImageObject","inLanguage":"fr-FR","@id":"https:\/\/www.organisator.ch\/marketing\/2021-06-18\/the-circle-conference-die-erste-nationale-live-grossveranstaltung-nach-corona\/#primaryimage","url":"https:\/\/www.organisator.ch\/wp-content\/uploads\/2021\/06\/The-Circle-Conference-Die-erste-nationale-Live-Grossveranstaltung-nach-Corona-2_Organisator.jpg","contentUrl":"https:\/\/www.organisator.ch\/wp-content\/uploads\/2021\/06\/The-Circle-Conference-Die-erste-nationale-Live-Grossveranstaltung-nach-Corona-2_Organisator.jpg","width":680,"height":449,"caption":"Schluss mit der Leere im \u00abThe Circle Convention Center\u00bb am Z\u00fcrcher Flughafen: Mit The Circle Conference wird am 1. Juli 2021 die erste nationale Live-Konferenz nach Corona mit bis zu 1'000 Teilnehmenden durchgef\u00fchrt. (Bild: Unsplash.com)"},{"@type":"BreadcrumbList","@id":"https:\/\/www.organisator.ch\/marketing\/2021-06-18\/the-circle-conference-die-erste-nationale-live-grossveranstaltung-nach-corona\/#breadcrumb","itemListElement":[{"@type":"ListItem","position":1,"name":"Home","item":"https:\/\/www.organisator.ch\/"},{"@type":"ListItem","position":2,"name":"The Circle Conference: Die erste nationale Live-Grossveranstaltung nach Corona"}]},{"@type":"WebSite","@id":"https:\/\/www.organisator.ch\/#website","url":"https:\/\/www.organisator.ch\/","name":"Organisateur","description":"Comp\u00e9tence et comp\u00e9tence. Proches de la pratique. L'ORGANISATEUR pr\u00e9pare 10 num\u00e9ros par an sur les th\u00e8mes essentiels pour les dirigeants de PME.","publisher":{"@id":"https:\/\/www.organisator.ch\/#organization"},"potentialAction":[{"@type":"SearchAction","target":{"@type":"EntryPoint","urlTemplate":"https:\/\/www.organisator.ch\/?s={search_term_string}"},"query-input":{"@type":"PropertyValueSpecification","valueRequired":true,"valueName":"search_term_string"}}],"inLanguage":"fr-FR"},{"@type":"Organization","@id":"https:\/\/www.organisator.ch\/#organization","name":"Organisateur","url":"https:\/\/www.organisator.ch\/","logo":{"@type":"ImageObject","inLanguage":"fr-FR","@id":"https:\/\/www.organisator.ch\/#\/schema\/logo\/image\/","url":"https:\/\/www.organisator.ch\/wp-content\/uploads\/2022\/01\/Logo_Organisator_Website.png","contentUrl":"https:\/\/www.organisator.ch\/wp-content\/uploads\/2022\/01\/Logo_Organisator_Website.png","width":800,"height":77,"caption":"Organisator"},"image":{"@id":"https:\/\/www.organisator.ch\/#\/schema\/logo\/image\/"},"sameAs":["https:\/\/www.facebook.com\/OrganisatorFachmagazin","https:\/\/www.linkedin.com\/showcase\/organisator-das-magazin-fr-kmu","https:\/\/www.xing.com\/news\/pages\/organisator-ch-695","https:\/\/www.youtube.com\/channel\/UCGP2Sq0iWaZwT3BdIAQFYpw"]},{"@type":"Person","@id":"https:\/\/www.organisator.ch\/#\/schema\/person\/6f650f90b2842cd4c0cc334b4e36f67e","name":"thomas.berner","image":{"@type":"ImageObject","inLanguage":"fr-FR","@id":"https:\/\/secure.gravatar.com\/avatar\/ac5001d2a36cb6c6cd3e50789007ffca834b477b74a2144564522e944eabff61?s=96&d=mm&r=g","url":"https:\/\/secure.gravatar.com\/avatar\/ac5001d2a36cb6c6cd3e50789007ffca834b477b74a2144564522e944eabff61?s=96&d=mm&r=g","contentUrl":"https:\/\/secure.gravatar.com\/avatar\/ac5001d2a36cb6c6cd3e50789007ffca834b477b74a2144564522e944eabff61?s=96&d=mm&r=g","caption":"thomas.berner"},"url":"https:\/\/www.organisator.ch\/fr\/author\/thomas-berner\/"}]}},"_links":{"self":[{"href":"https:\/\/www.organisator.ch\/fr\/wp-json\/wp\/v2\/posts\/8170","targetHints":{"allow":["GET"]}}],"collection":[{"href":"https:\/\/www.organisator.ch\/fr\/wp-json\/wp\/v2\/posts"}],"about":[{"href":"https:\/\/www.organisator.ch\/fr\/wp-json\/wp\/v2\/types\/post"}],"author":[{"embeddable":true,"href":"https:\/\/www.organisator.ch\/fr\/wp-json\/wp\/v2\/users\/4"}],"replies":[{"embeddable":true,"href":"https:\/\/www.organisator.ch\/fr\/wp-json\/wp\/v2\/comments?post=8170"}],"version-history":[{"count":0,"href":"https:\/\/www.organisator.ch\/fr\/wp-json\/wp\/v2\/posts\/8170\/revisions"}],"wp:featuredmedia":[{"embeddable":true,"href":"https:\/\/www.organisator.ch\/fr\/wp-json\/wp\/v2\/media\/8171"}],"wp:attachment":[{"href":"https:\/\/www.organisator.ch\/fr\/wp-json\/wp\/v2\/media?parent=8170"}],"wp:term":[{"taxonomy":"category","embeddable":true,"href":"https:\/\/www.organisator.ch\/fr\/wp-json\/wp\/v2\/categories?post=8170"},{"taxonomy":"post_tag","embeddable":true,"href":"https:\/\/www.organisator.ch\/fr\/wp-json\/wp\/v2\/tags?post=8170"}],"curies":[{"name":"wp","href":"https:\/\/api.w.org\/{rel}","templated":true}]}}