{"id":8174,"date":"2021-06-21T09:45:11","date_gmt":"2021-06-21T07:45:11","guid":{"rendered":"https:\/\/www.organisator.ch\/?p=8174"},"modified":"2021-06-21T09:45:11","modified_gmt":"2021-06-21T07:45:11","slug":"suva-positives-betriebsergebnis-fuehrt-zu-sinkenden-praemien","status":"publish","type":"post","link":"https:\/\/www.organisator.ch\/fr\/management\/finanzen_recht\/2021-06-21\/suva-positives-betriebsergebnis-fuehrt-zu-sinkenden-praemien\/","title":{"rendered":"Suva : un r\u00e9sultat d'exploitation positif entra\u00eene une baisse des primes"},"content":{"rendered":"<figure id=\"attachment_8175\" aria-describedby=\"caption-attachment-8175\" style=\"width: 680px\" class=\"wp-caption alignnone\"><a href=\"https:\/\/www.organisator.ch\/wp-content\/uploads\/2021\/06\/Suva-Positives-Betriebsergebnis-fuehrt-zu-sinkenden-Praemien_Organisator.jpg\"><img loading=\"lazy\" decoding=\"async\" class=\"size-medium wp-image-8175\" src=\"https:\/\/www.organisator.ch\/wp-content\/uploads\/2021\/06\/Suva-Positives-Betriebsergebnis-fuehrt-zu-sinkenden-Praemien_Organisator.jpg\" alt=\"\" width=\"680\" height=\"530\" srcset=\"https:\/\/www.organisator.ch\/wp-content\/uploads\/2021\/06\/Suva-Positives-Betriebsergebnis-fuehrt-zu-sinkenden-Praemien_Organisator.jpg 680w, https:\/\/www.organisator.ch\/wp-content\/uploads\/2021\/06\/Suva-Positives-Betriebsergebnis-fuehrt-zu-sinkenden-Praemien_Organisator-16x12.jpg 16w, https:\/\/www.organisator.ch\/wp-content\/uploads\/2021\/06\/Suva-Positives-Betriebsergebnis-fuehrt-zu-sinkenden-Praemien_Organisator-225x175.jpg 225w, https:\/\/www.organisator.ch\/wp-content\/uploads\/2021\/06\/Suva-Positives-Betriebsergebnis-fuehrt-zu-sinkenden-Praemien_Organisator-449x350.jpg 449w, https:\/\/www.organisator.ch\/wp-content\/uploads\/2021\/06\/Suva-Positives-Betriebsergebnis-fuehrt-zu-sinkenden-Praemien_Organisator-300x234.jpg 300w\" sizes=\"auto, (max-width: 680px) 100vw, 680px\" \/><\/a><figcaption id=\"caption-attachment-8175\" class=\"wp-caption-text\">Malgr\u00e9 Corona, la Suva annonce un r\u00e9sultat d'exploitation positif. Celui-ci entra\u00eene notamment une baisse des primes pour l'ann\u00e9e \u00e0 venir. (Graphique : Suva)<\/figcaption><\/figure>\n<p class=\"Absatz3\">La Suva affiche un r\u00e9sultat d'exploitation positif de 241 millions de francs pour l'ann\u00e9e 2020. L'assureur-accidents a donc \u00e9galement fait preuve de solidit\u00e9 durant l'ann\u00e9e marqu\u00e9e par Corona, comme il l'a annonc\u00e9 lors de sa conf\u00e9rence de presse de bilan. Toutes les branches d'assurance sont en \u00e9quilibre financier, indique l'assureur. Des provisions conformes aux besoins ont \u00e9t\u00e9 constitu\u00e9es pour toutes les prestations futures r\u00e9sultant des accidents et des maladies professionnelles d\u00e9j\u00e0 survenus, poursuit la Suva. En raison d'effets sp\u00e9ciaux, les assur\u00e9s de la Suva b\u00e9n\u00e9ficieront en 2022 de primes historiquement basses.<\/p>\n<h2 class=\"Absatz3\">R\u00e9sultat positif des placements<\/h2>\n<p class=\"Absatz3\">Malgr\u00e9 un environnement difficile et une pand\u00e9mie de Corona persistante, la Suva a pu r\u00e9aliser un bon r\u00e9sultat de placement pour 2020. La performance des placements a atteint 5,3 pour cent. Ce sont les placements en actions qui ont le plus contribu\u00e9 \u00e0 ce r\u00e9sultat. Apr\u00e8s les turbulences du premier trimestre, les march\u00e9s des actions se sont caract\u00e9ris\u00e9s par une forte reprise en 2020. Gr\u00e2ce \u00e0 sa strat\u00e9gie de placement ax\u00e9e sur le long terme, la Suva peut investir des parts importantes de sa fortune dans des actions, des biens immobiliers et des placements alternatifs. Elle a ainsi pu r\u00e9aliser un r\u00e9sultat positif malgr\u00e9 les placements sur le march\u00e9 mon\u00e9taire, qui ont continu\u00e9 \u00e0 souffrir des taux d'int\u00e9r\u00eat n\u00e9gatifs. Le bon r\u00e9sultat des placements permet, pour l'ann\u00e9e 2022, de restituer \u00e0 toutes les entreprises assur\u00e9es par la Suva les revenus exc\u00e9dentaires des placements \u00e0 hauteur de 526 millions de francs, soit 15 % des primes nettes dans l'assurance des accidents professionnels et non professionnels. Le quotient de solvabilit\u00e9 est pass\u00e9 de 171 \u00e0 182 pour cent. La Suva dispose donc d'une solvabilit\u00e9 suffisante pour r\u00e9pondre aux exigences l\u00e9gales, m\u00eame en temps de crise. La fortune de la Suva est enti\u00e8rement affect\u00e9e. Il couvre les obligations de la Suva pour quelque 82 000 rentes ainsi que les futurs frais de gu\u00e9rison et indemnit\u00e9s journali\u00e8res r\u00e9sultant d'accidents d\u00e9j\u00e0 survenus.<\/p>\n<h2 class=\"Absatz3\">Effet COVID-19 : exc\u00e9dent exceptionnel<\/h2>\n<p class=\"Absatz3\">Le nombre d'accidents a notamment fortement diminu\u00e9 pendant le lockdown \u00e0 partir de la mi-mars 2020. La deuxi\u00e8me vague, \u00e0 partir d'octobre, a \u00e9galement entra\u00een\u00e9 un nouveau recul. Au total, la Suva a enregistr\u00e9 431 827 accidents et maladies professionnelles d\u00e9clar\u00e9s. Cela repr\u00e9sente 10,0 % de moins qu'en 2019. En ce qui concerne les accidents professionnels, il appara\u00eet que les branches ont \u00e9t\u00e9 diversement touch\u00e9es par les mesures Corona. Alors que dans certaines branches, l'activit\u00e9 a pu \u00eatre maintenue malgr\u00e9 les restrictions, dans d'autres, le travail a \u00e9t\u00e9 fortement r\u00e9duit. La plus forte baisse des accidents professionnels a \u00e9t\u00e9 enregistr\u00e9e dans l'aviation (-54 %). Au total, la Suva a enregistr\u00e9 161 468 accidents professionnels. C'est 10,8 % de moins que l'ann\u00e9e pr\u00e9c\u00e9dente. L'\u00e9volution des chiffres dans l'assurance des accidents non professionnels a \u00e9galement \u00e9t\u00e9 marqu\u00e9e par un recul d\u00fb \u00e0 la limitation des activit\u00e9s de loisirs. Le nombre d'accidents li\u00e9s aux sports d'\u00e9quipe, notamment, a fortement diminu\u00e9. La Suva a ainsi enregistr\u00e9 37% d'accidents de football en moins. Les accidents de loisirs ont globalement diminu\u00e9 de 10,9 pour cent.<\/p>\n<h2>Malgr\u00e9 tout, des co\u00fbts d'accidents plus \u00e9lev\u00e9s<\/h2>\n<p class=\"Absatz3\">En revanche, les co\u00fbts des accidents n'ont pas diminu\u00e9 dans la m\u00eame mesure que le nombre d'accidents, car les co\u00fbts moyens par accident ont augment\u00e9. Ainsi, les frais m\u00e9dicaux moyens par cas ont augment\u00e9 de 3,6 pour cent et les frais d'indemnit\u00e9s journali\u00e8res par cas de 6,3 pour cent.<\/p>\n<p class=\"Absatz3\">L'augmentation des co\u00fbts par cas est due \u00e0 un recul disproportionn\u00e9 des accidents l\u00e9gers avec de courtes absences et donc une courte dur\u00e9e de perception des indemnit\u00e9s journali\u00e8res. La modification de l'accidentologie (p. ex. moins d'accidents de football, qui entra\u00eenent des absences plut\u00f4t courtes, mais plus d'accidents de v\u00e9lo avec des accident\u00e9s plus \u00e2g\u00e9s et des absences plus longues) et les restrictions dans les possibilit\u00e9s de traitement se sont av\u00e9r\u00e9es \u00eatre les principaux moteurs. Le nombre de nouvelles rentes a en outre continu\u00e9 \u00e0 baisser, avec 1141 nouvelles rentes pour des cas d'invalidit\u00e9. Les co\u00fbts par nouvelle rente ont toutefois nettement augment\u00e9 en raison de la baisse du taux d'int\u00e9r\u00eat technique.<\/p>\n<p class=\"Absatz3\">Au total, COVID-19 a g\u00e9n\u00e9r\u00e9 un exc\u00e9dent extraordinaire de 253 millions de francs. Cet exc\u00e9dent sera restitu\u00e9 aux assur\u00e9s en 2022 sous la forme d'une baisse des primes. Le montant de la r\u00e9duction des primes est d\u00e9fini par la baisse des co\u00fbts effectivement observ\u00e9e pour chaque classe de risque. En moyenne, les remboursements repr\u00e9senteront 7,3 pour cent de la prime nette dans l'assurance contre les accidents professionnels et 6,8 pour cent dans l'assurance contre les accidents non professionnels.<\/p>\n<h2 class=\"Absatz3\">Un r\u00e9sultat d'exploitation positif entra\u00eene des primes historiquement basses<\/h2>\n<p class=\"Absatz3\">Alors que les taux de primes nets moyens pour l'assurance contre les accidents non professionnels augmentent l\u00e9g\u00e8rement en 2022 en raison de la sinistralit\u00e9, les taux de primes nets moyens pour l'assurance contre les accidents professionnels peuvent \u00eatre maintenus stables. En fonction de la sinistralit\u00e9, on observe toutefois des \u00e9volutions tr\u00e8s diff\u00e9rentes dans les diff\u00e9rentes classes de risque, tant en ce qui concerne l'adaptation des primes nettes que les remboursements Covid 19.<\/p>\n<p class=\"Absatz3\">Gr\u00e2ce au remboursement des exc\u00e9dents dus \u00e0 la pand\u00e9mie Covid-19 et aux revenus des placements pour un montant total de 779 millions de francs, soit 22 pour cent des primes nettes, la charge moyenne des primes des assur\u00e9s sera historiquement basse en 2022, tant pour l'assurance contre les accidents professionnels que pour l'assurance contre les accidents non professionnels.<\/p>\n<p><em>Source : <a href=\"http:\/\/www.suva.ch\">Suva<\/a><\/em><\/p>","protected":false},"excerpt":{"rendered":"<p>Die Suva weist f\u00fcr das Jahr 2020 ein positives Betriebsergebnis von 241 Millionen Franken aus. Der Unfallversicherer war demnach auch im von Corona gepr\u00e4gten Jahr solide unterwegs, wie er anl\u00e4sslich seiner Bilanz-Medienkonferenz bekannt gab. Alle Versicherungszweige seien finanziell im Gleichgewicht, teilt der Versicherer mit. F\u00fcr s\u00e4mtliche zuk\u00fcnftigen Leistungen aus allen bereits geschehenen Unf\u00e4llen und Berufskrankheiten [&hellip;]<\/p>\n","protected":false},"author":4,"featured_media":8175,"comment_status":"closed","ping_status":"closed","sticky":false,"template":"","format":"standard","meta":{"_acf_changed":false,"_yoast_wpseo_focuskw":"positives Betriebsergebnis","_yoast_wpseo_metadesc":"F\u00fcr das vergangene Gesch\u00e4ftsjahr kann die Suva mit 241 Millionen Franken ein positives Betriebsergebnis ausweisen. Dies f\u00fchrt zu tieferen Pr\u00e4mien f\u00fcr 2022.","articlekey":"","footnotes":""},"categories":[24],"tags":[388,463,511],"class_list":["post-8174","post","type-post","status-publish","format-standard","has-post-thumbnail","hentry","category-finanzen_recht","tag-praevention","tag-suva","tag-versicherungen"],"acf":[],"yoast_head":"<!-- This site is optimized with the Yoast SEO plugin v27.4 - https:\/\/yoast.com\/product\/yoast-seo-wordpress\/ -->\n<title>Suva: Positives Betriebsergebnis f\u00fchrt zu sinkenden Pr\u00e4mien - Organisator<\/title>\n<meta name=\"description\" content=\"F\u00fcr das vergangene Gesch\u00e4ftsjahr kann die Suva mit 241 Millionen Franken ein positives Betriebsergebnis ausweisen. Dies f\u00fchrt zu tieferen Pr\u00e4mien f\u00fcr 2022.\" \/>\n<meta name=\"robots\" content=\"index, follow, max-snippet:-1, max-image-preview:large, max-video-preview:-1\" \/>\n<link rel=\"canonical\" href=\"https:\/\/www.organisator.ch\/fr\/gestion-2\/finanzen_recht\/2021-06-21\/suva-positives-betriebsergebnis-fuehrt-zu-sinkenden-praemien\/\" \/>\n<meta property=\"og:locale\" content=\"fr_FR\" \/>\n<meta property=\"og:type\" content=\"article\" \/>\n<meta property=\"og:title\" content=\"Suva: Positives Betriebsergebnis f\u00fchrt zu sinkenden Pr\u00e4mien\" \/>\n<meta property=\"og:description\" content=\"F\u00fcr das vergangene Gesch\u00e4ftsjahr kann die Suva mit 241 Millionen Franken ein positives Betriebsergebnis ausweisen. Dies f\u00fchrt zu tieferen Pr\u00e4mien f\u00fcr 2022.\" \/>\n<meta property=\"og:url\" content=\"https:\/\/www.organisator.ch\/fr\/gestion-2\/finanzen_recht\/2021-06-21\/suva-positives-betriebsergebnis-fuehrt-zu-sinkenden-praemien\/\" \/>\n<meta property=\"og:site_name\" content=\"Organisator\" \/>\n<meta property=\"article:publisher\" content=\"https:\/\/www.facebook.com\/OrganisatorFachmagazin\" \/>\n<meta property=\"article:published_time\" content=\"2021-06-21T07:45:11+00:00\" \/>\n<meta property=\"og:image\" content=\"https:\/\/www.organisator.ch\/wp-content\/uploads\/2021\/06\/Suva-Positives-Betriebsergebnis-fuehrt-zu-sinkenden-Praemien_Organisator.jpg\" \/>\n\t<meta property=\"og:image:width\" content=\"680\" \/>\n\t<meta property=\"og:image:height\" content=\"530\" \/>\n\t<meta property=\"og:image:type\" content=\"image\/jpeg\" \/>\n<meta name=\"author\" content=\"thomas.berner\" \/>\n<meta name=\"twitter:card\" content=\"summary_large_image\" \/>\n<meta name=\"twitter:title\" content=\"#Suva: Positives #Betriebsergebnis f\u00fchrt zu sinkenden Pr\u00e4mien\" \/>\n<meta name=\"twitter:description\" content=\"F\u00fcr das vergangene #Gesch\u00e4ftsjahr kann die #Suva mit 241 Millionen Franken ein positives #Betriebsergebnis ausweisen. Dies f\u00fchrt zu tieferen Pr\u00e4mien f\u00fcr 2022.\" \/>\n<meta name=\"twitter:image\" content=\"https:\/\/www.organisator.ch\/wp-content\/uploads\/2021\/06\/Suva-Positives-Betriebsergebnis-fuehrt-zu-sinkenden-Praemien_Organisator.jpg\" \/>\n<script type=\"application\/ld+json\" class=\"yoast-schema-graph\">{\"@context\":\"https:\\\/\\\/schema.org\",\"@graph\":[{\"@type\":\"Article\",\"@id\":\"https:\\\/\\\/www.organisator.ch\\\/management\\\/finanzen_recht\\\/2021-06-21\\\/suva-positives-betriebsergebnis-fuehrt-zu-sinkenden-praemien\\\/#article\",\"isPartOf\":{\"@id\":\"https:\\\/\\\/www.organisator.ch\\\/management\\\/finanzen_recht\\\/2021-06-21\\\/suva-positives-betriebsergebnis-fuehrt-zu-sinkenden-praemien\\\/\"},\"author\":{\"name\":\"thomas.berner\",\"@id\":\"https:\\\/\\\/www.organisator.ch\\\/#\\\/schema\\\/person\\\/6f650f90b2842cd4c0cc334b4e36f67e\"},\"headline\":\"Suva: Positives Betriebsergebnis f\u00fchrt zu sinkenden Pr\u00e4mien\",\"datePublished\":\"2021-06-21T07:45:11+00:00\",\"mainEntityOfPage\":{\"@id\":\"https:\\\/\\\/www.organisator.ch\\\/management\\\/finanzen_recht\\\/2021-06-21\\\/suva-positives-betriebsergebnis-fuehrt-zu-sinkenden-praemien\\\/\"},\"wordCount\":777,\"publisher\":{\"@id\":\"https:\\\/\\\/www.organisator.ch\\\/#organization\"},\"image\":{\"@id\":\"https:\\\/\\\/www.organisator.ch\\\/management\\\/finanzen_recht\\\/2021-06-21\\\/suva-positives-betriebsergebnis-fuehrt-zu-sinkenden-praemien\\\/#primaryimage\"},\"thumbnailUrl\":\"https:\\\/\\\/www.organisator.ch\\\/wp-content\\\/uploads\\\/2021\\\/06\\\/Suva-Positives-Betriebsergebnis-fuehrt-zu-sinkenden-Praemien_Organisator.jpg\",\"keywords\":[\"Pr\u00e4vention\",\"SUVA\",\"Versicherungen\"],\"articleSection\":[\"FINANZEN\\\/RECHT\"],\"inLanguage\":\"fr-FR\"},{\"@type\":\"WebPage\",\"@id\":\"https:\\\/\\\/www.organisator.ch\\\/management\\\/finanzen_recht\\\/2021-06-21\\\/suva-positives-betriebsergebnis-fuehrt-zu-sinkenden-praemien\\\/\",\"url\":\"https:\\\/\\\/www.organisator.ch\\\/management\\\/finanzen_recht\\\/2021-06-21\\\/suva-positives-betriebsergebnis-fuehrt-zu-sinkenden-praemien\\\/\",\"name\":\"Suva: Positives Betriebsergebnis f\u00fchrt zu sinkenden Pr\u00e4mien - Organisator\",\"isPartOf\":{\"@id\":\"https:\\\/\\\/www.organisator.ch\\\/#website\"},\"primaryImageOfPage\":{\"@id\":\"https:\\\/\\\/www.organisator.ch\\\/management\\\/finanzen_recht\\\/2021-06-21\\\/suva-positives-betriebsergebnis-fuehrt-zu-sinkenden-praemien\\\/#primaryimage\"},\"image\":{\"@id\":\"https:\\\/\\\/www.organisator.ch\\\/management\\\/finanzen_recht\\\/2021-06-21\\\/suva-positives-betriebsergebnis-fuehrt-zu-sinkenden-praemien\\\/#primaryimage\"},\"thumbnailUrl\":\"https:\\\/\\\/www.organisator.ch\\\/wp-content\\\/uploads\\\/2021\\\/06\\\/Suva-Positives-Betriebsergebnis-fuehrt-zu-sinkenden-Praemien_Organisator.jpg\",\"datePublished\":\"2021-06-21T07:45:11+00:00\",\"description\":\"F\u00fcr das vergangene Gesch\u00e4ftsjahr kann die Suva mit 241 Millionen Franken ein positives Betriebsergebnis ausweisen. Dies f\u00fchrt zu tieferen Pr\u00e4mien f\u00fcr 2022.\",\"breadcrumb\":{\"@id\":\"https:\\\/\\\/www.organisator.ch\\\/management\\\/finanzen_recht\\\/2021-06-21\\\/suva-positives-betriebsergebnis-fuehrt-zu-sinkenden-praemien\\\/#breadcrumb\"},\"inLanguage\":\"fr-FR\",\"potentialAction\":[{\"@type\":\"ReadAction\",\"target\":[\"https:\\\/\\\/www.organisator.ch\\\/management\\\/finanzen_recht\\\/2021-06-21\\\/suva-positives-betriebsergebnis-fuehrt-zu-sinkenden-praemien\\\/\"]}]},{\"@type\":\"ImageObject\",\"inLanguage\":\"fr-FR\",\"@id\":\"https:\\\/\\\/www.organisator.ch\\\/management\\\/finanzen_recht\\\/2021-06-21\\\/suva-positives-betriebsergebnis-fuehrt-zu-sinkenden-praemien\\\/#primaryimage\",\"url\":\"https:\\\/\\\/www.organisator.ch\\\/wp-content\\\/uploads\\\/2021\\\/06\\\/Suva-Positives-Betriebsergebnis-fuehrt-zu-sinkenden-Praemien_Organisator.jpg\",\"contentUrl\":\"https:\\\/\\\/www.organisator.ch\\\/wp-content\\\/uploads\\\/2021\\\/06\\\/Suva-Positives-Betriebsergebnis-fuehrt-zu-sinkenden-Praemien_Organisator.jpg\",\"width\":680,\"height\":530,\"caption\":\"Trotz Corona vermeldet die Suva ein positives Betriebsergebnis. Dieses f\u00fchrt u.a. zu tieferen Pr\u00e4mien im kommenden Jahr. (Grafik: Suva)\"},{\"@type\":\"BreadcrumbList\",\"@id\":\"https:\\\/\\\/www.organisator.ch\\\/management\\\/finanzen_recht\\\/2021-06-21\\\/suva-positives-betriebsergebnis-fuehrt-zu-sinkenden-praemien\\\/#breadcrumb\",\"itemListElement\":[{\"@type\":\"ListItem\",\"position\":1,\"name\":\"Home\",\"item\":\"https:\\\/\\\/www.organisator.ch\\\/\"},{\"@type\":\"ListItem\",\"position\":2,\"name\":\"Suva: Positives Betriebsergebnis f\u00fchrt zu sinkenden Pr\u00e4mien\"}]},{\"@type\":\"WebSite\",\"@id\":\"https:\\\/\\\/www.organisator.ch\\\/#website\",\"url\":\"https:\\\/\\\/www.organisator.ch\\\/\",\"name\":\"Organisator\",\"description\":\"Kompetent. Praxisnah. Der ORGANISATOR bereitet in 10 Ausgaben pro Jahr die wesentlichen Themen f\u00fcr F\u00fchrungskr\u00e4fte von KMU auf.\",\"publisher\":{\"@id\":\"https:\\\/\\\/www.organisator.ch\\\/#organization\"},\"potentialAction\":[{\"@type\":\"SearchAction\",\"target\":{\"@type\":\"EntryPoint\",\"urlTemplate\":\"https:\\\/\\\/www.organisator.ch\\\/?s={search_term_string}\"},\"query-input\":{\"@type\":\"PropertyValueSpecification\",\"valueRequired\":true,\"valueName\":\"search_term_string\"}}],\"inLanguage\":\"fr-FR\"},{\"@type\":\"Organization\",\"@id\":\"https:\\\/\\\/www.organisator.ch\\\/#organization\",\"name\":\"Organisator\",\"url\":\"https:\\\/\\\/www.organisator.ch\\\/\",\"logo\":{\"@type\":\"ImageObject\",\"inLanguage\":\"fr-FR\",\"@id\":\"https:\\\/\\\/www.organisator.ch\\\/#\\\/schema\\\/logo\\\/image\\\/\",\"url\":\"https:\\\/\\\/www.organisator.ch\\\/wp-content\\\/uploads\\\/2022\\\/01\\\/Logo_Organisator_Website.png\",\"contentUrl\":\"https:\\\/\\\/www.organisator.ch\\\/wp-content\\\/uploads\\\/2022\\\/01\\\/Logo_Organisator_Website.png\",\"width\":800,\"height\":77,\"caption\":\"Organisator\"},\"image\":{\"@id\":\"https:\\\/\\\/www.organisator.ch\\\/#\\\/schema\\\/logo\\\/image\\\/\"},\"sameAs\":[\"https:\\\/\\\/www.facebook.com\\\/OrganisatorFachmagazin\",\"https:\\\/\\\/www.linkedin.com\\\/showcase\\\/organisator-das-magazin-fr-kmu\",\"https:\\\/\\\/www.xing.com\\\/news\\\/pages\\\/organisator-ch-695\",\"https:\\\/\\\/www.youtube.com\\\/channel\\\/UCGP2Sq0iWaZwT3BdIAQFYpw\"]},{\"@type\":\"Person\",\"@id\":\"https:\\\/\\\/www.organisator.ch\\\/#\\\/schema\\\/person\\\/6f650f90b2842cd4c0cc334b4e36f67e\",\"name\":\"thomas.berner\",\"image\":{\"@type\":\"ImageObject\",\"inLanguage\":\"fr-FR\",\"@id\":\"https:\\\/\\\/secure.gravatar.com\\\/avatar\\\/ac5001d2a36cb6c6cd3e50789007ffca834b477b74a2144564522e944eabff61?s=96&d=mm&r=g\",\"url\":\"https:\\\/\\\/secure.gravatar.com\\\/avatar\\\/ac5001d2a36cb6c6cd3e50789007ffca834b477b74a2144564522e944eabff61?s=96&d=mm&r=g\",\"contentUrl\":\"https:\\\/\\\/secure.gravatar.com\\\/avatar\\\/ac5001d2a36cb6c6cd3e50789007ffca834b477b74a2144564522e944eabff61?s=96&d=mm&r=g\",\"caption\":\"thomas.berner\"},\"url\":\"https:\\\/\\\/www.organisator.ch\\\/fr\\\/author\\\/thomas-berner\\\/\"}]}<\/script>\n<!-- \/ Yoast SEO plugin. -->","yoast_head_json":{"title":"Suva : un r\u00e9sultat d'exploitation positif entra\u00eene une baisse des primes - Organisateur","description":"Pour l'exercice \u00e9coul\u00e9, la Suva peut pr\u00e9senter un r\u00e9sultat d'exploitation positif de 241 millions de francs. Cela se traduit par une baisse des primes pour 2022.","robots":{"index":"index","follow":"follow","max-snippet":"max-snippet:-1","max-image-preview":"max-image-preview:large","max-video-preview":"max-video-preview:-1"},"canonical":"https:\/\/www.organisator.ch\/fr\/gestion-2\/finanzen_recht\/2021-06-21\/suva-positives-betriebsergebnis-fuehrt-zu-sinkenden-praemien\/","og_locale":"fr_FR","og_type":"article","og_title":"Suva: Positives Betriebsergebnis f\u00fchrt zu sinkenden Pr\u00e4mien","og_description":"F\u00fcr das vergangene Gesch\u00e4ftsjahr kann die Suva mit 241 Millionen Franken ein positives Betriebsergebnis ausweisen. Dies f\u00fchrt zu tieferen Pr\u00e4mien f\u00fcr 2022.","og_url":"https:\/\/www.organisator.ch\/fr\/gestion-2\/finanzen_recht\/2021-06-21\/suva-positives-betriebsergebnis-fuehrt-zu-sinkenden-praemien\/","og_site_name":"Organisator","article_publisher":"https:\/\/www.facebook.com\/OrganisatorFachmagazin","article_published_time":"2021-06-21T07:45:11+00:00","og_image":[{"width":680,"height":530,"url":"https:\/\/www.organisator.ch\/wp-content\/uploads\/2021\/06\/Suva-Positives-Betriebsergebnis-fuehrt-zu-sinkenden-Praemien_Organisator.jpg","type":"image\/jpeg"}],"author":"thomas.berner","twitter_card":"summary_large_image","twitter_title":"#Suva: Positives #Betriebsergebnis f\u00fchrt zu sinkenden Pr\u00e4mien","twitter_description":"F\u00fcr das vergangene #Gesch\u00e4ftsjahr kann die #Suva mit 241 Millionen Franken ein positives #Betriebsergebnis ausweisen. Dies f\u00fchrt zu tieferen Pr\u00e4mien f\u00fcr 2022.","twitter_image":"https:\/\/www.organisator.ch\/wp-content\/uploads\/2021\/06\/Suva-Positives-Betriebsergebnis-fuehrt-zu-sinkenden-Praemien_Organisator.jpg","schema":{"@context":"https:\/\/schema.org","@graph":[{"@type":"Article","@id":"https:\/\/www.organisator.ch\/management\/finanzen_recht\/2021-06-21\/suva-positives-betriebsergebnis-fuehrt-zu-sinkenden-praemien\/#article","isPartOf":{"@id":"https:\/\/www.organisator.ch\/management\/finanzen_recht\/2021-06-21\/suva-positives-betriebsergebnis-fuehrt-zu-sinkenden-praemien\/"},"author":{"name":"thomas.berner","@id":"https:\/\/www.organisator.ch\/#\/schema\/person\/6f650f90b2842cd4c0cc334b4e36f67e"},"headline":"Suva: Positives Betriebsergebnis f\u00fchrt zu sinkenden Pr\u00e4mien","datePublished":"2021-06-21T07:45:11+00:00","mainEntityOfPage":{"@id":"https:\/\/www.organisator.ch\/management\/finanzen_recht\/2021-06-21\/suva-positives-betriebsergebnis-fuehrt-zu-sinkenden-praemien\/"},"wordCount":777,"publisher":{"@id":"https:\/\/www.organisator.ch\/#organization"},"image":{"@id":"https:\/\/www.organisator.ch\/management\/finanzen_recht\/2021-06-21\/suva-positives-betriebsergebnis-fuehrt-zu-sinkenden-praemien\/#primaryimage"},"thumbnailUrl":"https:\/\/www.organisator.ch\/wp-content\/uploads\/2021\/06\/Suva-Positives-Betriebsergebnis-fuehrt-zu-sinkenden-Praemien_Organisator.jpg","keywords":["Pr\u00e4vention","SUVA","Versicherungen"],"articleSection":["FINANZEN\/RECHT"],"inLanguage":"fr-FR"},{"@type":"WebPage","@id":"https:\/\/www.organisator.ch\/management\/finanzen_recht\/2021-06-21\/suva-positives-betriebsergebnis-fuehrt-zu-sinkenden-praemien\/","url":"https:\/\/www.organisator.ch\/management\/finanzen_recht\/2021-06-21\/suva-positives-betriebsergebnis-fuehrt-zu-sinkenden-praemien\/","name":"Suva : un r\u00e9sultat d'exploitation positif entra\u00eene une baisse des primes - Organisateur","isPartOf":{"@id":"https:\/\/www.organisator.ch\/#website"},"primaryImageOfPage":{"@id":"https:\/\/www.organisator.ch\/management\/finanzen_recht\/2021-06-21\/suva-positives-betriebsergebnis-fuehrt-zu-sinkenden-praemien\/#primaryimage"},"image":{"@id":"https:\/\/www.organisator.ch\/management\/finanzen_recht\/2021-06-21\/suva-positives-betriebsergebnis-fuehrt-zu-sinkenden-praemien\/#primaryimage"},"thumbnailUrl":"https:\/\/www.organisator.ch\/wp-content\/uploads\/2021\/06\/Suva-Positives-Betriebsergebnis-fuehrt-zu-sinkenden-Praemien_Organisator.jpg","datePublished":"2021-06-21T07:45:11+00:00","description":"Pour l'exercice \u00e9coul\u00e9, la Suva peut pr\u00e9senter un r\u00e9sultat d'exploitation positif de 241 millions de francs. Cela se traduit par une baisse des primes pour 2022.","breadcrumb":{"@id":"https:\/\/www.organisator.ch\/management\/finanzen_recht\/2021-06-21\/suva-positives-betriebsergebnis-fuehrt-zu-sinkenden-praemien\/#breadcrumb"},"inLanguage":"fr-FR","potentialAction":[{"@type":"ReadAction","target":["https:\/\/www.organisator.ch\/management\/finanzen_recht\/2021-06-21\/suva-positives-betriebsergebnis-fuehrt-zu-sinkenden-praemien\/"]}]},{"@type":"ImageObject","inLanguage":"fr-FR","@id":"https:\/\/www.organisator.ch\/management\/finanzen_recht\/2021-06-21\/suva-positives-betriebsergebnis-fuehrt-zu-sinkenden-praemien\/#primaryimage","url":"https:\/\/www.organisator.ch\/wp-content\/uploads\/2021\/06\/Suva-Positives-Betriebsergebnis-fuehrt-zu-sinkenden-Praemien_Organisator.jpg","contentUrl":"https:\/\/www.organisator.ch\/wp-content\/uploads\/2021\/06\/Suva-Positives-Betriebsergebnis-fuehrt-zu-sinkenden-Praemien_Organisator.jpg","width":680,"height":530,"caption":"Trotz Corona vermeldet die Suva ein positives Betriebsergebnis. Dieses f\u00fchrt u.a. zu tieferen Pr\u00e4mien im kommenden Jahr. (Grafik: Suva)"},{"@type":"BreadcrumbList","@id":"https:\/\/www.organisator.ch\/management\/finanzen_recht\/2021-06-21\/suva-positives-betriebsergebnis-fuehrt-zu-sinkenden-praemien\/#breadcrumb","itemListElement":[{"@type":"ListItem","position":1,"name":"Home","item":"https:\/\/www.organisator.ch\/"},{"@type":"ListItem","position":2,"name":"Suva: Positives Betriebsergebnis f\u00fchrt zu sinkenden Pr\u00e4mien"}]},{"@type":"WebSite","@id":"https:\/\/www.organisator.ch\/#website","url":"https:\/\/www.organisator.ch\/","name":"Organisateur","description":"Comp\u00e9tence et comp\u00e9tence. Proches de la pratique. L'ORGANISATEUR pr\u00e9pare 10 num\u00e9ros par an sur les th\u00e8mes essentiels pour les dirigeants de PME.","publisher":{"@id":"https:\/\/www.organisator.ch\/#organization"},"potentialAction":[{"@type":"SearchAction","target":{"@type":"EntryPoint","urlTemplate":"https:\/\/www.organisator.ch\/?s={search_term_string}"},"query-input":{"@type":"PropertyValueSpecification","valueRequired":true,"valueName":"search_term_string"}}],"inLanguage":"fr-FR"},{"@type":"Organization","@id":"https:\/\/www.organisator.ch\/#organization","name":"Organisateur","url":"https:\/\/www.organisator.ch\/","logo":{"@type":"ImageObject","inLanguage":"fr-FR","@id":"https:\/\/www.organisator.ch\/#\/schema\/logo\/image\/","url":"https:\/\/www.organisator.ch\/wp-content\/uploads\/2022\/01\/Logo_Organisator_Website.png","contentUrl":"https:\/\/www.organisator.ch\/wp-content\/uploads\/2022\/01\/Logo_Organisator_Website.png","width":800,"height":77,"caption":"Organisator"},"image":{"@id":"https:\/\/www.organisator.ch\/#\/schema\/logo\/image\/"},"sameAs":["https:\/\/www.facebook.com\/OrganisatorFachmagazin","https:\/\/www.linkedin.com\/showcase\/organisator-das-magazin-fr-kmu","https:\/\/www.xing.com\/news\/pages\/organisator-ch-695","https:\/\/www.youtube.com\/channel\/UCGP2Sq0iWaZwT3BdIAQFYpw"]},{"@type":"Person","@id":"https:\/\/www.organisator.ch\/#\/schema\/person\/6f650f90b2842cd4c0cc334b4e36f67e","name":"thomas.berner","image":{"@type":"ImageObject","inLanguage":"fr-FR","@id":"https:\/\/secure.gravatar.com\/avatar\/ac5001d2a36cb6c6cd3e50789007ffca834b477b74a2144564522e944eabff61?s=96&d=mm&r=g","url":"https:\/\/secure.gravatar.com\/avatar\/ac5001d2a36cb6c6cd3e50789007ffca834b477b74a2144564522e944eabff61?s=96&d=mm&r=g","contentUrl":"https:\/\/secure.gravatar.com\/avatar\/ac5001d2a36cb6c6cd3e50789007ffca834b477b74a2144564522e944eabff61?s=96&d=mm&r=g","caption":"thomas.berner"},"url":"https:\/\/www.organisator.ch\/fr\/author\/thomas-berner\/"}]}},"_links":{"self":[{"href":"https:\/\/www.organisator.ch\/fr\/wp-json\/wp\/v2\/posts\/8174","targetHints":{"allow":["GET"]}}],"collection":[{"href":"https:\/\/www.organisator.ch\/fr\/wp-json\/wp\/v2\/posts"}],"about":[{"href":"https:\/\/www.organisator.ch\/fr\/wp-json\/wp\/v2\/types\/post"}],"author":[{"embeddable":true,"href":"https:\/\/www.organisator.ch\/fr\/wp-json\/wp\/v2\/users\/4"}],"replies":[{"embeddable":true,"href":"https:\/\/www.organisator.ch\/fr\/wp-json\/wp\/v2\/comments?post=8174"}],"version-history":[{"count":0,"href":"https:\/\/www.organisator.ch\/fr\/wp-json\/wp\/v2\/posts\/8174\/revisions"}],"wp:featuredmedia":[{"embeddable":true,"href":"https:\/\/www.organisator.ch\/fr\/wp-json\/wp\/v2\/media\/8175"}],"wp:attachment":[{"href":"https:\/\/www.organisator.ch\/fr\/wp-json\/wp\/v2\/media?parent=8174"}],"wp:term":[{"taxonomy":"category","embeddable":true,"href":"https:\/\/www.organisator.ch\/fr\/wp-json\/wp\/v2\/categories?post=8174"},{"taxonomy":"post_tag","embeddable":true,"href":"https:\/\/www.organisator.ch\/fr\/wp-json\/wp\/v2\/tags?post=8174"}],"curies":[{"name":"wp","href":"https:\/\/api.w.org\/{rel}","templated":true}]}}