{"id":8181,"date":"2021-06-23T17:10:09","date_gmt":"2021-06-23T15:10:09","guid":{"rendered":"https:\/\/www.organisator.ch\/?p=8181"},"modified":"2021-06-23T17:10:09","modified_gmt":"2021-06-23T15:10:09","slug":"export-award-2021-diese-3-innovativen-unternehmen-sind-nominiert","status":"publish","type":"post","link":"https:\/\/www.organisator.ch\/fr\/management\/2021-06-23\/export-award-2021-diese-3-innovativen-unternehmen-sind-nominiert\/","title":{"rendered":"Export Award 2021 : ces 3 entreprises innovantes sont nomin\u00e9es"},"content":{"rendered":"<figure id=\"attachment_8182\" aria-describedby=\"caption-attachment-8182\" style=\"width: 680px\" class=\"wp-caption alignnone\"><a href=\"https:\/\/www.organisator.ch\/wp-content\/uploads\/2021\/06\/Export-Award-2021-Diese-3-innovativen-Unternehmen-sind-nominiert_Organisator.jpg\"><img loading=\"lazy\" decoding=\"async\" class=\"size-medium wp-image-8182\" src=\"https:\/\/www.organisator.ch\/wp-content\/uploads\/2021\/06\/Export-Award-2021-Diese-3-innovativen-Unternehmen-sind-nominiert_Organisator.jpg\" alt=\"\" width=\"680\" height=\"304\" srcset=\"https:\/\/www.organisator.ch\/wp-content\/uploads\/2021\/06\/Export-Award-2021-Diese-3-innovativen-Unternehmen-sind-nominiert_Organisator.jpg 680w, https:\/\/www.organisator.ch\/wp-content\/uploads\/2021\/06\/Export-Award-2021-Diese-3-innovativen-Unternehmen-sind-nominiert_Organisator-16x7.jpg 16w, https:\/\/www.organisator.ch\/wp-content\/uploads\/2021\/06\/Export-Award-2021-Diese-3-innovativen-Unternehmen-sind-nominiert_Organisator-375x168.jpg 375w, https:\/\/www.organisator.ch\/wp-content\/uploads\/2021\/06\/Export-Award-2021-Diese-3-innovativen-Unternehmen-sind-nominiert_Organisator-300x134.jpg 300w\" sizes=\"auto, (max-width: 680px) 100vw, 680px\" \/><\/a><figcaption id=\"caption-attachment-8182\" class=\"wp-caption-text\">Qui remportera l'Export Award 2021 ? Trois entreprises sont en lice pour la finale. (Image : S-GE)<\/figcaption><\/figure>\n<p>Avec l'Export Award, Switzerland Global Enterprise (S-GE) r\u00e9compense chaque ann\u00e9e des entreprises internationales performantes dont la strat\u00e9gie d'expansion et la mise en \u0153uvre coh\u00e9rente sont convaincantes. La start-up zurichoise Nispera (solutions de donn\u00e9es pour les installations d'\u00e9nergie renouvelable), le fournisseur b\u00e2lois de t\u00e9l\u00e9m\u00e9decine Medgate et l'entreprise familiale thurgovienne Penergetic (agriculture \u00e9cologique et \u00e9conomique) sont parvenus en finale de l'Export Award 2021. Nous saurons laquelle de ces trois entreprises s'est impos\u00e9e face \u00e0 ses concurrentes lors de la remise des prix du 30 septembre 2021. L'entreprise gagnante aura alors le privil\u00e8ge de recevoir le troph\u00e9e des mains de Ruth Metzler-Arnold, pr\u00e9sidente du conseil d'administration de S-GE.<\/p>\n<h2><strong>Jury compos\u00e9 de personnalit\u00e9s de renom<\/strong><\/h2>\n<p>L'association b\u00e9n\u00e9vole et ind\u00e9pendante <a href=\"https:\/\/www.s-ge.com\/de\/export-award-jury\">Jury<\/a> est compos\u00e9 de personnalit\u00e9s de renom du monde \u00e9conomique, scientifique et m\u00e9diatique suisse : Ralph Siegl (pr\u00e9sident du jury), Stefan Barmettler (r\u00e9dacteur en chef de la Handelszeitung), Martin Naville (CEO Swiss-American Chamber of Commerce), Emanuel Probst (CEO JURA Elektroapparate), Winfried Ruigrok (professeur de management international \u00e0 l'universit\u00e9 de Saint-Gall HSG), Nicola Thibaudeau (CEO et d\u00e9l\u00e9gu\u00e9e du conseil d'administration de MPS Micro Precision Systems), Franziska Tschudi Sauber (CEO et d\u00e9l\u00e9gu\u00e9e du conseil d'administration de Weidmann) et Monika Walser (CEO de Sede).<\/p>\n<p>Le prix permet non seulement aux entreprises de gagner en r\u00e9putation aupr\u00e8s de leurs clients et partenaires et de b\u00e9n\u00e9ficier d'une attention accrue des m\u00e9dias suisses, mais il motive \u00e9galement le personnel et permet de se positionner comme un employeur attrayant. En outre, les finalistes et le gagnant re\u00e7oivent des bons pour le soutien de S-GE dans les affaires d'exportation, par exemple pour une nouvelle entr\u00e9e sur le march\u00e9, une adh\u00e9sion Gold gratuite \u00e0 S-GE pour un an, un troph\u00e9e de la victoire ou un certificat ainsi que des billets gratuits pour le forum du commerce ext\u00e9rieur de S-GE. Ils peuvent \u00e9galement utiliser le label \"Export Award\" ainsi que les films d'image produits sp\u00e9cialement pour eux.<\/p>\n<h2><strong>Les finalistes de l'Export Award 2021<\/strong><\/h2>\n<ul>\n<li><strong>Nispera : une forte croissance \u00e0 l'\u00e9tranger gr\u00e2ce \u00e0 une planification cibl\u00e9e : <\/strong>Fond\u00e9e en 2015, Nispera propose des solutions de donn\u00e9es pour les installations d'\u00e9nergie renouvelable. La plateforme Software-as-a-Service (SaaS) de la start-up zurichoise est d\u00e9j\u00e0 utilis\u00e9e dans plus de 150 installations \u00e9oliennes, 250 installations photovolta\u00efques et 20 centrales hydro\u00e9lectriques dans plus de 25 pays. L'\u00e9quipe internationale, compos\u00e9e de 15 personnes, r\u00e9alise plus de 80 % de son chiffre d'affaires \u00e0 l'\u00e9tranger. L'objectif est de conqu\u00e9rir d'autres march\u00e9s et d'augmenter le chiffre d'affaires \u00e0 l'\u00e9tranger \u00e0 97 %. Pour ce faire, des clients potentiels sont identifi\u00e9s par le Global Head of Sales et trait\u00e9s par l'\u00e9quipe. Avant la pand\u00e9mie de coronavirus, la start-up a en outre particip\u00e9 \u00e0 des \u00e9v\u00e9nements pertinents sur les march\u00e9s cibles. Gr\u00e2ce \u00e0 sa bonne r\u00e9putation, elle profite aujourd'hui largement de la recommandation de clients satisfaits.<\/li>\n<li><strong>Medgate : En route pour l'expansion internationale avec la t\u00e9l\u00e9m\u00e9decine : <\/strong>Medgate est le leader europ\u00e9en de la t\u00e9l\u00e9m\u00e9decine. Fond\u00e9 en 1999, le pionnier b\u00e2lois des soins de sant\u00e9 num\u00e9riques propose aux patients et aux assurances-maladie des soins m\u00e9dicaux complets, ind\u00e9pendamment du lieu o\u00f9 ils se trouvent, et ce 24 heures sur 24. Gr\u00e2ce aux consultations par application, t\u00e9l\u00e9phone, vid\u00e9o et chat, les visites inutiles chez le m\u00e9decin peuvent \u00eatre \u00e9vit\u00e9es et la qualit\u00e9 des soins m\u00e9dicaux est maintenue \u00e0 un niveau \u00e9lev\u00e9. Depuis 2014, l'entreprise b\u00e2loise est en pleine expansion et, outre la Suisse, elle est \u00e9galement pr\u00e9sente aux EAU, aux Philippines, en Inde et en Allemagne. En tant que marque de t\u00e9l\u00e9m\u00e9decine la plus connue et la plus fiable en Suisse, il est maintenant temps de faire avancer la strat\u00e9gie d'expansion \u00e0 l'\u00e9tranger et de conqu\u00e9rir d'autres march\u00e9s.<\/li>\n<li><strong>Penergetic International : Exportation dans plus de 35 pays : <\/strong>Penergetic a d\u00e9velopp\u00e9 une technologie qui permet une utilisation efficace et optimale des ressources naturelles dans l'agriculture. Cela se traduit par un meilleur \u00e9levage, une culture de plantes \u00e0 haut rendement, un sol fertile et une valorisation du lisier et du compost. L'entreprise familiale thurgovienne en plein essor, \u00e2g\u00e9e de 20 ans, est pr\u00e9sente dans plus de 35 pays et affiche un taux d'exportation de 95 %. La commercialisation complexe sur place est g\u00e9n\u00e9ralement assur\u00e9e par des partenaires de distribution exclusifs. Ils disposent du savoir-faire local et d'un r\u00e9seau dans le domaine de l'agriculture. L'objectif est de poursuivre la croissance nationale et internationale en augmentant les volumes de vente sur les march\u00e9s existants et en d\u00e9veloppant le r\u00e9seau de partenaires.<\/li>\n<\/ul>\n<p><em>Source et informations compl\u00e9mentaires : <a href=\"https:\/\/www.s-ge.com\/de\">Switzerland Global Enterprise S-GE<\/a><\/em><\/p>","protected":false},"excerpt":{"rendered":"<p>Mit dem Export Award zeichnet Switzerland Global Enterprise (S-GE) jeweils erfolgreiche, international t\u00e4tige Unternehmen aus, deren Expansionsstrategie und konsequente Umsetzung \u00fcberzeugen. Ins Finale f\u00fcr den Export Award 2021 geschafft haben es das Z\u00fcrcher Start-up Nispera (Datenl\u00f6sungen f\u00fcr erneuerbare Energieanlagen), der Basler Telemedizinanbieter Medgate und das Thurgauer Familienunternehmen Penergetic (\u00f6kologische und \u00f6konomische Landwirtschaft). Welches der drei [&hellip;]<\/p>\n","protected":false},"author":4,"featured_media":8182,"comment_status":"closed","ping_status":"closed","sticky":false,"template":"","format":"standard","meta":{"_acf_changed":false,"_yoast_wpseo_focuskw":"Export Award 2021","_yoast_wpseo_metadesc":"Mit dem Export Award 2021 werden am 30. September drei Unternehmen ausgezeichnet, die ihre Produkte oder Dienstleistungen erfolgreich im Ausland vertreiben.","articlekey":"","footnotes":""},"categories":[28],"tags":[63,66,189,335,492],"class_list":["post-8181","post","type-post","status-publish","format-standard","has-post-thumbnail","hentry","category-management","tag-aussenwirtschaft","tag-awards","tag-export","tag-management-und-unternehmensfuehrung","tag-unternehmen"],"acf":[],"yoast_head":"<!-- This site is optimized with the Yoast SEO plugin v27.5 - https:\/\/yoast.com\/product\/yoast-seo-wordpress\/ -->\n<title>Export Award 2021: Diese 3 innovativen Unternehmen sind nominiert - Organisator<\/title>\n<meta name=\"description\" content=\"Mit dem Export Award 2021 werden am 30. September drei Unternehmen ausgezeichnet, die ihre Produkte oder Dienstleistungen erfolgreich im Ausland vertreiben.\" \/>\n<meta name=\"robots\" content=\"index, follow, max-snippet:-1, max-image-preview:large, max-video-preview:-1\" \/>\n<link rel=\"canonical\" href=\"https:\/\/www.organisator.ch\/fr\/gestion-2\/2021-06-23\/export-award-2021-diese-3-innovativen-unternehmen-sind-nominiert\/\" \/>\n<meta property=\"og:locale\" content=\"fr_FR\" \/>\n<meta property=\"og:type\" content=\"article\" \/>\n<meta property=\"og:title\" content=\"Export Award 2021: Diese 3 innovativen Unternehmen sind nominiert\" \/>\n<meta property=\"og:description\" content=\"Mit dem Export Award 2021 werden am 30. September drei Unternehmen ausgezeichnet, die ihre Produkte oder Dienstleistungen erfolgreich im Ausland vertreiben.\" \/>\n<meta property=\"og:url\" content=\"https:\/\/www.organisator.ch\/fr\/gestion-2\/2021-06-23\/export-award-2021-diese-3-innovativen-unternehmen-sind-nominiert\/\" \/>\n<meta property=\"og:site_name\" content=\"Organisator\" \/>\n<meta property=\"article:publisher\" content=\"https:\/\/www.facebook.com\/OrganisatorFachmagazin\" \/>\n<meta property=\"article:published_time\" content=\"2021-06-23T15:10:09+00:00\" \/>\n<meta property=\"og:image\" content=\"https:\/\/www.organisator.ch\/wp-content\/uploads\/2021\/06\/Export-Award-2021-Diese-3-innovativen-Unternehmen-sind-nominiert_Organisator.jpg\" \/>\n\t<meta property=\"og:image:width\" content=\"680\" \/>\n\t<meta property=\"og:image:height\" content=\"304\" \/>\n\t<meta property=\"og:image:type\" content=\"image\/jpeg\" \/>\n<meta name=\"author\" content=\"thomas.berner\" \/>\n<meta name=\"twitter:card\" content=\"summary_large_image\" \/>\n<meta name=\"twitter:title\" content=\"#ExportAward 2021: Diese 3 innovativen Unternehmen sind nominiert\" \/>\n<meta name=\"twitter:description\" content=\"Mit dem #ExportAward 2021 werden am 30. September drei Unternehmen ausgezeichnet, die ihre Produkte oder Dienstleistungen erfolgreich im Ausland vertreiben.\" \/>\n<meta name=\"twitter:image\" content=\"https:\/\/www.organisator.ch\/wp-content\/uploads\/2021\/06\/Export-Award-2021-Diese-3-innovativen-Unternehmen-sind-nominiert_Organisator.jpg\" \/>\n<script type=\"application\/ld+json\" class=\"yoast-schema-graph\">{\"@context\":\"https:\\\/\\\/schema.org\",\"@graph\":[{\"@type\":\"Article\",\"@id\":\"https:\\\/\\\/www.organisator.ch\\\/management\\\/2021-06-23\\\/export-award-2021-diese-3-innovativen-unternehmen-sind-nominiert\\\/#article\",\"isPartOf\":{\"@id\":\"https:\\\/\\\/www.organisator.ch\\\/management\\\/2021-06-23\\\/export-award-2021-diese-3-innovativen-unternehmen-sind-nominiert\\\/\"},\"author\":{\"name\":\"thomas.berner\",\"@id\":\"https:\\\/\\\/www.organisator.ch\\\/#\\\/schema\\\/person\\\/6f650f90b2842cd4c0cc334b4e36f67e\"},\"headline\":\"Export Award 2021: Diese 3 innovativen Unternehmen sind nominiert\",\"datePublished\":\"2021-06-23T15:10:09+00:00\",\"mainEntityOfPage\":{\"@id\":\"https:\\\/\\\/www.organisator.ch\\\/management\\\/2021-06-23\\\/export-award-2021-diese-3-innovativen-unternehmen-sind-nominiert\\\/\"},\"wordCount\":654,\"publisher\":{\"@id\":\"https:\\\/\\\/www.organisator.ch\\\/#organization\"},\"image\":{\"@id\":\"https:\\\/\\\/www.organisator.ch\\\/management\\\/2021-06-23\\\/export-award-2021-diese-3-innovativen-unternehmen-sind-nominiert\\\/#primaryimage\"},\"thumbnailUrl\":\"https:\\\/\\\/www.organisator.ch\\\/wp-content\\\/uploads\\\/2021\\\/06\\\/Export-Award-2021-Diese-3-innovativen-Unternehmen-sind-nominiert_Organisator.jpg\",\"keywords\":[\"Aussenwirtschaft\",\"Awards\",\"Export\",\"Management und Unternehmensf\u00fchrung\",\"Unternehmen\"],\"articleSection\":[\"MANAGEMENT\"],\"inLanguage\":\"fr-FR\"},{\"@type\":\"WebPage\",\"@id\":\"https:\\\/\\\/www.organisator.ch\\\/management\\\/2021-06-23\\\/export-award-2021-diese-3-innovativen-unternehmen-sind-nominiert\\\/\",\"url\":\"https:\\\/\\\/www.organisator.ch\\\/management\\\/2021-06-23\\\/export-award-2021-diese-3-innovativen-unternehmen-sind-nominiert\\\/\",\"name\":\"Export Award 2021: Diese 3 innovativen Unternehmen sind nominiert - Organisator\",\"isPartOf\":{\"@id\":\"https:\\\/\\\/www.organisator.ch\\\/#website\"},\"primaryImageOfPage\":{\"@id\":\"https:\\\/\\\/www.organisator.ch\\\/management\\\/2021-06-23\\\/export-award-2021-diese-3-innovativen-unternehmen-sind-nominiert\\\/#primaryimage\"},\"image\":{\"@id\":\"https:\\\/\\\/www.organisator.ch\\\/management\\\/2021-06-23\\\/export-award-2021-diese-3-innovativen-unternehmen-sind-nominiert\\\/#primaryimage\"},\"thumbnailUrl\":\"https:\\\/\\\/www.organisator.ch\\\/wp-content\\\/uploads\\\/2021\\\/06\\\/Export-Award-2021-Diese-3-innovativen-Unternehmen-sind-nominiert_Organisator.jpg\",\"datePublished\":\"2021-06-23T15:10:09+00:00\",\"description\":\"Mit dem Export Award 2021 werden am 30. September drei Unternehmen ausgezeichnet, die ihre Produkte oder Dienstleistungen erfolgreich im Ausland vertreiben.\",\"breadcrumb\":{\"@id\":\"https:\\\/\\\/www.organisator.ch\\\/management\\\/2021-06-23\\\/export-award-2021-diese-3-innovativen-unternehmen-sind-nominiert\\\/#breadcrumb\"},\"inLanguage\":\"fr-FR\",\"potentialAction\":[{\"@type\":\"ReadAction\",\"target\":[\"https:\\\/\\\/www.organisator.ch\\\/management\\\/2021-06-23\\\/export-award-2021-diese-3-innovativen-unternehmen-sind-nominiert\\\/\"]}]},{\"@type\":\"ImageObject\",\"inLanguage\":\"fr-FR\",\"@id\":\"https:\\\/\\\/www.organisator.ch\\\/management\\\/2021-06-23\\\/export-award-2021-diese-3-innovativen-unternehmen-sind-nominiert\\\/#primaryimage\",\"url\":\"https:\\\/\\\/www.organisator.ch\\\/wp-content\\\/uploads\\\/2021\\\/06\\\/Export-Award-2021-Diese-3-innovativen-Unternehmen-sind-nominiert_Organisator.jpg\",\"contentUrl\":\"https:\\\/\\\/www.organisator.ch\\\/wp-content\\\/uploads\\\/2021\\\/06\\\/Export-Award-2021-Diese-3-innovativen-Unternehmen-sind-nominiert_Organisator.jpg\",\"width\":680,\"height\":304,\"caption\":\"Wer gewinnt den Export Award 2021? Drei Unternehmen stehen im Final. (Bild: S-GE)\"},{\"@type\":\"BreadcrumbList\",\"@id\":\"https:\\\/\\\/www.organisator.ch\\\/management\\\/2021-06-23\\\/export-award-2021-diese-3-innovativen-unternehmen-sind-nominiert\\\/#breadcrumb\",\"itemListElement\":[{\"@type\":\"ListItem\",\"position\":1,\"name\":\"Home\",\"item\":\"https:\\\/\\\/www.organisator.ch\\\/\"},{\"@type\":\"ListItem\",\"position\":2,\"name\":\"Export Award 2021: Diese 3 innovativen Unternehmen sind nominiert\"}]},{\"@type\":\"WebSite\",\"@id\":\"https:\\\/\\\/www.organisator.ch\\\/#website\",\"url\":\"https:\\\/\\\/www.organisator.ch\\\/\",\"name\":\"Organisator\",\"description\":\"Kompetent. Praxisnah. Der ORGANISATOR bereitet in 10 Ausgaben pro Jahr die wesentlichen Themen f\u00fcr F\u00fchrungskr\u00e4fte von KMU auf.\",\"publisher\":{\"@id\":\"https:\\\/\\\/www.organisator.ch\\\/#organization\"},\"potentialAction\":[{\"@type\":\"SearchAction\",\"target\":{\"@type\":\"EntryPoint\",\"urlTemplate\":\"https:\\\/\\\/www.organisator.ch\\\/?s={search_term_string}\"},\"query-input\":{\"@type\":\"PropertyValueSpecification\",\"valueRequired\":true,\"valueName\":\"search_term_string\"}}],\"inLanguage\":\"fr-FR\"},{\"@type\":\"Organization\",\"@id\":\"https:\\\/\\\/www.organisator.ch\\\/#organization\",\"name\":\"Organisator\",\"url\":\"https:\\\/\\\/www.organisator.ch\\\/\",\"logo\":{\"@type\":\"ImageObject\",\"inLanguage\":\"fr-FR\",\"@id\":\"https:\\\/\\\/www.organisator.ch\\\/#\\\/schema\\\/logo\\\/image\\\/\",\"url\":\"https:\\\/\\\/www.organisator.ch\\\/wp-content\\\/uploads\\\/2022\\\/01\\\/Logo_Organisator_Website.png\",\"contentUrl\":\"https:\\\/\\\/www.organisator.ch\\\/wp-content\\\/uploads\\\/2022\\\/01\\\/Logo_Organisator_Website.png\",\"width\":800,\"height\":77,\"caption\":\"Organisator\"},\"image\":{\"@id\":\"https:\\\/\\\/www.organisator.ch\\\/#\\\/schema\\\/logo\\\/image\\\/\"},\"sameAs\":[\"https:\\\/\\\/www.facebook.com\\\/OrganisatorFachmagazin\",\"https:\\\/\\\/www.linkedin.com\\\/showcase\\\/organisator-das-magazin-fr-kmu\",\"https:\\\/\\\/www.xing.com\\\/news\\\/pages\\\/organisator-ch-695\",\"https:\\\/\\\/www.youtube.com\\\/channel\\\/UCGP2Sq0iWaZwT3BdIAQFYpw\"]},{\"@type\":\"Person\",\"@id\":\"https:\\\/\\\/www.organisator.ch\\\/#\\\/schema\\\/person\\\/6f650f90b2842cd4c0cc334b4e36f67e\",\"name\":\"thomas.berner\",\"image\":{\"@type\":\"ImageObject\",\"inLanguage\":\"fr-FR\",\"@id\":\"https:\\\/\\\/secure.gravatar.com\\\/avatar\\\/ac5001d2a36cb6c6cd3e50789007ffca834b477b74a2144564522e944eabff61?s=96&d=mm&r=g\",\"url\":\"https:\\\/\\\/secure.gravatar.com\\\/avatar\\\/ac5001d2a36cb6c6cd3e50789007ffca834b477b74a2144564522e944eabff61?s=96&d=mm&r=g\",\"contentUrl\":\"https:\\\/\\\/secure.gravatar.com\\\/avatar\\\/ac5001d2a36cb6c6cd3e50789007ffca834b477b74a2144564522e944eabff61?s=96&d=mm&r=g\",\"caption\":\"thomas.berner\"},\"url\":\"https:\\\/\\\/www.organisator.ch\\\/fr\\\/author\\\/thomas-berner\\\/\"}]}<\/script>\n<!-- \/ Yoast SEO plugin. -->","yoast_head_json":{"title":"Export Award 2021 : ces 3 entreprises innovantes sont nomin\u00e9es - Organisateur","description":"L'Export Award 2021 sera d\u00e9cern\u00e9 le 30 septembre \u00e0 trois entreprises qui ont r\u00e9ussi \u00e0 vendre leurs produits ou services \u00e0 l'\u00e9tranger.","robots":{"index":"index","follow":"follow","max-snippet":"max-snippet:-1","max-image-preview":"max-image-preview:large","max-video-preview":"max-video-preview:-1"},"canonical":"https:\/\/www.organisator.ch\/fr\/gestion-2\/2021-06-23\/export-award-2021-diese-3-innovativen-unternehmen-sind-nominiert\/","og_locale":"fr_FR","og_type":"article","og_title":"Export Award 2021: Diese 3 innovativen Unternehmen sind nominiert","og_description":"Mit dem Export Award 2021 werden am 30. September drei Unternehmen ausgezeichnet, die ihre Produkte oder Dienstleistungen erfolgreich im Ausland vertreiben.","og_url":"https:\/\/www.organisator.ch\/fr\/gestion-2\/2021-06-23\/export-award-2021-diese-3-innovativen-unternehmen-sind-nominiert\/","og_site_name":"Organisator","article_publisher":"https:\/\/www.facebook.com\/OrganisatorFachmagazin","article_published_time":"2021-06-23T15:10:09+00:00","og_image":[{"width":680,"height":304,"url":"https:\/\/www.organisator.ch\/wp-content\/uploads\/2021\/06\/Export-Award-2021-Diese-3-innovativen-Unternehmen-sind-nominiert_Organisator.jpg","type":"image\/jpeg"}],"author":"thomas.berner","twitter_card":"summary_large_image","twitter_title":"#ExportAward 2021: Diese 3 innovativen Unternehmen sind nominiert","twitter_description":"Mit dem #ExportAward 2021 werden am 30. September drei Unternehmen ausgezeichnet, die ihre Produkte oder Dienstleistungen erfolgreich im Ausland vertreiben.","twitter_image":"https:\/\/www.organisator.ch\/wp-content\/uploads\/2021\/06\/Export-Award-2021-Diese-3-innovativen-Unternehmen-sind-nominiert_Organisator.jpg","schema":{"@context":"https:\/\/schema.org","@graph":[{"@type":"Article","@id":"https:\/\/www.organisator.ch\/management\/2021-06-23\/export-award-2021-diese-3-innovativen-unternehmen-sind-nominiert\/#article","isPartOf":{"@id":"https:\/\/www.organisator.ch\/management\/2021-06-23\/export-award-2021-diese-3-innovativen-unternehmen-sind-nominiert\/"},"author":{"name":"thomas.berner","@id":"https:\/\/www.organisator.ch\/#\/schema\/person\/6f650f90b2842cd4c0cc334b4e36f67e"},"headline":"Export Award 2021: Diese 3 innovativen Unternehmen sind nominiert","datePublished":"2021-06-23T15:10:09+00:00","mainEntityOfPage":{"@id":"https:\/\/www.organisator.ch\/management\/2021-06-23\/export-award-2021-diese-3-innovativen-unternehmen-sind-nominiert\/"},"wordCount":654,"publisher":{"@id":"https:\/\/www.organisator.ch\/#organization"},"image":{"@id":"https:\/\/www.organisator.ch\/management\/2021-06-23\/export-award-2021-diese-3-innovativen-unternehmen-sind-nominiert\/#primaryimage"},"thumbnailUrl":"https:\/\/www.organisator.ch\/wp-content\/uploads\/2021\/06\/Export-Award-2021-Diese-3-innovativen-Unternehmen-sind-nominiert_Organisator.jpg","keywords":["Aussenwirtschaft","Awards","Export","Management und Unternehmensf\u00fchrung","Unternehmen"],"articleSection":["MANAGEMENT"],"inLanguage":"fr-FR"},{"@type":"WebPage","@id":"https:\/\/www.organisator.ch\/management\/2021-06-23\/export-award-2021-diese-3-innovativen-unternehmen-sind-nominiert\/","url":"https:\/\/www.organisator.ch\/management\/2021-06-23\/export-award-2021-diese-3-innovativen-unternehmen-sind-nominiert\/","name":"Export Award 2021 : ces 3 entreprises innovantes sont nomin\u00e9es - Organisateur","isPartOf":{"@id":"https:\/\/www.organisator.ch\/#website"},"primaryImageOfPage":{"@id":"https:\/\/www.organisator.ch\/management\/2021-06-23\/export-award-2021-diese-3-innovativen-unternehmen-sind-nominiert\/#primaryimage"},"image":{"@id":"https:\/\/www.organisator.ch\/management\/2021-06-23\/export-award-2021-diese-3-innovativen-unternehmen-sind-nominiert\/#primaryimage"},"thumbnailUrl":"https:\/\/www.organisator.ch\/wp-content\/uploads\/2021\/06\/Export-Award-2021-Diese-3-innovativen-Unternehmen-sind-nominiert_Organisator.jpg","datePublished":"2021-06-23T15:10:09+00:00","description":"L'Export Award 2021 sera d\u00e9cern\u00e9 le 30 septembre \u00e0 trois entreprises qui ont r\u00e9ussi \u00e0 vendre leurs produits ou services \u00e0 l'\u00e9tranger.","breadcrumb":{"@id":"https:\/\/www.organisator.ch\/management\/2021-06-23\/export-award-2021-diese-3-innovativen-unternehmen-sind-nominiert\/#breadcrumb"},"inLanguage":"fr-FR","potentialAction":[{"@type":"ReadAction","target":["https:\/\/www.organisator.ch\/management\/2021-06-23\/export-award-2021-diese-3-innovativen-unternehmen-sind-nominiert\/"]}]},{"@type":"ImageObject","inLanguage":"fr-FR","@id":"https:\/\/www.organisator.ch\/management\/2021-06-23\/export-award-2021-diese-3-innovativen-unternehmen-sind-nominiert\/#primaryimage","url":"https:\/\/www.organisator.ch\/wp-content\/uploads\/2021\/06\/Export-Award-2021-Diese-3-innovativen-Unternehmen-sind-nominiert_Organisator.jpg","contentUrl":"https:\/\/www.organisator.ch\/wp-content\/uploads\/2021\/06\/Export-Award-2021-Diese-3-innovativen-Unternehmen-sind-nominiert_Organisator.jpg","width":680,"height":304,"caption":"Wer gewinnt den Export Award 2021? Drei Unternehmen stehen im Final. (Bild: S-GE)"},{"@type":"BreadcrumbList","@id":"https:\/\/www.organisator.ch\/management\/2021-06-23\/export-award-2021-diese-3-innovativen-unternehmen-sind-nominiert\/#breadcrumb","itemListElement":[{"@type":"ListItem","position":1,"name":"Home","item":"https:\/\/www.organisator.ch\/"},{"@type":"ListItem","position":2,"name":"Export Award 2021: Diese 3 innovativen Unternehmen sind nominiert"}]},{"@type":"WebSite","@id":"https:\/\/www.organisator.ch\/#website","url":"https:\/\/www.organisator.ch\/","name":"Organisateur","description":"Comp\u00e9tence et comp\u00e9tence. Proches de la pratique. L'ORGANISATEUR pr\u00e9pare 10 num\u00e9ros par an sur les th\u00e8mes essentiels pour les dirigeants de PME.","publisher":{"@id":"https:\/\/www.organisator.ch\/#organization"},"potentialAction":[{"@type":"SearchAction","target":{"@type":"EntryPoint","urlTemplate":"https:\/\/www.organisator.ch\/?s={search_term_string}"},"query-input":{"@type":"PropertyValueSpecification","valueRequired":true,"valueName":"search_term_string"}}],"inLanguage":"fr-FR"},{"@type":"Organization","@id":"https:\/\/www.organisator.ch\/#organization","name":"Organisateur","url":"https:\/\/www.organisator.ch\/","logo":{"@type":"ImageObject","inLanguage":"fr-FR","@id":"https:\/\/www.organisator.ch\/#\/schema\/logo\/image\/","url":"https:\/\/www.organisator.ch\/wp-content\/uploads\/2022\/01\/Logo_Organisator_Website.png","contentUrl":"https:\/\/www.organisator.ch\/wp-content\/uploads\/2022\/01\/Logo_Organisator_Website.png","width":800,"height":77,"caption":"Organisator"},"image":{"@id":"https:\/\/www.organisator.ch\/#\/schema\/logo\/image\/"},"sameAs":["https:\/\/www.facebook.com\/OrganisatorFachmagazin","https:\/\/www.linkedin.com\/showcase\/organisator-das-magazin-fr-kmu","https:\/\/www.xing.com\/news\/pages\/organisator-ch-695","https:\/\/www.youtube.com\/channel\/UCGP2Sq0iWaZwT3BdIAQFYpw"]},{"@type":"Person","@id":"https:\/\/www.organisator.ch\/#\/schema\/person\/6f650f90b2842cd4c0cc334b4e36f67e","name":"thomas.berner","image":{"@type":"ImageObject","inLanguage":"fr-FR","@id":"https:\/\/secure.gravatar.com\/avatar\/ac5001d2a36cb6c6cd3e50789007ffca834b477b74a2144564522e944eabff61?s=96&d=mm&r=g","url":"https:\/\/secure.gravatar.com\/avatar\/ac5001d2a36cb6c6cd3e50789007ffca834b477b74a2144564522e944eabff61?s=96&d=mm&r=g","contentUrl":"https:\/\/secure.gravatar.com\/avatar\/ac5001d2a36cb6c6cd3e50789007ffca834b477b74a2144564522e944eabff61?s=96&d=mm&r=g","caption":"thomas.berner"},"url":"https:\/\/www.organisator.ch\/fr\/author\/thomas-berner\/"}]}},"_links":{"self":[{"href":"https:\/\/www.organisator.ch\/fr\/wp-json\/wp\/v2\/posts\/8181","targetHints":{"allow":["GET"]}}],"collection":[{"href":"https:\/\/www.organisator.ch\/fr\/wp-json\/wp\/v2\/posts"}],"about":[{"href":"https:\/\/www.organisator.ch\/fr\/wp-json\/wp\/v2\/types\/post"}],"author":[{"embeddable":true,"href":"https:\/\/www.organisator.ch\/fr\/wp-json\/wp\/v2\/users\/4"}],"replies":[{"embeddable":true,"href":"https:\/\/www.organisator.ch\/fr\/wp-json\/wp\/v2\/comments?post=8181"}],"version-history":[{"count":0,"href":"https:\/\/www.organisator.ch\/fr\/wp-json\/wp\/v2\/posts\/8181\/revisions"}],"wp:featuredmedia":[{"embeddable":true,"href":"https:\/\/www.organisator.ch\/fr\/wp-json\/wp\/v2\/media\/8182"}],"wp:attachment":[{"href":"https:\/\/www.organisator.ch\/fr\/wp-json\/wp\/v2\/media?parent=8181"}],"wp:term":[{"taxonomy":"category","embeddable":true,"href":"https:\/\/www.organisator.ch\/fr\/wp-json\/wp\/v2\/categories?post=8181"},{"taxonomy":"post_tag","embeddable":true,"href":"https:\/\/www.organisator.ch\/fr\/wp-json\/wp\/v2\/tags?post=8181"}],"curies":[{"name":"wp","href":"https:\/\/api.w.org\/{rel}","templated":true}]}}