{"id":8234,"date":"2021-07-05T08:28:52","date_gmt":"2021-07-05T06:28:52","guid":{"rendered":"https:\/\/www.organisator.ch\/?p=8234"},"modified":"2021-07-05T08:28:52","modified_gmt":"2021-07-05T06:28:52","slug":"schweizer-kunststoffindustrie-trotz-pandemie-umsatz-von-chf-144-mrd-erzielt","status":"publish","type":"post","link":"https:\/\/www.organisator.ch\/fr\/allgemein\/2021-07-05\/schweizer-kunststoffindustrie-trotz-pandemie-umsatz-von-chf-144-mrd-erzielt\/","title":{"rendered":"Industrie suisse des mati\u00e8res plastiques : malgr\u00e9 la pand\u00e9mie, un chiffre d'affaires de CHF 14,4 milliards a \u00e9t\u00e9 r\u00e9alis\u00e9"},"content":{"rendered":"<figure id=\"attachment_8235\" aria-describedby=\"caption-attachment-8235\" style=\"width: 680px\" class=\"wp-caption alignnone\"><a href=\"https:\/\/www.organisator.ch\/wp-content\/uploads\/2021\/07\/Schweizer-Kunststoffindustrie-Trotz-Pandemie-Umsatz-von-CHF-144-Mrd.-erzielt-_Organisator.jpg\"><img loading=\"lazy\" decoding=\"async\" class=\"size-medium wp-image-8235\" src=\"https:\/\/www.organisator.ch\/wp-content\/uploads\/2021\/07\/Schweizer-Kunststoffindustrie-Trotz-Pandemie-Umsatz-von-CHF-144-Mrd.-erzielt-_Organisator.jpg\" alt=\"\" width=\"680\" height=\"510\" srcset=\"https:\/\/www.organisator.ch\/wp-content\/uploads\/2021\/07\/Schweizer-Kunststoffindustrie-Trotz-Pandemie-Umsatz-von-CHF-144-Mrd.-erzielt-_Organisator.jpg 680w, https:\/\/www.organisator.ch\/wp-content\/uploads\/2021\/07\/Schweizer-Kunststoffindustrie-Trotz-Pandemie-Umsatz-von-CHF-144-Mrd.-erzielt-_Organisator-16x12.jpg 16w, https:\/\/www.organisator.ch\/wp-content\/uploads\/2021\/07\/Schweizer-Kunststoffindustrie-Trotz-Pandemie-Umsatz-von-CHF-144-Mrd.-erzielt-_Organisator-233x175.jpg 233w, https:\/\/www.organisator.ch\/wp-content\/uploads\/2021\/07\/Schweizer-Kunststoffindustrie-Trotz-Pandemie-Umsatz-von-CHF-144-Mrd.-erzielt-_Organisator-467x350.jpg 467w, https:\/\/www.organisator.ch\/wp-content\/uploads\/2021\/07\/Schweizer-Kunststoffindustrie-Trotz-Pandemie-Umsatz-von-CHF-144-Mrd.-erzielt-_Organisator-300x225.jpg 300w\" sizes=\"auto, (max-width: 680px) 100vw, 680px\" \/><\/a><figcaption id=\"caption-attachment-8235\" class=\"wp-caption-text\">L'industrie suisse des mati\u00e8res plastiques s'est bien comport\u00e9e en 2020, ann\u00e9e de la pand\u00e9mie. En illustration : des polym\u00e8res granul\u00e9s avant leur transformation. (Image : Pixabay.com)<\/figcaption><\/figure>\n<p>L'industrie suisse des mati\u00e8res plastiques se caract\u00e9rise majoritairement par des PME comptant en moyenne 10 \u00e0 40 collaborateurs. Cette branche pr\u00e9sente donc une composition typiquement suisse. La branche se compose d'environ 800 entreprises employant au total 33000 personnes. Les entreprises de la branche sont regroup\u00e9es au sein de l'association fa\u00eeti\u00e8re KUNSTSTOFF.swiss. Mais celle-ci comprend \u00e9galement des entreprises mondiales agissant \u00e0 l'\u00e9chelle mondiale comme EMS Chemie, Sika, Geberit ou Georg Fischer, pour n'en citer que quelques-unes.<\/p>\n<h2>Faible baisse du chiffre d'affaires, ce qui est r\u00e9jouissant<\/h2>\n<p>Chaque ann\u00e9e, l'association professionnelle de l'industrie suisse des mati\u00e8res plastiques collecte ses donn\u00e9es \u00e9conomiques. Les chiffres pr\u00e9sent\u00e9s r\u00e9cemment donnent une impression r\u00e9jouissante : la branche semble avoir plut\u00f4t bien travers\u00e9 la crise due \u00e0 la pand\u00e9mie. En 2020, elle a ainsi r\u00e9alis\u00e9 un chiffre d'affaires de 14,4 milliards de francs. C'est seulement 5 pour cent de moins que l'ann\u00e9e pr\u00e9c\u00e9dente. Le pr\u00e9sident de l'association Silvio Ponti et le directeur Kurt R\u00f6schli se sont donc montr\u00e9s satisfaits : \"L'une des raisons en est certainement la gestion flexible de la crise par les entreprises et la demande ininterrompue de mati\u00e8res plastiques au moment m\u00eame o\u00f9 l'hygi\u00e8ne devient le th\u00e8me principal, car le plastique prot\u00e8ge\", a soulign\u00e9 Silvio Ponti.<\/p>\n<h2>Gagnants et perdants de l'industrie suisse des mati\u00e8res plastiques<\/h2>\n<p>La plus grande tranche du chiffre d'affaires de la branche - environ 67% - provient de la transformation des mati\u00e8res plastiques. Le recul du chiffre d'affaires y est marginal, avec 1%. Chez les n\u00e9gociants en mati\u00e8res premi\u00e8res, le recul du chiffre d'affaires s'\u00e9l\u00e8ve \u00e0 pr\u00e8s de 8% et refl\u00e8te les prix encore tr\u00e8s bas \u00e0 l'\u00e9poque. Selon l'enqu\u00eate, ce sont les fournisseurs de machines et de p\u00e9riph\u00e9riques qui ont le plus perdu, avec un peu plus de 30%. Cela montre de mani\u00e8re impressionnante \u00e0 quel point les transformateurs se sont comport\u00e9s en mati\u00e8re d'investissements et les ont imm\u00e9diatement r\u00e9duits par respect pour la crise.<\/p>\n<p>Bien entendu, il y a aussi des gagnants : parmi eux, les entreprises qui fabriquaient des cloisons en plexiglas. Elles ont connu un essor massif d'environ 60% et ont parfois eu du mal \u00e0 livrer en raison de la demande soudaine. Les fabricants de composants d'appareils respiratoires et de r\u00e9cipients de d\u00e9sinfectants n'ont pu r\u00e9pondre \u00e0 la demande massive qu'en travaillant en \u00e9quipes suppl\u00e9mentaires. Les fabricants et les distributeurs de masques - les masques sont eux aussi en grande partie constitu\u00e9s de mati\u00e8res plastiques - ont connu une ascension fulgurante.<\/p>\n<h2>Emballage et construction : les plastiques prot\u00e8gent le climat<\/h2>\n<p>Avec une part d'environ 40% chacun, les segments de l'emballage et de la construction restent les domaines dans lesquels les plastiques sont le plus utilis\u00e9s. Les plastiques contribuent ici largement \u00e0 la protection du climat. Ils isolent, \u00e9conomisent l'\u00e9nergie et r\u00e9duisent le gaspillage alimentaire. L'utilisation du plastique permet d'all\u00e9ger les moyens de transport, qui consomment ainsi moins de carburant. L'isolation (principalement en plastique) des b\u00e2timents permet de r\u00e9duire les besoins en chauffage. Gr\u00e2ce \u00e0 des emballages plastiques appropri\u00e9s, les aliments se conservent plus longtemps, et il faut produire moins et jeter moins. Cela contribue \u00e9galement \u00e0 la protection du climat. L'emballage ne repr\u00e9sente d'ailleurs que 1,5 \u00e0 2% de l'empreinte carbone du produit emball\u00e9.<\/p>\n<p>Les chiffres de l'association sectorielle montrent en outre que l'utilisation de mati\u00e8res recycl\u00e9es passe de 8% (2019) \u00e0 14% en 2020. Cela est d\u00fb \u00e0 l'am\u00e9lioration des processus de production et \u00e0 l'attention port\u00e9e par les entreprises au recyclage. Dans certaines entreprises du secteur de la logistique et de la construction, des proportions d'environ 30% de mat\u00e9riaux recycl\u00e9s sont tout \u00e0 fait \u00e0 l'ordre du jour, ce qui souligne une fois de plus la capacit\u00e9 de recyclage des mati\u00e8res plastiques.<\/p>\n<h2>La main-d'\u0153uvre qualifi\u00e9e et la place industrielle suisse<\/h2>\n<p>Bien que le nombre d'entreprises (743) ait diminu\u00e9 par rapport \u00e0 l'ann\u00e9e pr\u00e9c\u00e9dente (854), le nombre de collaborateurs (33 029 contre 33 935) est rest\u00e9 stable, comme l'indique KUNSTSTOFF.swiss. D'autant plus que, comme l'a soulign\u00e9 le pr\u00e9sident Silvio Ponti, cela n'est pas principalement d\u00fb \u00e0 la crise, mais bien plus au manque de personnel qualifi\u00e9. Le directeur Kurt R\u00f6schli ajoute : \"La branche offre de nombreuses places de formation attrayantes et prometteuses. En effet, les technologues en mati\u00e8res plastiques sont des sp\u00e9cialistes extr\u00eamement recherch\u00e9s\".<\/p>\n<p>La pand\u00e9mie a montr\u00e9 une fois de plus l'importance de la Suisse en tant que site de production. La proportion de travailleurs qualifi\u00e9s est pass\u00e9e d'un peu plus de 64% \u00e0 pr\u00e8s de 69%, au d\u00e9triment des travailleurs semi-qualifi\u00e9s, dont la proportion a diminu\u00e9. Dans l'ensemble, l'industrie suisse des mati\u00e8res plastiques continue de souffrir d'une importante p\u00e9nurie de main-d'\u0153uvre qualifi\u00e9e. Ainsi, seuls 75 apprentis environ terminent chaque ann\u00e9e leur formation dans les m\u00e9tiers du plastique, alors qu'il y aurait deux fois plus de places de formation.<\/p>\n<p><em>Source : <a href=\"http:\/\/www.kunststoff.swiss\">www.kunststoff.swiss<\/a><\/em><\/p>","protected":false},"excerpt":{"rendered":"<p>Die Schweizer Kunststoffindustrie wird mehrheitlich durch KMU mit durchschnittlich 10 bis 40 Mitarbeitenden gepr\u00e4gt. Damit weist dieser Wirtschaftszweig eine typisch schweizerische Zusammensetzung auf. Die Branche besteht aus rund 800 Unternehmen mit insgesamt 33000 Mitarbeitenden. Die Betriebe der Branche sind im Dachverband KUNSTSTOFF.swiss zusammengeschlossen. Zu diesem geh\u00f6ren aber auch global agierende Weltunternehmen wie EMS Chemie, Sika, [&hellip;]<\/p>\n","protected":false},"author":4,"featured_media":8235,"comment_status":"closed","ping_status":"closed","sticky":false,"template":"","format":"standard","meta":{"_acf_changed":false,"_yoast_wpseo_focuskw":"Schweizer Kunststoffindustrie","_yoast_wpseo_metadesc":"Die Schweizer Kunststoffindustrie ist recht gut durch die pandemiebedingte Krise gekommen. Es kam zu geringen Umsatzeinbussen: 5 Prozent gegen\u00fcber 2019.","articlekey":"","footnotes":""},"categories":[1],"tags":[90,340,503,508],"class_list":["post-8234","post","type-post","status-publish","format-standard","has-post-thumbnail","hentry","category-allgemein","tag-branchen","tag-maerkte","tag-verbaende","tag-vermischtes"],"acf":[],"yoast_head":"<!-- This site is optimized with the Yoast SEO plugin v27.4 - https:\/\/yoast.com\/product\/yoast-seo-wordpress\/ -->\n<title>Schweizer Kunststoffindustrie: Trotz Pandemie Umsatz von CHF 14,4 Mrd. erzielt - Organisator<\/title>\n<meta name=\"description\" content=\"Die Schweizer Kunststoffindustrie ist recht gut durch die pandemiebedingte Krise gekommen. Es kam zu geringen Umsatzeinbussen: 5 Prozent gegen\u00fcber 2019.\" \/>\n<meta name=\"robots\" content=\"index, follow, max-snippet:-1, max-image-preview:large, max-video-preview:-1\" \/>\n<link rel=\"canonical\" href=\"https:\/\/www.organisator.ch\/fr\/general\/2021-07-05\/schweizer-kunststoffindustrie-trotz-pandemie-umsatz-von-chf-144-mrd-erzielt\/\" \/>\n<meta property=\"og:locale\" content=\"fr_FR\" \/>\n<meta property=\"og:type\" content=\"article\" \/>\n<meta property=\"og:title\" content=\"Schweizer Kunststoffindustrie: Trotz Pandemie Umsatz von CHF 14,4 Mrd. erzielt\" \/>\n<meta property=\"og:description\" content=\"Die Schweizer Kunststoffindustrie ist recht gut durch die pandemiebedingte Krise gekommen. Es kam zu geringen Umsatzeinbussen: 5 Prozent gegen\u00fcber 2019.\" \/>\n<meta property=\"og:url\" content=\"https:\/\/www.organisator.ch\/fr\/general\/2021-07-05\/schweizer-kunststoffindustrie-trotz-pandemie-umsatz-von-chf-144-mrd-erzielt\/\" \/>\n<meta property=\"og:site_name\" content=\"Organisator\" \/>\n<meta property=\"article:publisher\" content=\"https:\/\/www.facebook.com\/OrganisatorFachmagazin\" \/>\n<meta property=\"article:published_time\" content=\"2021-07-05T06:28:52+00:00\" \/>\n<meta property=\"og:image\" content=\"https:\/\/www.organisator.ch\/wp-content\/uploads\/2021\/07\/Schweizer-Kunststoffindustrie-Trotz-Pandemie-Umsatz-von-CHF-144-Mrd.-erzielt-_Organisator.jpg\" \/>\n\t<meta property=\"og:image:width\" content=\"680\" \/>\n\t<meta property=\"og:image:height\" content=\"510\" \/>\n\t<meta property=\"og:image:type\" content=\"image\/jpeg\" \/>\n<meta name=\"author\" content=\"thomas.berner\" \/>\n<meta name=\"twitter:card\" content=\"summary_large_image\" \/>\n<meta name=\"twitter:title\" content=\"Schweizer #Kunststoffindustrie: Trotz Pandemie Umsatz von CHF 14,4 Mrd. erzielt\" \/>\n<meta name=\"twitter:description\" content=\"Die Schweizer #Kunststoffindustrie ist recht gut durch die pandemiebedingte Krise gekommen. Es kam zu geringen Umsatzeinbussen: 5 Prozent gegen\u00fcber 2019.\" \/>\n<meta name=\"twitter:image\" content=\"https:\/\/www.organisator.ch\/wp-content\/uploads\/2021\/07\/Schweizer-Kunststoffindustrie-Trotz-Pandemie-Umsatz-von-CHF-144-Mrd.-erzielt-_Organisator.jpg\" \/>\n<script type=\"application\/ld+json\" class=\"yoast-schema-graph\">{\"@context\":\"https:\\\/\\\/schema.org\",\"@graph\":[{\"@type\":\"Article\",\"@id\":\"https:\\\/\\\/www.organisator.ch\\\/it\\\/generale\\\/2021-07-05\\\/schweizer-kunststoffindustrie-trotz-pandemie-umsatz-von-chf-144-mrd-erzielt\\\/#article\",\"isPartOf\":{\"@id\":\"https:\\\/\\\/www.organisator.ch\\\/it\\\/generale\\\/2021-07-05\\\/schweizer-kunststoffindustrie-trotz-pandemie-umsatz-von-chf-144-mrd-erzielt\\\/\"},\"author\":{\"name\":\"thomas.berner\",\"@id\":\"https:\\\/\\\/www.organisator.ch\\\/#\\\/schema\\\/person\\\/6f650f90b2842cd4c0cc334b4e36f67e\"},\"headline\":\"Schweizer Kunststoffindustrie: Trotz Pandemie Umsatz von CHF 14,4 Mrd. erzielt\",\"datePublished\":\"2021-07-05T06:28:52+00:00\",\"mainEntityOfPage\":{\"@id\":\"https:\\\/\\\/www.organisator.ch\\\/it\\\/generale\\\/2021-07-05\\\/schweizer-kunststoffindustrie-trotz-pandemie-umsatz-von-chf-144-mrd-erzielt\\\/\"},\"wordCount\":671,\"publisher\":{\"@id\":\"https:\\\/\\\/www.organisator.ch\\\/#organization\"},\"image\":{\"@id\":\"https:\\\/\\\/www.organisator.ch\\\/it\\\/generale\\\/2021-07-05\\\/schweizer-kunststoffindustrie-trotz-pandemie-umsatz-von-chf-144-mrd-erzielt\\\/#primaryimage\"},\"thumbnailUrl\":\"https:\\\/\\\/www.organisator.ch\\\/wp-content\\\/uploads\\\/2021\\\/07\\\/Schweizer-Kunststoffindustrie-Trotz-Pandemie-Umsatz-von-CHF-144-Mrd.-erzielt-_Organisator.jpg\",\"keywords\":[\"Branchen\",\"M\u00e4rkte\",\"Verb\u00e4nde\",\"Vermischtes\"],\"articleSection\":[\"Allgemein\"],\"inLanguage\":\"fr-FR\"},{\"@type\":\"WebPage\",\"@id\":\"https:\\\/\\\/www.organisator.ch\\\/it\\\/generale\\\/2021-07-05\\\/schweizer-kunststoffindustrie-trotz-pandemie-umsatz-von-chf-144-mrd-erzielt\\\/\",\"url\":\"https:\\\/\\\/www.organisator.ch\\\/it\\\/generale\\\/2021-07-05\\\/schweizer-kunststoffindustrie-trotz-pandemie-umsatz-von-chf-144-mrd-erzielt\\\/\",\"name\":\"Schweizer Kunststoffindustrie: Trotz Pandemie Umsatz von CHF 14,4 Mrd. erzielt - Organisator\",\"isPartOf\":{\"@id\":\"https:\\\/\\\/www.organisator.ch\\\/#website\"},\"primaryImageOfPage\":{\"@id\":\"https:\\\/\\\/www.organisator.ch\\\/it\\\/generale\\\/2021-07-05\\\/schweizer-kunststoffindustrie-trotz-pandemie-umsatz-von-chf-144-mrd-erzielt\\\/#primaryimage\"},\"image\":{\"@id\":\"https:\\\/\\\/www.organisator.ch\\\/it\\\/generale\\\/2021-07-05\\\/schweizer-kunststoffindustrie-trotz-pandemie-umsatz-von-chf-144-mrd-erzielt\\\/#primaryimage\"},\"thumbnailUrl\":\"https:\\\/\\\/www.organisator.ch\\\/wp-content\\\/uploads\\\/2021\\\/07\\\/Schweizer-Kunststoffindustrie-Trotz-Pandemie-Umsatz-von-CHF-144-Mrd.-erzielt-_Organisator.jpg\",\"datePublished\":\"2021-07-05T06:28:52+00:00\",\"description\":\"Die Schweizer Kunststoffindustrie ist recht gut durch die pandemiebedingte Krise gekommen. Es kam zu geringen Umsatzeinbussen: 5 Prozent gegen\u00fcber 2019.\",\"breadcrumb\":{\"@id\":\"https:\\\/\\\/www.organisator.ch\\\/it\\\/generale\\\/2021-07-05\\\/schweizer-kunststoffindustrie-trotz-pandemie-umsatz-von-chf-144-mrd-erzielt\\\/#breadcrumb\"},\"inLanguage\":\"fr-FR\",\"potentialAction\":[{\"@type\":\"ReadAction\",\"target\":[\"https:\\\/\\\/www.organisator.ch\\\/it\\\/generale\\\/2021-07-05\\\/schweizer-kunststoffindustrie-trotz-pandemie-umsatz-von-chf-144-mrd-erzielt\\\/\"]}]},{\"@type\":\"ImageObject\",\"inLanguage\":\"fr-FR\",\"@id\":\"https:\\\/\\\/www.organisator.ch\\\/it\\\/generale\\\/2021-07-05\\\/schweizer-kunststoffindustrie-trotz-pandemie-umsatz-von-chf-144-mrd-erzielt\\\/#primaryimage\",\"url\":\"https:\\\/\\\/www.organisator.ch\\\/wp-content\\\/uploads\\\/2021\\\/07\\\/Schweizer-Kunststoffindustrie-Trotz-Pandemie-Umsatz-von-CHF-144-Mrd.-erzielt-_Organisator.jpg\",\"contentUrl\":\"https:\\\/\\\/www.organisator.ch\\\/wp-content\\\/uploads\\\/2021\\\/07\\\/Schweizer-Kunststoffindustrie-Trotz-Pandemie-Umsatz-von-CHF-144-Mrd.-erzielt-_Organisator.jpg\",\"width\":680,\"height\":510,\"caption\":\"Die Schweizer Kunststoffindustrie hat sich im Pandemiejahr 2020 gut geschlagen. Im Bild: granulierte Polymere vor der Verarbeitung. (Bild: Pixabay.com)\"},{\"@type\":\"BreadcrumbList\",\"@id\":\"https:\\\/\\\/www.organisator.ch\\\/it\\\/generale\\\/2021-07-05\\\/schweizer-kunststoffindustrie-trotz-pandemie-umsatz-von-chf-144-mrd-erzielt\\\/#breadcrumb\",\"itemListElement\":[{\"@type\":\"ListItem\",\"position\":1,\"name\":\"Home\",\"item\":\"https:\\\/\\\/www.organisator.ch\\\/\"},{\"@type\":\"ListItem\",\"position\":2,\"name\":\"Schweizer Kunststoffindustrie: Trotz Pandemie Umsatz von CHF 14,4 Mrd. erzielt\"}]},{\"@type\":\"WebSite\",\"@id\":\"https:\\\/\\\/www.organisator.ch\\\/#website\",\"url\":\"https:\\\/\\\/www.organisator.ch\\\/\",\"name\":\"Organisator\",\"description\":\"Kompetent. Praxisnah. Der ORGANISATOR bereitet in 10 Ausgaben pro Jahr die wesentlichen Themen f\u00fcr F\u00fchrungskr\u00e4fte von KMU auf.\",\"publisher\":{\"@id\":\"https:\\\/\\\/www.organisator.ch\\\/#organization\"},\"potentialAction\":[{\"@type\":\"SearchAction\",\"target\":{\"@type\":\"EntryPoint\",\"urlTemplate\":\"https:\\\/\\\/www.organisator.ch\\\/?s={search_term_string}\"},\"query-input\":{\"@type\":\"PropertyValueSpecification\",\"valueRequired\":true,\"valueName\":\"search_term_string\"}}],\"inLanguage\":\"fr-FR\"},{\"@type\":\"Organization\",\"@id\":\"https:\\\/\\\/www.organisator.ch\\\/#organization\",\"name\":\"Organisator\",\"url\":\"https:\\\/\\\/www.organisator.ch\\\/\",\"logo\":{\"@type\":\"ImageObject\",\"inLanguage\":\"fr-FR\",\"@id\":\"https:\\\/\\\/www.organisator.ch\\\/#\\\/schema\\\/logo\\\/image\\\/\",\"url\":\"https:\\\/\\\/www.organisator.ch\\\/wp-content\\\/uploads\\\/2022\\\/01\\\/Logo_Organisator_Website.png\",\"contentUrl\":\"https:\\\/\\\/www.organisator.ch\\\/wp-content\\\/uploads\\\/2022\\\/01\\\/Logo_Organisator_Website.png\",\"width\":800,\"height\":77,\"caption\":\"Organisator\"},\"image\":{\"@id\":\"https:\\\/\\\/www.organisator.ch\\\/#\\\/schema\\\/logo\\\/image\\\/\"},\"sameAs\":[\"https:\\\/\\\/www.facebook.com\\\/OrganisatorFachmagazin\",\"https:\\\/\\\/www.linkedin.com\\\/showcase\\\/organisator-das-magazin-fr-kmu\",\"https:\\\/\\\/www.xing.com\\\/news\\\/pages\\\/organisator-ch-695\",\"https:\\\/\\\/www.youtube.com\\\/channel\\\/UCGP2Sq0iWaZwT3BdIAQFYpw\"]},{\"@type\":\"Person\",\"@id\":\"https:\\\/\\\/www.organisator.ch\\\/#\\\/schema\\\/person\\\/6f650f90b2842cd4c0cc334b4e36f67e\",\"name\":\"thomas.berner\",\"image\":{\"@type\":\"ImageObject\",\"inLanguage\":\"fr-FR\",\"@id\":\"https:\\\/\\\/secure.gravatar.com\\\/avatar\\\/ac5001d2a36cb6c6cd3e50789007ffca834b477b74a2144564522e944eabff61?s=96&d=mm&r=g\",\"url\":\"https:\\\/\\\/secure.gravatar.com\\\/avatar\\\/ac5001d2a36cb6c6cd3e50789007ffca834b477b74a2144564522e944eabff61?s=96&d=mm&r=g\",\"contentUrl\":\"https:\\\/\\\/secure.gravatar.com\\\/avatar\\\/ac5001d2a36cb6c6cd3e50789007ffca834b477b74a2144564522e944eabff61?s=96&d=mm&r=g\",\"caption\":\"thomas.berner\"},\"url\":\"https:\\\/\\\/www.organisator.ch\\\/fr\\\/author\\\/thomas-berner\\\/\"}]}<\/script>\n<!-- \/ Yoast SEO plugin. -->","yoast_head_json":{"title":"Industrie suisse des mati\u00e8res plastiques : malgr\u00e9 la pand\u00e9mie, chiffre d'affaires de CHF 14,4 milliards - Organisateur","description":"L'industrie suisse des mati\u00e8res plastiques a plut\u00f4t bien travers\u00e9 la crise due \u00e0 la pand\u00e9mie. Elle a enregistr\u00e9 une faible baisse de son chiffre d'affaires : 5 % par rapport \u00e0 2019.","robots":{"index":"index","follow":"follow","max-snippet":"max-snippet:-1","max-image-preview":"max-image-preview:large","max-video-preview":"max-video-preview:-1"},"canonical":"https:\/\/www.organisator.ch\/fr\/general\/2021-07-05\/schweizer-kunststoffindustrie-trotz-pandemie-umsatz-von-chf-144-mrd-erzielt\/","og_locale":"fr_FR","og_type":"article","og_title":"Schweizer Kunststoffindustrie: Trotz Pandemie Umsatz von CHF 14,4 Mrd. erzielt","og_description":"Die Schweizer Kunststoffindustrie ist recht gut durch die pandemiebedingte Krise gekommen. Es kam zu geringen Umsatzeinbussen: 5 Prozent gegen\u00fcber 2019.","og_url":"https:\/\/www.organisator.ch\/fr\/general\/2021-07-05\/schweizer-kunststoffindustrie-trotz-pandemie-umsatz-von-chf-144-mrd-erzielt\/","og_site_name":"Organisator","article_publisher":"https:\/\/www.facebook.com\/OrganisatorFachmagazin","article_published_time":"2021-07-05T06:28:52+00:00","og_image":[{"width":680,"height":510,"url":"https:\/\/www.organisator.ch\/wp-content\/uploads\/2021\/07\/Schweizer-Kunststoffindustrie-Trotz-Pandemie-Umsatz-von-CHF-144-Mrd.-erzielt-_Organisator.jpg","type":"image\/jpeg"}],"author":"thomas.berner","twitter_card":"summary_large_image","twitter_title":"Schweizer #Kunststoffindustrie: Trotz Pandemie Umsatz von CHF 14,4 Mrd. erzielt","twitter_description":"Die Schweizer #Kunststoffindustrie ist recht gut durch die pandemiebedingte Krise gekommen. Es kam zu geringen Umsatzeinbussen: 5 Prozent gegen\u00fcber 2019.","twitter_image":"https:\/\/www.organisator.ch\/wp-content\/uploads\/2021\/07\/Schweizer-Kunststoffindustrie-Trotz-Pandemie-Umsatz-von-CHF-144-Mrd.-erzielt-_Organisator.jpg","schema":{"@context":"https:\/\/schema.org","@graph":[{"@type":"Article","@id":"https:\/\/www.organisator.ch\/it\/generale\/2021-07-05\/schweizer-kunststoffindustrie-trotz-pandemie-umsatz-von-chf-144-mrd-erzielt\/#article","isPartOf":{"@id":"https:\/\/www.organisator.ch\/it\/generale\/2021-07-05\/schweizer-kunststoffindustrie-trotz-pandemie-umsatz-von-chf-144-mrd-erzielt\/"},"author":{"name":"thomas.berner","@id":"https:\/\/www.organisator.ch\/#\/schema\/person\/6f650f90b2842cd4c0cc334b4e36f67e"},"headline":"Schweizer Kunststoffindustrie: Trotz Pandemie Umsatz von CHF 14,4 Mrd. erzielt","datePublished":"2021-07-05T06:28:52+00:00","mainEntityOfPage":{"@id":"https:\/\/www.organisator.ch\/it\/generale\/2021-07-05\/schweizer-kunststoffindustrie-trotz-pandemie-umsatz-von-chf-144-mrd-erzielt\/"},"wordCount":671,"publisher":{"@id":"https:\/\/www.organisator.ch\/#organization"},"image":{"@id":"https:\/\/www.organisator.ch\/it\/generale\/2021-07-05\/schweizer-kunststoffindustrie-trotz-pandemie-umsatz-von-chf-144-mrd-erzielt\/#primaryimage"},"thumbnailUrl":"https:\/\/www.organisator.ch\/wp-content\/uploads\/2021\/07\/Schweizer-Kunststoffindustrie-Trotz-Pandemie-Umsatz-von-CHF-144-Mrd.-erzielt-_Organisator.jpg","keywords":["Branchen","M\u00e4rkte","Verb\u00e4nde","Vermischtes"],"articleSection":["Allgemein"],"inLanguage":"fr-FR"},{"@type":"WebPage","@id":"https:\/\/www.organisator.ch\/it\/generale\/2021-07-05\/schweizer-kunststoffindustrie-trotz-pandemie-umsatz-von-chf-144-mrd-erzielt\/","url":"https:\/\/www.organisator.ch\/it\/generale\/2021-07-05\/schweizer-kunststoffindustrie-trotz-pandemie-umsatz-von-chf-144-mrd-erzielt\/","name":"Industrie suisse des mati\u00e8res plastiques : malgr\u00e9 la pand\u00e9mie, chiffre d'affaires de CHF 14,4 milliards - Organisateur","isPartOf":{"@id":"https:\/\/www.organisator.ch\/#website"},"primaryImageOfPage":{"@id":"https:\/\/www.organisator.ch\/it\/generale\/2021-07-05\/schweizer-kunststoffindustrie-trotz-pandemie-umsatz-von-chf-144-mrd-erzielt\/#primaryimage"},"image":{"@id":"https:\/\/www.organisator.ch\/it\/generale\/2021-07-05\/schweizer-kunststoffindustrie-trotz-pandemie-umsatz-von-chf-144-mrd-erzielt\/#primaryimage"},"thumbnailUrl":"https:\/\/www.organisator.ch\/wp-content\/uploads\/2021\/07\/Schweizer-Kunststoffindustrie-Trotz-Pandemie-Umsatz-von-CHF-144-Mrd.-erzielt-_Organisator.jpg","datePublished":"2021-07-05T06:28:52+00:00","description":"L'industrie suisse des mati\u00e8res plastiques a plut\u00f4t bien travers\u00e9 la crise due \u00e0 la pand\u00e9mie. Elle a enregistr\u00e9 une faible baisse de son chiffre d'affaires : 5 % par rapport \u00e0 2019.","breadcrumb":{"@id":"https:\/\/www.organisator.ch\/it\/generale\/2021-07-05\/schweizer-kunststoffindustrie-trotz-pandemie-umsatz-von-chf-144-mrd-erzielt\/#breadcrumb"},"inLanguage":"fr-FR","potentialAction":[{"@type":"ReadAction","target":["https:\/\/www.organisator.ch\/it\/generale\/2021-07-05\/schweizer-kunststoffindustrie-trotz-pandemie-umsatz-von-chf-144-mrd-erzielt\/"]}]},{"@type":"ImageObject","inLanguage":"fr-FR","@id":"https:\/\/www.organisator.ch\/it\/generale\/2021-07-05\/schweizer-kunststoffindustrie-trotz-pandemie-umsatz-von-chf-144-mrd-erzielt\/#primaryimage","url":"https:\/\/www.organisator.ch\/wp-content\/uploads\/2021\/07\/Schweizer-Kunststoffindustrie-Trotz-Pandemie-Umsatz-von-CHF-144-Mrd.-erzielt-_Organisator.jpg","contentUrl":"https:\/\/www.organisator.ch\/wp-content\/uploads\/2021\/07\/Schweizer-Kunststoffindustrie-Trotz-Pandemie-Umsatz-von-CHF-144-Mrd.-erzielt-_Organisator.jpg","width":680,"height":510,"caption":"Die Schweizer Kunststoffindustrie hat sich im Pandemiejahr 2020 gut geschlagen. Im Bild: granulierte Polymere vor der Verarbeitung. (Bild: Pixabay.com)"},{"@type":"BreadcrumbList","@id":"https:\/\/www.organisator.ch\/it\/generale\/2021-07-05\/schweizer-kunststoffindustrie-trotz-pandemie-umsatz-von-chf-144-mrd-erzielt\/#breadcrumb","itemListElement":[{"@type":"ListItem","position":1,"name":"Home","item":"https:\/\/www.organisator.ch\/"},{"@type":"ListItem","position":2,"name":"Schweizer Kunststoffindustrie: Trotz Pandemie Umsatz von CHF 14,4 Mrd. erzielt"}]},{"@type":"WebSite","@id":"https:\/\/www.organisator.ch\/#website","url":"https:\/\/www.organisator.ch\/","name":"Organisateur","description":"Comp\u00e9tence et comp\u00e9tence. Proches de la pratique. L'ORGANISATEUR pr\u00e9pare 10 num\u00e9ros par an sur les th\u00e8mes essentiels pour les dirigeants de PME.","publisher":{"@id":"https:\/\/www.organisator.ch\/#organization"},"potentialAction":[{"@type":"SearchAction","target":{"@type":"EntryPoint","urlTemplate":"https:\/\/www.organisator.ch\/?s={search_term_string}"},"query-input":{"@type":"PropertyValueSpecification","valueRequired":true,"valueName":"search_term_string"}}],"inLanguage":"fr-FR"},{"@type":"Organization","@id":"https:\/\/www.organisator.ch\/#organization","name":"Organisateur","url":"https:\/\/www.organisator.ch\/","logo":{"@type":"ImageObject","inLanguage":"fr-FR","@id":"https:\/\/www.organisator.ch\/#\/schema\/logo\/image\/","url":"https:\/\/www.organisator.ch\/wp-content\/uploads\/2022\/01\/Logo_Organisator_Website.png","contentUrl":"https:\/\/www.organisator.ch\/wp-content\/uploads\/2022\/01\/Logo_Organisator_Website.png","width":800,"height":77,"caption":"Organisator"},"image":{"@id":"https:\/\/www.organisator.ch\/#\/schema\/logo\/image\/"},"sameAs":["https:\/\/www.facebook.com\/OrganisatorFachmagazin","https:\/\/www.linkedin.com\/showcase\/organisator-das-magazin-fr-kmu","https:\/\/www.xing.com\/news\/pages\/organisator-ch-695","https:\/\/www.youtube.com\/channel\/UCGP2Sq0iWaZwT3BdIAQFYpw"]},{"@type":"Person","@id":"https:\/\/www.organisator.ch\/#\/schema\/person\/6f650f90b2842cd4c0cc334b4e36f67e","name":"thomas.berner","image":{"@type":"ImageObject","inLanguage":"fr-FR","@id":"https:\/\/secure.gravatar.com\/avatar\/ac5001d2a36cb6c6cd3e50789007ffca834b477b74a2144564522e944eabff61?s=96&d=mm&r=g","url":"https:\/\/secure.gravatar.com\/avatar\/ac5001d2a36cb6c6cd3e50789007ffca834b477b74a2144564522e944eabff61?s=96&d=mm&r=g","contentUrl":"https:\/\/secure.gravatar.com\/avatar\/ac5001d2a36cb6c6cd3e50789007ffca834b477b74a2144564522e944eabff61?s=96&d=mm&r=g","caption":"thomas.berner"},"url":"https:\/\/www.organisator.ch\/fr\/author\/thomas-berner\/"}]}},"_links":{"self":[{"href":"https:\/\/www.organisator.ch\/fr\/wp-json\/wp\/v2\/posts\/8234","targetHints":{"allow":["GET"]}}],"collection":[{"href":"https:\/\/www.organisator.ch\/fr\/wp-json\/wp\/v2\/posts"}],"about":[{"href":"https:\/\/www.organisator.ch\/fr\/wp-json\/wp\/v2\/types\/post"}],"author":[{"embeddable":true,"href":"https:\/\/www.organisator.ch\/fr\/wp-json\/wp\/v2\/users\/4"}],"replies":[{"embeddable":true,"href":"https:\/\/www.organisator.ch\/fr\/wp-json\/wp\/v2\/comments?post=8234"}],"version-history":[{"count":0,"href":"https:\/\/www.organisator.ch\/fr\/wp-json\/wp\/v2\/posts\/8234\/revisions"}],"wp:featuredmedia":[{"embeddable":true,"href":"https:\/\/www.organisator.ch\/fr\/wp-json\/wp\/v2\/media\/8235"}],"wp:attachment":[{"href":"https:\/\/www.organisator.ch\/fr\/wp-json\/wp\/v2\/media?parent=8234"}],"wp:term":[{"taxonomy":"category","embeddable":true,"href":"https:\/\/www.organisator.ch\/fr\/wp-json\/wp\/v2\/categories?post=8234"},{"taxonomy":"post_tag","embeddable":true,"href":"https:\/\/www.organisator.ch\/fr\/wp-json\/wp\/v2\/tags?post=8234"}],"curies":[{"name":"wp","href":"https:\/\/api.w.org\/{rel}","templated":true}]}}