{"id":8243,"date":"2021-07-06T11:27:26","date_gmt":"2021-07-06T09:27:26","guid":{"rendered":"https:\/\/www.organisator.ch\/?p=8243"},"modified":"2021-07-06T11:27:26","modified_gmt":"2021-07-06T09:27:26","slug":"neue-fuehrungsstruktur-bei-ramseyer-und-dilger-ag","status":"publish","type":"post","link":"https:\/\/www.organisator.ch\/fr\/management\/2021-07-06\/neue-fuehrungsstruktur-bei-ramseyer-und-dilger-ag\/","title":{"rendered":"Nouvelle structure de direction chez Ramseyer und Dilger AG"},"content":{"rendered":"<figure id=\"attachment_8244\" aria-describedby=\"caption-attachment-8244\" style=\"width: 680px\" class=\"wp-caption alignnone\"><a href=\"https:\/\/www.organisator.ch\/wp-content\/uploads\/2021\/07\/Neue-Fuehrungsstruktur-bei-Ramseyer-und-Dilger-AG_Organisator.jpg\"><img loading=\"lazy\" decoding=\"async\" class=\"size-medium wp-image-8244\" src=\"https:\/\/www.organisator.ch\/wp-content\/uploads\/2021\/07\/Neue-Fuehrungsstruktur-bei-Ramseyer-und-Dilger-AG_Organisator.jpg\" alt=\"\" width=\"680\" height=\"510\" srcset=\"https:\/\/www.organisator.ch\/wp-content\/uploads\/2021\/07\/Neue-Fuehrungsstruktur-bei-Ramseyer-und-Dilger-AG_Organisator.jpg 680w, https:\/\/www.organisator.ch\/wp-content\/uploads\/2021\/07\/Neue-Fuehrungsstruktur-bei-Ramseyer-und-Dilger-AG_Organisator-16x12.jpg 16w, https:\/\/www.organisator.ch\/wp-content\/uploads\/2021\/07\/Neue-Fuehrungsstruktur-bei-Ramseyer-und-Dilger-AG_Organisator-233x175.jpg 233w, https:\/\/www.organisator.ch\/wp-content\/uploads\/2021\/07\/Neue-Fuehrungsstruktur-bei-Ramseyer-und-Dilger-AG_Organisator-467x350.jpg 467w, https:\/\/www.organisator.ch\/wp-content\/uploads\/2021\/07\/Neue-Fuehrungsstruktur-bei-Ramseyer-und-Dilger-AG_Organisator-300x225.jpg 300w\" sizes=\"auto, (max-width: 680px) 100vw, 680px\" \/><\/a><figcaption id=\"caption-attachment-8244\" class=\"wp-caption-text\">Principal responsable de la nouvelle structure de direction de Ramseyer und Dilger AG : Sandro Wyss (\u00e0 gauche) est le directeur g\u00e9n\u00e9ral et reprend les cl\u00e9s op\u00e9rationnelles de son fr\u00e8re Remo Wyss (\u00e0 droite). En tant que d\u00e9l\u00e9gu\u00e9 du conseil d'administration, Remo Wyss s'occupe du d\u00e9veloppement strat\u00e9gique de la PME bernoise. (Image : zVg)<\/figcaption><\/figure>\n<p>Qu'ont en commun le Palais f\u00e9d\u00e9ral, le Centre Paul Klee, le Palais des congr\u00e8s d'Interlaken, le Loryhaus de l'H\u00f4pital de l'\u00cele de Berne, de nombreuses stations de t\u00e9l\u00e9ph\u00e9riques et maisons de montagne, de nombreux autres b\u00e2timents publics ainsi que des centaines de maisons individuelles et d'immeubles priv\u00e9s ? Soit leurs toits, leurs fa\u00e7ades ou leurs chauffages, soit leurs installations sanitaires ont \u00e9t\u00e9 co-con\u00e7us, co-construits ou r\u00e9habilit\u00e9s par les sp\u00e9cialistes de la ferblanterie, de la technique des toits, des installations sanitaires et du chauffage de Ramseyer und Dilger AG. Cette PME bernoise de renom, qui compte plus de 100 collaborateurs (dont une vingtaine d'apprentis), fournit chaque jour un travail de qualit\u00e9. Car le principe suivant s'applique : \"Seul celui qui aime son travail le fait bien\".<\/p>\n<p>Pour que l'entreprise, qui a fait ses preuves depuis 127 ans, continue \u00e0 convaincre sa client\u00e8le \u00e0 l'avenir et reste plus fra\u00eeche que jamais gr\u00e2ce \u00e0 beaucoup d'innovations, les responsables ont adapt\u00e9 l'\u00e9quipe de direction : Sandro Wyss reprend la direction de l'entreprise ; son fr\u00e8re Remo Wyss se consacre au d\u00e9veloppement strat\u00e9gique en tant que d\u00e9l\u00e9gu\u00e9 du conseil d'administration.<\/p>\n<h2>Nouvelle structure de direction et en forme sur le plan strat\u00e9gique<\/h2>\n<p>Sandro et Remo Wyss sont d'accord sur le fait que le march\u00e9 du secteur principal et secondaire de la construction devient de plus en plus exigeant : \"Seuls ceux qui ma\u00eetrisent l'organisation et les processus et qui peuvent en m\u00eame temps investir beaucoup d'\u00e9nergie dans l'innovation, et donc dans l'avenir, restent dans le coup \u00e0 moyen et long terme et connaissent ainsi le succ\u00e8s\". Remo Wyss, qui, dans sa fonction de d\u00e9l\u00e9gu\u00e9 du conseil d'administration, pourra justement faire avancer ce d\u00e9veloppement de mani\u00e8re plus cibl\u00e9e et plus forte qu'auparavant, est heureux que son fr\u00e8re Sandro Wyss reprenne la direction de l'entreprise. \"Sandro Wyss est un homme de premier plan qui s'acquittera parfaitement de sa t\u00e2che\", se r\u00e9jouit le copropri\u00e9taire, qui tient particuli\u00e8rement \u00e0 encourager la rel\u00e8ve dans la branche, tant \u00e0 l'int\u00e9rieur qu'\u00e0 l'ext\u00e9rieur de l'entreprise, et qui s'engage pour cela dans l'association de la technique du b\u00e2timent Suissetec. \"Mais je peux surtout veiller \u00e0 ce que nous cr\u00e9ions des solutions et des offres suppl\u00e9mentaires et que nous puissions ainsi proposer \u00e0 nos clients des solutions encore meilleures et plus belles pour leurs fa\u00e7ades, leurs toits, leurs chauffages et leurs installations sanitaires\", ajoute Remo Wyss.<\/p>\n<h2>Optimis\u00e9 sur le plan op\u00e9rationnel<\/h2>\n<p>Son fr\u00e8re cadet, Sandro Wyss, se fixe de grands objectifs pour lui-m\u00eame et pour tous les collaborateurs du domaine op\u00e9rationnel : \"Sur le plan organisationnel, nous avons \u00e9galement du potentiel : nous voulons devenir encore plus efficaces et efficients - et ce, dans l'int\u00e9r\u00eat de nos clients. Il est de mon devoir d'y parvenir\", explique le nouveau directeur de Ramseyer und Dilger AG. Pour les deux fr\u00e8res - tout comme pour le conseil d'administration et les autres membres de la direction Marcel Filli, Roland Herzog, Robert Burri et Alain Meuwly - la nouvelle structure de direction est un double avantage : \"Les avantages strat\u00e9giques et op\u00e9rationnels sont consid\u00e9rables\", se r\u00e9jouissent Remo et Sandro Wyss au nom de toute la direction de Ramseyer und Dilger AG.<\/p>\n<p><em>Plus d'informations : <a href=\"http:\/\/www.ramseyer-dilger.ch\">ramseyer-dilger.ch<\/a><\/em><\/p>","protected":false},"excerpt":{"rendered":"<p>Was haben das Bundeshaus, das Zentrum Paul Klee, das Kongressgeb\u00e4ude Interlaken, das Loryhaus des Berner Inselspitals, zahlreiche Bergbahnstationen und Bergh\u00e4user, viele andere \u00f6ffentliche Geb\u00e4ude sowie hunderte private Ein- und Mehrfamilienh\u00e4user gemeinsam? Entweder wurden ihre D\u00e4cher, Fassaden oder Heizungen oder ihre Sanit\u00e4ranlagen von den Spengler-, Dachtechnik-, Sanit\u00e4r- und Heizungsspezialisten der Ramseyer und Dilger AG mitkonzipiert, miterbaut [&hellip;]<\/p>\n","protected":false},"author":4,"featured_media":8244,"comment_status":"closed","ping_status":"closed","sticky":false,"template":"","format":"standard","meta":{"_acf_changed":false,"_yoast_wpseo_focuskw":"neue F\u00fchrungsstruktur","_yoast_wpseo_metadesc":"Das Berner Unternehmen Ramseyer und Dilger AG gibt sich eine neue F\u00fchrungsstruktur: Sandro Wyss \u00fcbernimmt die Gesch\u00e4ftsleitung.","articlekey":"","footnotes":""},"categories":[28],"tags":[335,381,492],"class_list":["post-8243","post","type-post","status-publish","format-standard","has-post-thumbnail","hentry","category-management","tag-management-und-unternehmensfuehrung","tag-personalia","tag-unternehmen"],"acf":[],"yoast_head":"<!-- This site is optimized with the Yoast SEO plugin v27.4 - https:\/\/yoast.com\/product\/yoast-seo-wordpress\/ -->\n<title>Neue F\u00fchrungsstruktur bei Ramseyer und Dilger AG - Organisator<\/title>\n<meta name=\"description\" content=\"Das Berner Unternehmen Ramseyer und Dilger AG gibt sich eine neue F\u00fchrungsstruktur: Sandro Wyss \u00fcbernimmt die Gesch\u00e4ftsleitung.\" \/>\n<meta name=\"robots\" content=\"index, follow, max-snippet:-1, max-image-preview:large, max-video-preview:-1\" \/>\n<link rel=\"canonical\" href=\"https:\/\/www.organisator.ch\/fr\/gestion-2\/2021-07-06\/neue-fuehrungsstruktur-bei-ramseyer-und-dilger-ag\/\" \/>\n<meta property=\"og:locale\" content=\"fr_FR\" \/>\n<meta property=\"og:type\" content=\"article\" \/>\n<meta property=\"og:title\" content=\"Neue F\u00fchrungsstruktur bei Ramseyer und Dilger AG\" \/>\n<meta property=\"og:description\" content=\"Das Berner Unternehmen Ramseyer und Dilger AG gibt sich eine neue F\u00fchrungsstruktur: Sandro Wyss \u00fcbernimmt die Gesch\u00e4ftsleitung.\" \/>\n<meta property=\"og:url\" content=\"https:\/\/www.organisator.ch\/fr\/gestion-2\/2021-07-06\/neue-fuehrungsstruktur-bei-ramseyer-und-dilger-ag\/\" \/>\n<meta property=\"og:site_name\" content=\"Organisator\" \/>\n<meta property=\"article:publisher\" content=\"https:\/\/www.facebook.com\/OrganisatorFachmagazin\" \/>\n<meta property=\"article:published_time\" content=\"2021-07-06T09:27:26+00:00\" \/>\n<meta property=\"og:image\" content=\"https:\/\/www.organisator.ch\/wp-content\/uploads\/2021\/07\/Neue-Fuehrungsstruktur-bei-Ramseyer-und-Dilger-AG_Organisator.jpg\" \/>\n\t<meta property=\"og:image:width\" content=\"680\" \/>\n\t<meta property=\"og:image:height\" content=\"510\" \/>\n\t<meta property=\"og:image:type\" content=\"image\/jpeg\" \/>\n<meta name=\"author\" content=\"thomas.berner\" \/>\n<meta name=\"twitter:card\" content=\"summary_large_image\" \/>\n<meta name=\"twitter:title\" content=\"Neue #F\u00fchrungsstruktur bei #Ramseyer und #Dilger AG\" \/>\n<meta name=\"twitter:description\" content=\"Das Berner Unternehmen #Ramseyer und #Dilger AG gibt sich eine neue #F\u00fchrungsstruktur: Sandro Wyss \u00fcbernimmt die Gesch\u00e4ftsleitung.\" \/>\n<meta name=\"twitter:image\" content=\"https:\/\/www.organisator.ch\/wp-content\/uploads\/2021\/07\/Neue-Fuehrungsstruktur-bei-Ramseyer-und-Dilger-AG_Organisator.jpg\" \/>\n<script type=\"application\/ld+json\" class=\"yoast-schema-graph\">{\"@context\":\"https:\\\/\\\/schema.org\",\"@graph\":[{\"@type\":\"Article\",\"@id\":\"https:\\\/\\\/www.organisator.ch\\\/management\\\/2021-07-06\\\/neue-fuehrungsstruktur-bei-ramseyer-und-dilger-ag\\\/#article\",\"isPartOf\":{\"@id\":\"https:\\\/\\\/www.organisator.ch\\\/management\\\/2021-07-06\\\/neue-fuehrungsstruktur-bei-ramseyer-und-dilger-ag\\\/\"},\"author\":{\"name\":\"thomas.berner\",\"@id\":\"https:\\\/\\\/www.organisator.ch\\\/#\\\/schema\\\/person\\\/6f650f90b2842cd4c0cc334b4e36f67e\"},\"headline\":\"Neue F\u00fchrungsstruktur bei Ramseyer und Dilger AG\",\"datePublished\":\"2021-07-06T09:27:26+00:00\",\"mainEntityOfPage\":{\"@id\":\"https:\\\/\\\/www.organisator.ch\\\/management\\\/2021-07-06\\\/neue-fuehrungsstruktur-bei-ramseyer-und-dilger-ag\\\/\"},\"wordCount\":503,\"publisher\":{\"@id\":\"https:\\\/\\\/www.organisator.ch\\\/#organization\"},\"image\":{\"@id\":\"https:\\\/\\\/www.organisator.ch\\\/management\\\/2021-07-06\\\/neue-fuehrungsstruktur-bei-ramseyer-und-dilger-ag\\\/#primaryimage\"},\"thumbnailUrl\":\"https:\\\/\\\/www.organisator.ch\\\/wp-content\\\/uploads\\\/2021\\\/07\\\/Neue-Fuehrungsstruktur-bei-Ramseyer-und-Dilger-AG_Organisator.jpg\",\"keywords\":[\"Management und Unternehmensf\u00fchrung\",\"Personalia\",\"Unternehmen\"],\"articleSection\":[\"MANAGEMENT\"],\"inLanguage\":\"fr-FR\"},{\"@type\":\"WebPage\",\"@id\":\"https:\\\/\\\/www.organisator.ch\\\/management\\\/2021-07-06\\\/neue-fuehrungsstruktur-bei-ramseyer-und-dilger-ag\\\/\",\"url\":\"https:\\\/\\\/www.organisator.ch\\\/management\\\/2021-07-06\\\/neue-fuehrungsstruktur-bei-ramseyer-und-dilger-ag\\\/\",\"name\":\"Neue F\u00fchrungsstruktur bei Ramseyer und Dilger AG - Organisator\",\"isPartOf\":{\"@id\":\"https:\\\/\\\/www.organisator.ch\\\/#website\"},\"primaryImageOfPage\":{\"@id\":\"https:\\\/\\\/www.organisator.ch\\\/management\\\/2021-07-06\\\/neue-fuehrungsstruktur-bei-ramseyer-und-dilger-ag\\\/#primaryimage\"},\"image\":{\"@id\":\"https:\\\/\\\/www.organisator.ch\\\/management\\\/2021-07-06\\\/neue-fuehrungsstruktur-bei-ramseyer-und-dilger-ag\\\/#primaryimage\"},\"thumbnailUrl\":\"https:\\\/\\\/www.organisator.ch\\\/wp-content\\\/uploads\\\/2021\\\/07\\\/Neue-Fuehrungsstruktur-bei-Ramseyer-und-Dilger-AG_Organisator.jpg\",\"datePublished\":\"2021-07-06T09:27:26+00:00\",\"description\":\"Das Berner Unternehmen Ramseyer und Dilger AG gibt sich eine neue F\u00fchrungsstruktur: Sandro Wyss \u00fcbernimmt die Gesch\u00e4ftsleitung.\",\"breadcrumb\":{\"@id\":\"https:\\\/\\\/www.organisator.ch\\\/management\\\/2021-07-06\\\/neue-fuehrungsstruktur-bei-ramseyer-und-dilger-ag\\\/#breadcrumb\"},\"inLanguage\":\"fr-FR\",\"potentialAction\":[{\"@type\":\"ReadAction\",\"target\":[\"https:\\\/\\\/www.organisator.ch\\\/management\\\/2021-07-06\\\/neue-fuehrungsstruktur-bei-ramseyer-und-dilger-ag\\\/\"]}]},{\"@type\":\"ImageObject\",\"inLanguage\":\"fr-FR\",\"@id\":\"https:\\\/\\\/www.organisator.ch\\\/management\\\/2021-07-06\\\/neue-fuehrungsstruktur-bei-ramseyer-und-dilger-ag\\\/#primaryimage\",\"url\":\"https:\\\/\\\/www.organisator.ch\\\/wp-content\\\/uploads\\\/2021\\\/07\\\/Neue-Fuehrungsstruktur-bei-Ramseyer-und-Dilger-AG_Organisator.jpg\",\"contentUrl\":\"https:\\\/\\\/www.organisator.ch\\\/wp-content\\\/uploads\\\/2021\\\/07\\\/Neue-Fuehrungsstruktur-bei-Ramseyer-und-Dilger-AG_Organisator.jpg\",\"width\":680,\"height\":510,\"caption\":\"Sie sind bei der neuen F\u00fchrungsstruktur der Ramseyer und Dilger AG die Hauptverantwortlichen: Sandro Wyss (links) ist der Gesch\u00e4ftsf\u00fchrer und \u00fcbernimmt von seinem Bruder Remo Wyss (rechts) die operativen Schl\u00fcssel. Remo Wyss k\u00fcmmert sich als Delegierter des Verwaltungsrats um die strategische Weiterentwicklung des Berner KMU. (Bild: zVg)\"},{\"@type\":\"BreadcrumbList\",\"@id\":\"https:\\\/\\\/www.organisator.ch\\\/management\\\/2021-07-06\\\/neue-fuehrungsstruktur-bei-ramseyer-und-dilger-ag\\\/#breadcrumb\",\"itemListElement\":[{\"@type\":\"ListItem\",\"position\":1,\"name\":\"Home\",\"item\":\"https:\\\/\\\/www.organisator.ch\\\/\"},{\"@type\":\"ListItem\",\"position\":2,\"name\":\"Neue F\u00fchrungsstruktur bei Ramseyer und Dilger AG\"}]},{\"@type\":\"WebSite\",\"@id\":\"https:\\\/\\\/www.organisator.ch\\\/#website\",\"url\":\"https:\\\/\\\/www.organisator.ch\\\/\",\"name\":\"Organisator\",\"description\":\"Kompetent. Praxisnah. Der ORGANISATOR bereitet in 10 Ausgaben pro Jahr die wesentlichen Themen f\u00fcr F\u00fchrungskr\u00e4fte von KMU auf.\",\"publisher\":{\"@id\":\"https:\\\/\\\/www.organisator.ch\\\/#organization\"},\"potentialAction\":[{\"@type\":\"SearchAction\",\"target\":{\"@type\":\"EntryPoint\",\"urlTemplate\":\"https:\\\/\\\/www.organisator.ch\\\/?s={search_term_string}\"},\"query-input\":{\"@type\":\"PropertyValueSpecification\",\"valueRequired\":true,\"valueName\":\"search_term_string\"}}],\"inLanguage\":\"fr-FR\"},{\"@type\":\"Organization\",\"@id\":\"https:\\\/\\\/www.organisator.ch\\\/#organization\",\"name\":\"Organisator\",\"url\":\"https:\\\/\\\/www.organisator.ch\\\/\",\"logo\":{\"@type\":\"ImageObject\",\"inLanguage\":\"fr-FR\",\"@id\":\"https:\\\/\\\/www.organisator.ch\\\/#\\\/schema\\\/logo\\\/image\\\/\",\"url\":\"https:\\\/\\\/www.organisator.ch\\\/wp-content\\\/uploads\\\/2022\\\/01\\\/Logo_Organisator_Website.png\",\"contentUrl\":\"https:\\\/\\\/www.organisator.ch\\\/wp-content\\\/uploads\\\/2022\\\/01\\\/Logo_Organisator_Website.png\",\"width\":800,\"height\":77,\"caption\":\"Organisator\"},\"image\":{\"@id\":\"https:\\\/\\\/www.organisator.ch\\\/#\\\/schema\\\/logo\\\/image\\\/\"},\"sameAs\":[\"https:\\\/\\\/www.facebook.com\\\/OrganisatorFachmagazin\",\"https:\\\/\\\/www.linkedin.com\\\/showcase\\\/organisator-das-magazin-fr-kmu\",\"https:\\\/\\\/www.xing.com\\\/news\\\/pages\\\/organisator-ch-695\",\"https:\\\/\\\/www.youtube.com\\\/channel\\\/UCGP2Sq0iWaZwT3BdIAQFYpw\"]},{\"@type\":\"Person\",\"@id\":\"https:\\\/\\\/www.organisator.ch\\\/#\\\/schema\\\/person\\\/6f650f90b2842cd4c0cc334b4e36f67e\",\"name\":\"thomas.berner\",\"image\":{\"@type\":\"ImageObject\",\"inLanguage\":\"fr-FR\",\"@id\":\"https:\\\/\\\/secure.gravatar.com\\\/avatar\\\/ac5001d2a36cb6c6cd3e50789007ffca834b477b74a2144564522e944eabff61?s=96&d=mm&r=g\",\"url\":\"https:\\\/\\\/secure.gravatar.com\\\/avatar\\\/ac5001d2a36cb6c6cd3e50789007ffca834b477b74a2144564522e944eabff61?s=96&d=mm&r=g\",\"contentUrl\":\"https:\\\/\\\/secure.gravatar.com\\\/avatar\\\/ac5001d2a36cb6c6cd3e50789007ffca834b477b74a2144564522e944eabff61?s=96&d=mm&r=g\",\"caption\":\"thomas.berner\"},\"url\":\"https:\\\/\\\/www.organisator.ch\\\/fr\\\/author\\\/thomas-berner\\\/\"}]}<\/script>\n<!-- \/ Yoast SEO plugin. -->","yoast_head_json":{"title":"Nouvelle structure de direction chez Ramseyer und Dilger AG - Organisateur","description":"L'entreprise bernoise Ramseyer und Dilger AG se dote d'une nouvelle structure de direction : Sandro Wyss reprend la direction de l'entreprise.","robots":{"index":"index","follow":"follow","max-snippet":"max-snippet:-1","max-image-preview":"max-image-preview:large","max-video-preview":"max-video-preview:-1"},"canonical":"https:\/\/www.organisator.ch\/fr\/gestion-2\/2021-07-06\/neue-fuehrungsstruktur-bei-ramseyer-und-dilger-ag\/","og_locale":"fr_FR","og_type":"article","og_title":"Neue F\u00fchrungsstruktur bei Ramseyer und Dilger AG","og_description":"Das Berner Unternehmen Ramseyer und Dilger AG gibt sich eine neue F\u00fchrungsstruktur: Sandro Wyss \u00fcbernimmt die Gesch\u00e4ftsleitung.","og_url":"https:\/\/www.organisator.ch\/fr\/gestion-2\/2021-07-06\/neue-fuehrungsstruktur-bei-ramseyer-und-dilger-ag\/","og_site_name":"Organisator","article_publisher":"https:\/\/www.facebook.com\/OrganisatorFachmagazin","article_published_time":"2021-07-06T09:27:26+00:00","og_image":[{"width":680,"height":510,"url":"https:\/\/www.organisator.ch\/wp-content\/uploads\/2021\/07\/Neue-Fuehrungsstruktur-bei-Ramseyer-und-Dilger-AG_Organisator.jpg","type":"image\/jpeg"}],"author":"thomas.berner","twitter_card":"summary_large_image","twitter_title":"Neue #F\u00fchrungsstruktur bei #Ramseyer und #Dilger AG","twitter_description":"Das Berner Unternehmen #Ramseyer und #Dilger AG gibt sich eine neue #F\u00fchrungsstruktur: Sandro Wyss \u00fcbernimmt die Gesch\u00e4ftsleitung.","twitter_image":"https:\/\/www.organisator.ch\/wp-content\/uploads\/2021\/07\/Neue-Fuehrungsstruktur-bei-Ramseyer-und-Dilger-AG_Organisator.jpg","schema":{"@context":"https:\/\/schema.org","@graph":[{"@type":"Article","@id":"https:\/\/www.organisator.ch\/management\/2021-07-06\/neue-fuehrungsstruktur-bei-ramseyer-und-dilger-ag\/#article","isPartOf":{"@id":"https:\/\/www.organisator.ch\/management\/2021-07-06\/neue-fuehrungsstruktur-bei-ramseyer-und-dilger-ag\/"},"author":{"name":"thomas.berner","@id":"https:\/\/www.organisator.ch\/#\/schema\/person\/6f650f90b2842cd4c0cc334b4e36f67e"},"headline":"Neue F\u00fchrungsstruktur bei Ramseyer und Dilger AG","datePublished":"2021-07-06T09:27:26+00:00","mainEntityOfPage":{"@id":"https:\/\/www.organisator.ch\/management\/2021-07-06\/neue-fuehrungsstruktur-bei-ramseyer-und-dilger-ag\/"},"wordCount":503,"publisher":{"@id":"https:\/\/www.organisator.ch\/#organization"},"image":{"@id":"https:\/\/www.organisator.ch\/management\/2021-07-06\/neue-fuehrungsstruktur-bei-ramseyer-und-dilger-ag\/#primaryimage"},"thumbnailUrl":"https:\/\/www.organisator.ch\/wp-content\/uploads\/2021\/07\/Neue-Fuehrungsstruktur-bei-Ramseyer-und-Dilger-AG_Organisator.jpg","keywords":["Management und Unternehmensf\u00fchrung","Personalia","Unternehmen"],"articleSection":["MANAGEMENT"],"inLanguage":"fr-FR"},{"@type":"WebPage","@id":"https:\/\/www.organisator.ch\/management\/2021-07-06\/neue-fuehrungsstruktur-bei-ramseyer-und-dilger-ag\/","url":"https:\/\/www.organisator.ch\/management\/2021-07-06\/neue-fuehrungsstruktur-bei-ramseyer-und-dilger-ag\/","name":"Nouvelle structure de direction chez Ramseyer und Dilger AG - Organisateur","isPartOf":{"@id":"https:\/\/www.organisator.ch\/#website"},"primaryImageOfPage":{"@id":"https:\/\/www.organisator.ch\/management\/2021-07-06\/neue-fuehrungsstruktur-bei-ramseyer-und-dilger-ag\/#primaryimage"},"image":{"@id":"https:\/\/www.organisator.ch\/management\/2021-07-06\/neue-fuehrungsstruktur-bei-ramseyer-und-dilger-ag\/#primaryimage"},"thumbnailUrl":"https:\/\/www.organisator.ch\/wp-content\/uploads\/2021\/07\/Neue-Fuehrungsstruktur-bei-Ramseyer-und-Dilger-AG_Organisator.jpg","datePublished":"2021-07-06T09:27:26+00:00","description":"L'entreprise bernoise Ramseyer und Dilger AG se dote d'une nouvelle structure de direction : Sandro Wyss reprend la direction de l'entreprise.","breadcrumb":{"@id":"https:\/\/www.organisator.ch\/management\/2021-07-06\/neue-fuehrungsstruktur-bei-ramseyer-und-dilger-ag\/#breadcrumb"},"inLanguage":"fr-FR","potentialAction":[{"@type":"ReadAction","target":["https:\/\/www.organisator.ch\/management\/2021-07-06\/neue-fuehrungsstruktur-bei-ramseyer-und-dilger-ag\/"]}]},{"@type":"ImageObject","inLanguage":"fr-FR","@id":"https:\/\/www.organisator.ch\/management\/2021-07-06\/neue-fuehrungsstruktur-bei-ramseyer-und-dilger-ag\/#primaryimage","url":"https:\/\/www.organisator.ch\/wp-content\/uploads\/2021\/07\/Neue-Fuehrungsstruktur-bei-Ramseyer-und-Dilger-AG_Organisator.jpg","contentUrl":"https:\/\/www.organisator.ch\/wp-content\/uploads\/2021\/07\/Neue-Fuehrungsstruktur-bei-Ramseyer-und-Dilger-AG_Organisator.jpg","width":680,"height":510,"caption":"Sie sind bei der neuen F\u00fchrungsstruktur der Ramseyer und Dilger AG die Hauptverantwortlichen: Sandro Wyss (links) ist der Gesch\u00e4ftsf\u00fchrer und \u00fcbernimmt von seinem Bruder Remo Wyss (rechts) die operativen Schl\u00fcssel. Remo Wyss k\u00fcmmert sich als Delegierter des Verwaltungsrats um die strategische Weiterentwicklung des Berner KMU. (Bild: zVg)"},{"@type":"BreadcrumbList","@id":"https:\/\/www.organisator.ch\/management\/2021-07-06\/neue-fuehrungsstruktur-bei-ramseyer-und-dilger-ag\/#breadcrumb","itemListElement":[{"@type":"ListItem","position":1,"name":"Home","item":"https:\/\/www.organisator.ch\/"},{"@type":"ListItem","position":2,"name":"Neue F\u00fchrungsstruktur bei Ramseyer und Dilger AG"}]},{"@type":"WebSite","@id":"https:\/\/www.organisator.ch\/#website","url":"https:\/\/www.organisator.ch\/","name":"Organisateur","description":"Comp\u00e9tence et comp\u00e9tence. Proches de la pratique. L'ORGANISATEUR pr\u00e9pare 10 num\u00e9ros par an sur les th\u00e8mes essentiels pour les dirigeants de PME.","publisher":{"@id":"https:\/\/www.organisator.ch\/#organization"},"potentialAction":[{"@type":"SearchAction","target":{"@type":"EntryPoint","urlTemplate":"https:\/\/www.organisator.ch\/?s={search_term_string}"},"query-input":{"@type":"PropertyValueSpecification","valueRequired":true,"valueName":"search_term_string"}}],"inLanguage":"fr-FR"},{"@type":"Organization","@id":"https:\/\/www.organisator.ch\/#organization","name":"Organisateur","url":"https:\/\/www.organisator.ch\/","logo":{"@type":"ImageObject","inLanguage":"fr-FR","@id":"https:\/\/www.organisator.ch\/#\/schema\/logo\/image\/","url":"https:\/\/www.organisator.ch\/wp-content\/uploads\/2022\/01\/Logo_Organisator_Website.png","contentUrl":"https:\/\/www.organisator.ch\/wp-content\/uploads\/2022\/01\/Logo_Organisator_Website.png","width":800,"height":77,"caption":"Organisator"},"image":{"@id":"https:\/\/www.organisator.ch\/#\/schema\/logo\/image\/"},"sameAs":["https:\/\/www.facebook.com\/OrganisatorFachmagazin","https:\/\/www.linkedin.com\/showcase\/organisator-das-magazin-fr-kmu","https:\/\/www.xing.com\/news\/pages\/organisator-ch-695","https:\/\/www.youtube.com\/channel\/UCGP2Sq0iWaZwT3BdIAQFYpw"]},{"@type":"Person","@id":"https:\/\/www.organisator.ch\/#\/schema\/person\/6f650f90b2842cd4c0cc334b4e36f67e","name":"thomas.berner","image":{"@type":"ImageObject","inLanguage":"fr-FR","@id":"https:\/\/secure.gravatar.com\/avatar\/ac5001d2a36cb6c6cd3e50789007ffca834b477b74a2144564522e944eabff61?s=96&d=mm&r=g","url":"https:\/\/secure.gravatar.com\/avatar\/ac5001d2a36cb6c6cd3e50789007ffca834b477b74a2144564522e944eabff61?s=96&d=mm&r=g","contentUrl":"https:\/\/secure.gravatar.com\/avatar\/ac5001d2a36cb6c6cd3e50789007ffca834b477b74a2144564522e944eabff61?s=96&d=mm&r=g","caption":"thomas.berner"},"url":"https:\/\/www.organisator.ch\/fr\/author\/thomas-berner\/"}]}},"_links":{"self":[{"href":"https:\/\/www.organisator.ch\/fr\/wp-json\/wp\/v2\/posts\/8243","targetHints":{"allow":["GET"]}}],"collection":[{"href":"https:\/\/www.organisator.ch\/fr\/wp-json\/wp\/v2\/posts"}],"about":[{"href":"https:\/\/www.organisator.ch\/fr\/wp-json\/wp\/v2\/types\/post"}],"author":[{"embeddable":true,"href":"https:\/\/www.organisator.ch\/fr\/wp-json\/wp\/v2\/users\/4"}],"replies":[{"embeddable":true,"href":"https:\/\/www.organisator.ch\/fr\/wp-json\/wp\/v2\/comments?post=8243"}],"version-history":[{"count":0,"href":"https:\/\/www.organisator.ch\/fr\/wp-json\/wp\/v2\/posts\/8243\/revisions"}],"wp:featuredmedia":[{"embeddable":true,"href":"https:\/\/www.organisator.ch\/fr\/wp-json\/wp\/v2\/media\/8244"}],"wp:attachment":[{"href":"https:\/\/www.organisator.ch\/fr\/wp-json\/wp\/v2\/media?parent=8243"}],"wp:term":[{"taxonomy":"category","embeddable":true,"href":"https:\/\/www.organisator.ch\/fr\/wp-json\/wp\/v2\/categories?post=8243"},{"taxonomy":"post_tag","embeddable":true,"href":"https:\/\/www.organisator.ch\/fr\/wp-json\/wp\/v2\/tags?post=8243"}],"curies":[{"name":"wp","href":"https:\/\/api.w.org\/{rel}","templated":true}]}}