{"id":8282,"date":"2021-07-15T15:03:14","date_gmt":"2021-07-15T13:03:14","guid":{"rendered":"https:\/\/www.organisator.ch\/?p=8282"},"modified":"2021-07-15T15:03:14","modified_gmt":"2021-07-15T13:03:14","slug":"grosse-kmu-nachfrage-nach-neuen-foerderinitiativen","status":"publish","type":"post","link":"https:\/\/www.organisator.ch\/fr\/allgemein\/2021-07-15\/grosse-kmu-nachfrage-nach-neuen-foerderinitiativen\/","title":{"rendered":"Forte demande des PME pour de nouvelles initiatives de soutien"},"content":{"rendered":"<figure id=\"attachment_8283\" aria-describedby=\"caption-attachment-8283\" style=\"width: 680px\" class=\"wp-caption aligncenter\"><img loading=\"lazy\" decoding=\"async\" class=\"wp-image-8283 size-medium\" src=\"https:\/\/www.organisator.ch\/wp-content\/uploads\/2021\/07\/Depositphotos_93978032_s-2019.jpg\" alt=\" Innosuisse, agence de promotion, programme d&#039;innovation\" width=\"680\" height=\"476\" srcset=\"https:\/\/www.organisator.ch\/wp-content\/uploads\/2021\/07\/Depositphotos_93978032_s-2019.jpg 1000w, https:\/\/www.organisator.ch\/wp-content\/uploads\/2021\/07\/Depositphotos_93978032_s-2019-680x476.jpg 680w, https:\/\/www.organisator.ch\/wp-content\/uploads\/2021\/07\/Depositphotos_93978032_s-2019-768x538.jpg 768w, https:\/\/www.organisator.ch\/wp-content\/uploads\/2021\/07\/Depositphotos_93978032_s-2019-16x12.jpg 16w, https:\/\/www.organisator.ch\/wp-content\/uploads\/2021\/07\/Depositphotos_93978032_s-2019-250x175.jpg 250w, https:\/\/www.organisator.ch\/wp-content\/uploads\/2021\/07\/Depositphotos_93978032_s-2019-500x350.jpg 500w, https:\/\/www.organisator.ch\/wp-content\/uploads\/2021\/07\/Depositphotos_93978032_s-2019-920x644.jpg 920w, https:\/\/www.organisator.ch\/wp-content\/uploads\/2021\/07\/Depositphotos_93978032_s-2019-300x210.jpg 300w\" sizes=\"auto, (max-width: 680px) 100vw, 680px\" \/><figcaption id=\"caption-attachment-8283\" class=\"wp-caption-text\">Innosuisse est satisfaite de la volont\u00e9 d'innovation des PME. \u00a9 Depositphotos, SergeyNivens<\/figcaption><\/figure>\n<p>D\u00e9but 2021, Innosuisse a relanc\u00e9 deux initiatives de promotion. Annalise Eggimann, directrice d'Innosuisse, est satisfaite de ce lancement : \"L'ann\u00e9e derni\u00e8re d\u00e9j\u00e0, nous avons pu constater que les entreprises suisses font avancer leurs innovations, en particulier en temps de crise. Je suis heureuse de constater que cette volont\u00e9 d'innovation se poursuit cette ann\u00e9e\". C'est d'ailleurs une n\u00e9cessit\u00e9 urgente, confirme Eggimann, car la crise li\u00e9e \u00e0 la pand\u00e9mie de Covid-19 a massivement acc\u00e9l\u00e9r\u00e9 le besoin de changements structurels et notamment de num\u00e9risation de l'\u00e9conomie.<\/p>\n<h2><strong>Bilan interm\u00e9diaire positif<\/strong><\/h2>\n<p>Apr\u00e8s six mois d\u00e9j\u00e0, il s'av\u00e8re que le programme d'impulsion r\u00e9pond \u00e0 un grand besoin des entreprises suisses. Avec ce programme, la Conf\u00e9d\u00e9ration souhaite stimuler de mani\u00e8re cibl\u00e9e les projets d'innovation bas\u00e9s sur la science des PME comptant jusqu'\u00e0 500 emplois \u00e0 plein temps, en ces temps de pand\u00e9mie du Covid-19. Au premier semestre 2021, le Conseil d'innovation d'Innosuisse a approuv\u00e9 72 projets d'innovation d'impulsion pour un montant total de 33,1 millions de francs. Jusqu'\u00e0 pr\u00e9sent, c'est surtout la premi\u00e8re mesure sp\u00e9ciale, qui pr\u00e9voit une r\u00e9duction de la contribution propre des PME en tant que partenaires de mise en \u0153uvre de 50% \u00e0 30% ainsi qu'une possible dispense de la contribution en esp\u00e8ces, qui a \u00e9t\u00e9 demand\u00e9e, comme l'\u00e9crit l'Agence suisse pour la promotion de l'innovation. L'\u00e9ventail des projets soutenus ici est vari\u00e9 : dans le domaine des sciences sociales et de la gestion d'entreprise, Innosuisse soutient par exemple le d\u00e9veloppement d'un \"Sharing Potential Accelerator\" qui, gr\u00e2ce \u00e0 des analyses, identifie les objets individuels temporairement inutilis\u00e9s et tente ensuite de les louer. Le projet \"VocalHUM\" dans le domaine des TIC permet de d\u00e9velopper un syst\u00e8me intelligent qui am\u00e9liore la communication entre les soignants et les patients alit\u00e9s en augmentant leur intelligibilit\u00e9 vocale en temps r\u00e9el.<\/p>\n<h2><strong>226 millions de francs r\u00e9serv\u00e9s au programme d'impulsion<\/strong><\/h2>\n<p>Selon les indications, les entreprises ont jusqu'\u00e0 pr\u00e9sent moins sollicit\u00e9 la deuxi\u00e8me mesure. Avec celle-ci, Innosuisse veut soutenir les projets d'innovation des PME qui s'attaquent aux changements structurels dus \u00e0 la pand\u00e9mie ou qui ont le potentiel d'innovations disruptives ou radicales. En outre, ces projets d'innovation doivent n\u00e9cessiter les connaissances sp\u00e9cifiques d'un prestataire tiers sp\u00e9cialis\u00e9, est-il pr\u00e9cis\u00e9.<\/p>\n<p>Dans le domaine des sciences de la vie, Innosuisse a par exemple approuv\u00e9 un projet visant \u00e0 maximiser le potentiel des vaccins ARNm-Covid-19 par le d\u00e9veloppement d'un nouveau syst\u00e8me de support de vaccin, afin d'am\u00e9liorer leur efficacit\u00e9, leur stabilit\u00e9 et leur rentabilit\u00e9. La soumission de projets d'innovation dans le cadre du programme d'impulsion est encore possible jusqu'\u00e0 fin 2022. Au total, 226 millions sont r\u00e9serv\u00e9s \u00e0 la promotion du programme d'impulsion.<\/p>\n<h2><strong>78 pr\u00e9-propositions soumises pour des projets phares<\/strong><\/h2>\n<p>L'initiative Flagship suscite \u00e9galement un grand int\u00e9r\u00eat, comme le souligne Innosuisse. Ce programme a \u00e9t\u00e9 lanc\u00e9 en janvier 2021 afin de donner des impulsions aux innovations syst\u00e9miques, compte tenu des d\u00e9fis \u00e9conomiques et sociaux actuels de la Suisse. Dans le cadre de la premi\u00e8re mise au concours, 43 pr\u00e9-propositions ont \u00e9t\u00e9 soumises pour le premier axe th\u00e9matique \"Ma\u00eetriser l'acc\u00e9l\u00e9ration de la transformation num\u00e9rique induite par Covid-19\" et 35 pour le deuxi\u00e8me axe th\u00e9matique \"Am\u00e9liorer la r\u00e9silience et la durabilit\u00e9 et r\u00e9duire la vuln\u00e9rabilit\u00e9 de la soci\u00e9t\u00e9, des infrastructures et des processus\". Apr\u00e8s une premi\u00e8re \u00e9valuation, le Conseil de l'innovation a recommand\u00e9 \u00e0 33 consortiums de soumettre une proposition compl\u00e8te avant le 13 ao\u00fbt 2021. La d\u00e9cision d\u00e9finitive sera prise d\u00e9but octobre. Les premiers Flagships pourraient alors \u00eatre lanc\u00e9s.<\/p>\n<h2><strong>Les activit\u00e9s de promotion r\u00e9guli\u00e8res sont sur la bonne voie<\/strong><\/h2>\n<p>Selon Innosuisse, les activit\u00e9s d'encouragement r\u00e9guli\u00e8res se poursuivent \u00e9galement \u00e0 un tr\u00e8s bon niveau au premier semestre 2021. Les chiffres actuels concernant les projets d'innovation nationaux et internationaux, le programme de coaching pour start-up et l'offre de mentoring se trouvent dans la feuille de chiffres.<\/p>\n<p><a href=\"http:\/\/www.newsd.admin.ch\/newsd\/message\/attachments\/67593.pdf\"><em>Cliquez ici pour consulter les chiffres relatifs aux activit\u00e9s de promotion d'Innosuisse au 1er semestre 2021.<\/em><\/a><\/p>\n<p>&nbsp;<\/p>\n<p><strong><em>Autres th\u00e8mes :<\/em><\/strong><\/p>\n<p><em><a href=\"https:\/\/www.organisator.ch\/corona-krise-bremst-nachhaltige-innovationen-in-schweizer-kmu\/\">La crise de Corona freine l'innovation durable dans les PME suisses<\/a><\/em><\/p>\n<p>&nbsp;<\/p>","protected":false},"excerpt":{"rendered":"<p>Anfang 2021 hat Innosuisse zwei F\u00f6rderinitiativen neu lanciert. Annalise Eggimann, Direktorin von Innosuisse, ist zufrieden mit dem Start: \u00abDass Schweizer Unternehmen gerade auch in Krisenzeiten ihre Innovationen vorantreiben, hat uns bereits das vergangene Jahr gezeigt. Es freut mich, dass sich dieser Innovationswille auch in diesem Jahr fortsetzt\u00bb. Dies sei auch dringend n\u00f6tig, bekr\u00e4ftigt Eggimann, denn [&hellip;]<\/p>\n","protected":false},"author":6,"featured_media":8283,"comment_status":"closed","ping_status":"closed","sticky":false,"template":"","format":"standard","meta":{"_acf_changed":false,"_yoast_wpseo_focuskw":"Innosuisse","_yoast_wpseo_metadesc":"Unternehmen bereits 224 Innovationsprojekte an Innosuisse eingereicht. Noch bis Ende 2022 ist die Projekteingabe im Rahmen des Impulsprogramms m\u00f6glich.","articlekey":"","footnotes":""},"categories":[1],"tags":[216,273,274],"class_list":["post-8282","post","type-post","status-publish","format-standard","has-post-thumbnail","hentry","category-allgemein","tag-foerderagentur","tag-innosuisse","tag-innovation"],"acf":[],"yoast_head":"<!-- This site is optimized with the Yoast SEO plugin v27.5 - https:\/\/yoast.com\/product\/yoast-seo-wordpress\/ -->\n<title>Grosse Nachfrage von KMU nach neuen F\u00f6rderinitiativen - Organisator<\/title>\n<meta name=\"description\" content=\"Unternehmen bereits 224 Innovationsprojekte an Innosuisse eingereicht. Noch bis Ende 2022 ist die Projekteingabe im Rahmen des Impulsprogramms m\u00f6glich.\" \/>\n<meta name=\"robots\" content=\"index, follow, max-snippet:-1, max-image-preview:large, max-video-preview:-1\" \/>\n<link rel=\"canonical\" href=\"https:\/\/www.organisator.ch\/fr\/general\/2021-07-15\/grosse-kmu-nachfrage-nach-neuen-foerderinitiativen\/\" \/>\n<meta property=\"og:locale\" content=\"fr_FR\" \/>\n<meta property=\"og:type\" content=\"article\" \/>\n<meta property=\"og:title\" content=\"Grosse Nachfrage von KMU nach neuen F\u00f6rderinitiativen - Organisator\" \/>\n<meta property=\"og:description\" content=\"Unternehmen bereits 224 Innovationsprojekte an Innosuisse eingereicht. Noch bis Ende 2022 ist die Projekteingabe im Rahmen des Impulsprogramms m\u00f6glich.\" \/>\n<meta property=\"og:url\" content=\"https:\/\/www.organisator.ch\/fr\/general\/2021-07-15\/grosse-kmu-nachfrage-nach-neuen-foerderinitiativen\/\" \/>\n<meta property=\"og:site_name\" content=\"Organisator\" \/>\n<meta property=\"article:publisher\" content=\"https:\/\/www.facebook.com\/OrganisatorFachmagazin\" \/>\n<meta property=\"article:published_time\" content=\"2021-07-15T13:03:14+00:00\" \/>\n<meta property=\"og:image\" content=\"https:\/\/www.organisator.ch\/wp-content\/uploads\/2021\/07\/Depositphotos_93978032_s-2019.jpg\" \/>\n\t<meta property=\"og:image:width\" content=\"1000\" \/>\n\t<meta property=\"og:image:height\" content=\"700\" \/>\n\t<meta property=\"og:image:type\" content=\"image\/jpeg\" \/>\n<meta name=\"author\" content=\"roger.straessle\" \/>\n<meta name=\"twitter:card\" content=\"summary_large_image\" \/>\n<script type=\"application\/ld+json\" class=\"yoast-schema-graph\">{\"@context\":\"https:\\\/\\\/schema.org\",\"@graph\":[{\"@type\":\"Article\",\"@id\":\"https:\\\/\\\/www.organisator.ch\\\/fr\\\/general\\\/2021-07-15\\\/grosse-kmu-nachfrage-nach-neuen-foerderinitiativen\\\/#article\",\"isPartOf\":{\"@id\":\"https:\\\/\\\/www.organisator.ch\\\/fr\\\/general\\\/2021-07-15\\\/grosse-kmu-nachfrage-nach-neuen-foerderinitiativen\\\/\"},\"author\":{\"name\":\"roger.straessle\",\"@id\":\"https:\\\/\\\/www.organisator.ch\\\/#\\\/schema\\\/person\\\/a800b8c54e208b160517a7dcc323161d\"},\"headline\":\"Grosse Nachfrage von KMU nach neuen F\u00f6rderinitiativen\",\"datePublished\":\"2021-07-15T13:03:14+00:00\",\"mainEntityOfPage\":{\"@id\":\"https:\\\/\\\/www.organisator.ch\\\/fr\\\/general\\\/2021-07-15\\\/grosse-kmu-nachfrage-nach-neuen-foerderinitiativen\\\/\"},\"wordCount\":581,\"publisher\":{\"@id\":\"https:\\\/\\\/www.organisator.ch\\\/#organization\"},\"image\":{\"@id\":\"https:\\\/\\\/www.organisator.ch\\\/fr\\\/general\\\/2021-07-15\\\/grosse-kmu-nachfrage-nach-neuen-foerderinitiativen\\\/#primaryimage\"},\"thumbnailUrl\":\"https:\\\/\\\/www.organisator.ch\\\/wp-content\\\/uploads\\\/2021\\\/07\\\/Depositphotos_93978032_s-2019.jpg\",\"keywords\":[\"F\u00f6rderagentur\",\"Innosuisse\",\"Innovation\"],\"articleSection\":[\"Allgemein\"],\"inLanguage\":\"fr-FR\"},{\"@type\":\"WebPage\",\"@id\":\"https:\\\/\\\/www.organisator.ch\\\/fr\\\/general\\\/2021-07-15\\\/grosse-kmu-nachfrage-nach-neuen-foerderinitiativen\\\/\",\"url\":\"https:\\\/\\\/www.organisator.ch\\\/fr\\\/general\\\/2021-07-15\\\/grosse-kmu-nachfrage-nach-neuen-foerderinitiativen\\\/\",\"name\":\"Grosse Nachfrage von KMU nach neuen F\u00f6rderinitiativen - Organisator\",\"isPartOf\":{\"@id\":\"https:\\\/\\\/www.organisator.ch\\\/#website\"},\"primaryImageOfPage\":{\"@id\":\"https:\\\/\\\/www.organisator.ch\\\/fr\\\/general\\\/2021-07-15\\\/grosse-kmu-nachfrage-nach-neuen-foerderinitiativen\\\/#primaryimage\"},\"image\":{\"@id\":\"https:\\\/\\\/www.organisator.ch\\\/fr\\\/general\\\/2021-07-15\\\/grosse-kmu-nachfrage-nach-neuen-foerderinitiativen\\\/#primaryimage\"},\"thumbnailUrl\":\"https:\\\/\\\/www.organisator.ch\\\/wp-content\\\/uploads\\\/2021\\\/07\\\/Depositphotos_93978032_s-2019.jpg\",\"datePublished\":\"2021-07-15T13:03:14+00:00\",\"description\":\"Unternehmen bereits 224 Innovationsprojekte an Innosuisse eingereicht. Noch bis Ende 2022 ist die Projekteingabe im Rahmen des Impulsprogramms m\u00f6glich.\",\"breadcrumb\":{\"@id\":\"https:\\\/\\\/www.organisator.ch\\\/fr\\\/general\\\/2021-07-15\\\/grosse-kmu-nachfrage-nach-neuen-foerderinitiativen\\\/#breadcrumb\"},\"inLanguage\":\"fr-FR\",\"potentialAction\":[{\"@type\":\"ReadAction\",\"target\":[\"https:\\\/\\\/www.organisator.ch\\\/fr\\\/general\\\/2021-07-15\\\/grosse-kmu-nachfrage-nach-neuen-foerderinitiativen\\\/\"]}]},{\"@type\":\"ImageObject\",\"inLanguage\":\"fr-FR\",\"@id\":\"https:\\\/\\\/www.organisator.ch\\\/fr\\\/general\\\/2021-07-15\\\/grosse-kmu-nachfrage-nach-neuen-foerderinitiativen\\\/#primaryimage\",\"url\":\"https:\\\/\\\/www.organisator.ch\\\/wp-content\\\/uploads\\\/2021\\\/07\\\/Depositphotos_93978032_s-2019.jpg\",\"contentUrl\":\"https:\\\/\\\/www.organisator.ch\\\/wp-content\\\/uploads\\\/2021\\\/07\\\/Depositphotos_93978032_s-2019.jpg\",\"width\":1000,\"height\":700,\"caption\":\"\u00a9 Depositphotos, SergeyNivens\"},{\"@type\":\"BreadcrumbList\",\"@id\":\"https:\\\/\\\/www.organisator.ch\\\/fr\\\/general\\\/2021-07-15\\\/grosse-kmu-nachfrage-nach-neuen-foerderinitiativen\\\/#breadcrumb\",\"itemListElement\":[{\"@type\":\"ListItem\",\"position\":1,\"name\":\"Home\",\"item\":\"https:\\\/\\\/www.organisator.ch\\\/\"},{\"@type\":\"ListItem\",\"position\":2,\"name\":\"Grosse Nachfrage von KMU nach neuen F\u00f6rderinitiativen\"}]},{\"@type\":\"WebSite\",\"@id\":\"https:\\\/\\\/www.organisator.ch\\\/#website\",\"url\":\"https:\\\/\\\/www.organisator.ch\\\/\",\"name\":\"Organisator\",\"description\":\"Kompetent. Praxisnah. Der ORGANISATOR bereitet in 10 Ausgaben pro Jahr die wesentlichen Themen f\u00fcr F\u00fchrungskr\u00e4fte von KMU auf.\",\"publisher\":{\"@id\":\"https:\\\/\\\/www.organisator.ch\\\/#organization\"},\"potentialAction\":[{\"@type\":\"SearchAction\",\"target\":{\"@type\":\"EntryPoint\",\"urlTemplate\":\"https:\\\/\\\/www.organisator.ch\\\/?s={search_term_string}\"},\"query-input\":{\"@type\":\"PropertyValueSpecification\",\"valueRequired\":true,\"valueName\":\"search_term_string\"}}],\"inLanguage\":\"fr-FR\"},{\"@type\":\"Organization\",\"@id\":\"https:\\\/\\\/www.organisator.ch\\\/#organization\",\"name\":\"Organisator\",\"url\":\"https:\\\/\\\/www.organisator.ch\\\/\",\"logo\":{\"@type\":\"ImageObject\",\"inLanguage\":\"fr-FR\",\"@id\":\"https:\\\/\\\/www.organisator.ch\\\/#\\\/schema\\\/logo\\\/image\\\/\",\"url\":\"https:\\\/\\\/www.organisator.ch\\\/wp-content\\\/uploads\\\/2022\\\/01\\\/Logo_Organisator_Website.png\",\"contentUrl\":\"https:\\\/\\\/www.organisator.ch\\\/wp-content\\\/uploads\\\/2022\\\/01\\\/Logo_Organisator_Website.png\",\"width\":800,\"height\":77,\"caption\":\"Organisator\"},\"image\":{\"@id\":\"https:\\\/\\\/www.organisator.ch\\\/#\\\/schema\\\/logo\\\/image\\\/\"},\"sameAs\":[\"https:\\\/\\\/www.facebook.com\\\/OrganisatorFachmagazin\",\"https:\\\/\\\/www.linkedin.com\\\/showcase\\\/organisator-das-magazin-fr-kmu\",\"https:\\\/\\\/www.xing.com\\\/news\\\/pages\\\/organisator-ch-695\",\"https:\\\/\\\/www.youtube.com\\\/channel\\\/UCGP2Sq0iWaZwT3BdIAQFYpw\"]},{\"@type\":\"Person\",\"@id\":\"https:\\\/\\\/www.organisator.ch\\\/#\\\/schema\\\/person\\\/a800b8c54e208b160517a7dcc323161d\",\"name\":\"roger.straessle\",\"image\":{\"@type\":\"ImageObject\",\"inLanguage\":\"fr-FR\",\"@id\":\"https:\\\/\\\/secure.gravatar.com\\\/avatar\\\/?s=96&d=mm&r=g\",\"url\":\"https:\\\/\\\/secure.gravatar.com\\\/avatar\\\/?s=96&d=mm&r=g\",\"contentUrl\":\"https:\\\/\\\/secure.gravatar.com\\\/avatar\\\/?s=96&d=mm&r=g\",\"caption\":\"roger.straessle\"},\"url\":\"https:\\\/\\\/www.organisator.ch\\\/fr\\\/author\\\/roger-straessle\\\/\"}]}<\/script>\n<!-- \/ Yoast SEO plugin. -->","yoast_head_json":{"title":"Forte demande des PME pour de nouvelles initiatives de soutien - Organisateur","description":"entreprises ont d\u00e9j\u00e0 soumis 224 projets d'innovation \u00e0 Innosuisse. Il est encore possible de soumettre des projets dans le cadre du programme d'impulsion jusqu'\u00e0 fin 2022.","robots":{"index":"index","follow":"follow","max-snippet":"max-snippet:-1","max-image-preview":"max-image-preview:large","max-video-preview":"max-video-preview:-1"},"canonical":"https:\/\/www.organisator.ch\/fr\/general\/2021-07-15\/grosse-kmu-nachfrage-nach-neuen-foerderinitiativen\/","og_locale":"fr_FR","og_type":"article","og_title":"Grosse Nachfrage von KMU nach neuen F\u00f6rderinitiativen - Organisator","og_description":"Unternehmen bereits 224 Innovationsprojekte an Innosuisse eingereicht. Noch bis Ende 2022 ist die Projekteingabe im Rahmen des Impulsprogramms m\u00f6glich.","og_url":"https:\/\/www.organisator.ch\/fr\/general\/2021-07-15\/grosse-kmu-nachfrage-nach-neuen-foerderinitiativen\/","og_site_name":"Organisator","article_publisher":"https:\/\/www.facebook.com\/OrganisatorFachmagazin","article_published_time":"2021-07-15T13:03:14+00:00","og_image":[{"width":1000,"height":700,"url":"https:\/\/www.organisator.ch\/wp-content\/uploads\/2021\/07\/Depositphotos_93978032_s-2019.jpg","type":"image\/jpeg"}],"author":"roger.straessle","twitter_card":"summary_large_image","schema":{"@context":"https:\/\/schema.org","@graph":[{"@type":"Article","@id":"https:\/\/www.organisator.ch\/fr\/general\/2021-07-15\/grosse-kmu-nachfrage-nach-neuen-foerderinitiativen\/#article","isPartOf":{"@id":"https:\/\/www.organisator.ch\/fr\/general\/2021-07-15\/grosse-kmu-nachfrage-nach-neuen-foerderinitiativen\/"},"author":{"name":"roger.straessle","@id":"https:\/\/www.organisator.ch\/#\/schema\/person\/a800b8c54e208b160517a7dcc323161d"},"headline":"Grosse Nachfrage von KMU nach neuen F\u00f6rderinitiativen","datePublished":"2021-07-15T13:03:14+00:00","mainEntityOfPage":{"@id":"https:\/\/www.organisator.ch\/fr\/general\/2021-07-15\/grosse-kmu-nachfrage-nach-neuen-foerderinitiativen\/"},"wordCount":581,"publisher":{"@id":"https:\/\/www.organisator.ch\/#organization"},"image":{"@id":"https:\/\/www.organisator.ch\/fr\/general\/2021-07-15\/grosse-kmu-nachfrage-nach-neuen-foerderinitiativen\/#primaryimage"},"thumbnailUrl":"https:\/\/www.organisator.ch\/wp-content\/uploads\/2021\/07\/Depositphotos_93978032_s-2019.jpg","keywords":["F\u00f6rderagentur","Innosuisse","Innovation"],"articleSection":["Allgemein"],"inLanguage":"fr-FR"},{"@type":"WebPage","@id":"https:\/\/www.organisator.ch\/fr\/general\/2021-07-15\/grosse-kmu-nachfrage-nach-neuen-foerderinitiativen\/","url":"https:\/\/www.organisator.ch\/fr\/general\/2021-07-15\/grosse-kmu-nachfrage-nach-neuen-foerderinitiativen\/","name":"Forte demande des PME pour de nouvelles initiatives de soutien - Organisateur","isPartOf":{"@id":"https:\/\/www.organisator.ch\/#website"},"primaryImageOfPage":{"@id":"https:\/\/www.organisator.ch\/fr\/general\/2021-07-15\/grosse-kmu-nachfrage-nach-neuen-foerderinitiativen\/#primaryimage"},"image":{"@id":"https:\/\/www.organisator.ch\/fr\/general\/2021-07-15\/grosse-kmu-nachfrage-nach-neuen-foerderinitiativen\/#primaryimage"},"thumbnailUrl":"https:\/\/www.organisator.ch\/wp-content\/uploads\/2021\/07\/Depositphotos_93978032_s-2019.jpg","datePublished":"2021-07-15T13:03:14+00:00","description":"entreprises ont d\u00e9j\u00e0 soumis 224 projets d'innovation \u00e0 Innosuisse. Il est encore possible de soumettre des projets dans le cadre du programme d'impulsion jusqu'\u00e0 fin 2022.","breadcrumb":{"@id":"https:\/\/www.organisator.ch\/fr\/general\/2021-07-15\/grosse-kmu-nachfrage-nach-neuen-foerderinitiativen\/#breadcrumb"},"inLanguage":"fr-FR","potentialAction":[{"@type":"ReadAction","target":["https:\/\/www.organisator.ch\/fr\/general\/2021-07-15\/grosse-kmu-nachfrage-nach-neuen-foerderinitiativen\/"]}]},{"@type":"ImageObject","inLanguage":"fr-FR","@id":"https:\/\/www.organisator.ch\/fr\/general\/2021-07-15\/grosse-kmu-nachfrage-nach-neuen-foerderinitiativen\/#primaryimage","url":"https:\/\/www.organisator.ch\/wp-content\/uploads\/2021\/07\/Depositphotos_93978032_s-2019.jpg","contentUrl":"https:\/\/www.organisator.ch\/wp-content\/uploads\/2021\/07\/Depositphotos_93978032_s-2019.jpg","width":1000,"height":700,"caption":"\u00a9 Depositphotos, SergeyNivens"},{"@type":"BreadcrumbList","@id":"https:\/\/www.organisator.ch\/fr\/general\/2021-07-15\/grosse-kmu-nachfrage-nach-neuen-foerderinitiativen\/#breadcrumb","itemListElement":[{"@type":"ListItem","position":1,"name":"Home","item":"https:\/\/www.organisator.ch\/"},{"@type":"ListItem","position":2,"name":"Grosse Nachfrage von KMU nach neuen F\u00f6rderinitiativen"}]},{"@type":"WebSite","@id":"https:\/\/www.organisator.ch\/#website","url":"https:\/\/www.organisator.ch\/","name":"Organisateur","description":"Comp\u00e9tence et comp\u00e9tence. Proches de la pratique. L'ORGANISATEUR pr\u00e9pare 10 num\u00e9ros par an sur les th\u00e8mes essentiels pour les dirigeants de PME.","publisher":{"@id":"https:\/\/www.organisator.ch\/#organization"},"potentialAction":[{"@type":"SearchAction","target":{"@type":"EntryPoint","urlTemplate":"https:\/\/www.organisator.ch\/?s={search_term_string}"},"query-input":{"@type":"PropertyValueSpecification","valueRequired":true,"valueName":"search_term_string"}}],"inLanguage":"fr-FR"},{"@type":"Organization","@id":"https:\/\/www.organisator.ch\/#organization","name":"Organisateur","url":"https:\/\/www.organisator.ch\/","logo":{"@type":"ImageObject","inLanguage":"fr-FR","@id":"https:\/\/www.organisator.ch\/#\/schema\/logo\/image\/","url":"https:\/\/www.organisator.ch\/wp-content\/uploads\/2022\/01\/Logo_Organisator_Website.png","contentUrl":"https:\/\/www.organisator.ch\/wp-content\/uploads\/2022\/01\/Logo_Organisator_Website.png","width":800,"height":77,"caption":"Organisator"},"image":{"@id":"https:\/\/www.organisator.ch\/#\/schema\/logo\/image\/"},"sameAs":["https:\/\/www.facebook.com\/OrganisatorFachmagazin","https:\/\/www.linkedin.com\/showcase\/organisator-das-magazin-fr-kmu","https:\/\/www.xing.com\/news\/pages\/organisator-ch-695","https:\/\/www.youtube.com\/channel\/UCGP2Sq0iWaZwT3BdIAQFYpw"]},{"@type":"Person","@id":"https:\/\/www.organisator.ch\/#\/schema\/person\/a800b8c54e208b160517a7dcc323161d","name":"roger.straessle","image":{"@type":"ImageObject","inLanguage":"fr-FR","@id":"https:\/\/secure.gravatar.com\/avatar\/?s=96&d=mm&r=g","url":"https:\/\/secure.gravatar.com\/avatar\/?s=96&d=mm&r=g","contentUrl":"https:\/\/secure.gravatar.com\/avatar\/?s=96&d=mm&r=g","caption":"roger.straessle"},"url":"https:\/\/www.organisator.ch\/fr\/author\/roger-straessle\/"}]}},"_links":{"self":[{"href":"https:\/\/www.organisator.ch\/fr\/wp-json\/wp\/v2\/posts\/8282","targetHints":{"allow":["GET"]}}],"collection":[{"href":"https:\/\/www.organisator.ch\/fr\/wp-json\/wp\/v2\/posts"}],"about":[{"href":"https:\/\/www.organisator.ch\/fr\/wp-json\/wp\/v2\/types\/post"}],"author":[{"embeddable":true,"href":"https:\/\/www.organisator.ch\/fr\/wp-json\/wp\/v2\/users\/6"}],"replies":[{"embeddable":true,"href":"https:\/\/www.organisator.ch\/fr\/wp-json\/wp\/v2\/comments?post=8282"}],"version-history":[{"count":0,"href":"https:\/\/www.organisator.ch\/fr\/wp-json\/wp\/v2\/posts\/8282\/revisions"}],"wp:featuredmedia":[{"embeddable":true,"href":"https:\/\/www.organisator.ch\/fr\/wp-json\/wp\/v2\/media\/8283"}],"wp:attachment":[{"href":"https:\/\/www.organisator.ch\/fr\/wp-json\/wp\/v2\/media?parent=8282"}],"wp:term":[{"taxonomy":"category","embeddable":true,"href":"https:\/\/www.organisator.ch\/fr\/wp-json\/wp\/v2\/categories?post=8282"},{"taxonomy":"post_tag","embeddable":true,"href":"https:\/\/www.organisator.ch\/fr\/wp-json\/wp\/v2\/tags?post=8282"}],"curies":[{"name":"wp","href":"https:\/\/api.w.org\/{rel}","templated":true}]}}