{"id":832,"date":"2016-06-30T17:09:23","date_gmt":"2016-06-30T15:09:23","guid":{"rendered":"http:\/\/dev.organisator.ch\/?p=832"},"modified":"2016-06-30T17:09:23","modified_gmt":"2016-06-30T15:09:23","slug":"in-der-baubranche-fehlen-immer-noch-3000-lernende","status":"publish","type":"post","link":"https:\/\/www.organisator.ch\/fr\/human-resources\/hrm\/2016-06-30\/in-der-baubranche-fehlen-immer-noch-3000-lernende\/","title":{"rendered":"Il manque toujours 3000 apprentis dans le secteur de la construction"},"content":{"rendered":"<figure id=\"attachment_835\" aria-describedby=\"caption-attachment-835\" style=\"width: 640px\" class=\"wp-caption alignnone\"><img loading=\"lazy\" decoding=\"async\" class=\"size-full wp-image-835\" src=\"https:\/\/www.organisator.ch\/wp-content\/uploads\/2016\/12\/In-der-Baubranche-fehlen-immer-noch-3000-Lernende-organisator.jpg\" alt=\"\" width=\"640\" height=\"425\" srcset=\"https:\/\/www.organisator.ch\/wp-content\/uploads\/2016\/12\/In-der-Baubranche-fehlen-immer-noch-3000-Lernende-organisator.jpg 640w, https:\/\/www.organisator.ch\/wp-content\/uploads\/2016\/12\/In-der-Baubranche-fehlen-immer-noch-3000-Lernende-organisator-16x12.jpg 16w, https:\/\/www.organisator.ch\/wp-content\/uploads\/2016\/12\/In-der-Baubranche-fehlen-immer-noch-3000-Lernende-organisator-264x175.jpg 264w, https:\/\/www.organisator.ch\/wp-content\/uploads\/2016\/12\/In-der-Baubranche-fehlen-immer-noch-3000-Lernende-organisator-527x350.jpg 527w, https:\/\/www.organisator.ch\/wp-content\/uploads\/2016\/12\/In-der-Baubranche-fehlen-immer-noch-3000-Lernende-organisator-300x199.jpg 300w\" sizes=\"auto, (max-width: 640px) 100vw, 640px\" \/><figcaption id=\"caption-attachment-835\" class=\"wp-caption-text\">Six apprentis des m\u00e9tiers du b\u00e2timent avec leurs ma\u00eetres d'apprentissage lors d'une conf\u00e9rence de presse. (Image : thb)<\/figcaption><\/figure>\n<p>Il y a quelques ann\u00e9es encore, c'\u00e9tait l'inverse : trop de jeunes en fin de scolarit\u00e9 se pr\u00e9sentaient pour trop peu de places d'apprentissage. Mais la tendance s'est d\u00e9sormais invers\u00e9e et ne change pas en 2016, notamment dans le secteur de la construction. Les derniers chiffres publi\u00e9s par le SBFI signalent m\u00eame une augmentation du nombre de places d'apprentissage non pourvues par rapport \u00e0 2015. Selon orientation.ch, les cantons qui comptent le plus de places d'apprentissage ouvertes dans la construction sont Saint-Gall (470), Zurich (402), Berne (304). Le SBFI ne recense pas les places d'apprentissage ouvertes par branche et par canton. La situation des places d'apprentissage dans le secteur de la construction s'est donc globalement aggrav\u00e9e. Cela a des r\u00e9percussions sur l'ensemble de l'\u00e9conomie. En effet, la construction ne contribue pas seulement \u00e0 hauteur d'environ 6% au PIB - devant les banques ; elle occupe \u00e9galement une position cl\u00e9 dans la conjoncture et dans la mise en \u0153uvre de la strat\u00e9gie \u00e9nerg\u00e9tique de la Conf\u00e9d\u00e9ration. En effet, les b\u00e2timents rec\u00e8lent un potentiel d'\u00e9conomie d'\u00e9nergie pouvant atteindre 50%. Or, jusqu'\u00e0 pr\u00e9sent, seuls 1% de b\u00e2timents n\u00e9cessitant une r\u00e9novation sont r\u00e9nov\u00e9s chaque ann\u00e9e.<\/p>\n<p><strong>Des profils professionnels attrayants avec de grandes opportunit\u00e9s de carri\u00e8re<\/strong><\/p>\n<p>Il existe une cinquantaine de m\u00e9tiers dans la construction, o\u00f9 les salaires sont souvent tr\u00e8s \u00e9lev\u00e9s. Les carri\u00e8res rapides ne sont pas rares. Celui qui commence aujourd'hui un apprentissage dans la construction dirige d\u00e9j\u00e0 des chantiers et exerce des fonctions de cadre dans des entreprises de construction dans les cinq ans au plus tard. Le syst\u00e8me de formation professionnelle dual de la Suisse facilite en outre l'acc\u00e8s \u00e0 la voie acad\u00e9mique. Lors d'un point de presse organis\u00e9 par bausinn.ch le 29 juin 2016, six apprentis de six branches de la construction ont montr\u00e9 \u00e0 quel point les activit\u00e9s dans la construction sont exigeantes et passionnantes. Depuis des ann\u00e9es, toutes les branches et les m\u00e9dias parlent des apprentis. Lors de la rencontre avec les m\u00e9dias organis\u00e9e aujourd'hui par bausinn.ch au Mus\u00e9e national, les apprentis ont parl\u00e9 les yeux dans les yeux avec les journalistes ; pour la toute premi\u00e8re fois, les apprentis \u00e9taient les personnages principaux d'un \u00e9v\u00e9nement m\u00e9diatique. Les six jeunes hommes sont monteur d'\u00e9chafaudages, peintre, ma\u00e7on, soudeur, constructeur m\u00e9tallique et polyb\u00e2tisseur. Ils ne sont pas seulement capables de planifier, de mettre la main \u00e0 la p\u00e2te et de r\u00e9aliser des projets d\u00e8s leur plus jeune \u00e2ge. Ils apprennent aussi et surtout \u00e0 travailler en \u00e9quipe et \u00e0 g\u00e9rer la pression des d\u00e9lais et les changements de processus. Ils sont ainsi bien arm\u00e9s pour faire carri\u00e8re \u00e0 tout moment.<\/p>\n<ul>\n<li><strong>Monteur d'\u00e9chafaudages Andrea Baltensperger de Winterthur, 3e ann\u00e9e d'apprentissage :<\/strong> \"Les \u00e9chafaudages assurent la s\u00e9curit\u00e9 du travail dans la construction. Tout le monde conna\u00eet les \u00e9chafaudages dans les b\u00e2timents. Ils sont \u00e9galement importants pour les ponts, comme par exemple la r\u00e9novation du pont Quai \u00e0 Zurich. Pour la construction d'\u00e9chafaudages de ponts, quelqu'un doit avoir une grande exp\u00e9rience en math\u00e9matiques. Car ici, la statique doit \u00eatre calcul\u00e9e\". Apr\u00e8s son apprentissage, il pr\u00e9voit de suivre une formation de chef de groupe et souhaite ensuite devenir chef d'objet - ce dernier dessine des plans et contr\u00f4le les chantiers.<\/li>\n<li><strong>ma\u00e7on Robby Hinnen de Seuzach (ZH) :<\/strong> Robby Hinnen prouve \u00e0 quel point les jeunes talentueux peuvent aller vite et loin dans la construction. Il a termin\u00e9 son apprentissage de trois ans comme ma\u00e7on en 2015. \"Je sais maintenant beaucoup de choses sur les mat\u00e9riaux comme le b\u00e9ton et la pierre. Je connais le d\u00e9roulement des chantiers et j'ai appris \u00e0 travailler en \u00e9quipe et aussi sous stress. Ce que je trouve particuli\u00e8rement passionnant, c'est de voir ce que l'on a fait. Le m\u00e9tier est tr\u00e8s vari\u00e9. Mon b\u00e2timent pr\u00e9f\u00e9r\u00e9 est le bloc d'habitation de mon patron\". Lors de la rencontre avec les m\u00e9dias, il a expliqu\u00e9 les nombreuses \u00e9tapes de la construction, qui a dur\u00e9 plusieurs jours, d'un mur de sout\u00e8nement a priori simple.<\/li>\n<li><strong>Constructeur m\u00e9tallique Alex Tr\u00fcb de Lausen (BL) :<\/strong> Qu'il construise des portes en aluminium, des portes en acier ou des jardins d'hiver dans son atelier et les monte ensuite sur le chantier, il appr\u00e9cie le sentiment de r\u00e9ussite rapide : \"Ce qui me pla\u00eet aussi, c'est de voir tout ce que l'on a accompli. Quand le client est content, on se pla\u00eet deux fois plus soi-m\u00eame\". Il recommande l'apprentissage de quatre ans \u00e0 tous ceux qui appr\u00e9cient le travail individuel et qui sont capables de trouver des solutions tr\u00e8s rapidement.<\/li>\n<li><strong>Sven Schl\u00fcchter, soudeur \u00e0 Bowil (BE), 1\u00e8re ann\u00e9e d'apprentissage :<\/strong> Sven Schl\u00fcchter, 16 ans, effectue un apprentissage de constructeur d'installations et d'appareils chez Ferdinand Steck Maschinenfabrik AG \u00e0 Bowil (BE). Lors de la rencontre avec les m\u00e9dias, Schl\u00fcchter a repr\u00e9sent\u00e9 un m\u00e9tier qui n'existe pas, mais pour lequel des championnats professionnels sont organis\u00e9s : Le soudeur. L'importance du soudage dans la construction ne cesse de cro\u00eetre. Avec les nouvelles normes europ\u00e9ennes, qui s'appliquent \u00e9galement en Suisse dans la construction depuis 2015, certains travaux n\u00e9cessitent une formation continue certifi\u00e9e en soudage. Ainsi, avec la norme EN 1090, les entreprises de construction m\u00e9tallique ne peuvent postuler pour certains projets que si elles emploient un soudeur certifi\u00e9.<\/li>\n<li><strong>Polyb\u00e2tisseur, Jan-Eric Allenbach de S\u00e4riswil (BE) :<\/strong> Avant d'entamer un apprentissage de polyb\u00e2tisseur sp\u00e9cialis\u00e9 dans la couverture, il a fr\u00e9quent\u00e9 le gymnase pendant un an. Il a d\u00fb se rendre \u00e0 l'\u00e9vidence : ce n'\u00e9tait pas vraiment son univers. Issu d'une entreprise familiale qui s'occupe \u00e9galement de couverture et de photovolta\u00efque, il s'est d\u00e9cid\u00e9 pour ce m\u00e9tier apr\u00e8s plusieurs stages d'initiation. Il ne s'inqui\u00e8te pas non plus pour son avenir : \"Chaque maison a besoin d'un toit ; ce m\u00e9tier ne dispara\u00eetra donc jamais. En ce qui concerne l'avenir, je consid\u00e8re la collaboration au tournant \u00e9nerg\u00e9tique comme une chance particuli\u00e8re\".<\/li>\n<li><strong>Peintre Stella Francescato de Thalwil, 1\u00e8re ann\u00e9e d'apprentissage : <\/strong>\"Pour n'\u00eatre qu'en premi\u00e8re ann\u00e9e d'apprentissage, j'ai d\u00e9j\u00e0 pu apprendre beaucoup de choses. M\u00eame \u00e0 l'\u00e9cole, j'ai pu acqu\u00e9rir des connaissances sur les mat\u00e9riaux les plus divers\". Pour elle, le m\u00e9tier de peintre est le plus beau de tous les m\u00e9tiers du b\u00e2timent. Ce qui l'int\u00e9resse avant tout, c'est l'aspect artistique ainsi que les travaux de finition, comme la peinture d\u00e9corative. Ce faisant, elle peut laisser libre cours \u00e0 sa cr\u00e9ativit\u00e9. Elle a \u00e9galement appris \u00e0 faire ses preuves en tant que femme sur le chantier.<\/li>\n<\/ul>\n<p>Ces six apprentis visent tous des formations continues apr\u00e8s l'obtention de leur dipl\u00f4me, afin de pouvoir reprendre plus tard soit des fonctions de direction, soit m\u00eame l'entreprise de leurs parents. Dans l'ensemble, ils ne se font pas de souci pour l'avenir de leur branche, car on construira toujours, et m\u00eame malgr\u00e9 la num\u00e9risation, on aura toujours besoin d'artisans bien form\u00e9s.<\/p>\n<p><strong>Pour une meilleure valorisation du secteur de la construction<\/strong><\/p>\n<p>La communaut\u00e9 d'int\u00e9r\u00eats bausinn.ch s'engage pour une meilleure valorisation du secteur suisse de la construction et pour la fiert\u00e9 professionnelle des professionnels de la construction. Les organisations responsables de bausinn.ch sont actuellement AM Suisse, Enveloppe des \u00e9difices Suisse, la Soci\u00e9t\u00e9 suisse des entrepreneurs (SSE), la Soci\u00e9t\u00e9 suisse des entrepreneurs en \u00e9chafaudages (SSEE), l'Association suisse des entrepreneurs pl\u00e2triers-peintres (ASEPP) et l'Association suisse pour la technique du soudage (ASS). Ueli B\u00fcchi, responsable de la politique de formation professionnelle de la Soci\u00e9t\u00e9 suisse des entrepreneurs (SSE), Siegfried Dauner, responsable de la formation professionnelle Metaltec d'AM Suisse, Mario Freda, pr\u00e9sident central de l'Association suisse des entrepreneurs pl\u00e2triers-peintres (ASEPP), Karin Gamma, directrice de MarKom &amp; Events Enveloppe des \u00e9difices Suisse, Marc Harzenmoser, directeur de l'Association suisse pour la technique de soudage (ASS), Josef Wiederkehr, pr\u00e9sident de l'Association suisse des entrepreneurs en \u00e9chafaudage (ASEG), ont r\u00e9pondu aux questions des m\u00e9dias lors de la rencontre. Les ma\u00eetres d'apprentissage des six apprentis ont \u00e9galement pris position et ont soulign\u00e9, \u00e0 travers leur propre parcours professionnel, la polyvalence des formations dans le b\u00e2timent.<\/p>\n<p><em>informations : <a href=\"http:\/\/www.bausinn.ch\" target=\"_blank\" data-cke-saved-href=\"http:\/\/www.bausinn.ch\" rel=\"noopener\">www.bausinn.ch<\/a> <\/em><\/p>\n<div id='gallery-1' class='gallery galleryid-832 gallery-columns-3 gallery-size-thumbnail'><figure class='gallery-item'>\n\t\t\t<div class='gallery-icon landscape'>\n\t\t\t\t<a href='https:\/\/www.organisator.ch\/fr\/human-resources\/hrm\/2016-06-30\/in-der-baubranche-fehlen-immer-noch-3000-lernende\/attachment\/in-der-baubranche-fehlen-immer-noch-3000-lernende1-organisator\/'><img loading=\"lazy\" decoding=\"async\" width=\"150\" height=\"150\" src=\"https:\/\/www.organisator.ch\/wp-content\/uploads\/2016\/12\/In-der-Baubranche-fehlen-immer-noch-3000-Lernende1-organisator-150x150.jpg\" class=\"attachment-thumbnail size-thumbnail\" alt=\"\" srcset=\"https:\/\/www.organisator.ch\/wp-content\/uploads\/2016\/12\/In-der-Baubranche-fehlen-immer-noch-3000-Lernende1-organisator-150x150.jpg 150w, https:\/\/www.organisator.ch\/wp-content\/uploads\/2016\/12\/In-der-Baubranche-fehlen-immer-noch-3000-Lernende1-organisator-250x250.jpg 250w, https:\/\/www.organisator.ch\/wp-content\/uploads\/2016\/12\/In-der-Baubranche-fehlen-immer-noch-3000-Lernende1-organisator-100x100.jpg 100w\" sizes=\"auto, (max-width: 150px) 100vw, 150px\" \/><\/a>\n\t\t\t<\/div><\/figure><figure class='gallery-item'>\n\t\t\t<div class='gallery-icon landscape'>\n\t\t\t\t<a href='https:\/\/www.organisator.ch\/fr\/human-resources\/hrm\/2016-06-30\/in-der-baubranche-fehlen-immer-noch-3000-lernende\/attachment\/in-der-baubranche-fehlen-immer-noch-3000-lernende2-organisator\/'><img loading=\"lazy\" decoding=\"async\" width=\"150\" height=\"150\" src=\"https:\/\/www.organisator.ch\/wp-content\/uploads\/2016\/12\/In-der-Baubranche-fehlen-immer-noch-3000-Lernende2-organisator-150x150.jpg\" class=\"attachment-thumbnail size-thumbnail\" alt=\"\" srcset=\"https:\/\/www.organisator.ch\/wp-content\/uploads\/2016\/12\/In-der-Baubranche-fehlen-immer-noch-3000-Lernende2-organisator-150x150.jpg 150w, https:\/\/www.organisator.ch\/wp-content\/uploads\/2016\/12\/In-der-Baubranche-fehlen-immer-noch-3000-Lernende2-organisator-680x680.jpg 680w, https:\/\/www.organisator.ch\/wp-content\/uploads\/2016\/12\/In-der-Baubranche-fehlen-immer-noch-3000-Lernende2-organisator-1024x1024.jpg 1024w, https:\/\/www.organisator.ch\/wp-content\/uploads\/2016\/12\/In-der-Baubranche-fehlen-immer-noch-3000-Lernende2-organisator-768x768.jpg 768w, https:\/\/www.organisator.ch\/wp-content\/uploads\/2016\/12\/In-der-Baubranche-fehlen-immer-noch-3000-Lernende2-organisator-1536x1536.jpg 1536w, https:\/\/www.organisator.ch\/wp-content\/uploads\/2016\/12\/In-der-Baubranche-fehlen-immer-noch-3000-Lernende2-organisator-2048x2048.jpg 2048w, https:\/\/www.organisator.ch\/wp-content\/uploads\/2016\/12\/In-der-Baubranche-fehlen-immer-noch-3000-Lernende2-organisator-12x12.jpg 12w, https:\/\/www.organisator.ch\/wp-content\/uploads\/2016\/12\/In-der-Baubranche-fehlen-immer-noch-3000-Lernende2-organisator-175x175.jpg 175w, https:\/\/www.organisator.ch\/wp-content\/uploads\/2016\/12\/In-der-Baubranche-fehlen-immer-noch-3000-Lernende2-organisator-350x350.jpg 350w, https:\/\/www.organisator.ch\/wp-content\/uploads\/2016\/12\/In-der-Baubranche-fehlen-immer-noch-3000-Lernende2-organisator-800x800.jpg 800w, https:\/\/www.organisator.ch\/wp-content\/uploads\/2016\/12\/In-der-Baubranche-fehlen-immer-noch-3000-Lernende2-organisator-920x920.jpg 920w, https:\/\/www.organisator.ch\/wp-content\/uploads\/2016\/12\/In-der-Baubranche-fehlen-immer-noch-3000-Lernende2-organisator-1400x1400.jpg 1400w, https:\/\/www.organisator.ch\/wp-content\/uploads\/2016\/12\/In-der-Baubranche-fehlen-immer-noch-3000-Lernende2-organisator-250x250.jpg 250w, https:\/\/www.organisator.ch\/wp-content\/uploads\/2016\/12\/In-der-Baubranche-fehlen-immer-noch-3000-Lernende2-organisator-300x300.jpg 300w, https:\/\/www.organisator.ch\/wp-content\/uploads\/2016\/12\/In-der-Baubranche-fehlen-immer-noch-3000-Lernende2-organisator-100x100.jpg 100w\" sizes=\"auto, (max-width: 150px) 100vw, 150px\" \/><\/a>\n\t\t\t<\/div><\/figure><figure class='gallery-item'>\n\t\t\t<div class='gallery-icon landscape'>\n\t\t\t\t<a href='https:\/\/www.organisator.ch\/fr\/human-resources\/hrm\/2016-06-30\/in-der-baubranche-fehlen-immer-noch-3000-lernende\/attachment\/in-der-baubranche-fehlen-immer-noch-3000-lernende3-organisator\/'><img loading=\"lazy\" decoding=\"async\" width=\"150\" height=\"150\" src=\"https:\/\/www.organisator.ch\/wp-content\/uploads\/2016\/12\/In-der-Baubranche-fehlen-immer-noch-3000-Lernende3-organisator-150x150.jpg\" class=\"attachment-thumbnail size-thumbnail\" alt=\"\" srcset=\"https:\/\/www.organisator.ch\/wp-content\/uploads\/2016\/12\/In-der-Baubranche-fehlen-immer-noch-3000-Lernende3-organisator-150x150.jpg 150w, https:\/\/www.organisator.ch\/wp-content\/uploads\/2016\/12\/In-der-Baubranche-fehlen-immer-noch-3000-Lernende3-organisator-250x250.jpg 250w, https:\/\/www.organisator.ch\/wp-content\/uploads\/2016\/12\/In-der-Baubranche-fehlen-immer-noch-3000-Lernende3-organisator-100x100.jpg 100w\" sizes=\"auto, (max-width: 150px) 100vw, 150px\" \/><\/a>\n\t\t\t<\/div><\/figure><figure class='gallery-item'>\n\t\t\t<div class='gallery-icon landscape'>\n\t\t\t\t<a href='https:\/\/www.organisator.ch\/fr\/human-resources\/hrm\/2016-06-30\/in-der-baubranche-fehlen-immer-noch-3000-lernende\/attachment\/in-der-baubranche-fehlen-immer-noch-3000-lernende4-organisator\/'><img loading=\"lazy\" decoding=\"async\" width=\"150\" height=\"150\" src=\"https:\/\/www.organisator.ch\/wp-content\/uploads\/2016\/12\/In-der-Baubranche-fehlen-immer-noch-3000-Lernende4-organisator-150x150.jpg\" class=\"attachment-thumbnail size-thumbnail\" alt=\"\" srcset=\"https:\/\/www.organisator.ch\/wp-content\/uploads\/2016\/12\/In-der-Baubranche-fehlen-immer-noch-3000-Lernende4-organisator-150x150.jpg 150w, https:\/\/www.organisator.ch\/wp-content\/uploads\/2016\/12\/In-der-Baubranche-fehlen-immer-noch-3000-Lernende4-organisator-250x250.jpg 250w, https:\/\/www.organisator.ch\/wp-content\/uploads\/2016\/12\/In-der-Baubranche-fehlen-immer-noch-3000-Lernende4-organisator-100x100.jpg 100w\" sizes=\"auto, (max-width: 150px) 100vw, 150px\" \/><\/a>\n\t\t\t<\/div><\/figure><figure class='gallery-item'>\n\t\t\t<div class='gallery-icon landscape'>\n\t\t\t\t<a href='https:\/\/www.organisator.ch\/fr\/human-resources\/hrm\/2016-06-30\/in-der-baubranche-fehlen-immer-noch-3000-lernende\/attachment\/in-der-baubranche-fehlen-immer-noch-3000-lernende5-organisator\/'><img loading=\"lazy\" decoding=\"async\" width=\"150\" height=\"150\" src=\"https:\/\/www.organisator.ch\/wp-content\/uploads\/2016\/12\/In-der-Baubranche-fehlen-immer-noch-3000-Lernende5-organisator-150x150.jpg\" class=\"attachment-thumbnail size-thumbnail\" alt=\"\" srcset=\"https:\/\/www.organisator.ch\/wp-content\/uploads\/2016\/12\/In-der-Baubranche-fehlen-immer-noch-3000-Lernende5-organisator-150x150.jpg 150w, https:\/\/www.organisator.ch\/wp-content\/uploads\/2016\/12\/In-der-Baubranche-fehlen-immer-noch-3000-Lernende5-organisator-250x250.jpg 250w, https:\/\/www.organisator.ch\/wp-content\/uploads\/2016\/12\/In-der-Baubranche-fehlen-immer-noch-3000-Lernende5-organisator-100x100.jpg 100w\" sizes=\"auto, (max-width: 150px) 100vw, 150px\" \/><\/a>\n\t\t\t<\/div><\/figure><figure class='gallery-item'>\n\t\t\t<div class='gallery-icon portrait'>\n\t\t\t\t<a href='https:\/\/www.organisator.ch\/fr\/human-resources\/hrm\/2016-06-30\/in-der-baubranche-fehlen-immer-noch-3000-lernende\/attachment\/in-der-baubranche-fehlen-immer-noch-3000-lernende6-organisator\/'><img loading=\"lazy\" decoding=\"async\" width=\"150\" height=\"150\" src=\"https:\/\/www.organisator.ch\/wp-content\/uploads\/2016\/12\/In-der-Baubranche-fehlen-immer-noch-3000-Lernende6-organisator-150x150.jpg\" class=\"attachment-thumbnail size-thumbnail\" alt=\"\" srcset=\"https:\/\/www.organisator.ch\/wp-content\/uploads\/2016\/12\/In-der-Baubranche-fehlen-immer-noch-3000-Lernende6-organisator-150x150.jpg 150w, https:\/\/www.organisator.ch\/wp-content\/uploads\/2016\/12\/In-der-Baubranche-fehlen-immer-noch-3000-Lernende6-organisator-11x12.jpg 11w, https:\/\/www.organisator.ch\/wp-content\/uploads\/2016\/12\/In-der-Baubranche-fehlen-immer-noch-3000-Lernende6-organisator-250x250.jpg 250w, https:\/\/www.organisator.ch\/wp-content\/uploads\/2016\/12\/In-der-Baubranche-fehlen-immer-noch-3000-Lernende6-organisator-100x100.jpg 100w\" sizes=\"auto, (max-width: 150px) 100vw, 150px\" \/><\/a>\n\t\t\t<\/div><\/figure>\n\t\t<\/div>","protected":false},"excerpt":{"rendered":"<p>Noch vor ein paar Jahren war es umgekehrt: Zu viele Schulabg\u00e4nger bewarben sich um zu wenige Lehrstellen. Der Trend ist nun aber umgekehrt, und auch 2016 \u00e4ndert sich dieser Trend nicht, besonders in der Baubranche. Die zuletzt publizierten Zahlen des SBFI signalisieren sogar eine Zunahme der nicht besetzten Lehrstellen gegen\u00fcber 2015. Die Kantone mit den [&hellip;]<\/p>\n","protected":false},"author":1,"featured_media":835,"comment_status":"open","ping_status":"open","sticky":false,"template":"","format":"standard","meta":{"_acf_changed":false,"_yoast_wpseo_focuskw":"Baubranche","_yoast_wpseo_metadesc":"Es fehlen allein in der Baubranche noch rund 3'000 Lernende f\u00fcr 2016. Der Bau z\u00e4hlte zu den drei Branchen mit den meisten unbesetzten Stellen.","articlekey":"","footnotes":""},"categories":[26],"tags":[62,254],"class_list":["post-832","post","type-post","status-publish","format-standard","has-post-thumbnail","hentry","category-hrm","tag-aus-weiterbildung","tag-hrm"],"acf":[],"yoast_head":"<!-- This site is optimized with the Yoast SEO plugin v27.4 - https:\/\/yoast.com\/product\/yoast-seo-wordpress\/ -->\n<title>In der Baubranche fehlen immer noch 3000 Lernende - Organisator<\/title>\n<meta name=\"description\" content=\"Es fehlen allein in der Baubranche noch rund 3&#039;000 Lernende f\u00fcr 2016. Der Bau z\u00e4hlte zu den drei Branchen mit den meisten unbesetzten Stellen.\" \/>\n<meta name=\"robots\" content=\"index, follow, max-snippet:-1, max-image-preview:large, max-video-preview:-1\" \/>\n<link rel=\"canonical\" href=\"https:\/\/www.organisator.ch\/fr\/ressources-humaines\/hrm\/2016-06-30\/in-der-baubranche-fehlen-immer-noch-3000-lernende\/\" \/>\n<meta property=\"og:locale\" content=\"fr_FR\" \/>\n<meta property=\"og:type\" content=\"article\" \/>\n<meta property=\"og:title\" content=\"In der Baubranche fehlen immer noch 3000 Lernende\" \/>\n<meta property=\"og:description\" content=\"F\u00fcr rund 9\u2019000 Jugendliche ist nun Endspurt bei der Lehrstellensuche 2016 angesagt. Die anderen fast 90&#039;000 stehen schon in den Startl\u00f6chern f\u00fcr Lehrbeginn 2017. Gem\u00e4ss Lena und berufsberatung.ch sind allein im Bau f\u00fcr 2016 noch rund 3&#039;000 Lehrstellen unbesetzt. 2015 konnten die Lernenden aus rund 94\u2019000 Stellen w\u00e4hlen. Der Bau z\u00e4hlte mit 13% zu den drei Branchen mit den meisten unbesetzten Stellen.\" \/>\n<meta property=\"og:url\" content=\"https:\/\/www.organisator.ch\/fr\/ressources-humaines\/hrm\/2016-06-30\/in-der-baubranche-fehlen-immer-noch-3000-lernende\/\" \/>\n<meta property=\"og:site_name\" content=\"Organisator\" \/>\n<meta property=\"article:publisher\" content=\"https:\/\/www.facebook.com\/OrganisatorFachmagazin\" \/>\n<meta property=\"article:published_time\" content=\"2016-06-30T15:09:23+00:00\" \/>\n<meta name=\"author\" content=\"admin\" \/>\n<meta name=\"twitter:card\" content=\"summary_large_image\" \/>\n<meta name=\"twitter:image\" content=\"https:\/\/www.organisator.ch\/wp-content\/uploads\/2016\/12\/In-der-Baubranche-fehlen-immer-noch-3000-Lernende-organisator.jpg\" \/>\n<script type=\"application\/ld+json\" class=\"yoast-schema-graph\">{\"@context\":\"https:\\\/\\\/schema.org\",\"@graph\":[{\"@type\":\"Article\",\"@id\":\"https:\\\/\\\/www.organisator.ch\\\/human-resources\\\/hrm\\\/2016-06-30\\\/in-der-baubranche-fehlen-immer-noch-3000-lernende\\\/#article\",\"isPartOf\":{\"@id\":\"https:\\\/\\\/www.organisator.ch\\\/human-resources\\\/hrm\\\/2016-06-30\\\/in-der-baubranche-fehlen-immer-noch-3000-lernende\\\/\"},\"author\":{\"name\":\"admin\",\"@id\":\"https:\\\/\\\/www.organisator.ch\\\/#\\\/schema\\\/person\\\/aa2bace6c5c5aad60102004a50c4eb1c\"},\"headline\":\"In der Baubranche fehlen immer noch 3000 Lernende\",\"datePublished\":\"2016-06-30T15:09:23+00:00\",\"mainEntityOfPage\":{\"@id\":\"https:\\\/\\\/www.organisator.ch\\\/human-resources\\\/hrm\\\/2016-06-30\\\/in-der-baubranche-fehlen-immer-noch-3000-lernende\\\/\"},\"wordCount\":1125,\"commentCount\":0,\"publisher\":{\"@id\":\"https:\\\/\\\/www.organisator.ch\\\/#organization\"},\"image\":{\"@id\":\"https:\\\/\\\/www.organisator.ch\\\/human-resources\\\/hrm\\\/2016-06-30\\\/in-der-baubranche-fehlen-immer-noch-3000-lernende\\\/#primaryimage\"},\"thumbnailUrl\":\"https:\\\/\\\/www.organisator.ch\\\/wp-content\\\/uploads\\\/2016\\\/12\\\/In-der-Baubranche-fehlen-immer-noch-3000-Lernende-organisator.jpg\",\"keywords\":[\"Aus-\\\/Weiterbildung\",\"HRM\"],\"articleSection\":[\"HRM\"],\"inLanguage\":\"fr-FR\"},{\"@type\":\"WebPage\",\"@id\":\"https:\\\/\\\/www.organisator.ch\\\/human-resources\\\/hrm\\\/2016-06-30\\\/in-der-baubranche-fehlen-immer-noch-3000-lernende\\\/\",\"url\":\"https:\\\/\\\/www.organisator.ch\\\/human-resources\\\/hrm\\\/2016-06-30\\\/in-der-baubranche-fehlen-immer-noch-3000-lernende\\\/\",\"name\":\"In der Baubranche fehlen immer noch 3000 Lernende - Organisator\",\"isPartOf\":{\"@id\":\"https:\\\/\\\/www.organisator.ch\\\/#website\"},\"primaryImageOfPage\":{\"@id\":\"https:\\\/\\\/www.organisator.ch\\\/human-resources\\\/hrm\\\/2016-06-30\\\/in-der-baubranche-fehlen-immer-noch-3000-lernende\\\/#primaryimage\"},\"image\":{\"@id\":\"https:\\\/\\\/www.organisator.ch\\\/human-resources\\\/hrm\\\/2016-06-30\\\/in-der-baubranche-fehlen-immer-noch-3000-lernende\\\/#primaryimage\"},\"thumbnailUrl\":\"https:\\\/\\\/www.organisator.ch\\\/wp-content\\\/uploads\\\/2016\\\/12\\\/In-der-Baubranche-fehlen-immer-noch-3000-Lernende-organisator.jpg\",\"datePublished\":\"2016-06-30T15:09:23+00:00\",\"description\":\"Es fehlen allein in der Baubranche noch rund 3'000 Lernende f\u00fcr 2016. Der Bau z\u00e4hlte zu den drei Branchen mit den meisten unbesetzten Stellen.\",\"breadcrumb\":{\"@id\":\"https:\\\/\\\/www.organisator.ch\\\/human-resources\\\/hrm\\\/2016-06-30\\\/in-der-baubranche-fehlen-immer-noch-3000-lernende\\\/#breadcrumb\"},\"inLanguage\":\"fr-FR\",\"potentialAction\":[{\"@type\":\"ReadAction\",\"target\":[\"https:\\\/\\\/www.organisator.ch\\\/human-resources\\\/hrm\\\/2016-06-30\\\/in-der-baubranche-fehlen-immer-noch-3000-lernende\\\/\"]}]},{\"@type\":\"ImageObject\",\"inLanguage\":\"fr-FR\",\"@id\":\"https:\\\/\\\/www.organisator.ch\\\/human-resources\\\/hrm\\\/2016-06-30\\\/in-der-baubranche-fehlen-immer-noch-3000-lernende\\\/#primaryimage\",\"url\":\"https:\\\/\\\/www.organisator.ch\\\/wp-content\\\/uploads\\\/2016\\\/12\\\/In-der-Baubranche-fehlen-immer-noch-3000-Lernende-organisator.jpg\",\"contentUrl\":\"https:\\\/\\\/www.organisator.ch\\\/wp-content\\\/uploads\\\/2016\\\/12\\\/In-der-Baubranche-fehlen-immer-noch-3000-Lernende-organisator.jpg\",\"width\":640,\"height\":425,\"caption\":\"Sechs Lernende von Bauberufen mit ihren Lehrmeistern anl\u00e4sslich einer Medienkonferenz. (Bild: thb)\"},{\"@type\":\"BreadcrumbList\",\"@id\":\"https:\\\/\\\/www.organisator.ch\\\/human-resources\\\/hrm\\\/2016-06-30\\\/in-der-baubranche-fehlen-immer-noch-3000-lernende\\\/#breadcrumb\",\"itemListElement\":[{\"@type\":\"ListItem\",\"position\":1,\"name\":\"Home\",\"item\":\"https:\\\/\\\/www.organisator.ch\\\/\"},{\"@type\":\"ListItem\",\"position\":2,\"name\":\"In der Baubranche fehlen immer noch 3000 Lernende\"}]},{\"@type\":\"WebSite\",\"@id\":\"https:\\\/\\\/www.organisator.ch\\\/#website\",\"url\":\"https:\\\/\\\/www.organisator.ch\\\/\",\"name\":\"Organisator\",\"description\":\"Kompetent. Praxisnah. Der ORGANISATOR bereitet in 10 Ausgaben pro Jahr die wesentlichen Themen f\u00fcr F\u00fchrungskr\u00e4fte von KMU auf.\",\"publisher\":{\"@id\":\"https:\\\/\\\/www.organisator.ch\\\/#organization\"},\"potentialAction\":[{\"@type\":\"SearchAction\",\"target\":{\"@type\":\"EntryPoint\",\"urlTemplate\":\"https:\\\/\\\/www.organisator.ch\\\/?s={search_term_string}\"},\"query-input\":{\"@type\":\"PropertyValueSpecification\",\"valueRequired\":true,\"valueName\":\"search_term_string\"}}],\"inLanguage\":\"fr-FR\"},{\"@type\":\"Organization\",\"@id\":\"https:\\\/\\\/www.organisator.ch\\\/#organization\",\"name\":\"Organisator\",\"url\":\"https:\\\/\\\/www.organisator.ch\\\/\",\"logo\":{\"@type\":\"ImageObject\",\"inLanguage\":\"fr-FR\",\"@id\":\"https:\\\/\\\/www.organisator.ch\\\/#\\\/schema\\\/logo\\\/image\\\/\",\"url\":\"https:\\\/\\\/www.organisator.ch\\\/wp-content\\\/uploads\\\/2022\\\/01\\\/Logo_Organisator_Website.png\",\"contentUrl\":\"https:\\\/\\\/www.organisator.ch\\\/wp-content\\\/uploads\\\/2022\\\/01\\\/Logo_Organisator_Website.png\",\"width\":800,\"height\":77,\"caption\":\"Organisator\"},\"image\":{\"@id\":\"https:\\\/\\\/www.organisator.ch\\\/#\\\/schema\\\/logo\\\/image\\\/\"},\"sameAs\":[\"https:\\\/\\\/www.facebook.com\\\/OrganisatorFachmagazin\",\"https:\\\/\\\/www.linkedin.com\\\/showcase\\\/organisator-das-magazin-fr-kmu\",\"https:\\\/\\\/www.xing.com\\\/news\\\/pages\\\/organisator-ch-695\",\"https:\\\/\\\/www.youtube.com\\\/channel\\\/UCGP2Sq0iWaZwT3BdIAQFYpw\"]},{\"@type\":\"Person\",\"@id\":\"https:\\\/\\\/www.organisator.ch\\\/#\\\/schema\\\/person\\\/aa2bace6c5c5aad60102004a50c4eb1c\",\"name\":\"admin\",\"image\":{\"@type\":\"ImageObject\",\"inLanguage\":\"fr-FR\",\"@id\":\"https:\\\/\\\/secure.gravatar.com\\\/avatar\\\/ae2f4d718e6c49043e314ce431e7e645d646302a24a5ef5a8bc8e3f5a032e319?s=96&d=mm&r=g\",\"url\":\"https:\\\/\\\/secure.gravatar.com\\\/avatar\\\/ae2f4d718e6c49043e314ce431e7e645d646302a24a5ef5a8bc8e3f5a032e319?s=96&d=mm&r=g\",\"contentUrl\":\"https:\\\/\\\/secure.gravatar.com\\\/avatar\\\/ae2f4d718e6c49043e314ce431e7e645d646302a24a5ef5a8bc8e3f5a032e319?s=96&d=mm&r=g\",\"caption\":\"admin\"},\"sameAs\":[\"https:\\\/\\\/www.organisator.ch\"],\"url\":\"https:\\\/\\\/www.organisator.ch\\\/fr\\\/author\\\/admin\\\/\"}]}<\/script>\n<!-- \/ Yoast SEO plugin. -->","yoast_head_json":{"title":"Il manque toujours 3000 apprentis dans le secteur de la construction - Organisateur","description":"Il manque encore environ 3 000 apprentis dans le seul secteur de la construction pour 2016. La construction faisait partie des trois secteurs ayant le plus de postes non pourvus.","robots":{"index":"index","follow":"follow","max-snippet":"max-snippet:-1","max-image-preview":"max-image-preview:large","max-video-preview":"max-video-preview:-1"},"canonical":"https:\/\/www.organisator.ch\/fr\/ressources-humaines\/hrm\/2016-06-30\/in-der-baubranche-fehlen-immer-noch-3000-lernende\/","og_locale":"fr_FR","og_type":"article","og_title":"In der Baubranche fehlen immer noch 3000 Lernende","og_description":"F\u00fcr rund 9\u2019000 Jugendliche ist nun Endspurt bei der Lehrstellensuche 2016 angesagt. Die anderen fast 90'000 stehen schon in den Startl\u00f6chern f\u00fcr Lehrbeginn 2017. Gem\u00e4ss Lena und berufsberatung.ch sind allein im Bau f\u00fcr 2016 noch rund 3'000 Lehrstellen unbesetzt. 2015 konnten die Lernenden aus rund 94\u2019000 Stellen w\u00e4hlen. Der Bau z\u00e4hlte mit 13% zu den drei Branchen mit den meisten unbesetzten Stellen.","og_url":"https:\/\/www.organisator.ch\/fr\/ressources-humaines\/hrm\/2016-06-30\/in-der-baubranche-fehlen-immer-noch-3000-lernende\/","og_site_name":"Organisator","article_publisher":"https:\/\/www.facebook.com\/OrganisatorFachmagazin","article_published_time":"2016-06-30T15:09:23+00:00","author":"admin","twitter_card":"summary_large_image","twitter_image":"https:\/\/www.organisator.ch\/wp-content\/uploads\/2016\/12\/In-der-Baubranche-fehlen-immer-noch-3000-Lernende-organisator.jpg","schema":{"@context":"https:\/\/schema.org","@graph":[{"@type":"Article","@id":"https:\/\/www.organisator.ch\/human-resources\/hrm\/2016-06-30\/in-der-baubranche-fehlen-immer-noch-3000-lernende\/#article","isPartOf":{"@id":"https:\/\/www.organisator.ch\/human-resources\/hrm\/2016-06-30\/in-der-baubranche-fehlen-immer-noch-3000-lernende\/"},"author":{"name":"admin","@id":"https:\/\/www.organisator.ch\/#\/schema\/person\/aa2bace6c5c5aad60102004a50c4eb1c"},"headline":"In der Baubranche fehlen immer noch 3000 Lernende","datePublished":"2016-06-30T15:09:23+00:00","mainEntityOfPage":{"@id":"https:\/\/www.organisator.ch\/human-resources\/hrm\/2016-06-30\/in-der-baubranche-fehlen-immer-noch-3000-lernende\/"},"wordCount":1125,"commentCount":0,"publisher":{"@id":"https:\/\/www.organisator.ch\/#organization"},"image":{"@id":"https:\/\/www.organisator.ch\/human-resources\/hrm\/2016-06-30\/in-der-baubranche-fehlen-immer-noch-3000-lernende\/#primaryimage"},"thumbnailUrl":"https:\/\/www.organisator.ch\/wp-content\/uploads\/2016\/12\/In-der-Baubranche-fehlen-immer-noch-3000-Lernende-organisator.jpg","keywords":["Aus-\/Weiterbildung","HRM"],"articleSection":["HRM"],"inLanguage":"fr-FR"},{"@type":"WebPage","@id":"https:\/\/www.organisator.ch\/human-resources\/hrm\/2016-06-30\/in-der-baubranche-fehlen-immer-noch-3000-lernende\/","url":"https:\/\/www.organisator.ch\/human-resources\/hrm\/2016-06-30\/in-der-baubranche-fehlen-immer-noch-3000-lernende\/","name":"Il manque toujours 3000 apprentis dans le secteur de la construction - Organisateur","isPartOf":{"@id":"https:\/\/www.organisator.ch\/#website"},"primaryImageOfPage":{"@id":"https:\/\/www.organisator.ch\/human-resources\/hrm\/2016-06-30\/in-der-baubranche-fehlen-immer-noch-3000-lernende\/#primaryimage"},"image":{"@id":"https:\/\/www.organisator.ch\/human-resources\/hrm\/2016-06-30\/in-der-baubranche-fehlen-immer-noch-3000-lernende\/#primaryimage"},"thumbnailUrl":"https:\/\/www.organisator.ch\/wp-content\/uploads\/2016\/12\/In-der-Baubranche-fehlen-immer-noch-3000-Lernende-organisator.jpg","datePublished":"2016-06-30T15:09:23+00:00","description":"Il manque encore environ 3 000 apprentis dans le seul secteur de la construction pour 2016. La construction faisait partie des trois secteurs ayant le plus de postes non pourvus.","breadcrumb":{"@id":"https:\/\/www.organisator.ch\/human-resources\/hrm\/2016-06-30\/in-der-baubranche-fehlen-immer-noch-3000-lernende\/#breadcrumb"},"inLanguage":"fr-FR","potentialAction":[{"@type":"ReadAction","target":["https:\/\/www.organisator.ch\/human-resources\/hrm\/2016-06-30\/in-der-baubranche-fehlen-immer-noch-3000-lernende\/"]}]},{"@type":"ImageObject","inLanguage":"fr-FR","@id":"https:\/\/www.organisator.ch\/human-resources\/hrm\/2016-06-30\/in-der-baubranche-fehlen-immer-noch-3000-lernende\/#primaryimage","url":"https:\/\/www.organisator.ch\/wp-content\/uploads\/2016\/12\/In-der-Baubranche-fehlen-immer-noch-3000-Lernende-organisator.jpg","contentUrl":"https:\/\/www.organisator.ch\/wp-content\/uploads\/2016\/12\/In-der-Baubranche-fehlen-immer-noch-3000-Lernende-organisator.jpg","width":640,"height":425,"caption":"Sechs Lernende von Bauberufen mit ihren Lehrmeistern anl\u00e4sslich einer Medienkonferenz. (Bild: thb)"},{"@type":"BreadcrumbList","@id":"https:\/\/www.organisator.ch\/human-resources\/hrm\/2016-06-30\/in-der-baubranche-fehlen-immer-noch-3000-lernende\/#breadcrumb","itemListElement":[{"@type":"ListItem","position":1,"name":"Home","item":"https:\/\/www.organisator.ch\/"},{"@type":"ListItem","position":2,"name":"In der Baubranche fehlen immer noch 3000 Lernende"}]},{"@type":"WebSite","@id":"https:\/\/www.organisator.ch\/#website","url":"https:\/\/www.organisator.ch\/","name":"Organisateur","description":"Comp\u00e9tence et comp\u00e9tence. Proches de la pratique. L'ORGANISATEUR pr\u00e9pare 10 num\u00e9ros par an sur les th\u00e8mes essentiels pour les dirigeants de PME.","publisher":{"@id":"https:\/\/www.organisator.ch\/#organization"},"potentialAction":[{"@type":"SearchAction","target":{"@type":"EntryPoint","urlTemplate":"https:\/\/www.organisator.ch\/?s={search_term_string}"},"query-input":{"@type":"PropertyValueSpecification","valueRequired":true,"valueName":"search_term_string"}}],"inLanguage":"fr-FR"},{"@type":"Organization","@id":"https:\/\/www.organisator.ch\/#organization","name":"Organisateur","url":"https:\/\/www.organisator.ch\/","logo":{"@type":"ImageObject","inLanguage":"fr-FR","@id":"https:\/\/www.organisator.ch\/#\/schema\/logo\/image\/","url":"https:\/\/www.organisator.ch\/wp-content\/uploads\/2022\/01\/Logo_Organisator_Website.png","contentUrl":"https:\/\/www.organisator.ch\/wp-content\/uploads\/2022\/01\/Logo_Organisator_Website.png","width":800,"height":77,"caption":"Organisator"},"image":{"@id":"https:\/\/www.organisator.ch\/#\/schema\/logo\/image\/"},"sameAs":["https:\/\/www.facebook.com\/OrganisatorFachmagazin","https:\/\/www.linkedin.com\/showcase\/organisator-das-magazin-fr-kmu","https:\/\/www.xing.com\/news\/pages\/organisator-ch-695","https:\/\/www.youtube.com\/channel\/UCGP2Sq0iWaZwT3BdIAQFYpw"]},{"@type":"Person","@id":"https:\/\/www.organisator.ch\/#\/schema\/person\/aa2bace6c5c5aad60102004a50c4eb1c","name":"admin","image":{"@type":"ImageObject","inLanguage":"fr-FR","@id":"https:\/\/secure.gravatar.com\/avatar\/ae2f4d718e6c49043e314ce431e7e645d646302a24a5ef5a8bc8e3f5a032e319?s=96&d=mm&r=g","url":"https:\/\/secure.gravatar.com\/avatar\/ae2f4d718e6c49043e314ce431e7e645d646302a24a5ef5a8bc8e3f5a032e319?s=96&d=mm&r=g","contentUrl":"https:\/\/secure.gravatar.com\/avatar\/ae2f4d718e6c49043e314ce431e7e645d646302a24a5ef5a8bc8e3f5a032e319?s=96&d=mm&r=g","caption":"admin"},"sameAs":["https:\/\/www.organisator.ch"],"url":"https:\/\/www.organisator.ch\/fr\/author\/admin\/"}]}},"_links":{"self":[{"href":"https:\/\/www.organisator.ch\/fr\/wp-json\/wp\/v2\/posts\/832","targetHints":{"allow":["GET"]}}],"collection":[{"href":"https:\/\/www.organisator.ch\/fr\/wp-json\/wp\/v2\/posts"}],"about":[{"href":"https:\/\/www.organisator.ch\/fr\/wp-json\/wp\/v2\/types\/post"}],"author":[{"embeddable":true,"href":"https:\/\/www.organisator.ch\/fr\/wp-json\/wp\/v2\/users\/1"}],"replies":[{"embeddable":true,"href":"https:\/\/www.organisator.ch\/fr\/wp-json\/wp\/v2\/comments?post=832"}],"version-history":[{"count":0,"href":"https:\/\/www.organisator.ch\/fr\/wp-json\/wp\/v2\/posts\/832\/revisions"}],"wp:featuredmedia":[{"embeddable":true,"href":"https:\/\/www.organisator.ch\/fr\/wp-json\/wp\/v2\/media\/835"}],"wp:attachment":[{"href":"https:\/\/www.organisator.ch\/fr\/wp-json\/wp\/v2\/media?parent=832"}],"wp:term":[{"taxonomy":"category","embeddable":true,"href":"https:\/\/www.organisator.ch\/fr\/wp-json\/wp\/v2\/categories?post=832"},{"taxonomy":"post_tag","embeddable":true,"href":"https:\/\/www.organisator.ch\/fr\/wp-json\/wp\/v2\/tags?post=832"}],"curies":[{"name":"wp","href":"https:\/\/api.w.org\/{rel}","templated":true}]}}