{"id":8323,"date":"2021-07-29T08:26:31","date_gmt":"2021-07-29T06:26:31","guid":{"rendered":"https:\/\/www.organisator.ch\/?p=8323"},"modified":"2021-07-29T08:26:31","modified_gmt":"2021-07-29T06:26:31","slug":"handelsabkommen-ch-gb-die-krux-mit-dem-ursprung-und-der-kumulation","status":"publish","type":"post","link":"https:\/\/www.organisator.ch\/fr\/management\/finanzen_recht\/2021-07-29\/handelsabkommen-ch-gb-die-krux-mit-dem-ursprung-und-der-kumulation\/","title":{"rendered":"Accord commercial CH - GB : le casse-t\u00eate de l'origine et du cumul"},"content":{"rendered":"<figure id=\"attachment_8324\" aria-describedby=\"caption-attachment-8324\" style=\"width: 680px\" class=\"wp-caption alignnone\"><a href=\"https:\/\/www.organisator.ch\/wp-content\/uploads\/2021\/07\/Handelsabkommen-CH---GB-Die-Krux-mit-dem-Ursprung-und-der-Kumulation-1_Organisator.jpg\"><img loading=\"lazy\" decoding=\"async\" class=\"size-medium wp-image-8324\" src=\"https:\/\/www.organisator.ch\/wp-content\/uploads\/2021\/07\/Handelsabkommen-CH---GB-Die-Krux-mit-dem-Ursprung-und-der-Kumulation-1_Organisator.jpg\" alt=\"\" width=\"680\" height=\"453\" srcset=\"\" sizes=\"auto, (max-width: 680px) 100vw, 680px\" data-srcset=\"\" \/><\/a><figcaption id=\"caption-attachment-8324\" class=\"wp-caption-text\">L'accord commercial entre la Suisse et la Grande-Bretagne, modifi\u00e9 au 1er septembre 2021, apporte quelques facilit\u00e9s aux exportateurs. (Image : Unsplash.com)<\/figcaption><\/figure>\n<p>Les calculs de pr\u00e9f\u00e9rences dans le commerce avec la Grande-Bretagne (GB) restent un d\u00e9fi pour les exportateurs suisses. Le 9 juin 2021 et le 1er septembre 2021, il y aura toutefois quelques all\u00e9gements. Qu'est-ce qui a chang\u00e9 en 2021 et \u00e0 quoi les exportateurs suisses doivent-ils faire attention pour que leurs marchandises passent la douane sans encombre ?<\/p>\n<h2>Biens produits en Suisse et export\u00e9s vers la Grande-Bretagne<\/h2>\n<p>Jusqu'\u00e0 pr\u00e9sent, des probl\u00e8mes sont apparus lors des calculs de pr\u00e9f\u00e9rences, notamment parce que l'accord bilat\u00e9ral de commerce et de coop\u00e9ration TCA (Trade and Cooperation Agreement) entre l'UE et la Grande-Bretagne ne co\u00efncide pas en tous points avec l'accord bilat\u00e9ral entre la Suisse et la Grande-Bretagne. Cela concerne surtout les r\u00e8gles d'origine. Ainsi, les exportateurs suisses ont d\u00fb faire face \u00e0 deux inconv\u00e9nients majeurs : les marchandises d'origine pr\u00e9f\u00e9rentielle suisse pouvaient \u00eatre import\u00e9es en Grande-Bretagne \u00e0 des taux de droits de douane pr\u00e9f\u00e9rentiels ou en franchise de droits de douane, en fonction du num\u00e9ro de tarif douanier correspondant. Mais par rapport aux entreprises de l'UE qui exportent vers le Royaume-Uni, les entreprises suisses devaient remplir des crit\u00e8res d'origine plus stricts :<\/p>\n<ol>\n<li>Dans l'accord commercial convenu entre la Suisse et le Royaume-Uni du 11 f\u00e9vrier 2019 (en vigueur depuis le 1er janvier 2021), les r\u00e8gles d'origine \u00e9taient plus \"strictes\" que pour les pays de l'UE. En r\u00e8gle g\u00e9n\u00e9rale, seule une valeur ajout\u00e9e de 60 \u00e0 70% permettait de d\u00e9terminer l'origine suisse de la marchandise.<\/li>\n<li>Les mati\u00e8res originaires de l'UE et de Turquie utilis\u00e9es dans la production ont \u00e9t\u00e9 consid\u00e9r\u00e9es comme des mati\u00e8res tierces.<\/li>\n<\/ol>\n<p>D\u00e9sormais, depuis le 9 juin 2021, l'inconv\u00e9nient mentionn\u00e9 au point 2 n'existe plus. Les mati\u00e8res en provenance de l'UE et de la Turquie peuvent d\u00e9sormais \u00eatre ajout\u00e9es (cumul\u00e9es) \u00e0 l'origine suisse.<\/p>\n<p>Avec l'adh\u00e9sion souhait\u00e9e de la Grande-Bretagne \u00e0 la convention PEM r\u00e9vis\u00e9e (r\u00e8gles d'origine pr\u00e9f\u00e9rentielles paneurom\u00e9diterran\u00e9ennes) au 1er septembre 2021, le deuxi\u00e8me inconv\u00e9nient - point 1 - dispara\u00eetra \u00e9galement. La convention PEM r\u00e9vis\u00e9e pr\u00e9voit des r\u00e8gles d'origine plus \"lib\u00e9rales\". Il suffit en g\u00e9n\u00e9ral d'une valeur ajout\u00e9e de 50 pour cent pour obtenir l'origine de la marchandise. Ainsi, \u00e0 partir du 1er septembre 2021, les exportateurs suisses seront \u00e0 nouveau sur un pied d'\u00e9galit\u00e9 avec les entreprises de l'UE.<\/p>\n<h2>Accord commercial 2021 : appliquer les anciennes ou les nouvelles dispositions ?<\/h2>\n<p>L'exportateur suisse peut en outre choisir d'appliquer les nouvelles ou les anciennes dispositions \u00e0 partir du 1er septembre 2021. S'il opte pour les nouvelles r\u00e8gles lib\u00e9rales, il doit le confirmer activement dans le premier envoi en mentionnant le nouveau texte d'origine. Le texte d'origine est compl\u00e9t\u00e9 par les mots suppl\u00e9mentaires \".... selon les r\u00e8gles transitoires pour l'origine .... \". Voici un exemple du texte de la nouvelle d\u00e9claration d'origine :<\/p>\n<p><em>L'exportateur (exportateur agr\u00e9\u00e9 ; autorisation no .........) des marchandises auxquelles se rapporte le pr\u00e9sent document commercial d\u00e9clare que, sauf indication contraire, ces marchandises b\u00e9n\u00e9ficient d'un traitement pr\u00e9f\u00e9rentiel ................. sont originaires conform\u00e9ment aux r\u00e8gles d'origine transitoires.<\/em><\/p>\n<h2>R\u00e9exportation de marchandises europ\u00e9ennes et turques par des entreprises suisses<\/h2>\n<p>Le \"commerce de transit\", c'est-\u00e0-dire la r\u00e9exp\u00e9dition de marchandises d'origine pr\u00e9f\u00e9rentielle inchang\u00e9e de l'UE et de la Turquie, n'est toujours pas possible. Si l'exportateur suisse envoie des marchandises d'origine UE et turque en Grande-Bretagne, il ne peut toujours pas \u00e9tablir de preuve d'origine pr\u00e9f\u00e9rentielle. Cela a pour cons\u00e9quence que le destinataire en Grande-Bretagne doit s'acquitter d'une taxe douani\u00e8re. Dans la mesure o\u00f9 la marchandise d'origine UE est transport\u00e9e directement de l'UE vers la Grande-Bretagne, l'importation est exempte de droits de douane.<\/p>\n<h2>Conclusion : obtenir de l'aide aupr\u00e8s des prestataires de services logistiques<\/h2>\n<p>Compte tenu des modifications de la l\u00e9gislation, les exportateurs suisses devraient actualiser leurs informations sur les fournisseurs avant l'exp\u00e9dition et v\u00e9rifier en d\u00e9tail les calculs de pr\u00e9f\u00e9rences ou les preuves d'origine. Les entreprises de transport op\u00e9rant \u00e0 l'international en Suisse, comme Dachser Spedition AG, proposent \u00e0 leurs clients une assistance compl\u00e8te \u00e0 ce sujet. L'objectif est de faire passer les fronti\u00e8res douani\u00e8res \u00e0 la Grande-Bretagne sans probl\u00e8me, en conformit\u00e9 avec la l\u00e9gislation, dans les d\u00e9lais et, le cas \u00e9ch\u00e9ant, avec une preuve d'origine formellement valable.<\/p>\n<figure id=\"attachment_8325\" aria-describedby=\"caption-attachment-8325\" style=\"width: 340px\" class=\"wp-caption alignnone\"><a href=\"https:\/\/www.organisator.ch\/wp-content\/uploads\/2021\/07\/Handelsabkommen-CH-\u2013-GB-Die-Krux-mit-dem-Ursprung-und-der-Kumulation-2_Organisator.jpg\"><img loading=\"lazy\" decoding=\"async\" class=\"size-full wp-image-8325\" src=\"https:\/\/www.organisator.ch\/wp-content\/uploads\/2021\/07\/Handelsabkommen-CH-\u2013-GB-Die-Krux-mit-dem-Ursprung-und-der-Kumulation-2_Organisator.jpg\" alt=\"\" width=\"340\" height=\"426\" srcset=\"https:\/\/www.organisator.ch\/wp-content\/uploads\/2021\/07\/Handelsabkommen-CH-\u2013-GB-Die-Krux-mit-dem-Ursprung-und-der-Kumulation-2_Organisator.jpg 340w, https:\/\/www.organisator.ch\/wp-content\/uploads\/2021\/07\/Handelsabkommen-CH-\u2013-GB-Die-Krux-mit-dem-Ursprung-und-der-Kumulation-2_Organisator-10x12.jpg 10w, https:\/\/www.organisator.ch\/wp-content\/uploads\/2021\/07\/Handelsabkommen-CH-\u2013-GB-Die-Krux-mit-dem-Ursprung-und-der-Kumulation-2_Organisator-140x175.jpg 140w, https:\/\/www.organisator.ch\/wp-content\/uploads\/2021\/07\/Handelsabkommen-CH-\u2013-GB-Die-Krux-mit-dem-Ursprung-und-der-Kumulation-2_Organisator-279x350.jpg 279w, https:\/\/www.organisator.ch\/wp-content\/uploads\/2021\/07\/Handelsabkommen-CH-\u2013-GB-Die-Krux-mit-dem-Ursprung-und-der-Kumulation-2_Organisator-300x376.jpg 300w\" sizes=\"auto, (max-width: 340px) 100vw, 340px\" \/><\/a><figcaption id=\"caption-attachment-8325\" class=\"wp-caption-text\">(Photo : Thomas Hinder)<\/figcaption><\/figure>\n<p><strong><em>Auteur<br \/>\n<\/em><\/strong><em>Mario Caccivio est charg\u00e9 de douane European Logistics chez Dachser Spedition AG (Suisse). <a href=\"http:\/\/www.dachser.ch\">www.dachser.ch<\/a><\/em><\/p>","protected":false},"excerpt":{"rendered":"<p>Pr\u00e4ferenzkalkulationen im Handel mit Grossbritannien (GB) bleiben eine Herausforderung f\u00fcr Schweizer Ausf\u00fchrer. Per 9. Juni 2021 und 1. September 2021 gibt es allerdings einige Erleichterungen. Was hat sich 2021 ge\u00e4ndert und was m\u00fcssen Schweizer Exporteure beachten, damit ihre Ware reibungslos durch den Zoll kommt? In der Schweiz produzierte Waren mit Export nach Grossbritannien Bis anhin [&hellip;]<\/p>\n","protected":false},"author":4,"featured_media":8324,"comment_status":"closed","ping_status":"closed","sticky":false,"template":"","format":"standard","meta":{"_acf_changed":false,"_yoast_wpseo_focuskw":"Handelsabkommen","_yoast_wpseo_metadesc":"Das Handelsabkommen zwischen der Schweiz und Grossbritannien wird per 1. September 2021 gem\u00e4ss dem revidierten PEM-Abkommen aktualisiert. Was \u00e4ndert sich?","articlekey":"","footnotes":""},"categories":[24],"tags":[63,189,202,2703,531],"class_list":["post-8323","post","type-post","status-publish","format-standard","has-post-thumbnail","hentry","category-finanzen_recht","tag-aussenwirtschaft","tag-export","tag-finanzenrecht","tag-verzollung","tag-wirtschaftspolitik"],"acf":[],"yoast_head":"<!-- This site is optimized with the Yoast SEO plugin v27.4 - https:\/\/yoast.com\/product\/yoast-seo-wordpress\/ -->\n<title>Handelsabkommen CH \u2013 GB: Die Krux mit dem Ursprung und der Kumulation - Organisator<\/title>\n<meta name=\"description\" content=\"Das Handelsabkommen zwischen der Schweiz und Grossbritannien wird per 1. September 2021 gem\u00e4ss dem revidierten PEM-Abkommen aktualisiert. Was \u00e4ndert sich?\" \/>\n<meta name=\"robots\" content=\"index, follow, max-snippet:-1, max-image-preview:large, max-video-preview:-1\" \/>\n<link rel=\"canonical\" href=\"https:\/\/www.organisator.ch\/fr\/gestion-2\/finanzen_recht\/2021-07-29\/handelsabkommen-ch-gb-die-krux-mit-dem-ursprung-und-der-kumulation\/\" \/>\n<meta property=\"og:locale\" content=\"fr_FR\" \/>\n<meta property=\"og:type\" content=\"article\" \/>\n<meta property=\"og:title\" content=\"Handelsabkommen CH \u2013 GB: Die Krux mit dem Ursprung und der Kumulation\" \/>\n<meta property=\"og:description\" content=\"Das Handelsabkommen zwischen der Schweiz und Grossbritannien wird per 1. September 2021 gem\u00e4ss dem revidierten PEM-Abkommen aktualisiert. Was \u00e4ndert sich?\" \/>\n<meta property=\"og:url\" content=\"https:\/\/www.organisator.ch\/fr\/gestion-2\/finanzen_recht\/2021-07-29\/handelsabkommen-ch-gb-die-krux-mit-dem-ursprung-und-der-kumulation\/\" \/>\n<meta property=\"og:site_name\" content=\"Organisator\" \/>\n<meta property=\"article:publisher\" content=\"https:\/\/www.facebook.com\/OrganisatorFachmagazin\" \/>\n<meta property=\"article:published_time\" content=\"2021-07-29T06:26:31+00:00\" \/>\n<meta property=\"og:image\" content=\"https:\/\/www.organisator.ch\/wp-content\/uploads\/2021\/07\/Handelsabkommen-CH-\u2013-GB-Die-Krux-mit-dem-Ursprung-und-der-Kumulation-1_Organisator.jpg\" \/>\n\t<meta property=\"og:image:width\" content=\"680\" \/>\n\t<meta property=\"og:image:height\" content=\"453\" \/>\n\t<meta property=\"og:image:type\" content=\"image\/jpeg\" \/>\n<meta name=\"author\" content=\"thomas.berner\" \/>\n<meta name=\"twitter:card\" content=\"summary_large_image\" \/>\n<meta name=\"twitter:title\" content=\"#Handelsabkommen CH \u2013 GB: Die Krux mit dem #Ursprung und der #Kumulation\" \/>\n<meta name=\"twitter:description\" content=\"Das #Handelsabkommen zwischen der Schweiz und #Grossbritannien wird per 1. September 2021 gem\u00e4ss dem revidierten #PEM-Abkommen aktualisiert. Was \u00e4ndert sich?\" \/>\n<meta name=\"twitter:image\" content=\"https:\/\/www.organisator.ch\/wp-content\/uploads\/2021\/07\/Handelsabkommen-CH-\u2013-GB-Die-Krux-mit-dem-Ursprung-und-der-Kumulation-1_Organisator.jpg\" \/>\n<script type=\"application\/ld+json\" class=\"yoast-schema-graph\">{\"@context\":\"https:\\\/\\\/schema.org\",\"@graph\":[{\"@type\":\"Article\",\"@id\":\"https:\\\/\\\/www.organisator.ch\\\/management\\\/finanzen_recht\\\/2021-07-29\\\/handelsabkommen-ch-gb-die-krux-mit-dem-ursprung-und-der-kumulation\\\/#article\",\"isPartOf\":{\"@id\":\"https:\\\/\\\/www.organisator.ch\\\/management\\\/finanzen_recht\\\/2021-07-29\\\/handelsabkommen-ch-gb-die-krux-mit-dem-ursprung-und-der-kumulation\\\/\"},\"author\":{\"name\":\"thomas.berner\",\"@id\":\"https:\\\/\\\/www.organisator.ch\\\/#\\\/schema\\\/person\\\/6f650f90b2842cd4c0cc334b4e36f67e\"},\"headline\":\"Handelsabkommen CH \u2013 GB: Die Krux mit dem Ursprung und der Kumulation\",\"datePublished\":\"2021-07-29T06:26:31+00:00\",\"mainEntityOfPage\":{\"@id\":\"https:\\\/\\\/www.organisator.ch\\\/management\\\/finanzen_recht\\\/2021-07-29\\\/handelsabkommen-ch-gb-die-krux-mit-dem-ursprung-und-der-kumulation\\\/\"},\"wordCount\":645,\"publisher\":{\"@id\":\"https:\\\/\\\/www.organisator.ch\\\/#organization\"},\"image\":{\"@id\":\"https:\\\/\\\/www.organisator.ch\\\/management\\\/finanzen_recht\\\/2021-07-29\\\/handelsabkommen-ch-gb-die-krux-mit-dem-ursprung-und-der-kumulation\\\/#primaryimage\"},\"thumbnailUrl\":\"https:\\\/\\\/www.organisator.ch\\\/wp-content\\\/uploads\\\/2021\\\/07\\\/Handelsabkommen-CH-\u2013-GB-Die-Krux-mit-dem-Ursprung-und-der-Kumulation-1_Organisator.jpg\",\"keywords\":[\"Aussenwirtschaft\",\"Export\",\"Finanzen\\\/Recht\",\"Verzollung\",\"Wirtschaftspolitik\"],\"articleSection\":[\"FINANZEN\\\/RECHT\"],\"inLanguage\":\"fr-FR\"},{\"@type\":\"WebPage\",\"@id\":\"https:\\\/\\\/www.organisator.ch\\\/management\\\/finanzen_recht\\\/2021-07-29\\\/handelsabkommen-ch-gb-die-krux-mit-dem-ursprung-und-der-kumulation\\\/\",\"url\":\"https:\\\/\\\/www.organisator.ch\\\/management\\\/finanzen_recht\\\/2021-07-29\\\/handelsabkommen-ch-gb-die-krux-mit-dem-ursprung-und-der-kumulation\\\/\",\"name\":\"Handelsabkommen CH \u2013 GB: Die Krux mit dem Ursprung und der Kumulation - Organisator\",\"isPartOf\":{\"@id\":\"https:\\\/\\\/www.organisator.ch\\\/#website\"},\"primaryImageOfPage\":{\"@id\":\"https:\\\/\\\/www.organisator.ch\\\/management\\\/finanzen_recht\\\/2021-07-29\\\/handelsabkommen-ch-gb-die-krux-mit-dem-ursprung-und-der-kumulation\\\/#primaryimage\"},\"image\":{\"@id\":\"https:\\\/\\\/www.organisator.ch\\\/management\\\/finanzen_recht\\\/2021-07-29\\\/handelsabkommen-ch-gb-die-krux-mit-dem-ursprung-und-der-kumulation\\\/#primaryimage\"},\"thumbnailUrl\":\"https:\\\/\\\/www.organisator.ch\\\/wp-content\\\/uploads\\\/2021\\\/07\\\/Handelsabkommen-CH-\u2013-GB-Die-Krux-mit-dem-Ursprung-und-der-Kumulation-1_Organisator.jpg\",\"datePublished\":\"2021-07-29T06:26:31+00:00\",\"description\":\"Das Handelsabkommen zwischen der Schweiz und Grossbritannien wird per 1. September 2021 gem\u00e4ss dem revidierten PEM-Abkommen aktualisiert. Was \u00e4ndert sich?\",\"breadcrumb\":{\"@id\":\"https:\\\/\\\/www.organisator.ch\\\/management\\\/finanzen_recht\\\/2021-07-29\\\/handelsabkommen-ch-gb-die-krux-mit-dem-ursprung-und-der-kumulation\\\/#breadcrumb\"},\"inLanguage\":\"fr-FR\",\"potentialAction\":[{\"@type\":\"ReadAction\",\"target\":[\"https:\\\/\\\/www.organisator.ch\\\/management\\\/finanzen_recht\\\/2021-07-29\\\/handelsabkommen-ch-gb-die-krux-mit-dem-ursprung-und-der-kumulation\\\/\"]}]},{\"@type\":\"ImageObject\",\"inLanguage\":\"fr-FR\",\"@id\":\"https:\\\/\\\/www.organisator.ch\\\/management\\\/finanzen_recht\\\/2021-07-29\\\/handelsabkommen-ch-gb-die-krux-mit-dem-ursprung-und-der-kumulation\\\/#primaryimage\",\"url\":\"https:\\\/\\\/www.organisator.ch\\\/wp-content\\\/uploads\\\/2021\\\/07\\\/Handelsabkommen-CH-\u2013-GB-Die-Krux-mit-dem-Ursprung-und-der-Kumulation-1_Organisator.jpg\",\"contentUrl\":\"https:\\\/\\\/www.organisator.ch\\\/wp-content\\\/uploads\\\/2021\\\/07\\\/Handelsabkommen-CH-\u2013-GB-Die-Krux-mit-dem-Ursprung-und-der-Kumulation-1_Organisator.jpg\",\"width\":680,\"height\":453,\"caption\":\"Das per 1. September 2021 ge\u00e4nderte Handelsabkommen zwischen der Schweiz und Grossbritannien bringt einige Erleichterungen f\u00fcr Exporteure. (Bild: Unsplash.com)\"},{\"@type\":\"BreadcrumbList\",\"@id\":\"https:\\\/\\\/www.organisator.ch\\\/management\\\/finanzen_recht\\\/2021-07-29\\\/handelsabkommen-ch-gb-die-krux-mit-dem-ursprung-und-der-kumulation\\\/#breadcrumb\",\"itemListElement\":[{\"@type\":\"ListItem\",\"position\":1,\"name\":\"Home\",\"item\":\"https:\\\/\\\/www.organisator.ch\\\/\"},{\"@type\":\"ListItem\",\"position\":2,\"name\":\"Handelsabkommen CH \u2013 GB: Die Krux mit dem Ursprung und der Kumulation\"}]},{\"@type\":\"WebSite\",\"@id\":\"https:\\\/\\\/www.organisator.ch\\\/#website\",\"url\":\"https:\\\/\\\/www.organisator.ch\\\/\",\"name\":\"Organisator\",\"description\":\"Kompetent. Praxisnah. Der ORGANISATOR bereitet in 10 Ausgaben pro Jahr die wesentlichen Themen f\u00fcr F\u00fchrungskr\u00e4fte von KMU auf.\",\"publisher\":{\"@id\":\"https:\\\/\\\/www.organisator.ch\\\/#organization\"},\"potentialAction\":[{\"@type\":\"SearchAction\",\"target\":{\"@type\":\"EntryPoint\",\"urlTemplate\":\"https:\\\/\\\/www.organisator.ch\\\/?s={search_term_string}\"},\"query-input\":{\"@type\":\"PropertyValueSpecification\",\"valueRequired\":true,\"valueName\":\"search_term_string\"}}],\"inLanguage\":\"fr-FR\"},{\"@type\":\"Organization\",\"@id\":\"https:\\\/\\\/www.organisator.ch\\\/#organization\",\"name\":\"Organisator\",\"url\":\"https:\\\/\\\/www.organisator.ch\\\/\",\"logo\":{\"@type\":\"ImageObject\",\"inLanguage\":\"fr-FR\",\"@id\":\"https:\\\/\\\/www.organisator.ch\\\/#\\\/schema\\\/logo\\\/image\\\/\",\"url\":\"https:\\\/\\\/www.organisator.ch\\\/wp-content\\\/uploads\\\/2022\\\/01\\\/Logo_Organisator_Website.png\",\"contentUrl\":\"https:\\\/\\\/www.organisator.ch\\\/wp-content\\\/uploads\\\/2022\\\/01\\\/Logo_Organisator_Website.png\",\"width\":800,\"height\":77,\"caption\":\"Organisator\"},\"image\":{\"@id\":\"https:\\\/\\\/www.organisator.ch\\\/#\\\/schema\\\/logo\\\/image\\\/\"},\"sameAs\":[\"https:\\\/\\\/www.facebook.com\\\/OrganisatorFachmagazin\",\"https:\\\/\\\/www.linkedin.com\\\/showcase\\\/organisator-das-magazin-fr-kmu\",\"https:\\\/\\\/www.xing.com\\\/news\\\/pages\\\/organisator-ch-695\",\"https:\\\/\\\/www.youtube.com\\\/channel\\\/UCGP2Sq0iWaZwT3BdIAQFYpw\"]},{\"@type\":\"Person\",\"@id\":\"https:\\\/\\\/www.organisator.ch\\\/#\\\/schema\\\/person\\\/6f650f90b2842cd4c0cc334b4e36f67e\",\"name\":\"thomas.berner\",\"image\":{\"@type\":\"ImageObject\",\"inLanguage\":\"fr-FR\",\"@id\":\"https:\\\/\\\/secure.gravatar.com\\\/avatar\\\/ac5001d2a36cb6c6cd3e50789007ffca834b477b74a2144564522e944eabff61?s=96&d=mm&r=g\",\"url\":\"https:\\\/\\\/secure.gravatar.com\\\/avatar\\\/ac5001d2a36cb6c6cd3e50789007ffca834b477b74a2144564522e944eabff61?s=96&d=mm&r=g\",\"contentUrl\":\"https:\\\/\\\/secure.gravatar.com\\\/avatar\\\/ac5001d2a36cb6c6cd3e50789007ffca834b477b74a2144564522e944eabff61?s=96&d=mm&r=g\",\"caption\":\"thomas.berner\"},\"url\":\"https:\\\/\\\/www.organisator.ch\\\/fr\\\/author\\\/thomas-berner\\\/\"}]}<\/script>\n<!-- \/ Yoast SEO plugin. -->","yoast_head_json":{"title":"Accord commercial CH - GB : le casse-t\u00eate de l'origine et du cumul - Organisateur","description":"L'accord commercial entre la Suisse et la Grande-Bretagne sera mis \u00e0 jour au 1er septembre 2021 conform\u00e9ment \u00e0 l'accord PEM r\u00e9vis\u00e9. Qu'est-ce qui va changer ?","robots":{"index":"index","follow":"follow","max-snippet":"max-snippet:-1","max-image-preview":"max-image-preview:large","max-video-preview":"max-video-preview:-1"},"canonical":"https:\/\/www.organisator.ch\/fr\/gestion-2\/finanzen_recht\/2021-07-29\/handelsabkommen-ch-gb-die-krux-mit-dem-ursprung-und-der-kumulation\/","og_locale":"fr_FR","og_type":"article","og_title":"Handelsabkommen CH \u2013 GB: Die Krux mit dem Ursprung und der Kumulation","og_description":"Das Handelsabkommen zwischen der Schweiz und Grossbritannien wird per 1. September 2021 gem\u00e4ss dem revidierten PEM-Abkommen aktualisiert. Was \u00e4ndert sich?","og_url":"https:\/\/www.organisator.ch\/fr\/gestion-2\/finanzen_recht\/2021-07-29\/handelsabkommen-ch-gb-die-krux-mit-dem-ursprung-und-der-kumulation\/","og_site_name":"Organisator","article_publisher":"https:\/\/www.facebook.com\/OrganisatorFachmagazin","article_published_time":"2021-07-29T06:26:31+00:00","og_image":[{"width":680,"height":453,"url":"https:\/\/www.organisator.ch\/wp-content\/uploads\/2021\/07\/Handelsabkommen-CH-\u2013-GB-Die-Krux-mit-dem-Ursprung-und-der-Kumulation-1_Organisator.jpg","type":"image\/jpeg"}],"author":"thomas.berner","twitter_card":"summary_large_image","twitter_title":"#Handelsabkommen CH \u2013 GB: Die Krux mit dem #Ursprung und der #Kumulation","twitter_description":"Das #Handelsabkommen zwischen der Schweiz und #Grossbritannien wird per 1. September 2021 gem\u00e4ss dem revidierten #PEM-Abkommen aktualisiert. Was \u00e4ndert sich?","twitter_image":"https:\/\/www.organisator.ch\/wp-content\/uploads\/2021\/07\/Handelsabkommen-CH-\u2013-GB-Die-Krux-mit-dem-Ursprung-und-der-Kumulation-1_Organisator.jpg","schema":{"@context":"https:\/\/schema.org","@graph":[{"@type":"Article","@id":"https:\/\/www.organisator.ch\/management\/finanzen_recht\/2021-07-29\/handelsabkommen-ch-gb-die-krux-mit-dem-ursprung-und-der-kumulation\/#article","isPartOf":{"@id":"https:\/\/www.organisator.ch\/management\/finanzen_recht\/2021-07-29\/handelsabkommen-ch-gb-die-krux-mit-dem-ursprung-und-der-kumulation\/"},"author":{"name":"thomas.berner","@id":"https:\/\/www.organisator.ch\/#\/schema\/person\/6f650f90b2842cd4c0cc334b4e36f67e"},"headline":"Handelsabkommen CH \u2013 GB: Die Krux mit dem Ursprung und der Kumulation","datePublished":"2021-07-29T06:26:31+00:00","mainEntityOfPage":{"@id":"https:\/\/www.organisator.ch\/management\/finanzen_recht\/2021-07-29\/handelsabkommen-ch-gb-die-krux-mit-dem-ursprung-und-der-kumulation\/"},"wordCount":645,"publisher":{"@id":"https:\/\/www.organisator.ch\/#organization"},"image":{"@id":"https:\/\/www.organisator.ch\/management\/finanzen_recht\/2021-07-29\/handelsabkommen-ch-gb-die-krux-mit-dem-ursprung-und-der-kumulation\/#primaryimage"},"thumbnailUrl":"https:\/\/www.organisator.ch\/wp-content\/uploads\/2021\/07\/Handelsabkommen-CH-\u2013-GB-Die-Krux-mit-dem-Ursprung-und-der-Kumulation-1_Organisator.jpg","keywords":["Aussenwirtschaft","Export","Finanzen\/Recht","Verzollung","Wirtschaftspolitik"],"articleSection":["FINANZEN\/RECHT"],"inLanguage":"fr-FR"},{"@type":"WebPage","@id":"https:\/\/www.organisator.ch\/management\/finanzen_recht\/2021-07-29\/handelsabkommen-ch-gb-die-krux-mit-dem-ursprung-und-der-kumulation\/","url":"https:\/\/www.organisator.ch\/management\/finanzen_recht\/2021-07-29\/handelsabkommen-ch-gb-die-krux-mit-dem-ursprung-und-der-kumulation\/","name":"Accord commercial CH - GB : le casse-t\u00eate de l'origine et du cumul - Organisateur","isPartOf":{"@id":"https:\/\/www.organisator.ch\/#website"},"primaryImageOfPage":{"@id":"https:\/\/www.organisator.ch\/management\/finanzen_recht\/2021-07-29\/handelsabkommen-ch-gb-die-krux-mit-dem-ursprung-und-der-kumulation\/#primaryimage"},"image":{"@id":"https:\/\/www.organisator.ch\/management\/finanzen_recht\/2021-07-29\/handelsabkommen-ch-gb-die-krux-mit-dem-ursprung-und-der-kumulation\/#primaryimage"},"thumbnailUrl":"https:\/\/www.organisator.ch\/wp-content\/uploads\/2021\/07\/Handelsabkommen-CH-\u2013-GB-Die-Krux-mit-dem-Ursprung-und-der-Kumulation-1_Organisator.jpg","datePublished":"2021-07-29T06:26:31+00:00","description":"L'accord commercial entre la Suisse et la Grande-Bretagne sera mis \u00e0 jour au 1er septembre 2021 conform\u00e9ment \u00e0 l'accord PEM r\u00e9vis\u00e9. Qu'est-ce qui va changer ?","breadcrumb":{"@id":"https:\/\/www.organisator.ch\/management\/finanzen_recht\/2021-07-29\/handelsabkommen-ch-gb-die-krux-mit-dem-ursprung-und-der-kumulation\/#breadcrumb"},"inLanguage":"fr-FR","potentialAction":[{"@type":"ReadAction","target":["https:\/\/www.organisator.ch\/management\/finanzen_recht\/2021-07-29\/handelsabkommen-ch-gb-die-krux-mit-dem-ursprung-und-der-kumulation\/"]}]},{"@type":"ImageObject","inLanguage":"fr-FR","@id":"https:\/\/www.organisator.ch\/management\/finanzen_recht\/2021-07-29\/handelsabkommen-ch-gb-die-krux-mit-dem-ursprung-und-der-kumulation\/#primaryimage","url":"https:\/\/www.organisator.ch\/wp-content\/uploads\/2021\/07\/Handelsabkommen-CH-\u2013-GB-Die-Krux-mit-dem-Ursprung-und-der-Kumulation-1_Organisator.jpg","contentUrl":"https:\/\/www.organisator.ch\/wp-content\/uploads\/2021\/07\/Handelsabkommen-CH-\u2013-GB-Die-Krux-mit-dem-Ursprung-und-der-Kumulation-1_Organisator.jpg","width":680,"height":453,"caption":"Das per 1. September 2021 ge\u00e4nderte Handelsabkommen zwischen der Schweiz und Grossbritannien bringt einige Erleichterungen f\u00fcr Exporteure. (Bild: Unsplash.com)"},{"@type":"BreadcrumbList","@id":"https:\/\/www.organisator.ch\/management\/finanzen_recht\/2021-07-29\/handelsabkommen-ch-gb-die-krux-mit-dem-ursprung-und-der-kumulation\/#breadcrumb","itemListElement":[{"@type":"ListItem","position":1,"name":"Home","item":"https:\/\/www.organisator.ch\/"},{"@type":"ListItem","position":2,"name":"Handelsabkommen CH \u2013 GB: Die Krux mit dem Ursprung und der Kumulation"}]},{"@type":"WebSite","@id":"https:\/\/www.organisator.ch\/#website","url":"https:\/\/www.organisator.ch\/","name":"Organisateur","description":"Comp\u00e9tence et comp\u00e9tence. Proches de la pratique. L'ORGANISATEUR pr\u00e9pare 10 num\u00e9ros par an sur les th\u00e8mes essentiels pour les dirigeants de PME.","publisher":{"@id":"https:\/\/www.organisator.ch\/#organization"},"potentialAction":[{"@type":"SearchAction","target":{"@type":"EntryPoint","urlTemplate":"https:\/\/www.organisator.ch\/?s={search_term_string}"},"query-input":{"@type":"PropertyValueSpecification","valueRequired":true,"valueName":"search_term_string"}}],"inLanguage":"fr-FR"},{"@type":"Organization","@id":"https:\/\/www.organisator.ch\/#organization","name":"Organisateur","url":"https:\/\/www.organisator.ch\/","logo":{"@type":"ImageObject","inLanguage":"fr-FR","@id":"https:\/\/www.organisator.ch\/#\/schema\/logo\/image\/","url":"https:\/\/www.organisator.ch\/wp-content\/uploads\/2022\/01\/Logo_Organisator_Website.png","contentUrl":"https:\/\/www.organisator.ch\/wp-content\/uploads\/2022\/01\/Logo_Organisator_Website.png","width":800,"height":77,"caption":"Organisator"},"image":{"@id":"https:\/\/www.organisator.ch\/#\/schema\/logo\/image\/"},"sameAs":["https:\/\/www.facebook.com\/OrganisatorFachmagazin","https:\/\/www.linkedin.com\/showcase\/organisator-das-magazin-fr-kmu","https:\/\/www.xing.com\/news\/pages\/organisator-ch-695","https:\/\/www.youtube.com\/channel\/UCGP2Sq0iWaZwT3BdIAQFYpw"]},{"@type":"Person","@id":"https:\/\/www.organisator.ch\/#\/schema\/person\/6f650f90b2842cd4c0cc334b4e36f67e","name":"thomas.berner","image":{"@type":"ImageObject","inLanguage":"fr-FR","@id":"https:\/\/secure.gravatar.com\/avatar\/ac5001d2a36cb6c6cd3e50789007ffca834b477b74a2144564522e944eabff61?s=96&d=mm&r=g","url":"https:\/\/secure.gravatar.com\/avatar\/ac5001d2a36cb6c6cd3e50789007ffca834b477b74a2144564522e944eabff61?s=96&d=mm&r=g","contentUrl":"https:\/\/secure.gravatar.com\/avatar\/ac5001d2a36cb6c6cd3e50789007ffca834b477b74a2144564522e944eabff61?s=96&d=mm&r=g","caption":"thomas.berner"},"url":"https:\/\/www.organisator.ch\/fr\/author\/thomas-berner\/"}]}},"_links":{"self":[{"href":"https:\/\/www.organisator.ch\/fr\/wp-json\/wp\/v2\/posts\/8323","targetHints":{"allow":["GET"]}}],"collection":[{"href":"https:\/\/www.organisator.ch\/fr\/wp-json\/wp\/v2\/posts"}],"about":[{"href":"https:\/\/www.organisator.ch\/fr\/wp-json\/wp\/v2\/types\/post"}],"author":[{"embeddable":true,"href":"https:\/\/www.organisator.ch\/fr\/wp-json\/wp\/v2\/users\/4"}],"replies":[{"embeddable":true,"href":"https:\/\/www.organisator.ch\/fr\/wp-json\/wp\/v2\/comments?post=8323"}],"version-history":[{"count":0,"href":"https:\/\/www.organisator.ch\/fr\/wp-json\/wp\/v2\/posts\/8323\/revisions"}],"wp:featuredmedia":[{"embeddable":true,"href":"https:\/\/www.organisator.ch\/fr\/wp-json\/wp\/v2\/media\/8324"}],"wp:attachment":[{"href":"https:\/\/www.organisator.ch\/fr\/wp-json\/wp\/v2\/media?parent=8323"}],"wp:term":[{"taxonomy":"category","embeddable":true,"href":"https:\/\/www.organisator.ch\/fr\/wp-json\/wp\/v2\/categories?post=8323"},{"taxonomy":"post_tag","embeddable":true,"href":"https:\/\/www.organisator.ch\/fr\/wp-json\/wp\/v2\/tags?post=8323"}],"curies":[{"name":"wp","href":"https:\/\/api.w.org\/{rel}","templated":true}]}}