{"id":8335,"date":"2021-08-02T13:41:11","date_gmt":"2021-08-02T11:41:11","guid":{"rendered":"https:\/\/www.organisator.ch\/?p=8335"},"modified":"2021-08-02T13:41:11","modified_gmt":"2021-08-02T11:41:11","slug":"erste-blockchain-lehre-der-schweiz","status":"publish","type":"post","link":"https:\/\/www.organisator.ch\/fr\/management\/it\/2021-08-02\/erste-blockchain-lehre-der-schweiz\/","title":{"rendered":"Premier enseignement de la blockchain en Suisse"},"content":{"rendered":"<figure id=\"attachment_8337\" aria-describedby=\"caption-attachment-8337\" style=\"width: 680px\" class=\"wp-caption alignnone\"><a href=\"https:\/\/www.organisator.ch\/wp-content\/uploads\/2021\/08\/Erste-Blockchain-Lehre-der-Schweiz_Organisator.jpg\"><img loading=\"lazy\" decoding=\"async\" class=\"size-medium wp-image-8337\" src=\"https:\/\/www.organisator.ch\/wp-content\/uploads\/2021\/08\/Erste-Blockchain-Lehre-der-Schweiz_Organisator.jpg\" alt=\"\" width=\"680\" height=\"350\" srcset=\"https:\/\/www.organisator.ch\/wp-content\/uploads\/2021\/08\/Erste-Blockchain-Lehre-der-Schweiz_Organisator.jpg 680w, https:\/\/www.organisator.ch\/wp-content\/uploads\/2021\/08\/Erste-Blockchain-Lehre-der-Schweiz_Organisator-18x9.jpg 18w, https:\/\/www.organisator.ch\/wp-content\/uploads\/2021\/08\/Erste-Blockchain-Lehre-der-Schweiz_Organisator-340x175.jpg 340w, https:\/\/www.organisator.ch\/wp-content\/uploads\/2021\/08\/Erste-Blockchain-Lehre-der-Schweiz_Organisator-300x154.jpg 300w\" sizes=\"auto, (max-width: 680px) 100vw, 680px\" \/><\/a><figcaption id=\"caption-attachment-8337\" class=\"wp-caption-text\">La branche des TIC a un besoin urgent de rel\u00e8ve professionnelle. Trois entreprises zougoises proposent d\u00e9sormais le premier apprentissage de la blockchain en Suisse. (Image : zVg \/ Inacta)<\/figcaption><\/figure>\n<p>Dans la \"Crypto Valley\" du canton de Zoug, les talents en mati\u00e8re de TIC sont tr\u00e8s demand\u00e9s : 960 entreprises y emploient d\u00e9j\u00e0 plus de 5000 personnes, ainsi que dans le reste de la Suisse et au Liechtenstein. Mais le domaine de la crypto-technologie, en forte croissance, exige encore plus de rel\u00e8ve professionnelle. D'ici 2028, l'ensemble du secteur informatique aura besoin de plus de 117000 nouveaux sp\u00e9cialistes. Pour ce faire, il faut \u00e9galement un nombre suffisant de places de formation.<\/p>\n<h2>Comment se dessine l'enseignement de la blockchain<\/h2>\n<p>Les deux entreprises informatiques zougoises Inacta et CV VC agissent d\u00e9sormais pour couvrir leurs besoins en sp\u00e9cialistes. Elles souhaitent encourager les jeunes talents en leur proposant des places d'apprentissage attrayantes. En collaboration avec l'entreprise de formation TIE International, \u00e9galement bas\u00e9e \u00e0 Zoug, elles cr\u00e9ent donc le premier apprentissage de la blockchain en Suisse. Celui-ci se base sur l'apprentissage de l'informatique et de la m\u00e9diamatique, \u00e9largi \u00e0 la technologie blockchain. Cela signifie que la formation informatique est compl\u00e9t\u00e9e par des th\u00e8mes tels que Fintech, Crypto et Smart Contracts. D\u00e8s la deuxi\u00e8me ann\u00e9e, les apprentis travaillent dans leur entreprise formatrice et acqui\u00e8rent une premi\u00e8re exp\u00e9rience dans l'environnement de la blockchain.<\/p>\n<h2>Briser les structures \u00e9ducatives<\/h2>\n<p>Barbara Surber, co-fondatrice et COO de TIE International, explique les raisons qui ont conduit \u00e0 cet enseignement de la blockchain : \"Nous nous sommes mobilis\u00e9s pour que les structures de formation soient bris\u00e9es dans le domaine de la technologie blockchain et que nous puissions former de mani\u00e8re tr\u00e8s cibl\u00e9e des sp\u00e9cialistes ICT dans cet environnement\". Et Jennifer Arman, Head Corporate Center d'Inacta, ajoute : \"Nous consid\u00e9rons la blockchain comme l'une des technologies d'avenir. Nous consid\u00e9rons qu'il est de notre responsabilit\u00e9 d'encourager les jeunes talents int\u00e9ress\u00e9s par ce domaine. Avec l'enseignement de la blockchain nouvellement mis en place, nous voulons cr\u00e9er les bases d'une formation de base solide au c\u0153ur de la Crypto Valley\".<\/p>\n<h2>Deux apprentis dans un premier temps<\/h2>\n<p>Tout au long des quatre ann\u00e9es de formation, Inacta restera en contact \u00e9troit avec son apprenti et avec TIE International. CV VC, une soci\u00e9t\u00e9 d'investissement priv\u00e9e qui propose des financements d'amor\u00e7age aux start-up, forme \u00e9galement un apprenti en m\u00e9diamatique CFC ax\u00e9 sur la blockchain \u00e0 partir de ce mois d'ao\u00fbt.<\/p>\n<p><em>Sources et informations compl\u00e9mentaires : <a href=\"http:\/\/www.tie-international.com\">TIE International<\/a>, <a href=\"http:\/\/www.inacta.ch\">Inacta<\/a>, <a href=\"http:\/\/www.cvvc.com\">CV VC<\/a><\/em><\/p>","protected":false},"excerpt":{"rendered":"<p>Im sog. &#8222;Crypto Valley&#8220; im Kanton Zug sind ICT-Talente stark gefragt: 960 Firmen besch\u00e4ftigen dort und in der restlichen Schweiz sowie in Liechtenstein bereits \u00fcber 5000 Mitarbeitende. Doch der stark wachsende Bereich der Krypto-Technologie verlangt nach noch mehr beruflichen Nachwuchs. Bis 2028 werden in der gesamten IT-Branche mehr als 117000 neue Fachkr\u00e4fte ben\u00f6tigt. Erforderlich sind [&hellip;]<\/p>\n","protected":false},"author":4,"featured_media":8337,"comment_status":"closed","ping_status":"closed","sticky":false,"template":"","format":"standard","meta":{"_acf_changed":false,"_yoast_wpseo_focuskw":"Blockchain-Lehre","_yoast_wpseo_metadesc":"Das Bildungsunternehmen TIE International bietet zusammen mit den Zuger Unternehmen Inacta AG und CV VC AG die erste Blockchain-Lehre der Schweiz an.","articlekey":"","footnotes":""},"categories":[27],"tags":[62,73,286,492],"class_list":["post-8335","post","type-post","status-publish","format-standard","has-post-thumbnail","hentry","category-it","tag-aus-weiterbildung","tag-berufsbildung","tag-it","tag-unternehmen"],"acf":[],"yoast_head":"<!-- This site is optimized with the Yoast SEO plugin v27.5 - https:\/\/yoast.com\/product\/yoast-seo-wordpress\/ -->\n<title>Erste Blockchain-Lehre der Schweiz - Organisator<\/title>\n<meta name=\"description\" content=\"Das Bildungsunternehmen TIE International bietet zusammen mit den Zuger Unternehmen Inacta AG und CV VC AG die erste Blockchain-Lehre der Schweiz an.\" \/>\n<meta name=\"robots\" content=\"index, follow, max-snippet:-1, max-image-preview:large, max-video-preview:-1\" \/>\n<link rel=\"canonical\" href=\"https:\/\/www.organisator.ch\/fr\/gestion-2\/it\/2021-08-02\/erste-blockchain-lehre-der-schweiz\/\" \/>\n<meta property=\"og:locale\" content=\"fr_FR\" \/>\n<meta property=\"og:type\" content=\"article\" \/>\n<meta property=\"og:title\" content=\"Erste Blockchain-Lehre der Schweiz\" \/>\n<meta property=\"og:description\" content=\"Das Bildungsunternehmen TIE International bietet zusammen mit den Zuger Unternehmen Inacta AG und CV VC AG die erste Blockchain-Lehre der Schweiz an.\" \/>\n<meta property=\"og:url\" content=\"https:\/\/www.organisator.ch\/fr\/gestion-2\/it\/2021-08-02\/erste-blockchain-lehre-der-schweiz\/\" \/>\n<meta property=\"og:site_name\" content=\"Organisator\" \/>\n<meta property=\"article:publisher\" content=\"https:\/\/www.facebook.com\/OrganisatorFachmagazin\" \/>\n<meta property=\"article:published_time\" content=\"2021-08-02T11:41:11+00:00\" \/>\n<meta property=\"og:image\" content=\"https:\/\/www.organisator.ch\/wp-content\/uploads\/2021\/08\/Erste-Blockchain-Lehre-der-Schweiz_Organisator.jpg\" \/>\n\t<meta property=\"og:image:width\" content=\"680\" \/>\n\t<meta property=\"og:image:height\" content=\"350\" \/>\n\t<meta property=\"og:image:type\" content=\"image\/jpeg\" \/>\n<meta name=\"author\" content=\"thomas.berner\" \/>\n<meta name=\"twitter:card\" content=\"summary_large_image\" \/>\n<meta name=\"twitter:title\" content=\"Erste #Blockchain-Lehre der Schweiz\" \/>\n<meta name=\"twitter:description\" content=\"Das Bildungsunternehmen TIE International bietet zusammen mit den Zuger Unternehmen #Inacta AG und CV VC AG die erste #Blockchain-Lehre der Schweiz an.\" \/>\n<meta name=\"twitter:image\" content=\"https:\/\/www.organisator.ch\/wp-content\/uploads\/2021\/08\/Erste-Blockchain-Lehre-der-Schweiz_Organisator.jpg\" \/>\n<script type=\"application\/ld+json\" class=\"yoast-schema-graph\">{\"@context\":\"https:\\\/\\\/schema.org\",\"@graph\":[{\"@type\":\"Article\",\"@id\":\"https:\\\/\\\/www.organisator.ch\\\/management\\\/it\\\/2021-08-02\\\/erste-blockchain-lehre-der-schweiz\\\/#article\",\"isPartOf\":{\"@id\":\"https:\\\/\\\/www.organisator.ch\\\/management\\\/it\\\/2021-08-02\\\/erste-blockchain-lehre-der-schweiz\\\/\"},\"author\":{\"name\":\"thomas.berner\",\"@id\":\"https:\\\/\\\/www.organisator.ch\\\/#\\\/schema\\\/person\\\/6f650f90b2842cd4c0cc334b4e36f67e\"},\"headline\":\"Erste Blockchain-Lehre der Schweiz\",\"datePublished\":\"2021-08-02T11:41:11+00:00\",\"mainEntityOfPage\":{\"@id\":\"https:\\\/\\\/www.organisator.ch\\\/management\\\/it\\\/2021-08-02\\\/erste-blockchain-lehre-der-schweiz\\\/\"},\"wordCount\":349,\"publisher\":{\"@id\":\"https:\\\/\\\/www.organisator.ch\\\/#organization\"},\"image\":{\"@id\":\"https:\\\/\\\/www.organisator.ch\\\/management\\\/it\\\/2021-08-02\\\/erste-blockchain-lehre-der-schweiz\\\/#primaryimage\"},\"thumbnailUrl\":\"https:\\\/\\\/www.organisator.ch\\\/wp-content\\\/uploads\\\/2021\\\/08\\\/Erste-Blockchain-Lehre-der-Schweiz_Organisator.jpg\",\"keywords\":[\"Aus-\\\/Weiterbildung\",\"Berufsbildung\",\"IT\",\"Unternehmen\"],\"articleSection\":[\"IT\"],\"inLanguage\":\"fr-FR\"},{\"@type\":\"WebPage\",\"@id\":\"https:\\\/\\\/www.organisator.ch\\\/management\\\/it\\\/2021-08-02\\\/erste-blockchain-lehre-der-schweiz\\\/\",\"url\":\"https:\\\/\\\/www.organisator.ch\\\/management\\\/it\\\/2021-08-02\\\/erste-blockchain-lehre-der-schweiz\\\/\",\"name\":\"Erste Blockchain-Lehre der Schweiz - Organisator\",\"isPartOf\":{\"@id\":\"https:\\\/\\\/www.organisator.ch\\\/#website\"},\"primaryImageOfPage\":{\"@id\":\"https:\\\/\\\/www.organisator.ch\\\/management\\\/it\\\/2021-08-02\\\/erste-blockchain-lehre-der-schweiz\\\/#primaryimage\"},\"image\":{\"@id\":\"https:\\\/\\\/www.organisator.ch\\\/management\\\/it\\\/2021-08-02\\\/erste-blockchain-lehre-der-schweiz\\\/#primaryimage\"},\"thumbnailUrl\":\"https:\\\/\\\/www.organisator.ch\\\/wp-content\\\/uploads\\\/2021\\\/08\\\/Erste-Blockchain-Lehre-der-Schweiz_Organisator.jpg\",\"datePublished\":\"2021-08-02T11:41:11+00:00\",\"description\":\"Das Bildungsunternehmen TIE International bietet zusammen mit den Zuger Unternehmen Inacta AG und CV VC AG die erste Blockchain-Lehre der Schweiz an.\",\"breadcrumb\":{\"@id\":\"https:\\\/\\\/www.organisator.ch\\\/management\\\/it\\\/2021-08-02\\\/erste-blockchain-lehre-der-schweiz\\\/#breadcrumb\"},\"inLanguage\":\"fr-FR\",\"potentialAction\":[{\"@type\":\"ReadAction\",\"target\":[\"https:\\\/\\\/www.organisator.ch\\\/management\\\/it\\\/2021-08-02\\\/erste-blockchain-lehre-der-schweiz\\\/\"]}]},{\"@type\":\"ImageObject\",\"inLanguage\":\"fr-FR\",\"@id\":\"https:\\\/\\\/www.organisator.ch\\\/management\\\/it\\\/2021-08-02\\\/erste-blockchain-lehre-der-schweiz\\\/#primaryimage\",\"url\":\"https:\\\/\\\/www.organisator.ch\\\/wp-content\\\/uploads\\\/2021\\\/08\\\/Erste-Blockchain-Lehre-der-Schweiz_Organisator.jpg\",\"contentUrl\":\"https:\\\/\\\/www.organisator.ch\\\/wp-content\\\/uploads\\\/2021\\\/08\\\/Erste-Blockchain-Lehre-der-Schweiz_Organisator.jpg\",\"width\":680,\"height\":350,\"caption\":\"Beruflicher Nachwuchs ist in der ICT-Branche dringend gesucht. Drei Zuger Unternehmen bieten nun die schweizweit erste Blockchain-Lehre an. (Bild: zVg \\\/ Inacta)\"},{\"@type\":\"BreadcrumbList\",\"@id\":\"https:\\\/\\\/www.organisator.ch\\\/management\\\/it\\\/2021-08-02\\\/erste-blockchain-lehre-der-schweiz\\\/#breadcrumb\",\"itemListElement\":[{\"@type\":\"ListItem\",\"position\":1,\"name\":\"Home\",\"item\":\"https:\\\/\\\/www.organisator.ch\\\/\"},{\"@type\":\"ListItem\",\"position\":2,\"name\":\"Erste Blockchain-Lehre der Schweiz\"}]},{\"@type\":\"WebSite\",\"@id\":\"https:\\\/\\\/www.organisator.ch\\\/#website\",\"url\":\"https:\\\/\\\/www.organisator.ch\\\/\",\"name\":\"Organisator\",\"description\":\"Kompetent. Praxisnah. Der ORGANISATOR bereitet in 10 Ausgaben pro Jahr die wesentlichen Themen f\u00fcr F\u00fchrungskr\u00e4fte von KMU auf.\",\"publisher\":{\"@id\":\"https:\\\/\\\/www.organisator.ch\\\/#organization\"},\"potentialAction\":[{\"@type\":\"SearchAction\",\"target\":{\"@type\":\"EntryPoint\",\"urlTemplate\":\"https:\\\/\\\/www.organisator.ch\\\/?s={search_term_string}\"},\"query-input\":{\"@type\":\"PropertyValueSpecification\",\"valueRequired\":true,\"valueName\":\"search_term_string\"}}],\"inLanguage\":\"fr-FR\"},{\"@type\":\"Organization\",\"@id\":\"https:\\\/\\\/www.organisator.ch\\\/#organization\",\"name\":\"Organisator\",\"url\":\"https:\\\/\\\/www.organisator.ch\\\/\",\"logo\":{\"@type\":\"ImageObject\",\"inLanguage\":\"fr-FR\",\"@id\":\"https:\\\/\\\/www.organisator.ch\\\/#\\\/schema\\\/logo\\\/image\\\/\",\"url\":\"https:\\\/\\\/www.organisator.ch\\\/wp-content\\\/uploads\\\/2022\\\/01\\\/Logo_Organisator_Website.png\",\"contentUrl\":\"https:\\\/\\\/www.organisator.ch\\\/wp-content\\\/uploads\\\/2022\\\/01\\\/Logo_Organisator_Website.png\",\"width\":800,\"height\":77,\"caption\":\"Organisator\"},\"image\":{\"@id\":\"https:\\\/\\\/www.organisator.ch\\\/#\\\/schema\\\/logo\\\/image\\\/\"},\"sameAs\":[\"https:\\\/\\\/www.facebook.com\\\/OrganisatorFachmagazin\",\"https:\\\/\\\/www.linkedin.com\\\/showcase\\\/organisator-das-magazin-fr-kmu\",\"https:\\\/\\\/www.xing.com\\\/news\\\/pages\\\/organisator-ch-695\",\"https:\\\/\\\/www.youtube.com\\\/channel\\\/UCGP2Sq0iWaZwT3BdIAQFYpw\"]},{\"@type\":\"Person\",\"@id\":\"https:\\\/\\\/www.organisator.ch\\\/#\\\/schema\\\/person\\\/6f650f90b2842cd4c0cc334b4e36f67e\",\"name\":\"thomas.berner\",\"image\":{\"@type\":\"ImageObject\",\"inLanguage\":\"fr-FR\",\"@id\":\"https:\\\/\\\/secure.gravatar.com\\\/avatar\\\/ac5001d2a36cb6c6cd3e50789007ffca834b477b74a2144564522e944eabff61?s=96&d=mm&r=g\",\"url\":\"https:\\\/\\\/secure.gravatar.com\\\/avatar\\\/ac5001d2a36cb6c6cd3e50789007ffca834b477b74a2144564522e944eabff61?s=96&d=mm&r=g\",\"contentUrl\":\"https:\\\/\\\/secure.gravatar.com\\\/avatar\\\/ac5001d2a36cb6c6cd3e50789007ffca834b477b74a2144564522e944eabff61?s=96&d=mm&r=g\",\"caption\":\"thomas.berner\"},\"url\":\"https:\\\/\\\/www.organisator.ch\\\/fr\\\/author\\\/thomas-berner\\\/\"}]}<\/script>\n<!-- \/ Yoast SEO plugin. -->","yoast_head_json":{"title":"Premier enseignement de la blockchain en Suisse - Organisateur","description":"L'entreprise de formation TIE International propose, en collaboration avec les entreprises zougoises Inacta AG et CV VC AG, le premier apprentissage de la blockchain en Suisse.","robots":{"index":"index","follow":"follow","max-snippet":"max-snippet:-1","max-image-preview":"max-image-preview:large","max-video-preview":"max-video-preview:-1"},"canonical":"https:\/\/www.organisator.ch\/fr\/gestion-2\/it\/2021-08-02\/erste-blockchain-lehre-der-schweiz\/","og_locale":"fr_FR","og_type":"article","og_title":"Erste Blockchain-Lehre der Schweiz","og_description":"Das Bildungsunternehmen TIE International bietet zusammen mit den Zuger Unternehmen Inacta AG und CV VC AG die erste Blockchain-Lehre der Schweiz an.","og_url":"https:\/\/www.organisator.ch\/fr\/gestion-2\/it\/2021-08-02\/erste-blockchain-lehre-der-schweiz\/","og_site_name":"Organisator","article_publisher":"https:\/\/www.facebook.com\/OrganisatorFachmagazin","article_published_time":"2021-08-02T11:41:11+00:00","og_image":[{"width":680,"height":350,"url":"https:\/\/www.organisator.ch\/wp-content\/uploads\/2021\/08\/Erste-Blockchain-Lehre-der-Schweiz_Organisator.jpg","type":"image\/jpeg"}],"author":"thomas.berner","twitter_card":"summary_large_image","twitter_title":"Erste #Blockchain-Lehre der Schweiz","twitter_description":"Das Bildungsunternehmen TIE International bietet zusammen mit den Zuger Unternehmen #Inacta AG und CV VC AG die erste #Blockchain-Lehre der Schweiz an.","twitter_image":"https:\/\/www.organisator.ch\/wp-content\/uploads\/2021\/08\/Erste-Blockchain-Lehre-der-Schweiz_Organisator.jpg","schema":{"@context":"https:\/\/schema.org","@graph":[{"@type":"Article","@id":"https:\/\/www.organisator.ch\/management\/it\/2021-08-02\/erste-blockchain-lehre-der-schweiz\/#article","isPartOf":{"@id":"https:\/\/www.organisator.ch\/management\/it\/2021-08-02\/erste-blockchain-lehre-der-schweiz\/"},"author":{"name":"thomas.berner","@id":"https:\/\/www.organisator.ch\/#\/schema\/person\/6f650f90b2842cd4c0cc334b4e36f67e"},"headline":"Erste Blockchain-Lehre der Schweiz","datePublished":"2021-08-02T11:41:11+00:00","mainEntityOfPage":{"@id":"https:\/\/www.organisator.ch\/management\/it\/2021-08-02\/erste-blockchain-lehre-der-schweiz\/"},"wordCount":349,"publisher":{"@id":"https:\/\/www.organisator.ch\/#organization"},"image":{"@id":"https:\/\/www.organisator.ch\/management\/it\/2021-08-02\/erste-blockchain-lehre-der-schweiz\/#primaryimage"},"thumbnailUrl":"https:\/\/www.organisator.ch\/wp-content\/uploads\/2021\/08\/Erste-Blockchain-Lehre-der-Schweiz_Organisator.jpg","keywords":["Aus-\/Weiterbildung","Berufsbildung","IT","Unternehmen"],"articleSection":["IT"],"inLanguage":"fr-FR"},{"@type":"WebPage","@id":"https:\/\/www.organisator.ch\/management\/it\/2021-08-02\/erste-blockchain-lehre-der-schweiz\/","url":"https:\/\/www.organisator.ch\/management\/it\/2021-08-02\/erste-blockchain-lehre-der-schweiz\/","name":"Premier enseignement de la blockchain en Suisse - Organisateur","isPartOf":{"@id":"https:\/\/www.organisator.ch\/#website"},"primaryImageOfPage":{"@id":"https:\/\/www.organisator.ch\/management\/it\/2021-08-02\/erste-blockchain-lehre-der-schweiz\/#primaryimage"},"image":{"@id":"https:\/\/www.organisator.ch\/management\/it\/2021-08-02\/erste-blockchain-lehre-der-schweiz\/#primaryimage"},"thumbnailUrl":"https:\/\/www.organisator.ch\/wp-content\/uploads\/2021\/08\/Erste-Blockchain-Lehre-der-Schweiz_Organisator.jpg","datePublished":"2021-08-02T11:41:11+00:00","description":"L'entreprise de formation TIE International propose, en collaboration avec les entreprises zougoises Inacta AG et CV VC AG, le premier apprentissage de la blockchain en Suisse.","breadcrumb":{"@id":"https:\/\/www.organisator.ch\/management\/it\/2021-08-02\/erste-blockchain-lehre-der-schweiz\/#breadcrumb"},"inLanguage":"fr-FR","potentialAction":[{"@type":"ReadAction","target":["https:\/\/www.organisator.ch\/management\/it\/2021-08-02\/erste-blockchain-lehre-der-schweiz\/"]}]},{"@type":"ImageObject","inLanguage":"fr-FR","@id":"https:\/\/www.organisator.ch\/management\/it\/2021-08-02\/erste-blockchain-lehre-der-schweiz\/#primaryimage","url":"https:\/\/www.organisator.ch\/wp-content\/uploads\/2021\/08\/Erste-Blockchain-Lehre-der-Schweiz_Organisator.jpg","contentUrl":"https:\/\/www.organisator.ch\/wp-content\/uploads\/2021\/08\/Erste-Blockchain-Lehre-der-Schweiz_Organisator.jpg","width":680,"height":350,"caption":"Beruflicher Nachwuchs ist in der ICT-Branche dringend gesucht. Drei Zuger Unternehmen bieten nun die schweizweit erste Blockchain-Lehre an. (Bild: zVg \/ Inacta)"},{"@type":"BreadcrumbList","@id":"https:\/\/www.organisator.ch\/management\/it\/2021-08-02\/erste-blockchain-lehre-der-schweiz\/#breadcrumb","itemListElement":[{"@type":"ListItem","position":1,"name":"Home","item":"https:\/\/www.organisator.ch\/"},{"@type":"ListItem","position":2,"name":"Erste Blockchain-Lehre der Schweiz"}]},{"@type":"WebSite","@id":"https:\/\/www.organisator.ch\/#website","url":"https:\/\/www.organisator.ch\/","name":"Organisateur","description":"Comp\u00e9tence et comp\u00e9tence. Proches de la pratique. L'ORGANISATEUR pr\u00e9pare 10 num\u00e9ros par an sur les th\u00e8mes essentiels pour les dirigeants de PME.","publisher":{"@id":"https:\/\/www.organisator.ch\/#organization"},"potentialAction":[{"@type":"SearchAction","target":{"@type":"EntryPoint","urlTemplate":"https:\/\/www.organisator.ch\/?s={search_term_string}"},"query-input":{"@type":"PropertyValueSpecification","valueRequired":true,"valueName":"search_term_string"}}],"inLanguage":"fr-FR"},{"@type":"Organization","@id":"https:\/\/www.organisator.ch\/#organization","name":"Organisateur","url":"https:\/\/www.organisator.ch\/","logo":{"@type":"ImageObject","inLanguage":"fr-FR","@id":"https:\/\/www.organisator.ch\/#\/schema\/logo\/image\/","url":"https:\/\/www.organisator.ch\/wp-content\/uploads\/2022\/01\/Logo_Organisator_Website.png","contentUrl":"https:\/\/www.organisator.ch\/wp-content\/uploads\/2022\/01\/Logo_Organisator_Website.png","width":800,"height":77,"caption":"Organisator"},"image":{"@id":"https:\/\/www.organisator.ch\/#\/schema\/logo\/image\/"},"sameAs":["https:\/\/www.facebook.com\/OrganisatorFachmagazin","https:\/\/www.linkedin.com\/showcase\/organisator-das-magazin-fr-kmu","https:\/\/www.xing.com\/news\/pages\/organisator-ch-695","https:\/\/www.youtube.com\/channel\/UCGP2Sq0iWaZwT3BdIAQFYpw"]},{"@type":"Person","@id":"https:\/\/www.organisator.ch\/#\/schema\/person\/6f650f90b2842cd4c0cc334b4e36f67e","name":"thomas.berner","image":{"@type":"ImageObject","inLanguage":"fr-FR","@id":"https:\/\/secure.gravatar.com\/avatar\/ac5001d2a36cb6c6cd3e50789007ffca834b477b74a2144564522e944eabff61?s=96&d=mm&r=g","url":"https:\/\/secure.gravatar.com\/avatar\/ac5001d2a36cb6c6cd3e50789007ffca834b477b74a2144564522e944eabff61?s=96&d=mm&r=g","contentUrl":"https:\/\/secure.gravatar.com\/avatar\/ac5001d2a36cb6c6cd3e50789007ffca834b477b74a2144564522e944eabff61?s=96&d=mm&r=g","caption":"thomas.berner"},"url":"https:\/\/www.organisator.ch\/fr\/author\/thomas-berner\/"}]}},"_links":{"self":[{"href":"https:\/\/www.organisator.ch\/fr\/wp-json\/wp\/v2\/posts\/8335","targetHints":{"allow":["GET"]}}],"collection":[{"href":"https:\/\/www.organisator.ch\/fr\/wp-json\/wp\/v2\/posts"}],"about":[{"href":"https:\/\/www.organisator.ch\/fr\/wp-json\/wp\/v2\/types\/post"}],"author":[{"embeddable":true,"href":"https:\/\/www.organisator.ch\/fr\/wp-json\/wp\/v2\/users\/4"}],"replies":[{"embeddable":true,"href":"https:\/\/www.organisator.ch\/fr\/wp-json\/wp\/v2\/comments?post=8335"}],"version-history":[{"count":0,"href":"https:\/\/www.organisator.ch\/fr\/wp-json\/wp\/v2\/posts\/8335\/revisions"}],"wp:featuredmedia":[{"embeddable":true,"href":"https:\/\/www.organisator.ch\/fr\/wp-json\/wp\/v2\/media\/8337"}],"wp:attachment":[{"href":"https:\/\/www.organisator.ch\/fr\/wp-json\/wp\/v2\/media?parent=8335"}],"wp:term":[{"taxonomy":"category","embeddable":true,"href":"https:\/\/www.organisator.ch\/fr\/wp-json\/wp\/v2\/categories?post=8335"},{"taxonomy":"post_tag","embeddable":true,"href":"https:\/\/www.organisator.ch\/fr\/wp-json\/wp\/v2\/tags?post=8335"}],"curies":[{"name":"wp","href":"https:\/\/api.w.org\/{rel}","templated":true}]}}