{"id":8351,"date":"2021-08-05T14:03:15","date_gmt":"2021-08-05T12:03:15","guid":{"rendered":"https:\/\/www.organisator.ch\/?p=8351"},"modified":"2021-08-05T14:03:15","modified_gmt":"2021-08-05T12:03:15","slug":"buchtipp-arbeitswelt-4-0-das-kmu-der-zukunft","status":"publish","type":"post","link":"https:\/\/www.organisator.ch\/fr\/management\/2021-08-05\/buchtipp-arbeitswelt-4-0-das-kmu-der-zukunft\/","title":{"rendered":"Livre conseill\u00e9 : Monde du travail 4.0 : la PME du futur"},"content":{"rendered":"<p><a href=\"https:\/\/www.organisator.ch\/wp-content\/uploads\/2021\/08\/Buchtipp-Arbeitswelt-4-0-Das-KMU-der-Zukunft_Organisator.jpg\"><img loading=\"lazy\" decoding=\"async\" class=\"alignnone size-medium wp-image-8352\" src=\"https:\/\/www.organisator.ch\/wp-content\/uploads\/2021\/08\/Buchtipp-Arbeitswelt-4-0-Das-KMU-der-Zukunft_Organisator.jpg\" alt=\"\" width=\"680\" height=\"878\" srcset=\"https:\/\/www.organisator.ch\/wp-content\/uploads\/2021\/08\/Buchtipp-Arbeitswelt-4-0-Das-KMU-der-Zukunft_Organisator.jpg 680w, https:\/\/www.organisator.ch\/wp-content\/uploads\/2021\/08\/Buchtipp-Arbeitswelt-4-0-Das-KMU-der-Zukunft_Organisator-9x12.jpg 9w, https:\/\/www.organisator.ch\/wp-content\/uploads\/2021\/08\/Buchtipp-Arbeitswelt-4-0-Das-KMU-der-Zukunft_Organisator-136x175.jpg 136w, https:\/\/www.organisator.ch\/wp-content\/uploads\/2021\/08\/Buchtipp-Arbeitswelt-4-0-Das-KMU-der-Zukunft_Organisator-271x350.jpg 271w, https:\/\/www.organisator.ch\/wp-content\/uploads\/2021\/08\/Buchtipp-Arbeitswelt-4-0-Das-KMU-der-Zukunft_Organisator-620x800.jpg 620w, https:\/\/www.organisator.ch\/wp-content\/uploads\/2021\/08\/Buchtipp-Arbeitswelt-4-0-Das-KMU-der-Zukunft_Organisator-300x387.jpg 300w\" sizes=\"auto, (max-width: 680px) 100vw, 680px\" \/><\/a><\/p>\n<p>\u00c0 quoi ressemblera la PME du futur ? Comment les entreprises peuvent-elles se transformer pour que le monde du travail 4.0 devienne une r\u00e9alit\u00e9 ? A l'\u00e8re du num\u00e9rique, de nouvelles strat\u00e9gies et de nouveaux outils sont n\u00e9cessaires. Le guide \"Arbeitswelt 4.0 : Das KMU der Zukunft\", paru dans l'\u00e9dition du Beobachter, montre \u00e0 l'aide de nombreux exemples pratiques comment d\u00e9velopper et mettre en \u0153uvre de nouveaux mod\u00e8les d'entreprise innovants. Des m\u00e9thodes de travail plus r\u00e9centes telles que le design thinking et la gestion de projet agile sont clairement expliqu\u00e9es dans cet ouvrage.<\/p>\n<h2>Conseils pratiques pour la PME du futur<\/h2>\n<p>La transformation est aussi et surtout un processus culturel. La mani\u00e8re de travailler et la fa\u00e7on dont les gens veulent travailler changent. C'est pourquoi le guide met \u00e9galement l'accent sur l'am\u00e9nagement de l'environnement de travail, le leadership et la collaboration ainsi que le recrutement. Il souligne \u00e9galement la valeur d'une culture d'entreprise forte \u00e0 l'\u00e9poque de la collaboration sociale et du travail mixte et \u00e0 distance.<\/p>\n<p>Le livre se veut un guide pour un large lectorat : que l'on soit entrepreneur, freelance, employeur, ind\u00e9pendant ou cadre, cet ouvrage orient\u00e9 vers la pratique initie les lecteurs au monde du travail 4.0 en tant qu'interaction entre les personnes, les technologies et les environnements de travail. Les points forts du contenu sont<\/p>\n<ul>\n<li>Qu'est-ce que la transformation num\u00e9rique et de quoi faut-il tenir compte pour mon entreprise ? Avec des instructions \u00e9tape par \u00e9tape pour la transition vers le monde du travail 4.0<\/li>\n<li>L'avenir de la recherche et de la gestion du personnel : quelles sont les comp\u00e9tences importantes ? Comment recruter ? M\u00e9dias sociaux, recrutement mobile ? Et une fois que vous avez trouv\u00e9 vos collaborateurs : Comment diriger dans le monde du travail 4.0 ?<\/li>\n<li>O\u00f9 et quand mes collaborateurs et moi-m\u00eame travaillons-ils ? Tout ce qui concerne le poste de travail flexible, le home office et l'organisation moderne du temps de travail<\/li>\n<li>Collaboration virtuelle : de nombreux outils utiles pour les r\u00e9unions num\u00e9riques, la communication assist\u00e9e par ordinateur, la collaboration sociale et des r\u00e9ponses aux questions sur la protection des donn\u00e9es et la s\u00e9curit\u00e9 informatique<\/li>\n<li>Cadre juridique incluant des clauses types pour les contrats de travail avec vos travailleurs \u00e0 domicile<\/li>\n<\/ul>\n<h2>Les auteurs<\/h2>\n<p>Nicole Kr\u00e4ttli est journaliste multim\u00e9dia et auteur de livres. Dans le cadre de son activit\u00e9 journalistique, elle s'int\u00e9resse r\u00e9guli\u00e8rement \u00e0 la num\u00e9risation du monde du travail et aux cons\u00e9quences \u00e9conomiques, sociales et juridiques qui d\u00e9coulent de ces changements. Marc K. Peter est professeur \u00e0 la FHNW Hochschule f\u00fcr Wirtschaft et a soutenu de nombreuses entreprises dans leurs strat\u00e9gies et projets num\u00e9riques. Il s'int\u00e9resse notamment \u00e0 la transformation num\u00e9rique, \u00e0 la s\u00e9curit\u00e9 informatique et au monde du travail 4.0. Il est \u00e9galement co-auteur de l'ouvrage \"<a href=\"https:\/\/www.organisator.ch\/it-sicherheit-fuer-kmu-neues-buch-gibt-praktische-tipps\/\">S\u00e9curit\u00e9 informatique pour les PME<\/a>\" de la m\u00eame maison d'\u00e9dition.<\/p>\n<p><strong><em>Le monde du travail 4.0<\/em><\/strong><br \/>\n<em>Nicole Kr\u00e4ttli, Marc K. Peter<\/em><br \/>\n<em>232 pages, brochure \u00e0 rabats,<\/em><br \/>\n<em>CHF 48.- , 1\u00e8re \u00e9dition, ao\u00fbt 2021<\/em><br \/>\n<em>ISBN 978-3-03875-379-7<br \/>\n<a href=\"https:\/\/shop.beobachter.ch\/buchshop\/arbeit\/arbeitswelt\">\u00c9dition Observateur<\/a><\/em><\/p>","protected":false},"excerpt":{"rendered":"<p>Wie sieht das KMU der Zukunft aus? Wie k\u00f6nnen Unternehmen sich ver\u00e4ndern, damit die Arbeitswelt 4.0 Realit\u00e4t wird? Im digitalen Zeitalter braucht es neue Strategien und Werkzeuge. Der in der Beobachter-Edition erschienene Ratgeber \u00abArbeitswelt 4.0: Das KMU der Zukunft\u00bb zeigt anhand zahlreicher Praxisbeispiele auf, wie neue, innovative Gesch\u00e4ftsmodelle entwickelt und implementiert werden. Neuere Arbeitsmethoden wie [&hellip;]<\/p>\n","protected":false},"author":4,"featured_media":8352,"comment_status":"closed","ping_status":"closed","sticky":false,"template":"","format":"standard","meta":{"_acf_changed":false,"_yoast_wpseo_focuskw":"KMU der Zukunft","_yoast_wpseo_metadesc":"Wie gehen KMU aktiv weitere Ver\u00e4nderungen an? Worauf m\u00fcssen sie sich vorbereiten? Das Buch \"Arbeitswelt 4.0: Das KMU der Zukunft\" liefert Praxistipps.","articlekey":"","footnotes":""},"categories":[28],"tags":[92,95,335,363],"class_list":["post-8351","post","type-post","status-publish","format-standard","has-post-thumbnail","hentry","category-management","tag-buch","tag-buchtipps","tag-management-und-unternehmensfuehrung","tag-new-work"],"acf":[],"yoast_head":"<!-- This site is optimized with the Yoast SEO plugin v27.5 - https:\/\/yoast.com\/product\/yoast-seo-wordpress\/ -->\n<title>Buchtipp: Arbeitswelt 4.0: Das KMU der Zukunft - Organisator<\/title>\n<meta name=\"description\" content=\"Wie gehen KMU aktiv weitere Ver\u00e4nderungen an? Worauf m\u00fcssen sie sich vorbereiten? Das Buch &quot;Arbeitswelt 4.0: Das KMU der Zukunft&quot; liefert Praxistipps.\" \/>\n<meta name=\"robots\" content=\"index, follow, max-snippet:-1, max-image-preview:large, max-video-preview:-1\" \/>\n<link rel=\"canonical\" href=\"https:\/\/www.organisator.ch\/fr\/gestion-2\/2021-08-05\/buchtipp-arbeitswelt-4-0-das-kmu-der-zukunft\/\" \/>\n<meta property=\"og:locale\" content=\"fr_FR\" \/>\n<meta property=\"og:type\" content=\"article\" \/>\n<meta property=\"og:title\" content=\"Buchtipp: Arbeitswelt 4.0: Das KMU der Zukunft\" \/>\n<meta property=\"og:description\" content=\"Wie gehen KMU aktiv weitere Ver\u00e4nderungen an? Worauf m\u00fcssen sie sich vorbereiten? Das Buch &quot;Arbeitswelt 4.0: Das KMU der Zukunft&quot; liefert Praxistipps.\" \/>\n<meta property=\"og:url\" content=\"https:\/\/www.organisator.ch\/fr\/gestion-2\/2021-08-05\/buchtipp-arbeitswelt-4-0-das-kmu-der-zukunft\/\" \/>\n<meta property=\"og:site_name\" content=\"Organisator\" \/>\n<meta property=\"article:publisher\" content=\"https:\/\/www.facebook.com\/OrganisatorFachmagazin\" \/>\n<meta property=\"article:published_time\" content=\"2021-08-05T12:03:15+00:00\" \/>\n<meta property=\"og:image\" content=\"https:\/\/www.organisator.ch\/wp-content\/uploads\/2021\/08\/Buchtipp-Arbeitswelt-4-0-Das-KMU-der-Zukunft_Organisator.jpg\" \/>\n\t<meta property=\"og:image:width\" content=\"680\" \/>\n\t<meta property=\"og:image:height\" content=\"878\" \/>\n\t<meta property=\"og:image:type\" content=\"image\/jpeg\" \/>\n<meta name=\"author\" content=\"thomas.berner\" \/>\n<meta name=\"twitter:card\" content=\"summary_large_image\" \/>\n<meta name=\"twitter:title\" content=\"#Buchtipp: #Arbeitswelt 4.0: Das #KMU der Zukunft\" \/>\n<meta name=\"twitter:description\" content=\"Wie gehen #KMU aktiv weitere Ver\u00e4nderungen an? Worauf m\u00fcssen sie sich vorbereiten? Das Buch &quot;#Arbeitswelt 4.0: Das KMU der Zukunft&quot; liefert #Praxistipps.\" \/>\n<meta name=\"twitter:image\" content=\"https:\/\/www.organisator.ch\/wp-content\/uploads\/2021\/08\/Buchtipp-Arbeitswelt-4-0-Das-KMU-der-Zukunft_Organisator.jpg\" \/>\n<script type=\"application\/ld+json\" class=\"yoast-schema-graph\">{\"@context\":\"https:\\\/\\\/schema.org\",\"@graph\":[{\"@type\":\"Article\",\"@id\":\"https:\\\/\\\/www.organisator.ch\\\/management\\\/2021-08-05\\\/buchtipp-arbeitswelt-4-0-das-kmu-der-zukunft\\\/#article\",\"isPartOf\":{\"@id\":\"https:\\\/\\\/www.organisator.ch\\\/management\\\/2021-08-05\\\/buchtipp-arbeitswelt-4-0-das-kmu-der-zukunft\\\/\"},\"author\":{\"name\":\"thomas.berner\",\"@id\":\"https:\\\/\\\/www.organisator.ch\\\/#\\\/schema\\\/person\\\/6f650f90b2842cd4c0cc334b4e36f67e\"},\"headline\":\"Buchtipp: Arbeitswelt 4.0: Das KMU der Zukunft\",\"datePublished\":\"2021-08-05T12:03:15+00:00\",\"mainEntityOfPage\":{\"@id\":\"https:\\\/\\\/www.organisator.ch\\\/management\\\/2021-08-05\\\/buchtipp-arbeitswelt-4-0-das-kmu-der-zukunft\\\/\"},\"wordCount\":410,\"publisher\":{\"@id\":\"https:\\\/\\\/www.organisator.ch\\\/#organization\"},\"image\":{\"@id\":\"https:\\\/\\\/www.organisator.ch\\\/management\\\/2021-08-05\\\/buchtipp-arbeitswelt-4-0-das-kmu-der-zukunft\\\/#primaryimage\"},\"thumbnailUrl\":\"https:\\\/\\\/www.organisator.ch\\\/wp-content\\\/uploads\\\/2021\\\/08\\\/Buchtipp-Arbeitswelt-4-0-Das-KMU-der-Zukunft_Organisator.jpg\",\"keywords\":[\"Buch\",\"Buchtipps\",\"Management und Unternehmensf\u00fchrung\",\"New Work\"],\"articleSection\":[\"MANAGEMENT\"],\"inLanguage\":\"fr-FR\"},{\"@type\":\"WebPage\",\"@id\":\"https:\\\/\\\/www.organisator.ch\\\/management\\\/2021-08-05\\\/buchtipp-arbeitswelt-4-0-das-kmu-der-zukunft\\\/\",\"url\":\"https:\\\/\\\/www.organisator.ch\\\/management\\\/2021-08-05\\\/buchtipp-arbeitswelt-4-0-das-kmu-der-zukunft\\\/\",\"name\":\"Buchtipp: Arbeitswelt 4.0: Das KMU der Zukunft - Organisator\",\"isPartOf\":{\"@id\":\"https:\\\/\\\/www.organisator.ch\\\/#website\"},\"primaryImageOfPage\":{\"@id\":\"https:\\\/\\\/www.organisator.ch\\\/management\\\/2021-08-05\\\/buchtipp-arbeitswelt-4-0-das-kmu-der-zukunft\\\/#primaryimage\"},\"image\":{\"@id\":\"https:\\\/\\\/www.organisator.ch\\\/management\\\/2021-08-05\\\/buchtipp-arbeitswelt-4-0-das-kmu-der-zukunft\\\/#primaryimage\"},\"thumbnailUrl\":\"https:\\\/\\\/www.organisator.ch\\\/wp-content\\\/uploads\\\/2021\\\/08\\\/Buchtipp-Arbeitswelt-4-0-Das-KMU-der-Zukunft_Organisator.jpg\",\"datePublished\":\"2021-08-05T12:03:15+00:00\",\"description\":\"Wie gehen KMU aktiv weitere Ver\u00e4nderungen an? Worauf m\u00fcssen sie sich vorbereiten? Das Buch \\\"Arbeitswelt 4.0: Das KMU der Zukunft\\\" liefert Praxistipps.\",\"breadcrumb\":{\"@id\":\"https:\\\/\\\/www.organisator.ch\\\/management\\\/2021-08-05\\\/buchtipp-arbeitswelt-4-0-das-kmu-der-zukunft\\\/#breadcrumb\"},\"inLanguage\":\"fr-FR\",\"potentialAction\":[{\"@type\":\"ReadAction\",\"target\":[\"https:\\\/\\\/www.organisator.ch\\\/management\\\/2021-08-05\\\/buchtipp-arbeitswelt-4-0-das-kmu-der-zukunft\\\/\"]}]},{\"@type\":\"ImageObject\",\"inLanguage\":\"fr-FR\",\"@id\":\"https:\\\/\\\/www.organisator.ch\\\/management\\\/2021-08-05\\\/buchtipp-arbeitswelt-4-0-das-kmu-der-zukunft\\\/#primaryimage\",\"url\":\"https:\\\/\\\/www.organisator.ch\\\/wp-content\\\/uploads\\\/2021\\\/08\\\/Buchtipp-Arbeitswelt-4-0-Das-KMU-der-Zukunft_Organisator.jpg\",\"contentUrl\":\"https:\\\/\\\/www.organisator.ch\\\/wp-content\\\/uploads\\\/2021\\\/08\\\/Buchtipp-Arbeitswelt-4-0-Das-KMU-der-Zukunft_Organisator.jpg\",\"width\":680,\"height\":878},{\"@type\":\"BreadcrumbList\",\"@id\":\"https:\\\/\\\/www.organisator.ch\\\/management\\\/2021-08-05\\\/buchtipp-arbeitswelt-4-0-das-kmu-der-zukunft\\\/#breadcrumb\",\"itemListElement\":[{\"@type\":\"ListItem\",\"position\":1,\"name\":\"Home\",\"item\":\"https:\\\/\\\/www.organisator.ch\\\/\"},{\"@type\":\"ListItem\",\"position\":2,\"name\":\"Buchtipp: Arbeitswelt 4.0: Das KMU der Zukunft\"}]},{\"@type\":\"WebSite\",\"@id\":\"https:\\\/\\\/www.organisator.ch\\\/#website\",\"url\":\"https:\\\/\\\/www.organisator.ch\\\/\",\"name\":\"Organisator\",\"description\":\"Kompetent. Praxisnah. Der ORGANISATOR bereitet in 10 Ausgaben pro Jahr die wesentlichen Themen f\u00fcr F\u00fchrungskr\u00e4fte von KMU auf.\",\"publisher\":{\"@id\":\"https:\\\/\\\/www.organisator.ch\\\/#organization\"},\"potentialAction\":[{\"@type\":\"SearchAction\",\"target\":{\"@type\":\"EntryPoint\",\"urlTemplate\":\"https:\\\/\\\/www.organisator.ch\\\/?s={search_term_string}\"},\"query-input\":{\"@type\":\"PropertyValueSpecification\",\"valueRequired\":true,\"valueName\":\"search_term_string\"}}],\"inLanguage\":\"fr-FR\"},{\"@type\":\"Organization\",\"@id\":\"https:\\\/\\\/www.organisator.ch\\\/#organization\",\"name\":\"Organisator\",\"url\":\"https:\\\/\\\/www.organisator.ch\\\/\",\"logo\":{\"@type\":\"ImageObject\",\"inLanguage\":\"fr-FR\",\"@id\":\"https:\\\/\\\/www.organisator.ch\\\/#\\\/schema\\\/logo\\\/image\\\/\",\"url\":\"https:\\\/\\\/www.organisator.ch\\\/wp-content\\\/uploads\\\/2022\\\/01\\\/Logo_Organisator_Website.png\",\"contentUrl\":\"https:\\\/\\\/www.organisator.ch\\\/wp-content\\\/uploads\\\/2022\\\/01\\\/Logo_Organisator_Website.png\",\"width\":800,\"height\":77,\"caption\":\"Organisator\"},\"image\":{\"@id\":\"https:\\\/\\\/www.organisator.ch\\\/#\\\/schema\\\/logo\\\/image\\\/\"},\"sameAs\":[\"https:\\\/\\\/www.facebook.com\\\/OrganisatorFachmagazin\",\"https:\\\/\\\/www.linkedin.com\\\/showcase\\\/organisator-das-magazin-fr-kmu\",\"https:\\\/\\\/www.xing.com\\\/news\\\/pages\\\/organisator-ch-695\",\"https:\\\/\\\/www.youtube.com\\\/channel\\\/UCGP2Sq0iWaZwT3BdIAQFYpw\"]},{\"@type\":\"Person\",\"@id\":\"https:\\\/\\\/www.organisator.ch\\\/#\\\/schema\\\/person\\\/6f650f90b2842cd4c0cc334b4e36f67e\",\"name\":\"thomas.berner\",\"image\":{\"@type\":\"ImageObject\",\"inLanguage\":\"fr-FR\",\"@id\":\"https:\\\/\\\/secure.gravatar.com\\\/avatar\\\/ac5001d2a36cb6c6cd3e50789007ffca834b477b74a2144564522e944eabff61?s=96&d=mm&r=g\",\"url\":\"https:\\\/\\\/secure.gravatar.com\\\/avatar\\\/ac5001d2a36cb6c6cd3e50789007ffca834b477b74a2144564522e944eabff61?s=96&d=mm&r=g\",\"contentUrl\":\"https:\\\/\\\/secure.gravatar.com\\\/avatar\\\/ac5001d2a36cb6c6cd3e50789007ffca834b477b74a2144564522e944eabff61?s=96&d=mm&r=g\",\"caption\":\"thomas.berner\"},\"url\":\"https:\\\/\\\/www.organisator.ch\\\/fr\\\/author\\\/thomas-berner\\\/\"}]}<\/script>\n<!-- \/ Yoast SEO plugin. -->","yoast_head_json":{"title":"Livre conseill\u00e9 : Le monde du travail 4.0 : la PME du futur - Organisateur","description":"Comment les PME abordent-elles activement d'autres changements ? \u00c0 quoi doivent-elles se pr\u00e9parer ? Le livre \"Arbeitswelt 4.0 : Das KMU der Zukunft\" fournit des conseils pratiques.","robots":{"index":"index","follow":"follow","max-snippet":"max-snippet:-1","max-image-preview":"max-image-preview:large","max-video-preview":"max-video-preview:-1"},"canonical":"https:\/\/www.organisator.ch\/fr\/gestion-2\/2021-08-05\/buchtipp-arbeitswelt-4-0-das-kmu-der-zukunft\/","og_locale":"fr_FR","og_type":"article","og_title":"Buchtipp: Arbeitswelt 4.0: Das KMU der Zukunft","og_description":"Wie gehen KMU aktiv weitere Ver\u00e4nderungen an? Worauf m\u00fcssen sie sich vorbereiten? Das Buch \"Arbeitswelt 4.0: Das KMU der Zukunft\" liefert Praxistipps.","og_url":"https:\/\/www.organisator.ch\/fr\/gestion-2\/2021-08-05\/buchtipp-arbeitswelt-4-0-das-kmu-der-zukunft\/","og_site_name":"Organisator","article_publisher":"https:\/\/www.facebook.com\/OrganisatorFachmagazin","article_published_time":"2021-08-05T12:03:15+00:00","og_image":[{"width":680,"height":878,"url":"https:\/\/www.organisator.ch\/wp-content\/uploads\/2021\/08\/Buchtipp-Arbeitswelt-4-0-Das-KMU-der-Zukunft_Organisator.jpg","type":"image\/jpeg"}],"author":"thomas.berner","twitter_card":"summary_large_image","twitter_title":"#Buchtipp: #Arbeitswelt 4.0: Das #KMU der Zukunft","twitter_description":"Wie gehen #KMU aktiv weitere Ver\u00e4nderungen an? Worauf m\u00fcssen sie sich vorbereiten? Das Buch \"#Arbeitswelt 4.0: Das KMU der Zukunft\" liefert #Praxistipps.","twitter_image":"https:\/\/www.organisator.ch\/wp-content\/uploads\/2021\/08\/Buchtipp-Arbeitswelt-4-0-Das-KMU-der-Zukunft_Organisator.jpg","schema":{"@context":"https:\/\/schema.org","@graph":[{"@type":"Article","@id":"https:\/\/www.organisator.ch\/management\/2021-08-05\/buchtipp-arbeitswelt-4-0-das-kmu-der-zukunft\/#article","isPartOf":{"@id":"https:\/\/www.organisator.ch\/management\/2021-08-05\/buchtipp-arbeitswelt-4-0-das-kmu-der-zukunft\/"},"author":{"name":"thomas.berner","@id":"https:\/\/www.organisator.ch\/#\/schema\/person\/6f650f90b2842cd4c0cc334b4e36f67e"},"headline":"Buchtipp: Arbeitswelt 4.0: Das KMU der Zukunft","datePublished":"2021-08-05T12:03:15+00:00","mainEntityOfPage":{"@id":"https:\/\/www.organisator.ch\/management\/2021-08-05\/buchtipp-arbeitswelt-4-0-das-kmu-der-zukunft\/"},"wordCount":410,"publisher":{"@id":"https:\/\/www.organisator.ch\/#organization"},"image":{"@id":"https:\/\/www.organisator.ch\/management\/2021-08-05\/buchtipp-arbeitswelt-4-0-das-kmu-der-zukunft\/#primaryimage"},"thumbnailUrl":"https:\/\/www.organisator.ch\/wp-content\/uploads\/2021\/08\/Buchtipp-Arbeitswelt-4-0-Das-KMU-der-Zukunft_Organisator.jpg","keywords":["Buch","Buchtipps","Management und Unternehmensf\u00fchrung","New Work"],"articleSection":["MANAGEMENT"],"inLanguage":"fr-FR"},{"@type":"WebPage","@id":"https:\/\/www.organisator.ch\/management\/2021-08-05\/buchtipp-arbeitswelt-4-0-das-kmu-der-zukunft\/","url":"https:\/\/www.organisator.ch\/management\/2021-08-05\/buchtipp-arbeitswelt-4-0-das-kmu-der-zukunft\/","name":"Livre conseill\u00e9 : Le monde du travail 4.0 : la PME du futur - Organisateur","isPartOf":{"@id":"https:\/\/www.organisator.ch\/#website"},"primaryImageOfPage":{"@id":"https:\/\/www.organisator.ch\/management\/2021-08-05\/buchtipp-arbeitswelt-4-0-das-kmu-der-zukunft\/#primaryimage"},"image":{"@id":"https:\/\/www.organisator.ch\/management\/2021-08-05\/buchtipp-arbeitswelt-4-0-das-kmu-der-zukunft\/#primaryimage"},"thumbnailUrl":"https:\/\/www.organisator.ch\/wp-content\/uploads\/2021\/08\/Buchtipp-Arbeitswelt-4-0-Das-KMU-der-Zukunft_Organisator.jpg","datePublished":"2021-08-05T12:03:15+00:00","description":"Comment les PME abordent-elles activement d'autres changements ? \u00c0 quoi doivent-elles se pr\u00e9parer ? Le livre \"Arbeitswelt 4.0 : Das KMU der Zukunft\" fournit des conseils pratiques.","breadcrumb":{"@id":"https:\/\/www.organisator.ch\/management\/2021-08-05\/buchtipp-arbeitswelt-4-0-das-kmu-der-zukunft\/#breadcrumb"},"inLanguage":"fr-FR","potentialAction":[{"@type":"ReadAction","target":["https:\/\/www.organisator.ch\/management\/2021-08-05\/buchtipp-arbeitswelt-4-0-das-kmu-der-zukunft\/"]}]},{"@type":"ImageObject","inLanguage":"fr-FR","@id":"https:\/\/www.organisator.ch\/management\/2021-08-05\/buchtipp-arbeitswelt-4-0-das-kmu-der-zukunft\/#primaryimage","url":"https:\/\/www.organisator.ch\/wp-content\/uploads\/2021\/08\/Buchtipp-Arbeitswelt-4-0-Das-KMU-der-Zukunft_Organisator.jpg","contentUrl":"https:\/\/www.organisator.ch\/wp-content\/uploads\/2021\/08\/Buchtipp-Arbeitswelt-4-0-Das-KMU-der-Zukunft_Organisator.jpg","width":680,"height":878},{"@type":"BreadcrumbList","@id":"https:\/\/www.organisator.ch\/management\/2021-08-05\/buchtipp-arbeitswelt-4-0-das-kmu-der-zukunft\/#breadcrumb","itemListElement":[{"@type":"ListItem","position":1,"name":"Home","item":"https:\/\/www.organisator.ch\/"},{"@type":"ListItem","position":2,"name":"Buchtipp: Arbeitswelt 4.0: Das KMU der Zukunft"}]},{"@type":"WebSite","@id":"https:\/\/www.organisator.ch\/#website","url":"https:\/\/www.organisator.ch\/","name":"Organisateur","description":"Comp\u00e9tence et comp\u00e9tence. Proches de la pratique. L'ORGANISATEUR pr\u00e9pare 10 num\u00e9ros par an sur les th\u00e8mes essentiels pour les dirigeants de PME.","publisher":{"@id":"https:\/\/www.organisator.ch\/#organization"},"potentialAction":[{"@type":"SearchAction","target":{"@type":"EntryPoint","urlTemplate":"https:\/\/www.organisator.ch\/?s={search_term_string}"},"query-input":{"@type":"PropertyValueSpecification","valueRequired":true,"valueName":"search_term_string"}}],"inLanguage":"fr-FR"},{"@type":"Organization","@id":"https:\/\/www.organisator.ch\/#organization","name":"Organisateur","url":"https:\/\/www.organisator.ch\/","logo":{"@type":"ImageObject","inLanguage":"fr-FR","@id":"https:\/\/www.organisator.ch\/#\/schema\/logo\/image\/","url":"https:\/\/www.organisator.ch\/wp-content\/uploads\/2022\/01\/Logo_Organisator_Website.png","contentUrl":"https:\/\/www.organisator.ch\/wp-content\/uploads\/2022\/01\/Logo_Organisator_Website.png","width":800,"height":77,"caption":"Organisator"},"image":{"@id":"https:\/\/www.organisator.ch\/#\/schema\/logo\/image\/"},"sameAs":["https:\/\/www.facebook.com\/OrganisatorFachmagazin","https:\/\/www.linkedin.com\/showcase\/organisator-das-magazin-fr-kmu","https:\/\/www.xing.com\/news\/pages\/organisator-ch-695","https:\/\/www.youtube.com\/channel\/UCGP2Sq0iWaZwT3BdIAQFYpw"]},{"@type":"Person","@id":"https:\/\/www.organisator.ch\/#\/schema\/person\/6f650f90b2842cd4c0cc334b4e36f67e","name":"thomas.berner","image":{"@type":"ImageObject","inLanguage":"fr-FR","@id":"https:\/\/secure.gravatar.com\/avatar\/ac5001d2a36cb6c6cd3e50789007ffca834b477b74a2144564522e944eabff61?s=96&d=mm&r=g","url":"https:\/\/secure.gravatar.com\/avatar\/ac5001d2a36cb6c6cd3e50789007ffca834b477b74a2144564522e944eabff61?s=96&d=mm&r=g","contentUrl":"https:\/\/secure.gravatar.com\/avatar\/ac5001d2a36cb6c6cd3e50789007ffca834b477b74a2144564522e944eabff61?s=96&d=mm&r=g","caption":"thomas.berner"},"url":"https:\/\/www.organisator.ch\/fr\/author\/thomas-berner\/"}]}},"_links":{"self":[{"href":"https:\/\/www.organisator.ch\/fr\/wp-json\/wp\/v2\/posts\/8351","targetHints":{"allow":["GET"]}}],"collection":[{"href":"https:\/\/www.organisator.ch\/fr\/wp-json\/wp\/v2\/posts"}],"about":[{"href":"https:\/\/www.organisator.ch\/fr\/wp-json\/wp\/v2\/types\/post"}],"author":[{"embeddable":true,"href":"https:\/\/www.organisator.ch\/fr\/wp-json\/wp\/v2\/users\/4"}],"replies":[{"embeddable":true,"href":"https:\/\/www.organisator.ch\/fr\/wp-json\/wp\/v2\/comments?post=8351"}],"version-history":[{"count":0,"href":"https:\/\/www.organisator.ch\/fr\/wp-json\/wp\/v2\/posts\/8351\/revisions"}],"wp:featuredmedia":[{"embeddable":true,"href":"https:\/\/www.organisator.ch\/fr\/wp-json\/wp\/v2\/media\/8352"}],"wp:attachment":[{"href":"https:\/\/www.organisator.ch\/fr\/wp-json\/wp\/v2\/media?parent=8351"}],"wp:term":[{"taxonomy":"category","embeddable":true,"href":"https:\/\/www.organisator.ch\/fr\/wp-json\/wp\/v2\/categories?post=8351"},{"taxonomy":"post_tag","embeddable":true,"href":"https:\/\/www.organisator.ch\/fr\/wp-json\/wp\/v2\/tags?post=8351"}],"curies":[{"name":"wp","href":"https:\/\/api.w.org\/{rel}","templated":true}]}}