{"id":8365,"date":"2021-08-09T13:51:52","date_gmt":"2021-08-09T11:51:52","guid":{"rendered":"https:\/\/www.organisator.ch\/?p=8365"},"modified":"2021-08-09T13:51:52","modified_gmt":"2021-08-09T11:51:52","slug":"kmu-swiss-symposium-se-tiendra-le-2-septembre","status":"publish","type":"post","link":"https:\/\/www.organisator.ch\/fr\/allgemein\/2021-08-09\/kmu-swiss-symposium-findet-am-2-september-statt\/","title":{"rendered":"Le KMU Swiss Symposium aura lieu le 2 septembre"},"content":{"rendered":"<figure id=\"attachment_8366\" aria-describedby=\"caption-attachment-8366\" style=\"width: 680px\" class=\"wp-caption alignnone\"><a href=\"https:\/\/www.organisator.ch\/wp-content\/uploads\/2021\/08\/KMU-Swiss-Symposium-findet-am-2-September-statt_Organisator.jpg\"><img loading=\"lazy\" decoding=\"async\" class=\"size-medium wp-image-8366\" src=\"https:\/\/www.organisator.ch\/wp-content\/uploads\/2021\/08\/KMU-Swiss-Symposium-findet-am-2-September-statt_Organisator.jpg\" alt=\"\" width=\"680\" height=\"383\" srcset=\"https:\/\/www.organisator.ch\/wp-content\/uploads\/2021\/08\/KMU-Swiss-Symposium-findet-am-2-September-statt_Organisator.jpg 680w, https:\/\/www.organisator.ch\/wp-content\/uploads\/2021\/08\/KMU-Swiss-Symposium-findet-am-2-September-statt_Organisator-18x10.jpg 18w, https:\/\/www.organisator.ch\/wp-content\/uploads\/2021\/08\/KMU-Swiss-Symposium-findet-am-2-September-statt_Organisator-311x175.jpg 311w, https:\/\/www.organisator.ch\/wp-content\/uploads\/2021\/08\/KMU-Swiss-Symposium-findet-am-2-September-statt_Organisator-621x350.jpg 621w, https:\/\/www.organisator.ch\/wp-content\/uploads\/2021\/08\/KMU-Swiss-Symposium-findet-am-2-September-statt_Organisator-300x169.jpg 300w\" sizes=\"auto, (max-width: 680px) 100vw, 680px\" \/><\/a><figcaption id=\"caption-attachment-8366\" class=\"wp-caption-text\">Apr\u00e8s le report, le Symposium PME Suisse devrait finalement avoir lieu le 2 septembre 2021 - avec le m\u00eame programme de conf\u00e9rences que celui pr\u00e9vu en 2020. (Image : PME Swiss)<\/figcaption><\/figure>\n<p>Lors du KMU Swiss Symposium, des personnalit\u00e9s \u00e0 succ\u00e8s issues de diff\u00e9rents domaines et branches font \u00e0 chaque fois un expos\u00e9 sur leurs exp\u00e9riences en lien avec la pratique et le temps. Elles \u00e9clairent et discutent du th\u00e8me du colloque sous diff\u00e9rentes perspectives sur des mots-cl\u00e9s tels que industrie, commerce, argent, s\u00e9curit\u00e9, droit, personnel, association et sport. En raison de la pand\u00e9mie, le dernier symposium, initialement pr\u00e9vu en mars 2020, n'a pas pu avoir lieu.<\/p>\n<h2>PME Swiss Symposium : plus de 300 participants attendus<\/h2>\n<p>Le prochain Symposium PME suisse aura lieu le jeudi 2 septembre dans la salle du campus Culture + Congr\u00e8s \u00e0 Brugg-Windisch. Le th\u00e8me de cette ann\u00e9e porte sur les bouleversements de l'\u00e9conomie et de la soci\u00e9t\u00e9, ce qui est tr\u00e8s en phase avec ce que nous avons v\u00e9cu ces derniers mois. Selon les organisateurs, quelque 300 \u00e0 400 participants sont attendus, dont divers invit\u00e9s d'honneur et des personnalit\u00e9s du monde \u00e9conomique et politique. \"Nos invit\u00e9s appr\u00e9cient le haut niveau d'orientation pratique des expos\u00e9s\", explique Armin Baumann, initiateur de PME Swiss<\/p>\n<h2><strong>Th\u00e8me du congr\u00e8s : Bouleversements dans l'\u00e9conomie et la soci\u00e9t\u00e9<\/strong><\/h2>\n<p>On entend souvent dire que \"la seule chose constante est le changement\". Actuellement, beaucoup de choses sont en train de changer ou d'\u00eatre remises en question. Il en r\u00e9sulte certainement un bouleversement de l'\u00e9conomie et de la soci\u00e9t\u00e9, qui sera acc\u00e9l\u00e9r\u00e9 par la pand\u00e9mie. Pour certains, ce changement interviendra plus t\u00f4t, pour d'autres plus tard. Quels seront les d\u00e9fis que nous rencontrerons dans notre environnement priv\u00e9, professionnel et social ? Il y aura certainement des perdants et des gagnants. Ceux qui participent feront certainement partie du second groupe.<\/p>\n<h2><strong>Des personnalit\u00e9s de renom sur sc\u00e8ne<\/strong><\/h2>\n<p>Les personnalit\u00e9s suivantes, dot\u00e9es d'un esprit d'entreprise, laisseront des impressions durables :<\/p>\n<ul>\n<li>Werner van Gent (co-fondateur de Treffpunkt Orient et reporter \u00e0 la SRF)<\/li>\n<li>Beni Huggel (jeune entrepreneur et ancien joueur de football suisse)<\/li>\n<li>Atilla Vuran (fondateur de PONTEA SA)<\/li>\n<li>Rolf H\u00e4rdi (CTIO DB Direction du groupe)<\/li>\n<li>Daniel Fiechter (CIO STOBAG AG, enseignant MAS Industrie 4.0, FFHS)<\/li>\n<li>Britta Pukall (fondatrice de milani design &amp; consulting AG)<\/li>\n<li>Rafael Waber (directeur de SwissShrimp AG)<\/li>\n<\/ul>\n<p><em>Pour plus d'informations sur les intervenants, voir <\/em><a href=\"http:\/\/www.kmuswiss.ch\/symposium\"><em>www.kmuswiss.ch\/symposium<\/em><\/a><\/p>","protected":false},"excerpt":{"rendered":"<p>Am KMU Swiss Symposium referieren jeweils erfolgreiche Pers\u00f6nlichkeiten aus verschiedenen Bereichen und Branchen \u00fcber ihre Erfahrungen praxis- und zeitnah. Sie beleuchten und diskutieren das Tagungsthema aus verschiedenen Perspektiven zu Stichworten wie Industrie, Handel, Geld, Sicherheit, Recht, Personal, Verband und Sport. Wegen der Pandemie konnte das letzte, urspr\u00fcnglich im M\u00e4rz 2020 geplante Symposium nicht durchgef\u00fchrt werden. [&hellip;]<\/p>\n","protected":false},"author":4,"featured_media":8366,"comment_status":"closed","ping_status":"closed","sticky":false,"template":"","format":"standard","meta":{"_acf_changed":false,"_yoast_wpseo_focuskw":"KMU Swiss Symposium","_yoast_wpseo_metadesc":"Endlich wird das langgeplante KMU Swiss Symposium zum Thema \u00abUmbruch in Wirtschaft und Gesellschaft\u00bb am 2. September 2021 durchgef\u00fchrt werden k\u00f6nnen.","articlekey":"","footnotes":""},"categories":[1],"tags":[320,335,502,531],"class_list":["post-8365","post","type-post","status-publish","format-standard","has-post-thumbnail","hentry","category-allgemein","tag-leadership","tag-management-und-unternehmensfuehrung","tag-veranstaltungen","tag-wirtschaftspolitik"],"acf":[],"yoast_head":"<!-- This site is optimized with the Yoast SEO plugin v27.5 - https:\/\/yoast.com\/product\/yoast-seo-wordpress\/ -->\n<title>KMU Swiss Symposium findet am 2. September statt - Organisator<\/title>\n<meta name=\"description\" content=\"Endlich wird das langgeplante KMU Swiss Symposium zum Thema \u00abUmbruch in Wirtschaft und Gesellschaft\u00bb am 2. September 2021 durchgef\u00fchrt werden k\u00f6nnen.\" \/>\n<meta name=\"robots\" content=\"index, follow, max-snippet:-1, max-image-preview:large, max-video-preview:-1\" \/>\n<link rel=\"canonical\" href=\"https:\/\/www.organisator.ch\/fr\/general\/2021-08-09\/kmu-swiss-symposium-se-tiendra-le-2-septembre\/\" \/>\n<meta property=\"og:locale\" content=\"fr_FR\" \/>\n<meta property=\"og:type\" content=\"article\" \/>\n<meta property=\"og:title\" content=\"KMU Swiss Symposium findet am 2. September statt\" \/>\n<meta property=\"og:description\" content=\"Endlich wird das langgeplante KMU Swiss Symposium zum Thema \u00abUmbruch in Wirtschaft und Gesellschaft\u00bb am 2. September 2021 durchgef\u00fchrt werden k\u00f6nnen.\" \/>\n<meta property=\"og:url\" content=\"https:\/\/www.organisator.ch\/fr\/general\/2021-08-09\/kmu-swiss-symposium-se-tiendra-le-2-septembre\/\" \/>\n<meta property=\"og:site_name\" content=\"Organisator\" \/>\n<meta property=\"article:publisher\" content=\"https:\/\/www.facebook.com\/OrganisatorFachmagazin\" \/>\n<meta property=\"article:published_time\" content=\"2021-08-09T11:51:52+00:00\" \/>\n<meta property=\"og:image\" content=\"https:\/\/www.organisator.ch\/wp-content\/uploads\/2021\/08\/KMU-Swiss-Symposium-findet-am-2-September-statt_Organisator.jpg\" \/>\n\t<meta property=\"og:image:width\" content=\"680\" \/>\n\t<meta property=\"og:image:height\" content=\"383\" \/>\n\t<meta property=\"og:image:type\" content=\"image\/jpeg\" \/>\n<meta name=\"author\" content=\"thomas.berner\" \/>\n<meta name=\"twitter:card\" content=\"summary_large_image\" \/>\n<meta name=\"twitter:title\" content=\"#KMUSwiss Symposium findet am 2. September statt\" \/>\n<meta name=\"twitter:description\" content=\"Endlich wird das langgeplante #KMUSwiss Symposium zum Thema \u00abUmbruch in Wirtschaft und Gesellschaft\u00bb am 2. September 2021 durchgef\u00fchrt werden k\u00f6nnen.\" \/>\n<meta name=\"twitter:image\" content=\"https:\/\/www.organisator.ch\/wp-content\/uploads\/2021\/08\/KMU-Swiss-Symposium-findet-am-2-September-statt_Organisator.jpg\" \/>\n<script type=\"application\/ld+json\" class=\"yoast-schema-graph\">{\"@context\":\"https:\\\/\\\/schema.org\",\"@graph\":[{\"@type\":\"Article\",\"@id\":\"https:\\\/\\\/www.organisator.ch\\\/en\\\/general\\\/2021-08-09\\\/kmu-swiss-symposium-findet-am-2-september-statt\\\/#article\",\"isPartOf\":{\"@id\":\"https:\\\/\\\/www.organisator.ch\\\/en\\\/general\\\/2021-08-09\\\/kmu-swiss-symposium-findet-am-2-september-statt\\\/\"},\"author\":{\"name\":\"thomas.berner\",\"@id\":\"https:\\\/\\\/www.organisator.ch\\\/#\\\/schema\\\/person\\\/6f650f90b2842cd4c0cc334b4e36f67e\"},\"headline\":\"KMU Swiss Symposium findet am 2. September statt\",\"datePublished\":\"2021-08-09T11:51:52+00:00\",\"mainEntityOfPage\":{\"@id\":\"https:\\\/\\\/www.organisator.ch\\\/en\\\/general\\\/2021-08-09\\\/kmu-swiss-symposium-findet-am-2-september-statt\\\/\"},\"wordCount\":352,\"publisher\":{\"@id\":\"https:\\\/\\\/www.organisator.ch\\\/#organization\"},\"image\":{\"@id\":\"https:\\\/\\\/www.organisator.ch\\\/en\\\/general\\\/2021-08-09\\\/kmu-swiss-symposium-findet-am-2-september-statt\\\/#primaryimage\"},\"thumbnailUrl\":\"https:\\\/\\\/www.organisator.ch\\\/wp-content\\\/uploads\\\/2021\\\/08\\\/KMU-Swiss-Symposium-findet-am-2-September-statt_Organisator.jpg\",\"keywords\":[\"Leadership\",\"Management und Unternehmensf\u00fchrung\",\"Veranstaltungen\",\"Wirtschaftspolitik\"],\"articleSection\":[\"Allgemein\"],\"inLanguage\":\"fr-FR\"},{\"@type\":\"WebPage\",\"@id\":\"https:\\\/\\\/www.organisator.ch\\\/en\\\/general\\\/2021-08-09\\\/kmu-swiss-symposium-findet-am-2-september-statt\\\/\",\"url\":\"https:\\\/\\\/www.organisator.ch\\\/en\\\/general\\\/2021-08-09\\\/kmu-swiss-symposium-findet-am-2-september-statt\\\/\",\"name\":\"KMU Swiss Symposium findet am 2. September statt - Organisator\",\"isPartOf\":{\"@id\":\"https:\\\/\\\/www.organisator.ch\\\/#website\"},\"primaryImageOfPage\":{\"@id\":\"https:\\\/\\\/www.organisator.ch\\\/en\\\/general\\\/2021-08-09\\\/kmu-swiss-symposium-findet-am-2-september-statt\\\/#primaryimage\"},\"image\":{\"@id\":\"https:\\\/\\\/www.organisator.ch\\\/en\\\/general\\\/2021-08-09\\\/kmu-swiss-symposium-findet-am-2-september-statt\\\/#primaryimage\"},\"thumbnailUrl\":\"https:\\\/\\\/www.organisator.ch\\\/wp-content\\\/uploads\\\/2021\\\/08\\\/KMU-Swiss-Symposium-findet-am-2-September-statt_Organisator.jpg\",\"datePublished\":\"2021-08-09T11:51:52+00:00\",\"description\":\"Endlich wird das langgeplante KMU Swiss Symposium zum Thema \u00abUmbruch in Wirtschaft und Gesellschaft\u00bb am 2. September 2021 durchgef\u00fchrt werden k\u00f6nnen.\",\"breadcrumb\":{\"@id\":\"https:\\\/\\\/www.organisator.ch\\\/en\\\/general\\\/2021-08-09\\\/kmu-swiss-symposium-findet-am-2-september-statt\\\/#breadcrumb\"},\"inLanguage\":\"fr-FR\",\"potentialAction\":[{\"@type\":\"ReadAction\",\"target\":[\"https:\\\/\\\/www.organisator.ch\\\/en\\\/general\\\/2021-08-09\\\/kmu-swiss-symposium-findet-am-2-september-statt\\\/\"]}]},{\"@type\":\"ImageObject\",\"inLanguage\":\"fr-FR\",\"@id\":\"https:\\\/\\\/www.organisator.ch\\\/en\\\/general\\\/2021-08-09\\\/kmu-swiss-symposium-findet-am-2-september-statt\\\/#primaryimage\",\"url\":\"https:\\\/\\\/www.organisator.ch\\\/wp-content\\\/uploads\\\/2021\\\/08\\\/KMU-Swiss-Symposium-findet-am-2-September-statt_Organisator.jpg\",\"contentUrl\":\"https:\\\/\\\/www.organisator.ch\\\/wp-content\\\/uploads\\\/2021\\\/08\\\/KMU-Swiss-Symposium-findet-am-2-September-statt_Organisator.jpg\",\"width\":680,\"height\":383,\"caption\":\"Nach der Verschiebung soll das KMU Swiss Symposium am 2. September 2021 endlich stattfinden k\u00f6nnen - mit dem gleichen Tagungsprogramm wie schon 2020 vorgesehen. (Bild: KMU Swiss)\"},{\"@type\":\"BreadcrumbList\",\"@id\":\"https:\\\/\\\/www.organisator.ch\\\/en\\\/general\\\/2021-08-09\\\/kmu-swiss-symposium-findet-am-2-september-statt\\\/#breadcrumb\",\"itemListElement\":[{\"@type\":\"ListItem\",\"position\":1,\"name\":\"Home\",\"item\":\"https:\\\/\\\/www.organisator.ch\\\/\"},{\"@type\":\"ListItem\",\"position\":2,\"name\":\"KMU Swiss Symposium findet am 2. September statt\"}]},{\"@type\":\"WebSite\",\"@id\":\"https:\\\/\\\/www.organisator.ch\\\/#website\",\"url\":\"https:\\\/\\\/www.organisator.ch\\\/\",\"name\":\"Organisator\",\"description\":\"Kompetent. Praxisnah. Der ORGANISATOR bereitet in 10 Ausgaben pro Jahr die wesentlichen Themen f\u00fcr F\u00fchrungskr\u00e4fte von KMU auf.\",\"publisher\":{\"@id\":\"https:\\\/\\\/www.organisator.ch\\\/#organization\"},\"potentialAction\":[{\"@type\":\"SearchAction\",\"target\":{\"@type\":\"EntryPoint\",\"urlTemplate\":\"https:\\\/\\\/www.organisator.ch\\\/?s={search_term_string}\"},\"query-input\":{\"@type\":\"PropertyValueSpecification\",\"valueRequired\":true,\"valueName\":\"search_term_string\"}}],\"inLanguage\":\"fr-FR\"},{\"@type\":\"Organization\",\"@id\":\"https:\\\/\\\/www.organisator.ch\\\/#organization\",\"name\":\"Organisator\",\"url\":\"https:\\\/\\\/www.organisator.ch\\\/\",\"logo\":{\"@type\":\"ImageObject\",\"inLanguage\":\"fr-FR\",\"@id\":\"https:\\\/\\\/www.organisator.ch\\\/#\\\/schema\\\/logo\\\/image\\\/\",\"url\":\"https:\\\/\\\/www.organisator.ch\\\/wp-content\\\/uploads\\\/2022\\\/01\\\/Logo_Organisator_Website.png\",\"contentUrl\":\"https:\\\/\\\/www.organisator.ch\\\/wp-content\\\/uploads\\\/2022\\\/01\\\/Logo_Organisator_Website.png\",\"width\":800,\"height\":77,\"caption\":\"Organisator\"},\"image\":{\"@id\":\"https:\\\/\\\/www.organisator.ch\\\/#\\\/schema\\\/logo\\\/image\\\/\"},\"sameAs\":[\"https:\\\/\\\/www.facebook.com\\\/OrganisatorFachmagazin\",\"https:\\\/\\\/www.linkedin.com\\\/showcase\\\/organisator-das-magazin-fr-kmu\",\"https:\\\/\\\/www.xing.com\\\/news\\\/pages\\\/organisator-ch-695\",\"https:\\\/\\\/www.youtube.com\\\/channel\\\/UCGP2Sq0iWaZwT3BdIAQFYpw\"]},{\"@type\":\"Person\",\"@id\":\"https:\\\/\\\/www.organisator.ch\\\/#\\\/schema\\\/person\\\/6f650f90b2842cd4c0cc334b4e36f67e\",\"name\":\"thomas.berner\",\"image\":{\"@type\":\"ImageObject\",\"inLanguage\":\"fr-FR\",\"@id\":\"https:\\\/\\\/secure.gravatar.com\\\/avatar\\\/ac5001d2a36cb6c6cd3e50789007ffca834b477b74a2144564522e944eabff61?s=96&d=mm&r=g\",\"url\":\"https:\\\/\\\/secure.gravatar.com\\\/avatar\\\/ac5001d2a36cb6c6cd3e50789007ffca834b477b74a2144564522e944eabff61?s=96&d=mm&r=g\",\"contentUrl\":\"https:\\\/\\\/secure.gravatar.com\\\/avatar\\\/ac5001d2a36cb6c6cd3e50789007ffca834b477b74a2144564522e944eabff61?s=96&d=mm&r=g\",\"caption\":\"thomas.berner\"},\"url\":\"https:\\\/\\\/www.organisator.ch\\\/fr\\\/author\\\/thomas-berner\\\/\"}]}<\/script>\n<!-- \/ Yoast SEO plugin. -->","yoast_head_json":{"title":"Le KMU Swiss Symposium aura lieu le 2 septembre - Organisateur","description":"Le Symposium PME Suisse, pr\u00e9vu de longue date sur le th\u00e8me \"Bouleversements dans l'\u00e9conomie et la soci\u00e9t\u00e9\", pourra enfin avoir lieu le 2 septembre 2021.","robots":{"index":"index","follow":"follow","max-snippet":"max-snippet:-1","max-image-preview":"max-image-preview:large","max-video-preview":"max-video-preview:-1"},"canonical":"https:\/\/www.organisator.ch\/fr\/general\/2021-08-09\/kmu-swiss-symposium-se-tiendra-le-2-septembre\/","og_locale":"fr_FR","og_type":"article","og_title":"KMU Swiss Symposium findet am 2. September statt","og_description":"Endlich wird das langgeplante KMU Swiss Symposium zum Thema \u00abUmbruch in Wirtschaft und Gesellschaft\u00bb am 2. September 2021 durchgef\u00fchrt werden k\u00f6nnen.","og_url":"https:\/\/www.organisator.ch\/fr\/general\/2021-08-09\/kmu-swiss-symposium-se-tiendra-le-2-septembre\/","og_site_name":"Organisator","article_publisher":"https:\/\/www.facebook.com\/OrganisatorFachmagazin","article_published_time":"2021-08-09T11:51:52+00:00","og_image":[{"width":680,"height":383,"url":"https:\/\/www.organisator.ch\/wp-content\/uploads\/2021\/08\/KMU-Swiss-Symposium-findet-am-2-September-statt_Organisator.jpg","type":"image\/jpeg"}],"author":"thomas.berner","twitter_card":"summary_large_image","twitter_title":"#KMUSwiss Symposium findet am 2. September statt","twitter_description":"Endlich wird das langgeplante #KMUSwiss Symposium zum Thema \u00abUmbruch in Wirtschaft und Gesellschaft\u00bb am 2. September 2021 durchgef\u00fchrt werden k\u00f6nnen.","twitter_image":"https:\/\/www.organisator.ch\/wp-content\/uploads\/2021\/08\/KMU-Swiss-Symposium-findet-am-2-September-statt_Organisator.jpg","schema":{"@context":"https:\/\/schema.org","@graph":[{"@type":"Article","@id":"https:\/\/www.organisator.ch\/en\/general\/2021-08-09\/kmu-swiss-symposium-findet-am-2-september-statt\/#article","isPartOf":{"@id":"https:\/\/www.organisator.ch\/en\/general\/2021-08-09\/kmu-swiss-symposium-findet-am-2-september-statt\/"},"author":{"name":"thomas.berner","@id":"https:\/\/www.organisator.ch\/#\/schema\/person\/6f650f90b2842cd4c0cc334b4e36f67e"},"headline":"KMU Swiss Symposium findet am 2. September statt","datePublished":"2021-08-09T11:51:52+00:00","mainEntityOfPage":{"@id":"https:\/\/www.organisator.ch\/en\/general\/2021-08-09\/kmu-swiss-symposium-findet-am-2-september-statt\/"},"wordCount":352,"publisher":{"@id":"https:\/\/www.organisator.ch\/#organization"},"image":{"@id":"https:\/\/www.organisator.ch\/en\/general\/2021-08-09\/kmu-swiss-symposium-findet-am-2-september-statt\/#primaryimage"},"thumbnailUrl":"https:\/\/www.organisator.ch\/wp-content\/uploads\/2021\/08\/KMU-Swiss-Symposium-findet-am-2-September-statt_Organisator.jpg","keywords":["Leadership","Management und Unternehmensf\u00fchrung","Veranstaltungen","Wirtschaftspolitik"],"articleSection":["Allgemein"],"inLanguage":"fr-FR"},{"@type":"WebPage","@id":"https:\/\/www.organisator.ch\/en\/general\/2021-08-09\/kmu-swiss-symposium-findet-am-2-september-statt\/","url":"https:\/\/www.organisator.ch\/en\/general\/2021-08-09\/kmu-swiss-symposium-findet-am-2-september-statt\/","name":"Le KMU Swiss Symposium aura lieu le 2 septembre - Organisateur","isPartOf":{"@id":"https:\/\/www.organisator.ch\/#website"},"primaryImageOfPage":{"@id":"https:\/\/www.organisator.ch\/en\/general\/2021-08-09\/kmu-swiss-symposium-findet-am-2-september-statt\/#primaryimage"},"image":{"@id":"https:\/\/www.organisator.ch\/en\/general\/2021-08-09\/kmu-swiss-symposium-findet-am-2-september-statt\/#primaryimage"},"thumbnailUrl":"https:\/\/www.organisator.ch\/wp-content\/uploads\/2021\/08\/KMU-Swiss-Symposium-findet-am-2-September-statt_Organisator.jpg","datePublished":"2021-08-09T11:51:52+00:00","description":"Le Symposium PME Suisse, pr\u00e9vu de longue date sur le th\u00e8me \"Bouleversements dans l'\u00e9conomie et la soci\u00e9t\u00e9\", pourra enfin avoir lieu le 2 septembre 2021.","breadcrumb":{"@id":"https:\/\/www.organisator.ch\/en\/general\/2021-08-09\/kmu-swiss-symposium-findet-am-2-september-statt\/#breadcrumb"},"inLanguage":"fr-FR","potentialAction":[{"@type":"ReadAction","target":["https:\/\/www.organisator.ch\/en\/general\/2021-08-09\/kmu-swiss-symposium-findet-am-2-september-statt\/"]}]},{"@type":"ImageObject","inLanguage":"fr-FR","@id":"https:\/\/www.organisator.ch\/en\/general\/2021-08-09\/kmu-swiss-symposium-findet-am-2-september-statt\/#primaryimage","url":"https:\/\/www.organisator.ch\/wp-content\/uploads\/2021\/08\/KMU-Swiss-Symposium-findet-am-2-September-statt_Organisator.jpg","contentUrl":"https:\/\/www.organisator.ch\/wp-content\/uploads\/2021\/08\/KMU-Swiss-Symposium-findet-am-2-September-statt_Organisator.jpg","width":680,"height":383,"caption":"Nach der Verschiebung soll das KMU Swiss Symposium am 2. September 2021 endlich stattfinden k\u00f6nnen - mit dem gleichen Tagungsprogramm wie schon 2020 vorgesehen. (Bild: KMU Swiss)"},{"@type":"BreadcrumbList","@id":"https:\/\/www.organisator.ch\/en\/general\/2021-08-09\/kmu-swiss-symposium-findet-am-2-september-statt\/#breadcrumb","itemListElement":[{"@type":"ListItem","position":1,"name":"Home","item":"https:\/\/www.organisator.ch\/"},{"@type":"ListItem","position":2,"name":"KMU Swiss Symposium findet am 2. September statt"}]},{"@type":"WebSite","@id":"https:\/\/www.organisator.ch\/#website","url":"https:\/\/www.organisator.ch\/","name":"Organisateur","description":"Comp\u00e9tence et comp\u00e9tence. Proches de la pratique. L'ORGANISATEUR pr\u00e9pare 10 num\u00e9ros par an sur les th\u00e8mes essentiels pour les dirigeants de PME.","publisher":{"@id":"https:\/\/www.organisator.ch\/#organization"},"potentialAction":[{"@type":"SearchAction","target":{"@type":"EntryPoint","urlTemplate":"https:\/\/www.organisator.ch\/?s={search_term_string}"},"query-input":{"@type":"PropertyValueSpecification","valueRequired":true,"valueName":"search_term_string"}}],"inLanguage":"fr-FR"},{"@type":"Organization","@id":"https:\/\/www.organisator.ch\/#organization","name":"Organisateur","url":"https:\/\/www.organisator.ch\/","logo":{"@type":"ImageObject","inLanguage":"fr-FR","@id":"https:\/\/www.organisator.ch\/#\/schema\/logo\/image\/","url":"https:\/\/www.organisator.ch\/wp-content\/uploads\/2022\/01\/Logo_Organisator_Website.png","contentUrl":"https:\/\/www.organisator.ch\/wp-content\/uploads\/2022\/01\/Logo_Organisator_Website.png","width":800,"height":77,"caption":"Organisator"},"image":{"@id":"https:\/\/www.organisator.ch\/#\/schema\/logo\/image\/"},"sameAs":["https:\/\/www.facebook.com\/OrganisatorFachmagazin","https:\/\/www.linkedin.com\/showcase\/organisator-das-magazin-fr-kmu","https:\/\/www.xing.com\/news\/pages\/organisator-ch-695","https:\/\/www.youtube.com\/channel\/UCGP2Sq0iWaZwT3BdIAQFYpw"]},{"@type":"Person","@id":"https:\/\/www.organisator.ch\/#\/schema\/person\/6f650f90b2842cd4c0cc334b4e36f67e","name":"thomas.berner","image":{"@type":"ImageObject","inLanguage":"fr-FR","@id":"https:\/\/secure.gravatar.com\/avatar\/ac5001d2a36cb6c6cd3e50789007ffca834b477b74a2144564522e944eabff61?s=96&d=mm&r=g","url":"https:\/\/secure.gravatar.com\/avatar\/ac5001d2a36cb6c6cd3e50789007ffca834b477b74a2144564522e944eabff61?s=96&d=mm&r=g","contentUrl":"https:\/\/secure.gravatar.com\/avatar\/ac5001d2a36cb6c6cd3e50789007ffca834b477b74a2144564522e944eabff61?s=96&d=mm&r=g","caption":"thomas.berner"},"url":"https:\/\/www.organisator.ch\/fr\/author\/thomas-berner\/"}]}},"_links":{"self":[{"href":"https:\/\/www.organisator.ch\/fr\/wp-json\/wp\/v2\/posts\/8365","targetHints":{"allow":["GET"]}}],"collection":[{"href":"https:\/\/www.organisator.ch\/fr\/wp-json\/wp\/v2\/posts"}],"about":[{"href":"https:\/\/www.organisator.ch\/fr\/wp-json\/wp\/v2\/types\/post"}],"author":[{"embeddable":true,"href":"https:\/\/www.organisator.ch\/fr\/wp-json\/wp\/v2\/users\/4"}],"replies":[{"embeddable":true,"href":"https:\/\/www.organisator.ch\/fr\/wp-json\/wp\/v2\/comments?post=8365"}],"version-history":[{"count":0,"href":"https:\/\/www.organisator.ch\/fr\/wp-json\/wp\/v2\/posts\/8365\/revisions"}],"wp:featuredmedia":[{"embeddable":true,"href":"https:\/\/www.organisator.ch\/fr\/wp-json\/wp\/v2\/media\/8366"}],"wp:attachment":[{"href":"https:\/\/www.organisator.ch\/fr\/wp-json\/wp\/v2\/media?parent=8365"}],"wp:term":[{"taxonomy":"category","embeddable":true,"href":"https:\/\/www.organisator.ch\/fr\/wp-json\/wp\/v2\/categories?post=8365"},{"taxonomy":"post_tag","embeddable":true,"href":"https:\/\/www.organisator.ch\/fr\/wp-json\/wp\/v2\/tags?post=8365"}],"curies":[{"name":"wp","href":"https:\/\/api.w.org\/{rel}","templated":true}]}}