{"id":8369,"date":"2021-08-10T08:42:30","date_gmt":"2021-08-10T06:42:30","guid":{"rendered":"https:\/\/www.organisator.ch\/?p=8369"},"modified":"2021-08-10T08:42:30","modified_gmt":"2021-08-10T06:42:30","slug":"schweizer-geschaeftsleitung-und-management-von-mobilezone-verstaerkt","status":"publish","type":"post","link":"https:\/\/www.organisator.ch\/fr\/management\/it\/2021-08-10\/schweizer-geschaeftsleitung-und-management-von-mobilezone-verstaerkt\/","title":{"rendered":"La direction suisse et le management de mobilezone renforc\u00e9s"},"content":{"rendered":"<figure id=\"attachment_8370\" aria-describedby=\"caption-attachment-8370\" style=\"width: 680px\" class=\"wp-caption alignnone\"><a href=\"https:\/\/www.organisator.ch\/wp-content\/uploads\/2021\/08\/Schweizer-Geschaeftsleitung-und-Management-von-mobilezone-verstaerkt_Organisator.jpg\"><img loading=\"lazy\" decoding=\"async\" class=\"size-medium wp-image-8370\" src=\"https:\/\/www.organisator.ch\/wp-content\/uploads\/2021\/08\/Schweizer-Geschaeftsleitung-und-Management-von-mobilezone-verstaerkt_Organisator.jpg\" alt=\"\" width=\"680\" height=\"340\" srcset=\"https:\/\/www.organisator.ch\/wp-content\/uploads\/2021\/08\/Schweizer-Geschaeftsleitung-und-Management-von-mobilezone-verstaerkt_Organisator.jpg 680w, https:\/\/www.organisator.ch\/wp-content\/uploads\/2021\/08\/Schweizer-Geschaeftsleitung-und-Management-von-mobilezone-verstaerkt_Organisator-18x9.jpg 18w, https:\/\/www.organisator.ch\/wp-content\/uploads\/2021\/08\/Schweizer-Geschaeftsleitung-und-Management-von-mobilezone-verstaerkt_Organisator-350x175.jpg 350w, https:\/\/www.organisator.ch\/wp-content\/uploads\/2021\/08\/Schweizer-Geschaeftsleitung-und-Management-von-mobilezone-verstaerkt_Organisator-300x150.jpg 300w\" sizes=\"auto, (max-width: 680px) 100vw, 680px\" \/><\/a><figcaption id=\"caption-attachment-8370\" class=\"wp-caption-text\">Sont nouveaux dans l'\u00e9quipe \u00e9largie de la direction de mobilezone Suisse : Christoph Gisler (\u00e0 gauche) et Raffaele Sutter. (Image : mobilezone)<\/figcaption><\/figure>\n<p>Le prestataire de services de t\u00e9l\u00e9communication mobilezone a \u00e9largi sa direction suisse et accueilli deux nouveaux membres au 1er juin 2021. L'entreprise entend ainsi renforcer les secteurs Product Management et Digital\/E-Commerce, comme elle l'a indiqu\u00e9 dans un communiqu\u00e9 aux m\u00e9dias.<\/p>\n<h2>La direction \u00e9largie de mobilezone<\/h2>\n<p>Les nouveaux membres de la direction sont d'une part Christoph Gisler. Il est le nouveau directeur du Product Management et dispose d'une riche exp\u00e9rience. Avant sa nomination chez mobilezone, il a d\u00e9velopp\u00e9 en 2015 un canal de distribution num\u00e9rique pour la plus grande plateforme de sports de montagne de Suisse et a soutenu de 2016 \u00e0 2018 le secteur Sales et Key Account Management lors de la mise en place de siroop.ch. De 2018 \u00e0 2020, il a dirig\u00e9 la vente et le marketing chez Jamei AG. \u00c0 partir de 2020, en tant que membre de la direction, il a \u00e9t\u00e9 responsable de la commercialisation et de la distribution pour le secteur du commerce sp\u00e9cialis\u00e9 chez Alltron AG.<\/p>\n<p>D'autre part, Raffaele Sutter a \u00e9t\u00e9 nomm\u00e9 nouveau directeur num\u00e9rique. Sutter dispose \u00e9galement d'une vaste expertise. Ainsi, de 2013 \u00e0 2017, il a dirig\u00e9 le Competence Center Digital &amp; E-Commerce chez Migros Industrie. Depuis 2017, en tant que membre de la direction, il \u00e9tait responsable du secteur en ligne chez Coop ainsi que de l'orientation strat\u00e9gique de coop.ch.<\/p>\n<h2><strong>Claudio Barandun compl\u00e8te le management en Suisse<\/strong><\/h2>\n<p>Le 10 ao\u00fbt 2021, Claudio Barandun viendra \u00e9galement compl\u00e9ter le management suisse en tant que Managing Director de la filiale mobiletouch. Claudio Barandun apporte une longue exp\u00e9rience dans le domaine du service et a travaill\u00e9 auparavant comme directeur du centre de service chez Bachmann Mobile Kommunikation AG et comme Head of Repair chez ALSO Suisse. Depuis 2020, il \u00e9tait membre de la direction de Revendo. Claudio Barandun succ\u00e8de \u00e0 Peter Poulsen, qui a quitt\u00e9 l'entreprise en juin 2021.<\/p>\n<p>Le groupe mobilezone, fond\u00e9 en 1999, emploie environ 1'200 personnes sur les sites de Rotkreuz, Urn\u00e4sch, Zweidlen, Berlin, Bochum, Cologne et M\u00fcnster. L'offre comprend un assortiment complet de t\u00e9l\u00e9phones mobiles et des plans tarifaires pour la t\u00e9l\u00e9phonie mobile et fixe, la t\u00e9l\u00e9vision num\u00e9rique et Internet de tous les op\u00e9rateurs.<\/p>\n<p><em><a href=\"https:\/\/www.mobilezoneholding.ch\/\">Source et informations compl\u00e9mentaires<\/a><\/em><\/p>","protected":false},"excerpt":{"rendered":"<p>Der Telekommunikationsdienstleister mobilezone hat per 1. Juni 2021 seine Schweizer Gesch\u00e4ftsleitung und zwei neue Mitglieder erweitert. Damit will das Unternehmen die Bereiche Product Management und Digital\/E-Commerce verst\u00e4rken, wie es in einer Mitteilung an die Medien heisst. Die erweiterte Gesch\u00e4ftsleitung von mobilezone Bei den neuen Gesch\u00e4ftsleitungsmitglieder handelt es sich zum einen um Christoph Gisler. Er ist [&hellip;]<\/p>\n","protected":false},"author":4,"featured_media":8370,"comment_status":"closed","ping_status":"closed","sticky":false,"template":"","format":"standard","meta":{"_acf_changed":false,"_yoast_wpseo_focuskw":"mobilezone","_yoast_wpseo_metadesc":"Die Gesch\u00e4ftsleitung von mobilezone Schweiz wurde von sechs auf acht Mitglieder erweitert. Christoph Gisler und Raffaele Sutter verst\u00e4rken das Team.","articlekey":"","footnotes":""},"categories":[27],"tags":[334,381,492],"class_list":["post-8369","post","type-post","status-publish","format-standard","has-post-thumbnail","hentry","category-it","tag-management","tag-personalia","tag-unternehmen"],"acf":[],"yoast_head":"<!-- This site is optimized with the Yoast SEO plugin v27.4 - https:\/\/yoast.com\/product\/yoast-seo-wordpress\/ -->\n<title>Schweizer Gesch\u00e4ftsleitung und Management von mobilezone verst\u00e4rkt - Organisator<\/title>\n<meta name=\"description\" content=\"Die Gesch\u00e4ftsleitung von mobilezone Schweiz wurde von sechs auf acht Mitglieder erweitert. Christoph Gisler und Raffaele Sutter verst\u00e4rken das Team.\" \/>\n<meta name=\"robots\" content=\"index, follow, max-snippet:-1, max-image-preview:large, max-video-preview:-1\" \/>\n<link rel=\"canonical\" href=\"https:\/\/www.organisator.ch\/fr\/gestion-2\/it\/2021-08-10\/schweizer-geschaeftsleitung-und-management-von-mobilezone-verstaerkt\/\" \/>\n<meta property=\"og:locale\" content=\"fr_FR\" \/>\n<meta property=\"og:type\" content=\"article\" \/>\n<meta property=\"og:title\" content=\"Schweizer Gesch\u00e4ftsleitung und Management von mobilezone verst\u00e4rkt\" \/>\n<meta property=\"og:description\" content=\"Die Gesch\u00e4ftsleitung von mobilezone Schweiz wurde von sechs auf acht Mitglieder erweitert. Christoph Gisler und Raffaele Sutter verst\u00e4rken das Team.\" \/>\n<meta property=\"og:url\" content=\"https:\/\/www.organisator.ch\/fr\/gestion-2\/it\/2021-08-10\/schweizer-geschaeftsleitung-und-management-von-mobilezone-verstaerkt\/\" \/>\n<meta property=\"og:site_name\" content=\"Organisator\" \/>\n<meta property=\"article:publisher\" content=\"https:\/\/www.facebook.com\/OrganisatorFachmagazin\" \/>\n<meta property=\"article:published_time\" content=\"2021-08-10T06:42:30+00:00\" \/>\n<meta property=\"og:image\" content=\"https:\/\/www.organisator.ch\/wp-content\/uploads\/2021\/08\/Schweizer-Geschaeftsleitung-und-Management-von-mobilezone-verstaerkt_Organisator.jpg\" \/>\n\t<meta property=\"og:image:width\" content=\"680\" \/>\n\t<meta property=\"og:image:height\" content=\"340\" \/>\n\t<meta property=\"og:image:type\" content=\"image\/jpeg\" \/>\n<meta name=\"author\" content=\"thomas.berner\" \/>\n<meta name=\"twitter:card\" content=\"summary_large_image\" \/>\n<meta name=\"twitter:title\" content=\"Schweizer #Gesch\u00e4ftsleitung und Management von #mobilezone verst\u00e4rkt\" \/>\n<meta name=\"twitter:description\" content=\"Die #Gesch\u00e4ftsleitung von #mobilezone Schweiz wurde von sechs auf acht Mitglieder erweitert. Christoph Gisler und Raffaele Sutter verst\u00e4rken das Team.\" \/>\n<meta name=\"twitter:image\" content=\"https:\/\/www.organisator.ch\/wp-content\/uploads\/2021\/08\/Schweizer-Geschaeftsleitung-und-Management-von-mobilezone-verstaerkt_Organisator.jpg\" \/>\n<script type=\"application\/ld+json\" class=\"yoast-schema-graph\">{\"@context\":\"https:\\\/\\\/schema.org\",\"@graph\":[{\"@type\":\"Article\",\"@id\":\"https:\\\/\\\/www.organisator.ch\\\/management\\\/it\\\/2021-08-10\\\/schweizer-geschaeftsleitung-und-management-von-mobilezone-verstaerkt\\\/#article\",\"isPartOf\":{\"@id\":\"https:\\\/\\\/www.organisator.ch\\\/management\\\/it\\\/2021-08-10\\\/schweizer-geschaeftsleitung-und-management-von-mobilezone-verstaerkt\\\/\"},\"author\":{\"name\":\"thomas.berner\",\"@id\":\"https:\\\/\\\/www.organisator.ch\\\/#\\\/schema\\\/person\\\/6f650f90b2842cd4c0cc334b4e36f67e\"},\"headline\":\"Schweizer Gesch\u00e4ftsleitung und Management von mobilezone verst\u00e4rkt\",\"datePublished\":\"2021-08-10T06:42:30+00:00\",\"mainEntityOfPage\":{\"@id\":\"https:\\\/\\\/www.organisator.ch\\\/management\\\/it\\\/2021-08-10\\\/schweizer-geschaeftsleitung-und-management-von-mobilezone-verstaerkt\\\/\"},\"wordCount\":349,\"publisher\":{\"@id\":\"https:\\\/\\\/www.organisator.ch\\\/#organization\"},\"image\":{\"@id\":\"https:\\\/\\\/www.organisator.ch\\\/management\\\/it\\\/2021-08-10\\\/schweizer-geschaeftsleitung-und-management-von-mobilezone-verstaerkt\\\/#primaryimage\"},\"thumbnailUrl\":\"https:\\\/\\\/www.organisator.ch\\\/wp-content\\\/uploads\\\/2021\\\/08\\\/Schweizer-Geschaeftsleitung-und-Management-von-mobilezone-verstaerkt_Organisator.jpg\",\"keywords\":[\"Management\",\"Personalia\",\"Unternehmen\"],\"articleSection\":[\"IT\"],\"inLanguage\":\"fr-FR\"},{\"@type\":\"WebPage\",\"@id\":\"https:\\\/\\\/www.organisator.ch\\\/management\\\/it\\\/2021-08-10\\\/schweizer-geschaeftsleitung-und-management-von-mobilezone-verstaerkt\\\/\",\"url\":\"https:\\\/\\\/www.organisator.ch\\\/management\\\/it\\\/2021-08-10\\\/schweizer-geschaeftsleitung-und-management-von-mobilezone-verstaerkt\\\/\",\"name\":\"Schweizer Gesch\u00e4ftsleitung und Management von mobilezone verst\u00e4rkt - Organisator\",\"isPartOf\":{\"@id\":\"https:\\\/\\\/www.organisator.ch\\\/#website\"},\"primaryImageOfPage\":{\"@id\":\"https:\\\/\\\/www.organisator.ch\\\/management\\\/it\\\/2021-08-10\\\/schweizer-geschaeftsleitung-und-management-von-mobilezone-verstaerkt\\\/#primaryimage\"},\"image\":{\"@id\":\"https:\\\/\\\/www.organisator.ch\\\/management\\\/it\\\/2021-08-10\\\/schweizer-geschaeftsleitung-und-management-von-mobilezone-verstaerkt\\\/#primaryimage\"},\"thumbnailUrl\":\"https:\\\/\\\/www.organisator.ch\\\/wp-content\\\/uploads\\\/2021\\\/08\\\/Schweizer-Geschaeftsleitung-und-Management-von-mobilezone-verstaerkt_Organisator.jpg\",\"datePublished\":\"2021-08-10T06:42:30+00:00\",\"description\":\"Die Gesch\u00e4ftsleitung von mobilezone Schweiz wurde von sechs auf acht Mitglieder erweitert. Christoph Gisler und Raffaele Sutter verst\u00e4rken das Team.\",\"breadcrumb\":{\"@id\":\"https:\\\/\\\/www.organisator.ch\\\/management\\\/it\\\/2021-08-10\\\/schweizer-geschaeftsleitung-und-management-von-mobilezone-verstaerkt\\\/#breadcrumb\"},\"inLanguage\":\"fr-FR\",\"potentialAction\":[{\"@type\":\"ReadAction\",\"target\":[\"https:\\\/\\\/www.organisator.ch\\\/management\\\/it\\\/2021-08-10\\\/schweizer-geschaeftsleitung-und-management-von-mobilezone-verstaerkt\\\/\"]}]},{\"@type\":\"ImageObject\",\"inLanguage\":\"fr-FR\",\"@id\":\"https:\\\/\\\/www.organisator.ch\\\/management\\\/it\\\/2021-08-10\\\/schweizer-geschaeftsleitung-und-management-von-mobilezone-verstaerkt\\\/#primaryimage\",\"url\":\"https:\\\/\\\/www.organisator.ch\\\/wp-content\\\/uploads\\\/2021\\\/08\\\/Schweizer-Geschaeftsleitung-und-Management-von-mobilezone-verstaerkt_Organisator.jpg\",\"contentUrl\":\"https:\\\/\\\/www.organisator.ch\\\/wp-content\\\/uploads\\\/2021\\\/08\\\/Schweizer-Geschaeftsleitung-und-Management-von-mobilezone-verstaerkt_Organisator.jpg\",\"width\":680,\"height\":340,\"caption\":\"Sind neu im erweiterten Team der Gesch\u00e4ftsf\u00fchrung von mobilezone Schweiz: Christoph Gisler (links) und Raffaele Sutter. (Bild: mobilezone)\"},{\"@type\":\"BreadcrumbList\",\"@id\":\"https:\\\/\\\/www.organisator.ch\\\/management\\\/it\\\/2021-08-10\\\/schweizer-geschaeftsleitung-und-management-von-mobilezone-verstaerkt\\\/#breadcrumb\",\"itemListElement\":[{\"@type\":\"ListItem\",\"position\":1,\"name\":\"Home\",\"item\":\"https:\\\/\\\/www.organisator.ch\\\/\"},{\"@type\":\"ListItem\",\"position\":2,\"name\":\"Schweizer Gesch\u00e4ftsleitung und Management von mobilezone verst\u00e4rkt\"}]},{\"@type\":\"WebSite\",\"@id\":\"https:\\\/\\\/www.organisator.ch\\\/#website\",\"url\":\"https:\\\/\\\/www.organisator.ch\\\/\",\"name\":\"Organisator\",\"description\":\"Kompetent. Praxisnah. Der ORGANISATOR bereitet in 10 Ausgaben pro Jahr die wesentlichen Themen f\u00fcr F\u00fchrungskr\u00e4fte von KMU auf.\",\"publisher\":{\"@id\":\"https:\\\/\\\/www.organisator.ch\\\/#organization\"},\"potentialAction\":[{\"@type\":\"SearchAction\",\"target\":{\"@type\":\"EntryPoint\",\"urlTemplate\":\"https:\\\/\\\/www.organisator.ch\\\/?s={search_term_string}\"},\"query-input\":{\"@type\":\"PropertyValueSpecification\",\"valueRequired\":true,\"valueName\":\"search_term_string\"}}],\"inLanguage\":\"fr-FR\"},{\"@type\":\"Organization\",\"@id\":\"https:\\\/\\\/www.organisator.ch\\\/#organization\",\"name\":\"Organisator\",\"url\":\"https:\\\/\\\/www.organisator.ch\\\/\",\"logo\":{\"@type\":\"ImageObject\",\"inLanguage\":\"fr-FR\",\"@id\":\"https:\\\/\\\/www.organisator.ch\\\/#\\\/schema\\\/logo\\\/image\\\/\",\"url\":\"https:\\\/\\\/www.organisator.ch\\\/wp-content\\\/uploads\\\/2022\\\/01\\\/Logo_Organisator_Website.png\",\"contentUrl\":\"https:\\\/\\\/www.organisator.ch\\\/wp-content\\\/uploads\\\/2022\\\/01\\\/Logo_Organisator_Website.png\",\"width\":800,\"height\":77,\"caption\":\"Organisator\"},\"image\":{\"@id\":\"https:\\\/\\\/www.organisator.ch\\\/#\\\/schema\\\/logo\\\/image\\\/\"},\"sameAs\":[\"https:\\\/\\\/www.facebook.com\\\/OrganisatorFachmagazin\",\"https:\\\/\\\/www.linkedin.com\\\/showcase\\\/organisator-das-magazin-fr-kmu\",\"https:\\\/\\\/www.xing.com\\\/news\\\/pages\\\/organisator-ch-695\",\"https:\\\/\\\/www.youtube.com\\\/channel\\\/UCGP2Sq0iWaZwT3BdIAQFYpw\"]},{\"@type\":\"Person\",\"@id\":\"https:\\\/\\\/www.organisator.ch\\\/#\\\/schema\\\/person\\\/6f650f90b2842cd4c0cc334b4e36f67e\",\"name\":\"thomas.berner\",\"image\":{\"@type\":\"ImageObject\",\"inLanguage\":\"fr-FR\",\"@id\":\"https:\\\/\\\/secure.gravatar.com\\\/avatar\\\/ac5001d2a36cb6c6cd3e50789007ffca834b477b74a2144564522e944eabff61?s=96&d=mm&r=g\",\"url\":\"https:\\\/\\\/secure.gravatar.com\\\/avatar\\\/ac5001d2a36cb6c6cd3e50789007ffca834b477b74a2144564522e944eabff61?s=96&d=mm&r=g\",\"contentUrl\":\"https:\\\/\\\/secure.gravatar.com\\\/avatar\\\/ac5001d2a36cb6c6cd3e50789007ffca834b477b74a2144564522e944eabff61?s=96&d=mm&r=g\",\"caption\":\"thomas.berner\"},\"url\":\"https:\\\/\\\/www.organisator.ch\\\/fr\\\/author\\\/thomas-berner\\\/\"}]}<\/script>\n<!-- \/ Yoast SEO plugin. -->","yoast_head_json":{"title":"La direction et le management suisses de mobilezone renforc\u00e9s - Organisateur","description":"La direction de mobilezone Suisse est pass\u00e9e de six \u00e0 huit membres. Christoph Gisler et Raffaele Sutter viennent renforcer l'\u00e9quipe.","robots":{"index":"index","follow":"follow","max-snippet":"max-snippet:-1","max-image-preview":"max-image-preview:large","max-video-preview":"max-video-preview:-1"},"canonical":"https:\/\/www.organisator.ch\/fr\/gestion-2\/it\/2021-08-10\/schweizer-geschaeftsleitung-und-management-von-mobilezone-verstaerkt\/","og_locale":"fr_FR","og_type":"article","og_title":"Schweizer Gesch\u00e4ftsleitung und Management von mobilezone verst\u00e4rkt","og_description":"Die Gesch\u00e4ftsleitung von mobilezone Schweiz wurde von sechs auf acht Mitglieder erweitert. Christoph Gisler und Raffaele Sutter verst\u00e4rken das Team.","og_url":"https:\/\/www.organisator.ch\/fr\/gestion-2\/it\/2021-08-10\/schweizer-geschaeftsleitung-und-management-von-mobilezone-verstaerkt\/","og_site_name":"Organisator","article_publisher":"https:\/\/www.facebook.com\/OrganisatorFachmagazin","article_published_time":"2021-08-10T06:42:30+00:00","og_image":[{"width":680,"height":340,"url":"https:\/\/www.organisator.ch\/wp-content\/uploads\/2021\/08\/Schweizer-Geschaeftsleitung-und-Management-von-mobilezone-verstaerkt_Organisator.jpg","type":"image\/jpeg"}],"author":"thomas.berner","twitter_card":"summary_large_image","twitter_title":"Schweizer #Gesch\u00e4ftsleitung und Management von #mobilezone verst\u00e4rkt","twitter_description":"Die #Gesch\u00e4ftsleitung von #mobilezone Schweiz wurde von sechs auf acht Mitglieder erweitert. Christoph Gisler und Raffaele Sutter verst\u00e4rken das Team.","twitter_image":"https:\/\/www.organisator.ch\/wp-content\/uploads\/2021\/08\/Schweizer-Geschaeftsleitung-und-Management-von-mobilezone-verstaerkt_Organisator.jpg","schema":{"@context":"https:\/\/schema.org","@graph":[{"@type":"Article","@id":"https:\/\/www.organisator.ch\/management\/it\/2021-08-10\/schweizer-geschaeftsleitung-und-management-von-mobilezone-verstaerkt\/#article","isPartOf":{"@id":"https:\/\/www.organisator.ch\/management\/it\/2021-08-10\/schweizer-geschaeftsleitung-und-management-von-mobilezone-verstaerkt\/"},"author":{"name":"thomas.berner","@id":"https:\/\/www.organisator.ch\/#\/schema\/person\/6f650f90b2842cd4c0cc334b4e36f67e"},"headline":"Schweizer Gesch\u00e4ftsleitung und Management von mobilezone verst\u00e4rkt","datePublished":"2021-08-10T06:42:30+00:00","mainEntityOfPage":{"@id":"https:\/\/www.organisator.ch\/management\/it\/2021-08-10\/schweizer-geschaeftsleitung-und-management-von-mobilezone-verstaerkt\/"},"wordCount":349,"publisher":{"@id":"https:\/\/www.organisator.ch\/#organization"},"image":{"@id":"https:\/\/www.organisator.ch\/management\/it\/2021-08-10\/schweizer-geschaeftsleitung-und-management-von-mobilezone-verstaerkt\/#primaryimage"},"thumbnailUrl":"https:\/\/www.organisator.ch\/wp-content\/uploads\/2021\/08\/Schweizer-Geschaeftsleitung-und-Management-von-mobilezone-verstaerkt_Organisator.jpg","keywords":["Management","Personalia","Unternehmen"],"articleSection":["IT"],"inLanguage":"fr-FR"},{"@type":"WebPage","@id":"https:\/\/www.organisator.ch\/management\/it\/2021-08-10\/schweizer-geschaeftsleitung-und-management-von-mobilezone-verstaerkt\/","url":"https:\/\/www.organisator.ch\/management\/it\/2021-08-10\/schweizer-geschaeftsleitung-und-management-von-mobilezone-verstaerkt\/","name":"La direction et le management suisses de mobilezone renforc\u00e9s - Organisateur","isPartOf":{"@id":"https:\/\/www.organisator.ch\/#website"},"primaryImageOfPage":{"@id":"https:\/\/www.organisator.ch\/management\/it\/2021-08-10\/schweizer-geschaeftsleitung-und-management-von-mobilezone-verstaerkt\/#primaryimage"},"image":{"@id":"https:\/\/www.organisator.ch\/management\/it\/2021-08-10\/schweizer-geschaeftsleitung-und-management-von-mobilezone-verstaerkt\/#primaryimage"},"thumbnailUrl":"https:\/\/www.organisator.ch\/wp-content\/uploads\/2021\/08\/Schweizer-Geschaeftsleitung-und-Management-von-mobilezone-verstaerkt_Organisator.jpg","datePublished":"2021-08-10T06:42:30+00:00","description":"La direction de mobilezone Suisse est pass\u00e9e de six \u00e0 huit membres. Christoph Gisler et Raffaele Sutter viennent renforcer l'\u00e9quipe.","breadcrumb":{"@id":"https:\/\/www.organisator.ch\/management\/it\/2021-08-10\/schweizer-geschaeftsleitung-und-management-von-mobilezone-verstaerkt\/#breadcrumb"},"inLanguage":"fr-FR","potentialAction":[{"@type":"ReadAction","target":["https:\/\/www.organisator.ch\/management\/it\/2021-08-10\/schweizer-geschaeftsleitung-und-management-von-mobilezone-verstaerkt\/"]}]},{"@type":"ImageObject","inLanguage":"fr-FR","@id":"https:\/\/www.organisator.ch\/management\/it\/2021-08-10\/schweizer-geschaeftsleitung-und-management-von-mobilezone-verstaerkt\/#primaryimage","url":"https:\/\/www.organisator.ch\/wp-content\/uploads\/2021\/08\/Schweizer-Geschaeftsleitung-und-Management-von-mobilezone-verstaerkt_Organisator.jpg","contentUrl":"https:\/\/www.organisator.ch\/wp-content\/uploads\/2021\/08\/Schweizer-Geschaeftsleitung-und-Management-von-mobilezone-verstaerkt_Organisator.jpg","width":680,"height":340,"caption":"Sind neu im erweiterten Team der Gesch\u00e4ftsf\u00fchrung von mobilezone Schweiz: Christoph Gisler (links) und Raffaele Sutter. (Bild: mobilezone)"},{"@type":"BreadcrumbList","@id":"https:\/\/www.organisator.ch\/management\/it\/2021-08-10\/schweizer-geschaeftsleitung-und-management-von-mobilezone-verstaerkt\/#breadcrumb","itemListElement":[{"@type":"ListItem","position":1,"name":"Home","item":"https:\/\/www.organisator.ch\/"},{"@type":"ListItem","position":2,"name":"Schweizer Gesch\u00e4ftsleitung und Management von mobilezone verst\u00e4rkt"}]},{"@type":"WebSite","@id":"https:\/\/www.organisator.ch\/#website","url":"https:\/\/www.organisator.ch\/","name":"Organisateur","description":"Comp\u00e9tence et comp\u00e9tence. Proches de la pratique. L'ORGANISATEUR pr\u00e9pare 10 num\u00e9ros par an sur les th\u00e8mes essentiels pour les dirigeants de PME.","publisher":{"@id":"https:\/\/www.organisator.ch\/#organization"},"potentialAction":[{"@type":"SearchAction","target":{"@type":"EntryPoint","urlTemplate":"https:\/\/www.organisator.ch\/?s={search_term_string}"},"query-input":{"@type":"PropertyValueSpecification","valueRequired":true,"valueName":"search_term_string"}}],"inLanguage":"fr-FR"},{"@type":"Organization","@id":"https:\/\/www.organisator.ch\/#organization","name":"Organisateur","url":"https:\/\/www.organisator.ch\/","logo":{"@type":"ImageObject","inLanguage":"fr-FR","@id":"https:\/\/www.organisator.ch\/#\/schema\/logo\/image\/","url":"https:\/\/www.organisator.ch\/wp-content\/uploads\/2022\/01\/Logo_Organisator_Website.png","contentUrl":"https:\/\/www.organisator.ch\/wp-content\/uploads\/2022\/01\/Logo_Organisator_Website.png","width":800,"height":77,"caption":"Organisator"},"image":{"@id":"https:\/\/www.organisator.ch\/#\/schema\/logo\/image\/"},"sameAs":["https:\/\/www.facebook.com\/OrganisatorFachmagazin","https:\/\/www.linkedin.com\/showcase\/organisator-das-magazin-fr-kmu","https:\/\/www.xing.com\/news\/pages\/organisator-ch-695","https:\/\/www.youtube.com\/channel\/UCGP2Sq0iWaZwT3BdIAQFYpw"]},{"@type":"Person","@id":"https:\/\/www.organisator.ch\/#\/schema\/person\/6f650f90b2842cd4c0cc334b4e36f67e","name":"thomas.berner","image":{"@type":"ImageObject","inLanguage":"fr-FR","@id":"https:\/\/secure.gravatar.com\/avatar\/ac5001d2a36cb6c6cd3e50789007ffca834b477b74a2144564522e944eabff61?s=96&d=mm&r=g","url":"https:\/\/secure.gravatar.com\/avatar\/ac5001d2a36cb6c6cd3e50789007ffca834b477b74a2144564522e944eabff61?s=96&d=mm&r=g","contentUrl":"https:\/\/secure.gravatar.com\/avatar\/ac5001d2a36cb6c6cd3e50789007ffca834b477b74a2144564522e944eabff61?s=96&d=mm&r=g","caption":"thomas.berner"},"url":"https:\/\/www.organisator.ch\/fr\/author\/thomas-berner\/"}]}},"_links":{"self":[{"href":"https:\/\/www.organisator.ch\/fr\/wp-json\/wp\/v2\/posts\/8369","targetHints":{"allow":["GET"]}}],"collection":[{"href":"https:\/\/www.organisator.ch\/fr\/wp-json\/wp\/v2\/posts"}],"about":[{"href":"https:\/\/www.organisator.ch\/fr\/wp-json\/wp\/v2\/types\/post"}],"author":[{"embeddable":true,"href":"https:\/\/www.organisator.ch\/fr\/wp-json\/wp\/v2\/users\/4"}],"replies":[{"embeddable":true,"href":"https:\/\/www.organisator.ch\/fr\/wp-json\/wp\/v2\/comments?post=8369"}],"version-history":[{"count":0,"href":"https:\/\/www.organisator.ch\/fr\/wp-json\/wp\/v2\/posts\/8369\/revisions"}],"wp:featuredmedia":[{"embeddable":true,"href":"https:\/\/www.organisator.ch\/fr\/wp-json\/wp\/v2\/media\/8370"}],"wp:attachment":[{"href":"https:\/\/www.organisator.ch\/fr\/wp-json\/wp\/v2\/media?parent=8369"}],"wp:term":[{"taxonomy":"category","embeddable":true,"href":"https:\/\/www.organisator.ch\/fr\/wp-json\/wp\/v2\/categories?post=8369"},{"taxonomy":"post_tag","embeddable":true,"href":"https:\/\/www.organisator.ch\/fr\/wp-json\/wp\/v2\/tags?post=8369"}],"curies":[{"name":"wp","href":"https:\/\/api.w.org\/{rel}","templated":true}]}}