{"id":8399,"date":"2021-08-17T14:25:49","date_gmt":"2021-08-17T12:25:49","guid":{"rendered":"https:\/\/www.organisator.ch\/?p=8399"},"modified":"2021-08-17T14:25:49","modified_gmt":"2021-08-17T12:25:49","slug":"lehrbeginn-fuer-240-jugendliche-bei-amag","status":"publish","type":"post","link":"https:\/\/www.organisator.ch\/fr\/weiterbildung\/2021-08-17\/lehrbeginn-fuer-240-jugendliche-bei-amag\/","title":{"rendered":"D\u00e9but d'apprentissage pour 240 jeunes chez AMAG"},"content":{"rendered":"<figure id=\"attachment_8401\" aria-describedby=\"caption-attachment-8401\" style=\"width: 680px\" class=\"wp-caption alignnone\"><a href=\"https:\/\/www.organisator.ch\/wp-content\/uploads\/2021\/08\/Lehrbeginn-fuer-240-Jugendliche-bei-AMAG_Organisator.jpg\"><img loading=\"lazy\" decoding=\"async\" class=\"size-medium wp-image-8401\" src=\"https:\/\/www.organisator.ch\/wp-content\/uploads\/2021\/08\/Lehrbeginn-fuer-240-Jugendliche-bei-AMAG_Organisator.jpg\" alt=\"\" width=\"680\" height=\"496\" srcset=\"https:\/\/www.organisator.ch\/wp-content\/uploads\/2021\/08\/Lehrbeginn-fuer-240-Jugendliche-bei-AMAG_Organisator.jpg 680w, https:\/\/www.organisator.ch\/wp-content\/uploads\/2021\/08\/Lehrbeginn-fuer-240-Jugendliche-bei-AMAG_Organisator-16x12.jpg 16w, https:\/\/www.organisator.ch\/wp-content\/uploads\/2021\/08\/Lehrbeginn-fuer-240-Jugendliche-bei-AMAG_Organisator-240x175.jpg 240w, https:\/\/www.organisator.ch\/wp-content\/uploads\/2021\/08\/Lehrbeginn-fuer-240-Jugendliche-bei-AMAG_Organisator-480x350.jpg 480w, https:\/\/www.organisator.ch\/wp-content\/uploads\/2021\/08\/Lehrbeginn-fuer-240-Jugendliche-bei-AMAG_Organisator-300x219.jpg 300w\" sizes=\"auto, (max-width: 680px) 100vw, 680px\" \/><\/a><figcaption id=\"caption-attachment-8401\" class=\"wp-caption-text\">Au d\u00e9but de l'apprentissage, il r\u00e9pond aux questions de 240 nouveaux apprentis : Helmut Ruhl, CEO d'AMAG. (Photo : AMAG)<\/figcaption><\/figure>\n<p>En ao\u00fbt 2021, le d\u00e9but de l'apprentissage marquera pour de nombreux jeunes le d\u00e9but d'une nouvelle \u00e9tape de leur vie. D'innombrables PME et grandes entreprises forment \u00e0 nouveau des jeunes dans les cat\u00e9gories professionnelles les plus diverses. L'un des plus grands centres de formation de Suisse est le concessionnaire automobile AMAG. Cette entreprise forme actuellement 760 apprentis, soit environ 11 pour cent de l'ensemble de ses collaborateurs, dans onze m\u00e9tiers diff\u00e9rents allant de t\u00f4lier\/\u00e8re en carrosserie ou m\u00e9catronicien\/ne d'automobiles \u00e0 employ\u00e9\/e de commerce.<\/p>\n<h2>Un d\u00e9but d'apprentissage r\u00e9ussi qui n'a pas m\u00e9nag\u00e9 ses efforts<\/h2>\n<p>Au d\u00e9but de leur apprentissage, les nouveaux apprentis participent g\u00e9n\u00e9ralement \u00e0 un camp d'accueil d'une journ\u00e9e. Ils y apprennent tout ce qu'ils doivent savoir sur AMAG pour un d\u00e9marrage sans probl\u00e8me. Cette ann\u00e9e encore, la manifestation d'introduction s'est d\u00e9roul\u00e9e dans un cadre num\u00e9rique. Ainsi, le jeudi 12 ao\u00fbt dernier, le CEO du Groupe AMAG, Helmut Ruhl, a accueilli les apprentis par \u00e9cran interpos\u00e9, depuis un studio sp\u00e9cialement am\u00e9nag\u00e9 \u00e0 cet effet au si\u00e8ge d'AMAG \u00e0 Cham, avec d'innombrables cam\u00e9ras, une r\u00e9gie et des interpr\u00e8tes traduisant en direct pour les jeunes de Suisse romande et du Tessin.<\/p>\n<h2>\u00c9change num\u00e9rique avec le CEO<\/h2>\n<p>Les 240 nouveaux apprentis n'ont certes pas tous pu se rencontrer personnellement pour \u00e9couter les diff\u00e9rents orateurs en direct, mais une bonne ambiance s'est tout de m\u00eame install\u00e9e, comme l'indique AMAG. On l'a notamment ressenti lors de l'\u00e9change interactif (num\u00e9rique) pendant la manifestation. D\u00e8s le d\u00e9but, les nouveaux apprentis ont pu poser des questions en ligne \u00e0 Helmut Ruhl. Le CEO d'AMAG soutient la curiosit\u00e9 et l'initiative des apprentis : \"En tant qu'une des plus grandes entreprises de formation de Suisse, nous sommes tr\u00e8s heureux d'avoir pu recruter 240 jeunes pour nos onze m\u00e9tiers d'apprentissage actuels. La formation professionnelle d'AMAG est durable, innovante et nos apprentis - soutenus par des coaches - apprennent avec une grande responsabilit\u00e9 personnelle. Un apprentissage au sein du groupe AMAG permet de faire un excellent d\u00e9but de carri\u00e8re dans l'une des branches les plus passionnantes de notre \u00e9poque : AMAG a pour vision de devenir le leader de la mobilit\u00e9 individuelle durable. Et les apprentis peuvent contribuer \u00e0 la fa\u00e7onner\".<\/p>\n<p><em>Source et informations compl\u00e9mentaires : <a href=\"http:\/\/www.amag.ch\">AMAG<\/a><\/em><\/p>","protected":false},"excerpt":{"rendered":"<p>Auch im August 2021 startet mit dem Beginn der Berufslehre f\u00fcr viele junge Menschen ein neuer Lebensabschnitt. Unz\u00e4hlige KMU und Grossunternehmen bilden wieder Jugendliche in den verschiedensten Berufsgattungen aus. Eine der gr\u00f6ssten Ausbildungsst\u00e4tten der Schweiz ist der Autoh\u00e4ndler AMAG. 760 Lernende, das sind ca. 11 Prozent aller Mitarbeitenden, bildet dieses Unternehmen derzeit aus &#8211; in [&hellip;]<\/p>\n","protected":false},"author":4,"featured_media":8401,"comment_status":"closed","ping_status":"closed","sticky":false,"template":"","format":"standard","meta":{"_acf_changed":false,"_yoast_wpseo_focuskw":"Lehrbeginn","_yoast_wpseo_metadesc":"240 junge Menschen haben sich dieses Jahr f\u00fcr eine Lehre bei der AMAG entschieden. Jetzt heisst es: f\u00fcr den Lehrbeginn einsteigen und Gas geben.","articlekey":"","footnotes":""},"categories":[30],"tags":[62,73,492],"class_list":["post-8399","post","type-post","status-publish","format-standard","has-post-thumbnail","hentry","category-weiterbildung","tag-aus-weiterbildung","tag-berufsbildung","tag-unternehmen"],"acf":[],"yoast_head":"<!-- This site is optimized with the Yoast SEO plugin v27.4 - https:\/\/yoast.com\/product\/yoast-seo-wordpress\/ -->\n<title>Lehrbeginn f\u00fcr 240 Jugendliche bei AMAG - Organisator<\/title>\n<meta name=\"description\" content=\"240 junge Menschen haben sich dieses Jahr f\u00fcr eine Lehre bei der AMAG entschieden. Jetzt heisst es: f\u00fcr den Lehrbeginn einsteigen und Gas geben.\" \/>\n<meta name=\"robots\" content=\"index, follow, max-snippet:-1, max-image-preview:large, max-video-preview:-1\" \/>\n<link rel=\"canonical\" href=\"https:\/\/www.organisator.ch\/fr\/formation-continue-2\/2021-08-17\/lehrbeginn-fuer-240-jugendliche-bei-amag\/\" \/>\n<meta property=\"og:locale\" content=\"fr_FR\" \/>\n<meta property=\"og:type\" content=\"article\" \/>\n<meta property=\"og:title\" content=\"Lehrbeginn f\u00fcr 240 Jugendliche bei AMAG\" \/>\n<meta property=\"og:description\" content=\"240 junge Menschen haben sich dieses Jahr f\u00fcr eine Lehre bei der AMAG entschieden. Jetzt heisst es: f\u00fcr den Lehrbeginn einsteigen und Gas geben.\" \/>\n<meta property=\"og:url\" content=\"https:\/\/www.organisator.ch\/fr\/formation-continue-2\/2021-08-17\/lehrbeginn-fuer-240-jugendliche-bei-amag\/\" \/>\n<meta property=\"og:site_name\" content=\"Organisator\" \/>\n<meta property=\"article:publisher\" content=\"https:\/\/www.facebook.com\/OrganisatorFachmagazin\" \/>\n<meta property=\"article:published_time\" content=\"2021-08-17T12:25:49+00:00\" \/>\n<meta property=\"og:image\" content=\"https:\/\/www.organisator.ch\/wp-content\/uploads\/2021\/08\/Lehrbeginn-fuer-240-Jugendliche-bei-AMAG_Organisator.jpg\" \/>\n\t<meta property=\"og:image:width\" content=\"680\" \/>\n\t<meta property=\"og:image:height\" content=\"496\" \/>\n\t<meta property=\"og:image:type\" content=\"image\/jpeg\" \/>\n<meta name=\"author\" content=\"thomas.berner\" \/>\n<meta name=\"twitter:card\" content=\"summary_large_image\" \/>\n<meta name=\"twitter:title\" content=\"#Lehrbeginn f\u00fcr 240 Jugendliche bei #AMAG\" \/>\n<meta name=\"twitter:description\" content=\"240 junge Menschen haben sich dieses Jahr f\u00fcr eine Lehre bei der #AMAG entschieden. Jetzt heisst es: f\u00fcr den #Lehrbeginn einsteigen und Gas geben.\" \/>\n<meta name=\"twitter:image\" content=\"https:\/\/www.organisator.ch\/wp-content\/uploads\/2021\/08\/Lehrbeginn-fuer-240-Jugendliche-bei-AMAG_Organisator.jpg\" \/>\n<script type=\"application\/ld+json\" class=\"yoast-schema-graph\">{\"@context\":\"https:\\\/\\\/schema.org\",\"@graph\":[{\"@type\":\"Article\",\"@id\":\"https:\\\/\\\/www.organisator.ch\\\/weiterbildung\\\/2021-08-17\\\/lehrbeginn-fuer-240-jugendliche-bei-amag\\\/#article\",\"isPartOf\":{\"@id\":\"https:\\\/\\\/www.organisator.ch\\\/weiterbildung\\\/2021-08-17\\\/lehrbeginn-fuer-240-jugendliche-bei-amag\\\/\"},\"author\":{\"name\":\"thomas.berner\",\"@id\":\"https:\\\/\\\/www.organisator.ch\\\/#\\\/schema\\\/person\\\/6f650f90b2842cd4c0cc334b4e36f67e\"},\"headline\":\"Lehrbeginn f\u00fcr 240 Jugendliche bei AMAG\",\"datePublished\":\"2021-08-17T12:25:49+00:00\",\"mainEntityOfPage\":{\"@id\":\"https:\\\/\\\/www.organisator.ch\\\/weiterbildung\\\/2021-08-17\\\/lehrbeginn-fuer-240-jugendliche-bei-amag\\\/\"},\"wordCount\":364,\"publisher\":{\"@id\":\"https:\\\/\\\/www.organisator.ch\\\/#organization\"},\"image\":{\"@id\":\"https:\\\/\\\/www.organisator.ch\\\/weiterbildung\\\/2021-08-17\\\/lehrbeginn-fuer-240-jugendliche-bei-amag\\\/#primaryimage\"},\"thumbnailUrl\":\"https:\\\/\\\/www.organisator.ch\\\/wp-content\\\/uploads\\\/2021\\\/08\\\/Lehrbeginn-fuer-240-Jugendliche-bei-AMAG_Organisator.jpg\",\"keywords\":[\"Aus-\\\/Weiterbildung\",\"Berufsbildung\",\"Unternehmen\"],\"articleSection\":[\"WEITERBILDUNG\"],\"inLanguage\":\"fr-FR\"},{\"@type\":\"WebPage\",\"@id\":\"https:\\\/\\\/www.organisator.ch\\\/weiterbildung\\\/2021-08-17\\\/lehrbeginn-fuer-240-jugendliche-bei-amag\\\/\",\"url\":\"https:\\\/\\\/www.organisator.ch\\\/weiterbildung\\\/2021-08-17\\\/lehrbeginn-fuer-240-jugendliche-bei-amag\\\/\",\"name\":\"Lehrbeginn f\u00fcr 240 Jugendliche bei AMAG - Organisator\",\"isPartOf\":{\"@id\":\"https:\\\/\\\/www.organisator.ch\\\/#website\"},\"primaryImageOfPage\":{\"@id\":\"https:\\\/\\\/www.organisator.ch\\\/weiterbildung\\\/2021-08-17\\\/lehrbeginn-fuer-240-jugendliche-bei-amag\\\/#primaryimage\"},\"image\":{\"@id\":\"https:\\\/\\\/www.organisator.ch\\\/weiterbildung\\\/2021-08-17\\\/lehrbeginn-fuer-240-jugendliche-bei-amag\\\/#primaryimage\"},\"thumbnailUrl\":\"https:\\\/\\\/www.organisator.ch\\\/wp-content\\\/uploads\\\/2021\\\/08\\\/Lehrbeginn-fuer-240-Jugendliche-bei-AMAG_Organisator.jpg\",\"datePublished\":\"2021-08-17T12:25:49+00:00\",\"description\":\"240 junge Menschen haben sich dieses Jahr f\u00fcr eine Lehre bei der AMAG entschieden. Jetzt heisst es: f\u00fcr den Lehrbeginn einsteigen und Gas geben.\",\"breadcrumb\":{\"@id\":\"https:\\\/\\\/www.organisator.ch\\\/weiterbildung\\\/2021-08-17\\\/lehrbeginn-fuer-240-jugendliche-bei-amag\\\/#breadcrumb\"},\"inLanguage\":\"fr-FR\",\"potentialAction\":[{\"@type\":\"ReadAction\",\"target\":[\"https:\\\/\\\/www.organisator.ch\\\/weiterbildung\\\/2021-08-17\\\/lehrbeginn-fuer-240-jugendliche-bei-amag\\\/\"]}]},{\"@type\":\"ImageObject\",\"inLanguage\":\"fr-FR\",\"@id\":\"https:\\\/\\\/www.organisator.ch\\\/weiterbildung\\\/2021-08-17\\\/lehrbeginn-fuer-240-jugendliche-bei-amag\\\/#primaryimage\",\"url\":\"https:\\\/\\\/www.organisator.ch\\\/wp-content\\\/uploads\\\/2021\\\/08\\\/Lehrbeginn-fuer-240-Jugendliche-bei-AMAG_Organisator.jpg\",\"contentUrl\":\"https:\\\/\\\/www.organisator.ch\\\/wp-content\\\/uploads\\\/2021\\\/08\\\/Lehrbeginn-fuer-240-Jugendliche-bei-AMAG_Organisator.jpg\",\"width\":680,\"height\":496,\"caption\":\"Stellt sich zu Lehrbeginn den Fragen von 240 neuen Lernenden: AMAG-CEO Helmut Ruhl. (Bild: AMAG)\"},{\"@type\":\"BreadcrumbList\",\"@id\":\"https:\\\/\\\/www.organisator.ch\\\/weiterbildung\\\/2021-08-17\\\/lehrbeginn-fuer-240-jugendliche-bei-amag\\\/#breadcrumb\",\"itemListElement\":[{\"@type\":\"ListItem\",\"position\":1,\"name\":\"Home\",\"item\":\"https:\\\/\\\/www.organisator.ch\\\/\"},{\"@type\":\"ListItem\",\"position\":2,\"name\":\"Lehrbeginn f\u00fcr 240 Jugendliche bei AMAG\"}]},{\"@type\":\"WebSite\",\"@id\":\"https:\\\/\\\/www.organisator.ch\\\/#website\",\"url\":\"https:\\\/\\\/www.organisator.ch\\\/\",\"name\":\"Organisator\",\"description\":\"Kompetent. Praxisnah. Der ORGANISATOR bereitet in 10 Ausgaben pro Jahr die wesentlichen Themen f\u00fcr F\u00fchrungskr\u00e4fte von KMU auf.\",\"publisher\":{\"@id\":\"https:\\\/\\\/www.organisator.ch\\\/#organization\"},\"potentialAction\":[{\"@type\":\"SearchAction\",\"target\":{\"@type\":\"EntryPoint\",\"urlTemplate\":\"https:\\\/\\\/www.organisator.ch\\\/?s={search_term_string}\"},\"query-input\":{\"@type\":\"PropertyValueSpecification\",\"valueRequired\":true,\"valueName\":\"search_term_string\"}}],\"inLanguage\":\"fr-FR\"},{\"@type\":\"Organization\",\"@id\":\"https:\\\/\\\/www.organisator.ch\\\/#organization\",\"name\":\"Organisator\",\"url\":\"https:\\\/\\\/www.organisator.ch\\\/\",\"logo\":{\"@type\":\"ImageObject\",\"inLanguage\":\"fr-FR\",\"@id\":\"https:\\\/\\\/www.organisator.ch\\\/#\\\/schema\\\/logo\\\/image\\\/\",\"url\":\"https:\\\/\\\/www.organisator.ch\\\/wp-content\\\/uploads\\\/2022\\\/01\\\/Logo_Organisator_Website.png\",\"contentUrl\":\"https:\\\/\\\/www.organisator.ch\\\/wp-content\\\/uploads\\\/2022\\\/01\\\/Logo_Organisator_Website.png\",\"width\":800,\"height\":77,\"caption\":\"Organisator\"},\"image\":{\"@id\":\"https:\\\/\\\/www.organisator.ch\\\/#\\\/schema\\\/logo\\\/image\\\/\"},\"sameAs\":[\"https:\\\/\\\/www.facebook.com\\\/OrganisatorFachmagazin\",\"https:\\\/\\\/www.linkedin.com\\\/showcase\\\/organisator-das-magazin-fr-kmu\",\"https:\\\/\\\/www.xing.com\\\/news\\\/pages\\\/organisator-ch-695\",\"https:\\\/\\\/www.youtube.com\\\/channel\\\/UCGP2Sq0iWaZwT3BdIAQFYpw\"]},{\"@type\":\"Person\",\"@id\":\"https:\\\/\\\/www.organisator.ch\\\/#\\\/schema\\\/person\\\/6f650f90b2842cd4c0cc334b4e36f67e\",\"name\":\"thomas.berner\",\"image\":{\"@type\":\"ImageObject\",\"inLanguage\":\"fr-FR\",\"@id\":\"https:\\\/\\\/secure.gravatar.com\\\/avatar\\\/ac5001d2a36cb6c6cd3e50789007ffca834b477b74a2144564522e944eabff61?s=96&d=mm&r=g\",\"url\":\"https:\\\/\\\/secure.gravatar.com\\\/avatar\\\/ac5001d2a36cb6c6cd3e50789007ffca834b477b74a2144564522e944eabff61?s=96&d=mm&r=g\",\"contentUrl\":\"https:\\\/\\\/secure.gravatar.com\\\/avatar\\\/ac5001d2a36cb6c6cd3e50789007ffca834b477b74a2144564522e944eabff61?s=96&d=mm&r=g\",\"caption\":\"thomas.berner\"},\"url\":\"https:\\\/\\\/www.organisator.ch\\\/fr\\\/author\\\/thomas-berner\\\/\"}]}<\/script>\n<!-- \/ Yoast SEO plugin. -->","yoast_head_json":{"title":"D\u00e9but de l'apprentissage pour 240 jeunes chez AMAG - Organisateur","description":"Cette ann\u00e9e, 240 jeunes ont opt\u00e9 pour un apprentissage chez AMAG. Il s'agit maintenant d'embarquer pour le d\u00e9but de l'apprentissage et de mettre les gaz.","robots":{"index":"index","follow":"follow","max-snippet":"max-snippet:-1","max-image-preview":"max-image-preview:large","max-video-preview":"max-video-preview:-1"},"canonical":"https:\/\/www.organisator.ch\/fr\/formation-continue-2\/2021-08-17\/lehrbeginn-fuer-240-jugendliche-bei-amag\/","og_locale":"fr_FR","og_type":"article","og_title":"Lehrbeginn f\u00fcr 240 Jugendliche bei AMAG","og_description":"240 junge Menschen haben sich dieses Jahr f\u00fcr eine Lehre bei der AMAG entschieden. Jetzt heisst es: f\u00fcr den Lehrbeginn einsteigen und Gas geben.","og_url":"https:\/\/www.organisator.ch\/fr\/formation-continue-2\/2021-08-17\/lehrbeginn-fuer-240-jugendliche-bei-amag\/","og_site_name":"Organisator","article_publisher":"https:\/\/www.facebook.com\/OrganisatorFachmagazin","article_published_time":"2021-08-17T12:25:49+00:00","og_image":[{"width":680,"height":496,"url":"https:\/\/www.organisator.ch\/wp-content\/uploads\/2021\/08\/Lehrbeginn-fuer-240-Jugendliche-bei-AMAG_Organisator.jpg","type":"image\/jpeg"}],"author":"thomas.berner","twitter_card":"summary_large_image","twitter_title":"#Lehrbeginn f\u00fcr 240 Jugendliche bei #AMAG","twitter_description":"240 junge Menschen haben sich dieses Jahr f\u00fcr eine Lehre bei der #AMAG entschieden. Jetzt heisst es: f\u00fcr den #Lehrbeginn einsteigen und Gas geben.","twitter_image":"https:\/\/www.organisator.ch\/wp-content\/uploads\/2021\/08\/Lehrbeginn-fuer-240-Jugendliche-bei-AMAG_Organisator.jpg","schema":{"@context":"https:\/\/schema.org","@graph":[{"@type":"Article","@id":"https:\/\/www.organisator.ch\/weiterbildung\/2021-08-17\/lehrbeginn-fuer-240-jugendliche-bei-amag\/#article","isPartOf":{"@id":"https:\/\/www.organisator.ch\/weiterbildung\/2021-08-17\/lehrbeginn-fuer-240-jugendliche-bei-amag\/"},"author":{"name":"thomas.berner","@id":"https:\/\/www.organisator.ch\/#\/schema\/person\/6f650f90b2842cd4c0cc334b4e36f67e"},"headline":"Lehrbeginn f\u00fcr 240 Jugendliche bei AMAG","datePublished":"2021-08-17T12:25:49+00:00","mainEntityOfPage":{"@id":"https:\/\/www.organisator.ch\/weiterbildung\/2021-08-17\/lehrbeginn-fuer-240-jugendliche-bei-amag\/"},"wordCount":364,"publisher":{"@id":"https:\/\/www.organisator.ch\/#organization"},"image":{"@id":"https:\/\/www.organisator.ch\/weiterbildung\/2021-08-17\/lehrbeginn-fuer-240-jugendliche-bei-amag\/#primaryimage"},"thumbnailUrl":"https:\/\/www.organisator.ch\/wp-content\/uploads\/2021\/08\/Lehrbeginn-fuer-240-Jugendliche-bei-AMAG_Organisator.jpg","keywords":["Aus-\/Weiterbildung","Berufsbildung","Unternehmen"],"articleSection":["WEITERBILDUNG"],"inLanguage":"fr-FR"},{"@type":"WebPage","@id":"https:\/\/www.organisator.ch\/weiterbildung\/2021-08-17\/lehrbeginn-fuer-240-jugendliche-bei-amag\/","url":"https:\/\/www.organisator.ch\/weiterbildung\/2021-08-17\/lehrbeginn-fuer-240-jugendliche-bei-amag\/","name":"D\u00e9but de l'apprentissage pour 240 jeunes chez AMAG - Organisateur","isPartOf":{"@id":"https:\/\/www.organisator.ch\/#website"},"primaryImageOfPage":{"@id":"https:\/\/www.organisator.ch\/weiterbildung\/2021-08-17\/lehrbeginn-fuer-240-jugendliche-bei-amag\/#primaryimage"},"image":{"@id":"https:\/\/www.organisator.ch\/weiterbildung\/2021-08-17\/lehrbeginn-fuer-240-jugendliche-bei-amag\/#primaryimage"},"thumbnailUrl":"https:\/\/www.organisator.ch\/wp-content\/uploads\/2021\/08\/Lehrbeginn-fuer-240-Jugendliche-bei-AMAG_Organisator.jpg","datePublished":"2021-08-17T12:25:49+00:00","description":"Cette ann\u00e9e, 240 jeunes ont opt\u00e9 pour un apprentissage chez AMAG. Il s'agit maintenant d'embarquer pour le d\u00e9but de l'apprentissage et de mettre les gaz.","breadcrumb":{"@id":"https:\/\/www.organisator.ch\/weiterbildung\/2021-08-17\/lehrbeginn-fuer-240-jugendliche-bei-amag\/#breadcrumb"},"inLanguage":"fr-FR","potentialAction":[{"@type":"ReadAction","target":["https:\/\/www.organisator.ch\/weiterbildung\/2021-08-17\/lehrbeginn-fuer-240-jugendliche-bei-amag\/"]}]},{"@type":"ImageObject","inLanguage":"fr-FR","@id":"https:\/\/www.organisator.ch\/weiterbildung\/2021-08-17\/lehrbeginn-fuer-240-jugendliche-bei-amag\/#primaryimage","url":"https:\/\/www.organisator.ch\/wp-content\/uploads\/2021\/08\/Lehrbeginn-fuer-240-Jugendliche-bei-AMAG_Organisator.jpg","contentUrl":"https:\/\/www.organisator.ch\/wp-content\/uploads\/2021\/08\/Lehrbeginn-fuer-240-Jugendliche-bei-AMAG_Organisator.jpg","width":680,"height":496,"caption":"Stellt sich zu Lehrbeginn den Fragen von 240 neuen Lernenden: AMAG-CEO Helmut Ruhl. (Bild: AMAG)"},{"@type":"BreadcrumbList","@id":"https:\/\/www.organisator.ch\/weiterbildung\/2021-08-17\/lehrbeginn-fuer-240-jugendliche-bei-amag\/#breadcrumb","itemListElement":[{"@type":"ListItem","position":1,"name":"Home","item":"https:\/\/www.organisator.ch\/"},{"@type":"ListItem","position":2,"name":"Lehrbeginn f\u00fcr 240 Jugendliche bei AMAG"}]},{"@type":"WebSite","@id":"https:\/\/www.organisator.ch\/#website","url":"https:\/\/www.organisator.ch\/","name":"Organisateur","description":"Comp\u00e9tence et comp\u00e9tence. Proches de la pratique. L'ORGANISATEUR pr\u00e9pare 10 num\u00e9ros par an sur les th\u00e8mes essentiels pour les dirigeants de PME.","publisher":{"@id":"https:\/\/www.organisator.ch\/#organization"},"potentialAction":[{"@type":"SearchAction","target":{"@type":"EntryPoint","urlTemplate":"https:\/\/www.organisator.ch\/?s={search_term_string}"},"query-input":{"@type":"PropertyValueSpecification","valueRequired":true,"valueName":"search_term_string"}}],"inLanguage":"fr-FR"},{"@type":"Organization","@id":"https:\/\/www.organisator.ch\/#organization","name":"Organisateur","url":"https:\/\/www.organisator.ch\/","logo":{"@type":"ImageObject","inLanguage":"fr-FR","@id":"https:\/\/www.organisator.ch\/#\/schema\/logo\/image\/","url":"https:\/\/www.organisator.ch\/wp-content\/uploads\/2022\/01\/Logo_Organisator_Website.png","contentUrl":"https:\/\/www.organisator.ch\/wp-content\/uploads\/2022\/01\/Logo_Organisator_Website.png","width":800,"height":77,"caption":"Organisator"},"image":{"@id":"https:\/\/www.organisator.ch\/#\/schema\/logo\/image\/"},"sameAs":["https:\/\/www.facebook.com\/OrganisatorFachmagazin","https:\/\/www.linkedin.com\/showcase\/organisator-das-magazin-fr-kmu","https:\/\/www.xing.com\/news\/pages\/organisator-ch-695","https:\/\/www.youtube.com\/channel\/UCGP2Sq0iWaZwT3BdIAQFYpw"]},{"@type":"Person","@id":"https:\/\/www.organisator.ch\/#\/schema\/person\/6f650f90b2842cd4c0cc334b4e36f67e","name":"thomas.berner","image":{"@type":"ImageObject","inLanguage":"fr-FR","@id":"https:\/\/secure.gravatar.com\/avatar\/ac5001d2a36cb6c6cd3e50789007ffca834b477b74a2144564522e944eabff61?s=96&d=mm&r=g","url":"https:\/\/secure.gravatar.com\/avatar\/ac5001d2a36cb6c6cd3e50789007ffca834b477b74a2144564522e944eabff61?s=96&d=mm&r=g","contentUrl":"https:\/\/secure.gravatar.com\/avatar\/ac5001d2a36cb6c6cd3e50789007ffca834b477b74a2144564522e944eabff61?s=96&d=mm&r=g","caption":"thomas.berner"},"url":"https:\/\/www.organisator.ch\/fr\/author\/thomas-berner\/"}]}},"_links":{"self":[{"href":"https:\/\/www.organisator.ch\/fr\/wp-json\/wp\/v2\/posts\/8399","targetHints":{"allow":["GET"]}}],"collection":[{"href":"https:\/\/www.organisator.ch\/fr\/wp-json\/wp\/v2\/posts"}],"about":[{"href":"https:\/\/www.organisator.ch\/fr\/wp-json\/wp\/v2\/types\/post"}],"author":[{"embeddable":true,"href":"https:\/\/www.organisator.ch\/fr\/wp-json\/wp\/v2\/users\/4"}],"replies":[{"embeddable":true,"href":"https:\/\/www.organisator.ch\/fr\/wp-json\/wp\/v2\/comments?post=8399"}],"version-history":[{"count":0,"href":"https:\/\/www.organisator.ch\/fr\/wp-json\/wp\/v2\/posts\/8399\/revisions"}],"wp:featuredmedia":[{"embeddable":true,"href":"https:\/\/www.organisator.ch\/fr\/wp-json\/wp\/v2\/media\/8401"}],"wp:attachment":[{"href":"https:\/\/www.organisator.ch\/fr\/wp-json\/wp\/v2\/media?parent=8399"}],"wp:term":[{"taxonomy":"category","embeddable":true,"href":"https:\/\/www.organisator.ch\/fr\/wp-json\/wp\/v2\/categories?post=8399"},{"taxonomy":"post_tag","embeddable":true,"href":"https:\/\/www.organisator.ch\/fr\/wp-json\/wp\/v2\/tags?post=8399"}],"curies":[{"name":"wp","href":"https:\/\/api.w.org\/{rel}","templated":true}]}}