{"id":8404,"date":"2021-08-19T08:06:57","date_gmt":"2021-08-19T06:06:57","guid":{"rendered":"https:\/\/www.organisator.ch\/?p=8404"},"modified":"2021-08-19T08:06:57","modified_gmt":"2021-08-19T06:06:57","slug":"angewandte-forschung-der-hes-so-unterstuetzt-lokale-kmu","status":"publish","type":"post","link":"https:\/\/www.organisator.ch\/fr\/weiterbildung\/2021-08-19\/angewandte-forschung-der-hes-so-unterstuetzt-lokale-kmu\/","title":{"rendered":"La recherche appliqu\u00e9e de la HES-SO soutient les PME locales"},"content":{"rendered":"<figure id=\"attachment_8405\" aria-describedby=\"caption-attachment-8405\" style=\"width: 680px\" class=\"wp-caption alignnone\"><a href=\"https:\/\/www.organisator.ch\/wp-content\/uploads\/2021\/08\/Angewandte-Forschung-der-HES-SO-unterstuetzt-lokale-KMU_Organisator.jpg\"><img loading=\"lazy\" decoding=\"async\" class=\"size-medium wp-image-8405\" src=\"https:\/\/www.organisator.ch\/wp-content\/uploads\/2021\/08\/Angewandte-Forschung-der-HES-SO-unterstuetzt-lokale-KMU_Organisator.jpg\" alt=\"\" width=\"680\" height=\"447\" srcset=\"https:\/\/www.organisator.ch\/wp-content\/uploads\/2021\/08\/Angewandte-Forschung-der-HES-SO-unterstuetzt-lokale-KMU_Organisator.jpg 680w, https:\/\/www.organisator.ch\/wp-content\/uploads\/2021\/08\/Angewandte-Forschung-der-HES-SO-unterstuetzt-lokale-KMU_Organisator-18x12.jpg 18w, https:\/\/www.organisator.ch\/wp-content\/uploads\/2021\/08\/Angewandte-Forschung-der-HES-SO-unterstuetzt-lokale-KMU_Organisator-266x175.jpg 266w, https:\/\/www.organisator.ch\/wp-content\/uploads\/2021\/08\/Angewandte-Forschung-der-HES-SO-unterstuetzt-lokale-KMU_Organisator-532x350.jpg 532w, https:\/\/www.organisator.ch\/wp-content\/uploads\/2021\/08\/Angewandte-Forschung-der-HES-SO-unterstuetzt-lokale-KMU_Organisator-300x197.jpg 300w\" sizes=\"auto, (max-width: 680px) 100vw, 680px\" \/><\/a><figcaption id=\"caption-attachment-8405\" class=\"wp-caption-text\">Recherche appliqu\u00e9e en faveur des PME : la Haute \u00e9cole sp\u00e9cialis\u00e9e de Suisse occidentale HES-SO a lanc\u00e9 un appel \u00e0 projets extraordinaire. (Image : Pixabay.com)<\/figcaption><\/figure>\n<p>De nombreuses PME suisses ont \u00e9t\u00e9 touch\u00e9es de mani\u00e8re tr\u00e8s diff\u00e9rente par la pand\u00e9mie : Des secteurs entiers de l'\u00e9conomie ont \u00e9t\u00e9 paralys\u00e9s, les march\u00e9s mondiaux ont \u00e9t\u00e9 ralentis, les fournisseurs ont pris du retard ou le personnel a \u00e9t\u00e9 absent. Mais malgr\u00e9 ces difficult\u00e9s, il est crucial pour elles de rester comp\u00e9titives et de continuer \u00e0 proposer des produits innovants. La recherche appliqu\u00e9e de la Haute \u00e9cole sp\u00e9cialis\u00e9e de Suisse occidentale HES-SO veut d\u00e9sormais soutenir les PME avec des projets concrets.<\/p>\n<h2>Recherche appliqu\u00e9e au profit des PME<\/h2>\n<p>Les projets ont \u00e9t\u00e9 s\u00e9lectionn\u00e9s parmi 100 soumissions et proviennent de toutes les hautes \u00e9coles du domaine Ing\u00e9nierie et Architecture de la HES-SO : HE-Arc Ing\u00e9nierie, Ecole d'ing\u00e9nieurs et d'architectes de Fribourg - HEIA-FR, Haute \u00e9cole du paysage, d'ing\u00e9nierie et d'architecture de Gen\u00e8ve - HEPIA, Haute \u00e9cole des sciences de l'ing\u00e9nieur de la HES-SO Valais-Wallis - HEI, Haute Ecole d'Ing\u00e9nierie et de Gestion du Canton de Vaud - HEIG-VD et Haute \u00e9cole sp\u00e9cialis\u00e9e en viticulture et \u0153nologie de Changins.<\/p>\n<p>Les nombreuses r\u00e9actions \u00e0 cet appel \u00e0 projets montrent que les chercheurs des hautes \u00e9coles de la HES-SO entretiennent des liens \u00e9troits avec les PME et disposent de comp\u00e9tences leur permettant de soutenir ces entreprises dans leur processus d'innovation, quelles que soient les circonstances \u00e9conomiques. Les 33 projets de recherche issus de cet appel \u00e0 projets extraordinaire sont des projets \u00e0 court terme qui devraient se terminer d'ici fin 2021. Certains permettent de tester de nouvelles technologies, tandis que d'autres se concentrent sur le d\u00e9veloppement d'innovations directement utilisables par les entreprises.<\/p>\n<h2>Un large \u00e9ventail de projets<\/h2>\n<p>L'un de ces 33 projets est une collaboration entre une \u00e9quipe d'ing\u00e9nieurs de la HEIA-FR et la startup fribourgeoise Softcar. Cette entreprise veut lancer dans les prochains mois une voiture urbaine \u00e9lectrique et d\u00e9veloppe pour cela, en partenariat avec la HEIA-FR, un prolongateur d'autonomie fonctionnant au gaz. Cela permettrait \u00e0 la voiture urbaine d'atteindre une autonomie de 400 km, contre 170 km aujourd'hui.<\/p>\n<p>Une \u00e9quipe de la HE-Arc Ing\u00e9nierie d\u00e9veloppe \u00e0 nouveau pour l'industrie horlog\u00e8re un proc\u00e9d\u00e9 in\u00e9dit d'\u00e9lectropolissage du b\u00eata-titane : un mat\u00e9riau qui pr\u00e9sente d'excellentes propri\u00e9t\u00e9s de d\u00e9formation \u00e0 froid et qui int\u00e9resse donc fortement l'industrie. Pour ce faire, l'\u00e9quipe collabore avec PX Group - une PME de La Chaux-de-Fonds sp\u00e9cialis\u00e9e dans les m\u00e9taux \u00e0 haute valeur ajout\u00e9e.<\/p>\n<p>A Yverdon-les-Bains, des ing\u00e9nieurs travaillent main dans la main avec l'entreprise Livetools Technology, qui fournit des techniques de retransmission haut de gamme pour les grands \u00e9v\u00e9nements sportifs et culturels. Toutes ces manifestations ayant \u00e9t\u00e9 annul\u00e9es dans le cadre de la lutte contre la pand\u00e9mie, la PME souhaitait \u00e9largir sa gamme de produits et s'assurer ainsi une bonne position pour le moment o\u00f9 le march\u00e9 red\u00e9marrerait. Pour ce faire, l'entreprise s'est adress\u00e9e aux ing\u00e9nieurs de la HEIG-VD : Ils aident la PME \u00e0 int\u00e9grer de nouveaux algorithmes afin d'obtenir \u00e0 l'avenir une qualit\u00e9 d'image irr\u00e9prochable lors de grands \u00e9v\u00e9nements, ind\u00e9pendamment des contraintes telles que les conditions m\u00e9t\u00e9orologiques ou les interf\u00e9rences avec d'autres syst\u00e8mes de transmission.<\/p>\n<p><em>Source : <a href=\"https:\/\/www.hes-so.ch\/domaines-et-hautes-ecoles\/ingenierie-et-architecture\/projets-de-recherche-apres-covid\">HES-SO<\/a><\/em><\/p>","protected":false},"excerpt":{"rendered":"<p>Zahlreiche Schweizer KMU sind auf ganz unterschiedliche Weise von der Pandemie betroffen: Ganze Wirtschaftszweige wurden lahmgelegt, die globalen M\u00e4rkte haben sich verlangsamt, Lieferanten sind in Verzug gekommen oder das Personal ist ausgefallen. Trotz dieser Schwierigkeiten ist es f\u00fcr sie aber entscheidend, wettbewerbsf\u00e4hig zu bleiben und weiterhin innovative Produkte anbieten zu k\u00f6nnen. Die angewandte Forschung der [&hellip;]<\/p>\n","protected":false},"author":4,"featured_media":8405,"comment_status":"closed","ping_status":"closed","sticky":false,"template":"","format":"standard","meta":{"_acf_changed":false,"_yoast_wpseo_focuskw":"angewandte Forschung","_yoast_wpseo_metadesc":"Die Westschweizer Fachhochschule HES-SO hat eine ausserordentliche Projektausschreibung lanciert. Angewandte Forschung soll KMU unterst\u00fctzen.","articlekey":"","footnotes":""},"categories":[30],"tags":[62,492,533],"class_list":["post-8404","post","type-post","status-publish","format-standard","has-post-thumbnail","hentry","category-weiterbildung","tag-aus-weiterbildung","tag-unternehmen","tag-wissenschaft"],"acf":[],"yoast_head":"<!-- This site is optimized with the Yoast SEO plugin v27.4 - https:\/\/yoast.com\/product\/yoast-seo-wordpress\/ -->\n<title>Angewandte Forschung der HES-SO unterst\u00fctzt lokale KMU - Organisator<\/title>\n<meta name=\"description\" content=\"Die Westschweizer Fachhochschule HES-SO hat eine ausserordentliche Projektausschreibung lanciert. Angewandte Forschung soll KMU unterst\u00fctzen.\" \/>\n<meta name=\"robots\" content=\"index, follow, max-snippet:-1, max-image-preview:large, max-video-preview:-1\" \/>\n<link rel=\"canonical\" href=\"https:\/\/www.organisator.ch\/fr\/formation-continue-2\/2021-08-19\/angewandte-forschung-der-hes-so-unterstuetzt-lokale-kmu\/\" \/>\n<meta property=\"og:locale\" content=\"fr_FR\" \/>\n<meta property=\"og:type\" content=\"article\" \/>\n<meta property=\"og:title\" content=\"Angewandte Forschung der HES-SO unterst\u00fctzt lokale KMU\" \/>\n<meta property=\"og:description\" content=\"Die Westschweizer Fachhochschule HES-SO hat eine ausserordentliche Projektausschreibung lanciert. Angewandte Forschung soll KMU unterst\u00fctzen.\" \/>\n<meta property=\"og:url\" content=\"https:\/\/www.organisator.ch\/fr\/formation-continue-2\/2021-08-19\/angewandte-forschung-der-hes-so-unterstuetzt-lokale-kmu\/\" \/>\n<meta property=\"og:site_name\" content=\"Organisator\" \/>\n<meta property=\"article:publisher\" content=\"https:\/\/www.facebook.com\/OrganisatorFachmagazin\" \/>\n<meta property=\"article:published_time\" content=\"2021-08-19T06:06:57+00:00\" \/>\n<meta property=\"og:image\" content=\"https:\/\/www.organisator.ch\/wp-content\/uploads\/2021\/08\/Angewandte-Forschung-der-HES-SO-unterstuetzt-lokale-KMU_Organisator.jpg\" \/>\n\t<meta property=\"og:image:width\" content=\"680\" \/>\n\t<meta property=\"og:image:height\" content=\"447\" \/>\n\t<meta property=\"og:image:type\" content=\"image\/jpeg\" \/>\n<meta name=\"author\" content=\"thomas.berner\" \/>\n<meta name=\"twitter:card\" content=\"summary_large_image\" \/>\n<meta name=\"twitter:title\" content=\"Angewandte #Forschung der #HES-SO unterst\u00fctzt lokale #KMU\" \/>\n<meta name=\"twitter:description\" content=\"Die Westschweizer #Fachhochschule #HES-SO hat eine ausserordentliche Projektausschreibung lanciert. Angewandte #Forschung soll KMU unterst\u00fctzen.\" \/>\n<meta name=\"twitter:image\" content=\"https:\/\/www.organisator.ch\/wp-content\/uploads\/2021\/08\/Angewandte-Forschung-der-HES-SO-unterstuetzt-lokale-KMU_Organisator.jpg\" \/>\n<script type=\"application\/ld+json\" class=\"yoast-schema-graph\">{\"@context\":\"https:\\\/\\\/schema.org\",\"@graph\":[{\"@type\":\"Article\",\"@id\":\"https:\\\/\\\/www.organisator.ch\\\/weiterbildung\\\/2021-08-19\\\/angewandte-forschung-der-hes-so-unterstuetzt-lokale-kmu\\\/#article\",\"isPartOf\":{\"@id\":\"https:\\\/\\\/www.organisator.ch\\\/weiterbildung\\\/2021-08-19\\\/angewandte-forschung-der-hes-so-unterstuetzt-lokale-kmu\\\/\"},\"author\":{\"name\":\"thomas.berner\",\"@id\":\"https:\\\/\\\/www.organisator.ch\\\/#\\\/schema\\\/person\\\/6f650f90b2842cd4c0cc334b4e36f67e\"},\"headline\":\"Angewandte Forschung der HES-SO unterst\u00fctzt lokale KMU\",\"datePublished\":\"2021-08-19T06:06:57+00:00\",\"mainEntityOfPage\":{\"@id\":\"https:\\\/\\\/www.organisator.ch\\\/weiterbildung\\\/2021-08-19\\\/angewandte-forschung-der-hes-so-unterstuetzt-lokale-kmu\\\/\"},\"wordCount\":505,\"publisher\":{\"@id\":\"https:\\\/\\\/www.organisator.ch\\\/#organization\"},\"image\":{\"@id\":\"https:\\\/\\\/www.organisator.ch\\\/weiterbildung\\\/2021-08-19\\\/angewandte-forschung-der-hes-so-unterstuetzt-lokale-kmu\\\/#primaryimage\"},\"thumbnailUrl\":\"https:\\\/\\\/www.organisator.ch\\\/wp-content\\\/uploads\\\/2021\\\/08\\\/Angewandte-Forschung-der-HES-SO-unterstuetzt-lokale-KMU_Organisator.jpg\",\"keywords\":[\"Aus-\\\/Weiterbildung\",\"Unternehmen\",\"Wissenschaft\"],\"articleSection\":[\"WEITERBILDUNG\"],\"inLanguage\":\"fr-FR\"},{\"@type\":\"WebPage\",\"@id\":\"https:\\\/\\\/www.organisator.ch\\\/weiterbildung\\\/2021-08-19\\\/angewandte-forschung-der-hes-so-unterstuetzt-lokale-kmu\\\/\",\"url\":\"https:\\\/\\\/www.organisator.ch\\\/weiterbildung\\\/2021-08-19\\\/angewandte-forschung-der-hes-so-unterstuetzt-lokale-kmu\\\/\",\"name\":\"Angewandte Forschung der HES-SO unterst\u00fctzt lokale KMU - Organisator\",\"isPartOf\":{\"@id\":\"https:\\\/\\\/www.organisator.ch\\\/#website\"},\"primaryImageOfPage\":{\"@id\":\"https:\\\/\\\/www.organisator.ch\\\/weiterbildung\\\/2021-08-19\\\/angewandte-forschung-der-hes-so-unterstuetzt-lokale-kmu\\\/#primaryimage\"},\"image\":{\"@id\":\"https:\\\/\\\/www.organisator.ch\\\/weiterbildung\\\/2021-08-19\\\/angewandte-forschung-der-hes-so-unterstuetzt-lokale-kmu\\\/#primaryimage\"},\"thumbnailUrl\":\"https:\\\/\\\/www.organisator.ch\\\/wp-content\\\/uploads\\\/2021\\\/08\\\/Angewandte-Forschung-der-HES-SO-unterstuetzt-lokale-KMU_Organisator.jpg\",\"datePublished\":\"2021-08-19T06:06:57+00:00\",\"description\":\"Die Westschweizer Fachhochschule HES-SO hat eine ausserordentliche Projektausschreibung lanciert. Angewandte Forschung soll KMU unterst\u00fctzen.\",\"breadcrumb\":{\"@id\":\"https:\\\/\\\/www.organisator.ch\\\/weiterbildung\\\/2021-08-19\\\/angewandte-forschung-der-hes-so-unterstuetzt-lokale-kmu\\\/#breadcrumb\"},\"inLanguage\":\"fr-FR\",\"potentialAction\":[{\"@type\":\"ReadAction\",\"target\":[\"https:\\\/\\\/www.organisator.ch\\\/weiterbildung\\\/2021-08-19\\\/angewandte-forschung-der-hes-so-unterstuetzt-lokale-kmu\\\/\"]}]},{\"@type\":\"ImageObject\",\"inLanguage\":\"fr-FR\",\"@id\":\"https:\\\/\\\/www.organisator.ch\\\/weiterbildung\\\/2021-08-19\\\/angewandte-forschung-der-hes-so-unterstuetzt-lokale-kmu\\\/#primaryimage\",\"url\":\"https:\\\/\\\/www.organisator.ch\\\/wp-content\\\/uploads\\\/2021\\\/08\\\/Angewandte-Forschung-der-HES-SO-unterstuetzt-lokale-KMU_Organisator.jpg\",\"contentUrl\":\"https:\\\/\\\/www.organisator.ch\\\/wp-content\\\/uploads\\\/2021\\\/08\\\/Angewandte-Forschung-der-HES-SO-unterstuetzt-lokale-KMU_Organisator.jpg\",\"width\":680,\"height\":447,\"caption\":\"Angewandte Forschung zu Gunsten von KMU: Die Westschweizer Fachhochschule HES-SO hat eine ausserordentliche Projektausschreibung lanciert. (Bild: Pixabay.com)\"},{\"@type\":\"BreadcrumbList\",\"@id\":\"https:\\\/\\\/www.organisator.ch\\\/weiterbildung\\\/2021-08-19\\\/angewandte-forschung-der-hes-so-unterstuetzt-lokale-kmu\\\/#breadcrumb\",\"itemListElement\":[{\"@type\":\"ListItem\",\"position\":1,\"name\":\"Home\",\"item\":\"https:\\\/\\\/www.organisator.ch\\\/\"},{\"@type\":\"ListItem\",\"position\":2,\"name\":\"Angewandte Forschung der HES-SO unterst\u00fctzt lokale KMU\"}]},{\"@type\":\"WebSite\",\"@id\":\"https:\\\/\\\/www.organisator.ch\\\/#website\",\"url\":\"https:\\\/\\\/www.organisator.ch\\\/\",\"name\":\"Organisator\",\"description\":\"Kompetent. Praxisnah. Der ORGANISATOR bereitet in 10 Ausgaben pro Jahr die wesentlichen Themen f\u00fcr F\u00fchrungskr\u00e4fte von KMU auf.\",\"publisher\":{\"@id\":\"https:\\\/\\\/www.organisator.ch\\\/#organization\"},\"potentialAction\":[{\"@type\":\"SearchAction\",\"target\":{\"@type\":\"EntryPoint\",\"urlTemplate\":\"https:\\\/\\\/www.organisator.ch\\\/?s={search_term_string}\"},\"query-input\":{\"@type\":\"PropertyValueSpecification\",\"valueRequired\":true,\"valueName\":\"search_term_string\"}}],\"inLanguage\":\"fr-FR\"},{\"@type\":\"Organization\",\"@id\":\"https:\\\/\\\/www.organisator.ch\\\/#organization\",\"name\":\"Organisator\",\"url\":\"https:\\\/\\\/www.organisator.ch\\\/\",\"logo\":{\"@type\":\"ImageObject\",\"inLanguage\":\"fr-FR\",\"@id\":\"https:\\\/\\\/www.organisator.ch\\\/#\\\/schema\\\/logo\\\/image\\\/\",\"url\":\"https:\\\/\\\/www.organisator.ch\\\/wp-content\\\/uploads\\\/2022\\\/01\\\/Logo_Organisator_Website.png\",\"contentUrl\":\"https:\\\/\\\/www.organisator.ch\\\/wp-content\\\/uploads\\\/2022\\\/01\\\/Logo_Organisator_Website.png\",\"width\":800,\"height\":77,\"caption\":\"Organisator\"},\"image\":{\"@id\":\"https:\\\/\\\/www.organisator.ch\\\/#\\\/schema\\\/logo\\\/image\\\/\"},\"sameAs\":[\"https:\\\/\\\/www.facebook.com\\\/OrganisatorFachmagazin\",\"https:\\\/\\\/www.linkedin.com\\\/showcase\\\/organisator-das-magazin-fr-kmu\",\"https:\\\/\\\/www.xing.com\\\/news\\\/pages\\\/organisator-ch-695\",\"https:\\\/\\\/www.youtube.com\\\/channel\\\/UCGP2Sq0iWaZwT3BdIAQFYpw\"]},{\"@type\":\"Person\",\"@id\":\"https:\\\/\\\/www.organisator.ch\\\/#\\\/schema\\\/person\\\/6f650f90b2842cd4c0cc334b4e36f67e\",\"name\":\"thomas.berner\",\"image\":{\"@type\":\"ImageObject\",\"inLanguage\":\"fr-FR\",\"@id\":\"https:\\\/\\\/secure.gravatar.com\\\/avatar\\\/ac5001d2a36cb6c6cd3e50789007ffca834b477b74a2144564522e944eabff61?s=96&d=mm&r=g\",\"url\":\"https:\\\/\\\/secure.gravatar.com\\\/avatar\\\/ac5001d2a36cb6c6cd3e50789007ffca834b477b74a2144564522e944eabff61?s=96&d=mm&r=g\",\"contentUrl\":\"https:\\\/\\\/secure.gravatar.com\\\/avatar\\\/ac5001d2a36cb6c6cd3e50789007ffca834b477b74a2144564522e944eabff61?s=96&d=mm&r=g\",\"caption\":\"thomas.berner\"},\"url\":\"https:\\\/\\\/www.organisator.ch\\\/fr\\\/author\\\/thomas-berner\\\/\"}]}<\/script>\n<!-- \/ Yoast SEO plugin. -->","yoast_head_json":{"title":"La recherche appliqu\u00e9e de la HES-SO soutient les PME locales - Organisateur","description":"La Haute \u00e9cole sp\u00e9cialis\u00e9e de Suisse occidentale HES-SO a lanc\u00e9 un appel \u00e0 projets extraordinaire. La recherche appliqu\u00e9e doit soutenir les PME.","robots":{"index":"index","follow":"follow","max-snippet":"max-snippet:-1","max-image-preview":"max-image-preview:large","max-video-preview":"max-video-preview:-1"},"canonical":"https:\/\/www.organisator.ch\/fr\/formation-continue-2\/2021-08-19\/angewandte-forschung-der-hes-so-unterstuetzt-lokale-kmu\/","og_locale":"fr_FR","og_type":"article","og_title":"Angewandte Forschung der HES-SO unterst\u00fctzt lokale KMU","og_description":"Die Westschweizer Fachhochschule HES-SO hat eine ausserordentliche Projektausschreibung lanciert. Angewandte Forschung soll KMU unterst\u00fctzen.","og_url":"https:\/\/www.organisator.ch\/fr\/formation-continue-2\/2021-08-19\/angewandte-forschung-der-hes-so-unterstuetzt-lokale-kmu\/","og_site_name":"Organisator","article_publisher":"https:\/\/www.facebook.com\/OrganisatorFachmagazin","article_published_time":"2021-08-19T06:06:57+00:00","og_image":[{"width":680,"height":447,"url":"https:\/\/www.organisator.ch\/wp-content\/uploads\/2021\/08\/Angewandte-Forschung-der-HES-SO-unterstuetzt-lokale-KMU_Organisator.jpg","type":"image\/jpeg"}],"author":"thomas.berner","twitter_card":"summary_large_image","twitter_title":"Angewandte #Forschung der #HES-SO unterst\u00fctzt lokale #KMU","twitter_description":"Die Westschweizer #Fachhochschule #HES-SO hat eine ausserordentliche Projektausschreibung lanciert. Angewandte #Forschung soll KMU unterst\u00fctzen.","twitter_image":"https:\/\/www.organisator.ch\/wp-content\/uploads\/2021\/08\/Angewandte-Forschung-der-HES-SO-unterstuetzt-lokale-KMU_Organisator.jpg","schema":{"@context":"https:\/\/schema.org","@graph":[{"@type":"Article","@id":"https:\/\/www.organisator.ch\/weiterbildung\/2021-08-19\/angewandte-forschung-der-hes-so-unterstuetzt-lokale-kmu\/#article","isPartOf":{"@id":"https:\/\/www.organisator.ch\/weiterbildung\/2021-08-19\/angewandte-forschung-der-hes-so-unterstuetzt-lokale-kmu\/"},"author":{"name":"thomas.berner","@id":"https:\/\/www.organisator.ch\/#\/schema\/person\/6f650f90b2842cd4c0cc334b4e36f67e"},"headline":"Angewandte Forschung der HES-SO unterst\u00fctzt lokale KMU","datePublished":"2021-08-19T06:06:57+00:00","mainEntityOfPage":{"@id":"https:\/\/www.organisator.ch\/weiterbildung\/2021-08-19\/angewandte-forschung-der-hes-so-unterstuetzt-lokale-kmu\/"},"wordCount":505,"publisher":{"@id":"https:\/\/www.organisator.ch\/#organization"},"image":{"@id":"https:\/\/www.organisator.ch\/weiterbildung\/2021-08-19\/angewandte-forschung-der-hes-so-unterstuetzt-lokale-kmu\/#primaryimage"},"thumbnailUrl":"https:\/\/www.organisator.ch\/wp-content\/uploads\/2021\/08\/Angewandte-Forschung-der-HES-SO-unterstuetzt-lokale-KMU_Organisator.jpg","keywords":["Aus-\/Weiterbildung","Unternehmen","Wissenschaft"],"articleSection":["WEITERBILDUNG"],"inLanguage":"fr-FR"},{"@type":"WebPage","@id":"https:\/\/www.organisator.ch\/weiterbildung\/2021-08-19\/angewandte-forschung-der-hes-so-unterstuetzt-lokale-kmu\/","url":"https:\/\/www.organisator.ch\/weiterbildung\/2021-08-19\/angewandte-forschung-der-hes-so-unterstuetzt-lokale-kmu\/","name":"La recherche appliqu\u00e9e de la HES-SO soutient les PME locales - Organisateur","isPartOf":{"@id":"https:\/\/www.organisator.ch\/#website"},"primaryImageOfPage":{"@id":"https:\/\/www.organisator.ch\/weiterbildung\/2021-08-19\/angewandte-forschung-der-hes-so-unterstuetzt-lokale-kmu\/#primaryimage"},"image":{"@id":"https:\/\/www.organisator.ch\/weiterbildung\/2021-08-19\/angewandte-forschung-der-hes-so-unterstuetzt-lokale-kmu\/#primaryimage"},"thumbnailUrl":"https:\/\/www.organisator.ch\/wp-content\/uploads\/2021\/08\/Angewandte-Forschung-der-HES-SO-unterstuetzt-lokale-KMU_Organisator.jpg","datePublished":"2021-08-19T06:06:57+00:00","description":"La Haute \u00e9cole sp\u00e9cialis\u00e9e de Suisse occidentale HES-SO a lanc\u00e9 un appel \u00e0 projets extraordinaire. La recherche appliqu\u00e9e doit soutenir les PME.","breadcrumb":{"@id":"https:\/\/www.organisator.ch\/weiterbildung\/2021-08-19\/angewandte-forschung-der-hes-so-unterstuetzt-lokale-kmu\/#breadcrumb"},"inLanguage":"fr-FR","potentialAction":[{"@type":"ReadAction","target":["https:\/\/www.organisator.ch\/weiterbildung\/2021-08-19\/angewandte-forschung-der-hes-so-unterstuetzt-lokale-kmu\/"]}]},{"@type":"ImageObject","inLanguage":"fr-FR","@id":"https:\/\/www.organisator.ch\/weiterbildung\/2021-08-19\/angewandte-forschung-der-hes-so-unterstuetzt-lokale-kmu\/#primaryimage","url":"https:\/\/www.organisator.ch\/wp-content\/uploads\/2021\/08\/Angewandte-Forschung-der-HES-SO-unterstuetzt-lokale-KMU_Organisator.jpg","contentUrl":"https:\/\/www.organisator.ch\/wp-content\/uploads\/2021\/08\/Angewandte-Forschung-der-HES-SO-unterstuetzt-lokale-KMU_Organisator.jpg","width":680,"height":447,"caption":"Angewandte Forschung zu Gunsten von KMU: Die Westschweizer Fachhochschule HES-SO hat eine ausserordentliche Projektausschreibung lanciert. (Bild: Pixabay.com)"},{"@type":"BreadcrumbList","@id":"https:\/\/www.organisator.ch\/weiterbildung\/2021-08-19\/angewandte-forschung-der-hes-so-unterstuetzt-lokale-kmu\/#breadcrumb","itemListElement":[{"@type":"ListItem","position":1,"name":"Home","item":"https:\/\/www.organisator.ch\/"},{"@type":"ListItem","position":2,"name":"Angewandte Forschung der HES-SO unterst\u00fctzt lokale KMU"}]},{"@type":"WebSite","@id":"https:\/\/www.organisator.ch\/#website","url":"https:\/\/www.organisator.ch\/","name":"Organisateur","description":"Comp\u00e9tence et comp\u00e9tence. Proches de la pratique. L'ORGANISATEUR pr\u00e9pare 10 num\u00e9ros par an sur les th\u00e8mes essentiels pour les dirigeants de PME.","publisher":{"@id":"https:\/\/www.organisator.ch\/#organization"},"potentialAction":[{"@type":"SearchAction","target":{"@type":"EntryPoint","urlTemplate":"https:\/\/www.organisator.ch\/?s={search_term_string}"},"query-input":{"@type":"PropertyValueSpecification","valueRequired":true,"valueName":"search_term_string"}}],"inLanguage":"fr-FR"},{"@type":"Organization","@id":"https:\/\/www.organisator.ch\/#organization","name":"Organisateur","url":"https:\/\/www.organisator.ch\/","logo":{"@type":"ImageObject","inLanguage":"fr-FR","@id":"https:\/\/www.organisator.ch\/#\/schema\/logo\/image\/","url":"https:\/\/www.organisator.ch\/wp-content\/uploads\/2022\/01\/Logo_Organisator_Website.png","contentUrl":"https:\/\/www.organisator.ch\/wp-content\/uploads\/2022\/01\/Logo_Organisator_Website.png","width":800,"height":77,"caption":"Organisator"},"image":{"@id":"https:\/\/www.organisator.ch\/#\/schema\/logo\/image\/"},"sameAs":["https:\/\/www.facebook.com\/OrganisatorFachmagazin","https:\/\/www.linkedin.com\/showcase\/organisator-das-magazin-fr-kmu","https:\/\/www.xing.com\/news\/pages\/organisator-ch-695","https:\/\/www.youtube.com\/channel\/UCGP2Sq0iWaZwT3BdIAQFYpw"]},{"@type":"Person","@id":"https:\/\/www.organisator.ch\/#\/schema\/person\/6f650f90b2842cd4c0cc334b4e36f67e","name":"thomas.berner","image":{"@type":"ImageObject","inLanguage":"fr-FR","@id":"https:\/\/secure.gravatar.com\/avatar\/ac5001d2a36cb6c6cd3e50789007ffca834b477b74a2144564522e944eabff61?s=96&d=mm&r=g","url":"https:\/\/secure.gravatar.com\/avatar\/ac5001d2a36cb6c6cd3e50789007ffca834b477b74a2144564522e944eabff61?s=96&d=mm&r=g","contentUrl":"https:\/\/secure.gravatar.com\/avatar\/ac5001d2a36cb6c6cd3e50789007ffca834b477b74a2144564522e944eabff61?s=96&d=mm&r=g","caption":"thomas.berner"},"url":"https:\/\/www.organisator.ch\/fr\/author\/thomas-berner\/"}]}},"_links":{"self":[{"href":"https:\/\/www.organisator.ch\/fr\/wp-json\/wp\/v2\/posts\/8404","targetHints":{"allow":["GET"]}}],"collection":[{"href":"https:\/\/www.organisator.ch\/fr\/wp-json\/wp\/v2\/posts"}],"about":[{"href":"https:\/\/www.organisator.ch\/fr\/wp-json\/wp\/v2\/types\/post"}],"author":[{"embeddable":true,"href":"https:\/\/www.organisator.ch\/fr\/wp-json\/wp\/v2\/users\/4"}],"replies":[{"embeddable":true,"href":"https:\/\/www.organisator.ch\/fr\/wp-json\/wp\/v2\/comments?post=8404"}],"version-history":[{"count":0,"href":"https:\/\/www.organisator.ch\/fr\/wp-json\/wp\/v2\/posts\/8404\/revisions"}],"wp:featuredmedia":[{"embeddable":true,"href":"https:\/\/www.organisator.ch\/fr\/wp-json\/wp\/v2\/media\/8405"}],"wp:attachment":[{"href":"https:\/\/www.organisator.ch\/fr\/wp-json\/wp\/v2\/media?parent=8404"}],"wp:term":[{"taxonomy":"category","embeddable":true,"href":"https:\/\/www.organisator.ch\/fr\/wp-json\/wp\/v2\/categories?post=8404"},{"taxonomy":"post_tag","embeddable":true,"href":"https:\/\/www.organisator.ch\/fr\/wp-json\/wp\/v2\/tags?post=8404"}],"curies":[{"name":"wp","href":"https:\/\/api.w.org\/{rel}","templated":true}]}}