{"id":8412,"date":"2021-08-23T08:24:17","date_gmt":"2021-08-23T06:24:17","guid":{"rendered":"https:\/\/www.organisator.ch\/?p=8412"},"modified":"2021-08-23T08:24:17","modified_gmt":"2021-08-23T06:24:17","slug":"strategische-transformation-kmu-lassen-viele-potenziale-ungenutzt","status":"publish","type":"post","link":"https:\/\/www.organisator.ch\/fr\/management\/2021-08-23\/strategische-transformation-kmu-lassen-viele-potenziale-ungenutzt\/","title":{"rendered":"Transformation strat\u00e9gique : les PME laissent de nombreux potentiels inexploit\u00e9s"},"content":{"rendered":"<figure id=\"attachment_8413\" aria-describedby=\"caption-attachment-8413\" style=\"width: 680px\" class=\"wp-caption alignnone\"><a href=\"https:\/\/www.organisator.ch\/wp-content\/uploads\/2021\/08\/Strategische-Transformation-KMU-lassen-viele-Potenziale-ungenutzt_Organisator.jpg\"><img loading=\"lazy\" decoding=\"async\" class=\"size-medium wp-image-8413\" src=\"https:\/\/www.organisator.ch\/wp-content\/uploads\/2021\/08\/Strategische-Transformation-KMU-lassen-viele-Potenziale-ungenutzt_Organisator.jpg\" alt=\"\" width=\"680\" height=\"302\" srcset=\"https:\/\/www.organisator.ch\/wp-content\/uploads\/2021\/08\/Strategische-Transformation-KMU-lassen-viele-Potenziale-ungenutzt_Organisator.jpg 680w, https:\/\/www.organisator.ch\/wp-content\/uploads\/2021\/08\/Strategische-Transformation-KMU-lassen-viele-Potenziale-ungenutzt_Organisator-18x8.jpg 18w, https:\/\/www.organisator.ch\/wp-content\/uploads\/2021\/08\/Strategische-Transformation-KMU-lassen-viele-Potenziale-ungenutzt_Organisator-375x167.jpg 375w, https:\/\/www.organisator.ch\/wp-content\/uploads\/2021\/08\/Strategische-Transformation-KMU-lassen-viele-Potenziale-ungenutzt_Organisator-300x133.jpg 300w\" sizes=\"auto, (max-width: 680px) 100vw, 680px\" \/><\/a><figcaption id=\"caption-attachment-8413\" class=\"wp-caption-text\">Strat\u00e9gies des PME \u00e0 l'\u00e8re num\u00e9rique : une \u00e9tude r\u00e9v\u00e8le de nombreux potentiels inexploit\u00e9s pour la transformation strat\u00e9gique. (Image : Pixabay.com)<\/figcaption><\/figure>\n<p>L'\u00e9tude \"D\u00e9veloppement de strat\u00e9gies \u00e0 l'\u00e8re du num\u00e9rique\" - la troisi\u00e8me \u00e9tude suisse publi\u00e9e par la FHNW sur la transformation num\u00e9rique - montre, avec plus de 1'800 participants, que seule la moiti\u00e9 des PME (mais davantage de grandes entreprises) disposent d'une strat\u00e9gie num\u00e9rique. Ainsi, de nombreuses PME ne disposent pas d'une strat\u00e9gie formul\u00e9e qui fixe l'orientation num\u00e9rique pour les prochaines ann\u00e9es. Selon le responsable de l'\u00e9tude, le professeur Marc K. Peter, cette valeur est trop faible, en particulier dans un environnement mondial tr\u00e8s concurrentiel et domin\u00e9 par les nouvelles technologies.<\/p>\n<h2>La n\u00e9cessit\u00e9 d'une transformation strat\u00e9gique<\/h2>\n<p>L'\u00e9tude montre en outre que seule la moiti\u00e9 des PME suisses effectue au moins une fois par an une analyse de march\u00e9, et qu'un quart d'entre elles ne le font m\u00eame jamais. Plus de la moiti\u00e9 des PME partent du principe que la strat\u00e9gie d'entreprise devra \u00eatre adapt\u00e9e au cours des deux \u00e0 trois prochaines ann\u00e9es en raison de la transformation num\u00e9rique en cours. Un tiers des PME partent du principe que les strat\u00e9gies num\u00e9riques de la concurrence menacent leurs propres affaires. L\u00e0 encore, il s'agit d'une proportion \u00e9lev\u00e9e d'entreprises qui se sentent menac\u00e9es ; et d'une proportion trop faible d'entreprises qui disposent d'une strat\u00e9gie num\u00e9rique.<\/p>\n<p>Selon les auteurs, les r\u00e9sultats de cette \u00e9tude d\u00e9montrent la n\u00e9cessit\u00e9 de discussions, d'id\u00e9es et de plans strat\u00e9giques dans les entreprises suisses. Le fait que pr\u00e8s de la moiti\u00e9 des PME suisses aient d\u00e9j\u00e0 modifi\u00e9, du moins en partie, leur positionnement sur le march\u00e9 ou en mati\u00e8re de marketing au cours des deux derni\u00e8res ann\u00e9es en t\u00e9moigne.<\/p>\n<h2>Principales conclusions sur le travail strat\u00e9gique dans les PME suisses<\/h2>\n<ul>\n<li>24% des PME ne r\u00e9alisent jamais d'analyse de march\u00e9, 24% tous les 2-3 ans ou moins et 52% au moins une fois par an.<\/li>\n<li>50% des PME disposent d'une strat\u00e9gie num\u00e9rique (7% s\u00e9par\u00e9ment, 43% en tant que partie int\u00e9grante des strat\u00e9gies d'entreprise ou des strat\u00e9gies informatiques).<\/li>\n<li>56% des PME doivent continuer \u00e0 adapter leurs strat\u00e9gies d'entreprise en raison de la transformation num\u00e9rique.<\/li>\n<li>Pour 45% des PME, la crise Corona a eu un impact sur la strat\u00e9gie de l'entreprise.<\/li>\n<li>34% des PME se sentent menac\u00e9es par les strat\u00e9gies num\u00e9riques de la concurrence.<\/li>\n<li>44% ont d\u00fb adapter partiellement ou totalement leur positionnement de march\u00e9\/marketing.<\/li>\n<li>44% des PME ne sont pas satisfaites de leurs progr\u00e8s en mati\u00e8re de num\u00e9risation.<\/li>\n<\/ul>\n<h2>Guide pratique pour la transformation strat\u00e9gique<\/h2>\n<p>Sur la base des r\u00e9sultats, l'\u00e9quipe de projet a \u00e9labor\u00e9 un <a href=\"http:\/\/www.strategische-transformation.ch\">disponible gratuitement<\/a> Guide pratique avec un processus strat\u00e9gique et un contr\u00f4le de la strat\u00e9gie (r\u00e9alisable sur <a href=\"http:\/\/www.digital-strategy-check.ch\">www.digital-strategy-check.ch<\/a>) pour l'\u00e8re num\u00e9rique. Il s'appuie sur la m\u00e9thode ACT (Analyser, Cr\u00e9er, Transformer), que le Strategylab a compl\u00e9t\u00e9e par de nombreuses \u00e9tudes de cas, des listes de contr\u00f4le, un workshop canvas et des mod\u00e8les pour le travail strat\u00e9gique en entreprise.<\/p>\n<p>Le projet de recherche a \u00e9t\u00e9 soutenu par diff\u00e9rents partenaires (Banque WIR, La Mobili\u00e8re, AECS Swisscard, Lenovo, Rahn+Bodmer, Swiss Export, KMU Next, digitalswitzerland et Gewerbezeitung) ainsi que par des auteurs.<\/p>\n<p><em><a href=\"http:\/\/www.strategische-transformation.ch\">Plus d'informations<\/a><\/em><\/p>","protected":false},"excerpt":{"rendered":"<p>Die Studie \u00abStrategieentwicklung im digitalen Zeitalter\u00bb \u2013 als bereits dritte von der FHNW publizierte Schweizer Studie zur digitalen Transformation \u2013 zeigt mit \u00fcber 1&#8217;800 Teilnehmenden, dass nur die H\u00e4lfte der KMU (daf\u00fcr mehr Grossunternehmen) \u00fcber eine digitale Strategie verf\u00fcgen. So fehlen in vielen KMU eine formulierte Strategie, welche die digitale Stossrichtung f\u00fcr die n\u00e4chsten Jahre [&hellip;]<\/p>\n","protected":false},"author":4,"featured_media":8413,"comment_status":"closed","ping_status":"closed","sticky":false,"template":"","format":"standard","meta":{"_acf_changed":false,"_yoast_wpseo_focuskw":"strategische Transformation","_yoast_wpseo_metadesc":"Die neue Studie \u00abStrategieentwicklung im digitalen Zeitalter\u00bb zeigt, dass viele KMU Potenziale f\u00fcr die strategische Transformation zu wenig nutzen.","articlekey":"","footnotes":""},"categories":[28],"tags":[156,335,458,459],"class_list":["post-8412","post","type-post","status-publish","format-standard","has-post-thumbnail","hentry","category-management","tag-digitalisierung","tag-management-und-unternehmensfuehrung","tag-strategie","tag-studie"],"acf":[],"yoast_head":"<!-- This site is optimized with the Yoast SEO plugin v27.5 - https:\/\/yoast.com\/product\/yoast-seo-wordpress\/ -->\n<title>Strategische Transformation: KMU lassen viele Potenziale ungenutzt - Organisator<\/title>\n<meta name=\"description\" content=\"Die neue Studie \u00abStrategieentwicklung im digitalen Zeitalter\u00bb zeigt, dass viele KMU Potenziale f\u00fcr die strategische Transformation zu wenig nutzen.\" \/>\n<meta name=\"robots\" content=\"index, follow, max-snippet:-1, max-image-preview:large, max-video-preview:-1\" \/>\n<link rel=\"canonical\" href=\"https:\/\/www.organisator.ch\/fr\/gestion-2\/2021-08-23\/strategische-transformation-kmu-lassen-viele-potenziale-ungenutzt\/\" \/>\n<meta property=\"og:locale\" content=\"fr_FR\" \/>\n<meta property=\"og:type\" content=\"article\" \/>\n<meta property=\"og:title\" content=\"Strategische Transformation: KMU lassen viele Potenziale ungenutzt\" \/>\n<meta property=\"og:description\" content=\"Die neue Studie \u00abStrategieentwicklung im digitalen Zeitalter\u00bb zeigt, dass viele KMU Potenziale f\u00fcr die strategische Transformation zu wenig nutzen.\" \/>\n<meta property=\"og:url\" content=\"https:\/\/www.organisator.ch\/fr\/gestion-2\/2021-08-23\/strategische-transformation-kmu-lassen-viele-potenziale-ungenutzt\/\" \/>\n<meta property=\"og:site_name\" content=\"Organisator\" \/>\n<meta property=\"article:publisher\" content=\"https:\/\/www.facebook.com\/OrganisatorFachmagazin\" \/>\n<meta property=\"article:published_time\" content=\"2021-08-23T06:24:17+00:00\" \/>\n<meta property=\"og:image\" content=\"https:\/\/www.organisator.ch\/wp-content\/uploads\/2021\/08\/Strategische-Transformation-KMU-lassen-viele-Potenziale-ungenutzt_Organisator.jpg\" \/>\n\t<meta property=\"og:image:width\" content=\"680\" \/>\n\t<meta property=\"og:image:height\" content=\"302\" \/>\n\t<meta property=\"og:image:type\" content=\"image\/jpeg\" \/>\n<meta name=\"author\" content=\"thomas.berner\" \/>\n<meta name=\"twitter:card\" content=\"summary_large_image\" \/>\n<meta name=\"twitter:title\" content=\"Strategische #Transformation: KMU lassen viele #Potenziale ungenutzt\" \/>\n<meta name=\"twitter:description\" content=\"Die neue Studie \u00ab#Strategieentwicklung im digitalen Zeitalter\u00bb zeigt, dass viele KMU #Potenziale f\u00fcr die strategische #Transformation zu wenig nutzen.\" \/>\n<meta name=\"twitter:image\" content=\"https:\/\/www.organisator.ch\/wp-content\/uploads\/2021\/08\/Strategische-Transformation-KMU-lassen-viele-Potenziale-ungenutzt_Organisator.jpg\" \/>\n<script type=\"application\/ld+json\" class=\"yoast-schema-graph\">{\"@context\":\"https:\\\/\\\/schema.org\",\"@graph\":[{\"@type\":\"Article\",\"@id\":\"https:\\\/\\\/www.organisator.ch\\\/management\\\/2021-08-23\\\/strategische-transformation-kmu-lassen-viele-potenziale-ungenutzt\\\/#article\",\"isPartOf\":{\"@id\":\"https:\\\/\\\/www.organisator.ch\\\/management\\\/2021-08-23\\\/strategische-transformation-kmu-lassen-viele-potenziale-ungenutzt\\\/\"},\"author\":{\"name\":\"thomas.berner\",\"@id\":\"https:\\\/\\\/www.organisator.ch\\\/#\\\/schema\\\/person\\\/6f650f90b2842cd4c0cc334b4e36f67e\"},\"headline\":\"Strategische Transformation: KMU lassen viele Potenziale ungenutzt\",\"datePublished\":\"2021-08-23T06:24:17+00:00\",\"mainEntityOfPage\":{\"@id\":\"https:\\\/\\\/www.organisator.ch\\\/management\\\/2021-08-23\\\/strategische-transformation-kmu-lassen-viele-potenziale-ungenutzt\\\/\"},\"wordCount\":451,\"publisher\":{\"@id\":\"https:\\\/\\\/www.organisator.ch\\\/#organization\"},\"image\":{\"@id\":\"https:\\\/\\\/www.organisator.ch\\\/management\\\/2021-08-23\\\/strategische-transformation-kmu-lassen-viele-potenziale-ungenutzt\\\/#primaryimage\"},\"thumbnailUrl\":\"https:\\\/\\\/www.organisator.ch\\\/wp-content\\\/uploads\\\/2021\\\/08\\\/Strategische-Transformation-KMU-lassen-viele-Potenziale-ungenutzt_Organisator.jpg\",\"keywords\":[\"Digitalisierung\",\"Management und Unternehmensf\u00fchrung\",\"Strategie\",\"Studie\"],\"articleSection\":[\"MANAGEMENT\"],\"inLanguage\":\"fr-FR\"},{\"@type\":\"WebPage\",\"@id\":\"https:\\\/\\\/www.organisator.ch\\\/management\\\/2021-08-23\\\/strategische-transformation-kmu-lassen-viele-potenziale-ungenutzt\\\/\",\"url\":\"https:\\\/\\\/www.organisator.ch\\\/management\\\/2021-08-23\\\/strategische-transformation-kmu-lassen-viele-potenziale-ungenutzt\\\/\",\"name\":\"Strategische Transformation: KMU lassen viele Potenziale ungenutzt - Organisator\",\"isPartOf\":{\"@id\":\"https:\\\/\\\/www.organisator.ch\\\/#website\"},\"primaryImageOfPage\":{\"@id\":\"https:\\\/\\\/www.organisator.ch\\\/management\\\/2021-08-23\\\/strategische-transformation-kmu-lassen-viele-potenziale-ungenutzt\\\/#primaryimage\"},\"image\":{\"@id\":\"https:\\\/\\\/www.organisator.ch\\\/management\\\/2021-08-23\\\/strategische-transformation-kmu-lassen-viele-potenziale-ungenutzt\\\/#primaryimage\"},\"thumbnailUrl\":\"https:\\\/\\\/www.organisator.ch\\\/wp-content\\\/uploads\\\/2021\\\/08\\\/Strategische-Transformation-KMU-lassen-viele-Potenziale-ungenutzt_Organisator.jpg\",\"datePublished\":\"2021-08-23T06:24:17+00:00\",\"description\":\"Die neue Studie \u00abStrategieentwicklung im digitalen Zeitalter\u00bb zeigt, dass viele KMU Potenziale f\u00fcr die strategische Transformation zu wenig nutzen.\",\"breadcrumb\":{\"@id\":\"https:\\\/\\\/www.organisator.ch\\\/management\\\/2021-08-23\\\/strategische-transformation-kmu-lassen-viele-potenziale-ungenutzt\\\/#breadcrumb\"},\"inLanguage\":\"fr-FR\",\"potentialAction\":[{\"@type\":\"ReadAction\",\"target\":[\"https:\\\/\\\/www.organisator.ch\\\/management\\\/2021-08-23\\\/strategische-transformation-kmu-lassen-viele-potenziale-ungenutzt\\\/\"]}]},{\"@type\":\"ImageObject\",\"inLanguage\":\"fr-FR\",\"@id\":\"https:\\\/\\\/www.organisator.ch\\\/management\\\/2021-08-23\\\/strategische-transformation-kmu-lassen-viele-potenziale-ungenutzt\\\/#primaryimage\",\"url\":\"https:\\\/\\\/www.organisator.ch\\\/wp-content\\\/uploads\\\/2021\\\/08\\\/Strategische-Transformation-KMU-lassen-viele-Potenziale-ungenutzt_Organisator.jpg\",\"contentUrl\":\"https:\\\/\\\/www.organisator.ch\\\/wp-content\\\/uploads\\\/2021\\\/08\\\/Strategische-Transformation-KMU-lassen-viele-Potenziale-ungenutzt_Organisator.jpg\",\"width\":680,\"height\":302,\"caption\":\"KMU-Strategien im digitalen Zeitalter: Studie zeigt viele ungenutzte Potenziale f\u00fcr die strategische Transformation auf. (Bild: Pixabay.com)\"},{\"@type\":\"BreadcrumbList\",\"@id\":\"https:\\\/\\\/www.organisator.ch\\\/management\\\/2021-08-23\\\/strategische-transformation-kmu-lassen-viele-potenziale-ungenutzt\\\/#breadcrumb\",\"itemListElement\":[{\"@type\":\"ListItem\",\"position\":1,\"name\":\"Home\",\"item\":\"https:\\\/\\\/www.organisator.ch\\\/\"},{\"@type\":\"ListItem\",\"position\":2,\"name\":\"Strategische Transformation: KMU lassen viele Potenziale ungenutzt\"}]},{\"@type\":\"WebSite\",\"@id\":\"https:\\\/\\\/www.organisator.ch\\\/#website\",\"url\":\"https:\\\/\\\/www.organisator.ch\\\/\",\"name\":\"Organisator\",\"description\":\"Kompetent. Praxisnah. Der ORGANISATOR bereitet in 10 Ausgaben pro Jahr die wesentlichen Themen f\u00fcr F\u00fchrungskr\u00e4fte von KMU auf.\",\"publisher\":{\"@id\":\"https:\\\/\\\/www.organisator.ch\\\/#organization\"},\"potentialAction\":[{\"@type\":\"SearchAction\",\"target\":{\"@type\":\"EntryPoint\",\"urlTemplate\":\"https:\\\/\\\/www.organisator.ch\\\/?s={search_term_string}\"},\"query-input\":{\"@type\":\"PropertyValueSpecification\",\"valueRequired\":true,\"valueName\":\"search_term_string\"}}],\"inLanguage\":\"fr-FR\"},{\"@type\":\"Organization\",\"@id\":\"https:\\\/\\\/www.organisator.ch\\\/#organization\",\"name\":\"Organisator\",\"url\":\"https:\\\/\\\/www.organisator.ch\\\/\",\"logo\":{\"@type\":\"ImageObject\",\"inLanguage\":\"fr-FR\",\"@id\":\"https:\\\/\\\/www.organisator.ch\\\/#\\\/schema\\\/logo\\\/image\\\/\",\"url\":\"https:\\\/\\\/www.organisator.ch\\\/wp-content\\\/uploads\\\/2022\\\/01\\\/Logo_Organisator_Website.png\",\"contentUrl\":\"https:\\\/\\\/www.organisator.ch\\\/wp-content\\\/uploads\\\/2022\\\/01\\\/Logo_Organisator_Website.png\",\"width\":800,\"height\":77,\"caption\":\"Organisator\"},\"image\":{\"@id\":\"https:\\\/\\\/www.organisator.ch\\\/#\\\/schema\\\/logo\\\/image\\\/\"},\"sameAs\":[\"https:\\\/\\\/www.facebook.com\\\/OrganisatorFachmagazin\",\"https:\\\/\\\/www.linkedin.com\\\/showcase\\\/organisator-das-magazin-fr-kmu\",\"https:\\\/\\\/www.xing.com\\\/news\\\/pages\\\/organisator-ch-695\",\"https:\\\/\\\/www.youtube.com\\\/channel\\\/UCGP2Sq0iWaZwT3BdIAQFYpw\"]},{\"@type\":\"Person\",\"@id\":\"https:\\\/\\\/www.organisator.ch\\\/#\\\/schema\\\/person\\\/6f650f90b2842cd4c0cc334b4e36f67e\",\"name\":\"thomas.berner\",\"image\":{\"@type\":\"ImageObject\",\"inLanguage\":\"fr-FR\",\"@id\":\"https:\\\/\\\/secure.gravatar.com\\\/avatar\\\/ac5001d2a36cb6c6cd3e50789007ffca834b477b74a2144564522e944eabff61?s=96&d=mm&r=g\",\"url\":\"https:\\\/\\\/secure.gravatar.com\\\/avatar\\\/ac5001d2a36cb6c6cd3e50789007ffca834b477b74a2144564522e944eabff61?s=96&d=mm&r=g\",\"contentUrl\":\"https:\\\/\\\/secure.gravatar.com\\\/avatar\\\/ac5001d2a36cb6c6cd3e50789007ffca834b477b74a2144564522e944eabff61?s=96&d=mm&r=g\",\"caption\":\"thomas.berner\"},\"url\":\"https:\\\/\\\/www.organisator.ch\\\/fr\\\/author\\\/thomas-berner\\\/\"}]}<\/script>\n<!-- \/ Yoast SEO plugin. -->","yoast_head_json":{"title":"Transformation strat\u00e9gique : les PME laissent de nombreux potentiels inexploit\u00e9s - Organisateur","description":"La nouvelle \u00e9tude \"D\u00e9veloppement de strat\u00e9gies \u00e0 l'\u00e8re num\u00e9rique\" montre que de nombreuses PME n'exploitent pas suffisamment les potentiels de transformation strat\u00e9gique.","robots":{"index":"index","follow":"follow","max-snippet":"max-snippet:-1","max-image-preview":"max-image-preview:large","max-video-preview":"max-video-preview:-1"},"canonical":"https:\/\/www.organisator.ch\/fr\/gestion-2\/2021-08-23\/strategische-transformation-kmu-lassen-viele-potenziale-ungenutzt\/","og_locale":"fr_FR","og_type":"article","og_title":"Strategische Transformation: KMU lassen viele Potenziale ungenutzt","og_description":"Die neue Studie \u00abStrategieentwicklung im digitalen Zeitalter\u00bb zeigt, dass viele KMU Potenziale f\u00fcr die strategische Transformation zu wenig nutzen.","og_url":"https:\/\/www.organisator.ch\/fr\/gestion-2\/2021-08-23\/strategische-transformation-kmu-lassen-viele-potenziale-ungenutzt\/","og_site_name":"Organisator","article_publisher":"https:\/\/www.facebook.com\/OrganisatorFachmagazin","article_published_time":"2021-08-23T06:24:17+00:00","og_image":[{"width":680,"height":302,"url":"https:\/\/www.organisator.ch\/wp-content\/uploads\/2021\/08\/Strategische-Transformation-KMU-lassen-viele-Potenziale-ungenutzt_Organisator.jpg","type":"image\/jpeg"}],"author":"thomas.berner","twitter_card":"summary_large_image","twitter_title":"Strategische #Transformation: KMU lassen viele #Potenziale ungenutzt","twitter_description":"Die neue Studie \u00ab#Strategieentwicklung im digitalen Zeitalter\u00bb zeigt, dass viele KMU #Potenziale f\u00fcr die strategische #Transformation zu wenig nutzen.","twitter_image":"https:\/\/www.organisator.ch\/wp-content\/uploads\/2021\/08\/Strategische-Transformation-KMU-lassen-viele-Potenziale-ungenutzt_Organisator.jpg","schema":{"@context":"https:\/\/schema.org","@graph":[{"@type":"Article","@id":"https:\/\/www.organisator.ch\/management\/2021-08-23\/strategische-transformation-kmu-lassen-viele-potenziale-ungenutzt\/#article","isPartOf":{"@id":"https:\/\/www.organisator.ch\/management\/2021-08-23\/strategische-transformation-kmu-lassen-viele-potenziale-ungenutzt\/"},"author":{"name":"thomas.berner","@id":"https:\/\/www.organisator.ch\/#\/schema\/person\/6f650f90b2842cd4c0cc334b4e36f67e"},"headline":"Strategische Transformation: KMU lassen viele Potenziale ungenutzt","datePublished":"2021-08-23T06:24:17+00:00","mainEntityOfPage":{"@id":"https:\/\/www.organisator.ch\/management\/2021-08-23\/strategische-transformation-kmu-lassen-viele-potenziale-ungenutzt\/"},"wordCount":451,"publisher":{"@id":"https:\/\/www.organisator.ch\/#organization"},"image":{"@id":"https:\/\/www.organisator.ch\/management\/2021-08-23\/strategische-transformation-kmu-lassen-viele-potenziale-ungenutzt\/#primaryimage"},"thumbnailUrl":"https:\/\/www.organisator.ch\/wp-content\/uploads\/2021\/08\/Strategische-Transformation-KMU-lassen-viele-Potenziale-ungenutzt_Organisator.jpg","keywords":["Digitalisierung","Management und Unternehmensf\u00fchrung","Strategie","Studie"],"articleSection":["MANAGEMENT"],"inLanguage":"fr-FR"},{"@type":"WebPage","@id":"https:\/\/www.organisator.ch\/management\/2021-08-23\/strategische-transformation-kmu-lassen-viele-potenziale-ungenutzt\/","url":"https:\/\/www.organisator.ch\/management\/2021-08-23\/strategische-transformation-kmu-lassen-viele-potenziale-ungenutzt\/","name":"Transformation strat\u00e9gique : les PME laissent de nombreux potentiels inexploit\u00e9s - Organisateur","isPartOf":{"@id":"https:\/\/www.organisator.ch\/#website"},"primaryImageOfPage":{"@id":"https:\/\/www.organisator.ch\/management\/2021-08-23\/strategische-transformation-kmu-lassen-viele-potenziale-ungenutzt\/#primaryimage"},"image":{"@id":"https:\/\/www.organisator.ch\/management\/2021-08-23\/strategische-transformation-kmu-lassen-viele-potenziale-ungenutzt\/#primaryimage"},"thumbnailUrl":"https:\/\/www.organisator.ch\/wp-content\/uploads\/2021\/08\/Strategische-Transformation-KMU-lassen-viele-Potenziale-ungenutzt_Organisator.jpg","datePublished":"2021-08-23T06:24:17+00:00","description":"La nouvelle \u00e9tude \"D\u00e9veloppement de strat\u00e9gies \u00e0 l'\u00e8re num\u00e9rique\" montre que de nombreuses PME n'exploitent pas suffisamment les potentiels de transformation strat\u00e9gique.","breadcrumb":{"@id":"https:\/\/www.organisator.ch\/management\/2021-08-23\/strategische-transformation-kmu-lassen-viele-potenziale-ungenutzt\/#breadcrumb"},"inLanguage":"fr-FR","potentialAction":[{"@type":"ReadAction","target":["https:\/\/www.organisator.ch\/management\/2021-08-23\/strategische-transformation-kmu-lassen-viele-potenziale-ungenutzt\/"]}]},{"@type":"ImageObject","inLanguage":"fr-FR","@id":"https:\/\/www.organisator.ch\/management\/2021-08-23\/strategische-transformation-kmu-lassen-viele-potenziale-ungenutzt\/#primaryimage","url":"https:\/\/www.organisator.ch\/wp-content\/uploads\/2021\/08\/Strategische-Transformation-KMU-lassen-viele-Potenziale-ungenutzt_Organisator.jpg","contentUrl":"https:\/\/www.organisator.ch\/wp-content\/uploads\/2021\/08\/Strategische-Transformation-KMU-lassen-viele-Potenziale-ungenutzt_Organisator.jpg","width":680,"height":302,"caption":"KMU-Strategien im digitalen Zeitalter: Studie zeigt viele ungenutzte Potenziale f\u00fcr die strategische Transformation auf. (Bild: Pixabay.com)"},{"@type":"BreadcrumbList","@id":"https:\/\/www.organisator.ch\/management\/2021-08-23\/strategische-transformation-kmu-lassen-viele-potenziale-ungenutzt\/#breadcrumb","itemListElement":[{"@type":"ListItem","position":1,"name":"Home","item":"https:\/\/www.organisator.ch\/"},{"@type":"ListItem","position":2,"name":"Strategische Transformation: KMU lassen viele Potenziale ungenutzt"}]},{"@type":"WebSite","@id":"https:\/\/www.organisator.ch\/#website","url":"https:\/\/www.organisator.ch\/","name":"Organisateur","description":"Comp\u00e9tence et comp\u00e9tence. Proches de la pratique. L'ORGANISATEUR pr\u00e9pare 10 num\u00e9ros par an sur les th\u00e8mes essentiels pour les dirigeants de PME.","publisher":{"@id":"https:\/\/www.organisator.ch\/#organization"},"potentialAction":[{"@type":"SearchAction","target":{"@type":"EntryPoint","urlTemplate":"https:\/\/www.organisator.ch\/?s={search_term_string}"},"query-input":{"@type":"PropertyValueSpecification","valueRequired":true,"valueName":"search_term_string"}}],"inLanguage":"fr-FR"},{"@type":"Organization","@id":"https:\/\/www.organisator.ch\/#organization","name":"Organisateur","url":"https:\/\/www.organisator.ch\/","logo":{"@type":"ImageObject","inLanguage":"fr-FR","@id":"https:\/\/www.organisator.ch\/#\/schema\/logo\/image\/","url":"https:\/\/www.organisator.ch\/wp-content\/uploads\/2022\/01\/Logo_Organisator_Website.png","contentUrl":"https:\/\/www.organisator.ch\/wp-content\/uploads\/2022\/01\/Logo_Organisator_Website.png","width":800,"height":77,"caption":"Organisator"},"image":{"@id":"https:\/\/www.organisator.ch\/#\/schema\/logo\/image\/"},"sameAs":["https:\/\/www.facebook.com\/OrganisatorFachmagazin","https:\/\/www.linkedin.com\/showcase\/organisator-das-magazin-fr-kmu","https:\/\/www.xing.com\/news\/pages\/organisator-ch-695","https:\/\/www.youtube.com\/channel\/UCGP2Sq0iWaZwT3BdIAQFYpw"]},{"@type":"Person","@id":"https:\/\/www.organisator.ch\/#\/schema\/person\/6f650f90b2842cd4c0cc334b4e36f67e","name":"thomas.berner","image":{"@type":"ImageObject","inLanguage":"fr-FR","@id":"https:\/\/secure.gravatar.com\/avatar\/ac5001d2a36cb6c6cd3e50789007ffca834b477b74a2144564522e944eabff61?s=96&d=mm&r=g","url":"https:\/\/secure.gravatar.com\/avatar\/ac5001d2a36cb6c6cd3e50789007ffca834b477b74a2144564522e944eabff61?s=96&d=mm&r=g","contentUrl":"https:\/\/secure.gravatar.com\/avatar\/ac5001d2a36cb6c6cd3e50789007ffca834b477b74a2144564522e944eabff61?s=96&d=mm&r=g","caption":"thomas.berner"},"url":"https:\/\/www.organisator.ch\/fr\/author\/thomas-berner\/"}]}},"_links":{"self":[{"href":"https:\/\/www.organisator.ch\/fr\/wp-json\/wp\/v2\/posts\/8412","targetHints":{"allow":["GET"]}}],"collection":[{"href":"https:\/\/www.organisator.ch\/fr\/wp-json\/wp\/v2\/posts"}],"about":[{"href":"https:\/\/www.organisator.ch\/fr\/wp-json\/wp\/v2\/types\/post"}],"author":[{"embeddable":true,"href":"https:\/\/www.organisator.ch\/fr\/wp-json\/wp\/v2\/users\/4"}],"replies":[{"embeddable":true,"href":"https:\/\/www.organisator.ch\/fr\/wp-json\/wp\/v2\/comments?post=8412"}],"version-history":[{"count":0,"href":"https:\/\/www.organisator.ch\/fr\/wp-json\/wp\/v2\/posts\/8412\/revisions"}],"wp:featuredmedia":[{"embeddable":true,"href":"https:\/\/www.organisator.ch\/fr\/wp-json\/wp\/v2\/media\/8413"}],"wp:attachment":[{"href":"https:\/\/www.organisator.ch\/fr\/wp-json\/wp\/v2\/media?parent=8412"}],"wp:term":[{"taxonomy":"category","embeddable":true,"href":"https:\/\/www.organisator.ch\/fr\/wp-json\/wp\/v2\/categories?post=8412"},{"taxonomy":"post_tag","embeddable":true,"href":"https:\/\/www.organisator.ch\/fr\/wp-json\/wp\/v2\/tags?post=8412"}],"curies":[{"name":"wp","href":"https:\/\/api.w.org\/{rel}","templated":true}]}}