{"id":8427,"date":"2021-08-25T17:19:02","date_gmt":"2021-08-25T15:19:02","guid":{"rendered":"https:\/\/www.organisator.ch\/?p=8427"},"modified":"2021-08-25T17:19:02","modified_gmt":"2021-08-25T15:19:02","slug":"salaerstudie-2021-von-swissict-lohnniveau-bleibt-weiterhin-hoch","status":"publish","type":"post","link":"https:\/\/www.organisator.ch\/fr\/management\/it\/2021-08-25\/salaerstudie-2021-von-swissict-lohnniveau-bleibt-weiterhin-hoch\/","title":{"rendered":"Etude salariale 2021 de swissICT : le niveau des salaires reste \u00e9lev\u00e9"},"content":{"rendered":"<figure id=\"attachment_8428\" aria-describedby=\"caption-attachment-8428\" style=\"width: 680px\" class=\"wp-caption alignnone\"><a href=\"https:\/\/www.organisator.ch\/wp-content\/uploads\/2021\/08\/thisisengineering-raeng-64YrPKiguAE-unsplash.jpg\"><img loading=\"lazy\" decoding=\"async\" class=\"size-medium wp-image-8428\" src=\"https:\/\/www.organisator.ch\/wp-content\/uploads\/2021\/08\/thisisengineering-raeng-64YrPKiguAE-unsplash.jpg\" alt=\"\" width=\"680\" height=\"454\" srcset=\"https:\/\/www.organisator.ch\/wp-content\/uploads\/2021\/08\/thisisengineering-raeng-64YrPKiguAE-unsplash.jpg 1920w, https:\/\/www.organisator.ch\/wp-content\/uploads\/2021\/08\/thisisengineering-raeng-64YrPKiguAE-unsplash-680x454.jpg 680w, https:\/\/www.organisator.ch\/wp-content\/uploads\/2021\/08\/thisisengineering-raeng-64YrPKiguAE-unsplash-1024x683.jpg 1024w, https:\/\/www.organisator.ch\/wp-content\/uploads\/2021\/08\/thisisengineering-raeng-64YrPKiguAE-unsplash-768x512.jpg 768w, https:\/\/www.organisator.ch\/wp-content\/uploads\/2021\/08\/thisisengineering-raeng-64YrPKiguAE-unsplash-1536x1025.jpg 1536w, https:\/\/www.organisator.ch\/wp-content\/uploads\/2021\/08\/thisisengineering-raeng-64YrPKiguAE-unsplash-18x12.jpg 18w, https:\/\/www.organisator.ch\/wp-content\/uploads\/2021\/08\/thisisengineering-raeng-64YrPKiguAE-unsplash-262x175.jpg 262w, https:\/\/www.organisator.ch\/wp-content\/uploads\/2021\/08\/thisisengineering-raeng-64YrPKiguAE-unsplash-525x350.jpg 525w, https:\/\/www.organisator.ch\/wp-content\/uploads\/2021\/08\/thisisengineering-raeng-64YrPKiguAE-unsplash-1199x800.jpg 1199w, https:\/\/www.organisator.ch\/wp-content\/uploads\/2021\/08\/thisisengineering-raeng-64YrPKiguAE-unsplash-920x614.jpg 920w, https:\/\/www.organisator.ch\/wp-content\/uploads\/2021\/08\/thisisengineering-raeng-64YrPKiguAE-unsplash-1400x934.jpg 1400w, https:\/\/www.organisator.ch\/wp-content\/uploads\/2021\/08\/thisisengineering-raeng-64YrPKiguAE-unsplash-300x200.jpg 300w\" sizes=\"auto, (max-width: 680px) 100vw, 680px\" \/><\/a><figcaption id=\"caption-attachment-8428\" class=\"wp-caption-text\">Les sp\u00e9cialistes IT continuent de gagner tr\u00e8s bien leur vie. C'est ce que montre l'\u00e9tude salariale 2021 de swissICT. (Image : Unsplash.com)<\/figcaption><\/figure>\n<p>Si vous voulez gagner beaucoup d'argent, vous \u00eates bien servi dans le secteur des TIC. En effet, les salaires y sont constamment plus \u00e9lev\u00e9s depuis des ann\u00e9es par rapport \u00e0 d'autres secteurs. Si l'on tient compte du rench\u00e9rissement et que l'on compare les chiffres avec <a href=\"https:\/\/www.organisator.ch\/swissict-salaerstudie-2020-agile-berufsprofile-nehmen-zu\/\">Ann\u00e9e pr\u00e9c\u00e9dente<\/a> les salaires ont m\u00eame l\u00e9g\u00e8rement augment\u00e9. Selon l'\u00e9tude salariale 2021 de swissICT, les m\u00e9dianes 2021 pour les niveaux de comp\u00e9tence \"Junior\" s'\u00e9l\u00e8vent \u00e0 79 000 CHF, \"Professional\" \u00e0 104 000 CHF et \"Senior\" \u00e0 127 000 CHF. malgr\u00e9 la probl\u00e9matique Corona, peu de changements sont apparus sur le march\u00e9 de l'emploi IT. Dans l'ensemble, les salaires sont stables, avec de l\u00e9g\u00e8res variations vers le bas et vers le haut. Cette ann\u00e9e, la m\u00e9diane globale est n\u00e9anmoins sup\u00e9rieure de 1,1 % \u00e0 celle de 2020, ce qui peut \u00eatre interpr\u00e9t\u00e9 comme une indication de la p\u00e9nurie de personnel qualifi\u00e9 qui continue de s'aggraver.<\/p>\n<p>Les profils professionnels continuent \u00e9galement \u00e0 se diff\u00e9rencier. Ainsi, le nombre de profils professionnels agiles augmente. L'\u00e9tude constate que le framework SAFe, par exemple, est de plus en plus utilis\u00e9 dans ce domaine. Ainsi, le Product Owner a obtenu 23% de citations suppl\u00e9mentaires par rapport \u00e0 l'ann\u00e9e pr\u00e9c\u00e9dente. A un niveau plus bas, mais avec 98 pour cent d'augmentation, le Scrum Master gagne du terrain et devient de plus en plus pertinent.<\/p>\n<figure id=\"attachment_8429\" aria-describedby=\"caption-attachment-8429\" style=\"width: 680px\" class=\"wp-caption alignnone\"><a href=\"https:\/\/www.organisator.ch\/wp-content\/uploads\/2021\/08\/Salaerstudie-2021-von-swissICT-Lohnniveau-bleibt-weiterhin-hoch-2_Organisator.jpg\"><img loading=\"lazy\" decoding=\"async\" class=\"size-medium wp-image-8429\" src=\"https:\/\/www.organisator.ch\/wp-content\/uploads\/2021\/08\/Salaerstudie-2021-von-swissICT-Lohnniveau-bleibt-weiterhin-hoch-2_Organisator.jpg\" alt=\"\" width=\"680\" height=\"347\" srcset=\"https:\/\/www.organisator.ch\/wp-content\/uploads\/2021\/08\/Salaerstudie-2021-von-swissICT-Lohnniveau-bleibt-weiterhin-hoch-2_Organisator.jpg 680w, https:\/\/www.organisator.ch\/wp-content\/uploads\/2021\/08\/Salaerstudie-2021-von-swissICT-Lohnniveau-bleibt-weiterhin-hoch-2_Organisator-18x9.jpg 18w, https:\/\/www.organisator.ch\/wp-content\/uploads\/2021\/08\/Salaerstudie-2021-von-swissICT-Lohnniveau-bleibt-weiterhin-hoch-2_Organisator-343x175.jpg 343w, https:\/\/www.organisator.ch\/wp-content\/uploads\/2021\/08\/Salaerstudie-2021-von-swissICT-Lohnniveau-bleibt-weiterhin-hoch-2_Organisator-300x153.jpg 300w\" sizes=\"auto, (max-width: 680px) 100vw, 680px\" \/><\/a><figcaption id=\"caption-attachment-8429\" class=\"wp-caption-text\">Evolution des salaires dans le secteur des TIC jusqu'en 2021. (Graphique : swissICT)<\/figcaption><\/figure>\n<h2><strong>Plus de fournisseurs de services TIC<\/strong><\/h2>\n<p>272 entreprises ont particip\u00e9 \u00e0 l'\u00e9tude sur les salaires. Elles ont indiqu\u00e9 36 950 salaires. \"C'est une augmentation extr\u00eamement r\u00e9jouissante\", d\u00e9clare Christian Hunziker, directeur de swissICT. \"Cela montre, comme en 2020, que l'\u00e9tude annuelle sur les salaires ICT continue de gagner en pertinence. C'est un beau signe et cela permet aux \u00e9valuateurs d'obtenir un benchmark plus large\".<\/p>\n<p>Si l'on consid\u00e8re la r\u00e9partition sectorielle des entreprises participantes, on constate des changements. On constate par exemple une augmentation du nombre d'entreprises de services participantes ainsi que de l'industrie et de l'artisanat. Malgr\u00e9 le plus grand nombre d'entreprises participantes, les fournisseurs de TIC repr\u00e9sentent \u00e0 peine un quart de toutes les entr\u00e9es, avec 23% des salaires mentionn\u00e9s.<\/p>\n<p>La date de r\u00e9f\u00e9rence pour la collecte des donn\u00e9es \u00e9tait le 1er mai 2021. Les salaires ont \u00e9t\u00e9 \u00e9valu\u00e9s sur la base de \"Professions des TIC\", ce qui permet de couvrir les salaires de 50 professions au total. Cette ann\u00e9e, aucun nouveau profil de profession n'a \u00e9t\u00e9 ajout\u00e9, ce qui permet une plus grande stabilit\u00e9.<\/p>\n<h2><strong>Diff\u00e9rences entre les meilleurs sp\u00e9cialistes<\/strong><\/h2>\n<p>Un coup d'\u0153il sur l'\u00e9valuation standard de l'\u00e9tude salariale 2021 de swissICT montre la dispersion des salaires de fonctions comparables. En Suisse, une d\u00e9veloppeuse d'applications \"senior\" gagne environ entre 120 000 (quartile inf\u00e9rieur, seuil de 25%) et 135 000 CHF (quartile sup\u00e9rieur, seuil de 75%). Cela signifie que pour un quart des mentions, le salaire est inf\u00e9rieur \u00e0 120 000 CHF, respectivement sup\u00e9rieur \u00e0 135 000 CHF. Avec 2137 mentions, ce profil professionnel est l'un des plus fr\u00e9quemment cit\u00e9s.<\/p>\n<p>Les dispersions chez les juniors (S1) \u00e0 experts (S4) sont comparables et pr\u00e9sentent une certaine stabilit\u00e9. Chez le \"senior-expert S5\", elles augmentent brusquement et d\u00e9passent parfois d\u00e9j\u00e0 50 000 francs (quartiles de 25 pour cent \u00e0 75 pour cent). Toutefois, \"celui qui vient pour l'argent repart pour l'argent\", d\u00e9clare Nicole Kaeser Mirata, qui s'engage depuis de nombreuses ann\u00e9es dans le groupe de travail \"Salaires des TIC\". Son employeur, la Mobili\u00e8re, participe depuis le d\u00e9but \u00e0 l'\u00e9tude sur les salaires.<\/p>\n<p><em>Source : <a href=\"https:\/\/www.swissict.ch\/\">swissICT<\/a><\/em><\/p>","protected":false},"excerpt":{"rendered":"<p>Wer viel verdienen m\u00f6chte, ist in der ICT-Branche gut aufgehoben. Denn dort liegen die L\u00f6hne im Vergleich mit anderen Branchen seit Jahren konstant h\u00f6her. Wenn man die Teuerung ber\u00fccksichtigt und die Zahlen mit dem Vorjahr vergleicht, haben sich die Sal\u00e4re sogar noch leicht erh\u00f6ht. Gem\u00e4ss der swissICT-Sal\u00e4rstudie 2021 betragen die Mediane 2021 bei den Kompetenzstufen [&hellip;]<\/p>\n","protected":false},"author":4,"featured_media":8428,"comment_status":"closed","ping_status":"closed","sticky":false,"template":"","format":"standard","meta":{"_acf_changed":false,"_yoast_wpseo_focuskw":"Sal\u00e4rstudie 2021","_yoast_wpseo_metadesc":"Die swissICT Sal\u00e4rstudie 2021 konstatiert ein leicht steigendes Lohnniveau. Die Angaben basieren auf 36500 Sal\u00e4rnennungen in 272 Betrieben.","articlekey":"","footnotes":""},"categories":[27],"tags":[286,329,459],"class_list":["post-8427","post","type-post","status-publish","format-standard","has-post-thumbnail","hentry","category-it","tag-it","tag-loehne","tag-studie"],"acf":[],"yoast_head":"<!-- This site is optimized with the Yoast SEO plugin v27.5 - https:\/\/yoast.com\/product\/yoast-seo-wordpress\/ -->\n<title>Sal\u00e4rstudie 2021 von swissICT: Lohnniveau bleibt weiterhin hoch - Organisator<\/title>\n<meta name=\"description\" content=\"Die swissICT Sal\u00e4rstudie 2021 konstatiert ein leicht steigendes Lohnniveau. Die Angaben basieren auf 36500 Sal\u00e4rnennungen in 272 Betrieben.\" \/>\n<meta name=\"robots\" content=\"index, follow, max-snippet:-1, max-image-preview:large, max-video-preview:-1\" \/>\n<link rel=\"canonical\" href=\"https:\/\/www.organisator.ch\/fr\/gestion-2\/it\/2021-08-25\/salaerstudie-2021-von-swissict-lohnniveau-bleibt-weiterhin-hoch\/\" \/>\n<meta property=\"og:locale\" content=\"fr_FR\" \/>\n<meta property=\"og:type\" content=\"article\" \/>\n<meta property=\"og:title\" content=\"Sal\u00e4rstudie 2021 von swissICT: Lohnniveau bleibt weiterhin hoch\" \/>\n<meta property=\"og:description\" content=\"Die swissICT Sal\u00e4rstudie 2021 konstatiert ein leicht steigendes Lohnniveau. Die Angaben basieren auf 36500 Sal\u00e4rnennungen in 272 Betrieben.\" \/>\n<meta property=\"og:url\" content=\"https:\/\/www.organisator.ch\/fr\/gestion-2\/it\/2021-08-25\/salaerstudie-2021-von-swissict-lohnniveau-bleibt-weiterhin-hoch\/\" \/>\n<meta property=\"og:site_name\" content=\"Organisator\" \/>\n<meta property=\"article:publisher\" content=\"https:\/\/www.facebook.com\/OrganisatorFachmagazin\" \/>\n<meta property=\"article:published_time\" content=\"2021-08-25T15:19:02+00:00\" \/>\n<meta property=\"og:image\" content=\"https:\/\/www.organisator.ch\/wp-content\/uploads\/2021\/08\/thisisengineering-raeng-64YrPKiguAE-unsplash.jpg\" \/>\n\t<meta property=\"og:image:width\" content=\"1920\" \/>\n\t<meta property=\"og:image:height\" content=\"1281\" \/>\n\t<meta property=\"og:image:type\" content=\"image\/jpeg\" \/>\n<meta name=\"author\" content=\"thomas.berner\" \/>\n<meta name=\"twitter:card\" content=\"summary_large_image\" \/>\n<meta name=\"twitter:title\" content=\"#Sal\u00e4rstudie 2021 von #swissICT: #Lohnniveau bleibt weiterhin hoch\" \/>\n<meta name=\"twitter:description\" content=\"Die #swissICT Sal\u00e4rstudie 2021 konstatiert ein leicht steigendes #Lohnniveau. Die Angaben basieren auf 36500 Sal\u00e4rnennungen in 272 Betrieben.\" \/>\n<meta name=\"twitter:image\" content=\"https:\/\/www.organisator.ch\/wp-content\/uploads\/2021\/08\/thisisengineering-raeng-64YrPKiguAE-unsplash.jpg\" \/>\n<script type=\"application\/ld+json\" class=\"yoast-schema-graph\">{\"@context\":\"https:\\\/\\\/schema.org\",\"@graph\":[{\"@type\":\"Article\",\"@id\":\"https:\\\/\\\/www.organisator.ch\\\/management\\\/it\\\/2021-08-25\\\/salaerstudie-2021-von-swissict-lohnniveau-bleibt-weiterhin-hoch\\\/#article\",\"isPartOf\":{\"@id\":\"https:\\\/\\\/www.organisator.ch\\\/management\\\/it\\\/2021-08-25\\\/salaerstudie-2021-von-swissict-lohnniveau-bleibt-weiterhin-hoch\\\/\"},\"author\":{\"name\":\"thomas.berner\",\"@id\":\"https:\\\/\\\/www.organisator.ch\\\/#\\\/schema\\\/person\\\/6f650f90b2842cd4c0cc334b4e36f67e\"},\"headline\":\"Sal\u00e4rstudie 2021 von swissICT: Lohnniveau bleibt weiterhin hoch\",\"datePublished\":\"2021-08-25T15:19:02+00:00\",\"mainEntityOfPage\":{\"@id\":\"https:\\\/\\\/www.organisator.ch\\\/management\\\/it\\\/2021-08-25\\\/salaerstudie-2021-von-swissict-lohnniveau-bleibt-weiterhin-hoch\\\/\"},\"wordCount\":519,\"publisher\":{\"@id\":\"https:\\\/\\\/www.organisator.ch\\\/#organization\"},\"image\":{\"@id\":\"https:\\\/\\\/www.organisator.ch\\\/management\\\/it\\\/2021-08-25\\\/salaerstudie-2021-von-swissict-lohnniveau-bleibt-weiterhin-hoch\\\/#primaryimage\"},\"thumbnailUrl\":\"https:\\\/\\\/www.organisator.ch\\\/wp-content\\\/uploads\\\/2021\\\/08\\\/thisisengineering-raeng-64YrPKiguAE-unsplash.jpg\",\"keywords\":[\"IT\",\"L\u00f6hne\",\"Studie\"],\"articleSection\":[\"IT\"],\"inLanguage\":\"fr-FR\"},{\"@type\":\"WebPage\",\"@id\":\"https:\\\/\\\/www.organisator.ch\\\/management\\\/it\\\/2021-08-25\\\/salaerstudie-2021-von-swissict-lohnniveau-bleibt-weiterhin-hoch\\\/\",\"url\":\"https:\\\/\\\/www.organisator.ch\\\/management\\\/it\\\/2021-08-25\\\/salaerstudie-2021-von-swissict-lohnniveau-bleibt-weiterhin-hoch\\\/\",\"name\":\"Sal\u00e4rstudie 2021 von swissICT: Lohnniveau bleibt weiterhin hoch - Organisator\",\"isPartOf\":{\"@id\":\"https:\\\/\\\/www.organisator.ch\\\/#website\"},\"primaryImageOfPage\":{\"@id\":\"https:\\\/\\\/www.organisator.ch\\\/management\\\/it\\\/2021-08-25\\\/salaerstudie-2021-von-swissict-lohnniveau-bleibt-weiterhin-hoch\\\/#primaryimage\"},\"image\":{\"@id\":\"https:\\\/\\\/www.organisator.ch\\\/management\\\/it\\\/2021-08-25\\\/salaerstudie-2021-von-swissict-lohnniveau-bleibt-weiterhin-hoch\\\/#primaryimage\"},\"thumbnailUrl\":\"https:\\\/\\\/www.organisator.ch\\\/wp-content\\\/uploads\\\/2021\\\/08\\\/thisisengineering-raeng-64YrPKiguAE-unsplash.jpg\",\"datePublished\":\"2021-08-25T15:19:02+00:00\",\"description\":\"Die swissICT Sal\u00e4rstudie 2021 konstatiert ein leicht steigendes Lohnniveau. Die Angaben basieren auf 36500 Sal\u00e4rnennungen in 272 Betrieben.\",\"breadcrumb\":{\"@id\":\"https:\\\/\\\/www.organisator.ch\\\/management\\\/it\\\/2021-08-25\\\/salaerstudie-2021-von-swissict-lohnniveau-bleibt-weiterhin-hoch\\\/#breadcrumb\"},\"inLanguage\":\"fr-FR\",\"potentialAction\":[{\"@type\":\"ReadAction\",\"target\":[\"https:\\\/\\\/www.organisator.ch\\\/management\\\/it\\\/2021-08-25\\\/salaerstudie-2021-von-swissict-lohnniveau-bleibt-weiterhin-hoch\\\/\"]}]},{\"@type\":\"ImageObject\",\"inLanguage\":\"fr-FR\",\"@id\":\"https:\\\/\\\/www.organisator.ch\\\/management\\\/it\\\/2021-08-25\\\/salaerstudie-2021-von-swissict-lohnniveau-bleibt-weiterhin-hoch\\\/#primaryimage\",\"url\":\"https:\\\/\\\/www.organisator.ch\\\/wp-content\\\/uploads\\\/2021\\\/08\\\/thisisengineering-raeng-64YrPKiguAE-unsplash.jpg\",\"contentUrl\":\"https:\\\/\\\/www.organisator.ch\\\/wp-content\\\/uploads\\\/2021\\\/08\\\/thisisengineering-raeng-64YrPKiguAE-unsplash.jpg\",\"width\":1920,\"height\":1281,\"caption\":\"IT-Spezialistinnen und -Spezialisten verdienen nach wie vor sehr gut. Dies zeigt die swissICT Sal\u00e4rstudie 2021. (Bild: Unsplash.com)\"},{\"@type\":\"BreadcrumbList\",\"@id\":\"https:\\\/\\\/www.organisator.ch\\\/management\\\/it\\\/2021-08-25\\\/salaerstudie-2021-von-swissict-lohnniveau-bleibt-weiterhin-hoch\\\/#breadcrumb\",\"itemListElement\":[{\"@type\":\"ListItem\",\"position\":1,\"name\":\"Home\",\"item\":\"https:\\\/\\\/www.organisator.ch\\\/\"},{\"@type\":\"ListItem\",\"position\":2,\"name\":\"Sal\u00e4rstudie 2021 von swissICT: Lohnniveau bleibt weiterhin hoch\"}]},{\"@type\":\"WebSite\",\"@id\":\"https:\\\/\\\/www.organisator.ch\\\/#website\",\"url\":\"https:\\\/\\\/www.organisator.ch\\\/\",\"name\":\"Organisator\",\"description\":\"Kompetent. Praxisnah. Der ORGANISATOR bereitet in 10 Ausgaben pro Jahr die wesentlichen Themen f\u00fcr F\u00fchrungskr\u00e4fte von KMU auf.\",\"publisher\":{\"@id\":\"https:\\\/\\\/www.organisator.ch\\\/#organization\"},\"potentialAction\":[{\"@type\":\"SearchAction\",\"target\":{\"@type\":\"EntryPoint\",\"urlTemplate\":\"https:\\\/\\\/www.organisator.ch\\\/?s={search_term_string}\"},\"query-input\":{\"@type\":\"PropertyValueSpecification\",\"valueRequired\":true,\"valueName\":\"search_term_string\"}}],\"inLanguage\":\"fr-FR\"},{\"@type\":\"Organization\",\"@id\":\"https:\\\/\\\/www.organisator.ch\\\/#organization\",\"name\":\"Organisator\",\"url\":\"https:\\\/\\\/www.organisator.ch\\\/\",\"logo\":{\"@type\":\"ImageObject\",\"inLanguage\":\"fr-FR\",\"@id\":\"https:\\\/\\\/www.organisator.ch\\\/#\\\/schema\\\/logo\\\/image\\\/\",\"url\":\"https:\\\/\\\/www.organisator.ch\\\/wp-content\\\/uploads\\\/2022\\\/01\\\/Logo_Organisator_Website.png\",\"contentUrl\":\"https:\\\/\\\/www.organisator.ch\\\/wp-content\\\/uploads\\\/2022\\\/01\\\/Logo_Organisator_Website.png\",\"width\":800,\"height\":77,\"caption\":\"Organisator\"},\"image\":{\"@id\":\"https:\\\/\\\/www.organisator.ch\\\/#\\\/schema\\\/logo\\\/image\\\/\"},\"sameAs\":[\"https:\\\/\\\/www.facebook.com\\\/OrganisatorFachmagazin\",\"https:\\\/\\\/www.linkedin.com\\\/showcase\\\/organisator-das-magazin-fr-kmu\",\"https:\\\/\\\/www.xing.com\\\/news\\\/pages\\\/organisator-ch-695\",\"https:\\\/\\\/www.youtube.com\\\/channel\\\/UCGP2Sq0iWaZwT3BdIAQFYpw\"]},{\"@type\":\"Person\",\"@id\":\"https:\\\/\\\/www.organisator.ch\\\/#\\\/schema\\\/person\\\/6f650f90b2842cd4c0cc334b4e36f67e\",\"name\":\"thomas.berner\",\"image\":{\"@type\":\"ImageObject\",\"inLanguage\":\"fr-FR\",\"@id\":\"https:\\\/\\\/secure.gravatar.com\\\/avatar\\\/ac5001d2a36cb6c6cd3e50789007ffca834b477b74a2144564522e944eabff61?s=96&d=mm&r=g\",\"url\":\"https:\\\/\\\/secure.gravatar.com\\\/avatar\\\/ac5001d2a36cb6c6cd3e50789007ffca834b477b74a2144564522e944eabff61?s=96&d=mm&r=g\",\"contentUrl\":\"https:\\\/\\\/secure.gravatar.com\\\/avatar\\\/ac5001d2a36cb6c6cd3e50789007ffca834b477b74a2144564522e944eabff61?s=96&d=mm&r=g\",\"caption\":\"thomas.berner\"},\"url\":\"https:\\\/\\\/www.organisator.ch\\\/fr\\\/author\\\/thomas-berner\\\/\"}]}<\/script>\n<!-- \/ Yoast SEO plugin. -->","yoast_head_json":{"title":"Etude salariale 2021 de swissICT : le niveau des salaires reste \u00e9lev\u00e9 - Organisateur","description":"L'\u00e9tude salariale 2021 de swissICT constate une l\u00e9g\u00e8re hausse du niveau des salaires. Les donn\u00e9es se basent sur 36500 mentions de salaires dans 272 entreprises.","robots":{"index":"index","follow":"follow","max-snippet":"max-snippet:-1","max-image-preview":"max-image-preview:large","max-video-preview":"max-video-preview:-1"},"canonical":"https:\/\/www.organisator.ch\/fr\/gestion-2\/it\/2021-08-25\/salaerstudie-2021-von-swissict-lohnniveau-bleibt-weiterhin-hoch\/","og_locale":"fr_FR","og_type":"article","og_title":"Sal\u00e4rstudie 2021 von swissICT: Lohnniveau bleibt weiterhin hoch","og_description":"Die swissICT Sal\u00e4rstudie 2021 konstatiert ein leicht steigendes Lohnniveau. Die Angaben basieren auf 36500 Sal\u00e4rnennungen in 272 Betrieben.","og_url":"https:\/\/www.organisator.ch\/fr\/gestion-2\/it\/2021-08-25\/salaerstudie-2021-von-swissict-lohnniveau-bleibt-weiterhin-hoch\/","og_site_name":"Organisator","article_publisher":"https:\/\/www.facebook.com\/OrganisatorFachmagazin","article_published_time":"2021-08-25T15:19:02+00:00","og_image":[{"width":1920,"height":1281,"url":"https:\/\/www.organisator.ch\/wp-content\/uploads\/2021\/08\/thisisengineering-raeng-64YrPKiguAE-unsplash.jpg","type":"image\/jpeg"}],"author":"thomas.berner","twitter_card":"summary_large_image","twitter_title":"#Sal\u00e4rstudie 2021 von #swissICT: #Lohnniveau bleibt weiterhin hoch","twitter_description":"Die #swissICT Sal\u00e4rstudie 2021 konstatiert ein leicht steigendes #Lohnniveau. Die Angaben basieren auf 36500 Sal\u00e4rnennungen in 272 Betrieben.","twitter_image":"https:\/\/www.organisator.ch\/wp-content\/uploads\/2021\/08\/thisisengineering-raeng-64YrPKiguAE-unsplash.jpg","schema":{"@context":"https:\/\/schema.org","@graph":[{"@type":"Article","@id":"https:\/\/www.organisator.ch\/management\/it\/2021-08-25\/salaerstudie-2021-von-swissict-lohnniveau-bleibt-weiterhin-hoch\/#article","isPartOf":{"@id":"https:\/\/www.organisator.ch\/management\/it\/2021-08-25\/salaerstudie-2021-von-swissict-lohnniveau-bleibt-weiterhin-hoch\/"},"author":{"name":"thomas.berner","@id":"https:\/\/www.organisator.ch\/#\/schema\/person\/6f650f90b2842cd4c0cc334b4e36f67e"},"headline":"Sal\u00e4rstudie 2021 von swissICT: Lohnniveau bleibt weiterhin hoch","datePublished":"2021-08-25T15:19:02+00:00","mainEntityOfPage":{"@id":"https:\/\/www.organisator.ch\/management\/it\/2021-08-25\/salaerstudie-2021-von-swissict-lohnniveau-bleibt-weiterhin-hoch\/"},"wordCount":519,"publisher":{"@id":"https:\/\/www.organisator.ch\/#organization"},"image":{"@id":"https:\/\/www.organisator.ch\/management\/it\/2021-08-25\/salaerstudie-2021-von-swissict-lohnniveau-bleibt-weiterhin-hoch\/#primaryimage"},"thumbnailUrl":"https:\/\/www.organisator.ch\/wp-content\/uploads\/2021\/08\/thisisengineering-raeng-64YrPKiguAE-unsplash.jpg","keywords":["IT","L\u00f6hne","Studie"],"articleSection":["IT"],"inLanguage":"fr-FR"},{"@type":"WebPage","@id":"https:\/\/www.organisator.ch\/management\/it\/2021-08-25\/salaerstudie-2021-von-swissict-lohnniveau-bleibt-weiterhin-hoch\/","url":"https:\/\/www.organisator.ch\/management\/it\/2021-08-25\/salaerstudie-2021-von-swissict-lohnniveau-bleibt-weiterhin-hoch\/","name":"Etude salariale 2021 de swissICT : le niveau des salaires reste \u00e9lev\u00e9 - Organisateur","isPartOf":{"@id":"https:\/\/www.organisator.ch\/#website"},"primaryImageOfPage":{"@id":"https:\/\/www.organisator.ch\/management\/it\/2021-08-25\/salaerstudie-2021-von-swissict-lohnniveau-bleibt-weiterhin-hoch\/#primaryimage"},"image":{"@id":"https:\/\/www.organisator.ch\/management\/it\/2021-08-25\/salaerstudie-2021-von-swissict-lohnniveau-bleibt-weiterhin-hoch\/#primaryimage"},"thumbnailUrl":"https:\/\/www.organisator.ch\/wp-content\/uploads\/2021\/08\/thisisengineering-raeng-64YrPKiguAE-unsplash.jpg","datePublished":"2021-08-25T15:19:02+00:00","description":"L'\u00e9tude salariale 2021 de swissICT constate une l\u00e9g\u00e8re hausse du niveau des salaires. Les donn\u00e9es se basent sur 36500 mentions de salaires dans 272 entreprises.","breadcrumb":{"@id":"https:\/\/www.organisator.ch\/management\/it\/2021-08-25\/salaerstudie-2021-von-swissict-lohnniveau-bleibt-weiterhin-hoch\/#breadcrumb"},"inLanguage":"fr-FR","potentialAction":[{"@type":"ReadAction","target":["https:\/\/www.organisator.ch\/management\/it\/2021-08-25\/salaerstudie-2021-von-swissict-lohnniveau-bleibt-weiterhin-hoch\/"]}]},{"@type":"ImageObject","inLanguage":"fr-FR","@id":"https:\/\/www.organisator.ch\/management\/it\/2021-08-25\/salaerstudie-2021-von-swissict-lohnniveau-bleibt-weiterhin-hoch\/#primaryimage","url":"https:\/\/www.organisator.ch\/wp-content\/uploads\/2021\/08\/thisisengineering-raeng-64YrPKiguAE-unsplash.jpg","contentUrl":"https:\/\/www.organisator.ch\/wp-content\/uploads\/2021\/08\/thisisengineering-raeng-64YrPKiguAE-unsplash.jpg","width":1920,"height":1281,"caption":"IT-Spezialistinnen und -Spezialisten verdienen nach wie vor sehr gut. Dies zeigt die swissICT Sal\u00e4rstudie 2021. (Bild: Unsplash.com)"},{"@type":"BreadcrumbList","@id":"https:\/\/www.organisator.ch\/management\/it\/2021-08-25\/salaerstudie-2021-von-swissict-lohnniveau-bleibt-weiterhin-hoch\/#breadcrumb","itemListElement":[{"@type":"ListItem","position":1,"name":"Home","item":"https:\/\/www.organisator.ch\/"},{"@type":"ListItem","position":2,"name":"Sal\u00e4rstudie 2021 von swissICT: Lohnniveau bleibt weiterhin hoch"}]},{"@type":"WebSite","@id":"https:\/\/www.organisator.ch\/#website","url":"https:\/\/www.organisator.ch\/","name":"Organisateur","description":"Comp\u00e9tence et comp\u00e9tence. Proches de la pratique. L'ORGANISATEUR pr\u00e9pare 10 num\u00e9ros par an sur les th\u00e8mes essentiels pour les dirigeants de PME.","publisher":{"@id":"https:\/\/www.organisator.ch\/#organization"},"potentialAction":[{"@type":"SearchAction","target":{"@type":"EntryPoint","urlTemplate":"https:\/\/www.organisator.ch\/?s={search_term_string}"},"query-input":{"@type":"PropertyValueSpecification","valueRequired":true,"valueName":"search_term_string"}}],"inLanguage":"fr-FR"},{"@type":"Organization","@id":"https:\/\/www.organisator.ch\/#organization","name":"Organisateur","url":"https:\/\/www.organisator.ch\/","logo":{"@type":"ImageObject","inLanguage":"fr-FR","@id":"https:\/\/www.organisator.ch\/#\/schema\/logo\/image\/","url":"https:\/\/www.organisator.ch\/wp-content\/uploads\/2022\/01\/Logo_Organisator_Website.png","contentUrl":"https:\/\/www.organisator.ch\/wp-content\/uploads\/2022\/01\/Logo_Organisator_Website.png","width":800,"height":77,"caption":"Organisator"},"image":{"@id":"https:\/\/www.organisator.ch\/#\/schema\/logo\/image\/"},"sameAs":["https:\/\/www.facebook.com\/OrganisatorFachmagazin","https:\/\/www.linkedin.com\/showcase\/organisator-das-magazin-fr-kmu","https:\/\/www.xing.com\/news\/pages\/organisator-ch-695","https:\/\/www.youtube.com\/channel\/UCGP2Sq0iWaZwT3BdIAQFYpw"]},{"@type":"Person","@id":"https:\/\/www.organisator.ch\/#\/schema\/person\/6f650f90b2842cd4c0cc334b4e36f67e","name":"thomas.berner","image":{"@type":"ImageObject","inLanguage":"fr-FR","@id":"https:\/\/secure.gravatar.com\/avatar\/ac5001d2a36cb6c6cd3e50789007ffca834b477b74a2144564522e944eabff61?s=96&d=mm&r=g","url":"https:\/\/secure.gravatar.com\/avatar\/ac5001d2a36cb6c6cd3e50789007ffca834b477b74a2144564522e944eabff61?s=96&d=mm&r=g","contentUrl":"https:\/\/secure.gravatar.com\/avatar\/ac5001d2a36cb6c6cd3e50789007ffca834b477b74a2144564522e944eabff61?s=96&d=mm&r=g","caption":"thomas.berner"},"url":"https:\/\/www.organisator.ch\/fr\/author\/thomas-berner\/"}]}},"_links":{"self":[{"href":"https:\/\/www.organisator.ch\/fr\/wp-json\/wp\/v2\/posts\/8427","targetHints":{"allow":["GET"]}}],"collection":[{"href":"https:\/\/www.organisator.ch\/fr\/wp-json\/wp\/v2\/posts"}],"about":[{"href":"https:\/\/www.organisator.ch\/fr\/wp-json\/wp\/v2\/types\/post"}],"author":[{"embeddable":true,"href":"https:\/\/www.organisator.ch\/fr\/wp-json\/wp\/v2\/users\/4"}],"replies":[{"embeddable":true,"href":"https:\/\/www.organisator.ch\/fr\/wp-json\/wp\/v2\/comments?post=8427"}],"version-history":[{"count":0,"href":"https:\/\/www.organisator.ch\/fr\/wp-json\/wp\/v2\/posts\/8427\/revisions"}],"wp:featuredmedia":[{"embeddable":true,"href":"https:\/\/www.organisator.ch\/fr\/wp-json\/wp\/v2\/media\/8428"}],"wp:attachment":[{"href":"https:\/\/www.organisator.ch\/fr\/wp-json\/wp\/v2\/media?parent=8427"}],"wp:term":[{"taxonomy":"category","embeddable":true,"href":"https:\/\/www.organisator.ch\/fr\/wp-json\/wp\/v2\/categories?post=8427"},{"taxonomy":"post_tag","embeddable":true,"href":"https:\/\/www.organisator.ch\/fr\/wp-json\/wp\/v2\/tags?post=8427"}],"curies":[{"name":"wp","href":"https:\/\/api.w.org\/{rel}","templated":true}]}}