{"id":8431,"date":"2021-08-30T08:19:59","date_gmt":"2021-08-30T06:19:59","guid":{"rendered":"https:\/\/www.organisator.ch\/?p=8431"},"modified":"2021-08-30T08:19:59","modified_gmt":"2021-08-30T06:19:59","slug":"mit-dem-cyber-incident-hub-gegen-cyberattacken","status":"publish","type":"post","link":"https:\/\/www.organisator.ch\/fr\/management\/it\/2021-08-30\/mit-dem-cyber-incident-hub-gegen-cyberattacken\/","title":{"rendered":"Avec le Cyber Incident Hub contre les cyberattaques"},"content":{"rendered":"<figure id=\"attachment_8446\" aria-describedby=\"caption-attachment-8446\" style=\"width: 680px\" class=\"wp-caption alignnone\"><a href=\"https:\/\/www.organisator.ch\/wp-content\/uploads\/2021\/08\/Mit-dem-Cyber-Incident-Hub-gegen-Cyberattacken_Organisator.jpg\"><img loading=\"lazy\" decoding=\"async\" class=\"size-medium wp-image-8446\" src=\"https:\/\/www.organisator.ch\/wp-content\/uploads\/2021\/08\/Mit-dem-Cyber-Incident-Hub-gegen-Cyberattacken_Organisator.jpg\" alt=\"\" width=\"680\" height=\"454\" srcset=\"https:\/\/www.organisator.ch\/wp-content\/uploads\/2021\/08\/Mit-dem-Cyber-Incident-Hub-gegen-Cyberattacken_Organisator.jpg 680w, https:\/\/www.organisator.ch\/wp-content\/uploads\/2021\/08\/Mit-dem-Cyber-Incident-Hub-gegen-Cyberattacken_Organisator-18x12.jpg 18w, https:\/\/www.organisator.ch\/wp-content\/uploads\/2021\/08\/Mit-dem-Cyber-Incident-Hub-gegen-Cyberattacken_Organisator-262x175.jpg 262w, https:\/\/www.organisator.ch\/wp-content\/uploads\/2021\/08\/Mit-dem-Cyber-Incident-Hub-gegen-Cyberattacken_Organisator-524x350.jpg 524w, https:\/\/www.organisator.ch\/wp-content\/uploads\/2021\/08\/Mit-dem-Cyber-Incident-Hub-gegen-Cyberattacken_Organisator-300x200.jpg 300w\" sizes=\"auto, (max-width: 680px) 100vw, 680px\" \/><\/a><figcaption id=\"caption-attachment-8446\" class=\"wp-caption-text\">Trois entreprises de conseil et une startup proposent, avec le Cyber Incident Hub, une offre compl\u00e8te pour faire face aux cyberattaques. (Image : Unsplash)<\/figcaption><\/figure>\n<p>Les grands groupes ne sont pas les seuls \u00e0 subir des cyberattaques de plus en plus fr\u00e9quentes. C'est ce que montrent par exemple les cas de Stadler Rail et de Comparis, qui ont r\u00e9cemment \u00e9t\u00e9 rendus publics. Une \u00e9tude de la ZHAW le r\u00e9v\u00e8le \u00e9galement : Environ un tiers des PME suisses auraient d\u00e9j\u00e0 \u00e9t\u00e9 victimes de cyberattaques, et environ 4 % d'entre elles auraient en outre \u00e9t\u00e9 victimes de chantage. Pr\u00e8s de 200 000 PME ont donc d\u00e9j\u00e0 \u00e9t\u00e9 victimes d'une cyberattaque. ICT Switzerland met \u00e9galement en garde dans une \u00e9tude : \"Le risque d'\u00eatre victime d'une cyberattaque est sous-estim\u00e9. Seuls 10 % et 4 % des personnes interrog\u00e9es consid\u00e8rent comme un grand ou tr\u00e8s grand danger le fait d'\u00eatre mis hors d'\u00e9tat de nuire pendant une journ\u00e9e, voire de voir son existence menac\u00e9e\". En m\u00eame temps, seuls 60 % des personnes interrog\u00e9es confirment avoir enti\u00e8rement mis en \u0153uvre les mesures de protection de base telles que la protection contre les logiciels malveillants, le pare-feu, la gestion des correctifs et la sauvegarde. Les syst\u00e8mes de d\u00e9tection des cyberincidents n'ont \u00e9t\u00e9 enti\u00e8rement mis en place que par une entreprise sur cinq. Les processus de traitement des cyberincidents ne sont plus cit\u00e9s que par 18 % des entreprises interrog\u00e9es, et les formations des collaborateurs sur l'utilisation s\u00fbre des TI par seulement 15 %.<\/p>\n<h2>Quand \u00e7a arrive, il faut \u00eatre bien conseill\u00e9<\/h2>\n<p>Lorsqu'une entreprise subit une cyberattaque, il faut \u00eatre bien conseill\u00e9. Une attaque de ransomware, par exemple, est rapidement suivie d'une demande de ran\u00e7on, g\u00e9n\u00e9ralement en crypto-monnaies, afin de dissimuler les traces. Les victimes ne savent souvent pas si l'acc\u00e8s aux donn\u00e9es crypt\u00e9es par l'agresseur sera r\u00e9ellement r\u00e9tabli apr\u00e8s le paiement. Il en r\u00e9sulte des litiges, des atteintes \u00e0 la r\u00e9putation, des pertes financi\u00e8res et de l'ins\u00e9curit\u00e9. La pr\u00e9vention, l'intervention et le suivi, ainsi que de bons conseils, sont n\u00e9cessaires.<\/p>\n<h2>Cyber Incident Hub pour les entreprises et les assureurs<\/h2>\n<p>C'est dans ce contexte que les trois entreprises de conseil MLL MeyerLustenberger Lachenal Froriep (MLL), Farner Consulting, Oneconsult et la start-up CYBERA ont lanc\u00e9 ensemble le \"Cyber Incident Response Hub\" interdisciplinaire, qui propose des services d'assistance 24 heures sur 24. Il couvre le conseil juridique sp\u00e9cialis\u00e9 dans le cyber (MLL), la r\u00e9ponse aux incidents et la criminalistique num\u00e9rique (Oneconsult), la communication de crise et la gestion de la r\u00e9putation (Farner) ainsi que la r\u00e9action internationale en cas de d\u00e9tournement frauduleux de fonds (CYBERA). Cette offre, unique en Suisse selon ses propres dires, fait face, \u00e0 l'heure du changement num\u00e9rique, \u00e0 une forte augmentation de la menace que repr\u00e9sentent pour les entreprises les cyberattaques, la corruption de donn\u00e9es, la fraude et le chantage. Outre les (cyber)assureurs, les clients cibles sont des entreprises expos\u00e9es de tous types. Nicola Staub, fondateur et CEO de CYBERA, d\u00e9clare \u00e0 propos de la nouvelle offre de services : \"Pour bloquer et s\u00e9curiser les sommes d'argent d\u00e9tourn\u00e9es frauduleusement dans le monde entier avec des informations p\u00e9nalement pertinentes avant qu'elles ne soient blanchies et irr\u00e9m\u00e9diablement perdues, il faut de nouvelles solutions que nous proposons\".<\/p>\n<h2>L'offre \u00e0 360<\/h2>\n<p>Les comp\u00e9tences interdisciplinaires offertes par le Cyber Incident Hub, qui regroupe des professionnels du droit, de la technologie, de la criminalistique et de la communication, sont toutes n\u00e9cessaires pour se pr\u00e9parer au mieux aux risques, les repousser avec succ\u00e8s et g\u00e9rer ou att\u00e9nuer leurs cons\u00e9quences. Le cabinet d'avocats MLL a mis en place un r\u00e9seau de partenaires de premier plan et exp\u00e9riment\u00e9s afin d'offrir une r\u00e9ponse coordonn\u00e9e \u00e0 tous les types de probl\u00e8mes de cybers\u00e9curit\u00e9. Le service va de l'\u00e9laboration d'un plan de r\u00e9ponse en mati\u00e8re de cybers\u00e9curit\u00e9 et de l'examen de la tol\u00e9rance aux cyberrisques \u00e0 la gestion juridiquement correcte des violations de s\u00e9curit\u00e9, des pertes de donn\u00e9es et des enqu\u00eates sur les cyberincidents. Une bonne communication en cas d'attaque contribue \u00e0 une r\u00e9cup\u00e9ration rapide des dommages subis par la r\u00e9putation. Enfin, la garantie de la cybers\u00e9curit\u00e9 et de la s\u00e9curit\u00e9 des donn\u00e9es \u00e0 tout moment fait aujourd'hui partie des exigences juridiques de base en mati\u00e8re de conformit\u00e9 et de bonne gouvernance, \u00e9crivent les exploitants du Cyber Incident Hub.<\/p>\n<p>Comment contacter le Cyber Incident Hub ? Actuellement, le <a href=\"https:\/\/mll-legal.com\/expertise\/cybersecurity-incident-response-hub\/\">La MLL comme point de contact<\/a>Une page d'accueil sp\u00e9cifique est en cours d'\u00e9laboration, nous a-t-on r\u00e9pondu. L'offre est moins con\u00e7ue comme une possibilit\u00e9 d'appel d'urgence que comme un service complet pouvant \u00eatre utilis\u00e9 par exemple dans le cadre de paquets d'assurance contre les cyberrisques.<\/p>","protected":false},"excerpt":{"rendered":"<p>Nicht nur Grosskonzerne sind von zunehmenden Cyberangriffen betroffen. Das zeigen etwa die F\u00e4lle Stadler Rail und Comparis, die j\u00fcngst publik geworden sind. Auch eine Studie der ZHAW legt offen: Etwa ein Drittel der Schweizer KMU sei bereits Opfer von Cyberangriffen geworden, rund 4 % davon seien zudem erpresst worden. Damit sind schon knapp 200&#8217;000 KMU [&hellip;]<\/p>\n","protected":false},"author":4,"featured_media":8446,"comment_status":"closed","ping_status":"closed","sticky":false,"template":"","format":"standard","meta":{"_acf_changed":false,"_yoast_wpseo_focuskw":"Cyber Incident Hub","_yoast_wpseo_metadesc":"Drei f\u00fchrende Beratungsunternehmen und ein Startup-Unternehmen lancierten am 25. August 2021 den ersten interdisziplin\u00e4ren Cyber Incident Hub der Schweiz.","articlekey":"","footnotes":""},"categories":[27],"tags":[142,260,286,393],"class_list":["post-8431","post","type-post","status-publish","format-standard","has-post-thumbnail","hentry","category-it","tag-cyber-crime","tag-ict-sicherheit","tag-it","tag-produkte"],"acf":[],"yoast_head":"<!-- This site is optimized with the Yoast SEO plugin v27.5 - https:\/\/yoast.com\/product\/yoast-seo-wordpress\/ -->\n<title>Mit dem Cyber Incident Hub gegen Cyberattacken - Organisator<\/title>\n<meta name=\"description\" content=\"Drei f\u00fchrende Beratungsunternehmen und ein Startup-Unternehmen lancierten am 25. August 2021 den ersten interdisziplin\u00e4ren Cyber Incident Hub der Schweiz.\" \/>\n<meta name=\"robots\" content=\"index, follow, max-snippet:-1, max-image-preview:large, max-video-preview:-1\" \/>\n<link rel=\"canonical\" href=\"https:\/\/www.organisator.ch\/fr\/gestion-2\/it\/2021-08-30\/mit-dem-cyber-incident-hub-gegen-cyberattacken\/\" \/>\n<meta property=\"og:locale\" content=\"fr_FR\" \/>\n<meta property=\"og:type\" content=\"article\" \/>\n<meta property=\"og:title\" content=\"Mit dem Cyber Incident Hub gegen Cyberattacken\" \/>\n<meta property=\"og:description\" content=\"Drei f\u00fchrende Beratungsunternehmen und ein Startup-Unternehmen lancierten am 25. August 2021 den ersten interdisziplin\u00e4ren Cyber Incident Hub der Schweiz.\" \/>\n<meta property=\"og:url\" content=\"https:\/\/www.organisator.ch\/fr\/gestion-2\/it\/2021-08-30\/mit-dem-cyber-incident-hub-gegen-cyberattacken\/\" \/>\n<meta property=\"og:site_name\" content=\"Organisator\" \/>\n<meta property=\"article:publisher\" content=\"https:\/\/www.facebook.com\/OrganisatorFachmagazin\" \/>\n<meta property=\"article:published_time\" content=\"2021-08-30T06:19:59+00:00\" \/>\n<meta property=\"og:image\" content=\"https:\/\/www.organisator.ch\/wp-content\/uploads\/2021\/08\/Mit-dem-Cyber-Incident-Hub-gegen-Cyberattacken_Organisator.jpg\" \/>\n\t<meta property=\"og:image:width\" content=\"680\" \/>\n\t<meta property=\"og:image:height\" content=\"454\" \/>\n\t<meta property=\"og:image:type\" content=\"image\/jpeg\" \/>\n<meta name=\"author\" content=\"thomas.berner\" \/>\n<meta name=\"twitter:card\" content=\"summary_large_image\" \/>\n<meta name=\"twitter:title\" content=\"Mit dem Cyber Incident Hub gegen #Cyberattacken\" \/>\n<meta name=\"twitter:description\" content=\"Drei f\u00fchrende Beratungsunternehmen und ein #Startup-Unternehmen lancierten am 25. August 2021 den ersten interdisziplin\u00e4ren #CyberIncidentHub der Schweiz.\" \/>\n<meta name=\"twitter:image\" content=\"https:\/\/www.organisator.ch\/wp-content\/uploads\/2021\/08\/Mit-dem-Cyber-Incident-Hub-gegen-Cyberattacken_Organisator.jpg\" \/>\n<script type=\"application\/ld+json\" class=\"yoast-schema-graph\">{\"@context\":\"https:\\\/\\\/schema.org\",\"@graph\":[{\"@type\":\"Article\",\"@id\":\"https:\\\/\\\/www.organisator.ch\\\/management\\\/it\\\/2021-08-30\\\/mit-dem-cyber-incident-hub-gegen-cyberattacken\\\/#article\",\"isPartOf\":{\"@id\":\"https:\\\/\\\/www.organisator.ch\\\/management\\\/it\\\/2021-08-30\\\/mit-dem-cyber-incident-hub-gegen-cyberattacken\\\/\"},\"author\":{\"name\":\"thomas.berner\",\"@id\":\"https:\\\/\\\/www.organisator.ch\\\/#\\\/schema\\\/person\\\/6f650f90b2842cd4c0cc334b4e36f67e\"},\"headline\":\"Mit dem Cyber Incident Hub gegen Cyberattacken\",\"datePublished\":\"2021-08-30T06:19:59+00:00\",\"mainEntityOfPage\":{\"@id\":\"https:\\\/\\\/www.organisator.ch\\\/management\\\/it\\\/2021-08-30\\\/mit-dem-cyber-incident-hub-gegen-cyberattacken\\\/\"},\"wordCount\":631,\"publisher\":{\"@id\":\"https:\\\/\\\/www.organisator.ch\\\/#organization\"},\"image\":{\"@id\":\"https:\\\/\\\/www.organisator.ch\\\/management\\\/it\\\/2021-08-30\\\/mit-dem-cyber-incident-hub-gegen-cyberattacken\\\/#primaryimage\"},\"thumbnailUrl\":\"https:\\\/\\\/www.organisator.ch\\\/wp-content\\\/uploads\\\/2021\\\/08\\\/Mit-dem-Cyber-Incident-Hub-gegen-Cyberattacken_Organisator.jpg\",\"keywords\":[\"Cyber-Crime\",\"ICT-Sicherheit\",\"IT\",\"Produkte\"],\"articleSection\":[\"IT\"],\"inLanguage\":\"fr-FR\"},{\"@type\":\"WebPage\",\"@id\":\"https:\\\/\\\/www.organisator.ch\\\/management\\\/it\\\/2021-08-30\\\/mit-dem-cyber-incident-hub-gegen-cyberattacken\\\/\",\"url\":\"https:\\\/\\\/www.organisator.ch\\\/management\\\/it\\\/2021-08-30\\\/mit-dem-cyber-incident-hub-gegen-cyberattacken\\\/\",\"name\":\"Mit dem Cyber Incident Hub gegen Cyberattacken - Organisator\",\"isPartOf\":{\"@id\":\"https:\\\/\\\/www.organisator.ch\\\/#website\"},\"primaryImageOfPage\":{\"@id\":\"https:\\\/\\\/www.organisator.ch\\\/management\\\/it\\\/2021-08-30\\\/mit-dem-cyber-incident-hub-gegen-cyberattacken\\\/#primaryimage\"},\"image\":{\"@id\":\"https:\\\/\\\/www.organisator.ch\\\/management\\\/it\\\/2021-08-30\\\/mit-dem-cyber-incident-hub-gegen-cyberattacken\\\/#primaryimage\"},\"thumbnailUrl\":\"https:\\\/\\\/www.organisator.ch\\\/wp-content\\\/uploads\\\/2021\\\/08\\\/Mit-dem-Cyber-Incident-Hub-gegen-Cyberattacken_Organisator.jpg\",\"datePublished\":\"2021-08-30T06:19:59+00:00\",\"description\":\"Drei f\u00fchrende Beratungsunternehmen und ein Startup-Unternehmen lancierten am 25. August 2021 den ersten interdisziplin\u00e4ren Cyber Incident Hub der Schweiz.\",\"breadcrumb\":{\"@id\":\"https:\\\/\\\/www.organisator.ch\\\/management\\\/it\\\/2021-08-30\\\/mit-dem-cyber-incident-hub-gegen-cyberattacken\\\/#breadcrumb\"},\"inLanguage\":\"fr-FR\",\"potentialAction\":[{\"@type\":\"ReadAction\",\"target\":[\"https:\\\/\\\/www.organisator.ch\\\/management\\\/it\\\/2021-08-30\\\/mit-dem-cyber-incident-hub-gegen-cyberattacken\\\/\"]}]},{\"@type\":\"ImageObject\",\"inLanguage\":\"fr-FR\",\"@id\":\"https:\\\/\\\/www.organisator.ch\\\/management\\\/it\\\/2021-08-30\\\/mit-dem-cyber-incident-hub-gegen-cyberattacken\\\/#primaryimage\",\"url\":\"https:\\\/\\\/www.organisator.ch\\\/wp-content\\\/uploads\\\/2021\\\/08\\\/Mit-dem-Cyber-Incident-Hub-gegen-Cyberattacken_Organisator.jpg\",\"contentUrl\":\"https:\\\/\\\/www.organisator.ch\\\/wp-content\\\/uploads\\\/2021\\\/08\\\/Mit-dem-Cyber-Incident-Hub-gegen-Cyberattacken_Organisator.jpg\",\"width\":680,\"height\":454,\"caption\":\"Drei Beratungsunternehmen und ein Startup bieten mit dem Cyber Incident Hub ein umfassendes Angebot zur Bew\u00e4ltigung von Cyberattacken. (Bild: Unsplash)\"},{\"@type\":\"BreadcrumbList\",\"@id\":\"https:\\\/\\\/www.organisator.ch\\\/management\\\/it\\\/2021-08-30\\\/mit-dem-cyber-incident-hub-gegen-cyberattacken\\\/#breadcrumb\",\"itemListElement\":[{\"@type\":\"ListItem\",\"position\":1,\"name\":\"Home\",\"item\":\"https:\\\/\\\/www.organisator.ch\\\/\"},{\"@type\":\"ListItem\",\"position\":2,\"name\":\"Mit dem Cyber Incident Hub gegen Cyberattacken\"}]},{\"@type\":\"WebSite\",\"@id\":\"https:\\\/\\\/www.organisator.ch\\\/#website\",\"url\":\"https:\\\/\\\/www.organisator.ch\\\/\",\"name\":\"Organisator\",\"description\":\"Kompetent. Praxisnah. Der ORGANISATOR bereitet in 10 Ausgaben pro Jahr die wesentlichen Themen f\u00fcr F\u00fchrungskr\u00e4fte von KMU auf.\",\"publisher\":{\"@id\":\"https:\\\/\\\/www.organisator.ch\\\/#organization\"},\"potentialAction\":[{\"@type\":\"SearchAction\",\"target\":{\"@type\":\"EntryPoint\",\"urlTemplate\":\"https:\\\/\\\/www.organisator.ch\\\/?s={search_term_string}\"},\"query-input\":{\"@type\":\"PropertyValueSpecification\",\"valueRequired\":true,\"valueName\":\"search_term_string\"}}],\"inLanguage\":\"fr-FR\"},{\"@type\":\"Organization\",\"@id\":\"https:\\\/\\\/www.organisator.ch\\\/#organization\",\"name\":\"Organisator\",\"url\":\"https:\\\/\\\/www.organisator.ch\\\/\",\"logo\":{\"@type\":\"ImageObject\",\"inLanguage\":\"fr-FR\",\"@id\":\"https:\\\/\\\/www.organisator.ch\\\/#\\\/schema\\\/logo\\\/image\\\/\",\"url\":\"https:\\\/\\\/www.organisator.ch\\\/wp-content\\\/uploads\\\/2022\\\/01\\\/Logo_Organisator_Website.png\",\"contentUrl\":\"https:\\\/\\\/www.organisator.ch\\\/wp-content\\\/uploads\\\/2022\\\/01\\\/Logo_Organisator_Website.png\",\"width\":800,\"height\":77,\"caption\":\"Organisator\"},\"image\":{\"@id\":\"https:\\\/\\\/www.organisator.ch\\\/#\\\/schema\\\/logo\\\/image\\\/\"},\"sameAs\":[\"https:\\\/\\\/www.facebook.com\\\/OrganisatorFachmagazin\",\"https:\\\/\\\/www.linkedin.com\\\/showcase\\\/organisator-das-magazin-fr-kmu\",\"https:\\\/\\\/www.xing.com\\\/news\\\/pages\\\/organisator-ch-695\",\"https:\\\/\\\/www.youtube.com\\\/channel\\\/UCGP2Sq0iWaZwT3BdIAQFYpw\"]},{\"@type\":\"Person\",\"@id\":\"https:\\\/\\\/www.organisator.ch\\\/#\\\/schema\\\/person\\\/6f650f90b2842cd4c0cc334b4e36f67e\",\"name\":\"thomas.berner\",\"image\":{\"@type\":\"ImageObject\",\"inLanguage\":\"fr-FR\",\"@id\":\"https:\\\/\\\/secure.gravatar.com\\\/avatar\\\/ac5001d2a36cb6c6cd3e50789007ffca834b477b74a2144564522e944eabff61?s=96&d=mm&r=g\",\"url\":\"https:\\\/\\\/secure.gravatar.com\\\/avatar\\\/ac5001d2a36cb6c6cd3e50789007ffca834b477b74a2144564522e944eabff61?s=96&d=mm&r=g\",\"contentUrl\":\"https:\\\/\\\/secure.gravatar.com\\\/avatar\\\/ac5001d2a36cb6c6cd3e50789007ffca834b477b74a2144564522e944eabff61?s=96&d=mm&r=g\",\"caption\":\"thomas.berner\"},\"url\":\"https:\\\/\\\/www.organisator.ch\\\/fr\\\/author\\\/thomas-berner\\\/\"}]}<\/script>\n<!-- \/ Yoast SEO plugin. -->","yoast_head_json":{"title":"Avec le Cyber Incident Hub contre les cyberattaques - Organisateur","description":"Trois entreprises de conseil de premier plan et une start-up ont lanc\u00e9 le 25 ao\u00fbt 2021 le premier Cyber Incident Hub interdisciplinaire de Suisse.","robots":{"index":"index","follow":"follow","max-snippet":"max-snippet:-1","max-image-preview":"max-image-preview:large","max-video-preview":"max-video-preview:-1"},"canonical":"https:\/\/www.organisator.ch\/fr\/gestion-2\/it\/2021-08-30\/mit-dem-cyber-incident-hub-gegen-cyberattacken\/","og_locale":"fr_FR","og_type":"article","og_title":"Mit dem Cyber Incident Hub gegen Cyberattacken","og_description":"Drei f\u00fchrende Beratungsunternehmen und ein Startup-Unternehmen lancierten am 25. August 2021 den ersten interdisziplin\u00e4ren Cyber Incident Hub der Schweiz.","og_url":"https:\/\/www.organisator.ch\/fr\/gestion-2\/it\/2021-08-30\/mit-dem-cyber-incident-hub-gegen-cyberattacken\/","og_site_name":"Organisator","article_publisher":"https:\/\/www.facebook.com\/OrganisatorFachmagazin","article_published_time":"2021-08-30T06:19:59+00:00","og_image":[{"width":680,"height":454,"url":"https:\/\/www.organisator.ch\/wp-content\/uploads\/2021\/08\/Mit-dem-Cyber-Incident-Hub-gegen-Cyberattacken_Organisator.jpg","type":"image\/jpeg"}],"author":"thomas.berner","twitter_card":"summary_large_image","twitter_title":"Mit dem Cyber Incident Hub gegen #Cyberattacken","twitter_description":"Drei f\u00fchrende Beratungsunternehmen und ein #Startup-Unternehmen lancierten am 25. August 2021 den ersten interdisziplin\u00e4ren #CyberIncidentHub der Schweiz.","twitter_image":"https:\/\/www.organisator.ch\/wp-content\/uploads\/2021\/08\/Mit-dem-Cyber-Incident-Hub-gegen-Cyberattacken_Organisator.jpg","schema":{"@context":"https:\/\/schema.org","@graph":[{"@type":"Article","@id":"https:\/\/www.organisator.ch\/management\/it\/2021-08-30\/mit-dem-cyber-incident-hub-gegen-cyberattacken\/#article","isPartOf":{"@id":"https:\/\/www.organisator.ch\/management\/it\/2021-08-30\/mit-dem-cyber-incident-hub-gegen-cyberattacken\/"},"author":{"name":"thomas.berner","@id":"https:\/\/www.organisator.ch\/#\/schema\/person\/6f650f90b2842cd4c0cc334b4e36f67e"},"headline":"Mit dem Cyber Incident Hub gegen Cyberattacken","datePublished":"2021-08-30T06:19:59+00:00","mainEntityOfPage":{"@id":"https:\/\/www.organisator.ch\/management\/it\/2021-08-30\/mit-dem-cyber-incident-hub-gegen-cyberattacken\/"},"wordCount":631,"publisher":{"@id":"https:\/\/www.organisator.ch\/#organization"},"image":{"@id":"https:\/\/www.organisator.ch\/management\/it\/2021-08-30\/mit-dem-cyber-incident-hub-gegen-cyberattacken\/#primaryimage"},"thumbnailUrl":"https:\/\/www.organisator.ch\/wp-content\/uploads\/2021\/08\/Mit-dem-Cyber-Incident-Hub-gegen-Cyberattacken_Organisator.jpg","keywords":["Cyber-Crime","ICT-Sicherheit","IT","Produkte"],"articleSection":["IT"],"inLanguage":"fr-FR"},{"@type":"WebPage","@id":"https:\/\/www.organisator.ch\/management\/it\/2021-08-30\/mit-dem-cyber-incident-hub-gegen-cyberattacken\/","url":"https:\/\/www.organisator.ch\/management\/it\/2021-08-30\/mit-dem-cyber-incident-hub-gegen-cyberattacken\/","name":"Avec le Cyber Incident Hub contre les cyberattaques - Organisateur","isPartOf":{"@id":"https:\/\/www.organisator.ch\/#website"},"primaryImageOfPage":{"@id":"https:\/\/www.organisator.ch\/management\/it\/2021-08-30\/mit-dem-cyber-incident-hub-gegen-cyberattacken\/#primaryimage"},"image":{"@id":"https:\/\/www.organisator.ch\/management\/it\/2021-08-30\/mit-dem-cyber-incident-hub-gegen-cyberattacken\/#primaryimage"},"thumbnailUrl":"https:\/\/www.organisator.ch\/wp-content\/uploads\/2021\/08\/Mit-dem-Cyber-Incident-Hub-gegen-Cyberattacken_Organisator.jpg","datePublished":"2021-08-30T06:19:59+00:00","description":"Trois entreprises de conseil de premier plan et une start-up ont lanc\u00e9 le 25 ao\u00fbt 2021 le premier Cyber Incident Hub interdisciplinaire de Suisse.","breadcrumb":{"@id":"https:\/\/www.organisator.ch\/management\/it\/2021-08-30\/mit-dem-cyber-incident-hub-gegen-cyberattacken\/#breadcrumb"},"inLanguage":"fr-FR","potentialAction":[{"@type":"ReadAction","target":["https:\/\/www.organisator.ch\/management\/it\/2021-08-30\/mit-dem-cyber-incident-hub-gegen-cyberattacken\/"]}]},{"@type":"ImageObject","inLanguage":"fr-FR","@id":"https:\/\/www.organisator.ch\/management\/it\/2021-08-30\/mit-dem-cyber-incident-hub-gegen-cyberattacken\/#primaryimage","url":"https:\/\/www.organisator.ch\/wp-content\/uploads\/2021\/08\/Mit-dem-Cyber-Incident-Hub-gegen-Cyberattacken_Organisator.jpg","contentUrl":"https:\/\/www.organisator.ch\/wp-content\/uploads\/2021\/08\/Mit-dem-Cyber-Incident-Hub-gegen-Cyberattacken_Organisator.jpg","width":680,"height":454,"caption":"Drei Beratungsunternehmen und ein Startup bieten mit dem Cyber Incident Hub ein umfassendes Angebot zur Bew\u00e4ltigung von Cyberattacken. (Bild: Unsplash)"},{"@type":"BreadcrumbList","@id":"https:\/\/www.organisator.ch\/management\/it\/2021-08-30\/mit-dem-cyber-incident-hub-gegen-cyberattacken\/#breadcrumb","itemListElement":[{"@type":"ListItem","position":1,"name":"Home","item":"https:\/\/www.organisator.ch\/"},{"@type":"ListItem","position":2,"name":"Mit dem Cyber Incident Hub gegen Cyberattacken"}]},{"@type":"WebSite","@id":"https:\/\/www.organisator.ch\/#website","url":"https:\/\/www.organisator.ch\/","name":"Organisateur","description":"Comp\u00e9tence et comp\u00e9tence. Proches de la pratique. L'ORGANISATEUR pr\u00e9pare 10 num\u00e9ros par an sur les th\u00e8mes essentiels pour les dirigeants de PME.","publisher":{"@id":"https:\/\/www.organisator.ch\/#organization"},"potentialAction":[{"@type":"SearchAction","target":{"@type":"EntryPoint","urlTemplate":"https:\/\/www.organisator.ch\/?s={search_term_string}"},"query-input":{"@type":"PropertyValueSpecification","valueRequired":true,"valueName":"search_term_string"}}],"inLanguage":"fr-FR"},{"@type":"Organization","@id":"https:\/\/www.organisator.ch\/#organization","name":"Organisateur","url":"https:\/\/www.organisator.ch\/","logo":{"@type":"ImageObject","inLanguage":"fr-FR","@id":"https:\/\/www.organisator.ch\/#\/schema\/logo\/image\/","url":"https:\/\/www.organisator.ch\/wp-content\/uploads\/2022\/01\/Logo_Organisator_Website.png","contentUrl":"https:\/\/www.organisator.ch\/wp-content\/uploads\/2022\/01\/Logo_Organisator_Website.png","width":800,"height":77,"caption":"Organisator"},"image":{"@id":"https:\/\/www.organisator.ch\/#\/schema\/logo\/image\/"},"sameAs":["https:\/\/www.facebook.com\/OrganisatorFachmagazin","https:\/\/www.linkedin.com\/showcase\/organisator-das-magazin-fr-kmu","https:\/\/www.xing.com\/news\/pages\/organisator-ch-695","https:\/\/www.youtube.com\/channel\/UCGP2Sq0iWaZwT3BdIAQFYpw"]},{"@type":"Person","@id":"https:\/\/www.organisator.ch\/#\/schema\/person\/6f650f90b2842cd4c0cc334b4e36f67e","name":"thomas.berner","image":{"@type":"ImageObject","inLanguage":"fr-FR","@id":"https:\/\/secure.gravatar.com\/avatar\/ac5001d2a36cb6c6cd3e50789007ffca834b477b74a2144564522e944eabff61?s=96&d=mm&r=g","url":"https:\/\/secure.gravatar.com\/avatar\/ac5001d2a36cb6c6cd3e50789007ffca834b477b74a2144564522e944eabff61?s=96&d=mm&r=g","contentUrl":"https:\/\/secure.gravatar.com\/avatar\/ac5001d2a36cb6c6cd3e50789007ffca834b477b74a2144564522e944eabff61?s=96&d=mm&r=g","caption":"thomas.berner"},"url":"https:\/\/www.organisator.ch\/fr\/author\/thomas-berner\/"}]}},"_links":{"self":[{"href":"https:\/\/www.organisator.ch\/fr\/wp-json\/wp\/v2\/posts\/8431","targetHints":{"allow":["GET"]}}],"collection":[{"href":"https:\/\/www.organisator.ch\/fr\/wp-json\/wp\/v2\/posts"}],"about":[{"href":"https:\/\/www.organisator.ch\/fr\/wp-json\/wp\/v2\/types\/post"}],"author":[{"embeddable":true,"href":"https:\/\/www.organisator.ch\/fr\/wp-json\/wp\/v2\/users\/4"}],"replies":[{"embeddable":true,"href":"https:\/\/www.organisator.ch\/fr\/wp-json\/wp\/v2\/comments?post=8431"}],"version-history":[{"count":0,"href":"https:\/\/www.organisator.ch\/fr\/wp-json\/wp\/v2\/posts\/8431\/revisions"}],"wp:featuredmedia":[{"embeddable":true,"href":"https:\/\/www.organisator.ch\/fr\/wp-json\/wp\/v2\/media\/8446"}],"wp:attachment":[{"href":"https:\/\/www.organisator.ch\/fr\/wp-json\/wp\/v2\/media?parent=8431"}],"wp:term":[{"taxonomy":"category","embeddable":true,"href":"https:\/\/www.organisator.ch\/fr\/wp-json\/wp\/v2\/categories?post=8431"},{"taxonomy":"post_tag","embeddable":true,"href":"https:\/\/www.organisator.ch\/fr\/wp-json\/wp\/v2\/tags?post=8431"}],"curies":[{"name":"wp","href":"https:\/\/api.w.org\/{rel}","templated":true}]}}