{"id":8437,"date":"2021-08-27T09:17:21","date_gmt":"2021-08-27T07:17:21","guid":{"rendered":"https:\/\/www.organisator.ch\/?p=8437"},"modified":"2021-08-27T09:17:21","modified_gmt":"2021-08-27T07:17:21","slug":"fuehrungspersonen-ohne-follower-warum-ihnen-keiner-folgt","status":"publish","type":"post","link":"https:\/\/www.organisator.ch\/fr\/management\/2021-08-27\/fuehrungspersonen-ohne-follower-warum-ihnen-keiner-folgt\/","title":{"rendered":"Les leaders sans followers : pourquoi personne ne les suit..."},"content":{"rendered":"<figure id=\"attachment_8438\" aria-describedby=\"caption-attachment-8438\" style=\"width: 680px\" class=\"wp-caption alignnone\"><a href=\"https:\/\/www.organisator.ch\/wp-content\/uploads\/2021\/08\/Fuehrungspersonen-ohne-Follower-Warum-ihnen-keiner-folgt_Organisator.jpg\"><img loading=\"lazy\" decoding=\"async\" class=\"size-medium wp-image-8438\" src=\"https:\/\/www.organisator.ch\/wp-content\/uploads\/2021\/08\/Fuehrungspersonen-ohne-Follower-Warum-ihnen-keiner-folgt_Organisator.jpg\" alt=\"\" width=\"680\" height=\"488\" srcset=\"https:\/\/www.organisator.ch\/wp-content\/uploads\/2021\/08\/Fuehrungspersonen-ohne-Follower-Warum-ihnen-keiner-folgt_Organisator.jpg 680w, https:\/\/www.organisator.ch\/wp-content\/uploads\/2021\/08\/Fuehrungspersonen-ohne-Follower-Warum-ihnen-keiner-folgt_Organisator-18x12.jpg 18w, https:\/\/www.organisator.ch\/wp-content\/uploads\/2021\/08\/Fuehrungspersonen-ohne-Follower-Warum-ihnen-keiner-folgt_Organisator-244x175.jpg 244w, https:\/\/www.organisator.ch\/wp-content\/uploads\/2021\/08\/Fuehrungspersonen-ohne-Follower-Warum-ihnen-keiner-folgt_Organisator-488x350.jpg 488w, https:\/\/www.organisator.ch\/wp-content\/uploads\/2021\/08\/Fuehrungspersonen-ohne-Follower-Warum-ihnen-keiner-folgt_Organisator-300x215.jpg 300w\" sizes=\"auto, (max-width: 680px) 100vw, 680px\" \/><\/a><figcaption id=\"caption-attachment-8438\" class=\"wp-caption-text\">Pourquoi les dirigeants s'\u00e9tonnent-ils que les gens ne les suivent pas ? La pr\u00e9sente impulsion au succ\u00e8s en donne les raisons. (Image : Pixabay.com)<\/figcaption><\/figure>\n<p>Nous ne connaissons pas le ph\u00e9nom\u00e8ne des \"influenceurs\" seulement depuis les m\u00e9dias sociaux. De tout temps, les leaders influents ont eu un nombre consid\u00e9rable de \"followers\". Mais il s'agit ici de quelque chose de tr\u00e8s simple, qui est pertinent pour tous ceux qui veulent influencer les autres d'une mani\u00e8re ou d'une autre : il s'agit d'influencer les autres de telle sorte qu'ils vous suivent volontiers et de leur plein gr\u00e9. Si vous y parvenez, vous pourrez d\u00e9placer les montagnes, comme le dit le proverbe.<\/p>\n<p>D'ailleurs, cela n'a absolument rien \u00e0 voir avec un \"suivisme aveugle\". Au contraire : plus vos collaborateurs vous remettent en question et vous lancent des d\u00e9fis, plus votre influence s'accro\u00eet - \u00e0 condition que vous soyez pr\u00eat \u00e0 relever les d\u00e9fis et \u00e0 g\u00e9rer les critiques.<\/p>\n<p>Les dirigeants viennent toujours vers moi en me demandant pourquoi les gens ne les suivent pas assez : \"Pourquoi ne faites-vous pas ce que nous avons convenu ? Pourquoi n'appliquez-vous pas les choses comme je vous l'ai dit ?\" Voici les trois principales raisons, tir\u00e9es de mon exp\u00e9rience, pour lesquelles les gens ne vous suivent pas :<\/p>\n<ol>\n<li>Ils r\u00e9pandent l'ins\u00e9curit\u00e9. J'avais d\u00e9j\u00e0 abord\u00e9 ce sujet en d\u00e9tail ailleurs. De nombreux dirigeants r\u00e9pandent l'ins\u00e9curit\u00e9 chez les autres par leur manque de clart\u00e9. La clart\u00e9 dans la communication est souvent surestim\u00e9e de mani\u00e8re drastique. Ce qui est apparemment clair pour vous peut \u00eatre compl\u00e8tement obscur pour les autres. Personne ne veut suivre quelqu'un qu'il ne comprend pas.<\/li>\n<li>La confiance est trop faible. Bien s\u00fbr, vous le savez : si vous devez suivre quelqu'un, vous devez faire confiance \u00e0 cette personne dans une certaine mesure. Plus la confiance est grande, plus le leadership est facile. Mais ce qui est souvent ignor\u00e9 : Pour se faire pleinement confiance, il faut se conna\u00eetre et s'\u00e9valuer le mieux possible. Pour cela, il faut entreprendre des actions qui sortent du cadre des processus de travail normaux.<\/li>\n<li>Ce n'est pas n\u00e9cessaire. Cela peut para\u00eetre surprenant, mais si vous ne voyez pas de bonne raison de suivre une autre personne, vous ne le ferez pas non plus. Donc, si les autres ne comprennent pas la n\u00e9cessit\u00e9 de votre leadership, cela devient difficile pour vous. La bonne nouvelle, c'est que vous pouvez cr\u00e9er cette n\u00e9cessit\u00e9 de mani\u00e8re consciente.<\/li>\n<\/ol>\n<p>Si vous inversez ces trois points, vous avez de tr\u00e8s bonnes chances que d'autres personnes vous suivent tr\u00e8s volontiers, ce qui vous permettra ensuite d'augmenter votre influence.<\/p>\n<p>Constatation en prime : les trois leviers mentionn\u00e9s s'appliquent tout aussi bien \u00e0 la vente si vous souhaitez faire de votre client\u00e8le un maximum de fans.<\/p>\n<p><i><strong>Vers l'auteur :<\/strong><br \/>\n<\/i><em>Volkmar V\u00f6lzke est un maximisateur de succ\u00e8s. Auteur de livres. Conseiller et consultant. Coach de formation. Orateur. <a href=\"http:\/\/www.volkmarvoelzke.ch\/\">www.volkmarvoelzke.ch<\/a><\/em><\/p>","protected":false},"excerpt":{"rendered":"<p>Wir kennen das Ph\u00e4nomen der \u201eInfluencer\u201c nicht erst seit Social Media. Schon immer hatten einflussreiche F\u00fchrungspersonen eine ansehnliche Zahl von \u201eFollowers\u201c. Hier geht es aber um etwas ganz Einfaches, was relevant f\u00fcr jeden ist, der andere in irgendeiner Form beeinflussen will: Es geht darum, dass Sie andere so beeinflussen, dass diese Ihnen gerne und aus [&hellip;]<\/p>\n","protected":false},"author":4,"featured_media":8438,"comment_status":"closed","ping_status":"closed","sticky":false,"template":"","format":"standard","meta":{"_acf_changed":false,"_yoast_wpseo_focuskw":"F\u00fchrungspersonen","_yoast_wpseo_metadesc":"F\u00fchrungspersonen ohne Follower sind keine F\u00fchrungspersonen. Doch je mehr Leute Ihnen folgen, desto st\u00e4rker ist Ihr Einfluss als Leader.","articlekey":"","footnotes":""},"categories":[28],"tags":[115,177,320,335],"class_list":["post-8437","post","type-post","status-publish","format-standard","has-post-thumbnail","hentry","category-management","tag-checklisten","tag-erfolgs-impuls","tag-leadership","tag-management-und-unternehmensfuehrung"],"acf":[],"yoast_head":"<!-- This site is optimized with the Yoast SEO plugin v27.5 - https:\/\/yoast.com\/product\/yoast-seo-wordpress\/ -->\n<title>F\u00fchrungspersonen ohne Follower: Warum ihnen keiner folgt\u2026 - Organisator<\/title>\n<meta name=\"description\" content=\"F\u00fchrungspersonen ohne Follower sind keine F\u00fchrungspersonen. Doch je mehr Leute Ihnen folgen, desto st\u00e4rker ist Ihr Einfluss als Leader.\" \/>\n<meta name=\"robots\" content=\"index, follow, max-snippet:-1, max-image-preview:large, max-video-preview:-1\" \/>\n<link rel=\"canonical\" href=\"https:\/\/www.organisator.ch\/fr\/gestion-2\/2021-08-27\/fuehrungspersonen-ohne-follower-warum-ihnen-keiner-folgt\/\" \/>\n<meta property=\"og:locale\" content=\"fr_FR\" \/>\n<meta property=\"og:type\" content=\"article\" \/>\n<meta property=\"og:title\" content=\"F\u00fchrungspersonen ohne Follower: Warum ihnen keiner folgt\u2026\" \/>\n<meta property=\"og:description\" content=\"F\u00fchrungspersonen ohne Follower sind keine F\u00fchrungspersonen. Doch je mehr Leute Ihnen folgen, desto st\u00e4rker ist Ihr Einfluss als Leader.\" \/>\n<meta property=\"og:url\" content=\"https:\/\/www.organisator.ch\/fr\/gestion-2\/2021-08-27\/fuehrungspersonen-ohne-follower-warum-ihnen-keiner-folgt\/\" \/>\n<meta property=\"og:site_name\" content=\"Organisator\" \/>\n<meta property=\"article:publisher\" content=\"https:\/\/www.facebook.com\/OrganisatorFachmagazin\" \/>\n<meta property=\"article:published_time\" content=\"2021-08-27T07:17:21+00:00\" \/>\n<meta property=\"og:image\" content=\"https:\/\/www.organisator.ch\/wp-content\/uploads\/2021\/08\/Fuehrungspersonen-ohne-Follower-Warum-ihnen-keiner-folgt_Organisator.jpg\" \/>\n\t<meta property=\"og:image:width\" content=\"680\" \/>\n\t<meta property=\"og:image:height\" content=\"488\" \/>\n\t<meta property=\"og:image:type\" content=\"image\/jpeg\" \/>\n<meta name=\"author\" content=\"thomas.berner\" \/>\n<meta name=\"twitter:card\" content=\"summary_large_image\" \/>\n<meta name=\"twitter:title\" content=\"#F\u00fchrungspersonen ohne #Follower: Warum ihnen keiner folgt\u2026\" \/>\n<meta name=\"twitter:description\" content=\"#F\u00fchrungspersonen ohne #Follower sind keine F\u00fchrungspersonen. Doch je mehr Leute Ihnen folgen, desto st\u00e4rker ist Ihr Einfluss als #Leader.\" \/>\n<meta name=\"twitter:image\" content=\"https:\/\/www.organisator.ch\/wp-content\/uploads\/2021\/08\/Fuehrungspersonen-ohne-Follower-Warum-ihnen-keiner-folgt_Organisator.jpg\" \/>\n<script type=\"application\/ld+json\" class=\"yoast-schema-graph\">{\"@context\":\"https:\\\/\\\/schema.org\",\"@graph\":[{\"@type\":\"Article\",\"@id\":\"https:\\\/\\\/www.organisator.ch\\\/management\\\/2021-08-27\\\/fuehrungspersonen-ohne-follower-warum-ihnen-keiner-folgt\\\/#article\",\"isPartOf\":{\"@id\":\"https:\\\/\\\/www.organisator.ch\\\/management\\\/2021-08-27\\\/fuehrungspersonen-ohne-follower-warum-ihnen-keiner-folgt\\\/\"},\"author\":{\"name\":\"thomas.berner\",\"@id\":\"https:\\\/\\\/www.organisator.ch\\\/#\\\/schema\\\/person\\\/6f650f90b2842cd4c0cc334b4e36f67e\"},\"headline\":\"F\u00fchrungspersonen ohne Follower: Warum ihnen keiner folgt\u2026\",\"datePublished\":\"2021-08-27T07:17:21+00:00\",\"mainEntityOfPage\":{\"@id\":\"https:\\\/\\\/www.organisator.ch\\\/management\\\/2021-08-27\\\/fuehrungspersonen-ohne-follower-warum-ihnen-keiner-folgt\\\/\"},\"wordCount\":440,\"publisher\":{\"@id\":\"https:\\\/\\\/www.organisator.ch\\\/#organization\"},\"image\":{\"@id\":\"https:\\\/\\\/www.organisator.ch\\\/management\\\/2021-08-27\\\/fuehrungspersonen-ohne-follower-warum-ihnen-keiner-folgt\\\/#primaryimage\"},\"thumbnailUrl\":\"https:\\\/\\\/www.organisator.ch\\\/wp-content\\\/uploads\\\/2021\\\/08\\\/Fuehrungspersonen-ohne-Follower-Warum-ihnen-keiner-folgt_Organisator.jpg\",\"keywords\":[\"Checklisten\",\"Erfolgs-Impuls\",\"Leadership\",\"Management und Unternehmensf\u00fchrung\"],\"articleSection\":[\"MANAGEMENT\"],\"inLanguage\":\"fr-FR\"},{\"@type\":\"WebPage\",\"@id\":\"https:\\\/\\\/www.organisator.ch\\\/management\\\/2021-08-27\\\/fuehrungspersonen-ohne-follower-warum-ihnen-keiner-folgt\\\/\",\"url\":\"https:\\\/\\\/www.organisator.ch\\\/management\\\/2021-08-27\\\/fuehrungspersonen-ohne-follower-warum-ihnen-keiner-folgt\\\/\",\"name\":\"F\u00fchrungspersonen ohne Follower: Warum ihnen keiner folgt\u2026 - Organisator\",\"isPartOf\":{\"@id\":\"https:\\\/\\\/www.organisator.ch\\\/#website\"},\"primaryImageOfPage\":{\"@id\":\"https:\\\/\\\/www.organisator.ch\\\/management\\\/2021-08-27\\\/fuehrungspersonen-ohne-follower-warum-ihnen-keiner-folgt\\\/#primaryimage\"},\"image\":{\"@id\":\"https:\\\/\\\/www.organisator.ch\\\/management\\\/2021-08-27\\\/fuehrungspersonen-ohne-follower-warum-ihnen-keiner-folgt\\\/#primaryimage\"},\"thumbnailUrl\":\"https:\\\/\\\/www.organisator.ch\\\/wp-content\\\/uploads\\\/2021\\\/08\\\/Fuehrungspersonen-ohne-Follower-Warum-ihnen-keiner-folgt_Organisator.jpg\",\"datePublished\":\"2021-08-27T07:17:21+00:00\",\"description\":\"F\u00fchrungspersonen ohne Follower sind keine F\u00fchrungspersonen. Doch je mehr Leute Ihnen folgen, desto st\u00e4rker ist Ihr Einfluss als Leader.\",\"breadcrumb\":{\"@id\":\"https:\\\/\\\/www.organisator.ch\\\/management\\\/2021-08-27\\\/fuehrungspersonen-ohne-follower-warum-ihnen-keiner-folgt\\\/#breadcrumb\"},\"inLanguage\":\"fr-FR\",\"potentialAction\":[{\"@type\":\"ReadAction\",\"target\":[\"https:\\\/\\\/www.organisator.ch\\\/management\\\/2021-08-27\\\/fuehrungspersonen-ohne-follower-warum-ihnen-keiner-folgt\\\/\"]}]},{\"@type\":\"ImageObject\",\"inLanguage\":\"fr-FR\",\"@id\":\"https:\\\/\\\/www.organisator.ch\\\/management\\\/2021-08-27\\\/fuehrungspersonen-ohne-follower-warum-ihnen-keiner-folgt\\\/#primaryimage\",\"url\":\"https:\\\/\\\/www.organisator.ch\\\/wp-content\\\/uploads\\\/2021\\\/08\\\/Fuehrungspersonen-ohne-Follower-Warum-ihnen-keiner-folgt_Organisator.jpg\",\"contentUrl\":\"https:\\\/\\\/www.organisator.ch\\\/wp-content\\\/uploads\\\/2021\\\/08\\\/Fuehrungspersonen-ohne-Follower-Warum-ihnen-keiner-folgt_Organisator.jpg\",\"width\":680,\"height\":488,\"caption\":\"Warum wundern sich F\u00fchrungspersonen, dass ihnen die Leute nicht folgen? Der vorliegende Erfolgs-Impuls zeigt Gr\u00fcnde auf. (Bild: Pixabay.com)\"},{\"@type\":\"BreadcrumbList\",\"@id\":\"https:\\\/\\\/www.organisator.ch\\\/management\\\/2021-08-27\\\/fuehrungspersonen-ohne-follower-warum-ihnen-keiner-folgt\\\/#breadcrumb\",\"itemListElement\":[{\"@type\":\"ListItem\",\"position\":1,\"name\":\"Home\",\"item\":\"https:\\\/\\\/www.organisator.ch\\\/\"},{\"@type\":\"ListItem\",\"position\":2,\"name\":\"F\u00fchrungspersonen ohne Follower: Warum ihnen keiner folgt\u2026\"}]},{\"@type\":\"WebSite\",\"@id\":\"https:\\\/\\\/www.organisator.ch\\\/#website\",\"url\":\"https:\\\/\\\/www.organisator.ch\\\/\",\"name\":\"Organisator\",\"description\":\"Kompetent. Praxisnah. Der ORGANISATOR bereitet in 10 Ausgaben pro Jahr die wesentlichen Themen f\u00fcr F\u00fchrungskr\u00e4fte von KMU auf.\",\"publisher\":{\"@id\":\"https:\\\/\\\/www.organisator.ch\\\/#organization\"},\"potentialAction\":[{\"@type\":\"SearchAction\",\"target\":{\"@type\":\"EntryPoint\",\"urlTemplate\":\"https:\\\/\\\/www.organisator.ch\\\/?s={search_term_string}\"},\"query-input\":{\"@type\":\"PropertyValueSpecification\",\"valueRequired\":true,\"valueName\":\"search_term_string\"}}],\"inLanguage\":\"fr-FR\"},{\"@type\":\"Organization\",\"@id\":\"https:\\\/\\\/www.organisator.ch\\\/#organization\",\"name\":\"Organisator\",\"url\":\"https:\\\/\\\/www.organisator.ch\\\/\",\"logo\":{\"@type\":\"ImageObject\",\"inLanguage\":\"fr-FR\",\"@id\":\"https:\\\/\\\/www.organisator.ch\\\/#\\\/schema\\\/logo\\\/image\\\/\",\"url\":\"https:\\\/\\\/www.organisator.ch\\\/wp-content\\\/uploads\\\/2022\\\/01\\\/Logo_Organisator_Website.png\",\"contentUrl\":\"https:\\\/\\\/www.organisator.ch\\\/wp-content\\\/uploads\\\/2022\\\/01\\\/Logo_Organisator_Website.png\",\"width\":800,\"height\":77,\"caption\":\"Organisator\"},\"image\":{\"@id\":\"https:\\\/\\\/www.organisator.ch\\\/#\\\/schema\\\/logo\\\/image\\\/\"},\"sameAs\":[\"https:\\\/\\\/www.facebook.com\\\/OrganisatorFachmagazin\",\"https:\\\/\\\/www.linkedin.com\\\/showcase\\\/organisator-das-magazin-fr-kmu\",\"https:\\\/\\\/www.xing.com\\\/news\\\/pages\\\/organisator-ch-695\",\"https:\\\/\\\/www.youtube.com\\\/channel\\\/UCGP2Sq0iWaZwT3BdIAQFYpw\"]},{\"@type\":\"Person\",\"@id\":\"https:\\\/\\\/www.organisator.ch\\\/#\\\/schema\\\/person\\\/6f650f90b2842cd4c0cc334b4e36f67e\",\"name\":\"thomas.berner\",\"image\":{\"@type\":\"ImageObject\",\"inLanguage\":\"fr-FR\",\"@id\":\"https:\\\/\\\/secure.gravatar.com\\\/avatar\\\/ac5001d2a36cb6c6cd3e50789007ffca834b477b74a2144564522e944eabff61?s=96&d=mm&r=g\",\"url\":\"https:\\\/\\\/secure.gravatar.com\\\/avatar\\\/ac5001d2a36cb6c6cd3e50789007ffca834b477b74a2144564522e944eabff61?s=96&d=mm&r=g\",\"contentUrl\":\"https:\\\/\\\/secure.gravatar.com\\\/avatar\\\/ac5001d2a36cb6c6cd3e50789007ffca834b477b74a2144564522e944eabff61?s=96&d=mm&r=g\",\"caption\":\"thomas.berner\"},\"url\":\"https:\\\/\\\/www.organisator.ch\\\/fr\\\/author\\\/thomas-berner\\\/\"}]}<\/script>\n<!-- \/ Yoast SEO plugin. -->","yoast_head_json":{"title":"Des leaders sans followers : pourquoi personne ne les suit... - Organisateur","description":"Les leaders sans followers ne sont pas des leaders. Mais plus les gens vous suivent, plus votre influence en tant que leader est forte.","robots":{"index":"index","follow":"follow","max-snippet":"max-snippet:-1","max-image-preview":"max-image-preview:large","max-video-preview":"max-video-preview:-1"},"canonical":"https:\/\/www.organisator.ch\/fr\/gestion-2\/2021-08-27\/fuehrungspersonen-ohne-follower-warum-ihnen-keiner-folgt\/","og_locale":"fr_FR","og_type":"article","og_title":"F\u00fchrungspersonen ohne Follower: Warum ihnen keiner folgt\u2026","og_description":"F\u00fchrungspersonen ohne Follower sind keine F\u00fchrungspersonen. Doch je mehr Leute Ihnen folgen, desto st\u00e4rker ist Ihr Einfluss als Leader.","og_url":"https:\/\/www.organisator.ch\/fr\/gestion-2\/2021-08-27\/fuehrungspersonen-ohne-follower-warum-ihnen-keiner-folgt\/","og_site_name":"Organisator","article_publisher":"https:\/\/www.facebook.com\/OrganisatorFachmagazin","article_published_time":"2021-08-27T07:17:21+00:00","og_image":[{"width":680,"height":488,"url":"https:\/\/www.organisator.ch\/wp-content\/uploads\/2021\/08\/Fuehrungspersonen-ohne-Follower-Warum-ihnen-keiner-folgt_Organisator.jpg","type":"image\/jpeg"}],"author":"thomas.berner","twitter_card":"summary_large_image","twitter_title":"#F\u00fchrungspersonen ohne #Follower: Warum ihnen keiner folgt\u2026","twitter_description":"#F\u00fchrungspersonen ohne #Follower sind keine F\u00fchrungspersonen. Doch je mehr Leute Ihnen folgen, desto st\u00e4rker ist Ihr Einfluss als #Leader.","twitter_image":"https:\/\/www.organisator.ch\/wp-content\/uploads\/2021\/08\/Fuehrungspersonen-ohne-Follower-Warum-ihnen-keiner-folgt_Organisator.jpg","schema":{"@context":"https:\/\/schema.org","@graph":[{"@type":"Article","@id":"https:\/\/www.organisator.ch\/management\/2021-08-27\/fuehrungspersonen-ohne-follower-warum-ihnen-keiner-folgt\/#article","isPartOf":{"@id":"https:\/\/www.organisator.ch\/management\/2021-08-27\/fuehrungspersonen-ohne-follower-warum-ihnen-keiner-folgt\/"},"author":{"name":"thomas.berner","@id":"https:\/\/www.organisator.ch\/#\/schema\/person\/6f650f90b2842cd4c0cc334b4e36f67e"},"headline":"F\u00fchrungspersonen ohne Follower: Warum ihnen keiner folgt\u2026","datePublished":"2021-08-27T07:17:21+00:00","mainEntityOfPage":{"@id":"https:\/\/www.organisator.ch\/management\/2021-08-27\/fuehrungspersonen-ohne-follower-warum-ihnen-keiner-folgt\/"},"wordCount":440,"publisher":{"@id":"https:\/\/www.organisator.ch\/#organization"},"image":{"@id":"https:\/\/www.organisator.ch\/management\/2021-08-27\/fuehrungspersonen-ohne-follower-warum-ihnen-keiner-folgt\/#primaryimage"},"thumbnailUrl":"https:\/\/www.organisator.ch\/wp-content\/uploads\/2021\/08\/Fuehrungspersonen-ohne-Follower-Warum-ihnen-keiner-folgt_Organisator.jpg","keywords":["Checklisten","Erfolgs-Impuls","Leadership","Management und Unternehmensf\u00fchrung"],"articleSection":["MANAGEMENT"],"inLanguage":"fr-FR"},{"@type":"WebPage","@id":"https:\/\/www.organisator.ch\/management\/2021-08-27\/fuehrungspersonen-ohne-follower-warum-ihnen-keiner-folgt\/","url":"https:\/\/www.organisator.ch\/management\/2021-08-27\/fuehrungspersonen-ohne-follower-warum-ihnen-keiner-folgt\/","name":"Des leaders sans followers : pourquoi personne ne les suit... - Organisateur","isPartOf":{"@id":"https:\/\/www.organisator.ch\/#website"},"primaryImageOfPage":{"@id":"https:\/\/www.organisator.ch\/management\/2021-08-27\/fuehrungspersonen-ohne-follower-warum-ihnen-keiner-folgt\/#primaryimage"},"image":{"@id":"https:\/\/www.organisator.ch\/management\/2021-08-27\/fuehrungspersonen-ohne-follower-warum-ihnen-keiner-folgt\/#primaryimage"},"thumbnailUrl":"https:\/\/www.organisator.ch\/wp-content\/uploads\/2021\/08\/Fuehrungspersonen-ohne-Follower-Warum-ihnen-keiner-folgt_Organisator.jpg","datePublished":"2021-08-27T07:17:21+00:00","description":"Les leaders sans followers ne sont pas des leaders. Mais plus les gens vous suivent, plus votre influence en tant que leader est forte.","breadcrumb":{"@id":"https:\/\/www.organisator.ch\/management\/2021-08-27\/fuehrungspersonen-ohne-follower-warum-ihnen-keiner-folgt\/#breadcrumb"},"inLanguage":"fr-FR","potentialAction":[{"@type":"ReadAction","target":["https:\/\/www.organisator.ch\/management\/2021-08-27\/fuehrungspersonen-ohne-follower-warum-ihnen-keiner-folgt\/"]}]},{"@type":"ImageObject","inLanguage":"fr-FR","@id":"https:\/\/www.organisator.ch\/management\/2021-08-27\/fuehrungspersonen-ohne-follower-warum-ihnen-keiner-folgt\/#primaryimage","url":"https:\/\/www.organisator.ch\/wp-content\/uploads\/2021\/08\/Fuehrungspersonen-ohne-Follower-Warum-ihnen-keiner-folgt_Organisator.jpg","contentUrl":"https:\/\/www.organisator.ch\/wp-content\/uploads\/2021\/08\/Fuehrungspersonen-ohne-Follower-Warum-ihnen-keiner-folgt_Organisator.jpg","width":680,"height":488,"caption":"Warum wundern sich F\u00fchrungspersonen, dass ihnen die Leute nicht folgen? Der vorliegende Erfolgs-Impuls zeigt Gr\u00fcnde auf. (Bild: Pixabay.com)"},{"@type":"BreadcrumbList","@id":"https:\/\/www.organisator.ch\/management\/2021-08-27\/fuehrungspersonen-ohne-follower-warum-ihnen-keiner-folgt\/#breadcrumb","itemListElement":[{"@type":"ListItem","position":1,"name":"Home","item":"https:\/\/www.organisator.ch\/"},{"@type":"ListItem","position":2,"name":"F\u00fchrungspersonen ohne Follower: Warum ihnen keiner folgt\u2026"}]},{"@type":"WebSite","@id":"https:\/\/www.organisator.ch\/#website","url":"https:\/\/www.organisator.ch\/","name":"Organisateur","description":"Comp\u00e9tence et comp\u00e9tence. Proches de la pratique. L'ORGANISATEUR pr\u00e9pare 10 num\u00e9ros par an sur les th\u00e8mes essentiels pour les dirigeants de PME.","publisher":{"@id":"https:\/\/www.organisator.ch\/#organization"},"potentialAction":[{"@type":"SearchAction","target":{"@type":"EntryPoint","urlTemplate":"https:\/\/www.organisator.ch\/?s={search_term_string}"},"query-input":{"@type":"PropertyValueSpecification","valueRequired":true,"valueName":"search_term_string"}}],"inLanguage":"fr-FR"},{"@type":"Organization","@id":"https:\/\/www.organisator.ch\/#organization","name":"Organisateur","url":"https:\/\/www.organisator.ch\/","logo":{"@type":"ImageObject","inLanguage":"fr-FR","@id":"https:\/\/www.organisator.ch\/#\/schema\/logo\/image\/","url":"https:\/\/www.organisator.ch\/wp-content\/uploads\/2022\/01\/Logo_Organisator_Website.png","contentUrl":"https:\/\/www.organisator.ch\/wp-content\/uploads\/2022\/01\/Logo_Organisator_Website.png","width":800,"height":77,"caption":"Organisator"},"image":{"@id":"https:\/\/www.organisator.ch\/#\/schema\/logo\/image\/"},"sameAs":["https:\/\/www.facebook.com\/OrganisatorFachmagazin","https:\/\/www.linkedin.com\/showcase\/organisator-das-magazin-fr-kmu","https:\/\/www.xing.com\/news\/pages\/organisator-ch-695","https:\/\/www.youtube.com\/channel\/UCGP2Sq0iWaZwT3BdIAQFYpw"]},{"@type":"Person","@id":"https:\/\/www.organisator.ch\/#\/schema\/person\/6f650f90b2842cd4c0cc334b4e36f67e","name":"thomas.berner","image":{"@type":"ImageObject","inLanguage":"fr-FR","@id":"https:\/\/secure.gravatar.com\/avatar\/ac5001d2a36cb6c6cd3e50789007ffca834b477b74a2144564522e944eabff61?s=96&d=mm&r=g","url":"https:\/\/secure.gravatar.com\/avatar\/ac5001d2a36cb6c6cd3e50789007ffca834b477b74a2144564522e944eabff61?s=96&d=mm&r=g","contentUrl":"https:\/\/secure.gravatar.com\/avatar\/ac5001d2a36cb6c6cd3e50789007ffca834b477b74a2144564522e944eabff61?s=96&d=mm&r=g","caption":"thomas.berner"},"url":"https:\/\/www.organisator.ch\/fr\/author\/thomas-berner\/"}]}},"_links":{"self":[{"href":"https:\/\/www.organisator.ch\/fr\/wp-json\/wp\/v2\/posts\/8437","targetHints":{"allow":["GET"]}}],"collection":[{"href":"https:\/\/www.organisator.ch\/fr\/wp-json\/wp\/v2\/posts"}],"about":[{"href":"https:\/\/www.organisator.ch\/fr\/wp-json\/wp\/v2\/types\/post"}],"author":[{"embeddable":true,"href":"https:\/\/www.organisator.ch\/fr\/wp-json\/wp\/v2\/users\/4"}],"replies":[{"embeddable":true,"href":"https:\/\/www.organisator.ch\/fr\/wp-json\/wp\/v2\/comments?post=8437"}],"version-history":[{"count":0,"href":"https:\/\/www.organisator.ch\/fr\/wp-json\/wp\/v2\/posts\/8437\/revisions"}],"wp:featuredmedia":[{"embeddable":true,"href":"https:\/\/www.organisator.ch\/fr\/wp-json\/wp\/v2\/media\/8438"}],"wp:attachment":[{"href":"https:\/\/www.organisator.ch\/fr\/wp-json\/wp\/v2\/media?parent=8437"}],"wp:term":[{"taxonomy":"category","embeddable":true,"href":"https:\/\/www.organisator.ch\/fr\/wp-json\/wp\/v2\/categories?post=8437"},{"taxonomy":"post_tag","embeddable":true,"href":"https:\/\/www.organisator.ch\/fr\/wp-json\/wp\/v2\/tags?post=8437"}],"curies":[{"name":"wp","href":"https:\/\/api.w.org\/{rel}","templated":true}]}}