{"id":844,"date":"2016-07-04T17:11:42","date_gmt":"2016-07-04T15:11:42","guid":{"rendered":"http:\/\/dev.organisator.ch\/?p=844"},"modified":"2016-07-04T17:11:42","modified_gmt":"2016-07-04T15:11:42","slug":"zunahme-der-firmenpleiten-um-sechs-prozent","status":"publish","type":"post","link":"https:\/\/www.organisator.ch\/fr\/allgemein\/2016-07-04\/zunahme-der-firmenpleiten-um-sechs-prozent\/","title":{"rendered":"Augmentation de six pour cent des faillites d'entreprises"},"content":{"rendered":"<figure id=\"attachment_845\" aria-describedby=\"caption-attachment-845\" style=\"width: 680px\" class=\"wp-caption alignnone\"><img loading=\"lazy\" decoding=\"async\" class=\"size-medium wp-image-845\" src=\"https:\/\/organisator.ch\/wp-content\/uploads\/2016\/12\/Zunahme-der-Firmenpleiten-um-sechs-Prozent-organisator.jpg\" alt=\"\" width=\"680\" height=\"453\" srcset=\"https:\/\/www.organisator.ch\/wp-content\/uploads\/2016\/12\/Zunahme-der-Firmenpleiten-um-sechs-Prozent-organisator.jpg 1732w, https:\/\/www.organisator.ch\/wp-content\/uploads\/2016\/12\/Zunahme-der-Firmenpleiten-um-sechs-Prozent-organisator-680x453.jpg 680w, https:\/\/www.organisator.ch\/wp-content\/uploads\/2016\/12\/Zunahme-der-Firmenpleiten-um-sechs-Prozent-organisator-1024x683.jpg 1024w, https:\/\/www.organisator.ch\/wp-content\/uploads\/2016\/12\/Zunahme-der-Firmenpleiten-um-sechs-Prozent-organisator-768x512.jpg 768w, https:\/\/www.organisator.ch\/wp-content\/uploads\/2016\/12\/Zunahme-der-Firmenpleiten-um-sechs-Prozent-organisator-1536x1024.jpg 1536w, https:\/\/www.organisator.ch\/wp-content\/uploads\/2016\/12\/Zunahme-der-Firmenpleiten-um-sechs-Prozent-organisator-16x12.jpg 16w, https:\/\/www.organisator.ch\/wp-content\/uploads\/2016\/12\/Zunahme-der-Firmenpleiten-um-sechs-Prozent-organisator-262x175.jpg 262w, https:\/\/www.organisator.ch\/wp-content\/uploads\/2016\/12\/Zunahme-der-Firmenpleiten-um-sechs-Prozent-organisator-525x350.jpg 525w, https:\/\/www.organisator.ch\/wp-content\/uploads\/2016\/12\/Zunahme-der-Firmenpleiten-um-sechs-Prozent-organisator-1200x800.jpg 1200w, https:\/\/www.organisator.ch\/wp-content\/uploads\/2016\/12\/Zunahme-der-Firmenpleiten-um-sechs-Prozent-organisator-920x614.jpg 920w, https:\/\/www.organisator.ch\/wp-content\/uploads\/2016\/12\/Zunahme-der-Firmenpleiten-um-sechs-Prozent-organisator-1400x934.jpg 1400w, https:\/\/www.organisator.ch\/wp-content\/uploads\/2016\/12\/Zunahme-der-Firmenpleiten-um-sechs-Prozent-organisator-300x200.jpg 300w\" sizes=\"auto, (max-width: 680px) 100vw, 680px\" \/><figcaption id=\"caption-attachment-845\" class=\"wp-caption-text\">Pour les petites entreprises, il est de plus en plus difficile de s'imposer face aux grands acteurs.<\/figcaption><\/figure>\n<p>En ce qui concerne les d\u00e9p\u00f4ts de bilan, la Suisse romande a \u00e9t\u00e9 particuli\u00e8rement touch\u00e9e. Selon l'\u00e9tude Bisnode \"Faillites et cr\u00e9ations d'entreprises en mai 2016\", les faillites d'entreprises ont augment\u00e9 de 23% en Suisse romande. D'une mani\u00e8re g\u00e9n\u00e9rale, une prudence particuli\u00e8re est de mise pour les entreprises du secteur de la construction, les entreprises de restauration et les artisans qui souhaitent \u00eatre livr\u00e9s sur facture.<\/p>\n<p>Dans ces branches jusqu'ici classiques, le risque de faillite est massivement accru - et dans le pire des cas, les fournisseurs concern\u00e9s d'entreprises en faillite restent assis sur leurs factures impay\u00e9es. C'est pourquoi Bisnode D&amp;B recommande un examen approfondi des partenaires commerciaux. - Mais ce ne sont pas seulement les faillites qui ont augment\u00e9, mais aussi les cr\u00e9ations d'entreprises.<\/p>\n<p>Au total, 17 086 entreprises ont \u00e9t\u00e9 inscrites au registre du commerce entre janvier et mai, ce qui repr\u00e9sente une augmentation de deux pour cent.<\/p>\n<p>T\u00e9l\u00e9charger l'\u00e9tude Faillites et cr\u00e9ations d'entreprises au mois de mai 2016 dans ce pays <a href=\"https:\/\/www.bisnode.ch\/de\/1394\/Konkurse-und-Gr%C3%BCndungen-per-Mai-2016.htm\" target=\"_blank\" data-cke-saved-href=\"https:\/\/www.bisnode.ch\/de\/1394\/Konkurse-und-Gr%C3%BCndungen-per-Mai-2016.htm\" rel=\"noopener\">Lien<\/a><\/p>","protected":false},"excerpt":{"rendered":"<p>Bez\u00fcglich Konkursanmeldungen hat es die Romandie besonders hart getroffen. Gem\u00e4ss der Bisnode &#8222;Konkurse und Gr\u00fcndungen per Mai 2016&#8220; stiegen in der franz\u00f6sischen Schweiz die Unternehmenskonkurse um ganze 23 Prozent an. Generelle sei besondere Vorsicht geboten, wenn Unternehmen aus der Baubranche, Gastrobetriebe sowie Handwerker auf Rechnung beliefert werden wollen. In diesen bisher klassischen Branchen besteht ein [&hellip;]<\/p>\n","protected":false},"author":1,"featured_media":845,"comment_status":"open","ping_status":"open","sticky":false,"template":"","format":"standard","meta":{"_acf_changed":false,"_yoast_wpseo_focuskw":"Firmenpleiten","_yoast_wpseo_metadesc":"Ein aktueller \u00dcberblick des Bisnode D&B Wirtschaftsinformationsdienstes hebt hervor: 1\u2018933 Firmenpleiten von Januar bis Mai 2016 in der Schweiz.","articlekey":"","footnotes":""},"categories":[1],"tags":[119],"class_list":["post-844","post","type-post","status-publish","format-standard","has-post-thumbnail","hentry","category-allgemein","tag-checklisten-startupsunternehmensgruendung"],"acf":[],"yoast_head":"<!-- This site is optimized with the Yoast SEO plugin v27.5 - https:\/\/yoast.com\/product\/yoast-seo-wordpress\/ -->\n<title>Zunahme der Firmenpleiten um sechs Prozent - Organisator<\/title>\n<meta name=\"description\" content=\"Ein aktueller \u00dcberblick des Bisnode D&amp;B Wirtschaftsinformationsdienstes hebt hervor: 1\u2018933 Firmenpleiten von Januar bis Mai 2016 in der Schweiz.\" \/>\n<meta name=\"robots\" content=\"index, follow, max-snippet:-1, max-image-preview:large, max-video-preview:-1\" \/>\n<link rel=\"canonical\" href=\"https:\/\/www.organisator.ch\/fr\/general\/2016-07-04\/zunahme-der-firmenpleiten-um-sechs-prozent\/\" \/>\n<meta property=\"og:locale\" content=\"fr_FR\" \/>\n<meta property=\"og:type\" content=\"article\" \/>\n<meta property=\"og:title\" content=\"Zunahme der Firmenpleiten um sechs Prozent\" \/>\n<meta property=\"og:description\" content=\"Ein aktueller \u00dcberblick des Bisnode D&amp;B Wirtschaftsinformationsdienstes hebt hervor: 1\u2018933 Firmenpleiten von Januar bis Mai 2016 in der Schweiz; dies entspricht einer Zunahme um sechs Prozent gegen\u00fcber der Vorjahresperiode. Besonders negativ f\u00e4llt hierbei leider die franz\u00f6sischsprachige Unternehmensseite der Schweiz auf.\" \/>\n<meta property=\"og:url\" content=\"https:\/\/www.organisator.ch\/fr\/general\/2016-07-04\/zunahme-der-firmenpleiten-um-sechs-prozent\/\" \/>\n<meta property=\"og:site_name\" content=\"Organisator\" \/>\n<meta property=\"article:publisher\" content=\"https:\/\/www.facebook.com\/OrganisatorFachmagazin\" \/>\n<meta property=\"article:published_time\" content=\"2016-07-04T15:11:42+00:00\" \/>\n<meta name=\"author\" content=\"admin\" \/>\n<meta name=\"twitter:card\" content=\"summary_large_image\" \/>\n<meta name=\"twitter:image\" content=\"https:\/\/www.organisator.ch\/wp-content\/uploads\/2016\/12\/Zunahme-der-Firmenpleiten-um-sechs-Prozent-organisator.jpg\" \/>\n<script type=\"application\/ld+json\" class=\"yoast-schema-graph\">{\"@context\":\"https:\\\/\\\/schema.org\",\"@graph\":[{\"@type\":\"Article\",\"@id\":\"https:\\\/\\\/www.organisator.ch\\\/en\\\/general\\\/2016-07-04\\\/zunahme-der-firmenpleiten-um-sechs-prozent\\\/#article\",\"isPartOf\":{\"@id\":\"https:\\\/\\\/www.organisator.ch\\\/en\\\/general\\\/2016-07-04\\\/zunahme-der-firmenpleiten-um-sechs-prozent\\\/\"},\"author\":{\"name\":\"admin\",\"@id\":\"https:\\\/\\\/www.organisator.ch\\\/#\\\/schema\\\/person\\\/aa2bace6c5c5aad60102004a50c4eb1c\"},\"headline\":\"Zunahme der Firmenpleiten um sechs Prozent\",\"datePublished\":\"2016-07-04T15:11:42+00:00\",\"mainEntityOfPage\":{\"@id\":\"https:\\\/\\\/www.organisator.ch\\\/en\\\/general\\\/2016-07-04\\\/zunahme-der-firmenpleiten-um-sechs-prozent\\\/\"},\"wordCount\":157,\"commentCount\":0,\"publisher\":{\"@id\":\"https:\\\/\\\/www.organisator.ch\\\/#organization\"},\"image\":{\"@id\":\"https:\\\/\\\/www.organisator.ch\\\/en\\\/general\\\/2016-07-04\\\/zunahme-der-firmenpleiten-um-sechs-prozent\\\/#primaryimage\"},\"thumbnailUrl\":\"https:\\\/\\\/www.organisator.ch\\\/wp-content\\\/uploads\\\/2016\\\/12\\\/Zunahme-der-Firmenpleiten-um-sechs-Prozent-organisator.jpg\",\"keywords\":[\"Checklisten \u00abStartups\\\/Unternehmensgr\u00fcndung\"],\"articleSection\":[\"Allgemein\"],\"inLanguage\":\"fr-FR\"},{\"@type\":\"WebPage\",\"@id\":\"https:\\\/\\\/www.organisator.ch\\\/en\\\/general\\\/2016-07-04\\\/zunahme-der-firmenpleiten-um-sechs-prozent\\\/\",\"url\":\"https:\\\/\\\/www.organisator.ch\\\/en\\\/general\\\/2016-07-04\\\/zunahme-der-firmenpleiten-um-sechs-prozent\\\/\",\"name\":\"Zunahme der Firmenpleiten um sechs Prozent - Organisator\",\"isPartOf\":{\"@id\":\"https:\\\/\\\/www.organisator.ch\\\/#website\"},\"primaryImageOfPage\":{\"@id\":\"https:\\\/\\\/www.organisator.ch\\\/en\\\/general\\\/2016-07-04\\\/zunahme-der-firmenpleiten-um-sechs-prozent\\\/#primaryimage\"},\"image\":{\"@id\":\"https:\\\/\\\/www.organisator.ch\\\/en\\\/general\\\/2016-07-04\\\/zunahme-der-firmenpleiten-um-sechs-prozent\\\/#primaryimage\"},\"thumbnailUrl\":\"https:\\\/\\\/www.organisator.ch\\\/wp-content\\\/uploads\\\/2016\\\/12\\\/Zunahme-der-Firmenpleiten-um-sechs-Prozent-organisator.jpg\",\"datePublished\":\"2016-07-04T15:11:42+00:00\",\"description\":\"Ein aktueller \u00dcberblick des Bisnode D&B Wirtschaftsinformationsdienstes hebt hervor: 1\u2018933 Firmenpleiten von Januar bis Mai 2016 in der Schweiz.\",\"breadcrumb\":{\"@id\":\"https:\\\/\\\/www.organisator.ch\\\/en\\\/general\\\/2016-07-04\\\/zunahme-der-firmenpleiten-um-sechs-prozent\\\/#breadcrumb\"},\"inLanguage\":\"fr-FR\",\"potentialAction\":[{\"@type\":\"ReadAction\",\"target\":[\"https:\\\/\\\/www.organisator.ch\\\/en\\\/general\\\/2016-07-04\\\/zunahme-der-firmenpleiten-um-sechs-prozent\\\/\"]}]},{\"@type\":\"ImageObject\",\"inLanguage\":\"fr-FR\",\"@id\":\"https:\\\/\\\/www.organisator.ch\\\/en\\\/general\\\/2016-07-04\\\/zunahme-der-firmenpleiten-um-sechs-prozent\\\/#primaryimage\",\"url\":\"https:\\\/\\\/www.organisator.ch\\\/wp-content\\\/uploads\\\/2016\\\/12\\\/Zunahme-der-Firmenpleiten-um-sechs-Prozent-organisator.jpg\",\"contentUrl\":\"https:\\\/\\\/www.organisator.ch\\\/wp-content\\\/uploads\\\/2016\\\/12\\\/Zunahme-der-Firmenpleiten-um-sechs-Prozent-organisator.jpg\",\"width\":1732,\"height\":1155,\"caption\":\"F\u00fcr kleine Unternehmen wird es immer schwieriger sich gegen grosse Player zu behaupten.\"},{\"@type\":\"BreadcrumbList\",\"@id\":\"https:\\\/\\\/www.organisator.ch\\\/en\\\/general\\\/2016-07-04\\\/zunahme-der-firmenpleiten-um-sechs-prozent\\\/#breadcrumb\",\"itemListElement\":[{\"@type\":\"ListItem\",\"position\":1,\"name\":\"Home\",\"item\":\"https:\\\/\\\/www.organisator.ch\\\/\"},{\"@type\":\"ListItem\",\"position\":2,\"name\":\"Zunahme der Firmenpleiten um sechs Prozent\"}]},{\"@type\":\"WebSite\",\"@id\":\"https:\\\/\\\/www.organisator.ch\\\/#website\",\"url\":\"https:\\\/\\\/www.organisator.ch\\\/\",\"name\":\"Organisator\",\"description\":\"Kompetent. Praxisnah. Der ORGANISATOR bereitet in 10 Ausgaben pro Jahr die wesentlichen Themen f\u00fcr F\u00fchrungskr\u00e4fte von KMU auf.\",\"publisher\":{\"@id\":\"https:\\\/\\\/www.organisator.ch\\\/#organization\"},\"potentialAction\":[{\"@type\":\"SearchAction\",\"target\":{\"@type\":\"EntryPoint\",\"urlTemplate\":\"https:\\\/\\\/www.organisator.ch\\\/?s={search_term_string}\"},\"query-input\":{\"@type\":\"PropertyValueSpecification\",\"valueRequired\":true,\"valueName\":\"search_term_string\"}}],\"inLanguage\":\"fr-FR\"},{\"@type\":\"Organization\",\"@id\":\"https:\\\/\\\/www.organisator.ch\\\/#organization\",\"name\":\"Organisator\",\"url\":\"https:\\\/\\\/www.organisator.ch\\\/\",\"logo\":{\"@type\":\"ImageObject\",\"inLanguage\":\"fr-FR\",\"@id\":\"https:\\\/\\\/www.organisator.ch\\\/#\\\/schema\\\/logo\\\/image\\\/\",\"url\":\"https:\\\/\\\/www.organisator.ch\\\/wp-content\\\/uploads\\\/2022\\\/01\\\/Logo_Organisator_Website.png\",\"contentUrl\":\"https:\\\/\\\/www.organisator.ch\\\/wp-content\\\/uploads\\\/2022\\\/01\\\/Logo_Organisator_Website.png\",\"width\":800,\"height\":77,\"caption\":\"Organisator\"},\"image\":{\"@id\":\"https:\\\/\\\/www.organisator.ch\\\/#\\\/schema\\\/logo\\\/image\\\/\"},\"sameAs\":[\"https:\\\/\\\/www.facebook.com\\\/OrganisatorFachmagazin\",\"https:\\\/\\\/www.linkedin.com\\\/showcase\\\/organisator-das-magazin-fr-kmu\",\"https:\\\/\\\/www.xing.com\\\/news\\\/pages\\\/organisator-ch-695\",\"https:\\\/\\\/www.youtube.com\\\/channel\\\/UCGP2Sq0iWaZwT3BdIAQFYpw\"]},{\"@type\":\"Person\",\"@id\":\"https:\\\/\\\/www.organisator.ch\\\/#\\\/schema\\\/person\\\/aa2bace6c5c5aad60102004a50c4eb1c\",\"name\":\"admin\",\"image\":{\"@type\":\"ImageObject\",\"inLanguage\":\"fr-FR\",\"@id\":\"https:\\\/\\\/secure.gravatar.com\\\/avatar\\\/ae2f4d718e6c49043e314ce431e7e645d646302a24a5ef5a8bc8e3f5a032e319?s=96&d=mm&r=g\",\"url\":\"https:\\\/\\\/secure.gravatar.com\\\/avatar\\\/ae2f4d718e6c49043e314ce431e7e645d646302a24a5ef5a8bc8e3f5a032e319?s=96&d=mm&r=g\",\"contentUrl\":\"https:\\\/\\\/secure.gravatar.com\\\/avatar\\\/ae2f4d718e6c49043e314ce431e7e645d646302a24a5ef5a8bc8e3f5a032e319?s=96&d=mm&r=g\",\"caption\":\"admin\"},\"sameAs\":[\"https:\\\/\\\/www.organisator.ch\"],\"url\":\"https:\\\/\\\/www.organisator.ch\\\/fr\\\/author\\\/admin\\\/\"}]}<\/script>\n<!-- \/ Yoast SEO plugin. -->","yoast_head_json":{"title":"Augmentation de six pour cent des faillites d'entreprises - Organisateur","description":"Un aper\u00e7u actuel du service d'information \u00e9conomique Bisnode D&amp;B souligne : 1'933 faillites d'entreprises de janvier \u00e0 mai 2016 en Suisse.","robots":{"index":"index","follow":"follow","max-snippet":"max-snippet:-1","max-image-preview":"max-image-preview:large","max-video-preview":"max-video-preview:-1"},"canonical":"https:\/\/www.organisator.ch\/fr\/general\/2016-07-04\/zunahme-der-firmenpleiten-um-sechs-prozent\/","og_locale":"fr_FR","og_type":"article","og_title":"Zunahme der Firmenpleiten um sechs Prozent","og_description":"Ein aktueller \u00dcberblick des Bisnode D&B Wirtschaftsinformationsdienstes hebt hervor: 1\u2018933 Firmenpleiten von Januar bis Mai 2016 in der Schweiz; dies entspricht einer Zunahme um sechs Prozent gegen\u00fcber der Vorjahresperiode. Besonders negativ f\u00e4llt hierbei leider die franz\u00f6sischsprachige Unternehmensseite der Schweiz auf.","og_url":"https:\/\/www.organisator.ch\/fr\/general\/2016-07-04\/zunahme-der-firmenpleiten-um-sechs-prozent\/","og_site_name":"Organisator","article_publisher":"https:\/\/www.facebook.com\/OrganisatorFachmagazin","article_published_time":"2016-07-04T15:11:42+00:00","author":"admin","twitter_card":"summary_large_image","twitter_image":"https:\/\/www.organisator.ch\/wp-content\/uploads\/2016\/12\/Zunahme-der-Firmenpleiten-um-sechs-Prozent-organisator.jpg","schema":{"@context":"https:\/\/schema.org","@graph":[{"@type":"Article","@id":"https:\/\/www.organisator.ch\/en\/general\/2016-07-04\/zunahme-der-firmenpleiten-um-sechs-prozent\/#article","isPartOf":{"@id":"https:\/\/www.organisator.ch\/en\/general\/2016-07-04\/zunahme-der-firmenpleiten-um-sechs-prozent\/"},"author":{"name":"admin","@id":"https:\/\/www.organisator.ch\/#\/schema\/person\/aa2bace6c5c5aad60102004a50c4eb1c"},"headline":"Zunahme der Firmenpleiten um sechs Prozent","datePublished":"2016-07-04T15:11:42+00:00","mainEntityOfPage":{"@id":"https:\/\/www.organisator.ch\/en\/general\/2016-07-04\/zunahme-der-firmenpleiten-um-sechs-prozent\/"},"wordCount":157,"commentCount":0,"publisher":{"@id":"https:\/\/www.organisator.ch\/#organization"},"image":{"@id":"https:\/\/www.organisator.ch\/en\/general\/2016-07-04\/zunahme-der-firmenpleiten-um-sechs-prozent\/#primaryimage"},"thumbnailUrl":"https:\/\/www.organisator.ch\/wp-content\/uploads\/2016\/12\/Zunahme-der-Firmenpleiten-um-sechs-Prozent-organisator.jpg","keywords":["Checklisten \u00abStartups\/Unternehmensgr\u00fcndung"],"articleSection":["Allgemein"],"inLanguage":"fr-FR"},{"@type":"WebPage","@id":"https:\/\/www.organisator.ch\/en\/general\/2016-07-04\/zunahme-der-firmenpleiten-um-sechs-prozent\/","url":"https:\/\/www.organisator.ch\/en\/general\/2016-07-04\/zunahme-der-firmenpleiten-um-sechs-prozent\/","name":"Augmentation de six pour cent des faillites d'entreprises - Organisateur","isPartOf":{"@id":"https:\/\/www.organisator.ch\/#website"},"primaryImageOfPage":{"@id":"https:\/\/www.organisator.ch\/en\/general\/2016-07-04\/zunahme-der-firmenpleiten-um-sechs-prozent\/#primaryimage"},"image":{"@id":"https:\/\/www.organisator.ch\/en\/general\/2016-07-04\/zunahme-der-firmenpleiten-um-sechs-prozent\/#primaryimage"},"thumbnailUrl":"https:\/\/www.organisator.ch\/wp-content\/uploads\/2016\/12\/Zunahme-der-Firmenpleiten-um-sechs-Prozent-organisator.jpg","datePublished":"2016-07-04T15:11:42+00:00","description":"Un aper\u00e7u actuel du service d'information \u00e9conomique Bisnode D&amp;B souligne : 1'933 faillites d'entreprises de janvier \u00e0 mai 2016 en Suisse.","breadcrumb":{"@id":"https:\/\/www.organisator.ch\/en\/general\/2016-07-04\/zunahme-der-firmenpleiten-um-sechs-prozent\/#breadcrumb"},"inLanguage":"fr-FR","potentialAction":[{"@type":"ReadAction","target":["https:\/\/www.organisator.ch\/en\/general\/2016-07-04\/zunahme-der-firmenpleiten-um-sechs-prozent\/"]}]},{"@type":"ImageObject","inLanguage":"fr-FR","@id":"https:\/\/www.organisator.ch\/en\/general\/2016-07-04\/zunahme-der-firmenpleiten-um-sechs-prozent\/#primaryimage","url":"https:\/\/www.organisator.ch\/wp-content\/uploads\/2016\/12\/Zunahme-der-Firmenpleiten-um-sechs-Prozent-organisator.jpg","contentUrl":"https:\/\/www.organisator.ch\/wp-content\/uploads\/2016\/12\/Zunahme-der-Firmenpleiten-um-sechs-Prozent-organisator.jpg","width":1732,"height":1155,"caption":"F\u00fcr kleine Unternehmen wird es immer schwieriger sich gegen grosse Player zu behaupten."},{"@type":"BreadcrumbList","@id":"https:\/\/www.organisator.ch\/en\/general\/2016-07-04\/zunahme-der-firmenpleiten-um-sechs-prozent\/#breadcrumb","itemListElement":[{"@type":"ListItem","position":1,"name":"Home","item":"https:\/\/www.organisator.ch\/"},{"@type":"ListItem","position":2,"name":"Zunahme der Firmenpleiten um sechs Prozent"}]},{"@type":"WebSite","@id":"https:\/\/www.organisator.ch\/#website","url":"https:\/\/www.organisator.ch\/","name":"Organisateur","description":"Comp\u00e9tence et comp\u00e9tence. Proches de la pratique. L'ORGANISATEUR pr\u00e9pare 10 num\u00e9ros par an sur les th\u00e8mes essentiels pour les dirigeants de PME.","publisher":{"@id":"https:\/\/www.organisator.ch\/#organization"},"potentialAction":[{"@type":"SearchAction","target":{"@type":"EntryPoint","urlTemplate":"https:\/\/www.organisator.ch\/?s={search_term_string}"},"query-input":{"@type":"PropertyValueSpecification","valueRequired":true,"valueName":"search_term_string"}}],"inLanguage":"fr-FR"},{"@type":"Organization","@id":"https:\/\/www.organisator.ch\/#organization","name":"Organisateur","url":"https:\/\/www.organisator.ch\/","logo":{"@type":"ImageObject","inLanguage":"fr-FR","@id":"https:\/\/www.organisator.ch\/#\/schema\/logo\/image\/","url":"https:\/\/www.organisator.ch\/wp-content\/uploads\/2022\/01\/Logo_Organisator_Website.png","contentUrl":"https:\/\/www.organisator.ch\/wp-content\/uploads\/2022\/01\/Logo_Organisator_Website.png","width":800,"height":77,"caption":"Organisator"},"image":{"@id":"https:\/\/www.organisator.ch\/#\/schema\/logo\/image\/"},"sameAs":["https:\/\/www.facebook.com\/OrganisatorFachmagazin","https:\/\/www.linkedin.com\/showcase\/organisator-das-magazin-fr-kmu","https:\/\/www.xing.com\/news\/pages\/organisator-ch-695","https:\/\/www.youtube.com\/channel\/UCGP2Sq0iWaZwT3BdIAQFYpw"]},{"@type":"Person","@id":"https:\/\/www.organisator.ch\/#\/schema\/person\/aa2bace6c5c5aad60102004a50c4eb1c","name":"admin","image":{"@type":"ImageObject","inLanguage":"fr-FR","@id":"https:\/\/secure.gravatar.com\/avatar\/ae2f4d718e6c49043e314ce431e7e645d646302a24a5ef5a8bc8e3f5a032e319?s=96&d=mm&r=g","url":"https:\/\/secure.gravatar.com\/avatar\/ae2f4d718e6c49043e314ce431e7e645d646302a24a5ef5a8bc8e3f5a032e319?s=96&d=mm&r=g","contentUrl":"https:\/\/secure.gravatar.com\/avatar\/ae2f4d718e6c49043e314ce431e7e645d646302a24a5ef5a8bc8e3f5a032e319?s=96&d=mm&r=g","caption":"admin"},"sameAs":["https:\/\/www.organisator.ch"],"url":"https:\/\/www.organisator.ch\/fr\/author\/admin\/"}]}},"_links":{"self":[{"href":"https:\/\/www.organisator.ch\/fr\/wp-json\/wp\/v2\/posts\/844","targetHints":{"allow":["GET"]}}],"collection":[{"href":"https:\/\/www.organisator.ch\/fr\/wp-json\/wp\/v2\/posts"}],"about":[{"href":"https:\/\/www.organisator.ch\/fr\/wp-json\/wp\/v2\/types\/post"}],"author":[{"embeddable":true,"href":"https:\/\/www.organisator.ch\/fr\/wp-json\/wp\/v2\/users\/1"}],"replies":[{"embeddable":true,"href":"https:\/\/www.organisator.ch\/fr\/wp-json\/wp\/v2\/comments?post=844"}],"version-history":[{"count":0,"href":"https:\/\/www.organisator.ch\/fr\/wp-json\/wp\/v2\/posts\/844\/revisions"}],"wp:featuredmedia":[{"embeddable":true,"href":"https:\/\/www.organisator.ch\/fr\/wp-json\/wp\/v2\/media\/845"}],"wp:attachment":[{"href":"https:\/\/www.organisator.ch\/fr\/wp-json\/wp\/v2\/media?parent=844"}],"wp:term":[{"taxonomy":"category","embeddable":true,"href":"https:\/\/www.organisator.ch\/fr\/wp-json\/wp\/v2\/categories?post=844"},{"taxonomy":"post_tag","embeddable":true,"href":"https:\/\/www.organisator.ch\/fr\/wp-json\/wp\/v2\/tags?post=844"}],"curies":[{"name":"wp","href":"https:\/\/api.w.org\/{rel}","templated":true}]}}