{"id":85,"date":"2016-01-26T15:03:56","date_gmt":"2016-01-26T14:03:56","guid":{"rendered":"http:\/\/dev.organisator.ch\/?p=85"},"modified":"2016-01-26T15:03:56","modified_gmt":"2016-01-26T14:03:56","slug":"oetiker-gruppe-gewinnt-prix-svc-wirtschaftsraum-zuerich","status":"publish","type":"post","link":"https:\/\/www.organisator.ch\/fr\/allgemein\/2016-01-26\/oetiker-gruppe-gewinnt-prix-svc-wirtschaftsraum-zuerich\/","title":{"rendered":"Le groupe Oetiker remporte le Prix SVC Wirtschaftsraum Z\u00fcrich"},"content":{"rendered":"<figure id=\"attachment_86\" aria-describedby=\"caption-attachment-86\" style=\"width: 341px\" class=\"wp-caption alignnone\"><img loading=\"lazy\" decoding=\"async\" class=\"size-full wp-image-86\" src=\"https:\/\/www.organisator.ch\/wp-content\/uploads\/2016\/12\/Oetiker-Gruppe-gewinnt-Prix-SVC-Wirtschaftsraum-Zuerich-organisator.jpg\" alt=\"\" width=\"341\" height=\"336\" \/><figcaption id=\"caption-attachment-86\" class=\"wp-caption-text\">Thomas Meier-Bickel du groupe Oetiker avec le troph\u00e9e, le pr\u00e9sident de la SVC Hans-Ulrich M\u00fcller applaudit.<\/figcaption><\/figure>\n<p>Le Swiss Venture Club SVC est une association ind\u00e9pendante d'entrepreneurs pour les entreprises. Il entend notamment renforcer les PME, la fameuse \"colonne vert\u00e9brale de l'\u00e9conomie suisse\". Dans cette optique, le SVC distingue r\u00e9guli\u00e8rement dans ses sept r\u00e9gions des entreprises qui font partie de \"l'\u00e9lite des PME suisses\", comme le d\u00e9crit Andreas Gerber, pr\u00e9sident du comit\u00e9 d'organisation du Prix SVC Wirtschaftsraum Z\u00fcrich. Et c'est pr\u00e9cis\u00e9ment dans cette r\u00e9gion \u00e9conomique de Zurich que six entreprises ont \u00e9t\u00e9 r\u00e9compens\u00e9es pour la cinqui\u00e8me fois le 21 janvier.<\/p>\n<p><strong>Entreprise familiale de troisi\u00e8me g\u00e9n\u00e9ration<\/strong><br \/>\nCette ann\u00e9e, le gagnant du Prix SVC Espace \u00e9conomique Zurich est le groupe Oetiker, dirig\u00e9 par la troisi\u00e8me g\u00e9n\u00e9ration de CEO Thomas Meier-Bickel. Il s'est positionn\u00e9 avec succ\u00e8s comme leader mondial dans la production de petites pi\u00e8ces telles que des pinces, des colliers et des anneaux ainsi que des solutions de montage. Avec plus de 30 succursales dans le monde et environ 1500 collaborateurs, le groupe Oetiker sert des clients dans plus de 70 pays. Michael Steinmann, pr\u00e9sident du jury de 13 experts sur le vainqueur fra\u00eechement \u00e9lu, a d\u00e9clar\u00e9 dans sa laudatio : \"Le groupe Oetiker d\u00e9montre de mani\u00e8re impressionnante comment il peut r\u00e9duire les prix de production d'une seule pi\u00e8ce gr\u00e2ce \u00e0 l'optimisation des processus et aux nouvelles technologies, et ainsi rester toujours rentable. De m\u00eame, le groupe Oetiker est un exemple de r\u00e9f\u00e9rence d'une entreprise familiale suisse qui a su g\u00e9rer avec succ\u00e8s le r\u00e8glement de sa succession\".<\/p>\n<p><strong>Les autres gagnants<\/strong><br \/>\nLa deuxi\u00e8me place revient au groupe de formation Kalaidos Suisse, bas\u00e9 \u00e0 Zurich, dont le portefeuille de formation s'\u00e9tend de l'\u00e9cole obligatoire et du gymnase au niveau universitaire en passant par la formation professionnelle et continue. La gagnante de la troisi\u00e8me place est la soci\u00e9t\u00e9 Trafag AG de Bubikon, sp\u00e9cialis\u00e9e dans les capteurs et appareils de surveillance innovants pour la pression, la temp\u00e9rature et la densit\u00e9 des gaz. Ont \u00e9galement \u00e9t\u00e9 r\u00e9compens\u00e9s Bucher Leichtbau AG de F\u00e4llanden, IE Industrial Engineering Z\u00fcrich AG de Zurich et le groupe Katadyn de Kemptthal.<\/p>\n<p><strong>Une c\u00e9r\u00e9monie digne au Hallenstadion de Zurich<\/strong><br \/>\nLe Prix SVC Wirtschaftsraum Z\u00fcrich a permis aux quelque 1800 invit\u00e9s issus du monde de l'\u00e9conomie, des sciences, de la politique, des m\u00e9dias et de la culture d'avoir un aper\u00e7u de l'entrepreneuriat impressionnant et vari\u00e9 de la r\u00e9gion. Pour la premi\u00e8re fois, le pr\u00e9sentateur Nik Hartmann a anim\u00e9 la c\u00e9r\u00e9monie de remise des prix au Hallenstadion de Zurich. La pr\u00e9sentation des six entreprises nomin\u00e9es \u00e9tait au c\u0153ur de la manifestation : Des portraits film\u00e9s et des entretiens en direct avec les CEO des entreprises ont permis au public de d\u00e9couvrir les histoires \u00e0 succ\u00e8s des finalistes. Le programme-cadre a \u00e9t\u00e9 ouvert par un d\u00e9bat entre Ernst Stocker, pr\u00e9sident du gouvernement et directeur des finances du canton de Zurich, et Hans-Ulrich M\u00fcller, pr\u00e9sident du SVC. La force \u00e9conomique du site de Zurich, son orientation internationale ainsi que la diversit\u00e9 et la capacit\u00e9 d'innovation de la r\u00e9gion ont \u00e9t\u00e9 abord\u00e9es.<br \/>\n<a href=\"http:\/\/www.swiss-venture-club.ch\" target=\"_blank\" data-cke-saved-href=\"http:\/\/www.swiss-venture-club.ch\" rel=\"noopener\">www.swiss-venture-club.ch<\/a><\/p>","protected":false},"excerpt":{"rendered":"<p>Der Swiss Venture Club SVC ist ein unabh\u00e4ngiger Verein von Unternehmern f\u00fcr Unternehmen. Er will insbesondere die KMU &#8211; das sattsam bekannte &#8222;R\u00fcckgrat der Schweizer Wirtschaft&#8220; &#8211; st\u00e4rken. In diesem Sinne zeichnet der SVC in seinen sieben Regionen regelm\u00e4ssig Unternehmen aus, die &#8222;zur KMU-Elite der Schweiz&#8220; geh\u00f6ren, wie es Andreas Gerber, OK-Pr\u00e4sident des Prix SVC [&hellip;]<\/p>\n","protected":false},"author":1,"featured_media":8464,"comment_status":"open","ping_status":"open","sticky":false,"template":"","format":"standard","meta":{"_acf_changed":false,"_yoast_wpseo_focuskw":"Prix SVC","_yoast_wpseo_metadesc":"Der 5 Prix SVC Wirtschaftsraum Z\u00fcrich gewinnt die Oetiker Gruppe aus Horgen. Ein international t\u00e4tiges Familienunternehmen.","articlekey":"","footnotes":""},"categories":[1],"tags":[492],"class_list":["post-85","post","type-post","status-publish","format-standard","has-post-thumbnail","hentry","category-allgemein","tag-unternehmen"],"acf":[],"yoast_head":"<!-- This site is optimized with the Yoast SEO plugin v27.4 - https:\/\/yoast.com\/product\/yoast-seo-wordpress\/ -->\n<title>Oetiker Gruppe gewinnt Prix SVC Wirtschaftsraum Z\u00fcrich - Organisator<\/title>\n<meta name=\"description\" content=\"Der 5 Prix SVC Wirtschaftsraum Z\u00fcrich gewinnt die Oetiker Gruppe aus Horgen. Ein international t\u00e4tiges Familienunternehmen.\" \/>\n<meta name=\"robots\" content=\"index, follow, max-snippet:-1, max-image-preview:large, max-video-preview:-1\" \/>\n<link rel=\"canonical\" href=\"https:\/\/www.organisator.ch\/fr\/general\/2016-01-26\/oetiker-gruppe-gewinnt-prix-svc-wirtschaftsraum-zuerich\/\" \/>\n<meta property=\"og:locale\" content=\"fr_FR\" \/>\n<meta property=\"og:type\" content=\"article\" \/>\n<meta property=\"og:title\" content=\"Oetiker Gruppe gewinnt Prix SVC Wirtschaftsraum Z\u00fcrich\" \/>\n<meta property=\"og:description\" content=\"Der f\u00fcnfte Prix SVC Wirtschaftsraum Z\u00fcrich gewinnt die Oetiker Gruppe aus Horgen. Das international t\u00e4tige Familienunternehmen Oetiker entwickelt, produziert und vertreibt Klemmen, Schellen und Ringe sowie passende Montagel\u00f6sungen f\u00fcr verschiedene Automobil- und Industrieanwendungen.\" \/>\n<meta property=\"og:url\" content=\"https:\/\/www.organisator.ch\/fr\/general\/2016-01-26\/oetiker-gruppe-gewinnt-prix-svc-wirtschaftsraum-zuerich\/\" \/>\n<meta property=\"og:site_name\" content=\"Organisator\" \/>\n<meta property=\"article:publisher\" content=\"https:\/\/www.facebook.com\/OrganisatorFachmagazin\" \/>\n<meta property=\"article:published_time\" content=\"2016-01-26T14:03:56+00:00\" \/>\n<meta name=\"author\" content=\"admin\" \/>\n<meta name=\"twitter:card\" content=\"summary_large_image\" \/>\n<meta name=\"twitter:image\" content=\"https:\/\/www.organisator.ch\/wp-content\/uploads\/2016\/12\/Oetiker-Gruppe-gewinnt-Prix-SVC-Wirtschaftsraum-Zuerich-organisator.jpg\" \/>\n<script type=\"application\/ld+json\" class=\"yoast-schema-graph\">{\"@context\":\"https:\\\/\\\/schema.org\",\"@graph\":[{\"@type\":\"Article\",\"@id\":\"https:\\\/\\\/www.organisator.ch\\\/en\\\/general\\\/2016-01-26\\\/oetiker-gruppe-gewinnt-prix-svc-wirtschaftsraum-zuerich\\\/#article\",\"isPartOf\":{\"@id\":\"https:\\\/\\\/www.organisator.ch\\\/en\\\/general\\\/2016-01-26\\\/oetiker-gruppe-gewinnt-prix-svc-wirtschaftsraum-zuerich\\\/\"},\"author\":{\"name\":\"admin\",\"@id\":\"https:\\\/\\\/www.organisator.ch\\\/#\\\/schema\\\/person\\\/aa2bace6c5c5aad60102004a50c4eb1c\"},\"headline\":\"Oetiker Gruppe gewinnt Prix SVC Wirtschaftsraum Z\u00fcrich\",\"datePublished\":\"2016-01-26T14:03:56+00:00\",\"mainEntityOfPage\":{\"@id\":\"https:\\\/\\\/www.organisator.ch\\\/en\\\/general\\\/2016-01-26\\\/oetiker-gruppe-gewinnt-prix-svc-wirtschaftsraum-zuerich\\\/\"},\"wordCount\":451,\"commentCount\":0,\"publisher\":{\"@id\":\"https:\\\/\\\/www.organisator.ch\\\/#organization\"},\"image\":{\"@id\":\"https:\\\/\\\/www.organisator.ch\\\/en\\\/general\\\/2016-01-26\\\/oetiker-gruppe-gewinnt-prix-svc-wirtschaftsraum-zuerich\\\/#primaryimage\"},\"thumbnailUrl\":\"https:\\\/\\\/www.organisator.ch\\\/wp-content\\\/uploads\\\/2016\\\/12\\\/Oetiker-Gruppe-gewinnt-Prix-SVC-Wirtschaftsraum-Zuerich-organisator.jpg\",\"keywords\":[\"Unternehmen\"],\"articleSection\":[\"Allgemein\"],\"inLanguage\":\"fr-FR\"},{\"@type\":\"WebPage\",\"@id\":\"https:\\\/\\\/www.organisator.ch\\\/en\\\/general\\\/2016-01-26\\\/oetiker-gruppe-gewinnt-prix-svc-wirtschaftsraum-zuerich\\\/\",\"url\":\"https:\\\/\\\/www.organisator.ch\\\/en\\\/general\\\/2016-01-26\\\/oetiker-gruppe-gewinnt-prix-svc-wirtschaftsraum-zuerich\\\/\",\"name\":\"Oetiker Gruppe gewinnt Prix SVC Wirtschaftsraum Z\u00fcrich - Organisator\",\"isPartOf\":{\"@id\":\"https:\\\/\\\/www.organisator.ch\\\/#website\"},\"primaryImageOfPage\":{\"@id\":\"https:\\\/\\\/www.organisator.ch\\\/en\\\/general\\\/2016-01-26\\\/oetiker-gruppe-gewinnt-prix-svc-wirtschaftsraum-zuerich\\\/#primaryimage\"},\"image\":{\"@id\":\"https:\\\/\\\/www.organisator.ch\\\/en\\\/general\\\/2016-01-26\\\/oetiker-gruppe-gewinnt-prix-svc-wirtschaftsraum-zuerich\\\/#primaryimage\"},\"thumbnailUrl\":\"https:\\\/\\\/www.organisator.ch\\\/wp-content\\\/uploads\\\/2016\\\/12\\\/Oetiker-Gruppe-gewinnt-Prix-SVC-Wirtschaftsraum-Zuerich-organisator.jpg\",\"datePublished\":\"2016-01-26T14:03:56+00:00\",\"description\":\"Der 5 Prix SVC Wirtschaftsraum Z\u00fcrich gewinnt die Oetiker Gruppe aus Horgen. Ein international t\u00e4tiges Familienunternehmen.\",\"breadcrumb\":{\"@id\":\"https:\\\/\\\/www.organisator.ch\\\/en\\\/general\\\/2016-01-26\\\/oetiker-gruppe-gewinnt-prix-svc-wirtschaftsraum-zuerich\\\/#breadcrumb\"},\"inLanguage\":\"fr-FR\",\"potentialAction\":[{\"@type\":\"ReadAction\",\"target\":[\"https:\\\/\\\/www.organisator.ch\\\/en\\\/general\\\/2016-01-26\\\/oetiker-gruppe-gewinnt-prix-svc-wirtschaftsraum-zuerich\\\/\"]}]},{\"@type\":\"ImageObject\",\"inLanguage\":\"fr-FR\",\"@id\":\"https:\\\/\\\/www.organisator.ch\\\/en\\\/general\\\/2016-01-26\\\/oetiker-gruppe-gewinnt-prix-svc-wirtschaftsraum-zuerich\\\/#primaryimage\",\"url\":\"https:\\\/\\\/www.organisator.ch\\\/wp-content\\\/uploads\\\/2016\\\/12\\\/Oetiker-Gruppe-gewinnt-Prix-SVC-Wirtschaftsraum-Zuerich-organisator.jpg\",\"contentUrl\":\"https:\\\/\\\/www.organisator.ch\\\/wp-content\\\/uploads\\\/2016\\\/12\\\/Oetiker-Gruppe-gewinnt-Prix-SVC-Wirtschaftsraum-Zuerich-organisator.jpg\",\"width\":341,\"height\":336,\"caption\":\"Thomas Meier-Bickel von der Oetiker Gruppe mit der Troph\u00e4e, SVC-Pr\u00e4sident Hans-Ulrich M\u00fcller applaudiert.\"},{\"@type\":\"BreadcrumbList\",\"@id\":\"https:\\\/\\\/www.organisator.ch\\\/en\\\/general\\\/2016-01-26\\\/oetiker-gruppe-gewinnt-prix-svc-wirtschaftsraum-zuerich\\\/#breadcrumb\",\"itemListElement\":[{\"@type\":\"ListItem\",\"position\":1,\"name\":\"Home\",\"item\":\"https:\\\/\\\/www.organisator.ch\\\/\"},{\"@type\":\"ListItem\",\"position\":2,\"name\":\"Oetiker Gruppe gewinnt Prix SVC Wirtschaftsraum Z\u00fcrich\"}]},{\"@type\":\"WebSite\",\"@id\":\"https:\\\/\\\/www.organisator.ch\\\/#website\",\"url\":\"https:\\\/\\\/www.organisator.ch\\\/\",\"name\":\"Organisator\",\"description\":\"Kompetent. Praxisnah. Der ORGANISATOR bereitet in 10 Ausgaben pro Jahr die wesentlichen Themen f\u00fcr F\u00fchrungskr\u00e4fte von KMU auf.\",\"publisher\":{\"@id\":\"https:\\\/\\\/www.organisator.ch\\\/#organization\"},\"potentialAction\":[{\"@type\":\"SearchAction\",\"target\":{\"@type\":\"EntryPoint\",\"urlTemplate\":\"https:\\\/\\\/www.organisator.ch\\\/?s={search_term_string}\"},\"query-input\":{\"@type\":\"PropertyValueSpecification\",\"valueRequired\":true,\"valueName\":\"search_term_string\"}}],\"inLanguage\":\"fr-FR\"},{\"@type\":\"Organization\",\"@id\":\"https:\\\/\\\/www.organisator.ch\\\/#organization\",\"name\":\"Organisator\",\"url\":\"https:\\\/\\\/www.organisator.ch\\\/\",\"logo\":{\"@type\":\"ImageObject\",\"inLanguage\":\"fr-FR\",\"@id\":\"https:\\\/\\\/www.organisator.ch\\\/#\\\/schema\\\/logo\\\/image\\\/\",\"url\":\"https:\\\/\\\/www.organisator.ch\\\/wp-content\\\/uploads\\\/2022\\\/01\\\/Logo_Organisator_Website.png\",\"contentUrl\":\"https:\\\/\\\/www.organisator.ch\\\/wp-content\\\/uploads\\\/2022\\\/01\\\/Logo_Organisator_Website.png\",\"width\":800,\"height\":77,\"caption\":\"Organisator\"},\"image\":{\"@id\":\"https:\\\/\\\/www.organisator.ch\\\/#\\\/schema\\\/logo\\\/image\\\/\"},\"sameAs\":[\"https:\\\/\\\/www.facebook.com\\\/OrganisatorFachmagazin\",\"https:\\\/\\\/www.linkedin.com\\\/showcase\\\/organisator-das-magazin-fr-kmu\",\"https:\\\/\\\/www.xing.com\\\/news\\\/pages\\\/organisator-ch-695\",\"https:\\\/\\\/www.youtube.com\\\/channel\\\/UCGP2Sq0iWaZwT3BdIAQFYpw\"]},{\"@type\":\"Person\",\"@id\":\"https:\\\/\\\/www.organisator.ch\\\/#\\\/schema\\\/person\\\/aa2bace6c5c5aad60102004a50c4eb1c\",\"name\":\"admin\",\"image\":{\"@type\":\"ImageObject\",\"inLanguage\":\"fr-FR\",\"@id\":\"https:\\\/\\\/secure.gravatar.com\\\/avatar\\\/ae2f4d718e6c49043e314ce431e7e645d646302a24a5ef5a8bc8e3f5a032e319?s=96&d=mm&r=g\",\"url\":\"https:\\\/\\\/secure.gravatar.com\\\/avatar\\\/ae2f4d718e6c49043e314ce431e7e645d646302a24a5ef5a8bc8e3f5a032e319?s=96&d=mm&r=g\",\"contentUrl\":\"https:\\\/\\\/secure.gravatar.com\\\/avatar\\\/ae2f4d718e6c49043e314ce431e7e645d646302a24a5ef5a8bc8e3f5a032e319?s=96&d=mm&r=g\",\"caption\":\"admin\"},\"sameAs\":[\"https:\\\/\\\/www.organisator.ch\"],\"url\":\"https:\\\/\\\/www.organisator.ch\\\/fr\\\/author\\\/admin\\\/\"}]}<\/script>\n<!-- \/ Yoast SEO plugin. -->","yoast_head_json":{"title":"Le groupe Oetiker remporte le Prix SVC Wirtschaftsraum Z\u00fcrich - Organisateur","description":"Le 5e Prix SVC Wirtschaftsraum Z\u00fcrich a \u00e9t\u00e9 remport\u00e9 par le groupe Oetiker de Horgen. Une entreprise familiale active au niveau international.","robots":{"index":"index","follow":"follow","max-snippet":"max-snippet:-1","max-image-preview":"max-image-preview:large","max-video-preview":"max-video-preview:-1"},"canonical":"https:\/\/www.organisator.ch\/fr\/general\/2016-01-26\/oetiker-gruppe-gewinnt-prix-svc-wirtschaftsraum-zuerich\/","og_locale":"fr_FR","og_type":"article","og_title":"Oetiker Gruppe gewinnt Prix SVC Wirtschaftsraum Z\u00fcrich","og_description":"Der f\u00fcnfte Prix SVC Wirtschaftsraum Z\u00fcrich gewinnt die Oetiker Gruppe aus Horgen. Das international t\u00e4tige Familienunternehmen Oetiker entwickelt, produziert und vertreibt Klemmen, Schellen und Ringe sowie passende Montagel\u00f6sungen f\u00fcr verschiedene Automobil- und Industrieanwendungen.","og_url":"https:\/\/www.organisator.ch\/fr\/general\/2016-01-26\/oetiker-gruppe-gewinnt-prix-svc-wirtschaftsraum-zuerich\/","og_site_name":"Organisator","article_publisher":"https:\/\/www.facebook.com\/OrganisatorFachmagazin","article_published_time":"2016-01-26T14:03:56+00:00","author":"admin","twitter_card":"summary_large_image","twitter_image":"https:\/\/www.organisator.ch\/wp-content\/uploads\/2016\/12\/Oetiker-Gruppe-gewinnt-Prix-SVC-Wirtschaftsraum-Zuerich-organisator.jpg","schema":{"@context":"https:\/\/schema.org","@graph":[{"@type":"Article","@id":"https:\/\/www.organisator.ch\/en\/general\/2016-01-26\/oetiker-gruppe-gewinnt-prix-svc-wirtschaftsraum-zuerich\/#article","isPartOf":{"@id":"https:\/\/www.organisator.ch\/en\/general\/2016-01-26\/oetiker-gruppe-gewinnt-prix-svc-wirtschaftsraum-zuerich\/"},"author":{"name":"admin","@id":"https:\/\/www.organisator.ch\/#\/schema\/person\/aa2bace6c5c5aad60102004a50c4eb1c"},"headline":"Oetiker Gruppe gewinnt Prix SVC Wirtschaftsraum Z\u00fcrich","datePublished":"2016-01-26T14:03:56+00:00","mainEntityOfPage":{"@id":"https:\/\/www.organisator.ch\/en\/general\/2016-01-26\/oetiker-gruppe-gewinnt-prix-svc-wirtschaftsraum-zuerich\/"},"wordCount":451,"commentCount":0,"publisher":{"@id":"https:\/\/www.organisator.ch\/#organization"},"image":{"@id":"https:\/\/www.organisator.ch\/en\/general\/2016-01-26\/oetiker-gruppe-gewinnt-prix-svc-wirtschaftsraum-zuerich\/#primaryimage"},"thumbnailUrl":"https:\/\/www.organisator.ch\/wp-content\/uploads\/2016\/12\/Oetiker-Gruppe-gewinnt-Prix-SVC-Wirtschaftsraum-Zuerich-organisator.jpg","keywords":["Unternehmen"],"articleSection":["Allgemein"],"inLanguage":"fr-FR"},{"@type":"WebPage","@id":"https:\/\/www.organisator.ch\/en\/general\/2016-01-26\/oetiker-gruppe-gewinnt-prix-svc-wirtschaftsraum-zuerich\/","url":"https:\/\/www.organisator.ch\/en\/general\/2016-01-26\/oetiker-gruppe-gewinnt-prix-svc-wirtschaftsraum-zuerich\/","name":"Le groupe Oetiker remporte le Prix SVC Wirtschaftsraum Z\u00fcrich - Organisateur","isPartOf":{"@id":"https:\/\/www.organisator.ch\/#website"},"primaryImageOfPage":{"@id":"https:\/\/www.organisator.ch\/en\/general\/2016-01-26\/oetiker-gruppe-gewinnt-prix-svc-wirtschaftsraum-zuerich\/#primaryimage"},"image":{"@id":"https:\/\/www.organisator.ch\/en\/general\/2016-01-26\/oetiker-gruppe-gewinnt-prix-svc-wirtschaftsraum-zuerich\/#primaryimage"},"thumbnailUrl":"https:\/\/www.organisator.ch\/wp-content\/uploads\/2016\/12\/Oetiker-Gruppe-gewinnt-Prix-SVC-Wirtschaftsraum-Zuerich-organisator.jpg","datePublished":"2016-01-26T14:03:56+00:00","description":"Le 5e Prix SVC Wirtschaftsraum Z\u00fcrich a \u00e9t\u00e9 remport\u00e9 par le groupe Oetiker de Horgen. Une entreprise familiale active au niveau international.","breadcrumb":{"@id":"https:\/\/www.organisator.ch\/en\/general\/2016-01-26\/oetiker-gruppe-gewinnt-prix-svc-wirtschaftsraum-zuerich\/#breadcrumb"},"inLanguage":"fr-FR","potentialAction":[{"@type":"ReadAction","target":["https:\/\/www.organisator.ch\/en\/general\/2016-01-26\/oetiker-gruppe-gewinnt-prix-svc-wirtschaftsraum-zuerich\/"]}]},{"@type":"ImageObject","inLanguage":"fr-FR","@id":"https:\/\/www.organisator.ch\/en\/general\/2016-01-26\/oetiker-gruppe-gewinnt-prix-svc-wirtschaftsraum-zuerich\/#primaryimage","url":"https:\/\/www.organisator.ch\/wp-content\/uploads\/2016\/12\/Oetiker-Gruppe-gewinnt-Prix-SVC-Wirtschaftsraum-Zuerich-organisator.jpg","contentUrl":"https:\/\/www.organisator.ch\/wp-content\/uploads\/2016\/12\/Oetiker-Gruppe-gewinnt-Prix-SVC-Wirtschaftsraum-Zuerich-organisator.jpg","width":341,"height":336,"caption":"Thomas Meier-Bickel von der Oetiker Gruppe mit der Troph\u00e4e, SVC-Pr\u00e4sident Hans-Ulrich M\u00fcller applaudiert."},{"@type":"BreadcrumbList","@id":"https:\/\/www.organisator.ch\/en\/general\/2016-01-26\/oetiker-gruppe-gewinnt-prix-svc-wirtschaftsraum-zuerich\/#breadcrumb","itemListElement":[{"@type":"ListItem","position":1,"name":"Home","item":"https:\/\/www.organisator.ch\/"},{"@type":"ListItem","position":2,"name":"Oetiker Gruppe gewinnt Prix SVC Wirtschaftsraum Z\u00fcrich"}]},{"@type":"WebSite","@id":"https:\/\/www.organisator.ch\/#website","url":"https:\/\/www.organisator.ch\/","name":"Organisateur","description":"Comp\u00e9tence et comp\u00e9tence. Proches de la pratique. L'ORGANISATEUR pr\u00e9pare 10 num\u00e9ros par an sur les th\u00e8mes essentiels pour les dirigeants de PME.","publisher":{"@id":"https:\/\/www.organisator.ch\/#organization"},"potentialAction":[{"@type":"SearchAction","target":{"@type":"EntryPoint","urlTemplate":"https:\/\/www.organisator.ch\/?s={search_term_string}"},"query-input":{"@type":"PropertyValueSpecification","valueRequired":true,"valueName":"search_term_string"}}],"inLanguage":"fr-FR"},{"@type":"Organization","@id":"https:\/\/www.organisator.ch\/#organization","name":"Organisateur","url":"https:\/\/www.organisator.ch\/","logo":{"@type":"ImageObject","inLanguage":"fr-FR","@id":"https:\/\/www.organisator.ch\/#\/schema\/logo\/image\/","url":"https:\/\/www.organisator.ch\/wp-content\/uploads\/2022\/01\/Logo_Organisator_Website.png","contentUrl":"https:\/\/www.organisator.ch\/wp-content\/uploads\/2022\/01\/Logo_Organisator_Website.png","width":800,"height":77,"caption":"Organisator"},"image":{"@id":"https:\/\/www.organisator.ch\/#\/schema\/logo\/image\/"},"sameAs":["https:\/\/www.facebook.com\/OrganisatorFachmagazin","https:\/\/www.linkedin.com\/showcase\/organisator-das-magazin-fr-kmu","https:\/\/www.xing.com\/news\/pages\/organisator-ch-695","https:\/\/www.youtube.com\/channel\/UCGP2Sq0iWaZwT3BdIAQFYpw"]},{"@type":"Person","@id":"https:\/\/www.organisator.ch\/#\/schema\/person\/aa2bace6c5c5aad60102004a50c4eb1c","name":"admin","image":{"@type":"ImageObject","inLanguage":"fr-FR","@id":"https:\/\/secure.gravatar.com\/avatar\/ae2f4d718e6c49043e314ce431e7e645d646302a24a5ef5a8bc8e3f5a032e319?s=96&d=mm&r=g","url":"https:\/\/secure.gravatar.com\/avatar\/ae2f4d718e6c49043e314ce431e7e645d646302a24a5ef5a8bc8e3f5a032e319?s=96&d=mm&r=g","contentUrl":"https:\/\/secure.gravatar.com\/avatar\/ae2f4d718e6c49043e314ce431e7e645d646302a24a5ef5a8bc8e3f5a032e319?s=96&d=mm&r=g","caption":"admin"},"sameAs":["https:\/\/www.organisator.ch"],"url":"https:\/\/www.organisator.ch\/fr\/author\/admin\/"}]}},"_links":{"self":[{"href":"https:\/\/www.organisator.ch\/fr\/wp-json\/wp\/v2\/posts\/85","targetHints":{"allow":["GET"]}}],"collection":[{"href":"https:\/\/www.organisator.ch\/fr\/wp-json\/wp\/v2\/posts"}],"about":[{"href":"https:\/\/www.organisator.ch\/fr\/wp-json\/wp\/v2\/types\/post"}],"author":[{"embeddable":true,"href":"https:\/\/www.organisator.ch\/fr\/wp-json\/wp\/v2\/users\/1"}],"replies":[{"embeddable":true,"href":"https:\/\/www.organisator.ch\/fr\/wp-json\/wp\/v2\/comments?post=85"}],"version-history":[{"count":0,"href":"https:\/\/www.organisator.ch\/fr\/wp-json\/wp\/v2\/posts\/85\/revisions"}],"wp:featuredmedia":[{"embeddable":true,"href":"https:\/\/www.organisator.ch\/fr\/wp-json\/wp\/v2\/media\/8464"}],"wp:attachment":[{"href":"https:\/\/www.organisator.ch\/fr\/wp-json\/wp\/v2\/media?parent=85"}],"wp:term":[{"taxonomy":"category","embeddable":true,"href":"https:\/\/www.organisator.ch\/fr\/wp-json\/wp\/v2\/categories?post=85"},{"taxonomy":"post_tag","embeddable":true,"href":"https:\/\/www.organisator.ch\/fr\/wp-json\/wp\/v2\/tags?post=85"}],"curies":[{"name":"wp","href":"https:\/\/api.w.org\/{rel}","templated":true}]}}