{"id":8562,"date":"2015-12-18T14:30:21","date_gmt":"2015-12-18T13:30:21","guid":{"rendered":"http:\/\/dev.organisator.ch\/?p=44"},"modified":"2015-12-18T14:30:21","modified_gmt":"2015-12-18T13:30:21","slug":"neuer-datenschutz-und-oeffentlichkeitsbeauftragter","status":"publish","type":"post","link":"https:\/\/www.organisator.ch\/fr\/allgemein\/2015-12-18\/neuer-datenschutz-und-oeffentlichkeitsbeauftragter\/","title":{"rendered":"Nouveau pr\u00e9pos\u00e9 \u00e0 la protection des donn\u00e9es et \u00e0 la transparence"},"content":{"rendered":"<p>Le 18 novembre 2015, le Conseil f\u00e9d\u00e9ral a nomm\u00e9 Adrian Lobsiger comme nouveau pr\u00e9pos\u00e9 \u00e0 la protection des donn\u00e9es et \u00e0 la transparence (PFPDT). Il doit succ\u00e9der \u00e0 Hanspeter Th\u00fcr, qui quittera ses fonctions fin novembre 2015 apr\u00e8s plus de 14 ans d'activit\u00e9. Pendant la p\u00e9riode de transition, le suppl\u00e9ant de Hanspeter Th\u00fcr, Jean-Philippe Walter, assurera la gestion des affaires du PFPDT.<\/p>\n<p>Adrian Lobsiger est actuellement directeur suppl\u00e9ant de l'Office f\u00e9d\u00e9ral de la police (fedpol). En tant que chef de la division d'\u00e9tat-major et du service Droit et protection des donn\u00e9es qui en fait partie, il contribue \u00e0 ce que les donn\u00e9es personnelles contenues dans les syst\u00e8mes d'information de l'office f\u00e9d\u00e9ral soient trait\u00e9es conform\u00e9ment \u00e0 la loi, notamment dans les relations avec les autorit\u00e9s suisses et \u00e9trang\u00e8res. L'\u00e9laboration de conditions-cadres juridiques pour les projets informatiques et l'utilisation de nouvelles technologies de l'information ainsi que la fourniture de renseignements conform\u00e9ment \u00e0 la loi sur la protection des donn\u00e9es et \u00e0 la loi sur la transparence font \u00e9galement partie de cette t\u00e2che principale en mati\u00e8re de protection des donn\u00e9es.<\/p>\n<p><strong>Le PFPDT ind\u00e9pendant ?<\/strong><\/p>\n<p>Le PFPDT est \u00e9lu pour une p\u00e9riode de quatre ans. Il exerce sa fonction de mani\u00e8re ind\u00e9pendante et sans recevoir d'instructions d'une autorit\u00e9. Il fait rapport p\u00e9riodiquement et au besoin \u00e0 l'Assembl\u00e9e f\u00e9d\u00e9rale et transmet simultan\u00e9ment ces rapports au Conseil f\u00e9d\u00e9ral. Le PFPDT est rattach\u00e9 administrativement \u00e0 la Chancellerie f\u00e9d\u00e9rale (ChF). La proc\u00e9dure d'\u00e9lection est r\u00e9gie par les \"Instructions du Conseil f\u00e9d\u00e9ral du 28 novembre 2014 concernant l'\u00e9lection des cadres du plus haut niveau hi\u00e9rarchique par le Conseil f\u00e9d\u00e9ral\".<\/p>\n<p>&nbsp;<\/p>\n<figure id=\"attachment_45\" aria-describedby=\"caption-attachment-45\" style=\"width: 300px\" class=\"wp-caption alignnone\"><img loading=\"lazy\" decoding=\"async\" class=\"size-full wp-image-45\" src=\"https:\/\/www.organisator.ch\/wp-content\/uploads\/2016\/12\/Neuer-Datenschutz-und-Oeffentlichkeitsbeauftragter-organisator.jpg\" alt=\"\" width=\"300\" height=\"217\" \/><figcaption id=\"caption-attachment-45\" class=\"wp-caption-text\">Adrian Lobsiger, nouveau pr\u00e9pos\u00e9 \u00e0 la protection des donn\u00e9es et \u00e0 la transparence (PFPDT).<\/figcaption><\/figure>","protected":false},"excerpt":{"rendered":"<p>Per 18. November 2015 hat der Bundesrat Adrian Lobsiger als neuen Datenschutz- und \u00d6ffentlichkeitsbeauftragten (ED\u00d6B) gew\u00e4hlt. Er soll die Nachfolge von Hanspeter Th\u00fcr antreten, der per Ende November 2015 nach \u00fcber 14-j\u00e4hriger T\u00e4tigkeit aus dem Amt scheidet. In der \u00dcbergangszeit wird Hanspeter Th\u00fcrs Stellvertreter Jean-Philippe Walter die Gesch\u00e4fte des ED\u00d6B f\u00fchren. Adrian Lobsiger ist aktuell [&hellip;]<\/p>\n","protected":false},"author":1,"featured_media":8457,"comment_status":"open","ping_status":"open","sticky":false,"template":"","format":"standard","meta":{"_acf_changed":false,"_yoast_wpseo_focuskw":"Datenschutz- und \u00d6ffentlichkeitsbeauftragter","_yoast_wpseo_metadesc":"Der Bundesrat hat Adrian Lobsiger als Nachfolger von Hanspeter Th\u00fcr zum neuen Datenschutz- und \u00d6ffentlichkeitsbeauftragten gew\u00e4hlt.","articlekey":"","footnotes":""},"categories":[1],"tags":[381],"class_list":["post-8562","post","type-post","status-publish","format-standard","has-post-thumbnail","hentry","category-allgemein","tag-personalia"],"acf":[],"yoast_head":"<!-- This site is optimized with the Yoast SEO plugin v27.4 - https:\/\/yoast.com\/product\/yoast-seo-wordpress\/ -->\n<title>Neuer Datenschutz- und \u00d6ffentlichkeitsbeauftragter - Organisator<\/title>\n<meta name=\"description\" content=\"Der Bundesrat hat Adrian Lobsiger als Nachfolger von Hanspeter Th\u00fcr zum neuen Datenschutz- und \u00d6ffentlichkeitsbeauftragten gew\u00e4hlt.\" \/>\n<meta name=\"robots\" content=\"index, follow, max-snippet:-1, max-image-preview:large, max-video-preview:-1\" \/>\n<link rel=\"canonical\" href=\"https:\/\/www.organisator.ch\/fr\/general\/2015-12-18\/neuer-datenschutz-und-oeffentlichkeitsbeauftragter\/\" \/>\n<meta property=\"og:locale\" content=\"fr_FR\" \/>\n<meta property=\"og:type\" content=\"article\" \/>\n<meta property=\"og:title\" content=\"Neuer Datenschutz- und \u00d6ffentlichkeitsbeauftragter\" \/>\n<meta property=\"og:description\" content=\"Der Bundesrat hat Adrian Lobsiger als Nachfolger von Hanspeter Th\u00fcr zum neuen Datenschutz- und \u00d6ffentlichkeitsbeauftragten gew\u00e4hlt. Vorbeh\u00e4ltlich der Best\u00e4tigung durch die Bundesversammlung wird der 55-j\u00e4hrige Jurist und stellvertretende Direktor des Bundesamts f\u00fcr Polizei sein Amt im Verlauf des kommenden Jahres antreten.\" \/>\n<meta property=\"og:url\" content=\"https:\/\/www.organisator.ch\/fr\/general\/2015-12-18\/neuer-datenschutz-und-oeffentlichkeitsbeauftragter\/\" \/>\n<meta property=\"og:site_name\" content=\"Organisator\" \/>\n<meta property=\"article:publisher\" content=\"https:\/\/www.facebook.com\/OrganisatorFachmagazin\" \/>\n<meta property=\"article:published_time\" content=\"2015-12-18T13:30:21+00:00\" \/>\n<meta name=\"author\" content=\"admin\" \/>\n<meta name=\"twitter:card\" content=\"summary_large_image\" \/>\n<meta name=\"twitter:image\" content=\"https:\/\/www.organisator.ch\/wp-content\/uploads\/2016\/12\/Neuer-Datenschutz-und-Oeffentlichkeitsbeauftragter-organisator.jpg\" \/>\n<script type=\"application\/ld+json\" class=\"yoast-schema-graph\">{\"@context\":\"https:\\\/\\\/schema.org\",\"@graph\":[{\"@type\":\"Article\",\"@id\":\"https:\\\/\\\/www.organisator.ch\\\/en\\\/general\\\/2015-12-18\\\/neuer-datenschutz-und-oeffentlichkeitsbeauftragter\\\/#article\",\"isPartOf\":{\"@id\":\"https:\\\/\\\/www.organisator.ch\\\/en\\\/general\\\/2015-12-18\\\/neuer-datenschutz-und-oeffentlichkeitsbeauftragter\\\/\"},\"author\":{\"name\":\"admin\",\"@id\":\"https:\\\/\\\/www.organisator.ch\\\/#\\\/schema\\\/person\\\/aa2bace6c5c5aad60102004a50c4eb1c\"},\"headline\":\"Neuer Datenschutz- und \u00d6ffentlichkeitsbeauftragter\",\"datePublished\":\"2015-12-18T13:30:21+00:00\",\"mainEntityOfPage\":{\"@id\":\"https:\\\/\\\/www.organisator.ch\\\/en\\\/general\\\/2015-12-18\\\/neuer-datenschutz-und-oeffentlichkeitsbeauftragter\\\/\"},\"wordCount\":234,\"commentCount\":0,\"publisher\":{\"@id\":\"https:\\\/\\\/www.organisator.ch\\\/#organization\"},\"image\":{\"@id\":\"https:\\\/\\\/www.organisator.ch\\\/en\\\/general\\\/2015-12-18\\\/neuer-datenschutz-und-oeffentlichkeitsbeauftragter\\\/#primaryimage\"},\"thumbnailUrl\":\"https:\\\/\\\/www.organisator.ch\\\/wp-content\\\/uploads\\\/2016\\\/12\\\/Neuer-Datenschutz-und-Oeffentlichkeitsbeauftragter-organisator.jpg\",\"keywords\":[\"Personalia\"],\"articleSection\":[\"Allgemein\"],\"inLanguage\":\"fr-FR\"},{\"@type\":\"WebPage\",\"@id\":\"https:\\\/\\\/www.organisator.ch\\\/en\\\/general\\\/2015-12-18\\\/neuer-datenschutz-und-oeffentlichkeitsbeauftragter\\\/\",\"url\":\"https:\\\/\\\/www.organisator.ch\\\/en\\\/general\\\/2015-12-18\\\/neuer-datenschutz-und-oeffentlichkeitsbeauftragter\\\/\",\"name\":\"Neuer Datenschutz- und \u00d6ffentlichkeitsbeauftragter - Organisator\",\"isPartOf\":{\"@id\":\"https:\\\/\\\/www.organisator.ch\\\/#website\"},\"primaryImageOfPage\":{\"@id\":\"https:\\\/\\\/www.organisator.ch\\\/en\\\/general\\\/2015-12-18\\\/neuer-datenschutz-und-oeffentlichkeitsbeauftragter\\\/#primaryimage\"},\"image\":{\"@id\":\"https:\\\/\\\/www.organisator.ch\\\/en\\\/general\\\/2015-12-18\\\/neuer-datenschutz-und-oeffentlichkeitsbeauftragter\\\/#primaryimage\"},\"thumbnailUrl\":\"https:\\\/\\\/www.organisator.ch\\\/wp-content\\\/uploads\\\/2016\\\/12\\\/Neuer-Datenschutz-und-Oeffentlichkeitsbeauftragter-organisator.jpg\",\"datePublished\":\"2015-12-18T13:30:21+00:00\",\"description\":\"Der Bundesrat hat Adrian Lobsiger als Nachfolger von Hanspeter Th\u00fcr zum neuen Datenschutz- und \u00d6ffentlichkeitsbeauftragten gew\u00e4hlt.\",\"breadcrumb\":{\"@id\":\"https:\\\/\\\/www.organisator.ch\\\/en\\\/general\\\/2015-12-18\\\/neuer-datenschutz-und-oeffentlichkeitsbeauftragter\\\/#breadcrumb\"},\"inLanguage\":\"fr-FR\",\"potentialAction\":[{\"@type\":\"ReadAction\",\"target\":[\"https:\\\/\\\/www.organisator.ch\\\/en\\\/general\\\/2015-12-18\\\/neuer-datenschutz-und-oeffentlichkeitsbeauftragter\\\/\"]}]},{\"@type\":\"ImageObject\",\"inLanguage\":\"fr-FR\",\"@id\":\"https:\\\/\\\/www.organisator.ch\\\/en\\\/general\\\/2015-12-18\\\/neuer-datenschutz-und-oeffentlichkeitsbeauftragter\\\/#primaryimage\",\"url\":\"https:\\\/\\\/www.organisator.ch\\\/wp-content\\\/uploads\\\/2016\\\/12\\\/Neuer-Datenschutz-und-Oeffentlichkeitsbeauftragter-organisator.jpg\",\"contentUrl\":\"https:\\\/\\\/www.organisator.ch\\\/wp-content\\\/uploads\\\/2016\\\/12\\\/Neuer-Datenschutz-und-Oeffentlichkeitsbeauftragter-organisator.jpg\",\"width\":300,\"height\":217,\"caption\":\"Adrian Lobsiger, neuer Datenschutz- und \u00d6ffentlichkeitsbeauftragter (ED\u00d6B).\"},{\"@type\":\"BreadcrumbList\",\"@id\":\"https:\\\/\\\/www.organisator.ch\\\/en\\\/general\\\/2015-12-18\\\/neuer-datenschutz-und-oeffentlichkeitsbeauftragter\\\/#breadcrumb\",\"itemListElement\":[{\"@type\":\"ListItem\",\"position\":1,\"name\":\"Home\",\"item\":\"https:\\\/\\\/www.organisator.ch\\\/\"},{\"@type\":\"ListItem\",\"position\":2,\"name\":\"Neuer Datenschutz- und \u00d6ffentlichkeitsbeauftragter\"}]},{\"@type\":\"WebSite\",\"@id\":\"https:\\\/\\\/www.organisator.ch\\\/#website\",\"url\":\"https:\\\/\\\/www.organisator.ch\\\/\",\"name\":\"Organisator\",\"description\":\"Kompetent. Praxisnah. Der ORGANISATOR bereitet in 10 Ausgaben pro Jahr die wesentlichen Themen f\u00fcr F\u00fchrungskr\u00e4fte von KMU auf.\",\"publisher\":{\"@id\":\"https:\\\/\\\/www.organisator.ch\\\/#organization\"},\"potentialAction\":[{\"@type\":\"SearchAction\",\"target\":{\"@type\":\"EntryPoint\",\"urlTemplate\":\"https:\\\/\\\/www.organisator.ch\\\/?s={search_term_string}\"},\"query-input\":{\"@type\":\"PropertyValueSpecification\",\"valueRequired\":true,\"valueName\":\"search_term_string\"}}],\"inLanguage\":\"fr-FR\"},{\"@type\":\"Organization\",\"@id\":\"https:\\\/\\\/www.organisator.ch\\\/#organization\",\"name\":\"Organisator\",\"url\":\"https:\\\/\\\/www.organisator.ch\\\/\",\"logo\":{\"@type\":\"ImageObject\",\"inLanguage\":\"fr-FR\",\"@id\":\"https:\\\/\\\/www.organisator.ch\\\/#\\\/schema\\\/logo\\\/image\\\/\",\"url\":\"https:\\\/\\\/www.organisator.ch\\\/wp-content\\\/uploads\\\/2022\\\/01\\\/Logo_Organisator_Website.png\",\"contentUrl\":\"https:\\\/\\\/www.organisator.ch\\\/wp-content\\\/uploads\\\/2022\\\/01\\\/Logo_Organisator_Website.png\",\"width\":800,\"height\":77,\"caption\":\"Organisator\"},\"image\":{\"@id\":\"https:\\\/\\\/www.organisator.ch\\\/#\\\/schema\\\/logo\\\/image\\\/\"},\"sameAs\":[\"https:\\\/\\\/www.facebook.com\\\/OrganisatorFachmagazin\",\"https:\\\/\\\/www.linkedin.com\\\/showcase\\\/organisator-das-magazin-fr-kmu\",\"https:\\\/\\\/www.xing.com\\\/news\\\/pages\\\/organisator-ch-695\",\"https:\\\/\\\/www.youtube.com\\\/channel\\\/UCGP2Sq0iWaZwT3BdIAQFYpw\"]},{\"@type\":\"Person\",\"@id\":\"https:\\\/\\\/www.organisator.ch\\\/#\\\/schema\\\/person\\\/aa2bace6c5c5aad60102004a50c4eb1c\",\"name\":\"admin\",\"image\":{\"@type\":\"ImageObject\",\"inLanguage\":\"fr-FR\",\"@id\":\"https:\\\/\\\/secure.gravatar.com\\\/avatar\\\/ae2f4d718e6c49043e314ce431e7e645d646302a24a5ef5a8bc8e3f5a032e319?s=96&d=mm&r=g\",\"url\":\"https:\\\/\\\/secure.gravatar.com\\\/avatar\\\/ae2f4d718e6c49043e314ce431e7e645d646302a24a5ef5a8bc8e3f5a032e319?s=96&d=mm&r=g\",\"contentUrl\":\"https:\\\/\\\/secure.gravatar.com\\\/avatar\\\/ae2f4d718e6c49043e314ce431e7e645d646302a24a5ef5a8bc8e3f5a032e319?s=96&d=mm&r=g\",\"caption\":\"admin\"},\"sameAs\":[\"https:\\\/\\\/www.organisator.ch\"],\"url\":\"https:\\\/\\\/www.organisator.ch\\\/fr\\\/author\\\/admin\\\/\"}]}<\/script>\n<!-- \/ Yoast SEO plugin. -->","yoast_head_json":{"title":"Nouveau pr\u00e9pos\u00e9 \u00e0 la protection des donn\u00e9es et \u00e0 la transparence - Organisateur","description":"Le Conseil f\u00e9d\u00e9ral a nomm\u00e9 Adrian Lobsiger au poste de pr\u00e9pos\u00e9 \u00e0 la protection des donn\u00e9es et \u00e0 la transparence, en remplacement de Hanspeter Th\u00fcr.","robots":{"index":"index","follow":"follow","max-snippet":"max-snippet:-1","max-image-preview":"max-image-preview:large","max-video-preview":"max-video-preview:-1"},"canonical":"https:\/\/www.organisator.ch\/fr\/general\/2015-12-18\/neuer-datenschutz-und-oeffentlichkeitsbeauftragter\/","og_locale":"fr_FR","og_type":"article","og_title":"Neuer Datenschutz- und \u00d6ffentlichkeitsbeauftragter","og_description":"Der Bundesrat hat Adrian Lobsiger als Nachfolger von Hanspeter Th\u00fcr zum neuen Datenschutz- und \u00d6ffentlichkeitsbeauftragten gew\u00e4hlt. Vorbeh\u00e4ltlich der Best\u00e4tigung durch die Bundesversammlung wird der 55-j\u00e4hrige Jurist und stellvertretende Direktor des Bundesamts f\u00fcr Polizei sein Amt im Verlauf des kommenden Jahres antreten.","og_url":"https:\/\/www.organisator.ch\/fr\/general\/2015-12-18\/neuer-datenschutz-und-oeffentlichkeitsbeauftragter\/","og_site_name":"Organisator","article_publisher":"https:\/\/www.facebook.com\/OrganisatorFachmagazin","article_published_time":"2015-12-18T13:30:21+00:00","author":"admin","twitter_card":"summary_large_image","twitter_image":"https:\/\/www.organisator.ch\/wp-content\/uploads\/2016\/12\/Neuer-Datenschutz-und-Oeffentlichkeitsbeauftragter-organisator.jpg","schema":{"@context":"https:\/\/schema.org","@graph":[{"@type":"Article","@id":"https:\/\/www.organisator.ch\/en\/general\/2015-12-18\/neuer-datenschutz-und-oeffentlichkeitsbeauftragter\/#article","isPartOf":{"@id":"https:\/\/www.organisator.ch\/en\/general\/2015-12-18\/neuer-datenschutz-und-oeffentlichkeitsbeauftragter\/"},"author":{"name":"admin","@id":"https:\/\/www.organisator.ch\/#\/schema\/person\/aa2bace6c5c5aad60102004a50c4eb1c"},"headline":"Neuer Datenschutz- und \u00d6ffentlichkeitsbeauftragter","datePublished":"2015-12-18T13:30:21+00:00","mainEntityOfPage":{"@id":"https:\/\/www.organisator.ch\/en\/general\/2015-12-18\/neuer-datenschutz-und-oeffentlichkeitsbeauftragter\/"},"wordCount":234,"commentCount":0,"publisher":{"@id":"https:\/\/www.organisator.ch\/#organization"},"image":{"@id":"https:\/\/www.organisator.ch\/en\/general\/2015-12-18\/neuer-datenschutz-und-oeffentlichkeitsbeauftragter\/#primaryimage"},"thumbnailUrl":"https:\/\/www.organisator.ch\/wp-content\/uploads\/2016\/12\/Neuer-Datenschutz-und-Oeffentlichkeitsbeauftragter-organisator.jpg","keywords":["Personalia"],"articleSection":["Allgemein"],"inLanguage":"fr-FR"},{"@type":"WebPage","@id":"https:\/\/www.organisator.ch\/en\/general\/2015-12-18\/neuer-datenschutz-und-oeffentlichkeitsbeauftragter\/","url":"https:\/\/www.organisator.ch\/en\/general\/2015-12-18\/neuer-datenschutz-und-oeffentlichkeitsbeauftragter\/","name":"Nouveau pr\u00e9pos\u00e9 \u00e0 la protection des donn\u00e9es et \u00e0 la transparence - Organisateur","isPartOf":{"@id":"https:\/\/www.organisator.ch\/#website"},"primaryImageOfPage":{"@id":"https:\/\/www.organisator.ch\/en\/general\/2015-12-18\/neuer-datenschutz-und-oeffentlichkeitsbeauftragter\/#primaryimage"},"image":{"@id":"https:\/\/www.organisator.ch\/en\/general\/2015-12-18\/neuer-datenschutz-und-oeffentlichkeitsbeauftragter\/#primaryimage"},"thumbnailUrl":"https:\/\/www.organisator.ch\/wp-content\/uploads\/2016\/12\/Neuer-Datenschutz-und-Oeffentlichkeitsbeauftragter-organisator.jpg","datePublished":"2015-12-18T13:30:21+00:00","description":"Le Conseil f\u00e9d\u00e9ral a nomm\u00e9 Adrian Lobsiger au poste de pr\u00e9pos\u00e9 \u00e0 la protection des donn\u00e9es et \u00e0 la transparence, en remplacement de Hanspeter Th\u00fcr.","breadcrumb":{"@id":"https:\/\/www.organisator.ch\/en\/general\/2015-12-18\/neuer-datenschutz-und-oeffentlichkeitsbeauftragter\/#breadcrumb"},"inLanguage":"fr-FR","potentialAction":[{"@type":"ReadAction","target":["https:\/\/www.organisator.ch\/en\/general\/2015-12-18\/neuer-datenschutz-und-oeffentlichkeitsbeauftragter\/"]}]},{"@type":"ImageObject","inLanguage":"fr-FR","@id":"https:\/\/www.organisator.ch\/en\/general\/2015-12-18\/neuer-datenschutz-und-oeffentlichkeitsbeauftragter\/#primaryimage","url":"https:\/\/www.organisator.ch\/wp-content\/uploads\/2016\/12\/Neuer-Datenschutz-und-Oeffentlichkeitsbeauftragter-organisator.jpg","contentUrl":"https:\/\/www.organisator.ch\/wp-content\/uploads\/2016\/12\/Neuer-Datenschutz-und-Oeffentlichkeitsbeauftragter-organisator.jpg","width":300,"height":217,"caption":"Adrian Lobsiger, neuer Datenschutz- und \u00d6ffentlichkeitsbeauftragter (ED\u00d6B)."},{"@type":"BreadcrumbList","@id":"https:\/\/www.organisator.ch\/en\/general\/2015-12-18\/neuer-datenschutz-und-oeffentlichkeitsbeauftragter\/#breadcrumb","itemListElement":[{"@type":"ListItem","position":1,"name":"Home","item":"https:\/\/www.organisator.ch\/"},{"@type":"ListItem","position":2,"name":"Neuer Datenschutz- und \u00d6ffentlichkeitsbeauftragter"}]},{"@type":"WebSite","@id":"https:\/\/www.organisator.ch\/#website","url":"https:\/\/www.organisator.ch\/","name":"Organisateur","description":"Comp\u00e9tence et comp\u00e9tence. Proches de la pratique. L'ORGANISATEUR pr\u00e9pare 10 num\u00e9ros par an sur les th\u00e8mes essentiels pour les dirigeants de PME.","publisher":{"@id":"https:\/\/www.organisator.ch\/#organization"},"potentialAction":[{"@type":"SearchAction","target":{"@type":"EntryPoint","urlTemplate":"https:\/\/www.organisator.ch\/?s={search_term_string}"},"query-input":{"@type":"PropertyValueSpecification","valueRequired":true,"valueName":"search_term_string"}}],"inLanguage":"fr-FR"},{"@type":"Organization","@id":"https:\/\/www.organisator.ch\/#organization","name":"Organisateur","url":"https:\/\/www.organisator.ch\/","logo":{"@type":"ImageObject","inLanguage":"fr-FR","@id":"https:\/\/www.organisator.ch\/#\/schema\/logo\/image\/","url":"https:\/\/www.organisator.ch\/wp-content\/uploads\/2022\/01\/Logo_Organisator_Website.png","contentUrl":"https:\/\/www.organisator.ch\/wp-content\/uploads\/2022\/01\/Logo_Organisator_Website.png","width":800,"height":77,"caption":"Organisator"},"image":{"@id":"https:\/\/www.organisator.ch\/#\/schema\/logo\/image\/"},"sameAs":["https:\/\/www.facebook.com\/OrganisatorFachmagazin","https:\/\/www.linkedin.com\/showcase\/organisator-das-magazin-fr-kmu","https:\/\/www.xing.com\/news\/pages\/organisator-ch-695","https:\/\/www.youtube.com\/channel\/UCGP2Sq0iWaZwT3BdIAQFYpw"]},{"@type":"Person","@id":"https:\/\/www.organisator.ch\/#\/schema\/person\/aa2bace6c5c5aad60102004a50c4eb1c","name":"admin","image":{"@type":"ImageObject","inLanguage":"fr-FR","@id":"https:\/\/secure.gravatar.com\/avatar\/ae2f4d718e6c49043e314ce431e7e645d646302a24a5ef5a8bc8e3f5a032e319?s=96&d=mm&r=g","url":"https:\/\/secure.gravatar.com\/avatar\/ae2f4d718e6c49043e314ce431e7e645d646302a24a5ef5a8bc8e3f5a032e319?s=96&d=mm&r=g","contentUrl":"https:\/\/secure.gravatar.com\/avatar\/ae2f4d718e6c49043e314ce431e7e645d646302a24a5ef5a8bc8e3f5a032e319?s=96&d=mm&r=g","caption":"admin"},"sameAs":["https:\/\/www.organisator.ch"],"url":"https:\/\/www.organisator.ch\/fr\/author\/admin\/"}]}},"_links":{"self":[{"href":"https:\/\/www.organisator.ch\/fr\/wp-json\/wp\/v2\/posts\/8562","targetHints":{"allow":["GET"]}}],"collection":[{"href":"https:\/\/www.organisator.ch\/fr\/wp-json\/wp\/v2\/posts"}],"about":[{"href":"https:\/\/www.organisator.ch\/fr\/wp-json\/wp\/v2\/types\/post"}],"author":[{"embeddable":true,"href":"https:\/\/www.organisator.ch\/fr\/wp-json\/wp\/v2\/users\/1"}],"replies":[{"embeddable":true,"href":"https:\/\/www.organisator.ch\/fr\/wp-json\/wp\/v2\/comments?post=8562"}],"version-history":[{"count":0,"href":"https:\/\/www.organisator.ch\/fr\/wp-json\/wp\/v2\/posts\/8562\/revisions"}],"wp:featuredmedia":[{"embeddable":true,"href":"https:\/\/www.organisator.ch\/fr\/wp-json\/wp\/v2\/media\/8457"}],"wp:attachment":[{"href":"https:\/\/www.organisator.ch\/fr\/wp-json\/wp\/v2\/media?parent=8562"}],"wp:term":[{"taxonomy":"category","embeddable":true,"href":"https:\/\/www.organisator.ch\/fr\/wp-json\/wp\/v2\/categories?post=8562"},{"taxonomy":"post_tag","embeddable":true,"href":"https:\/\/www.organisator.ch\/fr\/wp-json\/wp\/v2\/tags?post=8562"}],"curies":[{"name":"wp","href":"https:\/\/api.w.org\/{rel}","templated":true}]}}