{"id":8564,"date":"2015-12-21T14:37:40","date_gmt":"2015-12-21T13:37:40","guid":{"rendered":"http:\/\/dev.organisator.ch\/?p=56"},"modified":"2015-12-21T14:37:40","modified_gmt":"2015-12-21T13:37:40","slug":"die-wichtigsten-denker-der-welt-ermittelt","status":"publish","type":"post","link":"https:\/\/www.organisator.ch\/fr\/allgemein\/2015-12-21\/die-wichtigsten-denker-der-welt-ermittelt\/","title":{"rendered":"Les plus grands penseurs du monde identifi\u00e9s"},"content":{"rendered":"<p>L'analyse a port\u00e9 sur 400 auteurs d'id\u00e9es. En t\u00eate du classement mondial (anglophone), on trouve par exemple le pape Fran\u00e7ois, l'auteur turc Orhan Pamuk ou Edward Snowden. Dans l'espace germanophone, Snowden et le pape figurent \u00e9galement en bonne place dans le classement. D'ailleurs, on ne trouve gu\u00e8re de locuteurs natifs allemands aux premi\u00e8res places. En revanche, la moiti\u00e9 inf\u00e9rieure du classement rassemble des penseurs sans notori\u00e9t\u00e9 en dehors des fronti\u00e8res linguistiques.<\/p>\n<p><strong>Pour la premi\u00e8re fois avec la Chine et l'Espagne<\/strong><\/p>\n<p>L'indice est calcul\u00e9 depuis 2012 au moyen d'une analyse de l'intelligence collective d\u00e9velopp\u00e9e par le chercheur du MIT Peter Gloor. Cette ann\u00e9e, l'indice comprend pour la premi\u00e8re fois, en plus de l'anglais et de l'allemand, le chinois et l'espagnol. L'espace linguistique chinois est quant \u00e0 lui clairement divis\u00e9 en deux infosph\u00e8res :<\/p>\n<p>La conversation extra-chinoise \u00e0 Hong Kong, Taiwan et dans la diaspora est comparable \u00e0 celle de la sph\u00e8re globale. Mais \u00e0 l'int\u00e9rieur du pays, le pr\u00e9sident Xi Jinping et le CEO d'Alibaba Jack Ma sont les voix les plus importantes, les penseurs \u00e9trangers sont ici absents. La strat\u00e9gie chinoise d'acc\u00e8s limit\u00e9 \u00e0 Internet, marqu\u00e9e par la censure et le pare-feu, marque manifestement la liste.<\/p>\n<p><strong>Les principaux m\u00e9dias<\/strong><\/p>\n<p>Les m\u00e9dias continuent de jouer un r\u00f4le d\u00e9cisif dans la diffusion des id\u00e9es. Le graphique de mise en r\u00e9seau des leaders d'opinion de la blogosph\u00e8re anglophone montre clairement lesquels sont les plus importants. Parmi les cinq m\u00e9dias ou sources les plus importants, deux sont des protagonistes traditionnels du discours global - le Guardian britannique et le New York Times.<\/p>\n<p>Deux autres, Twitter et Youtube, sont plut\u00f4t consid\u00e9r\u00e9s comme des protagonistes de la conversation globale, tandis que le cinqui\u00e8me des principaux m\u00e9dias, le Huffington Post, occupe une position interm\u00e9diaire entre rapide et important. Les \"Thought Leaders 2015\" ont \u00e9t\u00e9 nomm\u00e9s par \"The WorldPost\" \/ \"Huffington Post\" ainsi que par \"El Pais\", \"Univision\", \"Fusion\", \"Guancha\" et \"The European\".<\/p>\n<p>La pertinence des nomin\u00e9s dans la conversation mondiale a \u00e9t\u00e9 calcul\u00e9e sur la base de leurs mentions sur Wikipedia, dans les tweets et dans les blogs. Le \"Global Thought Leader Index 2015\" est publi\u00e9 entre autres dans les 15 \u00e9ditions internationales du \"Huffington Post\".<\/p>\n<p>Les d\u00e9tails du \"Global Thought Leaders Index 2015\" peuvent \u00eatre consult\u00e9s sur le site anglais :<\/p>\n<p><a href=\"http:\/\/thoughtleaders.world\" target=\"_blank\" data-cke-saved-href=\"http:\/\/thoughtleaders.world\" rel=\"noopener\">http:\/\/thoughtleaders.world<\/a><\/p>\n<p>&nbsp;<\/p>\n<p><img loading=\"lazy\" decoding=\"async\" class=\"alignnone size-full wp-image-57\" src=\"https:\/\/www.organisator.ch\/wp-content\/uploads\/2016\/12\/Die-wichtigsten-Denker-der-Welt-ermittelt-organisator.png\" alt=\"\" width=\"533\" height=\"724\" \/><\/p>","protected":false},"excerpt":{"rendered":"<p>Analysiert wurden 400 Ideengeber. An der Spitze der globalen (englischsprachigen) Rangliste finden sich beispielsweise Papst Franziskus, der t\u00fcrkische Autor Orhan Pamuk oder Edward Snowden. Auch im deutschsprachigen Raum sind Snowden und der Papst weit oben auf der Rangliste. \u00dcberhaupt finden sich hier auf den vordersten Pl\u00e4tzen kaum deutsche Muttersprachler. Daf\u00fcr versammelt die untere H\u00e4lfte des [&hellip;]<\/p>\n","protected":false},"author":1,"featured_media":8459,"comment_status":"open","ping_status":"open","sticky":false,"template":"","format":"standard","meta":{"_acf_changed":false,"_yoast_wpseo_focuskw":"Die wichtigsten Denker der Welt ermittelt","_yoast_wpseo_metadesc":"Der soeben publizierte \u201eGlobal Thought Leaders Index 2015\u201c kartografiert die globale Konversation und deren wichtigste Stimmen im Internet.","articlekey":"","footnotes":""},"categories":[1],"tags":[459],"class_list":["post-8564","post","type-post","status-publish","format-standard","has-post-thumbnail","hentry","category-allgemein","tag-studie"],"acf":[],"yoast_head":"<!-- This site is optimized with the Yoast SEO plugin v27.4 - https:\/\/yoast.com\/product\/yoast-seo-wordpress\/ -->\n<title>Die wichtigsten Denker der Welt ermittelt - Organisator<\/title>\n<meta name=\"description\" content=\"Der soeben publizierte \u201eGlobal Thought Leaders Index 2015\u201c kartografiert die globale Konversation und deren wichtigste Stimmen im Internet.\" \/>\n<meta name=\"robots\" content=\"index, follow, max-snippet:-1, max-image-preview:large, max-video-preview:-1\" \/>\n<link rel=\"canonical\" href=\"https:\/\/www.organisator.ch\/fr\/general\/2015-12-21\/die-wichtigsten-denker-der-welt-ermittelt\/\" \/>\n<meta property=\"og:locale\" content=\"fr_FR\" \/>\n<meta property=\"og:type\" content=\"article\" \/>\n<meta property=\"og:title\" content=\"Die wichtigsten Denker der Welt ermittelt\" \/>\n<meta property=\"og:description\" content=\"Der soeben publizierte \u201eGlobal Thought Leaders Index 2015\u201c kartografiert die globale Konversation und deren wichtigste Stimmen im Internet. Die Netzwerk-Analyse ist eine Kooperation des GDI Gottlieb Duttweiler Institute und der \u201eThe WorldPost\u201c \/ \u201eHuffingtonPost\u201c.\" \/>\n<meta property=\"og:url\" content=\"https:\/\/www.organisator.ch\/fr\/general\/2015-12-21\/die-wichtigsten-denker-der-welt-ermittelt\/\" \/>\n<meta property=\"og:site_name\" content=\"Organisator\" \/>\n<meta property=\"article:publisher\" content=\"https:\/\/www.facebook.com\/OrganisatorFachmagazin\" \/>\n<meta property=\"article:published_time\" content=\"2015-12-21T13:37:40+00:00\" \/>\n<meta name=\"author\" content=\"admin\" \/>\n<meta name=\"twitter:card\" content=\"summary_large_image\" \/>\n<meta name=\"twitter:image\" content=\"https:\/\/www.organisator.ch\/wp-content\/uploads\/2016\/12\/Die-wichtigsten-Denker-der-Welt-ermittelt-organisator.png\" \/>\n<script type=\"application\/ld+json\" class=\"yoast-schema-graph\">{\"@context\":\"https:\\\/\\\/schema.org\",\"@graph\":[{\"@type\":\"Article\",\"@id\":\"https:\\\/\\\/www.organisator.ch\\\/de\\\/allgemein\\\/2015-12-21\\\/die-wichtigsten-denker-der-welt-ermittelt\\\/#article\",\"isPartOf\":{\"@id\":\"https:\\\/\\\/www.organisator.ch\\\/de\\\/allgemein\\\/2015-12-21\\\/die-wichtigsten-denker-der-welt-ermittelt\\\/\"},\"author\":{\"name\":\"admin\",\"@id\":\"https:\\\/\\\/www.organisator.ch\\\/#\\\/schema\\\/person\\\/aa2bace6c5c5aad60102004a50c4eb1c\"},\"headline\":\"Die wichtigsten Denker der Welt ermittelt\",\"datePublished\":\"2015-12-21T13:37:40+00:00\",\"mainEntityOfPage\":{\"@id\":\"https:\\\/\\\/www.organisator.ch\\\/de\\\/allgemein\\\/2015-12-21\\\/die-wichtigsten-denker-der-welt-ermittelt\\\/\"},\"wordCount\":344,\"commentCount\":0,\"publisher\":{\"@id\":\"https:\\\/\\\/www.organisator.ch\\\/#organization\"},\"image\":{\"@id\":\"https:\\\/\\\/www.organisator.ch\\\/de\\\/allgemein\\\/2015-12-21\\\/die-wichtigsten-denker-der-welt-ermittelt\\\/#primaryimage\"},\"thumbnailUrl\":\"https:\\\/\\\/www.organisator.ch\\\/wp-content\\\/uploads\\\/2016\\\/12\\\/Die-wichtigsten-Denker-der-Welt-ermittelt-organisator.png\",\"keywords\":[\"Studie\"],\"articleSection\":[\"Allgemein\"],\"inLanguage\":\"fr-FR\"},{\"@type\":\"WebPage\",\"@id\":\"https:\\\/\\\/www.organisator.ch\\\/de\\\/allgemein\\\/2015-12-21\\\/die-wichtigsten-denker-der-welt-ermittelt\\\/\",\"url\":\"https:\\\/\\\/www.organisator.ch\\\/de\\\/allgemein\\\/2015-12-21\\\/die-wichtigsten-denker-der-welt-ermittelt\\\/\",\"name\":\"Die wichtigsten Denker der Welt ermittelt - Organisator\",\"isPartOf\":{\"@id\":\"https:\\\/\\\/www.organisator.ch\\\/#website\"},\"primaryImageOfPage\":{\"@id\":\"https:\\\/\\\/www.organisator.ch\\\/de\\\/allgemein\\\/2015-12-21\\\/die-wichtigsten-denker-der-welt-ermittelt\\\/#primaryimage\"},\"image\":{\"@id\":\"https:\\\/\\\/www.organisator.ch\\\/de\\\/allgemein\\\/2015-12-21\\\/die-wichtigsten-denker-der-welt-ermittelt\\\/#primaryimage\"},\"thumbnailUrl\":\"https:\\\/\\\/www.organisator.ch\\\/wp-content\\\/uploads\\\/2016\\\/12\\\/Die-wichtigsten-Denker-der-Welt-ermittelt-organisator.png\",\"datePublished\":\"2015-12-21T13:37:40+00:00\",\"description\":\"Der soeben publizierte \u201eGlobal Thought Leaders Index 2015\u201c kartografiert die globale Konversation und deren wichtigste Stimmen im Internet.\",\"breadcrumb\":{\"@id\":\"https:\\\/\\\/www.organisator.ch\\\/de\\\/allgemein\\\/2015-12-21\\\/die-wichtigsten-denker-der-welt-ermittelt\\\/#breadcrumb\"},\"inLanguage\":\"fr-FR\",\"potentialAction\":[{\"@type\":\"ReadAction\",\"target\":[\"https:\\\/\\\/www.organisator.ch\\\/de\\\/allgemein\\\/2015-12-21\\\/die-wichtigsten-denker-der-welt-ermittelt\\\/\"]}]},{\"@type\":\"ImageObject\",\"inLanguage\":\"fr-FR\",\"@id\":\"https:\\\/\\\/www.organisator.ch\\\/de\\\/allgemein\\\/2015-12-21\\\/die-wichtigsten-denker-der-welt-ermittelt\\\/#primaryimage\",\"url\":\"https:\\\/\\\/www.organisator.ch\\\/wp-content\\\/uploads\\\/2016\\\/12\\\/Die-wichtigsten-Denker-der-Welt-ermittelt-organisator.png\",\"contentUrl\":\"https:\\\/\\\/www.organisator.ch\\\/wp-content\\\/uploads\\\/2016\\\/12\\\/Die-wichtigsten-Denker-der-Welt-ermittelt-organisator.png\",\"width\":533,\"height\":724},{\"@type\":\"BreadcrumbList\",\"@id\":\"https:\\\/\\\/www.organisator.ch\\\/de\\\/allgemein\\\/2015-12-21\\\/die-wichtigsten-denker-der-welt-ermittelt\\\/#breadcrumb\",\"itemListElement\":[{\"@type\":\"ListItem\",\"position\":1,\"name\":\"Home\",\"item\":\"https:\\\/\\\/www.organisator.ch\\\/\"},{\"@type\":\"ListItem\",\"position\":2,\"name\":\"Die wichtigsten Denker der Welt ermittelt\"}]},{\"@type\":\"WebSite\",\"@id\":\"https:\\\/\\\/www.organisator.ch\\\/#website\",\"url\":\"https:\\\/\\\/www.organisator.ch\\\/\",\"name\":\"Organisator\",\"description\":\"Kompetent. Praxisnah. Der ORGANISATOR bereitet in 10 Ausgaben pro Jahr die wesentlichen Themen f\u00fcr F\u00fchrungskr\u00e4fte von KMU auf.\",\"publisher\":{\"@id\":\"https:\\\/\\\/www.organisator.ch\\\/#organization\"},\"potentialAction\":[{\"@type\":\"SearchAction\",\"target\":{\"@type\":\"EntryPoint\",\"urlTemplate\":\"https:\\\/\\\/www.organisator.ch\\\/?s={search_term_string}\"},\"query-input\":{\"@type\":\"PropertyValueSpecification\",\"valueRequired\":true,\"valueName\":\"search_term_string\"}}],\"inLanguage\":\"fr-FR\"},{\"@type\":\"Organization\",\"@id\":\"https:\\\/\\\/www.organisator.ch\\\/#organization\",\"name\":\"Organisator\",\"url\":\"https:\\\/\\\/www.organisator.ch\\\/\",\"logo\":{\"@type\":\"ImageObject\",\"inLanguage\":\"fr-FR\",\"@id\":\"https:\\\/\\\/www.organisator.ch\\\/#\\\/schema\\\/logo\\\/image\\\/\",\"url\":\"https:\\\/\\\/www.organisator.ch\\\/wp-content\\\/uploads\\\/2022\\\/01\\\/Logo_Organisator_Website.png\",\"contentUrl\":\"https:\\\/\\\/www.organisator.ch\\\/wp-content\\\/uploads\\\/2022\\\/01\\\/Logo_Organisator_Website.png\",\"width\":800,\"height\":77,\"caption\":\"Organisator\"},\"image\":{\"@id\":\"https:\\\/\\\/www.organisator.ch\\\/#\\\/schema\\\/logo\\\/image\\\/\"},\"sameAs\":[\"https:\\\/\\\/www.facebook.com\\\/OrganisatorFachmagazin\",\"https:\\\/\\\/www.linkedin.com\\\/showcase\\\/organisator-das-magazin-fr-kmu\",\"https:\\\/\\\/www.xing.com\\\/news\\\/pages\\\/organisator-ch-695\",\"https:\\\/\\\/www.youtube.com\\\/channel\\\/UCGP2Sq0iWaZwT3BdIAQFYpw\"]},{\"@type\":\"Person\",\"@id\":\"https:\\\/\\\/www.organisator.ch\\\/#\\\/schema\\\/person\\\/aa2bace6c5c5aad60102004a50c4eb1c\",\"name\":\"admin\",\"image\":{\"@type\":\"ImageObject\",\"inLanguage\":\"fr-FR\",\"@id\":\"https:\\\/\\\/secure.gravatar.com\\\/avatar\\\/ae2f4d718e6c49043e314ce431e7e645d646302a24a5ef5a8bc8e3f5a032e319?s=96&d=mm&r=g\",\"url\":\"https:\\\/\\\/secure.gravatar.com\\\/avatar\\\/ae2f4d718e6c49043e314ce431e7e645d646302a24a5ef5a8bc8e3f5a032e319?s=96&d=mm&r=g\",\"contentUrl\":\"https:\\\/\\\/secure.gravatar.com\\\/avatar\\\/ae2f4d718e6c49043e314ce431e7e645d646302a24a5ef5a8bc8e3f5a032e319?s=96&d=mm&r=g\",\"caption\":\"admin\"},\"sameAs\":[\"https:\\\/\\\/www.organisator.ch\"],\"url\":\"https:\\\/\\\/www.organisator.ch\\\/fr\\\/author\\\/admin\\\/\"}]}<\/script>\n<!-- \/ Yoast SEO plugin. -->","yoast_head_json":{"title":"Les plus grands penseurs du monde identifi\u00e9s - Organisateur","description":"Le \"Global Thought Leaders Index 2015\", qui vient d'\u00eatre publi\u00e9, cartographie la conversation mondiale et ses principales voix sur Internet.","robots":{"index":"index","follow":"follow","max-snippet":"max-snippet:-1","max-image-preview":"max-image-preview:large","max-video-preview":"max-video-preview:-1"},"canonical":"https:\/\/www.organisator.ch\/fr\/general\/2015-12-21\/die-wichtigsten-denker-der-welt-ermittelt\/","og_locale":"fr_FR","og_type":"article","og_title":"Die wichtigsten Denker der Welt ermittelt","og_description":"Der soeben publizierte \u201eGlobal Thought Leaders Index 2015\u201c kartografiert die globale Konversation und deren wichtigste Stimmen im Internet. Die Netzwerk-Analyse ist eine Kooperation des GDI Gottlieb Duttweiler Institute und der \u201eThe WorldPost\u201c \/ \u201eHuffingtonPost\u201c.","og_url":"https:\/\/www.organisator.ch\/fr\/general\/2015-12-21\/die-wichtigsten-denker-der-welt-ermittelt\/","og_site_name":"Organisator","article_publisher":"https:\/\/www.facebook.com\/OrganisatorFachmagazin","article_published_time":"2015-12-21T13:37:40+00:00","author":"admin","twitter_card":"summary_large_image","twitter_image":"https:\/\/www.organisator.ch\/wp-content\/uploads\/2016\/12\/Die-wichtigsten-Denker-der-Welt-ermittelt-organisator.png","schema":{"@context":"https:\/\/schema.org","@graph":[{"@type":"Article","@id":"https:\/\/www.organisator.ch\/de\/allgemein\/2015-12-21\/die-wichtigsten-denker-der-welt-ermittelt\/#article","isPartOf":{"@id":"https:\/\/www.organisator.ch\/de\/allgemein\/2015-12-21\/die-wichtigsten-denker-der-welt-ermittelt\/"},"author":{"name":"admin","@id":"https:\/\/www.organisator.ch\/#\/schema\/person\/aa2bace6c5c5aad60102004a50c4eb1c"},"headline":"Die wichtigsten Denker der Welt ermittelt","datePublished":"2015-12-21T13:37:40+00:00","mainEntityOfPage":{"@id":"https:\/\/www.organisator.ch\/de\/allgemein\/2015-12-21\/die-wichtigsten-denker-der-welt-ermittelt\/"},"wordCount":344,"commentCount":0,"publisher":{"@id":"https:\/\/www.organisator.ch\/#organization"},"image":{"@id":"https:\/\/www.organisator.ch\/de\/allgemein\/2015-12-21\/die-wichtigsten-denker-der-welt-ermittelt\/#primaryimage"},"thumbnailUrl":"https:\/\/www.organisator.ch\/wp-content\/uploads\/2016\/12\/Die-wichtigsten-Denker-der-Welt-ermittelt-organisator.png","keywords":["Studie"],"articleSection":["Allgemein"],"inLanguage":"fr-FR"},{"@type":"WebPage","@id":"https:\/\/www.organisator.ch\/de\/allgemein\/2015-12-21\/die-wichtigsten-denker-der-welt-ermittelt\/","url":"https:\/\/www.organisator.ch\/de\/allgemein\/2015-12-21\/die-wichtigsten-denker-der-welt-ermittelt\/","name":"Les plus grands penseurs du monde identifi\u00e9s - Organisateur","isPartOf":{"@id":"https:\/\/www.organisator.ch\/#website"},"primaryImageOfPage":{"@id":"https:\/\/www.organisator.ch\/de\/allgemein\/2015-12-21\/die-wichtigsten-denker-der-welt-ermittelt\/#primaryimage"},"image":{"@id":"https:\/\/www.organisator.ch\/de\/allgemein\/2015-12-21\/die-wichtigsten-denker-der-welt-ermittelt\/#primaryimage"},"thumbnailUrl":"https:\/\/www.organisator.ch\/wp-content\/uploads\/2016\/12\/Die-wichtigsten-Denker-der-Welt-ermittelt-organisator.png","datePublished":"2015-12-21T13:37:40+00:00","description":"Le \"Global Thought Leaders Index 2015\", qui vient d'\u00eatre publi\u00e9, cartographie la conversation mondiale et ses principales voix sur Internet.","breadcrumb":{"@id":"https:\/\/www.organisator.ch\/de\/allgemein\/2015-12-21\/die-wichtigsten-denker-der-welt-ermittelt\/#breadcrumb"},"inLanguage":"fr-FR","potentialAction":[{"@type":"ReadAction","target":["https:\/\/www.organisator.ch\/de\/allgemein\/2015-12-21\/die-wichtigsten-denker-der-welt-ermittelt\/"]}]},{"@type":"ImageObject","inLanguage":"fr-FR","@id":"https:\/\/www.organisator.ch\/de\/allgemein\/2015-12-21\/die-wichtigsten-denker-der-welt-ermittelt\/#primaryimage","url":"https:\/\/www.organisator.ch\/wp-content\/uploads\/2016\/12\/Die-wichtigsten-Denker-der-Welt-ermittelt-organisator.png","contentUrl":"https:\/\/www.organisator.ch\/wp-content\/uploads\/2016\/12\/Die-wichtigsten-Denker-der-Welt-ermittelt-organisator.png","width":533,"height":724},{"@type":"BreadcrumbList","@id":"https:\/\/www.organisator.ch\/de\/allgemein\/2015-12-21\/die-wichtigsten-denker-der-welt-ermittelt\/#breadcrumb","itemListElement":[{"@type":"ListItem","position":1,"name":"Home","item":"https:\/\/www.organisator.ch\/"},{"@type":"ListItem","position":2,"name":"Die wichtigsten Denker der Welt ermittelt"}]},{"@type":"WebSite","@id":"https:\/\/www.organisator.ch\/#website","url":"https:\/\/www.organisator.ch\/","name":"Organisateur","description":"Comp\u00e9tence et comp\u00e9tence. Proches de la pratique. L'ORGANISATEUR pr\u00e9pare 10 num\u00e9ros par an sur les th\u00e8mes essentiels pour les dirigeants de PME.","publisher":{"@id":"https:\/\/www.organisator.ch\/#organization"},"potentialAction":[{"@type":"SearchAction","target":{"@type":"EntryPoint","urlTemplate":"https:\/\/www.organisator.ch\/?s={search_term_string}"},"query-input":{"@type":"PropertyValueSpecification","valueRequired":true,"valueName":"search_term_string"}}],"inLanguage":"fr-FR"},{"@type":"Organization","@id":"https:\/\/www.organisator.ch\/#organization","name":"Organisateur","url":"https:\/\/www.organisator.ch\/","logo":{"@type":"ImageObject","inLanguage":"fr-FR","@id":"https:\/\/www.organisator.ch\/#\/schema\/logo\/image\/","url":"https:\/\/www.organisator.ch\/wp-content\/uploads\/2022\/01\/Logo_Organisator_Website.png","contentUrl":"https:\/\/www.organisator.ch\/wp-content\/uploads\/2022\/01\/Logo_Organisator_Website.png","width":800,"height":77,"caption":"Organisator"},"image":{"@id":"https:\/\/www.organisator.ch\/#\/schema\/logo\/image\/"},"sameAs":["https:\/\/www.facebook.com\/OrganisatorFachmagazin","https:\/\/www.linkedin.com\/showcase\/organisator-das-magazin-fr-kmu","https:\/\/www.xing.com\/news\/pages\/organisator-ch-695","https:\/\/www.youtube.com\/channel\/UCGP2Sq0iWaZwT3BdIAQFYpw"]},{"@type":"Person","@id":"https:\/\/www.organisator.ch\/#\/schema\/person\/aa2bace6c5c5aad60102004a50c4eb1c","name":"admin","image":{"@type":"ImageObject","inLanguage":"fr-FR","@id":"https:\/\/secure.gravatar.com\/avatar\/ae2f4d718e6c49043e314ce431e7e645d646302a24a5ef5a8bc8e3f5a032e319?s=96&d=mm&r=g","url":"https:\/\/secure.gravatar.com\/avatar\/ae2f4d718e6c49043e314ce431e7e645d646302a24a5ef5a8bc8e3f5a032e319?s=96&d=mm&r=g","contentUrl":"https:\/\/secure.gravatar.com\/avatar\/ae2f4d718e6c49043e314ce431e7e645d646302a24a5ef5a8bc8e3f5a032e319?s=96&d=mm&r=g","caption":"admin"},"sameAs":["https:\/\/www.organisator.ch"],"url":"https:\/\/www.organisator.ch\/fr\/author\/admin\/"}]}},"_links":{"self":[{"href":"https:\/\/www.organisator.ch\/fr\/wp-json\/wp\/v2\/posts\/8564","targetHints":{"allow":["GET"]}}],"collection":[{"href":"https:\/\/www.organisator.ch\/fr\/wp-json\/wp\/v2\/posts"}],"about":[{"href":"https:\/\/www.organisator.ch\/fr\/wp-json\/wp\/v2\/types\/post"}],"author":[{"embeddable":true,"href":"https:\/\/www.organisator.ch\/fr\/wp-json\/wp\/v2\/users\/1"}],"replies":[{"embeddable":true,"href":"https:\/\/www.organisator.ch\/fr\/wp-json\/wp\/v2\/comments?post=8564"}],"version-history":[{"count":0,"href":"https:\/\/www.organisator.ch\/fr\/wp-json\/wp\/v2\/posts\/8564\/revisions"}],"wp:featuredmedia":[{"embeddable":true,"href":"https:\/\/www.organisator.ch\/fr\/wp-json\/wp\/v2\/media\/8459"}],"wp:attachment":[{"href":"https:\/\/www.organisator.ch\/fr\/wp-json\/wp\/v2\/media?parent=8564"}],"wp:term":[{"taxonomy":"category","embeddable":true,"href":"https:\/\/www.organisator.ch\/fr\/wp-json\/wp\/v2\/categories?post=8564"},{"taxonomy":"post_tag","embeddable":true,"href":"https:\/\/www.organisator.ch\/fr\/wp-json\/wp\/v2\/tags?post=8564"}],"curies":[{"name":"wp","href":"https:\/\/api.w.org\/{rel}","templated":true}]}}