{"id":8567,"date":"2016-01-03T14:42:52","date_gmt":"2016-01-03T13:42:52","guid":{"rendered":"http:\/\/dev.organisator.ch\/?p=68"},"modified":"2016-01-03T14:42:52","modified_gmt":"2016-01-03T13:42:52","slug":"entreprises-suisses-pessimistes","status":"publish","type":"post","link":"https:\/\/www.organisator.ch\/fr\/allgemein\/2016-01-03\/schweizer-unternehmen-pessimistisch\/","title":{"rendered":"Les entreprises suisses sont pessimistes"},"content":{"rendered":"<p><img loading=\"lazy\" decoding=\"async\" class=\"alignnone size-medium wp-image-69\" src=\"https:\/\/organisator.ch\/wp-content\/uploads\/2016\/12\/Schweizer-Unternehmen-pessimistisch-organisator.jpg\" alt=\"\" width=\"680\" height=\"510\" \/><\/p>\n<p>&nbsp;<\/p>\n<p>La derni\u00e8re \u00e9tude KPMG sur les restructurations men\u00e9e aupr\u00e8s de plus de 80 entreprises suisses de diff\u00e9rents secteurs a r\u00e9v\u00e9l\u00e9 que plus d'un tiers d'entre elles voient une d\u00e9t\u00e9rioration de la situation \u00e9conomique en Suisse par rapport \u00e0 l'ann\u00e9e pr\u00e9c\u00e9dente.<\/p>\n<p>Les principaux moteurs de ces \u00e9volutions n\u00e9gatives sont le franc fort actuel et la forte pression sur les prix. 73 % des entreprises craignent des r\u00e9percussions n\u00e9gatives sur leurs activit\u00e9s en cas de r\u00e9siliation des accords bilat\u00e9raux. L'enqu\u00eate montre l'influence qu'a eue la suppression du cours minimum de l'euro sur les entreprises suisses.<\/p>\n<p>71 pour cent des entreprises interrog\u00e9es jugent les effets du franc fort actuel n\u00e9gatifs et 16 pour cent les consid\u00e8rent m\u00eame comme une menace pour leur existence.<\/p>\n<p>Cela concerne en particulier les mod\u00e8les commerciaux dans lesquels les revenus sont g\u00e9n\u00e9r\u00e9s \u00e0 l'\u00e9tranger et les co\u00fbts (de personnel) sont support\u00e9s en Suisse (y compris le tourisme). En effet, en l'absence de diff\u00e9renciation, le manque de comp\u00e9titivit\u00e9 se r\u00e9percute in\u00e9vitablement sur les marges b\u00e9n\u00e9ficiaires.<\/p>\n<p><strong>Pessimisme vs. concurrence<\/strong><\/p>\n<p>Du point de vue des personnes interrog\u00e9es, une r\u00e9siliation potentielle des accords bilat\u00e9raux avec l'UE repr\u00e9sente une menace similaire : 59% craignent des r\u00e9percussions n\u00e9gatives sur leur entreprise, 14% estiment m\u00eame qu'une dissolution des accords bilat\u00e9raux menacerait leur existence.<\/p>\n<p>En accord avec les d\u00e9clarations pr\u00e9c\u00e9dentes sur la disponibilit\u00e9 du personnel, l'importance de l'initiative contre l'immigration de masse pour la comp\u00e9titivit\u00e9 a \u00e9galement \u00e9t\u00e9 mise en \u00e9vidence ici.<\/p>\n<p>L'initiative accept\u00e9e par le peuple est certes jug\u00e9e n\u00e9gative pour leur entreprise par 56 % des personnes interrog\u00e9es, mais seuls 2 % pensent que l'initiative mettra en p\u00e9ril leur existence \u00e0 long terme.<\/p>\n<p>Le lien suivant permet d'acc\u00e9der \u00e0 l'\u00e9tude compl\u00e8te :<\/p>\n<p><a href=\"http:\/\/kpmg.ch\/restructuring\" target=\"_blank\" data-cke-saved-href=\"http:\/\/kpmg.ch\/restructuring\" rel=\"noopener\">kpmg.ch\/restructuring<\/a><\/p>","protected":false},"excerpt":{"rendered":"<p>&nbsp; Die aktuelle KPMG Restrukturierungsstudie bei mehr als 80 Schweizer Unternehmen aus verschiedenen Branchen hat ergeben, dass \u00fcber ein Drittel eine Verschlechterung des Wirtschaftsstandorts Schweiz gegen\u00fcber dem Vorjahr sieht. Als Haupttreiber dieser negativen Entwicklungen werden die momentane Frankenst\u00e4rke und der hohe Preisdruck genannt. Von einer m\u00f6glichen K\u00fcndigung der Bilateralen bef\u00fcrchten 73 Prozent der Firmen negative [&hellip;]<\/p>\n","protected":false},"author":1,"featured_media":8462,"comment_status":"open","ping_status":"open","sticky":false,"template":"","format":"standard","meta":{"_acf_changed":false,"_yoast_wpseo_focuskw":"Schweizer Unternehmen","_yoast_wpseo_metadesc":"Die KPMG Restrukturierungsstudie hat bei \u00fcber 80 Schweizer Unternehmen ergeben, dass eine Verschlechterung des Wirtschaftsstandorts Schweiz gesehen wird.","articlekey":"","footnotes":""},"categories":[1],"tags":[410],"class_list":["post-8567","post","type-post","status-publish","format-standard","has-post-thumbnail","hentry","category-allgemein","tag-regulierung"],"acf":[],"yoast_head":"<!-- This site is optimized with the Yoast SEO plugin v27.4 - https:\/\/yoast.com\/product\/yoast-seo-wordpress\/ -->\n<title>Schweizer Unternehmen pessimistisch - Organisator<\/title>\n<meta name=\"description\" content=\"Die KPMG Restrukturierungsstudie hat bei \u00fcber 80 Schweizer Unternehmen ergeben, dass eine Verschlechterung des Wirtschaftsstandorts Schweiz gesehen wird.\" \/>\n<meta name=\"robots\" content=\"index, follow, max-snippet:-1, max-image-preview:large, max-video-preview:-1\" \/>\n<link rel=\"canonical\" href=\"https:\/\/www.organisator.ch\/fr\/general\/2016-01-03\/entreprises-suisses-pessimistes\/\" \/>\n<meta property=\"og:locale\" content=\"fr_FR\" \/>\n<meta property=\"og:type\" content=\"article\" \/>\n<meta property=\"og:title\" content=\"Schweizer Unternehmen pessimistisch\" \/>\n<meta property=\"og:description\" content=\"Die aktuelle KPMG Restrukturierungsstudie bei mehr als 80 Schweizer Unternehmen aus verschiedenen Branchen hat ergeben, dass \u00fcber ein Drittel eine Verschlechterung des Wirtschaftsstandorts Schweiz gegen\u00fcber dem Vorjahr sieht.\" \/>\n<meta property=\"og:url\" content=\"https:\/\/www.organisator.ch\/fr\/general\/2016-01-03\/entreprises-suisses-pessimistes\/\" \/>\n<meta property=\"og:site_name\" content=\"Organisator\" \/>\n<meta property=\"article:publisher\" content=\"https:\/\/www.facebook.com\/OrganisatorFachmagazin\" \/>\n<meta property=\"article:published_time\" content=\"2016-01-03T13:42:52+00:00\" \/>\n<meta name=\"author\" content=\"admin\" \/>\n<meta name=\"twitter:card\" content=\"summary_large_image\" \/>\n<meta name=\"twitter:image\" content=\"https:\/\/www.organisator.ch\/wp-content\/uploads\/2016\/12\/Schweizer-Unternehmen-pessimistisch-organisator.jpg\" \/>\n<script type=\"application\/ld+json\" class=\"yoast-schema-graph\">{\"@context\":\"https:\\\/\\\/schema.org\",\"@graph\":[{\"@type\":\"Article\",\"@id\":\"https:\\\/\\\/www.organisator.ch\\\/de\\\/allgemein\\\/2016-01-03\\\/schweizer-unternehmen-pessimistisch\\\/#article\",\"isPartOf\":{\"@id\":\"https:\\\/\\\/www.organisator.ch\\\/de\\\/allgemein\\\/2016-01-03\\\/schweizer-unternehmen-pessimistisch\\\/\"},\"author\":{\"name\":\"admin\",\"@id\":\"https:\\\/\\\/www.organisator.ch\\\/#\\\/schema\\\/person\\\/aa2bace6c5c5aad60102004a50c4eb1c\"},\"headline\":\"Schweizer Unternehmen pessimistisch\",\"datePublished\":\"2016-01-03T13:42:52+00:00\",\"mainEntityOfPage\":{\"@id\":\"https:\\\/\\\/www.organisator.ch\\\/de\\\/allgemein\\\/2016-01-03\\\/schweizer-unternehmen-pessimistisch\\\/\"},\"wordCount\":248,\"commentCount\":0,\"publisher\":{\"@id\":\"https:\\\/\\\/www.organisator.ch\\\/#organization\"},\"image\":{\"@id\":\"https:\\\/\\\/www.organisator.ch\\\/de\\\/allgemein\\\/2016-01-03\\\/schweizer-unternehmen-pessimistisch\\\/#primaryimage\"},\"thumbnailUrl\":\"https:\\\/\\\/www.organisator.ch\\\/wp-content\\\/uploads\\\/2016\\\/12\\\/Schweizer-Unternehmen-pessimistisch-organisator.jpg\",\"keywords\":[\"Regulierung\"],\"articleSection\":[\"Allgemein\"],\"inLanguage\":\"fr-FR\"},{\"@type\":\"WebPage\",\"@id\":\"https:\\\/\\\/www.organisator.ch\\\/de\\\/allgemein\\\/2016-01-03\\\/schweizer-unternehmen-pessimistisch\\\/\",\"url\":\"https:\\\/\\\/www.organisator.ch\\\/de\\\/allgemein\\\/2016-01-03\\\/schweizer-unternehmen-pessimistisch\\\/\",\"name\":\"Schweizer Unternehmen pessimistisch - Organisator\",\"isPartOf\":{\"@id\":\"https:\\\/\\\/www.organisator.ch\\\/#website\"},\"primaryImageOfPage\":{\"@id\":\"https:\\\/\\\/www.organisator.ch\\\/de\\\/allgemein\\\/2016-01-03\\\/schweizer-unternehmen-pessimistisch\\\/#primaryimage\"},\"image\":{\"@id\":\"https:\\\/\\\/www.organisator.ch\\\/de\\\/allgemein\\\/2016-01-03\\\/schweizer-unternehmen-pessimistisch\\\/#primaryimage\"},\"thumbnailUrl\":\"https:\\\/\\\/www.organisator.ch\\\/wp-content\\\/uploads\\\/2016\\\/12\\\/Schweizer-Unternehmen-pessimistisch-organisator.jpg\",\"datePublished\":\"2016-01-03T13:42:52+00:00\",\"description\":\"Die KPMG Restrukturierungsstudie hat bei \u00fcber 80 Schweizer Unternehmen ergeben, dass eine Verschlechterung des Wirtschaftsstandorts Schweiz gesehen wird.\",\"breadcrumb\":{\"@id\":\"https:\\\/\\\/www.organisator.ch\\\/de\\\/allgemein\\\/2016-01-03\\\/schweizer-unternehmen-pessimistisch\\\/#breadcrumb\"},\"inLanguage\":\"fr-FR\",\"potentialAction\":[{\"@type\":\"ReadAction\",\"target\":[\"https:\\\/\\\/www.organisator.ch\\\/de\\\/allgemein\\\/2016-01-03\\\/schweizer-unternehmen-pessimistisch\\\/\"]}]},{\"@type\":\"ImageObject\",\"inLanguage\":\"fr-FR\",\"@id\":\"https:\\\/\\\/www.organisator.ch\\\/de\\\/allgemein\\\/2016-01-03\\\/schweizer-unternehmen-pessimistisch\\\/#primaryimage\",\"url\":\"https:\\\/\\\/www.organisator.ch\\\/wp-content\\\/uploads\\\/2016\\\/12\\\/Schweizer-Unternehmen-pessimistisch-organisator.jpg\",\"contentUrl\":\"https:\\\/\\\/www.organisator.ch\\\/wp-content\\\/uploads\\\/2016\\\/12\\\/Schweizer-Unternehmen-pessimistisch-organisator.jpg\",\"width\":704,\"height\":528},{\"@type\":\"BreadcrumbList\",\"@id\":\"https:\\\/\\\/www.organisator.ch\\\/de\\\/allgemein\\\/2016-01-03\\\/schweizer-unternehmen-pessimistisch\\\/#breadcrumb\",\"itemListElement\":[{\"@type\":\"ListItem\",\"position\":1,\"name\":\"Home\",\"item\":\"https:\\\/\\\/www.organisator.ch\\\/\"},{\"@type\":\"ListItem\",\"position\":2,\"name\":\"Schweizer Unternehmen pessimistisch\"}]},{\"@type\":\"WebSite\",\"@id\":\"https:\\\/\\\/www.organisator.ch\\\/#website\",\"url\":\"https:\\\/\\\/www.organisator.ch\\\/\",\"name\":\"Organisator\",\"description\":\"Kompetent. Praxisnah. Der ORGANISATOR bereitet in 10 Ausgaben pro Jahr die wesentlichen Themen f\u00fcr F\u00fchrungskr\u00e4fte von KMU auf.\",\"publisher\":{\"@id\":\"https:\\\/\\\/www.organisator.ch\\\/#organization\"},\"potentialAction\":[{\"@type\":\"SearchAction\",\"target\":{\"@type\":\"EntryPoint\",\"urlTemplate\":\"https:\\\/\\\/www.organisator.ch\\\/?s={search_term_string}\"},\"query-input\":{\"@type\":\"PropertyValueSpecification\",\"valueRequired\":true,\"valueName\":\"search_term_string\"}}],\"inLanguage\":\"fr-FR\"},{\"@type\":\"Organization\",\"@id\":\"https:\\\/\\\/www.organisator.ch\\\/#organization\",\"name\":\"Organisator\",\"url\":\"https:\\\/\\\/www.organisator.ch\\\/\",\"logo\":{\"@type\":\"ImageObject\",\"inLanguage\":\"fr-FR\",\"@id\":\"https:\\\/\\\/www.organisator.ch\\\/#\\\/schema\\\/logo\\\/image\\\/\",\"url\":\"https:\\\/\\\/www.organisator.ch\\\/wp-content\\\/uploads\\\/2022\\\/01\\\/Logo_Organisator_Website.png\",\"contentUrl\":\"https:\\\/\\\/www.organisator.ch\\\/wp-content\\\/uploads\\\/2022\\\/01\\\/Logo_Organisator_Website.png\",\"width\":800,\"height\":77,\"caption\":\"Organisator\"},\"image\":{\"@id\":\"https:\\\/\\\/www.organisator.ch\\\/#\\\/schema\\\/logo\\\/image\\\/\"},\"sameAs\":[\"https:\\\/\\\/www.facebook.com\\\/OrganisatorFachmagazin\",\"https:\\\/\\\/www.linkedin.com\\\/showcase\\\/organisator-das-magazin-fr-kmu\",\"https:\\\/\\\/www.xing.com\\\/news\\\/pages\\\/organisator-ch-695\",\"https:\\\/\\\/www.youtube.com\\\/channel\\\/UCGP2Sq0iWaZwT3BdIAQFYpw\"]},{\"@type\":\"Person\",\"@id\":\"https:\\\/\\\/www.organisator.ch\\\/#\\\/schema\\\/person\\\/aa2bace6c5c5aad60102004a50c4eb1c\",\"name\":\"admin\",\"image\":{\"@type\":\"ImageObject\",\"inLanguage\":\"fr-FR\",\"@id\":\"https:\\\/\\\/secure.gravatar.com\\\/avatar\\\/ae2f4d718e6c49043e314ce431e7e645d646302a24a5ef5a8bc8e3f5a032e319?s=96&d=mm&r=g\",\"url\":\"https:\\\/\\\/secure.gravatar.com\\\/avatar\\\/ae2f4d718e6c49043e314ce431e7e645d646302a24a5ef5a8bc8e3f5a032e319?s=96&d=mm&r=g\",\"contentUrl\":\"https:\\\/\\\/secure.gravatar.com\\\/avatar\\\/ae2f4d718e6c49043e314ce431e7e645d646302a24a5ef5a8bc8e3f5a032e319?s=96&d=mm&r=g\",\"caption\":\"admin\"},\"sameAs\":[\"https:\\\/\\\/www.organisator.ch\"],\"url\":\"https:\\\/\\\/www.organisator.ch\\\/fr\\\/author\\\/admin\\\/\"}]}<\/script>\n<!-- \/ Yoast SEO plugin. -->","yoast_head_json":{"title":"Les entreprises suisses sont pessimistes - Organisateur","description":"L'\u00e9tude KPMG sur les restructurations a r\u00e9v\u00e9l\u00e9 aupr\u00e8s de plus de 80 entreprises suisses qu'une d\u00e9t\u00e9rioration de la place \u00e9conomique suisse est per\u00e7ue.","robots":{"index":"index","follow":"follow","max-snippet":"max-snippet:-1","max-image-preview":"max-image-preview:large","max-video-preview":"max-video-preview:-1"},"canonical":"https:\/\/www.organisator.ch\/fr\/general\/2016-01-03\/entreprises-suisses-pessimistes\/","og_locale":"fr_FR","og_type":"article","og_title":"Schweizer Unternehmen pessimistisch","og_description":"Die aktuelle KPMG Restrukturierungsstudie bei mehr als 80 Schweizer Unternehmen aus verschiedenen Branchen hat ergeben, dass \u00fcber ein Drittel eine Verschlechterung des Wirtschaftsstandorts Schweiz gegen\u00fcber dem Vorjahr sieht.","og_url":"https:\/\/www.organisator.ch\/fr\/general\/2016-01-03\/entreprises-suisses-pessimistes\/","og_site_name":"Organisator","article_publisher":"https:\/\/www.facebook.com\/OrganisatorFachmagazin","article_published_time":"2016-01-03T13:42:52+00:00","author":"admin","twitter_card":"summary_large_image","twitter_image":"https:\/\/www.organisator.ch\/wp-content\/uploads\/2016\/12\/Schweizer-Unternehmen-pessimistisch-organisator.jpg","schema":{"@context":"https:\/\/schema.org","@graph":[{"@type":"Article","@id":"https:\/\/www.organisator.ch\/de\/allgemein\/2016-01-03\/schweizer-unternehmen-pessimistisch\/#article","isPartOf":{"@id":"https:\/\/www.organisator.ch\/de\/allgemein\/2016-01-03\/schweizer-unternehmen-pessimistisch\/"},"author":{"name":"admin","@id":"https:\/\/www.organisator.ch\/#\/schema\/person\/aa2bace6c5c5aad60102004a50c4eb1c"},"headline":"Schweizer Unternehmen pessimistisch","datePublished":"2016-01-03T13:42:52+00:00","mainEntityOfPage":{"@id":"https:\/\/www.organisator.ch\/de\/allgemein\/2016-01-03\/schweizer-unternehmen-pessimistisch\/"},"wordCount":248,"commentCount":0,"publisher":{"@id":"https:\/\/www.organisator.ch\/#organization"},"image":{"@id":"https:\/\/www.organisator.ch\/de\/allgemein\/2016-01-03\/schweizer-unternehmen-pessimistisch\/#primaryimage"},"thumbnailUrl":"https:\/\/www.organisator.ch\/wp-content\/uploads\/2016\/12\/Schweizer-Unternehmen-pessimistisch-organisator.jpg","keywords":["Regulierung"],"articleSection":["Allgemein"],"inLanguage":"fr-FR"},{"@type":"WebPage","@id":"https:\/\/www.organisator.ch\/de\/allgemein\/2016-01-03\/schweizer-unternehmen-pessimistisch\/","url":"https:\/\/www.organisator.ch\/de\/allgemein\/2016-01-03\/schweizer-unternehmen-pessimistisch\/","name":"Les entreprises suisses sont pessimistes - Organisateur","isPartOf":{"@id":"https:\/\/www.organisator.ch\/#website"},"primaryImageOfPage":{"@id":"https:\/\/www.organisator.ch\/de\/allgemein\/2016-01-03\/schweizer-unternehmen-pessimistisch\/#primaryimage"},"image":{"@id":"https:\/\/www.organisator.ch\/de\/allgemein\/2016-01-03\/schweizer-unternehmen-pessimistisch\/#primaryimage"},"thumbnailUrl":"https:\/\/www.organisator.ch\/wp-content\/uploads\/2016\/12\/Schweizer-Unternehmen-pessimistisch-organisator.jpg","datePublished":"2016-01-03T13:42:52+00:00","description":"L'\u00e9tude KPMG sur les restructurations a r\u00e9v\u00e9l\u00e9 aupr\u00e8s de plus de 80 entreprises suisses qu'une d\u00e9t\u00e9rioration de la place \u00e9conomique suisse est per\u00e7ue.","breadcrumb":{"@id":"https:\/\/www.organisator.ch\/de\/allgemein\/2016-01-03\/schweizer-unternehmen-pessimistisch\/#breadcrumb"},"inLanguage":"fr-FR","potentialAction":[{"@type":"ReadAction","target":["https:\/\/www.organisator.ch\/de\/allgemein\/2016-01-03\/schweizer-unternehmen-pessimistisch\/"]}]},{"@type":"ImageObject","inLanguage":"fr-FR","@id":"https:\/\/www.organisator.ch\/de\/allgemein\/2016-01-03\/schweizer-unternehmen-pessimistisch\/#primaryimage","url":"https:\/\/www.organisator.ch\/wp-content\/uploads\/2016\/12\/Schweizer-Unternehmen-pessimistisch-organisator.jpg","contentUrl":"https:\/\/www.organisator.ch\/wp-content\/uploads\/2016\/12\/Schweizer-Unternehmen-pessimistisch-organisator.jpg","width":704,"height":528},{"@type":"BreadcrumbList","@id":"https:\/\/www.organisator.ch\/de\/allgemein\/2016-01-03\/schweizer-unternehmen-pessimistisch\/#breadcrumb","itemListElement":[{"@type":"ListItem","position":1,"name":"Home","item":"https:\/\/www.organisator.ch\/"},{"@type":"ListItem","position":2,"name":"Schweizer Unternehmen pessimistisch"}]},{"@type":"WebSite","@id":"https:\/\/www.organisator.ch\/#website","url":"https:\/\/www.organisator.ch\/","name":"Organisateur","description":"Comp\u00e9tence et comp\u00e9tence. Proches de la pratique. L'ORGANISATEUR pr\u00e9pare 10 num\u00e9ros par an sur les th\u00e8mes essentiels pour les dirigeants de PME.","publisher":{"@id":"https:\/\/www.organisator.ch\/#organization"},"potentialAction":[{"@type":"SearchAction","target":{"@type":"EntryPoint","urlTemplate":"https:\/\/www.organisator.ch\/?s={search_term_string}"},"query-input":{"@type":"PropertyValueSpecification","valueRequired":true,"valueName":"search_term_string"}}],"inLanguage":"fr-FR"},{"@type":"Organization","@id":"https:\/\/www.organisator.ch\/#organization","name":"Organisateur","url":"https:\/\/www.organisator.ch\/","logo":{"@type":"ImageObject","inLanguage":"fr-FR","@id":"https:\/\/www.organisator.ch\/#\/schema\/logo\/image\/","url":"https:\/\/www.organisator.ch\/wp-content\/uploads\/2022\/01\/Logo_Organisator_Website.png","contentUrl":"https:\/\/www.organisator.ch\/wp-content\/uploads\/2022\/01\/Logo_Organisator_Website.png","width":800,"height":77,"caption":"Organisator"},"image":{"@id":"https:\/\/www.organisator.ch\/#\/schema\/logo\/image\/"},"sameAs":["https:\/\/www.facebook.com\/OrganisatorFachmagazin","https:\/\/www.linkedin.com\/showcase\/organisator-das-magazin-fr-kmu","https:\/\/www.xing.com\/news\/pages\/organisator-ch-695","https:\/\/www.youtube.com\/channel\/UCGP2Sq0iWaZwT3BdIAQFYpw"]},{"@type":"Person","@id":"https:\/\/www.organisator.ch\/#\/schema\/person\/aa2bace6c5c5aad60102004a50c4eb1c","name":"admin","image":{"@type":"ImageObject","inLanguage":"fr-FR","@id":"https:\/\/secure.gravatar.com\/avatar\/ae2f4d718e6c49043e314ce431e7e645d646302a24a5ef5a8bc8e3f5a032e319?s=96&d=mm&r=g","url":"https:\/\/secure.gravatar.com\/avatar\/ae2f4d718e6c49043e314ce431e7e645d646302a24a5ef5a8bc8e3f5a032e319?s=96&d=mm&r=g","contentUrl":"https:\/\/secure.gravatar.com\/avatar\/ae2f4d718e6c49043e314ce431e7e645d646302a24a5ef5a8bc8e3f5a032e319?s=96&d=mm&r=g","caption":"admin"},"sameAs":["https:\/\/www.organisator.ch"],"url":"https:\/\/www.organisator.ch\/fr\/author\/admin\/"}]}},"_links":{"self":[{"href":"https:\/\/www.organisator.ch\/fr\/wp-json\/wp\/v2\/posts\/8567","targetHints":{"allow":["GET"]}}],"collection":[{"href":"https:\/\/www.organisator.ch\/fr\/wp-json\/wp\/v2\/posts"}],"about":[{"href":"https:\/\/www.organisator.ch\/fr\/wp-json\/wp\/v2\/types\/post"}],"author":[{"embeddable":true,"href":"https:\/\/www.organisator.ch\/fr\/wp-json\/wp\/v2\/users\/1"}],"replies":[{"embeddable":true,"href":"https:\/\/www.organisator.ch\/fr\/wp-json\/wp\/v2\/comments?post=8567"}],"version-history":[{"count":0,"href":"https:\/\/www.organisator.ch\/fr\/wp-json\/wp\/v2\/posts\/8567\/revisions"}],"wp:featuredmedia":[{"embeddable":true,"href":"https:\/\/www.organisator.ch\/fr\/wp-json\/wp\/v2\/media\/8462"}],"wp:attachment":[{"href":"https:\/\/www.organisator.ch\/fr\/wp-json\/wp\/v2\/media?parent=8567"}],"wp:term":[{"taxonomy":"category","embeddable":true,"href":"https:\/\/www.organisator.ch\/fr\/wp-json\/wp\/v2\/categories?post=8567"},{"taxonomy":"post_tag","embeddable":true,"href":"https:\/\/www.organisator.ch\/fr\/wp-json\/wp\/v2\/tags?post=8567"}],"curies":[{"name":"wp","href":"https:\/\/api.w.org\/{rel}","templated":true}]}}