{"id":8568,"date":"2016-01-08T14:59:33","date_gmt":"2016-01-08T13:59:33","guid":{"rendered":"http:\/\/dev.organisator.ch\/?p=73"},"modified":"2016-01-08T14:59:33","modified_gmt":"2016-01-08T13:59:33","slug":"pwc-studie-young-workers-index","status":"publish","type":"post","link":"https:\/\/www.organisator.ch\/fr\/human-resources\/hrm\/2016-01-08\/pwc-studie-young-workers-index\/","title":{"rendered":"\u00c9tude PwC : Young Workers Index"},"content":{"rendered":"<figure id=\"attachment_74\" aria-describedby=\"caption-attachment-74\" style=\"width: 590px\" class=\"wp-caption alignnone\"><img loading=\"lazy\" decoding=\"async\" class=\"size-full wp-image-74\" src=\"https:\/\/www.organisator.ch\/wp-content\/uploads\/2016\/12\/PwC-Studie-Young-Workers-Index-organisator.jpg\" alt=\"\" width=\"590\" height=\"400\" \/><figcaption id=\"caption-attachment-74\" class=\"wp-caption-text\">La Suisse et l'Allemagne sont en t\u00eate de liste des pays les plus performants en 2014.<\/figcaption><\/figure>\n<p>L'\u00e9tude compare la part de l'emploi, de l'\u00e9ducation et de la formation des jeunes dans 34 pays de l'OCDE. L'indice de la plupart des pays a diminu\u00e9 entre 2006 et 2011, ce qui refl\u00e8te l'impact n\u00e9gatif de la crise financi\u00e8re mondiale sur la population active jeune. Bien que de nombreux pays aient connu une nette reprise apr\u00e8s 2011, l'indice moyen de 2014 pour l'ensemble de l'OCDE est rest\u00e9 fortement inf\u00e9rieur \u00e0 son niveau d'avant 2006.<\/p>\n<p>Si les diff\u00e9rents pays r\u00e9duisaient la proportion de jeunes de 20 \u00e0 24 ans inactifs ou en formation au niveau de l'Allemagne, la plupart des pays de l'OCDE pourraient stimuler leur PIB de mani\u00e8re consid\u00e9rable et \u00e0 long terme. Cela se traduirait par une augmentation potentielle d'environ 1 % pour la Su\u00e8de et le Danemark, d'environ 3 % pour les \u00c9tats-Unis et le Royaume-Uni, et d'environ 7 \u00e0 9 % pour l'Espagne, la Gr\u00e8ce, l'Italie et la Turquie.<\/p>\n<p>Les principales conclusions :<\/p>\n<ul>\n<li>La Suisse et l'Allemagne sont en t\u00eate de la liste des pays les plus performants en 2014, suivies par l'Autriche, l'Islande, la Norv\u00e8ge et le Canada.<\/li>\n<li>Bien que de nombreux pays aient connu une nette reprise apr\u00e8s 2011, l'indice moyen de 2014 pour l'ensemble de l'OCDE est rest\u00e9 tr\u00e8s inf\u00e9rieur \u00e0 son niveau d'avant 2006.<\/li>\n<\/ul>\n<p>Sur la base des chiffres du PIB de 2015, le PIB potentiel \u00e0 long terme de l'OCDE pourrait s'\u00e9lever \u00e0 1,2 milliard de dollars.<\/p>\n<p>Vous trouverez l'\u00e9tude de plusieurs pages (r\u00e9dig\u00e9e en anglais) sous :<\/p>\n<p><a href=\"http:\/\/www.pwc.ch\/news\/en\/23690\" target=\"_blank\" data-cke-saved-href=\"http:\/\/www.pwc.ch\/news\/en\/23690\" rel=\"noopener\">http:\/\/www.pwc.ch\/news\/en\/23690\/<\/a><\/p>","protected":false},"excerpt":{"rendered":"<p>Die Studie vergleicht den Anteil an Besch\u00e4ftigung sowie Aus- und Weiterbildung junger Menschen in 34 OECD-L\u00e4ndern. Der Index der meisten L\u00e4nder war zwischen 2006 und 2011 r\u00fcckl\u00e4ufig, was die negativen Auswirkungen der globalen Finanzkrise auf die junge Arbeitsbev\u00f6lkerung widerspiegelt. Obwohl viele L\u00e4nder nach 2011 einen klaren Aufschwung verzeichneten, blieb der Durchschnittsindex 2014 f\u00fcr die gesamte [&hellip;]<\/p>\n","protected":false},"author":1,"featured_media":8463,"comment_status":"open","ping_status":"open","sticky":false,"template":"","format":"standard","meta":{"_acf_changed":false,"_yoast_wpseo_focuskw":"Young Workers","_yoast_wpseo_metadesc":"Der \u201cYoung Workers Index\u201c von PwC zeigt die Schweiz und Deutschland als erfolgreichste L\u00e4nder im Vergleich von Aus- und Weiterbildung junger Menschen.","articlekey":"","footnotes":""},"categories":[26],"tags":[62,148,254],"class_list":["post-8568","post","type-post","status-publish","format-standard","has-post-thumbnail","hentry","category-hrm","tag-aus-weiterbildung","tag-demografie","tag-hrm"],"acf":[],"yoast_head":"<!-- This site is optimized with the Yoast SEO plugin v27.5 - https:\/\/yoast.com\/product\/yoast-seo-wordpress\/ -->\n<title>PwC-Studie: Young Workers Index - Organisator<\/title>\n<meta name=\"description\" content=\"Der \u201cYoung Workers Index\u201c von PwC zeigt die Schweiz und Deutschland als erfolgreichste L\u00e4nder im Vergleich von Aus- und Weiterbildung junger Menschen.\" \/>\n<meta name=\"robots\" content=\"index, follow, max-snippet:-1, max-image-preview:large, max-video-preview:-1\" \/>\n<link rel=\"canonical\" href=\"https:\/\/www.organisator.ch\/fr\/ressources-humaines\/hrm\/2016-01-08\/pwc-studie-young-workers-index\/\" \/>\n<meta property=\"og:locale\" content=\"fr_FR\" \/>\n<meta property=\"og:type\" content=\"article\" \/>\n<meta property=\"og:title\" content=\"PwC-Studie: Young Workers Index\" \/>\n<meta property=\"og:description\" content=\"Der \u201cYoung Workers Index\u201c von PwC zeigt die Schweiz und Deutschland als erfolgreichste, f\u00fchrende L\u00e4nder im Vergleich von Besch\u00e4ftigung und Aus- und Weiterbildung junger Menschen.\" \/>\n<meta property=\"og:url\" content=\"https:\/\/www.organisator.ch\/fr\/ressources-humaines\/hrm\/2016-01-08\/pwc-studie-young-workers-index\/\" \/>\n<meta property=\"og:site_name\" content=\"Organisator\" \/>\n<meta property=\"article:publisher\" content=\"https:\/\/www.facebook.com\/OrganisatorFachmagazin\" \/>\n<meta property=\"article:published_time\" content=\"2016-01-08T13:59:33+00:00\" \/>\n<meta name=\"author\" content=\"admin\" \/>\n<meta name=\"twitter:card\" content=\"summary_large_image\" \/>\n<meta name=\"twitter:image\" content=\"https:\/\/www.organisator.ch\/wp-content\/uploads\/2016\/12\/PwC-Studie-Young-Workers-Index-organisator.jpg\" \/>\n<script type=\"application\/ld+json\" class=\"yoast-schema-graph\">{\"@context\":\"https:\\\/\\\/schema.org\",\"@graph\":[{\"@type\":\"Article\",\"@id\":\"https:\\\/\\\/www.organisator.ch\\\/human-resources\\\/hrm\\\/2016-01-08\\\/pwc-studie-young-workers-index\\\/#article\",\"isPartOf\":{\"@id\":\"https:\\\/\\\/www.organisator.ch\\\/human-resources\\\/hrm\\\/2016-01-08\\\/pwc-studie-young-workers-index\\\/\"},\"author\":{\"name\":\"admin\",\"@id\":\"https:\\\/\\\/www.organisator.ch\\\/#\\\/schema\\\/person\\\/aa2bace6c5c5aad60102004a50c4eb1c\"},\"headline\":\"PwC-Studie: Young Workers Index\",\"datePublished\":\"2016-01-08T13:59:33+00:00\",\"mainEntityOfPage\":{\"@id\":\"https:\\\/\\\/www.organisator.ch\\\/human-resources\\\/hrm\\\/2016-01-08\\\/pwc-studie-young-workers-index\\\/\"},\"wordCount\":251,\"commentCount\":0,\"publisher\":{\"@id\":\"https:\\\/\\\/www.organisator.ch\\\/#organization\"},\"image\":{\"@id\":\"https:\\\/\\\/www.organisator.ch\\\/human-resources\\\/hrm\\\/2016-01-08\\\/pwc-studie-young-workers-index\\\/#primaryimage\"},\"thumbnailUrl\":\"https:\\\/\\\/www.organisator.ch\\\/wp-content\\\/uploads\\\/2016\\\/12\\\/PwC-Studie-Young-Workers-Index-organisator.jpg\",\"keywords\":[\"Aus-\\\/Weiterbildung\",\"Demografie\",\"HRM\"],\"articleSection\":[\"HRM\"],\"inLanguage\":\"fr-FR\"},{\"@type\":\"WebPage\",\"@id\":\"https:\\\/\\\/www.organisator.ch\\\/human-resources\\\/hrm\\\/2016-01-08\\\/pwc-studie-young-workers-index\\\/\",\"url\":\"https:\\\/\\\/www.organisator.ch\\\/human-resources\\\/hrm\\\/2016-01-08\\\/pwc-studie-young-workers-index\\\/\",\"name\":\"PwC-Studie: Young Workers Index - Organisator\",\"isPartOf\":{\"@id\":\"https:\\\/\\\/www.organisator.ch\\\/#website\"},\"primaryImageOfPage\":{\"@id\":\"https:\\\/\\\/www.organisator.ch\\\/human-resources\\\/hrm\\\/2016-01-08\\\/pwc-studie-young-workers-index\\\/#primaryimage\"},\"image\":{\"@id\":\"https:\\\/\\\/www.organisator.ch\\\/human-resources\\\/hrm\\\/2016-01-08\\\/pwc-studie-young-workers-index\\\/#primaryimage\"},\"thumbnailUrl\":\"https:\\\/\\\/www.organisator.ch\\\/wp-content\\\/uploads\\\/2016\\\/12\\\/PwC-Studie-Young-Workers-Index-organisator.jpg\",\"datePublished\":\"2016-01-08T13:59:33+00:00\",\"description\":\"Der \u201cYoung Workers Index\u201c von PwC zeigt die Schweiz und Deutschland als erfolgreichste L\u00e4nder im Vergleich von Aus- und Weiterbildung junger Menschen.\",\"breadcrumb\":{\"@id\":\"https:\\\/\\\/www.organisator.ch\\\/human-resources\\\/hrm\\\/2016-01-08\\\/pwc-studie-young-workers-index\\\/#breadcrumb\"},\"inLanguage\":\"fr-FR\",\"potentialAction\":[{\"@type\":\"ReadAction\",\"target\":[\"https:\\\/\\\/www.organisator.ch\\\/human-resources\\\/hrm\\\/2016-01-08\\\/pwc-studie-young-workers-index\\\/\"]}]},{\"@type\":\"ImageObject\",\"inLanguage\":\"fr-FR\",\"@id\":\"https:\\\/\\\/www.organisator.ch\\\/human-resources\\\/hrm\\\/2016-01-08\\\/pwc-studie-young-workers-index\\\/#primaryimage\",\"url\":\"https:\\\/\\\/www.organisator.ch\\\/wp-content\\\/uploads\\\/2016\\\/12\\\/PwC-Studie-Young-Workers-Index-organisator.jpg\",\"contentUrl\":\"https:\\\/\\\/www.organisator.ch\\\/wp-content\\\/uploads\\\/2016\\\/12\\\/PwC-Studie-Young-Workers-Index-organisator.jpg\",\"width\":590,\"height\":400,\"caption\":\"Die Schweiz und Deutschland f\u00fchren die Liste der erfolgreichsten L\u00e4ndern 2014 an.\"},{\"@type\":\"BreadcrumbList\",\"@id\":\"https:\\\/\\\/www.organisator.ch\\\/human-resources\\\/hrm\\\/2016-01-08\\\/pwc-studie-young-workers-index\\\/#breadcrumb\",\"itemListElement\":[{\"@type\":\"ListItem\",\"position\":1,\"name\":\"Home\",\"item\":\"https:\\\/\\\/www.organisator.ch\\\/\"},{\"@type\":\"ListItem\",\"position\":2,\"name\":\"PwC-Studie: Young Workers Index\"}]},{\"@type\":\"WebSite\",\"@id\":\"https:\\\/\\\/www.organisator.ch\\\/#website\",\"url\":\"https:\\\/\\\/www.organisator.ch\\\/\",\"name\":\"Organisator\",\"description\":\"Kompetent. Praxisnah. Der ORGANISATOR bereitet in 10 Ausgaben pro Jahr die wesentlichen Themen f\u00fcr F\u00fchrungskr\u00e4fte von KMU auf.\",\"publisher\":{\"@id\":\"https:\\\/\\\/www.organisator.ch\\\/#organization\"},\"potentialAction\":[{\"@type\":\"SearchAction\",\"target\":{\"@type\":\"EntryPoint\",\"urlTemplate\":\"https:\\\/\\\/www.organisator.ch\\\/?s={search_term_string}\"},\"query-input\":{\"@type\":\"PropertyValueSpecification\",\"valueRequired\":true,\"valueName\":\"search_term_string\"}}],\"inLanguage\":\"fr-FR\"},{\"@type\":\"Organization\",\"@id\":\"https:\\\/\\\/www.organisator.ch\\\/#organization\",\"name\":\"Organisator\",\"url\":\"https:\\\/\\\/www.organisator.ch\\\/\",\"logo\":{\"@type\":\"ImageObject\",\"inLanguage\":\"fr-FR\",\"@id\":\"https:\\\/\\\/www.organisator.ch\\\/#\\\/schema\\\/logo\\\/image\\\/\",\"url\":\"https:\\\/\\\/www.organisator.ch\\\/wp-content\\\/uploads\\\/2022\\\/01\\\/Logo_Organisator_Website.png\",\"contentUrl\":\"https:\\\/\\\/www.organisator.ch\\\/wp-content\\\/uploads\\\/2022\\\/01\\\/Logo_Organisator_Website.png\",\"width\":800,\"height\":77,\"caption\":\"Organisator\"},\"image\":{\"@id\":\"https:\\\/\\\/www.organisator.ch\\\/#\\\/schema\\\/logo\\\/image\\\/\"},\"sameAs\":[\"https:\\\/\\\/www.facebook.com\\\/OrganisatorFachmagazin\",\"https:\\\/\\\/www.linkedin.com\\\/showcase\\\/organisator-das-magazin-fr-kmu\",\"https:\\\/\\\/www.xing.com\\\/news\\\/pages\\\/organisator-ch-695\",\"https:\\\/\\\/www.youtube.com\\\/channel\\\/UCGP2Sq0iWaZwT3BdIAQFYpw\"]},{\"@type\":\"Person\",\"@id\":\"https:\\\/\\\/www.organisator.ch\\\/#\\\/schema\\\/person\\\/aa2bace6c5c5aad60102004a50c4eb1c\",\"name\":\"admin\",\"image\":{\"@type\":\"ImageObject\",\"inLanguage\":\"fr-FR\",\"@id\":\"https:\\\/\\\/secure.gravatar.com\\\/avatar\\\/ae2f4d718e6c49043e314ce431e7e645d646302a24a5ef5a8bc8e3f5a032e319?s=96&d=mm&r=g\",\"url\":\"https:\\\/\\\/secure.gravatar.com\\\/avatar\\\/ae2f4d718e6c49043e314ce431e7e645d646302a24a5ef5a8bc8e3f5a032e319?s=96&d=mm&r=g\",\"contentUrl\":\"https:\\\/\\\/secure.gravatar.com\\\/avatar\\\/ae2f4d718e6c49043e314ce431e7e645d646302a24a5ef5a8bc8e3f5a032e319?s=96&d=mm&r=g\",\"caption\":\"admin\"},\"sameAs\":[\"https:\\\/\\\/www.organisator.ch\"],\"url\":\"https:\\\/\\\/www.organisator.ch\\\/fr\\\/author\\\/admin\\\/\"}]}<\/script>\n<!-- \/ Yoast SEO plugin. -->","yoast_head_json":{"title":"\u00c9tude PwC : Young Workers Index - Organisateur","description":"Le \"Young Workers Index\" de PwC montre que la Suisse et l'Allemagne sont les pays les plus performants en mati\u00e8re de formation initiale et continue des jeunes.","robots":{"index":"index","follow":"follow","max-snippet":"max-snippet:-1","max-image-preview":"max-image-preview:large","max-video-preview":"max-video-preview:-1"},"canonical":"https:\/\/www.organisator.ch\/fr\/ressources-humaines\/hrm\/2016-01-08\/pwc-studie-young-workers-index\/","og_locale":"fr_FR","og_type":"article","og_title":"PwC-Studie: Young Workers Index","og_description":"Der \u201cYoung Workers Index\u201c von PwC zeigt die Schweiz und Deutschland als erfolgreichste, f\u00fchrende L\u00e4nder im Vergleich von Besch\u00e4ftigung und Aus- und Weiterbildung junger Menschen.","og_url":"https:\/\/www.organisator.ch\/fr\/ressources-humaines\/hrm\/2016-01-08\/pwc-studie-young-workers-index\/","og_site_name":"Organisator","article_publisher":"https:\/\/www.facebook.com\/OrganisatorFachmagazin","article_published_time":"2016-01-08T13:59:33+00:00","author":"admin","twitter_card":"summary_large_image","twitter_image":"https:\/\/www.organisator.ch\/wp-content\/uploads\/2016\/12\/PwC-Studie-Young-Workers-Index-organisator.jpg","schema":{"@context":"https:\/\/schema.org","@graph":[{"@type":"Article","@id":"https:\/\/www.organisator.ch\/human-resources\/hrm\/2016-01-08\/pwc-studie-young-workers-index\/#article","isPartOf":{"@id":"https:\/\/www.organisator.ch\/human-resources\/hrm\/2016-01-08\/pwc-studie-young-workers-index\/"},"author":{"name":"admin","@id":"https:\/\/www.organisator.ch\/#\/schema\/person\/aa2bace6c5c5aad60102004a50c4eb1c"},"headline":"PwC-Studie: Young Workers Index","datePublished":"2016-01-08T13:59:33+00:00","mainEntityOfPage":{"@id":"https:\/\/www.organisator.ch\/human-resources\/hrm\/2016-01-08\/pwc-studie-young-workers-index\/"},"wordCount":251,"commentCount":0,"publisher":{"@id":"https:\/\/www.organisator.ch\/#organization"},"image":{"@id":"https:\/\/www.organisator.ch\/human-resources\/hrm\/2016-01-08\/pwc-studie-young-workers-index\/#primaryimage"},"thumbnailUrl":"https:\/\/www.organisator.ch\/wp-content\/uploads\/2016\/12\/PwC-Studie-Young-Workers-Index-organisator.jpg","keywords":["Aus-\/Weiterbildung","Demografie","HRM"],"articleSection":["HRM"],"inLanguage":"fr-FR"},{"@type":"WebPage","@id":"https:\/\/www.organisator.ch\/human-resources\/hrm\/2016-01-08\/pwc-studie-young-workers-index\/","url":"https:\/\/www.organisator.ch\/human-resources\/hrm\/2016-01-08\/pwc-studie-young-workers-index\/","name":"\u00c9tude PwC : Young Workers Index - Organisateur","isPartOf":{"@id":"https:\/\/www.organisator.ch\/#website"},"primaryImageOfPage":{"@id":"https:\/\/www.organisator.ch\/human-resources\/hrm\/2016-01-08\/pwc-studie-young-workers-index\/#primaryimage"},"image":{"@id":"https:\/\/www.organisator.ch\/human-resources\/hrm\/2016-01-08\/pwc-studie-young-workers-index\/#primaryimage"},"thumbnailUrl":"https:\/\/www.organisator.ch\/wp-content\/uploads\/2016\/12\/PwC-Studie-Young-Workers-Index-organisator.jpg","datePublished":"2016-01-08T13:59:33+00:00","description":"Le \"Young Workers Index\" de PwC montre que la Suisse et l'Allemagne sont les pays les plus performants en mati\u00e8re de formation initiale et continue des jeunes.","breadcrumb":{"@id":"https:\/\/www.organisator.ch\/human-resources\/hrm\/2016-01-08\/pwc-studie-young-workers-index\/#breadcrumb"},"inLanguage":"fr-FR","potentialAction":[{"@type":"ReadAction","target":["https:\/\/www.organisator.ch\/human-resources\/hrm\/2016-01-08\/pwc-studie-young-workers-index\/"]}]},{"@type":"ImageObject","inLanguage":"fr-FR","@id":"https:\/\/www.organisator.ch\/human-resources\/hrm\/2016-01-08\/pwc-studie-young-workers-index\/#primaryimage","url":"https:\/\/www.organisator.ch\/wp-content\/uploads\/2016\/12\/PwC-Studie-Young-Workers-Index-organisator.jpg","contentUrl":"https:\/\/www.organisator.ch\/wp-content\/uploads\/2016\/12\/PwC-Studie-Young-Workers-Index-organisator.jpg","width":590,"height":400,"caption":"Die Schweiz und Deutschland f\u00fchren die Liste der erfolgreichsten L\u00e4ndern 2014 an."},{"@type":"BreadcrumbList","@id":"https:\/\/www.organisator.ch\/human-resources\/hrm\/2016-01-08\/pwc-studie-young-workers-index\/#breadcrumb","itemListElement":[{"@type":"ListItem","position":1,"name":"Home","item":"https:\/\/www.organisator.ch\/"},{"@type":"ListItem","position":2,"name":"PwC-Studie: Young Workers Index"}]},{"@type":"WebSite","@id":"https:\/\/www.organisator.ch\/#website","url":"https:\/\/www.organisator.ch\/","name":"Organisateur","description":"Comp\u00e9tence et comp\u00e9tence. Proches de la pratique. L'ORGANISATEUR pr\u00e9pare 10 num\u00e9ros par an sur les th\u00e8mes essentiels pour les dirigeants de PME.","publisher":{"@id":"https:\/\/www.organisator.ch\/#organization"},"potentialAction":[{"@type":"SearchAction","target":{"@type":"EntryPoint","urlTemplate":"https:\/\/www.organisator.ch\/?s={search_term_string}"},"query-input":{"@type":"PropertyValueSpecification","valueRequired":true,"valueName":"search_term_string"}}],"inLanguage":"fr-FR"},{"@type":"Organization","@id":"https:\/\/www.organisator.ch\/#organization","name":"Organisateur","url":"https:\/\/www.organisator.ch\/","logo":{"@type":"ImageObject","inLanguage":"fr-FR","@id":"https:\/\/www.organisator.ch\/#\/schema\/logo\/image\/","url":"https:\/\/www.organisator.ch\/wp-content\/uploads\/2022\/01\/Logo_Organisator_Website.png","contentUrl":"https:\/\/www.organisator.ch\/wp-content\/uploads\/2022\/01\/Logo_Organisator_Website.png","width":800,"height":77,"caption":"Organisator"},"image":{"@id":"https:\/\/www.organisator.ch\/#\/schema\/logo\/image\/"},"sameAs":["https:\/\/www.facebook.com\/OrganisatorFachmagazin","https:\/\/www.linkedin.com\/showcase\/organisator-das-magazin-fr-kmu","https:\/\/www.xing.com\/news\/pages\/organisator-ch-695","https:\/\/www.youtube.com\/channel\/UCGP2Sq0iWaZwT3BdIAQFYpw"]},{"@type":"Person","@id":"https:\/\/www.organisator.ch\/#\/schema\/person\/aa2bace6c5c5aad60102004a50c4eb1c","name":"admin","image":{"@type":"ImageObject","inLanguage":"fr-FR","@id":"https:\/\/secure.gravatar.com\/avatar\/ae2f4d718e6c49043e314ce431e7e645d646302a24a5ef5a8bc8e3f5a032e319?s=96&d=mm&r=g","url":"https:\/\/secure.gravatar.com\/avatar\/ae2f4d718e6c49043e314ce431e7e645d646302a24a5ef5a8bc8e3f5a032e319?s=96&d=mm&r=g","contentUrl":"https:\/\/secure.gravatar.com\/avatar\/ae2f4d718e6c49043e314ce431e7e645d646302a24a5ef5a8bc8e3f5a032e319?s=96&d=mm&r=g","caption":"admin"},"sameAs":["https:\/\/www.organisator.ch"],"url":"https:\/\/www.organisator.ch\/fr\/author\/admin\/"}]}},"_links":{"self":[{"href":"https:\/\/www.organisator.ch\/fr\/wp-json\/wp\/v2\/posts\/8568","targetHints":{"allow":["GET"]}}],"collection":[{"href":"https:\/\/www.organisator.ch\/fr\/wp-json\/wp\/v2\/posts"}],"about":[{"href":"https:\/\/www.organisator.ch\/fr\/wp-json\/wp\/v2\/types\/post"}],"author":[{"embeddable":true,"href":"https:\/\/www.organisator.ch\/fr\/wp-json\/wp\/v2\/users\/1"}],"replies":[{"embeddable":true,"href":"https:\/\/www.organisator.ch\/fr\/wp-json\/wp\/v2\/comments?post=8568"}],"version-history":[{"count":0,"href":"https:\/\/www.organisator.ch\/fr\/wp-json\/wp\/v2\/posts\/8568\/revisions"}],"wp:featuredmedia":[{"embeddable":true,"href":"https:\/\/www.organisator.ch\/fr\/wp-json\/wp\/v2\/media\/8463"}],"wp:attachment":[{"href":"https:\/\/www.organisator.ch\/fr\/wp-json\/wp\/v2\/media?parent=8568"}],"wp:term":[{"taxonomy":"category","embeddable":true,"href":"https:\/\/www.organisator.ch\/fr\/wp-json\/wp\/v2\/categories?post=8568"},{"taxonomy":"post_tag","embeddable":true,"href":"https:\/\/www.organisator.ch\/fr\/wp-json\/wp\/v2\/tags?post=8568"}],"curies":[{"name":"wp","href":"https:\/\/api.w.org\/{rel}","templated":true}]}}