{"id":8569,"date":"2016-02-01T15:05:34","date_gmt":"2016-02-01T14:05:34","guid":{"rendered":"http:\/\/dev.organisator.ch\/?p=89"},"modified":"2016-02-01T15:05:34","modified_gmt":"2016-02-01T14:05:34","slug":"der-schweiz-und-europa-ins-gewissen-geredet","status":"publish","type":"post","link":"https:\/\/www.organisator.ch\/fr\/allgemein\/2016-02-01\/der-schweiz-und-europa-ins-gewissen-geredet\/","title":{"rendered":"La Suisse et l'Europe face \u00e0 leur conscience"},"content":{"rendered":"<figure id=\"attachment_90\" aria-describedby=\"caption-attachment-90\" style=\"width: 640px\" class=\"wp-caption alignnone\"><img loading=\"lazy\" decoding=\"async\" class=\"size-full wp-image-90\" src=\"https:\/\/www.organisator.ch\/wp-content\/uploads\/2016\/12\/Der-Schweiz-und-Europa-ins-Gewissen-geredet-organisator.jpg\" alt=\"\" width=\"640\" height=\"425\" \/><figcaption id=\"caption-attachment-90\" class=\"wp-caption-text\">A parl\u00e9 des diff\u00e9rents probl\u00e8mes mondiaux : Gregor Gysi, figure marquante du parti allemand Die Linke.<\/figcaption><\/figure>\n<p>L'\u00e9v\u00e9nement de deux jours consacr\u00e9 au savoir, qui s'est tenu les 12 et 13 janvier \u00e0 Interlaken, a pr\u00e9sent\u00e9 une grande diversit\u00e9 d'opinions politiques et de nombreux apports utiles pour les entrepreneurs, les CEO et les entrepreneurs innovants. Cette ann\u00e9e encore, l'organisateur Oliver Stoldt a r\u00e9ussi \u00e0 attirer dans l'Oberland bernois des personnalit\u00e9s de renom qui, par des d\u00e9clarations tout \u00e0 fait provocantes, ont pu inciter le public \u00e0 la r\u00e9flexion.<\/p>\n<p><strong>Pas de d\u00e9ficit d\u00e9mocratique en Europe<\/strong><br \/>\nAinsi, l'ex-ministre grec des Finances Yanis Varoufakis a d\u00e9clar\u00e9 qu'il n'y avait pas de d\u00e9ficit d\u00e9mocratique dans la zone euro, mais un profond m\u00e9pris du processus d\u00e9mocratique. Dans une r\u00e9trospective historique sur la naissance de la zone euro, Varoufakis a tent\u00e9 de montrer que le syst\u00e8me d\u00e9velopp\u00e9 n'est pas adapt\u00e9 \u00e0 une situation de crise. Il a appel\u00e9 \u00e0 un effort politique paneurop\u00e9en pour trouver des r\u00e9ponses communes \u00e0 des d\u00e9fis communs. Le r\u00eave de prosp\u00e9rit\u00e9 ne peut \u00eatre atteint qu'avec plus de transparence et de d\u00e9mocratie. L'ancienne ministre suisse des Affaires \u00e9trang\u00e8res Micheline Calmy-Rey estime elle aussi que le monde est de plus en plus confront\u00e9 \u00e0 des d\u00e9fis, des risques et des probl\u00e8mes internationaux. L'Europe a r\u00e9agi \u00e0 ces conditions par l'int\u00e9gration, tandis que la Suisse est d\u00e9j\u00e0 une d\u00e9mocratie transnationale capable de relever de tels d\u00e9fis malgr\u00e9 des cultures diff\u00e9rentes, a expliqu\u00e9 Mme Calmy-Rey en comparant l'UE et la Suisse.<\/p>\n<p><strong>Critique de l'aide au d\u00e9veloppement<\/strong><br \/>\nPour pouvoir utiliser \u00e9conomiquement le capital intellectuel en tant que savoir collectif, il faut savoir que l'on en dispose. Auma Obama, militante africaine pour les enfants, a ainsi critiqu\u00e9 mardi au Symposium alpin d'Interlaken l'aide au d\u00e9veloppement traditionnelle, qui encourage en premier lieu la mentalit\u00e9 de victime. L'\"aide au d\u00e9veloppement\" ne doit pas s'expliquer par une question de conscience, a rappel\u00e9 la s\u0153ur du pr\u00e9sident am\u00e9ricain qui, avec son organisation Sauti Kuu, veut d\u00e9velopper des comp\u00e9tences sociales, communicatives et professionnelles chez les enfants au Kenya, afin de d\u00e9velopper la responsabilit\u00e9 personnelle et la conscience de son propre potentiel. Obama veut ainsi mieux utiliser les ressources sur place afin d'\u00eatre moins d\u00e9pendant du savoir-faire de l'aide au d\u00e9veloppement occidentale.<\/p>\n<p><strong>Europe fantastique ou terrible...<\/strong><br \/>\nLes deux adversaires allemands Wolfgang Bosbach (CDU) et l'ancien chef de l'opposition Gregor Gysi ont \u00e9galement enthousiasm\u00e9 le public par leur rh\u00e9torique claire. Alors que Wolfgang Bosbach constate que l'id\u00e9e europ\u00e9enne s'\u00e9loigne de plus en plus vers des consid\u00e9rations de politique nationale et r\u00e9gionale, Gregor Gysi souhaite plus de d\u00e9mocratie dans l'\u00e9conomie : \"Nous n'avons de d\u00e9mocratie qu'en politique, mais pas en \u00e9conomie\". Gysi a conclu son expos\u00e9 sur les probl\u00e8mes mondiaux les plus graves avec beaucoup d'ironie et deux esquisses d'une Europe : \"Dans une Europe fantastique, la planification et l'organisation viennent d'Allemagne, la police de Grande-Bretagne, la cuisine d'Italie, l'amour de France et la technologie de Suisse. Dans l'Europe terrible en revanche, la planification et l'organisation viennent d'Italie, la police d'Allemagne, la cuisine de Grande-Bretagne, la technologie de France et l'amour de Suisse\".<\/p>\n<p><strong>Le chemin vers le \"digital leader<\/strong><br \/>\nOutre la politique, il a \u00e9galement \u00e9t\u00e9 question des d\u00e9fis des entreprises. La transformation num\u00e9rique \u00e9tait au centre des d\u00e9bats. Bernhard Wolff, Monsieur Cr\u00e9ativit\u00e9 allemand et porte-parole \u00e0 rebours, a fait la promotion d'un divertissement intelligent, Manuel P. Nappo (Digitale Transformation) et Dietmar Dahmen, sp\u00e9cialiste des marques (Der digitale Wolf), ont emmen\u00e9 le public dans le monde num\u00e9rique. Nappo a donn\u00e9 au public les conseils suivants sur la mani\u00e8re dont ils peuvent, en tant qu'entrepreneurs, devenir eux-m\u00eames des \"leaders num\u00e9riques\" :<\/p>\n<ul>\n<li>Toujours voir la \"big picture\", mais ne pas perdre le focus<\/li>\n<li>Placer \"l'exp\u00e9rience utilisateur de premi\u00e8re classe\" au-dessus de tout<\/li>\n<li>Construire des r\u00e9seaux : \"Le temps de l'ego est r\u00e9volu\".<\/li>\n<li>L'attaque est la meilleure d\u00e9fense : Il ne faut donc pas attendre que le concurrent attaque, mais se lancer soi-m\u00eame sur le march\u00e9.<\/li>\n<li>Ne jamais sous-estimer les petits joueurs<\/li>\n<li>Rester curieux Stay<\/li>\n<li>Cr\u00e9er un climat de travail collaboratif<\/li>\n<li>\"Cr\u00e9dit l\u00e0 o\u00f9 le cr\u00e9dit est d\u00fb\"<\/li>\n<li>Moins de \"oui, mais...\" et plus de \"oui, pourquoi pas...\".<\/li>\n<\/ul>\n<p>Le pr\u00e9sident d'Economiesuisse, Heinz Karrer, a en outre appel\u00e9 les politiques \u00e0 maintenir les accords bilat\u00e9raux avec l'UE et \u00e0 garantir l'acc\u00e8s \u00e0 l'\u00e9conomie suisse par des accords de libre-\u00e9change. Il a \u00e9galement estim\u00e9 que la troisi\u00e8me r\u00e9forme de l'imposition des entreprises et le gel des r\u00e9glementations \u00e9taient essentiels pour garantir la capacit\u00e9 d'innovation et la comp\u00e9titivit\u00e9 de l'\u00e9conomie suisse \u00e0 l'avenir.<\/p>\n<p><strong>Strat\u00e9gies d'entreprise<\/strong><br \/>\nMercredi, le \"Shaolin blanc\" Marc Gassert a \u00e9veill\u00e9 la volont\u00e9 avec un spectacle impressionnant. Le public avide de connaissances a profit\u00e9 des exp\u00e9riences personnelles et professionnelles du pionnier de l'aviation Bertrand Piccard, du pr\u00e9sident du FC B\u00e2le Bernhard Heusler et de l'innovateur producteur de ski suisse Benedikt Germanier. Le fondateur de Glice Viktor Meier, le fabricant de jouets en bois Marc A. Trauffer, le CEO de Schwob Stephan Hirt et Volker Schmidt (CSS Assurance) ont donn\u00e9 des informations sur leurs strat\u00e9gies dans le cadre du talk des entrepreneurs. Comme toujours, les intervenants ont \u00e9t\u00e9 mis en sc\u00e8ne avec talent et humour par l'animateur de la SRF Stephan Klapproth.<\/p>","protected":false},"excerpt":{"rendered":"<p>Der zweit\u00e4gige Wissensevent, der am 12. und 13. Januar in Interlaken stattfand, wartete mit einer breiten politischen Meinungsvielfalt und vielen n\u00fctzlichen Inputs f\u00fcr Entrepreneurs, CEO\u2019s und innovative Unternehmerinnen und Unternehmern auf. Auch dieses Jahr hat es Veranstalter Oliver Stoldt geschafft, namhafte Pers\u00f6nlichkeiten ins Berner Oberland zu locken, welche mit durchaus provokanten Aussagen das Publikum zum [&hellip;]<\/p>\n","protected":false},"author":1,"featured_media":8465,"comment_status":"open","ping_status":"open","sticky":false,"template":"","format":"standard","meta":{"_acf_changed":false,"_yoast_wpseo_focuskw":"Schweiz","_yoast_wpseo_metadesc":"Ein kritischer Blick auf die Schweiz und Europa, wegen herk\u00f6mmliche Entwicklungshilfe und Tadel am Euro und an der Europ\u00e4ischen Union.","articlekey":"","footnotes":""},"categories":[1],"tags":[193,382],"class_list":["post-8569","post","type-post","status-publish","format-standard","has-post-thumbnail","hentry","category-allgemein","tag-fachkongressfachmesse","tag-personalien"],"acf":[],"yoast_head":"<!-- This site is optimized with the Yoast SEO plugin v27.4 - https:\/\/yoast.com\/product\/yoast-seo-wordpress\/ -->\n<title>Der Schweiz und Europa ins Gewissen geredet - Organisator<\/title>\n<meta name=\"description\" content=\"Ein kritischer Blick auf die Schweiz und Europa, wegen herk\u00f6mmliche Entwicklungshilfe und Tadel am Euro und an der Europ\u00e4ischen Union.\" \/>\n<meta name=\"robots\" content=\"index, follow, max-snippet:-1, max-image-preview:large, max-video-preview:-1\" \/>\n<link rel=\"canonical\" href=\"https:\/\/www.organisator.ch\/fr\/general\/2016-02-01\/der-schweiz-und-europa-ins-gewissen-geredet\/\" \/>\n<meta property=\"og:locale\" content=\"fr_FR\" \/>\n<meta property=\"og:type\" content=\"article\" \/>\n<meta property=\"og:title\" content=\"Der Schweiz und Europa ins Gewissen geredet\" \/>\n<meta property=\"og:description\" content=\"Ein kritischer Blick der afrikanischen Kinderaktivistin Auma Obama auf die herk\u00f6mmliche Entwicklungshilfe und Tadel am Euro und an der Europ\u00e4ischen Union des griechischen Ex-Finanzministers Yanis Varoufakis pr\u00e4gten das 14. Alpensymposium, das am 13. Januar in Interlaken beendet wurde.\" \/>\n<meta property=\"og:url\" content=\"https:\/\/www.organisator.ch\/fr\/general\/2016-02-01\/der-schweiz-und-europa-ins-gewissen-geredet\/\" \/>\n<meta property=\"og:site_name\" content=\"Organisator\" \/>\n<meta property=\"article:publisher\" content=\"https:\/\/www.facebook.com\/OrganisatorFachmagazin\" \/>\n<meta property=\"article:published_time\" content=\"2016-02-01T14:05:34+00:00\" \/>\n<meta name=\"author\" content=\"admin\" \/>\n<meta name=\"twitter:card\" content=\"summary_large_image\" \/>\n<meta name=\"twitter:image\" content=\"https:\/\/www.organisator.ch\/wp-content\/uploads\/2016\/12\/Der-Schweiz-und-Europa-ins-Gewissen-geredet-organisator.jpg\" \/>\n<script type=\"application\/ld+json\" class=\"yoast-schema-graph\">{\"@context\":\"https:\\\/\\\/schema.org\",\"@graph\":[{\"@type\":\"Article\",\"@id\":\"https:\\\/\\\/www.organisator.ch\\\/it\\\/generale\\\/2016-02-01\\\/der-schweiz-und-europa-ins-gewissen-geredet\\\/#article\",\"isPartOf\":{\"@id\":\"https:\\\/\\\/www.organisator.ch\\\/it\\\/generale\\\/2016-02-01\\\/der-schweiz-und-europa-ins-gewissen-geredet\\\/\"},\"author\":{\"name\":\"admin\",\"@id\":\"https:\\\/\\\/www.organisator.ch\\\/#\\\/schema\\\/person\\\/aa2bace6c5c5aad60102004a50c4eb1c\"},\"headline\":\"Der Schweiz und Europa ins Gewissen geredet\",\"datePublished\":\"2016-02-01T14:05:34+00:00\",\"mainEntityOfPage\":{\"@id\":\"https:\\\/\\\/www.organisator.ch\\\/it\\\/generale\\\/2016-02-01\\\/der-schweiz-und-europa-ins-gewissen-geredet\\\/\"},\"wordCount\":768,\"commentCount\":0,\"publisher\":{\"@id\":\"https:\\\/\\\/www.organisator.ch\\\/#organization\"},\"image\":{\"@id\":\"https:\\\/\\\/www.organisator.ch\\\/it\\\/generale\\\/2016-02-01\\\/der-schweiz-und-europa-ins-gewissen-geredet\\\/#primaryimage\"},\"thumbnailUrl\":\"https:\\\/\\\/www.organisator.ch\\\/wp-content\\\/uploads\\\/2016\\\/12\\\/Der-Schweiz-und-Europa-ins-Gewissen-geredet-organisator.jpg\",\"keywords\":[\"Fachkongress\\\/Fachmesse\",\"Personalien\"],\"articleSection\":[\"Allgemein\"],\"inLanguage\":\"fr-FR\"},{\"@type\":\"WebPage\",\"@id\":\"https:\\\/\\\/www.organisator.ch\\\/it\\\/generale\\\/2016-02-01\\\/der-schweiz-und-europa-ins-gewissen-geredet\\\/\",\"url\":\"https:\\\/\\\/www.organisator.ch\\\/it\\\/generale\\\/2016-02-01\\\/der-schweiz-und-europa-ins-gewissen-geredet\\\/\",\"name\":\"Der Schweiz und Europa ins Gewissen geredet - Organisator\",\"isPartOf\":{\"@id\":\"https:\\\/\\\/www.organisator.ch\\\/#website\"},\"primaryImageOfPage\":{\"@id\":\"https:\\\/\\\/www.organisator.ch\\\/it\\\/generale\\\/2016-02-01\\\/der-schweiz-und-europa-ins-gewissen-geredet\\\/#primaryimage\"},\"image\":{\"@id\":\"https:\\\/\\\/www.organisator.ch\\\/it\\\/generale\\\/2016-02-01\\\/der-schweiz-und-europa-ins-gewissen-geredet\\\/#primaryimage\"},\"thumbnailUrl\":\"https:\\\/\\\/www.organisator.ch\\\/wp-content\\\/uploads\\\/2016\\\/12\\\/Der-Schweiz-und-Europa-ins-Gewissen-geredet-organisator.jpg\",\"datePublished\":\"2016-02-01T14:05:34+00:00\",\"description\":\"Ein kritischer Blick auf die Schweiz und Europa, wegen herk\u00f6mmliche Entwicklungshilfe und Tadel am Euro und an der Europ\u00e4ischen Union.\",\"breadcrumb\":{\"@id\":\"https:\\\/\\\/www.organisator.ch\\\/it\\\/generale\\\/2016-02-01\\\/der-schweiz-und-europa-ins-gewissen-geredet\\\/#breadcrumb\"},\"inLanguage\":\"fr-FR\",\"potentialAction\":[{\"@type\":\"ReadAction\",\"target\":[\"https:\\\/\\\/www.organisator.ch\\\/it\\\/generale\\\/2016-02-01\\\/der-schweiz-und-europa-ins-gewissen-geredet\\\/\"]}]},{\"@type\":\"ImageObject\",\"inLanguage\":\"fr-FR\",\"@id\":\"https:\\\/\\\/www.organisator.ch\\\/it\\\/generale\\\/2016-02-01\\\/der-schweiz-und-europa-ins-gewissen-geredet\\\/#primaryimage\",\"url\":\"https:\\\/\\\/www.organisator.ch\\\/wp-content\\\/uploads\\\/2016\\\/12\\\/Der-Schweiz-und-Europa-ins-Gewissen-geredet-organisator.jpg\",\"contentUrl\":\"https:\\\/\\\/www.organisator.ch\\\/wp-content\\\/uploads\\\/2016\\\/12\\\/Der-Schweiz-und-Europa-ins-Gewissen-geredet-organisator.jpg\",\"width\":640,\"height\":425,\"caption\":\"Sprach \u00fcber die verschiedenen Weltprobleme: Gregor Gysi, pr\u00e4gende Figur der deutschen Partei Die Linke.\"},{\"@type\":\"BreadcrumbList\",\"@id\":\"https:\\\/\\\/www.organisator.ch\\\/it\\\/generale\\\/2016-02-01\\\/der-schweiz-und-europa-ins-gewissen-geredet\\\/#breadcrumb\",\"itemListElement\":[{\"@type\":\"ListItem\",\"position\":1,\"name\":\"Home\",\"item\":\"https:\\\/\\\/www.organisator.ch\\\/\"},{\"@type\":\"ListItem\",\"position\":2,\"name\":\"Der Schweiz und Europa ins Gewissen geredet\"}]},{\"@type\":\"WebSite\",\"@id\":\"https:\\\/\\\/www.organisator.ch\\\/#website\",\"url\":\"https:\\\/\\\/www.organisator.ch\\\/\",\"name\":\"Organisator\",\"description\":\"Kompetent. Praxisnah. Der ORGANISATOR bereitet in 10 Ausgaben pro Jahr die wesentlichen Themen f\u00fcr F\u00fchrungskr\u00e4fte von KMU auf.\",\"publisher\":{\"@id\":\"https:\\\/\\\/www.organisator.ch\\\/#organization\"},\"potentialAction\":[{\"@type\":\"SearchAction\",\"target\":{\"@type\":\"EntryPoint\",\"urlTemplate\":\"https:\\\/\\\/www.organisator.ch\\\/?s={search_term_string}\"},\"query-input\":{\"@type\":\"PropertyValueSpecification\",\"valueRequired\":true,\"valueName\":\"search_term_string\"}}],\"inLanguage\":\"fr-FR\"},{\"@type\":\"Organization\",\"@id\":\"https:\\\/\\\/www.organisator.ch\\\/#organization\",\"name\":\"Organisator\",\"url\":\"https:\\\/\\\/www.organisator.ch\\\/\",\"logo\":{\"@type\":\"ImageObject\",\"inLanguage\":\"fr-FR\",\"@id\":\"https:\\\/\\\/www.organisator.ch\\\/#\\\/schema\\\/logo\\\/image\\\/\",\"url\":\"https:\\\/\\\/www.organisator.ch\\\/wp-content\\\/uploads\\\/2022\\\/01\\\/Logo_Organisator_Website.png\",\"contentUrl\":\"https:\\\/\\\/www.organisator.ch\\\/wp-content\\\/uploads\\\/2022\\\/01\\\/Logo_Organisator_Website.png\",\"width\":800,\"height\":77,\"caption\":\"Organisator\"},\"image\":{\"@id\":\"https:\\\/\\\/www.organisator.ch\\\/#\\\/schema\\\/logo\\\/image\\\/\"},\"sameAs\":[\"https:\\\/\\\/www.facebook.com\\\/OrganisatorFachmagazin\",\"https:\\\/\\\/www.linkedin.com\\\/showcase\\\/organisator-das-magazin-fr-kmu\",\"https:\\\/\\\/www.xing.com\\\/news\\\/pages\\\/organisator-ch-695\",\"https:\\\/\\\/www.youtube.com\\\/channel\\\/UCGP2Sq0iWaZwT3BdIAQFYpw\"]},{\"@type\":\"Person\",\"@id\":\"https:\\\/\\\/www.organisator.ch\\\/#\\\/schema\\\/person\\\/aa2bace6c5c5aad60102004a50c4eb1c\",\"name\":\"admin\",\"image\":{\"@type\":\"ImageObject\",\"inLanguage\":\"fr-FR\",\"@id\":\"https:\\\/\\\/secure.gravatar.com\\\/avatar\\\/ae2f4d718e6c49043e314ce431e7e645d646302a24a5ef5a8bc8e3f5a032e319?s=96&d=mm&r=g\",\"url\":\"https:\\\/\\\/secure.gravatar.com\\\/avatar\\\/ae2f4d718e6c49043e314ce431e7e645d646302a24a5ef5a8bc8e3f5a032e319?s=96&d=mm&r=g\",\"contentUrl\":\"https:\\\/\\\/secure.gravatar.com\\\/avatar\\\/ae2f4d718e6c49043e314ce431e7e645d646302a24a5ef5a8bc8e3f5a032e319?s=96&d=mm&r=g\",\"caption\":\"admin\"},\"sameAs\":[\"https:\\\/\\\/www.organisator.ch\"],\"url\":\"https:\\\/\\\/www.organisator.ch\\\/fr\\\/author\\\/admin\\\/\"}]}<\/script>\n<!-- \/ Yoast SEO plugin. -->","yoast_head_json":{"title":"Parler \u00e0 la conscience de la Suisse et de l'Europe - Organisateur","description":"Un regard critique sur la Suisse et l'Europe, \u00e0 propos de l'aide au d\u00e9veloppement traditionnelle et des reproches adress\u00e9s \u00e0 l'euro et \u00e0 l'Union europ\u00e9enne.","robots":{"index":"index","follow":"follow","max-snippet":"max-snippet:-1","max-image-preview":"max-image-preview:large","max-video-preview":"max-video-preview:-1"},"canonical":"https:\/\/www.organisator.ch\/fr\/general\/2016-02-01\/der-schweiz-und-europa-ins-gewissen-geredet\/","og_locale":"fr_FR","og_type":"article","og_title":"Der Schweiz und Europa ins Gewissen geredet","og_description":"Ein kritischer Blick der afrikanischen Kinderaktivistin Auma Obama auf die herk\u00f6mmliche Entwicklungshilfe und Tadel am Euro und an der Europ\u00e4ischen Union des griechischen Ex-Finanzministers Yanis Varoufakis pr\u00e4gten das 14. Alpensymposium, das am 13. Januar in Interlaken beendet wurde.","og_url":"https:\/\/www.organisator.ch\/fr\/general\/2016-02-01\/der-schweiz-und-europa-ins-gewissen-geredet\/","og_site_name":"Organisator","article_publisher":"https:\/\/www.facebook.com\/OrganisatorFachmagazin","article_published_time":"2016-02-01T14:05:34+00:00","author":"admin","twitter_card":"summary_large_image","twitter_image":"https:\/\/www.organisator.ch\/wp-content\/uploads\/2016\/12\/Der-Schweiz-und-Europa-ins-Gewissen-geredet-organisator.jpg","schema":{"@context":"https:\/\/schema.org","@graph":[{"@type":"Article","@id":"https:\/\/www.organisator.ch\/it\/generale\/2016-02-01\/der-schweiz-und-europa-ins-gewissen-geredet\/#article","isPartOf":{"@id":"https:\/\/www.organisator.ch\/it\/generale\/2016-02-01\/der-schweiz-und-europa-ins-gewissen-geredet\/"},"author":{"name":"admin","@id":"https:\/\/www.organisator.ch\/#\/schema\/person\/aa2bace6c5c5aad60102004a50c4eb1c"},"headline":"Der Schweiz und Europa ins Gewissen geredet","datePublished":"2016-02-01T14:05:34+00:00","mainEntityOfPage":{"@id":"https:\/\/www.organisator.ch\/it\/generale\/2016-02-01\/der-schweiz-und-europa-ins-gewissen-geredet\/"},"wordCount":768,"commentCount":0,"publisher":{"@id":"https:\/\/www.organisator.ch\/#organization"},"image":{"@id":"https:\/\/www.organisator.ch\/it\/generale\/2016-02-01\/der-schweiz-und-europa-ins-gewissen-geredet\/#primaryimage"},"thumbnailUrl":"https:\/\/www.organisator.ch\/wp-content\/uploads\/2016\/12\/Der-Schweiz-und-Europa-ins-Gewissen-geredet-organisator.jpg","keywords":["Fachkongress\/Fachmesse","Personalien"],"articleSection":["Allgemein"],"inLanguage":"fr-FR"},{"@type":"WebPage","@id":"https:\/\/www.organisator.ch\/it\/generale\/2016-02-01\/der-schweiz-und-europa-ins-gewissen-geredet\/","url":"https:\/\/www.organisator.ch\/it\/generale\/2016-02-01\/der-schweiz-und-europa-ins-gewissen-geredet\/","name":"Parler \u00e0 la conscience de la Suisse et de l'Europe - Organisateur","isPartOf":{"@id":"https:\/\/www.organisator.ch\/#website"},"primaryImageOfPage":{"@id":"https:\/\/www.organisator.ch\/it\/generale\/2016-02-01\/der-schweiz-und-europa-ins-gewissen-geredet\/#primaryimage"},"image":{"@id":"https:\/\/www.organisator.ch\/it\/generale\/2016-02-01\/der-schweiz-und-europa-ins-gewissen-geredet\/#primaryimage"},"thumbnailUrl":"https:\/\/www.organisator.ch\/wp-content\/uploads\/2016\/12\/Der-Schweiz-und-Europa-ins-Gewissen-geredet-organisator.jpg","datePublished":"2016-02-01T14:05:34+00:00","description":"Un regard critique sur la Suisse et l'Europe, \u00e0 propos de l'aide au d\u00e9veloppement traditionnelle et des reproches adress\u00e9s \u00e0 l'euro et \u00e0 l'Union europ\u00e9enne.","breadcrumb":{"@id":"https:\/\/www.organisator.ch\/it\/generale\/2016-02-01\/der-schweiz-und-europa-ins-gewissen-geredet\/#breadcrumb"},"inLanguage":"fr-FR","potentialAction":[{"@type":"ReadAction","target":["https:\/\/www.organisator.ch\/it\/generale\/2016-02-01\/der-schweiz-und-europa-ins-gewissen-geredet\/"]}]},{"@type":"ImageObject","inLanguage":"fr-FR","@id":"https:\/\/www.organisator.ch\/it\/generale\/2016-02-01\/der-schweiz-und-europa-ins-gewissen-geredet\/#primaryimage","url":"https:\/\/www.organisator.ch\/wp-content\/uploads\/2016\/12\/Der-Schweiz-und-Europa-ins-Gewissen-geredet-organisator.jpg","contentUrl":"https:\/\/www.organisator.ch\/wp-content\/uploads\/2016\/12\/Der-Schweiz-und-Europa-ins-Gewissen-geredet-organisator.jpg","width":640,"height":425,"caption":"Sprach \u00fcber die verschiedenen Weltprobleme: Gregor Gysi, pr\u00e4gende Figur der deutschen Partei Die Linke."},{"@type":"BreadcrumbList","@id":"https:\/\/www.organisator.ch\/it\/generale\/2016-02-01\/der-schweiz-und-europa-ins-gewissen-geredet\/#breadcrumb","itemListElement":[{"@type":"ListItem","position":1,"name":"Home","item":"https:\/\/www.organisator.ch\/"},{"@type":"ListItem","position":2,"name":"Der Schweiz und Europa ins Gewissen geredet"}]},{"@type":"WebSite","@id":"https:\/\/www.organisator.ch\/#website","url":"https:\/\/www.organisator.ch\/","name":"Organisateur","description":"Comp\u00e9tence et comp\u00e9tence. Proches de la pratique. L'ORGANISATEUR pr\u00e9pare 10 num\u00e9ros par an sur les th\u00e8mes essentiels pour les dirigeants de PME.","publisher":{"@id":"https:\/\/www.organisator.ch\/#organization"},"potentialAction":[{"@type":"SearchAction","target":{"@type":"EntryPoint","urlTemplate":"https:\/\/www.organisator.ch\/?s={search_term_string}"},"query-input":{"@type":"PropertyValueSpecification","valueRequired":true,"valueName":"search_term_string"}}],"inLanguage":"fr-FR"},{"@type":"Organization","@id":"https:\/\/www.organisator.ch\/#organization","name":"Organisateur","url":"https:\/\/www.organisator.ch\/","logo":{"@type":"ImageObject","inLanguage":"fr-FR","@id":"https:\/\/www.organisator.ch\/#\/schema\/logo\/image\/","url":"https:\/\/www.organisator.ch\/wp-content\/uploads\/2022\/01\/Logo_Organisator_Website.png","contentUrl":"https:\/\/www.organisator.ch\/wp-content\/uploads\/2022\/01\/Logo_Organisator_Website.png","width":800,"height":77,"caption":"Organisator"},"image":{"@id":"https:\/\/www.organisator.ch\/#\/schema\/logo\/image\/"},"sameAs":["https:\/\/www.facebook.com\/OrganisatorFachmagazin","https:\/\/www.linkedin.com\/showcase\/organisator-das-magazin-fr-kmu","https:\/\/www.xing.com\/news\/pages\/organisator-ch-695","https:\/\/www.youtube.com\/channel\/UCGP2Sq0iWaZwT3BdIAQFYpw"]},{"@type":"Person","@id":"https:\/\/www.organisator.ch\/#\/schema\/person\/aa2bace6c5c5aad60102004a50c4eb1c","name":"admin","image":{"@type":"ImageObject","inLanguage":"fr-FR","@id":"https:\/\/secure.gravatar.com\/avatar\/ae2f4d718e6c49043e314ce431e7e645d646302a24a5ef5a8bc8e3f5a032e319?s=96&d=mm&r=g","url":"https:\/\/secure.gravatar.com\/avatar\/ae2f4d718e6c49043e314ce431e7e645d646302a24a5ef5a8bc8e3f5a032e319?s=96&d=mm&r=g","contentUrl":"https:\/\/secure.gravatar.com\/avatar\/ae2f4d718e6c49043e314ce431e7e645d646302a24a5ef5a8bc8e3f5a032e319?s=96&d=mm&r=g","caption":"admin"},"sameAs":["https:\/\/www.organisator.ch"],"url":"https:\/\/www.organisator.ch\/fr\/author\/admin\/"}]}},"_links":{"self":[{"href":"https:\/\/www.organisator.ch\/fr\/wp-json\/wp\/v2\/posts\/8569","targetHints":{"allow":["GET"]}}],"collection":[{"href":"https:\/\/www.organisator.ch\/fr\/wp-json\/wp\/v2\/posts"}],"about":[{"href":"https:\/\/www.organisator.ch\/fr\/wp-json\/wp\/v2\/types\/post"}],"author":[{"embeddable":true,"href":"https:\/\/www.organisator.ch\/fr\/wp-json\/wp\/v2\/users\/1"}],"replies":[{"embeddable":true,"href":"https:\/\/www.organisator.ch\/fr\/wp-json\/wp\/v2\/comments?post=8569"}],"version-history":[{"count":0,"href":"https:\/\/www.organisator.ch\/fr\/wp-json\/wp\/v2\/posts\/8569\/revisions"}],"wp:featuredmedia":[{"embeddable":true,"href":"https:\/\/www.organisator.ch\/fr\/wp-json\/wp\/v2\/media\/8465"}],"wp:attachment":[{"href":"https:\/\/www.organisator.ch\/fr\/wp-json\/wp\/v2\/media?parent=8569"}],"wp:term":[{"taxonomy":"category","embeddable":true,"href":"https:\/\/www.organisator.ch\/fr\/wp-json\/wp\/v2\/categories?post=8569"},{"taxonomy":"post_tag","embeddable":true,"href":"https:\/\/www.organisator.ch\/fr\/wp-json\/wp\/v2\/tags?post=8569"}],"curies":[{"name":"wp","href":"https:\/\/api.w.org\/{rel}","templated":true}]}}