{"id":8571,"date":"2019-10-28T10:13:17","date_gmt":"2019-10-28T09:13:17","guid":{"rendered":"https:\/\/www.organisator.ch\/?p=5955"},"modified":"2019-10-28T10:13:17","modified_gmt":"2019-10-28T09:13:17","slug":"neue-duftnoten-am-kmu-tag","status":"publish","type":"post","link":"https:\/\/www.organisator.ch\/fr\/management\/2019-10-28\/neue-duftnoten-am-kmu-tag\/","title":{"rendered":"De nouveaux parfums \u00e0 la Journ\u00e9e des PME"},"content":{"rendered":"<figure id=\"attachment_5956\" aria-describedby=\"caption-attachment-5956\" style=\"width: 680px\" class=\"wp-caption alignnone\"><img loading=\"lazy\" decoding=\"async\" class=\"size-medium wp-image-5956\" src=\"https:\/\/www.organisator.ch\/wp-content\/uploads\/2019\/10\/Neue-Duftnoten-am-KMU-Tag-3_Organisator.jpg\" alt=\"\" width=\"680\" height=\"340\" \/><figcaption id=\"caption-attachment-5956\" class=\"wp-caption-text\">L'animateur Fabian Unteregger s'entretient avec les deux entrepreneurs de start-up Susanne Dr\u00f6scher et Martin Fengler. La \"session d'inspiration\" n'a pas \u00e9t\u00e9 la seule \u00e0 apporter de nouveaux parfums \u00e0 la Journ\u00e9e PME du 25 octobre 2019. (Photo : Thomas Berner)<\/figcaption><\/figure>\n<p>La concurrence de demain pour les PME, ce sont les entreprises num\u00e9riques comme Google, Amazon, Facebook &amp; Co, a d\u00e9clar\u00e9 l'h\u00f4te Tobi Wolf dans son expos\u00e9 d'ouverture. Les points forts de ces entreprises - malgr\u00e9 leur taille - sont leur go\u00fbt du risque, leur mentalit\u00e9 de test et le fait que la croissance est plus importante que la rentabilit\u00e9. L'orientation client est \u00e9galement au premier plan, au d\u00e9triment du centrage sur le produit. Les PME, en revanche, ont des structures stables, la confiance, la tradition et le savoir-faire comme points forts. Si l'on combine ces atouts avec ceux des entreprises num\u00e9riques et leur \"mentalit\u00e9 de start-up\", les PME deviendraient imbattables face \u00e0 la concurrence. Pour cela, il faut simplement plus de courage, de leadership, les bonnes personnes au bon endroit et - ce qui est particuli\u00e8rement important - faire un premier petit pas. \"Tobi Wolf a montr\u00e9 \u00e0 l'aide d'un domino qu'un petit bloc pouvait faire basculer le plus grand bloc par une r\u00e9action en cha\u00eene.<\/p>\n<figure id=\"attachment_5960\" aria-describedby=\"caption-attachment-5960\" style=\"width: 680px\" class=\"wp-caption alignnone\"><img loading=\"lazy\" decoding=\"async\" class=\"size-medium wp-image-5960\" src=\"https:\/\/www.organisator.ch\/wp-content\/uploads\/2019\/10\/Neue-Duftnoten-am-KMU-Tag-1_Organisator.jpg\" alt=\"\" width=\"680\" height=\"415\" \/><figcaption id=\"caption-attachment-5960\" class=\"wp-caption-text\">Tobi Wolf lors de son discours d'ouverture. (Image : Thomas Berner)<\/figcaption><\/figure>\n<h2>Parfums de chanvre \u00e0 la Journ\u00e9e des PME<\/h2>\n<p>Roger Koch, fondateur de la seule manufacture de cigarettes ind\u00e9pendante de Suisse, a choisi une entr\u00e9e en mati\u00e8re peu conventionnelle pour son expos\u00e9. Il n'a pas cach\u00e9 sa frustration face aux r\u00e9glementations et \u00e0 l'obsession croissante de la s\u00e9curit\u00e9 et de la sant\u00e9. Cela a \u00e9galement des r\u00e9percussions sur l'entrepreneuriat : \"Si les managers cessent de vivre de mani\u00e8re risqu\u00e9e, comment pourront-ils encore prendre des risques en tant qu'entrepreneurs ?\" a demand\u00e9 Roger Koch de mani\u00e8re rh\u00e9torique. Lui-m\u00eame a montr\u00e9 l'exemple en tant qu'entrepreneur : avec sa manufacture de cigarettes, il est entr\u00e9 sur un march\u00e9 \u00e0 haut risque, caract\u00e9ris\u00e9 par des oligopoles, une forte r\u00e9glementation et une consommation en baisse. Mais l'innovation d'un nouveau type de cigarettes au chanvre lui a permis de trouver une niche offrant un potentiel d'applications m\u00e9dicales. Certains ont m\u00eame essay\u00e9 ce produit pendant les pauses - l'odeur du chanvre fum\u00e9 \u00e9tait pour une fois reconnaissable m\u00eame lors de la Journ\u00e9e des PME...<\/p>\n<figure id=\"attachment_5961\" aria-describedby=\"caption-attachment-5961\" style=\"width: 680px\" class=\"wp-caption alignnone\"><img loading=\"lazy\" decoding=\"async\" class=\"size-medium wp-image-5961\" src=\"https:\/\/www.organisator.ch\/wp-content\/uploads\/2019\/10\/Neue-Duftnoten-am-KMU-Tag-2_Organisator.jpg\" alt=\"\" width=\"680\" height=\"452\" \/><figcaption id=\"caption-attachment-5961\" class=\"wp-caption-text\">Roger Koch n'a pas seulement parl\u00e9 des parfums des cigarettes au chanvre d\u00e9velopp\u00e9es dans sa manufacture de cigarettes, mais aussi de beaucoup d'absurdit\u00e9s produites par notre \"culture de l'\u00e9vitement du risque\" actuelle. (Image : Thomas Berner)<\/figcaption><\/figure>\n<h2>L'orientation client avant tout<\/h2>\n<p>Marcus Sch\u00f6gel, directeur de l'Institut de marketing de l'Universit\u00e9 de Saint-Gall, a ensuite parl\u00e9 du facteur de r\u00e9ussite que constitue l'orientation client. \"L'\u00e8re du client a commenc\u00e9\", a-t-il d\u00e9clar\u00e9. Selon lui, il s'agit aujourd'hui de penser les nouvelles solutions en fonction du client. \"Les investissements dans le centrage sur le client sont payants\", poursuit Sch\u00f6gel. Il s'agit \u00e9galement de d\u00e9velopper la connaissance des clients chez les collaborateurs. Cela doit passer par la motivation des collaborateurs \u00e0 \"toujours vouloir faire le mieux pour le client\".<\/p>\n<h2>Les startups en comp\u00e9tition devant le public<\/h2>\n<p>Lors d'une \"session d'inspiration\" - qui avait moins \u00e0 voir avec la teneur en THC de l'air respir\u00e9 \u00e9voqu\u00e9e plus haut qu'avec un point du programme nouvellement introduit - quatre start-up ont ensuite pu pr\u00e9senter leur mod\u00e8le commercial sous forme de pitchs de 8 minutes. Kilian Wagner de VIU a montr\u00e9 comment son entreprise r\u00e9invente pour ainsi dire les canaux de distribution des lunettes, ce qui se traduit par une tarification attractive pour les clients. L'entreprise Felfel, pr\u00e9sent\u00e9e par sa directrice Anna Grassler, fournit \u00e0 un nombre croissant d'entreprises des repas sains \u00e0 partir d'un \"r\u00e9frig\u00e9rateur intelligent\" qui passe automatiquement commande lorsqu'il manque quelque chose. Martin Fengler de Meteomatics a expliqu\u00e9 comment les drones permettent d'\u00e9tablir des pr\u00e9visions m\u00e9t\u00e9orologiques encore plus pr\u00e9cises, ce qui deviendra un service de plus en plus important, surtout pour les entreprises d\u00e9pendantes de la m\u00e9t\u00e9o. Et Susanne Dr\u00f6scher a fond\u00e9 il y a deux ans avec un partenaire l'entreprise CARU AG. Celle-ci a d\u00e9velopp\u00e9 un appareil qui surveille l'environnement de vie des personnes \u00e0 mobilit\u00e9 r\u00e9duite gr\u00e2ce \u00e0 des capteurs et qui peut envoyer des appels d'urgence si n\u00e9cessaire. C'est finalement Felfel qui a remport\u00e9 les faveurs du public.<\/p>\n<figure id=\"attachment_5959\" aria-describedby=\"caption-attachment-5959\" style=\"width: 680px\" class=\"wp-caption alignnone\"><img loading=\"lazy\" decoding=\"async\" class=\"size-medium wp-image-5959\" src=\"https:\/\/www.organisator.ch\/wp-content\/uploads\/2019\/10\/Neue-Duftnoten-am-KMU-Tag-4_Organisator.jpg\" alt=\"\" width=\"680\" height=\"393\" \/><figcaption id=\"caption-attachment-5959\" class=\"wp-caption-text\">Alpiniste Stephan Siegrist : sans pers\u00e9v\u00e9rance, rien n'est possible en haute montagne. (Photo : Thomas Berner)<\/figcaption><\/figure>\n<h2>De la confiance et de la pers\u00e9v\u00e9rance<\/h2>\n<p>La derni\u00e8re partie de la Journ\u00e9e des PME a \u00e9t\u00e9 anim\u00e9e par Monika Walser d'une part et par l'alpiniste Stephan Siegrist d'autre part. Monika Walser a donn\u00e9 un aper\u00e7u impressionnant de la premi\u00e8re phase de son activit\u00e9 en tant que nouvelle CEO de de Sede AG. Les premiers jours ont \u00e9t\u00e9 marqu\u00e9s par la m\u00e9fiance et l'incertitude, et rassembler \u00e0 nouveau le personnel derri\u00e8re elle a \u00e9t\u00e9 une t\u00e2che hercul\u00e9enne. La recette du succ\u00e8s a \u00e9t\u00e9 la communication honn\u00eate et transparente et la d\u00e9cision - financi\u00e8rement risqu\u00e9e \u00e0 l'\u00e9poque - de rapatrier le c\u0153ur de la production, \u00e0 savoir l'atelier de coupe du cuir. Quant \u00e0 Stephan Siegrist, il a montr\u00e9, \u00e0 l'aide de la premi\u00e8re ascension d'une paroi de granit de plus de 1000 m\u00e8tres au Cachemire, ce que signifie ne pas abandonner malgr\u00e9 les circonstances d\u00e9favorables et croire jusqu'au bout \u00e0 la faisabilit\u00e9 d'un projet - un message manifestement clair \u00e9galement pour les entrepreneurs.<\/p>\n<p><em><a href=\"http:\/\/www.kmu-tag.ch\">www.kmu-tag.ch<\/a><\/em><\/p>","protected":false},"excerpt":{"rendered":"<p>Die Konkurrenz von morgen f\u00fcr KMU seien digitale Unternehmen wie Google, Amazon, Facebook &amp; Co, sagte Gastgeber Tobi Wolf in seiner Er\u00f6ffnungs-Keynote. Die St\u00e4rken dieser Unternehmen sei \u2013 trotz ihrer Gr\u00f6sse \u2013 ihre Risikofreudigkeit, die Testmentalit\u00e4t und die Tatsache, dass Wachstum wichtiger sei als Profitabilit\u00e4t. Ebenso im Vordergrund stehe die Kundenorientierung und weniger die Produktzentrierung. [&hellip;]<\/p>\n","protected":false},"author":4,"featured_media":8471,"comment_status":"closed","ping_status":"closed","sticky":false,"template":"","format":"standard","meta":{"_acf_changed":false,"_yoast_wpseo_focuskw":"Duftnoten","_yoast_wpseo_metadesc":"Der Schweizer KMU-Tag vom 25. Oktober 2019 stand unter dem Motto \u00abKMU im Wettbewerb \u2013 Liefern statt Lafern\u00bb und wartete mit neuen Duftnoten auf.","articlekey":"","footnotes":""},"categories":[28],"tags":[193,335,492],"class_list":["post-8571","post","type-post","status-publish","format-standard","has-post-thumbnail","hentry","category-management","tag-fachkongressfachmesse","tag-management-und-unternehmensfuehrung","tag-unternehmen"],"acf":[],"yoast_head":"<!-- This site is optimized with the Yoast SEO plugin v27.4 - https:\/\/yoast.com\/product\/yoast-seo-wordpress\/ -->\n<title>Neue Duftnoten am KMU-Tag - Organisator<\/title>\n<meta name=\"description\" content=\"Der Schweizer KMU-Tag vom 25. Oktober 2019 stand unter dem Motto \u00abKMU im Wettbewerb \u2013 Liefern statt Lafern\u00bb und wartete mit neuen Duftnoten auf.\" \/>\n<meta name=\"robots\" content=\"index, follow, max-snippet:-1, max-image-preview:large, max-video-preview:-1\" \/>\n<link rel=\"canonical\" href=\"https:\/\/www.organisator.ch\/fr\/gestion-2\/2019-10-28\/neue-duftnoten-am-kmu-tag\/\" \/>\n<meta property=\"og:locale\" content=\"fr_FR\" \/>\n<meta property=\"og:type\" content=\"article\" \/>\n<meta property=\"og:title\" content=\"Neue Duftnoten am KMU-Tag\" \/>\n<meta property=\"og:description\" content=\"Der Schweizer KMU-Tag vom 25. Oktober 2019 stand unter dem Motto \u00abKMU im Wettbewerb \u2013 Liefern statt Lafern\u00bb und wartete mit neuen Duftnoten auf.\" \/>\n<meta property=\"og:url\" content=\"https:\/\/www.organisator.ch\/fr\/gestion-2\/2019-10-28\/neue-duftnoten-am-kmu-tag\/\" \/>\n<meta property=\"og:site_name\" content=\"Organisator\" \/>\n<meta property=\"article:publisher\" content=\"https:\/\/www.facebook.com\/OrganisatorFachmagazin\" \/>\n<meta property=\"article:published_time\" content=\"2019-10-28T09:13:17+00:00\" \/>\n<meta name=\"author\" content=\"thomas.berner\" \/>\n<meta name=\"twitter:card\" content=\"summary_large_image\" \/>\n<meta name=\"twitter:title\" content=\"Neue Duftnoten am #KMU-Tag\" \/>\n<meta name=\"twitter:description\" content=\"Der Schweizer #KMU-Tag vom 25. Oktober 2019 stand unter dem Motto \u00abKMU im Wettbewerb \u2013 Liefern statt Lafern\u00bb und wartete mit neuen #Duftnoten auf.\" \/>\n<script type=\"application\/ld+json\" class=\"yoast-schema-graph\">{\"@context\":\"https:\\\/\\\/schema.org\",\"@graph\":[{\"@type\":\"Article\",\"@id\":\"https:\\\/\\\/www.organisator.ch\\\/management\\\/2019-10-28\\\/neue-duftnoten-am-kmu-tag\\\/#article\",\"isPartOf\":{\"@id\":\"https:\\\/\\\/www.organisator.ch\\\/management\\\/2019-10-28\\\/neue-duftnoten-am-kmu-tag\\\/\"},\"author\":{\"name\":\"thomas.berner\",\"@id\":\"https:\\\/\\\/www.organisator.ch\\\/#\\\/schema\\\/person\\\/6f650f90b2842cd4c0cc334b4e36f67e\"},\"headline\":\"Neue Duftnoten am KMU-Tag\",\"datePublished\":\"2019-10-28T09:13:17+00:00\",\"mainEntityOfPage\":{\"@id\":\"https:\\\/\\\/www.organisator.ch\\\/management\\\/2019-10-28\\\/neue-duftnoten-am-kmu-tag\\\/\"},\"wordCount\":807,\"publisher\":{\"@id\":\"https:\\\/\\\/www.organisator.ch\\\/#organization\"},\"image\":{\"@id\":\"https:\\\/\\\/www.organisator.ch\\\/management\\\/2019-10-28\\\/neue-duftnoten-am-kmu-tag\\\/#primaryimage\"},\"thumbnailUrl\":\"https:\\\/\\\/www.organisator.ch\\\/wp-content\\\/uploads\\\/2019\\\/10\\\/Neue-Duftnoten-am-KMU-Tag-3_Organisator.jpg\",\"keywords\":[\"Fachkongress\\\/Fachmesse\",\"Management und Unternehmensf\u00fchrung\",\"Unternehmen\"],\"articleSection\":[\"MANAGEMENT\"],\"inLanguage\":\"fr-FR\"},{\"@type\":\"WebPage\",\"@id\":\"https:\\\/\\\/www.organisator.ch\\\/management\\\/2019-10-28\\\/neue-duftnoten-am-kmu-tag\\\/\",\"url\":\"https:\\\/\\\/www.organisator.ch\\\/management\\\/2019-10-28\\\/neue-duftnoten-am-kmu-tag\\\/\",\"name\":\"Neue Duftnoten am KMU-Tag - Organisator\",\"isPartOf\":{\"@id\":\"https:\\\/\\\/www.organisator.ch\\\/#website\"},\"primaryImageOfPage\":{\"@id\":\"https:\\\/\\\/www.organisator.ch\\\/management\\\/2019-10-28\\\/neue-duftnoten-am-kmu-tag\\\/#primaryimage\"},\"image\":{\"@id\":\"https:\\\/\\\/www.organisator.ch\\\/management\\\/2019-10-28\\\/neue-duftnoten-am-kmu-tag\\\/#primaryimage\"},\"thumbnailUrl\":\"https:\\\/\\\/www.organisator.ch\\\/wp-content\\\/uploads\\\/2019\\\/10\\\/Neue-Duftnoten-am-KMU-Tag-3_Organisator.jpg\",\"datePublished\":\"2019-10-28T09:13:17+00:00\",\"description\":\"Der Schweizer KMU-Tag vom 25. Oktober 2019 stand unter dem Motto \u00abKMU im Wettbewerb \u2013 Liefern statt Lafern\u00bb und wartete mit neuen Duftnoten auf.\",\"breadcrumb\":{\"@id\":\"https:\\\/\\\/www.organisator.ch\\\/management\\\/2019-10-28\\\/neue-duftnoten-am-kmu-tag\\\/#breadcrumb\"},\"inLanguage\":\"fr-FR\",\"potentialAction\":[{\"@type\":\"ReadAction\",\"target\":[\"https:\\\/\\\/www.organisator.ch\\\/management\\\/2019-10-28\\\/neue-duftnoten-am-kmu-tag\\\/\"]}]},{\"@type\":\"ImageObject\",\"inLanguage\":\"fr-FR\",\"@id\":\"https:\\\/\\\/www.organisator.ch\\\/management\\\/2019-10-28\\\/neue-duftnoten-am-kmu-tag\\\/#primaryimage\",\"url\":\"https:\\\/\\\/www.organisator.ch\\\/wp-content\\\/uploads\\\/2019\\\/10\\\/Neue-Duftnoten-am-KMU-Tag-3_Organisator.jpg\",\"contentUrl\":\"https:\\\/\\\/www.organisator.ch\\\/wp-content\\\/uploads\\\/2019\\\/10\\\/Neue-Duftnoten-am-KMU-Tag-3_Organisator.jpg\",\"width\":680,\"height\":340,\"caption\":\"Moderator Fabian Unteregger unterh\u00e4lt sich mit den zwei Startup-Unternehmern Susanne Dr\u00f6scher und Martin Fengler. Nicht nur die \\\"Inspiration-Session\\\" brachte neue Duftnoten an den KMU-Tag vom 25. Oktober 2019. (Bild: Thomas Berner)\"},{\"@type\":\"BreadcrumbList\",\"@id\":\"https:\\\/\\\/www.organisator.ch\\\/management\\\/2019-10-28\\\/neue-duftnoten-am-kmu-tag\\\/#breadcrumb\",\"itemListElement\":[{\"@type\":\"ListItem\",\"position\":1,\"name\":\"Home\",\"item\":\"https:\\\/\\\/www.organisator.ch\\\/\"},{\"@type\":\"ListItem\",\"position\":2,\"name\":\"Neue Duftnoten am KMU-Tag\"}]},{\"@type\":\"WebSite\",\"@id\":\"https:\\\/\\\/www.organisator.ch\\\/#website\",\"url\":\"https:\\\/\\\/www.organisator.ch\\\/\",\"name\":\"Organisator\",\"description\":\"Kompetent. Praxisnah. Der ORGANISATOR bereitet in 10 Ausgaben pro Jahr die wesentlichen Themen f\u00fcr F\u00fchrungskr\u00e4fte von KMU auf.\",\"publisher\":{\"@id\":\"https:\\\/\\\/www.organisator.ch\\\/#organization\"},\"potentialAction\":[{\"@type\":\"SearchAction\",\"target\":{\"@type\":\"EntryPoint\",\"urlTemplate\":\"https:\\\/\\\/www.organisator.ch\\\/?s={search_term_string}\"},\"query-input\":{\"@type\":\"PropertyValueSpecification\",\"valueRequired\":true,\"valueName\":\"search_term_string\"}}],\"inLanguage\":\"fr-FR\"},{\"@type\":\"Organization\",\"@id\":\"https:\\\/\\\/www.organisator.ch\\\/#organization\",\"name\":\"Organisator\",\"url\":\"https:\\\/\\\/www.organisator.ch\\\/\",\"logo\":{\"@type\":\"ImageObject\",\"inLanguage\":\"fr-FR\",\"@id\":\"https:\\\/\\\/www.organisator.ch\\\/#\\\/schema\\\/logo\\\/image\\\/\",\"url\":\"https:\\\/\\\/www.organisator.ch\\\/wp-content\\\/uploads\\\/2022\\\/01\\\/Logo_Organisator_Website.png\",\"contentUrl\":\"https:\\\/\\\/www.organisator.ch\\\/wp-content\\\/uploads\\\/2022\\\/01\\\/Logo_Organisator_Website.png\",\"width\":800,\"height\":77,\"caption\":\"Organisator\"},\"image\":{\"@id\":\"https:\\\/\\\/www.organisator.ch\\\/#\\\/schema\\\/logo\\\/image\\\/\"},\"sameAs\":[\"https:\\\/\\\/www.facebook.com\\\/OrganisatorFachmagazin\",\"https:\\\/\\\/www.linkedin.com\\\/showcase\\\/organisator-das-magazin-fr-kmu\",\"https:\\\/\\\/www.xing.com\\\/news\\\/pages\\\/organisator-ch-695\",\"https:\\\/\\\/www.youtube.com\\\/channel\\\/UCGP2Sq0iWaZwT3BdIAQFYpw\"]},{\"@type\":\"Person\",\"@id\":\"https:\\\/\\\/www.organisator.ch\\\/#\\\/schema\\\/person\\\/6f650f90b2842cd4c0cc334b4e36f67e\",\"name\":\"thomas.berner\",\"image\":{\"@type\":\"ImageObject\",\"inLanguage\":\"fr-FR\",\"@id\":\"https:\\\/\\\/secure.gravatar.com\\\/avatar\\\/ac5001d2a36cb6c6cd3e50789007ffca834b477b74a2144564522e944eabff61?s=96&d=mm&r=g\",\"url\":\"https:\\\/\\\/secure.gravatar.com\\\/avatar\\\/ac5001d2a36cb6c6cd3e50789007ffca834b477b74a2144564522e944eabff61?s=96&d=mm&r=g\",\"contentUrl\":\"https:\\\/\\\/secure.gravatar.com\\\/avatar\\\/ac5001d2a36cb6c6cd3e50789007ffca834b477b74a2144564522e944eabff61?s=96&d=mm&r=g\",\"caption\":\"thomas.berner\"},\"url\":\"https:\\\/\\\/www.organisator.ch\\\/fr\\\/author\\\/thomas-berner\\\/\"}]}<\/script>\n<!-- \/ Yoast SEO plugin. -->","yoast_head_json":{"title":"Nouveaux parfums pour la Journ\u00e9e des PME - Organisateur","description":"La Journ\u00e9e suisse des PME du 25 octobre 2019 \u00e9tait plac\u00e9e sous la devise \"Les PME face \u00e0 la concurrence - Livrer au lieu de livrer\" et a pr\u00e9sent\u00e9 de nouveaux parfums.","robots":{"index":"index","follow":"follow","max-snippet":"max-snippet:-1","max-image-preview":"max-image-preview:large","max-video-preview":"max-video-preview:-1"},"canonical":"https:\/\/www.organisator.ch\/fr\/gestion-2\/2019-10-28\/neue-duftnoten-am-kmu-tag\/","og_locale":"fr_FR","og_type":"article","og_title":"Neue Duftnoten am KMU-Tag","og_description":"Der Schweizer KMU-Tag vom 25. Oktober 2019 stand unter dem Motto \u00abKMU im Wettbewerb \u2013 Liefern statt Lafern\u00bb und wartete mit neuen Duftnoten auf.","og_url":"https:\/\/www.organisator.ch\/fr\/gestion-2\/2019-10-28\/neue-duftnoten-am-kmu-tag\/","og_site_name":"Organisator","article_publisher":"https:\/\/www.facebook.com\/OrganisatorFachmagazin","article_published_time":"2019-10-28T09:13:17+00:00","author":"thomas.berner","twitter_card":"summary_large_image","twitter_title":"Neue Duftnoten am #KMU-Tag","twitter_description":"Der Schweizer #KMU-Tag vom 25. Oktober 2019 stand unter dem Motto \u00abKMU im Wettbewerb \u2013 Liefern statt Lafern\u00bb und wartete mit neuen #Duftnoten auf.","schema":{"@context":"https:\/\/schema.org","@graph":[{"@type":"Article","@id":"https:\/\/www.organisator.ch\/management\/2019-10-28\/neue-duftnoten-am-kmu-tag\/#article","isPartOf":{"@id":"https:\/\/www.organisator.ch\/management\/2019-10-28\/neue-duftnoten-am-kmu-tag\/"},"author":{"name":"thomas.berner","@id":"https:\/\/www.organisator.ch\/#\/schema\/person\/6f650f90b2842cd4c0cc334b4e36f67e"},"headline":"Neue Duftnoten am KMU-Tag","datePublished":"2019-10-28T09:13:17+00:00","mainEntityOfPage":{"@id":"https:\/\/www.organisator.ch\/management\/2019-10-28\/neue-duftnoten-am-kmu-tag\/"},"wordCount":807,"publisher":{"@id":"https:\/\/www.organisator.ch\/#organization"},"image":{"@id":"https:\/\/www.organisator.ch\/management\/2019-10-28\/neue-duftnoten-am-kmu-tag\/#primaryimage"},"thumbnailUrl":"https:\/\/www.organisator.ch\/wp-content\/uploads\/2019\/10\/Neue-Duftnoten-am-KMU-Tag-3_Organisator.jpg","keywords":["Fachkongress\/Fachmesse","Management und Unternehmensf\u00fchrung","Unternehmen"],"articleSection":["MANAGEMENT"],"inLanguage":"fr-FR"},{"@type":"WebPage","@id":"https:\/\/www.organisator.ch\/management\/2019-10-28\/neue-duftnoten-am-kmu-tag\/","url":"https:\/\/www.organisator.ch\/management\/2019-10-28\/neue-duftnoten-am-kmu-tag\/","name":"Nouveaux parfums pour la Journ\u00e9e des PME - Organisateur","isPartOf":{"@id":"https:\/\/www.organisator.ch\/#website"},"primaryImageOfPage":{"@id":"https:\/\/www.organisator.ch\/management\/2019-10-28\/neue-duftnoten-am-kmu-tag\/#primaryimage"},"image":{"@id":"https:\/\/www.organisator.ch\/management\/2019-10-28\/neue-duftnoten-am-kmu-tag\/#primaryimage"},"thumbnailUrl":"https:\/\/www.organisator.ch\/wp-content\/uploads\/2019\/10\/Neue-Duftnoten-am-KMU-Tag-3_Organisator.jpg","datePublished":"2019-10-28T09:13:17+00:00","description":"La Journ\u00e9e suisse des PME du 25 octobre 2019 \u00e9tait plac\u00e9e sous la devise \"Les PME face \u00e0 la concurrence - Livrer au lieu de livrer\" et a pr\u00e9sent\u00e9 de nouveaux parfums.","breadcrumb":{"@id":"https:\/\/www.organisator.ch\/management\/2019-10-28\/neue-duftnoten-am-kmu-tag\/#breadcrumb"},"inLanguage":"fr-FR","potentialAction":[{"@type":"ReadAction","target":["https:\/\/www.organisator.ch\/management\/2019-10-28\/neue-duftnoten-am-kmu-tag\/"]}]},{"@type":"ImageObject","inLanguage":"fr-FR","@id":"https:\/\/www.organisator.ch\/management\/2019-10-28\/neue-duftnoten-am-kmu-tag\/#primaryimage","url":"https:\/\/www.organisator.ch\/wp-content\/uploads\/2019\/10\/Neue-Duftnoten-am-KMU-Tag-3_Organisator.jpg","contentUrl":"https:\/\/www.organisator.ch\/wp-content\/uploads\/2019\/10\/Neue-Duftnoten-am-KMU-Tag-3_Organisator.jpg","width":680,"height":340,"caption":"Moderator Fabian Unteregger unterh\u00e4lt sich mit den zwei Startup-Unternehmern Susanne Dr\u00f6scher und Martin Fengler. Nicht nur die \"Inspiration-Session\" brachte neue Duftnoten an den KMU-Tag vom 25. Oktober 2019. (Bild: Thomas Berner)"},{"@type":"BreadcrumbList","@id":"https:\/\/www.organisator.ch\/management\/2019-10-28\/neue-duftnoten-am-kmu-tag\/#breadcrumb","itemListElement":[{"@type":"ListItem","position":1,"name":"Home","item":"https:\/\/www.organisator.ch\/"},{"@type":"ListItem","position":2,"name":"Neue Duftnoten am KMU-Tag"}]},{"@type":"WebSite","@id":"https:\/\/www.organisator.ch\/#website","url":"https:\/\/www.organisator.ch\/","name":"Organisateur","description":"Comp\u00e9tence et comp\u00e9tence. Proches de la pratique. L'ORGANISATEUR pr\u00e9pare 10 num\u00e9ros par an sur les th\u00e8mes essentiels pour les dirigeants de PME.","publisher":{"@id":"https:\/\/www.organisator.ch\/#organization"},"potentialAction":[{"@type":"SearchAction","target":{"@type":"EntryPoint","urlTemplate":"https:\/\/www.organisator.ch\/?s={search_term_string}"},"query-input":{"@type":"PropertyValueSpecification","valueRequired":true,"valueName":"search_term_string"}}],"inLanguage":"fr-FR"},{"@type":"Organization","@id":"https:\/\/www.organisator.ch\/#organization","name":"Organisateur","url":"https:\/\/www.organisator.ch\/","logo":{"@type":"ImageObject","inLanguage":"fr-FR","@id":"https:\/\/www.organisator.ch\/#\/schema\/logo\/image\/","url":"https:\/\/www.organisator.ch\/wp-content\/uploads\/2022\/01\/Logo_Organisator_Website.png","contentUrl":"https:\/\/www.organisator.ch\/wp-content\/uploads\/2022\/01\/Logo_Organisator_Website.png","width":800,"height":77,"caption":"Organisator"},"image":{"@id":"https:\/\/www.organisator.ch\/#\/schema\/logo\/image\/"},"sameAs":["https:\/\/www.facebook.com\/OrganisatorFachmagazin","https:\/\/www.linkedin.com\/showcase\/organisator-das-magazin-fr-kmu","https:\/\/www.xing.com\/news\/pages\/organisator-ch-695","https:\/\/www.youtube.com\/channel\/UCGP2Sq0iWaZwT3BdIAQFYpw"]},{"@type":"Person","@id":"https:\/\/www.organisator.ch\/#\/schema\/person\/6f650f90b2842cd4c0cc334b4e36f67e","name":"thomas.berner","image":{"@type":"ImageObject","inLanguage":"fr-FR","@id":"https:\/\/secure.gravatar.com\/avatar\/ac5001d2a36cb6c6cd3e50789007ffca834b477b74a2144564522e944eabff61?s=96&d=mm&r=g","url":"https:\/\/secure.gravatar.com\/avatar\/ac5001d2a36cb6c6cd3e50789007ffca834b477b74a2144564522e944eabff61?s=96&d=mm&r=g","contentUrl":"https:\/\/secure.gravatar.com\/avatar\/ac5001d2a36cb6c6cd3e50789007ffca834b477b74a2144564522e944eabff61?s=96&d=mm&r=g","caption":"thomas.berner"},"url":"https:\/\/www.organisator.ch\/fr\/author\/thomas-berner\/"}]}},"_links":{"self":[{"href":"https:\/\/www.organisator.ch\/fr\/wp-json\/wp\/v2\/posts\/8571","targetHints":{"allow":["GET"]}}],"collection":[{"href":"https:\/\/www.organisator.ch\/fr\/wp-json\/wp\/v2\/posts"}],"about":[{"href":"https:\/\/www.organisator.ch\/fr\/wp-json\/wp\/v2\/types\/post"}],"author":[{"embeddable":true,"href":"https:\/\/www.organisator.ch\/fr\/wp-json\/wp\/v2\/users\/4"}],"replies":[{"embeddable":true,"href":"https:\/\/www.organisator.ch\/fr\/wp-json\/wp\/v2\/comments?post=8571"}],"version-history":[{"count":0,"href":"https:\/\/www.organisator.ch\/fr\/wp-json\/wp\/v2\/posts\/8571\/revisions"}],"wp:featuredmedia":[{"embeddable":true,"href":"https:\/\/www.organisator.ch\/fr\/wp-json\/wp\/v2\/media\/8471"}],"wp:attachment":[{"href":"https:\/\/www.organisator.ch\/fr\/wp-json\/wp\/v2\/media?parent=8571"}],"wp:term":[{"taxonomy":"category","embeddable":true,"href":"https:\/\/www.organisator.ch\/fr\/wp-json\/wp\/v2\/categories?post=8571"},{"taxonomy":"post_tag","embeddable":true,"href":"https:\/\/www.organisator.ch\/fr\/wp-json\/wp\/v2\/tags?post=8571"}],"curies":[{"name":"wp","href":"https:\/\/api.w.org\/{rel}","templated":true}]}}