{"id":8572,"date":"2019-10-29T09:31:39","date_gmt":"2019-10-29T08:31:39","guid":{"rendered":"https:\/\/www.organisator.ch\/?p=5963"},"modified":"2019-10-29T09:31:39","modified_gmt":"2019-10-29T08:31:39","slug":"erfolgs-impuls-ihre-falschen-prioritaeten-und-die-fatalen-folgen","status":"publish","type":"post","link":"https:\/\/www.organisator.ch\/fr\/management\/2019-10-29\/erfolgs-impuls-ihre-falschen-prioritaeten-und-die-fatalen-folgen\/","title":{"rendered":"Impulsion du succ\u00e8s : vos mauvaises priorit\u00e9s (et les cons\u00e9quences fatales)"},"content":{"rendered":"<figure id=\"attachment_5964\" aria-describedby=\"caption-attachment-5964\" style=\"width: 680px\" class=\"wp-caption alignnone\"><img loading=\"lazy\" decoding=\"async\" class=\"size-medium wp-image-5964\" src=\"https:\/\/www.organisator.ch\/wp-content\/uploads\/2019\/10\/Erfolgs-Impuls-Ihre-falschen-Prioritaeten-und-die-fatalen-Folgen_Organisator.jpg\" alt=\"\" width=\"680\" height=\"453\" \/><figcaption id=\"caption-attachment-5964\" class=\"wp-caption-text\">Pression du temps, urgence, importance : c'est le subconscient qui g\u00e8re nos priorit\u00e9s. (Image : Pixabay.com)<\/figcaption><\/figure>\n<p>Tous les autres (environ 99,9%), qui sont toujours absorb\u00e9s par l'urgent avant l'important et qui passent trop de temps \u00e0 des activit\u00e9s r\u00e9actives, devraient absolument lire ce qui suit. Cela peut changer votre vie.<\/p>\n<h2>Programmer le subconscient<\/h2>\n<p>Notre cerveau est un organe fascinant : pour simplifier, vous pouvez utiliser votre conscience pour programmer votre subconscient, et ce gr\u00e2ce \u00e0 des \u00e9motions fortes et \u00e0 une r\u00e9p\u00e9tition constante. C'est important parce que notre subconscient est responsable de plus de 99% de nos d\u00e9cisions quotidiennes. Ce m\u00e9canisme vous conduit \u00e0 faire toujours plus de ce que vous avez fait dans le pass\u00e9. Cette prise de conscience est essentielle pour votre r\u00e9ussite.<\/p>\n<p>Un exemple : Si vous avez l'habitude de passer la plupart de votre temps en tant que dirigeant \u00e0 r\u00e9soudre des probl\u00e8mes urgents et \u00e0 \u00e9teindre des incendies embl\u00e9matiques, vous en aurez davantage \u00e0 l'avenir. <strong>Vous multipliez ce sur quoi vous vous concentrez.<\/strong><\/p>\n<h2>Autres exemples tir\u00e9s de la pratique<\/h2>\n<p>Si vous consacrez la plupart de votre temps \u00e0 r\u00e9soudre des probl\u00e8mes et \u00e0 vous entra\u00eener \u00e0 \u00e9teindre des incendies, vous aurez aussi de plus en plus de probl\u00e8mes de ce type. Si vous continuez \u00e0 faire passer l'urgent avant l'important, il y aura de plus en plus d'urgent dans votre vie. Si vous passez beaucoup de temps dans des r\u00e9unions o\u00f9 l'on ne discute la plupart du temps ni de l'urgent ni de l'important, vous aurez de plus en plus de r\u00e9unions de ce type.<\/p>\n<h2>Apprendre \u00e0 fixer correctement les priorit\u00e9s<\/h2>\n<p>Comment pouvez-vous changer cet automatisme n\u00e9gatif, pour vous-m\u00eame et pour votre \u00e9quipe ? En principe, en trois \u00e9tapes :<\/p>\n<ol>\n<li>Conna\u00eetre ce qui est important. La plupart des gens ont du mal \u00e0 d\u00e9terminer ce qui est vraiment le plus important. Pour cela, vous devez avoir d\u00e9fini vos objectifs \u00e0 long terme et votre mission.<\/li>\n<li>Planifier ce qui est important. Cela semble presque trop simple, mais vous devez planifier ce qui est important dans votre calendrier pour chaque jour. Nombreux sont ceux qui se laissent influencer par le fait qu'ils remplissent leur calendrier de tout et n'importe quoi.<\/li>\n<li>Faire ce qui est important. Faire ce qui est important demande g\u00e9n\u00e9ralement une r\u00e9flexion cr\u00e9ative et de l'initiative. Si vous ne le faites pas, personne d'autre ne le fera. Vous vous aventurez souvent en terrain inconnu. C'est \u00e9puisant. Vous pr\u00e9f\u00e9rez passer les prochaines heures en r\u00e9union...<\/li>\n<\/ol>\n<p>Ces conclusions sont simples \u00e0 comprendre, mais difficiles \u00e0 mettre en \u0153uvre. Les \u00e9quipes gagnantes ma\u00eetrisent leurs priorit\u00e9s - et g\u00e9n\u00e8rent des succ\u00e8s en cons\u00e9quence.<\/p>\n<p>Tout le monde peut suivre cette voie. Si vous commencez aujourd'hui et que vous d\u00e9placez progressivement vos priorit\u00e9s avec votre \u00e9quipe, vous augmenterez vos performances de mani\u00e8re spectaculaire - c'est garanti !<\/p>\n<p><i>Vers l'auteur :<br \/>\n<\/i><em>Volkmar V\u00f6lzke est un maximisateur de succ\u00e8s. Auteur de livres. Conseiller et consultant. Coach de formation. Orateur. <a href=\"http:\/\/www.volkmarvoelzke.ch\/\">www.volkmarvoelzke.ch<\/a><\/em><\/p>","protected":false},"excerpt":{"rendered":"<p>Alle anderen (ca. 99,9%), die immer wieder vom Dringenden vor dem Wichtigen absorbiert werden und die zu viel Zeit mit reaktiven T\u00e4tigkeiten verbringen, sollten sich unbedingt das Folgende zu Gem\u00fcte f\u00fchren. Es kann Ihr Leben \u00e4ndern. Das Unterbewusstsein programmieren Unser Gehirn ist ein faszinierendes Organ: Vereinfacht gesagt k\u00f6nnen Sie mit Ihrem Bewusstsein Ihr Unterbewusstsein programmieren, [&hellip;]<\/p>\n","protected":false},"author":4,"featured_media":8475,"comment_status":"closed","ping_status":"closed","sticky":false,"template":"","format":"standard","meta":{"_acf_changed":false,"_yoast_wpseo_focuskw":"Priorit\u00e4ten","_yoast_wpseo_metadesc":"Haben Sie und Ihr Team immer und jederzeit die Priorit\u00e4ten voll im Griff? Erreichen Sie immer das, was Sie wollen? Dann brauchen Sie nicht weiterlesen.","articlekey":"","footnotes":""},"categories":[28],"tags":[177,208,335,429],"class_list":["post-8572","post","type-post","status-publish","format-standard","has-post-thumbnail","hentry","category-management","tag-erfolgs-impuls","tag-fit-im-job","tag-management-und-unternehmensfuehrung","tag-selbstmanagement"],"acf":[],"yoast_head":"<!-- This site is optimized with the Yoast SEO plugin v27.5 - https:\/\/yoast.com\/product\/yoast-seo-wordpress\/ -->\n<title>Erfolgs-Impuls: Ihre falschen Priorit\u00e4ten (und die fatalen Folgen) - Organisator<\/title>\n<meta name=\"description\" content=\"Haben Sie und Ihr Team immer und jederzeit die Priorit\u00e4ten voll im Griff? Erreichen Sie immer das, was Sie wollen? Dann brauchen Sie nicht weiterlesen.\" \/>\n<meta name=\"robots\" content=\"index, follow, max-snippet:-1, max-image-preview:large, max-video-preview:-1\" \/>\n<link rel=\"canonical\" href=\"https:\/\/www.organisator.ch\/fr\/gestion-2\/2019-10-29\/erfolgs-impuls-ihre-falschen-prioritaeten-und-die-fatalen-folgen\/\" \/>\n<meta property=\"og:locale\" content=\"fr_FR\" \/>\n<meta property=\"og:type\" content=\"article\" \/>\n<meta property=\"og:title\" content=\"Erfolgs-Impuls: Ihre falschen Priorit\u00e4ten (und die fatalen Folgen)\" \/>\n<meta property=\"og:description\" content=\"Haben Sie und Ihr Team immer und jederzeit die Priorit\u00e4ten voll im Griff? Erreichen Sie immer das, was Sie wollen? Dann brauchen Sie nicht weiterlesen.\" \/>\n<meta property=\"og:url\" content=\"https:\/\/www.organisator.ch\/fr\/gestion-2\/2019-10-29\/erfolgs-impuls-ihre-falschen-prioritaeten-und-die-fatalen-folgen\/\" \/>\n<meta property=\"og:site_name\" content=\"Organisator\" \/>\n<meta property=\"article:publisher\" content=\"https:\/\/www.facebook.com\/OrganisatorFachmagazin\" \/>\n<meta property=\"article:published_time\" content=\"2019-10-29T08:31:39+00:00\" \/>\n<meta name=\"author\" content=\"thomas.berner\" \/>\n<meta name=\"twitter:card\" content=\"summary_large_image\" \/>\n<meta name=\"twitter:title\" content=\"#Erfolgs-Impuls: Ihre falschen #Priorit\u00e4ten (und die fatalen Folgen)\" \/>\n<meta name=\"twitter:description\" content=\"Haben Sie und Ihr Team immer und jederzeit die #Priorit\u00e4ten voll im Griff? Erreichen Sie immer das, was Sie wollen? Dann brauchen Sie nicht weiterlesen.\" \/>\n<script type=\"application\/ld+json\" class=\"yoast-schema-graph\">{\"@context\":\"https:\\\/\\\/schema.org\",\"@graph\":[{\"@type\":\"Article\",\"@id\":\"https:\\\/\\\/www.organisator.ch\\\/management\\\/2019-10-29\\\/erfolgs-impuls-ihre-falschen-prioritaeten-und-die-fatalen-folgen\\\/#article\",\"isPartOf\":{\"@id\":\"https:\\\/\\\/www.organisator.ch\\\/management\\\/2019-10-29\\\/erfolgs-impuls-ihre-falschen-prioritaeten-und-die-fatalen-folgen\\\/\"},\"author\":{\"name\":\"thomas.berner\",\"@id\":\"https:\\\/\\\/www.organisator.ch\\\/#\\\/schema\\\/person\\\/6f650f90b2842cd4c0cc334b4e36f67e\"},\"headline\":\"Erfolgs-Impuls: Ihre falschen Priorit\u00e4ten (und die fatalen Folgen)\",\"datePublished\":\"2019-10-29T08:31:39+00:00\",\"mainEntityOfPage\":{\"@id\":\"https:\\\/\\\/www.organisator.ch\\\/management\\\/2019-10-29\\\/erfolgs-impuls-ihre-falschen-prioritaeten-und-die-fatalen-folgen\\\/\"},\"wordCount\":455,\"publisher\":{\"@id\":\"https:\\\/\\\/www.organisator.ch\\\/#organization\"},\"image\":{\"@id\":\"https:\\\/\\\/www.organisator.ch\\\/management\\\/2019-10-29\\\/erfolgs-impuls-ihre-falschen-prioritaeten-und-die-fatalen-folgen\\\/#primaryimage\"},\"thumbnailUrl\":\"https:\\\/\\\/www.organisator.ch\\\/wp-content\\\/uploads\\\/2019\\\/10\\\/Erfolgs-Impuls-Ihre-falschen-Prioritaeten-und-die-fatalen-Folgen_Organisator.jpg\",\"keywords\":[\"Erfolgs-Impuls\",\"Fit im Job\",\"Management und Unternehmensf\u00fchrung\",\"Selbstmanagement\"],\"articleSection\":[\"MANAGEMENT\"],\"inLanguage\":\"fr-FR\"},{\"@type\":\"WebPage\",\"@id\":\"https:\\\/\\\/www.organisator.ch\\\/management\\\/2019-10-29\\\/erfolgs-impuls-ihre-falschen-prioritaeten-und-die-fatalen-folgen\\\/\",\"url\":\"https:\\\/\\\/www.organisator.ch\\\/management\\\/2019-10-29\\\/erfolgs-impuls-ihre-falschen-prioritaeten-und-die-fatalen-folgen\\\/\",\"name\":\"Erfolgs-Impuls: Ihre falschen Priorit\u00e4ten (und die fatalen Folgen) - Organisator\",\"isPartOf\":{\"@id\":\"https:\\\/\\\/www.organisator.ch\\\/#website\"},\"primaryImageOfPage\":{\"@id\":\"https:\\\/\\\/www.organisator.ch\\\/management\\\/2019-10-29\\\/erfolgs-impuls-ihre-falschen-prioritaeten-und-die-fatalen-folgen\\\/#primaryimage\"},\"image\":{\"@id\":\"https:\\\/\\\/www.organisator.ch\\\/management\\\/2019-10-29\\\/erfolgs-impuls-ihre-falschen-prioritaeten-und-die-fatalen-folgen\\\/#primaryimage\"},\"thumbnailUrl\":\"https:\\\/\\\/www.organisator.ch\\\/wp-content\\\/uploads\\\/2019\\\/10\\\/Erfolgs-Impuls-Ihre-falschen-Prioritaeten-und-die-fatalen-Folgen_Organisator.jpg\",\"datePublished\":\"2019-10-29T08:31:39+00:00\",\"description\":\"Haben Sie und Ihr Team immer und jederzeit die Priorit\u00e4ten voll im Griff? Erreichen Sie immer das, was Sie wollen? Dann brauchen Sie nicht weiterlesen.\",\"breadcrumb\":{\"@id\":\"https:\\\/\\\/www.organisator.ch\\\/management\\\/2019-10-29\\\/erfolgs-impuls-ihre-falschen-prioritaeten-und-die-fatalen-folgen\\\/#breadcrumb\"},\"inLanguage\":\"fr-FR\",\"potentialAction\":[{\"@type\":\"ReadAction\",\"target\":[\"https:\\\/\\\/www.organisator.ch\\\/management\\\/2019-10-29\\\/erfolgs-impuls-ihre-falschen-prioritaeten-und-die-fatalen-folgen\\\/\"]}]},{\"@type\":\"ImageObject\",\"inLanguage\":\"fr-FR\",\"@id\":\"https:\\\/\\\/www.organisator.ch\\\/management\\\/2019-10-29\\\/erfolgs-impuls-ihre-falschen-prioritaeten-und-die-fatalen-folgen\\\/#primaryimage\",\"url\":\"https:\\\/\\\/www.organisator.ch\\\/wp-content\\\/uploads\\\/2019\\\/10\\\/Erfolgs-Impuls-Ihre-falschen-Prioritaeten-und-die-fatalen-Folgen_Organisator.jpg\",\"contentUrl\":\"https:\\\/\\\/www.organisator.ch\\\/wp-content\\\/uploads\\\/2019\\\/10\\\/Erfolgs-Impuls-Ihre-falschen-Prioritaeten-und-die-fatalen-Folgen_Organisator.jpg\",\"width\":680,\"height\":453,\"caption\":\"Zeitdruck, Dringendes, Wichtiges: Das Unterbewusstsein ist es, welches unsere Priorit\u00e4ten steuert. (Bild: Pixabay.com)\"},{\"@type\":\"BreadcrumbList\",\"@id\":\"https:\\\/\\\/www.organisator.ch\\\/management\\\/2019-10-29\\\/erfolgs-impuls-ihre-falschen-prioritaeten-und-die-fatalen-folgen\\\/#breadcrumb\",\"itemListElement\":[{\"@type\":\"ListItem\",\"position\":1,\"name\":\"Home\",\"item\":\"https:\\\/\\\/www.organisator.ch\\\/\"},{\"@type\":\"ListItem\",\"position\":2,\"name\":\"Erfolgs-Impuls: Ihre falschen Priorit\u00e4ten (und die fatalen Folgen)\"}]},{\"@type\":\"WebSite\",\"@id\":\"https:\\\/\\\/www.organisator.ch\\\/#website\",\"url\":\"https:\\\/\\\/www.organisator.ch\\\/\",\"name\":\"Organisator\",\"description\":\"Kompetent. Praxisnah. Der ORGANISATOR bereitet in 10 Ausgaben pro Jahr die wesentlichen Themen f\u00fcr F\u00fchrungskr\u00e4fte von KMU auf.\",\"publisher\":{\"@id\":\"https:\\\/\\\/www.organisator.ch\\\/#organization\"},\"potentialAction\":[{\"@type\":\"SearchAction\",\"target\":{\"@type\":\"EntryPoint\",\"urlTemplate\":\"https:\\\/\\\/www.organisator.ch\\\/?s={search_term_string}\"},\"query-input\":{\"@type\":\"PropertyValueSpecification\",\"valueRequired\":true,\"valueName\":\"search_term_string\"}}],\"inLanguage\":\"fr-FR\"},{\"@type\":\"Organization\",\"@id\":\"https:\\\/\\\/www.organisator.ch\\\/#organization\",\"name\":\"Organisator\",\"url\":\"https:\\\/\\\/www.organisator.ch\\\/\",\"logo\":{\"@type\":\"ImageObject\",\"inLanguage\":\"fr-FR\",\"@id\":\"https:\\\/\\\/www.organisator.ch\\\/#\\\/schema\\\/logo\\\/image\\\/\",\"url\":\"https:\\\/\\\/www.organisator.ch\\\/wp-content\\\/uploads\\\/2022\\\/01\\\/Logo_Organisator_Website.png\",\"contentUrl\":\"https:\\\/\\\/www.organisator.ch\\\/wp-content\\\/uploads\\\/2022\\\/01\\\/Logo_Organisator_Website.png\",\"width\":800,\"height\":77,\"caption\":\"Organisator\"},\"image\":{\"@id\":\"https:\\\/\\\/www.organisator.ch\\\/#\\\/schema\\\/logo\\\/image\\\/\"},\"sameAs\":[\"https:\\\/\\\/www.facebook.com\\\/OrganisatorFachmagazin\",\"https:\\\/\\\/www.linkedin.com\\\/showcase\\\/organisator-das-magazin-fr-kmu\",\"https:\\\/\\\/www.xing.com\\\/news\\\/pages\\\/organisator-ch-695\",\"https:\\\/\\\/www.youtube.com\\\/channel\\\/UCGP2Sq0iWaZwT3BdIAQFYpw\"]},{\"@type\":\"Person\",\"@id\":\"https:\\\/\\\/www.organisator.ch\\\/#\\\/schema\\\/person\\\/6f650f90b2842cd4c0cc334b4e36f67e\",\"name\":\"thomas.berner\",\"image\":{\"@type\":\"ImageObject\",\"inLanguage\":\"fr-FR\",\"@id\":\"https:\\\/\\\/secure.gravatar.com\\\/avatar\\\/ac5001d2a36cb6c6cd3e50789007ffca834b477b74a2144564522e944eabff61?s=96&d=mm&r=g\",\"url\":\"https:\\\/\\\/secure.gravatar.com\\\/avatar\\\/ac5001d2a36cb6c6cd3e50789007ffca834b477b74a2144564522e944eabff61?s=96&d=mm&r=g\",\"contentUrl\":\"https:\\\/\\\/secure.gravatar.com\\\/avatar\\\/ac5001d2a36cb6c6cd3e50789007ffca834b477b74a2144564522e944eabff61?s=96&d=mm&r=g\",\"caption\":\"thomas.berner\"},\"url\":\"https:\\\/\\\/www.organisator.ch\\\/fr\\\/author\\\/thomas-berner\\\/\"}]}<\/script>\n<!-- \/ Yoast SEO plugin. -->","yoast_head_json":{"title":"L'impulsion du succ\u00e8s : vos mauvaises priorit\u00e9s (et les cons\u00e9quences fatales) - Organisateur","description":"Est-ce que vous et votre \u00e9quipe ma\u00eetrisez parfaitement les priorit\u00e9s, toujours et \u00e0 tout moment ? Obtenez-vous toujours ce que vous voulez ? Alors vous n'avez pas besoin de lire la suite.","robots":{"index":"index","follow":"follow","max-snippet":"max-snippet:-1","max-image-preview":"max-image-preview:large","max-video-preview":"max-video-preview:-1"},"canonical":"https:\/\/www.organisator.ch\/fr\/gestion-2\/2019-10-29\/erfolgs-impuls-ihre-falschen-prioritaeten-und-die-fatalen-folgen\/","og_locale":"fr_FR","og_type":"article","og_title":"Erfolgs-Impuls: Ihre falschen Priorit\u00e4ten (und die fatalen Folgen)","og_description":"Haben Sie und Ihr Team immer und jederzeit die Priorit\u00e4ten voll im Griff? Erreichen Sie immer das, was Sie wollen? Dann brauchen Sie nicht weiterlesen.","og_url":"https:\/\/www.organisator.ch\/fr\/gestion-2\/2019-10-29\/erfolgs-impuls-ihre-falschen-prioritaeten-und-die-fatalen-folgen\/","og_site_name":"Organisator","article_publisher":"https:\/\/www.facebook.com\/OrganisatorFachmagazin","article_published_time":"2019-10-29T08:31:39+00:00","author":"thomas.berner","twitter_card":"summary_large_image","twitter_title":"#Erfolgs-Impuls: Ihre falschen #Priorit\u00e4ten (und die fatalen Folgen)","twitter_description":"Haben Sie und Ihr Team immer und jederzeit die #Priorit\u00e4ten voll im Griff? Erreichen Sie immer das, was Sie wollen? Dann brauchen Sie nicht weiterlesen.","schema":{"@context":"https:\/\/schema.org","@graph":[{"@type":"Article","@id":"https:\/\/www.organisator.ch\/management\/2019-10-29\/erfolgs-impuls-ihre-falschen-prioritaeten-und-die-fatalen-folgen\/#article","isPartOf":{"@id":"https:\/\/www.organisator.ch\/management\/2019-10-29\/erfolgs-impuls-ihre-falschen-prioritaeten-und-die-fatalen-folgen\/"},"author":{"name":"thomas.berner","@id":"https:\/\/www.organisator.ch\/#\/schema\/person\/6f650f90b2842cd4c0cc334b4e36f67e"},"headline":"Erfolgs-Impuls: Ihre falschen Priorit\u00e4ten (und die fatalen Folgen)","datePublished":"2019-10-29T08:31:39+00:00","mainEntityOfPage":{"@id":"https:\/\/www.organisator.ch\/management\/2019-10-29\/erfolgs-impuls-ihre-falschen-prioritaeten-und-die-fatalen-folgen\/"},"wordCount":455,"publisher":{"@id":"https:\/\/www.organisator.ch\/#organization"},"image":{"@id":"https:\/\/www.organisator.ch\/management\/2019-10-29\/erfolgs-impuls-ihre-falschen-prioritaeten-und-die-fatalen-folgen\/#primaryimage"},"thumbnailUrl":"https:\/\/www.organisator.ch\/wp-content\/uploads\/2019\/10\/Erfolgs-Impuls-Ihre-falschen-Prioritaeten-und-die-fatalen-Folgen_Organisator.jpg","keywords":["Erfolgs-Impuls","Fit im Job","Management und Unternehmensf\u00fchrung","Selbstmanagement"],"articleSection":["MANAGEMENT"],"inLanguage":"fr-FR"},{"@type":"WebPage","@id":"https:\/\/www.organisator.ch\/management\/2019-10-29\/erfolgs-impuls-ihre-falschen-prioritaeten-und-die-fatalen-folgen\/","url":"https:\/\/www.organisator.ch\/management\/2019-10-29\/erfolgs-impuls-ihre-falschen-prioritaeten-und-die-fatalen-folgen\/","name":"L'impulsion du succ\u00e8s : vos mauvaises priorit\u00e9s (et les cons\u00e9quences fatales) - Organisateur","isPartOf":{"@id":"https:\/\/www.organisator.ch\/#website"},"primaryImageOfPage":{"@id":"https:\/\/www.organisator.ch\/management\/2019-10-29\/erfolgs-impuls-ihre-falschen-prioritaeten-und-die-fatalen-folgen\/#primaryimage"},"image":{"@id":"https:\/\/www.organisator.ch\/management\/2019-10-29\/erfolgs-impuls-ihre-falschen-prioritaeten-und-die-fatalen-folgen\/#primaryimage"},"thumbnailUrl":"https:\/\/www.organisator.ch\/wp-content\/uploads\/2019\/10\/Erfolgs-Impuls-Ihre-falschen-Prioritaeten-und-die-fatalen-Folgen_Organisator.jpg","datePublished":"2019-10-29T08:31:39+00:00","description":"Est-ce que vous et votre \u00e9quipe ma\u00eetrisez parfaitement les priorit\u00e9s, toujours et \u00e0 tout moment ? Obtenez-vous toujours ce que vous voulez ? Alors vous n'avez pas besoin de lire la suite.","breadcrumb":{"@id":"https:\/\/www.organisator.ch\/management\/2019-10-29\/erfolgs-impuls-ihre-falschen-prioritaeten-und-die-fatalen-folgen\/#breadcrumb"},"inLanguage":"fr-FR","potentialAction":[{"@type":"ReadAction","target":["https:\/\/www.organisator.ch\/management\/2019-10-29\/erfolgs-impuls-ihre-falschen-prioritaeten-und-die-fatalen-folgen\/"]}]},{"@type":"ImageObject","inLanguage":"fr-FR","@id":"https:\/\/www.organisator.ch\/management\/2019-10-29\/erfolgs-impuls-ihre-falschen-prioritaeten-und-die-fatalen-folgen\/#primaryimage","url":"https:\/\/www.organisator.ch\/wp-content\/uploads\/2019\/10\/Erfolgs-Impuls-Ihre-falschen-Prioritaeten-und-die-fatalen-Folgen_Organisator.jpg","contentUrl":"https:\/\/www.organisator.ch\/wp-content\/uploads\/2019\/10\/Erfolgs-Impuls-Ihre-falschen-Prioritaeten-und-die-fatalen-Folgen_Organisator.jpg","width":680,"height":453,"caption":"Zeitdruck, Dringendes, Wichtiges: Das Unterbewusstsein ist es, welches unsere Priorit\u00e4ten steuert. (Bild: Pixabay.com)"},{"@type":"BreadcrumbList","@id":"https:\/\/www.organisator.ch\/management\/2019-10-29\/erfolgs-impuls-ihre-falschen-prioritaeten-und-die-fatalen-folgen\/#breadcrumb","itemListElement":[{"@type":"ListItem","position":1,"name":"Home","item":"https:\/\/www.organisator.ch\/"},{"@type":"ListItem","position":2,"name":"Erfolgs-Impuls: Ihre falschen Priorit\u00e4ten (und die fatalen Folgen)"}]},{"@type":"WebSite","@id":"https:\/\/www.organisator.ch\/#website","url":"https:\/\/www.organisator.ch\/","name":"Organisateur","description":"Comp\u00e9tence et comp\u00e9tence. Proches de la pratique. L'ORGANISATEUR pr\u00e9pare 10 num\u00e9ros par an sur les th\u00e8mes essentiels pour les dirigeants de PME.","publisher":{"@id":"https:\/\/www.organisator.ch\/#organization"},"potentialAction":[{"@type":"SearchAction","target":{"@type":"EntryPoint","urlTemplate":"https:\/\/www.organisator.ch\/?s={search_term_string}"},"query-input":{"@type":"PropertyValueSpecification","valueRequired":true,"valueName":"search_term_string"}}],"inLanguage":"fr-FR"},{"@type":"Organization","@id":"https:\/\/www.organisator.ch\/#organization","name":"Organisateur","url":"https:\/\/www.organisator.ch\/","logo":{"@type":"ImageObject","inLanguage":"fr-FR","@id":"https:\/\/www.organisator.ch\/#\/schema\/logo\/image\/","url":"https:\/\/www.organisator.ch\/wp-content\/uploads\/2022\/01\/Logo_Organisator_Website.png","contentUrl":"https:\/\/www.organisator.ch\/wp-content\/uploads\/2022\/01\/Logo_Organisator_Website.png","width":800,"height":77,"caption":"Organisator"},"image":{"@id":"https:\/\/www.organisator.ch\/#\/schema\/logo\/image\/"},"sameAs":["https:\/\/www.facebook.com\/OrganisatorFachmagazin","https:\/\/www.linkedin.com\/showcase\/organisator-das-magazin-fr-kmu","https:\/\/www.xing.com\/news\/pages\/organisator-ch-695","https:\/\/www.youtube.com\/channel\/UCGP2Sq0iWaZwT3BdIAQFYpw"]},{"@type":"Person","@id":"https:\/\/www.organisator.ch\/#\/schema\/person\/6f650f90b2842cd4c0cc334b4e36f67e","name":"thomas.berner","image":{"@type":"ImageObject","inLanguage":"fr-FR","@id":"https:\/\/secure.gravatar.com\/avatar\/ac5001d2a36cb6c6cd3e50789007ffca834b477b74a2144564522e944eabff61?s=96&d=mm&r=g","url":"https:\/\/secure.gravatar.com\/avatar\/ac5001d2a36cb6c6cd3e50789007ffca834b477b74a2144564522e944eabff61?s=96&d=mm&r=g","contentUrl":"https:\/\/secure.gravatar.com\/avatar\/ac5001d2a36cb6c6cd3e50789007ffca834b477b74a2144564522e944eabff61?s=96&d=mm&r=g","caption":"thomas.berner"},"url":"https:\/\/www.organisator.ch\/fr\/author\/thomas-berner\/"}]}},"_links":{"self":[{"href":"https:\/\/www.organisator.ch\/fr\/wp-json\/wp\/v2\/posts\/8572","targetHints":{"allow":["GET"]}}],"collection":[{"href":"https:\/\/www.organisator.ch\/fr\/wp-json\/wp\/v2\/posts"}],"about":[{"href":"https:\/\/www.organisator.ch\/fr\/wp-json\/wp\/v2\/types\/post"}],"author":[{"embeddable":true,"href":"https:\/\/www.organisator.ch\/fr\/wp-json\/wp\/v2\/users\/4"}],"replies":[{"embeddable":true,"href":"https:\/\/www.organisator.ch\/fr\/wp-json\/wp\/v2\/comments?post=8572"}],"version-history":[{"count":0,"href":"https:\/\/www.organisator.ch\/fr\/wp-json\/wp\/v2\/posts\/8572\/revisions"}],"wp:featuredmedia":[{"embeddable":true,"href":"https:\/\/www.organisator.ch\/fr\/wp-json\/wp\/v2\/media\/8475"}],"wp:attachment":[{"href":"https:\/\/www.organisator.ch\/fr\/wp-json\/wp\/v2\/media?parent=8572"}],"wp:term":[{"taxonomy":"category","embeddable":true,"href":"https:\/\/www.organisator.ch\/fr\/wp-json\/wp\/v2\/categories?post=8572"},{"taxonomy":"post_tag","embeddable":true,"href":"https:\/\/www.organisator.ch\/fr\/wp-json\/wp\/v2\/tags?post=8572"}],"curies":[{"name":"wp","href":"https:\/\/api.w.org\/{rel}","templated":true}]}}