{"id":8573,"date":"2019-10-30T09:33:07","date_gmt":"2019-10-30T08:33:07","guid":{"rendered":"https:\/\/www.organisator.ch\/?p=5966"},"modified":"2019-10-30T09:33:07","modified_gmt":"2019-10-30T08:33:07","slug":"vorhersagen-zur-it-sicherheit-im-jahr-2020","status":"publish","type":"post","link":"https:\/\/www.organisator.ch\/fr\/management\/it\/2019-10-30\/vorhersagen-zur-it-sicherheit-im-jahr-2020\/","title":{"rendered":"Pr\u00e9visions pour la s\u00e9curit\u00e9 informatique en 2020"},"content":{"rendered":"<figure id=\"attachment_5967\" aria-describedby=\"caption-attachment-5967\" style=\"width: 680px\" class=\"wp-caption alignnone\"><img loading=\"lazy\" decoding=\"async\" class=\"size-medium wp-image-5967\" src=\"https:\/\/www.organisator.ch\/wp-content\/uploads\/2019\/10\/Vorhersagen-zur-IT-Sicherheit-im-Jahr-2020_Organisator.jpg\" alt=\"\" width=\"680\" height=\"383\" \/><figcaption id=\"caption-attachment-5967\" class=\"wp-caption-text\">La s\u00e9curit\u00e9 informatique en 2020 : quelles sont les tendances ? (Image : Pixabay.com)<\/figcaption><\/figure>\n<p>Les \u00e9volutions de la s\u00e9curit\u00e9 au cours des derni\u00e8res ann\u00e9es permettent de tirer des conclusions sur ce qui se passera probablement dans les douze prochains mois en mati\u00e8re de cybers\u00e9curit\u00e9. Voici les principales tendances en mati\u00e8re de s\u00e9curit\u00e9 informatique pour 2020, les <a href=\"http:\/\/www.checkpoint.com\">Point de contr\u00f4le<\/a> attendus.<\/p>\n<h2>Pr\u00e9visions technologiques pour 2020<\/h2>\n<ol>\n<li><strong>Ransomware cibl\u00e9<\/strong> - En 2019, les attaques de ransomware ont \u00e9t\u00e9 cibl\u00e9es contre les entreprises, les autorit\u00e9s locales et les \u00e9tablissements de sant\u00e9. Les attaquants passent beaucoup de temps \u00e0 collecter des informations sur leurs victimes afin de s'assurer qu'ils peuvent causer un maximum de dommages. Le montant des ran\u00e7ons demand\u00e9es est en cons\u00e9quence pouss\u00e9 \u00e0 la hausse. Les attaques sont devenues si efficaces que m\u00eame le FBI a adouci sa position sur le paiement des ran\u00e7ons : L'autorit\u00e9 reconna\u00eet d\u00e9sormais que dans certains cas, les entreprises concern\u00e9es doivent envisager de payer pour prot\u00e9ger leurs actionnaires, leurs employ\u00e9s et leurs clients.<\/li>\n<li><strong>Les attaques de phishing d\u00e9passent le cadre du courrier \u00e9lectronique<\/strong> - Si le courrier \u00e9lectronique reste le vecteur d'attaque num\u00e9ro un, les cybercriminels utilisent \u00e9galement une multitude d'autres m\u00e9thodes pour voler des donn\u00e9es personnelles, des informations de connexion ou m\u00eame de l'argent \u00e0 leurs victimes. Le phishing comprend de plus en plus d'attaques par SMS sur les t\u00e9l\u00e9phones portables ou l'utilisation de solutions de messagerie sur les m\u00e9dias sociaux et les plateformes de jeux.<\/li>\n<li><strong>Les attaques de maliciels mobiles s'intensifient<\/strong> - Au premier semestre 2019, les attaques de malwares bancaires mobiles ont augment\u00e9 de 50 % par rapport \u00e0 2018. De tels logiciels malveillants peuvent voler des donn\u00e9es de paiement, des informations d'acc\u00e8s et des fonds sur les comptes bancaires des victimes. De nouvelles versions sont m\u00eame disponibles sur le Dark Net pour \u00eatre diffus\u00e9es par quiconque est pr\u00eat \u00e0 payer les d\u00e9veloppeurs du malware - \u00e0 la mani\u00e8re d'un processus de franchise. Les attaques de phishing deviennent \u00e9galement plus sophistiqu\u00e9es, plus efficaces et incitent les utilisateurs mobiles \u00e0 cliquer sur des liens web malveillants.<\/li>\n<li><strong>L'essor de la cyber-assurance<\/strong> - Davantage de cyber-assurances sont souscrites par les entreprises et les institutions publiques. Les compagnies d'assurance continueront \u00e0 inciter leurs assur\u00e9s \u00e0 payer des ran\u00e7ons, car cela peut \u00eatre moins cher que le co\u00fbt de la restauration des syst\u00e8mes apr\u00e8s une attaque. Cela entra\u00eenera \u00e0 son tour une augmentation des attaques d'une part et une croissance rapide du secteur de la cyberassurance d'autre part.<\/li>\n<li><strong>Plus d'appareils IoT entra\u00eenent plus de risques<\/strong> - Avec le d\u00e9veloppement des r\u00e9seaux 5G, le d\u00e9ploiement des appareils IoT va s'acc\u00e9l\u00e9rer de mani\u00e8re drastique, mais en m\u00eame temps, la vuln\u00e9rabilit\u00e9 des r\u00e9seaux aux cyber-attaques multi-vectorielles \u00e0 grande \u00e9chelle de Gen V va augmenter massivement. Les appareils IoT et leurs connexions aux centres de donn\u00e9es et aux nuages restent un point faible en mati\u00e8re de s\u00e9curit\u00e9 : il est difficile d'avoir une vue d'ensemble de tous les appareils connect\u00e9s. En outre, leur s\u00e9curisation est tr\u00e8s complexe. Toutes les entreprises doivent d\u00e9velopper une approche plus globale de la s\u00e9curit\u00e9 de l'IdO, qui combine les contr\u00f4les traditionnels et modernes. Ce n'est qu'alors que ces r\u00e9seaux en croissance constante pourront \u00eatre prot\u00e9g\u00e9s dans tous les secteurs et domaines d'activit\u00e9.<\/li>\n<li><strong>Plus de donn\u00e9es personnelles \u00e0 cause de la 5G<\/strong> - Les bandes passantes que permet la 5G vont d\u00e9clencher une explosion d'appareils et de capteurs connect\u00e9s. Les applications dites de eHealth collectent des donn\u00e9es sur le bien-\u00eatre des utilisateurs, les services automobiles en r\u00e9seau surveillent les d\u00e9placements des utilisateurs. Les programmes de villes intelligentes collectent en outre des informations sur la mani\u00e8re dont les citoyens vivent. Ce volume sans cesse croissant de donn\u00e9es personnelles doit \u00eatre prot\u00e9g\u00e9 contre les violations et les vols.<\/li>\n<li><strong>L'IA va acc\u00e9l\u00e9rer les r\u00e9ponses en mati\u00e8re de s\u00e9curit\u00e9<\/strong> - La plupart des solutions de s\u00e9curit\u00e9 sont bas\u00e9es sur des mod\u00e8les de d\u00e9tection, con\u00e7us selon la logique humaine. Pour les pr\u00e9parer aux derni\u00e8res menaces et les maintenir \u00e0 la pointe des technologies et des appareils, il faut une intelligence artificielle (IA). L'IA acc\u00e9l\u00e8re consid\u00e9rablement l'identification des nouvelles menaces et la r\u00e9action \u00e0 celles-ci. Elle permet \u00e9galement de bloquer les attaques avant qu'elles ne se propagent. Cependant, les cybercriminels commencent \u00e9galement \u00e0 utiliser les m\u00eames techniques pour rechercher efficacement les vuln\u00e9rabilit\u00e9s des r\u00e9seaux et d\u00e9velopper des logiciels malveillants adapt\u00e9s.<\/li>\n<li><strong>Des solutions de s\u00e9curit\u00e9 \u00e0 la vitesse des \u00e9quipes DevOps<\/strong> - Les entreprises ex\u00e9cutent d\u00e9j\u00e0 une grande partie de leurs charges de travail dans le cloud, mais le niveau de connaissance en mati\u00e8re de s\u00e9curisation du cloud reste faible. Le principe de la responsabilit\u00e9 partag\u00e9e n'a pas encore \u00e9t\u00e9 pleinement int\u00e9gr\u00e9 dans la conscience des responsables. Les solutions de s\u00e9curit\u00e9 doivent \u00e9voluer vers de nouvelles architectures flexibles, bas\u00e9es sur le cloud, qui offrent une protection \u00e9volutive \u00e0 la vitesse des \u00e9quipes DevOps.<\/li>\n<li><strong>Les entreprises repensent leur approche du cloud<\/strong> - En raison de la d\u00e9pendance croissante \u00e0 l'\u00e9gard des infrastructures de cloud public, les entreprises sont expos\u00e9es au risque de pannes. La perturbation du fonctionnement de Google Cloud en mars 2019 sert d'exemple. Les entreprises examineront leurs concepts de centres de donn\u00e9es et de cloud existants et envisageront des environnements hybrides compos\u00e9s de clouds priv\u00e9s et publics et de centres de donn\u00e9es.<\/li>\n<\/ol>\n<h2>Conclusion pour la s\u00e9curit\u00e9 informatique en 2020<\/h2>\n<p>Personne ne peut vraiment se projeter dans l'avenir et pr\u00e9dire quelles menaces de s\u00e9curit\u00e9 seront importantes en 2020 ou quels th\u00e8mes seront importants. Mais il est possible d'\u00e9valuer les probabilit\u00e9s et il est certain que le monde largement interconnect\u00e9 d'aujourd'hui cr\u00e9e davantage de possibilit\u00e9s pour les cybercriminels et que chaque environnement informatique devient une cible potentielle : r\u00e9seaux locaux, appareils en nuage, mobiles et IoT. Rien n'est inviolable. Les entreprises et les utilisateurs doivent donc s'armer. Une aide consiste \u00e0 prendre en compte les informations avanc\u00e9es d\u00e9j\u00e0 connues sur les menaces afin de pouvoir construire des architectures de s\u00e9curit\u00e9 uniformes. Cela permet aux entreprises de toutes tailles de se prot\u00e9ger contre les nouvelles attaques, d'automatiser autant que possible la d\u00e9fense, de se sp\u00e9cialiser et d'envisager plus sereinement les dangers que la nouvelle ann\u00e9e leur r\u00e9serve.<\/p>\n<p><em>Auteur :<br \/>\nSonja Meindl est Check Point Country Manager Suisse et Autriche.<br \/>\n<\/em><\/p>","protected":false},"excerpt":{"rendered":"<p>Aus den Sicherheitsentwicklungen der letzten Jahre lassen sich R\u00fcckschl\u00fcsse dar\u00fcber ziehen, was in den n\u00e4chsten zw\u00f6lf Monaten in der Cybersicherheit wahrscheinlich passieren wird. Hier sind die wichtigsten Trends zur IT-Sicherheit im Jahr 2020, die Check Point erwartet. Technologische Vorhersagen f\u00fcr 2020 Gezielte Ransomware \u2013 2019 wurden Ransomware-Angriffe gezielt gegen Unternehmen, lokale Beh\u00f6rden und Gesundheitseinrichtungen eingesetzt. [&hellip;]<\/p>\n","protected":false},"author":4,"featured_media":8476,"comment_status":"closed","ping_status":"closed","sticky":false,"template":"","format":"standard","meta":{"_acf_changed":false,"_yoast_wpseo_focuskw":"IT-Sicherheit im Jahr 2020","_yoast_wpseo_metadesc":"Fachpersonen sind sich einig: der IT-Sicherheit im Jahr 2020 wird erneut viel Aufmerksamkeit zukommen m\u00fcssen. Eine Expertin gibt erste Prognosen ab.","articlekey":"","footnotes":""},"categories":[27],"tags":[142,260,286],"class_list":["post-8573","post","type-post","status-publish","format-standard","has-post-thumbnail","hentry","category-it","tag-cyber-crime","tag-ict-sicherheit","tag-it"],"acf":[],"yoast_head":"<!-- This site is optimized with the Yoast SEO plugin v27.5 - https:\/\/yoast.com\/product\/yoast-seo-wordpress\/ -->\n<title>Vorhersagen zur IT-Sicherheit im Jahr 2020 - Organisator<\/title>\n<meta name=\"description\" content=\"Fachpersonen sind sich einig: der IT-Sicherheit im Jahr 2020 wird erneut viel Aufmerksamkeit zukommen m\u00fcssen. Eine Expertin gibt erste Prognosen ab.\" \/>\n<meta name=\"robots\" content=\"index, follow, max-snippet:-1, max-image-preview:large, max-video-preview:-1\" \/>\n<link rel=\"canonical\" href=\"https:\/\/www.organisator.ch\/fr\/gestion-2\/it\/2019-10-30\/vorhersagen-zur-it-sicherheit-im-jahr-2020\/\" \/>\n<meta property=\"og:locale\" content=\"fr_FR\" \/>\n<meta property=\"og:type\" content=\"article\" \/>\n<meta property=\"og:title\" content=\"Vorhersagen zur IT-Sicherheit im Jahr 2020\" \/>\n<meta property=\"og:description\" content=\"Fachpersonen sind sich einig: der IT-Sicherheit im Jahr 2020 wird erneut viel Aufmerksamkeit zukommen m\u00fcssen. Eine Expertin gibt erste Prognosen ab.\" \/>\n<meta property=\"og:url\" content=\"https:\/\/www.organisator.ch\/fr\/gestion-2\/it\/2019-10-30\/vorhersagen-zur-it-sicherheit-im-jahr-2020\/\" \/>\n<meta property=\"og:site_name\" content=\"Organisator\" \/>\n<meta property=\"article:publisher\" content=\"https:\/\/www.facebook.com\/OrganisatorFachmagazin\" \/>\n<meta property=\"article:published_time\" content=\"2019-10-30T08:33:07+00:00\" \/>\n<meta name=\"author\" content=\"thomas.berner\" \/>\n<meta name=\"twitter:card\" content=\"summary_large_image\" \/>\n<meta name=\"twitter:title\" content=\"Vorhersagen zur #IT-Sicherheit im Jahr 2020\" \/>\n<meta name=\"twitter:description\" content=\"Fachpersonen sind sich einig: der #IT-Sicherheit im Jahr 2020 wird erneut viel Aufmerksamkeit zukommen m\u00fcssen. Eine Expertin gibt erste #Prognosen ab.\" \/>\n<script type=\"application\/ld+json\" class=\"yoast-schema-graph\">{\"@context\":\"https:\\\/\\\/schema.org\",\"@graph\":[{\"@type\":\"Article\",\"@id\":\"https:\\\/\\\/www.organisator.ch\\\/management\\\/it\\\/2019-10-30\\\/vorhersagen-zur-it-sicherheit-im-jahr-2020\\\/#article\",\"isPartOf\":{\"@id\":\"https:\\\/\\\/www.organisator.ch\\\/management\\\/it\\\/2019-10-30\\\/vorhersagen-zur-it-sicherheit-im-jahr-2020\\\/\"},\"author\":{\"name\":\"thomas.berner\",\"@id\":\"https:\\\/\\\/www.organisator.ch\\\/#\\\/schema\\\/person\\\/6f650f90b2842cd4c0cc334b4e36f67e\"},\"headline\":\"Vorhersagen zur IT-Sicherheit im Jahr 2020\",\"datePublished\":\"2019-10-30T08:33:07+00:00\",\"mainEntityOfPage\":{\"@id\":\"https:\\\/\\\/www.organisator.ch\\\/management\\\/it\\\/2019-10-30\\\/vorhersagen-zur-it-sicherheit-im-jahr-2020\\\/\"},\"wordCount\":872,\"publisher\":{\"@id\":\"https:\\\/\\\/www.organisator.ch\\\/#organization\"},\"image\":{\"@id\":\"https:\\\/\\\/www.organisator.ch\\\/management\\\/it\\\/2019-10-30\\\/vorhersagen-zur-it-sicherheit-im-jahr-2020\\\/#primaryimage\"},\"thumbnailUrl\":\"https:\\\/\\\/www.organisator.ch\\\/wp-content\\\/uploads\\\/2019\\\/10\\\/Vorhersagen-zur-IT-Sicherheit-im-Jahr-2020_Organisator.jpg\",\"keywords\":[\"Cyber-Crime\",\"ICT-Sicherheit\",\"IT\"],\"articleSection\":[\"IT\"],\"inLanguage\":\"fr-FR\"},{\"@type\":\"WebPage\",\"@id\":\"https:\\\/\\\/www.organisator.ch\\\/management\\\/it\\\/2019-10-30\\\/vorhersagen-zur-it-sicherheit-im-jahr-2020\\\/\",\"url\":\"https:\\\/\\\/www.organisator.ch\\\/management\\\/it\\\/2019-10-30\\\/vorhersagen-zur-it-sicherheit-im-jahr-2020\\\/\",\"name\":\"Vorhersagen zur IT-Sicherheit im Jahr 2020 - Organisator\",\"isPartOf\":{\"@id\":\"https:\\\/\\\/www.organisator.ch\\\/#website\"},\"primaryImageOfPage\":{\"@id\":\"https:\\\/\\\/www.organisator.ch\\\/management\\\/it\\\/2019-10-30\\\/vorhersagen-zur-it-sicherheit-im-jahr-2020\\\/#primaryimage\"},\"image\":{\"@id\":\"https:\\\/\\\/www.organisator.ch\\\/management\\\/it\\\/2019-10-30\\\/vorhersagen-zur-it-sicherheit-im-jahr-2020\\\/#primaryimage\"},\"thumbnailUrl\":\"https:\\\/\\\/www.organisator.ch\\\/wp-content\\\/uploads\\\/2019\\\/10\\\/Vorhersagen-zur-IT-Sicherheit-im-Jahr-2020_Organisator.jpg\",\"datePublished\":\"2019-10-30T08:33:07+00:00\",\"description\":\"Fachpersonen sind sich einig: der IT-Sicherheit im Jahr 2020 wird erneut viel Aufmerksamkeit zukommen m\u00fcssen. Eine Expertin gibt erste Prognosen ab.\",\"breadcrumb\":{\"@id\":\"https:\\\/\\\/www.organisator.ch\\\/management\\\/it\\\/2019-10-30\\\/vorhersagen-zur-it-sicherheit-im-jahr-2020\\\/#breadcrumb\"},\"inLanguage\":\"fr-FR\",\"potentialAction\":[{\"@type\":\"ReadAction\",\"target\":[\"https:\\\/\\\/www.organisator.ch\\\/management\\\/it\\\/2019-10-30\\\/vorhersagen-zur-it-sicherheit-im-jahr-2020\\\/\"]}]},{\"@type\":\"ImageObject\",\"inLanguage\":\"fr-FR\",\"@id\":\"https:\\\/\\\/www.organisator.ch\\\/management\\\/it\\\/2019-10-30\\\/vorhersagen-zur-it-sicherheit-im-jahr-2020\\\/#primaryimage\",\"url\":\"https:\\\/\\\/www.organisator.ch\\\/wp-content\\\/uploads\\\/2019\\\/10\\\/Vorhersagen-zur-IT-Sicherheit-im-Jahr-2020_Organisator.jpg\",\"contentUrl\":\"https:\\\/\\\/www.organisator.ch\\\/wp-content\\\/uploads\\\/2019\\\/10\\\/Vorhersagen-zur-IT-Sicherheit-im-Jahr-2020_Organisator.jpg\",\"width\":680,\"height\":383,\"caption\":\"IT-Sicherheit im Jahr 2020: Welche Trends stehen im Vordergrund? (Bild: Pixabay.com)\"},{\"@type\":\"BreadcrumbList\",\"@id\":\"https:\\\/\\\/www.organisator.ch\\\/management\\\/it\\\/2019-10-30\\\/vorhersagen-zur-it-sicherheit-im-jahr-2020\\\/#breadcrumb\",\"itemListElement\":[{\"@type\":\"ListItem\",\"position\":1,\"name\":\"Home\",\"item\":\"https:\\\/\\\/www.organisator.ch\\\/\"},{\"@type\":\"ListItem\",\"position\":2,\"name\":\"Vorhersagen zur IT-Sicherheit im Jahr 2020\"}]},{\"@type\":\"WebSite\",\"@id\":\"https:\\\/\\\/www.organisator.ch\\\/#website\",\"url\":\"https:\\\/\\\/www.organisator.ch\\\/\",\"name\":\"Organisator\",\"description\":\"Kompetent. Praxisnah. Der ORGANISATOR bereitet in 10 Ausgaben pro Jahr die wesentlichen Themen f\u00fcr F\u00fchrungskr\u00e4fte von KMU auf.\",\"publisher\":{\"@id\":\"https:\\\/\\\/www.organisator.ch\\\/#organization\"},\"potentialAction\":[{\"@type\":\"SearchAction\",\"target\":{\"@type\":\"EntryPoint\",\"urlTemplate\":\"https:\\\/\\\/www.organisator.ch\\\/?s={search_term_string}\"},\"query-input\":{\"@type\":\"PropertyValueSpecification\",\"valueRequired\":true,\"valueName\":\"search_term_string\"}}],\"inLanguage\":\"fr-FR\"},{\"@type\":\"Organization\",\"@id\":\"https:\\\/\\\/www.organisator.ch\\\/#organization\",\"name\":\"Organisator\",\"url\":\"https:\\\/\\\/www.organisator.ch\\\/\",\"logo\":{\"@type\":\"ImageObject\",\"inLanguage\":\"fr-FR\",\"@id\":\"https:\\\/\\\/www.organisator.ch\\\/#\\\/schema\\\/logo\\\/image\\\/\",\"url\":\"https:\\\/\\\/www.organisator.ch\\\/wp-content\\\/uploads\\\/2022\\\/01\\\/Logo_Organisator_Website.png\",\"contentUrl\":\"https:\\\/\\\/www.organisator.ch\\\/wp-content\\\/uploads\\\/2022\\\/01\\\/Logo_Organisator_Website.png\",\"width\":800,\"height\":77,\"caption\":\"Organisator\"},\"image\":{\"@id\":\"https:\\\/\\\/www.organisator.ch\\\/#\\\/schema\\\/logo\\\/image\\\/\"},\"sameAs\":[\"https:\\\/\\\/www.facebook.com\\\/OrganisatorFachmagazin\",\"https:\\\/\\\/www.linkedin.com\\\/showcase\\\/organisator-das-magazin-fr-kmu\",\"https:\\\/\\\/www.xing.com\\\/news\\\/pages\\\/organisator-ch-695\",\"https:\\\/\\\/www.youtube.com\\\/channel\\\/UCGP2Sq0iWaZwT3BdIAQFYpw\"]},{\"@type\":\"Person\",\"@id\":\"https:\\\/\\\/www.organisator.ch\\\/#\\\/schema\\\/person\\\/6f650f90b2842cd4c0cc334b4e36f67e\",\"name\":\"thomas.berner\",\"image\":{\"@type\":\"ImageObject\",\"inLanguage\":\"fr-FR\",\"@id\":\"https:\\\/\\\/secure.gravatar.com\\\/avatar\\\/ac5001d2a36cb6c6cd3e50789007ffca834b477b74a2144564522e944eabff61?s=96&d=mm&r=g\",\"url\":\"https:\\\/\\\/secure.gravatar.com\\\/avatar\\\/ac5001d2a36cb6c6cd3e50789007ffca834b477b74a2144564522e944eabff61?s=96&d=mm&r=g\",\"contentUrl\":\"https:\\\/\\\/secure.gravatar.com\\\/avatar\\\/ac5001d2a36cb6c6cd3e50789007ffca834b477b74a2144564522e944eabff61?s=96&d=mm&r=g\",\"caption\":\"thomas.berner\"},\"url\":\"https:\\\/\\\/www.organisator.ch\\\/fr\\\/author\\\/thomas-berner\\\/\"}]}<\/script>\n<!-- \/ Yoast SEO plugin. -->","yoast_head_json":{"title":"Pr\u00e9visions en mati\u00e8re de s\u00e9curit\u00e9 informatique pour 2020 - Organisateur","description":"Les sp\u00e9cialistes sont unanimes : la s\u00e9curit\u00e9 informatique en 2020 devra \u00e0 nouveau faire l'objet de beaucoup d'attention. Une experte donne ses premiers pronostics.","robots":{"index":"index","follow":"follow","max-snippet":"max-snippet:-1","max-image-preview":"max-image-preview:large","max-video-preview":"max-video-preview:-1"},"canonical":"https:\/\/www.organisator.ch\/fr\/gestion-2\/it\/2019-10-30\/vorhersagen-zur-it-sicherheit-im-jahr-2020\/","og_locale":"fr_FR","og_type":"article","og_title":"Vorhersagen zur IT-Sicherheit im Jahr 2020","og_description":"Fachpersonen sind sich einig: der IT-Sicherheit im Jahr 2020 wird erneut viel Aufmerksamkeit zukommen m\u00fcssen. Eine Expertin gibt erste Prognosen ab.","og_url":"https:\/\/www.organisator.ch\/fr\/gestion-2\/it\/2019-10-30\/vorhersagen-zur-it-sicherheit-im-jahr-2020\/","og_site_name":"Organisator","article_publisher":"https:\/\/www.facebook.com\/OrganisatorFachmagazin","article_published_time":"2019-10-30T08:33:07+00:00","author":"thomas.berner","twitter_card":"summary_large_image","twitter_title":"Vorhersagen zur #IT-Sicherheit im Jahr 2020","twitter_description":"Fachpersonen sind sich einig: der #IT-Sicherheit im Jahr 2020 wird erneut viel Aufmerksamkeit zukommen m\u00fcssen. Eine Expertin gibt erste #Prognosen ab.","schema":{"@context":"https:\/\/schema.org","@graph":[{"@type":"Article","@id":"https:\/\/www.organisator.ch\/management\/it\/2019-10-30\/vorhersagen-zur-it-sicherheit-im-jahr-2020\/#article","isPartOf":{"@id":"https:\/\/www.organisator.ch\/management\/it\/2019-10-30\/vorhersagen-zur-it-sicherheit-im-jahr-2020\/"},"author":{"name":"thomas.berner","@id":"https:\/\/www.organisator.ch\/#\/schema\/person\/6f650f90b2842cd4c0cc334b4e36f67e"},"headline":"Vorhersagen zur IT-Sicherheit im Jahr 2020","datePublished":"2019-10-30T08:33:07+00:00","mainEntityOfPage":{"@id":"https:\/\/www.organisator.ch\/management\/it\/2019-10-30\/vorhersagen-zur-it-sicherheit-im-jahr-2020\/"},"wordCount":872,"publisher":{"@id":"https:\/\/www.organisator.ch\/#organization"},"image":{"@id":"https:\/\/www.organisator.ch\/management\/it\/2019-10-30\/vorhersagen-zur-it-sicherheit-im-jahr-2020\/#primaryimage"},"thumbnailUrl":"https:\/\/www.organisator.ch\/wp-content\/uploads\/2019\/10\/Vorhersagen-zur-IT-Sicherheit-im-Jahr-2020_Organisator.jpg","keywords":["Cyber-Crime","ICT-Sicherheit","IT"],"articleSection":["IT"],"inLanguage":"fr-FR"},{"@type":"WebPage","@id":"https:\/\/www.organisator.ch\/management\/it\/2019-10-30\/vorhersagen-zur-it-sicherheit-im-jahr-2020\/","url":"https:\/\/www.organisator.ch\/management\/it\/2019-10-30\/vorhersagen-zur-it-sicherheit-im-jahr-2020\/","name":"Pr\u00e9visions en mati\u00e8re de s\u00e9curit\u00e9 informatique pour 2020 - Organisateur","isPartOf":{"@id":"https:\/\/www.organisator.ch\/#website"},"primaryImageOfPage":{"@id":"https:\/\/www.organisator.ch\/management\/it\/2019-10-30\/vorhersagen-zur-it-sicherheit-im-jahr-2020\/#primaryimage"},"image":{"@id":"https:\/\/www.organisator.ch\/management\/it\/2019-10-30\/vorhersagen-zur-it-sicherheit-im-jahr-2020\/#primaryimage"},"thumbnailUrl":"https:\/\/www.organisator.ch\/wp-content\/uploads\/2019\/10\/Vorhersagen-zur-IT-Sicherheit-im-Jahr-2020_Organisator.jpg","datePublished":"2019-10-30T08:33:07+00:00","description":"Les sp\u00e9cialistes sont unanimes : la s\u00e9curit\u00e9 informatique en 2020 devra \u00e0 nouveau faire l'objet de beaucoup d'attention. Une experte donne ses premiers pronostics.","breadcrumb":{"@id":"https:\/\/www.organisator.ch\/management\/it\/2019-10-30\/vorhersagen-zur-it-sicherheit-im-jahr-2020\/#breadcrumb"},"inLanguage":"fr-FR","potentialAction":[{"@type":"ReadAction","target":["https:\/\/www.organisator.ch\/management\/it\/2019-10-30\/vorhersagen-zur-it-sicherheit-im-jahr-2020\/"]}]},{"@type":"ImageObject","inLanguage":"fr-FR","@id":"https:\/\/www.organisator.ch\/management\/it\/2019-10-30\/vorhersagen-zur-it-sicherheit-im-jahr-2020\/#primaryimage","url":"https:\/\/www.organisator.ch\/wp-content\/uploads\/2019\/10\/Vorhersagen-zur-IT-Sicherheit-im-Jahr-2020_Organisator.jpg","contentUrl":"https:\/\/www.organisator.ch\/wp-content\/uploads\/2019\/10\/Vorhersagen-zur-IT-Sicherheit-im-Jahr-2020_Organisator.jpg","width":680,"height":383,"caption":"IT-Sicherheit im Jahr 2020: Welche Trends stehen im Vordergrund? (Bild: Pixabay.com)"},{"@type":"BreadcrumbList","@id":"https:\/\/www.organisator.ch\/management\/it\/2019-10-30\/vorhersagen-zur-it-sicherheit-im-jahr-2020\/#breadcrumb","itemListElement":[{"@type":"ListItem","position":1,"name":"Home","item":"https:\/\/www.organisator.ch\/"},{"@type":"ListItem","position":2,"name":"Vorhersagen zur IT-Sicherheit im Jahr 2020"}]},{"@type":"WebSite","@id":"https:\/\/www.organisator.ch\/#website","url":"https:\/\/www.organisator.ch\/","name":"Organisateur","description":"Comp\u00e9tence et comp\u00e9tence. Proches de la pratique. L'ORGANISATEUR pr\u00e9pare 10 num\u00e9ros par an sur les th\u00e8mes essentiels pour les dirigeants de PME.","publisher":{"@id":"https:\/\/www.organisator.ch\/#organization"},"potentialAction":[{"@type":"SearchAction","target":{"@type":"EntryPoint","urlTemplate":"https:\/\/www.organisator.ch\/?s={search_term_string}"},"query-input":{"@type":"PropertyValueSpecification","valueRequired":true,"valueName":"search_term_string"}}],"inLanguage":"fr-FR"},{"@type":"Organization","@id":"https:\/\/www.organisator.ch\/#organization","name":"Organisateur","url":"https:\/\/www.organisator.ch\/","logo":{"@type":"ImageObject","inLanguage":"fr-FR","@id":"https:\/\/www.organisator.ch\/#\/schema\/logo\/image\/","url":"https:\/\/www.organisator.ch\/wp-content\/uploads\/2022\/01\/Logo_Organisator_Website.png","contentUrl":"https:\/\/www.organisator.ch\/wp-content\/uploads\/2022\/01\/Logo_Organisator_Website.png","width":800,"height":77,"caption":"Organisator"},"image":{"@id":"https:\/\/www.organisator.ch\/#\/schema\/logo\/image\/"},"sameAs":["https:\/\/www.facebook.com\/OrganisatorFachmagazin","https:\/\/www.linkedin.com\/showcase\/organisator-das-magazin-fr-kmu","https:\/\/www.xing.com\/news\/pages\/organisator-ch-695","https:\/\/www.youtube.com\/channel\/UCGP2Sq0iWaZwT3BdIAQFYpw"]},{"@type":"Person","@id":"https:\/\/www.organisator.ch\/#\/schema\/person\/6f650f90b2842cd4c0cc334b4e36f67e","name":"thomas.berner","image":{"@type":"ImageObject","inLanguage":"fr-FR","@id":"https:\/\/secure.gravatar.com\/avatar\/ac5001d2a36cb6c6cd3e50789007ffca834b477b74a2144564522e944eabff61?s=96&d=mm&r=g","url":"https:\/\/secure.gravatar.com\/avatar\/ac5001d2a36cb6c6cd3e50789007ffca834b477b74a2144564522e944eabff61?s=96&d=mm&r=g","contentUrl":"https:\/\/secure.gravatar.com\/avatar\/ac5001d2a36cb6c6cd3e50789007ffca834b477b74a2144564522e944eabff61?s=96&d=mm&r=g","caption":"thomas.berner"},"url":"https:\/\/www.organisator.ch\/fr\/author\/thomas-berner\/"}]}},"_links":{"self":[{"href":"https:\/\/www.organisator.ch\/fr\/wp-json\/wp\/v2\/posts\/8573","targetHints":{"allow":["GET"]}}],"collection":[{"href":"https:\/\/www.organisator.ch\/fr\/wp-json\/wp\/v2\/posts"}],"about":[{"href":"https:\/\/www.organisator.ch\/fr\/wp-json\/wp\/v2\/types\/post"}],"author":[{"embeddable":true,"href":"https:\/\/www.organisator.ch\/fr\/wp-json\/wp\/v2\/users\/4"}],"replies":[{"embeddable":true,"href":"https:\/\/www.organisator.ch\/fr\/wp-json\/wp\/v2\/comments?post=8573"}],"version-history":[{"count":0,"href":"https:\/\/www.organisator.ch\/fr\/wp-json\/wp\/v2\/posts\/8573\/revisions"}],"wp:featuredmedia":[{"embeddable":true,"href":"https:\/\/www.organisator.ch\/fr\/wp-json\/wp\/v2\/media\/8476"}],"wp:attachment":[{"href":"https:\/\/www.organisator.ch\/fr\/wp-json\/wp\/v2\/media?parent=8573"}],"wp:term":[{"taxonomy":"category","embeddable":true,"href":"https:\/\/www.organisator.ch\/fr\/wp-json\/wp\/v2\/categories?post=8573"},{"taxonomy":"post_tag","embeddable":true,"href":"https:\/\/www.organisator.ch\/fr\/wp-json\/wp\/v2\/tags?post=8573"}],"curies":[{"name":"wp","href":"https:\/\/api.w.org\/{rel}","templated":true}]}}