{"id":8577,"date":"2019-11-05T14:19:53","date_gmt":"2019-11-05T13:19:53","guid":{"rendered":"https:\/\/www.organisator.ch\/?p=5981"},"modified":"2019-11-05T14:19:53","modified_gmt":"2019-11-05T13:19:53","slug":"entrepreneur-award-fuer-kleinunternehmen","status":"publish","type":"post","link":"https:\/\/www.organisator.ch\/fr\/allgemein\/2019-11-05\/entrepreneur-award-fuer-kleinunternehmen\/","title":{"rendered":"Prix de l'Entrepreneur pour les petites entreprises"},"content":{"rendered":"<figure id=\"attachment_5982\" aria-describedby=\"caption-attachment-5982\" style=\"width: 680px\" class=\"wp-caption alignnone\"><a href=\"http:\/\/www.business-expo.ch\"><img loading=\"lazy\" decoding=\"async\" class=\"size-medium wp-image-5982\" src=\"https:\/\/www.organisator.ch\/wp-content\/uploads\/2019\/11\/Entrepreneur-Award-fuer-Kleinunternehmen_Organisator.jpg\" alt=\"\" width=\"680\" height=\"340\" \/><\/a><figcaption id=\"caption-attachment-5982\" class=\"wp-caption-text\">Lors de la Business Expo du 7 d\u00e9cembre, un Entrepreneur Award sera d\u00e9cern\u00e9 aux micro-entreprises.<\/figcaption><\/figure>\n<p>Elles constituent la partie dominante - du moins quantitativement - du paysage suisse des PME : les micro et tr\u00e8s petites entreprises de moins de dix collaborateurs. Avec plus de 90%, elles sont<br \/>\nelles constituent la forme la plus courante de PME. C'est \u00e0 elles que la Business Expo, fond\u00e9e et organis\u00e9e par Sandra Liliana Schmid, veut offrir une plateforme le 7 d\u00e9cembre 2019 au Kultur-Park de Zurich.<\/p>\n<h2>Prix de l'entrepreneur pour les micro-entreprises<\/h2>\n<p>Outre un salon avec des ateliers, l'accent sera mis sur la remise d'un Entrepreneur Award. Ce prix doit permettre aux petites entreprises de recevoir gloire, honneur et reconnaissance pour leurs grandes performances et leur travail infatigable. Trente et un entrepreneurs sont nomin\u00e9s, parmi lesquels les dix meilleurs finalistes seront d\u00e9sign\u00e9s par un vote en ligne.<br \/>\nsont s\u00e9lectionn\u00e9s. En outre, un jury examine les diff\u00e9rents nomin\u00e9s et \u00e9tablit une liste s\u00e9par\u00e9e du top 10. Les deux listes du top 10 sont ensuite r\u00e9unies pour donner naissance \u00e0<br \/>\nLe 7 d\u00e9cembre, le vainqueur sera d\u00e9sign\u00e9 parmi les dix premiers.<\/p>\n<h2>Le top 10 des nomin\u00e9s<\/h2>\n<p>Actuellement (5 novembre 2019), les dix entrepreneurs suivants remportent les faveurs du public :<\/p>\n<ul>\n<li>Sale Baschi, Social Suisse, LinkedIn &amp; expert en social selling<\/li>\n<li>Haller Milena, Milena Haller, experte en entr\u00e9e en sc\u00e8ne et chanteuse de chansons<\/li>\n<li>Schmid Elena, Jeunesse pour le Kenya, fondatrice et ambassadrice<\/li>\n<li>Eugster J\u00f6rg, NetBusiness Consulting AG, fondateur, CEO et propri\u00e9taire<\/li>\n<li>Buschor-Frei Mich\u00e8le, Caramba Beneficial GmbH, fondatrice et directrice g\u00e9n\u00e9rale<\/li>\n<li>Ruf Daniel, careerbooster.ch, propri\u00e9taire, expert en candidature et en marketing personnel<\/li>\n<li>Sarah Zanuco, Zanuco Treuhand AG, Propri\u00e9taire g\u00e9rante<\/li>\n<li>Erci Hakan, Threeway AG, directeur et propri\u00e9taire<\/li>\n<li>Thoma Nadja, Nadja Thoma Make-up Artist, propri\u00e9taire<\/li>\n<li>Dietiker Melanie, Monochromel - Agence de design d'int\u00e9rieur \/ MEL Marketing &amp; Kommunikation GmbH, propri\u00e9taire<\/li>\n<\/ul>\n<p>Le site <a href=\"https:\/\/business-expo.ch\/award-2019-nominierte-entrepreneurs\/\">Vote en ligne<\/a> se poursuit jusqu'au 15 novembre 2019 inclus.<\/p>\n<p><em>Plus d'informations : <a href=\"http:\/\/www.business-expo.ch\">www.business-expo.ch<\/a><\/em><\/p>","protected":false},"excerpt":{"rendered":"<p>Sie sind der \u2013 zumindest quantitativ \u2013 dominierende Teil der Schweizer KMU-Landschaft: Die Kleinst- und Mikrounternehmen mit weniger als zehn Mitarbeitenden. Mit \u00fcber 90 Prozent sind sie die h\u00e4ufigste Form der KMU. Ihnen will die Business Expo, gegr\u00fcndet und veranstaltet von Sandra Liliana Schmid, am 7. Dezember 2019 im Kultur-Park Z\u00fcrich eine Plattform geben. Entrepreneur [&hellip;]<\/p>\n","protected":false},"author":4,"featured_media":8480,"comment_status":"closed","ping_status":"closed","sticky":false,"template":"","format":"standard","meta":{"_acf_changed":false,"_yoast_wpseo_focuskw":"Entrepreneur Award","_yoast_wpseo_metadesc":"Um die Arbeit der zahlreichen Kleinst- und Mikrounternehmen in der Schweiz zu w\u00fcrdigen, wurde ein Entrepreneur Award ausgelobt.","articlekey":"","footnotes":""},"categories":[1],"tags":[66,193,492],"class_list":["post-8577","post","type-post","status-publish","format-standard","has-post-thumbnail","hentry","category-allgemein","tag-awards","tag-fachkongressfachmesse","tag-unternehmen"],"acf":[],"yoast_head":"<!-- This site is optimized with the Yoast SEO plugin v27.5 - https:\/\/yoast.com\/product\/yoast-seo-wordpress\/ -->\n<title>Entrepreneur Award f\u00fcr Kleinunternehmen - Organisator<\/title>\n<meta name=\"description\" content=\"Um die Arbeit der zahlreichen Kleinst- und Mikrounternehmen in der Schweiz zu w\u00fcrdigen, wurde ein Entrepreneur Award ausgelobt.\" \/>\n<meta name=\"robots\" content=\"index, follow, max-snippet:-1, max-image-preview:large, max-video-preview:-1\" \/>\n<link rel=\"canonical\" href=\"https:\/\/www.organisator.ch\/fr\/general\/2019-11-05\/entrepreneur-award-fuer-kleinunternehmen\/\" \/>\n<meta property=\"og:locale\" content=\"fr_FR\" \/>\n<meta property=\"og:type\" content=\"article\" \/>\n<meta property=\"og:title\" content=\"Entrepreneur Award f\u00fcr Kleinunternehmen\" \/>\n<meta property=\"og:description\" content=\"Um die Arbeit der zahlreichen Kleinst- und Mikrounternehmen in der Schweiz zu w\u00fcrdigen, wurde ein Entrepreneur Award ausgelobt.\" \/>\n<meta property=\"og:url\" content=\"https:\/\/www.organisator.ch\/fr\/general\/2019-11-05\/entrepreneur-award-fuer-kleinunternehmen\/\" \/>\n<meta property=\"og:site_name\" content=\"Organisator\" \/>\n<meta property=\"article:publisher\" content=\"https:\/\/www.facebook.com\/OrganisatorFachmagazin\" \/>\n<meta property=\"article:published_time\" content=\"2019-11-05T13:19:53+00:00\" \/>\n<meta name=\"author\" content=\"thomas.berner\" \/>\n<meta name=\"twitter:card\" content=\"summary_large_image\" \/>\n<meta name=\"twitter:title\" content=\"Entrepreneur Award f\u00fcr #Kleinunternehmen\" \/>\n<meta name=\"twitter:description\" content=\"Um die Arbeit der zahlreichen Kleinst- und Mikrounternehmen in der Schweiz zu w\u00fcrdigen, wurde ein Entrepreneur Award ausgelobt.\" \/>\n<script type=\"application\/ld+json\" class=\"yoast-schema-graph\">{\"@context\":\"https:\\\/\\\/schema.org\",\"@graph\":[{\"@type\":\"Article\",\"@id\":\"https:\\\/\\\/www.organisator.ch\\\/de\\\/allgemein\\\/2019-11-05\\\/entrepreneur-award-fuer-kleinunternehmen\\\/#article\",\"isPartOf\":{\"@id\":\"https:\\\/\\\/www.organisator.ch\\\/de\\\/allgemein\\\/2019-11-05\\\/entrepreneur-award-fuer-kleinunternehmen\\\/\"},\"author\":{\"name\":\"thomas.berner\",\"@id\":\"https:\\\/\\\/www.organisator.ch\\\/#\\\/schema\\\/person\\\/6f650f90b2842cd4c0cc334b4e36f67e\"},\"headline\":\"Entrepreneur Award f\u00fcr Kleinunternehmen\",\"datePublished\":\"2019-11-05T13:19:53+00:00\",\"mainEntityOfPage\":{\"@id\":\"https:\\\/\\\/www.organisator.ch\\\/de\\\/allgemein\\\/2019-11-05\\\/entrepreneur-award-fuer-kleinunternehmen\\\/\"},\"wordCount\":300,\"publisher\":{\"@id\":\"https:\\\/\\\/www.organisator.ch\\\/#organization\"},\"image\":{\"@id\":\"https:\\\/\\\/www.organisator.ch\\\/de\\\/allgemein\\\/2019-11-05\\\/entrepreneur-award-fuer-kleinunternehmen\\\/#primaryimage\"},\"thumbnailUrl\":\"https:\\\/\\\/www.organisator.ch\\\/wp-content\\\/uploads\\\/2019\\\/11\\\/Entrepreneur-Award-fuer-Kleinunternehmen_Organisator.jpg\",\"keywords\":[\"Awards\",\"Fachkongress\\\/Fachmesse\",\"Unternehmen\"],\"articleSection\":[\"Allgemein\"],\"inLanguage\":\"fr-FR\"},{\"@type\":\"WebPage\",\"@id\":\"https:\\\/\\\/www.organisator.ch\\\/de\\\/allgemein\\\/2019-11-05\\\/entrepreneur-award-fuer-kleinunternehmen\\\/\",\"url\":\"https:\\\/\\\/www.organisator.ch\\\/de\\\/allgemein\\\/2019-11-05\\\/entrepreneur-award-fuer-kleinunternehmen\\\/\",\"name\":\"Entrepreneur Award f\u00fcr Kleinunternehmen - Organisator\",\"isPartOf\":{\"@id\":\"https:\\\/\\\/www.organisator.ch\\\/#website\"},\"primaryImageOfPage\":{\"@id\":\"https:\\\/\\\/www.organisator.ch\\\/de\\\/allgemein\\\/2019-11-05\\\/entrepreneur-award-fuer-kleinunternehmen\\\/#primaryimage\"},\"image\":{\"@id\":\"https:\\\/\\\/www.organisator.ch\\\/de\\\/allgemein\\\/2019-11-05\\\/entrepreneur-award-fuer-kleinunternehmen\\\/#primaryimage\"},\"thumbnailUrl\":\"https:\\\/\\\/www.organisator.ch\\\/wp-content\\\/uploads\\\/2019\\\/11\\\/Entrepreneur-Award-fuer-Kleinunternehmen_Organisator.jpg\",\"datePublished\":\"2019-11-05T13:19:53+00:00\",\"description\":\"Um die Arbeit der zahlreichen Kleinst- und Mikrounternehmen in der Schweiz zu w\u00fcrdigen, wurde ein Entrepreneur Award ausgelobt.\",\"breadcrumb\":{\"@id\":\"https:\\\/\\\/www.organisator.ch\\\/de\\\/allgemein\\\/2019-11-05\\\/entrepreneur-award-fuer-kleinunternehmen\\\/#breadcrumb\"},\"inLanguage\":\"fr-FR\",\"potentialAction\":[{\"@type\":\"ReadAction\",\"target\":[\"https:\\\/\\\/www.organisator.ch\\\/de\\\/allgemein\\\/2019-11-05\\\/entrepreneur-award-fuer-kleinunternehmen\\\/\"]}]},{\"@type\":\"ImageObject\",\"inLanguage\":\"fr-FR\",\"@id\":\"https:\\\/\\\/www.organisator.ch\\\/de\\\/allgemein\\\/2019-11-05\\\/entrepreneur-award-fuer-kleinunternehmen\\\/#primaryimage\",\"url\":\"https:\\\/\\\/www.organisator.ch\\\/wp-content\\\/uploads\\\/2019\\\/11\\\/Entrepreneur-Award-fuer-Kleinunternehmen_Organisator.jpg\",\"contentUrl\":\"https:\\\/\\\/www.organisator.ch\\\/wp-content\\\/uploads\\\/2019\\\/11\\\/Entrepreneur-Award-fuer-Kleinunternehmen_Organisator.jpg\",\"width\":680,\"height\":340,\"caption\":\"An der Business Expo vom 7. Dezember wird ein Entrepreneur Award f\u00fcr Kleinstunternehmen verliehen.\"},{\"@type\":\"BreadcrumbList\",\"@id\":\"https:\\\/\\\/www.organisator.ch\\\/de\\\/allgemein\\\/2019-11-05\\\/entrepreneur-award-fuer-kleinunternehmen\\\/#breadcrumb\",\"itemListElement\":[{\"@type\":\"ListItem\",\"position\":1,\"name\":\"Home\",\"item\":\"https:\\\/\\\/www.organisator.ch\\\/\"},{\"@type\":\"ListItem\",\"position\":2,\"name\":\"Entrepreneur Award f\u00fcr Kleinunternehmen\"}]},{\"@type\":\"WebSite\",\"@id\":\"https:\\\/\\\/www.organisator.ch\\\/#website\",\"url\":\"https:\\\/\\\/www.organisator.ch\\\/\",\"name\":\"Organisator\",\"description\":\"Kompetent. Praxisnah. Der ORGANISATOR bereitet in 10 Ausgaben pro Jahr die wesentlichen Themen f\u00fcr F\u00fchrungskr\u00e4fte von KMU auf.\",\"publisher\":{\"@id\":\"https:\\\/\\\/www.organisator.ch\\\/#organization\"},\"potentialAction\":[{\"@type\":\"SearchAction\",\"target\":{\"@type\":\"EntryPoint\",\"urlTemplate\":\"https:\\\/\\\/www.organisator.ch\\\/?s={search_term_string}\"},\"query-input\":{\"@type\":\"PropertyValueSpecification\",\"valueRequired\":true,\"valueName\":\"search_term_string\"}}],\"inLanguage\":\"fr-FR\"},{\"@type\":\"Organization\",\"@id\":\"https:\\\/\\\/www.organisator.ch\\\/#organization\",\"name\":\"Organisator\",\"url\":\"https:\\\/\\\/www.organisator.ch\\\/\",\"logo\":{\"@type\":\"ImageObject\",\"inLanguage\":\"fr-FR\",\"@id\":\"https:\\\/\\\/www.organisator.ch\\\/#\\\/schema\\\/logo\\\/image\\\/\",\"url\":\"https:\\\/\\\/www.organisator.ch\\\/wp-content\\\/uploads\\\/2022\\\/01\\\/Logo_Organisator_Website.png\",\"contentUrl\":\"https:\\\/\\\/www.organisator.ch\\\/wp-content\\\/uploads\\\/2022\\\/01\\\/Logo_Organisator_Website.png\",\"width\":800,\"height\":77,\"caption\":\"Organisator\"},\"image\":{\"@id\":\"https:\\\/\\\/www.organisator.ch\\\/#\\\/schema\\\/logo\\\/image\\\/\"},\"sameAs\":[\"https:\\\/\\\/www.facebook.com\\\/OrganisatorFachmagazin\",\"https:\\\/\\\/www.linkedin.com\\\/showcase\\\/organisator-das-magazin-fr-kmu\",\"https:\\\/\\\/www.xing.com\\\/news\\\/pages\\\/organisator-ch-695\",\"https:\\\/\\\/www.youtube.com\\\/channel\\\/UCGP2Sq0iWaZwT3BdIAQFYpw\"]},{\"@type\":\"Person\",\"@id\":\"https:\\\/\\\/www.organisator.ch\\\/#\\\/schema\\\/person\\\/6f650f90b2842cd4c0cc334b4e36f67e\",\"name\":\"thomas.berner\",\"image\":{\"@type\":\"ImageObject\",\"inLanguage\":\"fr-FR\",\"@id\":\"https:\\\/\\\/secure.gravatar.com\\\/avatar\\\/ac5001d2a36cb6c6cd3e50789007ffca834b477b74a2144564522e944eabff61?s=96&d=mm&r=g\",\"url\":\"https:\\\/\\\/secure.gravatar.com\\\/avatar\\\/ac5001d2a36cb6c6cd3e50789007ffca834b477b74a2144564522e944eabff61?s=96&d=mm&r=g\",\"contentUrl\":\"https:\\\/\\\/secure.gravatar.com\\\/avatar\\\/ac5001d2a36cb6c6cd3e50789007ffca834b477b74a2144564522e944eabff61?s=96&d=mm&r=g\",\"caption\":\"thomas.berner\"},\"url\":\"https:\\\/\\\/www.organisator.ch\\\/fr\\\/author\\\/thomas-berner\\\/\"}]}<\/script>\n<!-- \/ Yoast SEO plugin. -->","yoast_head_json":{"title":"Prix de l'Entrepreneur pour les petites entreprises - Organisateur","description":"Un Entrepreneur Award a \u00e9t\u00e9 mis en place pour r\u00e9compenser le travail des nombreuses micro et petites entreprises de Suisse.","robots":{"index":"index","follow":"follow","max-snippet":"max-snippet:-1","max-image-preview":"max-image-preview:large","max-video-preview":"max-video-preview:-1"},"canonical":"https:\/\/www.organisator.ch\/fr\/general\/2019-11-05\/entrepreneur-award-fuer-kleinunternehmen\/","og_locale":"fr_FR","og_type":"article","og_title":"Entrepreneur Award f\u00fcr Kleinunternehmen","og_description":"Um die Arbeit der zahlreichen Kleinst- und Mikrounternehmen in der Schweiz zu w\u00fcrdigen, wurde ein Entrepreneur Award ausgelobt.","og_url":"https:\/\/www.organisator.ch\/fr\/general\/2019-11-05\/entrepreneur-award-fuer-kleinunternehmen\/","og_site_name":"Organisator","article_publisher":"https:\/\/www.facebook.com\/OrganisatorFachmagazin","article_published_time":"2019-11-05T13:19:53+00:00","author":"thomas.berner","twitter_card":"summary_large_image","twitter_title":"Entrepreneur Award f\u00fcr #Kleinunternehmen","twitter_description":"Um die Arbeit der zahlreichen Kleinst- und Mikrounternehmen in der Schweiz zu w\u00fcrdigen, wurde ein Entrepreneur Award ausgelobt.","schema":{"@context":"https:\/\/schema.org","@graph":[{"@type":"Article","@id":"https:\/\/www.organisator.ch\/de\/allgemein\/2019-11-05\/entrepreneur-award-fuer-kleinunternehmen\/#article","isPartOf":{"@id":"https:\/\/www.organisator.ch\/de\/allgemein\/2019-11-05\/entrepreneur-award-fuer-kleinunternehmen\/"},"author":{"name":"thomas.berner","@id":"https:\/\/www.organisator.ch\/#\/schema\/person\/6f650f90b2842cd4c0cc334b4e36f67e"},"headline":"Entrepreneur Award f\u00fcr Kleinunternehmen","datePublished":"2019-11-05T13:19:53+00:00","mainEntityOfPage":{"@id":"https:\/\/www.organisator.ch\/de\/allgemein\/2019-11-05\/entrepreneur-award-fuer-kleinunternehmen\/"},"wordCount":300,"publisher":{"@id":"https:\/\/www.organisator.ch\/#organization"},"image":{"@id":"https:\/\/www.organisator.ch\/de\/allgemein\/2019-11-05\/entrepreneur-award-fuer-kleinunternehmen\/#primaryimage"},"thumbnailUrl":"https:\/\/www.organisator.ch\/wp-content\/uploads\/2019\/11\/Entrepreneur-Award-fuer-Kleinunternehmen_Organisator.jpg","keywords":["Awards","Fachkongress\/Fachmesse","Unternehmen"],"articleSection":["Allgemein"],"inLanguage":"fr-FR"},{"@type":"WebPage","@id":"https:\/\/www.organisator.ch\/de\/allgemein\/2019-11-05\/entrepreneur-award-fuer-kleinunternehmen\/","url":"https:\/\/www.organisator.ch\/de\/allgemein\/2019-11-05\/entrepreneur-award-fuer-kleinunternehmen\/","name":"Prix de l'Entrepreneur pour les petites entreprises - Organisateur","isPartOf":{"@id":"https:\/\/www.organisator.ch\/#website"},"primaryImageOfPage":{"@id":"https:\/\/www.organisator.ch\/de\/allgemein\/2019-11-05\/entrepreneur-award-fuer-kleinunternehmen\/#primaryimage"},"image":{"@id":"https:\/\/www.organisator.ch\/de\/allgemein\/2019-11-05\/entrepreneur-award-fuer-kleinunternehmen\/#primaryimage"},"thumbnailUrl":"https:\/\/www.organisator.ch\/wp-content\/uploads\/2019\/11\/Entrepreneur-Award-fuer-Kleinunternehmen_Organisator.jpg","datePublished":"2019-11-05T13:19:53+00:00","description":"Un Entrepreneur Award a \u00e9t\u00e9 mis en place pour r\u00e9compenser le travail des nombreuses micro et petites entreprises de Suisse.","breadcrumb":{"@id":"https:\/\/www.organisator.ch\/de\/allgemein\/2019-11-05\/entrepreneur-award-fuer-kleinunternehmen\/#breadcrumb"},"inLanguage":"fr-FR","potentialAction":[{"@type":"ReadAction","target":["https:\/\/www.organisator.ch\/de\/allgemein\/2019-11-05\/entrepreneur-award-fuer-kleinunternehmen\/"]}]},{"@type":"ImageObject","inLanguage":"fr-FR","@id":"https:\/\/www.organisator.ch\/de\/allgemein\/2019-11-05\/entrepreneur-award-fuer-kleinunternehmen\/#primaryimage","url":"https:\/\/www.organisator.ch\/wp-content\/uploads\/2019\/11\/Entrepreneur-Award-fuer-Kleinunternehmen_Organisator.jpg","contentUrl":"https:\/\/www.organisator.ch\/wp-content\/uploads\/2019\/11\/Entrepreneur-Award-fuer-Kleinunternehmen_Organisator.jpg","width":680,"height":340,"caption":"An der Business Expo vom 7. Dezember wird ein Entrepreneur Award f\u00fcr Kleinstunternehmen verliehen."},{"@type":"BreadcrumbList","@id":"https:\/\/www.organisator.ch\/de\/allgemein\/2019-11-05\/entrepreneur-award-fuer-kleinunternehmen\/#breadcrumb","itemListElement":[{"@type":"ListItem","position":1,"name":"Home","item":"https:\/\/www.organisator.ch\/"},{"@type":"ListItem","position":2,"name":"Entrepreneur Award f\u00fcr Kleinunternehmen"}]},{"@type":"WebSite","@id":"https:\/\/www.organisator.ch\/#website","url":"https:\/\/www.organisator.ch\/","name":"Organisateur","description":"Comp\u00e9tence et comp\u00e9tence. Proches de la pratique. L'ORGANISATEUR pr\u00e9pare 10 num\u00e9ros par an sur les th\u00e8mes essentiels pour les dirigeants de PME.","publisher":{"@id":"https:\/\/www.organisator.ch\/#organization"},"potentialAction":[{"@type":"SearchAction","target":{"@type":"EntryPoint","urlTemplate":"https:\/\/www.organisator.ch\/?s={search_term_string}"},"query-input":{"@type":"PropertyValueSpecification","valueRequired":true,"valueName":"search_term_string"}}],"inLanguage":"fr-FR"},{"@type":"Organization","@id":"https:\/\/www.organisator.ch\/#organization","name":"Organisateur","url":"https:\/\/www.organisator.ch\/","logo":{"@type":"ImageObject","inLanguage":"fr-FR","@id":"https:\/\/www.organisator.ch\/#\/schema\/logo\/image\/","url":"https:\/\/www.organisator.ch\/wp-content\/uploads\/2022\/01\/Logo_Organisator_Website.png","contentUrl":"https:\/\/www.organisator.ch\/wp-content\/uploads\/2022\/01\/Logo_Organisator_Website.png","width":800,"height":77,"caption":"Organisator"},"image":{"@id":"https:\/\/www.organisator.ch\/#\/schema\/logo\/image\/"},"sameAs":["https:\/\/www.facebook.com\/OrganisatorFachmagazin","https:\/\/www.linkedin.com\/showcase\/organisator-das-magazin-fr-kmu","https:\/\/www.xing.com\/news\/pages\/organisator-ch-695","https:\/\/www.youtube.com\/channel\/UCGP2Sq0iWaZwT3BdIAQFYpw"]},{"@type":"Person","@id":"https:\/\/www.organisator.ch\/#\/schema\/person\/6f650f90b2842cd4c0cc334b4e36f67e","name":"thomas.berner","image":{"@type":"ImageObject","inLanguage":"fr-FR","@id":"https:\/\/secure.gravatar.com\/avatar\/ac5001d2a36cb6c6cd3e50789007ffca834b477b74a2144564522e944eabff61?s=96&d=mm&r=g","url":"https:\/\/secure.gravatar.com\/avatar\/ac5001d2a36cb6c6cd3e50789007ffca834b477b74a2144564522e944eabff61?s=96&d=mm&r=g","contentUrl":"https:\/\/secure.gravatar.com\/avatar\/ac5001d2a36cb6c6cd3e50789007ffca834b477b74a2144564522e944eabff61?s=96&d=mm&r=g","caption":"thomas.berner"},"url":"https:\/\/www.organisator.ch\/fr\/author\/thomas-berner\/"}]}},"_links":{"self":[{"href":"https:\/\/www.organisator.ch\/fr\/wp-json\/wp\/v2\/posts\/8577","targetHints":{"allow":["GET"]}}],"collection":[{"href":"https:\/\/www.organisator.ch\/fr\/wp-json\/wp\/v2\/posts"}],"about":[{"href":"https:\/\/www.organisator.ch\/fr\/wp-json\/wp\/v2\/types\/post"}],"author":[{"embeddable":true,"href":"https:\/\/www.organisator.ch\/fr\/wp-json\/wp\/v2\/users\/4"}],"replies":[{"embeddable":true,"href":"https:\/\/www.organisator.ch\/fr\/wp-json\/wp\/v2\/comments?post=8577"}],"version-history":[{"count":0,"href":"https:\/\/www.organisator.ch\/fr\/wp-json\/wp\/v2\/posts\/8577\/revisions"}],"wp:featuredmedia":[{"embeddable":true,"href":"https:\/\/www.organisator.ch\/fr\/wp-json\/wp\/v2\/media\/8480"}],"wp:attachment":[{"href":"https:\/\/www.organisator.ch\/fr\/wp-json\/wp\/v2\/media?parent=8577"}],"wp:term":[{"taxonomy":"category","embeddable":true,"href":"https:\/\/www.organisator.ch\/fr\/wp-json\/wp\/v2\/categories?post=8577"},{"taxonomy":"post_tag","embeddable":true,"href":"https:\/\/www.organisator.ch\/fr\/wp-json\/wp\/v2\/tags?post=8577"}],"curies":[{"name":"wp","href":"https:\/\/api.w.org\/{rel}","templated":true}]}}