{"id":8583,"date":"2019-11-11T08:46:10","date_gmt":"2019-11-11T07:46:10","guid":{"rendered":"https:\/\/www.organisator.ch\/?p=6009"},"modified":"2019-11-11T08:46:10","modified_gmt":"2019-11-11T07:46:10","slug":"swissmechanic-bleibt-im-gewerbeverband","status":"publish","type":"post","link":"https:\/\/www.organisator.ch\/fr\/management\/2019-11-11\/swissmechanic-bleibt-im-gewerbeverband\/","title":{"rendered":"Swissmechanic reste au sein de l'Union suisse des arts et m\u00e9tiers"},"content":{"rendered":"<figure id=\"attachment_6010\" aria-describedby=\"caption-attachment-6010\" style=\"width: 680px\" class=\"wp-caption alignnone\"><img loading=\"lazy\" decoding=\"async\" class=\"size-medium wp-image-6010\" src=\"https:\/\/www.organisator.ch\/wp-content\/uploads\/2019\/11\/Swissmechanic-bleibt-im-Gewerbeverband-1_Organisator.jpg\" alt=\"\" width=\"680\" height=\"453\" \/><figcaption id=\"caption-attachment-6010\" class=\"wp-caption-text\">Le samedi 9 novembre, l'assembl\u00e9e des d\u00e9l\u00e9gu\u00e9s de Swissmechanic a f\u00eat\u00e9 son 80e anniversaire. (Photo : zVg \/ Swissmechanic)<\/figcaption><\/figure>\n<p>L'assembl\u00e9e des d\u00e9l\u00e9gu\u00e9s du jubil\u00e9 de Swissmechanic, l'association patronale leader des PME de la branche MEM, s'est tenue \u00e0 Lucerne. Le conseiller d'Etat Reto Wyss a transmis aux 85 d\u00e9l\u00e9gu\u00e9s un message de bienvenue du gouvernement lucernois. Au cours des 80 derni\u00e8res ann\u00e9es, la jubilaire est pass\u00e9e d'une petite association de formation \u00e0 une association patronale reconnue et forte, qui permet une formation et un perfectionnement modernes des futurs sp\u00e9cialistes et fait entendre les pr\u00e9occupations des PME de la branche MEM.<\/p>\n<h2><strong>Swissmechanic soutient le contre-projet indirect \u00e0 l'initiative pour des prix \u00e9quitables<\/strong><\/h2>\n<p>Les d\u00e9l\u00e9gu\u00e9s ont suivi la proposition du comit\u00e9 directeur et ont d\u00e9cid\u00e9 de continuer \u00e0 soutenir le contre-projet indirect \u00e0 l'initiative \"Prix \u00e9quitables\" par une contribution financi\u00e8re. En effet, le contre-projet indirect de la Commission de l'\u00e9conomie et des redevances (CER-N) du Conseil national reprend les pr\u00e9occupations de l'initiative populaire, \u00e0 l'exception de l'interdiction du g\u00e9oblocage.<\/p>\n<h2><strong>Swissmechanic reste dans l'USAM<\/strong><\/h2>\n<p>La proposition du comit\u00e9 directeur et du conseil de l'association selon laquelle Swissmechanic doit rester membre de l'Union suisse des arts et m\u00e9tiers (USAM) a \u00e9t\u00e9 approuv\u00e9e. Les organes \u00e9taient arriv\u00e9s \u00e0 la conclusion qu'il \u00e9tait judicieux que Swissmechanic soit repr\u00e9sent\u00e9e au sein d'une plus grande association. Au pr\u00e9alable, ils avaient proc\u00e9d\u00e9 \u00e0 un examen approfondi de l'USAM afin de d\u00e9terminer si celle-ci s'engageait suffisamment en faveur des int\u00e9r\u00eats de l'association et des branches exportatrices.<\/p>\n<h2><strong>Prot\u00e9ger le climat sans corset<\/strong><\/h2>\n<p>Dans son discours, le pr\u00e9sident Roland Goethe a pris position sur les r\u00e9sultats des \u00e9lections f\u00e9d\u00e9rales avec la victoire \u00e9crasante des Verts et de la gauche. Goethe craint que les conditions-cadres ne se durcissent massivement pour la place industrielle suisse. Mais malgr\u00e9 les sombres perspectives politiques, il n'est pas dans les habitudes des entrepreneurs membres de Swissmechanic de faire l'autruche. Swissmechanic consid\u00e8re la vague verte comme un d\u00e9fi et est pr\u00eate \u00e0 apporter le savoir et l'exp\u00e9rience issus du monde du travail v\u00e9cu avec des produits nouveaux et innovants et \u00e0 apporter ainsi une contribution substantielle \u00e0 la protection du climat. Tout cela sans interdictions et sans corsets absurdes.<\/p>\n<h2><strong>\u00c9lections de remplacement, comptes et budget<\/strong><\/h2>\n<p>Suite \u00e0 la d\u00e9mission de Fran\u00e7ois Schoch, Hansruedi Graf, Ueli Meyer et Xavier de Preux ont \u00e9t\u00e9 \u00e9lus au sein du nouveau comit\u00e9 directeur de Swissmechanic, compos\u00e9 de huit membres. Kurt Graber a \u00e9t\u00e9 confirm\u00e9 au sein du conseil de l'association en tant que pr\u00e9sident de la section St-Gall\/Appenzell et Johnny F\u00f6hn en tant que pr\u00e9sident de la section Schwyz. Silvio Bertini est d\u00e9sormais membre de la commission \u00e9conomique et Franz Marty de la commission de gestion. Les comptes annuels 2018 ainsi que le budget pour l'ann\u00e9e 2020, qui pr\u00e9voit un b\u00e9n\u00e9fice annuel de 38'000 francs, ont \u00e9t\u00e9 approuv\u00e9s.<\/p>\n<figure id=\"attachment_6011\" aria-describedby=\"caption-attachment-6011\" style=\"width: 680px\" class=\"wp-caption alignnone\"><img loading=\"lazy\" decoding=\"async\" class=\"size-medium wp-image-6011\" src=\"https:\/\/www.organisator.ch\/wp-content\/uploads\/2019\/11\/Swissmechanic-bleibt-im-Gewerbeverband-2_Organisator.jpg\" alt=\"\" width=\"680\" height=\"453\" \/><figcaption id=\"caption-attachment-6011\" class=\"wp-caption-text\">L'expert polym\u00e9canicien en automation Andreas Allenbach, Markus Hintermann, dipl\u00f4me de polym\u00e9canicien en fraisage CNC, Thomas Schranz, certificat de polym\u00e9canicien en automation, l'expert en fraisage CNC Silvio T\u00f6nz, le m\u00e9daill\u00e9 d'argent polym\u00e9canicien en tournage CNC Lukas Muth, le directeur de Swissmechanic J\u00fcrg Marti, Markus N\u00e4f, chef de projet des championnats des m\u00e9tiers Swissmechanic, l'expert en tournage CNC Simon von Moos et Roland Goethe, pr\u00e9sident de Swissmechanic (de gauche \u00e0 droite) ont c\u00e9l\u00e9br\u00e9 les excellents r\u00e9sultats des polym\u00e9caniciens aux WorldSkills de cette ann\u00e9e. (Photo : zVg)<\/figcaption><\/figure>\n<h2><strong>Estime pour les ambassadeurs polym\u00e9caniciens<\/strong><\/h2>\n<p>La veille de l'assembl\u00e9e des d\u00e9l\u00e9gu\u00e9s, Swissmechanic a honor\u00e9 trois athl\u00e8tes professionnels qui ont obtenu d'excellents r\u00e9sultats aux WorldSkills de Kazan, en Russie, en ao\u00fbt dernier. Lukas Muth (m\u00e9daille d'argent dans la discipline Tournage CNC), Markus Hintermann (dipl\u00f4me dans la discipline Fraisage CNC) et Thomas Schranz (certificat dans la discipline Automation). Le pr\u00e9sident de l'association, Roland Goethe, et le directeur, J\u00fcrg Marti, ont f\u00e9licit\u00e9 les jeunes professionnels pour leur grand succ\u00e8s et les ont en m\u00eame temps remerci\u00e9s pour l'immense travail qu'ils ont fourni avant et pendant les WorldSkills. Les trois athl\u00e8tes ont re\u00e7u des primes de succ\u00e8s d'un montant total de CHF 4500.<\/p>\n<p><a href=\"http:\/\/www.swissmechanic.ch\"><em>www.swissmechanic.ch<\/em><\/a><\/p>\n<p>&nbsp;<\/p>","protected":false},"excerpt":{"rendered":"<p>Die Jubil\u00e4ums-Delegiertenversammlung von Swissmechanic, dem f\u00fchrenden Arbeitgeberverband der KMU in der MEM-Branche, fand in Luzern statt. Regierungsrat Reto Wyss \u00fcberbrachte den 85 Delegierten ein Grusswort der Luzerner Regierung. In den vergangenen 80 Jahren hat sich die Jubilarin vom kleinen Ausbildungs- zum anerkannten und starken Arbeitgeberverband entwickelt, der eine zeitgem\u00e4sse Aus- und Weiterbildung k\u00fcnftiger Fachkr\u00e4fte erm\u00f6glicht [&hellip;]<\/p>\n","protected":false},"author":4,"featured_media":8492,"comment_status":"closed","ping_status":"closed","sticky":false,"template":"","format":"standard","meta":{"_acf_changed":false,"_yoast_wpseo_focuskw":"Swissmechanic","_yoast_wpseo_metadesc":"Am Samstag, 9. November, feierte die Swissmechanic anl\u00e4sslich ihrer Delegiertenversammlung den 80. Geburtstag. Beschlossen wurde u.a. der Verbleib im SGV.","articlekey":"","footnotes":""},"categories":[28],"tags":[90,492,503,531],"class_list":["post-8583","post","type-post","status-publish","format-standard","has-post-thumbnail","hentry","category-management","tag-branchen","tag-unternehmen","tag-verbaende","tag-wirtschaftspolitik"],"acf":[],"yoast_head":"<!-- This site is optimized with the Yoast SEO plugin v27.4 - https:\/\/yoast.com\/product\/yoast-seo-wordpress\/ -->\n<title>Swissmechanic bleibt im Gewerbeverband - Organisator<\/title>\n<meta name=\"description\" content=\"Am Samstag, 9. November, feierte die Swissmechanic anl\u00e4sslich ihrer Delegiertenversammlung den 80. Geburtstag. Beschlossen wurde u.a. der Verbleib im SGV.\" \/>\n<meta name=\"robots\" content=\"index, follow, max-snippet:-1, max-image-preview:large, max-video-preview:-1\" \/>\n<link rel=\"canonical\" href=\"https:\/\/www.organisator.ch\/fr\/gestion-2\/2019-11-11\/swissmechanic-bleibt-im-gewerbeverband\/\" \/>\n<meta property=\"og:locale\" content=\"fr_FR\" \/>\n<meta property=\"og:type\" content=\"article\" \/>\n<meta property=\"og:title\" content=\"Swissmechanic bleibt im Gewerbeverband\" \/>\n<meta property=\"og:description\" content=\"Am Samstag, 9. November, feierte die Swissmechanic anl\u00e4sslich ihrer Delegiertenversammlung den 80. Geburtstag. Beschlossen wurde u.a. der Verbleib im SGV.\" \/>\n<meta property=\"og:url\" content=\"https:\/\/www.organisator.ch\/fr\/gestion-2\/2019-11-11\/swissmechanic-bleibt-im-gewerbeverband\/\" \/>\n<meta property=\"og:site_name\" content=\"Organisator\" \/>\n<meta property=\"article:publisher\" content=\"https:\/\/www.facebook.com\/OrganisatorFachmagazin\" \/>\n<meta property=\"article:published_time\" content=\"2019-11-11T07:46:10+00:00\" \/>\n<meta property=\"og:image\" content=\"https:\/\/www.organisator.ch\/wp-content\/uploads\/2021\/07\/organisator_2018_11.png\" \/>\n\t<meta property=\"og:image:width\" content=\"654\" \/>\n\t<meta property=\"og:image:height\" content=\"370\" \/>\n\t<meta property=\"og:image:type\" content=\"image\/png\" \/>\n<meta name=\"author\" content=\"thomas.berner\" \/>\n<meta name=\"twitter:card\" content=\"summary_large_image\" \/>\n<meta name=\"twitter:title\" content=\"#Swissmechanic bleibt im #Gewerbeverband\" \/>\n<meta name=\"twitter:description\" content=\"Am Samstag, 9. November, feierte die #Swissmechanic anl\u00e4sslich ihrer #Delegiertenversammlung den 80. Geburtstag. Beschlossen wurde u.a. der Verbleib im #SGV.\" \/>\n<meta name=\"twitter:image\" content=\"https:\/\/www.organisator.ch\/wp-content\/uploads\/2021\/07\/organisator_2018_11.png\" \/>\n<script type=\"application\/ld+json\" class=\"yoast-schema-graph\">{\"@context\":\"https:\\\/\\\/schema.org\",\"@graph\":[{\"@type\":\"Article\",\"@id\":\"https:\\\/\\\/www.organisator.ch\\\/management\\\/2019-11-11\\\/swissmechanic-bleibt-im-gewerbeverband\\\/#article\",\"isPartOf\":{\"@id\":\"https:\\\/\\\/www.organisator.ch\\\/management\\\/2019-11-11\\\/swissmechanic-bleibt-im-gewerbeverband\\\/\"},\"author\":{\"name\":\"thomas.berner\",\"@id\":\"https:\\\/\\\/www.organisator.ch\\\/#\\\/schema\\\/person\\\/6f650f90b2842cd4c0cc334b4e36f67e\"},\"headline\":\"Swissmechanic bleibt im Gewerbeverband\",\"datePublished\":\"2019-11-11T07:46:10+00:00\",\"mainEntityOfPage\":{\"@id\":\"https:\\\/\\\/www.organisator.ch\\\/management\\\/2019-11-11\\\/swissmechanic-bleibt-im-gewerbeverband\\\/\"},\"wordCount\":582,\"publisher\":{\"@id\":\"https:\\\/\\\/www.organisator.ch\\\/#organization\"},\"image\":{\"@id\":\"https:\\\/\\\/www.organisator.ch\\\/management\\\/2019-11-11\\\/swissmechanic-bleibt-im-gewerbeverband\\\/#primaryimage\"},\"thumbnailUrl\":\"https:\\\/\\\/www.organisator.ch\\\/wp-content\\\/uploads\\\/2019\\\/11\\\/Swissmechanic-bleibt-im-Gewerbeverband-1_Organisator.jpg\",\"keywords\":[\"Branchen\",\"Unternehmen\",\"Verb\u00e4nde\",\"Wirtschaftspolitik\"],\"articleSection\":[\"MANAGEMENT\"],\"inLanguage\":\"fr-FR\"},{\"@type\":\"WebPage\",\"@id\":\"https:\\\/\\\/www.organisator.ch\\\/management\\\/2019-11-11\\\/swissmechanic-bleibt-im-gewerbeverband\\\/\",\"url\":\"https:\\\/\\\/www.organisator.ch\\\/management\\\/2019-11-11\\\/swissmechanic-bleibt-im-gewerbeverband\\\/\",\"name\":\"Swissmechanic bleibt im Gewerbeverband - Organisator\",\"isPartOf\":{\"@id\":\"https:\\\/\\\/www.organisator.ch\\\/#website\"},\"primaryImageOfPage\":{\"@id\":\"https:\\\/\\\/www.organisator.ch\\\/management\\\/2019-11-11\\\/swissmechanic-bleibt-im-gewerbeverband\\\/#primaryimage\"},\"image\":{\"@id\":\"https:\\\/\\\/www.organisator.ch\\\/management\\\/2019-11-11\\\/swissmechanic-bleibt-im-gewerbeverband\\\/#primaryimage\"},\"thumbnailUrl\":\"https:\\\/\\\/www.organisator.ch\\\/wp-content\\\/uploads\\\/2019\\\/11\\\/Swissmechanic-bleibt-im-Gewerbeverband-1_Organisator.jpg\",\"datePublished\":\"2019-11-11T07:46:10+00:00\",\"description\":\"Am Samstag, 9. November, feierte die Swissmechanic anl\u00e4sslich ihrer Delegiertenversammlung den 80. Geburtstag. Beschlossen wurde u.a. der Verbleib im SGV.\",\"breadcrumb\":{\"@id\":\"https:\\\/\\\/www.organisator.ch\\\/management\\\/2019-11-11\\\/swissmechanic-bleibt-im-gewerbeverband\\\/#breadcrumb\"},\"inLanguage\":\"fr-FR\",\"potentialAction\":[{\"@type\":\"ReadAction\",\"target\":[\"https:\\\/\\\/www.organisator.ch\\\/management\\\/2019-11-11\\\/swissmechanic-bleibt-im-gewerbeverband\\\/\"]}]},{\"@type\":\"ImageObject\",\"inLanguage\":\"fr-FR\",\"@id\":\"https:\\\/\\\/www.organisator.ch\\\/management\\\/2019-11-11\\\/swissmechanic-bleibt-im-gewerbeverband\\\/#primaryimage\",\"url\":\"https:\\\/\\\/www.organisator.ch\\\/wp-content\\\/uploads\\\/2019\\\/11\\\/Swissmechanic-bleibt-im-Gewerbeverband-1_Organisator.jpg\",\"contentUrl\":\"https:\\\/\\\/www.organisator.ch\\\/wp-content\\\/uploads\\\/2019\\\/11\\\/Swissmechanic-bleibt-im-Gewerbeverband-1_Organisator.jpg\",\"width\":680,\"height\":453,\"caption\":\"Am Samstag, 9. November, feierte die Swissmechanic Delegiertenversammlung ihren 80. Geburtstag. (Bild: zVg \\\/ Swissmechanic)\"},{\"@type\":\"BreadcrumbList\",\"@id\":\"https:\\\/\\\/www.organisator.ch\\\/management\\\/2019-11-11\\\/swissmechanic-bleibt-im-gewerbeverband\\\/#breadcrumb\",\"itemListElement\":[{\"@type\":\"ListItem\",\"position\":1,\"name\":\"Home\",\"item\":\"https:\\\/\\\/www.organisator.ch\\\/\"},{\"@type\":\"ListItem\",\"position\":2,\"name\":\"Swissmechanic bleibt im Gewerbeverband\"}]},{\"@type\":\"WebSite\",\"@id\":\"https:\\\/\\\/www.organisator.ch\\\/#website\",\"url\":\"https:\\\/\\\/www.organisator.ch\\\/\",\"name\":\"Organisator\",\"description\":\"Kompetent. Praxisnah. Der ORGANISATOR bereitet in 10 Ausgaben pro Jahr die wesentlichen Themen f\u00fcr F\u00fchrungskr\u00e4fte von KMU auf.\",\"publisher\":{\"@id\":\"https:\\\/\\\/www.organisator.ch\\\/#organization\"},\"potentialAction\":[{\"@type\":\"SearchAction\",\"target\":{\"@type\":\"EntryPoint\",\"urlTemplate\":\"https:\\\/\\\/www.organisator.ch\\\/?s={search_term_string}\"},\"query-input\":{\"@type\":\"PropertyValueSpecification\",\"valueRequired\":true,\"valueName\":\"search_term_string\"}}],\"inLanguage\":\"fr-FR\"},{\"@type\":\"Organization\",\"@id\":\"https:\\\/\\\/www.organisator.ch\\\/#organization\",\"name\":\"Organisator\",\"url\":\"https:\\\/\\\/www.organisator.ch\\\/\",\"logo\":{\"@type\":\"ImageObject\",\"inLanguage\":\"fr-FR\",\"@id\":\"https:\\\/\\\/www.organisator.ch\\\/#\\\/schema\\\/logo\\\/image\\\/\",\"url\":\"https:\\\/\\\/www.organisator.ch\\\/wp-content\\\/uploads\\\/2022\\\/01\\\/Logo_Organisator_Website.png\",\"contentUrl\":\"https:\\\/\\\/www.organisator.ch\\\/wp-content\\\/uploads\\\/2022\\\/01\\\/Logo_Organisator_Website.png\",\"width\":800,\"height\":77,\"caption\":\"Organisator\"},\"image\":{\"@id\":\"https:\\\/\\\/www.organisator.ch\\\/#\\\/schema\\\/logo\\\/image\\\/\"},\"sameAs\":[\"https:\\\/\\\/www.facebook.com\\\/OrganisatorFachmagazin\",\"https:\\\/\\\/www.linkedin.com\\\/showcase\\\/organisator-das-magazin-fr-kmu\",\"https:\\\/\\\/www.xing.com\\\/news\\\/pages\\\/organisator-ch-695\",\"https:\\\/\\\/www.youtube.com\\\/channel\\\/UCGP2Sq0iWaZwT3BdIAQFYpw\"]},{\"@type\":\"Person\",\"@id\":\"https:\\\/\\\/www.organisator.ch\\\/#\\\/schema\\\/person\\\/6f650f90b2842cd4c0cc334b4e36f67e\",\"name\":\"thomas.berner\",\"image\":{\"@type\":\"ImageObject\",\"inLanguage\":\"fr-FR\",\"@id\":\"https:\\\/\\\/secure.gravatar.com\\\/avatar\\\/ac5001d2a36cb6c6cd3e50789007ffca834b477b74a2144564522e944eabff61?s=96&d=mm&r=g\",\"url\":\"https:\\\/\\\/secure.gravatar.com\\\/avatar\\\/ac5001d2a36cb6c6cd3e50789007ffca834b477b74a2144564522e944eabff61?s=96&d=mm&r=g\",\"contentUrl\":\"https:\\\/\\\/secure.gravatar.com\\\/avatar\\\/ac5001d2a36cb6c6cd3e50789007ffca834b477b74a2144564522e944eabff61?s=96&d=mm&r=g\",\"caption\":\"thomas.berner\"},\"url\":\"https:\\\/\\\/www.organisator.ch\\\/fr\\\/author\\\/thomas-berner\\\/\"}]}<\/script>\n<!-- \/ Yoast SEO plugin. -->","yoast_head_json":{"title":"Swissmechanic reste au sein de l'Union suisse des arts et m\u00e9tiers - Organisateur","description":"Le samedi 9 novembre, Swissmechanic a f\u00eat\u00e9 son 80e anniversaire \u00e0 l'occasion de son assembl\u00e9e des d\u00e9l\u00e9gu\u00e9s. Il a \u00e9t\u00e9 d\u00e9cid\u00e9, entre autres, de rester au sein de l'USAM.","robots":{"index":"index","follow":"follow","max-snippet":"max-snippet:-1","max-image-preview":"max-image-preview:large","max-video-preview":"max-video-preview:-1"},"canonical":"https:\/\/www.organisator.ch\/fr\/gestion-2\/2019-11-11\/swissmechanic-bleibt-im-gewerbeverband\/","og_locale":"fr_FR","og_type":"article","og_title":"Swissmechanic bleibt im Gewerbeverband","og_description":"Am Samstag, 9. November, feierte die Swissmechanic anl\u00e4sslich ihrer Delegiertenversammlung den 80. Geburtstag. Beschlossen wurde u.a. der Verbleib im SGV.","og_url":"https:\/\/www.organisator.ch\/fr\/gestion-2\/2019-11-11\/swissmechanic-bleibt-im-gewerbeverband\/","og_site_name":"Organisator","article_publisher":"https:\/\/www.facebook.com\/OrganisatorFachmagazin","article_published_time":"2019-11-11T07:46:10+00:00","og_image":[{"width":654,"height":370,"url":"https:\/\/www.organisator.ch\/wp-content\/uploads\/2021\/07\/organisator_2018_11.png","type":"image\/png"}],"author":"thomas.berner","twitter_card":"summary_large_image","twitter_title":"#Swissmechanic bleibt im #Gewerbeverband","twitter_description":"Am Samstag, 9. November, feierte die #Swissmechanic anl\u00e4sslich ihrer #Delegiertenversammlung den 80. Geburtstag. Beschlossen wurde u.a. der Verbleib im #SGV.","twitter_image":"https:\/\/www.organisator.ch\/wp-content\/uploads\/2021\/07\/organisator_2018_11.png","schema":{"@context":"https:\/\/schema.org","@graph":[{"@type":"Article","@id":"https:\/\/www.organisator.ch\/management\/2019-11-11\/swissmechanic-bleibt-im-gewerbeverband\/#article","isPartOf":{"@id":"https:\/\/www.organisator.ch\/management\/2019-11-11\/swissmechanic-bleibt-im-gewerbeverband\/"},"author":{"name":"thomas.berner","@id":"https:\/\/www.organisator.ch\/#\/schema\/person\/6f650f90b2842cd4c0cc334b4e36f67e"},"headline":"Swissmechanic bleibt im Gewerbeverband","datePublished":"2019-11-11T07:46:10+00:00","mainEntityOfPage":{"@id":"https:\/\/www.organisator.ch\/management\/2019-11-11\/swissmechanic-bleibt-im-gewerbeverband\/"},"wordCount":582,"publisher":{"@id":"https:\/\/www.organisator.ch\/#organization"},"image":{"@id":"https:\/\/www.organisator.ch\/management\/2019-11-11\/swissmechanic-bleibt-im-gewerbeverband\/#primaryimage"},"thumbnailUrl":"https:\/\/www.organisator.ch\/wp-content\/uploads\/2019\/11\/Swissmechanic-bleibt-im-Gewerbeverband-1_Organisator.jpg","keywords":["Branchen","Unternehmen","Verb\u00e4nde","Wirtschaftspolitik"],"articleSection":["MANAGEMENT"],"inLanguage":"fr-FR"},{"@type":"WebPage","@id":"https:\/\/www.organisator.ch\/management\/2019-11-11\/swissmechanic-bleibt-im-gewerbeverband\/","url":"https:\/\/www.organisator.ch\/management\/2019-11-11\/swissmechanic-bleibt-im-gewerbeverband\/","name":"Swissmechanic reste au sein de l'Union suisse des arts et m\u00e9tiers - Organisateur","isPartOf":{"@id":"https:\/\/www.organisator.ch\/#website"},"primaryImageOfPage":{"@id":"https:\/\/www.organisator.ch\/management\/2019-11-11\/swissmechanic-bleibt-im-gewerbeverband\/#primaryimage"},"image":{"@id":"https:\/\/www.organisator.ch\/management\/2019-11-11\/swissmechanic-bleibt-im-gewerbeverband\/#primaryimage"},"thumbnailUrl":"https:\/\/www.organisator.ch\/wp-content\/uploads\/2019\/11\/Swissmechanic-bleibt-im-Gewerbeverband-1_Organisator.jpg","datePublished":"2019-11-11T07:46:10+00:00","description":"Le samedi 9 novembre, Swissmechanic a f\u00eat\u00e9 son 80e anniversaire \u00e0 l'occasion de son assembl\u00e9e des d\u00e9l\u00e9gu\u00e9s. Il a \u00e9t\u00e9 d\u00e9cid\u00e9, entre autres, de rester au sein de l'USAM.","breadcrumb":{"@id":"https:\/\/www.organisator.ch\/management\/2019-11-11\/swissmechanic-bleibt-im-gewerbeverband\/#breadcrumb"},"inLanguage":"fr-FR","potentialAction":[{"@type":"ReadAction","target":["https:\/\/www.organisator.ch\/management\/2019-11-11\/swissmechanic-bleibt-im-gewerbeverband\/"]}]},{"@type":"ImageObject","inLanguage":"fr-FR","@id":"https:\/\/www.organisator.ch\/management\/2019-11-11\/swissmechanic-bleibt-im-gewerbeverband\/#primaryimage","url":"https:\/\/www.organisator.ch\/wp-content\/uploads\/2019\/11\/Swissmechanic-bleibt-im-Gewerbeverband-1_Organisator.jpg","contentUrl":"https:\/\/www.organisator.ch\/wp-content\/uploads\/2019\/11\/Swissmechanic-bleibt-im-Gewerbeverband-1_Organisator.jpg","width":680,"height":453,"caption":"Am Samstag, 9. November, feierte die Swissmechanic Delegiertenversammlung ihren 80. Geburtstag. (Bild: zVg \/ Swissmechanic)"},{"@type":"BreadcrumbList","@id":"https:\/\/www.organisator.ch\/management\/2019-11-11\/swissmechanic-bleibt-im-gewerbeverband\/#breadcrumb","itemListElement":[{"@type":"ListItem","position":1,"name":"Home","item":"https:\/\/www.organisator.ch\/"},{"@type":"ListItem","position":2,"name":"Swissmechanic bleibt im Gewerbeverband"}]},{"@type":"WebSite","@id":"https:\/\/www.organisator.ch\/#website","url":"https:\/\/www.organisator.ch\/","name":"Organisateur","description":"Comp\u00e9tence et comp\u00e9tence. Proches de la pratique. L'ORGANISATEUR pr\u00e9pare 10 num\u00e9ros par an sur les th\u00e8mes essentiels pour les dirigeants de PME.","publisher":{"@id":"https:\/\/www.organisator.ch\/#organization"},"potentialAction":[{"@type":"SearchAction","target":{"@type":"EntryPoint","urlTemplate":"https:\/\/www.organisator.ch\/?s={search_term_string}"},"query-input":{"@type":"PropertyValueSpecification","valueRequired":true,"valueName":"search_term_string"}}],"inLanguage":"fr-FR"},{"@type":"Organization","@id":"https:\/\/www.organisator.ch\/#organization","name":"Organisateur","url":"https:\/\/www.organisator.ch\/","logo":{"@type":"ImageObject","inLanguage":"fr-FR","@id":"https:\/\/www.organisator.ch\/#\/schema\/logo\/image\/","url":"https:\/\/www.organisator.ch\/wp-content\/uploads\/2022\/01\/Logo_Organisator_Website.png","contentUrl":"https:\/\/www.organisator.ch\/wp-content\/uploads\/2022\/01\/Logo_Organisator_Website.png","width":800,"height":77,"caption":"Organisator"},"image":{"@id":"https:\/\/www.organisator.ch\/#\/schema\/logo\/image\/"},"sameAs":["https:\/\/www.facebook.com\/OrganisatorFachmagazin","https:\/\/www.linkedin.com\/showcase\/organisator-das-magazin-fr-kmu","https:\/\/www.xing.com\/news\/pages\/organisator-ch-695","https:\/\/www.youtube.com\/channel\/UCGP2Sq0iWaZwT3BdIAQFYpw"]},{"@type":"Person","@id":"https:\/\/www.organisator.ch\/#\/schema\/person\/6f650f90b2842cd4c0cc334b4e36f67e","name":"thomas.berner","image":{"@type":"ImageObject","inLanguage":"fr-FR","@id":"https:\/\/secure.gravatar.com\/avatar\/ac5001d2a36cb6c6cd3e50789007ffca834b477b74a2144564522e944eabff61?s=96&d=mm&r=g","url":"https:\/\/secure.gravatar.com\/avatar\/ac5001d2a36cb6c6cd3e50789007ffca834b477b74a2144564522e944eabff61?s=96&d=mm&r=g","contentUrl":"https:\/\/secure.gravatar.com\/avatar\/ac5001d2a36cb6c6cd3e50789007ffca834b477b74a2144564522e944eabff61?s=96&d=mm&r=g","caption":"thomas.berner"},"url":"https:\/\/www.organisator.ch\/fr\/author\/thomas-berner\/"}]}},"_links":{"self":[{"href":"https:\/\/www.organisator.ch\/fr\/wp-json\/wp\/v2\/posts\/8583","targetHints":{"allow":["GET"]}}],"collection":[{"href":"https:\/\/www.organisator.ch\/fr\/wp-json\/wp\/v2\/posts"}],"about":[{"href":"https:\/\/www.organisator.ch\/fr\/wp-json\/wp\/v2\/types\/post"}],"author":[{"embeddable":true,"href":"https:\/\/www.organisator.ch\/fr\/wp-json\/wp\/v2\/users\/4"}],"replies":[{"embeddable":true,"href":"https:\/\/www.organisator.ch\/fr\/wp-json\/wp\/v2\/comments?post=8583"}],"version-history":[{"count":0,"href":"https:\/\/www.organisator.ch\/fr\/wp-json\/wp\/v2\/posts\/8583\/revisions"}],"wp:featuredmedia":[{"embeddable":true,"href":"https:\/\/www.organisator.ch\/fr\/wp-json\/wp\/v2\/media\/8492"}],"wp:attachment":[{"href":"https:\/\/www.organisator.ch\/fr\/wp-json\/wp\/v2\/media?parent=8583"}],"wp:term":[{"taxonomy":"category","embeddable":true,"href":"https:\/\/www.organisator.ch\/fr\/wp-json\/wp\/v2\/categories?post=8583"},{"taxonomy":"post_tag","embeddable":true,"href":"https:\/\/www.organisator.ch\/fr\/wp-json\/wp\/v2\/tags?post=8583"}],"curies":[{"name":"wp","href":"https:\/\/api.w.org\/{rel}","templated":true}]}}