{"id":8589,"date":"2019-11-14T09:31:44","date_gmt":"2019-11-14T08:31:44","guid":{"rendered":"https:\/\/www.organisator.ch\/?p=6033"},"modified":"2019-11-14T09:31:44","modified_gmt":"2019-11-14T08:31:44","slug":"mit-office365-zu-einem-modern-workplace-and-security","status":"publish","type":"post","link":"https:\/\/www.organisator.ch\/fr\/management\/it\/2019-11-14\/mit-office365-zu-einem-modern-workplace-and-security\/","title":{"rendered":"Vers un \"poste de travail et une s\u00e9curit\u00e9 modernes\" avec Office365"},"content":{"rendered":"<figure id=\"attachment_6034\" aria-describedby=\"caption-attachment-6034\" style=\"width: 680px\" class=\"wp-caption alignnone\"><img loading=\"lazy\" decoding=\"async\" class=\"size-medium wp-image-6034\" src=\"https:\/\/www.organisator.ch\/wp-content\/uploads\/2019\/11\/Mit-Office365-zu-einem-Modern-Workplace-and-Security_Organisator.jpg\" alt=\"\" width=\"680\" height=\"385\" \/><figcaption id=\"caption-attachment-6034\" class=\"wp-caption-text\">Les applications Office365 sur les t\u00e9l\u00e9phones portables et les smartphones peuvent \u00eatre mieux int\u00e9gr\u00e9es avec la solution de gestion d'applications Intune de Microsoft, comme l'explique entre autres la repr\u00e9sentante de Microsoft Alexandra Stritt. (Image : zVg)<\/figcaption><\/figure>\n<p>De plus en plus souvent, les repr\u00e9sentants des d\u00e9partements sp\u00e9cialis\u00e9s ainsi que les responsables informatiques et de la s\u00e9curit\u00e9 ont tendance \u00e0 consolider les applications et les solutions de gestion de fabricants tiers. En particulier dans l'objectif d'une strat\u00e9gie \"Mobile First \/ Cloud First\", il est judicieux pour de nombreuses applications de remplacer les licences logicielles par des apps d\u00e9j\u00e0 incluses dans les paquets d'entreprise d'Office365 et de profiter ainsi d'une r\u00e9duction des co\u00fbts. En outre, la concentration sur un seul fabricant pr\u00e9sente \u00e9galement des avantages techniques, car les applications Office 365 sur les t\u00e9l\u00e9phones mobiles et les smartphones peuvent \u00eatre mieux int\u00e9gr\u00e9es avec la solution de gestion d'applications Intune de Microsoft. La repr\u00e9sentante de Microsoft Alexandra Stritt, qui a ouvert la manifestation, a toutefois pr\u00e9cis\u00e9 que la r\u00e9alisation d'un poste de travail moderne, mobile et bas\u00e9 sur le cloud n\u00e9cessite, outre les produits, un partenaire d'int\u00e9gration disposant du savoir-faire correspondant : \"Nomasis, l'un de nos principaux partenaires suisses pour la mise \u00e0 disposition d'applications et de services mobiles s\u00e9curis\u00e9s pour les entreprises, apporte une contribution importante \u00e0 la satisfaction des exigences individuelles des clients gr\u00e2ce \u00e0 ses prestations de conseil et de support\".<\/p>\n<p>Lors de l'\u00e9v\u00e9nement, des repr\u00e9sentants de Nomasis ont en outre montr\u00e9 quels outils concrets des domaines de la conf\u00e9rence web, du partage de fichiers, de la messagerie instantan\u00e9e, etc. sont remplac\u00e9s par des apps d'Office365 et comment la suite EM+S (Enterprise Mobility + Security) de Microsoft avec ses services de base de donn\u00e9es et de s\u00e9curit\u00e9 Azure ainsi que Intune peuvent remplacer les solutions traditionnelles de gestion des appareils mobiles et des apps mobiles. Sans compter que pour certaines applications comme l'application de chat Teams ou le bloc-notes num\u00e9rique One Note, il n'existe gu\u00e8re d'alternatives viables sur les smartphones. Pour faciliter au maximum la mise en \u0153uvre des appareils mobiles, Nomasis recommande un service compos\u00e9 de bonnes pratiques, d'outils, de ressources et d'experts sp\u00e9cialis\u00e9s dans le domaine. Avant d'introduire l'EM+S, il faut en effet proc\u00e9der \u00e0 une analyse approfondie de la situation. Il faut par exemple d\u00e9terminer \u00e0 quoi sert exactement la solution de gestion de la mobilit\u00e9 d'entreprise actuellement utilis\u00e9e et comment le nouveau syst\u00e8me de Microsoft peut s'int\u00e9grer dans les services 0n sur site et dans le nuage du fabricant. En outre, il est \u00e9galement n\u00e9cessaire de d\u00e9montrer la faisabilit\u00e9 avant de mettre en \u0153uvre la migration et de profiter des avantages mentionn\u00e9s.<\/p>\n<p><em>Source : <a href=\"http:\/\/www.nomasis.ch\">Nomasis AG<\/a><\/em><\/p>","protected":false},"excerpt":{"rendered":"<p>Immer h\u00e4ufiger neigen Vertreter der Fachabteilungen sowie IT- und Sicherheitsverantwortliche dazu, Apps und Management-L\u00f6sungen von Drittherstellern zu konsolidieren. Insbesondere beim Ziel einer \u201eMobile First \/ Cloud First\u201c-Strategie macht es bei vielen Anwendungen Sinn, Software-Lizenzen durch bereits in Enterprise-Paketen von Office365 enthaltene Apps zu ersetzen und dabei von Kostensenkungen zu profitieren. Dar\u00fcber hinaus bringt die Konzentration [&hellip;]<\/p>\n","protected":false},"author":4,"featured_media":8499,"comment_status":"closed","ping_status":"closed","sticky":false,"template":"","format":"standard","meta":{"_acf_changed":false,"_yoast_wpseo_focuskw":"Office365","_yoast_wpseo_metadesc":"Wie mit Office365 und Intune Anwendungen Dritter ersetzt und Kosten eingespart werden k\u00f6nnen, wurde an einem Event bei Microsoft in Wallisellen gezeigt.","articlekey":"","footnotes":""},"categories":[27],"tags":[260,286,502],"class_list":["post-8589","post","type-post","status-publish","format-standard","has-post-thumbnail","hentry","category-it","tag-ict-sicherheit","tag-it","tag-veranstaltungen"],"acf":[],"yoast_head":"<!-- This site is optimized with the Yoast SEO plugin v27.5 - https:\/\/yoast.com\/product\/yoast-seo-wordpress\/ -->\n<title>Mit Office365 zu einem \u201eModern Workplace and Security\u201d - Organisator<\/title>\n<meta name=\"description\" content=\"Wie mit Office365 und Intune Anwendungen Dritter ersetzt und Kosten eingespart werden k\u00f6nnen, wurde an einem Event bei Microsoft in Wallisellen gezeigt.\" \/>\n<meta name=\"robots\" content=\"index, follow, max-snippet:-1, max-image-preview:large, max-video-preview:-1\" \/>\n<link rel=\"canonical\" href=\"https:\/\/www.organisator.ch\/fr\/gestion-2\/it\/2019-11-14\/mit-office365-zu-einem-modern-workplace-and-security\/\" \/>\n<meta property=\"og:locale\" content=\"fr_FR\" \/>\n<meta property=\"og:type\" content=\"article\" \/>\n<meta property=\"og:title\" content=\"Mit Office365 zu einem \u201eModern Workplace and Security\u201d\" \/>\n<meta property=\"og:description\" content=\"Wie mit Office365 und Intune Anwendungen Dritter ersetzt und Kosten eingespart werden k\u00f6nnen, wurde an einem Event bei Microsoft in Wallisellen gezeigt.\" \/>\n<meta property=\"og:url\" content=\"https:\/\/www.organisator.ch\/fr\/gestion-2\/it\/2019-11-14\/mit-office365-zu-einem-modern-workplace-and-security\/\" \/>\n<meta property=\"og:site_name\" content=\"Organisator\" \/>\n<meta property=\"article:publisher\" content=\"https:\/\/www.facebook.com\/OrganisatorFachmagazin\" \/>\n<meta property=\"article:published_time\" content=\"2019-11-14T08:31:44+00:00\" \/>\n<meta name=\"author\" content=\"thomas.berner\" \/>\n<meta name=\"twitter:card\" content=\"summary_large_image\" \/>\n<meta name=\"twitter:title\" content=\"Mit #Office365 zu einem \u201eModern Workplace and Security\u201d\" \/>\n<meta name=\"twitter:description\" content=\"Wie mit #Office365 und #Intune Anwendungen Dritter ersetzt und Kosten eingespart werden k\u00f6nnen, wurde an einem Event bei #Microsoft in Wallisellen gezeigt.\" \/>\n<script type=\"application\/ld+json\" class=\"yoast-schema-graph\">{\"@context\":\"https:\\\/\\\/schema.org\",\"@graph\":[{\"@type\":\"Article\",\"@id\":\"https:\\\/\\\/www.organisator.ch\\\/management\\\/it\\\/2019-11-14\\\/mit-office365-zu-einem-modern-workplace-and-security\\\/#article\",\"isPartOf\":{\"@id\":\"https:\\\/\\\/www.organisator.ch\\\/management\\\/it\\\/2019-11-14\\\/mit-office365-zu-einem-modern-workplace-and-security\\\/\"},\"author\":{\"name\":\"thomas.berner\",\"@id\":\"https:\\\/\\\/www.organisator.ch\\\/#\\\/schema\\\/person\\\/6f650f90b2842cd4c0cc334b4e36f67e\"},\"headline\":\"Mit Office365 zu einem \u201eModern Workplace and Security\u201d\",\"datePublished\":\"2019-11-14T08:31:44+00:00\",\"mainEntityOfPage\":{\"@id\":\"https:\\\/\\\/www.organisator.ch\\\/management\\\/it\\\/2019-11-14\\\/mit-office365-zu-einem-modern-workplace-and-security\\\/\"},\"wordCount\":379,\"publisher\":{\"@id\":\"https:\\\/\\\/www.organisator.ch\\\/#organization\"},\"image\":{\"@id\":\"https:\\\/\\\/www.organisator.ch\\\/management\\\/it\\\/2019-11-14\\\/mit-office365-zu-einem-modern-workplace-and-security\\\/#primaryimage\"},\"thumbnailUrl\":\"https:\\\/\\\/www.organisator.ch\\\/wp-content\\\/uploads\\\/2019\\\/11\\\/Mit-Office365-zu-einem-Modern-Workplace-and-Security_Organisator.jpg\",\"keywords\":[\"ICT-Sicherheit\",\"IT\",\"Veranstaltungen\"],\"articleSection\":[\"IT\"],\"inLanguage\":\"fr-FR\"},{\"@type\":\"WebPage\",\"@id\":\"https:\\\/\\\/www.organisator.ch\\\/management\\\/it\\\/2019-11-14\\\/mit-office365-zu-einem-modern-workplace-and-security\\\/\",\"url\":\"https:\\\/\\\/www.organisator.ch\\\/management\\\/it\\\/2019-11-14\\\/mit-office365-zu-einem-modern-workplace-and-security\\\/\",\"name\":\"Mit Office365 zu einem \u201eModern Workplace and Security\u201d - Organisator\",\"isPartOf\":{\"@id\":\"https:\\\/\\\/www.organisator.ch\\\/#website\"},\"primaryImageOfPage\":{\"@id\":\"https:\\\/\\\/www.organisator.ch\\\/management\\\/it\\\/2019-11-14\\\/mit-office365-zu-einem-modern-workplace-and-security\\\/#primaryimage\"},\"image\":{\"@id\":\"https:\\\/\\\/www.organisator.ch\\\/management\\\/it\\\/2019-11-14\\\/mit-office365-zu-einem-modern-workplace-and-security\\\/#primaryimage\"},\"thumbnailUrl\":\"https:\\\/\\\/www.organisator.ch\\\/wp-content\\\/uploads\\\/2019\\\/11\\\/Mit-Office365-zu-einem-Modern-Workplace-and-Security_Organisator.jpg\",\"datePublished\":\"2019-11-14T08:31:44+00:00\",\"description\":\"Wie mit Office365 und Intune Anwendungen Dritter ersetzt und Kosten eingespart werden k\u00f6nnen, wurde an einem Event bei Microsoft in Wallisellen gezeigt.\",\"breadcrumb\":{\"@id\":\"https:\\\/\\\/www.organisator.ch\\\/management\\\/it\\\/2019-11-14\\\/mit-office365-zu-einem-modern-workplace-and-security\\\/#breadcrumb\"},\"inLanguage\":\"fr-FR\",\"potentialAction\":[{\"@type\":\"ReadAction\",\"target\":[\"https:\\\/\\\/www.organisator.ch\\\/management\\\/it\\\/2019-11-14\\\/mit-office365-zu-einem-modern-workplace-and-security\\\/\"]}]},{\"@type\":\"ImageObject\",\"inLanguage\":\"fr-FR\",\"@id\":\"https:\\\/\\\/www.organisator.ch\\\/management\\\/it\\\/2019-11-14\\\/mit-office365-zu-einem-modern-workplace-and-security\\\/#primaryimage\",\"url\":\"https:\\\/\\\/www.organisator.ch\\\/wp-content\\\/uploads\\\/2019\\\/11\\\/Mit-Office365-zu-einem-Modern-Workplace-and-Security_Organisator.jpg\",\"contentUrl\":\"https:\\\/\\\/www.organisator.ch\\\/wp-content\\\/uploads\\\/2019\\\/11\\\/Mit-Office365-zu-einem-Modern-Workplace-and-Security_Organisator.jpg\",\"width\":680,\"height\":385,\"caption\":\"Office365-Apps auf Handys und Smartphones lassen sich mit Microsofts App-Management-L\u00f6sung Intune besser integrieren, wie u.a. Microsoft-Vertreterin Alexandra Stritt erkl\u00e4rt. (Bild: zVg)\"},{\"@type\":\"BreadcrumbList\",\"@id\":\"https:\\\/\\\/www.organisator.ch\\\/management\\\/it\\\/2019-11-14\\\/mit-office365-zu-einem-modern-workplace-and-security\\\/#breadcrumb\",\"itemListElement\":[{\"@type\":\"ListItem\",\"position\":1,\"name\":\"Home\",\"item\":\"https:\\\/\\\/www.organisator.ch\\\/\"},{\"@type\":\"ListItem\",\"position\":2,\"name\":\"Mit Office365 zu einem \u201eModern Workplace and Security\u201d\"}]},{\"@type\":\"WebSite\",\"@id\":\"https:\\\/\\\/www.organisator.ch\\\/#website\",\"url\":\"https:\\\/\\\/www.organisator.ch\\\/\",\"name\":\"Organisator\",\"description\":\"Kompetent. Praxisnah. Der ORGANISATOR bereitet in 10 Ausgaben pro Jahr die wesentlichen Themen f\u00fcr F\u00fchrungskr\u00e4fte von KMU auf.\",\"publisher\":{\"@id\":\"https:\\\/\\\/www.organisator.ch\\\/#organization\"},\"potentialAction\":[{\"@type\":\"SearchAction\",\"target\":{\"@type\":\"EntryPoint\",\"urlTemplate\":\"https:\\\/\\\/www.organisator.ch\\\/?s={search_term_string}\"},\"query-input\":{\"@type\":\"PropertyValueSpecification\",\"valueRequired\":true,\"valueName\":\"search_term_string\"}}],\"inLanguage\":\"fr-FR\"},{\"@type\":\"Organization\",\"@id\":\"https:\\\/\\\/www.organisator.ch\\\/#organization\",\"name\":\"Organisator\",\"url\":\"https:\\\/\\\/www.organisator.ch\\\/\",\"logo\":{\"@type\":\"ImageObject\",\"inLanguage\":\"fr-FR\",\"@id\":\"https:\\\/\\\/www.organisator.ch\\\/#\\\/schema\\\/logo\\\/image\\\/\",\"url\":\"https:\\\/\\\/www.organisator.ch\\\/wp-content\\\/uploads\\\/2022\\\/01\\\/Logo_Organisator_Website.png\",\"contentUrl\":\"https:\\\/\\\/www.organisator.ch\\\/wp-content\\\/uploads\\\/2022\\\/01\\\/Logo_Organisator_Website.png\",\"width\":800,\"height\":77,\"caption\":\"Organisator\"},\"image\":{\"@id\":\"https:\\\/\\\/www.organisator.ch\\\/#\\\/schema\\\/logo\\\/image\\\/\"},\"sameAs\":[\"https:\\\/\\\/www.facebook.com\\\/OrganisatorFachmagazin\",\"https:\\\/\\\/www.linkedin.com\\\/showcase\\\/organisator-das-magazin-fr-kmu\",\"https:\\\/\\\/www.xing.com\\\/news\\\/pages\\\/organisator-ch-695\",\"https:\\\/\\\/www.youtube.com\\\/channel\\\/UCGP2Sq0iWaZwT3BdIAQFYpw\"]},{\"@type\":\"Person\",\"@id\":\"https:\\\/\\\/www.organisator.ch\\\/#\\\/schema\\\/person\\\/6f650f90b2842cd4c0cc334b4e36f67e\",\"name\":\"thomas.berner\",\"image\":{\"@type\":\"ImageObject\",\"inLanguage\":\"fr-FR\",\"@id\":\"https:\\\/\\\/secure.gravatar.com\\\/avatar\\\/ac5001d2a36cb6c6cd3e50789007ffca834b477b74a2144564522e944eabff61?s=96&d=mm&r=g\",\"url\":\"https:\\\/\\\/secure.gravatar.com\\\/avatar\\\/ac5001d2a36cb6c6cd3e50789007ffca834b477b74a2144564522e944eabff61?s=96&d=mm&r=g\",\"contentUrl\":\"https:\\\/\\\/secure.gravatar.com\\\/avatar\\\/ac5001d2a36cb6c6cd3e50789007ffca834b477b74a2144564522e944eabff61?s=96&d=mm&r=g\",\"caption\":\"thomas.berner\"},\"url\":\"https:\\\/\\\/www.organisator.ch\\\/fr\\\/author\\\/thomas-berner\\\/\"}]}<\/script>\n<!-- \/ Yoast SEO plugin. -->","yoast_head_json":{"title":"Avec Office365 vers un \"Modern Workplace and Security\" - Organisateur","description":"La mani\u00e8re dont Office365 et Intune permettent de remplacer des applications de tiers et de r\u00e9aliser des \u00e9conomies a \u00e9t\u00e9 d\u00e9montr\u00e9e lors d'un \u00e9v\u00e9nement organis\u00e9 par Microsoft \u00e0 Wallisellen.","robots":{"index":"index","follow":"follow","max-snippet":"max-snippet:-1","max-image-preview":"max-image-preview:large","max-video-preview":"max-video-preview:-1"},"canonical":"https:\/\/www.organisator.ch\/fr\/gestion-2\/it\/2019-11-14\/mit-office365-zu-einem-modern-workplace-and-security\/","og_locale":"fr_FR","og_type":"article","og_title":"Mit Office365 zu einem \u201eModern Workplace and Security\u201d","og_description":"Wie mit Office365 und Intune Anwendungen Dritter ersetzt und Kosten eingespart werden k\u00f6nnen, wurde an einem Event bei Microsoft in Wallisellen gezeigt.","og_url":"https:\/\/www.organisator.ch\/fr\/gestion-2\/it\/2019-11-14\/mit-office365-zu-einem-modern-workplace-and-security\/","og_site_name":"Organisator","article_publisher":"https:\/\/www.facebook.com\/OrganisatorFachmagazin","article_published_time":"2019-11-14T08:31:44+00:00","author":"thomas.berner","twitter_card":"summary_large_image","twitter_title":"Mit #Office365 zu einem \u201eModern Workplace and Security\u201d","twitter_description":"Wie mit #Office365 und #Intune Anwendungen Dritter ersetzt und Kosten eingespart werden k\u00f6nnen, wurde an einem Event bei #Microsoft in Wallisellen gezeigt.","schema":{"@context":"https:\/\/schema.org","@graph":[{"@type":"Article","@id":"https:\/\/www.organisator.ch\/management\/it\/2019-11-14\/mit-office365-zu-einem-modern-workplace-and-security\/#article","isPartOf":{"@id":"https:\/\/www.organisator.ch\/management\/it\/2019-11-14\/mit-office365-zu-einem-modern-workplace-and-security\/"},"author":{"name":"thomas.berner","@id":"https:\/\/www.organisator.ch\/#\/schema\/person\/6f650f90b2842cd4c0cc334b4e36f67e"},"headline":"Mit Office365 zu einem \u201eModern Workplace and Security\u201d","datePublished":"2019-11-14T08:31:44+00:00","mainEntityOfPage":{"@id":"https:\/\/www.organisator.ch\/management\/it\/2019-11-14\/mit-office365-zu-einem-modern-workplace-and-security\/"},"wordCount":379,"publisher":{"@id":"https:\/\/www.organisator.ch\/#organization"},"image":{"@id":"https:\/\/www.organisator.ch\/management\/it\/2019-11-14\/mit-office365-zu-einem-modern-workplace-and-security\/#primaryimage"},"thumbnailUrl":"https:\/\/www.organisator.ch\/wp-content\/uploads\/2019\/11\/Mit-Office365-zu-einem-Modern-Workplace-and-Security_Organisator.jpg","keywords":["ICT-Sicherheit","IT","Veranstaltungen"],"articleSection":["IT"],"inLanguage":"fr-FR"},{"@type":"WebPage","@id":"https:\/\/www.organisator.ch\/management\/it\/2019-11-14\/mit-office365-zu-einem-modern-workplace-and-security\/","url":"https:\/\/www.organisator.ch\/management\/it\/2019-11-14\/mit-office365-zu-einem-modern-workplace-and-security\/","name":"Avec Office365 vers un \"Modern Workplace and Security\" - Organisateur","isPartOf":{"@id":"https:\/\/www.organisator.ch\/#website"},"primaryImageOfPage":{"@id":"https:\/\/www.organisator.ch\/management\/it\/2019-11-14\/mit-office365-zu-einem-modern-workplace-and-security\/#primaryimage"},"image":{"@id":"https:\/\/www.organisator.ch\/management\/it\/2019-11-14\/mit-office365-zu-einem-modern-workplace-and-security\/#primaryimage"},"thumbnailUrl":"https:\/\/www.organisator.ch\/wp-content\/uploads\/2019\/11\/Mit-Office365-zu-einem-Modern-Workplace-and-Security_Organisator.jpg","datePublished":"2019-11-14T08:31:44+00:00","description":"La mani\u00e8re dont Office365 et Intune permettent de remplacer des applications de tiers et de r\u00e9aliser des \u00e9conomies a \u00e9t\u00e9 d\u00e9montr\u00e9e lors d'un \u00e9v\u00e9nement organis\u00e9 par Microsoft \u00e0 Wallisellen.","breadcrumb":{"@id":"https:\/\/www.organisator.ch\/management\/it\/2019-11-14\/mit-office365-zu-einem-modern-workplace-and-security\/#breadcrumb"},"inLanguage":"fr-FR","potentialAction":[{"@type":"ReadAction","target":["https:\/\/www.organisator.ch\/management\/it\/2019-11-14\/mit-office365-zu-einem-modern-workplace-and-security\/"]}]},{"@type":"ImageObject","inLanguage":"fr-FR","@id":"https:\/\/www.organisator.ch\/management\/it\/2019-11-14\/mit-office365-zu-einem-modern-workplace-and-security\/#primaryimage","url":"https:\/\/www.organisator.ch\/wp-content\/uploads\/2019\/11\/Mit-Office365-zu-einem-Modern-Workplace-and-Security_Organisator.jpg","contentUrl":"https:\/\/www.organisator.ch\/wp-content\/uploads\/2019\/11\/Mit-Office365-zu-einem-Modern-Workplace-and-Security_Organisator.jpg","width":680,"height":385,"caption":"Office365-Apps auf Handys und Smartphones lassen sich mit Microsofts App-Management-L\u00f6sung Intune besser integrieren, wie u.a. Microsoft-Vertreterin Alexandra Stritt erkl\u00e4rt. (Bild: zVg)"},{"@type":"BreadcrumbList","@id":"https:\/\/www.organisator.ch\/management\/it\/2019-11-14\/mit-office365-zu-einem-modern-workplace-and-security\/#breadcrumb","itemListElement":[{"@type":"ListItem","position":1,"name":"Home","item":"https:\/\/www.organisator.ch\/"},{"@type":"ListItem","position":2,"name":"Mit Office365 zu einem \u201eModern Workplace and Security\u201d"}]},{"@type":"WebSite","@id":"https:\/\/www.organisator.ch\/#website","url":"https:\/\/www.organisator.ch\/","name":"Organisateur","description":"Comp\u00e9tence et comp\u00e9tence. Proches de la pratique. L'ORGANISATEUR pr\u00e9pare 10 num\u00e9ros par an sur les th\u00e8mes essentiels pour les dirigeants de PME.","publisher":{"@id":"https:\/\/www.organisator.ch\/#organization"},"potentialAction":[{"@type":"SearchAction","target":{"@type":"EntryPoint","urlTemplate":"https:\/\/www.organisator.ch\/?s={search_term_string}"},"query-input":{"@type":"PropertyValueSpecification","valueRequired":true,"valueName":"search_term_string"}}],"inLanguage":"fr-FR"},{"@type":"Organization","@id":"https:\/\/www.organisator.ch\/#organization","name":"Organisateur","url":"https:\/\/www.organisator.ch\/","logo":{"@type":"ImageObject","inLanguage":"fr-FR","@id":"https:\/\/www.organisator.ch\/#\/schema\/logo\/image\/","url":"https:\/\/www.organisator.ch\/wp-content\/uploads\/2022\/01\/Logo_Organisator_Website.png","contentUrl":"https:\/\/www.organisator.ch\/wp-content\/uploads\/2022\/01\/Logo_Organisator_Website.png","width":800,"height":77,"caption":"Organisator"},"image":{"@id":"https:\/\/www.organisator.ch\/#\/schema\/logo\/image\/"},"sameAs":["https:\/\/www.facebook.com\/OrganisatorFachmagazin","https:\/\/www.linkedin.com\/showcase\/organisator-das-magazin-fr-kmu","https:\/\/www.xing.com\/news\/pages\/organisator-ch-695","https:\/\/www.youtube.com\/channel\/UCGP2Sq0iWaZwT3BdIAQFYpw"]},{"@type":"Person","@id":"https:\/\/www.organisator.ch\/#\/schema\/person\/6f650f90b2842cd4c0cc334b4e36f67e","name":"thomas.berner","image":{"@type":"ImageObject","inLanguage":"fr-FR","@id":"https:\/\/secure.gravatar.com\/avatar\/ac5001d2a36cb6c6cd3e50789007ffca834b477b74a2144564522e944eabff61?s=96&d=mm&r=g","url":"https:\/\/secure.gravatar.com\/avatar\/ac5001d2a36cb6c6cd3e50789007ffca834b477b74a2144564522e944eabff61?s=96&d=mm&r=g","contentUrl":"https:\/\/secure.gravatar.com\/avatar\/ac5001d2a36cb6c6cd3e50789007ffca834b477b74a2144564522e944eabff61?s=96&d=mm&r=g","caption":"thomas.berner"},"url":"https:\/\/www.organisator.ch\/fr\/author\/thomas-berner\/"}]}},"_links":{"self":[{"href":"https:\/\/www.organisator.ch\/fr\/wp-json\/wp\/v2\/posts\/8589","targetHints":{"allow":["GET"]}}],"collection":[{"href":"https:\/\/www.organisator.ch\/fr\/wp-json\/wp\/v2\/posts"}],"about":[{"href":"https:\/\/www.organisator.ch\/fr\/wp-json\/wp\/v2\/types\/post"}],"author":[{"embeddable":true,"href":"https:\/\/www.organisator.ch\/fr\/wp-json\/wp\/v2\/users\/4"}],"replies":[{"embeddable":true,"href":"https:\/\/www.organisator.ch\/fr\/wp-json\/wp\/v2\/comments?post=8589"}],"version-history":[{"count":0,"href":"https:\/\/www.organisator.ch\/fr\/wp-json\/wp\/v2\/posts\/8589\/revisions"}],"wp:featuredmedia":[{"embeddable":true,"href":"https:\/\/www.organisator.ch\/fr\/wp-json\/wp\/v2\/media\/8499"}],"wp:attachment":[{"href":"https:\/\/www.organisator.ch\/fr\/wp-json\/wp\/v2\/media?parent=8589"}],"wp:term":[{"taxonomy":"category","embeddable":true,"href":"https:\/\/www.organisator.ch\/fr\/wp-json\/wp\/v2\/categories?post=8589"},{"taxonomy":"post_tag","embeddable":true,"href":"https:\/\/www.organisator.ch\/fr\/wp-json\/wp\/v2\/tags?post=8589"}],"curies":[{"name":"wp","href":"https:\/\/api.w.org\/{rel}","templated":true}]}}