{"id":859,"date":"2017-03-07T09:43:25","date_gmt":"2017-03-07T08:43:25","guid":{"rendered":"https:\/\/www.umweltperspektiven.ch\/?p=859"},"modified":"2022-02-09T11:05:38","modified_gmt":"2022-02-09T10:05:38","slug":"gesucht-metallsammler-des-jahres","status":"publish","type":"post","link":"https:\/\/www.organisator.ch\/fr\/sustainability\/2017-03-07\/gesucht-metallsammler-des-jahres\/","title":{"rendered":"Nous recherchons : Collectionneur de m\u00e9taux de l'ann\u00e9e"},"content":{"rendered":"<figure id=\"attachment_860\" aria-describedby=\"caption-attachment-860\" style=\"width: 680px\" class=\"wp-caption alignnone\"><img loading=\"lazy\" decoding=\"async\" class=\"size-medium wp-image-860\" src=\"\/\/www.umweltperspektiven.ch\/wp-content\/uploads\/2017\/03\/tueftelwerk_luzern.jpg\" alt=\"\" width=\"680\" height=\"453\" \/><figcaption id=\"caption-attachment-860\" class=\"wp-caption-text\">L'atelier universel \"T\u00fcftelwerk\" \u00e0 Lucerne a remport\u00e9 le Prix Metal Recycling 2016. Dans cet atelier, les enfants apprennent \u00e0 faire de l'artisanat cr\u00e9atif \u00e0 partir de vieux emballages m\u00e9talliques. (Image : PHOTOPRESS\/Urs Flueeler)<\/figcaption><\/figure>\n<p>Les Suisses sont connus pour \u00eatre des collecteurs d'emballages usag\u00e9s. C'est aussi vrai pour les emballages m\u00e9talliques que pour tous les autres emballages. Chaque ann\u00e9e, plus de trois kilos de canettes en aluminium, de barquettes d'aliments pour animaux de compagnie, de tubes de moutarde, de capsules de caf\u00e9 et de bo\u00eetes de conserve sont collect\u00e9s par habitant, soit un total de 25 600 tonnes. Pour que cette tendance se poursuive, Igora et Ferro Recycling r\u00e9compensent chaque ann\u00e9e trois collecteurs de m\u00e9taux suisses exemplaires en leur d\u00e9cernant le Prix du recyclage des m\u00e9taux.<\/p>\n<p>La nouvelle course aux collecteurs de m\u00e9taux les plus assidus d\u00e9bute d\u00e8s maintenant et dure jusqu'au 31 mai 2017. Les deux organisations de recyclage Igora et Ferro Recycling sont responsables de la course. En guise de reconnaissance et d'estime, elles r\u00e9compensent les trois meilleurs collecteurs de m\u00e9taux 2017 avec 1000 francs chacun et les \u00e9lisent en m\u00eame temps champions suisses de la collecte de m\u00e9taux.<\/p>\n<p><strong>Tout le monde peut participer<br \/>\n<\/strong>Les collecteurs de m\u00e9taux peuvent participer \u00e0 la course rapidement et facilement. Il suffit de se rendre sur les sites <a title=\"Prix Metal Recycling\" href=\"\/\/www.igora.ch\/de\/aktivitaeten\/prix-metallrecycling\/prix-metallrecycling\/\" target=\"_blank\" rel=\"noopener\">igora.ch<\/a> ou <a href=\"\/\/ferrorecycling.ch\/de\/aktivitaeten\/prix-metal-recycling\/\" target=\"_blank\" rel=\"noopener\">ferrorecycling.ch<\/a> sous Prix-recyclage des m\u00e9taux, \u00e9crire en quelques mots comment les emballages m\u00e9talliques vides sont collect\u00e9s et envoy\u00e9s au recyclage. L'envoi d'un e-mail \u00e0 <a href=\"mailto:info@igora.ch\">info@igora.ch<\/a> ou une carte postale \u00e0 Igora ou Ferro Recycling \u00e0 Thalwil est possible. Les informations suivantes sont alors importantes : combien d'emballages m\u00e9talliques sont collect\u00e9s, comment et o\u00f9, et quel type d'emballages m\u00e9talliques. En outre, l'adresse compl\u00e8te doit \u00eatre mentionn\u00e9e, avec le t\u00e9l\u00e9phone et, si elle est disponible, l'adresse e-mail. La date limite d'envoi est le 31 mai 2017.<\/p>\n<p><strong>D\u00e9termination des gagnants selon trois crit\u00e8res<br \/>\n<\/strong>Un cercle de sp\u00e9cialistes d\u00e9signe les collecteurs de m\u00e9taux les plus performants parmi les envois. Ce sont surtout l'initiative personnelle, l'enthousiasme et la cr\u00e9ativit\u00e9 dont les gagnants potentiels font preuve en collectant des emballages m\u00e9talliques qui marquent des points.<\/p>\n<p>L'ann\u00e9e derni\u00e8re, entre autres, le <a href=\"\/\/www.tueftelwerk.ch\/\">T\u00fcftelwerk <\/a>\u00e0 Lucerne a \u00e9t\u00e9 r\u00e9compens\u00e9. L'atelier ouvert aux enfants met particuli\u00e8rement l'accent sur l'exp\u00e9rimentation et le bricolage avec des emballages en aluminium et en m\u00e9tal - avec des r\u00e9sultats cr\u00e9atifs et souvent \u00e9tonnants.<\/p>\n<p>Un recycleur qualifi\u00e9 qui collecte chaque jour des emballages m\u00e9talliques aupr\u00e8s des m\u00e9nages priv\u00e9s, des restaurants, des bars et des entreprises avec son v\u00e9lo et sa remorque, r\u00e9introduisant ainsi chaque ann\u00e9e quatre \u00e0 cinq tonnes de m\u00e9tal dans le cycle des mat\u00e9riaux, ainsi qu'une famille engag\u00e9e qui collecte \u00e9galement avec attention les canettes en aluminium lors de ses promenades, \u00e9taient les deux autres gagnants.<\/p>\n<p>&nbsp;<\/p>\n<p>&nbsp;<\/p>\n<p>&nbsp;<\/p>","protected":false},"excerpt":{"rendered":"<p>Die Schweizer sind bekannt als Sammelvolk von gebrauchten Verpackungen. Bei den Metallverpackungen trifft dies genauso zu wie bei allen anderen Verpackungen. Pro Einwohner und Jahr werden j\u00e4hrlich \u00fcber drei\u00a0Kilo Aludosen, Tiernahrungsschalen, Senftuben, Kaffeekapseln und Konservendosen gesammelt oder insgesamt 25&#8217;600 Tonnen. Damit dieser Trend weiter andauert, pr\u00e4mieren Igora und Ferro Recycling mit dem Prix-Metallrecycling j\u00e4hrlich drei [&hellip;]<\/p>\n","protected":false},"author":1,"featured_media":860,"comment_status":"open","ping_status":"open","sticky":false,"template":"","format":"standard","meta":{"_acf_changed":false,"_yoast_wpseo_focuskw":"Metallsammler","_yoast_wpseo_metadesc":"Der Prix-Metallrecycling k\u00fcrt die drei besten Metallsammler der Schweiz und will damit umweltgerechtes Verhalten im Umgang mit Metallverpackungen f\u00f6rdern.","articlekey":"","footnotes":""},"categories":[580],"tags":[1166,1394,1697,1987],"class_list":["post-859","post","type-post","status-publish","format-standard","has-post-thumbnail","hentry","category-sustainability","tag-ferro-recycling","tag-igora","tag-metallrecyling","tag-recycling"],"acf":[],"yoast_head":"<!-- This site is optimized with the Yoast SEO plugin v27.4 - https:\/\/yoast.com\/product\/yoast-seo-wordpress\/ -->\n<title>Gesucht: Metallsammler des Jahres - Organisator<\/title>\n<meta name=\"description\" content=\"Der Prix-Metallrecycling k\u00fcrt die drei besten Metallsammler der Schweiz und will damit umweltgerechtes Verhalten im Umgang mit Metallverpackungen f\u00f6rdern.\" \/>\n<meta name=\"robots\" content=\"index, follow, max-snippet:-1, max-image-preview:large, max-video-preview:-1\" \/>\n<link rel=\"canonical\" href=\"https:\/\/www.organisator.ch\/fr\/sustainability\/2017-03-07\/gesucht-metallsammler-des-jahres\/\" \/>\n<meta property=\"og:locale\" content=\"fr_FR\" \/>\n<meta property=\"og:type\" content=\"article\" \/>\n<meta property=\"og:title\" content=\"Gesucht: Metallsammler des Jahres - Organisator\" \/>\n<meta property=\"og:description\" content=\"Der Prix-Metallrecycling k\u00fcrt die drei besten Metallsammler der Schweiz und will damit umweltgerechtes Verhalten im Umgang mit Metallverpackungen f\u00f6rdern.\" \/>\n<meta property=\"og:url\" content=\"https:\/\/www.organisator.ch\/fr\/sustainability\/2017-03-07\/gesucht-metallsammler-des-jahres\/\" \/>\n<meta property=\"og:site_name\" content=\"Organisator\" \/>\n<meta property=\"article:publisher\" content=\"https:\/\/www.facebook.com\/OrganisatorFachmagazin\" \/>\n<meta property=\"article:published_time\" content=\"2017-03-07T08:43:25+00:00\" \/>\n<meta property=\"article:modified_time\" content=\"2022-02-09T10:05:38+00:00\" \/>\n<meta property=\"og:image\" content=\"https:\/\/www.organisator.ch\/wp-content\/uploads\/2017\/03\/tueftelwerk_luzern-scaled.jpg\" \/>\n\t<meta property=\"og:image:width\" content=\"2560\" \/>\n\t<meta property=\"og:image:height\" content=\"1707\" \/>\n\t<meta property=\"og:image:type\" content=\"image\/jpeg\" \/>\n<meta name=\"author\" content=\"admin\" \/>\n<meta name=\"twitter:card\" content=\"summary_large_image\" \/>\n<script type=\"application\/ld+json\" class=\"yoast-schema-graph\">{\"@context\":\"https:\\\/\\\/schema.org\",\"@graph\":[{\"@type\":\"Article\",\"@id\":\"https:\\\/\\\/www.organisator.ch\\\/sustainability\\\/2017-03-07\\\/gesucht-metallsammler-des-jahres\\\/#article\",\"isPartOf\":{\"@id\":\"https:\\\/\\\/www.organisator.ch\\\/sustainability\\\/2017-03-07\\\/gesucht-metallsammler-des-jahres\\\/\"},\"author\":{\"name\":\"admin\",\"@id\":\"https:\\\/\\\/www.organisator.ch\\\/#\\\/schema\\\/person\\\/aa2bace6c5c5aad60102004a50c4eb1c\"},\"headline\":\"Gesucht: Metallsammler des Jahres\",\"datePublished\":\"2017-03-07T08:43:25+00:00\",\"dateModified\":\"2022-02-09T10:05:38+00:00\",\"mainEntityOfPage\":{\"@id\":\"https:\\\/\\\/www.organisator.ch\\\/sustainability\\\/2017-03-07\\\/gesucht-metallsammler-des-jahres\\\/\"},\"wordCount\":382,\"commentCount\":0,\"publisher\":{\"@id\":\"https:\\\/\\\/www.organisator.ch\\\/#organization\"},\"image\":{\"@id\":\"https:\\\/\\\/www.organisator.ch\\\/sustainability\\\/2017-03-07\\\/gesucht-metallsammler-des-jahres\\\/#primaryimage\"},\"thumbnailUrl\":\"https:\\\/\\\/www.organisator.ch\\\/wp-content\\\/uploads\\\/2017\\\/03\\\/tueftelwerk_luzern-scaled.jpg\",\"keywords\":[\"Ferro Recycling\",\"Igora\",\"Metallrecyling\",\"Recycling\"],\"articleSection\":[\"SUSTAINABILITY\"],\"inLanguage\":\"fr-FR\"},{\"@type\":\"WebPage\",\"@id\":\"https:\\\/\\\/www.organisator.ch\\\/sustainability\\\/2017-03-07\\\/gesucht-metallsammler-des-jahres\\\/\",\"url\":\"https:\\\/\\\/www.organisator.ch\\\/sustainability\\\/2017-03-07\\\/gesucht-metallsammler-des-jahres\\\/\",\"name\":\"Gesucht: Metallsammler des Jahres - Organisator\",\"isPartOf\":{\"@id\":\"https:\\\/\\\/www.organisator.ch\\\/#website\"},\"primaryImageOfPage\":{\"@id\":\"https:\\\/\\\/www.organisator.ch\\\/sustainability\\\/2017-03-07\\\/gesucht-metallsammler-des-jahres\\\/#primaryimage\"},\"image\":{\"@id\":\"https:\\\/\\\/www.organisator.ch\\\/sustainability\\\/2017-03-07\\\/gesucht-metallsammler-des-jahres\\\/#primaryimage\"},\"thumbnailUrl\":\"https:\\\/\\\/www.organisator.ch\\\/wp-content\\\/uploads\\\/2017\\\/03\\\/tueftelwerk_luzern-scaled.jpg\",\"datePublished\":\"2017-03-07T08:43:25+00:00\",\"dateModified\":\"2022-02-09T10:05:38+00:00\",\"description\":\"Der Prix-Metallrecycling k\u00fcrt die drei besten Metallsammler der Schweiz und will damit umweltgerechtes Verhalten im Umgang mit Metallverpackungen f\u00f6rdern.\",\"breadcrumb\":{\"@id\":\"https:\\\/\\\/www.organisator.ch\\\/sustainability\\\/2017-03-07\\\/gesucht-metallsammler-des-jahres\\\/#breadcrumb\"},\"inLanguage\":\"fr-FR\",\"potentialAction\":[{\"@type\":\"ReadAction\",\"target\":[\"https:\\\/\\\/www.organisator.ch\\\/sustainability\\\/2017-03-07\\\/gesucht-metallsammler-des-jahres\\\/\"]}]},{\"@type\":\"ImageObject\",\"inLanguage\":\"fr-FR\",\"@id\":\"https:\\\/\\\/www.organisator.ch\\\/sustainability\\\/2017-03-07\\\/gesucht-metallsammler-des-jahres\\\/#primaryimage\",\"url\":\"https:\\\/\\\/www.organisator.ch\\\/wp-content\\\/uploads\\\/2017\\\/03\\\/tueftelwerk_luzern-scaled.jpg\",\"contentUrl\":\"https:\\\/\\\/www.organisator.ch\\\/wp-content\\\/uploads\\\/2017\\\/03\\\/tueftelwerk_luzern-scaled.jpg\",\"width\":2560,\"height\":1707,\"caption\":\"Die Universalwerkstadt \\\"Tueftelwerk\\\" in Luzern gewann den Prix Metal Recycling 2016. In der Werkstatt lernen Kinder, aus alten Metallverpackungen kreative Handwerkskunst zu schaffen. (Bild: PHOTOPRESS\\\/Urs Flueeler)\"},{\"@type\":\"BreadcrumbList\",\"@id\":\"https:\\\/\\\/www.organisator.ch\\\/sustainability\\\/2017-03-07\\\/gesucht-metallsammler-des-jahres\\\/#breadcrumb\",\"itemListElement\":[{\"@type\":\"ListItem\",\"position\":1,\"name\":\"Home\",\"item\":\"https:\\\/\\\/www.organisator.ch\\\/\"},{\"@type\":\"ListItem\",\"position\":2,\"name\":\"Gesucht: Metallsammler des Jahres\"}]},{\"@type\":\"WebSite\",\"@id\":\"https:\\\/\\\/www.organisator.ch\\\/#website\",\"url\":\"https:\\\/\\\/www.organisator.ch\\\/\",\"name\":\"Organisator\",\"description\":\"Kompetent. Praxisnah. Der ORGANISATOR bereitet in 10 Ausgaben pro Jahr die wesentlichen Themen f\u00fcr F\u00fchrungskr\u00e4fte von KMU auf.\",\"publisher\":{\"@id\":\"https:\\\/\\\/www.organisator.ch\\\/#organization\"},\"potentialAction\":[{\"@type\":\"SearchAction\",\"target\":{\"@type\":\"EntryPoint\",\"urlTemplate\":\"https:\\\/\\\/www.organisator.ch\\\/?s={search_term_string}\"},\"query-input\":{\"@type\":\"PropertyValueSpecification\",\"valueRequired\":true,\"valueName\":\"search_term_string\"}}],\"inLanguage\":\"fr-FR\"},{\"@type\":\"Organization\",\"@id\":\"https:\\\/\\\/www.organisator.ch\\\/#organization\",\"name\":\"Organisator\",\"url\":\"https:\\\/\\\/www.organisator.ch\\\/\",\"logo\":{\"@type\":\"ImageObject\",\"inLanguage\":\"fr-FR\",\"@id\":\"https:\\\/\\\/www.organisator.ch\\\/#\\\/schema\\\/logo\\\/image\\\/\",\"url\":\"https:\\\/\\\/www.organisator.ch\\\/wp-content\\\/uploads\\\/2022\\\/01\\\/Logo_Organisator_Website.png\",\"contentUrl\":\"https:\\\/\\\/www.organisator.ch\\\/wp-content\\\/uploads\\\/2022\\\/01\\\/Logo_Organisator_Website.png\",\"width\":800,\"height\":77,\"caption\":\"Organisator\"},\"image\":{\"@id\":\"https:\\\/\\\/www.organisator.ch\\\/#\\\/schema\\\/logo\\\/image\\\/\"},\"sameAs\":[\"https:\\\/\\\/www.facebook.com\\\/OrganisatorFachmagazin\",\"https:\\\/\\\/www.linkedin.com\\\/showcase\\\/organisator-das-magazin-fr-kmu\",\"https:\\\/\\\/www.xing.com\\\/news\\\/pages\\\/organisator-ch-695\",\"https:\\\/\\\/www.youtube.com\\\/channel\\\/UCGP2Sq0iWaZwT3BdIAQFYpw\"]},{\"@type\":\"Person\",\"@id\":\"https:\\\/\\\/www.organisator.ch\\\/#\\\/schema\\\/person\\\/aa2bace6c5c5aad60102004a50c4eb1c\",\"name\":\"admin\",\"image\":{\"@type\":\"ImageObject\",\"inLanguage\":\"fr-FR\",\"@id\":\"https:\\\/\\\/secure.gravatar.com\\\/avatar\\\/ae2f4d718e6c49043e314ce431e7e645d646302a24a5ef5a8bc8e3f5a032e319?s=96&d=mm&r=g\",\"url\":\"https:\\\/\\\/secure.gravatar.com\\\/avatar\\\/ae2f4d718e6c49043e314ce431e7e645d646302a24a5ef5a8bc8e3f5a032e319?s=96&d=mm&r=g\",\"contentUrl\":\"https:\\\/\\\/secure.gravatar.com\\\/avatar\\\/ae2f4d718e6c49043e314ce431e7e645d646302a24a5ef5a8bc8e3f5a032e319?s=96&d=mm&r=g\",\"caption\":\"admin\"},\"sameAs\":[\"https:\\\/\\\/www.organisator.ch\"],\"url\":\"https:\\\/\\\/www.organisator.ch\\\/fr\\\/author\\\/admin\\\/\"}]}<\/script>\n<!-- \/ Yoast SEO plugin. -->","yoast_head_json":{"title":"Nous recherchons un candidat : Collectionneur de m\u00e9taux de l'ann\u00e9e - Organisateur","description":"Le Prix du recyclage des m\u00e9taux d\u00e9signe les trois meilleurs collecteurs de m\u00e9taux de Suisse et entend ainsi promouvoir un comportement respectueux de l'environnement dans le traitement des emballages m\u00e9talliques.","robots":{"index":"index","follow":"follow","max-snippet":"max-snippet:-1","max-image-preview":"max-image-preview:large","max-video-preview":"max-video-preview:-1"},"canonical":"https:\/\/www.organisator.ch\/fr\/sustainability\/2017-03-07\/gesucht-metallsammler-des-jahres\/","og_locale":"fr_FR","og_type":"article","og_title":"Gesucht: Metallsammler des Jahres - Organisator","og_description":"Der Prix-Metallrecycling k\u00fcrt die drei besten Metallsammler der Schweiz und will damit umweltgerechtes Verhalten im Umgang mit Metallverpackungen f\u00f6rdern.","og_url":"https:\/\/www.organisator.ch\/fr\/sustainability\/2017-03-07\/gesucht-metallsammler-des-jahres\/","og_site_name":"Organisator","article_publisher":"https:\/\/www.facebook.com\/OrganisatorFachmagazin","article_published_time":"2017-03-07T08:43:25+00:00","article_modified_time":"2022-02-09T10:05:38+00:00","og_image":[{"width":2560,"height":1707,"url":"https:\/\/www.organisator.ch\/wp-content\/uploads\/2017\/03\/tueftelwerk_luzern-scaled.jpg","type":"image\/jpeg"}],"author":"admin","twitter_card":"summary_large_image","schema":{"@context":"https:\/\/schema.org","@graph":[{"@type":"Article","@id":"https:\/\/www.organisator.ch\/sustainability\/2017-03-07\/gesucht-metallsammler-des-jahres\/#article","isPartOf":{"@id":"https:\/\/www.organisator.ch\/sustainability\/2017-03-07\/gesucht-metallsammler-des-jahres\/"},"author":{"name":"admin","@id":"https:\/\/www.organisator.ch\/#\/schema\/person\/aa2bace6c5c5aad60102004a50c4eb1c"},"headline":"Gesucht: Metallsammler des Jahres","datePublished":"2017-03-07T08:43:25+00:00","dateModified":"2022-02-09T10:05:38+00:00","mainEntityOfPage":{"@id":"https:\/\/www.organisator.ch\/sustainability\/2017-03-07\/gesucht-metallsammler-des-jahres\/"},"wordCount":382,"commentCount":0,"publisher":{"@id":"https:\/\/www.organisator.ch\/#organization"},"image":{"@id":"https:\/\/www.organisator.ch\/sustainability\/2017-03-07\/gesucht-metallsammler-des-jahres\/#primaryimage"},"thumbnailUrl":"https:\/\/www.organisator.ch\/wp-content\/uploads\/2017\/03\/tueftelwerk_luzern-scaled.jpg","keywords":["Ferro Recycling","Igora","Metallrecyling","Recycling"],"articleSection":["SUSTAINABILITY"],"inLanguage":"fr-FR"},{"@type":"WebPage","@id":"https:\/\/www.organisator.ch\/sustainability\/2017-03-07\/gesucht-metallsammler-des-jahres\/","url":"https:\/\/www.organisator.ch\/sustainability\/2017-03-07\/gesucht-metallsammler-des-jahres\/","name":"Nous recherchons un candidat : Collectionneur de m\u00e9taux de l'ann\u00e9e - Organisateur","isPartOf":{"@id":"https:\/\/www.organisator.ch\/#website"},"primaryImageOfPage":{"@id":"https:\/\/www.organisator.ch\/sustainability\/2017-03-07\/gesucht-metallsammler-des-jahres\/#primaryimage"},"image":{"@id":"https:\/\/www.organisator.ch\/sustainability\/2017-03-07\/gesucht-metallsammler-des-jahres\/#primaryimage"},"thumbnailUrl":"https:\/\/www.organisator.ch\/wp-content\/uploads\/2017\/03\/tueftelwerk_luzern-scaled.jpg","datePublished":"2017-03-07T08:43:25+00:00","dateModified":"2022-02-09T10:05:38+00:00","description":"Le Prix du recyclage des m\u00e9taux d\u00e9signe les trois meilleurs collecteurs de m\u00e9taux de Suisse et entend ainsi promouvoir un comportement respectueux de l'environnement dans le traitement des emballages m\u00e9talliques.","breadcrumb":{"@id":"https:\/\/www.organisator.ch\/sustainability\/2017-03-07\/gesucht-metallsammler-des-jahres\/#breadcrumb"},"inLanguage":"fr-FR","potentialAction":[{"@type":"ReadAction","target":["https:\/\/www.organisator.ch\/sustainability\/2017-03-07\/gesucht-metallsammler-des-jahres\/"]}]},{"@type":"ImageObject","inLanguage":"fr-FR","@id":"https:\/\/www.organisator.ch\/sustainability\/2017-03-07\/gesucht-metallsammler-des-jahres\/#primaryimage","url":"https:\/\/www.organisator.ch\/wp-content\/uploads\/2017\/03\/tueftelwerk_luzern-scaled.jpg","contentUrl":"https:\/\/www.organisator.ch\/wp-content\/uploads\/2017\/03\/tueftelwerk_luzern-scaled.jpg","width":2560,"height":1707,"caption":"Die Universalwerkstadt \"Tueftelwerk\" in Luzern gewann den Prix Metal Recycling 2016. In der Werkstatt lernen Kinder, aus alten Metallverpackungen kreative Handwerkskunst zu schaffen. (Bild: PHOTOPRESS\/Urs Flueeler)"},{"@type":"BreadcrumbList","@id":"https:\/\/www.organisator.ch\/sustainability\/2017-03-07\/gesucht-metallsammler-des-jahres\/#breadcrumb","itemListElement":[{"@type":"ListItem","position":1,"name":"Home","item":"https:\/\/www.organisator.ch\/"},{"@type":"ListItem","position":2,"name":"Gesucht: Metallsammler des Jahres"}]},{"@type":"WebSite","@id":"https:\/\/www.organisator.ch\/#website","url":"https:\/\/www.organisator.ch\/","name":"Organisateur","description":"Comp\u00e9tence et comp\u00e9tence. Proches de la pratique. L'ORGANISATEUR pr\u00e9pare 10 num\u00e9ros par an sur les th\u00e8mes essentiels pour les dirigeants de PME.","publisher":{"@id":"https:\/\/www.organisator.ch\/#organization"},"potentialAction":[{"@type":"SearchAction","target":{"@type":"EntryPoint","urlTemplate":"https:\/\/www.organisator.ch\/?s={search_term_string}"},"query-input":{"@type":"PropertyValueSpecification","valueRequired":true,"valueName":"search_term_string"}}],"inLanguage":"fr-FR"},{"@type":"Organization","@id":"https:\/\/www.organisator.ch\/#organization","name":"Organisateur","url":"https:\/\/www.organisator.ch\/","logo":{"@type":"ImageObject","inLanguage":"fr-FR","@id":"https:\/\/www.organisator.ch\/#\/schema\/logo\/image\/","url":"https:\/\/www.organisator.ch\/wp-content\/uploads\/2022\/01\/Logo_Organisator_Website.png","contentUrl":"https:\/\/www.organisator.ch\/wp-content\/uploads\/2022\/01\/Logo_Organisator_Website.png","width":800,"height":77,"caption":"Organisator"},"image":{"@id":"https:\/\/www.organisator.ch\/#\/schema\/logo\/image\/"},"sameAs":["https:\/\/www.facebook.com\/OrganisatorFachmagazin","https:\/\/www.linkedin.com\/showcase\/organisator-das-magazin-fr-kmu","https:\/\/www.xing.com\/news\/pages\/organisator-ch-695","https:\/\/www.youtube.com\/channel\/UCGP2Sq0iWaZwT3BdIAQFYpw"]},{"@type":"Person","@id":"https:\/\/www.organisator.ch\/#\/schema\/person\/aa2bace6c5c5aad60102004a50c4eb1c","name":"admin","image":{"@type":"ImageObject","inLanguage":"fr-FR","@id":"https:\/\/secure.gravatar.com\/avatar\/ae2f4d718e6c49043e314ce431e7e645d646302a24a5ef5a8bc8e3f5a032e319?s=96&d=mm&r=g","url":"https:\/\/secure.gravatar.com\/avatar\/ae2f4d718e6c49043e314ce431e7e645d646302a24a5ef5a8bc8e3f5a032e319?s=96&d=mm&r=g","contentUrl":"https:\/\/secure.gravatar.com\/avatar\/ae2f4d718e6c49043e314ce431e7e645d646302a24a5ef5a8bc8e3f5a032e319?s=96&d=mm&r=g","caption":"admin"},"sameAs":["https:\/\/www.organisator.ch"],"url":"https:\/\/www.organisator.ch\/fr\/author\/admin\/"}]}},"_links":{"self":[{"href":"https:\/\/www.organisator.ch\/fr\/wp-json\/wp\/v2\/posts\/859","targetHints":{"allow":["GET"]}}],"collection":[{"href":"https:\/\/www.organisator.ch\/fr\/wp-json\/wp\/v2\/posts"}],"about":[{"href":"https:\/\/www.organisator.ch\/fr\/wp-json\/wp\/v2\/types\/post"}],"author":[{"embeddable":true,"href":"https:\/\/www.organisator.ch\/fr\/wp-json\/wp\/v2\/users\/1"}],"replies":[{"embeddable":true,"href":"https:\/\/www.organisator.ch\/fr\/wp-json\/wp\/v2\/comments?post=859"}],"version-history":[{"count":1,"href":"https:\/\/www.organisator.ch\/fr\/wp-json\/wp\/v2\/posts\/859\/revisions"}],"predecessor-version":[{"id":10431,"href":"https:\/\/www.organisator.ch\/fr\/wp-json\/wp\/v2\/posts\/859\/revisions\/10431"}],"wp:featuredmedia":[{"embeddable":true,"href":"https:\/\/www.organisator.ch\/fr\/wp-json\/wp\/v2\/media\/860"}],"wp:attachment":[{"href":"https:\/\/www.organisator.ch\/fr\/wp-json\/wp\/v2\/media?parent=859"}],"wp:term":[{"taxonomy":"category","embeddable":true,"href":"https:\/\/www.organisator.ch\/fr\/wp-json\/wp\/v2\/categories?post=859"},{"taxonomy":"post_tag","embeddable":true,"href":"https:\/\/www.organisator.ch\/fr\/wp-json\/wp\/v2\/tags?post=859"}],"curies":[{"name":"wp","href":"https:\/\/api.w.org\/{rel}","templated":true}]}}